{"id":26814,"date":"2019-12-12T18:48:55","date_gmt":"2019-12-12T16:48:55","guid":{"rendered":"https:\/\/www.laguiadepamplona.es\/actualidad\/?p=26814"},"modified":"2019-12-12T18:49:21","modified_gmt":"2019-12-12T16:49:21","slug":"las-tres-ideas-seleccionadas-para-la-transformacion-del-paseo-de-sarasate-se-presentaran-manana-al-publico-en-un-encuentro-con-los-autores-organizado-en-condestable","status":"publish","type":"post","link":"https:\/\/www.laguiadepamplona.com\/actualidad\/las-tres-ideas-seleccionadas-para-la-transformacion-del-paseo-de-sarasate-se-presentaran-manana-al-publico-en-un-encuentro-con-los-autores-organizado-en-condestable\/","title":{"rendered":"Las tres ideas seleccionadas para la transformaci\u00f3n del paseo de Sarasate se presentar\u00e1n ma\u00f1ana al p\u00fablico en un encuentro con los autores organizado en Condestable"},"content":{"rendered":"<h5>La cita ser\u00e1 a las 18 horas y forma parte del proceso de participaci\u00f3n abierto para que la ciudadan\u00eda haga aportaciones a las propuestas elegidas<\/h5>\n<p><!--more--><\/p>\n<p>Civivox Condestable acoger\u00e1 ma\u00f1ana viernes un encuentro con los autores de los tres proyectos seleccionados en el concurso de ideas para la transformaci\u00f3n del paseo Sarasate. La jornada, que tendr\u00e1 lugar de 18 a 21 horas en el sal\u00f3n de actos, permitir\u00e1 a la ciudadan\u00eda conocer en detalle los proyectos. Cada equipo redactor dispondr\u00e1 de media hora para presentar su idea. Despu\u00e9s se abrir\u00e1 un debate en el que el p\u00fablico podr\u00e1 plantear dudas y sugerencias. El encuentro supondr\u00e1 tambi\u00e9n la clausura la exposici\u00f3n de las propuestas, que ha estado abierta desde el d\u00eda 2 de diciembre en estas dependencias municipales.<\/p>\n<p>Esta iniciativa forma parte del proceso de participaci\u00f3n abierto en torno al concurso de ideas. Las personas interesadas, adem\u00e1s de acudir a la cita, pueden remitir sus aportaciones al Consistorio a trav\u00e9s de las urnas colocadas en Condestable o enviando un correo electr\u00f3nico a la direcci\u00f3n: <a href=\"mailto:proyectos@pamplona.es\">proyectos@pamplona.es<\/a>. Est\u00e1 previsto que todo este proceso participativo se recoja en un documento resumen.<\/p>\n<p>Fue el pasado 28 de noviembre cuando el concejal delegado de Proyectos Estrat\u00e9gicos, Movilidad y Sostenibilidad, Ferm\u00edn Alonso, dio a conocer el fallo del jurado de este concurso de ideas. Las propuestas seleccionadas fueron tres: \u2018Zapateando\u2019, un proyecto del equipo pamplon\u00e9s dirigido por Ram\u00f3n Garitano y compuesto Sim\u00f3n Garitano, \u00c1lvaro Sesma, Eos Ingenier\u00eda, S.L. y Jos\u00e9 Carlos Irurzun; \u2018Zip!!\u2019, presentada por el equipo barcelon\u00e9s dirigido por Luis Beri\u00e1in y compuesto por Conchita Ruiz, Aritz S\u00e1ez y Gerard Yubero; y <strong>\u2018<\/strong>Un paseo con tres plazas\u2019 del estudio madrile\u00f1o de Ulargui y Asociados Arquitectos S.L.P.<\/p>\n<p><script async src=\"\/\/pagead2.googlesyndication.com\/pagead\/js\/adsbygoogle.js\"><\/script><br \/>\n<!-- Noticias La Guia de Pamplona --><br \/>\n<ins class=\"adsbygoogle\"\nstyle=\"display:block\"\ndata-ad-client=\"ca-pub-6943679897239327\"\ndata-ad-slot=\"7048180777\"\ndata-ad-format=\"auto\"><\/ins><br \/>\n<script>\n(adsbygoogle = window.adsbygoogle || []).push({});\n<\/script><\/p>\n<p><strong>Peatonalizaci\u00f3n y reordenaci\u00f3n del tr\u00e1fico<\/strong><\/p>\n<p>Los tres proyectos proponen la peatonalizaci\u00f3n del espacio, el traslado del tr\u00e1fico a la parte m\u00e1s cercana al Ensanche y la revalorizaci\u00f3n del Monumento a los Fueros. No obstante, cada uno hace distintas aportaciones de dise\u00f1o y plantea diferentes soluciones y propuestas urban\u00edsticas.<\/p>\n<p>As\u00ed, por ejemplo, \u2018Zapateando\u2019 propone mantener el paseo central peatonalizando el lado m\u00e1s cercano al Casco Antiguo y las calles San Ignacio y Fern\u00e1ndez Arena. Proyecta unas gradas que se ensanchan en la zona de San Nicol\u00e1s generando una plazoleta y apuesta por un dise\u00f1o diferente para el entorno del Monumento a los Fueros, donde se construir\u00eda una plataforma horizontal con gradas. Uno de los elementos m\u00e1s llamativos es la creaci\u00f3n de un estanque en la parte m\u00e1s cercana al Parlamento con un vaso elevado de 40 cm con l\u00e1mina de agua enrasada en los bordes.<\/p>\n<p>Por su parte, la propuesta \u2018Zip!!\u2019 se basa en la peatonalizaci\u00f3n del paseo dando prioridad al peat\u00f3n en todo el \u00e1mbito y con una urbanizaci\u00f3n al mismo nivel, con el aumento del arbolado y revalorizando el simbolismo hist\u00f3rico-institucional del eje Palacio de Navarra-Monumento a los Fueros y Parlamento de Navarra. La circulaci\u00f3n de veh\u00edculos estar\u00eda restringida como en el Caso Antiguo.<\/p>\n<p>Por \u00faltimo, <strong>\u2018<\/strong>Un paseo con tres plazas\u2019 propone la creaci\u00f3n de tres plazas, delimitadas principalmente por el dise\u00f1o del pavimento: una alrededor del Monumento de los Fueros para potenciar la estatua eliminando los elementos que la rodean, otra junto a la iglesia de San Nicol\u00e1s que se convertir\u00eda en puerta de acceso al Casco Antiguo y una tercera en la entrada al Parlamento que conllevar\u00eda un nuevo trazado del viario rodado de la calle Navas de Tolosa que permitir\u00eda aumentar el tama\u00f1o de la acera.<\/p>\n<p><script async src=\"\/\/pagead2.googlesyndication.com\/pagead\/js\/adsbygoogle.js\"><\/script><br \/>\n<!-- Noticias La Guia de Pamplona --><br \/>\n<ins class=\"adsbygoogle\"\nstyle=\"display:block\"\ndata-ad-client=\"ca-pub-6943679897239327\"\ndata-ad-slot=\"7048180777\"\ndata-ad-format=\"auto\"><\/ins><br \/>\n<script>\n(adsbygoogle = window.adsbygoogle || []).push({});\n<\/script><\/p>\n<p><strong>16 propuestas<\/strong><\/p>\n<p>Al concurso de ideas convocado por el Ayuntamiento se presentaron un total de 16 propuestas. Entre todas ellas, el jurado eligi\u00f3 estas tres teniendo en cuenta el aprovechamiento ciudadano, las relaciones con su entorno y la calidad ambiental, adem\u00e1s de las necesidades de movilidad y el encaje de la estatua de los Fueros.<\/p>\n<p>La siguiente fase de este proceso es convertir en proyecto b\u00e1sico las tres propuestas seleccionadas. Los equipos redactores podr\u00e1n realizar adaptaciones o mejoras si lo creen conveniente teniendo en cuenta las aportaciones de la participaci\u00f3n ciudadana o del jurado, pero deber\u00e1n mantener sus caracter\u00edsticas esenciales. A la finalizaci\u00f3n de esta fase se abonar\u00e1 el premio de 10.000 euros por proyecto con el que est\u00e1 dotado el concurso.<\/p>\n","protected":false},"excerpt":{"rendered":"<p>La cita ser\u00e1 a las 18 horas y forma parte del proceso de participaci\u00f3n abierto para que la ciudadan\u00eda haga aportaciones a las propuestas elegidas<\/p>\n","protected":false},"author":1,"featured_media":26629,"comment_status":"open","ping_status":"closed","sticky":false,"template":"","format":"standard","meta":{"footnotes":""},"categories":[2],"tags":[],"class_list":["post-26814","post","type-post","status-publish","format-standard","has-post-thumbnail","hentry","category-ayuntamiento-pamplona"],"yoast_head":"<!-- This site is optimized with the Yoast SEO plugin v27.5 - https:\/\/yoast.com\/product\/yoast-seo-wordpress\/ -->\n<title>Las tres ideas seleccionadas para la transformaci\u00f3n del paseo de Sarasate se presentar\u00e1n ma\u00f1ana al p\u00fablico en un encuentro con los autores organizado en Condestable<\/title>\n<meta name=\"robots\" content=\"index, follow, max-snippet:-1, max-image-preview:large, max-video-preview:-1\" \/>\n<link rel=\"canonical\" href=\"https:\/\/www.laguiadepamplona.com\/actualidad\/las-tres-ideas-seleccionadas-para-la-transformacion-del-paseo-de-sarasate-se-presentaran-manana-al-publico-en-un-encuentro-con-los-autores-organizado-en-condestable\/\" \/>\n<meta property=\"og:locale\" content=\"es_ES\" \/>\n<meta property=\"og:type\" content=\"article\" \/>\n<meta property=\"og:title\" content=\"Las tres ideas seleccionadas para la transformaci\u00f3n del paseo de Sarasate se presentar\u00e1n ma\u00f1ana al p\u00fablico en un encuentro con los autores organizado en Condestable\" \/>\n<meta property=\"og:description\" content=\"La cita ser\u00e1 a las 18 horas y forma parte del proceso de participaci\u00f3n abierto para que la ciudadan\u00eda haga aportaciones a las propuestas elegidas\" \/>\n<meta property=\"og:url\" content=\"https:\/\/www.laguiadepamplona.com\/actualidad\/las-tres-ideas-seleccionadas-para-la-transformacion-del-paseo-de-sarasate-se-presentaran-manana-al-publico-en-un-encuentro-con-los-autores-organizado-en-condestable\/\" \/>\n<meta property=\"og:site_name\" content=\"La Gu\u00eda de Pamplona\" \/>\n<meta property=\"article:publisher\" content=\"https:\/\/www.facebook.com\/laguiadepamplonacom-133175176762273\/?ref=hl\" \/>\n<meta property=\"article:published_time\" content=\"2019-12-12T16:48:55+00:00\" \/>\n<meta property=\"article:modified_time\" content=\"2019-12-12T16:49:21+00:00\" \/>\n<meta property=\"og:image\" content=\"https:\/\/www.laguiadepamplona.com\/actualidad\/wp-content\/uploads\/2019\/11\/19.11.28_presentaci\u00f3n_sarasate_concurso_ideas-1.jpg\" \/>\n\t<meta property=\"og:image:width\" content=\"1920\" \/>\n\t<meta property=\"og:image:height\" content=\"1080\" \/>\n\t<meta property=\"og:image:type\" content=\"image\/jpeg\" \/>\n<meta name=\"author\" content=\"La Gu\u00eda de Pamplona\" \/>\n<meta name=\"twitter:card\" content=\"summary_large_image\" \/>\n<meta name=\"twitter:creator\" content=\"@LaGuiadPamplona\" \/>\n<meta name=\"twitter:site\" content=\"@LaGuiadPamplona\" \/>\n<meta name=\"twitter:label1\" content=\"Escrito por\" \/>\n\t<meta name=\"twitter:data1\" content=\"La Gu\u00eda de Pamplona\" \/>\n\t<meta name=\"twitter:label2\" content=\"Tiempo de lectura\" \/>\n\t<meta name=\"twitter:data2\" content=\"4 minutos\" \/>\n<script type=\"application\/ld+json\" class=\"yoast-schema-graph\">{\"@context\":\"https:\\\/\\\/schema.org\",\"@graph\":[{\"@type\":\"Article\",\"@id\":\"https:\\\/\\\/www.laguiadepamplona.com\\\/actualidad\\\/las-tres-ideas-seleccionadas-para-la-transformacion-del-paseo-de-sarasate-se-presentaran-manana-al-publico-en-un-encuentro-con-los-autores-organizado-en-condestable\\\/#article\",\"isPartOf\":{\"@id\":\"https:\\\/\\\/www.laguiadepamplona.com\\\/actualidad\\\/las-tres-ideas-seleccionadas-para-la-transformacion-del-paseo-de-sarasate-se-presentaran-manana-al-publico-en-un-encuentro-con-los-autores-organizado-en-condestable\\\/\"},\"author\":{\"name\":\"La Gu\u00eda de Pamplona\",\"@id\":\"https:\\\/\\\/www.laguiadepamplona.com\\\/actualidad\\\/#\\\/schema\\\/person\\\/efe887376f0213d4657c93adc50b1fdb\"},\"headline\":\"Las tres ideas seleccionadas para la transformaci\u00f3n del paseo de Sarasate se presentar\u00e1n ma\u00f1ana al p\u00fablico en un encuentro con los autores organizado en Condestable\",\"datePublished\":\"2019-12-12T16:48:55+00:00\",\"dateModified\":\"2019-12-12T16:49:21+00:00\",\"mainEntityOfPage\":{\"@id\":\"https:\\\/\\\/www.laguiadepamplona.com\\\/actualidad\\\/las-tres-ideas-seleccionadas-para-la-transformacion-del-paseo-de-sarasate-se-presentaran-manana-al-publico-en-un-encuentro-con-los-autores-organizado-en-condestable\\\/\"},\"wordCount\":781,\"commentCount\":0,\"publisher\":{\"@id\":\"https:\\\/\\\/www.laguiadepamplona.com\\\/actualidad\\\/#organization\"},\"image\":{\"@id\":\"https:\\\/\\\/www.laguiadepamplona.com\\\/actualidad\\\/las-tres-ideas-seleccionadas-para-la-transformacion-del-paseo-de-sarasate-se-presentaran-manana-al-publico-en-un-encuentro-con-los-autores-organizado-en-condestable\\\/#primaryimage\"},\"thumbnailUrl\":\"https:\\\/\\\/www.laguiadepamplona.com\\\/actualidad\\\/wp-content\\\/uploads\\\/2019\\\/11\\\/19.11.28_presentaci\u00f3n_sarasate_concurso_ideas-1.jpg\",\"articleSection\":[\"Ayto Pamplona\"],\"inLanguage\":\"es\",\"potentialAction\":[{\"@type\":\"CommentAction\",\"name\":\"Comment\",\"target\":[\"https:\\\/\\\/www.laguiadepamplona.com\\\/actualidad\\\/las-tres-ideas-seleccionadas-para-la-transformacion-del-paseo-de-sarasate-se-presentaran-manana-al-publico-en-un-encuentro-con-los-autores-organizado-en-condestable\\\/#respond\"]}]},{\"@type\":\"WebPage\",\"@id\":\"https:\\\/\\\/www.laguiadepamplona.com\\\/actualidad\\\/las-tres-ideas-seleccionadas-para-la-transformacion-del-paseo-de-sarasate-se-presentaran-manana-al-publico-en-un-encuentro-con-los-autores-organizado-en-condestable\\\/\",\"url\":\"https:\\\/\\\/www.laguiadepamplona.com\\\/actualidad\\\/las-tres-ideas-seleccionadas-para-la-transformacion-del-paseo-de-sarasate-se-presentaran-manana-al-publico-en-un-encuentro-con-los-autores-organizado-en-condestable\\\/\",\"name\":\"Las tres ideas seleccionadas para la transformaci\u00f3n del paseo de Sarasate se presentar\u00e1n ma\u00f1ana al p\u00fablico en un encuentro con los autores organizado en Condestable\",\"isPartOf\":{\"@id\":\"https:\\\/\\\/www.laguiadepamplona.com\\\/actualidad\\\/#website\"},\"primaryImageOfPage\":{\"@id\":\"https:\\\/\\\/www.laguiadepamplona.com\\\/actualidad\\\/las-tres-ideas-seleccionadas-para-la-transformacion-del-paseo-de-sarasate-se-presentaran-manana-al-publico-en-un-encuentro-con-los-autores-organizado-en-condestable\\\/#primaryimage\"},\"image\":{\"@id\":\"https:\\\/\\\/www.laguiadepamplona.com\\\/actualidad\\\/las-tres-ideas-seleccionadas-para-la-transformacion-del-paseo-de-sarasate-se-presentaran-manana-al-publico-en-un-encuentro-con-los-autores-organizado-en-condestable\\\/#primaryimage\"},\"thumbnailUrl\":\"https:\\\/\\\/www.laguiadepamplona.com\\\/actualidad\\\/wp-content\\\/uploads\\\/2019\\\/11\\\/19.11.28_presentaci\u00f3n_sarasate_concurso_ideas-1.jpg\",\"datePublished\":\"2019-12-12T16:48:55+00:00\",\"dateModified\":\"2019-12-12T16:49:21+00:00\",\"breadcrumb\":{\"@id\":\"https:\\\/\\\/www.laguiadepamplona.com\\\/actualidad\\\/las-tres-ideas-seleccionadas-para-la-transformacion-del-paseo-de-sarasate-se-presentaran-manana-al-publico-en-un-encuentro-con-los-autores-organizado-en-condestable\\\/#breadcrumb\"},\"inLanguage\":\"es\",\"potentialAction\":[{\"@type\":\"ReadAction\",\"target\":[\"https:\\\/\\\/www.laguiadepamplona.com\\\/actualidad\\\/las-tres-ideas-seleccionadas-para-la-transformacion-del-paseo-de-sarasate-se-presentaran-manana-al-publico-en-un-encuentro-con-los-autores-organizado-en-condestable\\\/\"]}]},{\"@type\":\"ImageObject\",\"inLanguage\":\"es\",\"@id\":\"https:\\\/\\\/www.laguiadepamplona.com\\\/actualidad\\\/las-tres-ideas-seleccionadas-para-la-transformacion-del-paseo-de-sarasate-se-presentaran-manana-al-publico-en-un-encuentro-con-los-autores-organizado-en-condestable\\\/#primaryimage\",\"url\":\"https:\\\/\\\/www.laguiadepamplona.com\\\/actualidad\\\/wp-content\\\/uploads\\\/2019\\\/11\\\/19.11.28_presentaci\u00f3n_sarasate_concurso_ideas-1.jpg\",\"contentUrl\":\"https:\\\/\\\/www.laguiadepamplona.com\\\/actualidad\\\/wp-content\\\/uploads\\\/2019\\\/11\\\/19.11.28_presentaci\u00f3n_sarasate_concurso_ideas-1.jpg\",\"width\":1920,\"height\":1080},{\"@type\":\"BreadcrumbList\",\"@id\":\"https:\\\/\\\/www.laguiadepamplona.com\\\/actualidad\\\/las-tres-ideas-seleccionadas-para-la-transformacion-del-paseo-de-sarasate-se-presentaran-manana-al-publico-en-un-encuentro-con-los-autores-organizado-en-condestable\\\/#breadcrumb\",\"itemListElement\":[{\"@type\":\"ListItem\",\"position\":1,\"name\":\"Portada\",\"item\":\"https:\\\/\\\/www.laguiadepamplona.com\\\/actualidad\\\/\"},{\"@type\":\"ListItem\",\"position\":2,\"name\":\"Las tres ideas seleccionadas para la transformaci\u00f3n del paseo de Sarasate se presentar\u00e1n ma\u00f1ana al p\u00fablico en un encuentro con los autores organizado en Condestable\"}]},{\"@type\":\"WebSite\",\"@id\":\"https:\\\/\\\/www.laguiadepamplona.com\\\/actualidad\\\/#website\",\"url\":\"https:\\\/\\\/www.laguiadepamplona.com\\\/actualidad\\\/\",\"name\":\"La gu\u00eda de Pamplona\",\"description\":\"Noticias de Pamplona\",\"publisher\":{\"@id\":\"https:\\\/\\\/www.laguiadepamplona.com\\\/actualidad\\\/#organization\"},\"potentialAction\":[{\"@type\":\"SearchAction\",\"target\":{\"@type\":\"EntryPoint\",\"urlTemplate\":\"https:\\\/\\\/www.laguiadepamplona.com\\\/actualidad\\\/?s={search_term_string}\"},\"query-input\":{\"@type\":\"PropertyValueSpecification\",\"valueRequired\":true,\"valueName\":\"search_term_string\"}}],\"inLanguage\":\"es\"},{\"@type\":\"Organization\",\"@id\":\"https:\\\/\\\/www.laguiadepamplona.com\\\/actualidad\\\/#organization\",\"name\":\"La Gu\u00eda de Pamplona \\\/ Noticias\",\"url\":\"https:\\\/\\\/www.laguiadepamplona.com\\\/actualidad\\\/\",\"logo\":{\"@type\":\"ImageObject\",\"inLanguage\":\"es\",\"@id\":\"https:\\\/\\\/www.laguiadepamplona.com\\\/actualidad\\\/#\\\/schema\\\/logo\\\/image\\\/\",\"url\":\"https:\\\/\\\/www.laguiadepamplona.com\\\/actualidad\\\/wp-content\\\/uploads\\\/2018\\\/11\\\/logo-laguiadepamplona18-web1.png\",\"contentUrl\":\"https:\\\/\\\/www.laguiadepamplona.com\\\/actualidad\\\/wp-content\\\/uploads\\\/2018\\\/11\\\/logo-laguiadepamplona18-web1.png\",\"width\":600,\"height\":196,\"caption\":\"La Gu\u00eda de Pamplona \\\/ Noticias\"},\"image\":{\"@id\":\"https:\\\/\\\/www.laguiadepamplona.com\\\/actualidad\\\/#\\\/schema\\\/logo\\\/image\\\/\"},\"sameAs\":[\"https:\\\/\\\/www.facebook.com\\\/laguiadepamplonacom-133175176762273\\\/?ref=hl\",\"https:\\\/\\\/x.com\\\/LaGuiadPamplona\",\"https:\\\/\\\/www.instagram.com\\\/la_guia_de_pamplona\\\/\",\"https:\\\/\\\/www.youtube.com\\\/user\\\/laguiadepamplona\"]},{\"@type\":\"Person\",\"@id\":\"https:\\\/\\\/www.laguiadepamplona.com\\\/actualidad\\\/#\\\/schema\\\/person\\\/efe887376f0213d4657c93adc50b1fdb\",\"name\":\"La Gu\u00eda de Pamplona\",\"image\":{\"@type\":\"ImageObject\",\"inLanguage\":\"es\",\"@id\":\"https:\\\/\\\/secure.gravatar.com\\\/avatar\\\/b6992f131dc8d30ab0dff15446e9d346d9dbd95992de0fef795073f5ea83a81c?s=96&d=mm&r=g\",\"url\":\"https:\\\/\\\/secure.gravatar.com\\\/avatar\\\/b6992f131dc8d30ab0dff15446e9d346d9dbd95992de0fef795073f5ea83a81c?s=96&d=mm&r=g\",\"contentUrl\":\"https:\\\/\\\/secure.gravatar.com\\\/avatar\\\/b6992f131dc8d30ab0dff15446e9d346d9dbd95992de0fef795073f5ea83a81c?s=96&d=mm&r=g\",\"caption\":\"La Gu\u00eda de Pamplona\"}}]}<\/script>\n<!-- \/ Yoast SEO plugin. -->","yoast_head_json":{"title":"Las tres ideas seleccionadas para la transformaci\u00f3n del paseo de Sarasate se presentar\u00e1n ma\u00f1ana al p\u00fablico en un encuentro con los autores organizado en Condestable","robots":{"index":"index","follow":"follow","max-snippet":"max-snippet:-1","max-image-preview":"max-image-preview:large","max-video-preview":"max-video-preview:-1"},"canonical":"https:\/\/www.laguiadepamplona.com\/actualidad\/las-tres-ideas-seleccionadas-para-la-transformacion-del-paseo-de-sarasate-se-presentaran-manana-al-publico-en-un-encuentro-con-los-autores-organizado-en-condestable\/","og_locale":"es_ES","og_type":"article","og_title":"Las tres ideas seleccionadas para la transformaci\u00f3n del paseo de Sarasate se presentar\u00e1n ma\u00f1ana al p\u00fablico en un encuentro con los autores organizado en Condestable","og_description":"La cita ser\u00e1 a las 18 horas y forma parte del proceso de participaci\u00f3n abierto para que la ciudadan\u00eda haga aportaciones a las propuestas elegidas","og_url":"https:\/\/www.laguiadepamplona.com\/actualidad\/las-tres-ideas-seleccionadas-para-la-transformacion-del-paseo-de-sarasate-se-presentaran-manana-al-publico-en-un-encuentro-con-los-autores-organizado-en-condestable\/","og_site_name":"La Gu\u00eda de Pamplona","article_publisher":"https:\/\/www.facebook.com\/laguiadepamplonacom-133175176762273\/?ref=hl","article_published_time":"2019-12-12T16:48:55+00:00","article_modified_time":"2019-12-12T16:49:21+00:00","og_image":[{"width":1920,"height":1080,"url":"https:\/\/www.laguiadepamplona.com\/actualidad\/wp-content\/uploads\/2019\/11\/19.11.28_presentaci\u00f3n_sarasate_concurso_ideas-1.jpg","type":"image\/jpeg"}],"author":"La Gu\u00eda de Pamplona","twitter_card":"summary_large_image","twitter_creator":"@LaGuiadPamplona","twitter_site":"@LaGuiadPamplona","twitter_misc":{"Escrito por":"La Gu\u00eda de Pamplona","Tiempo de lectura":"4 minutos"},"schema":{"@context":"https:\/\/schema.org","@graph":[{"@type":"Article","@id":"https:\/\/www.laguiadepamplona.com\/actualidad\/las-tres-ideas-seleccionadas-para-la-transformacion-del-paseo-de-sarasate-se-presentaran-manana-al-publico-en-un-encuentro-con-los-autores-organizado-en-condestable\/#article","isPartOf":{"@id":"https:\/\/www.laguiadepamplona.com\/actualidad\/las-tres-ideas-seleccionadas-para-la-transformacion-del-paseo-de-sarasate-se-presentaran-manana-al-publico-en-un-encuentro-con-los-autores-organizado-en-condestable\/"},"author":{"name":"La Gu\u00eda de Pamplona","@id":"https:\/\/www.laguiadepamplona.com\/actualidad\/#\/schema\/person\/efe887376f0213d4657c93adc50b1fdb"},"headline":"Las tres ideas seleccionadas para la transformaci\u00f3n del paseo de Sarasate se presentar\u00e1n ma\u00f1ana al p\u00fablico en un encuentro con los autores organizado en Condestable","datePublished":"2019-12-12T16:48:55+00:00","dateModified":"2019-12-12T16:49:21+00:00","mainEntityOfPage":{"@id":"https:\/\/www.laguiadepamplona.com\/actualidad\/las-tres-ideas-seleccionadas-para-la-transformacion-del-paseo-de-sarasate-se-presentaran-manana-al-publico-en-un-encuentro-con-los-autores-organizado-en-condestable\/"},"wordCount":781,"commentCount":0,"publisher":{"@id":"https:\/\/www.laguiadepamplona.com\/actualidad\/#organization"},"image":{"@id":"https:\/\/www.laguiadepamplona.com\/actualidad\/las-tres-ideas-seleccionadas-para-la-transformacion-del-paseo-de-sarasate-se-presentaran-manana-al-publico-en-un-encuentro-con-los-autores-organizado-en-condestable\/#primaryimage"},"thumbnailUrl":"https:\/\/www.laguiadepamplona.com\/actualidad\/wp-content\/uploads\/2019\/11\/19.11.28_presentaci\u00f3n_sarasate_concurso_ideas-1.jpg","articleSection":["Ayto Pamplona"],"inLanguage":"es","potentialAction":[{"@type":"CommentAction","name":"Comment","target":["https:\/\/www.laguiadepamplona.com\/actualidad\/las-tres-ideas-seleccionadas-para-la-transformacion-del-paseo-de-sarasate-se-presentaran-manana-al-publico-en-un-encuentro-con-los-autores-organizado-en-condestable\/#respond"]}]},{"@type":"WebPage","@id":"https:\/\/www.laguiadepamplona.com\/actualidad\/las-tres-ideas-seleccionadas-para-la-transformacion-del-paseo-de-sarasate-se-presentaran-manana-al-publico-en-un-encuentro-con-los-autores-organizado-en-condestable\/","url":"https:\/\/www.laguiadepamplona.com\/actualidad\/las-tres-ideas-seleccionadas-para-la-transformacion-del-paseo-de-sarasate-se-presentaran-manana-al-publico-en-un-encuentro-con-los-autores-organizado-en-condestable\/","name":"Las tres ideas seleccionadas para la transformaci\u00f3n del paseo de Sarasate se presentar\u00e1n ma\u00f1ana al p\u00fablico en un encuentro con los autores organizado en Condestable","isPartOf":{"@id":"https:\/\/www.laguiadepamplona.com\/actualidad\/#website"},"primaryImageOfPage":{"@id":"https:\/\/www.laguiadepamplona.com\/actualidad\/las-tres-ideas-seleccionadas-para-la-transformacion-del-paseo-de-sarasate-se-presentaran-manana-al-publico-en-un-encuentro-con-los-autores-organizado-en-condestable\/#primaryimage"},"image":{"@id":"https:\/\/www.laguiadepamplona.com\/actualidad\/las-tres-ideas-seleccionadas-para-la-transformacion-del-paseo-de-sarasate-se-presentaran-manana-al-publico-en-un-encuentro-con-los-autores-organizado-en-condestable\/#primaryimage"},"thumbnailUrl":"https:\/\/www.laguiadepamplona.com\/actualidad\/wp-content\/uploads\/2019\/11\/19.11.28_presentaci\u00f3n_sarasate_concurso_ideas-1.jpg","datePublished":"2019-12-12T16:48:55+00:00","dateModified":"2019-12-12T16:49:21+00:00","breadcrumb":{"@id":"https:\/\/www.laguiadepamplona.com\/actualidad\/las-tres-ideas-seleccionadas-para-la-transformacion-del-paseo-de-sarasate-se-presentaran-manana-al-publico-en-un-encuentro-con-los-autores-organizado-en-condestable\/#breadcrumb"},"inLanguage":"es","potentialAction":[{"@type":"ReadAction","target":["https:\/\/www.laguiadepamplona.com\/actualidad\/las-tres-ideas-seleccionadas-para-la-transformacion-del-paseo-de-sarasate-se-presentaran-manana-al-publico-en-un-encuentro-con-los-autores-organizado-en-condestable\/"]}]},{"@type":"ImageObject","inLanguage":"es","@id":"https:\/\/www.laguiadepamplona.com\/actualidad\/las-tres-ideas-seleccionadas-para-la-transformacion-del-paseo-de-sarasate-se-presentaran-manana-al-publico-en-un-encuentro-con-los-autores-organizado-en-condestable\/#primaryimage","url":"https:\/\/www.laguiadepamplona.com\/actualidad\/wp-content\/uploads\/2019\/11\/19.11.28_presentaci\u00f3n_sarasate_concurso_ideas-1.jpg","contentUrl":"https:\/\/www.laguiadepamplona.com\/actualidad\/wp-content\/uploads\/2019\/11\/19.11.28_presentaci\u00f3n_sarasate_concurso_ideas-1.jpg","width":1920,"height":1080},{"@type":"BreadcrumbList","@id":"https:\/\/www.laguiadepamplona.com\/actualidad\/las-tres-ideas-seleccionadas-para-la-transformacion-del-paseo-de-sarasate-se-presentaran-manana-al-publico-en-un-encuentro-con-los-autores-organizado-en-condestable\/#breadcrumb","itemListElement":[{"@type":"ListItem","position":1,"name":"Portada","item":"https:\/\/www.laguiadepamplona.com\/actualidad\/"},{"@type":"ListItem","position":2,"name":"Las tres ideas seleccionadas para la transformaci\u00f3n del paseo de Sarasate se presentar\u00e1n ma\u00f1ana al p\u00fablico en un encuentro con los autores organizado en Condestable"}]},{"@type":"WebSite","@id":"https:\/\/www.laguiadepamplona.com\/actualidad\/#website","url":"https:\/\/www.laguiadepamplona.com\/actualidad\/","name":"La gu\u00eda de Pamplona","description":"Noticias de Pamplona","publisher":{"@id":"https:\/\/www.laguiadepamplona.com\/actualidad\/#organization"},"potentialAction":[{"@type":"SearchAction","target":{"@type":"EntryPoint","urlTemplate":"https:\/\/www.laguiadepamplona.com\/actualidad\/?s={search_term_string}"},"query-input":{"@type":"PropertyValueSpecification","valueRequired":true,"valueName":"search_term_string"}}],"inLanguage":"es"},{"@type":"Organization","@id":"https:\/\/www.laguiadepamplona.com\/actualidad\/#organization","name":"La Gu\u00eda de Pamplona \/ Noticias","url":"https:\/\/www.laguiadepamplona.com\/actualidad\/","logo":{"@type":"ImageObject","inLanguage":"es","@id":"https:\/\/www.laguiadepamplona.com\/actualidad\/#\/schema\/logo\/image\/","url":"https:\/\/www.laguiadepamplona.com\/actualidad\/wp-content\/uploads\/2018\/11\/logo-laguiadepamplona18-web1.png","contentUrl":"https:\/\/www.laguiadepamplona.com\/actualidad\/wp-content\/uploads\/2018\/11\/logo-laguiadepamplona18-web1.png","width":600,"height":196,"caption":"La Gu\u00eda de Pamplona \/ Noticias"},"image":{"@id":"https:\/\/www.laguiadepamplona.com\/actualidad\/#\/schema\/logo\/image\/"},"sameAs":["https:\/\/www.facebook.com\/laguiadepamplonacom-133175176762273\/?ref=hl","https:\/\/x.com\/LaGuiadPamplona","https:\/\/www.instagram.com\/la_guia_de_pamplona\/","https:\/\/www.youtube.com\/user\/laguiadepamplona"]},{"@type":"Person","@id":"https:\/\/www.laguiadepamplona.com\/actualidad\/#\/schema\/person\/efe887376f0213d4657c93adc50b1fdb","name":"La Gu\u00eda de Pamplona","image":{"@type":"ImageObject","inLanguage":"es","@id":"https:\/\/secure.gravatar.com\/avatar\/b6992f131dc8d30ab0dff15446e9d346d9dbd95992de0fef795073f5ea83a81c?s=96&d=mm&r=g","url":"https:\/\/secure.gravatar.com\/avatar\/b6992f131dc8d30ab0dff15446e9d346d9dbd95992de0fef795073f5ea83a81c?s=96&d=mm&r=g","contentUrl":"https:\/\/secure.gravatar.com\/avatar\/b6992f131dc8d30ab0dff15446e9d346d9dbd95992de0fef795073f5ea83a81c?s=96&d=mm&r=g","caption":"La Gu\u00eda de Pamplona"}}]}},"post_mailing_queue_ids":[],"_links":{"self":[{"href":"https:\/\/www.laguiadepamplona.com\/actualidad\/wp-json\/wp\/v2\/posts\/26814","targetHints":{"allow":["GET"]}}],"collection":[{"href":"https:\/\/www.laguiadepamplona.com\/actualidad\/wp-json\/wp\/v2\/posts"}],"about":[{"href":"https:\/\/www.laguiadepamplona.com\/actualidad\/wp-json\/wp\/v2\/types\/post"}],"author":[{"embeddable":true,"href":"https:\/\/www.laguiadepamplona.com\/actualidad\/wp-json\/wp\/v2\/users\/1"}],"replies":[{"embeddable":true,"href":"https:\/\/www.laguiadepamplona.com\/actualidad\/wp-json\/wp\/v2\/comments?post=26814"}],"version-history":[{"count":0,"href":"https:\/\/www.laguiadepamplona.com\/actualidad\/wp-json\/wp\/v2\/posts\/26814\/revisions"}],"wp:featuredmedia":[{"embeddable":true,"href":"https:\/\/www.laguiadepamplona.com\/actualidad\/wp-json\/wp\/v2\/media\/26629"}],"wp:attachment":[{"href":"https:\/\/www.laguiadepamplona.com\/actualidad\/wp-json\/wp\/v2\/media?parent=26814"}],"wp:term":[{"taxonomy":"category","embeddable":true,"href":"https:\/\/www.laguiadepamplona.com\/actualidad\/wp-json\/wp\/v2\/categories?post=26814"},{"taxonomy":"post_tag","embeddable":true,"href":"https:\/\/www.laguiadepamplona.com\/actualidad\/wp-json\/wp\/v2\/tags?post=26814"}],"curies":[{"name":"wp","href":"https:\/\/api.w.org\/{rel}","templated":true}]}}