{"id":26808,"date":"2019-12-12T18:45:40","date_gmt":"2019-12-12T16:45:40","guid":{"rendered":"https:\/\/www.laguiadepamplona.es\/actualidad\/?p=26808"},"modified":"2019-12-12T18:46:46","modified_gmt":"2019-12-12T16:46:46","slug":"la-estrategia-2030-define-cinco-dimensiones-de-trabajo-sobre-las-que-se-concretaran-proyectos-estrategicos-para-la-pamplona-del-futuro","status":"publish","type":"post","link":"https:\/\/www.laguiadepamplona.com\/actualidad\/la-estrategia-2030-define-cinco-dimensiones-de-trabajo-sobre-las-que-se-concretaran-proyectos-estrategicos-para-la-pamplona-del-futuro\/","title":{"rendered":"La Estrategia 2030 define cinco dimensiones de trabajo sobre las que se concretar\u00e1n proyectos estrat\u00e9gicos para la Pamplona del futuro"},"content":{"rendered":"<h5>Esta ma\u00f1ana se ha reunido el Comit\u00e9 2030 compuesto por los agentes clave de la ciudad que se han involucrado en la elaboraci\u00f3n de este plan<\/h5>\n<p><!--more--><\/p>\n<p>Pamplona verde, ecol\u00f3gica y comprometida con el clima. Pamplona socialmente inclusiva. Pamplona con una gesti\u00f3n p\u00fablica innovadora e integral, Pamplona creativa y cultural, con un turismo sostenible. Pamplona innovadora con una econom\u00eda del crecimiento. Son las cinco dimensiones recogidas en la Estrategia 2030, que esta ma\u00f1ana se han dado a conocer dentro de la reuni\u00f3n que ha mantenido el Comit\u00e9 2030, un espacio de di\u00e1logo, reflexi\u00f3n y conocimiento mutuo entre los principales agentes clave de la ciudad.<\/p>\n<p><script async src=\"\/\/pagead2.googlesyndication.com\/pagead\/js\/adsbygoogle.js\"><\/script><br \/>\n<!-- Noticias La Guia de Pamplona --><br \/>\n<ins class=\"adsbygoogle\"\nstyle=\"display:block\"\ndata-ad-client=\"ca-pub-6943679897239327\"\ndata-ad-slot=\"7048180777\"\ndata-ad-format=\"auto\"><\/ins><br \/>\n<script>\n(adsbygoogle = window.adsbygoogle || []).push({});\n<\/script><\/p>\n<p>La Estrategia 2030, como Plan Estrat\u00e9gico Urbano, es una herramienta que dirige el debate y la reflexi\u00f3n p\u00fablica sobre los problemas y oportunidades de una ciudad. Desde una visi\u00f3n transversal y multisectorial, sirve para diagnosticar la situaci\u00f3n actual, establecer objetivos estrat\u00e9gicos a largo plazo, definir l\u00edneas de actuaci\u00f3n para la consecuci\u00f3n de dichos objetivos y crear indicadores de seguimiento para evaluar su cumplimiento. Con un horizonte temporal de 10 a\u00f1os, el Plan Estrat\u00e9gico de Pamplona quedar\u00e1 como un proceso abierto que se ir\u00e1 revisando y que orientar\u00e1 las apuestas de futuro. Su elaboraci\u00f3n comenz\u00f3 en 2018 y, tras unas fases de diagn\u00f3stico y de elaboraci\u00f3n de escenarios, afronta ahora una nueva etapa de dise\u00f1o, planificaci\u00f3n y ejecuci\u00f3n de los proyectos estrat\u00e9gicos que requiere esa Pamplona del futuro, centrada en los siete valores detectados en las anteriores fases: igualdad, participaci\u00f3n ciudadana, perspectiva de edad (infancia, juventud y mayores), accesibilidad universal, inclusi\u00f3n, convivencia y ecolog\u00eda.<\/p>\n<p>La reuni\u00f3n de esta ma\u00f1ana del Comit\u00e9 es la cuarta que se celebra y ha permitido conocer de primera mano en qu\u00e9 punto se encuentra el proyecto, la propuesta de misi\u00f3n, visi\u00f3n y valores del plan, y las dimensiones, l\u00edneas de acci\u00f3n y objetivos estrat\u00e9gicos definidos. Se propone como misi\u00f3n \u201calinear y coordinar la acci\u00f3n de todos los agentes locales para que los esfuerzos vayan dirigidos hacia el objetivo de conseguir acercarnos al modelo de ciudad que deseamos y compartimos\u201d. Para ello, se han establecido 5 dimensiones estrat\u00e9gicas, 14 l\u00edneas de acci\u00f3n y 29 objetivos estrat\u00e9gicos, de los que derivar\u00e1n los proyectos estrat\u00e9gicos que se definir\u00e1n y concretar\u00e1n durante el primer trimestre del a\u00f1o que viene.<\/p>\n<p>El alcalde de Pamplona, Enrique Maya, ha presidido la reuni\u00f3n, que ha contado, adem\u00e1s, con la participaci\u00f3n de una treintena de representantes del Gobierno de Navarra, Mancomunidad de la Comarca de Pamplona, Universidad P\u00fablica de Navarra, Universidad de Navarra, Confederaci\u00f3n de Empresario de Navarra, AEHN, AIN, CCOO, CEIN, REAS, CERMIN, asociaciones de comerciantes, aut\u00f3nomos y vecinos y vecinas, as\u00ed como concejales y concejalas de los grupos municipales del Ayuntamiento.<\/p>\n<p><script async src=\"\/\/pagead2.googlesyndication.com\/pagead\/js\/adsbygoogle.js\"><\/script><br \/>\n<!-- Noticias La Guia de Pamplona --><br \/>\n<ins class=\"adsbygoogle\"\nstyle=\"display:block\"\ndata-ad-client=\"ca-pub-6943679897239327\"\ndata-ad-slot=\"7048180777\"\ndata-ad-format=\"auto\"><\/ins><br \/>\n<script>\n(adsbygoogle = window.adsbygoogle || []).push({});\n<\/script><\/p>\n<p><strong>Dimensiones, l\u00edneas de acci\u00f3n y objetivos estrat\u00e9gicos<\/strong><\/p>\n<p>La primera dimensi\u00f3n estrat\u00e9gica se refiere a la Pamplona verde, ecol\u00f3gica y comprometida con el clima. La conforman 3 l\u00edneas de actuaci\u00f3n relacionadas con la movilidad saludable, el clima y la transici\u00f3n energ\u00e9tica, y la Pamplona natural, ecol\u00f3gica y responsable. A ellas se vinculan cinco objetivos como la consecuci\u00f3n de un modelo de movilidad sostenible, inclusivo y accesible; convertirse en ciudad referente en mitigaci\u00f3n y adaptaci\u00f3n al cambio clim\u00e1tico a nivel europeo; la implantaci\u00f3n de un nuevo modelo energ\u00e9tico o mejorar la eficiencia en el uso de los recursos naturales y reducir la contaminaci\u00f3n.<\/p>\n<p>La segunda dimensi\u00f3n se centra en la Pamplona socialmente inclusiva, con cuatro l\u00edneas de acci\u00f3n (ciudad integradora, equilibrio entre barrios, comercio y servicios de proximidad, y vivienda asequible, accesible y energ\u00e9ticamente eficiente). De esas l\u00edneas se derivan ocho objetivos estrat\u00e9gicos que pasan por aumentar las oportunidades laborales de calidad para los colectivos vulnerables, disminuir la segregaci\u00f3n socioecon\u00f3mica por barrios, reforzar un modelo comercial de proximidad o facilitar el acceso a la vivienda a toda la ciudadan\u00eda.<\/p>\n<p>La tercera dimensi\u00f3n tiene que ver con la gesti\u00f3n p\u00fablica innovadora e integral. Dos son las l\u00edneas de acci\u00f3n previstas: la gesti\u00f3n estrat\u00e9gica de ciudad y la gesti\u00f3n p\u00fablica coordinada, innovadora e integral. Se establecen seis objetivos estrat\u00e9gicos como son alcanzar el compromiso de todos los actores sociales y pol\u00edticos del municipio en pro de una visi\u00f3n consensuada de Pamplona a largo plazo, reforzar los procesos participativos, incrementar la cooperaci\u00f3n entre administraciones locales en la prestaci\u00f3n de servicios, fortalecer la coordinaci\u00f3n entre niveles administrativos, fortalecer la coordinaci\u00f3n en la gesti\u00f3n interna de las administraciones y la cercan\u00eda al ciudadano y, por \u00faltimo, aumentar la transparencia en la gesti\u00f3n p\u00fablica.<\/p>\n<p>La cuarta dimensi\u00f3n define una Pamplona creativa y cultural, con un turismo sostenible. Precisamente, sus dos l\u00edneas de acci\u00f3n se vinculan a esas dos actividades, una vida cultural rica y diversa, y un turismo sostenible. Se suman a los anteriores objetivos descritos otros cinco, con los que se busca, por ejemplo, adoptar un modelo de producci\u00f3n cultural innovador y competitivo, garantizar una agenda cultural diversificada e inclusiva, reforzar la identidad cultural de la ciudad en todas sus expresiones festivas y art\u00edstica o poner en valor los atractivos tur\u00edsticos hist\u00f3ricos, culturales y emergentes de la ciudad.<\/p>\n<p>La quinta y \u00faltima dimensi\u00f3n se centra en la Pamplona innovadora con una econom\u00eda del conocimiento, con tres nuevas l\u00edneas de acci\u00f3n: oferta de servicios avanzados, laboratorio urbano y emprendimiento e innovaci\u00f3n. Se trata, en los cinco objetivos definidos, de consolidar a Pamplona como ciudad atractiva para el talento, de fortaleces la competitividad del tejido empresarial local, de convertirse en una <em>smart-city<\/em> de referencia o de incrementar las iniciativas emprendedoras innovadoras, entre otros.<\/p>\n<p><script async src=\"\/\/pagead2.googlesyndication.com\/pagead\/js\/adsbygoogle.js\"><\/script><br \/>\n<!-- Noticias La Guia de Pamplona --><br \/>\n<ins class=\"adsbygoogle\"\nstyle=\"display:block\"\ndata-ad-client=\"ca-pub-6943679897239327\"\ndata-ad-slot=\"7048180777\"\ndata-ad-format=\"auto\"><\/ins><br \/>\n<script>\n(adsbygoogle = window.adsbygoogle || []).push({});\n<\/script><\/p>\n<p><strong>Pr\u00f3ximos pasos a llevar a cabo<\/strong><\/p>\n<p>Tras el encuentro de esta ma\u00f1ana, se remitir\u00e1 la documentaci\u00f3n presentada a los agentes que forman parte del Comit\u00e9 para que en el plazo de un mes puedan remitir aportaciones, comentarios y sugerencias. Esas propuestas ser\u00e1n \u2018anonimizadas\u2019 (el Ayuntamiento conocer\u00e1 quien las presenta, pero las expondr\u00e1 de forma an\u00f3nima para el resto de agentes) y se abordar\u00e1n en grupos de trabajo que las analizar\u00e1n, agrupar\u00e1n y priorizar\u00e1n. Como resultado, se generar\u00e1 una lista con propuestas priorizadas de proyectos estrat\u00e9gicos.<\/p>\n<p>Como ejemplos de criterios de selecci\u00f3n de esos proyectos estrat\u00e9gicos se establece que est\u00e9n alineados con los objetivos estrat\u00e9gicos del Plan, que integran los valores de la Estrategia 2030, que sean coherentes con las estrategias y objetivos generales de Navarra (POT, S3, planes sectoriales\u2026) o que sean viables f\u00edsica, t\u00e9cnica, econ\u00f3mica y legalmente en el periodo de vigencia de la Estrategia 2030.<\/p>\n<p>Esa lista se presentar\u00e1 a la Ponencia, compuesta por todos los grupos municipales, y al Comit\u00e9 2030, que tendr\u00e1n que validarla mediante un proceso de b\u00fasqueda de consenso. Se trabajar\u00e1 individualmente en los proyectos que no susciten consenso, intentando reformularlos o adaptarlos. Si finalmente no se alcanza consenso, se descartar\u00e1n. Las propuestas que no hayan priorizado en esa lista de proyectos estrat\u00e9gicos a incluir en la Estrategia 2030 no se descartar\u00e1n, sino que se derivaran a los departamentos sectoriales competentes para que valoren su desarrollo en su \u00e1mbito. Est\u00e1 previsto que esa labor de determinaci\u00f3n de proyectos estrat\u00e9gicos se desarrolle durante el primer trimestre de 2020.<\/p>\n","protected":false},"excerpt":{"rendered":"<p>Esta ma\u00f1ana se ha reunido el Comit\u00e9 2030 compuesto por los agentes clave de la ciudad que se han involucrado en la elaboraci\u00f3n de este plan<\/p>\n","protected":false},"author":1,"featured_media":26810,"comment_status":"open","ping_status":"closed","sticky":false,"template":"","format":"standard","meta":{"footnotes":""},"categories":[2],"tags":[],"class_list":["post-26808","post","type-post","status-publish","format-standard","has-post-thumbnail","hentry","category-ayuntamiento-pamplona"],"yoast_head":"<!-- This site is optimized with the Yoast SEO plugin v27.5 - https:\/\/yoast.com\/product\/yoast-seo-wordpress\/ -->\n<title>La Estrategia 2030 define cinco dimensiones de trabajo sobre las que se concretar\u00e1n proyectos estrat\u00e9gicos para la Pamplona del futuro<\/title>\n<meta name=\"robots\" content=\"index, follow, max-snippet:-1, max-image-preview:large, max-video-preview:-1\" \/>\n<link rel=\"canonical\" href=\"https:\/\/www.laguiadepamplona.com\/actualidad\/la-estrategia-2030-define-cinco-dimensiones-de-trabajo-sobre-las-que-se-concretaran-proyectos-estrategicos-para-la-pamplona-del-futuro\/\" \/>\n<meta property=\"og:locale\" content=\"es_ES\" \/>\n<meta property=\"og:type\" content=\"article\" \/>\n<meta property=\"og:title\" content=\"La Estrategia 2030 define cinco dimensiones de trabajo sobre las que se concretar\u00e1n proyectos estrat\u00e9gicos para la Pamplona del futuro\" \/>\n<meta property=\"og:description\" content=\"Esta ma\u00f1ana se ha reunido el Comit\u00e9 2030 compuesto por los agentes clave de la ciudad que se han involucrado en la elaboraci\u00f3n de este plan\" \/>\n<meta property=\"og:url\" content=\"https:\/\/www.laguiadepamplona.com\/actualidad\/la-estrategia-2030-define-cinco-dimensiones-de-trabajo-sobre-las-que-se-concretaran-proyectos-estrategicos-para-la-pamplona-del-futuro\/\" \/>\n<meta property=\"og:site_name\" content=\"La Gu\u00eda de Pamplona\" \/>\n<meta property=\"article:publisher\" content=\"https:\/\/www.facebook.com\/laguiadepamplonacom-133175176762273\/?ref=hl\" \/>\n<meta property=\"article:published_time\" content=\"2019-12-12T16:45:40+00:00\" \/>\n<meta property=\"article:modified_time\" content=\"2019-12-12T16:46:46+00:00\" \/>\n<meta property=\"og:image\" content=\"https:\/\/www.laguiadepamplona.com\/actualidad\/wp-content\/uploads\/2019\/12\/19.12.12_reunion_comite2030_estrategia1.jpg\" \/>\n\t<meta property=\"og:image:width\" content=\"1920\" \/>\n\t<meta property=\"og:image:height\" content=\"1280\" \/>\n\t<meta property=\"og:image:type\" content=\"image\/jpeg\" \/>\n<meta name=\"author\" content=\"La Gu\u00eda de Pamplona\" \/>\n<meta name=\"twitter:card\" content=\"summary_large_image\" \/>\n<meta name=\"twitter:creator\" content=\"@LaGuiadPamplona\" \/>\n<meta name=\"twitter:site\" content=\"@LaGuiadPamplona\" \/>\n<meta name=\"twitter:label1\" content=\"Escrito por\" \/>\n\t<meta name=\"twitter:data1\" content=\"La Gu\u00eda de Pamplona\" \/>\n\t<meta name=\"twitter:label2\" content=\"Tiempo de lectura\" \/>\n\t<meta name=\"twitter:data2\" content=\"6 minutos\" \/>\n<script type=\"application\/ld+json\" class=\"yoast-schema-graph\">{\"@context\":\"https:\\\/\\\/schema.org\",\"@graph\":[{\"@type\":\"Article\",\"@id\":\"https:\\\/\\\/www.laguiadepamplona.com\\\/actualidad\\\/la-estrategia-2030-define-cinco-dimensiones-de-trabajo-sobre-las-que-se-concretaran-proyectos-estrategicos-para-la-pamplona-del-futuro\\\/#article\",\"isPartOf\":{\"@id\":\"https:\\\/\\\/www.laguiadepamplona.com\\\/actualidad\\\/la-estrategia-2030-define-cinco-dimensiones-de-trabajo-sobre-las-que-se-concretaran-proyectos-estrategicos-para-la-pamplona-del-futuro\\\/\"},\"author\":{\"name\":\"La Gu\u00eda de Pamplona\",\"@id\":\"https:\\\/\\\/www.laguiadepamplona.com\\\/actualidad\\\/#\\\/schema\\\/person\\\/efe887376f0213d4657c93adc50b1fdb\"},\"headline\":\"La Estrategia 2030 define cinco dimensiones de trabajo sobre las que se concretar\u00e1n proyectos estrat\u00e9gicos para la Pamplona del futuro\",\"datePublished\":\"2019-12-12T16:45:40+00:00\",\"dateModified\":\"2019-12-12T16:46:46+00:00\",\"mainEntityOfPage\":{\"@id\":\"https:\\\/\\\/www.laguiadepamplona.com\\\/actualidad\\\/la-estrategia-2030-define-cinco-dimensiones-de-trabajo-sobre-las-que-se-concretaran-proyectos-estrategicos-para-la-pamplona-del-futuro\\\/\"},\"wordCount\":1292,\"commentCount\":0,\"publisher\":{\"@id\":\"https:\\\/\\\/www.laguiadepamplona.com\\\/actualidad\\\/#organization\"},\"image\":{\"@id\":\"https:\\\/\\\/www.laguiadepamplona.com\\\/actualidad\\\/la-estrategia-2030-define-cinco-dimensiones-de-trabajo-sobre-las-que-se-concretaran-proyectos-estrategicos-para-la-pamplona-del-futuro\\\/#primaryimage\"},\"thumbnailUrl\":\"https:\\\/\\\/www.laguiadepamplona.com\\\/actualidad\\\/wp-content\\\/uploads\\\/2019\\\/12\\\/19.12.12_reunion_comite2030_estrategia1.jpg\",\"articleSection\":[\"Ayto Pamplona\"],\"inLanguage\":\"es\",\"potentialAction\":[{\"@type\":\"CommentAction\",\"name\":\"Comment\",\"target\":[\"https:\\\/\\\/www.laguiadepamplona.com\\\/actualidad\\\/la-estrategia-2030-define-cinco-dimensiones-de-trabajo-sobre-las-que-se-concretaran-proyectos-estrategicos-para-la-pamplona-del-futuro\\\/#respond\"]}]},{\"@type\":\"WebPage\",\"@id\":\"https:\\\/\\\/www.laguiadepamplona.com\\\/actualidad\\\/la-estrategia-2030-define-cinco-dimensiones-de-trabajo-sobre-las-que-se-concretaran-proyectos-estrategicos-para-la-pamplona-del-futuro\\\/\",\"url\":\"https:\\\/\\\/www.laguiadepamplona.com\\\/actualidad\\\/la-estrategia-2030-define-cinco-dimensiones-de-trabajo-sobre-las-que-se-concretaran-proyectos-estrategicos-para-la-pamplona-del-futuro\\\/\",\"name\":\"La Estrategia 2030 define cinco dimensiones de trabajo sobre las que se concretar\u00e1n proyectos estrat\u00e9gicos para la Pamplona del futuro\",\"isPartOf\":{\"@id\":\"https:\\\/\\\/www.laguiadepamplona.com\\\/actualidad\\\/#website\"},\"primaryImageOfPage\":{\"@id\":\"https:\\\/\\\/www.laguiadepamplona.com\\\/actualidad\\\/la-estrategia-2030-define-cinco-dimensiones-de-trabajo-sobre-las-que-se-concretaran-proyectos-estrategicos-para-la-pamplona-del-futuro\\\/#primaryimage\"},\"image\":{\"@id\":\"https:\\\/\\\/www.laguiadepamplona.com\\\/actualidad\\\/la-estrategia-2030-define-cinco-dimensiones-de-trabajo-sobre-las-que-se-concretaran-proyectos-estrategicos-para-la-pamplona-del-futuro\\\/#primaryimage\"},\"thumbnailUrl\":\"https:\\\/\\\/www.laguiadepamplona.com\\\/actualidad\\\/wp-content\\\/uploads\\\/2019\\\/12\\\/19.12.12_reunion_comite2030_estrategia1.jpg\",\"datePublished\":\"2019-12-12T16:45:40+00:00\",\"dateModified\":\"2019-12-12T16:46:46+00:00\",\"breadcrumb\":{\"@id\":\"https:\\\/\\\/www.laguiadepamplona.com\\\/actualidad\\\/la-estrategia-2030-define-cinco-dimensiones-de-trabajo-sobre-las-que-se-concretaran-proyectos-estrategicos-para-la-pamplona-del-futuro\\\/#breadcrumb\"},\"inLanguage\":\"es\",\"potentialAction\":[{\"@type\":\"ReadAction\",\"target\":[\"https:\\\/\\\/www.laguiadepamplona.com\\\/actualidad\\\/la-estrategia-2030-define-cinco-dimensiones-de-trabajo-sobre-las-que-se-concretaran-proyectos-estrategicos-para-la-pamplona-del-futuro\\\/\"]}]},{\"@type\":\"ImageObject\",\"inLanguage\":\"es\",\"@id\":\"https:\\\/\\\/www.laguiadepamplona.com\\\/actualidad\\\/la-estrategia-2030-define-cinco-dimensiones-de-trabajo-sobre-las-que-se-concretaran-proyectos-estrategicos-para-la-pamplona-del-futuro\\\/#primaryimage\",\"url\":\"https:\\\/\\\/www.laguiadepamplona.com\\\/actualidad\\\/wp-content\\\/uploads\\\/2019\\\/12\\\/19.12.12_reunion_comite2030_estrategia1.jpg\",\"contentUrl\":\"https:\\\/\\\/www.laguiadepamplona.com\\\/actualidad\\\/wp-content\\\/uploads\\\/2019\\\/12\\\/19.12.12_reunion_comite2030_estrategia1.jpg\",\"width\":1920,\"height\":1280,\"caption\":\"A* Jes\u00fas M Garzaron F* 2019_12_12 T* Presentaci\u00f3n del plan estrat\u00e9gico 2030 L* Calle Descalzos 56\"},{\"@type\":\"BreadcrumbList\",\"@id\":\"https:\\\/\\\/www.laguiadepamplona.com\\\/actualidad\\\/la-estrategia-2030-define-cinco-dimensiones-de-trabajo-sobre-las-que-se-concretaran-proyectos-estrategicos-para-la-pamplona-del-futuro\\\/#breadcrumb\",\"itemListElement\":[{\"@type\":\"ListItem\",\"position\":1,\"name\":\"Portada\",\"item\":\"https:\\\/\\\/www.laguiadepamplona.com\\\/actualidad\\\/\"},{\"@type\":\"ListItem\",\"position\":2,\"name\":\"La Estrategia 2030 define cinco dimensiones de trabajo sobre las que se concretar\u00e1n proyectos estrat\u00e9gicos para la Pamplona del futuro\"}]},{\"@type\":\"WebSite\",\"@id\":\"https:\\\/\\\/www.laguiadepamplona.com\\\/actualidad\\\/#website\",\"url\":\"https:\\\/\\\/www.laguiadepamplona.com\\\/actualidad\\\/\",\"name\":\"La gu\u00eda de Pamplona\",\"description\":\"Noticias de Pamplona\",\"publisher\":{\"@id\":\"https:\\\/\\\/www.laguiadepamplona.com\\\/actualidad\\\/#organization\"},\"potentialAction\":[{\"@type\":\"SearchAction\",\"target\":{\"@type\":\"EntryPoint\",\"urlTemplate\":\"https:\\\/\\\/www.laguiadepamplona.com\\\/actualidad\\\/?s={search_term_string}\"},\"query-input\":{\"@type\":\"PropertyValueSpecification\",\"valueRequired\":true,\"valueName\":\"search_term_string\"}}],\"inLanguage\":\"es\"},{\"@type\":\"Organization\",\"@id\":\"https:\\\/\\\/www.laguiadepamplona.com\\\/actualidad\\\/#organization\",\"name\":\"La Gu\u00eda de Pamplona \\\/ Noticias\",\"url\":\"https:\\\/\\\/www.laguiadepamplona.com\\\/actualidad\\\/\",\"logo\":{\"@type\":\"ImageObject\",\"inLanguage\":\"es\",\"@id\":\"https:\\\/\\\/www.laguiadepamplona.com\\\/actualidad\\\/#\\\/schema\\\/logo\\\/image\\\/\",\"url\":\"https:\\\/\\\/www.laguiadepamplona.com\\\/actualidad\\\/wp-content\\\/uploads\\\/2018\\\/11\\\/logo-laguiadepamplona18-web1.png\",\"contentUrl\":\"https:\\\/\\\/www.laguiadepamplona.com\\\/actualidad\\\/wp-content\\\/uploads\\\/2018\\\/11\\\/logo-laguiadepamplona18-web1.png\",\"width\":600,\"height\":196,\"caption\":\"La Gu\u00eda de Pamplona \\\/ Noticias\"},\"image\":{\"@id\":\"https:\\\/\\\/www.laguiadepamplona.com\\\/actualidad\\\/#\\\/schema\\\/logo\\\/image\\\/\"},\"sameAs\":[\"https:\\\/\\\/www.facebook.com\\\/laguiadepamplonacom-133175176762273\\\/?ref=hl\",\"https:\\\/\\\/x.com\\\/LaGuiadPamplona\",\"https:\\\/\\\/www.instagram.com\\\/la_guia_de_pamplona\\\/\",\"https:\\\/\\\/www.youtube.com\\\/user\\\/laguiadepamplona\"]},{\"@type\":\"Person\",\"@id\":\"https:\\\/\\\/www.laguiadepamplona.com\\\/actualidad\\\/#\\\/schema\\\/person\\\/efe887376f0213d4657c93adc50b1fdb\",\"name\":\"La Gu\u00eda de Pamplona\",\"image\":{\"@type\":\"ImageObject\",\"inLanguage\":\"es\",\"@id\":\"https:\\\/\\\/secure.gravatar.com\\\/avatar\\\/b6992f131dc8d30ab0dff15446e9d346d9dbd95992de0fef795073f5ea83a81c?s=96&d=mm&r=g\",\"url\":\"https:\\\/\\\/secure.gravatar.com\\\/avatar\\\/b6992f131dc8d30ab0dff15446e9d346d9dbd95992de0fef795073f5ea83a81c?s=96&d=mm&r=g\",\"contentUrl\":\"https:\\\/\\\/secure.gravatar.com\\\/avatar\\\/b6992f131dc8d30ab0dff15446e9d346d9dbd95992de0fef795073f5ea83a81c?s=96&d=mm&r=g\",\"caption\":\"La Gu\u00eda de Pamplona\"}}]}<\/script>\n<!-- \/ Yoast SEO plugin. -->","yoast_head_json":{"title":"La Estrategia 2030 define cinco dimensiones de trabajo sobre las que se concretar\u00e1n proyectos estrat\u00e9gicos para la Pamplona del futuro","robots":{"index":"index","follow":"follow","max-snippet":"max-snippet:-1","max-image-preview":"max-image-preview:large","max-video-preview":"max-video-preview:-1"},"canonical":"https:\/\/www.laguiadepamplona.com\/actualidad\/la-estrategia-2030-define-cinco-dimensiones-de-trabajo-sobre-las-que-se-concretaran-proyectos-estrategicos-para-la-pamplona-del-futuro\/","og_locale":"es_ES","og_type":"article","og_title":"La Estrategia 2030 define cinco dimensiones de trabajo sobre las que se concretar\u00e1n proyectos estrat\u00e9gicos para la Pamplona del futuro","og_description":"Esta ma\u00f1ana se ha reunido el Comit\u00e9 2030 compuesto por los agentes clave de la ciudad que se han involucrado en la elaboraci\u00f3n de este plan","og_url":"https:\/\/www.laguiadepamplona.com\/actualidad\/la-estrategia-2030-define-cinco-dimensiones-de-trabajo-sobre-las-que-se-concretaran-proyectos-estrategicos-para-la-pamplona-del-futuro\/","og_site_name":"La Gu\u00eda de Pamplona","article_publisher":"https:\/\/www.facebook.com\/laguiadepamplonacom-133175176762273\/?ref=hl","article_published_time":"2019-12-12T16:45:40+00:00","article_modified_time":"2019-12-12T16:46:46+00:00","og_image":[{"width":1920,"height":1280,"url":"https:\/\/www.laguiadepamplona.com\/actualidad\/wp-content\/uploads\/2019\/12\/19.12.12_reunion_comite2030_estrategia1.jpg","type":"image\/jpeg"}],"author":"La Gu\u00eda de Pamplona","twitter_card":"summary_large_image","twitter_creator":"@LaGuiadPamplona","twitter_site":"@LaGuiadPamplona","twitter_misc":{"Escrito por":"La Gu\u00eda de Pamplona","Tiempo de lectura":"6 minutos"},"schema":{"@context":"https:\/\/schema.org","@graph":[{"@type":"Article","@id":"https:\/\/www.laguiadepamplona.com\/actualidad\/la-estrategia-2030-define-cinco-dimensiones-de-trabajo-sobre-las-que-se-concretaran-proyectos-estrategicos-para-la-pamplona-del-futuro\/#article","isPartOf":{"@id":"https:\/\/www.laguiadepamplona.com\/actualidad\/la-estrategia-2030-define-cinco-dimensiones-de-trabajo-sobre-las-que-se-concretaran-proyectos-estrategicos-para-la-pamplona-del-futuro\/"},"author":{"name":"La Gu\u00eda de Pamplona","@id":"https:\/\/www.laguiadepamplona.com\/actualidad\/#\/schema\/person\/efe887376f0213d4657c93adc50b1fdb"},"headline":"La Estrategia 2030 define cinco dimensiones de trabajo sobre las que se concretar\u00e1n proyectos estrat\u00e9gicos para la Pamplona del futuro","datePublished":"2019-12-12T16:45:40+00:00","dateModified":"2019-12-12T16:46:46+00:00","mainEntityOfPage":{"@id":"https:\/\/www.laguiadepamplona.com\/actualidad\/la-estrategia-2030-define-cinco-dimensiones-de-trabajo-sobre-las-que-se-concretaran-proyectos-estrategicos-para-la-pamplona-del-futuro\/"},"wordCount":1292,"commentCount":0,"publisher":{"@id":"https:\/\/www.laguiadepamplona.com\/actualidad\/#organization"},"image":{"@id":"https:\/\/www.laguiadepamplona.com\/actualidad\/la-estrategia-2030-define-cinco-dimensiones-de-trabajo-sobre-las-que-se-concretaran-proyectos-estrategicos-para-la-pamplona-del-futuro\/#primaryimage"},"thumbnailUrl":"https:\/\/www.laguiadepamplona.com\/actualidad\/wp-content\/uploads\/2019\/12\/19.12.12_reunion_comite2030_estrategia1.jpg","articleSection":["Ayto Pamplona"],"inLanguage":"es","potentialAction":[{"@type":"CommentAction","name":"Comment","target":["https:\/\/www.laguiadepamplona.com\/actualidad\/la-estrategia-2030-define-cinco-dimensiones-de-trabajo-sobre-las-que-se-concretaran-proyectos-estrategicos-para-la-pamplona-del-futuro\/#respond"]}]},{"@type":"WebPage","@id":"https:\/\/www.laguiadepamplona.com\/actualidad\/la-estrategia-2030-define-cinco-dimensiones-de-trabajo-sobre-las-que-se-concretaran-proyectos-estrategicos-para-la-pamplona-del-futuro\/","url":"https:\/\/www.laguiadepamplona.com\/actualidad\/la-estrategia-2030-define-cinco-dimensiones-de-trabajo-sobre-las-que-se-concretaran-proyectos-estrategicos-para-la-pamplona-del-futuro\/","name":"La Estrategia 2030 define cinco dimensiones de trabajo sobre las que se concretar\u00e1n proyectos estrat\u00e9gicos para la Pamplona del futuro","isPartOf":{"@id":"https:\/\/www.laguiadepamplona.com\/actualidad\/#website"},"primaryImageOfPage":{"@id":"https:\/\/www.laguiadepamplona.com\/actualidad\/la-estrategia-2030-define-cinco-dimensiones-de-trabajo-sobre-las-que-se-concretaran-proyectos-estrategicos-para-la-pamplona-del-futuro\/#primaryimage"},"image":{"@id":"https:\/\/www.laguiadepamplona.com\/actualidad\/la-estrategia-2030-define-cinco-dimensiones-de-trabajo-sobre-las-que-se-concretaran-proyectos-estrategicos-para-la-pamplona-del-futuro\/#primaryimage"},"thumbnailUrl":"https:\/\/www.laguiadepamplona.com\/actualidad\/wp-content\/uploads\/2019\/12\/19.12.12_reunion_comite2030_estrategia1.jpg","datePublished":"2019-12-12T16:45:40+00:00","dateModified":"2019-12-12T16:46:46+00:00","breadcrumb":{"@id":"https:\/\/www.laguiadepamplona.com\/actualidad\/la-estrategia-2030-define-cinco-dimensiones-de-trabajo-sobre-las-que-se-concretaran-proyectos-estrategicos-para-la-pamplona-del-futuro\/#breadcrumb"},"inLanguage":"es","potentialAction":[{"@type":"ReadAction","target":["https:\/\/www.laguiadepamplona.com\/actualidad\/la-estrategia-2030-define-cinco-dimensiones-de-trabajo-sobre-las-que-se-concretaran-proyectos-estrategicos-para-la-pamplona-del-futuro\/"]}]},{"@type":"ImageObject","inLanguage":"es","@id":"https:\/\/www.laguiadepamplona.com\/actualidad\/la-estrategia-2030-define-cinco-dimensiones-de-trabajo-sobre-las-que-se-concretaran-proyectos-estrategicos-para-la-pamplona-del-futuro\/#primaryimage","url":"https:\/\/www.laguiadepamplona.com\/actualidad\/wp-content\/uploads\/2019\/12\/19.12.12_reunion_comite2030_estrategia1.jpg","contentUrl":"https:\/\/www.laguiadepamplona.com\/actualidad\/wp-content\/uploads\/2019\/12\/19.12.12_reunion_comite2030_estrategia1.jpg","width":1920,"height":1280,"caption":"A* Jes\u00fas M Garzaron F* 2019_12_12 T* Presentaci\u00f3n del plan estrat\u00e9gico 2030 L* Calle Descalzos 56"},{"@type":"BreadcrumbList","@id":"https:\/\/www.laguiadepamplona.com\/actualidad\/la-estrategia-2030-define-cinco-dimensiones-de-trabajo-sobre-las-que-se-concretaran-proyectos-estrategicos-para-la-pamplona-del-futuro\/#breadcrumb","itemListElement":[{"@type":"ListItem","position":1,"name":"Portada","item":"https:\/\/www.laguiadepamplona.com\/actualidad\/"},{"@type":"ListItem","position":2,"name":"La Estrategia 2030 define cinco dimensiones de trabajo sobre las que se concretar\u00e1n proyectos estrat\u00e9gicos para la Pamplona del futuro"}]},{"@type":"WebSite","@id":"https:\/\/www.laguiadepamplona.com\/actualidad\/#website","url":"https:\/\/www.laguiadepamplona.com\/actualidad\/","name":"La gu\u00eda de Pamplona","description":"Noticias de Pamplona","publisher":{"@id":"https:\/\/www.laguiadepamplona.com\/actualidad\/#organization"},"potentialAction":[{"@type":"SearchAction","target":{"@type":"EntryPoint","urlTemplate":"https:\/\/www.laguiadepamplona.com\/actualidad\/?s={search_term_string}"},"query-input":{"@type":"PropertyValueSpecification","valueRequired":true,"valueName":"search_term_string"}}],"inLanguage":"es"},{"@type":"Organization","@id":"https:\/\/www.laguiadepamplona.com\/actualidad\/#organization","name":"La Gu\u00eda de Pamplona \/ Noticias","url":"https:\/\/www.laguiadepamplona.com\/actualidad\/","logo":{"@type":"ImageObject","inLanguage":"es","@id":"https:\/\/www.laguiadepamplona.com\/actualidad\/#\/schema\/logo\/image\/","url":"https:\/\/www.laguiadepamplona.com\/actualidad\/wp-content\/uploads\/2018\/11\/logo-laguiadepamplona18-web1.png","contentUrl":"https:\/\/www.laguiadepamplona.com\/actualidad\/wp-content\/uploads\/2018\/11\/logo-laguiadepamplona18-web1.png","width":600,"height":196,"caption":"La Gu\u00eda de Pamplona \/ Noticias"},"image":{"@id":"https:\/\/www.laguiadepamplona.com\/actualidad\/#\/schema\/logo\/image\/"},"sameAs":["https:\/\/www.facebook.com\/laguiadepamplonacom-133175176762273\/?ref=hl","https:\/\/x.com\/LaGuiadPamplona","https:\/\/www.instagram.com\/la_guia_de_pamplona\/","https:\/\/www.youtube.com\/user\/laguiadepamplona"]},{"@type":"Person","@id":"https:\/\/www.laguiadepamplona.com\/actualidad\/#\/schema\/person\/efe887376f0213d4657c93adc50b1fdb","name":"La Gu\u00eda de Pamplona","image":{"@type":"ImageObject","inLanguage":"es","@id":"https:\/\/secure.gravatar.com\/avatar\/b6992f131dc8d30ab0dff15446e9d346d9dbd95992de0fef795073f5ea83a81c?s=96&d=mm&r=g","url":"https:\/\/secure.gravatar.com\/avatar\/b6992f131dc8d30ab0dff15446e9d346d9dbd95992de0fef795073f5ea83a81c?s=96&d=mm&r=g","contentUrl":"https:\/\/secure.gravatar.com\/avatar\/b6992f131dc8d30ab0dff15446e9d346d9dbd95992de0fef795073f5ea83a81c?s=96&d=mm&r=g","caption":"La Gu\u00eda de Pamplona"}}]}},"post_mailing_queue_ids":[],"_links":{"self":[{"href":"https:\/\/www.laguiadepamplona.com\/actualidad\/wp-json\/wp\/v2\/posts\/26808","targetHints":{"allow":["GET"]}}],"collection":[{"href":"https:\/\/www.laguiadepamplona.com\/actualidad\/wp-json\/wp\/v2\/posts"}],"about":[{"href":"https:\/\/www.laguiadepamplona.com\/actualidad\/wp-json\/wp\/v2\/types\/post"}],"author":[{"embeddable":true,"href":"https:\/\/www.laguiadepamplona.com\/actualidad\/wp-json\/wp\/v2\/users\/1"}],"replies":[{"embeddable":true,"href":"https:\/\/www.laguiadepamplona.com\/actualidad\/wp-json\/wp\/v2\/comments?post=26808"}],"version-history":[{"count":0,"href":"https:\/\/www.laguiadepamplona.com\/actualidad\/wp-json\/wp\/v2\/posts\/26808\/revisions"}],"wp:featuredmedia":[{"embeddable":true,"href":"https:\/\/www.laguiadepamplona.com\/actualidad\/wp-json\/wp\/v2\/media\/26810"}],"wp:attachment":[{"href":"https:\/\/www.laguiadepamplona.com\/actualidad\/wp-json\/wp\/v2\/media?parent=26808"}],"wp:term":[{"taxonomy":"category","embeddable":true,"href":"https:\/\/www.laguiadepamplona.com\/actualidad\/wp-json\/wp\/v2\/categories?post=26808"},{"taxonomy":"post_tag","embeddable":true,"href":"https:\/\/www.laguiadepamplona.com\/actualidad\/wp-json\/wp\/v2\/tags?post=26808"}],"curies":[{"name":"wp","href":"https:\/\/api.w.org\/{rel}","templated":true}]}}