{"id":26796,"date":"2019-12-12T17:20:25","date_gmt":"2019-12-12T15:20:25","guid":{"rendered":"https:\/\/www.laguiadepamplona.es\/actualidad\/?p=26796"},"modified":"2019-12-12T17:20:57","modified_gmt":"2019-12-12T15:20:57","slug":"condestable-recordara-este-viernes-la-figura-del-escritor-joxan-artze-en-un-espectaculo-poetico-musical-a-cargo-de-andoni-salamero-mixel-ducau-y-caroline-phillips","status":"publish","type":"post","link":"https:\/\/www.laguiadepamplona.com\/actualidad\/condestable-recordara-este-viernes-la-figura-del-escritor-joxan-artze-en-un-espectaculo-poetico-musical-a-cargo-de-andoni-salamero-mixel-ducau-y-caroline-phillips\/","title":{"rendered":"Condestable recordar\u00e1 este viernes la figura del escritor Joxan Artze en un espect\u00e1culo po\u00e9tico-musical a cargo de Andoni Salamero, Mixel Ducau y Caroline Phillips"},"content":{"rendered":"<h5>Organizado por el Ayuntamiento y el Ateneo Navarro, comenzar\u00e1 a las 19.30 horas, con entrada libre previa retirada de invitaciones<\/h5>\n<p><!--more--><\/p>\n<p>Joxan Artze fue un poeta, escritor y m\u00fasico txalapartari nacido en Usurbil, que dej\u00f3 un gran legado de poemas, canciones y textos. Ma\u00f1ana viernes recibir\u00e1 un sencillo homenaje a modo de espect\u00e1culo po\u00e9tico-musical en euskera de la mano del escritor Andoni Salamero y los m\u00fasicos Mixel Ducau y Caroline Phillips en Civivox Condestable. La sesi\u00f3n comenzar\u00e1 a las 19.30 horas, con entrada libre previa retirada de invitaciones desde una hora antes. Forma parte de la programaci\u00f3n cultural conjunta que durante todo el a\u00f1o organizan el Ayuntamiento de Pamplona y el Ateneo Navarro.<\/p>\n<p>\u201cArtze \u2026 Joxan, oroituz!\u201d es el t\u00edtulo de este espect\u00e1culo basado en los poemas y las letras de canciones de Joxan Artze. Las poes\u00edas que se recitar\u00e1n han sido tomadas de libros como\u00a0\u201c<em>Ortzia lorez, lurra izarrez\u201d<\/em>;\u00a0\u201c<em>Oihana auhenka\u201d; \u201cMundua gizonarentzat egina da, baina ez gizona munduarentzat\u201d; \u201cHeriotzaren ataria dugu bizitza\u201d; o \u201cBizitzaren atea dukegu heriotza\u201d.\u00a0<\/em>El objetivo de este proyecto es disfrutar con la poes\u00eda en euskera de Joxan Artze y aumentar la difusi\u00f3n de su conocimiento. Gracias a la poes\u00eda y a la m\u00fasica, el espect\u00e1culo suscitar\u00e1 tambi\u00e9n la reflexi\u00f3n, pues en los diferentes poemas aparecen temas como la naturaleza, el ser humano, el euskera y la trascendencia.<\/p>\n<p><script async src=\"\/\/pagead2.googlesyndication.com\/pagead\/js\/adsbygoogle.js\"><\/script><br \/>\n<!-- Noticias La Guia de Pamplona --><br \/>\n<ins class=\"adsbygoogle\"\nstyle=\"display:block\"\ndata-ad-client=\"ca-pub-6943679897239327\"\ndata-ad-slot=\"7048180777\"\ndata-ad-format=\"auto\"><\/ins><br \/>\n<script>\n(adsbygoogle = window.adsbygoogle || []).push({});\n<\/script><\/p>\n<p>Andoni Salamero es licenciado en Filolog\u00eda Vasca. Asimismo, ha sido poeta, locutor, t\u00e9cnico en la asociaci\u00f3n pro-euskera, profesor de euskaltegi y del centro educativo Elkar Hezi de O\u00f1ati y tambi\u00e9n profesor de euskera y literatura. Ha publicado sus poemas por medio de la asociaci\u00f3n Hatsa de Senpere. Ha publicado tres poemarios, \u201c<em>Zu.Ni.Bi.Bidean&#8230;\u201d, \u201cBide ertzeko printzak\u201d<\/em> y \u201c<em>Japonia: poesiaren sumendi ezkutua\u201d<\/em>. Con sus poemas, ha colaborado con artistas como David Azurza, Aitor Biain, Joxan Artze, Oskorri y Pantxoa eta Peio.<\/p>\n<p>El m\u00fasico Mixel Ducau particip\u00f3 en la creaci\u00f3n del movimiento del rock vasco. Form\u00f3 junto con Anje Duhalde el m\u00edtico grupo de rock progresivo Errobi y, m\u00e1s tarde, particip\u00f3 en varios proyectos musicales, en Zaldibobo y Bidaia, entre otros. La compositora californiana Caroline Philips estudi\u00f3 arte l\u00edrico y piano cl\u00e1sico durante cuatro a\u00f1os en Par\u00eds. Despu\u00e9s de eso se inici\u00f3 de lleno en el jazz y dio varios conciertos en Par\u00eds. Junto con Mixel Ducau, fund\u00f3 el grupo de folk Bidaia.<\/p>\n","protected":false},"excerpt":{"rendered":"<p>Organizado por el Ayuntamiento y el Ateneo Navarro, comenzar\u00e1 a las 19.30 horas, con entrada libre previa retirada de invitaciones<\/p>\n","protected":false},"author":1,"featured_media":17390,"comment_status":"open","ping_status":"closed","sticky":false,"template":"","format":"standard","meta":{"footnotes":""},"categories":[2],"tags":[],"class_list":["post-26796","post","type-post","status-publish","format-standard","has-post-thumbnail","hentry","category-ayuntamiento-pamplona"],"yoast_head":"<!-- This site is optimized with the Yoast SEO plugin v27.5 - https:\/\/yoast.com\/product\/yoast-seo-wordpress\/ -->\n<title>Condestable recordar\u00e1 este viernes la figura del escritor Joxan Artze en un espect\u00e1culo po\u00e9tico-musical a cargo de Andoni Salamero, Mixel Ducau y Caroline Phillips<\/title>\n<meta name=\"robots\" content=\"index, follow, max-snippet:-1, max-image-preview:large, max-video-preview:-1\" \/>\n<link rel=\"canonical\" href=\"https:\/\/www.laguiadepamplona.com\/actualidad\/condestable-recordara-este-viernes-la-figura-del-escritor-joxan-artze-en-un-espectaculo-poetico-musical-a-cargo-de-andoni-salamero-mixel-ducau-y-caroline-phillips\/\" \/>\n<meta property=\"og:locale\" content=\"es_ES\" \/>\n<meta property=\"og:type\" content=\"article\" \/>\n<meta property=\"og:title\" content=\"Condestable recordar\u00e1 este viernes la figura del escritor Joxan Artze en un espect\u00e1culo po\u00e9tico-musical a cargo de Andoni Salamero, Mixel Ducau y Caroline Phillips\" \/>\n<meta property=\"og:description\" content=\"Organizado por el Ayuntamiento y el Ateneo Navarro, comenzar\u00e1 a las 19.30 horas, con entrada libre previa retirada de invitaciones\" \/>\n<meta property=\"og:url\" content=\"https:\/\/www.laguiadepamplona.com\/actualidad\/condestable-recordara-este-viernes-la-figura-del-escritor-joxan-artze-en-un-espectaculo-poetico-musical-a-cargo-de-andoni-salamero-mixel-ducau-y-caroline-phillips\/\" \/>\n<meta property=\"og:site_name\" content=\"La Gu\u00eda de Pamplona\" \/>\n<meta property=\"article:publisher\" content=\"https:\/\/www.facebook.com\/laguiadepamplonacom-133175176762273\/?ref=hl\" \/>\n<meta property=\"article:published_time\" content=\"2019-12-12T15:20:25+00:00\" \/>\n<meta property=\"article:modified_time\" content=\"2019-12-12T15:20:57+00:00\" \/>\n<meta property=\"og:image\" content=\"https:\/\/www.laguiadepamplona.com\/actualidad\/wp-content\/uploads\/2018\/05\/palacio-condestable.jpg\" \/>\n\t<meta property=\"og:image:width\" content=\"950\" \/>\n\t<meta property=\"og:image:height\" content=\"634\" \/>\n\t<meta property=\"og:image:type\" content=\"image\/jpeg\" \/>\n<meta name=\"author\" content=\"La Gu\u00eda de Pamplona\" \/>\n<meta name=\"twitter:card\" content=\"summary_large_image\" \/>\n<meta name=\"twitter:creator\" content=\"@LaGuiadPamplona\" \/>\n<meta name=\"twitter:site\" content=\"@LaGuiadPamplona\" \/>\n<meta name=\"twitter:label1\" content=\"Escrito por\" \/>\n\t<meta name=\"twitter:data1\" content=\"La Gu\u00eda de Pamplona\" \/>\n\t<meta name=\"twitter:label2\" content=\"Tiempo de lectura\" \/>\n\t<meta name=\"twitter:data2\" content=\"2 minutos\" \/>\n<script type=\"application\/ld+json\" class=\"yoast-schema-graph\">{\"@context\":\"https:\\\/\\\/schema.org\",\"@graph\":[{\"@type\":\"Article\",\"@id\":\"https:\\\/\\\/www.laguiadepamplona.com\\\/actualidad\\\/condestable-recordara-este-viernes-la-figura-del-escritor-joxan-artze-en-un-espectaculo-poetico-musical-a-cargo-de-andoni-salamero-mixel-ducau-y-caroline-phillips\\\/#article\",\"isPartOf\":{\"@id\":\"https:\\\/\\\/www.laguiadepamplona.com\\\/actualidad\\\/condestable-recordara-este-viernes-la-figura-del-escritor-joxan-artze-en-un-espectaculo-poetico-musical-a-cargo-de-andoni-salamero-mixel-ducau-y-caroline-phillips\\\/\"},\"author\":{\"name\":\"La Gu\u00eda de Pamplona\",\"@id\":\"https:\\\/\\\/www.laguiadepamplona.com\\\/actualidad\\\/#\\\/schema\\\/person\\\/efe887376f0213d4657c93adc50b1fdb\"},\"headline\":\"Condestable recordar\u00e1 este viernes la figura del escritor Joxan Artze en un espect\u00e1culo po\u00e9tico-musical a cargo de Andoni Salamero, Mixel Ducau y Caroline Phillips\",\"datePublished\":\"2019-12-12T15:20:25+00:00\",\"dateModified\":\"2019-12-12T15:20:57+00:00\",\"mainEntityOfPage\":{\"@id\":\"https:\\\/\\\/www.laguiadepamplona.com\\\/actualidad\\\/condestable-recordara-este-viernes-la-figura-del-escritor-joxan-artze-en-un-espectaculo-poetico-musical-a-cargo-de-andoni-salamero-mixel-ducau-y-caroline-phillips\\\/\"},\"wordCount\":443,\"commentCount\":0,\"publisher\":{\"@id\":\"https:\\\/\\\/www.laguiadepamplona.com\\\/actualidad\\\/#organization\"},\"image\":{\"@id\":\"https:\\\/\\\/www.laguiadepamplona.com\\\/actualidad\\\/condestable-recordara-este-viernes-la-figura-del-escritor-joxan-artze-en-un-espectaculo-poetico-musical-a-cargo-de-andoni-salamero-mixel-ducau-y-caroline-phillips\\\/#primaryimage\"},\"thumbnailUrl\":\"https:\\\/\\\/www.laguiadepamplona.com\\\/actualidad\\\/wp-content\\\/uploads\\\/2018\\\/05\\\/palacio-condestable.jpg\",\"articleSection\":[\"Ayto Pamplona\"],\"inLanguage\":\"es\",\"potentialAction\":[{\"@type\":\"CommentAction\",\"name\":\"Comment\",\"target\":[\"https:\\\/\\\/www.laguiadepamplona.com\\\/actualidad\\\/condestable-recordara-este-viernes-la-figura-del-escritor-joxan-artze-en-un-espectaculo-poetico-musical-a-cargo-de-andoni-salamero-mixel-ducau-y-caroline-phillips\\\/#respond\"]}]},{\"@type\":\"WebPage\",\"@id\":\"https:\\\/\\\/www.laguiadepamplona.com\\\/actualidad\\\/condestable-recordara-este-viernes-la-figura-del-escritor-joxan-artze-en-un-espectaculo-poetico-musical-a-cargo-de-andoni-salamero-mixel-ducau-y-caroline-phillips\\\/\",\"url\":\"https:\\\/\\\/www.laguiadepamplona.com\\\/actualidad\\\/condestable-recordara-este-viernes-la-figura-del-escritor-joxan-artze-en-un-espectaculo-poetico-musical-a-cargo-de-andoni-salamero-mixel-ducau-y-caroline-phillips\\\/\",\"name\":\"Condestable recordar\u00e1 este viernes la figura del escritor Joxan Artze en un espect\u00e1culo po\u00e9tico-musical a cargo de Andoni Salamero, Mixel Ducau y Caroline Phillips\",\"isPartOf\":{\"@id\":\"https:\\\/\\\/www.laguiadepamplona.com\\\/actualidad\\\/#website\"},\"primaryImageOfPage\":{\"@id\":\"https:\\\/\\\/www.laguiadepamplona.com\\\/actualidad\\\/condestable-recordara-este-viernes-la-figura-del-escritor-joxan-artze-en-un-espectaculo-poetico-musical-a-cargo-de-andoni-salamero-mixel-ducau-y-caroline-phillips\\\/#primaryimage\"},\"image\":{\"@id\":\"https:\\\/\\\/www.laguiadepamplona.com\\\/actualidad\\\/condestable-recordara-este-viernes-la-figura-del-escritor-joxan-artze-en-un-espectaculo-poetico-musical-a-cargo-de-andoni-salamero-mixel-ducau-y-caroline-phillips\\\/#primaryimage\"},\"thumbnailUrl\":\"https:\\\/\\\/www.laguiadepamplona.com\\\/actualidad\\\/wp-content\\\/uploads\\\/2018\\\/05\\\/palacio-condestable.jpg\",\"datePublished\":\"2019-12-12T15:20:25+00:00\",\"dateModified\":\"2019-12-12T15:20:57+00:00\",\"breadcrumb\":{\"@id\":\"https:\\\/\\\/www.laguiadepamplona.com\\\/actualidad\\\/condestable-recordara-este-viernes-la-figura-del-escritor-joxan-artze-en-un-espectaculo-poetico-musical-a-cargo-de-andoni-salamero-mixel-ducau-y-caroline-phillips\\\/#breadcrumb\"},\"inLanguage\":\"es\",\"potentialAction\":[{\"@type\":\"ReadAction\",\"target\":[\"https:\\\/\\\/www.laguiadepamplona.com\\\/actualidad\\\/condestable-recordara-este-viernes-la-figura-del-escritor-joxan-artze-en-un-espectaculo-poetico-musical-a-cargo-de-andoni-salamero-mixel-ducau-y-caroline-phillips\\\/\"]}]},{\"@type\":\"ImageObject\",\"inLanguage\":\"es\",\"@id\":\"https:\\\/\\\/www.laguiadepamplona.com\\\/actualidad\\\/condestable-recordara-este-viernes-la-figura-del-escritor-joxan-artze-en-un-espectaculo-poetico-musical-a-cargo-de-andoni-salamero-mixel-ducau-y-caroline-phillips\\\/#primaryimage\",\"url\":\"https:\\\/\\\/www.laguiadepamplona.com\\\/actualidad\\\/wp-content\\\/uploads\\\/2018\\\/05\\\/palacio-condestable.jpg\",\"contentUrl\":\"https:\\\/\\\/www.laguiadepamplona.com\\\/actualidad\\\/wp-content\\\/uploads\\\/2018\\\/05\\\/palacio-condestable.jpg\",\"width\":950,\"height\":634,\"caption\":\"civivox condestable\"},{\"@type\":\"BreadcrumbList\",\"@id\":\"https:\\\/\\\/www.laguiadepamplona.com\\\/actualidad\\\/condestable-recordara-este-viernes-la-figura-del-escritor-joxan-artze-en-un-espectaculo-poetico-musical-a-cargo-de-andoni-salamero-mixel-ducau-y-caroline-phillips\\\/#breadcrumb\",\"itemListElement\":[{\"@type\":\"ListItem\",\"position\":1,\"name\":\"Portada\",\"item\":\"https:\\\/\\\/www.laguiadepamplona.com\\\/actualidad\\\/\"},{\"@type\":\"ListItem\",\"position\":2,\"name\":\"Condestable recordar\u00e1 este viernes la figura del escritor Joxan Artze en un espect\u00e1culo po\u00e9tico-musical a cargo de Andoni Salamero, Mixel Ducau y Caroline Phillips\"}]},{\"@type\":\"WebSite\",\"@id\":\"https:\\\/\\\/www.laguiadepamplona.com\\\/actualidad\\\/#website\",\"url\":\"https:\\\/\\\/www.laguiadepamplona.com\\\/actualidad\\\/\",\"name\":\"La gu\u00eda de Pamplona\",\"description\":\"Noticias de Pamplona\",\"publisher\":{\"@id\":\"https:\\\/\\\/www.laguiadepamplona.com\\\/actualidad\\\/#organization\"},\"potentialAction\":[{\"@type\":\"SearchAction\",\"target\":{\"@type\":\"EntryPoint\",\"urlTemplate\":\"https:\\\/\\\/www.laguiadepamplona.com\\\/actualidad\\\/?s={search_term_string}\"},\"query-input\":{\"@type\":\"PropertyValueSpecification\",\"valueRequired\":true,\"valueName\":\"search_term_string\"}}],\"inLanguage\":\"es\"},{\"@type\":\"Organization\",\"@id\":\"https:\\\/\\\/www.laguiadepamplona.com\\\/actualidad\\\/#organization\",\"name\":\"La Gu\u00eda de Pamplona \\\/ Noticias\",\"url\":\"https:\\\/\\\/www.laguiadepamplona.com\\\/actualidad\\\/\",\"logo\":{\"@type\":\"ImageObject\",\"inLanguage\":\"es\",\"@id\":\"https:\\\/\\\/www.laguiadepamplona.com\\\/actualidad\\\/#\\\/schema\\\/logo\\\/image\\\/\",\"url\":\"https:\\\/\\\/www.laguiadepamplona.com\\\/actualidad\\\/wp-content\\\/uploads\\\/2018\\\/11\\\/logo-laguiadepamplona18-web1.png\",\"contentUrl\":\"https:\\\/\\\/www.laguiadepamplona.com\\\/actualidad\\\/wp-content\\\/uploads\\\/2018\\\/11\\\/logo-laguiadepamplona18-web1.png\",\"width\":600,\"height\":196,\"caption\":\"La Gu\u00eda de Pamplona \\\/ Noticias\"},\"image\":{\"@id\":\"https:\\\/\\\/www.laguiadepamplona.com\\\/actualidad\\\/#\\\/schema\\\/logo\\\/image\\\/\"},\"sameAs\":[\"https:\\\/\\\/www.facebook.com\\\/laguiadepamplonacom-133175176762273\\\/?ref=hl\",\"https:\\\/\\\/x.com\\\/LaGuiadPamplona\",\"https:\\\/\\\/www.instagram.com\\\/la_guia_de_pamplona\\\/\",\"https:\\\/\\\/www.youtube.com\\\/user\\\/laguiadepamplona\"]},{\"@type\":\"Person\",\"@id\":\"https:\\\/\\\/www.laguiadepamplona.com\\\/actualidad\\\/#\\\/schema\\\/person\\\/efe887376f0213d4657c93adc50b1fdb\",\"name\":\"La Gu\u00eda de Pamplona\",\"image\":{\"@type\":\"ImageObject\",\"inLanguage\":\"es\",\"@id\":\"https:\\\/\\\/secure.gravatar.com\\\/avatar\\\/b6992f131dc8d30ab0dff15446e9d346d9dbd95992de0fef795073f5ea83a81c?s=96&d=mm&r=g\",\"url\":\"https:\\\/\\\/secure.gravatar.com\\\/avatar\\\/b6992f131dc8d30ab0dff15446e9d346d9dbd95992de0fef795073f5ea83a81c?s=96&d=mm&r=g\",\"contentUrl\":\"https:\\\/\\\/secure.gravatar.com\\\/avatar\\\/b6992f131dc8d30ab0dff15446e9d346d9dbd95992de0fef795073f5ea83a81c?s=96&d=mm&r=g\",\"caption\":\"La Gu\u00eda de Pamplona\"}}]}<\/script>\n<!-- \/ Yoast SEO plugin. -->","yoast_head_json":{"title":"Condestable recordar\u00e1 este viernes la figura del escritor Joxan Artze en un espect\u00e1culo po\u00e9tico-musical a cargo de Andoni Salamero, Mixel Ducau y Caroline Phillips","robots":{"index":"index","follow":"follow","max-snippet":"max-snippet:-1","max-image-preview":"max-image-preview:large","max-video-preview":"max-video-preview:-1"},"canonical":"https:\/\/www.laguiadepamplona.com\/actualidad\/condestable-recordara-este-viernes-la-figura-del-escritor-joxan-artze-en-un-espectaculo-poetico-musical-a-cargo-de-andoni-salamero-mixel-ducau-y-caroline-phillips\/","og_locale":"es_ES","og_type":"article","og_title":"Condestable recordar\u00e1 este viernes la figura del escritor Joxan Artze en un espect\u00e1culo po\u00e9tico-musical a cargo de Andoni Salamero, Mixel Ducau y Caroline Phillips","og_description":"Organizado por el Ayuntamiento y el Ateneo Navarro, comenzar\u00e1 a las 19.30 horas, con entrada libre previa retirada de invitaciones","og_url":"https:\/\/www.laguiadepamplona.com\/actualidad\/condestable-recordara-este-viernes-la-figura-del-escritor-joxan-artze-en-un-espectaculo-poetico-musical-a-cargo-de-andoni-salamero-mixel-ducau-y-caroline-phillips\/","og_site_name":"La Gu\u00eda de Pamplona","article_publisher":"https:\/\/www.facebook.com\/laguiadepamplonacom-133175176762273\/?ref=hl","article_published_time":"2019-12-12T15:20:25+00:00","article_modified_time":"2019-12-12T15:20:57+00:00","og_image":[{"width":950,"height":634,"url":"https:\/\/www.laguiadepamplona.com\/actualidad\/wp-content\/uploads\/2018\/05\/palacio-condestable.jpg","type":"image\/jpeg"}],"author":"La Gu\u00eda de Pamplona","twitter_card":"summary_large_image","twitter_creator":"@LaGuiadPamplona","twitter_site":"@LaGuiadPamplona","twitter_misc":{"Escrito por":"La Gu\u00eda de Pamplona","Tiempo de lectura":"2 minutos"},"schema":{"@context":"https:\/\/schema.org","@graph":[{"@type":"Article","@id":"https:\/\/www.laguiadepamplona.com\/actualidad\/condestable-recordara-este-viernes-la-figura-del-escritor-joxan-artze-en-un-espectaculo-poetico-musical-a-cargo-de-andoni-salamero-mixel-ducau-y-caroline-phillips\/#article","isPartOf":{"@id":"https:\/\/www.laguiadepamplona.com\/actualidad\/condestable-recordara-este-viernes-la-figura-del-escritor-joxan-artze-en-un-espectaculo-poetico-musical-a-cargo-de-andoni-salamero-mixel-ducau-y-caroline-phillips\/"},"author":{"name":"La Gu\u00eda de Pamplona","@id":"https:\/\/www.laguiadepamplona.com\/actualidad\/#\/schema\/person\/efe887376f0213d4657c93adc50b1fdb"},"headline":"Condestable recordar\u00e1 este viernes la figura del escritor Joxan Artze en un espect\u00e1culo po\u00e9tico-musical a cargo de Andoni Salamero, Mixel Ducau y Caroline Phillips","datePublished":"2019-12-12T15:20:25+00:00","dateModified":"2019-12-12T15:20:57+00:00","mainEntityOfPage":{"@id":"https:\/\/www.laguiadepamplona.com\/actualidad\/condestable-recordara-este-viernes-la-figura-del-escritor-joxan-artze-en-un-espectaculo-poetico-musical-a-cargo-de-andoni-salamero-mixel-ducau-y-caroline-phillips\/"},"wordCount":443,"commentCount":0,"publisher":{"@id":"https:\/\/www.laguiadepamplona.com\/actualidad\/#organization"},"image":{"@id":"https:\/\/www.laguiadepamplona.com\/actualidad\/condestable-recordara-este-viernes-la-figura-del-escritor-joxan-artze-en-un-espectaculo-poetico-musical-a-cargo-de-andoni-salamero-mixel-ducau-y-caroline-phillips\/#primaryimage"},"thumbnailUrl":"https:\/\/www.laguiadepamplona.com\/actualidad\/wp-content\/uploads\/2018\/05\/palacio-condestable.jpg","articleSection":["Ayto Pamplona"],"inLanguage":"es","potentialAction":[{"@type":"CommentAction","name":"Comment","target":["https:\/\/www.laguiadepamplona.com\/actualidad\/condestable-recordara-este-viernes-la-figura-del-escritor-joxan-artze-en-un-espectaculo-poetico-musical-a-cargo-de-andoni-salamero-mixel-ducau-y-caroline-phillips\/#respond"]}]},{"@type":"WebPage","@id":"https:\/\/www.laguiadepamplona.com\/actualidad\/condestable-recordara-este-viernes-la-figura-del-escritor-joxan-artze-en-un-espectaculo-poetico-musical-a-cargo-de-andoni-salamero-mixel-ducau-y-caroline-phillips\/","url":"https:\/\/www.laguiadepamplona.com\/actualidad\/condestable-recordara-este-viernes-la-figura-del-escritor-joxan-artze-en-un-espectaculo-poetico-musical-a-cargo-de-andoni-salamero-mixel-ducau-y-caroline-phillips\/","name":"Condestable recordar\u00e1 este viernes la figura del escritor Joxan Artze en un espect\u00e1culo po\u00e9tico-musical a cargo de Andoni Salamero, Mixel Ducau y Caroline Phillips","isPartOf":{"@id":"https:\/\/www.laguiadepamplona.com\/actualidad\/#website"},"primaryImageOfPage":{"@id":"https:\/\/www.laguiadepamplona.com\/actualidad\/condestable-recordara-este-viernes-la-figura-del-escritor-joxan-artze-en-un-espectaculo-poetico-musical-a-cargo-de-andoni-salamero-mixel-ducau-y-caroline-phillips\/#primaryimage"},"image":{"@id":"https:\/\/www.laguiadepamplona.com\/actualidad\/condestable-recordara-este-viernes-la-figura-del-escritor-joxan-artze-en-un-espectaculo-poetico-musical-a-cargo-de-andoni-salamero-mixel-ducau-y-caroline-phillips\/#primaryimage"},"thumbnailUrl":"https:\/\/www.laguiadepamplona.com\/actualidad\/wp-content\/uploads\/2018\/05\/palacio-condestable.jpg","datePublished":"2019-12-12T15:20:25+00:00","dateModified":"2019-12-12T15:20:57+00:00","breadcrumb":{"@id":"https:\/\/www.laguiadepamplona.com\/actualidad\/condestable-recordara-este-viernes-la-figura-del-escritor-joxan-artze-en-un-espectaculo-poetico-musical-a-cargo-de-andoni-salamero-mixel-ducau-y-caroline-phillips\/#breadcrumb"},"inLanguage":"es","potentialAction":[{"@type":"ReadAction","target":["https:\/\/www.laguiadepamplona.com\/actualidad\/condestable-recordara-este-viernes-la-figura-del-escritor-joxan-artze-en-un-espectaculo-poetico-musical-a-cargo-de-andoni-salamero-mixel-ducau-y-caroline-phillips\/"]}]},{"@type":"ImageObject","inLanguage":"es","@id":"https:\/\/www.laguiadepamplona.com\/actualidad\/condestable-recordara-este-viernes-la-figura-del-escritor-joxan-artze-en-un-espectaculo-poetico-musical-a-cargo-de-andoni-salamero-mixel-ducau-y-caroline-phillips\/#primaryimage","url":"https:\/\/www.laguiadepamplona.com\/actualidad\/wp-content\/uploads\/2018\/05\/palacio-condestable.jpg","contentUrl":"https:\/\/www.laguiadepamplona.com\/actualidad\/wp-content\/uploads\/2018\/05\/palacio-condestable.jpg","width":950,"height":634,"caption":"civivox condestable"},{"@type":"BreadcrumbList","@id":"https:\/\/www.laguiadepamplona.com\/actualidad\/condestable-recordara-este-viernes-la-figura-del-escritor-joxan-artze-en-un-espectaculo-poetico-musical-a-cargo-de-andoni-salamero-mixel-ducau-y-caroline-phillips\/#breadcrumb","itemListElement":[{"@type":"ListItem","position":1,"name":"Portada","item":"https:\/\/www.laguiadepamplona.com\/actualidad\/"},{"@type":"ListItem","position":2,"name":"Condestable recordar\u00e1 este viernes la figura del escritor Joxan Artze en un espect\u00e1culo po\u00e9tico-musical a cargo de Andoni Salamero, Mixel Ducau y Caroline Phillips"}]},{"@type":"WebSite","@id":"https:\/\/www.laguiadepamplona.com\/actualidad\/#website","url":"https:\/\/www.laguiadepamplona.com\/actualidad\/","name":"La gu\u00eda de Pamplona","description":"Noticias de Pamplona","publisher":{"@id":"https:\/\/www.laguiadepamplona.com\/actualidad\/#organization"},"potentialAction":[{"@type":"SearchAction","target":{"@type":"EntryPoint","urlTemplate":"https:\/\/www.laguiadepamplona.com\/actualidad\/?s={search_term_string}"},"query-input":{"@type":"PropertyValueSpecification","valueRequired":true,"valueName":"search_term_string"}}],"inLanguage":"es"},{"@type":"Organization","@id":"https:\/\/www.laguiadepamplona.com\/actualidad\/#organization","name":"La Gu\u00eda de Pamplona \/ Noticias","url":"https:\/\/www.laguiadepamplona.com\/actualidad\/","logo":{"@type":"ImageObject","inLanguage":"es","@id":"https:\/\/www.laguiadepamplona.com\/actualidad\/#\/schema\/logo\/image\/","url":"https:\/\/www.laguiadepamplona.com\/actualidad\/wp-content\/uploads\/2018\/11\/logo-laguiadepamplona18-web1.png","contentUrl":"https:\/\/www.laguiadepamplona.com\/actualidad\/wp-content\/uploads\/2018\/11\/logo-laguiadepamplona18-web1.png","width":600,"height":196,"caption":"La Gu\u00eda de Pamplona \/ Noticias"},"image":{"@id":"https:\/\/www.laguiadepamplona.com\/actualidad\/#\/schema\/logo\/image\/"},"sameAs":["https:\/\/www.facebook.com\/laguiadepamplonacom-133175176762273\/?ref=hl","https:\/\/x.com\/LaGuiadPamplona","https:\/\/www.instagram.com\/la_guia_de_pamplona\/","https:\/\/www.youtube.com\/user\/laguiadepamplona"]},{"@type":"Person","@id":"https:\/\/www.laguiadepamplona.com\/actualidad\/#\/schema\/person\/efe887376f0213d4657c93adc50b1fdb","name":"La Gu\u00eda de Pamplona","image":{"@type":"ImageObject","inLanguage":"es","@id":"https:\/\/secure.gravatar.com\/avatar\/b6992f131dc8d30ab0dff15446e9d346d9dbd95992de0fef795073f5ea83a81c?s=96&d=mm&r=g","url":"https:\/\/secure.gravatar.com\/avatar\/b6992f131dc8d30ab0dff15446e9d346d9dbd95992de0fef795073f5ea83a81c?s=96&d=mm&r=g","contentUrl":"https:\/\/secure.gravatar.com\/avatar\/b6992f131dc8d30ab0dff15446e9d346d9dbd95992de0fef795073f5ea83a81c?s=96&d=mm&r=g","caption":"La Gu\u00eda de Pamplona"}}]}},"post_mailing_queue_ids":[],"_links":{"self":[{"href":"https:\/\/www.laguiadepamplona.com\/actualidad\/wp-json\/wp\/v2\/posts\/26796","targetHints":{"allow":["GET"]}}],"collection":[{"href":"https:\/\/www.laguiadepamplona.com\/actualidad\/wp-json\/wp\/v2\/posts"}],"about":[{"href":"https:\/\/www.laguiadepamplona.com\/actualidad\/wp-json\/wp\/v2\/types\/post"}],"author":[{"embeddable":true,"href":"https:\/\/www.laguiadepamplona.com\/actualidad\/wp-json\/wp\/v2\/users\/1"}],"replies":[{"embeddable":true,"href":"https:\/\/www.laguiadepamplona.com\/actualidad\/wp-json\/wp\/v2\/comments?post=26796"}],"version-history":[{"count":0,"href":"https:\/\/www.laguiadepamplona.com\/actualidad\/wp-json\/wp\/v2\/posts\/26796\/revisions"}],"wp:featuredmedia":[{"embeddable":true,"href":"https:\/\/www.laguiadepamplona.com\/actualidad\/wp-json\/wp\/v2\/media\/17390"}],"wp:attachment":[{"href":"https:\/\/www.laguiadepamplona.com\/actualidad\/wp-json\/wp\/v2\/media?parent=26796"}],"wp:term":[{"taxonomy":"category","embeddable":true,"href":"https:\/\/www.laguiadepamplona.com\/actualidad\/wp-json\/wp\/v2\/categories?post=26796"},{"taxonomy":"post_tag","embeddable":true,"href":"https:\/\/www.laguiadepamplona.com\/actualidad\/wp-json\/wp\/v2\/tags?post=26796"}],"curies":[{"name":"wp","href":"https:\/\/api.w.org\/{rel}","templated":true}]}}