{"id":26790,"date":"2019-12-12T17:18:02","date_gmt":"2019-12-12T15:18:02","guid":{"rendered":"https:\/\/www.laguiadepamplona.es\/actualidad\/?p=26790"},"modified":"2019-12-12T17:19:01","modified_gmt":"2019-12-12T15:19:01","slug":"civivox-san-jorge-acoge-este-viernes-el-concierto-de-la-coral-aritza-de-aibar-dentro-del-ciclo-coros-en-red","status":"publish","type":"post","link":"https:\/\/www.laguiadepamplona.com\/actualidad\/civivox-san-jorge-acoge-este-viernes-el-concierto-de-la-coral-aritza-de-aibar-dentro-del-ciclo-coros-en-red\/","title":{"rendered":"Civivox San Jorge acoge este viernes el concierto de la Coral Aritza de Aibar dentro del ciclo Coros en Red"},"content":{"rendered":"<h5>La actuaci\u00f3n, pen\u00faltima del ciclo, comenzar\u00e1 a las 19.30 horas, con entrada libre previa retirada de invitaciones desde una hora antes<\/h5>\n<p><!--more--><\/p>\n<p>Pen\u00faltima actuaci\u00f3n del ciclo Coros en Red que ha programado el Ayuntamiento de Pamplona en los centros Civivox durante este cuatrimestre, entre los meses de octubre y enero. La Coral Aritza de Aibar ofrecer\u00e1 un concierto en Civivox San Jorge este viernes a partir de las 19.30 horas, con entrada libre previa retirada de invitaciones desde una hora antes (dos invitaciones por persona).<\/p>\n<p><script async src=\"\/\/pagead2.googlesyndication.com\/pagead\/js\/adsbygoogle.js\"><\/script><br \/>\n<!-- Noticias La Guia de Pamplona --><br \/>\n<ins class=\"adsbygoogle\"\nstyle=\"display:block\"\ndata-ad-client=\"ca-pub-6943679897239327\"\ndata-ad-slot=\"7048180777\"\ndata-ad-format=\"auto\"><\/ins><br \/>\n<script>\n(adsbygoogle = window.adsbygoogle || []).push({});\n<\/script><\/p>\n<p>En 1974 un grupo de personas aficionadas al canto coral se uni\u00f3 para formar un grupo bajo la direcci\u00f3n de \u00c1lvaro Aldunate Sada. As\u00ed naci\u00f3 la Coral Aritza de Aibar. Ya en 1989, y recobrando el nombre de Coral Aritza, \u00c1ngela Burguete Zapata refund\u00f3 la nueva coral con unos 20 adolescentes, b\u00e1sicamente, de voces blancas. De forma paulatina, con el cambio de voz de los chicos y nuevas incorporaciones, se va transformando en la coral mixta de 33 voces de la actualidad. La actividad musical de la coral se ha multiplicado en los \u00faltimos a\u00f1os, en los que ha conseguido completar un estimable y variado repertorio de polifon\u00eda y folklore, con programaciones que se adaptan a toda clase de acontecimientos. La coral est\u00e1 dirigida en la actualidad por David S\u00e1nchez.<\/p>\n<p>El ciclo Coros en Red finalizar\u00e1 el mes que viene con el concierto del Coro Infantil y Juvenil de la Coral de C\u00e1mara de Pamplona. La actuaci\u00f3n tendr\u00e1 lugar el domingo 12 de enero, a las 12.30 horas, en Civivox Condestable, con entrada libre. Se podr\u00e1 as\u00ed punto y final a un ciclo en el que se han programado conciertos de m\u00e1s de una decena de formaciones corales como Keiki Abesbatza de Leiza, los otxotes Jatorki, Ozenki, Enara y Gizonok, la Coral Parroquia Coraz\u00f3n de Jes\u00fas, Lesakako Abesbatza, Blossom Street Singers de Londres o el Coro L\u00edrico de la Federaci\u00f3n de Coros de Navarra.<\/p>\n<p><script async src=\"\/\/pagead2.googlesyndication.com\/pagead\/js\/adsbygoogle.js\"><\/script><br \/>\n<!-- Noticias La Guia de Pamplona --><br \/>\n<ins class=\"adsbygoogle\"\nstyle=\"display:block\"\ndata-ad-client=\"ca-pub-6943679897239327\"\ndata-ad-slot=\"7048180777\"\ndata-ad-format=\"auto\"><\/ins><br \/>\n<script>\n(adsbygoogle = window.adsbygoogle || []).push({});\n<\/script><\/p>\n<h3><strong>Coros en Red. En colaboraci\u00f3n con la Federaci\u00f3n de Coros de Navarra<\/strong><\/h3>\n<ul>\n<li><strong>Viernes 13 de diciembre, 19.30 horas. Civivox San Jorge<\/strong>\n<ul>\n<li><strong>CORAL ARITZA ABESBATZA DE AIBAR-OIBAR<\/strong><\/li>\n<li>Entrada libre, previa retirada de invitaciones<\/li>\n<\/ul>\n<\/li>\n<li><strong>Domingo 12 de enero, 12.30 horas. Civivox Condestable<\/strong>\n<ul>\n<li><strong>CORAL INFANTIL Y JUVENIL DE LA CCP (CORAL DE C\u00c1MARA DE PAMPLONA)<\/strong><\/li>\n<li>Entrada libre<\/li>\n<\/ul>\n<\/li>\n<\/ul>\n","protected":false},"excerpt":{"rendered":"<p>La actuaci\u00f3n, pen\u00faltima del ciclo, comenzar\u00e1 a las 19.30 horas, con entrada libre previa retirada de invitaciones desde una hora antes<\/p>\n","protected":false},"author":1,"featured_media":26792,"comment_status":"open","ping_status":"closed","sticky":false,"template":"","format":"standard","meta":{"footnotes":""},"categories":[2],"tags":[],"class_list":["post-26790","post","type-post","status-publish","format-standard","has-post-thumbnail","hentry","category-ayuntamiento-pamplona"],"yoast_head":"<!-- This site is optimized with the Yoast SEO plugin v27.5 - https:\/\/yoast.com\/product\/yoast-seo-wordpress\/ -->\n<title>Civivox San Jorge acoge este viernes el concierto de la Coral Aritza de Aibar dentro del ciclo Coros en Red<\/title>\n<meta name=\"robots\" content=\"index, follow, max-snippet:-1, max-image-preview:large, max-video-preview:-1\" \/>\n<link rel=\"canonical\" href=\"https:\/\/www.laguiadepamplona.com\/actualidad\/civivox-san-jorge-acoge-este-viernes-el-concierto-de-la-coral-aritza-de-aibar-dentro-del-ciclo-coros-en-red\/\" \/>\n<meta property=\"og:locale\" content=\"es_ES\" \/>\n<meta property=\"og:type\" content=\"article\" \/>\n<meta property=\"og:title\" content=\"Civivox San Jorge acoge este viernes el concierto de la Coral Aritza de Aibar dentro del ciclo Coros en Red\" \/>\n<meta property=\"og:description\" content=\"La actuaci\u00f3n, pen\u00faltima del ciclo, comenzar\u00e1 a las 19.30 horas, con entrada libre previa retirada de invitaciones desde una hora antes\" \/>\n<meta property=\"og:url\" content=\"https:\/\/www.laguiadepamplona.com\/actualidad\/civivox-san-jorge-acoge-este-viernes-el-concierto-de-la-coral-aritza-de-aibar-dentro-del-ciclo-coros-en-red\/\" \/>\n<meta property=\"og:site_name\" content=\"La Gu\u00eda de Pamplona\" \/>\n<meta property=\"article:publisher\" content=\"https:\/\/www.facebook.com\/laguiadepamplonacom-133175176762273\/?ref=hl\" \/>\n<meta property=\"article:published_time\" content=\"2019-12-12T15:18:02+00:00\" \/>\n<meta property=\"article:modified_time\" content=\"2019-12-12T15:19:01+00:00\" \/>\n<meta property=\"og:image\" content=\"https:\/\/www.laguiadepamplona.com\/actualidad\/wp-content\/uploads\/2019\/12\/19.12.12_coros_red_aritza_aibar.jpg\" \/>\n\t<meta property=\"og:image:width\" content=\"1181\" \/>\n\t<meta property=\"og:image:height\" content=\"787\" \/>\n\t<meta property=\"og:image:type\" content=\"image\/jpeg\" \/>\n<meta name=\"author\" content=\"La Gu\u00eda de Pamplona\" \/>\n<meta name=\"twitter:card\" content=\"summary_large_image\" \/>\n<meta name=\"twitter:creator\" content=\"@LaGuiadPamplona\" \/>\n<meta name=\"twitter:site\" content=\"@LaGuiadPamplona\" \/>\n<meta name=\"twitter:label1\" content=\"Escrito por\" \/>\n\t<meta name=\"twitter:data1\" content=\"La Gu\u00eda de Pamplona\" \/>\n\t<meta name=\"twitter:label2\" content=\"Tiempo de lectura\" \/>\n\t<meta name=\"twitter:data2\" content=\"2 minutos\" \/>\n<script type=\"application\/ld+json\" class=\"yoast-schema-graph\">{\"@context\":\"https:\\\/\\\/schema.org\",\"@graph\":[{\"@type\":\"Article\",\"@id\":\"https:\\\/\\\/www.laguiadepamplona.com\\\/actualidad\\\/civivox-san-jorge-acoge-este-viernes-el-concierto-de-la-coral-aritza-de-aibar-dentro-del-ciclo-coros-en-red\\\/#article\",\"isPartOf\":{\"@id\":\"https:\\\/\\\/www.laguiadepamplona.com\\\/actualidad\\\/civivox-san-jorge-acoge-este-viernes-el-concierto-de-la-coral-aritza-de-aibar-dentro-del-ciclo-coros-en-red\\\/\"},\"author\":{\"name\":\"La Gu\u00eda de Pamplona\",\"@id\":\"https:\\\/\\\/www.laguiadepamplona.com\\\/actualidad\\\/#\\\/schema\\\/person\\\/efe887376f0213d4657c93adc50b1fdb\"},\"headline\":\"Civivox San Jorge acoge este viernes el concierto de la Coral Aritza de Aibar dentro del ciclo Coros en Red\",\"datePublished\":\"2019-12-12T15:18:02+00:00\",\"dateModified\":\"2019-12-12T15:19:01+00:00\",\"mainEntityOfPage\":{\"@id\":\"https:\\\/\\\/www.laguiadepamplona.com\\\/actualidad\\\/civivox-san-jorge-acoge-este-viernes-el-concierto-de-la-coral-aritza-de-aibar-dentro-del-ciclo-coros-en-red\\\/\"},\"wordCount\":399,\"commentCount\":0,\"publisher\":{\"@id\":\"https:\\\/\\\/www.laguiadepamplona.com\\\/actualidad\\\/#organization\"},\"image\":{\"@id\":\"https:\\\/\\\/www.laguiadepamplona.com\\\/actualidad\\\/civivox-san-jorge-acoge-este-viernes-el-concierto-de-la-coral-aritza-de-aibar-dentro-del-ciclo-coros-en-red\\\/#primaryimage\"},\"thumbnailUrl\":\"https:\\\/\\\/www.laguiadepamplona.com\\\/actualidad\\\/wp-content\\\/uploads\\\/2019\\\/12\\\/19.12.12_coros_red_aritza_aibar.jpg\",\"articleSection\":[\"Ayto Pamplona\"],\"inLanguage\":\"es\",\"potentialAction\":[{\"@type\":\"CommentAction\",\"name\":\"Comment\",\"target\":[\"https:\\\/\\\/www.laguiadepamplona.com\\\/actualidad\\\/civivox-san-jorge-acoge-este-viernes-el-concierto-de-la-coral-aritza-de-aibar-dentro-del-ciclo-coros-en-red\\\/#respond\"]}]},{\"@type\":\"WebPage\",\"@id\":\"https:\\\/\\\/www.laguiadepamplona.com\\\/actualidad\\\/civivox-san-jorge-acoge-este-viernes-el-concierto-de-la-coral-aritza-de-aibar-dentro-del-ciclo-coros-en-red\\\/\",\"url\":\"https:\\\/\\\/www.laguiadepamplona.com\\\/actualidad\\\/civivox-san-jorge-acoge-este-viernes-el-concierto-de-la-coral-aritza-de-aibar-dentro-del-ciclo-coros-en-red\\\/\",\"name\":\"Civivox San Jorge acoge este viernes el concierto de la Coral Aritza de Aibar dentro del ciclo Coros en Red\",\"isPartOf\":{\"@id\":\"https:\\\/\\\/www.laguiadepamplona.com\\\/actualidad\\\/#website\"},\"primaryImageOfPage\":{\"@id\":\"https:\\\/\\\/www.laguiadepamplona.com\\\/actualidad\\\/civivox-san-jorge-acoge-este-viernes-el-concierto-de-la-coral-aritza-de-aibar-dentro-del-ciclo-coros-en-red\\\/#primaryimage\"},\"image\":{\"@id\":\"https:\\\/\\\/www.laguiadepamplona.com\\\/actualidad\\\/civivox-san-jorge-acoge-este-viernes-el-concierto-de-la-coral-aritza-de-aibar-dentro-del-ciclo-coros-en-red\\\/#primaryimage\"},\"thumbnailUrl\":\"https:\\\/\\\/www.laguiadepamplona.com\\\/actualidad\\\/wp-content\\\/uploads\\\/2019\\\/12\\\/19.12.12_coros_red_aritza_aibar.jpg\",\"datePublished\":\"2019-12-12T15:18:02+00:00\",\"dateModified\":\"2019-12-12T15:19:01+00:00\",\"breadcrumb\":{\"@id\":\"https:\\\/\\\/www.laguiadepamplona.com\\\/actualidad\\\/civivox-san-jorge-acoge-este-viernes-el-concierto-de-la-coral-aritza-de-aibar-dentro-del-ciclo-coros-en-red\\\/#breadcrumb\"},\"inLanguage\":\"es\",\"potentialAction\":[{\"@type\":\"ReadAction\",\"target\":[\"https:\\\/\\\/www.laguiadepamplona.com\\\/actualidad\\\/civivox-san-jorge-acoge-este-viernes-el-concierto-de-la-coral-aritza-de-aibar-dentro-del-ciclo-coros-en-red\\\/\"]}]},{\"@type\":\"ImageObject\",\"inLanguage\":\"es\",\"@id\":\"https:\\\/\\\/www.laguiadepamplona.com\\\/actualidad\\\/civivox-san-jorge-acoge-este-viernes-el-concierto-de-la-coral-aritza-de-aibar-dentro-del-ciclo-coros-en-red\\\/#primaryimage\",\"url\":\"https:\\\/\\\/www.laguiadepamplona.com\\\/actualidad\\\/wp-content\\\/uploads\\\/2019\\\/12\\\/19.12.12_coros_red_aritza_aibar.jpg\",\"contentUrl\":\"https:\\\/\\\/www.laguiadepamplona.com\\\/actualidad\\\/wp-content\\\/uploads\\\/2019\\\/12\\\/19.12.12_coros_red_aritza_aibar.jpg\",\"width\":1181,\"height\":787},{\"@type\":\"BreadcrumbList\",\"@id\":\"https:\\\/\\\/www.laguiadepamplona.com\\\/actualidad\\\/civivox-san-jorge-acoge-este-viernes-el-concierto-de-la-coral-aritza-de-aibar-dentro-del-ciclo-coros-en-red\\\/#breadcrumb\",\"itemListElement\":[{\"@type\":\"ListItem\",\"position\":1,\"name\":\"Portada\",\"item\":\"https:\\\/\\\/www.laguiadepamplona.com\\\/actualidad\\\/\"},{\"@type\":\"ListItem\",\"position\":2,\"name\":\"Civivox San Jorge acoge este viernes el concierto de la Coral Aritza de Aibar dentro del ciclo Coros en Red\"}]},{\"@type\":\"WebSite\",\"@id\":\"https:\\\/\\\/www.laguiadepamplona.com\\\/actualidad\\\/#website\",\"url\":\"https:\\\/\\\/www.laguiadepamplona.com\\\/actualidad\\\/\",\"name\":\"La gu\u00eda de Pamplona\",\"description\":\"Noticias de Pamplona\",\"publisher\":{\"@id\":\"https:\\\/\\\/www.laguiadepamplona.com\\\/actualidad\\\/#organization\"},\"potentialAction\":[{\"@type\":\"SearchAction\",\"target\":{\"@type\":\"EntryPoint\",\"urlTemplate\":\"https:\\\/\\\/www.laguiadepamplona.com\\\/actualidad\\\/?s={search_term_string}\"},\"query-input\":{\"@type\":\"PropertyValueSpecification\",\"valueRequired\":true,\"valueName\":\"search_term_string\"}}],\"inLanguage\":\"es\"},{\"@type\":\"Organization\",\"@id\":\"https:\\\/\\\/www.laguiadepamplona.com\\\/actualidad\\\/#organization\",\"name\":\"La Gu\u00eda de Pamplona \\\/ Noticias\",\"url\":\"https:\\\/\\\/www.laguiadepamplona.com\\\/actualidad\\\/\",\"logo\":{\"@type\":\"ImageObject\",\"inLanguage\":\"es\",\"@id\":\"https:\\\/\\\/www.laguiadepamplona.com\\\/actualidad\\\/#\\\/schema\\\/logo\\\/image\\\/\",\"url\":\"https:\\\/\\\/www.laguiadepamplona.com\\\/actualidad\\\/wp-content\\\/uploads\\\/2018\\\/11\\\/logo-laguiadepamplona18-web1.png\",\"contentUrl\":\"https:\\\/\\\/www.laguiadepamplona.com\\\/actualidad\\\/wp-content\\\/uploads\\\/2018\\\/11\\\/logo-laguiadepamplona18-web1.png\",\"width\":600,\"height\":196,\"caption\":\"La Gu\u00eda de Pamplona \\\/ Noticias\"},\"image\":{\"@id\":\"https:\\\/\\\/www.laguiadepamplona.com\\\/actualidad\\\/#\\\/schema\\\/logo\\\/image\\\/\"},\"sameAs\":[\"https:\\\/\\\/www.facebook.com\\\/laguiadepamplonacom-133175176762273\\\/?ref=hl\",\"https:\\\/\\\/x.com\\\/LaGuiadPamplona\",\"https:\\\/\\\/www.instagram.com\\\/la_guia_de_pamplona\\\/\",\"https:\\\/\\\/www.youtube.com\\\/user\\\/laguiadepamplona\"]},{\"@type\":\"Person\",\"@id\":\"https:\\\/\\\/www.laguiadepamplona.com\\\/actualidad\\\/#\\\/schema\\\/person\\\/efe887376f0213d4657c93adc50b1fdb\",\"name\":\"La Gu\u00eda de Pamplona\",\"image\":{\"@type\":\"ImageObject\",\"inLanguage\":\"es\",\"@id\":\"https:\\\/\\\/secure.gravatar.com\\\/avatar\\\/b6992f131dc8d30ab0dff15446e9d346d9dbd95992de0fef795073f5ea83a81c?s=96&d=mm&r=g\",\"url\":\"https:\\\/\\\/secure.gravatar.com\\\/avatar\\\/b6992f131dc8d30ab0dff15446e9d346d9dbd95992de0fef795073f5ea83a81c?s=96&d=mm&r=g\",\"contentUrl\":\"https:\\\/\\\/secure.gravatar.com\\\/avatar\\\/b6992f131dc8d30ab0dff15446e9d346d9dbd95992de0fef795073f5ea83a81c?s=96&d=mm&r=g\",\"caption\":\"La Gu\u00eda de Pamplona\"}}]}<\/script>\n<!-- \/ Yoast SEO plugin. -->","yoast_head_json":{"title":"Civivox San Jorge acoge este viernes el concierto de la Coral Aritza de Aibar dentro del ciclo Coros en Red","robots":{"index":"index","follow":"follow","max-snippet":"max-snippet:-1","max-image-preview":"max-image-preview:large","max-video-preview":"max-video-preview:-1"},"canonical":"https:\/\/www.laguiadepamplona.com\/actualidad\/civivox-san-jorge-acoge-este-viernes-el-concierto-de-la-coral-aritza-de-aibar-dentro-del-ciclo-coros-en-red\/","og_locale":"es_ES","og_type":"article","og_title":"Civivox San Jorge acoge este viernes el concierto de la Coral Aritza de Aibar dentro del ciclo Coros en Red","og_description":"La actuaci\u00f3n, pen\u00faltima del ciclo, comenzar\u00e1 a las 19.30 horas, con entrada libre previa retirada de invitaciones desde una hora antes","og_url":"https:\/\/www.laguiadepamplona.com\/actualidad\/civivox-san-jorge-acoge-este-viernes-el-concierto-de-la-coral-aritza-de-aibar-dentro-del-ciclo-coros-en-red\/","og_site_name":"La Gu\u00eda de Pamplona","article_publisher":"https:\/\/www.facebook.com\/laguiadepamplonacom-133175176762273\/?ref=hl","article_published_time":"2019-12-12T15:18:02+00:00","article_modified_time":"2019-12-12T15:19:01+00:00","og_image":[{"width":1181,"height":787,"url":"https:\/\/www.laguiadepamplona.com\/actualidad\/wp-content\/uploads\/2019\/12\/19.12.12_coros_red_aritza_aibar.jpg","type":"image\/jpeg"}],"author":"La Gu\u00eda de Pamplona","twitter_card":"summary_large_image","twitter_creator":"@LaGuiadPamplona","twitter_site":"@LaGuiadPamplona","twitter_misc":{"Escrito por":"La Gu\u00eda de Pamplona","Tiempo de lectura":"2 minutos"},"schema":{"@context":"https:\/\/schema.org","@graph":[{"@type":"Article","@id":"https:\/\/www.laguiadepamplona.com\/actualidad\/civivox-san-jorge-acoge-este-viernes-el-concierto-de-la-coral-aritza-de-aibar-dentro-del-ciclo-coros-en-red\/#article","isPartOf":{"@id":"https:\/\/www.laguiadepamplona.com\/actualidad\/civivox-san-jorge-acoge-este-viernes-el-concierto-de-la-coral-aritza-de-aibar-dentro-del-ciclo-coros-en-red\/"},"author":{"name":"La Gu\u00eda de Pamplona","@id":"https:\/\/www.laguiadepamplona.com\/actualidad\/#\/schema\/person\/efe887376f0213d4657c93adc50b1fdb"},"headline":"Civivox San Jorge acoge este viernes el concierto de la Coral Aritza de Aibar dentro del ciclo Coros en Red","datePublished":"2019-12-12T15:18:02+00:00","dateModified":"2019-12-12T15:19:01+00:00","mainEntityOfPage":{"@id":"https:\/\/www.laguiadepamplona.com\/actualidad\/civivox-san-jorge-acoge-este-viernes-el-concierto-de-la-coral-aritza-de-aibar-dentro-del-ciclo-coros-en-red\/"},"wordCount":399,"commentCount":0,"publisher":{"@id":"https:\/\/www.laguiadepamplona.com\/actualidad\/#organization"},"image":{"@id":"https:\/\/www.laguiadepamplona.com\/actualidad\/civivox-san-jorge-acoge-este-viernes-el-concierto-de-la-coral-aritza-de-aibar-dentro-del-ciclo-coros-en-red\/#primaryimage"},"thumbnailUrl":"https:\/\/www.laguiadepamplona.com\/actualidad\/wp-content\/uploads\/2019\/12\/19.12.12_coros_red_aritza_aibar.jpg","articleSection":["Ayto Pamplona"],"inLanguage":"es","potentialAction":[{"@type":"CommentAction","name":"Comment","target":["https:\/\/www.laguiadepamplona.com\/actualidad\/civivox-san-jorge-acoge-este-viernes-el-concierto-de-la-coral-aritza-de-aibar-dentro-del-ciclo-coros-en-red\/#respond"]}]},{"@type":"WebPage","@id":"https:\/\/www.laguiadepamplona.com\/actualidad\/civivox-san-jorge-acoge-este-viernes-el-concierto-de-la-coral-aritza-de-aibar-dentro-del-ciclo-coros-en-red\/","url":"https:\/\/www.laguiadepamplona.com\/actualidad\/civivox-san-jorge-acoge-este-viernes-el-concierto-de-la-coral-aritza-de-aibar-dentro-del-ciclo-coros-en-red\/","name":"Civivox San Jorge acoge este viernes el concierto de la Coral Aritza de Aibar dentro del ciclo Coros en Red","isPartOf":{"@id":"https:\/\/www.laguiadepamplona.com\/actualidad\/#website"},"primaryImageOfPage":{"@id":"https:\/\/www.laguiadepamplona.com\/actualidad\/civivox-san-jorge-acoge-este-viernes-el-concierto-de-la-coral-aritza-de-aibar-dentro-del-ciclo-coros-en-red\/#primaryimage"},"image":{"@id":"https:\/\/www.laguiadepamplona.com\/actualidad\/civivox-san-jorge-acoge-este-viernes-el-concierto-de-la-coral-aritza-de-aibar-dentro-del-ciclo-coros-en-red\/#primaryimage"},"thumbnailUrl":"https:\/\/www.laguiadepamplona.com\/actualidad\/wp-content\/uploads\/2019\/12\/19.12.12_coros_red_aritza_aibar.jpg","datePublished":"2019-12-12T15:18:02+00:00","dateModified":"2019-12-12T15:19:01+00:00","breadcrumb":{"@id":"https:\/\/www.laguiadepamplona.com\/actualidad\/civivox-san-jorge-acoge-este-viernes-el-concierto-de-la-coral-aritza-de-aibar-dentro-del-ciclo-coros-en-red\/#breadcrumb"},"inLanguage":"es","potentialAction":[{"@type":"ReadAction","target":["https:\/\/www.laguiadepamplona.com\/actualidad\/civivox-san-jorge-acoge-este-viernes-el-concierto-de-la-coral-aritza-de-aibar-dentro-del-ciclo-coros-en-red\/"]}]},{"@type":"ImageObject","inLanguage":"es","@id":"https:\/\/www.laguiadepamplona.com\/actualidad\/civivox-san-jorge-acoge-este-viernes-el-concierto-de-la-coral-aritza-de-aibar-dentro-del-ciclo-coros-en-red\/#primaryimage","url":"https:\/\/www.laguiadepamplona.com\/actualidad\/wp-content\/uploads\/2019\/12\/19.12.12_coros_red_aritza_aibar.jpg","contentUrl":"https:\/\/www.laguiadepamplona.com\/actualidad\/wp-content\/uploads\/2019\/12\/19.12.12_coros_red_aritza_aibar.jpg","width":1181,"height":787},{"@type":"BreadcrumbList","@id":"https:\/\/www.laguiadepamplona.com\/actualidad\/civivox-san-jorge-acoge-este-viernes-el-concierto-de-la-coral-aritza-de-aibar-dentro-del-ciclo-coros-en-red\/#breadcrumb","itemListElement":[{"@type":"ListItem","position":1,"name":"Portada","item":"https:\/\/www.laguiadepamplona.com\/actualidad\/"},{"@type":"ListItem","position":2,"name":"Civivox San Jorge acoge este viernes el concierto de la Coral Aritza de Aibar dentro del ciclo Coros en Red"}]},{"@type":"WebSite","@id":"https:\/\/www.laguiadepamplona.com\/actualidad\/#website","url":"https:\/\/www.laguiadepamplona.com\/actualidad\/","name":"La gu\u00eda de Pamplona","description":"Noticias de Pamplona","publisher":{"@id":"https:\/\/www.laguiadepamplona.com\/actualidad\/#organization"},"potentialAction":[{"@type":"SearchAction","target":{"@type":"EntryPoint","urlTemplate":"https:\/\/www.laguiadepamplona.com\/actualidad\/?s={search_term_string}"},"query-input":{"@type":"PropertyValueSpecification","valueRequired":true,"valueName":"search_term_string"}}],"inLanguage":"es"},{"@type":"Organization","@id":"https:\/\/www.laguiadepamplona.com\/actualidad\/#organization","name":"La Gu\u00eda de Pamplona \/ Noticias","url":"https:\/\/www.laguiadepamplona.com\/actualidad\/","logo":{"@type":"ImageObject","inLanguage":"es","@id":"https:\/\/www.laguiadepamplona.com\/actualidad\/#\/schema\/logo\/image\/","url":"https:\/\/www.laguiadepamplona.com\/actualidad\/wp-content\/uploads\/2018\/11\/logo-laguiadepamplona18-web1.png","contentUrl":"https:\/\/www.laguiadepamplona.com\/actualidad\/wp-content\/uploads\/2018\/11\/logo-laguiadepamplona18-web1.png","width":600,"height":196,"caption":"La Gu\u00eda de Pamplona \/ Noticias"},"image":{"@id":"https:\/\/www.laguiadepamplona.com\/actualidad\/#\/schema\/logo\/image\/"},"sameAs":["https:\/\/www.facebook.com\/laguiadepamplonacom-133175176762273\/?ref=hl","https:\/\/x.com\/LaGuiadPamplona","https:\/\/www.instagram.com\/la_guia_de_pamplona\/","https:\/\/www.youtube.com\/user\/laguiadepamplona"]},{"@type":"Person","@id":"https:\/\/www.laguiadepamplona.com\/actualidad\/#\/schema\/person\/efe887376f0213d4657c93adc50b1fdb","name":"La Gu\u00eda de Pamplona","image":{"@type":"ImageObject","inLanguage":"es","@id":"https:\/\/secure.gravatar.com\/avatar\/b6992f131dc8d30ab0dff15446e9d346d9dbd95992de0fef795073f5ea83a81c?s=96&d=mm&r=g","url":"https:\/\/secure.gravatar.com\/avatar\/b6992f131dc8d30ab0dff15446e9d346d9dbd95992de0fef795073f5ea83a81c?s=96&d=mm&r=g","contentUrl":"https:\/\/secure.gravatar.com\/avatar\/b6992f131dc8d30ab0dff15446e9d346d9dbd95992de0fef795073f5ea83a81c?s=96&d=mm&r=g","caption":"La Gu\u00eda de Pamplona"}}]}},"post_mailing_queue_ids":[],"_links":{"self":[{"href":"https:\/\/www.laguiadepamplona.com\/actualidad\/wp-json\/wp\/v2\/posts\/26790","targetHints":{"allow":["GET"]}}],"collection":[{"href":"https:\/\/www.laguiadepamplona.com\/actualidad\/wp-json\/wp\/v2\/posts"}],"about":[{"href":"https:\/\/www.laguiadepamplona.com\/actualidad\/wp-json\/wp\/v2\/types\/post"}],"author":[{"embeddable":true,"href":"https:\/\/www.laguiadepamplona.com\/actualidad\/wp-json\/wp\/v2\/users\/1"}],"replies":[{"embeddable":true,"href":"https:\/\/www.laguiadepamplona.com\/actualidad\/wp-json\/wp\/v2\/comments?post=26790"}],"version-history":[{"count":0,"href":"https:\/\/www.laguiadepamplona.com\/actualidad\/wp-json\/wp\/v2\/posts\/26790\/revisions"}],"wp:featuredmedia":[{"embeddable":true,"href":"https:\/\/www.laguiadepamplona.com\/actualidad\/wp-json\/wp\/v2\/media\/26792"}],"wp:attachment":[{"href":"https:\/\/www.laguiadepamplona.com\/actualidad\/wp-json\/wp\/v2\/media?parent=26790"}],"wp:term":[{"taxonomy":"category","embeddable":true,"href":"https:\/\/www.laguiadepamplona.com\/actualidad\/wp-json\/wp\/v2\/categories?post=26790"},{"taxonomy":"post_tag","embeddable":true,"href":"https:\/\/www.laguiadepamplona.com\/actualidad\/wp-json\/wp\/v2\/tags?post=26790"}],"curies":[{"name":"wp","href":"https:\/\/api.w.org\/{rel}","templated":true}]}}