{"id":26785,"date":"2019-12-12T17:15:30","date_gmt":"2019-12-12T15:15:30","guid":{"rendered":"https:\/\/www.laguiadepamplona.es\/actualidad\/?p=26785"},"modified":"2019-12-12T17:16:02","modified_gmt":"2019-12-12T15:16:02","slug":"el-xxi-festival-de-musica-de-plectro-se-celebrara-desde-manana-viernes-y-hasta-el-domingo-en-civivox-iturrama-con-tres-conciertos-y-una-exposicion-de-instrumentos","status":"publish","type":"post","link":"https:\/\/www.laguiadepamplona.com\/actualidad\/el-xxi-festival-de-musica-de-plectro-se-celebrara-desde-manana-viernes-y-hasta-el-domingo-en-civivox-iturrama-con-tres-conciertos-y-una-exposicion-de-instrumentos\/","title":{"rendered":"El XXI Festival de M\u00fasica de Plectro se celebrar\u00e1 desde ma\u00f1ana viernes y hasta el domingo en Civivox Iturrama, con tres conciertos y una exposici\u00f3n de instrumentos"},"content":{"rendered":"<h5>Actuar\u00e1n el Tr\u00edo Plec-Tres, Cuerda para rato y la orquesta Paulino Otamendi, en conciertos que comenzar\u00e1n a las 19.30 horas<\/h5>\n<p><!--more--><\/p>\n<p>Tres conciertos y una exposici\u00f3n de instrumentos conforman la vig\u00e9simo primera edici\u00f3n del Festival de M\u00fasica de Plectro que tendr\u00e1n lugar de viernes a domingo en Civivox Iturrama. Una ocasi\u00f3n para disfrutar de la m\u00fasica de estos tradicionales instrumentos con tres formaciones de Castilla &#8211; La Mancha, Segovia y Pamplona. Cada d\u00eda habr\u00e1 un concierto, que comenzar\u00e1 a las 19.30 horas, con entrada libre previa retirada de invitaciones.<\/p>\n<p><script async src=\"\/\/pagead2.googlesyndication.com\/pagead\/js\/adsbygoogle.js\"><\/script><br \/>\n<!-- Noticias La Guia de Pamplona --><br \/>\n<ins class=\"adsbygoogle\"\nstyle=\"display:block\"\ndata-ad-client=\"ca-pub-6943679897239327\"\ndata-ad-slot=\"7048180777\"\ndata-ad-format=\"auto\"><\/ins><br \/>\n<script>\n(adsbygoogle = window.adsbygoogle || []).push({});\n<\/script><\/p>\n<p>Abrir\u00e1 el festival ma\u00f1ana viernes el Tr\u00edo Plec-Tres, formado por los manchegos Marta Escudero, Rafael Tarjuelo y Rub\u00e9n Garc\u00eda Casarrubios. Caracterizado por su sonido fresco y mediterr\u00e1neo, Plec-Tres es un innovador tr\u00edo de instrumentos de plectro, que combina los diferentes instrumentos de la familia de la bandurria y la mandolina. La formaci\u00f3n persigue explotar y dar a conocer al m\u00e1ximo nivel las posibilidades sonoras de estos instrumentos mediante la interpretaci\u00f3n de un repertorio variado, poniendo especial \u00e9nfasis en la m\u00fasica espa\u00f1ola y latinoamericana.<\/p>\n<p>El s\u00e1bado el concierto correr\u00e1 a cargo de la orquesta de plectro y guitarra Cuerda para rato. Esta formaci\u00f3n segoviana naci\u00f3 en diciembre de 2009 y est\u00e1 formada por instrumentistas de p\u00faa y de guitarra con experiencia previa en otras agrupaciones de la regi\u00f3n, como grupos folcl\u00f3ricos, rondallas y antiguos tunos. En esta orquesta contin\u00faan la senda de las agrupaciones de pulso y p\u00faa tradicionales, interpretando temas del repertorio espa\u00f1ol y m\u00fasica cl\u00e1sica adaptada, pero sobre todo m\u00fasica concebida ex profeso para instrumentos de plectro de cualquier latitud. Otro de los objetivos de Cuerda para rato es aportar nuevos arreglos y composiciones al repertorio de los conjuntos de pulso y p\u00faa.<\/p>\n<p>Cerrar\u00e1 el programa el domingo, la Orquesta de C\u00e1mara Paulino Otamendi, perteneciente a la Asociaci\u00f3n Musical \u2018Los Amigos del Arte\u2019 de Pamplona, sociedad que desde su fundaci\u00f3n en 1918 se ha dedicado a la promoci\u00f3n y divulgaci\u00f3n de la m\u00fasica de plectro, por medio de conciertos, cursos, festivales&#8230; y a dar a conocer la importancia que los instrumentos de plectro tienen y han tenido a lo largo de la historia de la m\u00fasica. En su repertorio se encuentran piezas que van desde el Renacimiento hasta nuestros d\u00edas, incluyendo m\u00fasica popular de la tierra.<\/p>\n<p>Como complemento a la exposici\u00f3n, como en a\u00f1os anteriores, la Asociaci\u00f3n Musical Los Amigos del Arte instalar\u00e1 una exposici\u00f3n de instrumentos de pulso y p\u00faa, que se podr\u00e1 visitar desde este viernes hasta el domingo, coincidiendo con la celebraci\u00f3n del festival y que se podr\u00e1 contemplar tanto antes como despu\u00e9s de cada uno de los conciertos. En la muestra se podr\u00e1 conocer de cerca esos instrumentos, informarse de sus caracter\u00edsticas y descubrir instrumentos de otras partes del mundo.<\/p>\n<p><script async src=\"\/\/pagead2.googlesyndication.com\/pagead\/js\/adsbygoogle.js\"><\/script><br \/>\n<!-- Noticias La Guia de Pamplona --><br \/>\n<ins class=\"adsbygoogle\"\nstyle=\"display:block\"\ndata-ad-client=\"ca-pub-6943679897239327\"\ndata-ad-slot=\"7048180777\"\ndata-ad-format=\"auto\"><\/ins><br \/>\n<script>\n(adsbygoogle = window.adsbygoogle || []).push({});\n<\/script><\/p>\n<h3>Festival de M\u00fasica de Plectro 2019. Civivox Iturrama. Del 13 al 15 de diciembre<\/h3>\n<p><span style=\"color: #ff0000;\"><strong>Viernes 13 de diciembre, 19.30 horas. Civivox Iturrama<\/strong><\/span><\/p>\n<ul>\n<li><strong>CONCIERTO<\/strong><\/li>\n<li>TR\u00cdO PLEC-TRES<\/li>\n<li>Entrada libre, previa retirada de invitaciones desde una hora antes (2 por persona). En colaboraci\u00f3n con la asociaci\u00f3n musical Los Amigos del Arte<\/li>\n<\/ul>\n<p><span style=\"color: #ff0000;\"><strong>S\u00e1bado 14 de diciembre, 19.30 horas. Civivox Iturrama<\/strong><\/span><\/p>\n<ul>\n<li><strong>CONCIERTO<\/strong><\/li>\n<li>CUERDA PARA RATO. ORQUESTA DE PLECTRO Y GUITARRA DE SEGOVIA<\/li>\n<li>Entrada libre, previa retirada de invitaciones desde una hora antes (2 por persona). En colaboraci\u00f3n con la asociaci\u00f3n musical Los Amigos del Arte<\/li>\n<\/ul>\n<p><span style=\"color: #ff0000;\"><strong>Domingo 15 de diciembre, 19.30 horas. Civivox Iturrama<\/strong><\/span><\/p>\n<ul>\n<li><strong>CONCIERTO<\/strong><\/li>\n<li>ORQUESTA DE C\u00c1MARA \u2018PAULINO OTAMENDI\u2019<\/li>\n<li>Entrada libre, previa retirada de invitaciones desde una hora antes (2 por persona). En colaboraci\u00f3n con la asociaci\u00f3n musical Los Amigos del Arte<\/li>\n<\/ul>\n<p><span style=\"color: #ff0000;\"><strong>Del viernes 13 al domingo 15 de diciembre. Civivox Iturrama<\/strong><\/span><\/p>\n<ul>\n<li><strong>EXPOSICI\u00d3N<\/strong>. Instrumentos de pulso y p\u00faa<\/li>\n<\/ul>\n","protected":false},"excerpt":{"rendered":"<p>Actuar\u00e1n el Tr\u00edo Plec-Tres, Cuerda para rato y la orquesta Paulino Otamendi, en conciertos que comenzar\u00e1n a las 19.30 horas<\/p>\n","protected":false},"author":1,"featured_media":18887,"comment_status":"open","ping_status":"closed","sticky":false,"template":"","format":"standard","meta":{"footnotes":""},"categories":[2],"tags":[],"class_list":["post-26785","post","type-post","status-publish","format-standard","has-post-thumbnail","hentry","category-ayuntamiento-pamplona"],"yoast_head":"<!-- This site is optimized with the Yoast SEO plugin v27.5 - https:\/\/yoast.com\/product\/yoast-seo-wordpress\/ -->\n<title>El XXI Festival de M\u00fasica de Plectro se celebrar\u00e1 desde ma\u00f1ana viernes y hasta el domingo en Civivox Iturrama, con tres conciertos y una exposici\u00f3n de instrumentos<\/title>\n<meta name=\"robots\" content=\"index, follow, max-snippet:-1, max-image-preview:large, max-video-preview:-1\" \/>\n<link rel=\"canonical\" href=\"https:\/\/www.laguiadepamplona.com\/actualidad\/el-xxi-festival-de-musica-de-plectro-se-celebrara-desde-manana-viernes-y-hasta-el-domingo-en-civivox-iturrama-con-tres-conciertos-y-una-exposicion-de-instrumentos\/\" \/>\n<meta property=\"og:locale\" content=\"es_ES\" \/>\n<meta property=\"og:type\" content=\"article\" \/>\n<meta property=\"og:title\" content=\"El XXI Festival de M\u00fasica de Plectro se celebrar\u00e1 desde ma\u00f1ana viernes y hasta el domingo en Civivox Iturrama, con tres conciertos y una exposici\u00f3n de instrumentos\" \/>\n<meta property=\"og:description\" content=\"Actuar\u00e1n el Tr\u00edo Plec-Tres, Cuerda para rato y la orquesta Paulino Otamendi, en conciertos que comenzar\u00e1n a las 19.30 horas\" \/>\n<meta property=\"og:url\" content=\"https:\/\/www.laguiadepamplona.com\/actualidad\/el-xxi-festival-de-musica-de-plectro-se-celebrara-desde-manana-viernes-y-hasta-el-domingo-en-civivox-iturrama-con-tres-conciertos-y-una-exposicion-de-instrumentos\/\" \/>\n<meta property=\"og:site_name\" content=\"La Gu\u00eda de Pamplona\" \/>\n<meta property=\"article:publisher\" content=\"https:\/\/www.facebook.com\/laguiadepamplonacom-133175176762273\/?ref=hl\" \/>\n<meta property=\"article:published_time\" content=\"2019-12-12T15:15:30+00:00\" \/>\n<meta property=\"article:modified_time\" content=\"2019-12-12T15:16:02+00:00\" \/>\n<meta property=\"og:image\" content=\"https:\/\/www.laguiadepamplona.com\/actualidad\/wp-content\/uploads\/2018\/10\/civivox-iturrama.jpg\" \/>\n\t<meta property=\"og:image:width\" content=\"1000\" \/>\n\t<meta property=\"og:image:height\" content=\"563\" \/>\n\t<meta property=\"og:image:type\" content=\"image\/jpeg\" \/>\n<meta name=\"author\" content=\"La Gu\u00eda de Pamplona\" \/>\n<meta name=\"twitter:card\" content=\"summary_large_image\" \/>\n<meta name=\"twitter:creator\" content=\"@LaGuiadPamplona\" \/>\n<meta name=\"twitter:site\" content=\"@LaGuiadPamplona\" \/>\n<meta name=\"twitter:label1\" content=\"Escrito por\" \/>\n\t<meta name=\"twitter:data1\" content=\"La Gu\u00eda de Pamplona\" \/>\n\t<meta name=\"twitter:label2\" content=\"Tiempo de lectura\" \/>\n\t<meta name=\"twitter:data2\" content=\"3 minutos\" \/>\n<script type=\"application\/ld+json\" class=\"yoast-schema-graph\">{\"@context\":\"https:\\\/\\\/schema.org\",\"@graph\":[{\"@type\":\"Article\",\"@id\":\"https:\\\/\\\/www.laguiadepamplona.com\\\/actualidad\\\/el-xxi-festival-de-musica-de-plectro-se-celebrara-desde-manana-viernes-y-hasta-el-domingo-en-civivox-iturrama-con-tres-conciertos-y-una-exposicion-de-instrumentos\\\/#article\",\"isPartOf\":{\"@id\":\"https:\\\/\\\/www.laguiadepamplona.com\\\/actualidad\\\/el-xxi-festival-de-musica-de-plectro-se-celebrara-desde-manana-viernes-y-hasta-el-domingo-en-civivox-iturrama-con-tres-conciertos-y-una-exposicion-de-instrumentos\\\/\"},\"author\":{\"name\":\"La Gu\u00eda de Pamplona\",\"@id\":\"https:\\\/\\\/www.laguiadepamplona.com\\\/actualidad\\\/#\\\/schema\\\/person\\\/efe887376f0213d4657c93adc50b1fdb\"},\"headline\":\"El XXI Festival de M\u00fasica de Plectro se celebrar\u00e1 desde ma\u00f1ana viernes y hasta el domingo en Civivox Iturrama, con tres conciertos y una exposici\u00f3n de instrumentos\",\"datePublished\":\"2019-12-12T15:15:30+00:00\",\"dateModified\":\"2019-12-12T15:16:02+00:00\",\"mainEntityOfPage\":{\"@id\":\"https:\\\/\\\/www.laguiadepamplona.com\\\/actualidad\\\/el-xxi-festival-de-musica-de-plectro-se-celebrara-desde-manana-viernes-y-hasta-el-domingo-en-civivox-iturrama-con-tres-conciertos-y-una-exposicion-de-instrumentos\\\/\"},\"wordCount\":671,\"commentCount\":0,\"publisher\":{\"@id\":\"https:\\\/\\\/www.laguiadepamplona.com\\\/actualidad\\\/#organization\"},\"image\":{\"@id\":\"https:\\\/\\\/www.laguiadepamplona.com\\\/actualidad\\\/el-xxi-festival-de-musica-de-plectro-se-celebrara-desde-manana-viernes-y-hasta-el-domingo-en-civivox-iturrama-con-tres-conciertos-y-una-exposicion-de-instrumentos\\\/#primaryimage\"},\"thumbnailUrl\":\"https:\\\/\\\/www.laguiadepamplona.com\\\/actualidad\\\/wp-content\\\/uploads\\\/2018\\\/10\\\/civivox-iturrama.jpg\",\"articleSection\":[\"Ayto Pamplona\"],\"inLanguage\":\"es\",\"potentialAction\":[{\"@type\":\"CommentAction\",\"name\":\"Comment\",\"target\":[\"https:\\\/\\\/www.laguiadepamplona.com\\\/actualidad\\\/el-xxi-festival-de-musica-de-plectro-se-celebrara-desde-manana-viernes-y-hasta-el-domingo-en-civivox-iturrama-con-tres-conciertos-y-una-exposicion-de-instrumentos\\\/#respond\"]}]},{\"@type\":\"WebPage\",\"@id\":\"https:\\\/\\\/www.laguiadepamplona.com\\\/actualidad\\\/el-xxi-festival-de-musica-de-plectro-se-celebrara-desde-manana-viernes-y-hasta-el-domingo-en-civivox-iturrama-con-tres-conciertos-y-una-exposicion-de-instrumentos\\\/\",\"url\":\"https:\\\/\\\/www.laguiadepamplona.com\\\/actualidad\\\/el-xxi-festival-de-musica-de-plectro-se-celebrara-desde-manana-viernes-y-hasta-el-domingo-en-civivox-iturrama-con-tres-conciertos-y-una-exposicion-de-instrumentos\\\/\",\"name\":\"El XXI Festival de M\u00fasica de Plectro se celebrar\u00e1 desde ma\u00f1ana viernes y hasta el domingo en Civivox Iturrama, con tres conciertos y una exposici\u00f3n de instrumentos\",\"isPartOf\":{\"@id\":\"https:\\\/\\\/www.laguiadepamplona.com\\\/actualidad\\\/#website\"},\"primaryImageOfPage\":{\"@id\":\"https:\\\/\\\/www.laguiadepamplona.com\\\/actualidad\\\/el-xxi-festival-de-musica-de-plectro-se-celebrara-desde-manana-viernes-y-hasta-el-domingo-en-civivox-iturrama-con-tres-conciertos-y-una-exposicion-de-instrumentos\\\/#primaryimage\"},\"image\":{\"@id\":\"https:\\\/\\\/www.laguiadepamplona.com\\\/actualidad\\\/el-xxi-festival-de-musica-de-plectro-se-celebrara-desde-manana-viernes-y-hasta-el-domingo-en-civivox-iturrama-con-tres-conciertos-y-una-exposicion-de-instrumentos\\\/#primaryimage\"},\"thumbnailUrl\":\"https:\\\/\\\/www.laguiadepamplona.com\\\/actualidad\\\/wp-content\\\/uploads\\\/2018\\\/10\\\/civivox-iturrama.jpg\",\"datePublished\":\"2019-12-12T15:15:30+00:00\",\"dateModified\":\"2019-12-12T15:16:02+00:00\",\"breadcrumb\":{\"@id\":\"https:\\\/\\\/www.laguiadepamplona.com\\\/actualidad\\\/el-xxi-festival-de-musica-de-plectro-se-celebrara-desde-manana-viernes-y-hasta-el-domingo-en-civivox-iturrama-con-tres-conciertos-y-una-exposicion-de-instrumentos\\\/#breadcrumb\"},\"inLanguage\":\"es\",\"potentialAction\":[{\"@type\":\"ReadAction\",\"target\":[\"https:\\\/\\\/www.laguiadepamplona.com\\\/actualidad\\\/el-xxi-festival-de-musica-de-plectro-se-celebrara-desde-manana-viernes-y-hasta-el-domingo-en-civivox-iturrama-con-tres-conciertos-y-una-exposicion-de-instrumentos\\\/\"]}]},{\"@type\":\"ImageObject\",\"inLanguage\":\"es\",\"@id\":\"https:\\\/\\\/www.laguiadepamplona.com\\\/actualidad\\\/el-xxi-festival-de-musica-de-plectro-se-celebrara-desde-manana-viernes-y-hasta-el-domingo-en-civivox-iturrama-con-tres-conciertos-y-una-exposicion-de-instrumentos\\\/#primaryimage\",\"url\":\"https:\\\/\\\/www.laguiadepamplona.com\\\/actualidad\\\/wp-content\\\/uploads\\\/2018\\\/10\\\/civivox-iturrama.jpg\",\"contentUrl\":\"https:\\\/\\\/www.laguiadepamplona.com\\\/actualidad\\\/wp-content\\\/uploads\\\/2018\\\/10\\\/civivox-iturrama.jpg\",\"width\":1000,\"height\":563},{\"@type\":\"BreadcrumbList\",\"@id\":\"https:\\\/\\\/www.laguiadepamplona.com\\\/actualidad\\\/el-xxi-festival-de-musica-de-plectro-se-celebrara-desde-manana-viernes-y-hasta-el-domingo-en-civivox-iturrama-con-tres-conciertos-y-una-exposicion-de-instrumentos\\\/#breadcrumb\",\"itemListElement\":[{\"@type\":\"ListItem\",\"position\":1,\"name\":\"Portada\",\"item\":\"https:\\\/\\\/www.laguiadepamplona.com\\\/actualidad\\\/\"},{\"@type\":\"ListItem\",\"position\":2,\"name\":\"El XXI Festival de M\u00fasica de Plectro se celebrar\u00e1 desde ma\u00f1ana viernes y hasta el domingo en Civivox Iturrama, con tres conciertos y una exposici\u00f3n de instrumentos\"}]},{\"@type\":\"WebSite\",\"@id\":\"https:\\\/\\\/www.laguiadepamplona.com\\\/actualidad\\\/#website\",\"url\":\"https:\\\/\\\/www.laguiadepamplona.com\\\/actualidad\\\/\",\"name\":\"La gu\u00eda de Pamplona\",\"description\":\"Noticias de Pamplona\",\"publisher\":{\"@id\":\"https:\\\/\\\/www.laguiadepamplona.com\\\/actualidad\\\/#organization\"},\"potentialAction\":[{\"@type\":\"SearchAction\",\"target\":{\"@type\":\"EntryPoint\",\"urlTemplate\":\"https:\\\/\\\/www.laguiadepamplona.com\\\/actualidad\\\/?s={search_term_string}\"},\"query-input\":{\"@type\":\"PropertyValueSpecification\",\"valueRequired\":true,\"valueName\":\"search_term_string\"}}],\"inLanguage\":\"es\"},{\"@type\":\"Organization\",\"@id\":\"https:\\\/\\\/www.laguiadepamplona.com\\\/actualidad\\\/#organization\",\"name\":\"La Gu\u00eda de Pamplona \\\/ Noticias\",\"url\":\"https:\\\/\\\/www.laguiadepamplona.com\\\/actualidad\\\/\",\"logo\":{\"@type\":\"ImageObject\",\"inLanguage\":\"es\",\"@id\":\"https:\\\/\\\/www.laguiadepamplona.com\\\/actualidad\\\/#\\\/schema\\\/logo\\\/image\\\/\",\"url\":\"https:\\\/\\\/www.laguiadepamplona.com\\\/actualidad\\\/wp-content\\\/uploads\\\/2018\\\/11\\\/logo-laguiadepamplona18-web1.png\",\"contentUrl\":\"https:\\\/\\\/www.laguiadepamplona.com\\\/actualidad\\\/wp-content\\\/uploads\\\/2018\\\/11\\\/logo-laguiadepamplona18-web1.png\",\"width\":600,\"height\":196,\"caption\":\"La Gu\u00eda de Pamplona \\\/ Noticias\"},\"image\":{\"@id\":\"https:\\\/\\\/www.laguiadepamplona.com\\\/actualidad\\\/#\\\/schema\\\/logo\\\/image\\\/\"},\"sameAs\":[\"https:\\\/\\\/www.facebook.com\\\/laguiadepamplonacom-133175176762273\\\/?ref=hl\",\"https:\\\/\\\/x.com\\\/LaGuiadPamplona\",\"https:\\\/\\\/www.instagram.com\\\/la_guia_de_pamplona\\\/\",\"https:\\\/\\\/www.youtube.com\\\/user\\\/laguiadepamplona\"]},{\"@type\":\"Person\",\"@id\":\"https:\\\/\\\/www.laguiadepamplona.com\\\/actualidad\\\/#\\\/schema\\\/person\\\/efe887376f0213d4657c93adc50b1fdb\",\"name\":\"La Gu\u00eda de Pamplona\",\"image\":{\"@type\":\"ImageObject\",\"inLanguage\":\"es\",\"@id\":\"https:\\\/\\\/secure.gravatar.com\\\/avatar\\\/b6992f131dc8d30ab0dff15446e9d346d9dbd95992de0fef795073f5ea83a81c?s=96&d=mm&r=g\",\"url\":\"https:\\\/\\\/secure.gravatar.com\\\/avatar\\\/b6992f131dc8d30ab0dff15446e9d346d9dbd95992de0fef795073f5ea83a81c?s=96&d=mm&r=g\",\"contentUrl\":\"https:\\\/\\\/secure.gravatar.com\\\/avatar\\\/b6992f131dc8d30ab0dff15446e9d346d9dbd95992de0fef795073f5ea83a81c?s=96&d=mm&r=g\",\"caption\":\"La Gu\u00eda de Pamplona\"}}]}<\/script>\n<!-- \/ Yoast SEO plugin. -->","yoast_head_json":{"title":"El XXI Festival de M\u00fasica de Plectro se celebrar\u00e1 desde ma\u00f1ana viernes y hasta el domingo en Civivox Iturrama, con tres conciertos y una exposici\u00f3n de instrumentos","robots":{"index":"index","follow":"follow","max-snippet":"max-snippet:-1","max-image-preview":"max-image-preview:large","max-video-preview":"max-video-preview:-1"},"canonical":"https:\/\/www.laguiadepamplona.com\/actualidad\/el-xxi-festival-de-musica-de-plectro-se-celebrara-desde-manana-viernes-y-hasta-el-domingo-en-civivox-iturrama-con-tres-conciertos-y-una-exposicion-de-instrumentos\/","og_locale":"es_ES","og_type":"article","og_title":"El XXI Festival de M\u00fasica de Plectro se celebrar\u00e1 desde ma\u00f1ana viernes y hasta el domingo en Civivox Iturrama, con tres conciertos y una exposici\u00f3n de instrumentos","og_description":"Actuar\u00e1n el Tr\u00edo Plec-Tres, Cuerda para rato y la orquesta Paulino Otamendi, en conciertos que comenzar\u00e1n a las 19.30 horas","og_url":"https:\/\/www.laguiadepamplona.com\/actualidad\/el-xxi-festival-de-musica-de-plectro-se-celebrara-desde-manana-viernes-y-hasta-el-domingo-en-civivox-iturrama-con-tres-conciertos-y-una-exposicion-de-instrumentos\/","og_site_name":"La Gu\u00eda de Pamplona","article_publisher":"https:\/\/www.facebook.com\/laguiadepamplonacom-133175176762273\/?ref=hl","article_published_time":"2019-12-12T15:15:30+00:00","article_modified_time":"2019-12-12T15:16:02+00:00","og_image":[{"width":1000,"height":563,"url":"https:\/\/www.laguiadepamplona.com\/actualidad\/wp-content\/uploads\/2018\/10\/civivox-iturrama.jpg","type":"image\/jpeg"}],"author":"La Gu\u00eda de Pamplona","twitter_card":"summary_large_image","twitter_creator":"@LaGuiadPamplona","twitter_site":"@LaGuiadPamplona","twitter_misc":{"Escrito por":"La Gu\u00eda de Pamplona","Tiempo de lectura":"3 minutos"},"schema":{"@context":"https:\/\/schema.org","@graph":[{"@type":"Article","@id":"https:\/\/www.laguiadepamplona.com\/actualidad\/el-xxi-festival-de-musica-de-plectro-se-celebrara-desde-manana-viernes-y-hasta-el-domingo-en-civivox-iturrama-con-tres-conciertos-y-una-exposicion-de-instrumentos\/#article","isPartOf":{"@id":"https:\/\/www.laguiadepamplona.com\/actualidad\/el-xxi-festival-de-musica-de-plectro-se-celebrara-desde-manana-viernes-y-hasta-el-domingo-en-civivox-iturrama-con-tres-conciertos-y-una-exposicion-de-instrumentos\/"},"author":{"name":"La Gu\u00eda de Pamplona","@id":"https:\/\/www.laguiadepamplona.com\/actualidad\/#\/schema\/person\/efe887376f0213d4657c93adc50b1fdb"},"headline":"El XXI Festival de M\u00fasica de Plectro se celebrar\u00e1 desde ma\u00f1ana viernes y hasta el domingo en Civivox Iturrama, con tres conciertos y una exposici\u00f3n de instrumentos","datePublished":"2019-12-12T15:15:30+00:00","dateModified":"2019-12-12T15:16:02+00:00","mainEntityOfPage":{"@id":"https:\/\/www.laguiadepamplona.com\/actualidad\/el-xxi-festival-de-musica-de-plectro-se-celebrara-desde-manana-viernes-y-hasta-el-domingo-en-civivox-iturrama-con-tres-conciertos-y-una-exposicion-de-instrumentos\/"},"wordCount":671,"commentCount":0,"publisher":{"@id":"https:\/\/www.laguiadepamplona.com\/actualidad\/#organization"},"image":{"@id":"https:\/\/www.laguiadepamplona.com\/actualidad\/el-xxi-festival-de-musica-de-plectro-se-celebrara-desde-manana-viernes-y-hasta-el-domingo-en-civivox-iturrama-con-tres-conciertos-y-una-exposicion-de-instrumentos\/#primaryimage"},"thumbnailUrl":"https:\/\/www.laguiadepamplona.com\/actualidad\/wp-content\/uploads\/2018\/10\/civivox-iturrama.jpg","articleSection":["Ayto Pamplona"],"inLanguage":"es","potentialAction":[{"@type":"CommentAction","name":"Comment","target":["https:\/\/www.laguiadepamplona.com\/actualidad\/el-xxi-festival-de-musica-de-plectro-se-celebrara-desde-manana-viernes-y-hasta-el-domingo-en-civivox-iturrama-con-tres-conciertos-y-una-exposicion-de-instrumentos\/#respond"]}]},{"@type":"WebPage","@id":"https:\/\/www.laguiadepamplona.com\/actualidad\/el-xxi-festival-de-musica-de-plectro-se-celebrara-desde-manana-viernes-y-hasta-el-domingo-en-civivox-iturrama-con-tres-conciertos-y-una-exposicion-de-instrumentos\/","url":"https:\/\/www.laguiadepamplona.com\/actualidad\/el-xxi-festival-de-musica-de-plectro-se-celebrara-desde-manana-viernes-y-hasta-el-domingo-en-civivox-iturrama-con-tres-conciertos-y-una-exposicion-de-instrumentos\/","name":"El XXI Festival de M\u00fasica de Plectro se celebrar\u00e1 desde ma\u00f1ana viernes y hasta el domingo en Civivox Iturrama, con tres conciertos y una exposici\u00f3n de instrumentos","isPartOf":{"@id":"https:\/\/www.laguiadepamplona.com\/actualidad\/#website"},"primaryImageOfPage":{"@id":"https:\/\/www.laguiadepamplona.com\/actualidad\/el-xxi-festival-de-musica-de-plectro-se-celebrara-desde-manana-viernes-y-hasta-el-domingo-en-civivox-iturrama-con-tres-conciertos-y-una-exposicion-de-instrumentos\/#primaryimage"},"image":{"@id":"https:\/\/www.laguiadepamplona.com\/actualidad\/el-xxi-festival-de-musica-de-plectro-se-celebrara-desde-manana-viernes-y-hasta-el-domingo-en-civivox-iturrama-con-tres-conciertos-y-una-exposicion-de-instrumentos\/#primaryimage"},"thumbnailUrl":"https:\/\/www.laguiadepamplona.com\/actualidad\/wp-content\/uploads\/2018\/10\/civivox-iturrama.jpg","datePublished":"2019-12-12T15:15:30+00:00","dateModified":"2019-12-12T15:16:02+00:00","breadcrumb":{"@id":"https:\/\/www.laguiadepamplona.com\/actualidad\/el-xxi-festival-de-musica-de-plectro-se-celebrara-desde-manana-viernes-y-hasta-el-domingo-en-civivox-iturrama-con-tres-conciertos-y-una-exposicion-de-instrumentos\/#breadcrumb"},"inLanguage":"es","potentialAction":[{"@type":"ReadAction","target":["https:\/\/www.laguiadepamplona.com\/actualidad\/el-xxi-festival-de-musica-de-plectro-se-celebrara-desde-manana-viernes-y-hasta-el-domingo-en-civivox-iturrama-con-tres-conciertos-y-una-exposicion-de-instrumentos\/"]}]},{"@type":"ImageObject","inLanguage":"es","@id":"https:\/\/www.laguiadepamplona.com\/actualidad\/el-xxi-festival-de-musica-de-plectro-se-celebrara-desde-manana-viernes-y-hasta-el-domingo-en-civivox-iturrama-con-tres-conciertos-y-una-exposicion-de-instrumentos\/#primaryimage","url":"https:\/\/www.laguiadepamplona.com\/actualidad\/wp-content\/uploads\/2018\/10\/civivox-iturrama.jpg","contentUrl":"https:\/\/www.laguiadepamplona.com\/actualidad\/wp-content\/uploads\/2018\/10\/civivox-iturrama.jpg","width":1000,"height":563},{"@type":"BreadcrumbList","@id":"https:\/\/www.laguiadepamplona.com\/actualidad\/el-xxi-festival-de-musica-de-plectro-se-celebrara-desde-manana-viernes-y-hasta-el-domingo-en-civivox-iturrama-con-tres-conciertos-y-una-exposicion-de-instrumentos\/#breadcrumb","itemListElement":[{"@type":"ListItem","position":1,"name":"Portada","item":"https:\/\/www.laguiadepamplona.com\/actualidad\/"},{"@type":"ListItem","position":2,"name":"El XXI Festival de M\u00fasica de Plectro se celebrar\u00e1 desde ma\u00f1ana viernes y hasta el domingo en Civivox Iturrama, con tres conciertos y una exposici\u00f3n de instrumentos"}]},{"@type":"WebSite","@id":"https:\/\/www.laguiadepamplona.com\/actualidad\/#website","url":"https:\/\/www.laguiadepamplona.com\/actualidad\/","name":"La gu\u00eda de Pamplona","description":"Noticias de Pamplona","publisher":{"@id":"https:\/\/www.laguiadepamplona.com\/actualidad\/#organization"},"potentialAction":[{"@type":"SearchAction","target":{"@type":"EntryPoint","urlTemplate":"https:\/\/www.laguiadepamplona.com\/actualidad\/?s={search_term_string}"},"query-input":{"@type":"PropertyValueSpecification","valueRequired":true,"valueName":"search_term_string"}}],"inLanguage":"es"},{"@type":"Organization","@id":"https:\/\/www.laguiadepamplona.com\/actualidad\/#organization","name":"La Gu\u00eda de Pamplona \/ Noticias","url":"https:\/\/www.laguiadepamplona.com\/actualidad\/","logo":{"@type":"ImageObject","inLanguage":"es","@id":"https:\/\/www.laguiadepamplona.com\/actualidad\/#\/schema\/logo\/image\/","url":"https:\/\/www.laguiadepamplona.com\/actualidad\/wp-content\/uploads\/2018\/11\/logo-laguiadepamplona18-web1.png","contentUrl":"https:\/\/www.laguiadepamplona.com\/actualidad\/wp-content\/uploads\/2018\/11\/logo-laguiadepamplona18-web1.png","width":600,"height":196,"caption":"La Gu\u00eda de Pamplona \/ Noticias"},"image":{"@id":"https:\/\/www.laguiadepamplona.com\/actualidad\/#\/schema\/logo\/image\/"},"sameAs":["https:\/\/www.facebook.com\/laguiadepamplonacom-133175176762273\/?ref=hl","https:\/\/x.com\/LaGuiadPamplona","https:\/\/www.instagram.com\/la_guia_de_pamplona\/","https:\/\/www.youtube.com\/user\/laguiadepamplona"]},{"@type":"Person","@id":"https:\/\/www.laguiadepamplona.com\/actualidad\/#\/schema\/person\/efe887376f0213d4657c93adc50b1fdb","name":"La Gu\u00eda de Pamplona","image":{"@type":"ImageObject","inLanguage":"es","@id":"https:\/\/secure.gravatar.com\/avatar\/b6992f131dc8d30ab0dff15446e9d346d9dbd95992de0fef795073f5ea83a81c?s=96&d=mm&r=g","url":"https:\/\/secure.gravatar.com\/avatar\/b6992f131dc8d30ab0dff15446e9d346d9dbd95992de0fef795073f5ea83a81c?s=96&d=mm&r=g","contentUrl":"https:\/\/secure.gravatar.com\/avatar\/b6992f131dc8d30ab0dff15446e9d346d9dbd95992de0fef795073f5ea83a81c?s=96&d=mm&r=g","caption":"La Gu\u00eda de Pamplona"}}]}},"post_mailing_queue_ids":[],"_links":{"self":[{"href":"https:\/\/www.laguiadepamplona.com\/actualidad\/wp-json\/wp\/v2\/posts\/26785","targetHints":{"allow":["GET"]}}],"collection":[{"href":"https:\/\/www.laguiadepamplona.com\/actualidad\/wp-json\/wp\/v2\/posts"}],"about":[{"href":"https:\/\/www.laguiadepamplona.com\/actualidad\/wp-json\/wp\/v2\/types\/post"}],"author":[{"embeddable":true,"href":"https:\/\/www.laguiadepamplona.com\/actualidad\/wp-json\/wp\/v2\/users\/1"}],"replies":[{"embeddable":true,"href":"https:\/\/www.laguiadepamplona.com\/actualidad\/wp-json\/wp\/v2\/comments?post=26785"}],"version-history":[{"count":0,"href":"https:\/\/www.laguiadepamplona.com\/actualidad\/wp-json\/wp\/v2\/posts\/26785\/revisions"}],"wp:featuredmedia":[{"embeddable":true,"href":"https:\/\/www.laguiadepamplona.com\/actualidad\/wp-json\/wp\/v2\/media\/18887"}],"wp:attachment":[{"href":"https:\/\/www.laguiadepamplona.com\/actualidad\/wp-json\/wp\/v2\/media?parent=26785"}],"wp:term":[{"taxonomy":"category","embeddable":true,"href":"https:\/\/www.laguiadepamplona.com\/actualidad\/wp-json\/wp\/v2\/categories?post=26785"},{"taxonomy":"post_tag","embeddable":true,"href":"https:\/\/www.laguiadepamplona.com\/actualidad\/wp-json\/wp\/v2\/tags?post=26785"}],"curies":[{"name":"wp","href":"https:\/\/api.w.org\/{rel}","templated":true}]}}