{"id":26780,"date":"2019-12-12T17:12:06","date_gmt":"2019-12-12T15:12:06","guid":{"rendered":"https:\/\/www.laguiadepamplona.es\/actualidad\/?p=26780"},"modified":"2019-12-12T17:13:05","modified_gmt":"2019-12-12T15:13:05","slug":"el-museo-de-educacion-ambiental-oferta-para-esta-navidad-talleres-creativos-gratuitos-sobre-consumo-responsable-dirigidos-a-menores-de-6-a-12-anos","status":"publish","type":"post","link":"https:\/\/www.laguiadepamplona.com\/actualidad\/el-museo-de-educacion-ambiental-oferta-para-esta-navidad-talleres-creativos-gratuitos-sobre-consumo-responsable-dirigidos-a-menores-de-6-a-12-anos\/","title":{"rendered":"El Museo de Educaci\u00f3n Ambiental oferta para esta Navidad talleres creativos gratuitos sobre consumo responsable dirigidos a menores de 6 a 12 a\u00f1os"},"content":{"rendered":"<h5>Los talleres se celebrar\u00e1n los jueves 26 de diciembre y 2 de enero en euskera y los viernes 27 de diciembre y 3 de enero en castellano<\/h5>\n<p><!--more--><\/p>\n<p>Ya est\u00e1n abiertas las inscripciones para los cuatro talleres creativos gratuitos que el Museo de Educaci\u00f3n Ambiental oferta para las pr\u00f3ximas fiestas de Navidad. Est\u00e1n dirigidos a menores de 6 a 12 a\u00f1os y buscan que los ni\u00f1os y ni\u00f1as se acerquen al consumo responsable de forma divertida, a trav\u00e9s del arte y la imaginaci\u00f3n. Las personas interesadas se pueden apuntar a trav\u00e9s del tel\u00e9fono 010 \u2013 948 420 100.<\/p>\n<p><script async src=\"\/\/pagead2.googlesyndication.com\/pagead\/js\/adsbygoogle.js\"><\/script><br \/>\n<!-- Noticias La Guia de Pamplona --><br \/>\n<ins class=\"adsbygoogle\"\nstyle=\"display:block\"\ndata-ad-client=\"ca-pub-6943679897239327\"\ndata-ad-slot=\"7048180777\"\ndata-ad-format=\"auto\"><\/ins><br \/>\n<script>\n(adsbygoogle = window.adsbygoogle || []).push({});\n<\/script><\/p>\n<p>Se ofertan dos talleres diferentes, que tendr\u00e1n sus sesiones tanto en euskera como en castellano. El primer taller, titulado \u2018Mi maceta con una botella\u2019, consistir\u00e1 en la realizaci\u00f3n de una maceta reutilizando envases cotidianos. El jueves 26 de diciembre se impartir\u00e1 en euskera y el viernes 3 de enero, en castellano. El segundo taller, \u2018Arte y cart\u00f3n\u2019, dar\u00e1 rienda suelta a la creatividad de quienes participan trabajando con el cart\u00f3n. Se celebrar\u00e1 en euskera el viernes 27 de diciembre y en castellano el 3 de enero.<\/p>\n<p>Los talleres tendr\u00e1n lugar en horario de ma\u00f1ana, de 10.30 a 12.30 horas. Los impartir\u00e1 el licenciado en Bellas Artes, Patxi Huarte, que cuenta con amplia experiencia en dar clases de manualidades y artes pl\u00e1sticas para varios ayuntamientos, en la Casa de la Juventud y en otras casas de cultura.<\/p>\n<p><script async src=\"\/\/pagead2.googlesyndication.com\/pagead\/js\/adsbygoogle.js\"><\/script><br \/>\n<!-- Noticias La Guia de Pamplona --><br \/>\n<ins class=\"adsbygoogle\"\nstyle=\"display:block\"\ndata-ad-client=\"ca-pub-6943679897239327\"\ndata-ad-slot=\"7048180777\"\ndata-ad-format=\"auto\"><\/ins><br \/>\n<script>\n(adsbygoogle = window.adsbygoogle || []).push({});\n<\/script><\/p>\n<p><strong>Mercadillo de intercambio de juguetes<\/strong><\/p>\n<p>Como suele ser habitual tambi\u00e9n en otras \u00e9pocas festivas, en Navidad se organizar\u00e1n varios mercadillos de intercambio de juguetes dirigidos exclusivamente a ni\u00f1os y ni\u00f1as. Tendr\u00e1n lugar los d\u00edas 26 y 27 de diciembre y 2 y 3 de enero por la ma\u00f1ana, de 10 a 13 horas. Se trata de fomentar el trueque de juguetes, impulsando as\u00ed la reutilizaci\u00f3n de los productos, ofreciendo una alternativa al consumo y alargando la vida de los juguetes.<\/p>\n<p>Los menores que quieran participar deber\u00e1n llevar juguetes que ya no utilicen y est\u00e9n en buen estado. Puede ser cualquier juego, libro, cuento, puzzle\u2026 Podr\u00e1n intercambiarse por otros objetos que hayan tra\u00eddo otros ni\u00f1os y ni\u00f1as. Ser\u00e1n ellos y ellas quienes decidan c\u00f3mo realizar el intercambio. En todo caso, el equipo de Educaci\u00f3n Ambiental se encargar\u00e1 de dinamizar y guiar a los m\u00e1s peque\u00f1os en esta tarea.<\/p>\n","protected":false},"excerpt":{"rendered":"<p>Los talleres se celebrar\u00e1n los jueves 26 de diciembre y 2 de enero en euskera y los viernes 27 de diciembre y 3 de enero en castellano<\/p>\n","protected":false},"author":1,"featured_media":19915,"comment_status":"open","ping_status":"closed","sticky":false,"template":"","format":"standard","meta":{"footnotes":""},"categories":[2],"tags":[],"class_list":["post-26780","post","type-post","status-publish","format-standard","has-post-thumbnail","hentry","category-ayuntamiento-pamplona"],"yoast_head":"<!-- This site is optimized with the Yoast SEO plugin v27.5 - https:\/\/yoast.com\/product\/yoast-seo-wordpress\/ -->\n<title>El Museo de Educaci\u00f3n Ambiental oferta para esta Navidad talleres creativos gratuitos sobre consumo responsable dirigidos a menores de 6 a 12 a\u00f1os<\/title>\n<meta name=\"robots\" content=\"index, follow, max-snippet:-1, max-image-preview:large, max-video-preview:-1\" \/>\n<link rel=\"canonical\" href=\"https:\/\/www.laguiadepamplona.com\/actualidad\/el-museo-de-educacion-ambiental-oferta-para-esta-navidad-talleres-creativos-gratuitos-sobre-consumo-responsable-dirigidos-a-menores-de-6-a-12-anos\/\" \/>\n<meta property=\"og:locale\" content=\"es_ES\" \/>\n<meta property=\"og:type\" content=\"article\" \/>\n<meta property=\"og:title\" content=\"El Museo de Educaci\u00f3n Ambiental oferta para esta Navidad talleres creativos gratuitos sobre consumo responsable dirigidos a menores de 6 a 12 a\u00f1os\" \/>\n<meta property=\"og:description\" content=\"Los talleres se celebrar\u00e1n los jueves 26 de diciembre y 2 de enero en euskera y los viernes 27 de diciembre y 3 de enero en castellano\" \/>\n<meta property=\"og:url\" content=\"https:\/\/www.laguiadepamplona.com\/actualidad\/el-museo-de-educacion-ambiental-oferta-para-esta-navidad-talleres-creativos-gratuitos-sobre-consumo-responsable-dirigidos-a-menores-de-6-a-12-anos\/\" \/>\n<meta property=\"og:site_name\" content=\"La Gu\u00eda de Pamplona\" \/>\n<meta property=\"article:publisher\" content=\"https:\/\/www.facebook.com\/laguiadepamplonacom-133175176762273\/?ref=hl\" \/>\n<meta property=\"article:published_time\" content=\"2019-12-12T15:12:06+00:00\" \/>\n<meta property=\"article:modified_time\" content=\"2019-12-12T15:13:05+00:00\" \/>\n<meta property=\"og:image\" content=\"https:\/\/www.laguiadepamplona.com\/actualidad\/wp-content\/uploads\/2018\/12\/18.12.26_mercadillo_intercambio_juguetes_1.jpg\" \/>\n\t<meta property=\"og:image:width\" content=\"1000\" \/>\n\t<meta property=\"og:image:height\" content=\"662\" \/>\n\t<meta property=\"og:image:type\" content=\"image\/jpeg\" \/>\n<meta name=\"author\" content=\"La Gu\u00eda de Pamplona\" \/>\n<meta name=\"twitter:card\" content=\"summary_large_image\" \/>\n<meta name=\"twitter:creator\" content=\"@LaGuiadPamplona\" \/>\n<meta name=\"twitter:site\" content=\"@LaGuiadPamplona\" \/>\n<meta name=\"twitter:label1\" content=\"Escrito por\" \/>\n\t<meta name=\"twitter:data1\" content=\"La Gu\u00eda de Pamplona\" \/>\n\t<meta name=\"twitter:label2\" content=\"Tiempo de lectura\" \/>\n\t<meta name=\"twitter:data2\" content=\"2 minutos\" \/>\n<script type=\"application\/ld+json\" class=\"yoast-schema-graph\">{\"@context\":\"https:\\\/\\\/schema.org\",\"@graph\":[{\"@type\":\"Article\",\"@id\":\"https:\\\/\\\/www.laguiadepamplona.com\\\/actualidad\\\/el-museo-de-educacion-ambiental-oferta-para-esta-navidad-talleres-creativos-gratuitos-sobre-consumo-responsable-dirigidos-a-menores-de-6-a-12-anos\\\/#article\",\"isPartOf\":{\"@id\":\"https:\\\/\\\/www.laguiadepamplona.com\\\/actualidad\\\/el-museo-de-educacion-ambiental-oferta-para-esta-navidad-talleres-creativos-gratuitos-sobre-consumo-responsable-dirigidos-a-menores-de-6-a-12-anos\\\/\"},\"author\":{\"name\":\"La Gu\u00eda de Pamplona\",\"@id\":\"https:\\\/\\\/www.laguiadepamplona.com\\\/actualidad\\\/#\\\/schema\\\/person\\\/efe887376f0213d4657c93adc50b1fdb\"},\"headline\":\"El Museo de Educaci\u00f3n Ambiental oferta para esta Navidad talleres creativos gratuitos sobre consumo responsable dirigidos a menores de 6 a 12 a\u00f1os\",\"datePublished\":\"2019-12-12T15:12:06+00:00\",\"dateModified\":\"2019-12-12T15:13:05+00:00\",\"mainEntityOfPage\":{\"@id\":\"https:\\\/\\\/www.laguiadepamplona.com\\\/actualidad\\\/el-museo-de-educacion-ambiental-oferta-para-esta-navidad-talleres-creativos-gratuitos-sobre-consumo-responsable-dirigidos-a-menores-de-6-a-12-anos\\\/\"},\"wordCount\":418,\"commentCount\":0,\"publisher\":{\"@id\":\"https:\\\/\\\/www.laguiadepamplona.com\\\/actualidad\\\/#organization\"},\"image\":{\"@id\":\"https:\\\/\\\/www.laguiadepamplona.com\\\/actualidad\\\/el-museo-de-educacion-ambiental-oferta-para-esta-navidad-talleres-creativos-gratuitos-sobre-consumo-responsable-dirigidos-a-menores-de-6-a-12-anos\\\/#primaryimage\"},\"thumbnailUrl\":\"https:\\\/\\\/www.laguiadepamplona.com\\\/actualidad\\\/wp-content\\\/uploads\\\/2018\\\/12\\\/18.12.26_mercadillo_intercambio_juguetes_1.jpg\",\"articleSection\":[\"Ayto Pamplona\"],\"inLanguage\":\"es\",\"potentialAction\":[{\"@type\":\"CommentAction\",\"name\":\"Comment\",\"target\":[\"https:\\\/\\\/www.laguiadepamplona.com\\\/actualidad\\\/el-museo-de-educacion-ambiental-oferta-para-esta-navidad-talleres-creativos-gratuitos-sobre-consumo-responsable-dirigidos-a-menores-de-6-a-12-anos\\\/#respond\"]}]},{\"@type\":\"WebPage\",\"@id\":\"https:\\\/\\\/www.laguiadepamplona.com\\\/actualidad\\\/el-museo-de-educacion-ambiental-oferta-para-esta-navidad-talleres-creativos-gratuitos-sobre-consumo-responsable-dirigidos-a-menores-de-6-a-12-anos\\\/\",\"url\":\"https:\\\/\\\/www.laguiadepamplona.com\\\/actualidad\\\/el-museo-de-educacion-ambiental-oferta-para-esta-navidad-talleres-creativos-gratuitos-sobre-consumo-responsable-dirigidos-a-menores-de-6-a-12-anos\\\/\",\"name\":\"El Museo de Educaci\u00f3n Ambiental oferta para esta Navidad talleres creativos gratuitos sobre consumo responsable dirigidos a menores de 6 a 12 a\u00f1os\",\"isPartOf\":{\"@id\":\"https:\\\/\\\/www.laguiadepamplona.com\\\/actualidad\\\/#website\"},\"primaryImageOfPage\":{\"@id\":\"https:\\\/\\\/www.laguiadepamplona.com\\\/actualidad\\\/el-museo-de-educacion-ambiental-oferta-para-esta-navidad-talleres-creativos-gratuitos-sobre-consumo-responsable-dirigidos-a-menores-de-6-a-12-anos\\\/#primaryimage\"},\"image\":{\"@id\":\"https:\\\/\\\/www.laguiadepamplona.com\\\/actualidad\\\/el-museo-de-educacion-ambiental-oferta-para-esta-navidad-talleres-creativos-gratuitos-sobre-consumo-responsable-dirigidos-a-menores-de-6-a-12-anos\\\/#primaryimage\"},\"thumbnailUrl\":\"https:\\\/\\\/www.laguiadepamplona.com\\\/actualidad\\\/wp-content\\\/uploads\\\/2018\\\/12\\\/18.12.26_mercadillo_intercambio_juguetes_1.jpg\",\"datePublished\":\"2019-12-12T15:12:06+00:00\",\"dateModified\":\"2019-12-12T15:13:05+00:00\",\"breadcrumb\":{\"@id\":\"https:\\\/\\\/www.laguiadepamplona.com\\\/actualidad\\\/el-museo-de-educacion-ambiental-oferta-para-esta-navidad-talleres-creativos-gratuitos-sobre-consumo-responsable-dirigidos-a-menores-de-6-a-12-anos\\\/#breadcrumb\"},\"inLanguage\":\"es\",\"potentialAction\":[{\"@type\":\"ReadAction\",\"target\":[\"https:\\\/\\\/www.laguiadepamplona.com\\\/actualidad\\\/el-museo-de-educacion-ambiental-oferta-para-esta-navidad-talleres-creativos-gratuitos-sobre-consumo-responsable-dirigidos-a-menores-de-6-a-12-anos\\\/\"]}]},{\"@type\":\"ImageObject\",\"inLanguage\":\"es\",\"@id\":\"https:\\\/\\\/www.laguiadepamplona.com\\\/actualidad\\\/el-museo-de-educacion-ambiental-oferta-para-esta-navidad-talleres-creativos-gratuitos-sobre-consumo-responsable-dirigidos-a-menores-de-6-a-12-anos\\\/#primaryimage\",\"url\":\"https:\\\/\\\/www.laguiadepamplona.com\\\/actualidad\\\/wp-content\\\/uploads\\\/2018\\\/12\\\/18.12.26_mercadillo_intercambio_juguetes_1.jpg\",\"contentUrl\":\"https:\\\/\\\/www.laguiadepamplona.com\\\/actualidad\\\/wp-content\\\/uploads\\\/2018\\\/12\\\/18.12.26_mercadillo_intercambio_juguetes_1.jpg\",\"width\":1000,\"height\":662,\"caption\":\"OLYMPUS DIGITAL CAMERA\"},{\"@type\":\"BreadcrumbList\",\"@id\":\"https:\\\/\\\/www.laguiadepamplona.com\\\/actualidad\\\/el-museo-de-educacion-ambiental-oferta-para-esta-navidad-talleres-creativos-gratuitos-sobre-consumo-responsable-dirigidos-a-menores-de-6-a-12-anos\\\/#breadcrumb\",\"itemListElement\":[{\"@type\":\"ListItem\",\"position\":1,\"name\":\"Portada\",\"item\":\"https:\\\/\\\/www.laguiadepamplona.com\\\/actualidad\\\/\"},{\"@type\":\"ListItem\",\"position\":2,\"name\":\"El Museo de Educaci\u00f3n Ambiental oferta para esta Navidad talleres creativos gratuitos sobre consumo responsable dirigidos a menores de 6 a 12 a\u00f1os\"}]},{\"@type\":\"WebSite\",\"@id\":\"https:\\\/\\\/www.laguiadepamplona.com\\\/actualidad\\\/#website\",\"url\":\"https:\\\/\\\/www.laguiadepamplona.com\\\/actualidad\\\/\",\"name\":\"La gu\u00eda de Pamplona\",\"description\":\"Noticias de Pamplona\",\"publisher\":{\"@id\":\"https:\\\/\\\/www.laguiadepamplona.com\\\/actualidad\\\/#organization\"},\"potentialAction\":[{\"@type\":\"SearchAction\",\"target\":{\"@type\":\"EntryPoint\",\"urlTemplate\":\"https:\\\/\\\/www.laguiadepamplona.com\\\/actualidad\\\/?s={search_term_string}\"},\"query-input\":{\"@type\":\"PropertyValueSpecification\",\"valueRequired\":true,\"valueName\":\"search_term_string\"}}],\"inLanguage\":\"es\"},{\"@type\":\"Organization\",\"@id\":\"https:\\\/\\\/www.laguiadepamplona.com\\\/actualidad\\\/#organization\",\"name\":\"La Gu\u00eda de Pamplona \\\/ Noticias\",\"url\":\"https:\\\/\\\/www.laguiadepamplona.com\\\/actualidad\\\/\",\"logo\":{\"@type\":\"ImageObject\",\"inLanguage\":\"es\",\"@id\":\"https:\\\/\\\/www.laguiadepamplona.com\\\/actualidad\\\/#\\\/schema\\\/logo\\\/image\\\/\",\"url\":\"https:\\\/\\\/www.laguiadepamplona.com\\\/actualidad\\\/wp-content\\\/uploads\\\/2018\\\/11\\\/logo-laguiadepamplona18-web1.png\",\"contentUrl\":\"https:\\\/\\\/www.laguiadepamplona.com\\\/actualidad\\\/wp-content\\\/uploads\\\/2018\\\/11\\\/logo-laguiadepamplona18-web1.png\",\"width\":600,\"height\":196,\"caption\":\"La Gu\u00eda de Pamplona \\\/ Noticias\"},\"image\":{\"@id\":\"https:\\\/\\\/www.laguiadepamplona.com\\\/actualidad\\\/#\\\/schema\\\/logo\\\/image\\\/\"},\"sameAs\":[\"https:\\\/\\\/www.facebook.com\\\/laguiadepamplonacom-133175176762273\\\/?ref=hl\",\"https:\\\/\\\/x.com\\\/LaGuiadPamplona\",\"https:\\\/\\\/www.instagram.com\\\/la_guia_de_pamplona\\\/\",\"https:\\\/\\\/www.youtube.com\\\/user\\\/laguiadepamplona\"]},{\"@type\":\"Person\",\"@id\":\"https:\\\/\\\/www.laguiadepamplona.com\\\/actualidad\\\/#\\\/schema\\\/person\\\/efe887376f0213d4657c93adc50b1fdb\",\"name\":\"La Gu\u00eda de Pamplona\",\"image\":{\"@type\":\"ImageObject\",\"inLanguage\":\"es\",\"@id\":\"https:\\\/\\\/secure.gravatar.com\\\/avatar\\\/b6992f131dc8d30ab0dff15446e9d346d9dbd95992de0fef795073f5ea83a81c?s=96&d=mm&r=g\",\"url\":\"https:\\\/\\\/secure.gravatar.com\\\/avatar\\\/b6992f131dc8d30ab0dff15446e9d346d9dbd95992de0fef795073f5ea83a81c?s=96&d=mm&r=g\",\"contentUrl\":\"https:\\\/\\\/secure.gravatar.com\\\/avatar\\\/b6992f131dc8d30ab0dff15446e9d346d9dbd95992de0fef795073f5ea83a81c?s=96&d=mm&r=g\",\"caption\":\"La Gu\u00eda de Pamplona\"}}]}<\/script>\n<!-- \/ Yoast SEO plugin. -->","yoast_head_json":{"title":"El Museo de Educaci\u00f3n Ambiental oferta para esta Navidad talleres creativos gratuitos sobre consumo responsable dirigidos a menores de 6 a 12 a\u00f1os","robots":{"index":"index","follow":"follow","max-snippet":"max-snippet:-1","max-image-preview":"max-image-preview:large","max-video-preview":"max-video-preview:-1"},"canonical":"https:\/\/www.laguiadepamplona.com\/actualidad\/el-museo-de-educacion-ambiental-oferta-para-esta-navidad-talleres-creativos-gratuitos-sobre-consumo-responsable-dirigidos-a-menores-de-6-a-12-anos\/","og_locale":"es_ES","og_type":"article","og_title":"El Museo de Educaci\u00f3n Ambiental oferta para esta Navidad talleres creativos gratuitos sobre consumo responsable dirigidos a menores de 6 a 12 a\u00f1os","og_description":"Los talleres se celebrar\u00e1n los jueves 26 de diciembre y 2 de enero en euskera y los viernes 27 de diciembre y 3 de enero en castellano","og_url":"https:\/\/www.laguiadepamplona.com\/actualidad\/el-museo-de-educacion-ambiental-oferta-para-esta-navidad-talleres-creativos-gratuitos-sobre-consumo-responsable-dirigidos-a-menores-de-6-a-12-anos\/","og_site_name":"La Gu\u00eda de Pamplona","article_publisher":"https:\/\/www.facebook.com\/laguiadepamplonacom-133175176762273\/?ref=hl","article_published_time":"2019-12-12T15:12:06+00:00","article_modified_time":"2019-12-12T15:13:05+00:00","og_image":[{"width":1000,"height":662,"url":"https:\/\/www.laguiadepamplona.com\/actualidad\/wp-content\/uploads\/2018\/12\/18.12.26_mercadillo_intercambio_juguetes_1.jpg","type":"image\/jpeg"}],"author":"La Gu\u00eda de Pamplona","twitter_card":"summary_large_image","twitter_creator":"@LaGuiadPamplona","twitter_site":"@LaGuiadPamplona","twitter_misc":{"Escrito por":"La Gu\u00eda de Pamplona","Tiempo de lectura":"2 minutos"},"schema":{"@context":"https:\/\/schema.org","@graph":[{"@type":"Article","@id":"https:\/\/www.laguiadepamplona.com\/actualidad\/el-museo-de-educacion-ambiental-oferta-para-esta-navidad-talleres-creativos-gratuitos-sobre-consumo-responsable-dirigidos-a-menores-de-6-a-12-anos\/#article","isPartOf":{"@id":"https:\/\/www.laguiadepamplona.com\/actualidad\/el-museo-de-educacion-ambiental-oferta-para-esta-navidad-talleres-creativos-gratuitos-sobre-consumo-responsable-dirigidos-a-menores-de-6-a-12-anos\/"},"author":{"name":"La Gu\u00eda de Pamplona","@id":"https:\/\/www.laguiadepamplona.com\/actualidad\/#\/schema\/person\/efe887376f0213d4657c93adc50b1fdb"},"headline":"El Museo de Educaci\u00f3n Ambiental oferta para esta Navidad talleres creativos gratuitos sobre consumo responsable dirigidos a menores de 6 a 12 a\u00f1os","datePublished":"2019-12-12T15:12:06+00:00","dateModified":"2019-12-12T15:13:05+00:00","mainEntityOfPage":{"@id":"https:\/\/www.laguiadepamplona.com\/actualidad\/el-museo-de-educacion-ambiental-oferta-para-esta-navidad-talleres-creativos-gratuitos-sobre-consumo-responsable-dirigidos-a-menores-de-6-a-12-anos\/"},"wordCount":418,"commentCount":0,"publisher":{"@id":"https:\/\/www.laguiadepamplona.com\/actualidad\/#organization"},"image":{"@id":"https:\/\/www.laguiadepamplona.com\/actualidad\/el-museo-de-educacion-ambiental-oferta-para-esta-navidad-talleres-creativos-gratuitos-sobre-consumo-responsable-dirigidos-a-menores-de-6-a-12-anos\/#primaryimage"},"thumbnailUrl":"https:\/\/www.laguiadepamplona.com\/actualidad\/wp-content\/uploads\/2018\/12\/18.12.26_mercadillo_intercambio_juguetes_1.jpg","articleSection":["Ayto Pamplona"],"inLanguage":"es","potentialAction":[{"@type":"CommentAction","name":"Comment","target":["https:\/\/www.laguiadepamplona.com\/actualidad\/el-museo-de-educacion-ambiental-oferta-para-esta-navidad-talleres-creativos-gratuitos-sobre-consumo-responsable-dirigidos-a-menores-de-6-a-12-anos\/#respond"]}]},{"@type":"WebPage","@id":"https:\/\/www.laguiadepamplona.com\/actualidad\/el-museo-de-educacion-ambiental-oferta-para-esta-navidad-talleres-creativos-gratuitos-sobre-consumo-responsable-dirigidos-a-menores-de-6-a-12-anos\/","url":"https:\/\/www.laguiadepamplona.com\/actualidad\/el-museo-de-educacion-ambiental-oferta-para-esta-navidad-talleres-creativos-gratuitos-sobre-consumo-responsable-dirigidos-a-menores-de-6-a-12-anos\/","name":"El Museo de Educaci\u00f3n Ambiental oferta para esta Navidad talleres creativos gratuitos sobre consumo responsable dirigidos a menores de 6 a 12 a\u00f1os","isPartOf":{"@id":"https:\/\/www.laguiadepamplona.com\/actualidad\/#website"},"primaryImageOfPage":{"@id":"https:\/\/www.laguiadepamplona.com\/actualidad\/el-museo-de-educacion-ambiental-oferta-para-esta-navidad-talleres-creativos-gratuitos-sobre-consumo-responsable-dirigidos-a-menores-de-6-a-12-anos\/#primaryimage"},"image":{"@id":"https:\/\/www.laguiadepamplona.com\/actualidad\/el-museo-de-educacion-ambiental-oferta-para-esta-navidad-talleres-creativos-gratuitos-sobre-consumo-responsable-dirigidos-a-menores-de-6-a-12-anos\/#primaryimage"},"thumbnailUrl":"https:\/\/www.laguiadepamplona.com\/actualidad\/wp-content\/uploads\/2018\/12\/18.12.26_mercadillo_intercambio_juguetes_1.jpg","datePublished":"2019-12-12T15:12:06+00:00","dateModified":"2019-12-12T15:13:05+00:00","breadcrumb":{"@id":"https:\/\/www.laguiadepamplona.com\/actualidad\/el-museo-de-educacion-ambiental-oferta-para-esta-navidad-talleres-creativos-gratuitos-sobre-consumo-responsable-dirigidos-a-menores-de-6-a-12-anos\/#breadcrumb"},"inLanguage":"es","potentialAction":[{"@type":"ReadAction","target":["https:\/\/www.laguiadepamplona.com\/actualidad\/el-museo-de-educacion-ambiental-oferta-para-esta-navidad-talleres-creativos-gratuitos-sobre-consumo-responsable-dirigidos-a-menores-de-6-a-12-anos\/"]}]},{"@type":"ImageObject","inLanguage":"es","@id":"https:\/\/www.laguiadepamplona.com\/actualidad\/el-museo-de-educacion-ambiental-oferta-para-esta-navidad-talleres-creativos-gratuitos-sobre-consumo-responsable-dirigidos-a-menores-de-6-a-12-anos\/#primaryimage","url":"https:\/\/www.laguiadepamplona.com\/actualidad\/wp-content\/uploads\/2018\/12\/18.12.26_mercadillo_intercambio_juguetes_1.jpg","contentUrl":"https:\/\/www.laguiadepamplona.com\/actualidad\/wp-content\/uploads\/2018\/12\/18.12.26_mercadillo_intercambio_juguetes_1.jpg","width":1000,"height":662,"caption":"OLYMPUS DIGITAL CAMERA"},{"@type":"BreadcrumbList","@id":"https:\/\/www.laguiadepamplona.com\/actualidad\/el-museo-de-educacion-ambiental-oferta-para-esta-navidad-talleres-creativos-gratuitos-sobre-consumo-responsable-dirigidos-a-menores-de-6-a-12-anos\/#breadcrumb","itemListElement":[{"@type":"ListItem","position":1,"name":"Portada","item":"https:\/\/www.laguiadepamplona.com\/actualidad\/"},{"@type":"ListItem","position":2,"name":"El Museo de Educaci\u00f3n Ambiental oferta para esta Navidad talleres creativos gratuitos sobre consumo responsable dirigidos a menores de 6 a 12 a\u00f1os"}]},{"@type":"WebSite","@id":"https:\/\/www.laguiadepamplona.com\/actualidad\/#website","url":"https:\/\/www.laguiadepamplona.com\/actualidad\/","name":"La gu\u00eda de Pamplona","description":"Noticias de Pamplona","publisher":{"@id":"https:\/\/www.laguiadepamplona.com\/actualidad\/#organization"},"potentialAction":[{"@type":"SearchAction","target":{"@type":"EntryPoint","urlTemplate":"https:\/\/www.laguiadepamplona.com\/actualidad\/?s={search_term_string}"},"query-input":{"@type":"PropertyValueSpecification","valueRequired":true,"valueName":"search_term_string"}}],"inLanguage":"es"},{"@type":"Organization","@id":"https:\/\/www.laguiadepamplona.com\/actualidad\/#organization","name":"La Gu\u00eda de Pamplona \/ Noticias","url":"https:\/\/www.laguiadepamplona.com\/actualidad\/","logo":{"@type":"ImageObject","inLanguage":"es","@id":"https:\/\/www.laguiadepamplona.com\/actualidad\/#\/schema\/logo\/image\/","url":"https:\/\/www.laguiadepamplona.com\/actualidad\/wp-content\/uploads\/2018\/11\/logo-laguiadepamplona18-web1.png","contentUrl":"https:\/\/www.laguiadepamplona.com\/actualidad\/wp-content\/uploads\/2018\/11\/logo-laguiadepamplona18-web1.png","width":600,"height":196,"caption":"La Gu\u00eda de Pamplona \/ Noticias"},"image":{"@id":"https:\/\/www.laguiadepamplona.com\/actualidad\/#\/schema\/logo\/image\/"},"sameAs":["https:\/\/www.facebook.com\/laguiadepamplonacom-133175176762273\/?ref=hl","https:\/\/x.com\/LaGuiadPamplona","https:\/\/www.instagram.com\/la_guia_de_pamplona\/","https:\/\/www.youtube.com\/user\/laguiadepamplona"]},{"@type":"Person","@id":"https:\/\/www.laguiadepamplona.com\/actualidad\/#\/schema\/person\/efe887376f0213d4657c93adc50b1fdb","name":"La Gu\u00eda de Pamplona","image":{"@type":"ImageObject","inLanguage":"es","@id":"https:\/\/secure.gravatar.com\/avatar\/b6992f131dc8d30ab0dff15446e9d346d9dbd95992de0fef795073f5ea83a81c?s=96&d=mm&r=g","url":"https:\/\/secure.gravatar.com\/avatar\/b6992f131dc8d30ab0dff15446e9d346d9dbd95992de0fef795073f5ea83a81c?s=96&d=mm&r=g","contentUrl":"https:\/\/secure.gravatar.com\/avatar\/b6992f131dc8d30ab0dff15446e9d346d9dbd95992de0fef795073f5ea83a81c?s=96&d=mm&r=g","caption":"La Gu\u00eda de Pamplona"}}]}},"post_mailing_queue_ids":[],"_links":{"self":[{"href":"https:\/\/www.laguiadepamplona.com\/actualidad\/wp-json\/wp\/v2\/posts\/26780","targetHints":{"allow":["GET"]}}],"collection":[{"href":"https:\/\/www.laguiadepamplona.com\/actualidad\/wp-json\/wp\/v2\/posts"}],"about":[{"href":"https:\/\/www.laguiadepamplona.com\/actualidad\/wp-json\/wp\/v2\/types\/post"}],"author":[{"embeddable":true,"href":"https:\/\/www.laguiadepamplona.com\/actualidad\/wp-json\/wp\/v2\/users\/1"}],"replies":[{"embeddable":true,"href":"https:\/\/www.laguiadepamplona.com\/actualidad\/wp-json\/wp\/v2\/comments?post=26780"}],"version-history":[{"count":0,"href":"https:\/\/www.laguiadepamplona.com\/actualidad\/wp-json\/wp\/v2\/posts\/26780\/revisions"}],"wp:featuredmedia":[{"embeddable":true,"href":"https:\/\/www.laguiadepamplona.com\/actualidad\/wp-json\/wp\/v2\/media\/19915"}],"wp:attachment":[{"href":"https:\/\/www.laguiadepamplona.com\/actualidad\/wp-json\/wp\/v2\/media?parent=26780"}],"wp:term":[{"taxonomy":"category","embeddable":true,"href":"https:\/\/www.laguiadepamplona.com\/actualidad\/wp-json\/wp\/v2\/categories?post=26780"},{"taxonomy":"post_tag","embeddable":true,"href":"https:\/\/www.laguiadepamplona.com\/actualidad\/wp-json\/wp\/v2\/tags?post=26780"}],"curies":[{"name":"wp","href":"https:\/\/api.w.org\/{rel}","templated":true}]}}