{"id":26774,"date":"2019-12-12T17:04:43","date_gmt":"2019-12-12T15:04:43","guid":{"rendered":"https:\/\/www.laguiadepamplona.es\/actualidad\/?p=26774"},"modified":"2019-12-12T17:06:06","modified_gmt":"2019-12-12T15:06:06","slug":"el-alcalde-de-pamplona-recibe-a-participantes-y-organizadores-del-xii-encuentro-estatal-de-aprendizaje-servicio","status":"publish","type":"post","link":"https:\/\/www.laguiadepamplona.com\/actualidad\/el-alcalde-de-pamplona-recibe-a-participantes-y-organizadores-del-xii-encuentro-estatal-de-aprendizaje-servicio\/","title":{"rendered":"El alcalde de Pamplona recibe a participantes y organizadores del XII Encuentro Estatal de Aprendizaje-Servicio"},"content":{"rendered":"<h5>El congreso, de dos d\u00edas de duraci\u00f3n, ha comenzado esta ma\u00f1ana en Condestable con una jornada dedicada al \u00e1mbito universitario<\/h5>\n<p><!--more--><\/p>\n<p>El alcalde de Pamplona, Enrique Maya, acompa\u00f1ado por otros miembros de la Corporaci\u00f3n, ha recibido esta ma\u00f1ana a organizadores y participantes del XII Encuentro Estatal de Aprendizaje-Servicio que, desde hoy, est\u00e1 teniendo lugar en Pamplona organizado por la Red Espa\u00f1ola de Aprendizaje-Servicio (RedApS), Edeb\u00e9 y la ONG Educo. Cuando concluya ma\u00f1ana, Pamplona otorgar\u00e1 el relevo al Ayuntamiento de C\u00e1ceres.<\/p>\n<p>Entre los asistentes al acto estaban el presidente de RedApS, Javier Torregrosa; el vicepresidente de la Red Navarra de Aprendizaje-Servicio, Eduardo Fern\u00e1ndez, los vicerrectores de Universidad de Navarra y Universidad P\u00fablica de Navarra, Pablo S\u00e1nchez-Ostiz e Inmaculada Farran, respectivamente, y la directora de Universidad Nacional de Educaci\u00f3n a Distancia en Pamplona, Carmen Jusu\u00e9.<\/p>\n<p><script async src=\"\/\/pagead2.googlesyndication.com\/pagead\/js\/adsbygoogle.js\"><\/script><br \/>\n<!-- Noticias La Guia de Pamplona --><br \/>\n<ins class=\"adsbygoogle\"\nstyle=\"display:block\"\ndata-ad-client=\"ca-pub-6943679897239327\"\ndata-ad-slot=\"7048180777\"\ndata-ad-format=\"auto\"><\/ins><br \/>\n<script>\n(adsbygoogle = window.adsbygoogle || []).push({});\n<\/script><\/p>\n<p>Con la doble sede de Condestable y Baluarte, alrededor de 600 personas se han dado cita en un encuentro nacional que analiza ejemplos de buenas pr\u00e1cticas en una metodolog\u00eda de aprendizaje que busca la adquisici\u00f3n de conocimientos en los diversos niveles educativos mediante un trabajo que revierta en la comunidad en la que se insertan. Pamplona es estos d\u00edas el epicentro nacional de una metodolog\u00eda educativa que a diario implica a una gran cantidad de personas; s\u00f3lo en las candidaturas presentadas a los premios nacionales que se entregar\u00e1n ma\u00f1ana por la ma\u00f1ana han trabajado 547 centros escolares y 30.594 chicas y chicos.<\/p>\n<p>La recepci\u00f3n en la Casa Consistorial se ha producido despu\u00e9s de la apertura oficial de encuentro a las 9 horas en el Palacio del Condestable, con una jornada destinada espec\u00edficamente al \u00e1mbito universitarios. Esta tarde, a las 19 horas, el foro de reflexi\u00f3n se trasladar\u00e1 al Palacio de Congresos y Auditorio Baluarte para la conferencia de a experta Mar\u00eda Nieves Tapia sobre ApS y Desarrollo sostenible.<\/p>\n","protected":false},"excerpt":{"rendered":"<p>El congreso, de dos d\u00edas de duraci\u00f3n, ha comenzado esta ma\u00f1ana en Condestable con una jornada dedicada al \u00e1mbito universitario<\/p>\n","protected":false},"author":1,"featured_media":26776,"comment_status":"open","ping_status":"closed","sticky":false,"template":"","format":"standard","meta":{"footnotes":""},"categories":[2],"tags":[],"class_list":["post-26774","post","type-post","status-publish","format-standard","has-post-thumbnail","hentry","category-ayuntamiento-pamplona"],"yoast_head":"<!-- This site is optimized with the Yoast SEO plugin v27.5 - https:\/\/yoast.com\/product\/yoast-seo-wordpress\/ -->\n<title>El alcalde de Pamplona recibe a participantes y organizadores del XII Encuentro Estatal de Aprendizaje-Servicio<\/title>\n<meta name=\"robots\" content=\"index, follow, max-snippet:-1, max-image-preview:large, max-video-preview:-1\" \/>\n<link rel=\"canonical\" href=\"https:\/\/www.laguiadepamplona.com\/actualidad\/el-alcalde-de-pamplona-recibe-a-participantes-y-organizadores-del-xii-encuentro-estatal-de-aprendizaje-servicio\/\" \/>\n<meta property=\"og:locale\" content=\"es_ES\" \/>\n<meta property=\"og:type\" content=\"article\" \/>\n<meta property=\"og:title\" content=\"El alcalde de Pamplona recibe a participantes y organizadores del XII Encuentro Estatal de Aprendizaje-Servicio\" \/>\n<meta property=\"og:description\" content=\"El congreso, de dos d\u00edas de duraci\u00f3n, ha comenzado esta ma\u00f1ana en Condestable con una jornada dedicada al \u00e1mbito universitario\" \/>\n<meta property=\"og:url\" content=\"https:\/\/www.laguiadepamplona.com\/actualidad\/el-alcalde-de-pamplona-recibe-a-participantes-y-organizadores-del-xii-encuentro-estatal-de-aprendizaje-servicio\/\" \/>\n<meta property=\"og:site_name\" content=\"La Gu\u00eda de Pamplona\" \/>\n<meta property=\"article:publisher\" content=\"https:\/\/www.facebook.com\/laguiadepamplonacom-133175176762273\/?ref=hl\" \/>\n<meta property=\"article:published_time\" content=\"2019-12-12T15:04:43+00:00\" \/>\n<meta property=\"article:modified_time\" content=\"2019-12-12T15:06:06+00:00\" \/>\n<meta property=\"og:image\" content=\"https:\/\/www.laguiadepamplona.com\/actualidad\/wp-content\/uploads\/2019\/12\/19.12.12_ApS_recepcion.jpg\" \/>\n\t<meta property=\"og:image:width\" content=\"1920\" \/>\n\t<meta property=\"og:image:height\" content=\"1280\" \/>\n\t<meta property=\"og:image:type\" content=\"image\/jpeg\" \/>\n<meta name=\"author\" content=\"La Gu\u00eda de Pamplona\" \/>\n<meta name=\"twitter:card\" content=\"summary_large_image\" \/>\n<meta name=\"twitter:creator\" content=\"@LaGuiadPamplona\" \/>\n<meta name=\"twitter:site\" content=\"@LaGuiadPamplona\" \/>\n<meta name=\"twitter:label1\" content=\"Escrito por\" \/>\n\t<meta name=\"twitter:data1\" content=\"La Gu\u00eda de Pamplona\" \/>\n\t<meta name=\"twitter:label2\" content=\"Tiempo de lectura\" \/>\n\t<meta name=\"twitter:data2\" content=\"2 minutos\" \/>\n<script type=\"application\/ld+json\" class=\"yoast-schema-graph\">{\"@context\":\"https:\\\/\\\/schema.org\",\"@graph\":[{\"@type\":\"Article\",\"@id\":\"https:\\\/\\\/www.laguiadepamplona.com\\\/actualidad\\\/el-alcalde-de-pamplona-recibe-a-participantes-y-organizadores-del-xii-encuentro-estatal-de-aprendizaje-servicio\\\/#article\",\"isPartOf\":{\"@id\":\"https:\\\/\\\/www.laguiadepamplona.com\\\/actualidad\\\/el-alcalde-de-pamplona-recibe-a-participantes-y-organizadores-del-xii-encuentro-estatal-de-aprendizaje-servicio\\\/\"},\"author\":{\"name\":\"La Gu\u00eda de Pamplona\",\"@id\":\"https:\\\/\\\/www.laguiadepamplona.com\\\/actualidad\\\/#\\\/schema\\\/person\\\/efe887376f0213d4657c93adc50b1fdb\"},\"headline\":\"El alcalde de Pamplona recibe a participantes y organizadores del XII Encuentro Estatal de Aprendizaje-Servicio\",\"datePublished\":\"2019-12-12T15:04:43+00:00\",\"dateModified\":\"2019-12-12T15:06:06+00:00\",\"mainEntityOfPage\":{\"@id\":\"https:\\\/\\\/www.laguiadepamplona.com\\\/actualidad\\\/el-alcalde-de-pamplona-recibe-a-participantes-y-organizadores-del-xii-encuentro-estatal-de-aprendizaje-servicio\\\/\"},\"wordCount\":337,\"commentCount\":0,\"publisher\":{\"@id\":\"https:\\\/\\\/www.laguiadepamplona.com\\\/actualidad\\\/#organization\"},\"image\":{\"@id\":\"https:\\\/\\\/www.laguiadepamplona.com\\\/actualidad\\\/el-alcalde-de-pamplona-recibe-a-participantes-y-organizadores-del-xii-encuentro-estatal-de-aprendizaje-servicio\\\/#primaryimage\"},\"thumbnailUrl\":\"https:\\\/\\\/www.laguiadepamplona.com\\\/actualidad\\\/wp-content\\\/uploads\\\/2019\\\/12\\\/19.12.12_ApS_recepcion.jpg\",\"articleSection\":[\"Ayto Pamplona\"],\"inLanguage\":\"es\",\"potentialAction\":[{\"@type\":\"CommentAction\",\"name\":\"Comment\",\"target\":[\"https:\\\/\\\/www.laguiadepamplona.com\\\/actualidad\\\/el-alcalde-de-pamplona-recibe-a-participantes-y-organizadores-del-xii-encuentro-estatal-de-aprendizaje-servicio\\\/#respond\"]}]},{\"@type\":\"WebPage\",\"@id\":\"https:\\\/\\\/www.laguiadepamplona.com\\\/actualidad\\\/el-alcalde-de-pamplona-recibe-a-participantes-y-organizadores-del-xii-encuentro-estatal-de-aprendizaje-servicio\\\/\",\"url\":\"https:\\\/\\\/www.laguiadepamplona.com\\\/actualidad\\\/el-alcalde-de-pamplona-recibe-a-participantes-y-organizadores-del-xii-encuentro-estatal-de-aprendizaje-servicio\\\/\",\"name\":\"El alcalde de Pamplona recibe a participantes y organizadores del XII Encuentro Estatal de Aprendizaje-Servicio\",\"isPartOf\":{\"@id\":\"https:\\\/\\\/www.laguiadepamplona.com\\\/actualidad\\\/#website\"},\"primaryImageOfPage\":{\"@id\":\"https:\\\/\\\/www.laguiadepamplona.com\\\/actualidad\\\/el-alcalde-de-pamplona-recibe-a-participantes-y-organizadores-del-xii-encuentro-estatal-de-aprendizaje-servicio\\\/#primaryimage\"},\"image\":{\"@id\":\"https:\\\/\\\/www.laguiadepamplona.com\\\/actualidad\\\/el-alcalde-de-pamplona-recibe-a-participantes-y-organizadores-del-xii-encuentro-estatal-de-aprendizaje-servicio\\\/#primaryimage\"},\"thumbnailUrl\":\"https:\\\/\\\/www.laguiadepamplona.com\\\/actualidad\\\/wp-content\\\/uploads\\\/2019\\\/12\\\/19.12.12_ApS_recepcion.jpg\",\"datePublished\":\"2019-12-12T15:04:43+00:00\",\"dateModified\":\"2019-12-12T15:06:06+00:00\",\"breadcrumb\":{\"@id\":\"https:\\\/\\\/www.laguiadepamplona.com\\\/actualidad\\\/el-alcalde-de-pamplona-recibe-a-participantes-y-organizadores-del-xii-encuentro-estatal-de-aprendizaje-servicio\\\/#breadcrumb\"},\"inLanguage\":\"es\",\"potentialAction\":[{\"@type\":\"ReadAction\",\"target\":[\"https:\\\/\\\/www.laguiadepamplona.com\\\/actualidad\\\/el-alcalde-de-pamplona-recibe-a-participantes-y-organizadores-del-xii-encuentro-estatal-de-aprendizaje-servicio\\\/\"]}]},{\"@type\":\"ImageObject\",\"inLanguage\":\"es\",\"@id\":\"https:\\\/\\\/www.laguiadepamplona.com\\\/actualidad\\\/el-alcalde-de-pamplona-recibe-a-participantes-y-organizadores-del-xii-encuentro-estatal-de-aprendizaje-servicio\\\/#primaryimage\",\"url\":\"https:\\\/\\\/www.laguiadepamplona.com\\\/actualidad\\\/wp-content\\\/uploads\\\/2019\\\/12\\\/19.12.12_ApS_recepcion.jpg\",\"contentUrl\":\"https:\\\/\\\/www.laguiadepamplona.com\\\/actualidad\\\/wp-content\\\/uploads\\\/2019\\\/12\\\/19.12.12_ApS_recepcion.jpg\",\"width\":1920,\"height\":1280},{\"@type\":\"BreadcrumbList\",\"@id\":\"https:\\\/\\\/www.laguiadepamplona.com\\\/actualidad\\\/el-alcalde-de-pamplona-recibe-a-participantes-y-organizadores-del-xii-encuentro-estatal-de-aprendizaje-servicio\\\/#breadcrumb\",\"itemListElement\":[{\"@type\":\"ListItem\",\"position\":1,\"name\":\"Portada\",\"item\":\"https:\\\/\\\/www.laguiadepamplona.com\\\/actualidad\\\/\"},{\"@type\":\"ListItem\",\"position\":2,\"name\":\"El alcalde de Pamplona recibe a participantes y organizadores del XII Encuentro Estatal de Aprendizaje-Servicio\"}]},{\"@type\":\"WebSite\",\"@id\":\"https:\\\/\\\/www.laguiadepamplona.com\\\/actualidad\\\/#website\",\"url\":\"https:\\\/\\\/www.laguiadepamplona.com\\\/actualidad\\\/\",\"name\":\"La gu\u00eda de Pamplona\",\"description\":\"Noticias de Pamplona\",\"publisher\":{\"@id\":\"https:\\\/\\\/www.laguiadepamplona.com\\\/actualidad\\\/#organization\"},\"potentialAction\":[{\"@type\":\"SearchAction\",\"target\":{\"@type\":\"EntryPoint\",\"urlTemplate\":\"https:\\\/\\\/www.laguiadepamplona.com\\\/actualidad\\\/?s={search_term_string}\"},\"query-input\":{\"@type\":\"PropertyValueSpecification\",\"valueRequired\":true,\"valueName\":\"search_term_string\"}}],\"inLanguage\":\"es\"},{\"@type\":\"Organization\",\"@id\":\"https:\\\/\\\/www.laguiadepamplona.com\\\/actualidad\\\/#organization\",\"name\":\"La Gu\u00eda de Pamplona \\\/ Noticias\",\"url\":\"https:\\\/\\\/www.laguiadepamplona.com\\\/actualidad\\\/\",\"logo\":{\"@type\":\"ImageObject\",\"inLanguage\":\"es\",\"@id\":\"https:\\\/\\\/www.laguiadepamplona.com\\\/actualidad\\\/#\\\/schema\\\/logo\\\/image\\\/\",\"url\":\"https:\\\/\\\/www.laguiadepamplona.com\\\/actualidad\\\/wp-content\\\/uploads\\\/2018\\\/11\\\/logo-laguiadepamplona18-web1.png\",\"contentUrl\":\"https:\\\/\\\/www.laguiadepamplona.com\\\/actualidad\\\/wp-content\\\/uploads\\\/2018\\\/11\\\/logo-laguiadepamplona18-web1.png\",\"width\":600,\"height\":196,\"caption\":\"La Gu\u00eda de Pamplona \\\/ Noticias\"},\"image\":{\"@id\":\"https:\\\/\\\/www.laguiadepamplona.com\\\/actualidad\\\/#\\\/schema\\\/logo\\\/image\\\/\"},\"sameAs\":[\"https:\\\/\\\/www.facebook.com\\\/laguiadepamplonacom-133175176762273\\\/?ref=hl\",\"https:\\\/\\\/x.com\\\/LaGuiadPamplona\",\"https:\\\/\\\/www.instagram.com\\\/la_guia_de_pamplona\\\/\",\"https:\\\/\\\/www.youtube.com\\\/user\\\/laguiadepamplona\"]},{\"@type\":\"Person\",\"@id\":\"https:\\\/\\\/www.laguiadepamplona.com\\\/actualidad\\\/#\\\/schema\\\/person\\\/efe887376f0213d4657c93adc50b1fdb\",\"name\":\"La Gu\u00eda de Pamplona\",\"image\":{\"@type\":\"ImageObject\",\"inLanguage\":\"es\",\"@id\":\"https:\\\/\\\/secure.gravatar.com\\\/avatar\\\/b6992f131dc8d30ab0dff15446e9d346d9dbd95992de0fef795073f5ea83a81c?s=96&d=mm&r=g\",\"url\":\"https:\\\/\\\/secure.gravatar.com\\\/avatar\\\/b6992f131dc8d30ab0dff15446e9d346d9dbd95992de0fef795073f5ea83a81c?s=96&d=mm&r=g\",\"contentUrl\":\"https:\\\/\\\/secure.gravatar.com\\\/avatar\\\/b6992f131dc8d30ab0dff15446e9d346d9dbd95992de0fef795073f5ea83a81c?s=96&d=mm&r=g\",\"caption\":\"La Gu\u00eda de Pamplona\"}}]}<\/script>\n<!-- \/ Yoast SEO plugin. -->","yoast_head_json":{"title":"El alcalde de Pamplona recibe a participantes y organizadores del XII Encuentro Estatal de Aprendizaje-Servicio","robots":{"index":"index","follow":"follow","max-snippet":"max-snippet:-1","max-image-preview":"max-image-preview:large","max-video-preview":"max-video-preview:-1"},"canonical":"https:\/\/www.laguiadepamplona.com\/actualidad\/el-alcalde-de-pamplona-recibe-a-participantes-y-organizadores-del-xii-encuentro-estatal-de-aprendizaje-servicio\/","og_locale":"es_ES","og_type":"article","og_title":"El alcalde de Pamplona recibe a participantes y organizadores del XII Encuentro Estatal de Aprendizaje-Servicio","og_description":"El congreso, de dos d\u00edas de duraci\u00f3n, ha comenzado esta ma\u00f1ana en Condestable con una jornada dedicada al \u00e1mbito universitario","og_url":"https:\/\/www.laguiadepamplona.com\/actualidad\/el-alcalde-de-pamplona-recibe-a-participantes-y-organizadores-del-xii-encuentro-estatal-de-aprendizaje-servicio\/","og_site_name":"La Gu\u00eda de Pamplona","article_publisher":"https:\/\/www.facebook.com\/laguiadepamplonacom-133175176762273\/?ref=hl","article_published_time":"2019-12-12T15:04:43+00:00","article_modified_time":"2019-12-12T15:06:06+00:00","og_image":[{"width":1920,"height":1280,"url":"https:\/\/www.laguiadepamplona.com\/actualidad\/wp-content\/uploads\/2019\/12\/19.12.12_ApS_recepcion.jpg","type":"image\/jpeg"}],"author":"La Gu\u00eda de Pamplona","twitter_card":"summary_large_image","twitter_creator":"@LaGuiadPamplona","twitter_site":"@LaGuiadPamplona","twitter_misc":{"Escrito por":"La Gu\u00eda de Pamplona","Tiempo de lectura":"2 minutos"},"schema":{"@context":"https:\/\/schema.org","@graph":[{"@type":"Article","@id":"https:\/\/www.laguiadepamplona.com\/actualidad\/el-alcalde-de-pamplona-recibe-a-participantes-y-organizadores-del-xii-encuentro-estatal-de-aprendizaje-servicio\/#article","isPartOf":{"@id":"https:\/\/www.laguiadepamplona.com\/actualidad\/el-alcalde-de-pamplona-recibe-a-participantes-y-organizadores-del-xii-encuentro-estatal-de-aprendizaje-servicio\/"},"author":{"name":"La Gu\u00eda de Pamplona","@id":"https:\/\/www.laguiadepamplona.com\/actualidad\/#\/schema\/person\/efe887376f0213d4657c93adc50b1fdb"},"headline":"El alcalde de Pamplona recibe a participantes y organizadores del XII Encuentro Estatal de Aprendizaje-Servicio","datePublished":"2019-12-12T15:04:43+00:00","dateModified":"2019-12-12T15:06:06+00:00","mainEntityOfPage":{"@id":"https:\/\/www.laguiadepamplona.com\/actualidad\/el-alcalde-de-pamplona-recibe-a-participantes-y-organizadores-del-xii-encuentro-estatal-de-aprendizaje-servicio\/"},"wordCount":337,"commentCount":0,"publisher":{"@id":"https:\/\/www.laguiadepamplona.com\/actualidad\/#organization"},"image":{"@id":"https:\/\/www.laguiadepamplona.com\/actualidad\/el-alcalde-de-pamplona-recibe-a-participantes-y-organizadores-del-xii-encuentro-estatal-de-aprendizaje-servicio\/#primaryimage"},"thumbnailUrl":"https:\/\/www.laguiadepamplona.com\/actualidad\/wp-content\/uploads\/2019\/12\/19.12.12_ApS_recepcion.jpg","articleSection":["Ayto Pamplona"],"inLanguage":"es","potentialAction":[{"@type":"CommentAction","name":"Comment","target":["https:\/\/www.laguiadepamplona.com\/actualidad\/el-alcalde-de-pamplona-recibe-a-participantes-y-organizadores-del-xii-encuentro-estatal-de-aprendizaje-servicio\/#respond"]}]},{"@type":"WebPage","@id":"https:\/\/www.laguiadepamplona.com\/actualidad\/el-alcalde-de-pamplona-recibe-a-participantes-y-organizadores-del-xii-encuentro-estatal-de-aprendizaje-servicio\/","url":"https:\/\/www.laguiadepamplona.com\/actualidad\/el-alcalde-de-pamplona-recibe-a-participantes-y-organizadores-del-xii-encuentro-estatal-de-aprendizaje-servicio\/","name":"El alcalde de Pamplona recibe a participantes y organizadores del XII Encuentro Estatal de Aprendizaje-Servicio","isPartOf":{"@id":"https:\/\/www.laguiadepamplona.com\/actualidad\/#website"},"primaryImageOfPage":{"@id":"https:\/\/www.laguiadepamplona.com\/actualidad\/el-alcalde-de-pamplona-recibe-a-participantes-y-organizadores-del-xii-encuentro-estatal-de-aprendizaje-servicio\/#primaryimage"},"image":{"@id":"https:\/\/www.laguiadepamplona.com\/actualidad\/el-alcalde-de-pamplona-recibe-a-participantes-y-organizadores-del-xii-encuentro-estatal-de-aprendizaje-servicio\/#primaryimage"},"thumbnailUrl":"https:\/\/www.laguiadepamplona.com\/actualidad\/wp-content\/uploads\/2019\/12\/19.12.12_ApS_recepcion.jpg","datePublished":"2019-12-12T15:04:43+00:00","dateModified":"2019-12-12T15:06:06+00:00","breadcrumb":{"@id":"https:\/\/www.laguiadepamplona.com\/actualidad\/el-alcalde-de-pamplona-recibe-a-participantes-y-organizadores-del-xii-encuentro-estatal-de-aprendizaje-servicio\/#breadcrumb"},"inLanguage":"es","potentialAction":[{"@type":"ReadAction","target":["https:\/\/www.laguiadepamplona.com\/actualidad\/el-alcalde-de-pamplona-recibe-a-participantes-y-organizadores-del-xii-encuentro-estatal-de-aprendizaje-servicio\/"]}]},{"@type":"ImageObject","inLanguage":"es","@id":"https:\/\/www.laguiadepamplona.com\/actualidad\/el-alcalde-de-pamplona-recibe-a-participantes-y-organizadores-del-xii-encuentro-estatal-de-aprendizaje-servicio\/#primaryimage","url":"https:\/\/www.laguiadepamplona.com\/actualidad\/wp-content\/uploads\/2019\/12\/19.12.12_ApS_recepcion.jpg","contentUrl":"https:\/\/www.laguiadepamplona.com\/actualidad\/wp-content\/uploads\/2019\/12\/19.12.12_ApS_recepcion.jpg","width":1920,"height":1280},{"@type":"BreadcrumbList","@id":"https:\/\/www.laguiadepamplona.com\/actualidad\/el-alcalde-de-pamplona-recibe-a-participantes-y-organizadores-del-xii-encuentro-estatal-de-aprendizaje-servicio\/#breadcrumb","itemListElement":[{"@type":"ListItem","position":1,"name":"Portada","item":"https:\/\/www.laguiadepamplona.com\/actualidad\/"},{"@type":"ListItem","position":2,"name":"El alcalde de Pamplona recibe a participantes y organizadores del XII Encuentro Estatal de Aprendizaje-Servicio"}]},{"@type":"WebSite","@id":"https:\/\/www.laguiadepamplona.com\/actualidad\/#website","url":"https:\/\/www.laguiadepamplona.com\/actualidad\/","name":"La gu\u00eda de Pamplona","description":"Noticias de Pamplona","publisher":{"@id":"https:\/\/www.laguiadepamplona.com\/actualidad\/#organization"},"potentialAction":[{"@type":"SearchAction","target":{"@type":"EntryPoint","urlTemplate":"https:\/\/www.laguiadepamplona.com\/actualidad\/?s={search_term_string}"},"query-input":{"@type":"PropertyValueSpecification","valueRequired":true,"valueName":"search_term_string"}}],"inLanguage":"es"},{"@type":"Organization","@id":"https:\/\/www.laguiadepamplona.com\/actualidad\/#organization","name":"La Gu\u00eda de Pamplona \/ Noticias","url":"https:\/\/www.laguiadepamplona.com\/actualidad\/","logo":{"@type":"ImageObject","inLanguage":"es","@id":"https:\/\/www.laguiadepamplona.com\/actualidad\/#\/schema\/logo\/image\/","url":"https:\/\/www.laguiadepamplona.com\/actualidad\/wp-content\/uploads\/2018\/11\/logo-laguiadepamplona18-web1.png","contentUrl":"https:\/\/www.laguiadepamplona.com\/actualidad\/wp-content\/uploads\/2018\/11\/logo-laguiadepamplona18-web1.png","width":600,"height":196,"caption":"La Gu\u00eda de Pamplona \/ Noticias"},"image":{"@id":"https:\/\/www.laguiadepamplona.com\/actualidad\/#\/schema\/logo\/image\/"},"sameAs":["https:\/\/www.facebook.com\/laguiadepamplonacom-133175176762273\/?ref=hl","https:\/\/x.com\/LaGuiadPamplona","https:\/\/www.instagram.com\/la_guia_de_pamplona\/","https:\/\/www.youtube.com\/user\/laguiadepamplona"]},{"@type":"Person","@id":"https:\/\/www.laguiadepamplona.com\/actualidad\/#\/schema\/person\/efe887376f0213d4657c93adc50b1fdb","name":"La Gu\u00eda de Pamplona","image":{"@type":"ImageObject","inLanguage":"es","@id":"https:\/\/secure.gravatar.com\/avatar\/b6992f131dc8d30ab0dff15446e9d346d9dbd95992de0fef795073f5ea83a81c?s=96&d=mm&r=g","url":"https:\/\/secure.gravatar.com\/avatar\/b6992f131dc8d30ab0dff15446e9d346d9dbd95992de0fef795073f5ea83a81c?s=96&d=mm&r=g","contentUrl":"https:\/\/secure.gravatar.com\/avatar\/b6992f131dc8d30ab0dff15446e9d346d9dbd95992de0fef795073f5ea83a81c?s=96&d=mm&r=g","caption":"La Gu\u00eda de Pamplona"}}]}},"post_mailing_queue_ids":[],"_links":{"self":[{"href":"https:\/\/www.laguiadepamplona.com\/actualidad\/wp-json\/wp\/v2\/posts\/26774","targetHints":{"allow":["GET"]}}],"collection":[{"href":"https:\/\/www.laguiadepamplona.com\/actualidad\/wp-json\/wp\/v2\/posts"}],"about":[{"href":"https:\/\/www.laguiadepamplona.com\/actualidad\/wp-json\/wp\/v2\/types\/post"}],"author":[{"embeddable":true,"href":"https:\/\/www.laguiadepamplona.com\/actualidad\/wp-json\/wp\/v2\/users\/1"}],"replies":[{"embeddable":true,"href":"https:\/\/www.laguiadepamplona.com\/actualidad\/wp-json\/wp\/v2\/comments?post=26774"}],"version-history":[{"count":0,"href":"https:\/\/www.laguiadepamplona.com\/actualidad\/wp-json\/wp\/v2\/posts\/26774\/revisions"}],"wp:featuredmedia":[{"embeddable":true,"href":"https:\/\/www.laguiadepamplona.com\/actualidad\/wp-json\/wp\/v2\/media\/26776"}],"wp:attachment":[{"href":"https:\/\/www.laguiadepamplona.com\/actualidad\/wp-json\/wp\/v2\/media?parent=26774"}],"wp:term":[{"taxonomy":"category","embeddable":true,"href":"https:\/\/www.laguiadepamplona.com\/actualidad\/wp-json\/wp\/v2\/categories?post=26774"},{"taxonomy":"post_tag","embeddable":true,"href":"https:\/\/www.laguiadepamplona.com\/actualidad\/wp-json\/wp\/v2\/tags?post=26774"}],"curies":[{"name":"wp","href":"https:\/\/api.w.org\/{rel}","templated":true}]}}