{"id":26767,"date":"2019-12-09T16:49:27","date_gmt":"2019-12-09T14:49:27","guid":{"rendered":"https:\/\/www.laguiadepamplona.es\/actualidad\/?p=26767"},"modified":"2019-12-09T16:49:43","modified_gmt":"2019-12-09T14:49:43","slug":"el-ayuntamiento-de-pamplona-adquiere-dos-vehiculos-electricos-en-su-compromiso-hacia-la-transformacion-energetica","status":"publish","type":"post","link":"https:\/\/www.laguiadepamplona.com\/actualidad\/el-ayuntamiento-de-pamplona-adquiere-dos-vehiculos-electricos-en-su-compromiso-hacia-la-transformacion-energetica\/","title":{"rendered":"El Ayuntamiento de Pamplona adquiere dos veh\u00edculos el\u00e9ctricos en su compromiso hacia la transformaci\u00f3n energ\u00e9tica"},"content":{"rendered":"<h5>Se han destinado un total de 68.970 euros a esta compra, que incluye un autom\u00f3vil y una furgoneta<\/h5>\n<p><!--more--><\/p>\n<p>La Junta de Gobierno Local ha aprobado hoy la adquisici\u00f3n de dos veh\u00edculos el\u00e9ctricos, que se sumar\u00e1n a la flota del Ayuntamiento de Pamplona para el traslado de personal y cargas en el funcionamiento diario del Consistorio. En concreto, se ha acordado comprar un autom\u00f3vil y una furgoneta con capacidad de carga. En total, el Ayuntamiento destinar\u00e1 68.970 euros (IVA incluido), a raz\u00f3n de 32.670 euros para el primer veh\u00edculo y 36.300 euros para la furgoneta. El presupuesto por el que se ha adjudicado el contrato de suministro ha supuesto un ahorro de 16.000 euros con respecto al presupuesto inicial de licitaci\u00f3n.<\/p>\n<p>Esta adquisici\u00f3n viene justificada por la necesidad de cambio de varios de los veh\u00edculos actualmente en activo en el Ayuntamiento. Para su renovaci\u00f3n, el Consistorio ha optado por energ\u00edas limpias, en su compromiso por ir avanzando hacia una reducci\u00f3n de emisiones. De hecho, la compra de dos veh\u00edculos el\u00e9ctricos compatibles con la tecnolog\u00eda V2G era uno de los compromisos municipales adquiridos en el marco del proyecto europeo STARDUST, en el que Pamplona participa como socio.<\/p>\n<p>Esta iniciativa STARDUST, en la que participan 29 socios de nueve pa\u00edses, busca avanzar hacia las smart-cities eficientes, verdes, innovadoras y orientadas a la ciudadan\u00eda. El proyecto cuenta con un presupuesto de 21 millones de euros, financiados por del programa europeo Horizonte 2020. Al Ayuntamiento de Pamplona se le han concedido 858.719 euros, financiados al 100% por la Comisi\u00f3n Europea, para inversiones, gastos de personal, asistencia t\u00e9cnica y personal. Pero, como contrapartida, el Consistorio se ha comprometido a una serie de inversiones asociadas que no reciben subvenci\u00f3n, como la instalaci\u00f3n de 40 puntos de recarga en la v\u00eda p\u00fablica de coches el\u00e9ctricos o la instalaci\u00f3n de un sistema p\u00fablico de alquiler de bicicletas el\u00e9ctricas. Es ah\u00ed donde se inscribe esta compra de veh\u00edculos el\u00e9ctricos, que servir\u00e1n, a su vez, para testar otras inversiones asociadas que s\u00ed est\u00e1n financiadas, como los cargadores V2G del edificio de Monasterio de Irache.<\/p>\n<p><script async src=\"\/\/pagead2.googlesyndication.com\/pagead\/js\/adsbygoogle.js\"><\/script><br \/>\n<!-- Noticias La Guia de Pamplona --><br \/>\n<ins class=\"adsbygoogle\"\nstyle=\"display:block\"\ndata-ad-client=\"ca-pub-6943679897239327\"\ndata-ad-slot=\"7048180777\"\ndata-ad-format=\"auto\"><\/ins><br \/>\n<script>\n(adsbygoogle = window.adsbygoogle || []).push({});\n<\/script><\/p>\n<p><strong>Un parque m\u00f3vil de casi 260 veh\u00edculos<\/strong><\/p>\n<p>El Ayuntamiento de Pamplona dispone en estos momentos de un parque m\u00f3vil con 259 veh\u00edculos de distintas categor\u00edas. El grueso son turismos (84) y furgonetas (85), pero tambi\u00e9n hay 37 motocicletas, 16 camiones y 30 veh\u00edculos de maquinaria auxiliar, entre otros.<\/p>\n<p>De todos ellos, a d\u00eda de hoy, s\u00f3lo nueve son el\u00e9ctricos. Se trata de tres autom\u00f3viles (dos Opel Corsa y un Citroen Saxo), tres scooters (una Lemev Stream y dos Vectrix Scooter Electric), una furgoneta Citroen Berlingo y dos carretillas elevadoras. Adem\u00e1s, el Consistorio cuenta con dos veh\u00edculos h\u00edbridos, un Toyota Auris y un Suzuki Swift, y otros 21 veh\u00edculos que emplean Gas Licuado de Petroleo (GLP).<\/p>\n<p>A este parque m\u00f3vil el\u00e9ctrico se le sumar\u00e1n ahora las dos nuevas adquisiciones. El contrato de suministro de ambos veh\u00edculos se licit\u00f3 por procedimiento simplificado y ha sido adjudicado finalmente a Comercial Arre Motor. Se trata de un Nissan Leaf de cinco plazas, de motor el\u00e9ctrico y bater\u00eda de litio con una autonom\u00eda de 350 kil\u00f3metros; y una furgoneta Nissan E-NV200, de dos plazas, tambi\u00e9n el\u00e9ctrica con bater\u00eda de litio.<\/p>\n","protected":false},"excerpt":{"rendered":"<p>Se han destinado un total de 68.970 euros a esta compra, que incluye un autom\u00f3vil y una furgoneta<\/p>\n","protected":false},"author":1,"featured_media":21939,"comment_status":"open","ping_status":"closed","sticky":false,"template":"","format":"standard","meta":{"footnotes":""},"categories":[2],"tags":[],"class_list":["post-26767","post","type-post","status-publish","format-standard","has-post-thumbnail","hentry","category-ayuntamiento-pamplona"],"yoast_head":"<!-- This site is optimized with the Yoast SEO plugin v27.5 - https:\/\/yoast.com\/product\/yoast-seo-wordpress\/ -->\n<title>El Ayuntamiento de Pamplona adquiere dos veh\u00edculos el\u00e9ctricos en su compromiso hacia la transformaci\u00f3n energ\u00e9tica<\/title>\n<meta name=\"robots\" content=\"index, follow, max-snippet:-1, max-image-preview:large, max-video-preview:-1\" \/>\n<link rel=\"canonical\" href=\"https:\/\/www.laguiadepamplona.com\/actualidad\/el-ayuntamiento-de-pamplona-adquiere-dos-vehiculos-electricos-en-su-compromiso-hacia-la-transformacion-energetica\/\" \/>\n<meta property=\"og:locale\" content=\"es_ES\" \/>\n<meta property=\"og:type\" content=\"article\" \/>\n<meta property=\"og:title\" content=\"El Ayuntamiento de Pamplona adquiere dos veh\u00edculos el\u00e9ctricos en su compromiso hacia la transformaci\u00f3n energ\u00e9tica\" \/>\n<meta property=\"og:description\" content=\"Se han destinado un total de 68.970 euros a esta compra, que incluye un autom\u00f3vil y una furgoneta\" \/>\n<meta property=\"og:url\" content=\"https:\/\/www.laguiadepamplona.com\/actualidad\/el-ayuntamiento-de-pamplona-adquiere-dos-vehiculos-electricos-en-su-compromiso-hacia-la-transformacion-energetica\/\" \/>\n<meta property=\"og:site_name\" content=\"La Gu\u00eda de Pamplona\" \/>\n<meta property=\"article:publisher\" content=\"https:\/\/www.facebook.com\/laguiadepamplonacom-133175176762273\/?ref=hl\" \/>\n<meta property=\"article:published_time\" content=\"2019-12-09T14:49:27+00:00\" \/>\n<meta property=\"article:modified_time\" content=\"2019-12-09T14:49:43+00:00\" \/>\n<meta property=\"og:image\" content=\"https:\/\/www.laguiadepamplona.com\/actualidad\/wp-content\/uploads\/2019\/05\/ayuntamiento-pamplona-laguiadepamplona.jpg\" \/>\n\t<meta property=\"og:image:width\" content=\"1920\" \/>\n\t<meta property=\"og:image:height\" content=\"1100\" \/>\n\t<meta property=\"og:image:type\" content=\"image\/jpeg\" \/>\n<meta name=\"author\" content=\"La Gu\u00eda de Pamplona\" \/>\n<meta name=\"twitter:card\" content=\"summary_large_image\" \/>\n<meta name=\"twitter:creator\" content=\"@LaGuiadPamplona\" \/>\n<meta name=\"twitter:site\" content=\"@LaGuiadPamplona\" \/>\n<meta name=\"twitter:label1\" content=\"Escrito por\" \/>\n\t<meta name=\"twitter:data1\" content=\"La Gu\u00eda de Pamplona\" \/>\n\t<meta name=\"twitter:label2\" content=\"Tiempo de lectura\" \/>\n\t<meta name=\"twitter:data2\" content=\"3 minutos\" \/>\n<script type=\"application\/ld+json\" class=\"yoast-schema-graph\">{\"@context\":\"https:\\\/\\\/schema.org\",\"@graph\":[{\"@type\":\"Article\",\"@id\":\"https:\\\/\\\/www.laguiadepamplona.com\\\/actualidad\\\/el-ayuntamiento-de-pamplona-adquiere-dos-vehiculos-electricos-en-su-compromiso-hacia-la-transformacion-energetica\\\/#article\",\"isPartOf\":{\"@id\":\"https:\\\/\\\/www.laguiadepamplona.com\\\/actualidad\\\/el-ayuntamiento-de-pamplona-adquiere-dos-vehiculos-electricos-en-su-compromiso-hacia-la-transformacion-energetica\\\/\"},\"author\":{\"name\":\"La Gu\u00eda de Pamplona\",\"@id\":\"https:\\\/\\\/www.laguiadepamplona.com\\\/actualidad\\\/#\\\/schema\\\/person\\\/efe887376f0213d4657c93adc50b1fdb\"},\"headline\":\"El Ayuntamiento de Pamplona adquiere dos veh\u00edculos el\u00e9ctricos en su compromiso hacia la transformaci\u00f3n energ\u00e9tica\",\"datePublished\":\"2019-12-09T14:49:27+00:00\",\"dateModified\":\"2019-12-09T14:49:43+00:00\",\"mainEntityOfPage\":{\"@id\":\"https:\\\/\\\/www.laguiadepamplona.com\\\/actualidad\\\/el-ayuntamiento-de-pamplona-adquiere-dos-vehiculos-electricos-en-su-compromiso-hacia-la-transformacion-energetica\\\/\"},\"wordCount\":588,\"commentCount\":0,\"publisher\":{\"@id\":\"https:\\\/\\\/www.laguiadepamplona.com\\\/actualidad\\\/#organization\"},\"image\":{\"@id\":\"https:\\\/\\\/www.laguiadepamplona.com\\\/actualidad\\\/el-ayuntamiento-de-pamplona-adquiere-dos-vehiculos-electricos-en-su-compromiso-hacia-la-transformacion-energetica\\\/#primaryimage\"},\"thumbnailUrl\":\"https:\\\/\\\/www.laguiadepamplona.com\\\/actualidad\\\/wp-content\\\/uploads\\\/2019\\\/05\\\/ayuntamiento-pamplona-laguiadepamplona.jpg\",\"articleSection\":[\"Ayto Pamplona\"],\"inLanguage\":\"es\",\"potentialAction\":[{\"@type\":\"CommentAction\",\"name\":\"Comment\",\"target\":[\"https:\\\/\\\/www.laguiadepamplona.com\\\/actualidad\\\/el-ayuntamiento-de-pamplona-adquiere-dos-vehiculos-electricos-en-su-compromiso-hacia-la-transformacion-energetica\\\/#respond\"]}]},{\"@type\":\"WebPage\",\"@id\":\"https:\\\/\\\/www.laguiadepamplona.com\\\/actualidad\\\/el-ayuntamiento-de-pamplona-adquiere-dos-vehiculos-electricos-en-su-compromiso-hacia-la-transformacion-energetica\\\/\",\"url\":\"https:\\\/\\\/www.laguiadepamplona.com\\\/actualidad\\\/el-ayuntamiento-de-pamplona-adquiere-dos-vehiculos-electricos-en-su-compromiso-hacia-la-transformacion-energetica\\\/\",\"name\":\"El Ayuntamiento de Pamplona adquiere dos veh\u00edculos el\u00e9ctricos en su compromiso hacia la transformaci\u00f3n energ\u00e9tica\",\"isPartOf\":{\"@id\":\"https:\\\/\\\/www.laguiadepamplona.com\\\/actualidad\\\/#website\"},\"primaryImageOfPage\":{\"@id\":\"https:\\\/\\\/www.laguiadepamplona.com\\\/actualidad\\\/el-ayuntamiento-de-pamplona-adquiere-dos-vehiculos-electricos-en-su-compromiso-hacia-la-transformacion-energetica\\\/#primaryimage\"},\"image\":{\"@id\":\"https:\\\/\\\/www.laguiadepamplona.com\\\/actualidad\\\/el-ayuntamiento-de-pamplona-adquiere-dos-vehiculos-electricos-en-su-compromiso-hacia-la-transformacion-energetica\\\/#primaryimage\"},\"thumbnailUrl\":\"https:\\\/\\\/www.laguiadepamplona.com\\\/actualidad\\\/wp-content\\\/uploads\\\/2019\\\/05\\\/ayuntamiento-pamplona-laguiadepamplona.jpg\",\"datePublished\":\"2019-12-09T14:49:27+00:00\",\"dateModified\":\"2019-12-09T14:49:43+00:00\",\"breadcrumb\":{\"@id\":\"https:\\\/\\\/www.laguiadepamplona.com\\\/actualidad\\\/el-ayuntamiento-de-pamplona-adquiere-dos-vehiculos-electricos-en-su-compromiso-hacia-la-transformacion-energetica\\\/#breadcrumb\"},\"inLanguage\":\"es\",\"potentialAction\":[{\"@type\":\"ReadAction\",\"target\":[\"https:\\\/\\\/www.laguiadepamplona.com\\\/actualidad\\\/el-ayuntamiento-de-pamplona-adquiere-dos-vehiculos-electricos-en-su-compromiso-hacia-la-transformacion-energetica\\\/\"]}]},{\"@type\":\"ImageObject\",\"inLanguage\":\"es\",\"@id\":\"https:\\\/\\\/www.laguiadepamplona.com\\\/actualidad\\\/el-ayuntamiento-de-pamplona-adquiere-dos-vehiculos-electricos-en-su-compromiso-hacia-la-transformacion-energetica\\\/#primaryimage\",\"url\":\"https:\\\/\\\/www.laguiadepamplona.com\\\/actualidad\\\/wp-content\\\/uploads\\\/2019\\\/05\\\/ayuntamiento-pamplona-laguiadepamplona.jpg\",\"contentUrl\":\"https:\\\/\\\/www.laguiadepamplona.com\\\/actualidad\\\/wp-content\\\/uploads\\\/2019\\\/05\\\/ayuntamiento-pamplona-laguiadepamplona.jpg\",\"width\":1920,\"height\":1100},{\"@type\":\"BreadcrumbList\",\"@id\":\"https:\\\/\\\/www.laguiadepamplona.com\\\/actualidad\\\/el-ayuntamiento-de-pamplona-adquiere-dos-vehiculos-electricos-en-su-compromiso-hacia-la-transformacion-energetica\\\/#breadcrumb\",\"itemListElement\":[{\"@type\":\"ListItem\",\"position\":1,\"name\":\"Portada\",\"item\":\"https:\\\/\\\/www.laguiadepamplona.com\\\/actualidad\\\/\"},{\"@type\":\"ListItem\",\"position\":2,\"name\":\"El Ayuntamiento de Pamplona adquiere dos veh\u00edculos el\u00e9ctricos en su compromiso hacia la transformaci\u00f3n energ\u00e9tica\"}]},{\"@type\":\"WebSite\",\"@id\":\"https:\\\/\\\/www.laguiadepamplona.com\\\/actualidad\\\/#website\",\"url\":\"https:\\\/\\\/www.laguiadepamplona.com\\\/actualidad\\\/\",\"name\":\"La gu\u00eda de Pamplona\",\"description\":\"Noticias de Pamplona\",\"publisher\":{\"@id\":\"https:\\\/\\\/www.laguiadepamplona.com\\\/actualidad\\\/#organization\"},\"potentialAction\":[{\"@type\":\"SearchAction\",\"target\":{\"@type\":\"EntryPoint\",\"urlTemplate\":\"https:\\\/\\\/www.laguiadepamplona.com\\\/actualidad\\\/?s={search_term_string}\"},\"query-input\":{\"@type\":\"PropertyValueSpecification\",\"valueRequired\":true,\"valueName\":\"search_term_string\"}}],\"inLanguage\":\"es\"},{\"@type\":\"Organization\",\"@id\":\"https:\\\/\\\/www.laguiadepamplona.com\\\/actualidad\\\/#organization\",\"name\":\"La Gu\u00eda de Pamplona \\\/ Noticias\",\"url\":\"https:\\\/\\\/www.laguiadepamplona.com\\\/actualidad\\\/\",\"logo\":{\"@type\":\"ImageObject\",\"inLanguage\":\"es\",\"@id\":\"https:\\\/\\\/www.laguiadepamplona.com\\\/actualidad\\\/#\\\/schema\\\/logo\\\/image\\\/\",\"url\":\"https:\\\/\\\/www.laguiadepamplona.com\\\/actualidad\\\/wp-content\\\/uploads\\\/2018\\\/11\\\/logo-laguiadepamplona18-web1.png\",\"contentUrl\":\"https:\\\/\\\/www.laguiadepamplona.com\\\/actualidad\\\/wp-content\\\/uploads\\\/2018\\\/11\\\/logo-laguiadepamplona18-web1.png\",\"width\":600,\"height\":196,\"caption\":\"La Gu\u00eda de Pamplona \\\/ Noticias\"},\"image\":{\"@id\":\"https:\\\/\\\/www.laguiadepamplona.com\\\/actualidad\\\/#\\\/schema\\\/logo\\\/image\\\/\"},\"sameAs\":[\"https:\\\/\\\/www.facebook.com\\\/laguiadepamplonacom-133175176762273\\\/?ref=hl\",\"https:\\\/\\\/x.com\\\/LaGuiadPamplona\",\"https:\\\/\\\/www.instagram.com\\\/la_guia_de_pamplona\\\/\",\"https:\\\/\\\/www.youtube.com\\\/user\\\/laguiadepamplona\"]},{\"@type\":\"Person\",\"@id\":\"https:\\\/\\\/www.laguiadepamplona.com\\\/actualidad\\\/#\\\/schema\\\/person\\\/efe887376f0213d4657c93adc50b1fdb\",\"name\":\"La Gu\u00eda de Pamplona\",\"image\":{\"@type\":\"ImageObject\",\"inLanguage\":\"es\",\"@id\":\"https:\\\/\\\/secure.gravatar.com\\\/avatar\\\/b6992f131dc8d30ab0dff15446e9d346d9dbd95992de0fef795073f5ea83a81c?s=96&d=mm&r=g\",\"url\":\"https:\\\/\\\/secure.gravatar.com\\\/avatar\\\/b6992f131dc8d30ab0dff15446e9d346d9dbd95992de0fef795073f5ea83a81c?s=96&d=mm&r=g\",\"contentUrl\":\"https:\\\/\\\/secure.gravatar.com\\\/avatar\\\/b6992f131dc8d30ab0dff15446e9d346d9dbd95992de0fef795073f5ea83a81c?s=96&d=mm&r=g\",\"caption\":\"La Gu\u00eda de Pamplona\"}}]}<\/script>\n<!-- \/ Yoast SEO plugin. -->","yoast_head_json":{"title":"El Ayuntamiento de Pamplona adquiere dos veh\u00edculos el\u00e9ctricos en su compromiso hacia la transformaci\u00f3n energ\u00e9tica","robots":{"index":"index","follow":"follow","max-snippet":"max-snippet:-1","max-image-preview":"max-image-preview:large","max-video-preview":"max-video-preview:-1"},"canonical":"https:\/\/www.laguiadepamplona.com\/actualidad\/el-ayuntamiento-de-pamplona-adquiere-dos-vehiculos-electricos-en-su-compromiso-hacia-la-transformacion-energetica\/","og_locale":"es_ES","og_type":"article","og_title":"El Ayuntamiento de Pamplona adquiere dos veh\u00edculos el\u00e9ctricos en su compromiso hacia la transformaci\u00f3n energ\u00e9tica","og_description":"Se han destinado un total de 68.970 euros a esta compra, que incluye un autom\u00f3vil y una furgoneta","og_url":"https:\/\/www.laguiadepamplona.com\/actualidad\/el-ayuntamiento-de-pamplona-adquiere-dos-vehiculos-electricos-en-su-compromiso-hacia-la-transformacion-energetica\/","og_site_name":"La Gu\u00eda de Pamplona","article_publisher":"https:\/\/www.facebook.com\/laguiadepamplonacom-133175176762273\/?ref=hl","article_published_time":"2019-12-09T14:49:27+00:00","article_modified_time":"2019-12-09T14:49:43+00:00","og_image":[{"width":1920,"height":1100,"url":"https:\/\/www.laguiadepamplona.com\/actualidad\/wp-content\/uploads\/2019\/05\/ayuntamiento-pamplona-laguiadepamplona.jpg","type":"image\/jpeg"}],"author":"La Gu\u00eda de Pamplona","twitter_card":"summary_large_image","twitter_creator":"@LaGuiadPamplona","twitter_site":"@LaGuiadPamplona","twitter_misc":{"Escrito por":"La Gu\u00eda de Pamplona","Tiempo de lectura":"3 minutos"},"schema":{"@context":"https:\/\/schema.org","@graph":[{"@type":"Article","@id":"https:\/\/www.laguiadepamplona.com\/actualidad\/el-ayuntamiento-de-pamplona-adquiere-dos-vehiculos-electricos-en-su-compromiso-hacia-la-transformacion-energetica\/#article","isPartOf":{"@id":"https:\/\/www.laguiadepamplona.com\/actualidad\/el-ayuntamiento-de-pamplona-adquiere-dos-vehiculos-electricos-en-su-compromiso-hacia-la-transformacion-energetica\/"},"author":{"name":"La Gu\u00eda de Pamplona","@id":"https:\/\/www.laguiadepamplona.com\/actualidad\/#\/schema\/person\/efe887376f0213d4657c93adc50b1fdb"},"headline":"El Ayuntamiento de Pamplona adquiere dos veh\u00edculos el\u00e9ctricos en su compromiso hacia la transformaci\u00f3n energ\u00e9tica","datePublished":"2019-12-09T14:49:27+00:00","dateModified":"2019-12-09T14:49:43+00:00","mainEntityOfPage":{"@id":"https:\/\/www.laguiadepamplona.com\/actualidad\/el-ayuntamiento-de-pamplona-adquiere-dos-vehiculos-electricos-en-su-compromiso-hacia-la-transformacion-energetica\/"},"wordCount":588,"commentCount":0,"publisher":{"@id":"https:\/\/www.laguiadepamplona.com\/actualidad\/#organization"},"image":{"@id":"https:\/\/www.laguiadepamplona.com\/actualidad\/el-ayuntamiento-de-pamplona-adquiere-dos-vehiculos-electricos-en-su-compromiso-hacia-la-transformacion-energetica\/#primaryimage"},"thumbnailUrl":"https:\/\/www.laguiadepamplona.com\/actualidad\/wp-content\/uploads\/2019\/05\/ayuntamiento-pamplona-laguiadepamplona.jpg","articleSection":["Ayto Pamplona"],"inLanguage":"es","potentialAction":[{"@type":"CommentAction","name":"Comment","target":["https:\/\/www.laguiadepamplona.com\/actualidad\/el-ayuntamiento-de-pamplona-adquiere-dos-vehiculos-electricos-en-su-compromiso-hacia-la-transformacion-energetica\/#respond"]}]},{"@type":"WebPage","@id":"https:\/\/www.laguiadepamplona.com\/actualidad\/el-ayuntamiento-de-pamplona-adquiere-dos-vehiculos-electricos-en-su-compromiso-hacia-la-transformacion-energetica\/","url":"https:\/\/www.laguiadepamplona.com\/actualidad\/el-ayuntamiento-de-pamplona-adquiere-dos-vehiculos-electricos-en-su-compromiso-hacia-la-transformacion-energetica\/","name":"El Ayuntamiento de Pamplona adquiere dos veh\u00edculos el\u00e9ctricos en su compromiso hacia la transformaci\u00f3n energ\u00e9tica","isPartOf":{"@id":"https:\/\/www.laguiadepamplona.com\/actualidad\/#website"},"primaryImageOfPage":{"@id":"https:\/\/www.laguiadepamplona.com\/actualidad\/el-ayuntamiento-de-pamplona-adquiere-dos-vehiculos-electricos-en-su-compromiso-hacia-la-transformacion-energetica\/#primaryimage"},"image":{"@id":"https:\/\/www.laguiadepamplona.com\/actualidad\/el-ayuntamiento-de-pamplona-adquiere-dos-vehiculos-electricos-en-su-compromiso-hacia-la-transformacion-energetica\/#primaryimage"},"thumbnailUrl":"https:\/\/www.laguiadepamplona.com\/actualidad\/wp-content\/uploads\/2019\/05\/ayuntamiento-pamplona-laguiadepamplona.jpg","datePublished":"2019-12-09T14:49:27+00:00","dateModified":"2019-12-09T14:49:43+00:00","breadcrumb":{"@id":"https:\/\/www.laguiadepamplona.com\/actualidad\/el-ayuntamiento-de-pamplona-adquiere-dos-vehiculos-electricos-en-su-compromiso-hacia-la-transformacion-energetica\/#breadcrumb"},"inLanguage":"es","potentialAction":[{"@type":"ReadAction","target":["https:\/\/www.laguiadepamplona.com\/actualidad\/el-ayuntamiento-de-pamplona-adquiere-dos-vehiculos-electricos-en-su-compromiso-hacia-la-transformacion-energetica\/"]}]},{"@type":"ImageObject","inLanguage":"es","@id":"https:\/\/www.laguiadepamplona.com\/actualidad\/el-ayuntamiento-de-pamplona-adquiere-dos-vehiculos-electricos-en-su-compromiso-hacia-la-transformacion-energetica\/#primaryimage","url":"https:\/\/www.laguiadepamplona.com\/actualidad\/wp-content\/uploads\/2019\/05\/ayuntamiento-pamplona-laguiadepamplona.jpg","contentUrl":"https:\/\/www.laguiadepamplona.com\/actualidad\/wp-content\/uploads\/2019\/05\/ayuntamiento-pamplona-laguiadepamplona.jpg","width":1920,"height":1100},{"@type":"BreadcrumbList","@id":"https:\/\/www.laguiadepamplona.com\/actualidad\/el-ayuntamiento-de-pamplona-adquiere-dos-vehiculos-electricos-en-su-compromiso-hacia-la-transformacion-energetica\/#breadcrumb","itemListElement":[{"@type":"ListItem","position":1,"name":"Portada","item":"https:\/\/www.laguiadepamplona.com\/actualidad\/"},{"@type":"ListItem","position":2,"name":"El Ayuntamiento de Pamplona adquiere dos veh\u00edculos el\u00e9ctricos en su compromiso hacia la transformaci\u00f3n energ\u00e9tica"}]},{"@type":"WebSite","@id":"https:\/\/www.laguiadepamplona.com\/actualidad\/#website","url":"https:\/\/www.laguiadepamplona.com\/actualidad\/","name":"La gu\u00eda de Pamplona","description":"Noticias de Pamplona","publisher":{"@id":"https:\/\/www.laguiadepamplona.com\/actualidad\/#organization"},"potentialAction":[{"@type":"SearchAction","target":{"@type":"EntryPoint","urlTemplate":"https:\/\/www.laguiadepamplona.com\/actualidad\/?s={search_term_string}"},"query-input":{"@type":"PropertyValueSpecification","valueRequired":true,"valueName":"search_term_string"}}],"inLanguage":"es"},{"@type":"Organization","@id":"https:\/\/www.laguiadepamplona.com\/actualidad\/#organization","name":"La Gu\u00eda de Pamplona \/ Noticias","url":"https:\/\/www.laguiadepamplona.com\/actualidad\/","logo":{"@type":"ImageObject","inLanguage":"es","@id":"https:\/\/www.laguiadepamplona.com\/actualidad\/#\/schema\/logo\/image\/","url":"https:\/\/www.laguiadepamplona.com\/actualidad\/wp-content\/uploads\/2018\/11\/logo-laguiadepamplona18-web1.png","contentUrl":"https:\/\/www.laguiadepamplona.com\/actualidad\/wp-content\/uploads\/2018\/11\/logo-laguiadepamplona18-web1.png","width":600,"height":196,"caption":"La Gu\u00eda de Pamplona \/ Noticias"},"image":{"@id":"https:\/\/www.laguiadepamplona.com\/actualidad\/#\/schema\/logo\/image\/"},"sameAs":["https:\/\/www.facebook.com\/laguiadepamplonacom-133175176762273\/?ref=hl","https:\/\/x.com\/LaGuiadPamplona","https:\/\/www.instagram.com\/la_guia_de_pamplona\/","https:\/\/www.youtube.com\/user\/laguiadepamplona"]},{"@type":"Person","@id":"https:\/\/www.laguiadepamplona.com\/actualidad\/#\/schema\/person\/efe887376f0213d4657c93adc50b1fdb","name":"La Gu\u00eda de Pamplona","image":{"@type":"ImageObject","inLanguage":"es","@id":"https:\/\/secure.gravatar.com\/avatar\/b6992f131dc8d30ab0dff15446e9d346d9dbd95992de0fef795073f5ea83a81c?s=96&d=mm&r=g","url":"https:\/\/secure.gravatar.com\/avatar\/b6992f131dc8d30ab0dff15446e9d346d9dbd95992de0fef795073f5ea83a81c?s=96&d=mm&r=g","contentUrl":"https:\/\/secure.gravatar.com\/avatar\/b6992f131dc8d30ab0dff15446e9d346d9dbd95992de0fef795073f5ea83a81c?s=96&d=mm&r=g","caption":"La Gu\u00eda de Pamplona"}}]}},"post_mailing_queue_ids":[],"_links":{"self":[{"href":"https:\/\/www.laguiadepamplona.com\/actualidad\/wp-json\/wp\/v2\/posts\/26767","targetHints":{"allow":["GET"]}}],"collection":[{"href":"https:\/\/www.laguiadepamplona.com\/actualidad\/wp-json\/wp\/v2\/posts"}],"about":[{"href":"https:\/\/www.laguiadepamplona.com\/actualidad\/wp-json\/wp\/v2\/types\/post"}],"author":[{"embeddable":true,"href":"https:\/\/www.laguiadepamplona.com\/actualidad\/wp-json\/wp\/v2\/users\/1"}],"replies":[{"embeddable":true,"href":"https:\/\/www.laguiadepamplona.com\/actualidad\/wp-json\/wp\/v2\/comments?post=26767"}],"version-history":[{"count":0,"href":"https:\/\/www.laguiadepamplona.com\/actualidad\/wp-json\/wp\/v2\/posts\/26767\/revisions"}],"wp:featuredmedia":[{"embeddable":true,"href":"https:\/\/www.laguiadepamplona.com\/actualidad\/wp-json\/wp\/v2\/media\/21939"}],"wp:attachment":[{"href":"https:\/\/www.laguiadepamplona.com\/actualidad\/wp-json\/wp\/v2\/media?parent=26767"}],"wp:term":[{"taxonomy":"category","embeddable":true,"href":"https:\/\/www.laguiadepamplona.com\/actualidad\/wp-json\/wp\/v2\/categories?post=26767"},{"taxonomy":"post_tag","embeddable":true,"href":"https:\/\/www.laguiadepamplona.com\/actualidad\/wp-json\/wp\/v2\/tags?post=26767"}],"curies":[{"name":"wp","href":"https:\/\/api.w.org\/{rel}","templated":true}]}}