{"id":2674,"date":"2014-08-12T10:42:59","date_gmt":"2014-08-12T10:42:59","guid":{"rendered":"http:\/\/laguiadepamplona.com\/actualidad\/?p=2674"},"modified":"2014-08-12T10:42:59","modified_gmt":"2014-08-12T10:42:59","slug":"en-este-final-de-semana-llegan-dos-peliculas-de-animacion-para-publico-familiar-a-las-noches-de-cine-de-los-parques-de-la-ciudad","status":"publish","type":"post","link":"https:\/\/www.laguiadepamplona.com\/actualidad\/en-este-final-de-semana-llegan-dos-peliculas-de-animacion-para-publico-familiar-a-las-noches-de-cine-de-los-parques-de-la-ciudad\/","title":{"rendered":"En este final de semana llegan dos pel\u00edculas de animaci\u00f3n, para p\u00fablico familiar, a las noches de cine de los parques de la ciudad"},"content":{"rendered":"<h4>Se proyectar\u00e1n, a las 22 horas, \u2018Monstruos University\u2019 en Mendillorri y \u2018Gru 2, mi villano favorito\u2019 en Rochapea<\/h4>\n<p><a href=\"http:\/\/laguiadepamplona.com\/actualidad\/wp-content\/uploads\/2014\/08\/monstruos_university.jpg\"><img loading=\"lazy\" decoding=\"async\" class=\"alignleft size-medium wp-image-2675\" src=\"http:\/\/laguiadepamplona.com\/actualidad\/wp-content\/uploads\/2014\/08\/monstruos_university-202x300.jpg\" alt=\"monstruos_university\" width=\"202\" height=\"300\" \/><\/a>El cine de animaci\u00f3n ser\u00e1 al protagonista absoluto de este final de semana con la proyecci\u00f3n de dos pel\u00edculas. aptas para todos los p\u00fablicos, y que dieron muy buen resultado en taquilla. Ambas son, adem\u00e1s, precuela y secuela de otros filmes, por lo que sus protagonistas son de sobra conocidos: la pareja de monstruos formada por Mike Wazowski y James P. Sullivan y el supervillano Gru con sus peque\u00f1os obreros amarillos, los minions.<\/p>\n<p>Ma\u00f1ana mi\u00e9rcoles 13 de agosto, en el Parque del lago de Mendillorri se proyectar\u00e1 \u2018Monstruos University\u2019, de la factor\u00eda Disney-Pixar. Mike Wazowski y James P. Sullivan, protagonistas de la anterior y exitosa \u2018Monstruos S.A\u2019, son amigos inseparables, pero eso no fue siempre as\u00ed. La pel\u00edcula aborda el momento en que se conocieron en la Universidad, una etapa de su vida en la que no se pod\u00edan soportar. El filme, de 96 minutos de duraci\u00f3n, fue producido bajo la direcci\u00f3n de Dan Scanlon en 2013, un a\u00f1o en el que obtuvo nominaciones para los premios Anie y BAFTA, entre otros<\/p>\n<p>El jueves, la cartelera municipal ofrecer\u00e1 en el Parque de Enamorados de Rochapea \u2018Gru 2, mi villano favorito\u2019, otro filme de animaci\u00f3n con una duraci\u00f3n de 98 minutos, de Universal Pictures. Gru quiere dejar atr\u00e1s una vida \u2018consagrada al mal\u2019 para cuidar de sus amigas hu\u00e9rfanas Margo, Edith y Agnes, pero su vida familiar se va a ver en peligro cuando una organizaci\u00f3n mundial ultrasecreta dedicada a la lucha contra el mal llama a su puerta para usar su experiencia para combatir a un gran villano. La pel\u00edcula estuvo nominada a los Globos de Oro de 2011 como Mejor Pel\u00edcula y se alz\u00f3 con ese galard\u00f3n en los Kid&#8217;s Choice Awards de ese a\u00f1o.<\/p>\n<p><strong>Pr\u00f3ximas proyecciones de Noches de cine. 22 horas. Entrada libre<\/strong><\/p>\n<ul>\n<li><strong>Parque del Lago. Mendillorri: Animaci\u00f3n y acci\u00f3n<\/strong><\/li>\n<li>Monstruos University: 13 agosto<\/li>\n<li><strong>Parque de los Enamorados. Rochapea: Cine de animaci\u00f3n<\/strong><\/li>\n<li>Gru 2. Mi villano favorito: 14 agosto<\/li>\n<\/ul>\n<p>&nbsp;<\/p>\n","protected":false},"excerpt":{"rendered":"<p>Se proyectar\u00e1n, a las 22 horas, \u2018Monstruos University\u2019 en Mendillorri y \u2018Gru 2, mi villano favorito\u2019 en Rochapea El cine de animaci\u00f3n ser\u00e1 al protagonista absoluto de este final de&#8230;<\/p>\n","protected":false},"author":1,"featured_media":2675,"comment_status":"open","ping_status":"open","sticky":false,"template":"","format":"standard","meta":{"footnotes":""},"categories":[2],"tags":[199,5,6,509,2292,620,2293,2294,2110,8,9,354],"class_list":["post-2674","post","type-post","status-publish","format-standard","has-post-thumbnail","hentry","category-ayuntamiento-pamplona","tag-199","tag-actualidad","tag-ayto-pamplona","tag-ayuntamiento-de-pamplona","tag-gru-2","tag-mendillorri","tag-mi-villano-favorito","tag-monstruos-university","tag-noches-de-cine","tag-noticias","tag-pamplona","tag-rochapea"],"yoast_head":"<!-- This site is optimized with the Yoast SEO plugin v27.5 - https:\/\/yoast.com\/product\/yoast-seo-wordpress\/ -->\n<title>En este final de semana llegan dos pel\u00edculas de animaci\u00f3n, para p\u00fablico familiar, a las noches de cine de los parques de la ciudad<\/title>\n<meta name=\"robots\" content=\"index, follow, max-snippet:-1, max-image-preview:large, max-video-preview:-1\" \/>\n<link rel=\"canonical\" href=\"https:\/\/www.laguiadepamplona.com\/actualidad\/en-este-final-de-semana-llegan-dos-peliculas-de-animacion-para-publico-familiar-a-las-noches-de-cine-de-los-parques-de-la-ciudad\/\" \/>\n<meta property=\"og:locale\" content=\"es_ES\" \/>\n<meta property=\"og:type\" content=\"article\" \/>\n<meta property=\"og:title\" content=\"En este final de semana llegan dos pel\u00edculas de animaci\u00f3n, para p\u00fablico familiar, a las noches de cine de los parques de la ciudad\" \/>\n<meta property=\"og:description\" content=\"Se proyectar\u00e1n, a las 22 horas, \u2018Monstruos University\u2019 en Mendillorri y \u2018Gru 2, mi villano favorito\u2019 en Rochapea El cine de animaci\u00f3n ser\u00e1 al protagonista absoluto de este final de...\" \/>\n<meta property=\"og:url\" content=\"https:\/\/www.laguiadepamplona.com\/actualidad\/en-este-final-de-semana-llegan-dos-peliculas-de-animacion-para-publico-familiar-a-las-noches-de-cine-de-los-parques-de-la-ciudad\/\" \/>\n<meta property=\"og:site_name\" content=\"La Gu\u00eda de Pamplona\" \/>\n<meta property=\"article:publisher\" content=\"https:\/\/www.facebook.com\/laguiadepamplonacom-133175176762273\/?ref=hl\" \/>\n<meta property=\"article:published_time\" content=\"2014-08-12T10:42:59+00:00\" \/>\n<meta name=\"author\" content=\"La Gu\u00eda de Pamplona\" \/>\n<meta name=\"twitter:card\" content=\"summary_large_image\" \/>\n<meta name=\"twitter:creator\" content=\"@LaGuiadPamplona\" \/>\n<meta name=\"twitter:site\" content=\"@LaGuiadPamplona\" \/>\n<meta name=\"twitter:label1\" content=\"Escrito por\" \/>\n\t<meta name=\"twitter:data1\" content=\"La Gu\u00eda de Pamplona\" \/>\n\t<meta name=\"twitter:label2\" content=\"Tiempo de lectura\" \/>\n\t<meta name=\"twitter:data2\" content=\"2 minutos\" \/>\n<script type=\"application\/ld+json\" class=\"yoast-schema-graph\">{\"@context\":\"https:\\\/\\\/schema.org\",\"@graph\":[{\"@type\":\"Article\",\"@id\":\"https:\\\/\\\/www.laguiadepamplona.com\\\/actualidad\\\/en-este-final-de-semana-llegan-dos-peliculas-de-animacion-para-publico-familiar-a-las-noches-de-cine-de-los-parques-de-la-ciudad\\\/#article\",\"isPartOf\":{\"@id\":\"https:\\\/\\\/www.laguiadepamplona.com\\\/actualidad\\\/en-este-final-de-semana-llegan-dos-peliculas-de-animacion-para-publico-familiar-a-las-noches-de-cine-de-los-parques-de-la-ciudad\\\/\"},\"author\":{\"name\":\"La Gu\u00eda de Pamplona\",\"@id\":\"https:\\\/\\\/www.laguiadepamplona.com\\\/actualidad\\\/#\\\/schema\\\/person\\\/efe887376f0213d4657c93adc50b1fdb\"},\"headline\":\"En este final de semana llegan dos pel\u00edculas de animaci\u00f3n, para p\u00fablico familiar, a las noches de cine de los parques de la ciudad\",\"datePublished\":\"2014-08-12T10:42:59+00:00\",\"mainEntityOfPage\":{\"@id\":\"https:\\\/\\\/www.laguiadepamplona.com\\\/actualidad\\\/en-este-final-de-semana-llegan-dos-peliculas-de-animacion-para-publico-familiar-a-las-noches-de-cine-de-los-parques-de-la-ciudad\\\/\"},\"wordCount\":386,\"commentCount\":0,\"publisher\":{\"@id\":\"https:\\\/\\\/www.laguiadepamplona.com\\\/actualidad\\\/#organization\"},\"image\":{\"@id\":\"https:\\\/\\\/www.laguiadepamplona.com\\\/actualidad\\\/en-este-final-de-semana-llegan-dos-peliculas-de-animacion-para-publico-familiar-a-las-noches-de-cine-de-los-parques-de-la-ciudad\\\/#primaryimage\"},\"thumbnailUrl\":\"\",\"keywords\":[\"2014\",\"actualidad\",\"ayto pamplona\",\"Ayuntamiento de Pamplona\",\"gru 2\",\"Mendillorri\",\"mi villano favorito\",\"Monstruos University\",\"noches de cine\",\"noticias\",\"pamplona\",\"Rochapea\"],\"articleSection\":[\"Ayto Pamplona\"],\"inLanguage\":\"es\",\"potentialAction\":[{\"@type\":\"CommentAction\",\"name\":\"Comment\",\"target\":[\"https:\\\/\\\/www.laguiadepamplona.com\\\/actualidad\\\/en-este-final-de-semana-llegan-dos-peliculas-de-animacion-para-publico-familiar-a-las-noches-de-cine-de-los-parques-de-la-ciudad\\\/#respond\"]}]},{\"@type\":\"WebPage\",\"@id\":\"https:\\\/\\\/www.laguiadepamplona.com\\\/actualidad\\\/en-este-final-de-semana-llegan-dos-peliculas-de-animacion-para-publico-familiar-a-las-noches-de-cine-de-los-parques-de-la-ciudad\\\/\",\"url\":\"https:\\\/\\\/www.laguiadepamplona.com\\\/actualidad\\\/en-este-final-de-semana-llegan-dos-peliculas-de-animacion-para-publico-familiar-a-las-noches-de-cine-de-los-parques-de-la-ciudad\\\/\",\"name\":\"En este final de semana llegan dos pel\u00edculas de animaci\u00f3n, para p\u00fablico familiar, a las noches de cine de los parques de la ciudad\",\"isPartOf\":{\"@id\":\"https:\\\/\\\/www.laguiadepamplona.com\\\/actualidad\\\/#website\"},\"primaryImageOfPage\":{\"@id\":\"https:\\\/\\\/www.laguiadepamplona.com\\\/actualidad\\\/en-este-final-de-semana-llegan-dos-peliculas-de-animacion-para-publico-familiar-a-las-noches-de-cine-de-los-parques-de-la-ciudad\\\/#primaryimage\"},\"image\":{\"@id\":\"https:\\\/\\\/www.laguiadepamplona.com\\\/actualidad\\\/en-este-final-de-semana-llegan-dos-peliculas-de-animacion-para-publico-familiar-a-las-noches-de-cine-de-los-parques-de-la-ciudad\\\/#primaryimage\"},\"thumbnailUrl\":\"\",\"datePublished\":\"2014-08-12T10:42:59+00:00\",\"breadcrumb\":{\"@id\":\"https:\\\/\\\/www.laguiadepamplona.com\\\/actualidad\\\/en-este-final-de-semana-llegan-dos-peliculas-de-animacion-para-publico-familiar-a-las-noches-de-cine-de-los-parques-de-la-ciudad\\\/#breadcrumb\"},\"inLanguage\":\"es\",\"potentialAction\":[{\"@type\":\"ReadAction\",\"target\":[\"https:\\\/\\\/www.laguiadepamplona.com\\\/actualidad\\\/en-este-final-de-semana-llegan-dos-peliculas-de-animacion-para-publico-familiar-a-las-noches-de-cine-de-los-parques-de-la-ciudad\\\/\"]}]},{\"@type\":\"ImageObject\",\"inLanguage\":\"es\",\"@id\":\"https:\\\/\\\/www.laguiadepamplona.com\\\/actualidad\\\/en-este-final-de-semana-llegan-dos-peliculas-de-animacion-para-publico-familiar-a-las-noches-de-cine-de-los-parques-de-la-ciudad\\\/#primaryimage\",\"url\":\"\",\"contentUrl\":\"\"},{\"@type\":\"BreadcrumbList\",\"@id\":\"https:\\\/\\\/www.laguiadepamplona.com\\\/actualidad\\\/en-este-final-de-semana-llegan-dos-peliculas-de-animacion-para-publico-familiar-a-las-noches-de-cine-de-los-parques-de-la-ciudad\\\/#breadcrumb\",\"itemListElement\":[{\"@type\":\"ListItem\",\"position\":1,\"name\":\"Portada\",\"item\":\"https:\\\/\\\/www.laguiadepamplona.com\\\/actualidad\\\/\"},{\"@type\":\"ListItem\",\"position\":2,\"name\":\"En este final de semana llegan dos pel\u00edculas de animaci\u00f3n, para p\u00fablico familiar, a las noches de cine de los parques de la ciudad\"}]},{\"@type\":\"WebSite\",\"@id\":\"https:\\\/\\\/www.laguiadepamplona.com\\\/actualidad\\\/#website\",\"url\":\"https:\\\/\\\/www.laguiadepamplona.com\\\/actualidad\\\/\",\"name\":\"La gu\u00eda de Pamplona\",\"description\":\"Noticias de Pamplona\",\"publisher\":{\"@id\":\"https:\\\/\\\/www.laguiadepamplona.com\\\/actualidad\\\/#organization\"},\"potentialAction\":[{\"@type\":\"SearchAction\",\"target\":{\"@type\":\"EntryPoint\",\"urlTemplate\":\"https:\\\/\\\/www.laguiadepamplona.com\\\/actualidad\\\/?s={search_term_string}\"},\"query-input\":{\"@type\":\"PropertyValueSpecification\",\"valueRequired\":true,\"valueName\":\"search_term_string\"}}],\"inLanguage\":\"es\"},{\"@type\":\"Organization\",\"@id\":\"https:\\\/\\\/www.laguiadepamplona.com\\\/actualidad\\\/#organization\",\"name\":\"La Gu\u00eda de Pamplona \\\/ Noticias\",\"url\":\"https:\\\/\\\/www.laguiadepamplona.com\\\/actualidad\\\/\",\"logo\":{\"@type\":\"ImageObject\",\"inLanguage\":\"es\",\"@id\":\"https:\\\/\\\/www.laguiadepamplona.com\\\/actualidad\\\/#\\\/schema\\\/logo\\\/image\\\/\",\"url\":\"https:\\\/\\\/www.laguiadepamplona.com\\\/actualidad\\\/wp-content\\\/uploads\\\/2018\\\/11\\\/logo-laguiadepamplona18-web1.png\",\"contentUrl\":\"https:\\\/\\\/www.laguiadepamplona.com\\\/actualidad\\\/wp-content\\\/uploads\\\/2018\\\/11\\\/logo-laguiadepamplona18-web1.png\",\"width\":600,\"height\":196,\"caption\":\"La Gu\u00eda de Pamplona \\\/ Noticias\"},\"image\":{\"@id\":\"https:\\\/\\\/www.laguiadepamplona.com\\\/actualidad\\\/#\\\/schema\\\/logo\\\/image\\\/\"},\"sameAs\":[\"https:\\\/\\\/www.facebook.com\\\/laguiadepamplonacom-133175176762273\\\/?ref=hl\",\"https:\\\/\\\/x.com\\\/LaGuiadPamplona\",\"https:\\\/\\\/www.instagram.com\\\/la_guia_de_pamplona\\\/\",\"https:\\\/\\\/www.youtube.com\\\/user\\\/laguiadepamplona\"]},{\"@type\":\"Person\",\"@id\":\"https:\\\/\\\/www.laguiadepamplona.com\\\/actualidad\\\/#\\\/schema\\\/person\\\/efe887376f0213d4657c93adc50b1fdb\",\"name\":\"La Gu\u00eda de Pamplona\",\"image\":{\"@type\":\"ImageObject\",\"inLanguage\":\"es\",\"@id\":\"https:\\\/\\\/secure.gravatar.com\\\/avatar\\\/b6992f131dc8d30ab0dff15446e9d346d9dbd95992de0fef795073f5ea83a81c?s=96&d=mm&r=g\",\"url\":\"https:\\\/\\\/secure.gravatar.com\\\/avatar\\\/b6992f131dc8d30ab0dff15446e9d346d9dbd95992de0fef795073f5ea83a81c?s=96&d=mm&r=g\",\"contentUrl\":\"https:\\\/\\\/secure.gravatar.com\\\/avatar\\\/b6992f131dc8d30ab0dff15446e9d346d9dbd95992de0fef795073f5ea83a81c?s=96&d=mm&r=g\",\"caption\":\"La Gu\u00eda de Pamplona\"}}]}<\/script>\n<!-- \/ Yoast SEO plugin. -->","yoast_head_json":{"title":"En este final de semana llegan dos pel\u00edculas de animaci\u00f3n, para p\u00fablico familiar, a las noches de cine de los parques de la ciudad","robots":{"index":"index","follow":"follow","max-snippet":"max-snippet:-1","max-image-preview":"max-image-preview:large","max-video-preview":"max-video-preview:-1"},"canonical":"https:\/\/www.laguiadepamplona.com\/actualidad\/en-este-final-de-semana-llegan-dos-peliculas-de-animacion-para-publico-familiar-a-las-noches-de-cine-de-los-parques-de-la-ciudad\/","og_locale":"es_ES","og_type":"article","og_title":"En este final de semana llegan dos pel\u00edculas de animaci\u00f3n, para p\u00fablico familiar, a las noches de cine de los parques de la ciudad","og_description":"Se proyectar\u00e1n, a las 22 horas, \u2018Monstruos University\u2019 en Mendillorri y \u2018Gru 2, mi villano favorito\u2019 en Rochapea El cine de animaci\u00f3n ser\u00e1 al protagonista absoluto de este final de...","og_url":"https:\/\/www.laguiadepamplona.com\/actualidad\/en-este-final-de-semana-llegan-dos-peliculas-de-animacion-para-publico-familiar-a-las-noches-de-cine-de-los-parques-de-la-ciudad\/","og_site_name":"La Gu\u00eda de Pamplona","article_publisher":"https:\/\/www.facebook.com\/laguiadepamplonacom-133175176762273\/?ref=hl","article_published_time":"2014-08-12T10:42:59+00:00","author":"La Gu\u00eda de Pamplona","twitter_card":"summary_large_image","twitter_creator":"@LaGuiadPamplona","twitter_site":"@LaGuiadPamplona","twitter_misc":{"Escrito por":"La Gu\u00eda de Pamplona","Tiempo de lectura":"2 minutos"},"schema":{"@context":"https:\/\/schema.org","@graph":[{"@type":"Article","@id":"https:\/\/www.laguiadepamplona.com\/actualidad\/en-este-final-de-semana-llegan-dos-peliculas-de-animacion-para-publico-familiar-a-las-noches-de-cine-de-los-parques-de-la-ciudad\/#article","isPartOf":{"@id":"https:\/\/www.laguiadepamplona.com\/actualidad\/en-este-final-de-semana-llegan-dos-peliculas-de-animacion-para-publico-familiar-a-las-noches-de-cine-de-los-parques-de-la-ciudad\/"},"author":{"name":"La Gu\u00eda de Pamplona","@id":"https:\/\/www.laguiadepamplona.com\/actualidad\/#\/schema\/person\/efe887376f0213d4657c93adc50b1fdb"},"headline":"En este final de semana llegan dos pel\u00edculas de animaci\u00f3n, para p\u00fablico familiar, a las noches de cine de los parques de la ciudad","datePublished":"2014-08-12T10:42:59+00:00","mainEntityOfPage":{"@id":"https:\/\/www.laguiadepamplona.com\/actualidad\/en-este-final-de-semana-llegan-dos-peliculas-de-animacion-para-publico-familiar-a-las-noches-de-cine-de-los-parques-de-la-ciudad\/"},"wordCount":386,"commentCount":0,"publisher":{"@id":"https:\/\/www.laguiadepamplona.com\/actualidad\/#organization"},"image":{"@id":"https:\/\/www.laguiadepamplona.com\/actualidad\/en-este-final-de-semana-llegan-dos-peliculas-de-animacion-para-publico-familiar-a-las-noches-de-cine-de-los-parques-de-la-ciudad\/#primaryimage"},"thumbnailUrl":"","keywords":["2014","actualidad","ayto pamplona","Ayuntamiento de Pamplona","gru 2","Mendillorri","mi villano favorito","Monstruos University","noches de cine","noticias","pamplona","Rochapea"],"articleSection":["Ayto Pamplona"],"inLanguage":"es","potentialAction":[{"@type":"CommentAction","name":"Comment","target":["https:\/\/www.laguiadepamplona.com\/actualidad\/en-este-final-de-semana-llegan-dos-peliculas-de-animacion-para-publico-familiar-a-las-noches-de-cine-de-los-parques-de-la-ciudad\/#respond"]}]},{"@type":"WebPage","@id":"https:\/\/www.laguiadepamplona.com\/actualidad\/en-este-final-de-semana-llegan-dos-peliculas-de-animacion-para-publico-familiar-a-las-noches-de-cine-de-los-parques-de-la-ciudad\/","url":"https:\/\/www.laguiadepamplona.com\/actualidad\/en-este-final-de-semana-llegan-dos-peliculas-de-animacion-para-publico-familiar-a-las-noches-de-cine-de-los-parques-de-la-ciudad\/","name":"En este final de semana llegan dos pel\u00edculas de animaci\u00f3n, para p\u00fablico familiar, a las noches de cine de los parques de la ciudad","isPartOf":{"@id":"https:\/\/www.laguiadepamplona.com\/actualidad\/#website"},"primaryImageOfPage":{"@id":"https:\/\/www.laguiadepamplona.com\/actualidad\/en-este-final-de-semana-llegan-dos-peliculas-de-animacion-para-publico-familiar-a-las-noches-de-cine-de-los-parques-de-la-ciudad\/#primaryimage"},"image":{"@id":"https:\/\/www.laguiadepamplona.com\/actualidad\/en-este-final-de-semana-llegan-dos-peliculas-de-animacion-para-publico-familiar-a-las-noches-de-cine-de-los-parques-de-la-ciudad\/#primaryimage"},"thumbnailUrl":"","datePublished":"2014-08-12T10:42:59+00:00","breadcrumb":{"@id":"https:\/\/www.laguiadepamplona.com\/actualidad\/en-este-final-de-semana-llegan-dos-peliculas-de-animacion-para-publico-familiar-a-las-noches-de-cine-de-los-parques-de-la-ciudad\/#breadcrumb"},"inLanguage":"es","potentialAction":[{"@type":"ReadAction","target":["https:\/\/www.laguiadepamplona.com\/actualidad\/en-este-final-de-semana-llegan-dos-peliculas-de-animacion-para-publico-familiar-a-las-noches-de-cine-de-los-parques-de-la-ciudad\/"]}]},{"@type":"ImageObject","inLanguage":"es","@id":"https:\/\/www.laguiadepamplona.com\/actualidad\/en-este-final-de-semana-llegan-dos-peliculas-de-animacion-para-publico-familiar-a-las-noches-de-cine-de-los-parques-de-la-ciudad\/#primaryimage","url":"","contentUrl":""},{"@type":"BreadcrumbList","@id":"https:\/\/www.laguiadepamplona.com\/actualidad\/en-este-final-de-semana-llegan-dos-peliculas-de-animacion-para-publico-familiar-a-las-noches-de-cine-de-los-parques-de-la-ciudad\/#breadcrumb","itemListElement":[{"@type":"ListItem","position":1,"name":"Portada","item":"https:\/\/www.laguiadepamplona.com\/actualidad\/"},{"@type":"ListItem","position":2,"name":"En este final de semana llegan dos pel\u00edculas de animaci\u00f3n, para p\u00fablico familiar, a las noches de cine de los parques de la ciudad"}]},{"@type":"WebSite","@id":"https:\/\/www.laguiadepamplona.com\/actualidad\/#website","url":"https:\/\/www.laguiadepamplona.com\/actualidad\/","name":"La gu\u00eda de Pamplona","description":"Noticias de Pamplona","publisher":{"@id":"https:\/\/www.laguiadepamplona.com\/actualidad\/#organization"},"potentialAction":[{"@type":"SearchAction","target":{"@type":"EntryPoint","urlTemplate":"https:\/\/www.laguiadepamplona.com\/actualidad\/?s={search_term_string}"},"query-input":{"@type":"PropertyValueSpecification","valueRequired":true,"valueName":"search_term_string"}}],"inLanguage":"es"},{"@type":"Organization","@id":"https:\/\/www.laguiadepamplona.com\/actualidad\/#organization","name":"La Gu\u00eda de Pamplona \/ Noticias","url":"https:\/\/www.laguiadepamplona.com\/actualidad\/","logo":{"@type":"ImageObject","inLanguage":"es","@id":"https:\/\/www.laguiadepamplona.com\/actualidad\/#\/schema\/logo\/image\/","url":"https:\/\/www.laguiadepamplona.com\/actualidad\/wp-content\/uploads\/2018\/11\/logo-laguiadepamplona18-web1.png","contentUrl":"https:\/\/www.laguiadepamplona.com\/actualidad\/wp-content\/uploads\/2018\/11\/logo-laguiadepamplona18-web1.png","width":600,"height":196,"caption":"La Gu\u00eda de Pamplona \/ Noticias"},"image":{"@id":"https:\/\/www.laguiadepamplona.com\/actualidad\/#\/schema\/logo\/image\/"},"sameAs":["https:\/\/www.facebook.com\/laguiadepamplonacom-133175176762273\/?ref=hl","https:\/\/x.com\/LaGuiadPamplona","https:\/\/www.instagram.com\/la_guia_de_pamplona\/","https:\/\/www.youtube.com\/user\/laguiadepamplona"]},{"@type":"Person","@id":"https:\/\/www.laguiadepamplona.com\/actualidad\/#\/schema\/person\/efe887376f0213d4657c93adc50b1fdb","name":"La Gu\u00eda de Pamplona","image":{"@type":"ImageObject","inLanguage":"es","@id":"https:\/\/secure.gravatar.com\/avatar\/b6992f131dc8d30ab0dff15446e9d346d9dbd95992de0fef795073f5ea83a81c?s=96&d=mm&r=g","url":"https:\/\/secure.gravatar.com\/avatar\/b6992f131dc8d30ab0dff15446e9d346d9dbd95992de0fef795073f5ea83a81c?s=96&d=mm&r=g","contentUrl":"https:\/\/secure.gravatar.com\/avatar\/b6992f131dc8d30ab0dff15446e9d346d9dbd95992de0fef795073f5ea83a81c?s=96&d=mm&r=g","caption":"La Gu\u00eda de Pamplona"}}]}},"post_mailing_queue_ids":[],"_links":{"self":[{"href":"https:\/\/www.laguiadepamplona.com\/actualidad\/wp-json\/wp\/v2\/posts\/2674","targetHints":{"allow":["GET"]}}],"collection":[{"href":"https:\/\/www.laguiadepamplona.com\/actualidad\/wp-json\/wp\/v2\/posts"}],"about":[{"href":"https:\/\/www.laguiadepamplona.com\/actualidad\/wp-json\/wp\/v2\/types\/post"}],"author":[{"embeddable":true,"href":"https:\/\/www.laguiadepamplona.com\/actualidad\/wp-json\/wp\/v2\/users\/1"}],"replies":[{"embeddable":true,"href":"https:\/\/www.laguiadepamplona.com\/actualidad\/wp-json\/wp\/v2\/comments?post=2674"}],"version-history":[{"count":0,"href":"https:\/\/www.laguiadepamplona.com\/actualidad\/wp-json\/wp\/v2\/posts\/2674\/revisions"}],"wp:featuredmedia":[{"embeddable":true,"href":"https:\/\/www.laguiadepamplona.com\/actualidad\/wp-json\/"}],"wp:attachment":[{"href":"https:\/\/www.laguiadepamplona.com\/actualidad\/wp-json\/wp\/v2\/media?parent=2674"}],"wp:term":[{"taxonomy":"category","embeddable":true,"href":"https:\/\/www.laguiadepamplona.com\/actualidad\/wp-json\/wp\/v2\/categories?post=2674"},{"taxonomy":"post_tag","embeddable":true,"href":"https:\/\/www.laguiadepamplona.com\/actualidad\/wp-json\/wp\/v2\/tags?post=2674"}],"curies":[{"name":"wp","href":"https:\/\/api.w.org\/{rel}","templated":true}]}}