{"id":26736,"date":"2019-12-05T12:31:19","date_gmt":"2019-12-05T10:31:19","guid":{"rendered":"https:\/\/www.laguiadepamplona.es\/actualidad\/?p=26736"},"modified":"2019-12-05T12:31:41","modified_gmt":"2019-12-05T10:31:41","slug":"la-pelicula-en-80-dias-se-proyectara-el-lunes-9-de-diciembre-en-civivox-iturrama-dentro-del-ciclo-heroinas-de-cine","status":"publish","type":"post","link":"https:\/\/www.laguiadepamplona.com\/actualidad\/la-pelicula-en-80-dias-se-proyectara-el-lunes-9-de-diciembre-en-civivox-iturrama-dentro-del-ciclo-heroinas-de-cine\/","title":{"rendered":"La pel\u00edcula \u2018En 80 d\u00edas\u2019 se proyectar\u00e1 el lunes 9 de diciembre en Civivox Iturrama dentro del ciclo Hero\u00ednas de Cine"},"content":{"rendered":"<h5>La sesi\u00f3n comenzar\u00e1 a las 18 horas con entrada libre previa retirada de invitaci\u00f3n desde una hora antes<\/h5>\n<p><!--more--><\/p>\n<p><a href=\"https:\/\/www.laguiadepamplona.es\/actualidad\/wp-content\/uploads\/2019\/12\/80-egunean-466x658.jpg\"><img loading=\"lazy\" decoding=\"async\" class=\"alignleft size-medium wp-image-26739\" src=\"https:\/\/www.laguiadepamplona.es\/actualidad\/wp-content\/uploads\/2019\/12\/80-egunean-466x658-212x300.jpg\" alt=\"\" width=\"212\" height=\"300\" srcset=\"https:\/\/www.laguiadepamplona.com\/actualidad\/wp-content\/uploads\/2019\/12\/80-egunean-466x658-212x300.jpg 212w, https:\/\/www.laguiadepamplona.com\/actualidad\/wp-content\/uploads\/2019\/12\/80-egunean-466x658.jpg 466w\" sizes=\"auto, (max-width: 212px) 100vw, 212px\" \/><\/a>Continua el ciclo de proyecciones \u2018Hero\u00ednas de cine\u2019 este lunes con la pel\u00edcula \u201980 egunean\/ En 80 d\u00edas\u2019 (Espa\u00f1a, 2010, 105\u2019). La sesi\u00f3n tendr\u00e1 lugar en Civivox Iturrama a las 18 horas, con entrada libre previa retirada de invitaci\u00f3n desde una hora antes, con un m\u00e1ximo de dos invitaciones por persona. Este mismo filme se proyectar\u00e1 en Civivox San Jorge el martes 17 de diciembre.<\/p>\n<p><script async src=\"\/\/pagead2.googlesyndication.com\/pagead\/js\/adsbygoogle.js\"><\/script><br \/>\n<!-- Noticias La Guia de Pamplona --><br \/>\n<ins class=\"adsbygoogle\"\nstyle=\"display:block\"\ndata-ad-client=\"ca-pub-6943679897239327\"\ndata-ad-slot=\"7048180777\"\ndata-ad-format=\"auto\"><\/ins><br \/>\n<script>\n(adsbygoogle = window.adsbygoogle || []).push({});\n<\/script><\/p>\n<p>La cinta, dirigida por Jose Mari Goenaga y Jon Gara\u00f1o, narra una historia de amistad. Axun, de 70 a\u00f1os, dedicada a cuidar a su ex yerno en el hospital coincide en la habitaci\u00f3n con una amiga de infancia con la que redescubre la complicidad que manten\u00eda de adolescentes. Pero el lesbianismo, reci\u00e9n conocido, de su amiga, le genera un debate interno que deber\u00e1 resolver. La pel\u00edcula, rodad en euskera, se proyectar\u00e1 en versi\u00f3n original subtitulada.<\/p>\n<p>La introducci\u00f3n y el ep\u00edlogo de la sesi\u00f3n le corresponder\u00e1 a Mar\u00eda Castej\u00f3n Leorza, experta en cuestiones de g\u00e9nero y en representaciones en los medios de comunicaci\u00f3n y los productos audiovisuales. La pr\u00f3xima pel\u00edcula de este ciclo ser\u00e1 la comedia francesa \u20189 meses\u2026 de condena\u2019 (Francia, 2013, 85\u2019)\u2019 que se podr\u00e1 ver en 13 de enero de Civivox Iturrama y el 21 de enero Civivox San Jorge, cerrando el ciclo en este cuatrimestre.<\/p>\n<p>Est\u00e1 previsto que este mes haya una proyecci\u00f3n especial de un cl\u00e1sico de todos los tiempos que raras veces es analizado desde el punto de vista del g\u00e9nero: \u2018Lo que el viento se llev\u00f3\u2019 (EEUU, 1939, 238\u2019). La cita ser\u00e1 el 30 de diciembre en Iturrama.<\/p>\n<p>Las sesiones de \u2018Hero\u00ednas de cine\u2019 est\u00e1n incluidas en el III Plan de Igualdad del Ayuntamiento de Pamplona. Todo el ciclo quiere ser una propuesta din\u00e1mica y participativa que aplica la perspectiva de g\u00e9nero a una serie de pel\u00edculas seleccionadas con criterios como el protagonismo femenino, la tem\u00e1tica tratada o la nacionalidad de sus realizadoras. La base dela propuesta es que lo audiovisual se ha convertido en uno de los ejes fundamentales de la cultura contempor\u00e1nea y, por tanto, crea o destruye referentes e imaginarios colectivos, tambi\u00e9n en g\u00e9nero.<\/p>\n<p><script async src=\"\/\/pagead2.googlesyndication.com\/pagead\/js\/adsbygoogle.js\"><\/script><br \/>\n<!-- Noticias La Guia de Pamplona --><br \/>\n<ins class=\"adsbygoogle\"\nstyle=\"display:block\"\ndata-ad-client=\"ca-pub-6943679897239327\"\ndata-ad-slot=\"7048180777\"\ndata-ad-format=\"auto\"><\/ins><br \/>\n<script>\n(adsbygoogle = window.adsbygoogle || []).push({});\n<\/script><\/p>\n<h3><span style=\"color: #ff0000;\">Hero\u00ednas de cine (diciembre-enero)<\/span><\/h3>\n<p>Horario: 18 horas<\/p>\n<p>Modera: Mar\u00eda Castej\u00f3n Leorza, doctora en Historia, escritora, profesora y bloguera<\/p>\n<p><u>Civivox Iturrama<\/u>. Los lunes<\/p>\n<ul>\n<li>\u201980 egunean\/ En 80 d\u00edas\u2019 (Espa\u00f1a, 2010, 105\u2019). 9 de diciembre<\/li>\n<li>\u20189 meses\u2026 de condena\u2019 (Francia, 2013, 85\u2019)\u2019. 13 de enero (viernes)<\/li>\n<\/ul>\n<p><u>Civivox San Jorge<\/u>. Los martes<\/p>\n<ul>\n<li>\u201980 egunean\/ En 80 d\u00edas\u2019 (Espa\u00f1a, 2010, 105\u2019).17 de diciembre<\/li>\n<li>\u20189 meses\u2026 de condena\u2019 (Francia, 2013, 85\u2019)\u2019. 21 de enero (viernes)<\/li>\n<\/ul>\n","protected":false},"excerpt":{"rendered":"<p>La sesi\u00f3n comenzar\u00e1 a las 18 horas con entrada libre previa retirada de invitaci\u00f3n desde una hora antes<\/p>\n","protected":false},"author":1,"featured_media":26738,"comment_status":"open","ping_status":"closed","sticky":false,"template":"","format":"standard","meta":{"footnotes":""},"categories":[2],"tags":[],"class_list":["post-26736","post","type-post","status-publish","format-standard","has-post-thumbnail","hentry","category-ayuntamiento-pamplona"],"yoast_head":"<!-- This site is optimized with the Yoast SEO plugin v27.5 - https:\/\/yoast.com\/product\/yoast-seo-wordpress\/ -->\n<title>La pel\u00edcula \u2018En 80 d\u00edas\u2019 se proyectar\u00e1 el lunes 9 de diciembre en Civivox Iturrama dentro del ciclo Hero\u00ednas de Cine<\/title>\n<meta name=\"robots\" content=\"index, follow, max-snippet:-1, max-image-preview:large, max-video-preview:-1\" \/>\n<link rel=\"canonical\" href=\"https:\/\/www.laguiadepamplona.com\/actualidad\/la-pelicula-en-80-dias-se-proyectara-el-lunes-9-de-diciembre-en-civivox-iturrama-dentro-del-ciclo-heroinas-de-cine\/\" \/>\n<meta property=\"og:locale\" content=\"es_ES\" \/>\n<meta property=\"og:type\" content=\"article\" \/>\n<meta property=\"og:title\" content=\"La pel\u00edcula \u2018En 80 d\u00edas\u2019 se proyectar\u00e1 el lunes 9 de diciembre en Civivox Iturrama dentro del ciclo Hero\u00ednas de Cine\" \/>\n<meta property=\"og:description\" content=\"La sesi\u00f3n comenzar\u00e1 a las 18 horas con entrada libre previa retirada de invitaci\u00f3n desde una hora antes\" \/>\n<meta property=\"og:url\" content=\"https:\/\/www.laguiadepamplona.com\/actualidad\/la-pelicula-en-80-dias-se-proyectara-el-lunes-9-de-diciembre-en-civivox-iturrama-dentro-del-ciclo-heroinas-de-cine\/\" \/>\n<meta property=\"og:site_name\" content=\"La Gu\u00eda de Pamplona\" \/>\n<meta property=\"article:publisher\" content=\"https:\/\/www.facebook.com\/laguiadepamplonacom-133175176762273\/?ref=hl\" \/>\n<meta property=\"article:published_time\" content=\"2019-12-05T10:31:19+00:00\" \/>\n<meta property=\"article:modified_time\" content=\"2019-12-05T10:31:41+00:00\" \/>\n<meta property=\"og:image\" content=\"https:\/\/www.laguiadepamplona.com\/actualidad\/wp-content\/uploads\/2019\/12\/80-egunean-2.jpg\" \/>\n\t<meta property=\"og:image:width\" content=\"466\" \/>\n\t<meta property=\"og:image:height\" content=\"286\" \/>\n\t<meta property=\"og:image:type\" content=\"image\/jpeg\" \/>\n<meta name=\"author\" content=\"La Gu\u00eda de Pamplona\" \/>\n<meta name=\"twitter:card\" content=\"summary_large_image\" \/>\n<meta name=\"twitter:creator\" content=\"@LaGuiadPamplona\" \/>\n<meta name=\"twitter:site\" content=\"@LaGuiadPamplona\" \/>\n<meta name=\"twitter:label1\" content=\"Escrito por\" \/>\n\t<meta name=\"twitter:data1\" content=\"La Gu\u00eda de Pamplona\" \/>\n\t<meta name=\"twitter:label2\" content=\"Tiempo de lectura\" \/>\n\t<meta name=\"twitter:data2\" content=\"2 minutos\" \/>\n<script type=\"application\/ld+json\" class=\"yoast-schema-graph\">{\"@context\":\"https:\\\/\\\/schema.org\",\"@graph\":[{\"@type\":\"Article\",\"@id\":\"https:\\\/\\\/www.laguiadepamplona.com\\\/actualidad\\\/la-pelicula-en-80-dias-se-proyectara-el-lunes-9-de-diciembre-en-civivox-iturrama-dentro-del-ciclo-heroinas-de-cine\\\/#article\",\"isPartOf\":{\"@id\":\"https:\\\/\\\/www.laguiadepamplona.com\\\/actualidad\\\/la-pelicula-en-80-dias-se-proyectara-el-lunes-9-de-diciembre-en-civivox-iturrama-dentro-del-ciclo-heroinas-de-cine\\\/\"},\"author\":{\"name\":\"La Gu\u00eda de Pamplona\",\"@id\":\"https:\\\/\\\/www.laguiadepamplona.com\\\/actualidad\\\/#\\\/schema\\\/person\\\/efe887376f0213d4657c93adc50b1fdb\"},\"headline\":\"La pel\u00edcula \u2018En 80 d\u00edas\u2019 se proyectar\u00e1 el lunes 9 de diciembre en Civivox Iturrama dentro del ciclo Hero\u00ednas de Cine\",\"datePublished\":\"2019-12-05T10:31:19+00:00\",\"dateModified\":\"2019-12-05T10:31:41+00:00\",\"mainEntityOfPage\":{\"@id\":\"https:\\\/\\\/www.laguiadepamplona.com\\\/actualidad\\\/la-pelicula-en-80-dias-se-proyectara-el-lunes-9-de-diciembre-en-civivox-iturrama-dentro-del-ciclo-heroinas-de-cine\\\/\"},\"wordCount\":468,\"commentCount\":0,\"publisher\":{\"@id\":\"https:\\\/\\\/www.laguiadepamplona.com\\\/actualidad\\\/#organization\"},\"image\":{\"@id\":\"https:\\\/\\\/www.laguiadepamplona.com\\\/actualidad\\\/la-pelicula-en-80-dias-se-proyectara-el-lunes-9-de-diciembre-en-civivox-iturrama-dentro-del-ciclo-heroinas-de-cine\\\/#primaryimage\"},\"thumbnailUrl\":\"https:\\\/\\\/www.laguiadepamplona.com\\\/actualidad\\\/wp-content\\\/uploads\\\/2019\\\/12\\\/80-egunean-2.jpg\",\"articleSection\":[\"Ayto Pamplona\"],\"inLanguage\":\"es\",\"potentialAction\":[{\"@type\":\"CommentAction\",\"name\":\"Comment\",\"target\":[\"https:\\\/\\\/www.laguiadepamplona.com\\\/actualidad\\\/la-pelicula-en-80-dias-se-proyectara-el-lunes-9-de-diciembre-en-civivox-iturrama-dentro-del-ciclo-heroinas-de-cine\\\/#respond\"]}]},{\"@type\":\"WebPage\",\"@id\":\"https:\\\/\\\/www.laguiadepamplona.com\\\/actualidad\\\/la-pelicula-en-80-dias-se-proyectara-el-lunes-9-de-diciembre-en-civivox-iturrama-dentro-del-ciclo-heroinas-de-cine\\\/\",\"url\":\"https:\\\/\\\/www.laguiadepamplona.com\\\/actualidad\\\/la-pelicula-en-80-dias-se-proyectara-el-lunes-9-de-diciembre-en-civivox-iturrama-dentro-del-ciclo-heroinas-de-cine\\\/\",\"name\":\"La pel\u00edcula \u2018En 80 d\u00edas\u2019 se proyectar\u00e1 el lunes 9 de diciembre en Civivox Iturrama dentro del ciclo Hero\u00ednas de Cine\",\"isPartOf\":{\"@id\":\"https:\\\/\\\/www.laguiadepamplona.com\\\/actualidad\\\/#website\"},\"primaryImageOfPage\":{\"@id\":\"https:\\\/\\\/www.laguiadepamplona.com\\\/actualidad\\\/la-pelicula-en-80-dias-se-proyectara-el-lunes-9-de-diciembre-en-civivox-iturrama-dentro-del-ciclo-heroinas-de-cine\\\/#primaryimage\"},\"image\":{\"@id\":\"https:\\\/\\\/www.laguiadepamplona.com\\\/actualidad\\\/la-pelicula-en-80-dias-se-proyectara-el-lunes-9-de-diciembre-en-civivox-iturrama-dentro-del-ciclo-heroinas-de-cine\\\/#primaryimage\"},\"thumbnailUrl\":\"https:\\\/\\\/www.laguiadepamplona.com\\\/actualidad\\\/wp-content\\\/uploads\\\/2019\\\/12\\\/80-egunean-2.jpg\",\"datePublished\":\"2019-12-05T10:31:19+00:00\",\"dateModified\":\"2019-12-05T10:31:41+00:00\",\"breadcrumb\":{\"@id\":\"https:\\\/\\\/www.laguiadepamplona.com\\\/actualidad\\\/la-pelicula-en-80-dias-se-proyectara-el-lunes-9-de-diciembre-en-civivox-iturrama-dentro-del-ciclo-heroinas-de-cine\\\/#breadcrumb\"},\"inLanguage\":\"es\",\"potentialAction\":[{\"@type\":\"ReadAction\",\"target\":[\"https:\\\/\\\/www.laguiadepamplona.com\\\/actualidad\\\/la-pelicula-en-80-dias-se-proyectara-el-lunes-9-de-diciembre-en-civivox-iturrama-dentro-del-ciclo-heroinas-de-cine\\\/\"]}]},{\"@type\":\"ImageObject\",\"inLanguage\":\"es\",\"@id\":\"https:\\\/\\\/www.laguiadepamplona.com\\\/actualidad\\\/la-pelicula-en-80-dias-se-proyectara-el-lunes-9-de-diciembre-en-civivox-iturrama-dentro-del-ciclo-heroinas-de-cine\\\/#primaryimage\",\"url\":\"https:\\\/\\\/www.laguiadepamplona.com\\\/actualidad\\\/wp-content\\\/uploads\\\/2019\\\/12\\\/80-egunean-2.jpg\",\"contentUrl\":\"https:\\\/\\\/www.laguiadepamplona.com\\\/actualidad\\\/wp-content\\\/uploads\\\/2019\\\/12\\\/80-egunean-2.jpg\",\"width\":466,\"height\":286},{\"@type\":\"BreadcrumbList\",\"@id\":\"https:\\\/\\\/www.laguiadepamplona.com\\\/actualidad\\\/la-pelicula-en-80-dias-se-proyectara-el-lunes-9-de-diciembre-en-civivox-iturrama-dentro-del-ciclo-heroinas-de-cine\\\/#breadcrumb\",\"itemListElement\":[{\"@type\":\"ListItem\",\"position\":1,\"name\":\"Portada\",\"item\":\"https:\\\/\\\/www.laguiadepamplona.com\\\/actualidad\\\/\"},{\"@type\":\"ListItem\",\"position\":2,\"name\":\"La pel\u00edcula \u2018En 80 d\u00edas\u2019 se proyectar\u00e1 el lunes 9 de diciembre en Civivox Iturrama dentro del ciclo Hero\u00ednas de Cine\"}]},{\"@type\":\"WebSite\",\"@id\":\"https:\\\/\\\/www.laguiadepamplona.com\\\/actualidad\\\/#website\",\"url\":\"https:\\\/\\\/www.laguiadepamplona.com\\\/actualidad\\\/\",\"name\":\"La gu\u00eda de Pamplona\",\"description\":\"Noticias de Pamplona\",\"publisher\":{\"@id\":\"https:\\\/\\\/www.laguiadepamplona.com\\\/actualidad\\\/#organization\"},\"potentialAction\":[{\"@type\":\"SearchAction\",\"target\":{\"@type\":\"EntryPoint\",\"urlTemplate\":\"https:\\\/\\\/www.laguiadepamplona.com\\\/actualidad\\\/?s={search_term_string}\"},\"query-input\":{\"@type\":\"PropertyValueSpecification\",\"valueRequired\":true,\"valueName\":\"search_term_string\"}}],\"inLanguage\":\"es\"},{\"@type\":\"Organization\",\"@id\":\"https:\\\/\\\/www.laguiadepamplona.com\\\/actualidad\\\/#organization\",\"name\":\"La Gu\u00eda de Pamplona \\\/ Noticias\",\"url\":\"https:\\\/\\\/www.laguiadepamplona.com\\\/actualidad\\\/\",\"logo\":{\"@type\":\"ImageObject\",\"inLanguage\":\"es\",\"@id\":\"https:\\\/\\\/www.laguiadepamplona.com\\\/actualidad\\\/#\\\/schema\\\/logo\\\/image\\\/\",\"url\":\"https:\\\/\\\/www.laguiadepamplona.com\\\/actualidad\\\/wp-content\\\/uploads\\\/2018\\\/11\\\/logo-laguiadepamplona18-web1.png\",\"contentUrl\":\"https:\\\/\\\/www.laguiadepamplona.com\\\/actualidad\\\/wp-content\\\/uploads\\\/2018\\\/11\\\/logo-laguiadepamplona18-web1.png\",\"width\":600,\"height\":196,\"caption\":\"La Gu\u00eda de Pamplona \\\/ Noticias\"},\"image\":{\"@id\":\"https:\\\/\\\/www.laguiadepamplona.com\\\/actualidad\\\/#\\\/schema\\\/logo\\\/image\\\/\"},\"sameAs\":[\"https:\\\/\\\/www.facebook.com\\\/laguiadepamplonacom-133175176762273\\\/?ref=hl\",\"https:\\\/\\\/x.com\\\/LaGuiadPamplona\",\"https:\\\/\\\/www.instagram.com\\\/la_guia_de_pamplona\\\/\",\"https:\\\/\\\/www.youtube.com\\\/user\\\/laguiadepamplona\"]},{\"@type\":\"Person\",\"@id\":\"https:\\\/\\\/www.laguiadepamplona.com\\\/actualidad\\\/#\\\/schema\\\/person\\\/efe887376f0213d4657c93adc50b1fdb\",\"name\":\"La Gu\u00eda de Pamplona\",\"image\":{\"@type\":\"ImageObject\",\"inLanguage\":\"es\",\"@id\":\"https:\\\/\\\/secure.gravatar.com\\\/avatar\\\/b6992f131dc8d30ab0dff15446e9d346d9dbd95992de0fef795073f5ea83a81c?s=96&d=mm&r=g\",\"url\":\"https:\\\/\\\/secure.gravatar.com\\\/avatar\\\/b6992f131dc8d30ab0dff15446e9d346d9dbd95992de0fef795073f5ea83a81c?s=96&d=mm&r=g\",\"contentUrl\":\"https:\\\/\\\/secure.gravatar.com\\\/avatar\\\/b6992f131dc8d30ab0dff15446e9d346d9dbd95992de0fef795073f5ea83a81c?s=96&d=mm&r=g\",\"caption\":\"La Gu\u00eda de Pamplona\"}}]}<\/script>\n<!-- \/ Yoast SEO plugin. -->","yoast_head_json":{"title":"La pel\u00edcula \u2018En 80 d\u00edas\u2019 se proyectar\u00e1 el lunes 9 de diciembre en Civivox Iturrama dentro del ciclo Hero\u00ednas de Cine","robots":{"index":"index","follow":"follow","max-snippet":"max-snippet:-1","max-image-preview":"max-image-preview:large","max-video-preview":"max-video-preview:-1"},"canonical":"https:\/\/www.laguiadepamplona.com\/actualidad\/la-pelicula-en-80-dias-se-proyectara-el-lunes-9-de-diciembre-en-civivox-iturrama-dentro-del-ciclo-heroinas-de-cine\/","og_locale":"es_ES","og_type":"article","og_title":"La pel\u00edcula \u2018En 80 d\u00edas\u2019 se proyectar\u00e1 el lunes 9 de diciembre en Civivox Iturrama dentro del ciclo Hero\u00ednas de Cine","og_description":"La sesi\u00f3n comenzar\u00e1 a las 18 horas con entrada libre previa retirada de invitaci\u00f3n desde una hora antes","og_url":"https:\/\/www.laguiadepamplona.com\/actualidad\/la-pelicula-en-80-dias-se-proyectara-el-lunes-9-de-diciembre-en-civivox-iturrama-dentro-del-ciclo-heroinas-de-cine\/","og_site_name":"La Gu\u00eda de Pamplona","article_publisher":"https:\/\/www.facebook.com\/laguiadepamplonacom-133175176762273\/?ref=hl","article_published_time":"2019-12-05T10:31:19+00:00","article_modified_time":"2019-12-05T10:31:41+00:00","og_image":[{"width":466,"height":286,"url":"https:\/\/www.laguiadepamplona.com\/actualidad\/wp-content\/uploads\/2019\/12\/80-egunean-2.jpg","type":"image\/jpeg"}],"author":"La Gu\u00eda de Pamplona","twitter_card":"summary_large_image","twitter_creator":"@LaGuiadPamplona","twitter_site":"@LaGuiadPamplona","twitter_misc":{"Escrito por":"La Gu\u00eda de Pamplona","Tiempo de lectura":"2 minutos"},"schema":{"@context":"https:\/\/schema.org","@graph":[{"@type":"Article","@id":"https:\/\/www.laguiadepamplona.com\/actualidad\/la-pelicula-en-80-dias-se-proyectara-el-lunes-9-de-diciembre-en-civivox-iturrama-dentro-del-ciclo-heroinas-de-cine\/#article","isPartOf":{"@id":"https:\/\/www.laguiadepamplona.com\/actualidad\/la-pelicula-en-80-dias-se-proyectara-el-lunes-9-de-diciembre-en-civivox-iturrama-dentro-del-ciclo-heroinas-de-cine\/"},"author":{"name":"La Gu\u00eda de Pamplona","@id":"https:\/\/www.laguiadepamplona.com\/actualidad\/#\/schema\/person\/efe887376f0213d4657c93adc50b1fdb"},"headline":"La pel\u00edcula \u2018En 80 d\u00edas\u2019 se proyectar\u00e1 el lunes 9 de diciembre en Civivox Iturrama dentro del ciclo Hero\u00ednas de Cine","datePublished":"2019-12-05T10:31:19+00:00","dateModified":"2019-12-05T10:31:41+00:00","mainEntityOfPage":{"@id":"https:\/\/www.laguiadepamplona.com\/actualidad\/la-pelicula-en-80-dias-se-proyectara-el-lunes-9-de-diciembre-en-civivox-iturrama-dentro-del-ciclo-heroinas-de-cine\/"},"wordCount":468,"commentCount":0,"publisher":{"@id":"https:\/\/www.laguiadepamplona.com\/actualidad\/#organization"},"image":{"@id":"https:\/\/www.laguiadepamplona.com\/actualidad\/la-pelicula-en-80-dias-se-proyectara-el-lunes-9-de-diciembre-en-civivox-iturrama-dentro-del-ciclo-heroinas-de-cine\/#primaryimage"},"thumbnailUrl":"https:\/\/www.laguiadepamplona.com\/actualidad\/wp-content\/uploads\/2019\/12\/80-egunean-2.jpg","articleSection":["Ayto Pamplona"],"inLanguage":"es","potentialAction":[{"@type":"CommentAction","name":"Comment","target":["https:\/\/www.laguiadepamplona.com\/actualidad\/la-pelicula-en-80-dias-se-proyectara-el-lunes-9-de-diciembre-en-civivox-iturrama-dentro-del-ciclo-heroinas-de-cine\/#respond"]}]},{"@type":"WebPage","@id":"https:\/\/www.laguiadepamplona.com\/actualidad\/la-pelicula-en-80-dias-se-proyectara-el-lunes-9-de-diciembre-en-civivox-iturrama-dentro-del-ciclo-heroinas-de-cine\/","url":"https:\/\/www.laguiadepamplona.com\/actualidad\/la-pelicula-en-80-dias-se-proyectara-el-lunes-9-de-diciembre-en-civivox-iturrama-dentro-del-ciclo-heroinas-de-cine\/","name":"La pel\u00edcula \u2018En 80 d\u00edas\u2019 se proyectar\u00e1 el lunes 9 de diciembre en Civivox Iturrama dentro del ciclo Hero\u00ednas de Cine","isPartOf":{"@id":"https:\/\/www.laguiadepamplona.com\/actualidad\/#website"},"primaryImageOfPage":{"@id":"https:\/\/www.laguiadepamplona.com\/actualidad\/la-pelicula-en-80-dias-se-proyectara-el-lunes-9-de-diciembre-en-civivox-iturrama-dentro-del-ciclo-heroinas-de-cine\/#primaryimage"},"image":{"@id":"https:\/\/www.laguiadepamplona.com\/actualidad\/la-pelicula-en-80-dias-se-proyectara-el-lunes-9-de-diciembre-en-civivox-iturrama-dentro-del-ciclo-heroinas-de-cine\/#primaryimage"},"thumbnailUrl":"https:\/\/www.laguiadepamplona.com\/actualidad\/wp-content\/uploads\/2019\/12\/80-egunean-2.jpg","datePublished":"2019-12-05T10:31:19+00:00","dateModified":"2019-12-05T10:31:41+00:00","breadcrumb":{"@id":"https:\/\/www.laguiadepamplona.com\/actualidad\/la-pelicula-en-80-dias-se-proyectara-el-lunes-9-de-diciembre-en-civivox-iturrama-dentro-del-ciclo-heroinas-de-cine\/#breadcrumb"},"inLanguage":"es","potentialAction":[{"@type":"ReadAction","target":["https:\/\/www.laguiadepamplona.com\/actualidad\/la-pelicula-en-80-dias-se-proyectara-el-lunes-9-de-diciembre-en-civivox-iturrama-dentro-del-ciclo-heroinas-de-cine\/"]}]},{"@type":"ImageObject","inLanguage":"es","@id":"https:\/\/www.laguiadepamplona.com\/actualidad\/la-pelicula-en-80-dias-se-proyectara-el-lunes-9-de-diciembre-en-civivox-iturrama-dentro-del-ciclo-heroinas-de-cine\/#primaryimage","url":"https:\/\/www.laguiadepamplona.com\/actualidad\/wp-content\/uploads\/2019\/12\/80-egunean-2.jpg","contentUrl":"https:\/\/www.laguiadepamplona.com\/actualidad\/wp-content\/uploads\/2019\/12\/80-egunean-2.jpg","width":466,"height":286},{"@type":"BreadcrumbList","@id":"https:\/\/www.laguiadepamplona.com\/actualidad\/la-pelicula-en-80-dias-se-proyectara-el-lunes-9-de-diciembre-en-civivox-iturrama-dentro-del-ciclo-heroinas-de-cine\/#breadcrumb","itemListElement":[{"@type":"ListItem","position":1,"name":"Portada","item":"https:\/\/www.laguiadepamplona.com\/actualidad\/"},{"@type":"ListItem","position":2,"name":"La pel\u00edcula \u2018En 80 d\u00edas\u2019 se proyectar\u00e1 el lunes 9 de diciembre en Civivox Iturrama dentro del ciclo Hero\u00ednas de Cine"}]},{"@type":"WebSite","@id":"https:\/\/www.laguiadepamplona.com\/actualidad\/#website","url":"https:\/\/www.laguiadepamplona.com\/actualidad\/","name":"La gu\u00eda de Pamplona","description":"Noticias de Pamplona","publisher":{"@id":"https:\/\/www.laguiadepamplona.com\/actualidad\/#organization"},"potentialAction":[{"@type":"SearchAction","target":{"@type":"EntryPoint","urlTemplate":"https:\/\/www.laguiadepamplona.com\/actualidad\/?s={search_term_string}"},"query-input":{"@type":"PropertyValueSpecification","valueRequired":true,"valueName":"search_term_string"}}],"inLanguage":"es"},{"@type":"Organization","@id":"https:\/\/www.laguiadepamplona.com\/actualidad\/#organization","name":"La Gu\u00eda de Pamplona \/ Noticias","url":"https:\/\/www.laguiadepamplona.com\/actualidad\/","logo":{"@type":"ImageObject","inLanguage":"es","@id":"https:\/\/www.laguiadepamplona.com\/actualidad\/#\/schema\/logo\/image\/","url":"https:\/\/www.laguiadepamplona.com\/actualidad\/wp-content\/uploads\/2018\/11\/logo-laguiadepamplona18-web1.png","contentUrl":"https:\/\/www.laguiadepamplona.com\/actualidad\/wp-content\/uploads\/2018\/11\/logo-laguiadepamplona18-web1.png","width":600,"height":196,"caption":"La Gu\u00eda de Pamplona \/ Noticias"},"image":{"@id":"https:\/\/www.laguiadepamplona.com\/actualidad\/#\/schema\/logo\/image\/"},"sameAs":["https:\/\/www.facebook.com\/laguiadepamplonacom-133175176762273\/?ref=hl","https:\/\/x.com\/LaGuiadPamplona","https:\/\/www.instagram.com\/la_guia_de_pamplona\/","https:\/\/www.youtube.com\/user\/laguiadepamplona"]},{"@type":"Person","@id":"https:\/\/www.laguiadepamplona.com\/actualidad\/#\/schema\/person\/efe887376f0213d4657c93adc50b1fdb","name":"La Gu\u00eda de Pamplona","image":{"@type":"ImageObject","inLanguage":"es","@id":"https:\/\/secure.gravatar.com\/avatar\/b6992f131dc8d30ab0dff15446e9d346d9dbd95992de0fef795073f5ea83a81c?s=96&d=mm&r=g","url":"https:\/\/secure.gravatar.com\/avatar\/b6992f131dc8d30ab0dff15446e9d346d9dbd95992de0fef795073f5ea83a81c?s=96&d=mm&r=g","contentUrl":"https:\/\/secure.gravatar.com\/avatar\/b6992f131dc8d30ab0dff15446e9d346d9dbd95992de0fef795073f5ea83a81c?s=96&d=mm&r=g","caption":"La Gu\u00eda de Pamplona"}}]}},"post_mailing_queue_ids":[],"_links":{"self":[{"href":"https:\/\/www.laguiadepamplona.com\/actualidad\/wp-json\/wp\/v2\/posts\/26736","targetHints":{"allow":["GET"]}}],"collection":[{"href":"https:\/\/www.laguiadepamplona.com\/actualidad\/wp-json\/wp\/v2\/posts"}],"about":[{"href":"https:\/\/www.laguiadepamplona.com\/actualidad\/wp-json\/wp\/v2\/types\/post"}],"author":[{"embeddable":true,"href":"https:\/\/www.laguiadepamplona.com\/actualidad\/wp-json\/wp\/v2\/users\/1"}],"replies":[{"embeddable":true,"href":"https:\/\/www.laguiadepamplona.com\/actualidad\/wp-json\/wp\/v2\/comments?post=26736"}],"version-history":[{"count":0,"href":"https:\/\/www.laguiadepamplona.com\/actualidad\/wp-json\/wp\/v2\/posts\/26736\/revisions"}],"wp:featuredmedia":[{"embeddable":true,"href":"https:\/\/www.laguiadepamplona.com\/actualidad\/wp-json\/wp\/v2\/media\/26738"}],"wp:attachment":[{"href":"https:\/\/www.laguiadepamplona.com\/actualidad\/wp-json\/wp\/v2\/media?parent=26736"}],"wp:term":[{"taxonomy":"category","embeddable":true,"href":"https:\/\/www.laguiadepamplona.com\/actualidad\/wp-json\/wp\/v2\/categories?post=26736"},{"taxonomy":"post_tag","embeddable":true,"href":"https:\/\/www.laguiadepamplona.com\/actualidad\/wp-json\/wp\/v2\/tags?post=26736"}],"curies":[{"name":"wp","href":"https:\/\/api.w.org\/{rel}","templated":true}]}}