{"id":26730,"date":"2019-12-05T12:28:04","date_gmt":"2019-12-05T10:28:04","guid":{"rendered":"https:\/\/www.laguiadepamplona.es\/actualidad\/?p=26730"},"modified":"2019-12-05T12:28:18","modified_gmt":"2019-12-05T10:28:18","slug":"pamplona-participa-este-sabado-en-la-cumbre-del-clima-cop25-de-madrid-dentro-de-una-mesa-redonda-sobre-autoconsumo-de-energia-renovable-y-transicion-energetica","status":"publish","type":"post","link":"https:\/\/www.laguiadepamplona.com\/actualidad\/pamplona-participa-este-sabado-en-la-cumbre-del-clima-cop25-de-madrid-dentro-de-una-mesa-redonda-sobre-autoconsumo-de-energia-renovable-y-transicion-energetica\/","title":{"rendered":"Pamplona participa este s\u00e1bado en la Cumbre del Clima COP25 de Madrid dentro de una mesa redonda sobre autoconsumo de energ\u00eda renovable y transici\u00f3n energ\u00e9tica"},"content":{"rendered":"<h5>El Ayuntamiento de Pamplona expondr\u00e1 su experiencia a trav\u00e9s del Operador Energ\u00e9tico Municipal<\/h5>\n<p><!--more--><\/p>\n<p>El Ayuntamiento de Pamplona, a trav\u00e9s del Operador Energ\u00e9tico Municipal, participa este s\u00e1bado en la vigesimoquinta Conferencia de las Partes (COP25) de la Convenci\u00f3n Marco de las Naciones Unidas sobre el Cambio Clim\u00e1tico (CMNUCC), que tiene lugar en Madrid del 2 al 13 de diciembre. Lo har\u00e1 en una mesa redonda titulada \u2018Prosumidores para la transici\u00f3n energ\u00e9tica: Auto-consumo de energ\u00eda renovable por parte de los ciudadanos, ciudades y empresas en Espa\u00f1a y Europa\u2019, que se celebrar\u00e1 de 13 a 14 horas en IFEMA.<\/p>\n<p>En la mesa redonda se hablar\u00e1 sobre el autoconsumo de energ\u00eda renovable por parte de la ciudadan\u00eda, las ciudades y las empresas, un hecho que es esencial para acelerar la transici\u00f3n hacia una energ\u00eda m\u00e1s descentralizada, democr\u00e1tica y limpia a nivel europeo, nacional o local. En este evento, se presentar\u00e1n los primeros resultados del proyecto europeo PROSEU (www.proseu.eu) con recomendaciones para mejorar las pol\u00edticas p\u00fablicas (Planes Nacionales de Energ\u00eda y Clima), desarrollar modelos de negocios innovadores, apoyar procesos participativos e implementar iniciativas exitosas de autoconsumo.<\/p>\n<p>Junto con el Operador Energ\u00e9tico Municipal, compartir\u00e1n sus experiencias y sus puntos de vista sobre las oportunidades y retos del autoconsumo en Espa\u00f1a y Europa entidades como Eco-uni\u00f3n, Uni\u00f3n Espa\u00f1ola Fotovoltaica (UNEF), Plataforma por un Nuevo Modelo Energ\u00e9tico (Px1NME), Greenpeace y Asociaci\u00f3n de Empresas de Energ\u00edas Renovables (APPA).<\/p>\n<p><script async src=\"\/\/pagead2.googlesyndication.com\/pagead\/js\/adsbygoogle.js\"><\/script><br \/>\n<!-- Noticias La Guia de Pamplona --><br \/>\n<ins class=\"adsbygoogle\"\nstyle=\"display:block\"\ndata-ad-client=\"ca-pub-6943679897239327\"\ndata-ad-slot=\"7048180777\"\ndata-ad-format=\"auto\"><\/ins><br \/>\n<script>\n(adsbygoogle = window.adsbygoogle || []).push({});\n<\/script><\/p>\n<p><strong>Zona Verde en la COP25<\/strong><\/p>\n<p>Esta participaci\u00f3n de Pamplona se enmarca en la denominada Zona Verde de la cumbre, un espacio en la COP25 para que la sociedad pueda expresarse de forma interactiva, participativa e inclusiva, generando contenido respecto de la acci\u00f3n clim\u00e1tica. La Zona Azul, por su parte, es la que acoge la conferencia propiamente dicha, la decimoquinta reuni\u00f3n de las Partes en el Protocolo de Kioto (CMP15) y la segunda reuni\u00f3n de las Partes del Acuerdo de Par\u00eds (CMA2).<\/p>\n<p>Esa Zona Verde se concibe como un espacio abierto para el di\u00e1logo, la sensibilizaci\u00f3n y la toma de decisiones compartidas y cuenta con diferentes v\u00edas participativas para implicar a gobiernos locales, instituciones p\u00fablicas y privadas, administraciones, emprendedores, ONG, empresas, universidades, pueblos ind\u00edgenas y j\u00f3venes. Se divide en diferentes \u00e1reas, con un espacio central, a modo de punto de encuentro, donde diariamente se programar\u00e1n actividades relacionadas con las tem\u00e1ticas abordadas en cumbre. Todas esas actividades tienen el reto de responder a una misma pregunta: \u00bfC\u00f3mo usted\/organizaci\u00f3n contribuye a trav\u00e9s de acciones o ejemplos concretos a un planeta neutro en carbono y resiliente al clima en 2050?<\/p>\n<p>Al mismo tiempo, a lo largo de los d\u00edas que dura la COP25, tiene lugar en la Universidad Complutense de Madrid la llamada Cumbre Social por el Clima, en la que organizaciones sociales, ONG y ciudadan\u00eda de todo el mundo ha desarrollado un programa en paralelo al oficial con eventos y actividades de diferente \u00edndole.<\/p>\n","protected":false},"excerpt":{"rendered":"<p>El Ayuntamiento de Pamplona expondr\u00e1 su experiencia a trav\u00e9s del Operador Energ\u00e9tico Municipal<\/p>\n","protected":false},"author":1,"featured_media":26732,"comment_status":"open","ping_status":"closed","sticky":false,"template":"","format":"standard","meta":{"footnotes":""},"categories":[2],"tags":[],"class_list":["post-26730","post","type-post","status-publish","format-standard","has-post-thumbnail","hentry","category-ayuntamiento-pamplona"],"yoast_head":"<!-- This site is optimized with the Yoast SEO plugin v27.5 - https:\/\/yoast.com\/product\/yoast-seo-wordpress\/ -->\n<title>Pamplona participa este s\u00e1bado en la Cumbre del Clima COP25 de Madrid dentro de una mesa redonda sobre autoconsumo de energ\u00eda renovable y transici\u00f3n energ\u00e9tica<\/title>\n<meta name=\"robots\" content=\"index, follow, max-snippet:-1, max-image-preview:large, max-video-preview:-1\" \/>\n<link rel=\"canonical\" href=\"https:\/\/www.laguiadepamplona.com\/actualidad\/pamplona-participa-este-sabado-en-la-cumbre-del-clima-cop25-de-madrid-dentro-de-una-mesa-redonda-sobre-autoconsumo-de-energia-renovable-y-transicion-energetica\/\" \/>\n<meta property=\"og:locale\" content=\"es_ES\" \/>\n<meta property=\"og:type\" content=\"article\" \/>\n<meta property=\"og:title\" content=\"Pamplona participa este s\u00e1bado en la Cumbre del Clima COP25 de Madrid dentro de una mesa redonda sobre autoconsumo de energ\u00eda renovable y transici\u00f3n energ\u00e9tica\" \/>\n<meta property=\"og:description\" content=\"El Ayuntamiento de Pamplona expondr\u00e1 su experiencia a trav\u00e9s del Operador Energ\u00e9tico Municipal\" \/>\n<meta property=\"og:url\" content=\"https:\/\/www.laguiadepamplona.com\/actualidad\/pamplona-participa-este-sabado-en-la-cumbre-del-clima-cop25-de-madrid-dentro-de-una-mesa-redonda-sobre-autoconsumo-de-energia-renovable-y-transicion-energetica\/\" \/>\n<meta property=\"og:site_name\" content=\"La Gu\u00eda de Pamplona\" \/>\n<meta property=\"article:publisher\" content=\"https:\/\/www.facebook.com\/laguiadepamplonacom-133175176762273\/?ref=hl\" \/>\n<meta property=\"article:published_time\" content=\"2019-12-05T10:28:04+00:00\" \/>\n<meta property=\"article:modified_time\" content=\"2019-12-05T10:28:18+00:00\" \/>\n<meta property=\"og:image\" content=\"https:\/\/www.laguiadepamplona.com\/actualidad\/wp-content\/uploads\/2019\/12\/cop25-logo-madrid.jpg\" \/>\n\t<meta property=\"og:image:width\" content=\"1920\" \/>\n\t<meta property=\"og:image:height\" content=\"960\" \/>\n\t<meta property=\"og:image:type\" content=\"image\/jpeg\" \/>\n<meta name=\"author\" content=\"La Gu\u00eda de Pamplona\" \/>\n<meta name=\"twitter:card\" content=\"summary_large_image\" \/>\n<meta name=\"twitter:creator\" content=\"@LaGuiadPamplona\" \/>\n<meta name=\"twitter:site\" content=\"@LaGuiadPamplona\" \/>\n<meta name=\"twitter:label1\" content=\"Escrito por\" \/>\n\t<meta name=\"twitter:data1\" content=\"La Gu\u00eda de Pamplona\" \/>\n\t<meta name=\"twitter:label2\" content=\"Tiempo de lectura\" \/>\n\t<meta name=\"twitter:data2\" content=\"3 minutos\" \/>\n<script type=\"application\/ld+json\" class=\"yoast-schema-graph\">{\"@context\":\"https:\\\/\\\/schema.org\",\"@graph\":[{\"@type\":\"Article\",\"@id\":\"https:\\\/\\\/www.laguiadepamplona.com\\\/actualidad\\\/pamplona-participa-este-sabado-en-la-cumbre-del-clima-cop25-de-madrid-dentro-de-una-mesa-redonda-sobre-autoconsumo-de-energia-renovable-y-transicion-energetica\\\/#article\",\"isPartOf\":{\"@id\":\"https:\\\/\\\/www.laguiadepamplona.com\\\/actualidad\\\/pamplona-participa-este-sabado-en-la-cumbre-del-clima-cop25-de-madrid-dentro-de-una-mesa-redonda-sobre-autoconsumo-de-energia-renovable-y-transicion-energetica\\\/\"},\"author\":{\"name\":\"La Gu\u00eda de Pamplona\",\"@id\":\"https:\\\/\\\/www.laguiadepamplona.com\\\/actualidad\\\/#\\\/schema\\\/person\\\/efe887376f0213d4657c93adc50b1fdb\"},\"headline\":\"Pamplona participa este s\u00e1bado en la Cumbre del Clima COP25 de Madrid dentro de una mesa redonda sobre autoconsumo de energ\u00eda renovable y transici\u00f3n energ\u00e9tica\",\"datePublished\":\"2019-12-05T10:28:04+00:00\",\"dateModified\":\"2019-12-05T10:28:18+00:00\",\"mainEntityOfPage\":{\"@id\":\"https:\\\/\\\/www.laguiadepamplona.com\\\/actualidad\\\/pamplona-participa-este-sabado-en-la-cumbre-del-clima-cop25-de-madrid-dentro-de-una-mesa-redonda-sobre-autoconsumo-de-energia-renovable-y-transicion-energetica\\\/\"},\"wordCount\":547,\"commentCount\":0,\"publisher\":{\"@id\":\"https:\\\/\\\/www.laguiadepamplona.com\\\/actualidad\\\/#organization\"},\"image\":{\"@id\":\"https:\\\/\\\/www.laguiadepamplona.com\\\/actualidad\\\/pamplona-participa-este-sabado-en-la-cumbre-del-clima-cop25-de-madrid-dentro-de-una-mesa-redonda-sobre-autoconsumo-de-energia-renovable-y-transicion-energetica\\\/#primaryimage\"},\"thumbnailUrl\":\"https:\\\/\\\/www.laguiadepamplona.com\\\/actualidad\\\/wp-content\\\/uploads\\\/2019\\\/12\\\/cop25-logo-madrid.jpg\",\"articleSection\":[\"Ayto Pamplona\"],\"inLanguage\":\"es\",\"potentialAction\":[{\"@type\":\"CommentAction\",\"name\":\"Comment\",\"target\":[\"https:\\\/\\\/www.laguiadepamplona.com\\\/actualidad\\\/pamplona-participa-este-sabado-en-la-cumbre-del-clima-cop25-de-madrid-dentro-de-una-mesa-redonda-sobre-autoconsumo-de-energia-renovable-y-transicion-energetica\\\/#respond\"]}]},{\"@type\":\"WebPage\",\"@id\":\"https:\\\/\\\/www.laguiadepamplona.com\\\/actualidad\\\/pamplona-participa-este-sabado-en-la-cumbre-del-clima-cop25-de-madrid-dentro-de-una-mesa-redonda-sobre-autoconsumo-de-energia-renovable-y-transicion-energetica\\\/\",\"url\":\"https:\\\/\\\/www.laguiadepamplona.com\\\/actualidad\\\/pamplona-participa-este-sabado-en-la-cumbre-del-clima-cop25-de-madrid-dentro-de-una-mesa-redonda-sobre-autoconsumo-de-energia-renovable-y-transicion-energetica\\\/\",\"name\":\"Pamplona participa este s\u00e1bado en la Cumbre del Clima COP25 de Madrid dentro de una mesa redonda sobre autoconsumo de energ\u00eda renovable y transici\u00f3n energ\u00e9tica\",\"isPartOf\":{\"@id\":\"https:\\\/\\\/www.laguiadepamplona.com\\\/actualidad\\\/#website\"},\"primaryImageOfPage\":{\"@id\":\"https:\\\/\\\/www.laguiadepamplona.com\\\/actualidad\\\/pamplona-participa-este-sabado-en-la-cumbre-del-clima-cop25-de-madrid-dentro-de-una-mesa-redonda-sobre-autoconsumo-de-energia-renovable-y-transicion-energetica\\\/#primaryimage\"},\"image\":{\"@id\":\"https:\\\/\\\/www.laguiadepamplona.com\\\/actualidad\\\/pamplona-participa-este-sabado-en-la-cumbre-del-clima-cop25-de-madrid-dentro-de-una-mesa-redonda-sobre-autoconsumo-de-energia-renovable-y-transicion-energetica\\\/#primaryimage\"},\"thumbnailUrl\":\"https:\\\/\\\/www.laguiadepamplona.com\\\/actualidad\\\/wp-content\\\/uploads\\\/2019\\\/12\\\/cop25-logo-madrid.jpg\",\"datePublished\":\"2019-12-05T10:28:04+00:00\",\"dateModified\":\"2019-12-05T10:28:18+00:00\",\"breadcrumb\":{\"@id\":\"https:\\\/\\\/www.laguiadepamplona.com\\\/actualidad\\\/pamplona-participa-este-sabado-en-la-cumbre-del-clima-cop25-de-madrid-dentro-de-una-mesa-redonda-sobre-autoconsumo-de-energia-renovable-y-transicion-energetica\\\/#breadcrumb\"},\"inLanguage\":\"es\",\"potentialAction\":[{\"@type\":\"ReadAction\",\"target\":[\"https:\\\/\\\/www.laguiadepamplona.com\\\/actualidad\\\/pamplona-participa-este-sabado-en-la-cumbre-del-clima-cop25-de-madrid-dentro-de-una-mesa-redonda-sobre-autoconsumo-de-energia-renovable-y-transicion-energetica\\\/\"]}]},{\"@type\":\"ImageObject\",\"inLanguage\":\"es\",\"@id\":\"https:\\\/\\\/www.laguiadepamplona.com\\\/actualidad\\\/pamplona-participa-este-sabado-en-la-cumbre-del-clima-cop25-de-madrid-dentro-de-una-mesa-redonda-sobre-autoconsumo-de-energia-renovable-y-transicion-energetica\\\/#primaryimage\",\"url\":\"https:\\\/\\\/www.laguiadepamplona.com\\\/actualidad\\\/wp-content\\\/uploads\\\/2019\\\/12\\\/cop25-logo-madrid.jpg\",\"contentUrl\":\"https:\\\/\\\/www.laguiadepamplona.com\\\/actualidad\\\/wp-content\\\/uploads\\\/2019\\\/12\\\/cop25-logo-madrid.jpg\",\"width\":1920,\"height\":960},{\"@type\":\"BreadcrumbList\",\"@id\":\"https:\\\/\\\/www.laguiadepamplona.com\\\/actualidad\\\/pamplona-participa-este-sabado-en-la-cumbre-del-clima-cop25-de-madrid-dentro-de-una-mesa-redonda-sobre-autoconsumo-de-energia-renovable-y-transicion-energetica\\\/#breadcrumb\",\"itemListElement\":[{\"@type\":\"ListItem\",\"position\":1,\"name\":\"Portada\",\"item\":\"https:\\\/\\\/www.laguiadepamplona.com\\\/actualidad\\\/\"},{\"@type\":\"ListItem\",\"position\":2,\"name\":\"Pamplona participa este s\u00e1bado en la Cumbre del Clima COP25 de Madrid dentro de una mesa redonda sobre autoconsumo de energ\u00eda renovable y transici\u00f3n energ\u00e9tica\"}]},{\"@type\":\"WebSite\",\"@id\":\"https:\\\/\\\/www.laguiadepamplona.com\\\/actualidad\\\/#website\",\"url\":\"https:\\\/\\\/www.laguiadepamplona.com\\\/actualidad\\\/\",\"name\":\"La gu\u00eda de Pamplona\",\"description\":\"Noticias de Pamplona\",\"publisher\":{\"@id\":\"https:\\\/\\\/www.laguiadepamplona.com\\\/actualidad\\\/#organization\"},\"potentialAction\":[{\"@type\":\"SearchAction\",\"target\":{\"@type\":\"EntryPoint\",\"urlTemplate\":\"https:\\\/\\\/www.laguiadepamplona.com\\\/actualidad\\\/?s={search_term_string}\"},\"query-input\":{\"@type\":\"PropertyValueSpecification\",\"valueRequired\":true,\"valueName\":\"search_term_string\"}}],\"inLanguage\":\"es\"},{\"@type\":\"Organization\",\"@id\":\"https:\\\/\\\/www.laguiadepamplona.com\\\/actualidad\\\/#organization\",\"name\":\"La Gu\u00eda de Pamplona \\\/ Noticias\",\"url\":\"https:\\\/\\\/www.laguiadepamplona.com\\\/actualidad\\\/\",\"logo\":{\"@type\":\"ImageObject\",\"inLanguage\":\"es\",\"@id\":\"https:\\\/\\\/www.laguiadepamplona.com\\\/actualidad\\\/#\\\/schema\\\/logo\\\/image\\\/\",\"url\":\"https:\\\/\\\/www.laguiadepamplona.com\\\/actualidad\\\/wp-content\\\/uploads\\\/2018\\\/11\\\/logo-laguiadepamplona18-web1.png\",\"contentUrl\":\"https:\\\/\\\/www.laguiadepamplona.com\\\/actualidad\\\/wp-content\\\/uploads\\\/2018\\\/11\\\/logo-laguiadepamplona18-web1.png\",\"width\":600,\"height\":196,\"caption\":\"La Gu\u00eda de Pamplona \\\/ Noticias\"},\"image\":{\"@id\":\"https:\\\/\\\/www.laguiadepamplona.com\\\/actualidad\\\/#\\\/schema\\\/logo\\\/image\\\/\"},\"sameAs\":[\"https:\\\/\\\/www.facebook.com\\\/laguiadepamplonacom-133175176762273\\\/?ref=hl\",\"https:\\\/\\\/x.com\\\/LaGuiadPamplona\",\"https:\\\/\\\/www.instagram.com\\\/la_guia_de_pamplona\\\/\",\"https:\\\/\\\/www.youtube.com\\\/user\\\/laguiadepamplona\"]},{\"@type\":\"Person\",\"@id\":\"https:\\\/\\\/www.laguiadepamplona.com\\\/actualidad\\\/#\\\/schema\\\/person\\\/efe887376f0213d4657c93adc50b1fdb\",\"name\":\"La Gu\u00eda de Pamplona\",\"image\":{\"@type\":\"ImageObject\",\"inLanguage\":\"es\",\"@id\":\"https:\\\/\\\/secure.gravatar.com\\\/avatar\\\/b6992f131dc8d30ab0dff15446e9d346d9dbd95992de0fef795073f5ea83a81c?s=96&d=mm&r=g\",\"url\":\"https:\\\/\\\/secure.gravatar.com\\\/avatar\\\/b6992f131dc8d30ab0dff15446e9d346d9dbd95992de0fef795073f5ea83a81c?s=96&d=mm&r=g\",\"contentUrl\":\"https:\\\/\\\/secure.gravatar.com\\\/avatar\\\/b6992f131dc8d30ab0dff15446e9d346d9dbd95992de0fef795073f5ea83a81c?s=96&d=mm&r=g\",\"caption\":\"La Gu\u00eda de Pamplona\"}}]}<\/script>\n<!-- \/ Yoast SEO plugin. -->","yoast_head_json":{"title":"Pamplona participa este s\u00e1bado en la Cumbre del Clima COP25 de Madrid dentro de una mesa redonda sobre autoconsumo de energ\u00eda renovable y transici\u00f3n energ\u00e9tica","robots":{"index":"index","follow":"follow","max-snippet":"max-snippet:-1","max-image-preview":"max-image-preview:large","max-video-preview":"max-video-preview:-1"},"canonical":"https:\/\/www.laguiadepamplona.com\/actualidad\/pamplona-participa-este-sabado-en-la-cumbre-del-clima-cop25-de-madrid-dentro-de-una-mesa-redonda-sobre-autoconsumo-de-energia-renovable-y-transicion-energetica\/","og_locale":"es_ES","og_type":"article","og_title":"Pamplona participa este s\u00e1bado en la Cumbre del Clima COP25 de Madrid dentro de una mesa redonda sobre autoconsumo de energ\u00eda renovable y transici\u00f3n energ\u00e9tica","og_description":"El Ayuntamiento de Pamplona expondr\u00e1 su experiencia a trav\u00e9s del Operador Energ\u00e9tico Municipal","og_url":"https:\/\/www.laguiadepamplona.com\/actualidad\/pamplona-participa-este-sabado-en-la-cumbre-del-clima-cop25-de-madrid-dentro-de-una-mesa-redonda-sobre-autoconsumo-de-energia-renovable-y-transicion-energetica\/","og_site_name":"La Gu\u00eda de Pamplona","article_publisher":"https:\/\/www.facebook.com\/laguiadepamplonacom-133175176762273\/?ref=hl","article_published_time":"2019-12-05T10:28:04+00:00","article_modified_time":"2019-12-05T10:28:18+00:00","og_image":[{"width":1920,"height":960,"url":"https:\/\/www.laguiadepamplona.com\/actualidad\/wp-content\/uploads\/2019\/12\/cop25-logo-madrid.jpg","type":"image\/jpeg"}],"author":"La Gu\u00eda de Pamplona","twitter_card":"summary_large_image","twitter_creator":"@LaGuiadPamplona","twitter_site":"@LaGuiadPamplona","twitter_misc":{"Escrito por":"La Gu\u00eda de Pamplona","Tiempo de lectura":"3 minutos"},"schema":{"@context":"https:\/\/schema.org","@graph":[{"@type":"Article","@id":"https:\/\/www.laguiadepamplona.com\/actualidad\/pamplona-participa-este-sabado-en-la-cumbre-del-clima-cop25-de-madrid-dentro-de-una-mesa-redonda-sobre-autoconsumo-de-energia-renovable-y-transicion-energetica\/#article","isPartOf":{"@id":"https:\/\/www.laguiadepamplona.com\/actualidad\/pamplona-participa-este-sabado-en-la-cumbre-del-clima-cop25-de-madrid-dentro-de-una-mesa-redonda-sobre-autoconsumo-de-energia-renovable-y-transicion-energetica\/"},"author":{"name":"La Gu\u00eda de Pamplona","@id":"https:\/\/www.laguiadepamplona.com\/actualidad\/#\/schema\/person\/efe887376f0213d4657c93adc50b1fdb"},"headline":"Pamplona participa este s\u00e1bado en la Cumbre del Clima COP25 de Madrid dentro de una mesa redonda sobre autoconsumo de energ\u00eda renovable y transici\u00f3n energ\u00e9tica","datePublished":"2019-12-05T10:28:04+00:00","dateModified":"2019-12-05T10:28:18+00:00","mainEntityOfPage":{"@id":"https:\/\/www.laguiadepamplona.com\/actualidad\/pamplona-participa-este-sabado-en-la-cumbre-del-clima-cop25-de-madrid-dentro-de-una-mesa-redonda-sobre-autoconsumo-de-energia-renovable-y-transicion-energetica\/"},"wordCount":547,"commentCount":0,"publisher":{"@id":"https:\/\/www.laguiadepamplona.com\/actualidad\/#organization"},"image":{"@id":"https:\/\/www.laguiadepamplona.com\/actualidad\/pamplona-participa-este-sabado-en-la-cumbre-del-clima-cop25-de-madrid-dentro-de-una-mesa-redonda-sobre-autoconsumo-de-energia-renovable-y-transicion-energetica\/#primaryimage"},"thumbnailUrl":"https:\/\/www.laguiadepamplona.com\/actualidad\/wp-content\/uploads\/2019\/12\/cop25-logo-madrid.jpg","articleSection":["Ayto Pamplona"],"inLanguage":"es","potentialAction":[{"@type":"CommentAction","name":"Comment","target":["https:\/\/www.laguiadepamplona.com\/actualidad\/pamplona-participa-este-sabado-en-la-cumbre-del-clima-cop25-de-madrid-dentro-de-una-mesa-redonda-sobre-autoconsumo-de-energia-renovable-y-transicion-energetica\/#respond"]}]},{"@type":"WebPage","@id":"https:\/\/www.laguiadepamplona.com\/actualidad\/pamplona-participa-este-sabado-en-la-cumbre-del-clima-cop25-de-madrid-dentro-de-una-mesa-redonda-sobre-autoconsumo-de-energia-renovable-y-transicion-energetica\/","url":"https:\/\/www.laguiadepamplona.com\/actualidad\/pamplona-participa-este-sabado-en-la-cumbre-del-clima-cop25-de-madrid-dentro-de-una-mesa-redonda-sobre-autoconsumo-de-energia-renovable-y-transicion-energetica\/","name":"Pamplona participa este s\u00e1bado en la Cumbre del Clima COP25 de Madrid dentro de una mesa redonda sobre autoconsumo de energ\u00eda renovable y transici\u00f3n energ\u00e9tica","isPartOf":{"@id":"https:\/\/www.laguiadepamplona.com\/actualidad\/#website"},"primaryImageOfPage":{"@id":"https:\/\/www.laguiadepamplona.com\/actualidad\/pamplona-participa-este-sabado-en-la-cumbre-del-clima-cop25-de-madrid-dentro-de-una-mesa-redonda-sobre-autoconsumo-de-energia-renovable-y-transicion-energetica\/#primaryimage"},"image":{"@id":"https:\/\/www.laguiadepamplona.com\/actualidad\/pamplona-participa-este-sabado-en-la-cumbre-del-clima-cop25-de-madrid-dentro-de-una-mesa-redonda-sobre-autoconsumo-de-energia-renovable-y-transicion-energetica\/#primaryimage"},"thumbnailUrl":"https:\/\/www.laguiadepamplona.com\/actualidad\/wp-content\/uploads\/2019\/12\/cop25-logo-madrid.jpg","datePublished":"2019-12-05T10:28:04+00:00","dateModified":"2019-12-05T10:28:18+00:00","breadcrumb":{"@id":"https:\/\/www.laguiadepamplona.com\/actualidad\/pamplona-participa-este-sabado-en-la-cumbre-del-clima-cop25-de-madrid-dentro-de-una-mesa-redonda-sobre-autoconsumo-de-energia-renovable-y-transicion-energetica\/#breadcrumb"},"inLanguage":"es","potentialAction":[{"@type":"ReadAction","target":["https:\/\/www.laguiadepamplona.com\/actualidad\/pamplona-participa-este-sabado-en-la-cumbre-del-clima-cop25-de-madrid-dentro-de-una-mesa-redonda-sobre-autoconsumo-de-energia-renovable-y-transicion-energetica\/"]}]},{"@type":"ImageObject","inLanguage":"es","@id":"https:\/\/www.laguiadepamplona.com\/actualidad\/pamplona-participa-este-sabado-en-la-cumbre-del-clima-cop25-de-madrid-dentro-de-una-mesa-redonda-sobre-autoconsumo-de-energia-renovable-y-transicion-energetica\/#primaryimage","url":"https:\/\/www.laguiadepamplona.com\/actualidad\/wp-content\/uploads\/2019\/12\/cop25-logo-madrid.jpg","contentUrl":"https:\/\/www.laguiadepamplona.com\/actualidad\/wp-content\/uploads\/2019\/12\/cop25-logo-madrid.jpg","width":1920,"height":960},{"@type":"BreadcrumbList","@id":"https:\/\/www.laguiadepamplona.com\/actualidad\/pamplona-participa-este-sabado-en-la-cumbre-del-clima-cop25-de-madrid-dentro-de-una-mesa-redonda-sobre-autoconsumo-de-energia-renovable-y-transicion-energetica\/#breadcrumb","itemListElement":[{"@type":"ListItem","position":1,"name":"Portada","item":"https:\/\/www.laguiadepamplona.com\/actualidad\/"},{"@type":"ListItem","position":2,"name":"Pamplona participa este s\u00e1bado en la Cumbre del Clima COP25 de Madrid dentro de una mesa redonda sobre autoconsumo de energ\u00eda renovable y transici\u00f3n energ\u00e9tica"}]},{"@type":"WebSite","@id":"https:\/\/www.laguiadepamplona.com\/actualidad\/#website","url":"https:\/\/www.laguiadepamplona.com\/actualidad\/","name":"La gu\u00eda de Pamplona","description":"Noticias de Pamplona","publisher":{"@id":"https:\/\/www.laguiadepamplona.com\/actualidad\/#organization"},"potentialAction":[{"@type":"SearchAction","target":{"@type":"EntryPoint","urlTemplate":"https:\/\/www.laguiadepamplona.com\/actualidad\/?s={search_term_string}"},"query-input":{"@type":"PropertyValueSpecification","valueRequired":true,"valueName":"search_term_string"}}],"inLanguage":"es"},{"@type":"Organization","@id":"https:\/\/www.laguiadepamplona.com\/actualidad\/#organization","name":"La Gu\u00eda de Pamplona \/ Noticias","url":"https:\/\/www.laguiadepamplona.com\/actualidad\/","logo":{"@type":"ImageObject","inLanguage":"es","@id":"https:\/\/www.laguiadepamplona.com\/actualidad\/#\/schema\/logo\/image\/","url":"https:\/\/www.laguiadepamplona.com\/actualidad\/wp-content\/uploads\/2018\/11\/logo-laguiadepamplona18-web1.png","contentUrl":"https:\/\/www.laguiadepamplona.com\/actualidad\/wp-content\/uploads\/2018\/11\/logo-laguiadepamplona18-web1.png","width":600,"height":196,"caption":"La Gu\u00eda de Pamplona \/ Noticias"},"image":{"@id":"https:\/\/www.laguiadepamplona.com\/actualidad\/#\/schema\/logo\/image\/"},"sameAs":["https:\/\/www.facebook.com\/laguiadepamplonacom-133175176762273\/?ref=hl","https:\/\/x.com\/LaGuiadPamplona","https:\/\/www.instagram.com\/la_guia_de_pamplona\/","https:\/\/www.youtube.com\/user\/laguiadepamplona"]},{"@type":"Person","@id":"https:\/\/www.laguiadepamplona.com\/actualidad\/#\/schema\/person\/efe887376f0213d4657c93adc50b1fdb","name":"La Gu\u00eda de Pamplona","image":{"@type":"ImageObject","inLanguage":"es","@id":"https:\/\/secure.gravatar.com\/avatar\/b6992f131dc8d30ab0dff15446e9d346d9dbd95992de0fef795073f5ea83a81c?s=96&d=mm&r=g","url":"https:\/\/secure.gravatar.com\/avatar\/b6992f131dc8d30ab0dff15446e9d346d9dbd95992de0fef795073f5ea83a81c?s=96&d=mm&r=g","contentUrl":"https:\/\/secure.gravatar.com\/avatar\/b6992f131dc8d30ab0dff15446e9d346d9dbd95992de0fef795073f5ea83a81c?s=96&d=mm&r=g","caption":"La Gu\u00eda de Pamplona"}}]}},"post_mailing_queue_ids":[],"_links":{"self":[{"href":"https:\/\/www.laguiadepamplona.com\/actualidad\/wp-json\/wp\/v2\/posts\/26730","targetHints":{"allow":["GET"]}}],"collection":[{"href":"https:\/\/www.laguiadepamplona.com\/actualidad\/wp-json\/wp\/v2\/posts"}],"about":[{"href":"https:\/\/www.laguiadepamplona.com\/actualidad\/wp-json\/wp\/v2\/types\/post"}],"author":[{"embeddable":true,"href":"https:\/\/www.laguiadepamplona.com\/actualidad\/wp-json\/wp\/v2\/users\/1"}],"replies":[{"embeddable":true,"href":"https:\/\/www.laguiadepamplona.com\/actualidad\/wp-json\/wp\/v2\/comments?post=26730"}],"version-history":[{"count":0,"href":"https:\/\/www.laguiadepamplona.com\/actualidad\/wp-json\/wp\/v2\/posts\/26730\/revisions"}],"wp:featuredmedia":[{"embeddable":true,"href":"https:\/\/www.laguiadepamplona.com\/actualidad\/wp-json\/wp\/v2\/media\/26732"}],"wp:attachment":[{"href":"https:\/\/www.laguiadepamplona.com\/actualidad\/wp-json\/wp\/v2\/media?parent=26730"}],"wp:term":[{"taxonomy":"category","embeddable":true,"href":"https:\/\/www.laguiadepamplona.com\/actualidad\/wp-json\/wp\/v2\/categories?post=26730"},{"taxonomy":"post_tag","embeddable":true,"href":"https:\/\/www.laguiadepamplona.com\/actualidad\/wp-json\/wp\/v2\/tags?post=26730"}],"curies":[{"name":"wp","href":"https:\/\/api.w.org\/{rel}","templated":true}]}}