{"id":26723,"date":"2019-12-05T12:25:14","date_gmt":"2019-12-05T10:25:14","guid":{"rendered":"https:\/\/www.laguiadepamplona.es\/actualidad\/?p=26723"},"modified":"2019-12-05T12:32:32","modified_gmt":"2019-12-05T10:32:32","slug":"pamplona-acoge-la-semana-que-viene-el-xii-encuentro-estatal-de-aprendizaje-servicio-una-amplia-muestra-de-esta-metodologia-a-traves-de-expertos-instituciones-y-alumnado","status":"publish","type":"post","link":"https:\/\/www.laguiadepamplona.com\/actualidad\/pamplona-acoge-la-semana-que-viene-el-xii-encuentro-estatal-de-aprendizaje-servicio-una-amplia-muestra-de-esta-metodologia-a-traves-de-expertos-instituciones-y-alumnado\/","title":{"rendered":"Pamplona acoge la semana que viene el XII Encuentro Estatal de Aprendizaje-Servicio, una amplia muestra de esta metodolog\u00eda a trav\u00e9s de expertos, instituciones y alumnado"},"content":{"rendered":"<h5>En este marco, el viernes 13 de diciembre, se entregar\u00e1n los galardones de la V Edici\u00f3n nacional de premios ApS, dos de ellos a colegios de la ciudad<\/h5>\n<p><!--more--><\/p>\n<p>Pamplona acoger\u00e1 el XII Encuentro Estatal de Aprendizaje-Servicio (ApS) entre el lunes 9 y el viernes 13 de diciembre. Con una doble sede, Condestable y Baluarte, alrededor de 600 personas se dar\u00e1n cita en la ciudad. Pamplona toma el relevo a Coslada en un evento organizado conjuntamente por el Ayuntamiento de la ciudad, la Red espa\u00f1ola de ApS (REDAPS), en colaboraci\u00f3n con Edeb\u00e9 y la ONG Educo.<\/p>\n<p><script async src=\"\/\/pagead2.googlesyndication.com\/pagead\/js\/adsbygoogle.js\"><\/script><br \/>\n<!-- Noticias La Guia de Pamplona --><br \/>\n<ins class=\"adsbygoogle\"\nstyle=\"display:block\"\ndata-ad-client=\"ca-pub-6943679897239327\"\ndata-ad-slot=\"7048180777\"\ndata-ad-format=\"auto\"><\/ins><br \/>\n<script>\n(adsbygoogle = window.adsbygoogle || []).push({});\n<\/script><\/p>\n<p>El ApS o aprendizaje-servicio solidario es una l\u00ednea de trabajo educativa en la que el alumnado aprende contenidos \u201cacad\u00e9micos\u201d prestando un servicio a la comunidad, de forma que se ponga en pr\u00e1ctica lo aprendido en favor del bien com\u00fan. A\u00fana as\u00ed la intencionalidad pedag\u00f3gica con la solidaria, haciendo al alumnado part\u00edcipe en su aprendizaje y responsable socialmente.<\/p>\n<p>El Ayuntamiento de Pamplona gestionar\u00e1 este a\u00f1o el encuentro nacional y, en ese marco, se entregar\u00e1n los 18 premios de la V Edici\u00f3n de premios ApS. Dos de ellos han reca\u00eddo en los colegios de Pamplona Sagrado Coraz\u00f3n y Claret Larrona. Ese mismo d\u00eda se har\u00e1n p\u00fablicos tambi\u00e9n los otorgados por Pamplona (13 de diciembre) entre los centros escolares de la ciudad. A lo largo de la semana, y hasta el 16 de diciembre, el patio de Condestable acoger\u00e1 una exposici\u00f3n de paneles sobre proyectos ApS realizados este a\u00f1o en la Comunidad foral.<\/p>\n<p>Esta ma\u00f1ana han presentado el encuentro el presidente Red Navarra de Aprendizaje\u2013Servicio, Francisco Soto; el concejal delegado de Educacion Participaci\u00f3n Ciudadana y Juventud del Ayuntamiento de Pamplona, Fernando Sesma, y el secretario t\u00e9cnico del mismo \u00e1rea, Jose Manuel Santana.<\/p>\n<p>El elenco de participantes en el encuentro es amplio. Comenzado por la experta argentina Nievas Tapia, pedagoga, referente mundial en la metodolog\u00eda Aprendizaje-Servicio y fundadora y directora del Centro Latinoamericano de Aprendizaje y Servicio Solidario (Clayss), hasta profesorado de UPNA, la Universidad de Navarra, la UNED y las universidades Polit\u00e9cnica y Aut\u00f3noma de Madrid. Habr\u00e1, adem\u00e1s, representaci\u00f3n institucional de diversos entes locales y comunidades aut\u00f3nomas como Extremadura, Valencia y Navarra, as\u00ed como de organismos nacionales como el Centro de Investigaci\u00f3n e Innovaci\u00f3n Educativa del Ministerio de Educaci\u00f3n y Formaci\u00f3n Profesional o el Centro Nacional de Educaci\u00f3n Ambiental (CENEAM).<\/p>\n<p>Este evento tiene lugar en la ciudad tras el convenio que firm\u00f3 el Consistorio con REDAPS el pasado mes de marzo. Pamplona trabaja la metodolog\u00eda ApS desde el a\u00f1o 2017 a trav\u00e9s de una convocatoria p\u00fablica de proyectos. En la convocatoria nacional 2019 han participado m\u00e1s de 30.500 alumnos con 279 proyectos distintos.<\/p>\n<p><script async src=\"\/\/pagead2.googlesyndication.com\/pagead\/js\/adsbygoogle.js\"><\/script><br \/>\n<!-- Noticias La Guia de Pamplona --><br \/>\n<ins class=\"adsbygoogle\"\nstyle=\"display:block\"\ndata-ad-client=\"ca-pub-6943679897239327\"\ndata-ad-slot=\"7048180777\"\ndata-ad-format=\"auto\"><\/ins><br \/>\n<script>\n(adsbygoogle = window.adsbygoogle || []).push({});\n<\/script><\/p>\n<p><strong>Cuatro d\u00edas de encuentros<\/strong><\/p>\n<p>Entre las actividades previstas a lo largo de la semana, el martes 10 de diciembre tendr\u00e1 lugar la parte generalista e introductoria del programa. Desde las 17.30 horas y hasta las 20 horas se suceder\u00e1n en Condestable cuatro sesiones te\u00f3ricas sobre sobre buenas pr\u00e1cticas en ApS, la inclusi\u00f3n de la perspectiva de g\u00e9nero en esta metodolog\u00eda o el engarce de este tipo de trabajo en el \u00e1mbito educativo con la agenda 2030 y los Objetivos del Milenio de la ONU. En estas primeras sesiones hay m\u00e1s de 100 personas inscritas.<\/p>\n<p>El Aprendizaje-Servicio hoy permea todos los ciclos y modalidades escolares, desde Infantil-Primaria hasta la universidad o la Formaci\u00f3n Profesional. De esta forma, el mi\u00e9rcoles 11, 200 personas dedicar\u00e1n la tarde a conocer diversos proyectos realizados en Navarra de Infantil, Primaria, ESO, Bachiller, FP y Educaci\u00f3n no formal.<\/p>\n<p>La ma\u00f1ana del jueves 12 se destinar\u00e1 espec\u00edficamente al nivel universitario, conociendo varios proyectos realizados por la Universidad de Navarra, La UPNA y La UNED. Por la tarde las sesiones se trasladar\u00e1n, a las 19 horas, al Palacio de Exposiciones y Congresos Baluarte; en la Sala Luneta intervendr\u00e1 la pedagoga Nievas Tapia ante 200 personas inscritas.<\/p>\n<p>El viernes 13 tendr\u00e1 lugar el XII Encuentro, propiamente dicho, en la Sala de C\u00e1mara de Baluarte a partir de las 9 horas. En ese espacio se har\u00e1n las entregas de premios, los nacionales por la ma\u00f1ana y los de Pamplona por la tarde. Los primeros ya se hicieron p\u00fablicos y son 18 galardones a centros y alumnados de Badajoz, Guip\u00fazcoa, Granada, Valladolid, Gij\u00f3n, Madrid, Gerona, Valencia, Barcelona, Alicante, Palencia, Mallorca y Pamplona.<\/p>\n<p><script async src=\"\/\/pagead2.googlesyndication.com\/pagead\/js\/adsbygoogle.js\"><\/script><br \/>\n<!-- Noticias La Guia de Pamplona --><br \/>\n<ins class=\"adsbygoogle\"\nstyle=\"display:block\"\ndata-ad-client=\"ca-pub-6943679897239327\"\ndata-ad-slot=\"7048180777\"\ndata-ad-format=\"auto\"><\/ins><br \/>\n<script>\n(adsbygoogle = window.adsbygoogle || []).push({});\n<\/script><\/p>\n<p><strong>Un trabajo de casi 30.600 participantes<\/strong><\/p>\n<p>Los n\u00fameros del certamen nacional dan idea de la envergadura de este trabajo en red. Este a\u00f1o se han presentado 279 proyectos en los que han participado 30.594 chicos y chicas de 547 centros. Y es que hay proyectos, como las procedentes de Mallorca o Granada, que parten ya como propuestas de colaboraci\u00f3n entre distintos centros del territorio. El 45% de los centros que han participado pertenecen a la red p\u00fablica. En la lista hay representaci\u00f3n de todas las comunidades aut\u00f3nomas. Navarra, con 23 proyectos presentados, se convierte en la quinta comunidad con mayor n\u00famero de propuestas tras Madrid, Valencia, Catalu\u00f1a y Andaluc\u00eda. En relaci\u00f3n al nivel educativo, la franja de edad m\u00e1s activa ha sido la de escolares Secundaria y Bachiller, con 125 proyectos.<\/p>\n<p>Las propuestas son trabajos en temas tan relevantes como la mejora de la calidad de vida de los mayores, el medioambiente, la violencia de g\u00e9nero, los derechos de las personas migrantes, la creaci\u00f3n de espacios intergeneracionales, juguetes para quienes no pueden acceder a ellos o la lucha contra el absentismo escolar por estigmas sociales o salud comunitaria.<\/p>\n<p>En esta edici\u00f3n dos centros escolares de Pamplona han recibido galard\u00f3n. Sagrado Coraz\u00f3n recibir\u00e1 el Premio a la Incorporaci\u00f3n del ApS al proyecto educativo global por un trabajo transversal a todos sus cursos con 16 contenidos diferentes, desde discapacidad, a rutas escolares o comercio justo. Por su parte Claret-Larraona de Pamplona ha obtenido un premio de Fomento del empoderamiento juvenil por una iniciativa para aproximar a los ciudadanos con las instituciones representativas. Por la tarde se har\u00e1 p\u00fablico el fallo de los ganadores de la edici\u00f3n de Pamplona, a la que se han presentado 10 proyectos de 8 centros de la ciudad, 4 de Infantil y Primaria, 4 de ESO-Bachillerato, 1 de Formaci\u00f3n profesional reglada y 1 de Formaci\u00f3n profesional no reglada (EISOL-Equipo de Inserci\u00f3n Socio-Laboral del Ayuntamiento de Pamplona).<\/p>\n<p><script async src=\"\/\/pagead2.googlesyndication.com\/pagead\/js\/adsbygoogle.js\"><\/script><br \/>\n<!-- Noticias La Guia de Pamplona --><br \/>\n<ins class=\"adsbygoogle\"\nstyle=\"display:block\"\ndata-ad-client=\"ca-pub-6943679897239327\"\ndata-ad-slot=\"7048180777\"\ndata-ad-format=\"auto\"><\/ins><br \/>\n<script>\n(adsbygoogle = window.adsbygoogle || []).push({});\n<\/script><\/p>\n<p><strong>Conocer el ApS que se est\u00e1 haciendo en Navarra<\/strong><\/p>\n<p>Durante toda la semana en Condestable van a tener espacio una treintena de proyectos en los que se ha trabajado estos \u00faltimos cursos en Navarra, clasificados por procedencia y etapa educativa. Entre el 9 y el 16 de diciembre, el patio se convertir\u00e1 en un gran expositor de ideas para el avance social procedentes de alumnado de Sarriguren, Ujue, Falces, Pamplona, Tudela o Peralta. Ser\u00e1 una buena forma de ver el engarce social de esta metodolog\u00eda de aprendizaje.<\/p>\n<p>Habr\u00e1, adem\u00e1s, paneles de otros cinco proyectos, en este caso en la categor\u00eda de \u2018Educaci\u00f3n no formal\u2019 presentados por Nuevo Futuro, Asociaci\u00f3n de mayores Lacarra, Fundaci\u00f3n Paz y Solidaridad, el Grupos Scout de la parroquia Nuestra Se\u00f1ora de la Paz y Medicus Mundi.<\/p>\n<p>La muestra ser\u00e1 visitable en horario de 9 a 21 horas.<\/p>\n<h3><a href=\"https:\/\/www.laguiadepamplona.es\/actualidad\/wp-content\/uploads\/2019\/12\/19.12.05_aprendizaje_servicio.pdf\" target=\"_blank\" rel=\"noopener noreferrer\"><i class=\"fa fa-file-pdf-o \" ><\/i>\u00a0Aprendizaje_servicio.pdf<\/a><\/h3>\n<p>&nbsp;<\/p>\n","protected":false},"excerpt":{"rendered":"<p>En este marco, el viernes 13 de diciembre, se entregar\u00e1n los galardones de la V Edici\u00f3n nacional de premios ApS, dos de ellos a colegios de la ciudad<\/p>\n","protected":false},"author":1,"featured_media":26725,"comment_status":"open","ping_status":"closed","sticky":false,"template":"","format":"standard","meta":{"footnotes":""},"categories":[2],"tags":[],"class_list":["post-26723","post","type-post","status-publish","format-standard","has-post-thumbnail","hentry","category-ayuntamiento-pamplona"],"yoast_head":"<!-- This site is optimized with the Yoast SEO plugin v27.5 - https:\/\/yoast.com\/product\/yoast-seo-wordpress\/ -->\n<title>Pamplona acoge la semana que viene el XII Encuentro Estatal de Aprendizaje-Servicio, una amplia muestra de esta metodolog\u00eda a trav\u00e9s de expertos, instituciones y alumnado<\/title>\n<meta name=\"robots\" content=\"index, follow, max-snippet:-1, max-image-preview:large, max-video-preview:-1\" \/>\n<link rel=\"canonical\" href=\"https:\/\/www.laguiadepamplona.com\/actualidad\/pamplona-acoge-la-semana-que-viene-el-xii-encuentro-estatal-de-aprendizaje-servicio-una-amplia-muestra-de-esta-metodologia-a-traves-de-expertos-instituciones-y-alumnado\/\" \/>\n<meta property=\"og:locale\" content=\"es_ES\" \/>\n<meta property=\"og:type\" content=\"article\" \/>\n<meta property=\"og:title\" content=\"Pamplona acoge la semana que viene el XII Encuentro Estatal de Aprendizaje-Servicio, una amplia muestra de esta metodolog\u00eda a trav\u00e9s de expertos, instituciones y alumnado\" \/>\n<meta property=\"og:description\" content=\"En este marco, el viernes 13 de diciembre, se entregar\u00e1n los galardones de la V Edici\u00f3n nacional de premios ApS, dos de ellos a colegios de la ciudad\" \/>\n<meta property=\"og:url\" content=\"https:\/\/www.laguiadepamplona.com\/actualidad\/pamplona-acoge-la-semana-que-viene-el-xii-encuentro-estatal-de-aprendizaje-servicio-una-amplia-muestra-de-esta-metodologia-a-traves-de-expertos-instituciones-y-alumnado\/\" \/>\n<meta property=\"og:site_name\" content=\"La Gu\u00eda de Pamplona\" \/>\n<meta property=\"article:publisher\" content=\"https:\/\/www.facebook.com\/laguiadepamplonacom-133175176762273\/?ref=hl\" \/>\n<meta property=\"article:published_time\" content=\"2019-12-05T10:25:14+00:00\" \/>\n<meta property=\"article:modified_time\" content=\"2019-12-05T10:32:32+00:00\" \/>\n<meta property=\"og:image\" content=\"https:\/\/www.laguiadepamplona.com\/actualidad\/wp-content\/uploads\/2019\/12\/19.12.05_aprendizaje_servicio-1.jpg\" \/>\n\t<meta property=\"og:image:width\" content=\"1920\" \/>\n\t<meta property=\"og:image:height\" content=\"1194\" \/>\n\t<meta property=\"og:image:type\" content=\"image\/jpeg\" \/>\n<meta name=\"author\" content=\"La Gu\u00eda de Pamplona\" \/>\n<meta name=\"twitter:card\" content=\"summary_large_image\" \/>\n<meta name=\"twitter:creator\" content=\"@LaGuiadPamplona\" \/>\n<meta name=\"twitter:site\" content=\"@LaGuiadPamplona\" \/>\n<meta name=\"twitter:label1\" content=\"Escrito por\" \/>\n\t<meta name=\"twitter:data1\" content=\"La Gu\u00eda de Pamplona\" \/>\n\t<meta name=\"twitter:label2\" content=\"Tiempo de lectura\" \/>\n\t<meta name=\"twitter:data2\" content=\"6 minutos\" \/>\n<script type=\"application\/ld+json\" class=\"yoast-schema-graph\">{\"@context\":\"https:\\\/\\\/schema.org\",\"@graph\":[{\"@type\":\"Article\",\"@id\":\"https:\\\/\\\/www.laguiadepamplona.com\\\/actualidad\\\/pamplona-acoge-la-semana-que-viene-el-xii-encuentro-estatal-de-aprendizaje-servicio-una-amplia-muestra-de-esta-metodologia-a-traves-de-expertos-instituciones-y-alumnado\\\/#article\",\"isPartOf\":{\"@id\":\"https:\\\/\\\/www.laguiadepamplona.com\\\/actualidad\\\/pamplona-acoge-la-semana-que-viene-el-xii-encuentro-estatal-de-aprendizaje-servicio-una-amplia-muestra-de-esta-metodologia-a-traves-de-expertos-instituciones-y-alumnado\\\/\"},\"author\":{\"name\":\"La Gu\u00eda de Pamplona\",\"@id\":\"https:\\\/\\\/www.laguiadepamplona.com\\\/actualidad\\\/#\\\/schema\\\/person\\\/efe887376f0213d4657c93adc50b1fdb\"},\"headline\":\"Pamplona acoge la semana que viene el XII Encuentro Estatal de Aprendizaje-Servicio, una amplia muestra de esta metodolog\u00eda a trav\u00e9s de expertos, instituciones y alumnado\",\"datePublished\":\"2019-12-05T10:25:14+00:00\",\"dateModified\":\"2019-12-05T10:32:32+00:00\",\"mainEntityOfPage\":{\"@id\":\"https:\\\/\\\/www.laguiadepamplona.com\\\/actualidad\\\/pamplona-acoge-la-semana-que-viene-el-xii-encuentro-estatal-de-aprendizaje-servicio-una-amplia-muestra-de-esta-metodologia-a-traves-de-expertos-instituciones-y-alumnado\\\/\"},\"wordCount\":1252,\"commentCount\":0,\"publisher\":{\"@id\":\"https:\\\/\\\/www.laguiadepamplona.com\\\/actualidad\\\/#organization\"},\"image\":{\"@id\":\"https:\\\/\\\/www.laguiadepamplona.com\\\/actualidad\\\/pamplona-acoge-la-semana-que-viene-el-xii-encuentro-estatal-de-aprendizaje-servicio-una-amplia-muestra-de-esta-metodologia-a-traves-de-expertos-instituciones-y-alumnado\\\/#primaryimage\"},\"thumbnailUrl\":\"https:\\\/\\\/www.laguiadepamplona.com\\\/actualidad\\\/wp-content\\\/uploads\\\/2019\\\/12\\\/19.12.05_aprendizaje_servicio-1.jpg\",\"articleSection\":[\"Ayto Pamplona\"],\"inLanguage\":\"es\",\"potentialAction\":[{\"@type\":\"CommentAction\",\"name\":\"Comment\",\"target\":[\"https:\\\/\\\/www.laguiadepamplona.com\\\/actualidad\\\/pamplona-acoge-la-semana-que-viene-el-xii-encuentro-estatal-de-aprendizaje-servicio-una-amplia-muestra-de-esta-metodologia-a-traves-de-expertos-instituciones-y-alumnado\\\/#respond\"]}]},{\"@type\":\"WebPage\",\"@id\":\"https:\\\/\\\/www.laguiadepamplona.com\\\/actualidad\\\/pamplona-acoge-la-semana-que-viene-el-xii-encuentro-estatal-de-aprendizaje-servicio-una-amplia-muestra-de-esta-metodologia-a-traves-de-expertos-instituciones-y-alumnado\\\/\",\"url\":\"https:\\\/\\\/www.laguiadepamplona.com\\\/actualidad\\\/pamplona-acoge-la-semana-que-viene-el-xii-encuentro-estatal-de-aprendizaje-servicio-una-amplia-muestra-de-esta-metodologia-a-traves-de-expertos-instituciones-y-alumnado\\\/\",\"name\":\"Pamplona acoge la semana que viene el XII Encuentro Estatal de Aprendizaje-Servicio, una amplia muestra de esta metodolog\u00eda a trav\u00e9s de expertos, instituciones y alumnado\",\"isPartOf\":{\"@id\":\"https:\\\/\\\/www.laguiadepamplona.com\\\/actualidad\\\/#website\"},\"primaryImageOfPage\":{\"@id\":\"https:\\\/\\\/www.laguiadepamplona.com\\\/actualidad\\\/pamplona-acoge-la-semana-que-viene-el-xii-encuentro-estatal-de-aprendizaje-servicio-una-amplia-muestra-de-esta-metodologia-a-traves-de-expertos-instituciones-y-alumnado\\\/#primaryimage\"},\"image\":{\"@id\":\"https:\\\/\\\/www.laguiadepamplona.com\\\/actualidad\\\/pamplona-acoge-la-semana-que-viene-el-xii-encuentro-estatal-de-aprendizaje-servicio-una-amplia-muestra-de-esta-metodologia-a-traves-de-expertos-instituciones-y-alumnado\\\/#primaryimage\"},\"thumbnailUrl\":\"https:\\\/\\\/www.laguiadepamplona.com\\\/actualidad\\\/wp-content\\\/uploads\\\/2019\\\/12\\\/19.12.05_aprendizaje_servicio-1.jpg\",\"datePublished\":\"2019-12-05T10:25:14+00:00\",\"dateModified\":\"2019-12-05T10:32:32+00:00\",\"breadcrumb\":{\"@id\":\"https:\\\/\\\/www.laguiadepamplona.com\\\/actualidad\\\/pamplona-acoge-la-semana-que-viene-el-xii-encuentro-estatal-de-aprendizaje-servicio-una-amplia-muestra-de-esta-metodologia-a-traves-de-expertos-instituciones-y-alumnado\\\/#breadcrumb\"},\"inLanguage\":\"es\",\"potentialAction\":[{\"@type\":\"ReadAction\",\"target\":[\"https:\\\/\\\/www.laguiadepamplona.com\\\/actualidad\\\/pamplona-acoge-la-semana-que-viene-el-xii-encuentro-estatal-de-aprendizaje-servicio-una-amplia-muestra-de-esta-metodologia-a-traves-de-expertos-instituciones-y-alumnado\\\/\"]}]},{\"@type\":\"ImageObject\",\"inLanguage\":\"es\",\"@id\":\"https:\\\/\\\/www.laguiadepamplona.com\\\/actualidad\\\/pamplona-acoge-la-semana-que-viene-el-xii-encuentro-estatal-de-aprendizaje-servicio-una-amplia-muestra-de-esta-metodologia-a-traves-de-expertos-instituciones-y-alumnado\\\/#primaryimage\",\"url\":\"https:\\\/\\\/www.laguiadepamplona.com\\\/actualidad\\\/wp-content\\\/uploads\\\/2019\\\/12\\\/19.12.05_aprendizaje_servicio-1.jpg\",\"contentUrl\":\"https:\\\/\\\/www.laguiadepamplona.com\\\/actualidad\\\/wp-content\\\/uploads\\\/2019\\\/12\\\/19.12.05_aprendizaje_servicio-1.jpg\",\"width\":1920,\"height\":1194},{\"@type\":\"BreadcrumbList\",\"@id\":\"https:\\\/\\\/www.laguiadepamplona.com\\\/actualidad\\\/pamplona-acoge-la-semana-que-viene-el-xii-encuentro-estatal-de-aprendizaje-servicio-una-amplia-muestra-de-esta-metodologia-a-traves-de-expertos-instituciones-y-alumnado\\\/#breadcrumb\",\"itemListElement\":[{\"@type\":\"ListItem\",\"position\":1,\"name\":\"Portada\",\"item\":\"https:\\\/\\\/www.laguiadepamplona.com\\\/actualidad\\\/\"},{\"@type\":\"ListItem\",\"position\":2,\"name\":\"Pamplona acoge la semana que viene el XII Encuentro Estatal de Aprendizaje-Servicio, una amplia muestra de esta metodolog\u00eda a trav\u00e9s de expertos, instituciones y alumnado\"}]},{\"@type\":\"WebSite\",\"@id\":\"https:\\\/\\\/www.laguiadepamplona.com\\\/actualidad\\\/#website\",\"url\":\"https:\\\/\\\/www.laguiadepamplona.com\\\/actualidad\\\/\",\"name\":\"La gu\u00eda de Pamplona\",\"description\":\"Noticias de Pamplona\",\"publisher\":{\"@id\":\"https:\\\/\\\/www.laguiadepamplona.com\\\/actualidad\\\/#organization\"},\"potentialAction\":[{\"@type\":\"SearchAction\",\"target\":{\"@type\":\"EntryPoint\",\"urlTemplate\":\"https:\\\/\\\/www.laguiadepamplona.com\\\/actualidad\\\/?s={search_term_string}\"},\"query-input\":{\"@type\":\"PropertyValueSpecification\",\"valueRequired\":true,\"valueName\":\"search_term_string\"}}],\"inLanguage\":\"es\"},{\"@type\":\"Organization\",\"@id\":\"https:\\\/\\\/www.laguiadepamplona.com\\\/actualidad\\\/#organization\",\"name\":\"La Gu\u00eda de Pamplona \\\/ Noticias\",\"url\":\"https:\\\/\\\/www.laguiadepamplona.com\\\/actualidad\\\/\",\"logo\":{\"@type\":\"ImageObject\",\"inLanguage\":\"es\",\"@id\":\"https:\\\/\\\/www.laguiadepamplona.com\\\/actualidad\\\/#\\\/schema\\\/logo\\\/image\\\/\",\"url\":\"https:\\\/\\\/www.laguiadepamplona.com\\\/actualidad\\\/wp-content\\\/uploads\\\/2018\\\/11\\\/logo-laguiadepamplona18-web1.png\",\"contentUrl\":\"https:\\\/\\\/www.laguiadepamplona.com\\\/actualidad\\\/wp-content\\\/uploads\\\/2018\\\/11\\\/logo-laguiadepamplona18-web1.png\",\"width\":600,\"height\":196,\"caption\":\"La Gu\u00eda de Pamplona \\\/ Noticias\"},\"image\":{\"@id\":\"https:\\\/\\\/www.laguiadepamplona.com\\\/actualidad\\\/#\\\/schema\\\/logo\\\/image\\\/\"},\"sameAs\":[\"https:\\\/\\\/www.facebook.com\\\/laguiadepamplonacom-133175176762273\\\/?ref=hl\",\"https:\\\/\\\/x.com\\\/LaGuiadPamplona\",\"https:\\\/\\\/www.instagram.com\\\/la_guia_de_pamplona\\\/\",\"https:\\\/\\\/www.youtube.com\\\/user\\\/laguiadepamplona\"]},{\"@type\":\"Person\",\"@id\":\"https:\\\/\\\/www.laguiadepamplona.com\\\/actualidad\\\/#\\\/schema\\\/person\\\/efe887376f0213d4657c93adc50b1fdb\",\"name\":\"La Gu\u00eda de Pamplona\",\"image\":{\"@type\":\"ImageObject\",\"inLanguage\":\"es\",\"@id\":\"https:\\\/\\\/secure.gravatar.com\\\/avatar\\\/b6992f131dc8d30ab0dff15446e9d346d9dbd95992de0fef795073f5ea83a81c?s=96&d=mm&r=g\",\"url\":\"https:\\\/\\\/secure.gravatar.com\\\/avatar\\\/b6992f131dc8d30ab0dff15446e9d346d9dbd95992de0fef795073f5ea83a81c?s=96&d=mm&r=g\",\"contentUrl\":\"https:\\\/\\\/secure.gravatar.com\\\/avatar\\\/b6992f131dc8d30ab0dff15446e9d346d9dbd95992de0fef795073f5ea83a81c?s=96&d=mm&r=g\",\"caption\":\"La Gu\u00eda de Pamplona\"}}]}<\/script>\n<!-- \/ Yoast SEO plugin. -->","yoast_head_json":{"title":"Pamplona acoge la semana que viene el XII Encuentro Estatal de Aprendizaje-Servicio, una amplia muestra de esta metodolog\u00eda a trav\u00e9s de expertos, instituciones y alumnado","robots":{"index":"index","follow":"follow","max-snippet":"max-snippet:-1","max-image-preview":"max-image-preview:large","max-video-preview":"max-video-preview:-1"},"canonical":"https:\/\/www.laguiadepamplona.com\/actualidad\/pamplona-acoge-la-semana-que-viene-el-xii-encuentro-estatal-de-aprendizaje-servicio-una-amplia-muestra-de-esta-metodologia-a-traves-de-expertos-instituciones-y-alumnado\/","og_locale":"es_ES","og_type":"article","og_title":"Pamplona acoge la semana que viene el XII Encuentro Estatal de Aprendizaje-Servicio, una amplia muestra de esta metodolog\u00eda a trav\u00e9s de expertos, instituciones y alumnado","og_description":"En este marco, el viernes 13 de diciembre, se entregar\u00e1n los galardones de la V Edici\u00f3n nacional de premios ApS, dos de ellos a colegios de la ciudad","og_url":"https:\/\/www.laguiadepamplona.com\/actualidad\/pamplona-acoge-la-semana-que-viene-el-xii-encuentro-estatal-de-aprendizaje-servicio-una-amplia-muestra-de-esta-metodologia-a-traves-de-expertos-instituciones-y-alumnado\/","og_site_name":"La Gu\u00eda de Pamplona","article_publisher":"https:\/\/www.facebook.com\/laguiadepamplonacom-133175176762273\/?ref=hl","article_published_time":"2019-12-05T10:25:14+00:00","article_modified_time":"2019-12-05T10:32:32+00:00","og_image":[{"width":1920,"height":1194,"url":"https:\/\/www.laguiadepamplona.com\/actualidad\/wp-content\/uploads\/2019\/12\/19.12.05_aprendizaje_servicio-1.jpg","type":"image\/jpeg"}],"author":"La Gu\u00eda de Pamplona","twitter_card":"summary_large_image","twitter_creator":"@LaGuiadPamplona","twitter_site":"@LaGuiadPamplona","twitter_misc":{"Escrito por":"La Gu\u00eda de Pamplona","Tiempo de lectura":"6 minutos"},"schema":{"@context":"https:\/\/schema.org","@graph":[{"@type":"Article","@id":"https:\/\/www.laguiadepamplona.com\/actualidad\/pamplona-acoge-la-semana-que-viene-el-xii-encuentro-estatal-de-aprendizaje-servicio-una-amplia-muestra-de-esta-metodologia-a-traves-de-expertos-instituciones-y-alumnado\/#article","isPartOf":{"@id":"https:\/\/www.laguiadepamplona.com\/actualidad\/pamplona-acoge-la-semana-que-viene-el-xii-encuentro-estatal-de-aprendizaje-servicio-una-amplia-muestra-de-esta-metodologia-a-traves-de-expertos-instituciones-y-alumnado\/"},"author":{"name":"La Gu\u00eda de Pamplona","@id":"https:\/\/www.laguiadepamplona.com\/actualidad\/#\/schema\/person\/efe887376f0213d4657c93adc50b1fdb"},"headline":"Pamplona acoge la semana que viene el XII Encuentro Estatal de Aprendizaje-Servicio, una amplia muestra de esta metodolog\u00eda a trav\u00e9s de expertos, instituciones y alumnado","datePublished":"2019-12-05T10:25:14+00:00","dateModified":"2019-12-05T10:32:32+00:00","mainEntityOfPage":{"@id":"https:\/\/www.laguiadepamplona.com\/actualidad\/pamplona-acoge-la-semana-que-viene-el-xii-encuentro-estatal-de-aprendizaje-servicio-una-amplia-muestra-de-esta-metodologia-a-traves-de-expertos-instituciones-y-alumnado\/"},"wordCount":1252,"commentCount":0,"publisher":{"@id":"https:\/\/www.laguiadepamplona.com\/actualidad\/#organization"},"image":{"@id":"https:\/\/www.laguiadepamplona.com\/actualidad\/pamplona-acoge-la-semana-que-viene-el-xii-encuentro-estatal-de-aprendizaje-servicio-una-amplia-muestra-de-esta-metodologia-a-traves-de-expertos-instituciones-y-alumnado\/#primaryimage"},"thumbnailUrl":"https:\/\/www.laguiadepamplona.com\/actualidad\/wp-content\/uploads\/2019\/12\/19.12.05_aprendizaje_servicio-1.jpg","articleSection":["Ayto Pamplona"],"inLanguage":"es","potentialAction":[{"@type":"CommentAction","name":"Comment","target":["https:\/\/www.laguiadepamplona.com\/actualidad\/pamplona-acoge-la-semana-que-viene-el-xii-encuentro-estatal-de-aprendizaje-servicio-una-amplia-muestra-de-esta-metodologia-a-traves-de-expertos-instituciones-y-alumnado\/#respond"]}]},{"@type":"WebPage","@id":"https:\/\/www.laguiadepamplona.com\/actualidad\/pamplona-acoge-la-semana-que-viene-el-xii-encuentro-estatal-de-aprendizaje-servicio-una-amplia-muestra-de-esta-metodologia-a-traves-de-expertos-instituciones-y-alumnado\/","url":"https:\/\/www.laguiadepamplona.com\/actualidad\/pamplona-acoge-la-semana-que-viene-el-xii-encuentro-estatal-de-aprendizaje-servicio-una-amplia-muestra-de-esta-metodologia-a-traves-de-expertos-instituciones-y-alumnado\/","name":"Pamplona acoge la semana que viene el XII Encuentro Estatal de Aprendizaje-Servicio, una amplia muestra de esta metodolog\u00eda a trav\u00e9s de expertos, instituciones y alumnado","isPartOf":{"@id":"https:\/\/www.laguiadepamplona.com\/actualidad\/#website"},"primaryImageOfPage":{"@id":"https:\/\/www.laguiadepamplona.com\/actualidad\/pamplona-acoge-la-semana-que-viene-el-xii-encuentro-estatal-de-aprendizaje-servicio-una-amplia-muestra-de-esta-metodologia-a-traves-de-expertos-instituciones-y-alumnado\/#primaryimage"},"image":{"@id":"https:\/\/www.laguiadepamplona.com\/actualidad\/pamplona-acoge-la-semana-que-viene-el-xii-encuentro-estatal-de-aprendizaje-servicio-una-amplia-muestra-de-esta-metodologia-a-traves-de-expertos-instituciones-y-alumnado\/#primaryimage"},"thumbnailUrl":"https:\/\/www.laguiadepamplona.com\/actualidad\/wp-content\/uploads\/2019\/12\/19.12.05_aprendizaje_servicio-1.jpg","datePublished":"2019-12-05T10:25:14+00:00","dateModified":"2019-12-05T10:32:32+00:00","breadcrumb":{"@id":"https:\/\/www.laguiadepamplona.com\/actualidad\/pamplona-acoge-la-semana-que-viene-el-xii-encuentro-estatal-de-aprendizaje-servicio-una-amplia-muestra-de-esta-metodologia-a-traves-de-expertos-instituciones-y-alumnado\/#breadcrumb"},"inLanguage":"es","potentialAction":[{"@type":"ReadAction","target":["https:\/\/www.laguiadepamplona.com\/actualidad\/pamplona-acoge-la-semana-que-viene-el-xii-encuentro-estatal-de-aprendizaje-servicio-una-amplia-muestra-de-esta-metodologia-a-traves-de-expertos-instituciones-y-alumnado\/"]}]},{"@type":"ImageObject","inLanguage":"es","@id":"https:\/\/www.laguiadepamplona.com\/actualidad\/pamplona-acoge-la-semana-que-viene-el-xii-encuentro-estatal-de-aprendizaje-servicio-una-amplia-muestra-de-esta-metodologia-a-traves-de-expertos-instituciones-y-alumnado\/#primaryimage","url":"https:\/\/www.laguiadepamplona.com\/actualidad\/wp-content\/uploads\/2019\/12\/19.12.05_aprendizaje_servicio-1.jpg","contentUrl":"https:\/\/www.laguiadepamplona.com\/actualidad\/wp-content\/uploads\/2019\/12\/19.12.05_aprendizaje_servicio-1.jpg","width":1920,"height":1194},{"@type":"BreadcrumbList","@id":"https:\/\/www.laguiadepamplona.com\/actualidad\/pamplona-acoge-la-semana-que-viene-el-xii-encuentro-estatal-de-aprendizaje-servicio-una-amplia-muestra-de-esta-metodologia-a-traves-de-expertos-instituciones-y-alumnado\/#breadcrumb","itemListElement":[{"@type":"ListItem","position":1,"name":"Portada","item":"https:\/\/www.laguiadepamplona.com\/actualidad\/"},{"@type":"ListItem","position":2,"name":"Pamplona acoge la semana que viene el XII Encuentro Estatal de Aprendizaje-Servicio, una amplia muestra de esta metodolog\u00eda a trav\u00e9s de expertos, instituciones y alumnado"}]},{"@type":"WebSite","@id":"https:\/\/www.laguiadepamplona.com\/actualidad\/#website","url":"https:\/\/www.laguiadepamplona.com\/actualidad\/","name":"La gu\u00eda de Pamplona","description":"Noticias de Pamplona","publisher":{"@id":"https:\/\/www.laguiadepamplona.com\/actualidad\/#organization"},"potentialAction":[{"@type":"SearchAction","target":{"@type":"EntryPoint","urlTemplate":"https:\/\/www.laguiadepamplona.com\/actualidad\/?s={search_term_string}"},"query-input":{"@type":"PropertyValueSpecification","valueRequired":true,"valueName":"search_term_string"}}],"inLanguage":"es"},{"@type":"Organization","@id":"https:\/\/www.laguiadepamplona.com\/actualidad\/#organization","name":"La Gu\u00eda de Pamplona \/ Noticias","url":"https:\/\/www.laguiadepamplona.com\/actualidad\/","logo":{"@type":"ImageObject","inLanguage":"es","@id":"https:\/\/www.laguiadepamplona.com\/actualidad\/#\/schema\/logo\/image\/","url":"https:\/\/www.laguiadepamplona.com\/actualidad\/wp-content\/uploads\/2018\/11\/logo-laguiadepamplona18-web1.png","contentUrl":"https:\/\/www.laguiadepamplona.com\/actualidad\/wp-content\/uploads\/2018\/11\/logo-laguiadepamplona18-web1.png","width":600,"height":196,"caption":"La Gu\u00eda de Pamplona \/ Noticias"},"image":{"@id":"https:\/\/www.laguiadepamplona.com\/actualidad\/#\/schema\/logo\/image\/"},"sameAs":["https:\/\/www.facebook.com\/laguiadepamplonacom-133175176762273\/?ref=hl","https:\/\/x.com\/LaGuiadPamplona","https:\/\/www.instagram.com\/la_guia_de_pamplona\/","https:\/\/www.youtube.com\/user\/laguiadepamplona"]},{"@type":"Person","@id":"https:\/\/www.laguiadepamplona.com\/actualidad\/#\/schema\/person\/efe887376f0213d4657c93adc50b1fdb","name":"La Gu\u00eda de Pamplona","image":{"@type":"ImageObject","inLanguage":"es","@id":"https:\/\/secure.gravatar.com\/avatar\/b6992f131dc8d30ab0dff15446e9d346d9dbd95992de0fef795073f5ea83a81c?s=96&d=mm&r=g","url":"https:\/\/secure.gravatar.com\/avatar\/b6992f131dc8d30ab0dff15446e9d346d9dbd95992de0fef795073f5ea83a81c?s=96&d=mm&r=g","contentUrl":"https:\/\/secure.gravatar.com\/avatar\/b6992f131dc8d30ab0dff15446e9d346d9dbd95992de0fef795073f5ea83a81c?s=96&d=mm&r=g","caption":"La Gu\u00eda de Pamplona"}}]}},"post_mailing_queue_ids":[],"_links":{"self":[{"href":"https:\/\/www.laguiadepamplona.com\/actualidad\/wp-json\/wp\/v2\/posts\/26723","targetHints":{"allow":["GET"]}}],"collection":[{"href":"https:\/\/www.laguiadepamplona.com\/actualidad\/wp-json\/wp\/v2\/posts"}],"about":[{"href":"https:\/\/www.laguiadepamplona.com\/actualidad\/wp-json\/wp\/v2\/types\/post"}],"author":[{"embeddable":true,"href":"https:\/\/www.laguiadepamplona.com\/actualidad\/wp-json\/wp\/v2\/users\/1"}],"replies":[{"embeddable":true,"href":"https:\/\/www.laguiadepamplona.com\/actualidad\/wp-json\/wp\/v2\/comments?post=26723"}],"version-history":[{"count":0,"href":"https:\/\/www.laguiadepamplona.com\/actualidad\/wp-json\/wp\/v2\/posts\/26723\/revisions"}],"wp:featuredmedia":[{"embeddable":true,"href":"https:\/\/www.laguiadepamplona.com\/actualidad\/wp-json\/wp\/v2\/media\/26725"}],"wp:attachment":[{"href":"https:\/\/www.laguiadepamplona.com\/actualidad\/wp-json\/wp\/v2\/media?parent=26723"}],"wp:term":[{"taxonomy":"category","embeddable":true,"href":"https:\/\/www.laguiadepamplona.com\/actualidad\/wp-json\/wp\/v2\/categories?post=26723"},{"taxonomy":"post_tag","embeddable":true,"href":"https:\/\/www.laguiadepamplona.com\/actualidad\/wp-json\/wp\/v2\/tags?post=26723"}],"curies":[{"name":"wp","href":"https:\/\/api.w.org\/{rel}","templated":true}]}}