{"id":26718,"date":"2019-12-04T12:16:49","date_gmt":"2019-12-04T10:16:49","guid":{"rendered":"https:\/\/www.laguiadepamplona.es\/actualidad\/?p=26718"},"modified":"2019-12-05T12:18:33","modified_gmt":"2019-12-05T10:18:33","slug":"manana-jueves-abre-el-punto-de-informacion-situado-en-el-paseo-de-anelier-sobre-la-proxima-implantacion-de-la-zona-azul-en-el-barrio-de-la-rochapea","status":"publish","type":"post","link":"https:\/\/www.laguiadepamplona.com\/actualidad\/manana-jueves-abre-el-punto-de-informacion-situado-en-el-paseo-de-anelier-sobre-la-proxima-implantacion-de-la-zona-azul-en-el-barrio-de-la-rochapea\/","title":{"rendered":"Ma\u00f1ana jueves abre el punto de informaci\u00f3n situado en el paseo de Anelier sobre la pr\u00f3xima implantaci\u00f3n de la zona azul en el barrio de la Rochapea"},"content":{"rendered":"<h5>Las tarjetas de residente para esa zona se podr\u00e1n solicitar en ese punto de informaci\u00f3n y en el \u00e1rea de Seguridad Ciudadana<\/h5>\n<p><!--more--><\/p>\n<p>El punto de informaci\u00f3n sobre la implantaci\u00f3n de la llamada zona azul en el barrio de la Rochapea abrir\u00e1 ma\u00f1ana jueves. Estar\u00e1 ubicado en el paseo de Anelier, en su confluencia con la calle Ochagav\u00eda, y atender\u00e1 las demandas de la ciudadan\u00eda en horario de lunes a viernes laborables, de 10 a 14 horas y de 16 a 20 horas, y los s\u00e1bados laborables, de 10 a 14 horas. En ese punto de informaci\u00f3n se podr\u00e1 solicitar la tarjeta de residente, al igual que en el \u00e1rea de Seguridad Ciudadana (c\/ Monasterio de Irache, 2), en este caso en horario de lunes a viernes laborables, de 8.30 a 14.30 horas.<\/p>\n<p>El Ayuntamiento de Pamplona ya ha remitido a los vecinos, vecinas y comerciantes encuadrados en el \u00e1rea afectada por la pr\u00f3xima implantaci\u00f3n de la zona azul una carta en la que se informa sobre el funcionamiento del estacionamiento regulado, sobre los requisitos para obtener la tarjeta de residente y sobre c\u00f3mo y d\u00f3nde obtenerla. Se va a realizar. Tambi\u00e9n se realizar\u00e1n campa\u00f1as informativas a trav\u00e9s de la radio, la prensa o las redes sociales. La fecha para el inicio de esa zona de estacionamiento regulado est\u00e1 todav\u00eda sin fijar de forma definitiva. Desde hace unas semanas, se est\u00e1n colocando los 90 expendedores de tiques que se habilitar\u00e1n en el barrio y se ha comenzado con el pintado que delimita las 3.777 plazas de estacionamiento regulado. Asimismo, se colocar\u00e1n 69 se\u00f1ales verticales para informar sobre las zonas azules y naranjas y sobre el final de la zona regulada.<\/p>\n<p>El barrio de la Rochapea se convertir\u00e1 en el sector 8 del estacionamiento regulado en la ciudad. En total, se habilitar\u00e1n 3.777 plazas de aparcamiento de pago en la zona delimitada por la avenida de Marcelo Celayeta y las calles R\u00edo Arga y Errotazar, al sur del barrio. El 92% de las plazas, 3.482, ser\u00e1n de color naranja y el 8%, 295, de color azul. Ese color azul se concentra en las calles con una mayor actividad comercial como Joaqu\u00edn Beunza, Bernardino Tirapu, Artica y la propia Marcelo Celayeta. El resto de v\u00edas, incluidos los dos aparcamientos disuasorios en el entorno de los corralillos del Gas y en las cercan\u00edas el paseo de Anelier, ser\u00e1n de color naranja.<\/p>\n<p><script async src=\"\/\/pagead2.googlesyndication.com\/pagead\/js\/adsbygoogle.js\"><\/script><br \/>\n<!-- Noticias La Guia de Pamplona --><br \/>\n<ins class=\"adsbygoogle\"\nstyle=\"display:block\"\ndata-ad-client=\"ca-pub-6943679897239327\"\ndata-ad-slot=\"7048180777\"\ndata-ad-format=\"auto\"><\/ins><br \/>\n<script>\n(adsbygoogle = window.adsbygoogle || []).push({});\n<\/script><\/p>\n<p><strong>Requisitos para obtener la tarjeta de residente<\/strong><\/p>\n<p>Para obtener una tarjeta de residente la persona solicitante debe estar empadronada y residir habitualmente en el domicilio para el que se pide la tarjeta. Adem\u00e1s, esa misma persona debe ser la titular del veh\u00edculo para el que se solicita la tarjeta. La direcci\u00f3n fiscal del veh\u00edculo deber\u00e1 coincidir con la de empadronamiento de la persona solicitante. Si la direcci\u00f3n es distinta, se podr\u00e1 solicitar el cambio en las oficinas municipales del Palacio del Condestable, solicitando cita previa en el 010, o en la Direcci\u00f3n General de Tr\u00e1fico, en el tel\u00e9fono 060.<\/p>\n<p>La persona solicitante deber\u00e1 tener el permiso de conducir en vigor. El veh\u00edculo para el que se solicita tarjeta tambi\u00e9n tendr\u00e1 que tener en vigor la p\u00f3liza de seguro y, su estuviera obligado a ella, la ITV favorable. \u00danicamente se dar\u00e1 una tarjeta por persona y veh\u00edculo. Quedan excluidas de las tarjetas de residentes aquellas personas beneficiarias de una plaza de aparcamiento de concesi\u00f3n municipal.<\/p>\n<p>Para solicitar la tarjeta de residente la persona solicitante deber\u00e1 acudir al \u00e1rea de Seguridad Ciudadana o al punto informativo del paseo de Anelier con el DNI o NIE. En el caso de que se presente en nombre de una tercera persona, se deber\u00e1 aportar una autorizaci\u00f3n y copia del documento nacional de identidad o NIE de la persona autorizante. Asimismo, deber\u00e1 indicar la matr\u00edcula del veh\u00edculo para la que se solicita. Si se posee certificado electr\u00f3nico, tambi\u00e9n se podr\u00e1 presentar una solicitud a trav\u00e9s del Registro Electr\u00f3nico del Ayuntamiento de Pamplona.<\/p>\n<p><script async src=\"\/\/pagead2.googlesyndication.com\/pagead\/js\/adsbygoogle.js\"><\/script><br \/>\n<!-- Noticias La Guia de Pamplona --><br \/>\n<ins class=\"adsbygoogle\"\nstyle=\"display:block\"\ndata-ad-client=\"ca-pub-6943679897239327\"\ndata-ad-slot=\"7048180777\"\ndata-ad-format=\"auto\"><\/ins><br \/>\n<script>\n(adsbygoogle = window.adsbygoogle || []).push({});\n<\/script><\/p>\n<p><strong>Tasa anual de 48,35 euros<\/strong><\/p>\n<p>La tasa anual por la expedici\u00f3n de la tarjeta para el a\u00f1o 2020 es de 48,35 euros. En el \u00e1rea de Seguridad Ciudadana se podr\u00e1 abonar esa tasa en la misma oficina. En el punto de informaci\u00f3n del paseo de Anelier, o si se solicita la tarjeta por Registro Electr\u00f3nico, se proporcionar\u00e1 una carta de pago mediante la cual podr\u00e1 abonarse la tasa en las entidades bancarias que constan en la misma. Posteriormente, se recibir\u00e1 la tarjeta de residente en el domicilio. En caso de querer domiciliar el pago para pr\u00f3ximos a\u00f1os, se deber\u00e1 indicar un n\u00famero de cuenta, por lo que se aconseja llevarlo cuando se acuda al \u00e1rea de Seguridad Ciudadana o al punto de informaci\u00f3n del paseo de Anelier.<\/p>\n<p>Si el veh\u00edculo para el que se solicita tarjeta es de renting, se deber\u00e1 aportar una copia del contrato. Si el veh\u00edculo fuera de empresa, se deber\u00e1 aportar un certificado expedido por la misma en el que se haga constar que la persona solicitante es empleada y conductora habitual del citado veh\u00edculo. Si es socio de la empresa titular del veh\u00edculo, deber\u00e1 aportar documento acreditativo de dicha condici\u00f3n.<\/p>\n<p><script async src=\"\/\/pagead2.googlesyndication.com\/pagead\/js\/adsbygoogle.js\"><\/script><br \/>\n<!-- Noticias La Guia de Pamplona --><br \/>\n<ins class=\"adsbygoogle\"\nstyle=\"display:block\"\ndata-ad-client=\"ca-pub-6943679897239327\"\ndata-ad-slot=\"7048180777\"\ndata-ad-format=\"auto\"><\/ins><br \/>\n<script>\n(adsbygoogle = window.adsbygoogle || []).push({});\n<\/script><\/p>\n<p><strong>Zonas de Estacionamiento Regulado. Rochapea<\/strong><\/p>\n<ul>\n<li><strong>Zonas azules<\/strong>: pueden estacionar los veh\u00edculos que dispongan la tarjeta de residente, dentro de su sector y sin limitaci\u00f3n de tiempo y quienes dispongan de tique habilitante durante el tiempo que hayan abonado, con un tiempo m\u00e1ximo de dos horas. Fuera del horario regulado las plazas son de uso libre.<\/li>\n<li><strong>Zonas naranjas<\/strong>: se permite estacionar a los veh\u00edculos con tarjeta de residente dentro de su sector y sin limitaci\u00f3n de tiempo y a quienes saquen el tique por un per\u00edodo m\u00e1ximo de un d\u00eda. Fuera del horario regulado las plazas son de uso libre.<\/li>\n<li><strong>Horarios de la zona de estacionamiento regulado azul y naranja<\/strong>\n<ul>\n<li>D\u00edas laborales, de lunes a viernes, de 08.30 a 14 horas y de 16 a 20 horas<\/li>\n<li>S\u00e1bados, de 08.30 a 14 horas<\/li>\n<\/ul>\n<\/li>\n<\/ul>\n","protected":false},"excerpt":{"rendered":"<p>Las tarjetas de residente para esa zona se podr\u00e1n solicitar en ese punto de informaci\u00f3n y en el \u00e1rea de Seguridad Ciudadana<\/p>\n","protected":false},"author":1,"featured_media":21939,"comment_status":"open","ping_status":"closed","sticky":false,"template":"","format":"standard","meta":{"footnotes":""},"categories":[2],"tags":[],"class_list":["post-26718","post","type-post","status-publish","format-standard","has-post-thumbnail","hentry","category-ayuntamiento-pamplona"],"yoast_head":"<!-- This site is optimized with the Yoast SEO plugin v27.3 - https:\/\/yoast.com\/product\/yoast-seo-wordpress\/ -->\n<title>Ma\u00f1ana jueves abre el punto de informaci\u00f3n situado en el paseo de Anelier sobre la pr\u00f3xima implantaci\u00f3n de la zona azul en el barrio de la Rochapea<\/title>\n<meta name=\"robots\" content=\"index, follow, max-snippet:-1, max-image-preview:large, max-video-preview:-1\" \/>\n<link rel=\"canonical\" href=\"https:\/\/www.laguiadepamplona.com\/actualidad\/manana-jueves-abre-el-punto-de-informacion-situado-en-el-paseo-de-anelier-sobre-la-proxima-implantacion-de-la-zona-azul-en-el-barrio-de-la-rochapea\/\" \/>\n<meta property=\"og:locale\" content=\"es_ES\" \/>\n<meta property=\"og:type\" content=\"article\" \/>\n<meta property=\"og:title\" content=\"Ma\u00f1ana jueves abre el punto de informaci\u00f3n situado en el paseo de Anelier sobre la pr\u00f3xima implantaci\u00f3n de la zona azul en el barrio de la Rochapea\" \/>\n<meta property=\"og:description\" content=\"Las tarjetas de residente para esa zona se podr\u00e1n solicitar en ese punto de informaci\u00f3n y en el \u00e1rea de Seguridad Ciudadana\" \/>\n<meta property=\"og:url\" content=\"https:\/\/www.laguiadepamplona.com\/actualidad\/manana-jueves-abre-el-punto-de-informacion-situado-en-el-paseo-de-anelier-sobre-la-proxima-implantacion-de-la-zona-azul-en-el-barrio-de-la-rochapea\/\" \/>\n<meta property=\"og:site_name\" content=\"La Gu\u00eda de Pamplona\" \/>\n<meta property=\"article:publisher\" content=\"https:\/\/www.facebook.com\/laguiadepamplonacom-133175176762273\/?ref=hl\" \/>\n<meta property=\"article:published_time\" content=\"2019-12-04T10:16:49+00:00\" \/>\n<meta property=\"article:modified_time\" content=\"2019-12-05T10:18:33+00:00\" \/>\n<meta property=\"og:image\" content=\"https:\/\/www.laguiadepamplona.com\/actualidad\/wp-content\/uploads\/2019\/05\/ayuntamiento-pamplona-laguiadepamplona.jpg\" \/>\n\t<meta property=\"og:image:width\" content=\"1920\" \/>\n\t<meta property=\"og:image:height\" content=\"1100\" \/>\n\t<meta property=\"og:image:type\" content=\"image\/jpeg\" \/>\n<meta name=\"author\" content=\"La Gu\u00eda de Pamplona\" \/>\n<meta name=\"twitter:card\" content=\"summary_large_image\" \/>\n<meta name=\"twitter:creator\" content=\"@LaGuiadPamplona\" \/>\n<meta name=\"twitter:site\" content=\"@LaGuiadPamplona\" \/>\n<meta name=\"twitter:label1\" content=\"Escrito por\" \/>\n\t<meta name=\"twitter:data1\" content=\"La Gu\u00eda de Pamplona\" \/>\n\t<meta name=\"twitter:label2\" content=\"Tiempo de lectura\" \/>\n\t<meta name=\"twitter:data2\" content=\"5 minutos\" \/>\n<script type=\"application\/ld+json\" class=\"yoast-schema-graph\">{\"@context\":\"https:\\\/\\\/schema.org\",\"@graph\":[{\"@type\":\"Article\",\"@id\":\"https:\\\/\\\/www.laguiadepamplona.com\\\/actualidad\\\/manana-jueves-abre-el-punto-de-informacion-situado-en-el-paseo-de-anelier-sobre-la-proxima-implantacion-de-la-zona-azul-en-el-barrio-de-la-rochapea\\\/#article\",\"isPartOf\":{\"@id\":\"https:\\\/\\\/www.laguiadepamplona.com\\\/actualidad\\\/manana-jueves-abre-el-punto-de-informacion-situado-en-el-paseo-de-anelier-sobre-la-proxima-implantacion-de-la-zona-azul-en-el-barrio-de-la-rochapea\\\/\"},\"author\":{\"name\":\"La Gu\u00eda de Pamplona\",\"@id\":\"https:\\\/\\\/www.laguiadepamplona.com\\\/actualidad\\\/#\\\/schema\\\/person\\\/efe887376f0213d4657c93adc50b1fdb\"},\"headline\":\"Ma\u00f1ana jueves abre el punto de informaci\u00f3n situado en el paseo de Anelier sobre la pr\u00f3xima implantaci\u00f3n de la zona azul en el barrio de la Rochapea\",\"datePublished\":\"2019-12-04T10:16:49+00:00\",\"dateModified\":\"2019-12-05T10:18:33+00:00\",\"mainEntityOfPage\":{\"@id\":\"https:\\\/\\\/www.laguiadepamplona.com\\\/actualidad\\\/manana-jueves-abre-el-punto-de-informacion-situado-en-el-paseo-de-anelier-sobre-la-proxima-implantacion-de-la-zona-azul-en-el-barrio-de-la-rochapea\\\/\"},\"wordCount\":1054,\"commentCount\":0,\"publisher\":{\"@id\":\"https:\\\/\\\/www.laguiadepamplona.com\\\/actualidad\\\/#organization\"},\"image\":{\"@id\":\"https:\\\/\\\/www.laguiadepamplona.com\\\/actualidad\\\/manana-jueves-abre-el-punto-de-informacion-situado-en-el-paseo-de-anelier-sobre-la-proxima-implantacion-de-la-zona-azul-en-el-barrio-de-la-rochapea\\\/#primaryimage\"},\"thumbnailUrl\":\"https:\\\/\\\/www.laguiadepamplona.com\\\/actualidad\\\/wp-content\\\/uploads\\\/2019\\\/05\\\/ayuntamiento-pamplona-laguiadepamplona.jpg\",\"articleSection\":[\"Ayto Pamplona\"],\"inLanguage\":\"es\",\"potentialAction\":[{\"@type\":\"CommentAction\",\"name\":\"Comment\",\"target\":[\"https:\\\/\\\/www.laguiadepamplona.com\\\/actualidad\\\/manana-jueves-abre-el-punto-de-informacion-situado-en-el-paseo-de-anelier-sobre-la-proxima-implantacion-de-la-zona-azul-en-el-barrio-de-la-rochapea\\\/#respond\"]}]},{\"@type\":\"WebPage\",\"@id\":\"https:\\\/\\\/www.laguiadepamplona.com\\\/actualidad\\\/manana-jueves-abre-el-punto-de-informacion-situado-en-el-paseo-de-anelier-sobre-la-proxima-implantacion-de-la-zona-azul-en-el-barrio-de-la-rochapea\\\/\",\"url\":\"https:\\\/\\\/www.laguiadepamplona.com\\\/actualidad\\\/manana-jueves-abre-el-punto-de-informacion-situado-en-el-paseo-de-anelier-sobre-la-proxima-implantacion-de-la-zona-azul-en-el-barrio-de-la-rochapea\\\/\",\"name\":\"Ma\u00f1ana jueves abre el punto de informaci\u00f3n situado en el paseo de Anelier sobre la pr\u00f3xima implantaci\u00f3n de la zona azul en el barrio de la Rochapea\",\"isPartOf\":{\"@id\":\"https:\\\/\\\/www.laguiadepamplona.com\\\/actualidad\\\/#website\"},\"primaryImageOfPage\":{\"@id\":\"https:\\\/\\\/www.laguiadepamplona.com\\\/actualidad\\\/manana-jueves-abre-el-punto-de-informacion-situado-en-el-paseo-de-anelier-sobre-la-proxima-implantacion-de-la-zona-azul-en-el-barrio-de-la-rochapea\\\/#primaryimage\"},\"image\":{\"@id\":\"https:\\\/\\\/www.laguiadepamplona.com\\\/actualidad\\\/manana-jueves-abre-el-punto-de-informacion-situado-en-el-paseo-de-anelier-sobre-la-proxima-implantacion-de-la-zona-azul-en-el-barrio-de-la-rochapea\\\/#primaryimage\"},\"thumbnailUrl\":\"https:\\\/\\\/www.laguiadepamplona.com\\\/actualidad\\\/wp-content\\\/uploads\\\/2019\\\/05\\\/ayuntamiento-pamplona-laguiadepamplona.jpg\",\"datePublished\":\"2019-12-04T10:16:49+00:00\",\"dateModified\":\"2019-12-05T10:18:33+00:00\",\"breadcrumb\":{\"@id\":\"https:\\\/\\\/www.laguiadepamplona.com\\\/actualidad\\\/manana-jueves-abre-el-punto-de-informacion-situado-en-el-paseo-de-anelier-sobre-la-proxima-implantacion-de-la-zona-azul-en-el-barrio-de-la-rochapea\\\/#breadcrumb\"},\"inLanguage\":\"es\",\"potentialAction\":[{\"@type\":\"ReadAction\",\"target\":[\"https:\\\/\\\/www.laguiadepamplona.com\\\/actualidad\\\/manana-jueves-abre-el-punto-de-informacion-situado-en-el-paseo-de-anelier-sobre-la-proxima-implantacion-de-la-zona-azul-en-el-barrio-de-la-rochapea\\\/\"]}]},{\"@type\":\"ImageObject\",\"inLanguage\":\"es\",\"@id\":\"https:\\\/\\\/www.laguiadepamplona.com\\\/actualidad\\\/manana-jueves-abre-el-punto-de-informacion-situado-en-el-paseo-de-anelier-sobre-la-proxima-implantacion-de-la-zona-azul-en-el-barrio-de-la-rochapea\\\/#primaryimage\",\"url\":\"https:\\\/\\\/www.laguiadepamplona.com\\\/actualidad\\\/wp-content\\\/uploads\\\/2019\\\/05\\\/ayuntamiento-pamplona-laguiadepamplona.jpg\",\"contentUrl\":\"https:\\\/\\\/www.laguiadepamplona.com\\\/actualidad\\\/wp-content\\\/uploads\\\/2019\\\/05\\\/ayuntamiento-pamplona-laguiadepamplona.jpg\",\"width\":1920,\"height\":1100},{\"@type\":\"BreadcrumbList\",\"@id\":\"https:\\\/\\\/www.laguiadepamplona.com\\\/actualidad\\\/manana-jueves-abre-el-punto-de-informacion-situado-en-el-paseo-de-anelier-sobre-la-proxima-implantacion-de-la-zona-azul-en-el-barrio-de-la-rochapea\\\/#breadcrumb\",\"itemListElement\":[{\"@type\":\"ListItem\",\"position\":1,\"name\":\"Portada\",\"item\":\"https:\\\/\\\/www.laguiadepamplona.com\\\/actualidad\\\/\"},{\"@type\":\"ListItem\",\"position\":2,\"name\":\"Ma\u00f1ana jueves abre el punto de informaci\u00f3n situado en el paseo de Anelier sobre la pr\u00f3xima implantaci\u00f3n de la zona azul en el barrio de la Rochapea\"}]},{\"@type\":\"WebSite\",\"@id\":\"https:\\\/\\\/www.laguiadepamplona.com\\\/actualidad\\\/#website\",\"url\":\"https:\\\/\\\/www.laguiadepamplona.com\\\/actualidad\\\/\",\"name\":\"La gu\u00eda de Pamplona\",\"description\":\"Noticias de Pamplona\",\"publisher\":{\"@id\":\"https:\\\/\\\/www.laguiadepamplona.com\\\/actualidad\\\/#organization\"},\"potentialAction\":[{\"@type\":\"SearchAction\",\"target\":{\"@type\":\"EntryPoint\",\"urlTemplate\":\"https:\\\/\\\/www.laguiadepamplona.com\\\/actualidad\\\/?s={search_term_string}\"},\"query-input\":{\"@type\":\"PropertyValueSpecification\",\"valueRequired\":true,\"valueName\":\"search_term_string\"}}],\"inLanguage\":\"es\"},{\"@type\":\"Organization\",\"@id\":\"https:\\\/\\\/www.laguiadepamplona.com\\\/actualidad\\\/#organization\",\"name\":\"La Gu\u00eda de Pamplona \\\/ Noticias\",\"url\":\"https:\\\/\\\/www.laguiadepamplona.com\\\/actualidad\\\/\",\"logo\":{\"@type\":\"ImageObject\",\"inLanguage\":\"es\",\"@id\":\"https:\\\/\\\/www.laguiadepamplona.com\\\/actualidad\\\/#\\\/schema\\\/logo\\\/image\\\/\",\"url\":\"https:\\\/\\\/www.laguiadepamplona.com\\\/actualidad\\\/wp-content\\\/uploads\\\/2018\\\/11\\\/logo-laguiadepamplona18-web1.png\",\"contentUrl\":\"https:\\\/\\\/www.laguiadepamplona.com\\\/actualidad\\\/wp-content\\\/uploads\\\/2018\\\/11\\\/logo-laguiadepamplona18-web1.png\",\"width\":600,\"height\":196,\"caption\":\"La Gu\u00eda de Pamplona \\\/ Noticias\"},\"image\":{\"@id\":\"https:\\\/\\\/www.laguiadepamplona.com\\\/actualidad\\\/#\\\/schema\\\/logo\\\/image\\\/\"},\"sameAs\":[\"https:\\\/\\\/www.facebook.com\\\/laguiadepamplonacom-133175176762273\\\/?ref=hl\",\"https:\\\/\\\/x.com\\\/LaGuiadPamplona\",\"https:\\\/\\\/www.instagram.com\\\/la_guia_de_pamplona\\\/\",\"https:\\\/\\\/www.youtube.com\\\/user\\\/laguiadepamplona\"]},{\"@type\":\"Person\",\"@id\":\"https:\\\/\\\/www.laguiadepamplona.com\\\/actualidad\\\/#\\\/schema\\\/person\\\/efe887376f0213d4657c93adc50b1fdb\",\"name\":\"La Gu\u00eda de Pamplona\",\"image\":{\"@type\":\"ImageObject\",\"inLanguage\":\"es\",\"@id\":\"https:\\\/\\\/secure.gravatar.com\\\/avatar\\\/b6992f131dc8d30ab0dff15446e9d346d9dbd95992de0fef795073f5ea83a81c?s=96&d=mm&r=g\",\"url\":\"https:\\\/\\\/secure.gravatar.com\\\/avatar\\\/b6992f131dc8d30ab0dff15446e9d346d9dbd95992de0fef795073f5ea83a81c?s=96&d=mm&r=g\",\"contentUrl\":\"https:\\\/\\\/secure.gravatar.com\\\/avatar\\\/b6992f131dc8d30ab0dff15446e9d346d9dbd95992de0fef795073f5ea83a81c?s=96&d=mm&r=g\",\"caption\":\"La Gu\u00eda de Pamplona\"}}]}<\/script>\n<!-- \/ Yoast SEO plugin. -->","yoast_head_json":{"title":"Ma\u00f1ana jueves abre el punto de informaci\u00f3n situado en el paseo de Anelier sobre la pr\u00f3xima implantaci\u00f3n de la zona azul en el barrio de la Rochapea","robots":{"index":"index","follow":"follow","max-snippet":"max-snippet:-1","max-image-preview":"max-image-preview:large","max-video-preview":"max-video-preview:-1"},"canonical":"https:\/\/www.laguiadepamplona.com\/actualidad\/manana-jueves-abre-el-punto-de-informacion-situado-en-el-paseo-de-anelier-sobre-la-proxima-implantacion-de-la-zona-azul-en-el-barrio-de-la-rochapea\/","og_locale":"es_ES","og_type":"article","og_title":"Ma\u00f1ana jueves abre el punto de informaci\u00f3n situado en el paseo de Anelier sobre la pr\u00f3xima implantaci\u00f3n de la zona azul en el barrio de la Rochapea","og_description":"Las tarjetas de residente para esa zona se podr\u00e1n solicitar en ese punto de informaci\u00f3n y en el \u00e1rea de Seguridad Ciudadana","og_url":"https:\/\/www.laguiadepamplona.com\/actualidad\/manana-jueves-abre-el-punto-de-informacion-situado-en-el-paseo-de-anelier-sobre-la-proxima-implantacion-de-la-zona-azul-en-el-barrio-de-la-rochapea\/","og_site_name":"La Gu\u00eda de Pamplona","article_publisher":"https:\/\/www.facebook.com\/laguiadepamplonacom-133175176762273\/?ref=hl","article_published_time":"2019-12-04T10:16:49+00:00","article_modified_time":"2019-12-05T10:18:33+00:00","og_image":[{"width":1920,"height":1100,"url":"https:\/\/www.laguiadepamplona.com\/actualidad\/wp-content\/uploads\/2019\/05\/ayuntamiento-pamplona-laguiadepamplona.jpg","type":"image\/jpeg"}],"author":"La Gu\u00eda de Pamplona","twitter_card":"summary_large_image","twitter_creator":"@LaGuiadPamplona","twitter_site":"@LaGuiadPamplona","twitter_misc":{"Escrito por":"La Gu\u00eda de Pamplona","Tiempo de lectura":"5 minutos"},"schema":{"@context":"https:\/\/schema.org","@graph":[{"@type":"Article","@id":"https:\/\/www.laguiadepamplona.com\/actualidad\/manana-jueves-abre-el-punto-de-informacion-situado-en-el-paseo-de-anelier-sobre-la-proxima-implantacion-de-la-zona-azul-en-el-barrio-de-la-rochapea\/#article","isPartOf":{"@id":"https:\/\/www.laguiadepamplona.com\/actualidad\/manana-jueves-abre-el-punto-de-informacion-situado-en-el-paseo-de-anelier-sobre-la-proxima-implantacion-de-la-zona-azul-en-el-barrio-de-la-rochapea\/"},"author":{"name":"La Gu\u00eda de Pamplona","@id":"https:\/\/www.laguiadepamplona.com\/actualidad\/#\/schema\/person\/efe887376f0213d4657c93adc50b1fdb"},"headline":"Ma\u00f1ana jueves abre el punto de informaci\u00f3n situado en el paseo de Anelier sobre la pr\u00f3xima implantaci\u00f3n de la zona azul en el barrio de la Rochapea","datePublished":"2019-12-04T10:16:49+00:00","dateModified":"2019-12-05T10:18:33+00:00","mainEntityOfPage":{"@id":"https:\/\/www.laguiadepamplona.com\/actualidad\/manana-jueves-abre-el-punto-de-informacion-situado-en-el-paseo-de-anelier-sobre-la-proxima-implantacion-de-la-zona-azul-en-el-barrio-de-la-rochapea\/"},"wordCount":1054,"commentCount":0,"publisher":{"@id":"https:\/\/www.laguiadepamplona.com\/actualidad\/#organization"},"image":{"@id":"https:\/\/www.laguiadepamplona.com\/actualidad\/manana-jueves-abre-el-punto-de-informacion-situado-en-el-paseo-de-anelier-sobre-la-proxima-implantacion-de-la-zona-azul-en-el-barrio-de-la-rochapea\/#primaryimage"},"thumbnailUrl":"https:\/\/www.laguiadepamplona.com\/actualidad\/wp-content\/uploads\/2019\/05\/ayuntamiento-pamplona-laguiadepamplona.jpg","articleSection":["Ayto Pamplona"],"inLanguage":"es","potentialAction":[{"@type":"CommentAction","name":"Comment","target":["https:\/\/www.laguiadepamplona.com\/actualidad\/manana-jueves-abre-el-punto-de-informacion-situado-en-el-paseo-de-anelier-sobre-la-proxima-implantacion-de-la-zona-azul-en-el-barrio-de-la-rochapea\/#respond"]}]},{"@type":"WebPage","@id":"https:\/\/www.laguiadepamplona.com\/actualidad\/manana-jueves-abre-el-punto-de-informacion-situado-en-el-paseo-de-anelier-sobre-la-proxima-implantacion-de-la-zona-azul-en-el-barrio-de-la-rochapea\/","url":"https:\/\/www.laguiadepamplona.com\/actualidad\/manana-jueves-abre-el-punto-de-informacion-situado-en-el-paseo-de-anelier-sobre-la-proxima-implantacion-de-la-zona-azul-en-el-barrio-de-la-rochapea\/","name":"Ma\u00f1ana jueves abre el punto de informaci\u00f3n situado en el paseo de Anelier sobre la pr\u00f3xima implantaci\u00f3n de la zona azul en el barrio de la Rochapea","isPartOf":{"@id":"https:\/\/www.laguiadepamplona.com\/actualidad\/#website"},"primaryImageOfPage":{"@id":"https:\/\/www.laguiadepamplona.com\/actualidad\/manana-jueves-abre-el-punto-de-informacion-situado-en-el-paseo-de-anelier-sobre-la-proxima-implantacion-de-la-zona-azul-en-el-barrio-de-la-rochapea\/#primaryimage"},"image":{"@id":"https:\/\/www.laguiadepamplona.com\/actualidad\/manana-jueves-abre-el-punto-de-informacion-situado-en-el-paseo-de-anelier-sobre-la-proxima-implantacion-de-la-zona-azul-en-el-barrio-de-la-rochapea\/#primaryimage"},"thumbnailUrl":"https:\/\/www.laguiadepamplona.com\/actualidad\/wp-content\/uploads\/2019\/05\/ayuntamiento-pamplona-laguiadepamplona.jpg","datePublished":"2019-12-04T10:16:49+00:00","dateModified":"2019-12-05T10:18:33+00:00","breadcrumb":{"@id":"https:\/\/www.laguiadepamplona.com\/actualidad\/manana-jueves-abre-el-punto-de-informacion-situado-en-el-paseo-de-anelier-sobre-la-proxima-implantacion-de-la-zona-azul-en-el-barrio-de-la-rochapea\/#breadcrumb"},"inLanguage":"es","potentialAction":[{"@type":"ReadAction","target":["https:\/\/www.laguiadepamplona.com\/actualidad\/manana-jueves-abre-el-punto-de-informacion-situado-en-el-paseo-de-anelier-sobre-la-proxima-implantacion-de-la-zona-azul-en-el-barrio-de-la-rochapea\/"]}]},{"@type":"ImageObject","inLanguage":"es","@id":"https:\/\/www.laguiadepamplona.com\/actualidad\/manana-jueves-abre-el-punto-de-informacion-situado-en-el-paseo-de-anelier-sobre-la-proxima-implantacion-de-la-zona-azul-en-el-barrio-de-la-rochapea\/#primaryimage","url":"https:\/\/www.laguiadepamplona.com\/actualidad\/wp-content\/uploads\/2019\/05\/ayuntamiento-pamplona-laguiadepamplona.jpg","contentUrl":"https:\/\/www.laguiadepamplona.com\/actualidad\/wp-content\/uploads\/2019\/05\/ayuntamiento-pamplona-laguiadepamplona.jpg","width":1920,"height":1100},{"@type":"BreadcrumbList","@id":"https:\/\/www.laguiadepamplona.com\/actualidad\/manana-jueves-abre-el-punto-de-informacion-situado-en-el-paseo-de-anelier-sobre-la-proxima-implantacion-de-la-zona-azul-en-el-barrio-de-la-rochapea\/#breadcrumb","itemListElement":[{"@type":"ListItem","position":1,"name":"Portada","item":"https:\/\/www.laguiadepamplona.com\/actualidad\/"},{"@type":"ListItem","position":2,"name":"Ma\u00f1ana jueves abre el punto de informaci\u00f3n situado en el paseo de Anelier sobre la pr\u00f3xima implantaci\u00f3n de la zona azul en el barrio de la Rochapea"}]},{"@type":"WebSite","@id":"https:\/\/www.laguiadepamplona.com\/actualidad\/#website","url":"https:\/\/www.laguiadepamplona.com\/actualidad\/","name":"La gu\u00eda de Pamplona","description":"Noticias de Pamplona","publisher":{"@id":"https:\/\/www.laguiadepamplona.com\/actualidad\/#organization"},"potentialAction":[{"@type":"SearchAction","target":{"@type":"EntryPoint","urlTemplate":"https:\/\/www.laguiadepamplona.com\/actualidad\/?s={search_term_string}"},"query-input":{"@type":"PropertyValueSpecification","valueRequired":true,"valueName":"search_term_string"}}],"inLanguage":"es"},{"@type":"Organization","@id":"https:\/\/www.laguiadepamplona.com\/actualidad\/#organization","name":"La Gu\u00eda de Pamplona \/ Noticias","url":"https:\/\/www.laguiadepamplona.com\/actualidad\/","logo":{"@type":"ImageObject","inLanguage":"es","@id":"https:\/\/www.laguiadepamplona.com\/actualidad\/#\/schema\/logo\/image\/","url":"https:\/\/www.laguiadepamplona.com\/actualidad\/wp-content\/uploads\/2018\/11\/logo-laguiadepamplona18-web1.png","contentUrl":"https:\/\/www.laguiadepamplona.com\/actualidad\/wp-content\/uploads\/2018\/11\/logo-laguiadepamplona18-web1.png","width":600,"height":196,"caption":"La Gu\u00eda de Pamplona \/ Noticias"},"image":{"@id":"https:\/\/www.laguiadepamplona.com\/actualidad\/#\/schema\/logo\/image\/"},"sameAs":["https:\/\/www.facebook.com\/laguiadepamplonacom-133175176762273\/?ref=hl","https:\/\/x.com\/LaGuiadPamplona","https:\/\/www.instagram.com\/la_guia_de_pamplona\/","https:\/\/www.youtube.com\/user\/laguiadepamplona"]},{"@type":"Person","@id":"https:\/\/www.laguiadepamplona.com\/actualidad\/#\/schema\/person\/efe887376f0213d4657c93adc50b1fdb","name":"La Gu\u00eda de Pamplona","image":{"@type":"ImageObject","inLanguage":"es","@id":"https:\/\/secure.gravatar.com\/avatar\/b6992f131dc8d30ab0dff15446e9d346d9dbd95992de0fef795073f5ea83a81c?s=96&d=mm&r=g","url":"https:\/\/secure.gravatar.com\/avatar\/b6992f131dc8d30ab0dff15446e9d346d9dbd95992de0fef795073f5ea83a81c?s=96&d=mm&r=g","contentUrl":"https:\/\/secure.gravatar.com\/avatar\/b6992f131dc8d30ab0dff15446e9d346d9dbd95992de0fef795073f5ea83a81c?s=96&d=mm&r=g","caption":"La Gu\u00eda de Pamplona"}}]}},"post_mailing_queue_ids":[],"_links":{"self":[{"href":"https:\/\/www.laguiadepamplona.com\/actualidad\/wp-json\/wp\/v2\/posts\/26718","targetHints":{"allow":["GET"]}}],"collection":[{"href":"https:\/\/www.laguiadepamplona.com\/actualidad\/wp-json\/wp\/v2\/posts"}],"about":[{"href":"https:\/\/www.laguiadepamplona.com\/actualidad\/wp-json\/wp\/v2\/types\/post"}],"author":[{"embeddable":true,"href":"https:\/\/www.laguiadepamplona.com\/actualidad\/wp-json\/wp\/v2\/users\/1"}],"replies":[{"embeddable":true,"href":"https:\/\/www.laguiadepamplona.com\/actualidad\/wp-json\/wp\/v2\/comments?post=26718"}],"version-history":[{"count":0,"href":"https:\/\/www.laguiadepamplona.com\/actualidad\/wp-json\/wp\/v2\/posts\/26718\/revisions"}],"wp:featuredmedia":[{"embeddable":true,"href":"https:\/\/www.laguiadepamplona.com\/actualidad\/wp-json\/wp\/v2\/media\/21939"}],"wp:attachment":[{"href":"https:\/\/www.laguiadepamplona.com\/actualidad\/wp-json\/wp\/v2\/media?parent=26718"}],"wp:term":[{"taxonomy":"category","embeddable":true,"href":"https:\/\/www.laguiadepamplona.com\/actualidad\/wp-json\/wp\/v2\/categories?post=26718"},{"taxonomy":"post_tag","embeddable":true,"href":"https:\/\/www.laguiadepamplona.com\/actualidad\/wp-json\/wp\/v2\/tags?post=26718"}],"curies":[{"name":"wp","href":"https:\/\/api.w.org\/{rel}","templated":true}]}}