{"id":26712,"date":"2019-12-04T12:10:05","date_gmt":"2019-12-04T10:10:05","guid":{"rendered":"https:\/\/www.laguiadepamplona.es\/actualidad\/?p=26712"},"modified":"2019-12-05T12:12:12","modified_gmt":"2019-12-05T10:12:12","slug":"el-cine-dentro-del-cine-y-las-relaciones-en-torno-a-las-celebridades-se-funden-en-celebrity-pelicula-de-woody-allen-que-se-proyecta-este-sabado-en-civivox-condestable","status":"publish","type":"post","link":"https:\/\/www.laguiadepamplona.com\/actualidad\/el-cine-dentro-del-cine-y-las-relaciones-en-torno-a-las-celebridades-se-funden-en-celebrity-pelicula-de-woody-allen-que-se-proyecta-este-sabado-en-civivox-condestable\/","title":{"rendered":"El cine dentro del cine y las relaciones en torno a las celebridades se funden en \u2018Celebrity\u2019, pel\u00edcula de Woody Allen que se proyecta este s\u00e1bado en Civivox Condestable"},"content":{"rendered":"<h5>La sesi\u00f3n, dentro del ciclo \u2018El Allen de los 90\u2019, comenzar\u00e1 a las 19.30 horas, con entrada libre previa retirada de invitaciones<\/h5>\n<p><!--more--><\/p>\n<p>El ciclo sobre la filmograf\u00eda del director neoyorkino Woody Allen durante los a\u00f1os 90 supera este s\u00e1bado su ecuador con la proyecci\u00f3n del quinto t\u00edtulo programado, \u2018Celebrity\u2019, comedia negra sobre el mundo del cine y sobre las relaciones personales y amorosas en torno a las celebridades del s\u00e9ptimo arte. La proyecci\u00f3n, en versi\u00f3n original subtitulada al castellano, tendr\u00e1 lugar en Civivox Condestable el s\u00e1bado a las 19.30 horas, con entrada libre previa retirada de invitaciones desde una hora antes, con un m\u00e1ximo de dos entradas por persona.<\/p>\n<p><script async src=\"\/\/pagead2.googlesyndication.com\/pagead\/js\/adsbygoogle.js\"><\/script><br \/>\n<!-- Noticias La Guia de Pamplona --><br \/>\n<ins class=\"adsbygoogle\"\nstyle=\"display:block\"\ndata-ad-client=\"ca-pub-6943679897239327\"\ndata-ad-slot=\"7048180777\"\ndata-ad-format=\"auto\"><\/ins><br \/>\n<script>\n(adsbygoogle = window.adsbygoogle || []).push({});\n<\/script><\/p>\n<p>A sus cuarenta a\u00f1os, Lee Simon siente que no le ha sacado suficiente partido a la vida. Escribe art\u00edculos sobre viajes y entrevistas con personajes del mundo del espect\u00e1culo, pero sue\u00f1a con publicar una novela o un guion cinematogr\u00e1fico que incrementen su prestigio. El problema es que, tras su divorcio, se mueve en un ambiente demasiado fr\u00edvolo y superficial. Cuando se adentra en el mundo de la far\u00e1ndula cinematogr\u00e1fica conocer\u00e1 a toda clase de singulares personajes con los que se generar\u00e1n divertidas situaciones, mientras su exmujer inicia relaciones con un productor de televisi\u00f3n que le ha prometido lanzarla a la fama. Rodada en blanco y negro, la pel\u00edcula est\u00e1 protagonizada por Kenneth Branagh, Melanie Griffith, Wynona Ryder, Leonardo DiCaprio, Judy Davis, Joe Mantegna y Charlize Theron.<\/p>\n<p>El ciclo concluir\u00e1 este mes de diciembre con la proyecci\u00f3n de otros tres t\u00edtulos los s\u00e1bados 14, 21 y 28 de diciembre. El 14 de diciembre se podr\u00e1 ver \u2018Acordes y desacuerdos\u2019; una semana despu\u00e9s, \u2018Granujas de medio pelo\u2019; y por \u00faltimo, el 28 de diciembre, \u2018La maldici\u00f3n del escorpi\u00f3n de jade\u2019. La d\u00e9cada de los 90 fue fruct\u00edfera en lo cinematogr\u00e1fico para Allen, con pel\u00edculas que se mueven en un amplio abanico de g\u00e9neros, \u00e9pocas y repartos. El cine de Woody Allen se ha servido del thriller, de la comedia, del musical, del documental, del cine hist\u00f3rico, del melodrama, de la alta comedia, de la parodia, del teatro griego\u2026, pero siempre y en todas y cada una de sus obras, plasmando su esencia, sus preocupaciones, sus sensaciones, sus miedos y sus sentimientos a trav\u00e9s, principalmente de las relaciones personales de sus personajes.<\/p>\n<p><script async src=\"\/\/pagead2.googlesyndication.com\/pagead\/js\/adsbygoogle.js\"><\/script><br \/>\n<!-- Noticias La Guia de Pamplona --><br \/>\n<ins class=\"adsbygoogle\"\nstyle=\"display:block\"\ndata-ad-client=\"ca-pub-6943679897239327\"\ndata-ad-slot=\"7048180777\"\ndata-ad-format=\"auto\"><\/ins><br \/>\n<script>\n(adsbygoogle = window.adsbygoogle || []).push({});\n<\/script><\/p>\n<p><strong>Ciclo Woody Allen. El Allen de los 90<\/strong><\/p>\n<ul>\n<li>S\u00e1bado 7 de diciembre, 19.30 horas. Civivox Condestable. <strong>CELEBRITY<\/strong> (1998, 113 min.)<\/li>\n<li>S\u00e1bado 14 de diciembre, 19.30 horas. Civivox Condestable. <strong>ACORDES Y DESACUERDOS<\/strong> (1999, 95 min.)<\/li>\n<li>S\u00e1bado 21 de diciembre, 19.30 horas. Civivox Condestable. <strong>GRANUJAS DE MEDIO PELO<\/strong> (2000, 95 min.)<\/li>\n<li>S\u00e1bado 28 de diciembre, 19.30 horas. Civivox Condestable. <strong>LA MALDICI\u00d3N DEL ESCORPI\u00d3N DE JADE<\/strong> (2001, 103 min.)<\/li>\n<\/ul>\n<p>&nbsp;<\/p>\n<ul>\n<li>Pel\u00edculas en versi\u00f3n original subtitulada (V.O.S.) Entrada libre, previa retirada de invitaciones desde una hora antes del inicio<\/li>\n<\/ul>\n","protected":false},"excerpt":{"rendered":"<p>La sesi\u00f3n, dentro del ciclo \u2018El Allen de los 90\u2019, comenzar\u00e1 a las 19.30 horas, con entrada libre previa retirada de invitaciones<\/p>\n","protected":false},"author":1,"featured_media":26714,"comment_status":"open","ping_status":"closed","sticky":false,"template":"","format":"standard","meta":{"footnotes":""},"categories":[2],"tags":[],"class_list":["post-26712","post","type-post","status-publish","format-standard","has-post-thumbnail","hentry","category-ayuntamiento-pamplona"],"yoast_head":"<!-- This site is optimized with the Yoast SEO plugin v27.3 - https:\/\/yoast.com\/product\/yoast-seo-wordpress\/ -->\n<title>El cine dentro del cine y las relaciones en torno a las celebridades se funden en \u2018Celebrity\u2019, pel\u00edcula de Woody Allen que se proyecta este s\u00e1bado en Civivox Condestable<\/title>\n<meta name=\"robots\" content=\"index, follow, max-snippet:-1, max-image-preview:large, max-video-preview:-1\" \/>\n<link rel=\"canonical\" href=\"https:\/\/www.laguiadepamplona.com\/actualidad\/el-cine-dentro-del-cine-y-las-relaciones-en-torno-a-las-celebridades-se-funden-en-celebrity-pelicula-de-woody-allen-que-se-proyecta-este-sabado-en-civivox-condestable\/\" \/>\n<meta property=\"og:locale\" content=\"es_ES\" \/>\n<meta property=\"og:type\" content=\"article\" \/>\n<meta property=\"og:title\" content=\"El cine dentro del cine y las relaciones en torno a las celebridades se funden en \u2018Celebrity\u2019, pel\u00edcula de Woody Allen que se proyecta este s\u00e1bado en Civivox Condestable\" \/>\n<meta property=\"og:description\" content=\"La sesi\u00f3n, dentro del ciclo \u2018El Allen de los 90\u2019, comenzar\u00e1 a las 19.30 horas, con entrada libre previa retirada de invitaciones\" \/>\n<meta property=\"og:url\" content=\"https:\/\/www.laguiadepamplona.com\/actualidad\/el-cine-dentro-del-cine-y-las-relaciones-en-torno-a-las-celebridades-se-funden-en-celebrity-pelicula-de-woody-allen-que-se-proyecta-este-sabado-en-civivox-condestable\/\" \/>\n<meta property=\"og:site_name\" content=\"La Gu\u00eda de Pamplona\" \/>\n<meta property=\"article:publisher\" content=\"https:\/\/www.facebook.com\/laguiadepamplonacom-133175176762273\/?ref=hl\" \/>\n<meta property=\"article:published_time\" content=\"2019-12-04T10:10:05+00:00\" \/>\n<meta property=\"article:modified_time\" content=\"2019-12-05T10:12:12+00:00\" \/>\n<meta property=\"og:image\" content=\"https:\/\/www.laguiadepamplona.com\/actualidad\/wp-content\/uploads\/2019\/12\/CELEBRITY.jpg\" \/>\n\t<meta property=\"og:image:width\" content=\"1888\" \/>\n\t<meta property=\"og:image:height\" content=\"1129\" \/>\n\t<meta property=\"og:image:type\" content=\"image\/jpeg\" \/>\n<meta name=\"author\" content=\"La Gu\u00eda de Pamplona\" \/>\n<meta name=\"twitter:card\" content=\"summary_large_image\" \/>\n<meta name=\"twitter:creator\" content=\"@LaGuiadPamplona\" \/>\n<meta name=\"twitter:site\" content=\"@LaGuiadPamplona\" \/>\n<meta name=\"twitter:label1\" content=\"Escrito por\" \/>\n\t<meta name=\"twitter:data1\" content=\"La Gu\u00eda de Pamplona\" \/>\n\t<meta name=\"twitter:label2\" content=\"Tiempo de lectura\" \/>\n\t<meta name=\"twitter:data2\" content=\"2 minutos\" \/>\n<script type=\"application\/ld+json\" class=\"yoast-schema-graph\">{\"@context\":\"https:\\\/\\\/schema.org\",\"@graph\":[{\"@type\":\"Article\",\"@id\":\"https:\\\/\\\/www.laguiadepamplona.com\\\/actualidad\\\/el-cine-dentro-del-cine-y-las-relaciones-en-torno-a-las-celebridades-se-funden-en-celebrity-pelicula-de-woody-allen-que-se-proyecta-este-sabado-en-civivox-condestable\\\/#article\",\"isPartOf\":{\"@id\":\"https:\\\/\\\/www.laguiadepamplona.com\\\/actualidad\\\/el-cine-dentro-del-cine-y-las-relaciones-en-torno-a-las-celebridades-se-funden-en-celebrity-pelicula-de-woody-allen-que-se-proyecta-este-sabado-en-civivox-condestable\\\/\"},\"author\":{\"name\":\"La Gu\u00eda de Pamplona\",\"@id\":\"https:\\\/\\\/www.laguiadepamplona.com\\\/actualidad\\\/#\\\/schema\\\/person\\\/efe887376f0213d4657c93adc50b1fdb\"},\"headline\":\"El cine dentro del cine y las relaciones en torno a las celebridades se funden en \u2018Celebrity\u2019, pel\u00edcula de Woody Allen que se proyecta este s\u00e1bado en Civivox Condestable\",\"datePublished\":\"2019-12-04T10:10:05+00:00\",\"dateModified\":\"2019-12-05T10:12:12+00:00\",\"mainEntityOfPage\":{\"@id\":\"https:\\\/\\\/www.laguiadepamplona.com\\\/actualidad\\\/el-cine-dentro-del-cine-y-las-relaciones-en-torno-a-las-celebridades-se-funden-en-celebrity-pelicula-de-woody-allen-que-se-proyecta-este-sabado-en-civivox-condestable\\\/\"},\"wordCount\":512,\"commentCount\":0,\"publisher\":{\"@id\":\"https:\\\/\\\/www.laguiadepamplona.com\\\/actualidad\\\/#organization\"},\"image\":{\"@id\":\"https:\\\/\\\/www.laguiadepamplona.com\\\/actualidad\\\/el-cine-dentro-del-cine-y-las-relaciones-en-torno-a-las-celebridades-se-funden-en-celebrity-pelicula-de-woody-allen-que-se-proyecta-este-sabado-en-civivox-condestable\\\/#primaryimage\"},\"thumbnailUrl\":\"https:\\\/\\\/www.laguiadepamplona.com\\\/actualidad\\\/wp-content\\\/uploads\\\/2019\\\/12\\\/CELEBRITY.jpg\",\"articleSection\":[\"Ayto Pamplona\"],\"inLanguage\":\"es\",\"potentialAction\":[{\"@type\":\"CommentAction\",\"name\":\"Comment\",\"target\":[\"https:\\\/\\\/www.laguiadepamplona.com\\\/actualidad\\\/el-cine-dentro-del-cine-y-las-relaciones-en-torno-a-las-celebridades-se-funden-en-celebrity-pelicula-de-woody-allen-que-se-proyecta-este-sabado-en-civivox-condestable\\\/#respond\"]}]},{\"@type\":\"WebPage\",\"@id\":\"https:\\\/\\\/www.laguiadepamplona.com\\\/actualidad\\\/el-cine-dentro-del-cine-y-las-relaciones-en-torno-a-las-celebridades-se-funden-en-celebrity-pelicula-de-woody-allen-que-se-proyecta-este-sabado-en-civivox-condestable\\\/\",\"url\":\"https:\\\/\\\/www.laguiadepamplona.com\\\/actualidad\\\/el-cine-dentro-del-cine-y-las-relaciones-en-torno-a-las-celebridades-se-funden-en-celebrity-pelicula-de-woody-allen-que-se-proyecta-este-sabado-en-civivox-condestable\\\/\",\"name\":\"El cine dentro del cine y las relaciones en torno a las celebridades se funden en \u2018Celebrity\u2019, pel\u00edcula de Woody Allen que se proyecta este s\u00e1bado en Civivox Condestable\",\"isPartOf\":{\"@id\":\"https:\\\/\\\/www.laguiadepamplona.com\\\/actualidad\\\/#website\"},\"primaryImageOfPage\":{\"@id\":\"https:\\\/\\\/www.laguiadepamplona.com\\\/actualidad\\\/el-cine-dentro-del-cine-y-las-relaciones-en-torno-a-las-celebridades-se-funden-en-celebrity-pelicula-de-woody-allen-que-se-proyecta-este-sabado-en-civivox-condestable\\\/#primaryimage\"},\"image\":{\"@id\":\"https:\\\/\\\/www.laguiadepamplona.com\\\/actualidad\\\/el-cine-dentro-del-cine-y-las-relaciones-en-torno-a-las-celebridades-se-funden-en-celebrity-pelicula-de-woody-allen-que-se-proyecta-este-sabado-en-civivox-condestable\\\/#primaryimage\"},\"thumbnailUrl\":\"https:\\\/\\\/www.laguiadepamplona.com\\\/actualidad\\\/wp-content\\\/uploads\\\/2019\\\/12\\\/CELEBRITY.jpg\",\"datePublished\":\"2019-12-04T10:10:05+00:00\",\"dateModified\":\"2019-12-05T10:12:12+00:00\",\"breadcrumb\":{\"@id\":\"https:\\\/\\\/www.laguiadepamplona.com\\\/actualidad\\\/el-cine-dentro-del-cine-y-las-relaciones-en-torno-a-las-celebridades-se-funden-en-celebrity-pelicula-de-woody-allen-que-se-proyecta-este-sabado-en-civivox-condestable\\\/#breadcrumb\"},\"inLanguage\":\"es\",\"potentialAction\":[{\"@type\":\"ReadAction\",\"target\":[\"https:\\\/\\\/www.laguiadepamplona.com\\\/actualidad\\\/el-cine-dentro-del-cine-y-las-relaciones-en-torno-a-las-celebridades-se-funden-en-celebrity-pelicula-de-woody-allen-que-se-proyecta-este-sabado-en-civivox-condestable\\\/\"]}]},{\"@type\":\"ImageObject\",\"inLanguage\":\"es\",\"@id\":\"https:\\\/\\\/www.laguiadepamplona.com\\\/actualidad\\\/el-cine-dentro-del-cine-y-las-relaciones-en-torno-a-las-celebridades-se-funden-en-celebrity-pelicula-de-woody-allen-que-se-proyecta-este-sabado-en-civivox-condestable\\\/#primaryimage\",\"url\":\"https:\\\/\\\/www.laguiadepamplona.com\\\/actualidad\\\/wp-content\\\/uploads\\\/2019\\\/12\\\/CELEBRITY.jpg\",\"contentUrl\":\"https:\\\/\\\/www.laguiadepamplona.com\\\/actualidad\\\/wp-content\\\/uploads\\\/2019\\\/12\\\/CELEBRITY.jpg\",\"width\":1888,\"height\":1129},{\"@type\":\"BreadcrumbList\",\"@id\":\"https:\\\/\\\/www.laguiadepamplona.com\\\/actualidad\\\/el-cine-dentro-del-cine-y-las-relaciones-en-torno-a-las-celebridades-se-funden-en-celebrity-pelicula-de-woody-allen-que-se-proyecta-este-sabado-en-civivox-condestable\\\/#breadcrumb\",\"itemListElement\":[{\"@type\":\"ListItem\",\"position\":1,\"name\":\"Portada\",\"item\":\"https:\\\/\\\/www.laguiadepamplona.com\\\/actualidad\\\/\"},{\"@type\":\"ListItem\",\"position\":2,\"name\":\"El cine dentro del cine y las relaciones en torno a las celebridades se funden en \u2018Celebrity\u2019, pel\u00edcula de Woody Allen que se proyecta este s\u00e1bado en Civivox Condestable\"}]},{\"@type\":\"WebSite\",\"@id\":\"https:\\\/\\\/www.laguiadepamplona.com\\\/actualidad\\\/#website\",\"url\":\"https:\\\/\\\/www.laguiadepamplona.com\\\/actualidad\\\/\",\"name\":\"La gu\u00eda de Pamplona\",\"description\":\"Noticias de Pamplona\",\"publisher\":{\"@id\":\"https:\\\/\\\/www.laguiadepamplona.com\\\/actualidad\\\/#organization\"},\"potentialAction\":[{\"@type\":\"SearchAction\",\"target\":{\"@type\":\"EntryPoint\",\"urlTemplate\":\"https:\\\/\\\/www.laguiadepamplona.com\\\/actualidad\\\/?s={search_term_string}\"},\"query-input\":{\"@type\":\"PropertyValueSpecification\",\"valueRequired\":true,\"valueName\":\"search_term_string\"}}],\"inLanguage\":\"es\"},{\"@type\":\"Organization\",\"@id\":\"https:\\\/\\\/www.laguiadepamplona.com\\\/actualidad\\\/#organization\",\"name\":\"La Gu\u00eda de Pamplona \\\/ Noticias\",\"url\":\"https:\\\/\\\/www.laguiadepamplona.com\\\/actualidad\\\/\",\"logo\":{\"@type\":\"ImageObject\",\"inLanguage\":\"es\",\"@id\":\"https:\\\/\\\/www.laguiadepamplona.com\\\/actualidad\\\/#\\\/schema\\\/logo\\\/image\\\/\",\"url\":\"https:\\\/\\\/www.laguiadepamplona.com\\\/actualidad\\\/wp-content\\\/uploads\\\/2018\\\/11\\\/logo-laguiadepamplona18-web1.png\",\"contentUrl\":\"https:\\\/\\\/www.laguiadepamplona.com\\\/actualidad\\\/wp-content\\\/uploads\\\/2018\\\/11\\\/logo-laguiadepamplona18-web1.png\",\"width\":600,\"height\":196,\"caption\":\"La Gu\u00eda de Pamplona \\\/ Noticias\"},\"image\":{\"@id\":\"https:\\\/\\\/www.laguiadepamplona.com\\\/actualidad\\\/#\\\/schema\\\/logo\\\/image\\\/\"},\"sameAs\":[\"https:\\\/\\\/www.facebook.com\\\/laguiadepamplonacom-133175176762273\\\/?ref=hl\",\"https:\\\/\\\/x.com\\\/LaGuiadPamplona\",\"https:\\\/\\\/www.instagram.com\\\/la_guia_de_pamplona\\\/\",\"https:\\\/\\\/www.youtube.com\\\/user\\\/laguiadepamplona\"]},{\"@type\":\"Person\",\"@id\":\"https:\\\/\\\/www.laguiadepamplona.com\\\/actualidad\\\/#\\\/schema\\\/person\\\/efe887376f0213d4657c93adc50b1fdb\",\"name\":\"La Gu\u00eda de Pamplona\",\"image\":{\"@type\":\"ImageObject\",\"inLanguage\":\"es\",\"@id\":\"https:\\\/\\\/secure.gravatar.com\\\/avatar\\\/b6992f131dc8d30ab0dff15446e9d346d9dbd95992de0fef795073f5ea83a81c?s=96&d=mm&r=g\",\"url\":\"https:\\\/\\\/secure.gravatar.com\\\/avatar\\\/b6992f131dc8d30ab0dff15446e9d346d9dbd95992de0fef795073f5ea83a81c?s=96&d=mm&r=g\",\"contentUrl\":\"https:\\\/\\\/secure.gravatar.com\\\/avatar\\\/b6992f131dc8d30ab0dff15446e9d346d9dbd95992de0fef795073f5ea83a81c?s=96&d=mm&r=g\",\"caption\":\"La Gu\u00eda de Pamplona\"}}]}<\/script>\n<!-- \/ Yoast SEO plugin. -->","yoast_head_json":{"title":"El cine dentro del cine y las relaciones en torno a las celebridades se funden en \u2018Celebrity\u2019, pel\u00edcula de Woody Allen que se proyecta este s\u00e1bado en Civivox Condestable","robots":{"index":"index","follow":"follow","max-snippet":"max-snippet:-1","max-image-preview":"max-image-preview:large","max-video-preview":"max-video-preview:-1"},"canonical":"https:\/\/www.laguiadepamplona.com\/actualidad\/el-cine-dentro-del-cine-y-las-relaciones-en-torno-a-las-celebridades-se-funden-en-celebrity-pelicula-de-woody-allen-que-se-proyecta-este-sabado-en-civivox-condestable\/","og_locale":"es_ES","og_type":"article","og_title":"El cine dentro del cine y las relaciones en torno a las celebridades se funden en \u2018Celebrity\u2019, pel\u00edcula de Woody Allen que se proyecta este s\u00e1bado en Civivox Condestable","og_description":"La sesi\u00f3n, dentro del ciclo \u2018El Allen de los 90\u2019, comenzar\u00e1 a las 19.30 horas, con entrada libre previa retirada de invitaciones","og_url":"https:\/\/www.laguiadepamplona.com\/actualidad\/el-cine-dentro-del-cine-y-las-relaciones-en-torno-a-las-celebridades-se-funden-en-celebrity-pelicula-de-woody-allen-que-se-proyecta-este-sabado-en-civivox-condestable\/","og_site_name":"La Gu\u00eda de Pamplona","article_publisher":"https:\/\/www.facebook.com\/laguiadepamplonacom-133175176762273\/?ref=hl","article_published_time":"2019-12-04T10:10:05+00:00","article_modified_time":"2019-12-05T10:12:12+00:00","og_image":[{"width":1888,"height":1129,"url":"https:\/\/www.laguiadepamplona.com\/actualidad\/wp-content\/uploads\/2019\/12\/CELEBRITY.jpg","type":"image\/jpeg"}],"author":"La Gu\u00eda de Pamplona","twitter_card":"summary_large_image","twitter_creator":"@LaGuiadPamplona","twitter_site":"@LaGuiadPamplona","twitter_misc":{"Escrito por":"La Gu\u00eda de Pamplona","Tiempo de lectura":"2 minutos"},"schema":{"@context":"https:\/\/schema.org","@graph":[{"@type":"Article","@id":"https:\/\/www.laguiadepamplona.com\/actualidad\/el-cine-dentro-del-cine-y-las-relaciones-en-torno-a-las-celebridades-se-funden-en-celebrity-pelicula-de-woody-allen-que-se-proyecta-este-sabado-en-civivox-condestable\/#article","isPartOf":{"@id":"https:\/\/www.laguiadepamplona.com\/actualidad\/el-cine-dentro-del-cine-y-las-relaciones-en-torno-a-las-celebridades-se-funden-en-celebrity-pelicula-de-woody-allen-que-se-proyecta-este-sabado-en-civivox-condestable\/"},"author":{"name":"La Gu\u00eda de Pamplona","@id":"https:\/\/www.laguiadepamplona.com\/actualidad\/#\/schema\/person\/efe887376f0213d4657c93adc50b1fdb"},"headline":"El cine dentro del cine y las relaciones en torno a las celebridades se funden en \u2018Celebrity\u2019, pel\u00edcula de Woody Allen que se proyecta este s\u00e1bado en Civivox Condestable","datePublished":"2019-12-04T10:10:05+00:00","dateModified":"2019-12-05T10:12:12+00:00","mainEntityOfPage":{"@id":"https:\/\/www.laguiadepamplona.com\/actualidad\/el-cine-dentro-del-cine-y-las-relaciones-en-torno-a-las-celebridades-se-funden-en-celebrity-pelicula-de-woody-allen-que-se-proyecta-este-sabado-en-civivox-condestable\/"},"wordCount":512,"commentCount":0,"publisher":{"@id":"https:\/\/www.laguiadepamplona.com\/actualidad\/#organization"},"image":{"@id":"https:\/\/www.laguiadepamplona.com\/actualidad\/el-cine-dentro-del-cine-y-las-relaciones-en-torno-a-las-celebridades-se-funden-en-celebrity-pelicula-de-woody-allen-que-se-proyecta-este-sabado-en-civivox-condestable\/#primaryimage"},"thumbnailUrl":"https:\/\/www.laguiadepamplona.com\/actualidad\/wp-content\/uploads\/2019\/12\/CELEBRITY.jpg","articleSection":["Ayto Pamplona"],"inLanguage":"es","potentialAction":[{"@type":"CommentAction","name":"Comment","target":["https:\/\/www.laguiadepamplona.com\/actualidad\/el-cine-dentro-del-cine-y-las-relaciones-en-torno-a-las-celebridades-se-funden-en-celebrity-pelicula-de-woody-allen-que-se-proyecta-este-sabado-en-civivox-condestable\/#respond"]}]},{"@type":"WebPage","@id":"https:\/\/www.laguiadepamplona.com\/actualidad\/el-cine-dentro-del-cine-y-las-relaciones-en-torno-a-las-celebridades-se-funden-en-celebrity-pelicula-de-woody-allen-que-se-proyecta-este-sabado-en-civivox-condestable\/","url":"https:\/\/www.laguiadepamplona.com\/actualidad\/el-cine-dentro-del-cine-y-las-relaciones-en-torno-a-las-celebridades-se-funden-en-celebrity-pelicula-de-woody-allen-que-se-proyecta-este-sabado-en-civivox-condestable\/","name":"El cine dentro del cine y las relaciones en torno a las celebridades se funden en \u2018Celebrity\u2019, pel\u00edcula de Woody Allen que se proyecta este s\u00e1bado en Civivox Condestable","isPartOf":{"@id":"https:\/\/www.laguiadepamplona.com\/actualidad\/#website"},"primaryImageOfPage":{"@id":"https:\/\/www.laguiadepamplona.com\/actualidad\/el-cine-dentro-del-cine-y-las-relaciones-en-torno-a-las-celebridades-se-funden-en-celebrity-pelicula-de-woody-allen-que-se-proyecta-este-sabado-en-civivox-condestable\/#primaryimage"},"image":{"@id":"https:\/\/www.laguiadepamplona.com\/actualidad\/el-cine-dentro-del-cine-y-las-relaciones-en-torno-a-las-celebridades-se-funden-en-celebrity-pelicula-de-woody-allen-que-se-proyecta-este-sabado-en-civivox-condestable\/#primaryimage"},"thumbnailUrl":"https:\/\/www.laguiadepamplona.com\/actualidad\/wp-content\/uploads\/2019\/12\/CELEBRITY.jpg","datePublished":"2019-12-04T10:10:05+00:00","dateModified":"2019-12-05T10:12:12+00:00","breadcrumb":{"@id":"https:\/\/www.laguiadepamplona.com\/actualidad\/el-cine-dentro-del-cine-y-las-relaciones-en-torno-a-las-celebridades-se-funden-en-celebrity-pelicula-de-woody-allen-que-se-proyecta-este-sabado-en-civivox-condestable\/#breadcrumb"},"inLanguage":"es","potentialAction":[{"@type":"ReadAction","target":["https:\/\/www.laguiadepamplona.com\/actualidad\/el-cine-dentro-del-cine-y-las-relaciones-en-torno-a-las-celebridades-se-funden-en-celebrity-pelicula-de-woody-allen-que-se-proyecta-este-sabado-en-civivox-condestable\/"]}]},{"@type":"ImageObject","inLanguage":"es","@id":"https:\/\/www.laguiadepamplona.com\/actualidad\/el-cine-dentro-del-cine-y-las-relaciones-en-torno-a-las-celebridades-se-funden-en-celebrity-pelicula-de-woody-allen-que-se-proyecta-este-sabado-en-civivox-condestable\/#primaryimage","url":"https:\/\/www.laguiadepamplona.com\/actualidad\/wp-content\/uploads\/2019\/12\/CELEBRITY.jpg","contentUrl":"https:\/\/www.laguiadepamplona.com\/actualidad\/wp-content\/uploads\/2019\/12\/CELEBRITY.jpg","width":1888,"height":1129},{"@type":"BreadcrumbList","@id":"https:\/\/www.laguiadepamplona.com\/actualidad\/el-cine-dentro-del-cine-y-las-relaciones-en-torno-a-las-celebridades-se-funden-en-celebrity-pelicula-de-woody-allen-que-se-proyecta-este-sabado-en-civivox-condestable\/#breadcrumb","itemListElement":[{"@type":"ListItem","position":1,"name":"Portada","item":"https:\/\/www.laguiadepamplona.com\/actualidad\/"},{"@type":"ListItem","position":2,"name":"El cine dentro del cine y las relaciones en torno a las celebridades se funden en \u2018Celebrity\u2019, pel\u00edcula de Woody Allen que se proyecta este s\u00e1bado en Civivox Condestable"}]},{"@type":"WebSite","@id":"https:\/\/www.laguiadepamplona.com\/actualidad\/#website","url":"https:\/\/www.laguiadepamplona.com\/actualidad\/","name":"La gu\u00eda de Pamplona","description":"Noticias de Pamplona","publisher":{"@id":"https:\/\/www.laguiadepamplona.com\/actualidad\/#organization"},"potentialAction":[{"@type":"SearchAction","target":{"@type":"EntryPoint","urlTemplate":"https:\/\/www.laguiadepamplona.com\/actualidad\/?s={search_term_string}"},"query-input":{"@type":"PropertyValueSpecification","valueRequired":true,"valueName":"search_term_string"}}],"inLanguage":"es"},{"@type":"Organization","@id":"https:\/\/www.laguiadepamplona.com\/actualidad\/#organization","name":"La Gu\u00eda de Pamplona \/ Noticias","url":"https:\/\/www.laguiadepamplona.com\/actualidad\/","logo":{"@type":"ImageObject","inLanguage":"es","@id":"https:\/\/www.laguiadepamplona.com\/actualidad\/#\/schema\/logo\/image\/","url":"https:\/\/www.laguiadepamplona.com\/actualidad\/wp-content\/uploads\/2018\/11\/logo-laguiadepamplona18-web1.png","contentUrl":"https:\/\/www.laguiadepamplona.com\/actualidad\/wp-content\/uploads\/2018\/11\/logo-laguiadepamplona18-web1.png","width":600,"height":196,"caption":"La Gu\u00eda de Pamplona \/ Noticias"},"image":{"@id":"https:\/\/www.laguiadepamplona.com\/actualidad\/#\/schema\/logo\/image\/"},"sameAs":["https:\/\/www.facebook.com\/laguiadepamplonacom-133175176762273\/?ref=hl","https:\/\/x.com\/LaGuiadPamplona","https:\/\/www.instagram.com\/la_guia_de_pamplona\/","https:\/\/www.youtube.com\/user\/laguiadepamplona"]},{"@type":"Person","@id":"https:\/\/www.laguiadepamplona.com\/actualidad\/#\/schema\/person\/efe887376f0213d4657c93adc50b1fdb","name":"La Gu\u00eda de Pamplona","image":{"@type":"ImageObject","inLanguage":"es","@id":"https:\/\/secure.gravatar.com\/avatar\/b6992f131dc8d30ab0dff15446e9d346d9dbd95992de0fef795073f5ea83a81c?s=96&d=mm&r=g","url":"https:\/\/secure.gravatar.com\/avatar\/b6992f131dc8d30ab0dff15446e9d346d9dbd95992de0fef795073f5ea83a81c?s=96&d=mm&r=g","contentUrl":"https:\/\/secure.gravatar.com\/avatar\/b6992f131dc8d30ab0dff15446e9d346d9dbd95992de0fef795073f5ea83a81c?s=96&d=mm&r=g","caption":"La Gu\u00eda de Pamplona"}}]}},"post_mailing_queue_ids":[],"_links":{"self":[{"href":"https:\/\/www.laguiadepamplona.com\/actualidad\/wp-json\/wp\/v2\/posts\/26712","targetHints":{"allow":["GET"]}}],"collection":[{"href":"https:\/\/www.laguiadepamplona.com\/actualidad\/wp-json\/wp\/v2\/posts"}],"about":[{"href":"https:\/\/www.laguiadepamplona.com\/actualidad\/wp-json\/wp\/v2\/types\/post"}],"author":[{"embeddable":true,"href":"https:\/\/www.laguiadepamplona.com\/actualidad\/wp-json\/wp\/v2\/users\/1"}],"replies":[{"embeddable":true,"href":"https:\/\/www.laguiadepamplona.com\/actualidad\/wp-json\/wp\/v2\/comments?post=26712"}],"version-history":[{"count":0,"href":"https:\/\/www.laguiadepamplona.com\/actualidad\/wp-json\/wp\/v2\/posts\/26712\/revisions"}],"wp:featuredmedia":[{"embeddable":true,"href":"https:\/\/www.laguiadepamplona.com\/actualidad\/wp-json\/wp\/v2\/media\/26714"}],"wp:attachment":[{"href":"https:\/\/www.laguiadepamplona.com\/actualidad\/wp-json\/wp\/v2\/media?parent=26712"}],"wp:term":[{"taxonomy":"category","embeddable":true,"href":"https:\/\/www.laguiadepamplona.com\/actualidad\/wp-json\/wp\/v2\/categories?post=26712"},{"taxonomy":"post_tag","embeddable":true,"href":"https:\/\/www.laguiadepamplona.com\/actualidad\/wp-json\/wp\/v2\/tags?post=26712"}],"curies":[{"name":"wp","href":"https:\/\/api.w.org\/{rel}","templated":true}]}}