{"id":26701,"date":"2019-12-04T12:08:13","date_gmt":"2019-12-04T10:08:13","guid":{"rendered":"https:\/\/www.laguiadepamplona.es\/actualidad\/?p=26701"},"modified":"2019-12-05T12:08:50","modified_gmt":"2019-12-05T10:08:50","slug":"pamplona-acoge-el-primer-encuentro-del-proyecto-europeo-potent-que-busca-intercambiar-experiencias-en-torno-a-la-descarbonizacion-y-la-transicion-ecologica","status":"publish","type":"post","link":"https:\/\/www.laguiadepamplona.com\/actualidad\/pamplona-acoge-el-primer-encuentro-del-proyecto-europeo-potent-que-busca-intercambiar-experiencias-en-torno-a-la-descarbonizacion-y-la-transicion-ecologica\/","title":{"rendered":"Pamplona acoge el primer encuentro del proyecto europeo POTenT, que busca intercambiar experiencias en torno a la descarbonizaci\u00f3n y la transici\u00f3n ecol\u00f3gica"},"content":{"rendered":"<h5>La semana pasada se celebraron dos jornadas de trabajo con la presencia de 40 representantes procedentes de siete pa\u00edses<\/h5>\n<p><!--more--><\/p>\n<p>El I Foro de Encuentro POTenT se celebr\u00f3 la semana pasada en Pamplona con la participaci\u00f3n de unos 40 representantes de todos los socios del proyecto. POTenT (Public Organisations Transform Energy Transition) pretende\u00a0lograr un progreso hacia una reducci\u00f3n de carbono un 10% superior a lo esperado o previsto en cada regi\u00f3n socia para el a\u00f1o 2023 mediante la mejora de la prestaci\u00f3n de servicios energ\u00e9ticos por parte de las autoridades p\u00fablicas. El proyecto cuenta con un presupuesto de 2.010.623 euros, de los que Pamplona aporta 186.920 euros, y una financiaci\u00f3n a trav\u00e9s del programa Interreg Europe del 85%.<\/p>\n<p>POTenT est\u00e1 liderado por la Agencia Energ\u00e9tica del Sur de Breta\u00f1a &#8211; ALOEN (Francia) y cuenta como socios con el Ayuntamiento de Pamplona, el Ayuntamiento de Parma (Italia), el Ayuntamiento de Milton Keynes (Reino Unido), el Ayuntamiento de Ostrava (Rep\u00fablica Checa), as\u00ed como las agencias energ\u00e9ticas del Sudeste de Suecia, de Tartu (Estonia), de Ettlingen (Alemania) y la Universidad Erasmus (Holanda). Este primer encuentro ya operativo del proyecto ha contado con dos jornadas de trabajo completas en diferentes espacios en los que se han presentado experiencias, generado debates abiertos entre todos los participantes y celebrado mesas de trabajo internas para cada grupo de <em>stakeholders<\/em> o agentes implicados.<\/p>\n<p>A trav\u00e9s de la colaboraci\u00f3n en este proyecto, los ocho socios podr\u00e1n mejorar los instrumentos de pol\u00edtica local y regional y aprovechar las nuevas inversiones de los instrumentos de pol\u00edtica del FEDER y los planes locales para reducir las emisiones de CO<sub>2<\/sub>.<\/p>\n<p><script async src=\"\/\/pagead2.googlesyndication.com\/pagead\/js\/adsbygoogle.js\"><\/script><br \/>\n<!-- Noticias La Guia de Pamplona --><br \/>\n<ins class=\"adsbygoogle\"\nstyle=\"display:block\"\ndata-ad-client=\"ca-pub-6943679897239327\"\ndata-ad-slot=\"7048180777\"\ndata-ad-format=\"auto\"><\/ins><br \/>\n<script>\n(adsbygoogle = window.adsbygoogle || []).push({});\n<\/script><\/p>\n<p><strong>Desarrollo de las jornadas de trabajo<\/strong><\/p>\n<p>Cada socio cuenta con un grupo de agentes implicados de su entorno local o regional, que le acompa\u00f1ar\u00e1n en el desarrollo del trabajo y en la aplicaci\u00f3n de las medidas de reducci\u00f3n de emisiones y transici\u00f3n energ\u00e9tica consecuencia del proyecto. El primer d\u00eda se escucharon ponencias como \u2018Desarrollo de una visi\u00f3n compartida para conseguir el objetivo Neutro en Carbono\u2019 desarrolladas por Peter Schilken de la asociaci\u00f3n Energy Cities, de la que la Agencia Energ\u00e9tica Municipal de Pamplona es socia. Durante la tarde se escucharon presentaciones como \u2018Implicaci\u00f3n de la ciudadan\u00eda local en proyectos de energ\u00eda sostenible\u2019 por parte del Ayuntamiento de Parma o \u2018Financiaci\u00f3n ciudadana de proyectos de energ\u00eda renovable\u2019 impartida por la asociaci\u00f3n Bretagne Energies Citoyennes.<\/p>\n<p>Al d\u00eda siguiente, la jornada comenz\u00f3 con una presentaci\u00f3n sobre \u2018Financiaci\u00f3n innovadora para proyectos de Energ\u00eda local sostenible\u2019 tambi\u00e9n por parte del municipio de Parma y \u2018Retorno de la inversi\u00f3n en viviendas por una energ\u00eda sostenible: el caso de Holanda\u2019.\u00a0 Experiencias todas ellas que mostraron datos reales de inversiones p\u00fablicas y privadas en este tipo de proyectos y sus retornos. A continuaci\u00f3n, desde Suecia, la empresa p\u00fablica V\u00e4xj\u00f6 Energie AB con su presentaci\u00f3n \u2018Una empresa local de energ\u00eda y su rol para conseguir los objetivos de ser una ciudad libre de combustibles f\u00f3siles en 2030\u2019 mostr\u00f3 el papel que ha tenido esa entidad en conseguir que V\u00e4xj\u00f6 haya sido nombrada La Ciudad m\u00e1s Verde de Europa y recibir en 2007 el Sustainable Energy Europe Award.<\/p>\n<p>El municipio brit\u00e1nico de Milton Keynes, por su parte, expuso el caso de \u00e9xito basado en su Fondo de Carbono que ha permitido recolectar millones de euros dentro de la propia ciudad que han sido invertidos en proyectos locales de reducci\u00f3n de emisiones y energ\u00eda sostenible. Por \u00faltimo, Pamplona describi\u00f3 el trabajo que se est\u00e1 haciendo dentro del proyecto Stardust, caminando hacia una <em>smart city<\/em> innovadora y m\u00e1s eficiente y renovable desde el punto de vista energ\u00e9tico. \u00a0Los grupos de trabajo que tuvieron lugar durante ambas sesiones permitieron profundizar en cada uno de los temas presentados, analizar la viabilidad de los mismos en cada regi\u00f3n y definir las necesidades de cada agente para dar los siguientes pasos en su implementaci\u00f3n.<\/p>\n<p><script async src=\"\/\/pagead2.googlesyndication.com\/pagead\/js\/adsbygoogle.js\"><\/script><br \/>\n<!-- Noticias La Guia de Pamplona --><br \/>\n<ins class=\"adsbygoogle\"\nstyle=\"display:block\"\ndata-ad-client=\"ca-pub-6943679897239327\"\ndata-ad-slot=\"7048180777\"\ndata-ad-format=\"auto\"><\/ins><br \/>\n<script>\n(adsbygoogle = window.adsbygoogle || []).push({});\n<\/script><\/p>\n<p><strong>Hasta julio de 2023<\/strong><\/p>\n<p>El proyecto POTenT ech\u00f3 a andar a principios del pasado mes de julio con una reuni\u00f3n de trabajo en la localidad francesa de Lorient, en la que se estableci\u00f3 un calendario de trabajo hasta julio de 2022. En ese tiempo, los miembros del proyecto se comprometen a trabajar para seguir avanzando en la reducci\u00f3n de emisiones mediante la mejora de prestaci\u00f3n de servicios energ\u00e9ticos por parte de las autoridades p\u00fablicas.<\/p>\n<p>A partir de julio de 2022 dar\u00e1 comienzo una segunda fase, centrada en el seguimiento de los resultados obtenidos, que durar\u00e1 otros doce meses, hasta julio de 2023. La iniciativa POTenT pretende as\u00ed poner en valor el papel de las ciudades como actores clave en esta transici\u00f3n energ\u00e9tica para la que 2030 ser\u00e1 una fecha estrat\u00e9gica, ya que la Uni\u00f3n Europea ha fijado ese a\u00f1o como l\u00edmite para cumplir una serie de objetivos de reducci\u00f3n de emisiones. Toda la informaci\u00f3n se puede consultar en las webs del Ayuntamiento de Pamplona (<a href=\"https:\/\/www.pamplona.es\/ayuntamiento\/proyectos-estrategicos\/POTEnT\" target=\"_blank\" rel=\"noopener noreferrer\">https:\/\/www.pamplona.es\/ayuntamiento\/proyectos-estrategicos\/POTEnT<\/a> y del propio proyecto POTenT (<a href=\"https:\/\/www.interregeurope.eu\/potent\/\" target=\"_blank\" rel=\"noopener noreferrer\">https:\/\/www.interregeurope.eu\/potent\/<\/a>)<\/p>\n","protected":false},"excerpt":{"rendered":"<p>La semana pasada se celebraron dos jornadas de trabajo con la presencia de 40 representantes procedentes de siete pa\u00edses<\/p>\n","protected":false},"author":1,"featured_media":26703,"comment_status":"open","ping_status":"closed","sticky":false,"template":"","format":"standard","meta":{"footnotes":""},"categories":[2],"tags":[],"class_list":["post-26701","post","type-post","status-publish","format-standard","has-post-thumbnail","hentry","category-ayuntamiento-pamplona"],"yoast_head":"<!-- This site is optimized with the Yoast SEO plugin v27.3 - https:\/\/yoast.com\/product\/yoast-seo-wordpress\/ -->\n<title>Pamplona acoge el primer encuentro del proyecto europeo POTenT, que busca intercambiar experiencias en torno a la descarbonizaci\u00f3n y la transici\u00f3n ecol\u00f3gica<\/title>\n<meta name=\"robots\" content=\"index, follow, max-snippet:-1, max-image-preview:large, max-video-preview:-1\" \/>\n<link rel=\"canonical\" href=\"https:\/\/www.laguiadepamplona.com\/actualidad\/pamplona-acoge-el-primer-encuentro-del-proyecto-europeo-potent-que-busca-intercambiar-experiencias-en-torno-a-la-descarbonizacion-y-la-transicion-ecologica\/\" \/>\n<meta property=\"og:locale\" content=\"es_ES\" \/>\n<meta property=\"og:type\" content=\"article\" \/>\n<meta property=\"og:title\" content=\"Pamplona acoge el primer encuentro del proyecto europeo POTenT, que busca intercambiar experiencias en torno a la descarbonizaci\u00f3n y la transici\u00f3n ecol\u00f3gica\" \/>\n<meta property=\"og:description\" content=\"La semana pasada se celebraron dos jornadas de trabajo con la presencia de 40 representantes procedentes de siete pa\u00edses\" \/>\n<meta property=\"og:url\" content=\"https:\/\/www.laguiadepamplona.com\/actualidad\/pamplona-acoge-el-primer-encuentro-del-proyecto-europeo-potent-que-busca-intercambiar-experiencias-en-torno-a-la-descarbonizacion-y-la-transicion-ecologica\/\" \/>\n<meta property=\"og:site_name\" content=\"La Gu\u00eda de Pamplona\" \/>\n<meta property=\"article:publisher\" content=\"https:\/\/www.facebook.com\/laguiadepamplonacom-133175176762273\/?ref=hl\" \/>\n<meta property=\"article:published_time\" content=\"2019-12-04T10:08:13+00:00\" \/>\n<meta property=\"article:modified_time\" content=\"2019-12-05T10:08:50+00:00\" \/>\n<meta property=\"og:image\" content=\"https:\/\/www.laguiadepamplona.com\/actualidad\/wp-content\/uploads\/2019\/12\/19.12.04_reunion_potent.jpg\" \/>\n\t<meta property=\"og:image:width\" content=\"1920\" \/>\n\t<meta property=\"og:image:height\" content=\"1007\" \/>\n\t<meta property=\"og:image:type\" content=\"image\/jpeg\" \/>\n<meta name=\"author\" content=\"La Gu\u00eda de Pamplona\" \/>\n<meta name=\"twitter:card\" content=\"summary_large_image\" \/>\n<meta name=\"twitter:creator\" content=\"@LaGuiadPamplona\" \/>\n<meta name=\"twitter:site\" content=\"@LaGuiadPamplona\" \/>\n<meta name=\"twitter:label1\" content=\"Escrito por\" \/>\n\t<meta name=\"twitter:data1\" content=\"La Gu\u00eda de Pamplona\" \/>\n\t<meta name=\"twitter:label2\" content=\"Tiempo de lectura\" \/>\n\t<meta name=\"twitter:data2\" content=\"4 minutos\" \/>\n<script type=\"application\/ld+json\" class=\"yoast-schema-graph\">{\"@context\":\"https:\\\/\\\/schema.org\",\"@graph\":[{\"@type\":\"Article\",\"@id\":\"https:\\\/\\\/www.laguiadepamplona.com\\\/actualidad\\\/pamplona-acoge-el-primer-encuentro-del-proyecto-europeo-potent-que-busca-intercambiar-experiencias-en-torno-a-la-descarbonizacion-y-la-transicion-ecologica\\\/#article\",\"isPartOf\":{\"@id\":\"https:\\\/\\\/www.laguiadepamplona.com\\\/actualidad\\\/pamplona-acoge-el-primer-encuentro-del-proyecto-europeo-potent-que-busca-intercambiar-experiencias-en-torno-a-la-descarbonizacion-y-la-transicion-ecologica\\\/\"},\"author\":{\"name\":\"La Gu\u00eda de Pamplona\",\"@id\":\"https:\\\/\\\/www.laguiadepamplona.com\\\/actualidad\\\/#\\\/schema\\\/person\\\/efe887376f0213d4657c93adc50b1fdb\"},\"headline\":\"Pamplona acoge el primer encuentro del proyecto europeo POTenT, que busca intercambiar experiencias en torno a la descarbonizaci\u00f3n y la transici\u00f3n ecol\u00f3gica\",\"datePublished\":\"2019-12-04T10:08:13+00:00\",\"dateModified\":\"2019-12-05T10:08:50+00:00\",\"mainEntityOfPage\":{\"@id\":\"https:\\\/\\\/www.laguiadepamplona.com\\\/actualidad\\\/pamplona-acoge-el-primer-encuentro-del-proyecto-europeo-potent-que-busca-intercambiar-experiencias-en-torno-a-la-descarbonizacion-y-la-transicion-ecologica\\\/\"},\"wordCount\":898,\"commentCount\":0,\"publisher\":{\"@id\":\"https:\\\/\\\/www.laguiadepamplona.com\\\/actualidad\\\/#organization\"},\"image\":{\"@id\":\"https:\\\/\\\/www.laguiadepamplona.com\\\/actualidad\\\/pamplona-acoge-el-primer-encuentro-del-proyecto-europeo-potent-que-busca-intercambiar-experiencias-en-torno-a-la-descarbonizacion-y-la-transicion-ecologica\\\/#primaryimage\"},\"thumbnailUrl\":\"https:\\\/\\\/www.laguiadepamplona.com\\\/actualidad\\\/wp-content\\\/uploads\\\/2019\\\/12\\\/19.12.04_reunion_potent.jpg\",\"articleSection\":[\"Ayto Pamplona\"],\"inLanguage\":\"es\",\"potentialAction\":[{\"@type\":\"CommentAction\",\"name\":\"Comment\",\"target\":[\"https:\\\/\\\/www.laguiadepamplona.com\\\/actualidad\\\/pamplona-acoge-el-primer-encuentro-del-proyecto-europeo-potent-que-busca-intercambiar-experiencias-en-torno-a-la-descarbonizacion-y-la-transicion-ecologica\\\/#respond\"]}]},{\"@type\":\"WebPage\",\"@id\":\"https:\\\/\\\/www.laguiadepamplona.com\\\/actualidad\\\/pamplona-acoge-el-primer-encuentro-del-proyecto-europeo-potent-que-busca-intercambiar-experiencias-en-torno-a-la-descarbonizacion-y-la-transicion-ecologica\\\/\",\"url\":\"https:\\\/\\\/www.laguiadepamplona.com\\\/actualidad\\\/pamplona-acoge-el-primer-encuentro-del-proyecto-europeo-potent-que-busca-intercambiar-experiencias-en-torno-a-la-descarbonizacion-y-la-transicion-ecologica\\\/\",\"name\":\"Pamplona acoge el primer encuentro del proyecto europeo POTenT, que busca intercambiar experiencias en torno a la descarbonizaci\u00f3n y la transici\u00f3n ecol\u00f3gica\",\"isPartOf\":{\"@id\":\"https:\\\/\\\/www.laguiadepamplona.com\\\/actualidad\\\/#website\"},\"primaryImageOfPage\":{\"@id\":\"https:\\\/\\\/www.laguiadepamplona.com\\\/actualidad\\\/pamplona-acoge-el-primer-encuentro-del-proyecto-europeo-potent-que-busca-intercambiar-experiencias-en-torno-a-la-descarbonizacion-y-la-transicion-ecologica\\\/#primaryimage\"},\"image\":{\"@id\":\"https:\\\/\\\/www.laguiadepamplona.com\\\/actualidad\\\/pamplona-acoge-el-primer-encuentro-del-proyecto-europeo-potent-que-busca-intercambiar-experiencias-en-torno-a-la-descarbonizacion-y-la-transicion-ecologica\\\/#primaryimage\"},\"thumbnailUrl\":\"https:\\\/\\\/www.laguiadepamplona.com\\\/actualidad\\\/wp-content\\\/uploads\\\/2019\\\/12\\\/19.12.04_reunion_potent.jpg\",\"datePublished\":\"2019-12-04T10:08:13+00:00\",\"dateModified\":\"2019-12-05T10:08:50+00:00\",\"breadcrumb\":{\"@id\":\"https:\\\/\\\/www.laguiadepamplona.com\\\/actualidad\\\/pamplona-acoge-el-primer-encuentro-del-proyecto-europeo-potent-que-busca-intercambiar-experiencias-en-torno-a-la-descarbonizacion-y-la-transicion-ecologica\\\/#breadcrumb\"},\"inLanguage\":\"es\",\"potentialAction\":[{\"@type\":\"ReadAction\",\"target\":[\"https:\\\/\\\/www.laguiadepamplona.com\\\/actualidad\\\/pamplona-acoge-el-primer-encuentro-del-proyecto-europeo-potent-que-busca-intercambiar-experiencias-en-torno-a-la-descarbonizacion-y-la-transicion-ecologica\\\/\"]}]},{\"@type\":\"ImageObject\",\"inLanguage\":\"es\",\"@id\":\"https:\\\/\\\/www.laguiadepamplona.com\\\/actualidad\\\/pamplona-acoge-el-primer-encuentro-del-proyecto-europeo-potent-que-busca-intercambiar-experiencias-en-torno-a-la-descarbonizacion-y-la-transicion-ecologica\\\/#primaryimage\",\"url\":\"https:\\\/\\\/www.laguiadepamplona.com\\\/actualidad\\\/wp-content\\\/uploads\\\/2019\\\/12\\\/19.12.04_reunion_potent.jpg\",\"contentUrl\":\"https:\\\/\\\/www.laguiadepamplona.com\\\/actualidad\\\/wp-content\\\/uploads\\\/2019\\\/12\\\/19.12.04_reunion_potent.jpg\",\"width\":1920,\"height\":1007},{\"@type\":\"BreadcrumbList\",\"@id\":\"https:\\\/\\\/www.laguiadepamplona.com\\\/actualidad\\\/pamplona-acoge-el-primer-encuentro-del-proyecto-europeo-potent-que-busca-intercambiar-experiencias-en-torno-a-la-descarbonizacion-y-la-transicion-ecologica\\\/#breadcrumb\",\"itemListElement\":[{\"@type\":\"ListItem\",\"position\":1,\"name\":\"Portada\",\"item\":\"https:\\\/\\\/www.laguiadepamplona.com\\\/actualidad\\\/\"},{\"@type\":\"ListItem\",\"position\":2,\"name\":\"Pamplona acoge el primer encuentro del proyecto europeo POTenT, que busca intercambiar experiencias en torno a la descarbonizaci\u00f3n y la transici\u00f3n ecol\u00f3gica\"}]},{\"@type\":\"WebSite\",\"@id\":\"https:\\\/\\\/www.laguiadepamplona.com\\\/actualidad\\\/#website\",\"url\":\"https:\\\/\\\/www.laguiadepamplona.com\\\/actualidad\\\/\",\"name\":\"La gu\u00eda de Pamplona\",\"description\":\"Noticias de Pamplona\",\"publisher\":{\"@id\":\"https:\\\/\\\/www.laguiadepamplona.com\\\/actualidad\\\/#organization\"},\"potentialAction\":[{\"@type\":\"SearchAction\",\"target\":{\"@type\":\"EntryPoint\",\"urlTemplate\":\"https:\\\/\\\/www.laguiadepamplona.com\\\/actualidad\\\/?s={search_term_string}\"},\"query-input\":{\"@type\":\"PropertyValueSpecification\",\"valueRequired\":true,\"valueName\":\"search_term_string\"}}],\"inLanguage\":\"es\"},{\"@type\":\"Organization\",\"@id\":\"https:\\\/\\\/www.laguiadepamplona.com\\\/actualidad\\\/#organization\",\"name\":\"La Gu\u00eda de Pamplona \\\/ Noticias\",\"url\":\"https:\\\/\\\/www.laguiadepamplona.com\\\/actualidad\\\/\",\"logo\":{\"@type\":\"ImageObject\",\"inLanguage\":\"es\",\"@id\":\"https:\\\/\\\/www.laguiadepamplona.com\\\/actualidad\\\/#\\\/schema\\\/logo\\\/image\\\/\",\"url\":\"https:\\\/\\\/www.laguiadepamplona.com\\\/actualidad\\\/wp-content\\\/uploads\\\/2018\\\/11\\\/logo-laguiadepamplona18-web1.png\",\"contentUrl\":\"https:\\\/\\\/www.laguiadepamplona.com\\\/actualidad\\\/wp-content\\\/uploads\\\/2018\\\/11\\\/logo-laguiadepamplona18-web1.png\",\"width\":600,\"height\":196,\"caption\":\"La Gu\u00eda de Pamplona \\\/ Noticias\"},\"image\":{\"@id\":\"https:\\\/\\\/www.laguiadepamplona.com\\\/actualidad\\\/#\\\/schema\\\/logo\\\/image\\\/\"},\"sameAs\":[\"https:\\\/\\\/www.facebook.com\\\/laguiadepamplonacom-133175176762273\\\/?ref=hl\",\"https:\\\/\\\/x.com\\\/LaGuiadPamplona\",\"https:\\\/\\\/www.instagram.com\\\/la_guia_de_pamplona\\\/\",\"https:\\\/\\\/www.youtube.com\\\/user\\\/laguiadepamplona\"]},{\"@type\":\"Person\",\"@id\":\"https:\\\/\\\/www.laguiadepamplona.com\\\/actualidad\\\/#\\\/schema\\\/person\\\/efe887376f0213d4657c93adc50b1fdb\",\"name\":\"La Gu\u00eda de Pamplona\",\"image\":{\"@type\":\"ImageObject\",\"inLanguage\":\"es\",\"@id\":\"https:\\\/\\\/secure.gravatar.com\\\/avatar\\\/b6992f131dc8d30ab0dff15446e9d346d9dbd95992de0fef795073f5ea83a81c?s=96&d=mm&r=g\",\"url\":\"https:\\\/\\\/secure.gravatar.com\\\/avatar\\\/b6992f131dc8d30ab0dff15446e9d346d9dbd95992de0fef795073f5ea83a81c?s=96&d=mm&r=g\",\"contentUrl\":\"https:\\\/\\\/secure.gravatar.com\\\/avatar\\\/b6992f131dc8d30ab0dff15446e9d346d9dbd95992de0fef795073f5ea83a81c?s=96&d=mm&r=g\",\"caption\":\"La Gu\u00eda de Pamplona\"}}]}<\/script>\n<!-- \/ Yoast SEO plugin. -->","yoast_head_json":{"title":"Pamplona acoge el primer encuentro del proyecto europeo POTenT, que busca intercambiar experiencias en torno a la descarbonizaci\u00f3n y la transici\u00f3n ecol\u00f3gica","robots":{"index":"index","follow":"follow","max-snippet":"max-snippet:-1","max-image-preview":"max-image-preview:large","max-video-preview":"max-video-preview:-1"},"canonical":"https:\/\/www.laguiadepamplona.com\/actualidad\/pamplona-acoge-el-primer-encuentro-del-proyecto-europeo-potent-que-busca-intercambiar-experiencias-en-torno-a-la-descarbonizacion-y-la-transicion-ecologica\/","og_locale":"es_ES","og_type":"article","og_title":"Pamplona acoge el primer encuentro del proyecto europeo POTenT, que busca intercambiar experiencias en torno a la descarbonizaci\u00f3n y la transici\u00f3n ecol\u00f3gica","og_description":"La semana pasada se celebraron dos jornadas de trabajo con la presencia de 40 representantes procedentes de siete pa\u00edses","og_url":"https:\/\/www.laguiadepamplona.com\/actualidad\/pamplona-acoge-el-primer-encuentro-del-proyecto-europeo-potent-que-busca-intercambiar-experiencias-en-torno-a-la-descarbonizacion-y-la-transicion-ecologica\/","og_site_name":"La Gu\u00eda de Pamplona","article_publisher":"https:\/\/www.facebook.com\/laguiadepamplonacom-133175176762273\/?ref=hl","article_published_time":"2019-12-04T10:08:13+00:00","article_modified_time":"2019-12-05T10:08:50+00:00","og_image":[{"width":1920,"height":1007,"url":"https:\/\/www.laguiadepamplona.com\/actualidad\/wp-content\/uploads\/2019\/12\/19.12.04_reunion_potent.jpg","type":"image\/jpeg"}],"author":"La Gu\u00eda de Pamplona","twitter_card":"summary_large_image","twitter_creator":"@LaGuiadPamplona","twitter_site":"@LaGuiadPamplona","twitter_misc":{"Escrito por":"La Gu\u00eda de Pamplona","Tiempo de lectura":"4 minutos"},"schema":{"@context":"https:\/\/schema.org","@graph":[{"@type":"Article","@id":"https:\/\/www.laguiadepamplona.com\/actualidad\/pamplona-acoge-el-primer-encuentro-del-proyecto-europeo-potent-que-busca-intercambiar-experiencias-en-torno-a-la-descarbonizacion-y-la-transicion-ecologica\/#article","isPartOf":{"@id":"https:\/\/www.laguiadepamplona.com\/actualidad\/pamplona-acoge-el-primer-encuentro-del-proyecto-europeo-potent-que-busca-intercambiar-experiencias-en-torno-a-la-descarbonizacion-y-la-transicion-ecologica\/"},"author":{"name":"La Gu\u00eda de Pamplona","@id":"https:\/\/www.laguiadepamplona.com\/actualidad\/#\/schema\/person\/efe887376f0213d4657c93adc50b1fdb"},"headline":"Pamplona acoge el primer encuentro del proyecto europeo POTenT, que busca intercambiar experiencias en torno a la descarbonizaci\u00f3n y la transici\u00f3n ecol\u00f3gica","datePublished":"2019-12-04T10:08:13+00:00","dateModified":"2019-12-05T10:08:50+00:00","mainEntityOfPage":{"@id":"https:\/\/www.laguiadepamplona.com\/actualidad\/pamplona-acoge-el-primer-encuentro-del-proyecto-europeo-potent-que-busca-intercambiar-experiencias-en-torno-a-la-descarbonizacion-y-la-transicion-ecologica\/"},"wordCount":898,"commentCount":0,"publisher":{"@id":"https:\/\/www.laguiadepamplona.com\/actualidad\/#organization"},"image":{"@id":"https:\/\/www.laguiadepamplona.com\/actualidad\/pamplona-acoge-el-primer-encuentro-del-proyecto-europeo-potent-que-busca-intercambiar-experiencias-en-torno-a-la-descarbonizacion-y-la-transicion-ecologica\/#primaryimage"},"thumbnailUrl":"https:\/\/www.laguiadepamplona.com\/actualidad\/wp-content\/uploads\/2019\/12\/19.12.04_reunion_potent.jpg","articleSection":["Ayto Pamplona"],"inLanguage":"es","potentialAction":[{"@type":"CommentAction","name":"Comment","target":["https:\/\/www.laguiadepamplona.com\/actualidad\/pamplona-acoge-el-primer-encuentro-del-proyecto-europeo-potent-que-busca-intercambiar-experiencias-en-torno-a-la-descarbonizacion-y-la-transicion-ecologica\/#respond"]}]},{"@type":"WebPage","@id":"https:\/\/www.laguiadepamplona.com\/actualidad\/pamplona-acoge-el-primer-encuentro-del-proyecto-europeo-potent-que-busca-intercambiar-experiencias-en-torno-a-la-descarbonizacion-y-la-transicion-ecologica\/","url":"https:\/\/www.laguiadepamplona.com\/actualidad\/pamplona-acoge-el-primer-encuentro-del-proyecto-europeo-potent-que-busca-intercambiar-experiencias-en-torno-a-la-descarbonizacion-y-la-transicion-ecologica\/","name":"Pamplona acoge el primer encuentro del proyecto europeo POTenT, que busca intercambiar experiencias en torno a la descarbonizaci\u00f3n y la transici\u00f3n ecol\u00f3gica","isPartOf":{"@id":"https:\/\/www.laguiadepamplona.com\/actualidad\/#website"},"primaryImageOfPage":{"@id":"https:\/\/www.laguiadepamplona.com\/actualidad\/pamplona-acoge-el-primer-encuentro-del-proyecto-europeo-potent-que-busca-intercambiar-experiencias-en-torno-a-la-descarbonizacion-y-la-transicion-ecologica\/#primaryimage"},"image":{"@id":"https:\/\/www.laguiadepamplona.com\/actualidad\/pamplona-acoge-el-primer-encuentro-del-proyecto-europeo-potent-que-busca-intercambiar-experiencias-en-torno-a-la-descarbonizacion-y-la-transicion-ecologica\/#primaryimage"},"thumbnailUrl":"https:\/\/www.laguiadepamplona.com\/actualidad\/wp-content\/uploads\/2019\/12\/19.12.04_reunion_potent.jpg","datePublished":"2019-12-04T10:08:13+00:00","dateModified":"2019-12-05T10:08:50+00:00","breadcrumb":{"@id":"https:\/\/www.laguiadepamplona.com\/actualidad\/pamplona-acoge-el-primer-encuentro-del-proyecto-europeo-potent-que-busca-intercambiar-experiencias-en-torno-a-la-descarbonizacion-y-la-transicion-ecologica\/#breadcrumb"},"inLanguage":"es","potentialAction":[{"@type":"ReadAction","target":["https:\/\/www.laguiadepamplona.com\/actualidad\/pamplona-acoge-el-primer-encuentro-del-proyecto-europeo-potent-que-busca-intercambiar-experiencias-en-torno-a-la-descarbonizacion-y-la-transicion-ecologica\/"]}]},{"@type":"ImageObject","inLanguage":"es","@id":"https:\/\/www.laguiadepamplona.com\/actualidad\/pamplona-acoge-el-primer-encuentro-del-proyecto-europeo-potent-que-busca-intercambiar-experiencias-en-torno-a-la-descarbonizacion-y-la-transicion-ecologica\/#primaryimage","url":"https:\/\/www.laguiadepamplona.com\/actualidad\/wp-content\/uploads\/2019\/12\/19.12.04_reunion_potent.jpg","contentUrl":"https:\/\/www.laguiadepamplona.com\/actualidad\/wp-content\/uploads\/2019\/12\/19.12.04_reunion_potent.jpg","width":1920,"height":1007},{"@type":"BreadcrumbList","@id":"https:\/\/www.laguiadepamplona.com\/actualidad\/pamplona-acoge-el-primer-encuentro-del-proyecto-europeo-potent-que-busca-intercambiar-experiencias-en-torno-a-la-descarbonizacion-y-la-transicion-ecologica\/#breadcrumb","itemListElement":[{"@type":"ListItem","position":1,"name":"Portada","item":"https:\/\/www.laguiadepamplona.com\/actualidad\/"},{"@type":"ListItem","position":2,"name":"Pamplona acoge el primer encuentro del proyecto europeo POTenT, que busca intercambiar experiencias en torno a la descarbonizaci\u00f3n y la transici\u00f3n ecol\u00f3gica"}]},{"@type":"WebSite","@id":"https:\/\/www.laguiadepamplona.com\/actualidad\/#website","url":"https:\/\/www.laguiadepamplona.com\/actualidad\/","name":"La gu\u00eda de Pamplona","description":"Noticias de Pamplona","publisher":{"@id":"https:\/\/www.laguiadepamplona.com\/actualidad\/#organization"},"potentialAction":[{"@type":"SearchAction","target":{"@type":"EntryPoint","urlTemplate":"https:\/\/www.laguiadepamplona.com\/actualidad\/?s={search_term_string}"},"query-input":{"@type":"PropertyValueSpecification","valueRequired":true,"valueName":"search_term_string"}}],"inLanguage":"es"},{"@type":"Organization","@id":"https:\/\/www.laguiadepamplona.com\/actualidad\/#organization","name":"La Gu\u00eda de Pamplona \/ Noticias","url":"https:\/\/www.laguiadepamplona.com\/actualidad\/","logo":{"@type":"ImageObject","inLanguage":"es","@id":"https:\/\/www.laguiadepamplona.com\/actualidad\/#\/schema\/logo\/image\/","url":"https:\/\/www.laguiadepamplona.com\/actualidad\/wp-content\/uploads\/2018\/11\/logo-laguiadepamplona18-web1.png","contentUrl":"https:\/\/www.laguiadepamplona.com\/actualidad\/wp-content\/uploads\/2018\/11\/logo-laguiadepamplona18-web1.png","width":600,"height":196,"caption":"La Gu\u00eda de Pamplona \/ Noticias"},"image":{"@id":"https:\/\/www.laguiadepamplona.com\/actualidad\/#\/schema\/logo\/image\/"},"sameAs":["https:\/\/www.facebook.com\/laguiadepamplonacom-133175176762273\/?ref=hl","https:\/\/x.com\/LaGuiadPamplona","https:\/\/www.instagram.com\/la_guia_de_pamplona\/","https:\/\/www.youtube.com\/user\/laguiadepamplona"]},{"@type":"Person","@id":"https:\/\/www.laguiadepamplona.com\/actualidad\/#\/schema\/person\/efe887376f0213d4657c93adc50b1fdb","name":"La Gu\u00eda de Pamplona","image":{"@type":"ImageObject","inLanguage":"es","@id":"https:\/\/secure.gravatar.com\/avatar\/b6992f131dc8d30ab0dff15446e9d346d9dbd95992de0fef795073f5ea83a81c?s=96&d=mm&r=g","url":"https:\/\/secure.gravatar.com\/avatar\/b6992f131dc8d30ab0dff15446e9d346d9dbd95992de0fef795073f5ea83a81c?s=96&d=mm&r=g","contentUrl":"https:\/\/secure.gravatar.com\/avatar\/b6992f131dc8d30ab0dff15446e9d346d9dbd95992de0fef795073f5ea83a81c?s=96&d=mm&r=g","caption":"La Gu\u00eda de Pamplona"}}]}},"post_mailing_queue_ids":[],"_links":{"self":[{"href":"https:\/\/www.laguiadepamplona.com\/actualidad\/wp-json\/wp\/v2\/posts\/26701","targetHints":{"allow":["GET"]}}],"collection":[{"href":"https:\/\/www.laguiadepamplona.com\/actualidad\/wp-json\/wp\/v2\/posts"}],"about":[{"href":"https:\/\/www.laguiadepamplona.com\/actualidad\/wp-json\/wp\/v2\/types\/post"}],"author":[{"embeddable":true,"href":"https:\/\/www.laguiadepamplona.com\/actualidad\/wp-json\/wp\/v2\/users\/1"}],"replies":[{"embeddable":true,"href":"https:\/\/www.laguiadepamplona.com\/actualidad\/wp-json\/wp\/v2\/comments?post=26701"}],"version-history":[{"count":0,"href":"https:\/\/www.laguiadepamplona.com\/actualidad\/wp-json\/wp\/v2\/posts\/26701\/revisions"}],"wp:featuredmedia":[{"embeddable":true,"href":"https:\/\/www.laguiadepamplona.com\/actualidad\/wp-json\/wp\/v2\/media\/26703"}],"wp:attachment":[{"href":"https:\/\/www.laguiadepamplona.com\/actualidad\/wp-json\/wp\/v2\/media?parent=26701"}],"wp:term":[{"taxonomy":"category","embeddable":true,"href":"https:\/\/www.laguiadepamplona.com\/actualidad\/wp-json\/wp\/v2\/categories?post=26701"},{"taxonomy":"post_tag","embeddable":true,"href":"https:\/\/www.laguiadepamplona.com\/actualidad\/wp-json\/wp\/v2\/tags?post=26701"}],"curies":[{"name":"wp","href":"https:\/\/api.w.org\/{rel}","templated":true}]}}