{"id":26688,"date":"2019-12-02T13:00:11","date_gmt":"2019-12-02T11:00:11","guid":{"rendered":"https:\/\/www.laguiadepamplona.es\/actualidad\/?p=26688"},"modified":"2019-12-02T13:00:22","modified_gmt":"2019-12-02T11:00:22","slug":"pamplona-recibe-un-premio-en-almeria-por-la-colocacion-de-pictogramas-en-los-pasos-de-peatones-semaforizados-dirigidos-a-menores-con-autismo","status":"publish","type":"post","link":"https:\/\/www.laguiadepamplona.com\/actualidad\/pamplona-recibe-un-premio-en-almeria-por-la-colocacion-de-pictogramas-en-los-pasos-de-peatones-semaforizados-dirigidos-a-menores-con-autismo\/","title":{"rendered":"Pamplona recibe un premio en Almer\u00eda por la colocaci\u00f3n de pictogramas en los pasos de peatones semaforizados dirigidos a menores con autismo"},"content":{"rendered":"<h5>El premio lo otorga la Federaci\u00f3n Almeriense de Asociaciones de Personas con Discapacidad (FAAM)<\/h5>\n<p><!--more--><\/p>\n<p>El Ayuntamiento de Pamplona recibi\u00f3 la semana pasada en Almer\u00eda el premio FAAM Oro Accesibilidad Universal, concedido por la Federaci\u00f3n Almeriense de Asociaciones de Personas con Discapacidad, por la se\u00f1alizaci\u00f3n con pictogramas dirigidos a menores con autismo de los 342 pasos de peatones semaforizados de la ciudad. El premio lo recibi\u00f3 el concejal delegado de Proyectos Estrat\u00e9gicos, Movilidad y Sostenibilidad, Ferm\u00edn Alonso, en un acto que tuvo lugar en el Paraninfo de la Universidad de Almer\u00eda.<\/p>\n<p><script async src=\"\/\/pagead2.googlesyndication.com\/pagead\/js\/adsbygoogle.js\"><\/script><br \/>\n<!-- Noticias La Guia de Pamplona --><br \/>\n<ins class=\"adsbygoogle\"\nstyle=\"display:block\"\ndata-ad-client=\"ca-pub-6943679897239327\"\ndata-ad-slot=\"7048180777\"\ndata-ad-format=\"auto\"><\/ins><br \/>\n<script>\n(adsbygoogle = window.adsbygoogle || []).push({});\n<\/script><\/p>\n<p>Estos premios quieren reconocer el trabajo y la apuesta de personas, entidades y empresas que en sus diferentes \u00e1mbitos han promovido la inclusi\u00f3n social de las personas con discapacidad. Adem\u00e1s de al Ayuntamiento de Pamplona, la Federaci\u00f3n Almeriense de Asociaciones de Personas con Discapacidad (FAAM) ha premiado a la Fundaci\u00f3n AMPANS de Manresa (Catalu\u00f1a), la Fundaci\u00f3n Juegaterapia, el actor Jes\u00fas Vidal, la cient\u00edfica e investigadora Juliana Martins Da Rosa, la periodista Roc\u00edo Amores o la Asociaci\u00f3n de Voluntarios Oncol\u00f3gicos Infantil (AVOI), entre otros.<\/p>\n<p>La colocaci\u00f3n de pictogramas en los pasos de peatones semaforizados fue una iniciativa pionera, que traslad\u00f3 al Ayuntamiento la Asociaci\u00f3n Navarra de Autismo (ANA). Los pictogramas van m\u00e1s all\u00e1 del simple dibujo, ya que explican las alternativas del rojo y verde del sem\u00e1foro con una historia social, con m\u00e1s elementos en la descripci\u00f3n. El pictograma instalado muestra las dos situaciones que se pueden dar en un paso de peatones semaforizado. El dibujo en rojo de una persona junto al paso de peatones tachado representa la idea de que no se puede cruzar.<\/p>\n<p>El jurado de los premios FAAM ha destacado el impulso de un proyecto \u201cque permite que las personas con discapacidad intelectual o alg\u00fan trastorno del espectro autista puedan interpretar adecuadamente las se\u00f1ales lum\u00ednicas de los sem\u00e1foros\u201d. El dise\u00f1o de los pictogramas lo llev\u00f3 a cabo ARASAAC (Portal\u00a0Aragon\u00e9s\u00a0de la Comunicaci\u00f3n Aumentativa y Alternativa) y se test\u00f3 con psic\u00f3logos y menores con autismo de ANA para comprobar su efectividad y entendimiento.<\/p>\n","protected":false},"excerpt":{"rendered":"<p>El premio lo otorga la Federaci\u00f3n Almeriense de Asociaciones de Personas con Discapacidad (FAAM)<\/p>\n","protected":false},"author":1,"featured_media":26690,"comment_status":"open","ping_status":"closed","sticky":false,"template":"","format":"standard","meta":{"footnotes":""},"categories":[2],"tags":[],"class_list":["post-26688","post","type-post","status-publish","format-standard","has-post-thumbnail","hentry","category-ayuntamiento-pamplona"],"yoast_head":"<!-- This site is optimized with the Yoast SEO plugin v27.3 - https:\/\/yoast.com\/product\/yoast-seo-wordpress\/ -->\n<title>Pamplona recibe un premio en Almer\u00eda por la colocaci\u00f3n de pictogramas en los pasos de peatones semaforizados dirigidos a menores con autismo<\/title>\n<meta name=\"robots\" content=\"index, follow, max-snippet:-1, max-image-preview:large, max-video-preview:-1\" \/>\n<link rel=\"canonical\" href=\"https:\/\/www.laguiadepamplona.com\/actualidad\/pamplona-recibe-un-premio-en-almeria-por-la-colocacion-de-pictogramas-en-los-pasos-de-peatones-semaforizados-dirigidos-a-menores-con-autismo\/\" \/>\n<meta property=\"og:locale\" content=\"es_ES\" \/>\n<meta property=\"og:type\" content=\"article\" \/>\n<meta property=\"og:title\" content=\"Pamplona recibe un premio en Almer\u00eda por la colocaci\u00f3n de pictogramas en los pasos de peatones semaforizados dirigidos a menores con autismo\" \/>\n<meta property=\"og:description\" content=\"El premio lo otorga la Federaci\u00f3n Almeriense de Asociaciones de Personas con Discapacidad (FAAM)\" \/>\n<meta property=\"og:url\" content=\"https:\/\/www.laguiadepamplona.com\/actualidad\/pamplona-recibe-un-premio-en-almeria-por-la-colocacion-de-pictogramas-en-los-pasos-de-peatones-semaforizados-dirigidos-a-menores-con-autismo\/\" \/>\n<meta property=\"og:site_name\" content=\"La Gu\u00eda de Pamplona\" \/>\n<meta property=\"article:publisher\" content=\"https:\/\/www.facebook.com\/laguiadepamplonacom-133175176762273\/?ref=hl\" \/>\n<meta property=\"article:published_time\" content=\"2019-12-02T11:00:11+00:00\" \/>\n<meta property=\"article:modified_time\" content=\"2019-12-02T11:00:22+00:00\" \/>\n<meta property=\"og:image\" content=\"https:\/\/www.laguiadepamplona.com\/actualidad\/wp-content\/uploads\/2019\/12\/premio-almeria-pictograma-semaforo-autismo.jpg\" \/>\n\t<meta property=\"og:image:width\" content=\"840\" \/>\n\t<meta property=\"og:image:height\" content=\"473\" \/>\n\t<meta property=\"og:image:type\" content=\"image\/jpeg\" \/>\n<meta name=\"author\" content=\"La Gu\u00eda de Pamplona\" \/>\n<meta name=\"twitter:card\" content=\"summary_large_image\" \/>\n<meta name=\"twitter:creator\" content=\"@LaGuiadPamplona\" \/>\n<meta name=\"twitter:site\" content=\"@LaGuiadPamplona\" \/>\n<meta name=\"twitter:label1\" content=\"Escrito por\" \/>\n\t<meta name=\"twitter:data1\" content=\"La Gu\u00eda de Pamplona\" \/>\n\t<meta name=\"twitter:label2\" content=\"Tiempo de lectura\" \/>\n\t<meta name=\"twitter:data2\" content=\"2 minutos\" \/>\n<script type=\"application\/ld+json\" class=\"yoast-schema-graph\">{\"@context\":\"https:\\\/\\\/schema.org\",\"@graph\":[{\"@type\":\"Article\",\"@id\":\"https:\\\/\\\/www.laguiadepamplona.com\\\/actualidad\\\/pamplona-recibe-un-premio-en-almeria-por-la-colocacion-de-pictogramas-en-los-pasos-de-peatones-semaforizados-dirigidos-a-menores-con-autismo\\\/#article\",\"isPartOf\":{\"@id\":\"https:\\\/\\\/www.laguiadepamplona.com\\\/actualidad\\\/pamplona-recibe-un-premio-en-almeria-por-la-colocacion-de-pictogramas-en-los-pasos-de-peatones-semaforizados-dirigidos-a-menores-con-autismo\\\/\"},\"author\":{\"name\":\"La Gu\u00eda de Pamplona\",\"@id\":\"https:\\\/\\\/www.laguiadepamplona.com\\\/actualidad\\\/#\\\/schema\\\/person\\\/efe887376f0213d4657c93adc50b1fdb\"},\"headline\":\"Pamplona recibe un premio en Almer\u00eda por la colocaci\u00f3n de pictogramas en los pasos de peatones semaforizados dirigidos a menores con autismo\",\"datePublished\":\"2019-12-02T11:00:11+00:00\",\"dateModified\":\"2019-12-02T11:00:22+00:00\",\"mainEntityOfPage\":{\"@id\":\"https:\\\/\\\/www.laguiadepamplona.com\\\/actualidad\\\/pamplona-recibe-un-premio-en-almeria-por-la-colocacion-de-pictogramas-en-los-pasos-de-peatones-semaforizados-dirigidos-a-menores-con-autismo\\\/\"},\"wordCount\":392,\"commentCount\":0,\"publisher\":{\"@id\":\"https:\\\/\\\/www.laguiadepamplona.com\\\/actualidad\\\/#organization\"},\"image\":{\"@id\":\"https:\\\/\\\/www.laguiadepamplona.com\\\/actualidad\\\/pamplona-recibe-un-premio-en-almeria-por-la-colocacion-de-pictogramas-en-los-pasos-de-peatones-semaforizados-dirigidos-a-menores-con-autismo\\\/#primaryimage\"},\"thumbnailUrl\":\"https:\\\/\\\/www.laguiadepamplona.com\\\/actualidad\\\/wp-content\\\/uploads\\\/2019\\\/12\\\/premio-almeria-pictograma-semaforo-autismo.jpg\",\"articleSection\":[\"Ayto Pamplona\"],\"inLanguage\":\"es\",\"potentialAction\":[{\"@type\":\"CommentAction\",\"name\":\"Comment\",\"target\":[\"https:\\\/\\\/www.laguiadepamplona.com\\\/actualidad\\\/pamplona-recibe-un-premio-en-almeria-por-la-colocacion-de-pictogramas-en-los-pasos-de-peatones-semaforizados-dirigidos-a-menores-con-autismo\\\/#respond\"]}]},{\"@type\":\"WebPage\",\"@id\":\"https:\\\/\\\/www.laguiadepamplona.com\\\/actualidad\\\/pamplona-recibe-un-premio-en-almeria-por-la-colocacion-de-pictogramas-en-los-pasos-de-peatones-semaforizados-dirigidos-a-menores-con-autismo\\\/\",\"url\":\"https:\\\/\\\/www.laguiadepamplona.com\\\/actualidad\\\/pamplona-recibe-un-premio-en-almeria-por-la-colocacion-de-pictogramas-en-los-pasos-de-peatones-semaforizados-dirigidos-a-menores-con-autismo\\\/\",\"name\":\"Pamplona recibe un premio en Almer\u00eda por la colocaci\u00f3n de pictogramas en los pasos de peatones semaforizados dirigidos a menores con autismo\",\"isPartOf\":{\"@id\":\"https:\\\/\\\/www.laguiadepamplona.com\\\/actualidad\\\/#website\"},\"primaryImageOfPage\":{\"@id\":\"https:\\\/\\\/www.laguiadepamplona.com\\\/actualidad\\\/pamplona-recibe-un-premio-en-almeria-por-la-colocacion-de-pictogramas-en-los-pasos-de-peatones-semaforizados-dirigidos-a-menores-con-autismo\\\/#primaryimage\"},\"image\":{\"@id\":\"https:\\\/\\\/www.laguiadepamplona.com\\\/actualidad\\\/pamplona-recibe-un-premio-en-almeria-por-la-colocacion-de-pictogramas-en-los-pasos-de-peatones-semaforizados-dirigidos-a-menores-con-autismo\\\/#primaryimage\"},\"thumbnailUrl\":\"https:\\\/\\\/www.laguiadepamplona.com\\\/actualidad\\\/wp-content\\\/uploads\\\/2019\\\/12\\\/premio-almeria-pictograma-semaforo-autismo.jpg\",\"datePublished\":\"2019-12-02T11:00:11+00:00\",\"dateModified\":\"2019-12-02T11:00:22+00:00\",\"breadcrumb\":{\"@id\":\"https:\\\/\\\/www.laguiadepamplona.com\\\/actualidad\\\/pamplona-recibe-un-premio-en-almeria-por-la-colocacion-de-pictogramas-en-los-pasos-de-peatones-semaforizados-dirigidos-a-menores-con-autismo\\\/#breadcrumb\"},\"inLanguage\":\"es\",\"potentialAction\":[{\"@type\":\"ReadAction\",\"target\":[\"https:\\\/\\\/www.laguiadepamplona.com\\\/actualidad\\\/pamplona-recibe-un-premio-en-almeria-por-la-colocacion-de-pictogramas-en-los-pasos-de-peatones-semaforizados-dirigidos-a-menores-con-autismo\\\/\"]}]},{\"@type\":\"ImageObject\",\"inLanguage\":\"es\",\"@id\":\"https:\\\/\\\/www.laguiadepamplona.com\\\/actualidad\\\/pamplona-recibe-un-premio-en-almeria-por-la-colocacion-de-pictogramas-en-los-pasos-de-peatones-semaforizados-dirigidos-a-menores-con-autismo\\\/#primaryimage\",\"url\":\"https:\\\/\\\/www.laguiadepamplona.com\\\/actualidad\\\/wp-content\\\/uploads\\\/2019\\\/12\\\/premio-almeria-pictograma-semaforo-autismo.jpg\",\"contentUrl\":\"https:\\\/\\\/www.laguiadepamplona.com\\\/actualidad\\\/wp-content\\\/uploads\\\/2019\\\/12\\\/premio-almeria-pictograma-semaforo-autismo.jpg\",\"width\":840,\"height\":473},{\"@type\":\"BreadcrumbList\",\"@id\":\"https:\\\/\\\/www.laguiadepamplona.com\\\/actualidad\\\/pamplona-recibe-un-premio-en-almeria-por-la-colocacion-de-pictogramas-en-los-pasos-de-peatones-semaforizados-dirigidos-a-menores-con-autismo\\\/#breadcrumb\",\"itemListElement\":[{\"@type\":\"ListItem\",\"position\":1,\"name\":\"Portada\",\"item\":\"https:\\\/\\\/www.laguiadepamplona.com\\\/actualidad\\\/\"},{\"@type\":\"ListItem\",\"position\":2,\"name\":\"Pamplona recibe un premio en Almer\u00eda por la colocaci\u00f3n de pictogramas en los pasos de peatones semaforizados dirigidos a menores con autismo\"}]},{\"@type\":\"WebSite\",\"@id\":\"https:\\\/\\\/www.laguiadepamplona.com\\\/actualidad\\\/#website\",\"url\":\"https:\\\/\\\/www.laguiadepamplona.com\\\/actualidad\\\/\",\"name\":\"La gu\u00eda de Pamplona\",\"description\":\"Noticias de Pamplona\",\"publisher\":{\"@id\":\"https:\\\/\\\/www.laguiadepamplona.com\\\/actualidad\\\/#organization\"},\"potentialAction\":[{\"@type\":\"SearchAction\",\"target\":{\"@type\":\"EntryPoint\",\"urlTemplate\":\"https:\\\/\\\/www.laguiadepamplona.com\\\/actualidad\\\/?s={search_term_string}\"},\"query-input\":{\"@type\":\"PropertyValueSpecification\",\"valueRequired\":true,\"valueName\":\"search_term_string\"}}],\"inLanguage\":\"es\"},{\"@type\":\"Organization\",\"@id\":\"https:\\\/\\\/www.laguiadepamplona.com\\\/actualidad\\\/#organization\",\"name\":\"La Gu\u00eda de Pamplona \\\/ Noticias\",\"url\":\"https:\\\/\\\/www.laguiadepamplona.com\\\/actualidad\\\/\",\"logo\":{\"@type\":\"ImageObject\",\"inLanguage\":\"es\",\"@id\":\"https:\\\/\\\/www.laguiadepamplona.com\\\/actualidad\\\/#\\\/schema\\\/logo\\\/image\\\/\",\"url\":\"https:\\\/\\\/www.laguiadepamplona.com\\\/actualidad\\\/wp-content\\\/uploads\\\/2018\\\/11\\\/logo-laguiadepamplona18-web1.png\",\"contentUrl\":\"https:\\\/\\\/www.laguiadepamplona.com\\\/actualidad\\\/wp-content\\\/uploads\\\/2018\\\/11\\\/logo-laguiadepamplona18-web1.png\",\"width\":600,\"height\":196,\"caption\":\"La Gu\u00eda de Pamplona \\\/ Noticias\"},\"image\":{\"@id\":\"https:\\\/\\\/www.laguiadepamplona.com\\\/actualidad\\\/#\\\/schema\\\/logo\\\/image\\\/\"},\"sameAs\":[\"https:\\\/\\\/www.facebook.com\\\/laguiadepamplonacom-133175176762273\\\/?ref=hl\",\"https:\\\/\\\/x.com\\\/LaGuiadPamplona\",\"https:\\\/\\\/www.instagram.com\\\/la_guia_de_pamplona\\\/\",\"https:\\\/\\\/www.youtube.com\\\/user\\\/laguiadepamplona\"]},{\"@type\":\"Person\",\"@id\":\"https:\\\/\\\/www.laguiadepamplona.com\\\/actualidad\\\/#\\\/schema\\\/person\\\/efe887376f0213d4657c93adc50b1fdb\",\"name\":\"La Gu\u00eda de Pamplona\",\"image\":{\"@type\":\"ImageObject\",\"inLanguage\":\"es\",\"@id\":\"https:\\\/\\\/secure.gravatar.com\\\/avatar\\\/b6992f131dc8d30ab0dff15446e9d346d9dbd95992de0fef795073f5ea83a81c?s=96&d=mm&r=g\",\"url\":\"https:\\\/\\\/secure.gravatar.com\\\/avatar\\\/b6992f131dc8d30ab0dff15446e9d346d9dbd95992de0fef795073f5ea83a81c?s=96&d=mm&r=g\",\"contentUrl\":\"https:\\\/\\\/secure.gravatar.com\\\/avatar\\\/b6992f131dc8d30ab0dff15446e9d346d9dbd95992de0fef795073f5ea83a81c?s=96&d=mm&r=g\",\"caption\":\"La Gu\u00eda de Pamplona\"}}]}<\/script>\n<!-- \/ Yoast SEO plugin. -->","yoast_head_json":{"title":"Pamplona recibe un premio en Almer\u00eda por la colocaci\u00f3n de pictogramas en los pasos de peatones semaforizados dirigidos a menores con autismo","robots":{"index":"index","follow":"follow","max-snippet":"max-snippet:-1","max-image-preview":"max-image-preview:large","max-video-preview":"max-video-preview:-1"},"canonical":"https:\/\/www.laguiadepamplona.com\/actualidad\/pamplona-recibe-un-premio-en-almeria-por-la-colocacion-de-pictogramas-en-los-pasos-de-peatones-semaforizados-dirigidos-a-menores-con-autismo\/","og_locale":"es_ES","og_type":"article","og_title":"Pamplona recibe un premio en Almer\u00eda por la colocaci\u00f3n de pictogramas en los pasos de peatones semaforizados dirigidos a menores con autismo","og_description":"El premio lo otorga la Federaci\u00f3n Almeriense de Asociaciones de Personas con Discapacidad (FAAM)","og_url":"https:\/\/www.laguiadepamplona.com\/actualidad\/pamplona-recibe-un-premio-en-almeria-por-la-colocacion-de-pictogramas-en-los-pasos-de-peatones-semaforizados-dirigidos-a-menores-con-autismo\/","og_site_name":"La Gu\u00eda de Pamplona","article_publisher":"https:\/\/www.facebook.com\/laguiadepamplonacom-133175176762273\/?ref=hl","article_published_time":"2019-12-02T11:00:11+00:00","article_modified_time":"2019-12-02T11:00:22+00:00","og_image":[{"width":840,"height":473,"url":"https:\/\/www.laguiadepamplona.com\/actualidad\/wp-content\/uploads\/2019\/12\/premio-almeria-pictograma-semaforo-autismo.jpg","type":"image\/jpeg"}],"author":"La Gu\u00eda de Pamplona","twitter_card":"summary_large_image","twitter_creator":"@LaGuiadPamplona","twitter_site":"@LaGuiadPamplona","twitter_misc":{"Escrito por":"La Gu\u00eda de Pamplona","Tiempo de lectura":"2 minutos"},"schema":{"@context":"https:\/\/schema.org","@graph":[{"@type":"Article","@id":"https:\/\/www.laguiadepamplona.com\/actualidad\/pamplona-recibe-un-premio-en-almeria-por-la-colocacion-de-pictogramas-en-los-pasos-de-peatones-semaforizados-dirigidos-a-menores-con-autismo\/#article","isPartOf":{"@id":"https:\/\/www.laguiadepamplona.com\/actualidad\/pamplona-recibe-un-premio-en-almeria-por-la-colocacion-de-pictogramas-en-los-pasos-de-peatones-semaforizados-dirigidos-a-menores-con-autismo\/"},"author":{"name":"La Gu\u00eda de Pamplona","@id":"https:\/\/www.laguiadepamplona.com\/actualidad\/#\/schema\/person\/efe887376f0213d4657c93adc50b1fdb"},"headline":"Pamplona recibe un premio en Almer\u00eda por la colocaci\u00f3n de pictogramas en los pasos de peatones semaforizados dirigidos a menores con autismo","datePublished":"2019-12-02T11:00:11+00:00","dateModified":"2019-12-02T11:00:22+00:00","mainEntityOfPage":{"@id":"https:\/\/www.laguiadepamplona.com\/actualidad\/pamplona-recibe-un-premio-en-almeria-por-la-colocacion-de-pictogramas-en-los-pasos-de-peatones-semaforizados-dirigidos-a-menores-con-autismo\/"},"wordCount":392,"commentCount":0,"publisher":{"@id":"https:\/\/www.laguiadepamplona.com\/actualidad\/#organization"},"image":{"@id":"https:\/\/www.laguiadepamplona.com\/actualidad\/pamplona-recibe-un-premio-en-almeria-por-la-colocacion-de-pictogramas-en-los-pasos-de-peatones-semaforizados-dirigidos-a-menores-con-autismo\/#primaryimage"},"thumbnailUrl":"https:\/\/www.laguiadepamplona.com\/actualidad\/wp-content\/uploads\/2019\/12\/premio-almeria-pictograma-semaforo-autismo.jpg","articleSection":["Ayto Pamplona"],"inLanguage":"es","potentialAction":[{"@type":"CommentAction","name":"Comment","target":["https:\/\/www.laguiadepamplona.com\/actualidad\/pamplona-recibe-un-premio-en-almeria-por-la-colocacion-de-pictogramas-en-los-pasos-de-peatones-semaforizados-dirigidos-a-menores-con-autismo\/#respond"]}]},{"@type":"WebPage","@id":"https:\/\/www.laguiadepamplona.com\/actualidad\/pamplona-recibe-un-premio-en-almeria-por-la-colocacion-de-pictogramas-en-los-pasos-de-peatones-semaforizados-dirigidos-a-menores-con-autismo\/","url":"https:\/\/www.laguiadepamplona.com\/actualidad\/pamplona-recibe-un-premio-en-almeria-por-la-colocacion-de-pictogramas-en-los-pasos-de-peatones-semaforizados-dirigidos-a-menores-con-autismo\/","name":"Pamplona recibe un premio en Almer\u00eda por la colocaci\u00f3n de pictogramas en los pasos de peatones semaforizados dirigidos a menores con autismo","isPartOf":{"@id":"https:\/\/www.laguiadepamplona.com\/actualidad\/#website"},"primaryImageOfPage":{"@id":"https:\/\/www.laguiadepamplona.com\/actualidad\/pamplona-recibe-un-premio-en-almeria-por-la-colocacion-de-pictogramas-en-los-pasos-de-peatones-semaforizados-dirigidos-a-menores-con-autismo\/#primaryimage"},"image":{"@id":"https:\/\/www.laguiadepamplona.com\/actualidad\/pamplona-recibe-un-premio-en-almeria-por-la-colocacion-de-pictogramas-en-los-pasos-de-peatones-semaforizados-dirigidos-a-menores-con-autismo\/#primaryimage"},"thumbnailUrl":"https:\/\/www.laguiadepamplona.com\/actualidad\/wp-content\/uploads\/2019\/12\/premio-almeria-pictograma-semaforo-autismo.jpg","datePublished":"2019-12-02T11:00:11+00:00","dateModified":"2019-12-02T11:00:22+00:00","breadcrumb":{"@id":"https:\/\/www.laguiadepamplona.com\/actualidad\/pamplona-recibe-un-premio-en-almeria-por-la-colocacion-de-pictogramas-en-los-pasos-de-peatones-semaforizados-dirigidos-a-menores-con-autismo\/#breadcrumb"},"inLanguage":"es","potentialAction":[{"@type":"ReadAction","target":["https:\/\/www.laguiadepamplona.com\/actualidad\/pamplona-recibe-un-premio-en-almeria-por-la-colocacion-de-pictogramas-en-los-pasos-de-peatones-semaforizados-dirigidos-a-menores-con-autismo\/"]}]},{"@type":"ImageObject","inLanguage":"es","@id":"https:\/\/www.laguiadepamplona.com\/actualidad\/pamplona-recibe-un-premio-en-almeria-por-la-colocacion-de-pictogramas-en-los-pasos-de-peatones-semaforizados-dirigidos-a-menores-con-autismo\/#primaryimage","url":"https:\/\/www.laguiadepamplona.com\/actualidad\/wp-content\/uploads\/2019\/12\/premio-almeria-pictograma-semaforo-autismo.jpg","contentUrl":"https:\/\/www.laguiadepamplona.com\/actualidad\/wp-content\/uploads\/2019\/12\/premio-almeria-pictograma-semaforo-autismo.jpg","width":840,"height":473},{"@type":"BreadcrumbList","@id":"https:\/\/www.laguiadepamplona.com\/actualidad\/pamplona-recibe-un-premio-en-almeria-por-la-colocacion-de-pictogramas-en-los-pasos-de-peatones-semaforizados-dirigidos-a-menores-con-autismo\/#breadcrumb","itemListElement":[{"@type":"ListItem","position":1,"name":"Portada","item":"https:\/\/www.laguiadepamplona.com\/actualidad\/"},{"@type":"ListItem","position":2,"name":"Pamplona recibe un premio en Almer\u00eda por la colocaci\u00f3n de pictogramas en los pasos de peatones semaforizados dirigidos a menores con autismo"}]},{"@type":"WebSite","@id":"https:\/\/www.laguiadepamplona.com\/actualidad\/#website","url":"https:\/\/www.laguiadepamplona.com\/actualidad\/","name":"La gu\u00eda de Pamplona","description":"Noticias de Pamplona","publisher":{"@id":"https:\/\/www.laguiadepamplona.com\/actualidad\/#organization"},"potentialAction":[{"@type":"SearchAction","target":{"@type":"EntryPoint","urlTemplate":"https:\/\/www.laguiadepamplona.com\/actualidad\/?s={search_term_string}"},"query-input":{"@type":"PropertyValueSpecification","valueRequired":true,"valueName":"search_term_string"}}],"inLanguage":"es"},{"@type":"Organization","@id":"https:\/\/www.laguiadepamplona.com\/actualidad\/#organization","name":"La Gu\u00eda de Pamplona \/ Noticias","url":"https:\/\/www.laguiadepamplona.com\/actualidad\/","logo":{"@type":"ImageObject","inLanguage":"es","@id":"https:\/\/www.laguiadepamplona.com\/actualidad\/#\/schema\/logo\/image\/","url":"https:\/\/www.laguiadepamplona.com\/actualidad\/wp-content\/uploads\/2018\/11\/logo-laguiadepamplona18-web1.png","contentUrl":"https:\/\/www.laguiadepamplona.com\/actualidad\/wp-content\/uploads\/2018\/11\/logo-laguiadepamplona18-web1.png","width":600,"height":196,"caption":"La Gu\u00eda de Pamplona \/ Noticias"},"image":{"@id":"https:\/\/www.laguiadepamplona.com\/actualidad\/#\/schema\/logo\/image\/"},"sameAs":["https:\/\/www.facebook.com\/laguiadepamplonacom-133175176762273\/?ref=hl","https:\/\/x.com\/LaGuiadPamplona","https:\/\/www.instagram.com\/la_guia_de_pamplona\/","https:\/\/www.youtube.com\/user\/laguiadepamplona"]},{"@type":"Person","@id":"https:\/\/www.laguiadepamplona.com\/actualidad\/#\/schema\/person\/efe887376f0213d4657c93adc50b1fdb","name":"La Gu\u00eda de Pamplona","image":{"@type":"ImageObject","inLanguage":"es","@id":"https:\/\/secure.gravatar.com\/avatar\/b6992f131dc8d30ab0dff15446e9d346d9dbd95992de0fef795073f5ea83a81c?s=96&d=mm&r=g","url":"https:\/\/secure.gravatar.com\/avatar\/b6992f131dc8d30ab0dff15446e9d346d9dbd95992de0fef795073f5ea83a81c?s=96&d=mm&r=g","contentUrl":"https:\/\/secure.gravatar.com\/avatar\/b6992f131dc8d30ab0dff15446e9d346d9dbd95992de0fef795073f5ea83a81c?s=96&d=mm&r=g","caption":"La Gu\u00eda de Pamplona"}}]}},"post_mailing_queue_ids":[],"_links":{"self":[{"href":"https:\/\/www.laguiadepamplona.com\/actualidad\/wp-json\/wp\/v2\/posts\/26688","targetHints":{"allow":["GET"]}}],"collection":[{"href":"https:\/\/www.laguiadepamplona.com\/actualidad\/wp-json\/wp\/v2\/posts"}],"about":[{"href":"https:\/\/www.laguiadepamplona.com\/actualidad\/wp-json\/wp\/v2\/types\/post"}],"author":[{"embeddable":true,"href":"https:\/\/www.laguiadepamplona.com\/actualidad\/wp-json\/wp\/v2\/users\/1"}],"replies":[{"embeddable":true,"href":"https:\/\/www.laguiadepamplona.com\/actualidad\/wp-json\/wp\/v2\/comments?post=26688"}],"version-history":[{"count":0,"href":"https:\/\/www.laguiadepamplona.com\/actualidad\/wp-json\/wp\/v2\/posts\/26688\/revisions"}],"wp:featuredmedia":[{"embeddable":true,"href":"https:\/\/www.laguiadepamplona.com\/actualidad\/wp-json\/wp\/v2\/media\/26690"}],"wp:attachment":[{"href":"https:\/\/www.laguiadepamplona.com\/actualidad\/wp-json\/wp\/v2\/media?parent=26688"}],"wp:term":[{"taxonomy":"category","embeddable":true,"href":"https:\/\/www.laguiadepamplona.com\/actualidad\/wp-json\/wp\/v2\/categories?post=26688"},{"taxonomy":"post_tag","embeddable":true,"href":"https:\/\/www.laguiadepamplona.com\/actualidad\/wp-json\/wp\/v2\/tags?post=26688"}],"curies":[{"name":"wp","href":"https:\/\/api.w.org\/{rel}","templated":true}]}}