{"id":26658,"date":"2019-11-28T18:46:35","date_gmt":"2019-11-28T16:46:35","guid":{"rendered":"https:\/\/www.laguiadepamplona.es\/actualidad\/?p=26658"},"modified":"2019-11-28T18:47:41","modified_gmt":"2019-11-28T16:47:41","slug":"la-lenteur-de-paul-alexandre-llevara-la-calma-al-pabellon-de-mixtos-de-la-ciudadela-con-sus-instantaneas-atemporales-e-intimistas","status":"publish","type":"post","link":"https:\/\/www.laguiadepamplona.com\/actualidad\/la-lenteur-de-paul-alexandre-llevara-la-calma-al-pabellon-de-mixtos-de-la-ciudadela-con-sus-instantaneas-atemporales-e-intimistas\/","title":{"rendered":"\u2018La lenteur\u2019, de Paul Alexandre, llevar\u00e1 la calma al Pabell\u00f3n de Mixtos de la Ciudadela con sus instant\u00e1neas atemporales e intimistas"},"content":{"rendered":"<h5>La exposici\u00f3n de este artista franc\u00e9s, que incluye 63 fotograf\u00edas, la mayor\u00eda en blanco y negro, permanecer\u00e1 abierta hasta el 19 de enero<\/h5>\n<p><!--more--><\/p>\n<p>\u2018La lentuer\u2019 (\u2018La lentitud\u2019) es el nombre con el que el artista franc\u00e9s Paul Alexandre ha bautizado su \u00faltima exposici\u00f3n fotogr\u00e1fica, trasladando solo con esta palabra al visitante a un espacio en calma, atemporal, ajeno al trepidante ritmo de vida de la sociedad actual. La muestra, que recoge m\u00e1s de medio centenar de instant\u00e1neas, se ha inaugurado hoy en el Pabell\u00f3n de Mixtos de la Ciudadela, en un acto en el que han participado el director del \u00e1rea de Cultura e Igualdad, Jorge Urd\u00e1noz, y la responsable de exposiciones de diChroma Photography, Tessa Demichel. La exposici\u00f3n podr\u00e1 visitarse hasta el 19 de enero, en el horario habitual de la Ciudadela, de martes a vienes de 18 a 20:30 horas, s\u00e1bados de 12 a 14 y de 18 a 20:30, y domingos y festivos, de 12 a 14 horas.<\/p>\n<p>La exposici\u00f3n trae a Pamplona un total de 63 fotograf\u00edas del artista, en las que el juego del blanco y negro y la apuesta por los detalles dejan al margen cualquier referencia temporal. A trav\u00e9s de fotograf\u00edas Polaroid, Paul Alexandre traslada al visitante a un lugar en ninguna parte, a un momento atemporal. Las instant\u00e1neas capturan sombras, hojas, nubes, ni\u00f1os jugando y escenas de la ciudad en un esfuerzo por reflejar el detalle y propiciar la sugesti\u00f3n en quien observa la escena, buscando algo m\u00e1gico en lo aleatorio; lo extraordinario en lo ordinario, como ha descrito Tessa Demichel en la rueda de prensa.<\/p>\n<p><script async src=\"\/\/pagead2.googlesyndication.com\/pagead\/js\/adsbygoogle.js\"><\/script><br \/>\n<!-- Noticias La Guia de Pamplona --><br \/>\n<ins class=\"adsbygoogle\"\nstyle=\"display:block\"\ndata-ad-client=\"ca-pub-6943679897239327\"\ndata-ad-slot=\"7048180777\"\ndata-ad-format=\"auto\"><\/ins><br \/>\n<script>\n(adsbygoogle = window.adsbygoogle || []).push({});\n<\/script><\/p>\n<p><strong>Reinventar el tiempo<\/strong><\/p>\n<p>La muestra recoge fotograf\u00edas tomadas por Paul Alexandre con su c\u00e1mara Polaroid durante los \u00faltimos quince a\u00f1os. Se trata de una exposici\u00f3n intimista, de un trabajo muy minimalista, que convierte cada imagen en una poes\u00eda visual. Las fotograf\u00edas van acompa\u00f1adas por textos de la escritora Celine Walter, amiga del artista. Tal y como describe la directora de diChroma Photography y comisaria de la exposici\u00f3n, Anne Morin, en el libro editado sobre la muestra, \u201ccada una de estas fotograf\u00edas reinventa una forma de tiempo a trav\u00e9s de un juego sutil de tensiones y liberaci\u00f3n\u201d. Las im\u00e1genes capturadas por Paul Alexandre carecen de tiempo astron\u00f3mico. Por el contrario, buscan cierta diacron\u00eda, huyendo de cualquier continuidad lineal.<\/p>\n<p>Las instant\u00e1neas convierten im\u00e1genes casuales y habituales en arte a trav\u00e9s de una cuidada preocupaci\u00f3n por el encuadre, la luz, la forma y el instante en el que se captura la escena. Una ventana abierta, un libro a mitad de la lectura, un columpio con una marcada ausencia de alguien que lo impulse son peque\u00f1os gui\u00f1os del artista que llevan al visitante a abstraerse del hoy y ahora y viajar a un tiempo indeterminado y una realidad simple y evocadora.<\/p>\n<p>Paul Alexandre es un escultor, fot\u00f3grafo y escritor franc\u00e9s que ha hecho de la discreci\u00f3n su estilo de vida. Huyendo de cualquier exposici\u00f3n p\u00fablica y ajeno a las nuevas tecnolog\u00edas, lleva a\u00f1os instalado en un peque\u00f1o pueblo de los Alpes, donde no cuenta con conexi\u00f3n a internet, y rechaza aparecer en actos p\u00fablicos. Su obra gira en torno a los peque\u00f1os detalles de la vida y de la naturaleza, que plasma en sus fotograf\u00edas y esculturas. Recientemente, ha expuesto en el Centro de Arte Compredon de L\u2019Isle Sur la Sorgue (Francia), en una muestra junto con la actriz Jessica Lange.<\/p>\n","protected":false},"excerpt":{"rendered":"<p>La exposici\u00f3n de este artista franc\u00e9s, que incluye 63 fotograf\u00edas, la mayor\u00eda en blanco y negro, permanecer\u00e1 abierta hasta el 19 de enero<\/p>\n","protected":false},"author":1,"featured_media":17343,"comment_status":"open","ping_status":"closed","sticky":false,"template":"","format":"standard","meta":{"footnotes":""},"categories":[2],"tags":[],"class_list":["post-26658","post","type-post","status-publish","format-standard","has-post-thumbnail","hentry","category-ayuntamiento-pamplona"],"yoast_head":"<!-- This site is optimized with the Yoast SEO plugin v27.3 - https:\/\/yoast.com\/product\/yoast-seo-wordpress\/ -->\n<title>\u2018La lenteur\u2019, de Paul Alexandre, llevar\u00e1 la calma al Pabell\u00f3n de Mixtos de la Ciudadela con sus instant\u00e1neas atemporales e intimistas<\/title>\n<meta name=\"robots\" content=\"index, follow, max-snippet:-1, max-image-preview:large, max-video-preview:-1\" \/>\n<link rel=\"canonical\" href=\"https:\/\/www.laguiadepamplona.com\/actualidad\/la-lenteur-de-paul-alexandre-llevara-la-calma-al-pabellon-de-mixtos-de-la-ciudadela-con-sus-instantaneas-atemporales-e-intimistas\/\" \/>\n<meta property=\"og:locale\" content=\"es_ES\" \/>\n<meta property=\"og:type\" content=\"article\" \/>\n<meta property=\"og:title\" content=\"\u2018La lenteur\u2019, de Paul Alexandre, llevar\u00e1 la calma al Pabell\u00f3n de Mixtos de la Ciudadela con sus instant\u00e1neas atemporales e intimistas\" \/>\n<meta property=\"og:description\" content=\"La exposici\u00f3n de este artista franc\u00e9s, que incluye 63 fotograf\u00edas, la mayor\u00eda en blanco y negro, permanecer\u00e1 abierta hasta el 19 de enero\" \/>\n<meta property=\"og:url\" content=\"https:\/\/www.laguiadepamplona.com\/actualidad\/la-lenteur-de-paul-alexandre-llevara-la-calma-al-pabellon-de-mixtos-de-la-ciudadela-con-sus-instantaneas-atemporales-e-intimistas\/\" \/>\n<meta property=\"og:site_name\" content=\"La Gu\u00eda de Pamplona\" \/>\n<meta property=\"article:publisher\" content=\"https:\/\/www.facebook.com\/laguiadepamplonacom-133175176762273\/?ref=hl\" \/>\n<meta property=\"article:published_time\" content=\"2019-11-28T16:46:35+00:00\" \/>\n<meta property=\"article:modified_time\" content=\"2019-11-28T16:47:41+00:00\" \/>\n<meta property=\"og:image\" content=\"https:\/\/www.laguiadepamplona.com\/actualidad\/wp-content\/uploads\/2018\/05\/pabellon-mixtos-ciudadela.jpg\" \/>\n\t<meta property=\"og:image:width\" content=\"1000\" \/>\n\t<meta property=\"og:image:height\" content=\"667\" \/>\n\t<meta property=\"og:image:type\" content=\"image\/jpeg\" \/>\n<meta name=\"author\" content=\"La Gu\u00eda de Pamplona\" \/>\n<meta name=\"twitter:card\" content=\"summary_large_image\" \/>\n<meta name=\"twitter:creator\" content=\"@LaGuiadPamplona\" \/>\n<meta name=\"twitter:site\" content=\"@LaGuiadPamplona\" \/>\n<meta name=\"twitter:label1\" content=\"Escrito por\" \/>\n\t<meta name=\"twitter:data1\" content=\"La Gu\u00eda de Pamplona\" \/>\n\t<meta name=\"twitter:label2\" content=\"Tiempo de lectura\" \/>\n\t<meta name=\"twitter:data2\" content=\"3 minutos\" \/>\n<script type=\"application\/ld+json\" class=\"yoast-schema-graph\">{\"@context\":\"https:\\\/\\\/schema.org\",\"@graph\":[{\"@type\":\"Article\",\"@id\":\"https:\\\/\\\/www.laguiadepamplona.com\\\/actualidad\\\/la-lenteur-de-paul-alexandre-llevara-la-calma-al-pabellon-de-mixtos-de-la-ciudadela-con-sus-instantaneas-atemporales-e-intimistas\\\/#article\",\"isPartOf\":{\"@id\":\"https:\\\/\\\/www.laguiadepamplona.com\\\/actualidad\\\/la-lenteur-de-paul-alexandre-llevara-la-calma-al-pabellon-de-mixtos-de-la-ciudadela-con-sus-instantaneas-atemporales-e-intimistas\\\/\"},\"author\":{\"name\":\"La Gu\u00eda de Pamplona\",\"@id\":\"https:\\\/\\\/www.laguiadepamplona.com\\\/actualidad\\\/#\\\/schema\\\/person\\\/efe887376f0213d4657c93adc50b1fdb\"},\"headline\":\"\u2018La lenteur\u2019, de Paul Alexandre, llevar\u00e1 la calma al Pabell\u00f3n de Mixtos de la Ciudadela con sus instant\u00e1neas atemporales e intimistas\",\"datePublished\":\"2019-11-28T16:46:35+00:00\",\"dateModified\":\"2019-11-28T16:47:41+00:00\",\"mainEntityOfPage\":{\"@id\":\"https:\\\/\\\/www.laguiadepamplona.com\\\/actualidad\\\/la-lenteur-de-paul-alexandre-llevara-la-calma-al-pabellon-de-mixtos-de-la-ciudadela-con-sus-instantaneas-atemporales-e-intimistas\\\/\"},\"wordCount\":626,\"commentCount\":0,\"publisher\":{\"@id\":\"https:\\\/\\\/www.laguiadepamplona.com\\\/actualidad\\\/#organization\"},\"image\":{\"@id\":\"https:\\\/\\\/www.laguiadepamplona.com\\\/actualidad\\\/la-lenteur-de-paul-alexandre-llevara-la-calma-al-pabellon-de-mixtos-de-la-ciudadela-con-sus-instantaneas-atemporales-e-intimistas\\\/#primaryimage\"},\"thumbnailUrl\":\"https:\\\/\\\/www.laguiadepamplona.com\\\/actualidad\\\/wp-content\\\/uploads\\\/2018\\\/05\\\/pabellon-mixtos-ciudadela.jpg\",\"articleSection\":[\"Ayto Pamplona\"],\"inLanguage\":\"es\",\"potentialAction\":[{\"@type\":\"CommentAction\",\"name\":\"Comment\",\"target\":[\"https:\\\/\\\/www.laguiadepamplona.com\\\/actualidad\\\/la-lenteur-de-paul-alexandre-llevara-la-calma-al-pabellon-de-mixtos-de-la-ciudadela-con-sus-instantaneas-atemporales-e-intimistas\\\/#respond\"]}]},{\"@type\":\"WebPage\",\"@id\":\"https:\\\/\\\/www.laguiadepamplona.com\\\/actualidad\\\/la-lenteur-de-paul-alexandre-llevara-la-calma-al-pabellon-de-mixtos-de-la-ciudadela-con-sus-instantaneas-atemporales-e-intimistas\\\/\",\"url\":\"https:\\\/\\\/www.laguiadepamplona.com\\\/actualidad\\\/la-lenteur-de-paul-alexandre-llevara-la-calma-al-pabellon-de-mixtos-de-la-ciudadela-con-sus-instantaneas-atemporales-e-intimistas\\\/\",\"name\":\"\u2018La lenteur\u2019, de Paul Alexandre, llevar\u00e1 la calma al Pabell\u00f3n de Mixtos de la Ciudadela con sus instant\u00e1neas atemporales e intimistas\",\"isPartOf\":{\"@id\":\"https:\\\/\\\/www.laguiadepamplona.com\\\/actualidad\\\/#website\"},\"primaryImageOfPage\":{\"@id\":\"https:\\\/\\\/www.laguiadepamplona.com\\\/actualidad\\\/la-lenteur-de-paul-alexandre-llevara-la-calma-al-pabellon-de-mixtos-de-la-ciudadela-con-sus-instantaneas-atemporales-e-intimistas\\\/#primaryimage\"},\"image\":{\"@id\":\"https:\\\/\\\/www.laguiadepamplona.com\\\/actualidad\\\/la-lenteur-de-paul-alexandre-llevara-la-calma-al-pabellon-de-mixtos-de-la-ciudadela-con-sus-instantaneas-atemporales-e-intimistas\\\/#primaryimage\"},\"thumbnailUrl\":\"https:\\\/\\\/www.laguiadepamplona.com\\\/actualidad\\\/wp-content\\\/uploads\\\/2018\\\/05\\\/pabellon-mixtos-ciudadela.jpg\",\"datePublished\":\"2019-11-28T16:46:35+00:00\",\"dateModified\":\"2019-11-28T16:47:41+00:00\",\"breadcrumb\":{\"@id\":\"https:\\\/\\\/www.laguiadepamplona.com\\\/actualidad\\\/la-lenteur-de-paul-alexandre-llevara-la-calma-al-pabellon-de-mixtos-de-la-ciudadela-con-sus-instantaneas-atemporales-e-intimistas\\\/#breadcrumb\"},\"inLanguage\":\"es\",\"potentialAction\":[{\"@type\":\"ReadAction\",\"target\":[\"https:\\\/\\\/www.laguiadepamplona.com\\\/actualidad\\\/la-lenteur-de-paul-alexandre-llevara-la-calma-al-pabellon-de-mixtos-de-la-ciudadela-con-sus-instantaneas-atemporales-e-intimistas\\\/\"]}]},{\"@type\":\"ImageObject\",\"inLanguage\":\"es\",\"@id\":\"https:\\\/\\\/www.laguiadepamplona.com\\\/actualidad\\\/la-lenteur-de-paul-alexandre-llevara-la-calma-al-pabellon-de-mixtos-de-la-ciudadela-con-sus-instantaneas-atemporales-e-intimistas\\\/#primaryimage\",\"url\":\"https:\\\/\\\/www.laguiadepamplona.com\\\/actualidad\\\/wp-content\\\/uploads\\\/2018\\\/05\\\/pabellon-mixtos-ciudadela.jpg\",\"contentUrl\":\"https:\\\/\\\/www.laguiadepamplona.com\\\/actualidad\\\/wp-content\\\/uploads\\\/2018\\\/05\\\/pabellon-mixtos-ciudadela.jpg\",\"width\":1000,\"height\":667},{\"@type\":\"BreadcrumbList\",\"@id\":\"https:\\\/\\\/www.laguiadepamplona.com\\\/actualidad\\\/la-lenteur-de-paul-alexandre-llevara-la-calma-al-pabellon-de-mixtos-de-la-ciudadela-con-sus-instantaneas-atemporales-e-intimistas\\\/#breadcrumb\",\"itemListElement\":[{\"@type\":\"ListItem\",\"position\":1,\"name\":\"Portada\",\"item\":\"https:\\\/\\\/www.laguiadepamplona.com\\\/actualidad\\\/\"},{\"@type\":\"ListItem\",\"position\":2,\"name\":\"\u2018La lenteur\u2019, de Paul Alexandre, llevar\u00e1 la calma al Pabell\u00f3n de Mixtos de la Ciudadela con sus instant\u00e1neas atemporales e intimistas\"}]},{\"@type\":\"WebSite\",\"@id\":\"https:\\\/\\\/www.laguiadepamplona.com\\\/actualidad\\\/#website\",\"url\":\"https:\\\/\\\/www.laguiadepamplona.com\\\/actualidad\\\/\",\"name\":\"La gu\u00eda de Pamplona\",\"description\":\"Noticias de Pamplona\",\"publisher\":{\"@id\":\"https:\\\/\\\/www.laguiadepamplona.com\\\/actualidad\\\/#organization\"},\"potentialAction\":[{\"@type\":\"SearchAction\",\"target\":{\"@type\":\"EntryPoint\",\"urlTemplate\":\"https:\\\/\\\/www.laguiadepamplona.com\\\/actualidad\\\/?s={search_term_string}\"},\"query-input\":{\"@type\":\"PropertyValueSpecification\",\"valueRequired\":true,\"valueName\":\"search_term_string\"}}],\"inLanguage\":\"es\"},{\"@type\":\"Organization\",\"@id\":\"https:\\\/\\\/www.laguiadepamplona.com\\\/actualidad\\\/#organization\",\"name\":\"La Gu\u00eda de Pamplona \\\/ Noticias\",\"url\":\"https:\\\/\\\/www.laguiadepamplona.com\\\/actualidad\\\/\",\"logo\":{\"@type\":\"ImageObject\",\"inLanguage\":\"es\",\"@id\":\"https:\\\/\\\/www.laguiadepamplona.com\\\/actualidad\\\/#\\\/schema\\\/logo\\\/image\\\/\",\"url\":\"https:\\\/\\\/www.laguiadepamplona.com\\\/actualidad\\\/wp-content\\\/uploads\\\/2018\\\/11\\\/logo-laguiadepamplona18-web1.png\",\"contentUrl\":\"https:\\\/\\\/www.laguiadepamplona.com\\\/actualidad\\\/wp-content\\\/uploads\\\/2018\\\/11\\\/logo-laguiadepamplona18-web1.png\",\"width\":600,\"height\":196,\"caption\":\"La Gu\u00eda de Pamplona \\\/ Noticias\"},\"image\":{\"@id\":\"https:\\\/\\\/www.laguiadepamplona.com\\\/actualidad\\\/#\\\/schema\\\/logo\\\/image\\\/\"},\"sameAs\":[\"https:\\\/\\\/www.facebook.com\\\/laguiadepamplonacom-133175176762273\\\/?ref=hl\",\"https:\\\/\\\/x.com\\\/LaGuiadPamplona\",\"https:\\\/\\\/www.instagram.com\\\/la_guia_de_pamplona\\\/\",\"https:\\\/\\\/www.youtube.com\\\/user\\\/laguiadepamplona\"]},{\"@type\":\"Person\",\"@id\":\"https:\\\/\\\/www.laguiadepamplona.com\\\/actualidad\\\/#\\\/schema\\\/person\\\/efe887376f0213d4657c93adc50b1fdb\",\"name\":\"La Gu\u00eda de Pamplona\",\"image\":{\"@type\":\"ImageObject\",\"inLanguage\":\"es\",\"@id\":\"https:\\\/\\\/secure.gravatar.com\\\/avatar\\\/b6992f131dc8d30ab0dff15446e9d346d9dbd95992de0fef795073f5ea83a81c?s=96&d=mm&r=g\",\"url\":\"https:\\\/\\\/secure.gravatar.com\\\/avatar\\\/b6992f131dc8d30ab0dff15446e9d346d9dbd95992de0fef795073f5ea83a81c?s=96&d=mm&r=g\",\"contentUrl\":\"https:\\\/\\\/secure.gravatar.com\\\/avatar\\\/b6992f131dc8d30ab0dff15446e9d346d9dbd95992de0fef795073f5ea83a81c?s=96&d=mm&r=g\",\"caption\":\"La Gu\u00eda de Pamplona\"}}]}<\/script>\n<!-- \/ Yoast SEO plugin. -->","yoast_head_json":{"title":"\u2018La lenteur\u2019, de Paul Alexandre, llevar\u00e1 la calma al Pabell\u00f3n de Mixtos de la Ciudadela con sus instant\u00e1neas atemporales e intimistas","robots":{"index":"index","follow":"follow","max-snippet":"max-snippet:-1","max-image-preview":"max-image-preview:large","max-video-preview":"max-video-preview:-1"},"canonical":"https:\/\/www.laguiadepamplona.com\/actualidad\/la-lenteur-de-paul-alexandre-llevara-la-calma-al-pabellon-de-mixtos-de-la-ciudadela-con-sus-instantaneas-atemporales-e-intimistas\/","og_locale":"es_ES","og_type":"article","og_title":"\u2018La lenteur\u2019, de Paul Alexandre, llevar\u00e1 la calma al Pabell\u00f3n de Mixtos de la Ciudadela con sus instant\u00e1neas atemporales e intimistas","og_description":"La exposici\u00f3n de este artista franc\u00e9s, que incluye 63 fotograf\u00edas, la mayor\u00eda en blanco y negro, permanecer\u00e1 abierta hasta el 19 de enero","og_url":"https:\/\/www.laguiadepamplona.com\/actualidad\/la-lenteur-de-paul-alexandre-llevara-la-calma-al-pabellon-de-mixtos-de-la-ciudadela-con-sus-instantaneas-atemporales-e-intimistas\/","og_site_name":"La Gu\u00eda de Pamplona","article_publisher":"https:\/\/www.facebook.com\/laguiadepamplonacom-133175176762273\/?ref=hl","article_published_time":"2019-11-28T16:46:35+00:00","article_modified_time":"2019-11-28T16:47:41+00:00","og_image":[{"width":1000,"height":667,"url":"https:\/\/www.laguiadepamplona.com\/actualidad\/wp-content\/uploads\/2018\/05\/pabellon-mixtos-ciudadela.jpg","type":"image\/jpeg"}],"author":"La Gu\u00eda de Pamplona","twitter_card":"summary_large_image","twitter_creator":"@LaGuiadPamplona","twitter_site":"@LaGuiadPamplona","twitter_misc":{"Escrito por":"La Gu\u00eda de Pamplona","Tiempo de lectura":"3 minutos"},"schema":{"@context":"https:\/\/schema.org","@graph":[{"@type":"Article","@id":"https:\/\/www.laguiadepamplona.com\/actualidad\/la-lenteur-de-paul-alexandre-llevara-la-calma-al-pabellon-de-mixtos-de-la-ciudadela-con-sus-instantaneas-atemporales-e-intimistas\/#article","isPartOf":{"@id":"https:\/\/www.laguiadepamplona.com\/actualidad\/la-lenteur-de-paul-alexandre-llevara-la-calma-al-pabellon-de-mixtos-de-la-ciudadela-con-sus-instantaneas-atemporales-e-intimistas\/"},"author":{"name":"La Gu\u00eda de Pamplona","@id":"https:\/\/www.laguiadepamplona.com\/actualidad\/#\/schema\/person\/efe887376f0213d4657c93adc50b1fdb"},"headline":"\u2018La lenteur\u2019, de Paul Alexandre, llevar\u00e1 la calma al Pabell\u00f3n de Mixtos de la Ciudadela con sus instant\u00e1neas atemporales e intimistas","datePublished":"2019-11-28T16:46:35+00:00","dateModified":"2019-11-28T16:47:41+00:00","mainEntityOfPage":{"@id":"https:\/\/www.laguiadepamplona.com\/actualidad\/la-lenteur-de-paul-alexandre-llevara-la-calma-al-pabellon-de-mixtos-de-la-ciudadela-con-sus-instantaneas-atemporales-e-intimistas\/"},"wordCount":626,"commentCount":0,"publisher":{"@id":"https:\/\/www.laguiadepamplona.com\/actualidad\/#organization"},"image":{"@id":"https:\/\/www.laguiadepamplona.com\/actualidad\/la-lenteur-de-paul-alexandre-llevara-la-calma-al-pabellon-de-mixtos-de-la-ciudadela-con-sus-instantaneas-atemporales-e-intimistas\/#primaryimage"},"thumbnailUrl":"https:\/\/www.laguiadepamplona.com\/actualidad\/wp-content\/uploads\/2018\/05\/pabellon-mixtos-ciudadela.jpg","articleSection":["Ayto Pamplona"],"inLanguage":"es","potentialAction":[{"@type":"CommentAction","name":"Comment","target":["https:\/\/www.laguiadepamplona.com\/actualidad\/la-lenteur-de-paul-alexandre-llevara-la-calma-al-pabellon-de-mixtos-de-la-ciudadela-con-sus-instantaneas-atemporales-e-intimistas\/#respond"]}]},{"@type":"WebPage","@id":"https:\/\/www.laguiadepamplona.com\/actualidad\/la-lenteur-de-paul-alexandre-llevara-la-calma-al-pabellon-de-mixtos-de-la-ciudadela-con-sus-instantaneas-atemporales-e-intimistas\/","url":"https:\/\/www.laguiadepamplona.com\/actualidad\/la-lenteur-de-paul-alexandre-llevara-la-calma-al-pabellon-de-mixtos-de-la-ciudadela-con-sus-instantaneas-atemporales-e-intimistas\/","name":"\u2018La lenteur\u2019, de Paul Alexandre, llevar\u00e1 la calma al Pabell\u00f3n de Mixtos de la Ciudadela con sus instant\u00e1neas atemporales e intimistas","isPartOf":{"@id":"https:\/\/www.laguiadepamplona.com\/actualidad\/#website"},"primaryImageOfPage":{"@id":"https:\/\/www.laguiadepamplona.com\/actualidad\/la-lenteur-de-paul-alexandre-llevara-la-calma-al-pabellon-de-mixtos-de-la-ciudadela-con-sus-instantaneas-atemporales-e-intimistas\/#primaryimage"},"image":{"@id":"https:\/\/www.laguiadepamplona.com\/actualidad\/la-lenteur-de-paul-alexandre-llevara-la-calma-al-pabellon-de-mixtos-de-la-ciudadela-con-sus-instantaneas-atemporales-e-intimistas\/#primaryimage"},"thumbnailUrl":"https:\/\/www.laguiadepamplona.com\/actualidad\/wp-content\/uploads\/2018\/05\/pabellon-mixtos-ciudadela.jpg","datePublished":"2019-11-28T16:46:35+00:00","dateModified":"2019-11-28T16:47:41+00:00","breadcrumb":{"@id":"https:\/\/www.laguiadepamplona.com\/actualidad\/la-lenteur-de-paul-alexandre-llevara-la-calma-al-pabellon-de-mixtos-de-la-ciudadela-con-sus-instantaneas-atemporales-e-intimistas\/#breadcrumb"},"inLanguage":"es","potentialAction":[{"@type":"ReadAction","target":["https:\/\/www.laguiadepamplona.com\/actualidad\/la-lenteur-de-paul-alexandre-llevara-la-calma-al-pabellon-de-mixtos-de-la-ciudadela-con-sus-instantaneas-atemporales-e-intimistas\/"]}]},{"@type":"ImageObject","inLanguage":"es","@id":"https:\/\/www.laguiadepamplona.com\/actualidad\/la-lenteur-de-paul-alexandre-llevara-la-calma-al-pabellon-de-mixtos-de-la-ciudadela-con-sus-instantaneas-atemporales-e-intimistas\/#primaryimage","url":"https:\/\/www.laguiadepamplona.com\/actualidad\/wp-content\/uploads\/2018\/05\/pabellon-mixtos-ciudadela.jpg","contentUrl":"https:\/\/www.laguiadepamplona.com\/actualidad\/wp-content\/uploads\/2018\/05\/pabellon-mixtos-ciudadela.jpg","width":1000,"height":667},{"@type":"BreadcrumbList","@id":"https:\/\/www.laguiadepamplona.com\/actualidad\/la-lenteur-de-paul-alexandre-llevara-la-calma-al-pabellon-de-mixtos-de-la-ciudadela-con-sus-instantaneas-atemporales-e-intimistas\/#breadcrumb","itemListElement":[{"@type":"ListItem","position":1,"name":"Portada","item":"https:\/\/www.laguiadepamplona.com\/actualidad\/"},{"@type":"ListItem","position":2,"name":"\u2018La lenteur\u2019, de Paul Alexandre, llevar\u00e1 la calma al Pabell\u00f3n de Mixtos de la Ciudadela con sus instant\u00e1neas atemporales e intimistas"}]},{"@type":"WebSite","@id":"https:\/\/www.laguiadepamplona.com\/actualidad\/#website","url":"https:\/\/www.laguiadepamplona.com\/actualidad\/","name":"La gu\u00eda de Pamplona","description":"Noticias de Pamplona","publisher":{"@id":"https:\/\/www.laguiadepamplona.com\/actualidad\/#organization"},"potentialAction":[{"@type":"SearchAction","target":{"@type":"EntryPoint","urlTemplate":"https:\/\/www.laguiadepamplona.com\/actualidad\/?s={search_term_string}"},"query-input":{"@type":"PropertyValueSpecification","valueRequired":true,"valueName":"search_term_string"}}],"inLanguage":"es"},{"@type":"Organization","@id":"https:\/\/www.laguiadepamplona.com\/actualidad\/#organization","name":"La Gu\u00eda de Pamplona \/ Noticias","url":"https:\/\/www.laguiadepamplona.com\/actualidad\/","logo":{"@type":"ImageObject","inLanguage":"es","@id":"https:\/\/www.laguiadepamplona.com\/actualidad\/#\/schema\/logo\/image\/","url":"https:\/\/www.laguiadepamplona.com\/actualidad\/wp-content\/uploads\/2018\/11\/logo-laguiadepamplona18-web1.png","contentUrl":"https:\/\/www.laguiadepamplona.com\/actualidad\/wp-content\/uploads\/2018\/11\/logo-laguiadepamplona18-web1.png","width":600,"height":196,"caption":"La Gu\u00eda de Pamplona \/ Noticias"},"image":{"@id":"https:\/\/www.laguiadepamplona.com\/actualidad\/#\/schema\/logo\/image\/"},"sameAs":["https:\/\/www.facebook.com\/laguiadepamplonacom-133175176762273\/?ref=hl","https:\/\/x.com\/LaGuiadPamplona","https:\/\/www.instagram.com\/la_guia_de_pamplona\/","https:\/\/www.youtube.com\/user\/laguiadepamplona"]},{"@type":"Person","@id":"https:\/\/www.laguiadepamplona.com\/actualidad\/#\/schema\/person\/efe887376f0213d4657c93adc50b1fdb","name":"La Gu\u00eda de Pamplona","image":{"@type":"ImageObject","inLanguage":"es","@id":"https:\/\/secure.gravatar.com\/avatar\/b6992f131dc8d30ab0dff15446e9d346d9dbd95992de0fef795073f5ea83a81c?s=96&d=mm&r=g","url":"https:\/\/secure.gravatar.com\/avatar\/b6992f131dc8d30ab0dff15446e9d346d9dbd95992de0fef795073f5ea83a81c?s=96&d=mm&r=g","contentUrl":"https:\/\/secure.gravatar.com\/avatar\/b6992f131dc8d30ab0dff15446e9d346d9dbd95992de0fef795073f5ea83a81c?s=96&d=mm&r=g","caption":"La Gu\u00eda de Pamplona"}}]}},"post_mailing_queue_ids":[],"_links":{"self":[{"href":"https:\/\/www.laguiadepamplona.com\/actualidad\/wp-json\/wp\/v2\/posts\/26658","targetHints":{"allow":["GET"]}}],"collection":[{"href":"https:\/\/www.laguiadepamplona.com\/actualidad\/wp-json\/wp\/v2\/posts"}],"about":[{"href":"https:\/\/www.laguiadepamplona.com\/actualidad\/wp-json\/wp\/v2\/types\/post"}],"author":[{"embeddable":true,"href":"https:\/\/www.laguiadepamplona.com\/actualidad\/wp-json\/wp\/v2\/users\/1"}],"replies":[{"embeddable":true,"href":"https:\/\/www.laguiadepamplona.com\/actualidad\/wp-json\/wp\/v2\/comments?post=26658"}],"version-history":[{"count":0,"href":"https:\/\/www.laguiadepamplona.com\/actualidad\/wp-json\/wp\/v2\/posts\/26658\/revisions"}],"wp:featuredmedia":[{"embeddable":true,"href":"https:\/\/www.laguiadepamplona.com\/actualidad\/wp-json\/wp\/v2\/media\/17343"}],"wp:attachment":[{"href":"https:\/\/www.laguiadepamplona.com\/actualidad\/wp-json\/wp\/v2\/media?parent=26658"}],"wp:term":[{"taxonomy":"category","embeddable":true,"href":"https:\/\/www.laguiadepamplona.com\/actualidad\/wp-json\/wp\/v2\/categories?post=26658"},{"taxonomy":"post_tag","embeddable":true,"href":"https:\/\/www.laguiadepamplona.com\/actualidad\/wp-json\/wp\/v2\/tags?post=26658"}],"curies":[{"name":"wp","href":"https:\/\/api.w.org\/{rel}","templated":true}]}}