{"id":26648,"date":"2019-11-28T18:42:42","date_gmt":"2019-11-28T16:42:42","guid":{"rendered":"https:\/\/www.laguiadepamplona.es\/actualidad\/?p=26648"},"modified":"2019-11-28T18:47:23","modified_gmt":"2019-11-28T16:47:23","slug":"la-fachada-del-ayuntamiento-se-iluminara-de-rojo-el-proximo-domingo-dia-1-con-motivo-del-dia-mundial-de-la-lucha-contra-el-sida","status":"publish","type":"post","link":"https:\/\/www.laguiadepamplona.com\/actualidad\/la-fachada-del-ayuntamiento-se-iluminara-de-rojo-el-proximo-domingo-dia-1-con-motivo-del-dia-mundial-de-la-lucha-contra-el-sida\/","title":{"rendered":"La fachada del Ayuntamiento se iluminar\u00e1 de rojo el pr\u00f3ximo domingo, d\u00eda 1, con motivo del D\u00eda Mundial de la Lucha contra el SIDA"},"content":{"rendered":"<h5>En Navarra son alrededor de un millar las personas con diagn\u00f3stico conocido, cifra que a nivel mundial alcanza los 37 millones<\/h5>\n<p><!--more--><\/p>\n<p>El pr\u00f3ximo domingo la fachada de la Casa Consistorial se iluminar\u00e1 de rojo como s\u00edmbolo de la adhesi\u00f3n del Ayuntamiento de Pamplona al D\u00eda Mundial de la lucha contra el SIDA, tras la declaraci\u00f3n institucional acordada esta misma semana.<\/p>\n<p><script async src=\"\/\/pagead2.googlesyndication.com\/pagead\/js\/adsbygoogle.js\"><\/script><br \/>\n<!-- Noticias La Guia de Pamplona --><br \/>\n<ins class=\"adsbygoogle\"\nstyle=\"display:block\"\ndata-ad-client=\"ca-pub-6943679897239327\"\ndata-ad-slot=\"7048180777\"\ndata-ad-format=\"auto\"><\/ins><br \/>\n<script>\n(adsbygoogle = window.adsbygoogle || []).push({});\n<\/script><\/p>\n<p>Son ya m\u00e1s de 30 a\u00f1os los que se viene celebrando este D\u00eda Mundial para concienciar a la poblaci\u00f3n en general sobre esta enfermedad y la importancia de prevenir la infecci\u00f3n por VIH, que desde los primeros casos ha provocado el contagio de 78 millones de personas y la muerte de 35 millones en todo el mundo. Los avances m\u00e9dicos y preventivos en este tiempo han sido considerables. Sin embargo, en la actualidad esta enfermedad afecta a m\u00e1s de 37 millones de personas a nivel mundial. En Espa\u00f1a las cifras que maneja el Ministerio de Sanidad hablan de alrededor de 145.000 personas infectadas y en Navarra son en torno a un millar el n\u00famero de personas con diagn\u00f3stico conocido que viven con VIH, aunque se estima que alrededor de 250 personas tienen la infecci\u00f3n sin saberlo. De hecho, los c\u00e1lculos nacionales e internacionales hablan de que alrededor del 25% de las personas que est\u00e1n infectadas lo desconocen. Lo que supone un importante riesgo ya que pueden transmitirlo sin saberlo y, adem\u00e1s, no tienen acceso al tratamiento y a la atenci\u00f3n que se brinda a las personas con VIH. Las administraciones sanitarias inciden, por ello, en la importancia de acceder a las pruebas de detecci\u00f3n.<\/p>\n<p>ONUSIDA, que desde 1996 lidera el esfuerzo mundial por poner fin a la epidemia de SIDA, se ha marcado dentro de los Objetivos de Desarrollo Sostenible acabar con esta enfermedad como amenaza para la salud p\u00fablica para 2030.<\/p>\n","protected":false},"excerpt":{"rendered":"<p>En Navarra son alrededor de un millar las personas con diagn\u00f3stico conocido, cifra que a nivel mundial alcanza los 37 millones<\/p>\n","protected":false},"author":1,"featured_media":21939,"comment_status":"open","ping_status":"closed","sticky":false,"template":"","format":"standard","meta":{"footnotes":""},"categories":[2],"tags":[],"class_list":["post-26648","post","type-post","status-publish","format-standard","has-post-thumbnail","hentry","category-ayuntamiento-pamplona"],"yoast_head":"<!-- This site is optimized with the Yoast SEO plugin v27.3 - https:\/\/yoast.com\/product\/yoast-seo-wordpress\/ -->\n<title>La fachada del Ayuntamiento se iluminar\u00e1 de rojo el pr\u00f3ximo domingo, d\u00eda 1, con motivo del D\u00eda Mundial de la Lucha contra el SIDA<\/title>\n<meta name=\"robots\" content=\"index, follow, max-snippet:-1, max-image-preview:large, max-video-preview:-1\" \/>\n<link rel=\"canonical\" href=\"https:\/\/www.laguiadepamplona.com\/actualidad\/la-fachada-del-ayuntamiento-se-iluminara-de-rojo-el-proximo-domingo-dia-1-con-motivo-del-dia-mundial-de-la-lucha-contra-el-sida\/\" \/>\n<meta property=\"og:locale\" content=\"es_ES\" \/>\n<meta property=\"og:type\" content=\"article\" \/>\n<meta property=\"og:title\" content=\"La fachada del Ayuntamiento se iluminar\u00e1 de rojo el pr\u00f3ximo domingo, d\u00eda 1, con motivo del D\u00eda Mundial de la Lucha contra el SIDA\" \/>\n<meta property=\"og:description\" content=\"En Navarra son alrededor de un millar las personas con diagn\u00f3stico conocido, cifra que a nivel mundial alcanza los 37 millones\" \/>\n<meta property=\"og:url\" content=\"https:\/\/www.laguiadepamplona.com\/actualidad\/la-fachada-del-ayuntamiento-se-iluminara-de-rojo-el-proximo-domingo-dia-1-con-motivo-del-dia-mundial-de-la-lucha-contra-el-sida\/\" \/>\n<meta property=\"og:site_name\" content=\"La Gu\u00eda de Pamplona\" \/>\n<meta property=\"article:publisher\" content=\"https:\/\/www.facebook.com\/laguiadepamplonacom-133175176762273\/?ref=hl\" \/>\n<meta property=\"article:published_time\" content=\"2019-11-28T16:42:42+00:00\" \/>\n<meta property=\"article:modified_time\" content=\"2019-11-28T16:47:23+00:00\" \/>\n<meta property=\"og:image\" content=\"https:\/\/www.laguiadepamplona.com\/actualidad\/wp-content\/uploads\/2019\/05\/ayuntamiento-pamplona-laguiadepamplona.jpg\" \/>\n\t<meta property=\"og:image:width\" content=\"1920\" \/>\n\t<meta property=\"og:image:height\" content=\"1100\" \/>\n\t<meta property=\"og:image:type\" content=\"image\/jpeg\" \/>\n<meta name=\"author\" content=\"La Gu\u00eda de Pamplona\" \/>\n<meta name=\"twitter:card\" content=\"summary_large_image\" \/>\n<meta name=\"twitter:creator\" content=\"@LaGuiadPamplona\" \/>\n<meta name=\"twitter:site\" content=\"@LaGuiadPamplona\" \/>\n<meta name=\"twitter:label1\" content=\"Escrito por\" \/>\n\t<meta name=\"twitter:data1\" content=\"La Gu\u00eda de Pamplona\" \/>\n\t<meta name=\"twitter:label2\" content=\"Tiempo de lectura\" \/>\n\t<meta name=\"twitter:data2\" content=\"2 minutos\" \/>\n<script type=\"application\/ld+json\" class=\"yoast-schema-graph\">{\"@context\":\"https:\\\/\\\/schema.org\",\"@graph\":[{\"@type\":\"Article\",\"@id\":\"https:\\\/\\\/www.laguiadepamplona.com\\\/actualidad\\\/la-fachada-del-ayuntamiento-se-iluminara-de-rojo-el-proximo-domingo-dia-1-con-motivo-del-dia-mundial-de-la-lucha-contra-el-sida\\\/#article\",\"isPartOf\":{\"@id\":\"https:\\\/\\\/www.laguiadepamplona.com\\\/actualidad\\\/la-fachada-del-ayuntamiento-se-iluminara-de-rojo-el-proximo-domingo-dia-1-con-motivo-del-dia-mundial-de-la-lucha-contra-el-sida\\\/\"},\"author\":{\"name\":\"La Gu\u00eda de Pamplona\",\"@id\":\"https:\\\/\\\/www.laguiadepamplona.com\\\/actualidad\\\/#\\\/schema\\\/person\\\/efe887376f0213d4657c93adc50b1fdb\"},\"headline\":\"La fachada del Ayuntamiento se iluminar\u00e1 de rojo el pr\u00f3ximo domingo, d\u00eda 1, con motivo del D\u00eda Mundial de la Lucha contra el SIDA\",\"datePublished\":\"2019-11-28T16:42:42+00:00\",\"dateModified\":\"2019-11-28T16:47:23+00:00\",\"mainEntityOfPage\":{\"@id\":\"https:\\\/\\\/www.laguiadepamplona.com\\\/actualidad\\\/la-fachada-del-ayuntamiento-se-iluminara-de-rojo-el-proximo-domingo-dia-1-con-motivo-del-dia-mundial-de-la-lucha-contra-el-sida\\\/\"},\"wordCount\":341,\"commentCount\":0,\"publisher\":{\"@id\":\"https:\\\/\\\/www.laguiadepamplona.com\\\/actualidad\\\/#organization\"},\"image\":{\"@id\":\"https:\\\/\\\/www.laguiadepamplona.com\\\/actualidad\\\/la-fachada-del-ayuntamiento-se-iluminara-de-rojo-el-proximo-domingo-dia-1-con-motivo-del-dia-mundial-de-la-lucha-contra-el-sida\\\/#primaryimage\"},\"thumbnailUrl\":\"https:\\\/\\\/www.laguiadepamplona.com\\\/actualidad\\\/wp-content\\\/uploads\\\/2019\\\/05\\\/ayuntamiento-pamplona-laguiadepamplona.jpg\",\"articleSection\":[\"Ayto Pamplona\"],\"inLanguage\":\"es\",\"potentialAction\":[{\"@type\":\"CommentAction\",\"name\":\"Comment\",\"target\":[\"https:\\\/\\\/www.laguiadepamplona.com\\\/actualidad\\\/la-fachada-del-ayuntamiento-se-iluminara-de-rojo-el-proximo-domingo-dia-1-con-motivo-del-dia-mundial-de-la-lucha-contra-el-sida\\\/#respond\"]}]},{\"@type\":\"WebPage\",\"@id\":\"https:\\\/\\\/www.laguiadepamplona.com\\\/actualidad\\\/la-fachada-del-ayuntamiento-se-iluminara-de-rojo-el-proximo-domingo-dia-1-con-motivo-del-dia-mundial-de-la-lucha-contra-el-sida\\\/\",\"url\":\"https:\\\/\\\/www.laguiadepamplona.com\\\/actualidad\\\/la-fachada-del-ayuntamiento-se-iluminara-de-rojo-el-proximo-domingo-dia-1-con-motivo-del-dia-mundial-de-la-lucha-contra-el-sida\\\/\",\"name\":\"La fachada del Ayuntamiento se iluminar\u00e1 de rojo el pr\u00f3ximo domingo, d\u00eda 1, con motivo del D\u00eda Mundial de la Lucha contra el SIDA\",\"isPartOf\":{\"@id\":\"https:\\\/\\\/www.laguiadepamplona.com\\\/actualidad\\\/#website\"},\"primaryImageOfPage\":{\"@id\":\"https:\\\/\\\/www.laguiadepamplona.com\\\/actualidad\\\/la-fachada-del-ayuntamiento-se-iluminara-de-rojo-el-proximo-domingo-dia-1-con-motivo-del-dia-mundial-de-la-lucha-contra-el-sida\\\/#primaryimage\"},\"image\":{\"@id\":\"https:\\\/\\\/www.laguiadepamplona.com\\\/actualidad\\\/la-fachada-del-ayuntamiento-se-iluminara-de-rojo-el-proximo-domingo-dia-1-con-motivo-del-dia-mundial-de-la-lucha-contra-el-sida\\\/#primaryimage\"},\"thumbnailUrl\":\"https:\\\/\\\/www.laguiadepamplona.com\\\/actualidad\\\/wp-content\\\/uploads\\\/2019\\\/05\\\/ayuntamiento-pamplona-laguiadepamplona.jpg\",\"datePublished\":\"2019-11-28T16:42:42+00:00\",\"dateModified\":\"2019-11-28T16:47:23+00:00\",\"breadcrumb\":{\"@id\":\"https:\\\/\\\/www.laguiadepamplona.com\\\/actualidad\\\/la-fachada-del-ayuntamiento-se-iluminara-de-rojo-el-proximo-domingo-dia-1-con-motivo-del-dia-mundial-de-la-lucha-contra-el-sida\\\/#breadcrumb\"},\"inLanguage\":\"es\",\"potentialAction\":[{\"@type\":\"ReadAction\",\"target\":[\"https:\\\/\\\/www.laguiadepamplona.com\\\/actualidad\\\/la-fachada-del-ayuntamiento-se-iluminara-de-rojo-el-proximo-domingo-dia-1-con-motivo-del-dia-mundial-de-la-lucha-contra-el-sida\\\/\"]}]},{\"@type\":\"ImageObject\",\"inLanguage\":\"es\",\"@id\":\"https:\\\/\\\/www.laguiadepamplona.com\\\/actualidad\\\/la-fachada-del-ayuntamiento-se-iluminara-de-rojo-el-proximo-domingo-dia-1-con-motivo-del-dia-mundial-de-la-lucha-contra-el-sida\\\/#primaryimage\",\"url\":\"https:\\\/\\\/www.laguiadepamplona.com\\\/actualidad\\\/wp-content\\\/uploads\\\/2019\\\/05\\\/ayuntamiento-pamplona-laguiadepamplona.jpg\",\"contentUrl\":\"https:\\\/\\\/www.laguiadepamplona.com\\\/actualidad\\\/wp-content\\\/uploads\\\/2019\\\/05\\\/ayuntamiento-pamplona-laguiadepamplona.jpg\",\"width\":1920,\"height\":1100},{\"@type\":\"BreadcrumbList\",\"@id\":\"https:\\\/\\\/www.laguiadepamplona.com\\\/actualidad\\\/la-fachada-del-ayuntamiento-se-iluminara-de-rojo-el-proximo-domingo-dia-1-con-motivo-del-dia-mundial-de-la-lucha-contra-el-sida\\\/#breadcrumb\",\"itemListElement\":[{\"@type\":\"ListItem\",\"position\":1,\"name\":\"Portada\",\"item\":\"https:\\\/\\\/www.laguiadepamplona.com\\\/actualidad\\\/\"},{\"@type\":\"ListItem\",\"position\":2,\"name\":\"La fachada del Ayuntamiento se iluminar\u00e1 de rojo el pr\u00f3ximo domingo, d\u00eda 1, con motivo del D\u00eda Mundial de la Lucha contra el SIDA\"}]},{\"@type\":\"WebSite\",\"@id\":\"https:\\\/\\\/www.laguiadepamplona.com\\\/actualidad\\\/#website\",\"url\":\"https:\\\/\\\/www.laguiadepamplona.com\\\/actualidad\\\/\",\"name\":\"La gu\u00eda de Pamplona\",\"description\":\"Noticias de Pamplona\",\"publisher\":{\"@id\":\"https:\\\/\\\/www.laguiadepamplona.com\\\/actualidad\\\/#organization\"},\"potentialAction\":[{\"@type\":\"SearchAction\",\"target\":{\"@type\":\"EntryPoint\",\"urlTemplate\":\"https:\\\/\\\/www.laguiadepamplona.com\\\/actualidad\\\/?s={search_term_string}\"},\"query-input\":{\"@type\":\"PropertyValueSpecification\",\"valueRequired\":true,\"valueName\":\"search_term_string\"}}],\"inLanguage\":\"es\"},{\"@type\":\"Organization\",\"@id\":\"https:\\\/\\\/www.laguiadepamplona.com\\\/actualidad\\\/#organization\",\"name\":\"La Gu\u00eda de Pamplona \\\/ Noticias\",\"url\":\"https:\\\/\\\/www.laguiadepamplona.com\\\/actualidad\\\/\",\"logo\":{\"@type\":\"ImageObject\",\"inLanguage\":\"es\",\"@id\":\"https:\\\/\\\/www.laguiadepamplona.com\\\/actualidad\\\/#\\\/schema\\\/logo\\\/image\\\/\",\"url\":\"https:\\\/\\\/www.laguiadepamplona.com\\\/actualidad\\\/wp-content\\\/uploads\\\/2018\\\/11\\\/logo-laguiadepamplona18-web1.png\",\"contentUrl\":\"https:\\\/\\\/www.laguiadepamplona.com\\\/actualidad\\\/wp-content\\\/uploads\\\/2018\\\/11\\\/logo-laguiadepamplona18-web1.png\",\"width\":600,\"height\":196,\"caption\":\"La Gu\u00eda de Pamplona \\\/ Noticias\"},\"image\":{\"@id\":\"https:\\\/\\\/www.laguiadepamplona.com\\\/actualidad\\\/#\\\/schema\\\/logo\\\/image\\\/\"},\"sameAs\":[\"https:\\\/\\\/www.facebook.com\\\/laguiadepamplonacom-133175176762273\\\/?ref=hl\",\"https:\\\/\\\/x.com\\\/LaGuiadPamplona\",\"https:\\\/\\\/www.instagram.com\\\/la_guia_de_pamplona\\\/\",\"https:\\\/\\\/www.youtube.com\\\/user\\\/laguiadepamplona\"]},{\"@type\":\"Person\",\"@id\":\"https:\\\/\\\/www.laguiadepamplona.com\\\/actualidad\\\/#\\\/schema\\\/person\\\/efe887376f0213d4657c93adc50b1fdb\",\"name\":\"La Gu\u00eda de Pamplona\",\"image\":{\"@type\":\"ImageObject\",\"inLanguage\":\"es\",\"@id\":\"https:\\\/\\\/secure.gravatar.com\\\/avatar\\\/b6992f131dc8d30ab0dff15446e9d346d9dbd95992de0fef795073f5ea83a81c?s=96&d=mm&r=g\",\"url\":\"https:\\\/\\\/secure.gravatar.com\\\/avatar\\\/b6992f131dc8d30ab0dff15446e9d346d9dbd95992de0fef795073f5ea83a81c?s=96&d=mm&r=g\",\"contentUrl\":\"https:\\\/\\\/secure.gravatar.com\\\/avatar\\\/b6992f131dc8d30ab0dff15446e9d346d9dbd95992de0fef795073f5ea83a81c?s=96&d=mm&r=g\",\"caption\":\"La Gu\u00eda de Pamplona\"}}]}<\/script>\n<!-- \/ Yoast SEO plugin. -->","yoast_head_json":{"title":"La fachada del Ayuntamiento se iluminar\u00e1 de rojo el pr\u00f3ximo domingo, d\u00eda 1, con motivo del D\u00eda Mundial de la Lucha contra el SIDA","robots":{"index":"index","follow":"follow","max-snippet":"max-snippet:-1","max-image-preview":"max-image-preview:large","max-video-preview":"max-video-preview:-1"},"canonical":"https:\/\/www.laguiadepamplona.com\/actualidad\/la-fachada-del-ayuntamiento-se-iluminara-de-rojo-el-proximo-domingo-dia-1-con-motivo-del-dia-mundial-de-la-lucha-contra-el-sida\/","og_locale":"es_ES","og_type":"article","og_title":"La fachada del Ayuntamiento se iluminar\u00e1 de rojo el pr\u00f3ximo domingo, d\u00eda 1, con motivo del D\u00eda Mundial de la Lucha contra el SIDA","og_description":"En Navarra son alrededor de un millar las personas con diagn\u00f3stico conocido, cifra que a nivel mundial alcanza los 37 millones","og_url":"https:\/\/www.laguiadepamplona.com\/actualidad\/la-fachada-del-ayuntamiento-se-iluminara-de-rojo-el-proximo-domingo-dia-1-con-motivo-del-dia-mundial-de-la-lucha-contra-el-sida\/","og_site_name":"La Gu\u00eda de Pamplona","article_publisher":"https:\/\/www.facebook.com\/laguiadepamplonacom-133175176762273\/?ref=hl","article_published_time":"2019-11-28T16:42:42+00:00","article_modified_time":"2019-11-28T16:47:23+00:00","og_image":[{"width":1920,"height":1100,"url":"https:\/\/www.laguiadepamplona.com\/actualidad\/wp-content\/uploads\/2019\/05\/ayuntamiento-pamplona-laguiadepamplona.jpg","type":"image\/jpeg"}],"author":"La Gu\u00eda de Pamplona","twitter_card":"summary_large_image","twitter_creator":"@LaGuiadPamplona","twitter_site":"@LaGuiadPamplona","twitter_misc":{"Escrito por":"La Gu\u00eda de Pamplona","Tiempo de lectura":"2 minutos"},"schema":{"@context":"https:\/\/schema.org","@graph":[{"@type":"Article","@id":"https:\/\/www.laguiadepamplona.com\/actualidad\/la-fachada-del-ayuntamiento-se-iluminara-de-rojo-el-proximo-domingo-dia-1-con-motivo-del-dia-mundial-de-la-lucha-contra-el-sida\/#article","isPartOf":{"@id":"https:\/\/www.laguiadepamplona.com\/actualidad\/la-fachada-del-ayuntamiento-se-iluminara-de-rojo-el-proximo-domingo-dia-1-con-motivo-del-dia-mundial-de-la-lucha-contra-el-sida\/"},"author":{"name":"La Gu\u00eda de Pamplona","@id":"https:\/\/www.laguiadepamplona.com\/actualidad\/#\/schema\/person\/efe887376f0213d4657c93adc50b1fdb"},"headline":"La fachada del Ayuntamiento se iluminar\u00e1 de rojo el pr\u00f3ximo domingo, d\u00eda 1, con motivo del D\u00eda Mundial de la Lucha contra el SIDA","datePublished":"2019-11-28T16:42:42+00:00","dateModified":"2019-11-28T16:47:23+00:00","mainEntityOfPage":{"@id":"https:\/\/www.laguiadepamplona.com\/actualidad\/la-fachada-del-ayuntamiento-se-iluminara-de-rojo-el-proximo-domingo-dia-1-con-motivo-del-dia-mundial-de-la-lucha-contra-el-sida\/"},"wordCount":341,"commentCount":0,"publisher":{"@id":"https:\/\/www.laguiadepamplona.com\/actualidad\/#organization"},"image":{"@id":"https:\/\/www.laguiadepamplona.com\/actualidad\/la-fachada-del-ayuntamiento-se-iluminara-de-rojo-el-proximo-domingo-dia-1-con-motivo-del-dia-mundial-de-la-lucha-contra-el-sida\/#primaryimage"},"thumbnailUrl":"https:\/\/www.laguiadepamplona.com\/actualidad\/wp-content\/uploads\/2019\/05\/ayuntamiento-pamplona-laguiadepamplona.jpg","articleSection":["Ayto Pamplona"],"inLanguage":"es","potentialAction":[{"@type":"CommentAction","name":"Comment","target":["https:\/\/www.laguiadepamplona.com\/actualidad\/la-fachada-del-ayuntamiento-se-iluminara-de-rojo-el-proximo-domingo-dia-1-con-motivo-del-dia-mundial-de-la-lucha-contra-el-sida\/#respond"]}]},{"@type":"WebPage","@id":"https:\/\/www.laguiadepamplona.com\/actualidad\/la-fachada-del-ayuntamiento-se-iluminara-de-rojo-el-proximo-domingo-dia-1-con-motivo-del-dia-mundial-de-la-lucha-contra-el-sida\/","url":"https:\/\/www.laguiadepamplona.com\/actualidad\/la-fachada-del-ayuntamiento-se-iluminara-de-rojo-el-proximo-domingo-dia-1-con-motivo-del-dia-mundial-de-la-lucha-contra-el-sida\/","name":"La fachada del Ayuntamiento se iluminar\u00e1 de rojo el pr\u00f3ximo domingo, d\u00eda 1, con motivo del D\u00eda Mundial de la Lucha contra el SIDA","isPartOf":{"@id":"https:\/\/www.laguiadepamplona.com\/actualidad\/#website"},"primaryImageOfPage":{"@id":"https:\/\/www.laguiadepamplona.com\/actualidad\/la-fachada-del-ayuntamiento-se-iluminara-de-rojo-el-proximo-domingo-dia-1-con-motivo-del-dia-mundial-de-la-lucha-contra-el-sida\/#primaryimage"},"image":{"@id":"https:\/\/www.laguiadepamplona.com\/actualidad\/la-fachada-del-ayuntamiento-se-iluminara-de-rojo-el-proximo-domingo-dia-1-con-motivo-del-dia-mundial-de-la-lucha-contra-el-sida\/#primaryimage"},"thumbnailUrl":"https:\/\/www.laguiadepamplona.com\/actualidad\/wp-content\/uploads\/2019\/05\/ayuntamiento-pamplona-laguiadepamplona.jpg","datePublished":"2019-11-28T16:42:42+00:00","dateModified":"2019-11-28T16:47:23+00:00","breadcrumb":{"@id":"https:\/\/www.laguiadepamplona.com\/actualidad\/la-fachada-del-ayuntamiento-se-iluminara-de-rojo-el-proximo-domingo-dia-1-con-motivo-del-dia-mundial-de-la-lucha-contra-el-sida\/#breadcrumb"},"inLanguage":"es","potentialAction":[{"@type":"ReadAction","target":["https:\/\/www.laguiadepamplona.com\/actualidad\/la-fachada-del-ayuntamiento-se-iluminara-de-rojo-el-proximo-domingo-dia-1-con-motivo-del-dia-mundial-de-la-lucha-contra-el-sida\/"]}]},{"@type":"ImageObject","inLanguage":"es","@id":"https:\/\/www.laguiadepamplona.com\/actualidad\/la-fachada-del-ayuntamiento-se-iluminara-de-rojo-el-proximo-domingo-dia-1-con-motivo-del-dia-mundial-de-la-lucha-contra-el-sida\/#primaryimage","url":"https:\/\/www.laguiadepamplona.com\/actualidad\/wp-content\/uploads\/2019\/05\/ayuntamiento-pamplona-laguiadepamplona.jpg","contentUrl":"https:\/\/www.laguiadepamplona.com\/actualidad\/wp-content\/uploads\/2019\/05\/ayuntamiento-pamplona-laguiadepamplona.jpg","width":1920,"height":1100},{"@type":"BreadcrumbList","@id":"https:\/\/www.laguiadepamplona.com\/actualidad\/la-fachada-del-ayuntamiento-se-iluminara-de-rojo-el-proximo-domingo-dia-1-con-motivo-del-dia-mundial-de-la-lucha-contra-el-sida\/#breadcrumb","itemListElement":[{"@type":"ListItem","position":1,"name":"Portada","item":"https:\/\/www.laguiadepamplona.com\/actualidad\/"},{"@type":"ListItem","position":2,"name":"La fachada del Ayuntamiento se iluminar\u00e1 de rojo el pr\u00f3ximo domingo, d\u00eda 1, con motivo del D\u00eda Mundial de la Lucha contra el SIDA"}]},{"@type":"WebSite","@id":"https:\/\/www.laguiadepamplona.com\/actualidad\/#website","url":"https:\/\/www.laguiadepamplona.com\/actualidad\/","name":"La gu\u00eda de Pamplona","description":"Noticias de Pamplona","publisher":{"@id":"https:\/\/www.laguiadepamplona.com\/actualidad\/#organization"},"potentialAction":[{"@type":"SearchAction","target":{"@type":"EntryPoint","urlTemplate":"https:\/\/www.laguiadepamplona.com\/actualidad\/?s={search_term_string}"},"query-input":{"@type":"PropertyValueSpecification","valueRequired":true,"valueName":"search_term_string"}}],"inLanguage":"es"},{"@type":"Organization","@id":"https:\/\/www.laguiadepamplona.com\/actualidad\/#organization","name":"La Gu\u00eda de Pamplona \/ Noticias","url":"https:\/\/www.laguiadepamplona.com\/actualidad\/","logo":{"@type":"ImageObject","inLanguage":"es","@id":"https:\/\/www.laguiadepamplona.com\/actualidad\/#\/schema\/logo\/image\/","url":"https:\/\/www.laguiadepamplona.com\/actualidad\/wp-content\/uploads\/2018\/11\/logo-laguiadepamplona18-web1.png","contentUrl":"https:\/\/www.laguiadepamplona.com\/actualidad\/wp-content\/uploads\/2018\/11\/logo-laguiadepamplona18-web1.png","width":600,"height":196,"caption":"La Gu\u00eda de Pamplona \/ Noticias"},"image":{"@id":"https:\/\/www.laguiadepamplona.com\/actualidad\/#\/schema\/logo\/image\/"},"sameAs":["https:\/\/www.facebook.com\/laguiadepamplonacom-133175176762273\/?ref=hl","https:\/\/x.com\/LaGuiadPamplona","https:\/\/www.instagram.com\/la_guia_de_pamplona\/","https:\/\/www.youtube.com\/user\/laguiadepamplona"]},{"@type":"Person","@id":"https:\/\/www.laguiadepamplona.com\/actualidad\/#\/schema\/person\/efe887376f0213d4657c93adc50b1fdb","name":"La Gu\u00eda de Pamplona","image":{"@type":"ImageObject","inLanguage":"es","@id":"https:\/\/secure.gravatar.com\/avatar\/b6992f131dc8d30ab0dff15446e9d346d9dbd95992de0fef795073f5ea83a81c?s=96&d=mm&r=g","url":"https:\/\/secure.gravatar.com\/avatar\/b6992f131dc8d30ab0dff15446e9d346d9dbd95992de0fef795073f5ea83a81c?s=96&d=mm&r=g","contentUrl":"https:\/\/secure.gravatar.com\/avatar\/b6992f131dc8d30ab0dff15446e9d346d9dbd95992de0fef795073f5ea83a81c?s=96&d=mm&r=g","caption":"La Gu\u00eda de Pamplona"}}]}},"post_mailing_queue_ids":[],"_links":{"self":[{"href":"https:\/\/www.laguiadepamplona.com\/actualidad\/wp-json\/wp\/v2\/posts\/26648","targetHints":{"allow":["GET"]}}],"collection":[{"href":"https:\/\/www.laguiadepamplona.com\/actualidad\/wp-json\/wp\/v2\/posts"}],"about":[{"href":"https:\/\/www.laguiadepamplona.com\/actualidad\/wp-json\/wp\/v2\/types\/post"}],"author":[{"embeddable":true,"href":"https:\/\/www.laguiadepamplona.com\/actualidad\/wp-json\/wp\/v2\/users\/1"}],"replies":[{"embeddable":true,"href":"https:\/\/www.laguiadepamplona.com\/actualidad\/wp-json\/wp\/v2\/comments?post=26648"}],"version-history":[{"count":0,"href":"https:\/\/www.laguiadepamplona.com\/actualidad\/wp-json\/wp\/v2\/posts\/26648\/revisions"}],"wp:featuredmedia":[{"embeddable":true,"href":"https:\/\/www.laguiadepamplona.com\/actualidad\/wp-json\/wp\/v2\/media\/21939"}],"wp:attachment":[{"href":"https:\/\/www.laguiadepamplona.com\/actualidad\/wp-json\/wp\/v2\/media?parent=26648"}],"wp:term":[{"taxonomy":"category","embeddable":true,"href":"https:\/\/www.laguiadepamplona.com\/actualidad\/wp-json\/wp\/v2\/categories?post=26648"},{"taxonomy":"post_tag","embeddable":true,"href":"https:\/\/www.laguiadepamplona.com\/actualidad\/wp-json\/wp\/v2\/tags?post=26648"}],"curies":[{"name":"wp","href":"https:\/\/api.w.org\/{rel}","templated":true}]}}