{"id":26644,"date":"2019-11-28T18:41:03","date_gmt":"2019-11-28T16:41:03","guid":{"rendered":"https:\/\/www.laguiadepamplona.es\/actualidad\/?p=26644"},"modified":"2019-11-28T18:48:27","modified_gmt":"2019-11-28T16:48:27","slug":"el-coro-lirico-de-la-federacion-de-coros-de-navarra-ofrece-este-sabado-un-concierto-en-civivox-mendillorri","status":"publish","type":"post","link":"https:\/\/www.laguiadepamplona.com\/actualidad\/el-coro-lirico-de-la-federacion-de-coros-de-navarra-ofrece-este-sabado-un-concierto-en-civivox-mendillorri\/","title":{"rendered":"El Coro L\u00edrico de la Federaci\u00f3n de Coros de Navarra ofrece este s\u00e1bado un concierto en Civivox Mendillorri"},"content":{"rendered":"<h5>El concierto, dentro del ciclo Coros en Red, comenzar\u00e1 a las 19.30 horas, con entrada libre previa retirada de invitaciones<\/h5>\n<p><!--more--><\/p>\n<p>Nueva cita este s\u00e1bado con el ciclo Coros en Red, organizado por el Ayuntamiento de Pamplona, a trav\u00e9s de la red Civivox, y con la colaboraci\u00f3n de Federaci\u00f3n de Coros de Navarra. Civivox Mendillorri acoger\u00e1 la actuaci\u00f3n del Coro L\u00edrico de la Federaci\u00f3n de Coros de Navarra, a partir de las 19.30 horas. La entrada es libre, previa retirada de invitaciones, con un m\u00e1ximo de dos por persona, desde una hora antes.<\/p>\n<p>El Coro L\u00edrico de la Federaci\u00f3n de Coros de Navarra se cre\u00f3 en 2017 bajo la direcci\u00f3n de Jordi Freixa y est\u00e1 compuesto por miembros de los coros federados. La Federaci\u00f3n de Coros de Navarra cuenta entre sus asociados con escolan\u00edas, coros infantiles, coros juveniles, coros femeninos, coros masculinos, coros mixtos o Coro Sinf\u00f3nico, con un total de 5.500 personas. Para poder completar toda la gama coral s\u00f3lo faltaba la creaci\u00f3n de un coro l\u00edrico, que se puso en marcha hace dos a\u00f1os. Este proyecto est\u00e1 basado en ofrecer a los coros la posibilidad para que sus cantantes hagan un tipo de m\u00fasica diferente al que hacen habitualmente, bien por el n\u00famero necesario de int\u00e9rpretes, por el tipo de obra o por el g\u00e9nero a trabajar. Las personas integrantes del Coro L\u00edrico tienen la posibilidad de cantar como solistas en los diferentes repertorios que se trabajan.<\/p>\n<p>El ciclo Coros en Red entra en su recta final, aunque todav\u00eda dos conciertos m\u00e1s, uno en diciembre y otro en enero. El viernes 13 de diciembre ser\u00e1 el turno de la Coral Aritza Abesbatza de Aibar, que cantar\u00e1 en Civivox San Jorge a partir de las 19.30 horas. El broche lo pondr\u00e1 la Coral Infantil y Juvenil de la Coral de C\u00e1mara de Pamplona que cerrar\u00e1 el ciclo el domingo 12 de enero, a las 12.30 horas, en Civivox Condestable.<\/p>\n<p><script async src=\"\/\/pagead2.googlesyndication.com\/pagead\/js\/adsbygoogle.js\"><\/script><br \/>\n<!-- Noticias La Guia de Pamplona --><br \/>\n<ins class=\"adsbygoogle\"\nstyle=\"display:block\"\ndata-ad-client=\"ca-pub-6943679897239327\"\ndata-ad-slot=\"7048180777\"\ndata-ad-format=\"auto\"><\/ins><br \/>\n<script>\n(adsbygoogle = window.adsbygoogle || []).push({});\n<\/script><\/p>\n<p><strong>Coros en Red. En colaboraci\u00f3n con la Federaci\u00f3n de Coros de Navarra<\/strong><\/p>\n<ul>\n<li><strong>S\u00e1bado 30 de noviembre, 19.30 horas. Civivox Mendillorri<\/strong>\n<ul>\n<li><strong>CORO L\u00cdRICO DE LA FEDERACI\u00d3N NAVARRA DE COROS<\/strong><\/li>\n<li>Entrada libre, previa retirada de invitaciones<\/li>\n<\/ul>\n<\/li>\n<li><strong>Viernes 13 de diciembre, 19.30 horas. Civivox San Jorge<\/strong>\n<ul>\n<li><strong>CORAL ARITZA ABESBATZA DE AIBAR-OIBAR<\/strong><\/li>\n<li>Entrada libre, previa retirada de invitaciones<\/li>\n<\/ul>\n<\/li>\n<li><strong>Domingo 12 de enero, 12.30 horas. Civivox Condestable<\/strong>\n<ul>\n<li><strong>CORAL INFANTIL Y JUVENIL DE LA CCP (CORAL DE CAMARA DE PAMPLONA)<\/strong><\/li>\n<li>Entrada libre<\/li>\n<\/ul>\n<\/li>\n<\/ul>\n","protected":false},"excerpt":{"rendered":"<p>El concierto, dentro del ciclo Coros en Red, comenzar\u00e1 a las 19.30 horas, con entrada libre previa retirada de invitaciones<\/p>\n","protected":false},"author":1,"featured_media":11011,"comment_status":"open","ping_status":"closed","sticky":false,"template":"","format":"standard","meta":{"footnotes":""},"categories":[2],"tags":[],"class_list":["post-26644","post","type-post","status-publish","format-standard","has-post-thumbnail","hentry","category-ayuntamiento-pamplona"],"yoast_head":"<!-- This site is optimized with the Yoast SEO plugin v27.3 - https:\/\/yoast.com\/product\/yoast-seo-wordpress\/ -->\n<title>El Coro L\u00edrico de la Federaci\u00f3n de Coros de Navarra ofrece este s\u00e1bado un concierto en Civivox Mendillorri<\/title>\n<meta name=\"robots\" content=\"index, follow, max-snippet:-1, max-image-preview:large, max-video-preview:-1\" \/>\n<link rel=\"canonical\" href=\"https:\/\/www.laguiadepamplona.com\/actualidad\/el-coro-lirico-de-la-federacion-de-coros-de-navarra-ofrece-este-sabado-un-concierto-en-civivox-mendillorri\/\" \/>\n<meta property=\"og:locale\" content=\"es_ES\" \/>\n<meta property=\"og:type\" content=\"article\" \/>\n<meta property=\"og:title\" content=\"El Coro L\u00edrico de la Federaci\u00f3n de Coros de Navarra ofrece este s\u00e1bado un concierto en Civivox Mendillorri\" \/>\n<meta property=\"og:description\" content=\"El concierto, dentro del ciclo Coros en Red, comenzar\u00e1 a las 19.30 horas, con entrada libre previa retirada de invitaciones\" \/>\n<meta property=\"og:url\" content=\"https:\/\/www.laguiadepamplona.com\/actualidad\/el-coro-lirico-de-la-federacion-de-coros-de-navarra-ofrece-este-sabado-un-concierto-en-civivox-mendillorri\/\" \/>\n<meta property=\"og:site_name\" content=\"La Gu\u00eda de Pamplona\" \/>\n<meta property=\"article:publisher\" content=\"https:\/\/www.facebook.com\/laguiadepamplonacom-133175176762273\/?ref=hl\" \/>\n<meta property=\"article:published_time\" content=\"2019-11-28T16:41:03+00:00\" \/>\n<meta property=\"article:modified_time\" content=\"2019-11-28T16:48:27+00:00\" \/>\n<meta property=\"og:image\" content=\"https:\/\/www.laguiadepamplona.com\/actualidad\/wp-content\/uploads\/2016\/12\/civivox-mendillorri.jpg\" \/>\n\t<meta property=\"og:image:width\" content=\"870\" \/>\n\t<meta property=\"og:image:height\" content=\"390\" \/>\n\t<meta property=\"og:image:type\" content=\"image\/jpeg\" \/>\n<meta name=\"author\" content=\"La Gu\u00eda de Pamplona\" \/>\n<meta name=\"twitter:card\" content=\"summary_large_image\" \/>\n<meta name=\"twitter:creator\" content=\"@LaGuiadPamplona\" \/>\n<meta name=\"twitter:site\" content=\"@LaGuiadPamplona\" \/>\n<meta name=\"twitter:label1\" content=\"Escrito por\" \/>\n\t<meta name=\"twitter:data1\" content=\"La Gu\u00eda de Pamplona\" \/>\n\t<meta name=\"twitter:label2\" content=\"Tiempo de lectura\" \/>\n\t<meta name=\"twitter:data2\" content=\"2 minutos\" \/>\n<script type=\"application\/ld+json\" class=\"yoast-schema-graph\">{\"@context\":\"https:\\\/\\\/schema.org\",\"@graph\":[{\"@type\":\"Article\",\"@id\":\"https:\\\/\\\/www.laguiadepamplona.com\\\/actualidad\\\/el-coro-lirico-de-la-federacion-de-coros-de-navarra-ofrece-este-sabado-un-concierto-en-civivox-mendillorri\\\/#article\",\"isPartOf\":{\"@id\":\"https:\\\/\\\/www.laguiadepamplona.com\\\/actualidad\\\/el-coro-lirico-de-la-federacion-de-coros-de-navarra-ofrece-este-sabado-un-concierto-en-civivox-mendillorri\\\/\"},\"author\":{\"name\":\"La Gu\u00eda de Pamplona\",\"@id\":\"https:\\\/\\\/www.laguiadepamplona.com\\\/actualidad\\\/#\\\/schema\\\/person\\\/efe887376f0213d4657c93adc50b1fdb\"},\"headline\":\"El Coro L\u00edrico de la Federaci\u00f3n de Coros de Navarra ofrece este s\u00e1bado un concierto en Civivox Mendillorri\",\"datePublished\":\"2019-11-28T16:41:03+00:00\",\"dateModified\":\"2019-11-28T16:48:27+00:00\",\"mainEntityOfPage\":{\"@id\":\"https:\\\/\\\/www.laguiadepamplona.com\\\/actualidad\\\/el-coro-lirico-de-la-federacion-de-coros-de-navarra-ofrece-este-sabado-un-concierto-en-civivox-mendillorri\\\/\"},\"wordCount\":433,\"commentCount\":0,\"publisher\":{\"@id\":\"https:\\\/\\\/www.laguiadepamplona.com\\\/actualidad\\\/#organization\"},\"image\":{\"@id\":\"https:\\\/\\\/www.laguiadepamplona.com\\\/actualidad\\\/el-coro-lirico-de-la-federacion-de-coros-de-navarra-ofrece-este-sabado-un-concierto-en-civivox-mendillorri\\\/#primaryimage\"},\"thumbnailUrl\":\"https:\\\/\\\/www.laguiadepamplona.com\\\/actualidad\\\/wp-content\\\/uploads\\\/2016\\\/12\\\/civivox-mendillorri.jpg\",\"articleSection\":[\"Ayto Pamplona\"],\"inLanguage\":\"es\",\"potentialAction\":[{\"@type\":\"CommentAction\",\"name\":\"Comment\",\"target\":[\"https:\\\/\\\/www.laguiadepamplona.com\\\/actualidad\\\/el-coro-lirico-de-la-federacion-de-coros-de-navarra-ofrece-este-sabado-un-concierto-en-civivox-mendillorri\\\/#respond\"]}]},{\"@type\":\"WebPage\",\"@id\":\"https:\\\/\\\/www.laguiadepamplona.com\\\/actualidad\\\/el-coro-lirico-de-la-federacion-de-coros-de-navarra-ofrece-este-sabado-un-concierto-en-civivox-mendillorri\\\/\",\"url\":\"https:\\\/\\\/www.laguiadepamplona.com\\\/actualidad\\\/el-coro-lirico-de-la-federacion-de-coros-de-navarra-ofrece-este-sabado-un-concierto-en-civivox-mendillorri\\\/\",\"name\":\"El Coro L\u00edrico de la Federaci\u00f3n de Coros de Navarra ofrece este s\u00e1bado un concierto en Civivox Mendillorri\",\"isPartOf\":{\"@id\":\"https:\\\/\\\/www.laguiadepamplona.com\\\/actualidad\\\/#website\"},\"primaryImageOfPage\":{\"@id\":\"https:\\\/\\\/www.laguiadepamplona.com\\\/actualidad\\\/el-coro-lirico-de-la-federacion-de-coros-de-navarra-ofrece-este-sabado-un-concierto-en-civivox-mendillorri\\\/#primaryimage\"},\"image\":{\"@id\":\"https:\\\/\\\/www.laguiadepamplona.com\\\/actualidad\\\/el-coro-lirico-de-la-federacion-de-coros-de-navarra-ofrece-este-sabado-un-concierto-en-civivox-mendillorri\\\/#primaryimage\"},\"thumbnailUrl\":\"https:\\\/\\\/www.laguiadepamplona.com\\\/actualidad\\\/wp-content\\\/uploads\\\/2016\\\/12\\\/civivox-mendillorri.jpg\",\"datePublished\":\"2019-11-28T16:41:03+00:00\",\"dateModified\":\"2019-11-28T16:48:27+00:00\",\"breadcrumb\":{\"@id\":\"https:\\\/\\\/www.laguiadepamplona.com\\\/actualidad\\\/el-coro-lirico-de-la-federacion-de-coros-de-navarra-ofrece-este-sabado-un-concierto-en-civivox-mendillorri\\\/#breadcrumb\"},\"inLanguage\":\"es\",\"potentialAction\":[{\"@type\":\"ReadAction\",\"target\":[\"https:\\\/\\\/www.laguiadepamplona.com\\\/actualidad\\\/el-coro-lirico-de-la-federacion-de-coros-de-navarra-ofrece-este-sabado-un-concierto-en-civivox-mendillorri\\\/\"]}]},{\"@type\":\"ImageObject\",\"inLanguage\":\"es\",\"@id\":\"https:\\\/\\\/www.laguiadepamplona.com\\\/actualidad\\\/el-coro-lirico-de-la-federacion-de-coros-de-navarra-ofrece-este-sabado-un-concierto-en-civivox-mendillorri\\\/#primaryimage\",\"url\":\"https:\\\/\\\/www.laguiadepamplona.com\\\/actualidad\\\/wp-content\\\/uploads\\\/2016\\\/12\\\/civivox-mendillorri.jpg\",\"contentUrl\":\"https:\\\/\\\/www.laguiadepamplona.com\\\/actualidad\\\/wp-content\\\/uploads\\\/2016\\\/12\\\/civivox-mendillorri.jpg\",\"width\":870,\"height\":390},{\"@type\":\"BreadcrumbList\",\"@id\":\"https:\\\/\\\/www.laguiadepamplona.com\\\/actualidad\\\/el-coro-lirico-de-la-federacion-de-coros-de-navarra-ofrece-este-sabado-un-concierto-en-civivox-mendillorri\\\/#breadcrumb\",\"itemListElement\":[{\"@type\":\"ListItem\",\"position\":1,\"name\":\"Portada\",\"item\":\"https:\\\/\\\/www.laguiadepamplona.com\\\/actualidad\\\/\"},{\"@type\":\"ListItem\",\"position\":2,\"name\":\"El Coro L\u00edrico de la Federaci\u00f3n de Coros de Navarra ofrece este s\u00e1bado un concierto en Civivox Mendillorri\"}]},{\"@type\":\"WebSite\",\"@id\":\"https:\\\/\\\/www.laguiadepamplona.com\\\/actualidad\\\/#website\",\"url\":\"https:\\\/\\\/www.laguiadepamplona.com\\\/actualidad\\\/\",\"name\":\"La gu\u00eda de Pamplona\",\"description\":\"Noticias de Pamplona\",\"publisher\":{\"@id\":\"https:\\\/\\\/www.laguiadepamplona.com\\\/actualidad\\\/#organization\"},\"potentialAction\":[{\"@type\":\"SearchAction\",\"target\":{\"@type\":\"EntryPoint\",\"urlTemplate\":\"https:\\\/\\\/www.laguiadepamplona.com\\\/actualidad\\\/?s={search_term_string}\"},\"query-input\":{\"@type\":\"PropertyValueSpecification\",\"valueRequired\":true,\"valueName\":\"search_term_string\"}}],\"inLanguage\":\"es\"},{\"@type\":\"Organization\",\"@id\":\"https:\\\/\\\/www.laguiadepamplona.com\\\/actualidad\\\/#organization\",\"name\":\"La Gu\u00eda de Pamplona \\\/ Noticias\",\"url\":\"https:\\\/\\\/www.laguiadepamplona.com\\\/actualidad\\\/\",\"logo\":{\"@type\":\"ImageObject\",\"inLanguage\":\"es\",\"@id\":\"https:\\\/\\\/www.laguiadepamplona.com\\\/actualidad\\\/#\\\/schema\\\/logo\\\/image\\\/\",\"url\":\"https:\\\/\\\/www.laguiadepamplona.com\\\/actualidad\\\/wp-content\\\/uploads\\\/2018\\\/11\\\/logo-laguiadepamplona18-web1.png\",\"contentUrl\":\"https:\\\/\\\/www.laguiadepamplona.com\\\/actualidad\\\/wp-content\\\/uploads\\\/2018\\\/11\\\/logo-laguiadepamplona18-web1.png\",\"width\":600,\"height\":196,\"caption\":\"La Gu\u00eda de Pamplona \\\/ Noticias\"},\"image\":{\"@id\":\"https:\\\/\\\/www.laguiadepamplona.com\\\/actualidad\\\/#\\\/schema\\\/logo\\\/image\\\/\"},\"sameAs\":[\"https:\\\/\\\/www.facebook.com\\\/laguiadepamplonacom-133175176762273\\\/?ref=hl\",\"https:\\\/\\\/x.com\\\/LaGuiadPamplona\",\"https:\\\/\\\/www.instagram.com\\\/la_guia_de_pamplona\\\/\",\"https:\\\/\\\/www.youtube.com\\\/user\\\/laguiadepamplona\"]},{\"@type\":\"Person\",\"@id\":\"https:\\\/\\\/www.laguiadepamplona.com\\\/actualidad\\\/#\\\/schema\\\/person\\\/efe887376f0213d4657c93adc50b1fdb\",\"name\":\"La Gu\u00eda de Pamplona\",\"image\":{\"@type\":\"ImageObject\",\"inLanguage\":\"es\",\"@id\":\"https:\\\/\\\/secure.gravatar.com\\\/avatar\\\/b6992f131dc8d30ab0dff15446e9d346d9dbd95992de0fef795073f5ea83a81c?s=96&d=mm&r=g\",\"url\":\"https:\\\/\\\/secure.gravatar.com\\\/avatar\\\/b6992f131dc8d30ab0dff15446e9d346d9dbd95992de0fef795073f5ea83a81c?s=96&d=mm&r=g\",\"contentUrl\":\"https:\\\/\\\/secure.gravatar.com\\\/avatar\\\/b6992f131dc8d30ab0dff15446e9d346d9dbd95992de0fef795073f5ea83a81c?s=96&d=mm&r=g\",\"caption\":\"La Gu\u00eda de Pamplona\"}}]}<\/script>\n<!-- \/ Yoast SEO plugin. -->","yoast_head_json":{"title":"El Coro L\u00edrico de la Federaci\u00f3n de Coros de Navarra ofrece este s\u00e1bado un concierto en Civivox Mendillorri","robots":{"index":"index","follow":"follow","max-snippet":"max-snippet:-1","max-image-preview":"max-image-preview:large","max-video-preview":"max-video-preview:-1"},"canonical":"https:\/\/www.laguiadepamplona.com\/actualidad\/el-coro-lirico-de-la-federacion-de-coros-de-navarra-ofrece-este-sabado-un-concierto-en-civivox-mendillorri\/","og_locale":"es_ES","og_type":"article","og_title":"El Coro L\u00edrico de la Federaci\u00f3n de Coros de Navarra ofrece este s\u00e1bado un concierto en Civivox Mendillorri","og_description":"El concierto, dentro del ciclo Coros en Red, comenzar\u00e1 a las 19.30 horas, con entrada libre previa retirada de invitaciones","og_url":"https:\/\/www.laguiadepamplona.com\/actualidad\/el-coro-lirico-de-la-federacion-de-coros-de-navarra-ofrece-este-sabado-un-concierto-en-civivox-mendillorri\/","og_site_name":"La Gu\u00eda de Pamplona","article_publisher":"https:\/\/www.facebook.com\/laguiadepamplonacom-133175176762273\/?ref=hl","article_published_time":"2019-11-28T16:41:03+00:00","article_modified_time":"2019-11-28T16:48:27+00:00","og_image":[{"width":870,"height":390,"url":"https:\/\/www.laguiadepamplona.com\/actualidad\/wp-content\/uploads\/2016\/12\/civivox-mendillorri.jpg","type":"image\/jpeg"}],"author":"La Gu\u00eda de Pamplona","twitter_card":"summary_large_image","twitter_creator":"@LaGuiadPamplona","twitter_site":"@LaGuiadPamplona","twitter_misc":{"Escrito por":"La Gu\u00eda de Pamplona","Tiempo de lectura":"2 minutos"},"schema":{"@context":"https:\/\/schema.org","@graph":[{"@type":"Article","@id":"https:\/\/www.laguiadepamplona.com\/actualidad\/el-coro-lirico-de-la-federacion-de-coros-de-navarra-ofrece-este-sabado-un-concierto-en-civivox-mendillorri\/#article","isPartOf":{"@id":"https:\/\/www.laguiadepamplona.com\/actualidad\/el-coro-lirico-de-la-federacion-de-coros-de-navarra-ofrece-este-sabado-un-concierto-en-civivox-mendillorri\/"},"author":{"name":"La Gu\u00eda de Pamplona","@id":"https:\/\/www.laguiadepamplona.com\/actualidad\/#\/schema\/person\/efe887376f0213d4657c93adc50b1fdb"},"headline":"El Coro L\u00edrico de la Federaci\u00f3n de Coros de Navarra ofrece este s\u00e1bado un concierto en Civivox Mendillorri","datePublished":"2019-11-28T16:41:03+00:00","dateModified":"2019-11-28T16:48:27+00:00","mainEntityOfPage":{"@id":"https:\/\/www.laguiadepamplona.com\/actualidad\/el-coro-lirico-de-la-federacion-de-coros-de-navarra-ofrece-este-sabado-un-concierto-en-civivox-mendillorri\/"},"wordCount":433,"commentCount":0,"publisher":{"@id":"https:\/\/www.laguiadepamplona.com\/actualidad\/#organization"},"image":{"@id":"https:\/\/www.laguiadepamplona.com\/actualidad\/el-coro-lirico-de-la-federacion-de-coros-de-navarra-ofrece-este-sabado-un-concierto-en-civivox-mendillorri\/#primaryimage"},"thumbnailUrl":"https:\/\/www.laguiadepamplona.com\/actualidad\/wp-content\/uploads\/2016\/12\/civivox-mendillorri.jpg","articleSection":["Ayto Pamplona"],"inLanguage":"es","potentialAction":[{"@type":"CommentAction","name":"Comment","target":["https:\/\/www.laguiadepamplona.com\/actualidad\/el-coro-lirico-de-la-federacion-de-coros-de-navarra-ofrece-este-sabado-un-concierto-en-civivox-mendillorri\/#respond"]}]},{"@type":"WebPage","@id":"https:\/\/www.laguiadepamplona.com\/actualidad\/el-coro-lirico-de-la-federacion-de-coros-de-navarra-ofrece-este-sabado-un-concierto-en-civivox-mendillorri\/","url":"https:\/\/www.laguiadepamplona.com\/actualidad\/el-coro-lirico-de-la-federacion-de-coros-de-navarra-ofrece-este-sabado-un-concierto-en-civivox-mendillorri\/","name":"El Coro L\u00edrico de la Federaci\u00f3n de Coros de Navarra ofrece este s\u00e1bado un concierto en Civivox Mendillorri","isPartOf":{"@id":"https:\/\/www.laguiadepamplona.com\/actualidad\/#website"},"primaryImageOfPage":{"@id":"https:\/\/www.laguiadepamplona.com\/actualidad\/el-coro-lirico-de-la-federacion-de-coros-de-navarra-ofrece-este-sabado-un-concierto-en-civivox-mendillorri\/#primaryimage"},"image":{"@id":"https:\/\/www.laguiadepamplona.com\/actualidad\/el-coro-lirico-de-la-federacion-de-coros-de-navarra-ofrece-este-sabado-un-concierto-en-civivox-mendillorri\/#primaryimage"},"thumbnailUrl":"https:\/\/www.laguiadepamplona.com\/actualidad\/wp-content\/uploads\/2016\/12\/civivox-mendillorri.jpg","datePublished":"2019-11-28T16:41:03+00:00","dateModified":"2019-11-28T16:48:27+00:00","breadcrumb":{"@id":"https:\/\/www.laguiadepamplona.com\/actualidad\/el-coro-lirico-de-la-federacion-de-coros-de-navarra-ofrece-este-sabado-un-concierto-en-civivox-mendillorri\/#breadcrumb"},"inLanguage":"es","potentialAction":[{"@type":"ReadAction","target":["https:\/\/www.laguiadepamplona.com\/actualidad\/el-coro-lirico-de-la-federacion-de-coros-de-navarra-ofrece-este-sabado-un-concierto-en-civivox-mendillorri\/"]}]},{"@type":"ImageObject","inLanguage":"es","@id":"https:\/\/www.laguiadepamplona.com\/actualidad\/el-coro-lirico-de-la-federacion-de-coros-de-navarra-ofrece-este-sabado-un-concierto-en-civivox-mendillorri\/#primaryimage","url":"https:\/\/www.laguiadepamplona.com\/actualidad\/wp-content\/uploads\/2016\/12\/civivox-mendillorri.jpg","contentUrl":"https:\/\/www.laguiadepamplona.com\/actualidad\/wp-content\/uploads\/2016\/12\/civivox-mendillorri.jpg","width":870,"height":390},{"@type":"BreadcrumbList","@id":"https:\/\/www.laguiadepamplona.com\/actualidad\/el-coro-lirico-de-la-federacion-de-coros-de-navarra-ofrece-este-sabado-un-concierto-en-civivox-mendillorri\/#breadcrumb","itemListElement":[{"@type":"ListItem","position":1,"name":"Portada","item":"https:\/\/www.laguiadepamplona.com\/actualidad\/"},{"@type":"ListItem","position":2,"name":"El Coro L\u00edrico de la Federaci\u00f3n de Coros de Navarra ofrece este s\u00e1bado un concierto en Civivox Mendillorri"}]},{"@type":"WebSite","@id":"https:\/\/www.laguiadepamplona.com\/actualidad\/#website","url":"https:\/\/www.laguiadepamplona.com\/actualidad\/","name":"La gu\u00eda de Pamplona","description":"Noticias de Pamplona","publisher":{"@id":"https:\/\/www.laguiadepamplona.com\/actualidad\/#organization"},"potentialAction":[{"@type":"SearchAction","target":{"@type":"EntryPoint","urlTemplate":"https:\/\/www.laguiadepamplona.com\/actualidad\/?s={search_term_string}"},"query-input":{"@type":"PropertyValueSpecification","valueRequired":true,"valueName":"search_term_string"}}],"inLanguage":"es"},{"@type":"Organization","@id":"https:\/\/www.laguiadepamplona.com\/actualidad\/#organization","name":"La Gu\u00eda de Pamplona \/ Noticias","url":"https:\/\/www.laguiadepamplona.com\/actualidad\/","logo":{"@type":"ImageObject","inLanguage":"es","@id":"https:\/\/www.laguiadepamplona.com\/actualidad\/#\/schema\/logo\/image\/","url":"https:\/\/www.laguiadepamplona.com\/actualidad\/wp-content\/uploads\/2018\/11\/logo-laguiadepamplona18-web1.png","contentUrl":"https:\/\/www.laguiadepamplona.com\/actualidad\/wp-content\/uploads\/2018\/11\/logo-laguiadepamplona18-web1.png","width":600,"height":196,"caption":"La Gu\u00eda de Pamplona \/ Noticias"},"image":{"@id":"https:\/\/www.laguiadepamplona.com\/actualidad\/#\/schema\/logo\/image\/"},"sameAs":["https:\/\/www.facebook.com\/laguiadepamplonacom-133175176762273\/?ref=hl","https:\/\/x.com\/LaGuiadPamplona","https:\/\/www.instagram.com\/la_guia_de_pamplona\/","https:\/\/www.youtube.com\/user\/laguiadepamplona"]},{"@type":"Person","@id":"https:\/\/www.laguiadepamplona.com\/actualidad\/#\/schema\/person\/efe887376f0213d4657c93adc50b1fdb","name":"La Gu\u00eda de Pamplona","image":{"@type":"ImageObject","inLanguage":"es","@id":"https:\/\/secure.gravatar.com\/avatar\/b6992f131dc8d30ab0dff15446e9d346d9dbd95992de0fef795073f5ea83a81c?s=96&d=mm&r=g","url":"https:\/\/secure.gravatar.com\/avatar\/b6992f131dc8d30ab0dff15446e9d346d9dbd95992de0fef795073f5ea83a81c?s=96&d=mm&r=g","contentUrl":"https:\/\/secure.gravatar.com\/avatar\/b6992f131dc8d30ab0dff15446e9d346d9dbd95992de0fef795073f5ea83a81c?s=96&d=mm&r=g","caption":"La Gu\u00eda de Pamplona"}}]}},"post_mailing_queue_ids":[],"_links":{"self":[{"href":"https:\/\/www.laguiadepamplona.com\/actualidad\/wp-json\/wp\/v2\/posts\/26644","targetHints":{"allow":["GET"]}}],"collection":[{"href":"https:\/\/www.laguiadepamplona.com\/actualidad\/wp-json\/wp\/v2\/posts"}],"about":[{"href":"https:\/\/www.laguiadepamplona.com\/actualidad\/wp-json\/wp\/v2\/types\/post"}],"author":[{"embeddable":true,"href":"https:\/\/www.laguiadepamplona.com\/actualidad\/wp-json\/wp\/v2\/users\/1"}],"replies":[{"embeddable":true,"href":"https:\/\/www.laguiadepamplona.com\/actualidad\/wp-json\/wp\/v2\/comments?post=26644"}],"version-history":[{"count":0,"href":"https:\/\/www.laguiadepamplona.com\/actualidad\/wp-json\/wp\/v2\/posts\/26644\/revisions"}],"wp:featuredmedia":[{"embeddable":true,"href":"https:\/\/www.laguiadepamplona.com\/actualidad\/wp-json\/wp\/v2\/media\/11011"}],"wp:attachment":[{"href":"https:\/\/www.laguiadepamplona.com\/actualidad\/wp-json\/wp\/v2\/media?parent=26644"}],"wp:term":[{"taxonomy":"category","embeddable":true,"href":"https:\/\/www.laguiadepamplona.com\/actualidad\/wp-json\/wp\/v2\/categories?post=26644"},{"taxonomy":"post_tag","embeddable":true,"href":"https:\/\/www.laguiadepamplona.com\/actualidad\/wp-json\/wp\/v2\/tags?post=26644"}],"curies":[{"name":"wp","href":"https:\/\/api.w.org\/{rel}","templated":true}]}}