{"id":26639,"date":"2019-11-28T18:38:34","date_gmt":"2019-11-28T16:38:34","guid":{"rendered":"https:\/\/www.laguiadepamplona.es\/actualidad\/?p=26639"},"modified":"2019-11-28T18:49:32","modified_gmt":"2019-11-28T16:49:32","slug":"yarleku-teatro-presenta-este-sabado-en-civivox-iturrama-la-casa-mas-pequena-etxerik-txikiena-una-historia-enmarcada-en-el-drama-de-los-ninos-y-ninas-refugiadas","status":"publish","type":"post","link":"https:\/\/www.laguiadepamplona.com\/actualidad\/yarleku-teatro-presenta-este-sabado-en-civivox-iturrama-la-casa-mas-pequena-etxerik-txikiena-una-historia-enmarcada-en-el-drama-de-los-ninos-y-ninas-refugiadas\/","title":{"rendered":"Yarleku Teatro presenta este s\u00e1bado en Civivox Iturrama \u201cLa casa m\u00e1s peque\u00f1a &#8211; Etxerik txikiena\u201d, una historia enmarcada en el drama de los ni\u00f1os y ni\u00f1as refugiadas"},"content":{"rendered":"<h5>La obra se representa en doble sesi\u00f3n, a las 12 horas en castellano y a las 18 horas en euskera, con entradas a la venta al precio de 3 euros<\/h5>\n<p><!--more--><\/p>\n<p>El p\u00fablico infantil tiene una doble cita este s\u00e1bado en Civivox Condestable con el teatro comprometido. La compa\u00f1\u00eda Yarleku Teatro propone la obra \u2018La casa m\u00e1s peque\u00f1a \u2013 Etxerik txikiena\u2019, un relato dirigido a mayores de 6 a\u00f1os que se enmarca en el drama y las incertidumbres de los ni\u00f1os y ni\u00f1as refugiadas. Se han programado dos funciones, a las 12 horas en castellano y a las 18 horas en euskera. Las entrada se vende al precio de 3 euros y se puede adquirir en el propio civivox o en las webs <a href=\"http:\/\/www.pamplona.es\" target=\"_blank\" rel=\"noopener noreferrer\">www.pamplona.es<\/a> y <a href=\"http:\/\/www.pamplonaescultura.es\" target=\"_blank\" rel=\"noopener noreferrer\">www.pamplonaescultura.es<\/a>.<\/p>\n<p><script async src=\"\/\/pagead2.googlesyndication.com\/pagead\/js\/adsbygoogle.js\"><\/script><br \/>\n<!-- Noticias La Guia de Pamplona --><br \/>\n<ins class=\"adsbygoogle\"\nstyle=\"display:block\"\ndata-ad-client=\"ca-pub-6943679897239327\"\ndata-ad-slot=\"7048180777\"\ndata-ad-format=\"auto\"><\/ins><br \/>\n<script>\n(adsbygoogle = window.adsbygoogle || []).push({});\n<\/script><\/p>\n<p>Con una maleta, un peque\u00f1o manzano y el deseo de volver pronto, Bettina deja atr\u00e1s su hogar para descansar del ruido de las bombas y del miedo que provoca la guerra. Al llegar a su nueva casa, se da cuenta de que nada es como imaginaba. Norma, otra ni\u00f1a en igual situaci\u00f3n, ser\u00e1 quien la acompa\u00f1e en esta cruda historia, construyendo entre ambas una amistad que les permitir\u00e1 hacer frente a las dificultades que van sobreviniendo. La obra aborda la incertidumbre que viven los ni\u00f1os y ni\u00f1as refugiadas tras abandonar su lugar de origen sin saber cu\u00e1l va a ser su destino. Trata sobre el desarraigo y la importancia de los v\u00ednculos interpersonales en situaciones de vulnerabilidad. Si un hogar es el lugar donde un individuo habita con sensaci\u00f3n de seguridad y calma, \u00bfcu\u00e1l es la unidad m\u00ednima para ello? Tal vez un abrazo pueda ser la casa m\u00e1s peque\u00f1a.<\/p>\n<p>La obra est\u00e1 dirigida por Rosa D\u00edaz y basada en los textos de Maialen D\u00edaz. Est\u00e1 protagonizada por Laura Villanueva y Eva Azpilikueta, que recibi\u00f3 el Premio FETEN 2019 a la mejor interpretaci\u00f3n femenina por este papel. Yarleku Teatro naci\u00f3 con componentes de la Escuela de Circo Oreka, con af\u00e1n de crear espect\u00e1culos socio-educativos en los que se a\u00fana una visi\u00f3n pl\u00e1stica del teatro y una transmisi\u00f3n en valores. Han puesto en escena en estos quince a\u00f1os de trayectoria art\u00edstica espect\u00e1culos como \u2018Numenes\u2019, \u2018Merkao\u2019, \u2018Maldito Sapo\u2019, \u2018Marem\u2019, \u2018La Isla de Yul\u2019 o \u2018Taim y los m\u00fasicos de Bremen\u2019. Tambi\u00e9n realizan animaciones, kalejiras, pasacalles a la carta y apoyo a otras compa\u00f1\u00edas.<\/p>\n<p><script async src=\"\/\/pagead2.googlesyndication.com\/pagead\/js\/adsbygoogle.js\"><\/script><br \/>\n<!-- Noticias La Guia de Pamplona --><br \/>\n<ins class=\"adsbygoogle\"\nstyle=\"display:block\"\ndata-ad-client=\"ca-pub-6943679897239327\"\ndata-ad-slot=\"7048180777\"\ndata-ad-format=\"auto\"><\/ins><br \/>\n<script>\n(adsbygoogle = window.adsbygoogle || []).push({});\n<\/script><\/p>\n<h3><span style=\"color: #ff0000;\">Teatro infantil en euskera. Red Civivox (octubre \u2013 enero)<\/span><\/h3>\n<ul>\n<li><strong>S\u00e1bado 30 de noviembre, 18 horas (a las 12 horas habr\u00e1 funci\u00f3n en castellano). Civivox Iturrama<\/strong>\n<ul>\n<li><strong>Etxerik Txikiena<\/strong><\/li>\n<li>Yarleku Teatro. Entrada: 3 euros. P\u00fablico infantil mayor de 6 a\u00f1os<\/li>\n<\/ul>\n<\/li>\n<li><strong>S\u00e1bado 21 de diciembre, 18 horas. Civivox Mendillorri<\/strong>\n<ul>\n<li><strong>Inondik Inora<\/strong><\/li>\n<li>Entrada: 3 euros. P\u00fablico infantil mayor de 4 a\u00f1os. El espect\u00e1culo combina euskera e ingl\u00e9s<\/li>\n<\/ul>\n<\/li>\n<li><strong>S\u00e1bado 18 de enero, 18 horas. Civivox San Jorge<\/strong>\n<ul>\n<li><strong>Safari<\/strong><\/li>\n<li>La Baldufa. Entrada: 3 euros. P\u00fablico infantil mayor de 3 a\u00f1os<\/li>\n<\/ul>\n<\/li>\n<\/ul>\n<p>&nbsp;<\/p>\n","protected":false},"excerpt":{"rendered":"<p>La obra se representa en doble sesi\u00f3n, a las 12 horas en castellano y a las 18 horas en euskera, con entradas a la venta al precio de 3 euros<\/p>\n","protected":false},"author":1,"featured_media":26667,"comment_status":"open","ping_status":"closed","sticky":false,"template":"","format":"standard","meta":{"footnotes":""},"categories":[2],"tags":[],"class_list":["post-26639","post","type-post","status-publish","format-standard","has-post-thumbnail","hentry","category-ayuntamiento-pamplona"],"yoast_head":"<!-- This site is optimized with the Yoast SEO plugin v27.3 - https:\/\/yoast.com\/product\/yoast-seo-wordpress\/ -->\n<title>Yarleku Teatro presenta este s\u00e1bado en Civivox Iturrama \u201cLa casa m\u00e1s peque\u00f1a - Etxerik txikiena\u201d, una historia enmarcada en el drama de los ni\u00f1os y ni\u00f1as refugiadas<\/title>\n<meta name=\"robots\" content=\"index, follow, max-snippet:-1, max-image-preview:large, max-video-preview:-1\" \/>\n<link rel=\"canonical\" href=\"https:\/\/www.laguiadepamplona.com\/actualidad\/yarleku-teatro-presenta-este-sabado-en-civivox-iturrama-la-casa-mas-pequena-etxerik-txikiena-una-historia-enmarcada-en-el-drama-de-los-ninos-y-ninas-refugiadas\/\" \/>\n<meta property=\"og:locale\" content=\"es_ES\" \/>\n<meta property=\"og:type\" content=\"article\" \/>\n<meta property=\"og:title\" content=\"Yarleku Teatro presenta este s\u00e1bado en Civivox Iturrama \u201cLa casa m\u00e1s peque\u00f1a - Etxerik txikiena\u201d, una historia enmarcada en el drama de los ni\u00f1os y ni\u00f1as refugiadas\" \/>\n<meta property=\"og:description\" content=\"La obra se representa en doble sesi\u00f3n, a las 12 horas en castellano y a las 18 horas en euskera, con entradas a la venta al precio de 3 euros\" \/>\n<meta property=\"og:url\" content=\"https:\/\/www.laguiadepamplona.com\/actualidad\/yarleku-teatro-presenta-este-sabado-en-civivox-iturrama-la-casa-mas-pequena-etxerik-txikiena-una-historia-enmarcada-en-el-drama-de-los-ninos-y-ninas-refugiadas\/\" \/>\n<meta property=\"og:site_name\" content=\"La Gu\u00eda de Pamplona\" \/>\n<meta property=\"article:publisher\" content=\"https:\/\/www.facebook.com\/laguiadepamplonacom-133175176762273\/?ref=hl\" \/>\n<meta property=\"article:published_time\" content=\"2019-11-28T16:38:34+00:00\" \/>\n<meta property=\"article:modified_time\" content=\"2019-11-28T16:49:32+00:00\" \/>\n<meta property=\"og:image\" content=\"https:\/\/www.laguiadepamplona.com\/actualidad\/wp-content\/uploads\/2019\/11\/19.11.28_teatro_infantil_euskera_etxerik_txikiena.jpg\" \/>\n\t<meta property=\"og:image:width\" content=\"1280\" \/>\n\t<meta property=\"og:image:height\" content=\"720\" \/>\n\t<meta property=\"og:image:type\" content=\"image\/jpeg\" \/>\n<meta name=\"author\" content=\"La Gu\u00eda de Pamplona\" \/>\n<meta name=\"twitter:card\" content=\"summary_large_image\" \/>\n<meta name=\"twitter:creator\" content=\"@LaGuiadPamplona\" \/>\n<meta name=\"twitter:site\" content=\"@LaGuiadPamplona\" \/>\n<meta name=\"twitter:label1\" content=\"Escrito por\" \/>\n\t<meta name=\"twitter:data1\" content=\"La Gu\u00eda de Pamplona\" \/>\n\t<meta name=\"twitter:label2\" content=\"Tiempo de lectura\" \/>\n\t<meta name=\"twitter:data2\" content=\"3 minutos\" \/>\n<script type=\"application\/ld+json\" class=\"yoast-schema-graph\">{\"@context\":\"https:\\\/\\\/schema.org\",\"@graph\":[{\"@type\":\"Article\",\"@id\":\"https:\\\/\\\/www.laguiadepamplona.com\\\/actualidad\\\/yarleku-teatro-presenta-este-sabado-en-civivox-iturrama-la-casa-mas-pequena-etxerik-txikiena-una-historia-enmarcada-en-el-drama-de-los-ninos-y-ninas-refugiadas\\\/#article\",\"isPartOf\":{\"@id\":\"https:\\\/\\\/www.laguiadepamplona.com\\\/actualidad\\\/yarleku-teatro-presenta-este-sabado-en-civivox-iturrama-la-casa-mas-pequena-etxerik-txikiena-una-historia-enmarcada-en-el-drama-de-los-ninos-y-ninas-refugiadas\\\/\"},\"author\":{\"name\":\"La Gu\u00eda de Pamplona\",\"@id\":\"https:\\\/\\\/www.laguiadepamplona.com\\\/actualidad\\\/#\\\/schema\\\/person\\\/efe887376f0213d4657c93adc50b1fdb\"},\"headline\":\"Yarleku Teatro presenta este s\u00e1bado en Civivox Iturrama \u201cLa casa m\u00e1s peque\u00f1a &#8211; Etxerik txikiena\u201d, una historia enmarcada en el drama de los ni\u00f1os y ni\u00f1as refugiadas\",\"datePublished\":\"2019-11-28T16:38:34+00:00\",\"dateModified\":\"2019-11-28T16:49:32+00:00\",\"mainEntityOfPage\":{\"@id\":\"https:\\\/\\\/www.laguiadepamplona.com\\\/actualidad\\\/yarleku-teatro-presenta-este-sabado-en-civivox-iturrama-la-casa-mas-pequena-etxerik-txikiena-una-historia-enmarcada-en-el-drama-de-los-ninos-y-ninas-refugiadas\\\/\"},\"wordCount\":534,\"commentCount\":0,\"publisher\":{\"@id\":\"https:\\\/\\\/www.laguiadepamplona.com\\\/actualidad\\\/#organization\"},\"image\":{\"@id\":\"https:\\\/\\\/www.laguiadepamplona.com\\\/actualidad\\\/yarleku-teatro-presenta-este-sabado-en-civivox-iturrama-la-casa-mas-pequena-etxerik-txikiena-una-historia-enmarcada-en-el-drama-de-los-ninos-y-ninas-refugiadas\\\/#primaryimage\"},\"thumbnailUrl\":\"https:\\\/\\\/www.laguiadepamplona.com\\\/actualidad\\\/wp-content\\\/uploads\\\/2019\\\/11\\\/19.11.28_teatro_infantil_euskera_etxerik_txikiena.jpg\",\"articleSection\":[\"Ayto Pamplona\"],\"inLanguage\":\"es\",\"potentialAction\":[{\"@type\":\"CommentAction\",\"name\":\"Comment\",\"target\":[\"https:\\\/\\\/www.laguiadepamplona.com\\\/actualidad\\\/yarleku-teatro-presenta-este-sabado-en-civivox-iturrama-la-casa-mas-pequena-etxerik-txikiena-una-historia-enmarcada-en-el-drama-de-los-ninos-y-ninas-refugiadas\\\/#respond\"]}]},{\"@type\":\"WebPage\",\"@id\":\"https:\\\/\\\/www.laguiadepamplona.com\\\/actualidad\\\/yarleku-teatro-presenta-este-sabado-en-civivox-iturrama-la-casa-mas-pequena-etxerik-txikiena-una-historia-enmarcada-en-el-drama-de-los-ninos-y-ninas-refugiadas\\\/\",\"url\":\"https:\\\/\\\/www.laguiadepamplona.com\\\/actualidad\\\/yarleku-teatro-presenta-este-sabado-en-civivox-iturrama-la-casa-mas-pequena-etxerik-txikiena-una-historia-enmarcada-en-el-drama-de-los-ninos-y-ninas-refugiadas\\\/\",\"name\":\"Yarleku Teatro presenta este s\u00e1bado en Civivox Iturrama \u201cLa casa m\u00e1s peque\u00f1a - Etxerik txikiena\u201d, una historia enmarcada en el drama de los ni\u00f1os y ni\u00f1as refugiadas\",\"isPartOf\":{\"@id\":\"https:\\\/\\\/www.laguiadepamplona.com\\\/actualidad\\\/#website\"},\"primaryImageOfPage\":{\"@id\":\"https:\\\/\\\/www.laguiadepamplona.com\\\/actualidad\\\/yarleku-teatro-presenta-este-sabado-en-civivox-iturrama-la-casa-mas-pequena-etxerik-txikiena-una-historia-enmarcada-en-el-drama-de-los-ninos-y-ninas-refugiadas\\\/#primaryimage\"},\"image\":{\"@id\":\"https:\\\/\\\/www.laguiadepamplona.com\\\/actualidad\\\/yarleku-teatro-presenta-este-sabado-en-civivox-iturrama-la-casa-mas-pequena-etxerik-txikiena-una-historia-enmarcada-en-el-drama-de-los-ninos-y-ninas-refugiadas\\\/#primaryimage\"},\"thumbnailUrl\":\"https:\\\/\\\/www.laguiadepamplona.com\\\/actualidad\\\/wp-content\\\/uploads\\\/2019\\\/11\\\/19.11.28_teatro_infantil_euskera_etxerik_txikiena.jpg\",\"datePublished\":\"2019-11-28T16:38:34+00:00\",\"dateModified\":\"2019-11-28T16:49:32+00:00\",\"breadcrumb\":{\"@id\":\"https:\\\/\\\/www.laguiadepamplona.com\\\/actualidad\\\/yarleku-teatro-presenta-este-sabado-en-civivox-iturrama-la-casa-mas-pequena-etxerik-txikiena-una-historia-enmarcada-en-el-drama-de-los-ninos-y-ninas-refugiadas\\\/#breadcrumb\"},\"inLanguage\":\"es\",\"potentialAction\":[{\"@type\":\"ReadAction\",\"target\":[\"https:\\\/\\\/www.laguiadepamplona.com\\\/actualidad\\\/yarleku-teatro-presenta-este-sabado-en-civivox-iturrama-la-casa-mas-pequena-etxerik-txikiena-una-historia-enmarcada-en-el-drama-de-los-ninos-y-ninas-refugiadas\\\/\"]}]},{\"@type\":\"ImageObject\",\"inLanguage\":\"es\",\"@id\":\"https:\\\/\\\/www.laguiadepamplona.com\\\/actualidad\\\/yarleku-teatro-presenta-este-sabado-en-civivox-iturrama-la-casa-mas-pequena-etxerik-txikiena-una-historia-enmarcada-en-el-drama-de-los-ninos-y-ninas-refugiadas\\\/#primaryimage\",\"url\":\"https:\\\/\\\/www.laguiadepamplona.com\\\/actualidad\\\/wp-content\\\/uploads\\\/2019\\\/11\\\/19.11.28_teatro_infantil_euskera_etxerik_txikiena.jpg\",\"contentUrl\":\"https:\\\/\\\/www.laguiadepamplona.com\\\/actualidad\\\/wp-content\\\/uploads\\\/2019\\\/11\\\/19.11.28_teatro_infantil_euskera_etxerik_txikiena.jpg\",\"width\":1280,\"height\":720},{\"@type\":\"BreadcrumbList\",\"@id\":\"https:\\\/\\\/www.laguiadepamplona.com\\\/actualidad\\\/yarleku-teatro-presenta-este-sabado-en-civivox-iturrama-la-casa-mas-pequena-etxerik-txikiena-una-historia-enmarcada-en-el-drama-de-los-ninos-y-ninas-refugiadas\\\/#breadcrumb\",\"itemListElement\":[{\"@type\":\"ListItem\",\"position\":1,\"name\":\"Portada\",\"item\":\"https:\\\/\\\/www.laguiadepamplona.com\\\/actualidad\\\/\"},{\"@type\":\"ListItem\",\"position\":2,\"name\":\"Yarleku Teatro presenta este s\u00e1bado en Civivox Iturrama \u201cLa casa m\u00e1s peque\u00f1a &#8211; Etxerik txikiena\u201d, una historia enmarcada en el drama de los ni\u00f1os y ni\u00f1as refugiadas\"}]},{\"@type\":\"WebSite\",\"@id\":\"https:\\\/\\\/www.laguiadepamplona.com\\\/actualidad\\\/#website\",\"url\":\"https:\\\/\\\/www.laguiadepamplona.com\\\/actualidad\\\/\",\"name\":\"La gu\u00eda de Pamplona\",\"description\":\"Noticias de Pamplona\",\"publisher\":{\"@id\":\"https:\\\/\\\/www.laguiadepamplona.com\\\/actualidad\\\/#organization\"},\"potentialAction\":[{\"@type\":\"SearchAction\",\"target\":{\"@type\":\"EntryPoint\",\"urlTemplate\":\"https:\\\/\\\/www.laguiadepamplona.com\\\/actualidad\\\/?s={search_term_string}\"},\"query-input\":{\"@type\":\"PropertyValueSpecification\",\"valueRequired\":true,\"valueName\":\"search_term_string\"}}],\"inLanguage\":\"es\"},{\"@type\":\"Organization\",\"@id\":\"https:\\\/\\\/www.laguiadepamplona.com\\\/actualidad\\\/#organization\",\"name\":\"La Gu\u00eda de Pamplona \\\/ Noticias\",\"url\":\"https:\\\/\\\/www.laguiadepamplona.com\\\/actualidad\\\/\",\"logo\":{\"@type\":\"ImageObject\",\"inLanguage\":\"es\",\"@id\":\"https:\\\/\\\/www.laguiadepamplona.com\\\/actualidad\\\/#\\\/schema\\\/logo\\\/image\\\/\",\"url\":\"https:\\\/\\\/www.laguiadepamplona.com\\\/actualidad\\\/wp-content\\\/uploads\\\/2018\\\/11\\\/logo-laguiadepamplona18-web1.png\",\"contentUrl\":\"https:\\\/\\\/www.laguiadepamplona.com\\\/actualidad\\\/wp-content\\\/uploads\\\/2018\\\/11\\\/logo-laguiadepamplona18-web1.png\",\"width\":600,\"height\":196,\"caption\":\"La Gu\u00eda de Pamplona \\\/ Noticias\"},\"image\":{\"@id\":\"https:\\\/\\\/www.laguiadepamplona.com\\\/actualidad\\\/#\\\/schema\\\/logo\\\/image\\\/\"},\"sameAs\":[\"https:\\\/\\\/www.facebook.com\\\/laguiadepamplonacom-133175176762273\\\/?ref=hl\",\"https:\\\/\\\/x.com\\\/LaGuiadPamplona\",\"https:\\\/\\\/www.instagram.com\\\/la_guia_de_pamplona\\\/\",\"https:\\\/\\\/www.youtube.com\\\/user\\\/laguiadepamplona\"]},{\"@type\":\"Person\",\"@id\":\"https:\\\/\\\/www.laguiadepamplona.com\\\/actualidad\\\/#\\\/schema\\\/person\\\/efe887376f0213d4657c93adc50b1fdb\",\"name\":\"La Gu\u00eda de Pamplona\",\"image\":{\"@type\":\"ImageObject\",\"inLanguage\":\"es\",\"@id\":\"https:\\\/\\\/secure.gravatar.com\\\/avatar\\\/b6992f131dc8d30ab0dff15446e9d346d9dbd95992de0fef795073f5ea83a81c?s=96&d=mm&r=g\",\"url\":\"https:\\\/\\\/secure.gravatar.com\\\/avatar\\\/b6992f131dc8d30ab0dff15446e9d346d9dbd95992de0fef795073f5ea83a81c?s=96&d=mm&r=g\",\"contentUrl\":\"https:\\\/\\\/secure.gravatar.com\\\/avatar\\\/b6992f131dc8d30ab0dff15446e9d346d9dbd95992de0fef795073f5ea83a81c?s=96&d=mm&r=g\",\"caption\":\"La Gu\u00eda de Pamplona\"}}]}<\/script>\n<!-- \/ Yoast SEO plugin. -->","yoast_head_json":{"title":"Yarleku Teatro presenta este s\u00e1bado en Civivox Iturrama \u201cLa casa m\u00e1s peque\u00f1a - Etxerik txikiena\u201d, una historia enmarcada en el drama de los ni\u00f1os y ni\u00f1as refugiadas","robots":{"index":"index","follow":"follow","max-snippet":"max-snippet:-1","max-image-preview":"max-image-preview:large","max-video-preview":"max-video-preview:-1"},"canonical":"https:\/\/www.laguiadepamplona.com\/actualidad\/yarleku-teatro-presenta-este-sabado-en-civivox-iturrama-la-casa-mas-pequena-etxerik-txikiena-una-historia-enmarcada-en-el-drama-de-los-ninos-y-ninas-refugiadas\/","og_locale":"es_ES","og_type":"article","og_title":"Yarleku Teatro presenta este s\u00e1bado en Civivox Iturrama \u201cLa casa m\u00e1s peque\u00f1a - Etxerik txikiena\u201d, una historia enmarcada en el drama de los ni\u00f1os y ni\u00f1as refugiadas","og_description":"La obra se representa en doble sesi\u00f3n, a las 12 horas en castellano y a las 18 horas en euskera, con entradas a la venta al precio de 3 euros","og_url":"https:\/\/www.laguiadepamplona.com\/actualidad\/yarleku-teatro-presenta-este-sabado-en-civivox-iturrama-la-casa-mas-pequena-etxerik-txikiena-una-historia-enmarcada-en-el-drama-de-los-ninos-y-ninas-refugiadas\/","og_site_name":"La Gu\u00eda de Pamplona","article_publisher":"https:\/\/www.facebook.com\/laguiadepamplonacom-133175176762273\/?ref=hl","article_published_time":"2019-11-28T16:38:34+00:00","article_modified_time":"2019-11-28T16:49:32+00:00","og_image":[{"width":1280,"height":720,"url":"https:\/\/www.laguiadepamplona.com\/actualidad\/wp-content\/uploads\/2019\/11\/19.11.28_teatro_infantil_euskera_etxerik_txikiena.jpg","type":"image\/jpeg"}],"author":"La Gu\u00eda de Pamplona","twitter_card":"summary_large_image","twitter_creator":"@LaGuiadPamplona","twitter_site":"@LaGuiadPamplona","twitter_misc":{"Escrito por":"La Gu\u00eda de Pamplona","Tiempo de lectura":"3 minutos"},"schema":{"@context":"https:\/\/schema.org","@graph":[{"@type":"Article","@id":"https:\/\/www.laguiadepamplona.com\/actualidad\/yarleku-teatro-presenta-este-sabado-en-civivox-iturrama-la-casa-mas-pequena-etxerik-txikiena-una-historia-enmarcada-en-el-drama-de-los-ninos-y-ninas-refugiadas\/#article","isPartOf":{"@id":"https:\/\/www.laguiadepamplona.com\/actualidad\/yarleku-teatro-presenta-este-sabado-en-civivox-iturrama-la-casa-mas-pequena-etxerik-txikiena-una-historia-enmarcada-en-el-drama-de-los-ninos-y-ninas-refugiadas\/"},"author":{"name":"La Gu\u00eda de Pamplona","@id":"https:\/\/www.laguiadepamplona.com\/actualidad\/#\/schema\/person\/efe887376f0213d4657c93adc50b1fdb"},"headline":"Yarleku Teatro presenta este s\u00e1bado en Civivox Iturrama \u201cLa casa m\u00e1s peque\u00f1a &#8211; Etxerik txikiena\u201d, una historia enmarcada en el drama de los ni\u00f1os y ni\u00f1as refugiadas","datePublished":"2019-11-28T16:38:34+00:00","dateModified":"2019-11-28T16:49:32+00:00","mainEntityOfPage":{"@id":"https:\/\/www.laguiadepamplona.com\/actualidad\/yarleku-teatro-presenta-este-sabado-en-civivox-iturrama-la-casa-mas-pequena-etxerik-txikiena-una-historia-enmarcada-en-el-drama-de-los-ninos-y-ninas-refugiadas\/"},"wordCount":534,"commentCount":0,"publisher":{"@id":"https:\/\/www.laguiadepamplona.com\/actualidad\/#organization"},"image":{"@id":"https:\/\/www.laguiadepamplona.com\/actualidad\/yarleku-teatro-presenta-este-sabado-en-civivox-iturrama-la-casa-mas-pequena-etxerik-txikiena-una-historia-enmarcada-en-el-drama-de-los-ninos-y-ninas-refugiadas\/#primaryimage"},"thumbnailUrl":"https:\/\/www.laguiadepamplona.com\/actualidad\/wp-content\/uploads\/2019\/11\/19.11.28_teatro_infantil_euskera_etxerik_txikiena.jpg","articleSection":["Ayto Pamplona"],"inLanguage":"es","potentialAction":[{"@type":"CommentAction","name":"Comment","target":["https:\/\/www.laguiadepamplona.com\/actualidad\/yarleku-teatro-presenta-este-sabado-en-civivox-iturrama-la-casa-mas-pequena-etxerik-txikiena-una-historia-enmarcada-en-el-drama-de-los-ninos-y-ninas-refugiadas\/#respond"]}]},{"@type":"WebPage","@id":"https:\/\/www.laguiadepamplona.com\/actualidad\/yarleku-teatro-presenta-este-sabado-en-civivox-iturrama-la-casa-mas-pequena-etxerik-txikiena-una-historia-enmarcada-en-el-drama-de-los-ninos-y-ninas-refugiadas\/","url":"https:\/\/www.laguiadepamplona.com\/actualidad\/yarleku-teatro-presenta-este-sabado-en-civivox-iturrama-la-casa-mas-pequena-etxerik-txikiena-una-historia-enmarcada-en-el-drama-de-los-ninos-y-ninas-refugiadas\/","name":"Yarleku Teatro presenta este s\u00e1bado en Civivox Iturrama \u201cLa casa m\u00e1s peque\u00f1a - Etxerik txikiena\u201d, una historia enmarcada en el drama de los ni\u00f1os y ni\u00f1as refugiadas","isPartOf":{"@id":"https:\/\/www.laguiadepamplona.com\/actualidad\/#website"},"primaryImageOfPage":{"@id":"https:\/\/www.laguiadepamplona.com\/actualidad\/yarleku-teatro-presenta-este-sabado-en-civivox-iturrama-la-casa-mas-pequena-etxerik-txikiena-una-historia-enmarcada-en-el-drama-de-los-ninos-y-ninas-refugiadas\/#primaryimage"},"image":{"@id":"https:\/\/www.laguiadepamplona.com\/actualidad\/yarleku-teatro-presenta-este-sabado-en-civivox-iturrama-la-casa-mas-pequena-etxerik-txikiena-una-historia-enmarcada-en-el-drama-de-los-ninos-y-ninas-refugiadas\/#primaryimage"},"thumbnailUrl":"https:\/\/www.laguiadepamplona.com\/actualidad\/wp-content\/uploads\/2019\/11\/19.11.28_teatro_infantil_euskera_etxerik_txikiena.jpg","datePublished":"2019-11-28T16:38:34+00:00","dateModified":"2019-11-28T16:49:32+00:00","breadcrumb":{"@id":"https:\/\/www.laguiadepamplona.com\/actualidad\/yarleku-teatro-presenta-este-sabado-en-civivox-iturrama-la-casa-mas-pequena-etxerik-txikiena-una-historia-enmarcada-en-el-drama-de-los-ninos-y-ninas-refugiadas\/#breadcrumb"},"inLanguage":"es","potentialAction":[{"@type":"ReadAction","target":["https:\/\/www.laguiadepamplona.com\/actualidad\/yarleku-teatro-presenta-este-sabado-en-civivox-iturrama-la-casa-mas-pequena-etxerik-txikiena-una-historia-enmarcada-en-el-drama-de-los-ninos-y-ninas-refugiadas\/"]}]},{"@type":"ImageObject","inLanguage":"es","@id":"https:\/\/www.laguiadepamplona.com\/actualidad\/yarleku-teatro-presenta-este-sabado-en-civivox-iturrama-la-casa-mas-pequena-etxerik-txikiena-una-historia-enmarcada-en-el-drama-de-los-ninos-y-ninas-refugiadas\/#primaryimage","url":"https:\/\/www.laguiadepamplona.com\/actualidad\/wp-content\/uploads\/2019\/11\/19.11.28_teatro_infantil_euskera_etxerik_txikiena.jpg","contentUrl":"https:\/\/www.laguiadepamplona.com\/actualidad\/wp-content\/uploads\/2019\/11\/19.11.28_teatro_infantil_euskera_etxerik_txikiena.jpg","width":1280,"height":720},{"@type":"BreadcrumbList","@id":"https:\/\/www.laguiadepamplona.com\/actualidad\/yarleku-teatro-presenta-este-sabado-en-civivox-iturrama-la-casa-mas-pequena-etxerik-txikiena-una-historia-enmarcada-en-el-drama-de-los-ninos-y-ninas-refugiadas\/#breadcrumb","itemListElement":[{"@type":"ListItem","position":1,"name":"Portada","item":"https:\/\/www.laguiadepamplona.com\/actualidad\/"},{"@type":"ListItem","position":2,"name":"Yarleku Teatro presenta este s\u00e1bado en Civivox Iturrama \u201cLa casa m\u00e1s peque\u00f1a &#8211; Etxerik txikiena\u201d, una historia enmarcada en el drama de los ni\u00f1os y ni\u00f1as refugiadas"}]},{"@type":"WebSite","@id":"https:\/\/www.laguiadepamplona.com\/actualidad\/#website","url":"https:\/\/www.laguiadepamplona.com\/actualidad\/","name":"La gu\u00eda de Pamplona","description":"Noticias de Pamplona","publisher":{"@id":"https:\/\/www.laguiadepamplona.com\/actualidad\/#organization"},"potentialAction":[{"@type":"SearchAction","target":{"@type":"EntryPoint","urlTemplate":"https:\/\/www.laguiadepamplona.com\/actualidad\/?s={search_term_string}"},"query-input":{"@type":"PropertyValueSpecification","valueRequired":true,"valueName":"search_term_string"}}],"inLanguage":"es"},{"@type":"Organization","@id":"https:\/\/www.laguiadepamplona.com\/actualidad\/#organization","name":"La Gu\u00eda de Pamplona \/ Noticias","url":"https:\/\/www.laguiadepamplona.com\/actualidad\/","logo":{"@type":"ImageObject","inLanguage":"es","@id":"https:\/\/www.laguiadepamplona.com\/actualidad\/#\/schema\/logo\/image\/","url":"https:\/\/www.laguiadepamplona.com\/actualidad\/wp-content\/uploads\/2018\/11\/logo-laguiadepamplona18-web1.png","contentUrl":"https:\/\/www.laguiadepamplona.com\/actualidad\/wp-content\/uploads\/2018\/11\/logo-laguiadepamplona18-web1.png","width":600,"height":196,"caption":"La Gu\u00eda de Pamplona \/ Noticias"},"image":{"@id":"https:\/\/www.laguiadepamplona.com\/actualidad\/#\/schema\/logo\/image\/"},"sameAs":["https:\/\/www.facebook.com\/laguiadepamplonacom-133175176762273\/?ref=hl","https:\/\/x.com\/LaGuiadPamplona","https:\/\/www.instagram.com\/la_guia_de_pamplona\/","https:\/\/www.youtube.com\/user\/laguiadepamplona"]},{"@type":"Person","@id":"https:\/\/www.laguiadepamplona.com\/actualidad\/#\/schema\/person\/efe887376f0213d4657c93adc50b1fdb","name":"La Gu\u00eda de Pamplona","image":{"@type":"ImageObject","inLanguage":"es","@id":"https:\/\/secure.gravatar.com\/avatar\/b6992f131dc8d30ab0dff15446e9d346d9dbd95992de0fef795073f5ea83a81c?s=96&d=mm&r=g","url":"https:\/\/secure.gravatar.com\/avatar\/b6992f131dc8d30ab0dff15446e9d346d9dbd95992de0fef795073f5ea83a81c?s=96&d=mm&r=g","contentUrl":"https:\/\/secure.gravatar.com\/avatar\/b6992f131dc8d30ab0dff15446e9d346d9dbd95992de0fef795073f5ea83a81c?s=96&d=mm&r=g","caption":"La Gu\u00eda de Pamplona"}}]}},"post_mailing_queue_ids":[],"_links":{"self":[{"href":"https:\/\/www.laguiadepamplona.com\/actualidad\/wp-json\/wp\/v2\/posts\/26639","targetHints":{"allow":["GET"]}}],"collection":[{"href":"https:\/\/www.laguiadepamplona.com\/actualidad\/wp-json\/wp\/v2\/posts"}],"about":[{"href":"https:\/\/www.laguiadepamplona.com\/actualidad\/wp-json\/wp\/v2\/types\/post"}],"author":[{"embeddable":true,"href":"https:\/\/www.laguiadepamplona.com\/actualidad\/wp-json\/wp\/v2\/users\/1"}],"replies":[{"embeddable":true,"href":"https:\/\/www.laguiadepamplona.com\/actualidad\/wp-json\/wp\/v2\/comments?post=26639"}],"version-history":[{"count":0,"href":"https:\/\/www.laguiadepamplona.com\/actualidad\/wp-json\/wp\/v2\/posts\/26639\/revisions"}],"wp:featuredmedia":[{"embeddable":true,"href":"https:\/\/www.laguiadepamplona.com\/actualidad\/wp-json\/wp\/v2\/media\/26667"}],"wp:attachment":[{"href":"https:\/\/www.laguiadepamplona.com\/actualidad\/wp-json\/wp\/v2\/media?parent=26639"}],"wp:term":[{"taxonomy":"category","embeddable":true,"href":"https:\/\/www.laguiadepamplona.com\/actualidad\/wp-json\/wp\/v2\/categories?post=26639"},{"taxonomy":"post_tag","embeddable":true,"href":"https:\/\/www.laguiadepamplona.com\/actualidad\/wp-json\/wp\/v2\/tags?post=26639"}],"curies":[{"name":"wp","href":"https:\/\/api.w.org\/{rel}","templated":true}]}}