{"id":26633,"date":"2019-11-28T18:37:14","date_gmt":"2019-11-28T16:37:14","guid":{"rendered":"https:\/\/www.laguiadepamplona.es\/actualidad\/?p=26633"},"modified":"2019-11-28T18:52:53","modified_gmt":"2019-11-28T16:52:53","slug":"diez-personas-con-enfermedad-mental-han-realizado-durante-cuatro-meses-trabajos-de-pintado-de-mobiliario-urbano-y-labores-agricolas-en-las-huertas-de-elkarkide","status":"publish","type":"post","link":"https:\/\/www.laguiadepamplona.com\/actualidad\/diez-personas-con-enfermedad-mental-han-realizado-durante-cuatro-meses-trabajos-de-pintado-de-mobiliario-urbano-y-labores-agricolas-en-las-huertas-de-elkarkide\/","title":{"rendered":"Diez personas con enfermedad mental han realizado durante cuatro meses trabajos de pintado de mobiliario urbano y labores agr\u00edcolas en las huertas de Elkarkide"},"content":{"rendered":"<h5>Este proyecto de mejora de la accesibilidad al empleo de colectivos vulnerables lo ha impulsado el Ayuntamiento en colaboraci\u00f3n con Elkarkide<\/h5>\n<p><!--more--><\/p>\n<p>Durante cuatro meses, diez personas con discapacidad por causa mental grave han trabajado para el Ayuntamiento de Pamplona realizando labores de pintado de mobiliario urbano y tareas agr\u00edcolas en las huertas de Elkarkide. Esta contrataci\u00f3n estaba enmarcada en un proyecto impulsado por el Consistorio, en colaboraci\u00f3n con la asociaci\u00f3n Elkarkide, para impulsar la integraci\u00f3n laboral de personas en situaci\u00f3n de vulnerabilidad.<\/p>\n<p>El proyecto fue promovido por el equipo t\u00e9cnico del programa municipal de Empleo Social Protegido y ha contado con la financiaci\u00f3n de una convocatoria del Servicio Navarro de Empleo, precisamente para la contrataci\u00f3n de personas desempleadas de colectivos especialmente afectados para realizar obras de inter\u00e9s general y social. El objetivo del proyecto ha sido proporcionar una experiencia laboral y formativa a las personas que han participado para avanzar as\u00ed en su proceso de integraci\u00f3n laboral mediante la adquisici\u00f3n de competencias personales, sociales y laborales y mediante la promoci\u00f3n de una mayor autonom\u00eda personal.<\/p>\n<p>Ayuntamiento y Elkarkide ha colaborado en las tareas de selecci\u00f3n de participantes, organizaci\u00f3n de los trabajos y acompa\u00f1amiento y seguimiento de las personas seleccionadas. Gracias a este proyecto se ha contratado a diez personas con discapacidad por causa mental grave, 6 hombres y 4 mujeres (8 con discapacidad entre el 33% y el 65% y 2 con una discapacidad suprior al 65%, todas ellas asociadas a enfermedad mental), as\u00ed como a una t\u00e9cnica de Integraci\u00f3n Social y a un oficial de pintura para llevar a cabo el curso.<\/p>\n<p>El curso concluye hoy jueves y, en sus \u00faltimas clases esta ma\u00f1ana, han recibido la visita de la concejala delegada de Servicios Sociales, Acci\u00f3n Comunitaria y Deporte, Mar\u00eda Caballero, y la directora de Servicios Sociales, Olivia Elizari.<\/p>\n<p><script async src=\"\/\/pagead2.googlesyndication.com\/pagead\/js\/adsbygoogle.js\"><\/script><br \/>\n<!-- Noticias La Guia de Pamplona --><br \/>\n<ins class=\"adsbygoogle\"\nstyle=\"display:block\"\ndata-ad-client=\"ca-pub-6943679897239327\"\ndata-ad-slot=\"7048180777\"\ndata-ad-format=\"auto\"><\/ins><br \/>\n<script>\n(adsbygoogle = window.adsbygoogle || []).push({});\n<\/script><\/p>\n<p><strong>Pintado de mobiliario urbano y labores agr\u00edcolas<\/strong><\/p>\n<p>La contrataci\u00f3n vinculada este proyecto de una persona oficial de pintura ha ampliado el abanico de labores que se han podido realizar vinculados a la pintura de mobiliario urbano. Durante el curso se ha pintado mobiliario en zonas como el parque del Runa, la plaza Prado de la Cera, Padre Ado\u00e1in \u2013 Alemanes o el exterior de Casa Irujo. En total, 93 bancos, 4 fuentes 3 merenderos (bancos y mesas), adem\u00e1s de 46 bancos en los locales del \u00e1rea de Conservaci\u00f3n Urbana. Todo ello ejecutado con el procedimiento necesario para su correcta realizaci\u00f3n, con lijado, imprimaci\u00f3n y dem\u00e1s tratamientos. Asimismo, se han pintado 207 metros cuadrados de espacios interiores del Centro Ocupacional de Elkarkide.<\/p>\n<p>Durante los cuatro meses del proyecto, han llevado a cabo tambi\u00e9n tareas agr\u00edcolas en las huertas de Elkarkide, de acuerdo a los procedimientos agr\u00edcolas del sistema de calidad EFQM. Los trabajos realizados han tenido que ver con adventicias, escardas, plantaciones, siembras, semilleros, levantado de cultivos o limpieza de zonas junto a muros, entre otros.<\/p>\n","protected":false},"excerpt":{"rendered":"<p>Este proyecto de mejora de la accesibilidad al empleo de colectivos vulnerables lo ha impulsado el Ayuntamiento en colaboraci\u00f3n con Elkarkide<\/p>\n","protected":false},"author":1,"featured_media":26635,"comment_status":"open","ping_status":"closed","sticky":false,"template":"","format":"standard","meta":{"footnotes":""},"categories":[2],"tags":[],"class_list":["post-26633","post","type-post","status-publish","format-standard","has-post-thumbnail","hentry","category-ayuntamiento-pamplona"],"yoast_head":"<!-- This site is optimized with the Yoast SEO plugin v27.3 - https:\/\/yoast.com\/product\/yoast-seo-wordpress\/ -->\n<title>Diez personas con enfermedad mental han realizado durante cuatro meses trabajos de pintado de mobiliario urbano y labores agr\u00edcolas en las huertas de Elkarkide<\/title>\n<meta name=\"robots\" content=\"index, follow, max-snippet:-1, max-image-preview:large, max-video-preview:-1\" \/>\n<link rel=\"canonical\" href=\"https:\/\/www.laguiadepamplona.com\/actualidad\/diez-personas-con-enfermedad-mental-han-realizado-durante-cuatro-meses-trabajos-de-pintado-de-mobiliario-urbano-y-labores-agricolas-en-las-huertas-de-elkarkide\/\" \/>\n<meta property=\"og:locale\" content=\"es_ES\" \/>\n<meta property=\"og:type\" content=\"article\" \/>\n<meta property=\"og:title\" content=\"Diez personas con enfermedad mental han realizado durante cuatro meses trabajos de pintado de mobiliario urbano y labores agr\u00edcolas en las huertas de Elkarkide\" \/>\n<meta property=\"og:description\" content=\"Este proyecto de mejora de la accesibilidad al empleo de colectivos vulnerables lo ha impulsado el Ayuntamiento en colaboraci\u00f3n con Elkarkide\" \/>\n<meta property=\"og:url\" content=\"https:\/\/www.laguiadepamplona.com\/actualidad\/diez-personas-con-enfermedad-mental-han-realizado-durante-cuatro-meses-trabajos-de-pintado-de-mobiliario-urbano-y-labores-agricolas-en-las-huertas-de-elkarkide\/\" \/>\n<meta property=\"og:site_name\" content=\"La Gu\u00eda de Pamplona\" \/>\n<meta property=\"article:publisher\" content=\"https:\/\/www.facebook.com\/laguiadepamplonacom-133175176762273\/?ref=hl\" \/>\n<meta property=\"article:published_time\" content=\"2019-11-28T16:37:14+00:00\" \/>\n<meta property=\"article:modified_time\" content=\"2019-11-28T16:52:53+00:00\" \/>\n<meta property=\"og:image\" content=\"https:\/\/www.laguiadepamplona.com\/actualidad\/wp-content\/uploads\/2019\/11\/19.11.28_taller_discapacidad_mental1.jpg\" \/>\n\t<meta property=\"og:image:width\" content=\"1920\" \/>\n\t<meta property=\"og:image:height\" content=\"1280\" \/>\n\t<meta property=\"og:image:type\" content=\"image\/jpeg\" \/>\n<meta name=\"author\" content=\"La Gu\u00eda de Pamplona\" \/>\n<meta name=\"twitter:card\" content=\"summary_large_image\" \/>\n<meta name=\"twitter:creator\" content=\"@LaGuiadPamplona\" \/>\n<meta name=\"twitter:site\" content=\"@LaGuiadPamplona\" \/>\n<meta name=\"twitter:label1\" content=\"Escrito por\" \/>\n\t<meta name=\"twitter:data1\" content=\"La Gu\u00eda de Pamplona\" \/>\n\t<meta name=\"twitter:label2\" content=\"Tiempo de lectura\" \/>\n\t<meta name=\"twitter:data2\" content=\"2 minutos\" \/>\n<script type=\"application\/ld+json\" class=\"yoast-schema-graph\">{\"@context\":\"https:\\\/\\\/schema.org\",\"@graph\":[{\"@type\":\"Article\",\"@id\":\"https:\\\/\\\/www.laguiadepamplona.com\\\/actualidad\\\/diez-personas-con-enfermedad-mental-han-realizado-durante-cuatro-meses-trabajos-de-pintado-de-mobiliario-urbano-y-labores-agricolas-en-las-huertas-de-elkarkide\\\/#article\",\"isPartOf\":{\"@id\":\"https:\\\/\\\/www.laguiadepamplona.com\\\/actualidad\\\/diez-personas-con-enfermedad-mental-han-realizado-durante-cuatro-meses-trabajos-de-pintado-de-mobiliario-urbano-y-labores-agricolas-en-las-huertas-de-elkarkide\\\/\"},\"author\":{\"name\":\"La Gu\u00eda de Pamplona\",\"@id\":\"https:\\\/\\\/www.laguiadepamplona.com\\\/actualidad\\\/#\\\/schema\\\/person\\\/efe887376f0213d4657c93adc50b1fdb\"},\"headline\":\"Diez personas con enfermedad mental han realizado durante cuatro meses trabajos de pintado de mobiliario urbano y labores agr\u00edcolas en las huertas de Elkarkide\",\"datePublished\":\"2019-11-28T16:37:14+00:00\",\"dateModified\":\"2019-11-28T16:52:53+00:00\",\"mainEntityOfPage\":{\"@id\":\"https:\\\/\\\/www.laguiadepamplona.com\\\/actualidad\\\/diez-personas-con-enfermedad-mental-han-realizado-durante-cuatro-meses-trabajos-de-pintado-de-mobiliario-urbano-y-labores-agricolas-en-las-huertas-de-elkarkide\\\/\"},\"wordCount\":521,\"commentCount\":0,\"publisher\":{\"@id\":\"https:\\\/\\\/www.laguiadepamplona.com\\\/actualidad\\\/#organization\"},\"image\":{\"@id\":\"https:\\\/\\\/www.laguiadepamplona.com\\\/actualidad\\\/diez-personas-con-enfermedad-mental-han-realizado-durante-cuatro-meses-trabajos-de-pintado-de-mobiliario-urbano-y-labores-agricolas-en-las-huertas-de-elkarkide\\\/#primaryimage\"},\"thumbnailUrl\":\"https:\\\/\\\/www.laguiadepamplona.com\\\/actualidad\\\/wp-content\\\/uploads\\\/2019\\\/11\\\/19.11.28_taller_discapacidad_mental1.jpg\",\"articleSection\":[\"Ayto Pamplona\"],\"inLanguage\":\"es\",\"potentialAction\":[{\"@type\":\"CommentAction\",\"name\":\"Comment\",\"target\":[\"https:\\\/\\\/www.laguiadepamplona.com\\\/actualidad\\\/diez-personas-con-enfermedad-mental-han-realizado-durante-cuatro-meses-trabajos-de-pintado-de-mobiliario-urbano-y-labores-agricolas-en-las-huertas-de-elkarkide\\\/#respond\"]}]},{\"@type\":\"WebPage\",\"@id\":\"https:\\\/\\\/www.laguiadepamplona.com\\\/actualidad\\\/diez-personas-con-enfermedad-mental-han-realizado-durante-cuatro-meses-trabajos-de-pintado-de-mobiliario-urbano-y-labores-agricolas-en-las-huertas-de-elkarkide\\\/\",\"url\":\"https:\\\/\\\/www.laguiadepamplona.com\\\/actualidad\\\/diez-personas-con-enfermedad-mental-han-realizado-durante-cuatro-meses-trabajos-de-pintado-de-mobiliario-urbano-y-labores-agricolas-en-las-huertas-de-elkarkide\\\/\",\"name\":\"Diez personas con enfermedad mental han realizado durante cuatro meses trabajos de pintado de mobiliario urbano y labores agr\u00edcolas en las huertas de Elkarkide\",\"isPartOf\":{\"@id\":\"https:\\\/\\\/www.laguiadepamplona.com\\\/actualidad\\\/#website\"},\"primaryImageOfPage\":{\"@id\":\"https:\\\/\\\/www.laguiadepamplona.com\\\/actualidad\\\/diez-personas-con-enfermedad-mental-han-realizado-durante-cuatro-meses-trabajos-de-pintado-de-mobiliario-urbano-y-labores-agricolas-en-las-huertas-de-elkarkide\\\/#primaryimage\"},\"image\":{\"@id\":\"https:\\\/\\\/www.laguiadepamplona.com\\\/actualidad\\\/diez-personas-con-enfermedad-mental-han-realizado-durante-cuatro-meses-trabajos-de-pintado-de-mobiliario-urbano-y-labores-agricolas-en-las-huertas-de-elkarkide\\\/#primaryimage\"},\"thumbnailUrl\":\"https:\\\/\\\/www.laguiadepamplona.com\\\/actualidad\\\/wp-content\\\/uploads\\\/2019\\\/11\\\/19.11.28_taller_discapacidad_mental1.jpg\",\"datePublished\":\"2019-11-28T16:37:14+00:00\",\"dateModified\":\"2019-11-28T16:52:53+00:00\",\"breadcrumb\":{\"@id\":\"https:\\\/\\\/www.laguiadepamplona.com\\\/actualidad\\\/diez-personas-con-enfermedad-mental-han-realizado-durante-cuatro-meses-trabajos-de-pintado-de-mobiliario-urbano-y-labores-agricolas-en-las-huertas-de-elkarkide\\\/#breadcrumb\"},\"inLanguage\":\"es\",\"potentialAction\":[{\"@type\":\"ReadAction\",\"target\":[\"https:\\\/\\\/www.laguiadepamplona.com\\\/actualidad\\\/diez-personas-con-enfermedad-mental-han-realizado-durante-cuatro-meses-trabajos-de-pintado-de-mobiliario-urbano-y-labores-agricolas-en-las-huertas-de-elkarkide\\\/\"]}]},{\"@type\":\"ImageObject\",\"inLanguage\":\"es\",\"@id\":\"https:\\\/\\\/www.laguiadepamplona.com\\\/actualidad\\\/diez-personas-con-enfermedad-mental-han-realizado-durante-cuatro-meses-trabajos-de-pintado-de-mobiliario-urbano-y-labores-agricolas-en-las-huertas-de-elkarkide\\\/#primaryimage\",\"url\":\"https:\\\/\\\/www.laguiadepamplona.com\\\/actualidad\\\/wp-content\\\/uploads\\\/2019\\\/11\\\/19.11.28_taller_discapacidad_mental1.jpg\",\"contentUrl\":\"https:\\\/\\\/www.laguiadepamplona.com\\\/actualidad\\\/wp-content\\\/uploads\\\/2019\\\/11\\\/19.11.28_taller_discapacidad_mental1.jpg\",\"width\":1920,\"height\":1280},{\"@type\":\"BreadcrumbList\",\"@id\":\"https:\\\/\\\/www.laguiadepamplona.com\\\/actualidad\\\/diez-personas-con-enfermedad-mental-han-realizado-durante-cuatro-meses-trabajos-de-pintado-de-mobiliario-urbano-y-labores-agricolas-en-las-huertas-de-elkarkide\\\/#breadcrumb\",\"itemListElement\":[{\"@type\":\"ListItem\",\"position\":1,\"name\":\"Portada\",\"item\":\"https:\\\/\\\/www.laguiadepamplona.com\\\/actualidad\\\/\"},{\"@type\":\"ListItem\",\"position\":2,\"name\":\"Diez personas con enfermedad mental han realizado durante cuatro meses trabajos de pintado de mobiliario urbano y labores agr\u00edcolas en las huertas de Elkarkide\"}]},{\"@type\":\"WebSite\",\"@id\":\"https:\\\/\\\/www.laguiadepamplona.com\\\/actualidad\\\/#website\",\"url\":\"https:\\\/\\\/www.laguiadepamplona.com\\\/actualidad\\\/\",\"name\":\"La gu\u00eda de Pamplona\",\"description\":\"Noticias de Pamplona\",\"publisher\":{\"@id\":\"https:\\\/\\\/www.laguiadepamplona.com\\\/actualidad\\\/#organization\"},\"potentialAction\":[{\"@type\":\"SearchAction\",\"target\":{\"@type\":\"EntryPoint\",\"urlTemplate\":\"https:\\\/\\\/www.laguiadepamplona.com\\\/actualidad\\\/?s={search_term_string}\"},\"query-input\":{\"@type\":\"PropertyValueSpecification\",\"valueRequired\":true,\"valueName\":\"search_term_string\"}}],\"inLanguage\":\"es\"},{\"@type\":\"Organization\",\"@id\":\"https:\\\/\\\/www.laguiadepamplona.com\\\/actualidad\\\/#organization\",\"name\":\"La Gu\u00eda de Pamplona \\\/ Noticias\",\"url\":\"https:\\\/\\\/www.laguiadepamplona.com\\\/actualidad\\\/\",\"logo\":{\"@type\":\"ImageObject\",\"inLanguage\":\"es\",\"@id\":\"https:\\\/\\\/www.laguiadepamplona.com\\\/actualidad\\\/#\\\/schema\\\/logo\\\/image\\\/\",\"url\":\"https:\\\/\\\/www.laguiadepamplona.com\\\/actualidad\\\/wp-content\\\/uploads\\\/2018\\\/11\\\/logo-laguiadepamplona18-web1.png\",\"contentUrl\":\"https:\\\/\\\/www.laguiadepamplona.com\\\/actualidad\\\/wp-content\\\/uploads\\\/2018\\\/11\\\/logo-laguiadepamplona18-web1.png\",\"width\":600,\"height\":196,\"caption\":\"La Gu\u00eda de Pamplona \\\/ Noticias\"},\"image\":{\"@id\":\"https:\\\/\\\/www.laguiadepamplona.com\\\/actualidad\\\/#\\\/schema\\\/logo\\\/image\\\/\"},\"sameAs\":[\"https:\\\/\\\/www.facebook.com\\\/laguiadepamplonacom-133175176762273\\\/?ref=hl\",\"https:\\\/\\\/x.com\\\/LaGuiadPamplona\",\"https:\\\/\\\/www.instagram.com\\\/la_guia_de_pamplona\\\/\",\"https:\\\/\\\/www.youtube.com\\\/user\\\/laguiadepamplona\"]},{\"@type\":\"Person\",\"@id\":\"https:\\\/\\\/www.laguiadepamplona.com\\\/actualidad\\\/#\\\/schema\\\/person\\\/efe887376f0213d4657c93adc50b1fdb\",\"name\":\"La Gu\u00eda de Pamplona\",\"image\":{\"@type\":\"ImageObject\",\"inLanguage\":\"es\",\"@id\":\"https:\\\/\\\/secure.gravatar.com\\\/avatar\\\/b6992f131dc8d30ab0dff15446e9d346d9dbd95992de0fef795073f5ea83a81c?s=96&d=mm&r=g\",\"url\":\"https:\\\/\\\/secure.gravatar.com\\\/avatar\\\/b6992f131dc8d30ab0dff15446e9d346d9dbd95992de0fef795073f5ea83a81c?s=96&d=mm&r=g\",\"contentUrl\":\"https:\\\/\\\/secure.gravatar.com\\\/avatar\\\/b6992f131dc8d30ab0dff15446e9d346d9dbd95992de0fef795073f5ea83a81c?s=96&d=mm&r=g\",\"caption\":\"La Gu\u00eda de Pamplona\"}}]}<\/script>\n<!-- \/ Yoast SEO plugin. -->","yoast_head_json":{"title":"Diez personas con enfermedad mental han realizado durante cuatro meses trabajos de pintado de mobiliario urbano y labores agr\u00edcolas en las huertas de Elkarkide","robots":{"index":"index","follow":"follow","max-snippet":"max-snippet:-1","max-image-preview":"max-image-preview:large","max-video-preview":"max-video-preview:-1"},"canonical":"https:\/\/www.laguiadepamplona.com\/actualidad\/diez-personas-con-enfermedad-mental-han-realizado-durante-cuatro-meses-trabajos-de-pintado-de-mobiliario-urbano-y-labores-agricolas-en-las-huertas-de-elkarkide\/","og_locale":"es_ES","og_type":"article","og_title":"Diez personas con enfermedad mental han realizado durante cuatro meses trabajos de pintado de mobiliario urbano y labores agr\u00edcolas en las huertas de Elkarkide","og_description":"Este proyecto de mejora de la accesibilidad al empleo de colectivos vulnerables lo ha impulsado el Ayuntamiento en colaboraci\u00f3n con Elkarkide","og_url":"https:\/\/www.laguiadepamplona.com\/actualidad\/diez-personas-con-enfermedad-mental-han-realizado-durante-cuatro-meses-trabajos-de-pintado-de-mobiliario-urbano-y-labores-agricolas-en-las-huertas-de-elkarkide\/","og_site_name":"La Gu\u00eda de Pamplona","article_publisher":"https:\/\/www.facebook.com\/laguiadepamplonacom-133175176762273\/?ref=hl","article_published_time":"2019-11-28T16:37:14+00:00","article_modified_time":"2019-11-28T16:52:53+00:00","og_image":[{"width":1920,"height":1280,"url":"https:\/\/www.laguiadepamplona.com\/actualidad\/wp-content\/uploads\/2019\/11\/19.11.28_taller_discapacidad_mental1.jpg","type":"image\/jpeg"}],"author":"La Gu\u00eda de Pamplona","twitter_card":"summary_large_image","twitter_creator":"@LaGuiadPamplona","twitter_site":"@LaGuiadPamplona","twitter_misc":{"Escrito por":"La Gu\u00eda de Pamplona","Tiempo de lectura":"2 minutos"},"schema":{"@context":"https:\/\/schema.org","@graph":[{"@type":"Article","@id":"https:\/\/www.laguiadepamplona.com\/actualidad\/diez-personas-con-enfermedad-mental-han-realizado-durante-cuatro-meses-trabajos-de-pintado-de-mobiliario-urbano-y-labores-agricolas-en-las-huertas-de-elkarkide\/#article","isPartOf":{"@id":"https:\/\/www.laguiadepamplona.com\/actualidad\/diez-personas-con-enfermedad-mental-han-realizado-durante-cuatro-meses-trabajos-de-pintado-de-mobiliario-urbano-y-labores-agricolas-en-las-huertas-de-elkarkide\/"},"author":{"name":"La Gu\u00eda de Pamplona","@id":"https:\/\/www.laguiadepamplona.com\/actualidad\/#\/schema\/person\/efe887376f0213d4657c93adc50b1fdb"},"headline":"Diez personas con enfermedad mental han realizado durante cuatro meses trabajos de pintado de mobiliario urbano y labores agr\u00edcolas en las huertas de Elkarkide","datePublished":"2019-11-28T16:37:14+00:00","dateModified":"2019-11-28T16:52:53+00:00","mainEntityOfPage":{"@id":"https:\/\/www.laguiadepamplona.com\/actualidad\/diez-personas-con-enfermedad-mental-han-realizado-durante-cuatro-meses-trabajos-de-pintado-de-mobiliario-urbano-y-labores-agricolas-en-las-huertas-de-elkarkide\/"},"wordCount":521,"commentCount":0,"publisher":{"@id":"https:\/\/www.laguiadepamplona.com\/actualidad\/#organization"},"image":{"@id":"https:\/\/www.laguiadepamplona.com\/actualidad\/diez-personas-con-enfermedad-mental-han-realizado-durante-cuatro-meses-trabajos-de-pintado-de-mobiliario-urbano-y-labores-agricolas-en-las-huertas-de-elkarkide\/#primaryimage"},"thumbnailUrl":"https:\/\/www.laguiadepamplona.com\/actualidad\/wp-content\/uploads\/2019\/11\/19.11.28_taller_discapacidad_mental1.jpg","articleSection":["Ayto Pamplona"],"inLanguage":"es","potentialAction":[{"@type":"CommentAction","name":"Comment","target":["https:\/\/www.laguiadepamplona.com\/actualidad\/diez-personas-con-enfermedad-mental-han-realizado-durante-cuatro-meses-trabajos-de-pintado-de-mobiliario-urbano-y-labores-agricolas-en-las-huertas-de-elkarkide\/#respond"]}]},{"@type":"WebPage","@id":"https:\/\/www.laguiadepamplona.com\/actualidad\/diez-personas-con-enfermedad-mental-han-realizado-durante-cuatro-meses-trabajos-de-pintado-de-mobiliario-urbano-y-labores-agricolas-en-las-huertas-de-elkarkide\/","url":"https:\/\/www.laguiadepamplona.com\/actualidad\/diez-personas-con-enfermedad-mental-han-realizado-durante-cuatro-meses-trabajos-de-pintado-de-mobiliario-urbano-y-labores-agricolas-en-las-huertas-de-elkarkide\/","name":"Diez personas con enfermedad mental han realizado durante cuatro meses trabajos de pintado de mobiliario urbano y labores agr\u00edcolas en las huertas de Elkarkide","isPartOf":{"@id":"https:\/\/www.laguiadepamplona.com\/actualidad\/#website"},"primaryImageOfPage":{"@id":"https:\/\/www.laguiadepamplona.com\/actualidad\/diez-personas-con-enfermedad-mental-han-realizado-durante-cuatro-meses-trabajos-de-pintado-de-mobiliario-urbano-y-labores-agricolas-en-las-huertas-de-elkarkide\/#primaryimage"},"image":{"@id":"https:\/\/www.laguiadepamplona.com\/actualidad\/diez-personas-con-enfermedad-mental-han-realizado-durante-cuatro-meses-trabajos-de-pintado-de-mobiliario-urbano-y-labores-agricolas-en-las-huertas-de-elkarkide\/#primaryimage"},"thumbnailUrl":"https:\/\/www.laguiadepamplona.com\/actualidad\/wp-content\/uploads\/2019\/11\/19.11.28_taller_discapacidad_mental1.jpg","datePublished":"2019-11-28T16:37:14+00:00","dateModified":"2019-11-28T16:52:53+00:00","breadcrumb":{"@id":"https:\/\/www.laguiadepamplona.com\/actualidad\/diez-personas-con-enfermedad-mental-han-realizado-durante-cuatro-meses-trabajos-de-pintado-de-mobiliario-urbano-y-labores-agricolas-en-las-huertas-de-elkarkide\/#breadcrumb"},"inLanguage":"es","potentialAction":[{"@type":"ReadAction","target":["https:\/\/www.laguiadepamplona.com\/actualidad\/diez-personas-con-enfermedad-mental-han-realizado-durante-cuatro-meses-trabajos-de-pintado-de-mobiliario-urbano-y-labores-agricolas-en-las-huertas-de-elkarkide\/"]}]},{"@type":"ImageObject","inLanguage":"es","@id":"https:\/\/www.laguiadepamplona.com\/actualidad\/diez-personas-con-enfermedad-mental-han-realizado-durante-cuatro-meses-trabajos-de-pintado-de-mobiliario-urbano-y-labores-agricolas-en-las-huertas-de-elkarkide\/#primaryimage","url":"https:\/\/www.laguiadepamplona.com\/actualidad\/wp-content\/uploads\/2019\/11\/19.11.28_taller_discapacidad_mental1.jpg","contentUrl":"https:\/\/www.laguiadepamplona.com\/actualidad\/wp-content\/uploads\/2019\/11\/19.11.28_taller_discapacidad_mental1.jpg","width":1920,"height":1280},{"@type":"BreadcrumbList","@id":"https:\/\/www.laguiadepamplona.com\/actualidad\/diez-personas-con-enfermedad-mental-han-realizado-durante-cuatro-meses-trabajos-de-pintado-de-mobiliario-urbano-y-labores-agricolas-en-las-huertas-de-elkarkide\/#breadcrumb","itemListElement":[{"@type":"ListItem","position":1,"name":"Portada","item":"https:\/\/www.laguiadepamplona.com\/actualidad\/"},{"@type":"ListItem","position":2,"name":"Diez personas con enfermedad mental han realizado durante cuatro meses trabajos de pintado de mobiliario urbano y labores agr\u00edcolas en las huertas de Elkarkide"}]},{"@type":"WebSite","@id":"https:\/\/www.laguiadepamplona.com\/actualidad\/#website","url":"https:\/\/www.laguiadepamplona.com\/actualidad\/","name":"La gu\u00eda de Pamplona","description":"Noticias de Pamplona","publisher":{"@id":"https:\/\/www.laguiadepamplona.com\/actualidad\/#organization"},"potentialAction":[{"@type":"SearchAction","target":{"@type":"EntryPoint","urlTemplate":"https:\/\/www.laguiadepamplona.com\/actualidad\/?s={search_term_string}"},"query-input":{"@type":"PropertyValueSpecification","valueRequired":true,"valueName":"search_term_string"}}],"inLanguage":"es"},{"@type":"Organization","@id":"https:\/\/www.laguiadepamplona.com\/actualidad\/#organization","name":"La Gu\u00eda de Pamplona \/ Noticias","url":"https:\/\/www.laguiadepamplona.com\/actualidad\/","logo":{"@type":"ImageObject","inLanguage":"es","@id":"https:\/\/www.laguiadepamplona.com\/actualidad\/#\/schema\/logo\/image\/","url":"https:\/\/www.laguiadepamplona.com\/actualidad\/wp-content\/uploads\/2018\/11\/logo-laguiadepamplona18-web1.png","contentUrl":"https:\/\/www.laguiadepamplona.com\/actualidad\/wp-content\/uploads\/2018\/11\/logo-laguiadepamplona18-web1.png","width":600,"height":196,"caption":"La Gu\u00eda de Pamplona \/ Noticias"},"image":{"@id":"https:\/\/www.laguiadepamplona.com\/actualidad\/#\/schema\/logo\/image\/"},"sameAs":["https:\/\/www.facebook.com\/laguiadepamplonacom-133175176762273\/?ref=hl","https:\/\/x.com\/LaGuiadPamplona","https:\/\/www.instagram.com\/la_guia_de_pamplona\/","https:\/\/www.youtube.com\/user\/laguiadepamplona"]},{"@type":"Person","@id":"https:\/\/www.laguiadepamplona.com\/actualidad\/#\/schema\/person\/efe887376f0213d4657c93adc50b1fdb","name":"La Gu\u00eda de Pamplona","image":{"@type":"ImageObject","inLanguage":"es","@id":"https:\/\/secure.gravatar.com\/avatar\/b6992f131dc8d30ab0dff15446e9d346d9dbd95992de0fef795073f5ea83a81c?s=96&d=mm&r=g","url":"https:\/\/secure.gravatar.com\/avatar\/b6992f131dc8d30ab0dff15446e9d346d9dbd95992de0fef795073f5ea83a81c?s=96&d=mm&r=g","contentUrl":"https:\/\/secure.gravatar.com\/avatar\/b6992f131dc8d30ab0dff15446e9d346d9dbd95992de0fef795073f5ea83a81c?s=96&d=mm&r=g","caption":"La Gu\u00eda de Pamplona"}}]}},"post_mailing_queue_ids":[],"_links":{"self":[{"href":"https:\/\/www.laguiadepamplona.com\/actualidad\/wp-json\/wp\/v2\/posts\/26633","targetHints":{"allow":["GET"]}}],"collection":[{"href":"https:\/\/www.laguiadepamplona.com\/actualidad\/wp-json\/wp\/v2\/posts"}],"about":[{"href":"https:\/\/www.laguiadepamplona.com\/actualidad\/wp-json\/wp\/v2\/types\/post"}],"author":[{"embeddable":true,"href":"https:\/\/www.laguiadepamplona.com\/actualidad\/wp-json\/wp\/v2\/users\/1"}],"replies":[{"embeddable":true,"href":"https:\/\/www.laguiadepamplona.com\/actualidad\/wp-json\/wp\/v2\/comments?post=26633"}],"version-history":[{"count":0,"href":"https:\/\/www.laguiadepamplona.com\/actualidad\/wp-json\/wp\/v2\/posts\/26633\/revisions"}],"wp:featuredmedia":[{"embeddable":true,"href":"https:\/\/www.laguiadepamplona.com\/actualidad\/wp-json\/wp\/v2\/media\/26635"}],"wp:attachment":[{"href":"https:\/\/www.laguiadepamplona.com\/actualidad\/wp-json\/wp\/v2\/media?parent=26633"}],"wp:term":[{"taxonomy":"category","embeddable":true,"href":"https:\/\/www.laguiadepamplona.com\/actualidad\/wp-json\/wp\/v2\/categories?post=26633"},{"taxonomy":"post_tag","embeddable":true,"href":"https:\/\/www.laguiadepamplona.com\/actualidad\/wp-json\/wp\/v2\/tags?post=26633"}],"curies":[{"name":"wp","href":"https:\/\/api.w.org\/{rel}","templated":true}]}}