{"id":26614,"date":"2019-11-27T19:58:15","date_gmt":"2019-11-27T17:58:15","guid":{"rendered":"https:\/\/www.laguiadepamplona.es\/actualidad\/?p=26614"},"modified":"2019-11-27T19:59:15","modified_gmt":"2019-11-27T17:59:15","slug":"las-acciones-de-dinamizacion-para-las-fiestas-de-navidad-centran-la-primera-reunion-de-la-mesa-de-comercio-de-esta-legislatura","status":"publish","type":"post","link":"https:\/\/www.laguiadepamplona.com\/actualidad\/las-acciones-de-dinamizacion-para-las-fiestas-de-navidad-centran-la-primera-reunion-de-la-mesa-de-comercio-de-esta-legislatura\/","title":{"rendered":"Las acciones de dinamizaci\u00f3n para las fiestas de Navidad centran la primera reuni\u00f3n de la Mesa de Comercio de esta legislatura"},"content":{"rendered":"<p><!--more--><\/p>\n<h3>El foro, que tiene car\u00e1cter consultivo, re\u00fane a una veintena de representantes pol\u00edticos y comerciales de Pamplona<\/h3>\n<p>La Mesa de Comercio se ha reunido hoy por primera vez en esta legislatura con la campa\u00f1a navide\u00f1a como tel\u00f3n de fondo. Este foro, integrado por representantes pol\u00edticos y t\u00e9cnicos del Ayuntamiento y miembros del sector comercial de Pamplona, ha estado presidido por la concejala delegada de Gobierno Estrat\u00e9gico, Comercio y Turismo, Ana Elizalde. En este encuentro se han avanzado las distintas medidas de dinamizaci\u00f3n del comercio para la pr\u00f3xima campa\u00f1a de Navidad, uno de los momentos \u00e1lgidos para el comercio, junto con las \u00e9pocas de rebajas.<\/p>\n<p><script async src=\"\/\/pagead2.googlesyndication.com\/pagead\/js\/adsbygoogle.js\"><\/script><br \/>\n<!-- Noticias La Guia de Pamplona --><br \/>\n<ins class=\"adsbygoogle\"\nstyle=\"display:block\"\ndata-ad-client=\"ca-pub-6943679897239327\"\ndata-ad-slot=\"7048180777\"\ndata-ad-format=\"auto\"><\/ins><br \/>\n<script>\n(adsbygoogle = window.adsbygoogle || []).push({});\n<\/script><\/p>\n<p>Conscientes de la importancia de estas fechas, el Ayuntamiento apoyar\u00e1 el comercio de ciudad con diversas actividades propias y tambi\u00e9n colaborando con las asociaciones de comerciantes en diferentes iniciativas.<\/p>\n<p>En la reuni\u00f3n de hoy, se ha informado de las actividades de decoraci\u00f3n, ambientaci\u00f3n y dinamizaci\u00f3n previstas para las distintas zonas comerciales de Pamplona. Entre otras acciones, se proceder\u00e1 al reparto de figuras luminosas y otras decoraciones en los ejes comerciales de la ciudad. Adem\u00e1s, como viene siendo habitual, se instalar\u00e1 la Feria de Navidad en la plaza del Castillo y se proyectar\u00e1n actividades y juegos para ni\u00f1os y ni\u00f1as en las principales arterias comerciales de la ciudad, como la avenida Carlos III y el paseo de Sarasate, y en los Mercados Municipales, adem\u00e1s de distintas propuestas de dinamizaci\u00f3n comercial de los barrios.<\/p>\n<p>El grueso de estas iniciativas echar\u00e1 a andar en torno al 20 de diciembre, si bien algunas arrancar\u00e1n ya entradas las vacaciones escolares.<\/p>\n<p><script async src=\"\/\/pagead2.googlesyndication.com\/pagead\/js\/adsbygoogle.js\"><\/script><br \/>\n<!-- Noticias La Guia de Pamplona --><br \/>\n<ins class=\"adsbygoogle\"\nstyle=\"display:block\"\ndata-ad-client=\"ca-pub-6943679897239327\"\ndata-ad-slot=\"7048180777\"\ndata-ad-format=\"auto\"><\/ins><br \/>\n<script>\n(adsbygoogle = window.adsbygoogle || []).push({});\n<\/script><\/p>\n<p><strong>Se\u00f1al\u00e9tica y plan de comercio<\/strong><\/p>\n<p>Al margen de las cuestiones navide\u00f1as, en la reuni\u00f3n de hoy se han tratado otras medidas encaminadas a impulsar el comercio en la ciudad. En este sentido, se ha informado sobre la contrataci\u00f3n de se\u00f1al\u00e9tica comercial informativa. El Consistorio ha encargado el suministro de quince \u2018t\u00f3tems\u2019 informativos, uno por zona comercial, aunque en las zonas m\u00e1s extensas se colocar\u00e1n dos. Estos t\u00f3tems tendr\u00e1n dos metros de alto e incluir\u00e1n im\u00e1genes e informaci\u00f3n comercial, que ser\u00e1 consensuada con las asociaciones comerciales de cada zona. Se trata de una fase piloto. Se analizar\u00e1 posteriormente si procede extender este tipo de se\u00f1ales a m\u00e1s puntos de la ciudad.<\/p>\n<p>Por otro lado, ante una consulta sobre el fututo del Plan Estrat\u00e9gico de Comercio, la concejala Ana Elizalde ha informado de que el \u00e1rea de Comercio del Ayuntamiento est\u00e1 elaborando un plan ejecutivo para desarrollar acciones concretas de apoyo al comercio, enmarcadas en los ejes de trabajo del citado plan, que considera que no est\u00e1 ejecutado en su totalidad.<\/p>\n<p>La Mesa de Comercio la componen una veintena de personas, entre ellas, representantes de los comercios de zona, de gremios y de los mercados municipales, a los que se les traslada la informaci\u00f3n municipal y las acciones que se quieren llevar a cabo en materia de comercio para su asesoramiento y consulta. Esta Mesa sirve as\u00ed de foro de participaci\u00f3n en el que los comerciantes trasladan a los representantes pol\u00edticos sus necesidades, dudas e inquietudes. Tiene car\u00e1cter consultivo y se re\u00fane peri\u00f3dicamente.<\/p>\n","protected":false},"excerpt":{"rendered":"","protected":false},"author":1,"featured_media":26616,"comment_status":"open","ping_status":"closed","sticky":false,"template":"","format":"standard","meta":{"footnotes":""},"categories":[2],"tags":[],"class_list":["post-26614","post","type-post","status-publish","format-standard","has-post-thumbnail","hentry","category-ayuntamiento-pamplona"],"yoast_head":"<!-- This site is optimized with the Yoast SEO plugin v27.3 - https:\/\/yoast.com\/product\/yoast-seo-wordpress\/ -->\n<title>Las acciones de dinamizaci\u00f3n para las fiestas de Navidad centran la primera reuni\u00f3n de la Mesa de Comercio de esta legislatura<\/title>\n<meta name=\"robots\" content=\"index, follow, max-snippet:-1, max-image-preview:large, max-video-preview:-1\" \/>\n<link rel=\"canonical\" href=\"https:\/\/www.laguiadepamplona.com\/actualidad\/las-acciones-de-dinamizacion-para-las-fiestas-de-navidad-centran-la-primera-reunion-de-la-mesa-de-comercio-de-esta-legislatura\/\" \/>\n<meta property=\"og:locale\" content=\"es_ES\" \/>\n<meta property=\"og:type\" content=\"article\" \/>\n<meta property=\"og:title\" content=\"Las acciones de dinamizaci\u00f3n para las fiestas de Navidad centran la primera reuni\u00f3n de la Mesa de Comercio de esta legislatura\" \/>\n<meta property=\"og:url\" content=\"https:\/\/www.laguiadepamplona.com\/actualidad\/las-acciones-de-dinamizacion-para-las-fiestas-de-navidad-centran-la-primera-reunion-de-la-mesa-de-comercio-de-esta-legislatura\/\" \/>\n<meta property=\"og:site_name\" content=\"La Gu\u00eda de Pamplona\" \/>\n<meta property=\"article:publisher\" content=\"https:\/\/www.facebook.com\/laguiadepamplonacom-133175176762273\/?ref=hl\" \/>\n<meta property=\"article:published_time\" content=\"2019-11-27T17:58:15+00:00\" \/>\n<meta property=\"article:modified_time\" content=\"2019-11-27T17:59:15+00:00\" \/>\n<meta property=\"og:image\" content=\"https:\/\/www.laguiadepamplona.com\/actualidad\/wp-content\/uploads\/2019\/11\/19.11.27_reunion_mesa_comercio.jpg\" \/>\n\t<meta property=\"og:image:width\" content=\"1920\" \/>\n\t<meta property=\"og:image:height\" content=\"1280\" \/>\n\t<meta property=\"og:image:type\" content=\"image\/jpeg\" \/>\n<meta name=\"author\" content=\"La Gu\u00eda de Pamplona\" \/>\n<meta name=\"twitter:card\" content=\"summary_large_image\" \/>\n<meta name=\"twitter:creator\" content=\"@LaGuiadPamplona\" \/>\n<meta name=\"twitter:site\" content=\"@LaGuiadPamplona\" \/>\n<meta name=\"twitter:label1\" content=\"Escrito por\" \/>\n\t<meta name=\"twitter:data1\" content=\"La Gu\u00eda de Pamplona\" \/>\n\t<meta name=\"twitter:label2\" content=\"Tiempo de lectura\" \/>\n\t<meta name=\"twitter:data2\" content=\"3 minutos\" \/>\n<script type=\"application\/ld+json\" class=\"yoast-schema-graph\">{\"@context\":\"https:\\\/\\\/schema.org\",\"@graph\":[{\"@type\":\"Article\",\"@id\":\"https:\\\/\\\/www.laguiadepamplona.com\\\/actualidad\\\/las-acciones-de-dinamizacion-para-las-fiestas-de-navidad-centran-la-primera-reunion-de-la-mesa-de-comercio-de-esta-legislatura\\\/#article\",\"isPartOf\":{\"@id\":\"https:\\\/\\\/www.laguiadepamplona.com\\\/actualidad\\\/las-acciones-de-dinamizacion-para-las-fiestas-de-navidad-centran-la-primera-reunion-de-la-mesa-de-comercio-de-esta-legislatura\\\/\"},\"author\":{\"name\":\"La Gu\u00eda de Pamplona\",\"@id\":\"https:\\\/\\\/www.laguiadepamplona.com\\\/actualidad\\\/#\\\/schema\\\/person\\\/efe887376f0213d4657c93adc50b1fdb\"},\"headline\":\"Las acciones de dinamizaci\u00f3n para las fiestas de Navidad centran la primera reuni\u00f3n de la Mesa de Comercio de esta legislatura\",\"datePublished\":\"2019-11-27T17:58:15+00:00\",\"dateModified\":\"2019-11-27T17:59:15+00:00\",\"mainEntityOfPage\":{\"@id\":\"https:\\\/\\\/www.laguiadepamplona.com\\\/actualidad\\\/las-acciones-de-dinamizacion-para-las-fiestas-de-navidad-centran-la-primera-reunion-de-la-mesa-de-comercio-de-esta-legislatura\\\/\"},\"wordCount\":580,\"commentCount\":0,\"publisher\":{\"@id\":\"https:\\\/\\\/www.laguiadepamplona.com\\\/actualidad\\\/#organization\"},\"image\":{\"@id\":\"https:\\\/\\\/www.laguiadepamplona.com\\\/actualidad\\\/las-acciones-de-dinamizacion-para-las-fiestas-de-navidad-centran-la-primera-reunion-de-la-mesa-de-comercio-de-esta-legislatura\\\/#primaryimage\"},\"thumbnailUrl\":\"https:\\\/\\\/www.laguiadepamplona.com\\\/actualidad\\\/wp-content\\\/uploads\\\/2019\\\/11\\\/19.11.27_reunion_mesa_comercio.jpg\",\"articleSection\":[\"Ayto Pamplona\"],\"inLanguage\":\"es\",\"potentialAction\":[{\"@type\":\"CommentAction\",\"name\":\"Comment\",\"target\":[\"https:\\\/\\\/www.laguiadepamplona.com\\\/actualidad\\\/las-acciones-de-dinamizacion-para-las-fiestas-de-navidad-centran-la-primera-reunion-de-la-mesa-de-comercio-de-esta-legislatura\\\/#respond\"]}]},{\"@type\":\"WebPage\",\"@id\":\"https:\\\/\\\/www.laguiadepamplona.com\\\/actualidad\\\/las-acciones-de-dinamizacion-para-las-fiestas-de-navidad-centran-la-primera-reunion-de-la-mesa-de-comercio-de-esta-legislatura\\\/\",\"url\":\"https:\\\/\\\/www.laguiadepamplona.com\\\/actualidad\\\/las-acciones-de-dinamizacion-para-las-fiestas-de-navidad-centran-la-primera-reunion-de-la-mesa-de-comercio-de-esta-legislatura\\\/\",\"name\":\"Las acciones de dinamizaci\u00f3n para las fiestas de Navidad centran la primera reuni\u00f3n de la Mesa de Comercio de esta legislatura\",\"isPartOf\":{\"@id\":\"https:\\\/\\\/www.laguiadepamplona.com\\\/actualidad\\\/#website\"},\"primaryImageOfPage\":{\"@id\":\"https:\\\/\\\/www.laguiadepamplona.com\\\/actualidad\\\/las-acciones-de-dinamizacion-para-las-fiestas-de-navidad-centran-la-primera-reunion-de-la-mesa-de-comercio-de-esta-legislatura\\\/#primaryimage\"},\"image\":{\"@id\":\"https:\\\/\\\/www.laguiadepamplona.com\\\/actualidad\\\/las-acciones-de-dinamizacion-para-las-fiestas-de-navidad-centran-la-primera-reunion-de-la-mesa-de-comercio-de-esta-legislatura\\\/#primaryimage\"},\"thumbnailUrl\":\"https:\\\/\\\/www.laguiadepamplona.com\\\/actualidad\\\/wp-content\\\/uploads\\\/2019\\\/11\\\/19.11.27_reunion_mesa_comercio.jpg\",\"datePublished\":\"2019-11-27T17:58:15+00:00\",\"dateModified\":\"2019-11-27T17:59:15+00:00\",\"breadcrumb\":{\"@id\":\"https:\\\/\\\/www.laguiadepamplona.com\\\/actualidad\\\/las-acciones-de-dinamizacion-para-las-fiestas-de-navidad-centran-la-primera-reunion-de-la-mesa-de-comercio-de-esta-legislatura\\\/#breadcrumb\"},\"inLanguage\":\"es\",\"potentialAction\":[{\"@type\":\"ReadAction\",\"target\":[\"https:\\\/\\\/www.laguiadepamplona.com\\\/actualidad\\\/las-acciones-de-dinamizacion-para-las-fiestas-de-navidad-centran-la-primera-reunion-de-la-mesa-de-comercio-de-esta-legislatura\\\/\"]}]},{\"@type\":\"ImageObject\",\"inLanguage\":\"es\",\"@id\":\"https:\\\/\\\/www.laguiadepamplona.com\\\/actualidad\\\/las-acciones-de-dinamizacion-para-las-fiestas-de-navidad-centran-la-primera-reunion-de-la-mesa-de-comercio-de-esta-legislatura\\\/#primaryimage\",\"url\":\"https:\\\/\\\/www.laguiadepamplona.com\\\/actualidad\\\/wp-content\\\/uploads\\\/2019\\\/11\\\/19.11.27_reunion_mesa_comercio.jpg\",\"contentUrl\":\"https:\\\/\\\/www.laguiadepamplona.com\\\/actualidad\\\/wp-content\\\/uploads\\\/2019\\\/11\\\/19.11.27_reunion_mesa_comercio.jpg\",\"width\":1920,\"height\":1280},{\"@type\":\"BreadcrumbList\",\"@id\":\"https:\\\/\\\/www.laguiadepamplona.com\\\/actualidad\\\/las-acciones-de-dinamizacion-para-las-fiestas-de-navidad-centran-la-primera-reunion-de-la-mesa-de-comercio-de-esta-legislatura\\\/#breadcrumb\",\"itemListElement\":[{\"@type\":\"ListItem\",\"position\":1,\"name\":\"Portada\",\"item\":\"https:\\\/\\\/www.laguiadepamplona.com\\\/actualidad\\\/\"},{\"@type\":\"ListItem\",\"position\":2,\"name\":\"Las acciones de dinamizaci\u00f3n para las fiestas de Navidad centran la primera reuni\u00f3n de la Mesa de Comercio de esta legislatura\"}]},{\"@type\":\"WebSite\",\"@id\":\"https:\\\/\\\/www.laguiadepamplona.com\\\/actualidad\\\/#website\",\"url\":\"https:\\\/\\\/www.laguiadepamplona.com\\\/actualidad\\\/\",\"name\":\"La gu\u00eda de Pamplona\",\"description\":\"Noticias de Pamplona\",\"publisher\":{\"@id\":\"https:\\\/\\\/www.laguiadepamplona.com\\\/actualidad\\\/#organization\"},\"potentialAction\":[{\"@type\":\"SearchAction\",\"target\":{\"@type\":\"EntryPoint\",\"urlTemplate\":\"https:\\\/\\\/www.laguiadepamplona.com\\\/actualidad\\\/?s={search_term_string}\"},\"query-input\":{\"@type\":\"PropertyValueSpecification\",\"valueRequired\":true,\"valueName\":\"search_term_string\"}}],\"inLanguage\":\"es\"},{\"@type\":\"Organization\",\"@id\":\"https:\\\/\\\/www.laguiadepamplona.com\\\/actualidad\\\/#organization\",\"name\":\"La Gu\u00eda de Pamplona \\\/ Noticias\",\"url\":\"https:\\\/\\\/www.laguiadepamplona.com\\\/actualidad\\\/\",\"logo\":{\"@type\":\"ImageObject\",\"inLanguage\":\"es\",\"@id\":\"https:\\\/\\\/www.laguiadepamplona.com\\\/actualidad\\\/#\\\/schema\\\/logo\\\/image\\\/\",\"url\":\"https:\\\/\\\/www.laguiadepamplona.com\\\/actualidad\\\/wp-content\\\/uploads\\\/2018\\\/11\\\/logo-laguiadepamplona18-web1.png\",\"contentUrl\":\"https:\\\/\\\/www.laguiadepamplona.com\\\/actualidad\\\/wp-content\\\/uploads\\\/2018\\\/11\\\/logo-laguiadepamplona18-web1.png\",\"width\":600,\"height\":196,\"caption\":\"La Gu\u00eda de Pamplona \\\/ Noticias\"},\"image\":{\"@id\":\"https:\\\/\\\/www.laguiadepamplona.com\\\/actualidad\\\/#\\\/schema\\\/logo\\\/image\\\/\"},\"sameAs\":[\"https:\\\/\\\/www.facebook.com\\\/laguiadepamplonacom-133175176762273\\\/?ref=hl\",\"https:\\\/\\\/x.com\\\/LaGuiadPamplona\",\"https:\\\/\\\/www.instagram.com\\\/la_guia_de_pamplona\\\/\",\"https:\\\/\\\/www.youtube.com\\\/user\\\/laguiadepamplona\"]},{\"@type\":\"Person\",\"@id\":\"https:\\\/\\\/www.laguiadepamplona.com\\\/actualidad\\\/#\\\/schema\\\/person\\\/efe887376f0213d4657c93adc50b1fdb\",\"name\":\"La Gu\u00eda de Pamplona\",\"image\":{\"@type\":\"ImageObject\",\"inLanguage\":\"es\",\"@id\":\"https:\\\/\\\/secure.gravatar.com\\\/avatar\\\/b6992f131dc8d30ab0dff15446e9d346d9dbd95992de0fef795073f5ea83a81c?s=96&d=mm&r=g\",\"url\":\"https:\\\/\\\/secure.gravatar.com\\\/avatar\\\/b6992f131dc8d30ab0dff15446e9d346d9dbd95992de0fef795073f5ea83a81c?s=96&d=mm&r=g\",\"contentUrl\":\"https:\\\/\\\/secure.gravatar.com\\\/avatar\\\/b6992f131dc8d30ab0dff15446e9d346d9dbd95992de0fef795073f5ea83a81c?s=96&d=mm&r=g\",\"caption\":\"La Gu\u00eda de Pamplona\"}}]}<\/script>\n<!-- \/ Yoast SEO plugin. -->","yoast_head_json":{"title":"Las acciones de dinamizaci\u00f3n para las fiestas de Navidad centran la primera reuni\u00f3n de la Mesa de Comercio de esta legislatura","robots":{"index":"index","follow":"follow","max-snippet":"max-snippet:-1","max-image-preview":"max-image-preview:large","max-video-preview":"max-video-preview:-1"},"canonical":"https:\/\/www.laguiadepamplona.com\/actualidad\/las-acciones-de-dinamizacion-para-las-fiestas-de-navidad-centran-la-primera-reunion-de-la-mesa-de-comercio-de-esta-legislatura\/","og_locale":"es_ES","og_type":"article","og_title":"Las acciones de dinamizaci\u00f3n para las fiestas de Navidad centran la primera reuni\u00f3n de la Mesa de Comercio de esta legislatura","og_url":"https:\/\/www.laguiadepamplona.com\/actualidad\/las-acciones-de-dinamizacion-para-las-fiestas-de-navidad-centran-la-primera-reunion-de-la-mesa-de-comercio-de-esta-legislatura\/","og_site_name":"La Gu\u00eda de Pamplona","article_publisher":"https:\/\/www.facebook.com\/laguiadepamplonacom-133175176762273\/?ref=hl","article_published_time":"2019-11-27T17:58:15+00:00","article_modified_time":"2019-11-27T17:59:15+00:00","og_image":[{"width":1920,"height":1280,"url":"https:\/\/www.laguiadepamplona.com\/actualidad\/wp-content\/uploads\/2019\/11\/19.11.27_reunion_mesa_comercio.jpg","type":"image\/jpeg"}],"author":"La Gu\u00eda de Pamplona","twitter_card":"summary_large_image","twitter_creator":"@LaGuiadPamplona","twitter_site":"@LaGuiadPamplona","twitter_misc":{"Escrito por":"La Gu\u00eda de Pamplona","Tiempo de lectura":"3 minutos"},"schema":{"@context":"https:\/\/schema.org","@graph":[{"@type":"Article","@id":"https:\/\/www.laguiadepamplona.com\/actualidad\/las-acciones-de-dinamizacion-para-las-fiestas-de-navidad-centran-la-primera-reunion-de-la-mesa-de-comercio-de-esta-legislatura\/#article","isPartOf":{"@id":"https:\/\/www.laguiadepamplona.com\/actualidad\/las-acciones-de-dinamizacion-para-las-fiestas-de-navidad-centran-la-primera-reunion-de-la-mesa-de-comercio-de-esta-legislatura\/"},"author":{"name":"La Gu\u00eda de Pamplona","@id":"https:\/\/www.laguiadepamplona.com\/actualidad\/#\/schema\/person\/efe887376f0213d4657c93adc50b1fdb"},"headline":"Las acciones de dinamizaci\u00f3n para las fiestas de Navidad centran la primera reuni\u00f3n de la Mesa de Comercio de esta legislatura","datePublished":"2019-11-27T17:58:15+00:00","dateModified":"2019-11-27T17:59:15+00:00","mainEntityOfPage":{"@id":"https:\/\/www.laguiadepamplona.com\/actualidad\/las-acciones-de-dinamizacion-para-las-fiestas-de-navidad-centran-la-primera-reunion-de-la-mesa-de-comercio-de-esta-legislatura\/"},"wordCount":580,"commentCount":0,"publisher":{"@id":"https:\/\/www.laguiadepamplona.com\/actualidad\/#organization"},"image":{"@id":"https:\/\/www.laguiadepamplona.com\/actualidad\/las-acciones-de-dinamizacion-para-las-fiestas-de-navidad-centran-la-primera-reunion-de-la-mesa-de-comercio-de-esta-legislatura\/#primaryimage"},"thumbnailUrl":"https:\/\/www.laguiadepamplona.com\/actualidad\/wp-content\/uploads\/2019\/11\/19.11.27_reunion_mesa_comercio.jpg","articleSection":["Ayto Pamplona"],"inLanguage":"es","potentialAction":[{"@type":"CommentAction","name":"Comment","target":["https:\/\/www.laguiadepamplona.com\/actualidad\/las-acciones-de-dinamizacion-para-las-fiestas-de-navidad-centran-la-primera-reunion-de-la-mesa-de-comercio-de-esta-legislatura\/#respond"]}]},{"@type":"WebPage","@id":"https:\/\/www.laguiadepamplona.com\/actualidad\/las-acciones-de-dinamizacion-para-las-fiestas-de-navidad-centran-la-primera-reunion-de-la-mesa-de-comercio-de-esta-legislatura\/","url":"https:\/\/www.laguiadepamplona.com\/actualidad\/las-acciones-de-dinamizacion-para-las-fiestas-de-navidad-centran-la-primera-reunion-de-la-mesa-de-comercio-de-esta-legislatura\/","name":"Las acciones de dinamizaci\u00f3n para las fiestas de Navidad centran la primera reuni\u00f3n de la Mesa de Comercio de esta legislatura","isPartOf":{"@id":"https:\/\/www.laguiadepamplona.com\/actualidad\/#website"},"primaryImageOfPage":{"@id":"https:\/\/www.laguiadepamplona.com\/actualidad\/las-acciones-de-dinamizacion-para-las-fiestas-de-navidad-centran-la-primera-reunion-de-la-mesa-de-comercio-de-esta-legislatura\/#primaryimage"},"image":{"@id":"https:\/\/www.laguiadepamplona.com\/actualidad\/las-acciones-de-dinamizacion-para-las-fiestas-de-navidad-centran-la-primera-reunion-de-la-mesa-de-comercio-de-esta-legislatura\/#primaryimage"},"thumbnailUrl":"https:\/\/www.laguiadepamplona.com\/actualidad\/wp-content\/uploads\/2019\/11\/19.11.27_reunion_mesa_comercio.jpg","datePublished":"2019-11-27T17:58:15+00:00","dateModified":"2019-11-27T17:59:15+00:00","breadcrumb":{"@id":"https:\/\/www.laguiadepamplona.com\/actualidad\/las-acciones-de-dinamizacion-para-las-fiestas-de-navidad-centran-la-primera-reunion-de-la-mesa-de-comercio-de-esta-legislatura\/#breadcrumb"},"inLanguage":"es","potentialAction":[{"@type":"ReadAction","target":["https:\/\/www.laguiadepamplona.com\/actualidad\/las-acciones-de-dinamizacion-para-las-fiestas-de-navidad-centran-la-primera-reunion-de-la-mesa-de-comercio-de-esta-legislatura\/"]}]},{"@type":"ImageObject","inLanguage":"es","@id":"https:\/\/www.laguiadepamplona.com\/actualidad\/las-acciones-de-dinamizacion-para-las-fiestas-de-navidad-centran-la-primera-reunion-de-la-mesa-de-comercio-de-esta-legislatura\/#primaryimage","url":"https:\/\/www.laguiadepamplona.com\/actualidad\/wp-content\/uploads\/2019\/11\/19.11.27_reunion_mesa_comercio.jpg","contentUrl":"https:\/\/www.laguiadepamplona.com\/actualidad\/wp-content\/uploads\/2019\/11\/19.11.27_reunion_mesa_comercio.jpg","width":1920,"height":1280},{"@type":"BreadcrumbList","@id":"https:\/\/www.laguiadepamplona.com\/actualidad\/las-acciones-de-dinamizacion-para-las-fiestas-de-navidad-centran-la-primera-reunion-de-la-mesa-de-comercio-de-esta-legislatura\/#breadcrumb","itemListElement":[{"@type":"ListItem","position":1,"name":"Portada","item":"https:\/\/www.laguiadepamplona.com\/actualidad\/"},{"@type":"ListItem","position":2,"name":"Las acciones de dinamizaci\u00f3n para las fiestas de Navidad centran la primera reuni\u00f3n de la Mesa de Comercio de esta legislatura"}]},{"@type":"WebSite","@id":"https:\/\/www.laguiadepamplona.com\/actualidad\/#website","url":"https:\/\/www.laguiadepamplona.com\/actualidad\/","name":"La gu\u00eda de Pamplona","description":"Noticias de Pamplona","publisher":{"@id":"https:\/\/www.laguiadepamplona.com\/actualidad\/#organization"},"potentialAction":[{"@type":"SearchAction","target":{"@type":"EntryPoint","urlTemplate":"https:\/\/www.laguiadepamplona.com\/actualidad\/?s={search_term_string}"},"query-input":{"@type":"PropertyValueSpecification","valueRequired":true,"valueName":"search_term_string"}}],"inLanguage":"es"},{"@type":"Organization","@id":"https:\/\/www.laguiadepamplona.com\/actualidad\/#organization","name":"La Gu\u00eda de Pamplona \/ Noticias","url":"https:\/\/www.laguiadepamplona.com\/actualidad\/","logo":{"@type":"ImageObject","inLanguage":"es","@id":"https:\/\/www.laguiadepamplona.com\/actualidad\/#\/schema\/logo\/image\/","url":"https:\/\/www.laguiadepamplona.com\/actualidad\/wp-content\/uploads\/2018\/11\/logo-laguiadepamplona18-web1.png","contentUrl":"https:\/\/www.laguiadepamplona.com\/actualidad\/wp-content\/uploads\/2018\/11\/logo-laguiadepamplona18-web1.png","width":600,"height":196,"caption":"La Gu\u00eda de Pamplona \/ Noticias"},"image":{"@id":"https:\/\/www.laguiadepamplona.com\/actualidad\/#\/schema\/logo\/image\/"},"sameAs":["https:\/\/www.facebook.com\/laguiadepamplonacom-133175176762273\/?ref=hl","https:\/\/x.com\/LaGuiadPamplona","https:\/\/www.instagram.com\/la_guia_de_pamplona\/","https:\/\/www.youtube.com\/user\/laguiadepamplona"]},{"@type":"Person","@id":"https:\/\/www.laguiadepamplona.com\/actualidad\/#\/schema\/person\/efe887376f0213d4657c93adc50b1fdb","name":"La Gu\u00eda de Pamplona","image":{"@type":"ImageObject","inLanguage":"es","@id":"https:\/\/secure.gravatar.com\/avatar\/b6992f131dc8d30ab0dff15446e9d346d9dbd95992de0fef795073f5ea83a81c?s=96&d=mm&r=g","url":"https:\/\/secure.gravatar.com\/avatar\/b6992f131dc8d30ab0dff15446e9d346d9dbd95992de0fef795073f5ea83a81c?s=96&d=mm&r=g","contentUrl":"https:\/\/secure.gravatar.com\/avatar\/b6992f131dc8d30ab0dff15446e9d346d9dbd95992de0fef795073f5ea83a81c?s=96&d=mm&r=g","caption":"La Gu\u00eda de Pamplona"}}]}},"post_mailing_queue_ids":[],"_links":{"self":[{"href":"https:\/\/www.laguiadepamplona.com\/actualidad\/wp-json\/wp\/v2\/posts\/26614","targetHints":{"allow":["GET"]}}],"collection":[{"href":"https:\/\/www.laguiadepamplona.com\/actualidad\/wp-json\/wp\/v2\/posts"}],"about":[{"href":"https:\/\/www.laguiadepamplona.com\/actualidad\/wp-json\/wp\/v2\/types\/post"}],"author":[{"embeddable":true,"href":"https:\/\/www.laguiadepamplona.com\/actualidad\/wp-json\/wp\/v2\/users\/1"}],"replies":[{"embeddable":true,"href":"https:\/\/www.laguiadepamplona.com\/actualidad\/wp-json\/wp\/v2\/comments?post=26614"}],"version-history":[{"count":0,"href":"https:\/\/www.laguiadepamplona.com\/actualidad\/wp-json\/wp\/v2\/posts\/26614\/revisions"}],"wp:featuredmedia":[{"embeddable":true,"href":"https:\/\/www.laguiadepamplona.com\/actualidad\/wp-json\/wp\/v2\/media\/26616"}],"wp:attachment":[{"href":"https:\/\/www.laguiadepamplona.com\/actualidad\/wp-json\/wp\/v2\/media?parent=26614"}],"wp:term":[{"taxonomy":"category","embeddable":true,"href":"https:\/\/www.laguiadepamplona.com\/actualidad\/wp-json\/wp\/v2\/categories?post=26614"},{"taxonomy":"post_tag","embeddable":true,"href":"https:\/\/www.laguiadepamplona.com\/actualidad\/wp-json\/wp\/v2\/tags?post=26614"}],"curies":[{"name":"wp","href":"https:\/\/api.w.org\/{rel}","templated":true}]}}