{"id":26586,"date":"2019-11-27T14:00:53","date_gmt":"2019-11-27T12:00:53","guid":{"rendered":"https:\/\/www.laguiadepamplona.es\/actualidad\/?p=26586"},"modified":"2019-11-27T14:16:53","modified_gmt":"2019-11-27T12:16:53","slug":"el-ayuntamiento-organiza-una-jornada-para-abordar-la-mediacion-cultural-el-13-de-diciembre-en-el-palacio-del-condestable","status":"publish","type":"post","link":"https:\/\/www.laguiadepamplona.com\/actualidad\/el-ayuntamiento-organiza-una-jornada-para-abordar-la-mediacion-cultural-el-13-de-diciembre-en-el-palacio-del-condestable\/","title":{"rendered":"El Ayuntamiento organiza una jornada para abordar la mediaci\u00f3n cultural el 13 de diciembre en el Palacio del Condestable"},"content":{"rendered":"<h5>La jornada se ha organizado en colaboraci\u00f3n con el Centro Huarte de Arte Contempor\u00e1neo y EDARTE de la Universidad P\u00fablica de Navarra<\/h5>\n<p><!--more--><\/p>\n<p>El Ayuntamiento de Pamplona, a trav\u00e9s de Hiriartea, ha organizado una jornada de mediaci\u00f3n cultural para el pr\u00f3ximo 13 de diciembre. En el dise\u00f1o y gesti\u00f3n del encuentro han colaborado el Centro Huarte de Arte Contempor\u00e1neo y EDARTE, grupo de investigaci\u00f3n de la Universidad P\u00fablica de Navarra. De esta manera, el Consistorio pamplon\u00e9s apuesta por la colaboraci\u00f3n con espacios especializados en pr\u00e1cticas art\u00edsticas contempor\u00e1neas y con centros docentes que investigan desde el \u00e1mbito acad\u00e9mico las pol\u00edticas culturales.<\/p>\n<p>Los detalles de la jornada han sido presentados en rueda de prensa por Arantza Santesteban, t\u00e9cnica de Cultura del Ayuntamiento de Pamplona y coordinadora de Hiriartea; Betisa Ojanguren, codirectora del Centro Huarte, y Amaia Arriaga, representante del grupo de investigaci\u00f3n EDARTE de la Universidad P\u00fablica de Navarra. Todas ellas han destacado la importancia de la uni\u00f3n de las tres instituciones para impulsar esta iniciativa y para el desarrollo de futuros debates y pr\u00e1cticas en torno a la mediaci\u00f3n en cultura.<\/p>\n<p><script async src=\"\/\/pagead2.googlesyndication.com\/pagead\/js\/adsbygoogle.js\"><\/script><br \/>\n<!-- Noticias La Guia de Pamplona --><br \/>\n<ins class=\"adsbygoogle\"\nstyle=\"display:block\"\ndata-ad-client=\"ca-pub-6943679897239327\"\ndata-ad-slot=\"7048180777\"\ndata-ad-format=\"auto\"><\/ins><br \/>\n<script>\n(adsbygoogle = window.adsbygoogle || []).push({});\n<\/script><\/p>\n<p><strong>Inscripci\u00f3n gratuita hasta el 10 de diciembre en hiriartea@pamplona.es<\/strong><\/p>\n<p>\u2018La mediaci\u00f3n cultural: propuestas para una nueva comprensi\u00f3n de las pol\u00edticas culturales\u2019 comenzar\u00e1 a las 9 de la ma\u00f1ana y en la sesi\u00f3n de la ma\u00f1ana ofrecer\u00e1 un taller dinamizado por Eva Garrido de CA2M. Por la tarde, el taller estar\u00e1 guiado por Artaziak. La jornada est\u00e1 dirigida a personas interesadas en las pr\u00e1cticas art\u00edsticas y en la gesti\u00f3n cultural y a personal de instituciones del \u00e1mbito del arte y la cultura. Las inscripciones son gratuitas y pueden realizarse hasta el 10 de diciembre en el correo electr\u00f3nico hiriartea@pamplona.es.<\/p>\n<p>La idea es reunir a un p\u00fablico heterog\u00e9neo que posibilite abordar la mediaci\u00f3n desde diferentes experiencias y puntos de vista. Tambi\u00e9n, que sea un primer encuentro que ayude a crear alianzas entre profesionales, instituciones y administraci\u00f3n considerando que solo de esta manera podr\u00e1n desarrollarse proyectos de mediaci\u00f3n cultural que pongan en el centro el trabajo de sus protagonistas y transformen las instituciones en espacios m\u00e1s democr\u00e1ticos, sostenibles y directamente vinculados al territorio y a sus necesidades.<\/p>\n<p>El esquema del d\u00eda ser\u00e1 esencialmente pr\u00e1ctico con espacios de reflexi\u00f3n en los que lo vivencial y relacional situar\u00e1 a las personas participantes es un contexto de aprendizaje compartido con el que generar grupo. Las talleristas invitadas tienen una amplia experiencia en la mediaci\u00f3n\/educaci\u00f3n art\u00edstica y cultural. En la organizaci\u00f3n de las sesiones se han buscado propuestas con herramientas pr\u00e1cticas y contenidos te\u00f3ricos que puedan conectar la experiencia de Artaziak y CA2M con el contexto navarro. Se crear\u00e1n espacios para la palabra escrita, la voz, el juego o el cuerpo y para visibilizar lo com\u00fan y la riqueza de las distintas realidades de las personas participantes.<\/p>\n<p><script async src=\"\/\/pagead2.googlesyndication.com\/pagead\/js\/adsbygoogle.js\"><\/script><br \/>\n<!-- Noticias La Guia de Pamplona --><br \/>\n<ins class=\"adsbygoogle\"\nstyle=\"display:block\"\ndata-ad-client=\"ca-pub-6943679897239327\"\ndata-ad-slot=\"7048180777\"\ndata-ad-format=\"auto\"><\/ins><br \/>\n<script>\n(adsbygoogle = window.adsbygoogle || []).push({});\n<\/script><\/p>\n<p><strong>Un nuevo t\u00e9rmino para recoger la confusi\u00f3n entre \u00e1mbitos antes diferenciados<\/strong><\/p>\n<p>La jornada se centrar\u00e1 en la \u2018mediaci\u00f3n\u2019, un t\u00e9rmino relativamente nuevo en el \u00e1mbito de la cultura pero al que ya se est\u00e1n acercando diferentes agentes provenientes de los \u00e1mbitos de la educaci\u00f3n art\u00edstica, de la gesti\u00f3n o del comisariado. El objetivo es trabajar sobre la confusi\u00f3n que comienza a darse entre los l\u00edmites de \u00e1mbitos antes diferenciados y sobre las nuevas condiciones que pueden ayudar a transformar las pol\u00edticas culturales.<\/p>\n<p>En este contexto de cambios, las sesiones buscan poner sobre la mesa el debate acerca de lo que se puede considerar mediaci\u00f3n cultural, las ideas que residen en su base y c\u00f3mo pueden materializarse en la pr\u00e1ctica. Ser\u00e1 desde un enfoque eminentemente pr\u00e1ctico con la intenci\u00f3n de contestar a cuestiones como qu\u00e9 es la mediaci\u00f3n cultural, en qu\u00e9 se diferencia de las pr\u00e1cticas que se han venido desarrollando en el \u00e1mbito cultural en los \u00faltimos a\u00f1os, qu\u00e9 objetivos obedecen estas nuevas pr\u00e1cticas, qu\u00e9 rol o espacio puede tener cada agente cultural o qu\u00e9 cambios institucionales son necesarios para favorecer pr\u00e1cticas de mediaci\u00f3n cultural.<\/p>\n<p><script async src=\"\/\/pagead2.googlesyndication.com\/pagead\/js\/adsbygoogle.js\"><\/script><br \/>\n<!-- Noticias La Guia de Pamplona --><br \/>\n<ins class=\"adsbygoogle\"\nstyle=\"display:block\"\ndata-ad-client=\"ca-pub-6943679897239327\"\ndata-ad-slot=\"7048180777\"\ndata-ad-format=\"auto\"><\/ins><br \/>\n<script>\n(adsbygoogle = window.adsbygoogle || []).push({});\n<\/script><\/p>\n<p><strong>Entidades colaboradoras y talleristas de la jornada<\/strong><\/p>\n<p>EDARTE es un grupo multidisciplinar dedicado al estudio de experiencias educativas que se dan en los diferentes contextos de producci\u00f3n cultural contempor\u00e1nea y, espec\u00edficamente, en el \u00e1mbito de las artes y de la cultura visual en escuelas, museos y centros de arte y patrimonio. Colabora con el Departamento de Cultura del Gobierno de Navarra en estudios de Museos y Patrimonios. Trabaja para impulsar la formaci\u00f3n de profesionales y el futuro de programas de pr\u00e1cticas profesionales para quienes estudian el grado de Historia y Patrimonio en la Universidad P\u00fablica de Navarra.<\/p>\n<p>Artaziak es una cooperativa de iniciativa social que trabaja en el \u00e1mbito de la educaci\u00f3n art\u00edstica y la mediaci\u00f3n cultural. Impulsa procesos de aprendizaje en los que las pr\u00e1cticas y metodolog\u00edas art\u00edsticas son herramientas para compartir, construir y transformar saberes. Entienden la educaci\u00f3n como un intercambio y un espacio en el que generar nuevas realidades y relaciones a partir del di\u00e1logo. Su proyecto es de car\u00e1cter social. Partiendo de la diversidad cultural y de la diferencia, contribuye al fomento del sentido cr\u00edtico en las personas con el objetivo de producir cambios sociales, pol\u00edticos y culturales.<\/p>\n<p>La tallerista Eva Garrido del Saz es artista y educadora. Licenciada en Bellas Artes por la Universidad Polit\u00e9cnica de Valencia, colabora desde el 2009 con el Departamento de Educaci\u00f3n del Centro de Arte Dos de Mayo (CA2M) y forma parte del grupo de investigaci\u00f3n y acci\u00f3n acerca de educaci\u00f3n, arte y pr\u00e1cticas culturales Las Lindes.<\/p>\n<p><script async src=\"\/\/pagead2.googlesyndication.com\/pagead\/js\/adsbygoogle.js\"><\/script><br \/>\n<!-- Noticias La Guia de Pamplona --><br \/>\n<ins class=\"adsbygoogle\"\nstyle=\"display:block\"\ndata-ad-client=\"ca-pub-6943679897239327\"\ndata-ad-slot=\"7048180777\"\ndata-ad-format=\"auto\"><\/ins><br \/>\n<script>\n(adsbygoogle = window.adsbygoogle || []).push({});\n<\/script><\/p>\n<h3><span style=\"color: #ff0000;\">La mediaci\u00f3n cultural: propuestas para una nueva comprensi\u00f3n de las pol\u00edticas culturales. Palacio del Condestable. 13 de diciembre. Programa<\/span><\/h3>\n<ul>\n<li>9.00-9.30- Bienvenida y presentaci\u00f3n de la Jornada<\/li>\n<li>9.30- 10.00 \u2013 Introducci\u00f3n a cargo de Amaia Arriaga. Edarte ( UPNA )<\/li>\n<li>10.00- 13.30 \u2013 Taller dinamizado por Eva Garrido. CA2M<\/li>\n<li>13.30- 15.30 &#8211; Comida<\/li>\n<li>15.30- 18.00 &#8211; Taller dinamizado por Artaziak<\/li>\n<li>18.00- 19.00 \u2013 Cierre de la jornada<\/li>\n<\/ul>\n<p>&nbsp;<\/p>\n","protected":false},"excerpt":{"rendered":"<p>La jornada se ha organizado en colaboraci\u00f3n con el Centro Huarte de Arte Contempor\u00e1neo y EDARTE de la Universidad P\u00fablica de Navarra<\/p>\n","protected":false},"author":1,"featured_media":17390,"comment_status":"open","ping_status":"closed","sticky":false,"template":"","format":"standard","meta":{"footnotes":""},"categories":[2],"tags":[],"class_list":["post-26586","post","type-post","status-publish","format-standard","has-post-thumbnail","hentry","category-ayuntamiento-pamplona"],"yoast_head":"<!-- This site is optimized with the Yoast SEO plugin v27.3 - https:\/\/yoast.com\/product\/yoast-seo-wordpress\/ -->\n<title>El Ayuntamiento organiza una jornada para abordar la mediaci\u00f3n cultural el 13 de diciembre en el Palacio del Condestable<\/title>\n<meta name=\"robots\" content=\"index, follow, max-snippet:-1, max-image-preview:large, max-video-preview:-1\" \/>\n<link rel=\"canonical\" href=\"https:\/\/www.laguiadepamplona.com\/actualidad\/el-ayuntamiento-organiza-una-jornada-para-abordar-la-mediacion-cultural-el-13-de-diciembre-en-el-palacio-del-condestable\/\" \/>\n<meta property=\"og:locale\" content=\"es_ES\" \/>\n<meta property=\"og:type\" content=\"article\" \/>\n<meta property=\"og:title\" content=\"El Ayuntamiento organiza una jornada para abordar la mediaci\u00f3n cultural el 13 de diciembre en el Palacio del Condestable\" \/>\n<meta property=\"og:description\" content=\"La jornada se ha organizado en colaboraci\u00f3n con el Centro Huarte de Arte Contempor\u00e1neo y EDARTE de la Universidad P\u00fablica de Navarra\" \/>\n<meta property=\"og:url\" content=\"https:\/\/www.laguiadepamplona.com\/actualidad\/el-ayuntamiento-organiza-una-jornada-para-abordar-la-mediacion-cultural-el-13-de-diciembre-en-el-palacio-del-condestable\/\" \/>\n<meta property=\"og:site_name\" content=\"La Gu\u00eda de Pamplona\" \/>\n<meta property=\"article:publisher\" content=\"https:\/\/www.facebook.com\/laguiadepamplonacom-133175176762273\/?ref=hl\" \/>\n<meta property=\"article:published_time\" content=\"2019-11-27T12:00:53+00:00\" \/>\n<meta property=\"article:modified_time\" content=\"2019-11-27T12:16:53+00:00\" \/>\n<meta property=\"og:image\" content=\"https:\/\/www.laguiadepamplona.com\/actualidad\/wp-content\/uploads\/2018\/05\/palacio-condestable.jpg\" \/>\n\t<meta property=\"og:image:width\" content=\"950\" \/>\n\t<meta property=\"og:image:height\" content=\"634\" \/>\n\t<meta property=\"og:image:type\" content=\"image\/jpeg\" \/>\n<meta name=\"author\" content=\"La Gu\u00eda de Pamplona\" \/>\n<meta name=\"twitter:card\" content=\"summary_large_image\" \/>\n<meta name=\"twitter:creator\" content=\"@LaGuiadPamplona\" \/>\n<meta name=\"twitter:site\" content=\"@LaGuiadPamplona\" \/>\n<meta name=\"twitter:label1\" content=\"Escrito por\" \/>\n\t<meta name=\"twitter:data1\" content=\"La Gu\u00eda de Pamplona\" \/>\n\t<meta name=\"twitter:label2\" content=\"Tiempo de lectura\" \/>\n\t<meta name=\"twitter:data2\" content=\"5 minutos\" \/>\n<script type=\"application\/ld+json\" class=\"yoast-schema-graph\">{\"@context\":\"https:\\\/\\\/schema.org\",\"@graph\":[{\"@type\":\"Article\",\"@id\":\"https:\\\/\\\/www.laguiadepamplona.com\\\/actualidad\\\/el-ayuntamiento-organiza-una-jornada-para-abordar-la-mediacion-cultural-el-13-de-diciembre-en-el-palacio-del-condestable\\\/#article\",\"isPartOf\":{\"@id\":\"https:\\\/\\\/www.laguiadepamplona.com\\\/actualidad\\\/el-ayuntamiento-organiza-una-jornada-para-abordar-la-mediacion-cultural-el-13-de-diciembre-en-el-palacio-del-condestable\\\/\"},\"author\":{\"name\":\"La Gu\u00eda de Pamplona\",\"@id\":\"https:\\\/\\\/www.laguiadepamplona.com\\\/actualidad\\\/#\\\/schema\\\/person\\\/efe887376f0213d4657c93adc50b1fdb\"},\"headline\":\"El Ayuntamiento organiza una jornada para abordar la mediaci\u00f3n cultural el 13 de diciembre en el Palacio del Condestable\",\"datePublished\":\"2019-11-27T12:00:53+00:00\",\"dateModified\":\"2019-11-27T12:16:53+00:00\",\"mainEntityOfPage\":{\"@id\":\"https:\\\/\\\/www.laguiadepamplona.com\\\/actualidad\\\/el-ayuntamiento-organiza-una-jornada-para-abordar-la-mediacion-cultural-el-13-de-diciembre-en-el-palacio-del-condestable\\\/\"},\"wordCount\":1076,\"commentCount\":0,\"publisher\":{\"@id\":\"https:\\\/\\\/www.laguiadepamplona.com\\\/actualidad\\\/#organization\"},\"image\":{\"@id\":\"https:\\\/\\\/www.laguiadepamplona.com\\\/actualidad\\\/el-ayuntamiento-organiza-una-jornada-para-abordar-la-mediacion-cultural-el-13-de-diciembre-en-el-palacio-del-condestable\\\/#primaryimage\"},\"thumbnailUrl\":\"https:\\\/\\\/www.laguiadepamplona.com\\\/actualidad\\\/wp-content\\\/uploads\\\/2018\\\/05\\\/palacio-condestable.jpg\",\"articleSection\":[\"Ayto Pamplona\"],\"inLanguage\":\"es\",\"potentialAction\":[{\"@type\":\"CommentAction\",\"name\":\"Comment\",\"target\":[\"https:\\\/\\\/www.laguiadepamplona.com\\\/actualidad\\\/el-ayuntamiento-organiza-una-jornada-para-abordar-la-mediacion-cultural-el-13-de-diciembre-en-el-palacio-del-condestable\\\/#respond\"]}]},{\"@type\":\"WebPage\",\"@id\":\"https:\\\/\\\/www.laguiadepamplona.com\\\/actualidad\\\/el-ayuntamiento-organiza-una-jornada-para-abordar-la-mediacion-cultural-el-13-de-diciembre-en-el-palacio-del-condestable\\\/\",\"url\":\"https:\\\/\\\/www.laguiadepamplona.com\\\/actualidad\\\/el-ayuntamiento-organiza-una-jornada-para-abordar-la-mediacion-cultural-el-13-de-diciembre-en-el-palacio-del-condestable\\\/\",\"name\":\"El Ayuntamiento organiza una jornada para abordar la mediaci\u00f3n cultural el 13 de diciembre en el Palacio del Condestable\",\"isPartOf\":{\"@id\":\"https:\\\/\\\/www.laguiadepamplona.com\\\/actualidad\\\/#website\"},\"primaryImageOfPage\":{\"@id\":\"https:\\\/\\\/www.laguiadepamplona.com\\\/actualidad\\\/el-ayuntamiento-organiza-una-jornada-para-abordar-la-mediacion-cultural-el-13-de-diciembre-en-el-palacio-del-condestable\\\/#primaryimage\"},\"image\":{\"@id\":\"https:\\\/\\\/www.laguiadepamplona.com\\\/actualidad\\\/el-ayuntamiento-organiza-una-jornada-para-abordar-la-mediacion-cultural-el-13-de-diciembre-en-el-palacio-del-condestable\\\/#primaryimage\"},\"thumbnailUrl\":\"https:\\\/\\\/www.laguiadepamplona.com\\\/actualidad\\\/wp-content\\\/uploads\\\/2018\\\/05\\\/palacio-condestable.jpg\",\"datePublished\":\"2019-11-27T12:00:53+00:00\",\"dateModified\":\"2019-11-27T12:16:53+00:00\",\"breadcrumb\":{\"@id\":\"https:\\\/\\\/www.laguiadepamplona.com\\\/actualidad\\\/el-ayuntamiento-organiza-una-jornada-para-abordar-la-mediacion-cultural-el-13-de-diciembre-en-el-palacio-del-condestable\\\/#breadcrumb\"},\"inLanguage\":\"es\",\"potentialAction\":[{\"@type\":\"ReadAction\",\"target\":[\"https:\\\/\\\/www.laguiadepamplona.com\\\/actualidad\\\/el-ayuntamiento-organiza-una-jornada-para-abordar-la-mediacion-cultural-el-13-de-diciembre-en-el-palacio-del-condestable\\\/\"]}]},{\"@type\":\"ImageObject\",\"inLanguage\":\"es\",\"@id\":\"https:\\\/\\\/www.laguiadepamplona.com\\\/actualidad\\\/el-ayuntamiento-organiza-una-jornada-para-abordar-la-mediacion-cultural-el-13-de-diciembre-en-el-palacio-del-condestable\\\/#primaryimage\",\"url\":\"https:\\\/\\\/www.laguiadepamplona.com\\\/actualidad\\\/wp-content\\\/uploads\\\/2018\\\/05\\\/palacio-condestable.jpg\",\"contentUrl\":\"https:\\\/\\\/www.laguiadepamplona.com\\\/actualidad\\\/wp-content\\\/uploads\\\/2018\\\/05\\\/palacio-condestable.jpg\",\"width\":950,\"height\":634,\"caption\":\"civivox condestable\"},{\"@type\":\"BreadcrumbList\",\"@id\":\"https:\\\/\\\/www.laguiadepamplona.com\\\/actualidad\\\/el-ayuntamiento-organiza-una-jornada-para-abordar-la-mediacion-cultural-el-13-de-diciembre-en-el-palacio-del-condestable\\\/#breadcrumb\",\"itemListElement\":[{\"@type\":\"ListItem\",\"position\":1,\"name\":\"Portada\",\"item\":\"https:\\\/\\\/www.laguiadepamplona.com\\\/actualidad\\\/\"},{\"@type\":\"ListItem\",\"position\":2,\"name\":\"El Ayuntamiento organiza una jornada para abordar la mediaci\u00f3n cultural el 13 de diciembre en el Palacio del Condestable\"}]},{\"@type\":\"WebSite\",\"@id\":\"https:\\\/\\\/www.laguiadepamplona.com\\\/actualidad\\\/#website\",\"url\":\"https:\\\/\\\/www.laguiadepamplona.com\\\/actualidad\\\/\",\"name\":\"La gu\u00eda de Pamplona\",\"description\":\"Noticias de Pamplona\",\"publisher\":{\"@id\":\"https:\\\/\\\/www.laguiadepamplona.com\\\/actualidad\\\/#organization\"},\"potentialAction\":[{\"@type\":\"SearchAction\",\"target\":{\"@type\":\"EntryPoint\",\"urlTemplate\":\"https:\\\/\\\/www.laguiadepamplona.com\\\/actualidad\\\/?s={search_term_string}\"},\"query-input\":{\"@type\":\"PropertyValueSpecification\",\"valueRequired\":true,\"valueName\":\"search_term_string\"}}],\"inLanguage\":\"es\"},{\"@type\":\"Organization\",\"@id\":\"https:\\\/\\\/www.laguiadepamplona.com\\\/actualidad\\\/#organization\",\"name\":\"La Gu\u00eda de Pamplona \\\/ Noticias\",\"url\":\"https:\\\/\\\/www.laguiadepamplona.com\\\/actualidad\\\/\",\"logo\":{\"@type\":\"ImageObject\",\"inLanguage\":\"es\",\"@id\":\"https:\\\/\\\/www.laguiadepamplona.com\\\/actualidad\\\/#\\\/schema\\\/logo\\\/image\\\/\",\"url\":\"https:\\\/\\\/www.laguiadepamplona.com\\\/actualidad\\\/wp-content\\\/uploads\\\/2018\\\/11\\\/logo-laguiadepamplona18-web1.png\",\"contentUrl\":\"https:\\\/\\\/www.laguiadepamplona.com\\\/actualidad\\\/wp-content\\\/uploads\\\/2018\\\/11\\\/logo-laguiadepamplona18-web1.png\",\"width\":600,\"height\":196,\"caption\":\"La Gu\u00eda de Pamplona \\\/ Noticias\"},\"image\":{\"@id\":\"https:\\\/\\\/www.laguiadepamplona.com\\\/actualidad\\\/#\\\/schema\\\/logo\\\/image\\\/\"},\"sameAs\":[\"https:\\\/\\\/www.facebook.com\\\/laguiadepamplonacom-133175176762273\\\/?ref=hl\",\"https:\\\/\\\/x.com\\\/LaGuiadPamplona\",\"https:\\\/\\\/www.instagram.com\\\/la_guia_de_pamplona\\\/\",\"https:\\\/\\\/www.youtube.com\\\/user\\\/laguiadepamplona\"]},{\"@type\":\"Person\",\"@id\":\"https:\\\/\\\/www.laguiadepamplona.com\\\/actualidad\\\/#\\\/schema\\\/person\\\/efe887376f0213d4657c93adc50b1fdb\",\"name\":\"La Gu\u00eda de Pamplona\",\"image\":{\"@type\":\"ImageObject\",\"inLanguage\":\"es\",\"@id\":\"https:\\\/\\\/secure.gravatar.com\\\/avatar\\\/b6992f131dc8d30ab0dff15446e9d346d9dbd95992de0fef795073f5ea83a81c?s=96&d=mm&r=g\",\"url\":\"https:\\\/\\\/secure.gravatar.com\\\/avatar\\\/b6992f131dc8d30ab0dff15446e9d346d9dbd95992de0fef795073f5ea83a81c?s=96&d=mm&r=g\",\"contentUrl\":\"https:\\\/\\\/secure.gravatar.com\\\/avatar\\\/b6992f131dc8d30ab0dff15446e9d346d9dbd95992de0fef795073f5ea83a81c?s=96&d=mm&r=g\",\"caption\":\"La Gu\u00eda de Pamplona\"}}]}<\/script>\n<!-- \/ Yoast SEO plugin. -->","yoast_head_json":{"title":"El Ayuntamiento organiza una jornada para abordar la mediaci\u00f3n cultural el 13 de diciembre en el Palacio del Condestable","robots":{"index":"index","follow":"follow","max-snippet":"max-snippet:-1","max-image-preview":"max-image-preview:large","max-video-preview":"max-video-preview:-1"},"canonical":"https:\/\/www.laguiadepamplona.com\/actualidad\/el-ayuntamiento-organiza-una-jornada-para-abordar-la-mediacion-cultural-el-13-de-diciembre-en-el-palacio-del-condestable\/","og_locale":"es_ES","og_type":"article","og_title":"El Ayuntamiento organiza una jornada para abordar la mediaci\u00f3n cultural el 13 de diciembre en el Palacio del Condestable","og_description":"La jornada se ha organizado en colaboraci\u00f3n con el Centro Huarte de Arte Contempor\u00e1neo y EDARTE de la Universidad P\u00fablica de Navarra","og_url":"https:\/\/www.laguiadepamplona.com\/actualidad\/el-ayuntamiento-organiza-una-jornada-para-abordar-la-mediacion-cultural-el-13-de-diciembre-en-el-palacio-del-condestable\/","og_site_name":"La Gu\u00eda de Pamplona","article_publisher":"https:\/\/www.facebook.com\/laguiadepamplonacom-133175176762273\/?ref=hl","article_published_time":"2019-11-27T12:00:53+00:00","article_modified_time":"2019-11-27T12:16:53+00:00","og_image":[{"width":950,"height":634,"url":"https:\/\/www.laguiadepamplona.com\/actualidad\/wp-content\/uploads\/2018\/05\/palacio-condestable.jpg","type":"image\/jpeg"}],"author":"La Gu\u00eda de Pamplona","twitter_card":"summary_large_image","twitter_creator":"@LaGuiadPamplona","twitter_site":"@LaGuiadPamplona","twitter_misc":{"Escrito por":"La Gu\u00eda de Pamplona","Tiempo de lectura":"5 minutos"},"schema":{"@context":"https:\/\/schema.org","@graph":[{"@type":"Article","@id":"https:\/\/www.laguiadepamplona.com\/actualidad\/el-ayuntamiento-organiza-una-jornada-para-abordar-la-mediacion-cultural-el-13-de-diciembre-en-el-palacio-del-condestable\/#article","isPartOf":{"@id":"https:\/\/www.laguiadepamplona.com\/actualidad\/el-ayuntamiento-organiza-una-jornada-para-abordar-la-mediacion-cultural-el-13-de-diciembre-en-el-palacio-del-condestable\/"},"author":{"name":"La Gu\u00eda de Pamplona","@id":"https:\/\/www.laguiadepamplona.com\/actualidad\/#\/schema\/person\/efe887376f0213d4657c93adc50b1fdb"},"headline":"El Ayuntamiento organiza una jornada para abordar la mediaci\u00f3n cultural el 13 de diciembre en el Palacio del Condestable","datePublished":"2019-11-27T12:00:53+00:00","dateModified":"2019-11-27T12:16:53+00:00","mainEntityOfPage":{"@id":"https:\/\/www.laguiadepamplona.com\/actualidad\/el-ayuntamiento-organiza-una-jornada-para-abordar-la-mediacion-cultural-el-13-de-diciembre-en-el-palacio-del-condestable\/"},"wordCount":1076,"commentCount":0,"publisher":{"@id":"https:\/\/www.laguiadepamplona.com\/actualidad\/#organization"},"image":{"@id":"https:\/\/www.laguiadepamplona.com\/actualidad\/el-ayuntamiento-organiza-una-jornada-para-abordar-la-mediacion-cultural-el-13-de-diciembre-en-el-palacio-del-condestable\/#primaryimage"},"thumbnailUrl":"https:\/\/www.laguiadepamplona.com\/actualidad\/wp-content\/uploads\/2018\/05\/palacio-condestable.jpg","articleSection":["Ayto Pamplona"],"inLanguage":"es","potentialAction":[{"@type":"CommentAction","name":"Comment","target":["https:\/\/www.laguiadepamplona.com\/actualidad\/el-ayuntamiento-organiza-una-jornada-para-abordar-la-mediacion-cultural-el-13-de-diciembre-en-el-palacio-del-condestable\/#respond"]}]},{"@type":"WebPage","@id":"https:\/\/www.laguiadepamplona.com\/actualidad\/el-ayuntamiento-organiza-una-jornada-para-abordar-la-mediacion-cultural-el-13-de-diciembre-en-el-palacio-del-condestable\/","url":"https:\/\/www.laguiadepamplona.com\/actualidad\/el-ayuntamiento-organiza-una-jornada-para-abordar-la-mediacion-cultural-el-13-de-diciembre-en-el-palacio-del-condestable\/","name":"El Ayuntamiento organiza una jornada para abordar la mediaci\u00f3n cultural el 13 de diciembre en el Palacio del Condestable","isPartOf":{"@id":"https:\/\/www.laguiadepamplona.com\/actualidad\/#website"},"primaryImageOfPage":{"@id":"https:\/\/www.laguiadepamplona.com\/actualidad\/el-ayuntamiento-organiza-una-jornada-para-abordar-la-mediacion-cultural-el-13-de-diciembre-en-el-palacio-del-condestable\/#primaryimage"},"image":{"@id":"https:\/\/www.laguiadepamplona.com\/actualidad\/el-ayuntamiento-organiza-una-jornada-para-abordar-la-mediacion-cultural-el-13-de-diciembre-en-el-palacio-del-condestable\/#primaryimage"},"thumbnailUrl":"https:\/\/www.laguiadepamplona.com\/actualidad\/wp-content\/uploads\/2018\/05\/palacio-condestable.jpg","datePublished":"2019-11-27T12:00:53+00:00","dateModified":"2019-11-27T12:16:53+00:00","breadcrumb":{"@id":"https:\/\/www.laguiadepamplona.com\/actualidad\/el-ayuntamiento-organiza-una-jornada-para-abordar-la-mediacion-cultural-el-13-de-diciembre-en-el-palacio-del-condestable\/#breadcrumb"},"inLanguage":"es","potentialAction":[{"@type":"ReadAction","target":["https:\/\/www.laguiadepamplona.com\/actualidad\/el-ayuntamiento-organiza-una-jornada-para-abordar-la-mediacion-cultural-el-13-de-diciembre-en-el-palacio-del-condestable\/"]}]},{"@type":"ImageObject","inLanguage":"es","@id":"https:\/\/www.laguiadepamplona.com\/actualidad\/el-ayuntamiento-organiza-una-jornada-para-abordar-la-mediacion-cultural-el-13-de-diciembre-en-el-palacio-del-condestable\/#primaryimage","url":"https:\/\/www.laguiadepamplona.com\/actualidad\/wp-content\/uploads\/2018\/05\/palacio-condestable.jpg","contentUrl":"https:\/\/www.laguiadepamplona.com\/actualidad\/wp-content\/uploads\/2018\/05\/palacio-condestable.jpg","width":950,"height":634,"caption":"civivox condestable"},{"@type":"BreadcrumbList","@id":"https:\/\/www.laguiadepamplona.com\/actualidad\/el-ayuntamiento-organiza-una-jornada-para-abordar-la-mediacion-cultural-el-13-de-diciembre-en-el-palacio-del-condestable\/#breadcrumb","itemListElement":[{"@type":"ListItem","position":1,"name":"Portada","item":"https:\/\/www.laguiadepamplona.com\/actualidad\/"},{"@type":"ListItem","position":2,"name":"El Ayuntamiento organiza una jornada para abordar la mediaci\u00f3n cultural el 13 de diciembre en el Palacio del Condestable"}]},{"@type":"WebSite","@id":"https:\/\/www.laguiadepamplona.com\/actualidad\/#website","url":"https:\/\/www.laguiadepamplona.com\/actualidad\/","name":"La gu\u00eda de Pamplona","description":"Noticias de Pamplona","publisher":{"@id":"https:\/\/www.laguiadepamplona.com\/actualidad\/#organization"},"potentialAction":[{"@type":"SearchAction","target":{"@type":"EntryPoint","urlTemplate":"https:\/\/www.laguiadepamplona.com\/actualidad\/?s={search_term_string}"},"query-input":{"@type":"PropertyValueSpecification","valueRequired":true,"valueName":"search_term_string"}}],"inLanguage":"es"},{"@type":"Organization","@id":"https:\/\/www.laguiadepamplona.com\/actualidad\/#organization","name":"La Gu\u00eda de Pamplona \/ Noticias","url":"https:\/\/www.laguiadepamplona.com\/actualidad\/","logo":{"@type":"ImageObject","inLanguage":"es","@id":"https:\/\/www.laguiadepamplona.com\/actualidad\/#\/schema\/logo\/image\/","url":"https:\/\/www.laguiadepamplona.com\/actualidad\/wp-content\/uploads\/2018\/11\/logo-laguiadepamplona18-web1.png","contentUrl":"https:\/\/www.laguiadepamplona.com\/actualidad\/wp-content\/uploads\/2018\/11\/logo-laguiadepamplona18-web1.png","width":600,"height":196,"caption":"La Gu\u00eda de Pamplona \/ Noticias"},"image":{"@id":"https:\/\/www.laguiadepamplona.com\/actualidad\/#\/schema\/logo\/image\/"},"sameAs":["https:\/\/www.facebook.com\/laguiadepamplonacom-133175176762273\/?ref=hl","https:\/\/x.com\/LaGuiadPamplona","https:\/\/www.instagram.com\/la_guia_de_pamplona\/","https:\/\/www.youtube.com\/user\/laguiadepamplona"]},{"@type":"Person","@id":"https:\/\/www.laguiadepamplona.com\/actualidad\/#\/schema\/person\/efe887376f0213d4657c93adc50b1fdb","name":"La Gu\u00eda de Pamplona","image":{"@type":"ImageObject","inLanguage":"es","@id":"https:\/\/secure.gravatar.com\/avatar\/b6992f131dc8d30ab0dff15446e9d346d9dbd95992de0fef795073f5ea83a81c?s=96&d=mm&r=g","url":"https:\/\/secure.gravatar.com\/avatar\/b6992f131dc8d30ab0dff15446e9d346d9dbd95992de0fef795073f5ea83a81c?s=96&d=mm&r=g","contentUrl":"https:\/\/secure.gravatar.com\/avatar\/b6992f131dc8d30ab0dff15446e9d346d9dbd95992de0fef795073f5ea83a81c?s=96&d=mm&r=g","caption":"La Gu\u00eda de Pamplona"}}]}},"post_mailing_queue_ids":[],"_links":{"self":[{"href":"https:\/\/www.laguiadepamplona.com\/actualidad\/wp-json\/wp\/v2\/posts\/26586","targetHints":{"allow":["GET"]}}],"collection":[{"href":"https:\/\/www.laguiadepamplona.com\/actualidad\/wp-json\/wp\/v2\/posts"}],"about":[{"href":"https:\/\/www.laguiadepamplona.com\/actualidad\/wp-json\/wp\/v2\/types\/post"}],"author":[{"embeddable":true,"href":"https:\/\/www.laguiadepamplona.com\/actualidad\/wp-json\/wp\/v2\/users\/1"}],"replies":[{"embeddable":true,"href":"https:\/\/www.laguiadepamplona.com\/actualidad\/wp-json\/wp\/v2\/comments?post=26586"}],"version-history":[{"count":0,"href":"https:\/\/www.laguiadepamplona.com\/actualidad\/wp-json\/wp\/v2\/posts\/26586\/revisions"}],"wp:featuredmedia":[{"embeddable":true,"href":"https:\/\/www.laguiadepamplona.com\/actualidad\/wp-json\/wp\/v2\/media\/17390"}],"wp:attachment":[{"href":"https:\/\/www.laguiadepamplona.com\/actualidad\/wp-json\/wp\/v2\/media?parent=26586"}],"wp:term":[{"taxonomy":"category","embeddable":true,"href":"https:\/\/www.laguiadepamplona.com\/actualidad\/wp-json\/wp\/v2\/categories?post=26586"},{"taxonomy":"post_tag","embeddable":true,"href":"https:\/\/www.laguiadepamplona.com\/actualidad\/wp-json\/wp\/v2\/tags?post=26586"}],"curies":[{"name":"wp","href":"https:\/\/api.w.org\/{rel}","templated":true}]}}