{"id":26580,"date":"2019-11-27T13:59:32","date_gmt":"2019-11-27T11:59:32","guid":{"rendered":"https:\/\/www.laguiadepamplona.es\/actualidad\/?p=26580"},"modified":"2019-11-27T14:16:32","modified_gmt":"2019-11-27T12:16:32","slug":"pamplona-se-adhiere-al-manifiesto-con-motivo-del-dia-mundial-de-la-lucha-contra-el-sida-que-se-celebra-el-proximo-1-de-diciembre","status":"publish","type":"post","link":"https:\/\/www.laguiadepamplona.com\/actualidad\/pamplona-se-adhiere-al-manifiesto-con-motivo-del-dia-mundial-de-la-lucha-contra-el-sida-que-se-celebra-el-proximo-1-de-diciembre\/","title":{"rendered":"Pamplona se adhiere al manifiesto con motivo del D\u00eda Mundial de la Lucha contra el SIDA que se celebra el pr\u00f3ximo 1 de diciembre"},"content":{"rendered":"<h5>El texto apuesta por estrategias preventivas potentes y por el consenso pol\u00edtico en torno a las medidas de respuesta al VIH<\/h5>\n<p><!--more--><\/p>\n<p>La Comisi\u00f3n de Asuntos Ciudadanos aprob\u00f3 ayer una declaraci\u00f3n institucional de adhesi\u00f3n del Ayuntamiento de Pamplona al manifiesto \u2018Contigo, sin serofobia. El VIH tiene muchas caras, tambi\u00e9n la tuya\u2019, con motivo de la celebraci\u00f3n el pr\u00f3ximo 1 de diciembre del D\u00eda Mundial de la Lucha contra el Sida. El manifiesto est\u00e1 redactado por la Coordinadora Estatal de VIH y Sida (CESIDA), entidad de la que forman parte asociaciones como la Comisi\u00f3n Ciudadana Antisida de Navarra o SARE.<\/p>\n<p>El manifiesto se\u00f1ala que en Navarra se ha llegado a un 83% de personas con VIH diagnosticadas, sin que se haya alcanzado todav\u00eda el objetivo del 90% que estableci\u00f3 ONUSIDA para 2020. Seg\u00fan el Instituto de Salud P\u00fablica, los nuevos diagn\u00f3sticos de infecciones por VIH siguen aumentando: 38 casos nuevos en 2018 y hasta septiembre de 2019 ya se han diagnostico 36. La incidencia de nuevos diagn\u00f3sticos se mantiene alta debido principalmente a la transmisi\u00f3n sexual.<\/p>\n<p><script async src=\"\/\/pagead2.googlesyndication.com\/pagead\/js\/adsbygoogle.js\"><\/script><br \/>\n<!-- Noticias La Guia de Pamplona --><br \/>\n<ins class=\"adsbygoogle\"\nstyle=\"display:block\"\ndata-ad-client=\"ca-pub-6943679897239327\"\ndata-ad-slot=\"7048180777\"\ndata-ad-format=\"auto\"><\/ins><br \/>\n<script>\n(adsbygoogle = window.adsbygoogle || []).push({});\n<\/script><\/p>\n<p>El documento apuesta por \u201ccontinuar con estrategias preventivas potentes con perspectiva de g\u00e9nero: campa\u00f1as espec\u00edficas para fomentar el sexo m\u00e1s seguro, programas de reducci\u00f3n de da\u00f1os en el consumo de drogas, fomento de la prueba y del diagn\u00f3stico precoz del VIH\u201d. Para avanzar, se demanda \u201cun amplio consenso pol\u00edtico en torno a las medidas de respuesta al VIH, que establezca un marco de referencia estable y equitativo de intervenci\u00f3n en este \u00e1mbito\u201d. Por ello, se acoge la propuesta de ONUSIDA para \u201cque se trabaje desde las pol\u00edticas p\u00fablicas locales, auton\u00f3micas en el \u00e1mbito local (\u2026), con el objeto de garantizar que el VIH-Sida contin\u00fae presente en la agenda pol\u00edtica, que los derechos humanos se respeten y que quienes toman las decisiones y las ponen en pr\u00e1ctica asuman sus consecuencias\u201d.<\/p>\n<p>El manifiesto demanda necesidades concretas como \u201creconocimiento, apoyo, dotaci\u00f3n econ\u00f3mica suficiente a las ONGs\u201d que trabajan en este \u00e1mbito; \u201ccolaboraci\u00f3n con las ONGs en el proceso de facilitaci\u00f3n de la Prep, detecci\u00f3n de casos susceptibles de beneficiarse de la misma, as\u00ed como seguimiento y apoyo emocional y refuerzo de la adherencia a la misma\u201d; \u201cretirar la catalogaci\u00f3n del VIH como Enfermedad infecto contagiosa\u201d; o \u201crecuperar el programa de control de VIH &#8211; SIDA, referente para la ciudadan\u00eda y fundamental para articular, coordinar, fomentar y promocionar todas las reivindicaciones de este manifiesto\u201d.<\/p>\n<p>&nbsp;<\/p>\n<h3><a href=\"https:\/\/www.laguiadepamplona.es\/actualidad\/wp-content\/uploads\/2019\/11\/19.11.27_CMC_declaracion_institucional_dia_sida.pdf\" target=\"_blank\" rel=\"noopener noreferrer\"><i class=\"fa fa-file-pdf-o \" ><\/i>\u00a0Declaracion_institucional_dia_sida.pdf<\/a><\/h3>\n","protected":false},"excerpt":{"rendered":"<p>El texto apuesta por estrategias preventivas potentes y por el consenso pol\u00edtico en torno a las medidas de respuesta al VIH<\/p>\n","protected":false},"author":1,"featured_media":21939,"comment_status":"open","ping_status":"closed","sticky":false,"template":"","format":"standard","meta":{"footnotes":""},"categories":[2],"tags":[],"class_list":["post-26580","post","type-post","status-publish","format-standard","has-post-thumbnail","hentry","category-ayuntamiento-pamplona"],"yoast_head":"<!-- This site is optimized with the Yoast SEO plugin v27.3 - https:\/\/yoast.com\/product\/yoast-seo-wordpress\/ -->\n<title>Pamplona se adhiere al manifiesto con motivo del D\u00eda Mundial de la Lucha contra el SIDA que se celebra el pr\u00f3ximo 1 de diciembre<\/title>\n<meta name=\"robots\" content=\"index, follow, max-snippet:-1, max-image-preview:large, max-video-preview:-1\" \/>\n<link rel=\"canonical\" href=\"https:\/\/www.laguiadepamplona.com\/actualidad\/pamplona-se-adhiere-al-manifiesto-con-motivo-del-dia-mundial-de-la-lucha-contra-el-sida-que-se-celebra-el-proximo-1-de-diciembre\/\" \/>\n<meta property=\"og:locale\" content=\"es_ES\" \/>\n<meta property=\"og:type\" content=\"article\" \/>\n<meta property=\"og:title\" content=\"Pamplona se adhiere al manifiesto con motivo del D\u00eda Mundial de la Lucha contra el SIDA que se celebra el pr\u00f3ximo 1 de diciembre\" \/>\n<meta property=\"og:description\" content=\"El texto apuesta por estrategias preventivas potentes y por el consenso pol\u00edtico en torno a las medidas de respuesta al VIH\" \/>\n<meta property=\"og:url\" content=\"https:\/\/www.laguiadepamplona.com\/actualidad\/pamplona-se-adhiere-al-manifiesto-con-motivo-del-dia-mundial-de-la-lucha-contra-el-sida-que-se-celebra-el-proximo-1-de-diciembre\/\" \/>\n<meta property=\"og:site_name\" content=\"La Gu\u00eda de Pamplona\" \/>\n<meta property=\"article:publisher\" content=\"https:\/\/www.facebook.com\/laguiadepamplonacom-133175176762273\/?ref=hl\" \/>\n<meta property=\"article:published_time\" content=\"2019-11-27T11:59:32+00:00\" \/>\n<meta property=\"article:modified_time\" content=\"2019-11-27T12:16:32+00:00\" \/>\n<meta property=\"og:image\" content=\"https:\/\/www.laguiadepamplona.com\/actualidad\/wp-content\/uploads\/2019\/05\/ayuntamiento-pamplona-laguiadepamplona.jpg\" \/>\n\t<meta property=\"og:image:width\" content=\"1920\" \/>\n\t<meta property=\"og:image:height\" content=\"1100\" \/>\n\t<meta property=\"og:image:type\" content=\"image\/jpeg\" \/>\n<meta name=\"author\" content=\"La Gu\u00eda de Pamplona\" \/>\n<meta name=\"twitter:card\" content=\"summary_large_image\" \/>\n<meta name=\"twitter:creator\" content=\"@LaGuiadPamplona\" \/>\n<meta name=\"twitter:site\" content=\"@LaGuiadPamplona\" \/>\n<meta name=\"twitter:label1\" content=\"Escrito por\" \/>\n\t<meta name=\"twitter:data1\" content=\"La Gu\u00eda de Pamplona\" \/>\n\t<meta name=\"twitter:label2\" content=\"Tiempo de lectura\" \/>\n\t<meta name=\"twitter:data2\" content=\"2 minutos\" \/>\n<script type=\"application\/ld+json\" class=\"yoast-schema-graph\">{\"@context\":\"https:\\\/\\\/schema.org\",\"@graph\":[{\"@type\":\"Article\",\"@id\":\"https:\\\/\\\/www.laguiadepamplona.com\\\/actualidad\\\/pamplona-se-adhiere-al-manifiesto-con-motivo-del-dia-mundial-de-la-lucha-contra-el-sida-que-se-celebra-el-proximo-1-de-diciembre\\\/#article\",\"isPartOf\":{\"@id\":\"https:\\\/\\\/www.laguiadepamplona.com\\\/actualidad\\\/pamplona-se-adhiere-al-manifiesto-con-motivo-del-dia-mundial-de-la-lucha-contra-el-sida-que-se-celebra-el-proximo-1-de-diciembre\\\/\"},\"author\":{\"name\":\"La Gu\u00eda de Pamplona\",\"@id\":\"https:\\\/\\\/www.laguiadepamplona.com\\\/actualidad\\\/#\\\/schema\\\/person\\\/efe887376f0213d4657c93adc50b1fdb\"},\"headline\":\"Pamplona se adhiere al manifiesto con motivo del D\u00eda Mundial de la Lucha contra el SIDA que se celebra el pr\u00f3ximo 1 de diciembre\",\"datePublished\":\"2019-11-27T11:59:32+00:00\",\"dateModified\":\"2019-11-27T12:16:32+00:00\",\"mainEntityOfPage\":{\"@id\":\"https:\\\/\\\/www.laguiadepamplona.com\\\/actualidad\\\/pamplona-se-adhiere-al-manifiesto-con-motivo-del-dia-mundial-de-la-lucha-contra-el-sida-que-se-celebra-el-proximo-1-de-diciembre\\\/\"},\"wordCount\":460,\"commentCount\":0,\"publisher\":{\"@id\":\"https:\\\/\\\/www.laguiadepamplona.com\\\/actualidad\\\/#organization\"},\"image\":{\"@id\":\"https:\\\/\\\/www.laguiadepamplona.com\\\/actualidad\\\/pamplona-se-adhiere-al-manifiesto-con-motivo-del-dia-mundial-de-la-lucha-contra-el-sida-que-se-celebra-el-proximo-1-de-diciembre\\\/#primaryimage\"},\"thumbnailUrl\":\"https:\\\/\\\/www.laguiadepamplona.com\\\/actualidad\\\/wp-content\\\/uploads\\\/2019\\\/05\\\/ayuntamiento-pamplona-laguiadepamplona.jpg\",\"articleSection\":[\"Ayto Pamplona\"],\"inLanguage\":\"es\",\"potentialAction\":[{\"@type\":\"CommentAction\",\"name\":\"Comment\",\"target\":[\"https:\\\/\\\/www.laguiadepamplona.com\\\/actualidad\\\/pamplona-se-adhiere-al-manifiesto-con-motivo-del-dia-mundial-de-la-lucha-contra-el-sida-que-se-celebra-el-proximo-1-de-diciembre\\\/#respond\"]}]},{\"@type\":\"WebPage\",\"@id\":\"https:\\\/\\\/www.laguiadepamplona.com\\\/actualidad\\\/pamplona-se-adhiere-al-manifiesto-con-motivo-del-dia-mundial-de-la-lucha-contra-el-sida-que-se-celebra-el-proximo-1-de-diciembre\\\/\",\"url\":\"https:\\\/\\\/www.laguiadepamplona.com\\\/actualidad\\\/pamplona-se-adhiere-al-manifiesto-con-motivo-del-dia-mundial-de-la-lucha-contra-el-sida-que-se-celebra-el-proximo-1-de-diciembre\\\/\",\"name\":\"Pamplona se adhiere al manifiesto con motivo del D\u00eda Mundial de la Lucha contra el SIDA que se celebra el pr\u00f3ximo 1 de diciembre\",\"isPartOf\":{\"@id\":\"https:\\\/\\\/www.laguiadepamplona.com\\\/actualidad\\\/#website\"},\"primaryImageOfPage\":{\"@id\":\"https:\\\/\\\/www.laguiadepamplona.com\\\/actualidad\\\/pamplona-se-adhiere-al-manifiesto-con-motivo-del-dia-mundial-de-la-lucha-contra-el-sida-que-se-celebra-el-proximo-1-de-diciembre\\\/#primaryimage\"},\"image\":{\"@id\":\"https:\\\/\\\/www.laguiadepamplona.com\\\/actualidad\\\/pamplona-se-adhiere-al-manifiesto-con-motivo-del-dia-mundial-de-la-lucha-contra-el-sida-que-se-celebra-el-proximo-1-de-diciembre\\\/#primaryimage\"},\"thumbnailUrl\":\"https:\\\/\\\/www.laguiadepamplona.com\\\/actualidad\\\/wp-content\\\/uploads\\\/2019\\\/05\\\/ayuntamiento-pamplona-laguiadepamplona.jpg\",\"datePublished\":\"2019-11-27T11:59:32+00:00\",\"dateModified\":\"2019-11-27T12:16:32+00:00\",\"breadcrumb\":{\"@id\":\"https:\\\/\\\/www.laguiadepamplona.com\\\/actualidad\\\/pamplona-se-adhiere-al-manifiesto-con-motivo-del-dia-mundial-de-la-lucha-contra-el-sida-que-se-celebra-el-proximo-1-de-diciembre\\\/#breadcrumb\"},\"inLanguage\":\"es\",\"potentialAction\":[{\"@type\":\"ReadAction\",\"target\":[\"https:\\\/\\\/www.laguiadepamplona.com\\\/actualidad\\\/pamplona-se-adhiere-al-manifiesto-con-motivo-del-dia-mundial-de-la-lucha-contra-el-sida-que-se-celebra-el-proximo-1-de-diciembre\\\/\"]}]},{\"@type\":\"ImageObject\",\"inLanguage\":\"es\",\"@id\":\"https:\\\/\\\/www.laguiadepamplona.com\\\/actualidad\\\/pamplona-se-adhiere-al-manifiesto-con-motivo-del-dia-mundial-de-la-lucha-contra-el-sida-que-se-celebra-el-proximo-1-de-diciembre\\\/#primaryimage\",\"url\":\"https:\\\/\\\/www.laguiadepamplona.com\\\/actualidad\\\/wp-content\\\/uploads\\\/2019\\\/05\\\/ayuntamiento-pamplona-laguiadepamplona.jpg\",\"contentUrl\":\"https:\\\/\\\/www.laguiadepamplona.com\\\/actualidad\\\/wp-content\\\/uploads\\\/2019\\\/05\\\/ayuntamiento-pamplona-laguiadepamplona.jpg\",\"width\":1920,\"height\":1100},{\"@type\":\"BreadcrumbList\",\"@id\":\"https:\\\/\\\/www.laguiadepamplona.com\\\/actualidad\\\/pamplona-se-adhiere-al-manifiesto-con-motivo-del-dia-mundial-de-la-lucha-contra-el-sida-que-se-celebra-el-proximo-1-de-diciembre\\\/#breadcrumb\",\"itemListElement\":[{\"@type\":\"ListItem\",\"position\":1,\"name\":\"Portada\",\"item\":\"https:\\\/\\\/www.laguiadepamplona.com\\\/actualidad\\\/\"},{\"@type\":\"ListItem\",\"position\":2,\"name\":\"Pamplona se adhiere al manifiesto con motivo del D\u00eda Mundial de la Lucha contra el SIDA que se celebra el pr\u00f3ximo 1 de diciembre\"}]},{\"@type\":\"WebSite\",\"@id\":\"https:\\\/\\\/www.laguiadepamplona.com\\\/actualidad\\\/#website\",\"url\":\"https:\\\/\\\/www.laguiadepamplona.com\\\/actualidad\\\/\",\"name\":\"La gu\u00eda de Pamplona\",\"description\":\"Noticias de Pamplona\",\"publisher\":{\"@id\":\"https:\\\/\\\/www.laguiadepamplona.com\\\/actualidad\\\/#organization\"},\"potentialAction\":[{\"@type\":\"SearchAction\",\"target\":{\"@type\":\"EntryPoint\",\"urlTemplate\":\"https:\\\/\\\/www.laguiadepamplona.com\\\/actualidad\\\/?s={search_term_string}\"},\"query-input\":{\"@type\":\"PropertyValueSpecification\",\"valueRequired\":true,\"valueName\":\"search_term_string\"}}],\"inLanguage\":\"es\"},{\"@type\":\"Organization\",\"@id\":\"https:\\\/\\\/www.laguiadepamplona.com\\\/actualidad\\\/#organization\",\"name\":\"La Gu\u00eda de Pamplona \\\/ Noticias\",\"url\":\"https:\\\/\\\/www.laguiadepamplona.com\\\/actualidad\\\/\",\"logo\":{\"@type\":\"ImageObject\",\"inLanguage\":\"es\",\"@id\":\"https:\\\/\\\/www.laguiadepamplona.com\\\/actualidad\\\/#\\\/schema\\\/logo\\\/image\\\/\",\"url\":\"https:\\\/\\\/www.laguiadepamplona.com\\\/actualidad\\\/wp-content\\\/uploads\\\/2018\\\/11\\\/logo-laguiadepamplona18-web1.png\",\"contentUrl\":\"https:\\\/\\\/www.laguiadepamplona.com\\\/actualidad\\\/wp-content\\\/uploads\\\/2018\\\/11\\\/logo-laguiadepamplona18-web1.png\",\"width\":600,\"height\":196,\"caption\":\"La Gu\u00eda de Pamplona \\\/ Noticias\"},\"image\":{\"@id\":\"https:\\\/\\\/www.laguiadepamplona.com\\\/actualidad\\\/#\\\/schema\\\/logo\\\/image\\\/\"},\"sameAs\":[\"https:\\\/\\\/www.facebook.com\\\/laguiadepamplonacom-133175176762273\\\/?ref=hl\",\"https:\\\/\\\/x.com\\\/LaGuiadPamplona\",\"https:\\\/\\\/www.instagram.com\\\/la_guia_de_pamplona\\\/\",\"https:\\\/\\\/www.youtube.com\\\/user\\\/laguiadepamplona\"]},{\"@type\":\"Person\",\"@id\":\"https:\\\/\\\/www.laguiadepamplona.com\\\/actualidad\\\/#\\\/schema\\\/person\\\/efe887376f0213d4657c93adc50b1fdb\",\"name\":\"La Gu\u00eda de Pamplona\",\"image\":{\"@type\":\"ImageObject\",\"inLanguage\":\"es\",\"@id\":\"https:\\\/\\\/secure.gravatar.com\\\/avatar\\\/b6992f131dc8d30ab0dff15446e9d346d9dbd95992de0fef795073f5ea83a81c?s=96&d=mm&r=g\",\"url\":\"https:\\\/\\\/secure.gravatar.com\\\/avatar\\\/b6992f131dc8d30ab0dff15446e9d346d9dbd95992de0fef795073f5ea83a81c?s=96&d=mm&r=g\",\"contentUrl\":\"https:\\\/\\\/secure.gravatar.com\\\/avatar\\\/b6992f131dc8d30ab0dff15446e9d346d9dbd95992de0fef795073f5ea83a81c?s=96&d=mm&r=g\",\"caption\":\"La Gu\u00eda de Pamplona\"}}]}<\/script>\n<!-- \/ Yoast SEO plugin. -->","yoast_head_json":{"title":"Pamplona se adhiere al manifiesto con motivo del D\u00eda Mundial de la Lucha contra el SIDA que se celebra el pr\u00f3ximo 1 de diciembre","robots":{"index":"index","follow":"follow","max-snippet":"max-snippet:-1","max-image-preview":"max-image-preview:large","max-video-preview":"max-video-preview:-1"},"canonical":"https:\/\/www.laguiadepamplona.com\/actualidad\/pamplona-se-adhiere-al-manifiesto-con-motivo-del-dia-mundial-de-la-lucha-contra-el-sida-que-se-celebra-el-proximo-1-de-diciembre\/","og_locale":"es_ES","og_type":"article","og_title":"Pamplona se adhiere al manifiesto con motivo del D\u00eda Mundial de la Lucha contra el SIDA que se celebra el pr\u00f3ximo 1 de diciembre","og_description":"El texto apuesta por estrategias preventivas potentes y por el consenso pol\u00edtico en torno a las medidas de respuesta al VIH","og_url":"https:\/\/www.laguiadepamplona.com\/actualidad\/pamplona-se-adhiere-al-manifiesto-con-motivo-del-dia-mundial-de-la-lucha-contra-el-sida-que-se-celebra-el-proximo-1-de-diciembre\/","og_site_name":"La Gu\u00eda de Pamplona","article_publisher":"https:\/\/www.facebook.com\/laguiadepamplonacom-133175176762273\/?ref=hl","article_published_time":"2019-11-27T11:59:32+00:00","article_modified_time":"2019-11-27T12:16:32+00:00","og_image":[{"width":1920,"height":1100,"url":"https:\/\/www.laguiadepamplona.com\/actualidad\/wp-content\/uploads\/2019\/05\/ayuntamiento-pamplona-laguiadepamplona.jpg","type":"image\/jpeg"}],"author":"La Gu\u00eda de Pamplona","twitter_card":"summary_large_image","twitter_creator":"@LaGuiadPamplona","twitter_site":"@LaGuiadPamplona","twitter_misc":{"Escrito por":"La Gu\u00eda de Pamplona","Tiempo de lectura":"2 minutos"},"schema":{"@context":"https:\/\/schema.org","@graph":[{"@type":"Article","@id":"https:\/\/www.laguiadepamplona.com\/actualidad\/pamplona-se-adhiere-al-manifiesto-con-motivo-del-dia-mundial-de-la-lucha-contra-el-sida-que-se-celebra-el-proximo-1-de-diciembre\/#article","isPartOf":{"@id":"https:\/\/www.laguiadepamplona.com\/actualidad\/pamplona-se-adhiere-al-manifiesto-con-motivo-del-dia-mundial-de-la-lucha-contra-el-sida-que-se-celebra-el-proximo-1-de-diciembre\/"},"author":{"name":"La Gu\u00eda de Pamplona","@id":"https:\/\/www.laguiadepamplona.com\/actualidad\/#\/schema\/person\/efe887376f0213d4657c93adc50b1fdb"},"headline":"Pamplona se adhiere al manifiesto con motivo del D\u00eda Mundial de la Lucha contra el SIDA que se celebra el pr\u00f3ximo 1 de diciembre","datePublished":"2019-11-27T11:59:32+00:00","dateModified":"2019-11-27T12:16:32+00:00","mainEntityOfPage":{"@id":"https:\/\/www.laguiadepamplona.com\/actualidad\/pamplona-se-adhiere-al-manifiesto-con-motivo-del-dia-mundial-de-la-lucha-contra-el-sida-que-se-celebra-el-proximo-1-de-diciembre\/"},"wordCount":460,"commentCount":0,"publisher":{"@id":"https:\/\/www.laguiadepamplona.com\/actualidad\/#organization"},"image":{"@id":"https:\/\/www.laguiadepamplona.com\/actualidad\/pamplona-se-adhiere-al-manifiesto-con-motivo-del-dia-mundial-de-la-lucha-contra-el-sida-que-se-celebra-el-proximo-1-de-diciembre\/#primaryimage"},"thumbnailUrl":"https:\/\/www.laguiadepamplona.com\/actualidad\/wp-content\/uploads\/2019\/05\/ayuntamiento-pamplona-laguiadepamplona.jpg","articleSection":["Ayto Pamplona"],"inLanguage":"es","potentialAction":[{"@type":"CommentAction","name":"Comment","target":["https:\/\/www.laguiadepamplona.com\/actualidad\/pamplona-se-adhiere-al-manifiesto-con-motivo-del-dia-mundial-de-la-lucha-contra-el-sida-que-se-celebra-el-proximo-1-de-diciembre\/#respond"]}]},{"@type":"WebPage","@id":"https:\/\/www.laguiadepamplona.com\/actualidad\/pamplona-se-adhiere-al-manifiesto-con-motivo-del-dia-mundial-de-la-lucha-contra-el-sida-que-se-celebra-el-proximo-1-de-diciembre\/","url":"https:\/\/www.laguiadepamplona.com\/actualidad\/pamplona-se-adhiere-al-manifiesto-con-motivo-del-dia-mundial-de-la-lucha-contra-el-sida-que-se-celebra-el-proximo-1-de-diciembre\/","name":"Pamplona se adhiere al manifiesto con motivo del D\u00eda Mundial de la Lucha contra el SIDA que se celebra el pr\u00f3ximo 1 de diciembre","isPartOf":{"@id":"https:\/\/www.laguiadepamplona.com\/actualidad\/#website"},"primaryImageOfPage":{"@id":"https:\/\/www.laguiadepamplona.com\/actualidad\/pamplona-se-adhiere-al-manifiesto-con-motivo-del-dia-mundial-de-la-lucha-contra-el-sida-que-se-celebra-el-proximo-1-de-diciembre\/#primaryimage"},"image":{"@id":"https:\/\/www.laguiadepamplona.com\/actualidad\/pamplona-se-adhiere-al-manifiesto-con-motivo-del-dia-mundial-de-la-lucha-contra-el-sida-que-se-celebra-el-proximo-1-de-diciembre\/#primaryimage"},"thumbnailUrl":"https:\/\/www.laguiadepamplona.com\/actualidad\/wp-content\/uploads\/2019\/05\/ayuntamiento-pamplona-laguiadepamplona.jpg","datePublished":"2019-11-27T11:59:32+00:00","dateModified":"2019-11-27T12:16:32+00:00","breadcrumb":{"@id":"https:\/\/www.laguiadepamplona.com\/actualidad\/pamplona-se-adhiere-al-manifiesto-con-motivo-del-dia-mundial-de-la-lucha-contra-el-sida-que-se-celebra-el-proximo-1-de-diciembre\/#breadcrumb"},"inLanguage":"es","potentialAction":[{"@type":"ReadAction","target":["https:\/\/www.laguiadepamplona.com\/actualidad\/pamplona-se-adhiere-al-manifiesto-con-motivo-del-dia-mundial-de-la-lucha-contra-el-sida-que-se-celebra-el-proximo-1-de-diciembre\/"]}]},{"@type":"ImageObject","inLanguage":"es","@id":"https:\/\/www.laguiadepamplona.com\/actualidad\/pamplona-se-adhiere-al-manifiesto-con-motivo-del-dia-mundial-de-la-lucha-contra-el-sida-que-se-celebra-el-proximo-1-de-diciembre\/#primaryimage","url":"https:\/\/www.laguiadepamplona.com\/actualidad\/wp-content\/uploads\/2019\/05\/ayuntamiento-pamplona-laguiadepamplona.jpg","contentUrl":"https:\/\/www.laguiadepamplona.com\/actualidad\/wp-content\/uploads\/2019\/05\/ayuntamiento-pamplona-laguiadepamplona.jpg","width":1920,"height":1100},{"@type":"BreadcrumbList","@id":"https:\/\/www.laguiadepamplona.com\/actualidad\/pamplona-se-adhiere-al-manifiesto-con-motivo-del-dia-mundial-de-la-lucha-contra-el-sida-que-se-celebra-el-proximo-1-de-diciembre\/#breadcrumb","itemListElement":[{"@type":"ListItem","position":1,"name":"Portada","item":"https:\/\/www.laguiadepamplona.com\/actualidad\/"},{"@type":"ListItem","position":2,"name":"Pamplona se adhiere al manifiesto con motivo del D\u00eda Mundial de la Lucha contra el SIDA que se celebra el pr\u00f3ximo 1 de diciembre"}]},{"@type":"WebSite","@id":"https:\/\/www.laguiadepamplona.com\/actualidad\/#website","url":"https:\/\/www.laguiadepamplona.com\/actualidad\/","name":"La gu\u00eda de Pamplona","description":"Noticias de Pamplona","publisher":{"@id":"https:\/\/www.laguiadepamplona.com\/actualidad\/#organization"},"potentialAction":[{"@type":"SearchAction","target":{"@type":"EntryPoint","urlTemplate":"https:\/\/www.laguiadepamplona.com\/actualidad\/?s={search_term_string}"},"query-input":{"@type":"PropertyValueSpecification","valueRequired":true,"valueName":"search_term_string"}}],"inLanguage":"es"},{"@type":"Organization","@id":"https:\/\/www.laguiadepamplona.com\/actualidad\/#organization","name":"La Gu\u00eda de Pamplona \/ Noticias","url":"https:\/\/www.laguiadepamplona.com\/actualidad\/","logo":{"@type":"ImageObject","inLanguage":"es","@id":"https:\/\/www.laguiadepamplona.com\/actualidad\/#\/schema\/logo\/image\/","url":"https:\/\/www.laguiadepamplona.com\/actualidad\/wp-content\/uploads\/2018\/11\/logo-laguiadepamplona18-web1.png","contentUrl":"https:\/\/www.laguiadepamplona.com\/actualidad\/wp-content\/uploads\/2018\/11\/logo-laguiadepamplona18-web1.png","width":600,"height":196,"caption":"La Gu\u00eda de Pamplona \/ Noticias"},"image":{"@id":"https:\/\/www.laguiadepamplona.com\/actualidad\/#\/schema\/logo\/image\/"},"sameAs":["https:\/\/www.facebook.com\/laguiadepamplonacom-133175176762273\/?ref=hl","https:\/\/x.com\/LaGuiadPamplona","https:\/\/www.instagram.com\/la_guia_de_pamplona\/","https:\/\/www.youtube.com\/user\/laguiadepamplona"]},{"@type":"Person","@id":"https:\/\/www.laguiadepamplona.com\/actualidad\/#\/schema\/person\/efe887376f0213d4657c93adc50b1fdb","name":"La Gu\u00eda de Pamplona","image":{"@type":"ImageObject","inLanguage":"es","@id":"https:\/\/secure.gravatar.com\/avatar\/b6992f131dc8d30ab0dff15446e9d346d9dbd95992de0fef795073f5ea83a81c?s=96&d=mm&r=g","url":"https:\/\/secure.gravatar.com\/avatar\/b6992f131dc8d30ab0dff15446e9d346d9dbd95992de0fef795073f5ea83a81c?s=96&d=mm&r=g","contentUrl":"https:\/\/secure.gravatar.com\/avatar\/b6992f131dc8d30ab0dff15446e9d346d9dbd95992de0fef795073f5ea83a81c?s=96&d=mm&r=g","caption":"La Gu\u00eda de Pamplona"}}]}},"post_mailing_queue_ids":[],"_links":{"self":[{"href":"https:\/\/www.laguiadepamplona.com\/actualidad\/wp-json\/wp\/v2\/posts\/26580","targetHints":{"allow":["GET"]}}],"collection":[{"href":"https:\/\/www.laguiadepamplona.com\/actualidad\/wp-json\/wp\/v2\/posts"}],"about":[{"href":"https:\/\/www.laguiadepamplona.com\/actualidad\/wp-json\/wp\/v2\/types\/post"}],"author":[{"embeddable":true,"href":"https:\/\/www.laguiadepamplona.com\/actualidad\/wp-json\/wp\/v2\/users\/1"}],"replies":[{"embeddable":true,"href":"https:\/\/www.laguiadepamplona.com\/actualidad\/wp-json\/wp\/v2\/comments?post=26580"}],"version-history":[{"count":0,"href":"https:\/\/www.laguiadepamplona.com\/actualidad\/wp-json\/wp\/v2\/posts\/26580\/revisions"}],"wp:featuredmedia":[{"embeddable":true,"href":"https:\/\/www.laguiadepamplona.com\/actualidad\/wp-json\/wp\/v2\/media\/21939"}],"wp:attachment":[{"href":"https:\/\/www.laguiadepamplona.com\/actualidad\/wp-json\/wp\/v2\/media?parent=26580"}],"wp:term":[{"taxonomy":"category","embeddable":true,"href":"https:\/\/www.laguiadepamplona.com\/actualidad\/wp-json\/wp\/v2\/categories?post=26580"},{"taxonomy":"post_tag","embeddable":true,"href":"https:\/\/www.laguiadepamplona.com\/actualidad\/wp-json\/wp\/v2\/tags?post=26580"}],"curies":[{"name":"wp","href":"https:\/\/api.w.org\/{rel}","templated":true}]}}