{"id":2658,"date":"2014-08-11T13:56:16","date_gmt":"2014-08-11T13:56:16","guid":{"rendered":"http:\/\/laguiadepamplona.com\/actualidad\/?p=2658"},"modified":"2014-08-11T13:56:16","modified_gmt":"2014-08-11T13:56:16","slug":"el-quinteto-alberto-arteta-group-actuara-este-martes-en-la-ciudadela-dentro-del-ciclo-de-musica-jazz-que-tiene-lugar-todos-los-martes-de-agosto","status":"publish","type":"post","link":"https:\/\/www.laguiadepamplona.com\/actualidad\/el-quinteto-alberto-arteta-group-actuara-este-martes-en-la-ciudadela-dentro-del-ciclo-de-musica-jazz-que-tiene-lugar-todos-los-martes-de-agosto\/","title":{"rendered":"El quinteto Alberto Arteta Group actuar\u00e1 este martes en la Ciudadela, dentro del ciclo de m\u00fasica jazz que tiene lugar todos los martes de agosto"},"content":{"rendered":"<h4>El concierto, que comenzar\u00e1 a las ocho de la tarde, pertenece a las actividades programadas para el verano de \u2018Ciudadelarte\u2019<\/h4>\n<p><a href=\"http:\/\/laguiadepamplona.com\/actualidad\/wp-content\/uploads\/2014\/08\/jazz_alberto_arteta_group.jpg\"><img loading=\"lazy\" decoding=\"async\" class=\"alignleft size-medium wp-image-2659\" src=\"http:\/\/laguiadepamplona.com\/actualidad\/wp-content\/uploads\/2014\/08\/jazz_alberto_arteta_group-300x200.jpg\" alt=\"jazz_alberto_arteta_group\" width=\"300\" height=\"200\" \/><\/a>El ciclo de jazz que ofrecer\u00e1 conciertos en la Ciudadela, dentro de las actividades del programa de verano organizado por el Ayuntamiento de Pamplona \u2018Ciudadelarte\u2019, contar\u00e1 ma\u00f1ana martes 12 de agosto con la actuaci\u00f3n de Alberto Arteta Group. El concierto ser\u00e1 a las ocho de la tarde en el escenario exterior de la Sala de Armas de la Ciudadela, con entrada libre para el p\u00fablico.<\/p>\n<p>Alberto Arteta Group es un quinteto formado por j\u00f3venes m\u00fasicos residentes en Navarra y Guip\u00fazcoa. Obtuvieron el premio \u2018BBK Impulso 2013\u2019 al mejor proyecto jazz\u00edstico. El grupo propone un jazz actual, caracterizado por la riqueza arm\u00f3nica y\u00a0 t\u00edmbrica y la improvisaci\u00f3n. Tienen influencias de m\u00fasicos como Mark Turner, Marc Jonson, Seamus Blake, Brian Blade, Ambrose Akinmusire y Walter Smith III, entre otros.<\/p>\n<p>Sus canciones, compuestas por el saxofonista Alberto Arteta, proponen un viaje de ida y vuelta desde las ra\u00edces del jazz hasta el jazz m\u00e1s contempor\u00e1neo. Los miembros del grupo son Alberto Arteta (saxo tenor), Jorge Abad\u00edas (guitarra), Satxa Soriazu (piano), Kike Arza (contrabajo) y Juanma Urriza (bater\u00eda).<\/p>\n<p><strong>Los componentes del grupo, uno a uno<\/strong><\/p>\n<p>Alberto Arteta realiz\u00f3 sus estudios de jazz en el Conservatorio Superior de M\u00fasica Pablo Sarasate y en el Conservatorium Van \u00c1msterdam, donde obtuvo el premio de fin de carrera al mejor estudiante de su promoci\u00f3n y el reconocimiento al mejor instrumentista, respectivamente. Ha tocado en los mejores festivales y clubs de jazz, como el Festival de Jazz de San Sebasti\u00e1n (Heineken Jazzaldia), Paradiso (Amsterdam), Caf\u00e9 Central (Madrid), Festival de Jazz de Getxo, Caf\u00e9 Berl\u00edn Jazz (Madrid), Bilbaina Jazz Club, Jazz en Plasencia (Extremadura), Girona Blues Festival, Sala Sol (Madrid) y Sala Caracol (Madrid). Actualmente es profesor de Saxof\u00f3n Jazz en el Conservatorio Superior de M\u00fasica de Navarra y lidera su propio grupo \u2018Alberto Arteta Group\u2019, al mismo tiempo que colabora en diferentes proyectos musicales.<\/p>\n<p>Jorge Abad\u00edas es licenciado en la especialidad de Guitarra Jazz en el Centro Superior de M\u00fasica del Pa\u00eds Vasco \u2018Musikene\u2019. A lo largo de su trayectoria musical, ha formado parte de una larga lista de proyectos musicales. Durante su carrera ha publicado dos discos: el primero, con el grupo \u2018Saltas por algo\u2019, es un \u00e1lbum conformado en su totalidad por temas originales; y el segundo, bajo el t\u00edtulo de \u2018A tablero\u2019. Ha recibido clases magistrales a cargo de Kurt Rosenwinkel, Ben Monder o Pat Metheny.<\/p>\n<p>Satxa Soriazu centr\u00f3 sus estudios musicales en el piano cl\u00e1sico, carrera que finaliz\u00f3 en 2002. Ese mismo a\u00f1o ingres\u00f3 en el Centro Superior de M\u00fasica del Pa\u00eds Vasco \u2018Musikene\u2019, para cursar la especialidad de jazz, disciplina que complet\u00f3 en 2007. Recibi\u00f3 clases magistrales de Ed Simon, Kevin Hays, Rob Van Bavel, Jan Jarczyk, Fabio Torres, Celso de Almeida, Paulo Paulelli, Marcus Teixeira o Jonathan Blake. Durante los \u00faltimos quince a\u00f1os ha colaborado en proyectos de diversos estilos, desde sus propios grupos, con clara influencia del rock sinf\u00f3nico brit\u00e1nico de los setenta, pasando por colaboraciones con cantautores del Pa\u00eds Vasco, grabaciones de bandas sonoras de cine y teatro (Garbo, Spanish Movie, El mal ajeno, etc.), como pianista acompa\u00f1ante de pel\u00edculas mudas en el Festival Internacional de Cine de San Sebasti\u00e1n y en numerosos proyectos de jazz.<\/p>\n<p>Kike Arza es licenciado con matr\u00edcula de honor en la especialidad de Bajo El\u00e9ctrico Jazz y Contrabajo Jazz en el Conservatorio Superior de M\u00fasica del Pa\u00eds Vasco \u2018Musikene\u2019. Ha colaborado en diferentes formaciones y ha tocado en festivales de jazz nacionales e internacionales, como San Sebasti\u00e1n, Vitoria, Aredo, Tarrasa o Zarautz. Obtuvo el premio \u2018Impulso BBK 2012\u2019 con el grupo Kike Arza Quinteto, liderado por \u00e9l mismo. Ha editado varios discos con los grupos de los que ha formado parte. Adem\u00e1s, trabaja como freelance en distintas formaciones y es miembro estable del tr\u00edo liderado por Jean Marie Ecay.<\/p>\n<p>Juanma Urriza se licenci\u00f3 en grado superior de Jazz por el Centro Superior de M\u00fasica del Pa\u00eds Vasco \u2018Musikene\u2019. Realiza actuaciones y grabaciones de muy diversos estilos que abarcan grupos como Skalariak, Sorkun, Dynamic Trio, Organik\u2019s, The Spring Onions, Mikro, Pamplonautas, I\u00f1aki Salvador trio, Rafael Santana Trio o SFMC Project, entre otros. Ha actuado con diferentes grupos y m\u00fasicos del panorama jazz\u00edstico y en la actualidad compagina todo ello con la labor docente en la Escuela de M\u00fasica Joaqu\u00edn Maya de Pamplona.<\/p>\n<p>&nbsp;<\/p>\n<p>Ciclo de Jazz. La Ciudadela. 20 horas<\/p>\n<ul>\n<li><strong>Alberto Arteta Group: <\/strong>12 de agosto<\/li>\n<li><strong>Tommy Caggiani Therion Project:<\/strong> 19 de agosto<\/li>\n<li><strong>Paranojazz:<\/strong> 26 de agosto<\/li>\n<\/ul>\n<p>&nbsp;<\/p>\n","protected":false},"excerpt":{"rendered":"<p>El concierto, que comenzar\u00e1 a las ocho de la tarde, pertenece a las actividades programadas para el verano de \u2018Ciudadelarte\u2019 El ciclo de jazz que ofrecer\u00e1 conciertos en la Ciudadela,&#8230;<\/p>\n","protected":false},"author":1,"featured_media":2659,"comment_status":"open","ping_status":"open","sticky":false,"template":"","format":"standard","meta":{"footnotes":""},"categories":[2],"tags":[2279,5,2280,6,509,42,2057,2281,8,9],"class_list":["post-2658","post","type-post","status-publish","format-standard","has-post-thumbnail","hentry","category-ayuntamiento-pamplona","tag-actuacion","tag-actualidad","tag-alberto-arteta-group","tag-ayto-pamplona","tag-ayuntamiento-de-pamplona","tag-ciudadela","tag-ciudadelarte","tag-musica-jazz","tag-noticias","tag-pamplona"],"yoast_head":"<!-- This site is optimized with the Yoast SEO plugin v27.5 - https:\/\/yoast.com\/product\/yoast-seo-wordpress\/ -->\n<title>El quinteto Alberto Arteta Group actuar\u00e1 este martes en la Ciudadela, dentro del ciclo de m\u00fasica jazz que tiene lugar todos los martes de agosto<\/title>\n<meta name=\"robots\" content=\"index, follow, max-snippet:-1, max-image-preview:large, max-video-preview:-1\" \/>\n<link rel=\"canonical\" href=\"https:\/\/www.laguiadepamplona.com\/actualidad\/el-quinteto-alberto-arteta-group-actuara-este-martes-en-la-ciudadela-dentro-del-ciclo-de-musica-jazz-que-tiene-lugar-todos-los-martes-de-agosto\/\" \/>\n<meta property=\"og:locale\" content=\"es_ES\" \/>\n<meta property=\"og:type\" content=\"article\" \/>\n<meta property=\"og:title\" content=\"El quinteto Alberto Arteta Group actuar\u00e1 este martes en la Ciudadela, dentro del ciclo de m\u00fasica jazz que tiene lugar todos los martes de agosto\" \/>\n<meta property=\"og:description\" content=\"El concierto, que comenzar\u00e1 a las ocho de la tarde, pertenece a las actividades programadas para el verano de \u2018Ciudadelarte\u2019 El ciclo de jazz que ofrecer\u00e1 conciertos en la Ciudadela,...\" \/>\n<meta property=\"og:url\" content=\"https:\/\/www.laguiadepamplona.com\/actualidad\/el-quinteto-alberto-arteta-group-actuara-este-martes-en-la-ciudadela-dentro-del-ciclo-de-musica-jazz-que-tiene-lugar-todos-los-martes-de-agosto\/\" \/>\n<meta property=\"og:site_name\" content=\"La Gu\u00eda de Pamplona\" \/>\n<meta property=\"article:publisher\" content=\"https:\/\/www.facebook.com\/laguiadepamplonacom-133175176762273\/?ref=hl\" \/>\n<meta property=\"article:published_time\" content=\"2014-08-11T13:56:16+00:00\" \/>\n<meta name=\"author\" content=\"La Gu\u00eda de Pamplona\" \/>\n<meta name=\"twitter:card\" content=\"summary_large_image\" \/>\n<meta name=\"twitter:creator\" content=\"@LaGuiadPamplona\" \/>\n<meta name=\"twitter:site\" content=\"@LaGuiadPamplona\" \/>\n<meta name=\"twitter:label1\" content=\"Escrito por\" \/>\n\t<meta name=\"twitter:data1\" content=\"La Gu\u00eda de Pamplona\" \/>\n\t<meta name=\"twitter:label2\" content=\"Tiempo de lectura\" \/>\n\t<meta name=\"twitter:data2\" content=\"4 minutos\" \/>\n<script type=\"application\/ld+json\" class=\"yoast-schema-graph\">{\"@context\":\"https:\\\/\\\/schema.org\",\"@graph\":[{\"@type\":\"Article\",\"@id\":\"https:\\\/\\\/www.laguiadepamplona.com\\\/actualidad\\\/el-quinteto-alberto-arteta-group-actuara-este-martes-en-la-ciudadela-dentro-del-ciclo-de-musica-jazz-que-tiene-lugar-todos-los-martes-de-agosto\\\/#article\",\"isPartOf\":{\"@id\":\"https:\\\/\\\/www.laguiadepamplona.com\\\/actualidad\\\/el-quinteto-alberto-arteta-group-actuara-este-martes-en-la-ciudadela-dentro-del-ciclo-de-musica-jazz-que-tiene-lugar-todos-los-martes-de-agosto\\\/\"},\"author\":{\"name\":\"La Gu\u00eda de Pamplona\",\"@id\":\"https:\\\/\\\/www.laguiadepamplona.com\\\/actualidad\\\/#\\\/schema\\\/person\\\/efe887376f0213d4657c93adc50b1fdb\"},\"headline\":\"El quinteto Alberto Arteta Group actuar\u00e1 este martes en la Ciudadela, dentro del ciclo de m\u00fasica jazz que tiene lugar todos los martes de agosto\",\"datePublished\":\"2014-08-11T13:56:16+00:00\",\"mainEntityOfPage\":{\"@id\":\"https:\\\/\\\/www.laguiadepamplona.com\\\/actualidad\\\/el-quinteto-alberto-arteta-group-actuara-este-martes-en-la-ciudadela-dentro-del-ciclo-de-musica-jazz-que-tiene-lugar-todos-los-martes-de-agosto\\\/\"},\"wordCount\":820,\"commentCount\":0,\"publisher\":{\"@id\":\"https:\\\/\\\/www.laguiadepamplona.com\\\/actualidad\\\/#organization\"},\"image\":{\"@id\":\"https:\\\/\\\/www.laguiadepamplona.com\\\/actualidad\\\/el-quinteto-alberto-arteta-group-actuara-este-martes-en-la-ciudadela-dentro-del-ciclo-de-musica-jazz-que-tiene-lugar-todos-los-martes-de-agosto\\\/#primaryimage\"},\"thumbnailUrl\":\"\",\"keywords\":[\"actuaci\u00f3n\",\"actualidad\",\"Alberto Arteta Group\",\"ayto pamplona\",\"Ayuntamiento de Pamplona\",\"ciudadela\",\"ciudadelarte\",\"m\u00fasica jazz\",\"noticias\",\"pamplona\"],\"articleSection\":[\"Ayto Pamplona\"],\"inLanguage\":\"es\",\"potentialAction\":[{\"@type\":\"CommentAction\",\"name\":\"Comment\",\"target\":[\"https:\\\/\\\/www.laguiadepamplona.com\\\/actualidad\\\/el-quinteto-alberto-arteta-group-actuara-este-martes-en-la-ciudadela-dentro-del-ciclo-de-musica-jazz-que-tiene-lugar-todos-los-martes-de-agosto\\\/#respond\"]}]},{\"@type\":\"WebPage\",\"@id\":\"https:\\\/\\\/www.laguiadepamplona.com\\\/actualidad\\\/el-quinteto-alberto-arteta-group-actuara-este-martes-en-la-ciudadela-dentro-del-ciclo-de-musica-jazz-que-tiene-lugar-todos-los-martes-de-agosto\\\/\",\"url\":\"https:\\\/\\\/www.laguiadepamplona.com\\\/actualidad\\\/el-quinteto-alberto-arteta-group-actuara-este-martes-en-la-ciudadela-dentro-del-ciclo-de-musica-jazz-que-tiene-lugar-todos-los-martes-de-agosto\\\/\",\"name\":\"El quinteto Alberto Arteta Group actuar\u00e1 este martes en la Ciudadela, dentro del ciclo de m\u00fasica jazz que tiene lugar todos los martes de agosto\",\"isPartOf\":{\"@id\":\"https:\\\/\\\/www.laguiadepamplona.com\\\/actualidad\\\/#website\"},\"primaryImageOfPage\":{\"@id\":\"https:\\\/\\\/www.laguiadepamplona.com\\\/actualidad\\\/el-quinteto-alberto-arteta-group-actuara-este-martes-en-la-ciudadela-dentro-del-ciclo-de-musica-jazz-que-tiene-lugar-todos-los-martes-de-agosto\\\/#primaryimage\"},\"image\":{\"@id\":\"https:\\\/\\\/www.laguiadepamplona.com\\\/actualidad\\\/el-quinteto-alberto-arteta-group-actuara-este-martes-en-la-ciudadela-dentro-del-ciclo-de-musica-jazz-que-tiene-lugar-todos-los-martes-de-agosto\\\/#primaryimage\"},\"thumbnailUrl\":\"\",\"datePublished\":\"2014-08-11T13:56:16+00:00\",\"breadcrumb\":{\"@id\":\"https:\\\/\\\/www.laguiadepamplona.com\\\/actualidad\\\/el-quinteto-alberto-arteta-group-actuara-este-martes-en-la-ciudadela-dentro-del-ciclo-de-musica-jazz-que-tiene-lugar-todos-los-martes-de-agosto\\\/#breadcrumb\"},\"inLanguage\":\"es\",\"potentialAction\":[{\"@type\":\"ReadAction\",\"target\":[\"https:\\\/\\\/www.laguiadepamplona.com\\\/actualidad\\\/el-quinteto-alberto-arteta-group-actuara-este-martes-en-la-ciudadela-dentro-del-ciclo-de-musica-jazz-que-tiene-lugar-todos-los-martes-de-agosto\\\/\"]}]},{\"@type\":\"ImageObject\",\"inLanguage\":\"es\",\"@id\":\"https:\\\/\\\/www.laguiadepamplona.com\\\/actualidad\\\/el-quinteto-alberto-arteta-group-actuara-este-martes-en-la-ciudadela-dentro-del-ciclo-de-musica-jazz-que-tiene-lugar-todos-los-martes-de-agosto\\\/#primaryimage\",\"url\":\"\",\"contentUrl\":\"\"},{\"@type\":\"BreadcrumbList\",\"@id\":\"https:\\\/\\\/www.laguiadepamplona.com\\\/actualidad\\\/el-quinteto-alberto-arteta-group-actuara-este-martes-en-la-ciudadela-dentro-del-ciclo-de-musica-jazz-que-tiene-lugar-todos-los-martes-de-agosto\\\/#breadcrumb\",\"itemListElement\":[{\"@type\":\"ListItem\",\"position\":1,\"name\":\"Portada\",\"item\":\"https:\\\/\\\/www.laguiadepamplona.com\\\/actualidad\\\/\"},{\"@type\":\"ListItem\",\"position\":2,\"name\":\"El quinteto Alberto Arteta Group actuar\u00e1 este martes en la Ciudadela, dentro del ciclo de m\u00fasica jazz que tiene lugar todos los martes de agosto\"}]},{\"@type\":\"WebSite\",\"@id\":\"https:\\\/\\\/www.laguiadepamplona.com\\\/actualidad\\\/#website\",\"url\":\"https:\\\/\\\/www.laguiadepamplona.com\\\/actualidad\\\/\",\"name\":\"La gu\u00eda de Pamplona\",\"description\":\"Noticias de Pamplona\",\"publisher\":{\"@id\":\"https:\\\/\\\/www.laguiadepamplona.com\\\/actualidad\\\/#organization\"},\"potentialAction\":[{\"@type\":\"SearchAction\",\"target\":{\"@type\":\"EntryPoint\",\"urlTemplate\":\"https:\\\/\\\/www.laguiadepamplona.com\\\/actualidad\\\/?s={search_term_string}\"},\"query-input\":{\"@type\":\"PropertyValueSpecification\",\"valueRequired\":true,\"valueName\":\"search_term_string\"}}],\"inLanguage\":\"es\"},{\"@type\":\"Organization\",\"@id\":\"https:\\\/\\\/www.laguiadepamplona.com\\\/actualidad\\\/#organization\",\"name\":\"La Gu\u00eda de Pamplona \\\/ Noticias\",\"url\":\"https:\\\/\\\/www.laguiadepamplona.com\\\/actualidad\\\/\",\"logo\":{\"@type\":\"ImageObject\",\"inLanguage\":\"es\",\"@id\":\"https:\\\/\\\/www.laguiadepamplona.com\\\/actualidad\\\/#\\\/schema\\\/logo\\\/image\\\/\",\"url\":\"https:\\\/\\\/www.laguiadepamplona.com\\\/actualidad\\\/wp-content\\\/uploads\\\/2018\\\/11\\\/logo-laguiadepamplona18-web1.png\",\"contentUrl\":\"https:\\\/\\\/www.laguiadepamplona.com\\\/actualidad\\\/wp-content\\\/uploads\\\/2018\\\/11\\\/logo-laguiadepamplona18-web1.png\",\"width\":600,\"height\":196,\"caption\":\"La Gu\u00eda de Pamplona \\\/ Noticias\"},\"image\":{\"@id\":\"https:\\\/\\\/www.laguiadepamplona.com\\\/actualidad\\\/#\\\/schema\\\/logo\\\/image\\\/\"},\"sameAs\":[\"https:\\\/\\\/www.facebook.com\\\/laguiadepamplonacom-133175176762273\\\/?ref=hl\",\"https:\\\/\\\/x.com\\\/LaGuiadPamplona\",\"https:\\\/\\\/www.instagram.com\\\/la_guia_de_pamplona\\\/\",\"https:\\\/\\\/www.youtube.com\\\/user\\\/laguiadepamplona\"]},{\"@type\":\"Person\",\"@id\":\"https:\\\/\\\/www.laguiadepamplona.com\\\/actualidad\\\/#\\\/schema\\\/person\\\/efe887376f0213d4657c93adc50b1fdb\",\"name\":\"La Gu\u00eda de Pamplona\",\"image\":{\"@type\":\"ImageObject\",\"inLanguage\":\"es\",\"@id\":\"https:\\\/\\\/secure.gravatar.com\\\/avatar\\\/b6992f131dc8d30ab0dff15446e9d346d9dbd95992de0fef795073f5ea83a81c?s=96&d=mm&r=g\",\"url\":\"https:\\\/\\\/secure.gravatar.com\\\/avatar\\\/b6992f131dc8d30ab0dff15446e9d346d9dbd95992de0fef795073f5ea83a81c?s=96&d=mm&r=g\",\"contentUrl\":\"https:\\\/\\\/secure.gravatar.com\\\/avatar\\\/b6992f131dc8d30ab0dff15446e9d346d9dbd95992de0fef795073f5ea83a81c?s=96&d=mm&r=g\",\"caption\":\"La Gu\u00eda de Pamplona\"}}]}<\/script>\n<!-- \/ Yoast SEO plugin. -->","yoast_head_json":{"title":"El quinteto Alberto Arteta Group actuar\u00e1 este martes en la Ciudadela, dentro del ciclo de m\u00fasica jazz que tiene lugar todos los martes de agosto","robots":{"index":"index","follow":"follow","max-snippet":"max-snippet:-1","max-image-preview":"max-image-preview:large","max-video-preview":"max-video-preview:-1"},"canonical":"https:\/\/www.laguiadepamplona.com\/actualidad\/el-quinteto-alberto-arteta-group-actuara-este-martes-en-la-ciudadela-dentro-del-ciclo-de-musica-jazz-que-tiene-lugar-todos-los-martes-de-agosto\/","og_locale":"es_ES","og_type":"article","og_title":"El quinteto Alberto Arteta Group actuar\u00e1 este martes en la Ciudadela, dentro del ciclo de m\u00fasica jazz que tiene lugar todos los martes de agosto","og_description":"El concierto, que comenzar\u00e1 a las ocho de la tarde, pertenece a las actividades programadas para el verano de \u2018Ciudadelarte\u2019 El ciclo de jazz que ofrecer\u00e1 conciertos en la Ciudadela,...","og_url":"https:\/\/www.laguiadepamplona.com\/actualidad\/el-quinteto-alberto-arteta-group-actuara-este-martes-en-la-ciudadela-dentro-del-ciclo-de-musica-jazz-que-tiene-lugar-todos-los-martes-de-agosto\/","og_site_name":"La Gu\u00eda de Pamplona","article_publisher":"https:\/\/www.facebook.com\/laguiadepamplonacom-133175176762273\/?ref=hl","article_published_time":"2014-08-11T13:56:16+00:00","author":"La Gu\u00eda de Pamplona","twitter_card":"summary_large_image","twitter_creator":"@LaGuiadPamplona","twitter_site":"@LaGuiadPamplona","twitter_misc":{"Escrito por":"La Gu\u00eda de Pamplona","Tiempo de lectura":"4 minutos"},"schema":{"@context":"https:\/\/schema.org","@graph":[{"@type":"Article","@id":"https:\/\/www.laguiadepamplona.com\/actualidad\/el-quinteto-alberto-arteta-group-actuara-este-martes-en-la-ciudadela-dentro-del-ciclo-de-musica-jazz-que-tiene-lugar-todos-los-martes-de-agosto\/#article","isPartOf":{"@id":"https:\/\/www.laguiadepamplona.com\/actualidad\/el-quinteto-alberto-arteta-group-actuara-este-martes-en-la-ciudadela-dentro-del-ciclo-de-musica-jazz-que-tiene-lugar-todos-los-martes-de-agosto\/"},"author":{"name":"La Gu\u00eda de Pamplona","@id":"https:\/\/www.laguiadepamplona.com\/actualidad\/#\/schema\/person\/efe887376f0213d4657c93adc50b1fdb"},"headline":"El quinteto Alberto Arteta Group actuar\u00e1 este martes en la Ciudadela, dentro del ciclo de m\u00fasica jazz que tiene lugar todos los martes de agosto","datePublished":"2014-08-11T13:56:16+00:00","mainEntityOfPage":{"@id":"https:\/\/www.laguiadepamplona.com\/actualidad\/el-quinteto-alberto-arteta-group-actuara-este-martes-en-la-ciudadela-dentro-del-ciclo-de-musica-jazz-que-tiene-lugar-todos-los-martes-de-agosto\/"},"wordCount":820,"commentCount":0,"publisher":{"@id":"https:\/\/www.laguiadepamplona.com\/actualidad\/#organization"},"image":{"@id":"https:\/\/www.laguiadepamplona.com\/actualidad\/el-quinteto-alberto-arteta-group-actuara-este-martes-en-la-ciudadela-dentro-del-ciclo-de-musica-jazz-que-tiene-lugar-todos-los-martes-de-agosto\/#primaryimage"},"thumbnailUrl":"","keywords":["actuaci\u00f3n","actualidad","Alberto Arteta Group","ayto pamplona","Ayuntamiento de Pamplona","ciudadela","ciudadelarte","m\u00fasica jazz","noticias","pamplona"],"articleSection":["Ayto Pamplona"],"inLanguage":"es","potentialAction":[{"@type":"CommentAction","name":"Comment","target":["https:\/\/www.laguiadepamplona.com\/actualidad\/el-quinteto-alberto-arteta-group-actuara-este-martes-en-la-ciudadela-dentro-del-ciclo-de-musica-jazz-que-tiene-lugar-todos-los-martes-de-agosto\/#respond"]}]},{"@type":"WebPage","@id":"https:\/\/www.laguiadepamplona.com\/actualidad\/el-quinteto-alberto-arteta-group-actuara-este-martes-en-la-ciudadela-dentro-del-ciclo-de-musica-jazz-que-tiene-lugar-todos-los-martes-de-agosto\/","url":"https:\/\/www.laguiadepamplona.com\/actualidad\/el-quinteto-alberto-arteta-group-actuara-este-martes-en-la-ciudadela-dentro-del-ciclo-de-musica-jazz-que-tiene-lugar-todos-los-martes-de-agosto\/","name":"El quinteto Alberto Arteta Group actuar\u00e1 este martes en la Ciudadela, dentro del ciclo de m\u00fasica jazz que tiene lugar todos los martes de agosto","isPartOf":{"@id":"https:\/\/www.laguiadepamplona.com\/actualidad\/#website"},"primaryImageOfPage":{"@id":"https:\/\/www.laguiadepamplona.com\/actualidad\/el-quinteto-alberto-arteta-group-actuara-este-martes-en-la-ciudadela-dentro-del-ciclo-de-musica-jazz-que-tiene-lugar-todos-los-martes-de-agosto\/#primaryimage"},"image":{"@id":"https:\/\/www.laguiadepamplona.com\/actualidad\/el-quinteto-alberto-arteta-group-actuara-este-martes-en-la-ciudadela-dentro-del-ciclo-de-musica-jazz-que-tiene-lugar-todos-los-martes-de-agosto\/#primaryimage"},"thumbnailUrl":"","datePublished":"2014-08-11T13:56:16+00:00","breadcrumb":{"@id":"https:\/\/www.laguiadepamplona.com\/actualidad\/el-quinteto-alberto-arteta-group-actuara-este-martes-en-la-ciudadela-dentro-del-ciclo-de-musica-jazz-que-tiene-lugar-todos-los-martes-de-agosto\/#breadcrumb"},"inLanguage":"es","potentialAction":[{"@type":"ReadAction","target":["https:\/\/www.laguiadepamplona.com\/actualidad\/el-quinteto-alberto-arteta-group-actuara-este-martes-en-la-ciudadela-dentro-del-ciclo-de-musica-jazz-que-tiene-lugar-todos-los-martes-de-agosto\/"]}]},{"@type":"ImageObject","inLanguage":"es","@id":"https:\/\/www.laguiadepamplona.com\/actualidad\/el-quinteto-alberto-arteta-group-actuara-este-martes-en-la-ciudadela-dentro-del-ciclo-de-musica-jazz-que-tiene-lugar-todos-los-martes-de-agosto\/#primaryimage","url":"","contentUrl":""},{"@type":"BreadcrumbList","@id":"https:\/\/www.laguiadepamplona.com\/actualidad\/el-quinteto-alberto-arteta-group-actuara-este-martes-en-la-ciudadela-dentro-del-ciclo-de-musica-jazz-que-tiene-lugar-todos-los-martes-de-agosto\/#breadcrumb","itemListElement":[{"@type":"ListItem","position":1,"name":"Portada","item":"https:\/\/www.laguiadepamplona.com\/actualidad\/"},{"@type":"ListItem","position":2,"name":"El quinteto Alberto Arteta Group actuar\u00e1 este martes en la Ciudadela, dentro del ciclo de m\u00fasica jazz que tiene lugar todos los martes de agosto"}]},{"@type":"WebSite","@id":"https:\/\/www.laguiadepamplona.com\/actualidad\/#website","url":"https:\/\/www.laguiadepamplona.com\/actualidad\/","name":"La gu\u00eda de Pamplona","description":"Noticias de Pamplona","publisher":{"@id":"https:\/\/www.laguiadepamplona.com\/actualidad\/#organization"},"potentialAction":[{"@type":"SearchAction","target":{"@type":"EntryPoint","urlTemplate":"https:\/\/www.laguiadepamplona.com\/actualidad\/?s={search_term_string}"},"query-input":{"@type":"PropertyValueSpecification","valueRequired":true,"valueName":"search_term_string"}}],"inLanguage":"es"},{"@type":"Organization","@id":"https:\/\/www.laguiadepamplona.com\/actualidad\/#organization","name":"La Gu\u00eda de Pamplona \/ Noticias","url":"https:\/\/www.laguiadepamplona.com\/actualidad\/","logo":{"@type":"ImageObject","inLanguage":"es","@id":"https:\/\/www.laguiadepamplona.com\/actualidad\/#\/schema\/logo\/image\/","url":"https:\/\/www.laguiadepamplona.com\/actualidad\/wp-content\/uploads\/2018\/11\/logo-laguiadepamplona18-web1.png","contentUrl":"https:\/\/www.laguiadepamplona.com\/actualidad\/wp-content\/uploads\/2018\/11\/logo-laguiadepamplona18-web1.png","width":600,"height":196,"caption":"La Gu\u00eda de Pamplona \/ Noticias"},"image":{"@id":"https:\/\/www.laguiadepamplona.com\/actualidad\/#\/schema\/logo\/image\/"},"sameAs":["https:\/\/www.facebook.com\/laguiadepamplonacom-133175176762273\/?ref=hl","https:\/\/x.com\/LaGuiadPamplona","https:\/\/www.instagram.com\/la_guia_de_pamplona\/","https:\/\/www.youtube.com\/user\/laguiadepamplona"]},{"@type":"Person","@id":"https:\/\/www.laguiadepamplona.com\/actualidad\/#\/schema\/person\/efe887376f0213d4657c93adc50b1fdb","name":"La Gu\u00eda de Pamplona","image":{"@type":"ImageObject","inLanguage":"es","@id":"https:\/\/secure.gravatar.com\/avatar\/b6992f131dc8d30ab0dff15446e9d346d9dbd95992de0fef795073f5ea83a81c?s=96&d=mm&r=g","url":"https:\/\/secure.gravatar.com\/avatar\/b6992f131dc8d30ab0dff15446e9d346d9dbd95992de0fef795073f5ea83a81c?s=96&d=mm&r=g","contentUrl":"https:\/\/secure.gravatar.com\/avatar\/b6992f131dc8d30ab0dff15446e9d346d9dbd95992de0fef795073f5ea83a81c?s=96&d=mm&r=g","caption":"La Gu\u00eda de Pamplona"}}]}},"post_mailing_queue_ids":[],"_links":{"self":[{"href":"https:\/\/www.laguiadepamplona.com\/actualidad\/wp-json\/wp\/v2\/posts\/2658","targetHints":{"allow":["GET"]}}],"collection":[{"href":"https:\/\/www.laguiadepamplona.com\/actualidad\/wp-json\/wp\/v2\/posts"}],"about":[{"href":"https:\/\/www.laguiadepamplona.com\/actualidad\/wp-json\/wp\/v2\/types\/post"}],"author":[{"embeddable":true,"href":"https:\/\/www.laguiadepamplona.com\/actualidad\/wp-json\/wp\/v2\/users\/1"}],"replies":[{"embeddable":true,"href":"https:\/\/www.laguiadepamplona.com\/actualidad\/wp-json\/wp\/v2\/comments?post=2658"}],"version-history":[{"count":0,"href":"https:\/\/www.laguiadepamplona.com\/actualidad\/wp-json\/wp\/v2\/posts\/2658\/revisions"}],"wp:featuredmedia":[{"embeddable":true,"href":"https:\/\/www.laguiadepamplona.com\/actualidad\/wp-json\/"}],"wp:attachment":[{"href":"https:\/\/www.laguiadepamplona.com\/actualidad\/wp-json\/wp\/v2\/media?parent=2658"}],"wp:term":[{"taxonomy":"category","embeddable":true,"href":"https:\/\/www.laguiadepamplona.com\/actualidad\/wp-json\/wp\/v2\/categories?post=2658"},{"taxonomy":"post_tag","embeddable":true,"href":"https:\/\/www.laguiadepamplona.com\/actualidad\/wp-json\/wp\/v2\/tags?post=2658"}],"curies":[{"name":"wp","href":"https:\/\/api.w.org\/{rel}","templated":true}]}}