{"id":26574,"date":"2019-11-27T13:56:48","date_gmt":"2019-11-27T11:56:48","guid":{"rendered":"https:\/\/www.laguiadepamplona.es\/actualidad\/?p=26574"},"modified":"2019-11-27T14:15:39","modified_gmt":"2019-11-27T12:15:39","slug":"el-ayuntamiento-acoge-la-reunion-del-itinerario-cultural-europeo-via-carlomagno-en-la-que-se-han-trabajado-entre-otros-temas-el-documento-de-adhesion-y-una-guia-turistica","status":"publish","type":"post","link":"https:\/\/www.laguiadepamplona.com\/actualidad\/el-ayuntamiento-acoge-la-reunion-del-itinerario-cultural-europeo-via-carlomagno-en-la-que-se-han-trabajado-entre-otros-temas-el-documento-de-adhesion-y-una-guia-turistica\/","title":{"rendered":"El Ayuntamiento acoge la reuni\u00f3n del Itinerario Cultural Europeo V\u00eda Carlomagno en la que se han trabajado, entre otros temas, el documento de adhesi\u00f3n y una gu\u00eda tur\u00edstica"},"content":{"rendered":"<h5>Han participado los municipios de Pamplona, Tudela, Estella, Roncesvalles, Burguete, Valcarlos, y Esteribar junto con otras entidades navarras<\/h5>\n<p><!--more--><\/p>\n<p>El Ayuntamiento de Pamplona ha acogido la reuni\u00f3n impulsada por el Consejo Navarro del Movimiento Europeo (CONAME) en la que han participado distintos municipios navarros por los que atraviesa el Itinerario Cultural Europeo V\u00eda Carlomagno junto con varias entidades de distintos \u00e1mbitos. En la sesi\u00f3n se han trabajado temas como la elaboraci\u00f3n de un documento de adhesi\u00f3n o la posible redacci\u00f3n de una gu\u00eda tur\u00edstica. En el encuentro han tomado parte el alcalde de Pamplona, Enrique Maya, y la concejala delegada de Cultura e Igualdad, Mar\u00eda Garc\u00eda-Barberena, adem\u00e1s del alcalde de Tudela, Alejandro Toquero; el alcalde de Estella, Gonzalo Fuentes; y los representantes municipales de Luzaide\/Valcarlos, Fernando Alz\u00f3n y Elena Go\u00f1i; de Orreaga\/Roncesvalles, Luis Echeverr\u00eda; de Auritz\/Burguete, Joxepe Iriragaray, y de Ester\u00edbar, Matilde A\u00f1\u00f3n. Han estado presentes, adem\u00e1s, Bibiano Esparza, prior de Orreaga\/Roncesvalles; Ana Beri\u00e1in y Nacho Calvo, presidenta y secretario de la Asociaci\u00f3n de Empresarios de Hosteler\u00eda de Navarra (AEHN;) y Carlos Albillo, de la Asociaci\u00f3n Comerciantes Casco Antiguo. El grupo de trabajo ha estado coordinado por Juan Ram\u00f3n Corpas, vocal de CONAME.<\/p>\n<p><script async src=\"\/\/pagead2.googlesyndication.com\/pagead\/js\/adsbygoogle.js\"><\/script><br \/>\n<!-- Noticias La Guia de Pamplona --><br \/>\n<ins class=\"adsbygoogle\"\nstyle=\"display:block\"\ndata-ad-client=\"ca-pub-6943679897239327\"\ndata-ad-slot=\"7048180777\"\ndata-ad-format=\"auto\"><\/ins><br \/>\n<script>\n(adsbygoogle = window.adsbygoogle || []).push({});\n<\/script><\/p>\n<p>La V\u00eda Carlomagno es uno de los 40 itinerarios culturales aprobados por el Consejo de Europa. Est\u00e1n adheridos a ella Espa\u00f1a, Francia, B\u00e9lgica, Suiza, Luxemburgo, Italia o Irlanda, adem\u00e1s de varias regiones europeas y la Comunidad Aut\u00f3noma de Asturias. El impulso de su reconocimiento como \u201cla primera Europa\u201d comenz\u00f3 a tomar forma en 2014, con ocasi\u00f3n del 1.200 aniversario de la muerte del emperador. Frente a otros itinerarios culturales y tur\u00edsticos como el Camino de Santiago, no tiene un desarrollo lineal sino que es reticular con diversas rutas. Una idea central del proyecto es asociar al mismo a las localidades que han tenido alguna significaci\u00f3n en el mundo carolingio.<\/p>\n<p>Durante el transcurso de la reuni\u00f3n se ha abordado la posibilidad de la participaci\u00f3n de un representante de Navarra en la junta directiva de este Itinerario Cultural Europeo, la elaboraci\u00f3n de un modelo de documento de adhesi\u00f3n y la aceptaci\u00f3n del logo aprobado por el Consejo de Europa para la V\u00eda Carlomagno, y su utilizaci\u00f3n en la correspondencia, papeler\u00eda, carteler\u00eda y los productos editoriales relacionados con el proyecto. Asimismo, se han valorado otras acciones como la edici\u00f3n de un libro redactado por historiadores destacados sobre la relaci\u00f3n entre Carlomagno y el territorio del actual reino de Navarra y la elaboraci\u00f3n de una gu\u00eda tur\u00edstica que informe sobre el itinerario seguido por las tropas carolingias en Navarra, se\u00f1alando los hitos m\u00e1s destacados de su presencia documentada, as\u00ed como los lugares y poblaciones referidos por la literatura, la tradici\u00f3n, la iconograf\u00eda, la leyenda o la toponimia. Por \u00faltimo, se ha estudiado la invitaci\u00f3n para que participen en el proyecto determinadas entidades y la delegaci\u00f3n en el Consejo Navarro del Movimiento Europeo el papel de coordinador de las iniciativas.<\/p>\n","protected":false},"excerpt":{"rendered":"<p>Han participado los municipios de Pamplona, Tudela, Estella, Roncesvalles, Burguete, Valcarlos, y Esteribar junto con otras entidades navarras<\/p>\n","protected":false},"author":1,"featured_media":26576,"comment_status":"open","ping_status":"closed","sticky":false,"template":"","format":"standard","meta":{"footnotes":""},"categories":[2],"tags":[],"class_list":["post-26574","post","type-post","status-publish","format-standard","has-post-thumbnail","hentry","category-ayuntamiento-pamplona"],"yoast_head":"<!-- This site is optimized with the Yoast SEO plugin v27.3 - https:\/\/yoast.com\/product\/yoast-seo-wordpress\/ -->\n<title>El Ayuntamiento acoge la reuni\u00f3n del Itinerario Cultural Europeo V\u00eda Carlomagno en la que se han trabajado, entre otros temas, el documento de adhesi\u00f3n y una gu\u00eda tur\u00edstica<\/title>\n<meta name=\"robots\" content=\"index, follow, max-snippet:-1, max-image-preview:large, max-video-preview:-1\" \/>\n<link rel=\"canonical\" href=\"https:\/\/www.laguiadepamplona.com\/actualidad\/el-ayuntamiento-acoge-la-reunion-del-itinerario-cultural-europeo-via-carlomagno-en-la-que-se-han-trabajado-entre-otros-temas-el-documento-de-adhesion-y-una-guia-turistica\/\" \/>\n<meta property=\"og:locale\" content=\"es_ES\" \/>\n<meta property=\"og:type\" content=\"article\" \/>\n<meta property=\"og:title\" content=\"El Ayuntamiento acoge la reuni\u00f3n del Itinerario Cultural Europeo V\u00eda Carlomagno en la que se han trabajado, entre otros temas, el documento de adhesi\u00f3n y una gu\u00eda tur\u00edstica\" \/>\n<meta property=\"og:description\" content=\"Han participado los municipios de Pamplona, Tudela, Estella, Roncesvalles, Burguete, Valcarlos, y Esteribar junto con otras entidades navarras\" \/>\n<meta property=\"og:url\" content=\"https:\/\/www.laguiadepamplona.com\/actualidad\/el-ayuntamiento-acoge-la-reunion-del-itinerario-cultural-europeo-via-carlomagno-en-la-que-se-han-trabajado-entre-otros-temas-el-documento-de-adhesion-y-una-guia-turistica\/\" \/>\n<meta property=\"og:site_name\" content=\"La Gu\u00eda de Pamplona\" \/>\n<meta property=\"article:publisher\" content=\"https:\/\/www.facebook.com\/laguiadepamplonacom-133175176762273\/?ref=hl\" \/>\n<meta property=\"article:published_time\" content=\"2019-11-27T11:56:48+00:00\" \/>\n<meta property=\"article:modified_time\" content=\"2019-11-27T12:15:39+00:00\" \/>\n<meta property=\"og:image\" content=\"https:\/\/www.laguiadepamplona.com\/actualidad\/wp-content\/uploads\/2019\/11\/19.11.27_reunion_via_carlomagno.jpg\" \/>\n\t<meta property=\"og:image:width\" content=\"1920\" \/>\n\t<meta property=\"og:image:height\" content=\"1280\" \/>\n\t<meta property=\"og:image:type\" content=\"image\/jpeg\" \/>\n<meta name=\"author\" content=\"La Gu\u00eda de Pamplona\" \/>\n<meta name=\"twitter:card\" content=\"summary_large_image\" \/>\n<meta name=\"twitter:creator\" content=\"@LaGuiadPamplona\" \/>\n<meta name=\"twitter:site\" content=\"@LaGuiadPamplona\" \/>\n<meta name=\"twitter:label1\" content=\"Escrito por\" \/>\n\t<meta name=\"twitter:data1\" content=\"La Gu\u00eda de Pamplona\" \/>\n\t<meta name=\"twitter:label2\" content=\"Tiempo de lectura\" \/>\n\t<meta name=\"twitter:data2\" content=\"3 minutos\" \/>\n<script type=\"application\/ld+json\" class=\"yoast-schema-graph\">{\"@context\":\"https:\\\/\\\/schema.org\",\"@graph\":[{\"@type\":\"Article\",\"@id\":\"https:\\\/\\\/www.laguiadepamplona.com\\\/actualidad\\\/el-ayuntamiento-acoge-la-reunion-del-itinerario-cultural-europeo-via-carlomagno-en-la-que-se-han-trabajado-entre-otros-temas-el-documento-de-adhesion-y-una-guia-turistica\\\/#article\",\"isPartOf\":{\"@id\":\"https:\\\/\\\/www.laguiadepamplona.com\\\/actualidad\\\/el-ayuntamiento-acoge-la-reunion-del-itinerario-cultural-europeo-via-carlomagno-en-la-que-se-han-trabajado-entre-otros-temas-el-documento-de-adhesion-y-una-guia-turistica\\\/\"},\"author\":{\"name\":\"La Gu\u00eda de Pamplona\",\"@id\":\"https:\\\/\\\/www.laguiadepamplona.com\\\/actualidad\\\/#\\\/schema\\\/person\\\/efe887376f0213d4657c93adc50b1fdb\"},\"headline\":\"El Ayuntamiento acoge la reuni\u00f3n del Itinerario Cultural Europeo V\u00eda Carlomagno en la que se han trabajado, entre otros temas, el documento de adhesi\u00f3n y una gu\u00eda tur\u00edstica\",\"datePublished\":\"2019-11-27T11:56:48+00:00\",\"dateModified\":\"2019-11-27T12:15:39+00:00\",\"mainEntityOfPage\":{\"@id\":\"https:\\\/\\\/www.laguiadepamplona.com\\\/actualidad\\\/el-ayuntamiento-acoge-la-reunion-del-itinerario-cultural-europeo-via-carlomagno-en-la-que-se-han-trabajado-entre-otros-temas-el-documento-de-adhesion-y-una-guia-turistica\\\/\"},\"wordCount\":562,\"commentCount\":0,\"publisher\":{\"@id\":\"https:\\\/\\\/www.laguiadepamplona.com\\\/actualidad\\\/#organization\"},\"image\":{\"@id\":\"https:\\\/\\\/www.laguiadepamplona.com\\\/actualidad\\\/el-ayuntamiento-acoge-la-reunion-del-itinerario-cultural-europeo-via-carlomagno-en-la-que-se-han-trabajado-entre-otros-temas-el-documento-de-adhesion-y-una-guia-turistica\\\/#primaryimage\"},\"thumbnailUrl\":\"https:\\\/\\\/www.laguiadepamplona.com\\\/actualidad\\\/wp-content\\\/uploads\\\/2019\\\/11\\\/19.11.27_reunion_via_carlomagno.jpg\",\"articleSection\":[\"Ayto Pamplona\"],\"inLanguage\":\"es\",\"potentialAction\":[{\"@type\":\"CommentAction\",\"name\":\"Comment\",\"target\":[\"https:\\\/\\\/www.laguiadepamplona.com\\\/actualidad\\\/el-ayuntamiento-acoge-la-reunion-del-itinerario-cultural-europeo-via-carlomagno-en-la-que-se-han-trabajado-entre-otros-temas-el-documento-de-adhesion-y-una-guia-turistica\\\/#respond\"]}]},{\"@type\":\"WebPage\",\"@id\":\"https:\\\/\\\/www.laguiadepamplona.com\\\/actualidad\\\/el-ayuntamiento-acoge-la-reunion-del-itinerario-cultural-europeo-via-carlomagno-en-la-que-se-han-trabajado-entre-otros-temas-el-documento-de-adhesion-y-una-guia-turistica\\\/\",\"url\":\"https:\\\/\\\/www.laguiadepamplona.com\\\/actualidad\\\/el-ayuntamiento-acoge-la-reunion-del-itinerario-cultural-europeo-via-carlomagno-en-la-que-se-han-trabajado-entre-otros-temas-el-documento-de-adhesion-y-una-guia-turistica\\\/\",\"name\":\"El Ayuntamiento acoge la reuni\u00f3n del Itinerario Cultural Europeo V\u00eda Carlomagno en la que se han trabajado, entre otros temas, el documento de adhesi\u00f3n y una gu\u00eda tur\u00edstica\",\"isPartOf\":{\"@id\":\"https:\\\/\\\/www.laguiadepamplona.com\\\/actualidad\\\/#website\"},\"primaryImageOfPage\":{\"@id\":\"https:\\\/\\\/www.laguiadepamplona.com\\\/actualidad\\\/el-ayuntamiento-acoge-la-reunion-del-itinerario-cultural-europeo-via-carlomagno-en-la-que-se-han-trabajado-entre-otros-temas-el-documento-de-adhesion-y-una-guia-turistica\\\/#primaryimage\"},\"image\":{\"@id\":\"https:\\\/\\\/www.laguiadepamplona.com\\\/actualidad\\\/el-ayuntamiento-acoge-la-reunion-del-itinerario-cultural-europeo-via-carlomagno-en-la-que-se-han-trabajado-entre-otros-temas-el-documento-de-adhesion-y-una-guia-turistica\\\/#primaryimage\"},\"thumbnailUrl\":\"https:\\\/\\\/www.laguiadepamplona.com\\\/actualidad\\\/wp-content\\\/uploads\\\/2019\\\/11\\\/19.11.27_reunion_via_carlomagno.jpg\",\"datePublished\":\"2019-11-27T11:56:48+00:00\",\"dateModified\":\"2019-11-27T12:15:39+00:00\",\"breadcrumb\":{\"@id\":\"https:\\\/\\\/www.laguiadepamplona.com\\\/actualidad\\\/el-ayuntamiento-acoge-la-reunion-del-itinerario-cultural-europeo-via-carlomagno-en-la-que-se-han-trabajado-entre-otros-temas-el-documento-de-adhesion-y-una-guia-turistica\\\/#breadcrumb\"},\"inLanguage\":\"es\",\"potentialAction\":[{\"@type\":\"ReadAction\",\"target\":[\"https:\\\/\\\/www.laguiadepamplona.com\\\/actualidad\\\/el-ayuntamiento-acoge-la-reunion-del-itinerario-cultural-europeo-via-carlomagno-en-la-que-se-han-trabajado-entre-otros-temas-el-documento-de-adhesion-y-una-guia-turistica\\\/\"]}]},{\"@type\":\"ImageObject\",\"inLanguage\":\"es\",\"@id\":\"https:\\\/\\\/www.laguiadepamplona.com\\\/actualidad\\\/el-ayuntamiento-acoge-la-reunion-del-itinerario-cultural-europeo-via-carlomagno-en-la-que-se-han-trabajado-entre-otros-temas-el-documento-de-adhesion-y-una-guia-turistica\\\/#primaryimage\",\"url\":\"https:\\\/\\\/www.laguiadepamplona.com\\\/actualidad\\\/wp-content\\\/uploads\\\/2019\\\/11\\\/19.11.27_reunion_via_carlomagno.jpg\",\"contentUrl\":\"https:\\\/\\\/www.laguiadepamplona.com\\\/actualidad\\\/wp-content\\\/uploads\\\/2019\\\/11\\\/19.11.27_reunion_via_carlomagno.jpg\",\"width\":1920,\"height\":1280},{\"@type\":\"BreadcrumbList\",\"@id\":\"https:\\\/\\\/www.laguiadepamplona.com\\\/actualidad\\\/el-ayuntamiento-acoge-la-reunion-del-itinerario-cultural-europeo-via-carlomagno-en-la-que-se-han-trabajado-entre-otros-temas-el-documento-de-adhesion-y-una-guia-turistica\\\/#breadcrumb\",\"itemListElement\":[{\"@type\":\"ListItem\",\"position\":1,\"name\":\"Portada\",\"item\":\"https:\\\/\\\/www.laguiadepamplona.com\\\/actualidad\\\/\"},{\"@type\":\"ListItem\",\"position\":2,\"name\":\"El Ayuntamiento acoge la reuni\u00f3n del Itinerario Cultural Europeo V\u00eda Carlomagno en la que se han trabajado, entre otros temas, el documento de adhesi\u00f3n y una gu\u00eda tur\u00edstica\"}]},{\"@type\":\"WebSite\",\"@id\":\"https:\\\/\\\/www.laguiadepamplona.com\\\/actualidad\\\/#website\",\"url\":\"https:\\\/\\\/www.laguiadepamplona.com\\\/actualidad\\\/\",\"name\":\"La gu\u00eda de Pamplona\",\"description\":\"Noticias de Pamplona\",\"publisher\":{\"@id\":\"https:\\\/\\\/www.laguiadepamplona.com\\\/actualidad\\\/#organization\"},\"potentialAction\":[{\"@type\":\"SearchAction\",\"target\":{\"@type\":\"EntryPoint\",\"urlTemplate\":\"https:\\\/\\\/www.laguiadepamplona.com\\\/actualidad\\\/?s={search_term_string}\"},\"query-input\":{\"@type\":\"PropertyValueSpecification\",\"valueRequired\":true,\"valueName\":\"search_term_string\"}}],\"inLanguage\":\"es\"},{\"@type\":\"Organization\",\"@id\":\"https:\\\/\\\/www.laguiadepamplona.com\\\/actualidad\\\/#organization\",\"name\":\"La Gu\u00eda de Pamplona \\\/ Noticias\",\"url\":\"https:\\\/\\\/www.laguiadepamplona.com\\\/actualidad\\\/\",\"logo\":{\"@type\":\"ImageObject\",\"inLanguage\":\"es\",\"@id\":\"https:\\\/\\\/www.laguiadepamplona.com\\\/actualidad\\\/#\\\/schema\\\/logo\\\/image\\\/\",\"url\":\"https:\\\/\\\/www.laguiadepamplona.com\\\/actualidad\\\/wp-content\\\/uploads\\\/2018\\\/11\\\/logo-laguiadepamplona18-web1.png\",\"contentUrl\":\"https:\\\/\\\/www.laguiadepamplona.com\\\/actualidad\\\/wp-content\\\/uploads\\\/2018\\\/11\\\/logo-laguiadepamplona18-web1.png\",\"width\":600,\"height\":196,\"caption\":\"La Gu\u00eda de Pamplona \\\/ Noticias\"},\"image\":{\"@id\":\"https:\\\/\\\/www.laguiadepamplona.com\\\/actualidad\\\/#\\\/schema\\\/logo\\\/image\\\/\"},\"sameAs\":[\"https:\\\/\\\/www.facebook.com\\\/laguiadepamplonacom-133175176762273\\\/?ref=hl\",\"https:\\\/\\\/x.com\\\/LaGuiadPamplona\",\"https:\\\/\\\/www.instagram.com\\\/la_guia_de_pamplona\\\/\",\"https:\\\/\\\/www.youtube.com\\\/user\\\/laguiadepamplona\"]},{\"@type\":\"Person\",\"@id\":\"https:\\\/\\\/www.laguiadepamplona.com\\\/actualidad\\\/#\\\/schema\\\/person\\\/efe887376f0213d4657c93adc50b1fdb\",\"name\":\"La Gu\u00eda de Pamplona\",\"image\":{\"@type\":\"ImageObject\",\"inLanguage\":\"es\",\"@id\":\"https:\\\/\\\/secure.gravatar.com\\\/avatar\\\/b6992f131dc8d30ab0dff15446e9d346d9dbd95992de0fef795073f5ea83a81c?s=96&d=mm&r=g\",\"url\":\"https:\\\/\\\/secure.gravatar.com\\\/avatar\\\/b6992f131dc8d30ab0dff15446e9d346d9dbd95992de0fef795073f5ea83a81c?s=96&d=mm&r=g\",\"contentUrl\":\"https:\\\/\\\/secure.gravatar.com\\\/avatar\\\/b6992f131dc8d30ab0dff15446e9d346d9dbd95992de0fef795073f5ea83a81c?s=96&d=mm&r=g\",\"caption\":\"La Gu\u00eda de Pamplona\"}}]}<\/script>\n<!-- \/ Yoast SEO plugin. -->","yoast_head_json":{"title":"El Ayuntamiento acoge la reuni\u00f3n del Itinerario Cultural Europeo V\u00eda Carlomagno en la que se han trabajado, entre otros temas, el documento de adhesi\u00f3n y una gu\u00eda tur\u00edstica","robots":{"index":"index","follow":"follow","max-snippet":"max-snippet:-1","max-image-preview":"max-image-preview:large","max-video-preview":"max-video-preview:-1"},"canonical":"https:\/\/www.laguiadepamplona.com\/actualidad\/el-ayuntamiento-acoge-la-reunion-del-itinerario-cultural-europeo-via-carlomagno-en-la-que-se-han-trabajado-entre-otros-temas-el-documento-de-adhesion-y-una-guia-turistica\/","og_locale":"es_ES","og_type":"article","og_title":"El Ayuntamiento acoge la reuni\u00f3n del Itinerario Cultural Europeo V\u00eda Carlomagno en la que se han trabajado, entre otros temas, el documento de adhesi\u00f3n y una gu\u00eda tur\u00edstica","og_description":"Han participado los municipios de Pamplona, Tudela, Estella, Roncesvalles, Burguete, Valcarlos, y Esteribar junto con otras entidades navarras","og_url":"https:\/\/www.laguiadepamplona.com\/actualidad\/el-ayuntamiento-acoge-la-reunion-del-itinerario-cultural-europeo-via-carlomagno-en-la-que-se-han-trabajado-entre-otros-temas-el-documento-de-adhesion-y-una-guia-turistica\/","og_site_name":"La Gu\u00eda de Pamplona","article_publisher":"https:\/\/www.facebook.com\/laguiadepamplonacom-133175176762273\/?ref=hl","article_published_time":"2019-11-27T11:56:48+00:00","article_modified_time":"2019-11-27T12:15:39+00:00","og_image":[{"width":1920,"height":1280,"url":"https:\/\/www.laguiadepamplona.com\/actualidad\/wp-content\/uploads\/2019\/11\/19.11.27_reunion_via_carlomagno.jpg","type":"image\/jpeg"}],"author":"La Gu\u00eda de Pamplona","twitter_card":"summary_large_image","twitter_creator":"@LaGuiadPamplona","twitter_site":"@LaGuiadPamplona","twitter_misc":{"Escrito por":"La Gu\u00eda de Pamplona","Tiempo de lectura":"3 minutos"},"schema":{"@context":"https:\/\/schema.org","@graph":[{"@type":"Article","@id":"https:\/\/www.laguiadepamplona.com\/actualidad\/el-ayuntamiento-acoge-la-reunion-del-itinerario-cultural-europeo-via-carlomagno-en-la-que-se-han-trabajado-entre-otros-temas-el-documento-de-adhesion-y-una-guia-turistica\/#article","isPartOf":{"@id":"https:\/\/www.laguiadepamplona.com\/actualidad\/el-ayuntamiento-acoge-la-reunion-del-itinerario-cultural-europeo-via-carlomagno-en-la-que-se-han-trabajado-entre-otros-temas-el-documento-de-adhesion-y-una-guia-turistica\/"},"author":{"name":"La Gu\u00eda de Pamplona","@id":"https:\/\/www.laguiadepamplona.com\/actualidad\/#\/schema\/person\/efe887376f0213d4657c93adc50b1fdb"},"headline":"El Ayuntamiento acoge la reuni\u00f3n del Itinerario Cultural Europeo V\u00eda Carlomagno en la que se han trabajado, entre otros temas, el documento de adhesi\u00f3n y una gu\u00eda tur\u00edstica","datePublished":"2019-11-27T11:56:48+00:00","dateModified":"2019-11-27T12:15:39+00:00","mainEntityOfPage":{"@id":"https:\/\/www.laguiadepamplona.com\/actualidad\/el-ayuntamiento-acoge-la-reunion-del-itinerario-cultural-europeo-via-carlomagno-en-la-que-se-han-trabajado-entre-otros-temas-el-documento-de-adhesion-y-una-guia-turistica\/"},"wordCount":562,"commentCount":0,"publisher":{"@id":"https:\/\/www.laguiadepamplona.com\/actualidad\/#organization"},"image":{"@id":"https:\/\/www.laguiadepamplona.com\/actualidad\/el-ayuntamiento-acoge-la-reunion-del-itinerario-cultural-europeo-via-carlomagno-en-la-que-se-han-trabajado-entre-otros-temas-el-documento-de-adhesion-y-una-guia-turistica\/#primaryimage"},"thumbnailUrl":"https:\/\/www.laguiadepamplona.com\/actualidad\/wp-content\/uploads\/2019\/11\/19.11.27_reunion_via_carlomagno.jpg","articleSection":["Ayto Pamplona"],"inLanguage":"es","potentialAction":[{"@type":"CommentAction","name":"Comment","target":["https:\/\/www.laguiadepamplona.com\/actualidad\/el-ayuntamiento-acoge-la-reunion-del-itinerario-cultural-europeo-via-carlomagno-en-la-que-se-han-trabajado-entre-otros-temas-el-documento-de-adhesion-y-una-guia-turistica\/#respond"]}]},{"@type":"WebPage","@id":"https:\/\/www.laguiadepamplona.com\/actualidad\/el-ayuntamiento-acoge-la-reunion-del-itinerario-cultural-europeo-via-carlomagno-en-la-que-se-han-trabajado-entre-otros-temas-el-documento-de-adhesion-y-una-guia-turistica\/","url":"https:\/\/www.laguiadepamplona.com\/actualidad\/el-ayuntamiento-acoge-la-reunion-del-itinerario-cultural-europeo-via-carlomagno-en-la-que-se-han-trabajado-entre-otros-temas-el-documento-de-adhesion-y-una-guia-turistica\/","name":"El Ayuntamiento acoge la reuni\u00f3n del Itinerario Cultural Europeo V\u00eda Carlomagno en la que se han trabajado, entre otros temas, el documento de adhesi\u00f3n y una gu\u00eda tur\u00edstica","isPartOf":{"@id":"https:\/\/www.laguiadepamplona.com\/actualidad\/#website"},"primaryImageOfPage":{"@id":"https:\/\/www.laguiadepamplona.com\/actualidad\/el-ayuntamiento-acoge-la-reunion-del-itinerario-cultural-europeo-via-carlomagno-en-la-que-se-han-trabajado-entre-otros-temas-el-documento-de-adhesion-y-una-guia-turistica\/#primaryimage"},"image":{"@id":"https:\/\/www.laguiadepamplona.com\/actualidad\/el-ayuntamiento-acoge-la-reunion-del-itinerario-cultural-europeo-via-carlomagno-en-la-que-se-han-trabajado-entre-otros-temas-el-documento-de-adhesion-y-una-guia-turistica\/#primaryimage"},"thumbnailUrl":"https:\/\/www.laguiadepamplona.com\/actualidad\/wp-content\/uploads\/2019\/11\/19.11.27_reunion_via_carlomagno.jpg","datePublished":"2019-11-27T11:56:48+00:00","dateModified":"2019-11-27T12:15:39+00:00","breadcrumb":{"@id":"https:\/\/www.laguiadepamplona.com\/actualidad\/el-ayuntamiento-acoge-la-reunion-del-itinerario-cultural-europeo-via-carlomagno-en-la-que-se-han-trabajado-entre-otros-temas-el-documento-de-adhesion-y-una-guia-turistica\/#breadcrumb"},"inLanguage":"es","potentialAction":[{"@type":"ReadAction","target":["https:\/\/www.laguiadepamplona.com\/actualidad\/el-ayuntamiento-acoge-la-reunion-del-itinerario-cultural-europeo-via-carlomagno-en-la-que-se-han-trabajado-entre-otros-temas-el-documento-de-adhesion-y-una-guia-turistica\/"]}]},{"@type":"ImageObject","inLanguage":"es","@id":"https:\/\/www.laguiadepamplona.com\/actualidad\/el-ayuntamiento-acoge-la-reunion-del-itinerario-cultural-europeo-via-carlomagno-en-la-que-se-han-trabajado-entre-otros-temas-el-documento-de-adhesion-y-una-guia-turistica\/#primaryimage","url":"https:\/\/www.laguiadepamplona.com\/actualidad\/wp-content\/uploads\/2019\/11\/19.11.27_reunion_via_carlomagno.jpg","contentUrl":"https:\/\/www.laguiadepamplona.com\/actualidad\/wp-content\/uploads\/2019\/11\/19.11.27_reunion_via_carlomagno.jpg","width":1920,"height":1280},{"@type":"BreadcrumbList","@id":"https:\/\/www.laguiadepamplona.com\/actualidad\/el-ayuntamiento-acoge-la-reunion-del-itinerario-cultural-europeo-via-carlomagno-en-la-que-se-han-trabajado-entre-otros-temas-el-documento-de-adhesion-y-una-guia-turistica\/#breadcrumb","itemListElement":[{"@type":"ListItem","position":1,"name":"Portada","item":"https:\/\/www.laguiadepamplona.com\/actualidad\/"},{"@type":"ListItem","position":2,"name":"El Ayuntamiento acoge la reuni\u00f3n del Itinerario Cultural Europeo V\u00eda Carlomagno en la que se han trabajado, entre otros temas, el documento de adhesi\u00f3n y una gu\u00eda tur\u00edstica"}]},{"@type":"WebSite","@id":"https:\/\/www.laguiadepamplona.com\/actualidad\/#website","url":"https:\/\/www.laguiadepamplona.com\/actualidad\/","name":"La gu\u00eda de Pamplona","description":"Noticias de Pamplona","publisher":{"@id":"https:\/\/www.laguiadepamplona.com\/actualidad\/#organization"},"potentialAction":[{"@type":"SearchAction","target":{"@type":"EntryPoint","urlTemplate":"https:\/\/www.laguiadepamplona.com\/actualidad\/?s={search_term_string}"},"query-input":{"@type":"PropertyValueSpecification","valueRequired":true,"valueName":"search_term_string"}}],"inLanguage":"es"},{"@type":"Organization","@id":"https:\/\/www.laguiadepamplona.com\/actualidad\/#organization","name":"La Gu\u00eda de Pamplona \/ Noticias","url":"https:\/\/www.laguiadepamplona.com\/actualidad\/","logo":{"@type":"ImageObject","inLanguage":"es","@id":"https:\/\/www.laguiadepamplona.com\/actualidad\/#\/schema\/logo\/image\/","url":"https:\/\/www.laguiadepamplona.com\/actualidad\/wp-content\/uploads\/2018\/11\/logo-laguiadepamplona18-web1.png","contentUrl":"https:\/\/www.laguiadepamplona.com\/actualidad\/wp-content\/uploads\/2018\/11\/logo-laguiadepamplona18-web1.png","width":600,"height":196,"caption":"La Gu\u00eda de Pamplona \/ Noticias"},"image":{"@id":"https:\/\/www.laguiadepamplona.com\/actualidad\/#\/schema\/logo\/image\/"},"sameAs":["https:\/\/www.facebook.com\/laguiadepamplonacom-133175176762273\/?ref=hl","https:\/\/x.com\/LaGuiadPamplona","https:\/\/www.instagram.com\/la_guia_de_pamplona\/","https:\/\/www.youtube.com\/user\/laguiadepamplona"]},{"@type":"Person","@id":"https:\/\/www.laguiadepamplona.com\/actualidad\/#\/schema\/person\/efe887376f0213d4657c93adc50b1fdb","name":"La Gu\u00eda de Pamplona","image":{"@type":"ImageObject","inLanguage":"es","@id":"https:\/\/secure.gravatar.com\/avatar\/b6992f131dc8d30ab0dff15446e9d346d9dbd95992de0fef795073f5ea83a81c?s=96&d=mm&r=g","url":"https:\/\/secure.gravatar.com\/avatar\/b6992f131dc8d30ab0dff15446e9d346d9dbd95992de0fef795073f5ea83a81c?s=96&d=mm&r=g","contentUrl":"https:\/\/secure.gravatar.com\/avatar\/b6992f131dc8d30ab0dff15446e9d346d9dbd95992de0fef795073f5ea83a81c?s=96&d=mm&r=g","caption":"La Gu\u00eda de Pamplona"}}]}},"post_mailing_queue_ids":[],"_links":{"self":[{"href":"https:\/\/www.laguiadepamplona.com\/actualidad\/wp-json\/wp\/v2\/posts\/26574","targetHints":{"allow":["GET"]}}],"collection":[{"href":"https:\/\/www.laguiadepamplona.com\/actualidad\/wp-json\/wp\/v2\/posts"}],"about":[{"href":"https:\/\/www.laguiadepamplona.com\/actualidad\/wp-json\/wp\/v2\/types\/post"}],"author":[{"embeddable":true,"href":"https:\/\/www.laguiadepamplona.com\/actualidad\/wp-json\/wp\/v2\/users\/1"}],"replies":[{"embeddable":true,"href":"https:\/\/www.laguiadepamplona.com\/actualidad\/wp-json\/wp\/v2\/comments?post=26574"}],"version-history":[{"count":0,"href":"https:\/\/www.laguiadepamplona.com\/actualidad\/wp-json\/wp\/v2\/posts\/26574\/revisions"}],"wp:featuredmedia":[{"embeddable":true,"href":"https:\/\/www.laguiadepamplona.com\/actualidad\/wp-json\/wp\/v2\/media\/26576"}],"wp:attachment":[{"href":"https:\/\/www.laguiadepamplona.com\/actualidad\/wp-json\/wp\/v2\/media?parent=26574"}],"wp:term":[{"taxonomy":"category","embeddable":true,"href":"https:\/\/www.laguiadepamplona.com\/actualidad\/wp-json\/wp\/v2\/categories?post=26574"},{"taxonomy":"post_tag","embeddable":true,"href":"https:\/\/www.laguiadepamplona.com\/actualidad\/wp-json\/wp\/v2\/tags?post=26574"}],"curies":[{"name":"wp","href":"https:\/\/api.w.org\/{rel}","templated":true}]}}