{"id":26569,"date":"2019-11-27T13:35:41","date_gmt":"2019-11-27T11:35:41","guid":{"rendered":"https:\/\/www.laguiadepamplona.es\/actualidad\/?p=26569"},"modified":"2019-11-27T14:09:33","modified_gmt":"2019-11-27T12:09:33","slug":"pamplona-celebra-el-viernes-la-festividad-de-san-saturnino-con-salida-de-los-gigantes-y-cabezudos-y-procesion-y-misa-en-honor-al-patron-de-la-ciudad","status":"publish","type":"post","link":"https:\/\/www.laguiadepamplona.com\/actualidad\/pamplona-celebra-el-viernes-la-festividad-de-san-saturnino-con-salida-de-los-gigantes-y-cabezudos-y-procesion-y-misa-en-honor-al-patron-de-la-ciudad\/","title":{"rendered":"Pamplona celebra el viernes la festividad de San Saturnino, con salida de los Gigantes y Cabezudos y procesi\u00f3n y misa en honor al patr\u00f3n de la ciudad"},"content":{"rendered":"<h5>Ya por la tarde, se inaugurar\u00e1 el Bel\u00e9n del zagu\u00e1n de la Casa Consistorial y se encender\u00e1 la iluminaci\u00f3n navide\u00f1a de la ciudad<\/h5>\n<p><!--more--><\/p>\n<p>El viernes 29 de noviembre, Pamplona celebra la festividad de San Saturnino, patr\u00f3n de la ciudad. El Ayuntamiento ha organizado para festejarlo un programa de actividades que incluye la salida de la comparsa Gigantes y Cabezudos, procesi\u00f3n y misa por la ma\u00f1ana, y la inauguraci\u00f3n del Bel\u00e9n del Ayuntamiento, el encendido de la iluminaci\u00f3n navide\u00f1a y La Pamplonesa en concierto por la tarde.<\/p>\n<p>La jornada comenzar\u00e1 a las 9.30 horas con la \u00faltima salida del a\u00f1o de la Comparsa de Gigantes y Cabezudos desde la estaci\u00f3n de autobuses. Se dirigir\u00e1 a la Plaza Consistorial por plaza de la Paz, Yanguas y Miranda, Garc\u00eda Xim\u00e9nez, San Ignacio, Comedias, Pozoblanco y Zapater\u00eda para unirse a la Corporaci\u00f3n municipal en el Ayuntamiento. A las 10.05 horas la Corporaci\u00f3n municipal saldr\u00e1 en cuerpo de ciudad para dirigirse a la iglesia de San Saturnino y asistir a la procesi\u00f3n en honor al santo patr\u00f3n de Pamplona.<\/p>\n<p>A las 10.15 horas comenzar\u00e1 la procesi\u00f3n, que recorrer\u00e1 la calle San Saturnino, calle Mayor, paseo del Dr. Arazuri, calle Nueva y regreso a la iglesia. En la procesi\u00f3n participar\u00e1n tambi\u00e9n la comparsa de Gigantes y Cabezudos, La Pamplonesa, los dantzaris y txistularis municipales, clarineros y timbaleros, libreas, maceros y guardia de gala. En caso de lluvia, el recorrido de la procesi\u00f3n podr\u00eda sufrir variaciones. A las 11 horas, se oficiar\u00e1 una eucarist\u00eda en la iglesia de San Saturnino que estar\u00e1 presidida por el arzobispo de Pamplona y obispo de Tudela, Francisco P\u00e9rez. La parte musical correr\u00e1 a cargo de la Capilla de M\u00fasica, con la colaboraci\u00f3n del Orfe\u00f3n Pamplon\u00e9s y la Orquesta Sinf\u00f3nica de Navarra.<\/p>\n<p>En torno a las 12.10 horas se prev\u00e9 que la comitiva regrese a la Plaza Consistorial, donde la comparsa de Gigantes y Cabezudos y el grupo de danzas Duguna bailar\u00e1n en honor de la Corporaci\u00f3n municipal. A continuaci\u00f3n, la comparsa regresar\u00e1 a la estaci\u00f3n de autobuses por las calles Mercaderes, Chapitela, Plaza del Castillo, paseo de Sarasate, Alh\u00f3ndiga, Tudela, Garc\u00eda Xim\u00e9nez, Yanguas y Miranda y plaza de la Paz.<\/p>\n<p><script async src=\"\/\/pagead2.googlesyndication.com\/pagead\/js\/adsbygoogle.js\"><\/script><br \/>\n<!-- Noticias La Guia de Pamplona --><br \/>\n<ins class=\"adsbygoogle\"\nstyle=\"display:block\"\ndata-ad-client=\"ca-pub-6943679897239327\"\ndata-ad-slot=\"7048180777\"\ndata-ad-format=\"auto\"><\/ins><br \/>\n<script>\n(adsbygoogle = window.adsbygoogle || []).push({});\n<\/script><\/p>\n<p><strong>Tarde prenavide\u00f1a con inauguraci\u00f3n del Bel\u00e9n y encendido de la iluminaci\u00f3n<\/strong><\/p>\n<p>Una de las novedades de la programaci\u00f3n de actos de San Saturnino es la inauguraci\u00f3n del Bel\u00e9n del zagu\u00e1n de la Casa Consistorial. Su apertura al p\u00fablico se adelanta casi un mes, ya que sol\u00eda abrirse coincidiendo con la lectura del preg\u00f3n, en torno al 20 de diciembre. La Asociaci\u00f3n de Belenistas de Pamplona se ha encargado tambi\u00e9n este a\u00f1o de un Bel\u00e9n que se inaugurar\u00e1 a las 17.30 horas.<\/p>\n<p>Poco despu\u00e9s, sobre las 17.45 horas en la propia Plaza Consistorial, se proceder\u00e1 al encendido de la iluminaci\u00f3n navide\u00f1a en la fachada del Ayuntamiento y en toda la ciudad. El acto estar\u00e1 amenizado por la Coral Oberena, que interpretar\u00e1 una selecci\u00f3n de villancicos y canciones populares navide\u00f1as. Este a\u00f1o la iluminaci\u00f3n apuesta por el colorido, la riqueza crom\u00e1tica y las sorpresas de los diferentes motivos navide\u00f1os. La Plaza del Castillo, la Plaza Consistorial o la avenida de Carlos III se han concebido como espacios destinados a la libre creaci\u00f3n en su decoraci\u00f3n lum\u00ednica, que se unir\u00e1n a las farolas, arcos y dem\u00e1s elementos en calles, plazas o fuentes del Casco Antiguo y los Ensanches. La iluminaci\u00f3n navide\u00f1a se encender\u00e1 de 17.45 a 21.30 horas. Los viernes y s\u00e1bados las luces se apagar\u00e1n a medianoche y las v\u00edsperas de los d\u00edas navide\u00f1os, es decir 24 y 31 de diciembre y 5 de enero, el horario se mantendr\u00e1 hasta la 1.45 horas. El Ayuntamiento destina a la iluminaci\u00f3n navide\u00f1a 118.580 euros.<\/p>\n<p><script async src=\"\/\/pagead2.googlesyndication.com\/pagead\/js\/adsbygoogle.js\"><\/script><br \/>\n<!-- Noticias La Guia de Pamplona --><br \/>\n<ins class=\"adsbygoogle\"\nstyle=\"display:block\"\ndata-ad-client=\"ca-pub-6943679897239327\"\ndata-ad-slot=\"7048180777\"\ndata-ad-format=\"auto\"><\/ins><br \/>\n<script>\n(adsbygoogle = window.adsbygoogle || []).push({});\n<\/script><\/p>\n<p><strong>Conciertos de La Pamplonesa<\/strong><\/p>\n<p>Un a\u00f1o m\u00e1s, La Pamplonesa no faltar\u00e1 a su tradicional cita con el p\u00fablico en San Saturnino. Y una vez m\u00e1s, centrar\u00e1 sus dos conciertos, el jueves 28 y el viernes 29 de noviembre, a la zarzuela. La banda municipal de m\u00fasica dedicar\u00e1 esas dos actuaciones al t\u00edtulo \u2018Gigantes y Cabezudos\u2019 del maestro Manuel Fern\u00e1ndez Caballero (1835-1906) y libreto de Miguel Echegaray e Izaguirre (1848- 1927). Dirigir\u00e1 a la banda J. Vicent Egea.<\/p>\n<p>Con la colaboraci\u00f3n del coro de AGAO y Mar\u00eda Ayestar\u00e1n Garralda como personaje principal, se interpretar\u00e1 una obra estrenada en el madrile\u00f1o Teatro de la Zarzuela hace ahora 121 a\u00f1os, el 29 de noviembre de 1898, d\u00eda de San Saturnino, y apenas once d\u00edas antes de la firma del Tratado de Par\u00eds en el que se declaraba la independencia de Cuba respecto de Espa\u00f1a. Para La Pamplonesa esta obra no es una m\u00e1s ya que en su 75 aniversario, celebrado en 1994, \u2018Gigantes y Cabezudos\u2019 se escenific\u00f3 en la Plaza de Toros de Pamplona bajo la batuta de Ricardo Garc\u00eda Cerd\u00e1. Participar\u00e1n tambi\u00e9n la Escuela de Danza del Gobierno de Navarra y la comparsa de Gigantes y Cabezudos.<\/p>\n<p>Ambos conciertos comenzar\u00e1n a las 20 horas, con entradas a la venta a precios de 5 y 10 euros. Las localidades se pueden adquirir en la taquilla del Teatro Gayarre, en horario de 12 a 14 y de 17.30 a 20.30 horas, y de forma on-line a trav\u00e9s de www.teatrogayarre.com<\/p>\n<p><script async src=\"\/\/pagead2.googlesyndication.com\/pagead\/js\/adsbygoogle.js\"><\/script><br \/>\n<!-- Noticias La Guia de Pamplona --><br \/>\n<ins class=\"adsbygoogle\"\nstyle=\"display:block\"\ndata-ad-client=\"ca-pub-6943679897239327\"\ndata-ad-slot=\"7048180777\"\ndata-ad-format=\"auto\"><\/ins><br \/>\n<script>\n(adsbygoogle = window.adsbygoogle || []).push({});\n<\/script><\/p>\n<h3><span style=\"color: #ff0000;\">Festividad de San Saturnino. Viernes 29 de noviembre<\/span><\/h3>\n<ul>\n<li><strong>09.30 horas \u2013 SALIDA DE LA COMPARSA DE GIGANTES Y CABEZUDOS. <\/strong>Estaci\u00f3n de autobuses<\/li>\n<\/ul>\n<p>Plaza de la Paz, Yanguas y Miranda, Garc\u00eda Xim\u00e9nez, San Ignacio, Comedias, Pozoblanco, Zapater\u00eda y Plaza Consistorial<\/p>\n<ul>\n<li><strong>10.05 horas \u2013 SALIDA DE LA CORPORACI\u00d3N MUNICIPAL EN CUERPO DE CIUDAD.<\/strong> Plaza Consistorial<\/li>\n<li><strong>10.15 horas \u2013 PROCESI\u00d3N<\/strong><\/li>\n<\/ul>\n<p>Calle San Saturnino, Mayor, paseo del Dr. Arazuri, Nueva y San Saturnino hasta la iglesia<\/p>\n<ul>\n<li><strong>11.00 horas \u2013 MISA. <\/strong>Iglesia de San Saturnino<\/li>\n<\/ul>\n<p>Parte musical a cargo de la Capilla de M\u00fasica, con la colaboraci\u00f3n del Orfe\u00f3n Pamplon\u00e9s y la Orquesta Sinf\u00f3nica de Navarra. Posterior regreso a la Casa Consistorial a las 12.10 horas, aproximadamente<\/p>\n<ul>\n<li><strong>REGRESO DE LA COMPARSA DE GIGANTES Y CABEZUDOS<\/strong><\/li>\n<\/ul>\n<p>Plaza Consistorial, Mercaderes, Chapitela, Plaza del Castillo, paseo de Sarasate, Alh\u00f3ndiga, Tudela, Garc\u00eda Xim\u00e9nez, Yanguas y Miranda, plaza de la Paz y estaci\u00f3n de autobuses<\/p>\n<ul>\n<li><strong>17.30 horas \u2013 INAUGURACI\u00d3N DEL BEL\u00c9N.<\/strong> Zagu\u00e1n del Ayuntamiento de Pamplona<\/li>\n<li><strong>17.45 horas \u2013 ENCENDIDO DE LA ILUMINACI\u00d3N NAVIDE\u00d1A.<\/strong> Plaza Consistorial<\/li>\n<li><strong>20.00 horas \u2013 CONCIERTO DE LA PAMPLONESA.<\/strong> \u2018Antolog\u00eda de la Zarzuela: Gigantes y Cabezudos\u2019. Teatro Gayarre. Entrada: 5 &#8211; 10 euros<\/li>\n<\/ul>\n<p>&nbsp;<\/p>\n<p>&nbsp;<\/p>\n","protected":false},"excerpt":{"rendered":"<p>Ya por la tarde, se inaugurar\u00e1 el Bel\u00e9n del zagu\u00e1n de la Casa Consistorial y se encender\u00e1 la iluminaci\u00f3n navide\u00f1a de la ciudad<\/p>\n","protected":false},"author":1,"featured_media":14383,"comment_status":"open","ping_status":"closed","sticky":false,"template":"","format":"standard","meta":{"footnotes":""},"categories":[2],"tags":[],"class_list":["post-26569","post","type-post","status-publish","format-standard","has-post-thumbnail","hentry","category-ayuntamiento-pamplona"],"yoast_head":"<!-- This site is optimized with the Yoast SEO plugin v27.3 - https:\/\/yoast.com\/product\/yoast-seo-wordpress\/ -->\n<title>Pamplona celebra el viernes la festividad de San Saturnino, con salida de los Gigantes y Cabezudos y procesi\u00f3n y misa en honor al patr\u00f3n de la ciudad<\/title>\n<meta name=\"robots\" content=\"index, follow, max-snippet:-1, max-image-preview:large, max-video-preview:-1\" \/>\n<link rel=\"canonical\" href=\"https:\/\/www.laguiadepamplona.com\/actualidad\/pamplona-celebra-el-viernes-la-festividad-de-san-saturnino-con-salida-de-los-gigantes-y-cabezudos-y-procesion-y-misa-en-honor-al-patron-de-la-ciudad\/\" \/>\n<meta property=\"og:locale\" content=\"es_ES\" \/>\n<meta property=\"og:type\" content=\"article\" \/>\n<meta property=\"og:title\" content=\"Pamplona celebra el viernes la festividad de San Saturnino, con salida de los Gigantes y Cabezudos y procesi\u00f3n y misa en honor al patr\u00f3n de la ciudad\" \/>\n<meta property=\"og:description\" content=\"Ya por la tarde, se inaugurar\u00e1 el Bel\u00e9n del zagu\u00e1n de la Casa Consistorial y se encender\u00e1 la iluminaci\u00f3n navide\u00f1a de la ciudad\" \/>\n<meta property=\"og:url\" content=\"https:\/\/www.laguiadepamplona.com\/actualidad\/pamplona-celebra-el-viernes-la-festividad-de-san-saturnino-con-salida-de-los-gigantes-y-cabezudos-y-procesion-y-misa-en-honor-al-patron-de-la-ciudad\/\" \/>\n<meta property=\"og:site_name\" content=\"La Gu\u00eda de Pamplona\" \/>\n<meta property=\"article:publisher\" content=\"https:\/\/www.facebook.com\/laguiadepamplonacom-133175176762273\/?ref=hl\" \/>\n<meta property=\"article:published_time\" content=\"2019-11-27T11:35:41+00:00\" \/>\n<meta property=\"article:modified_time\" content=\"2019-11-27T12:09:33+00:00\" \/>\n<meta property=\"og:image\" content=\"https:\/\/www.laguiadepamplona.com\/actualidad\/wp-content\/uploads\/2017\/09\/gigantes-y-cabezudos.jpg\" \/>\n\t<meta property=\"og:image:width\" content=\"1000\" \/>\n\t<meta property=\"og:image:height\" content=\"667\" \/>\n\t<meta property=\"og:image:type\" content=\"image\/jpeg\" \/>\n<meta name=\"author\" content=\"La Gu\u00eda de Pamplona\" \/>\n<meta name=\"twitter:card\" content=\"summary_large_image\" \/>\n<meta name=\"twitter:creator\" content=\"@LaGuiadPamplona\" \/>\n<meta name=\"twitter:site\" content=\"@LaGuiadPamplona\" \/>\n<meta name=\"twitter:label1\" content=\"Escrito por\" \/>\n\t<meta name=\"twitter:data1\" content=\"La Gu\u00eda de Pamplona\" \/>\n\t<meta name=\"twitter:label2\" content=\"Tiempo de lectura\" \/>\n\t<meta name=\"twitter:data2\" content=\"6 minutos\" \/>\n<script type=\"application\/ld+json\" class=\"yoast-schema-graph\">{\"@context\":\"https:\\\/\\\/schema.org\",\"@graph\":[{\"@type\":\"Article\",\"@id\":\"https:\\\/\\\/www.laguiadepamplona.com\\\/actualidad\\\/pamplona-celebra-el-viernes-la-festividad-de-san-saturnino-con-salida-de-los-gigantes-y-cabezudos-y-procesion-y-misa-en-honor-al-patron-de-la-ciudad\\\/#article\",\"isPartOf\":{\"@id\":\"https:\\\/\\\/www.laguiadepamplona.com\\\/actualidad\\\/pamplona-celebra-el-viernes-la-festividad-de-san-saturnino-con-salida-de-los-gigantes-y-cabezudos-y-procesion-y-misa-en-honor-al-patron-de-la-ciudad\\\/\"},\"author\":{\"name\":\"La Gu\u00eda de Pamplona\",\"@id\":\"https:\\\/\\\/www.laguiadepamplona.com\\\/actualidad\\\/#\\\/schema\\\/person\\\/efe887376f0213d4657c93adc50b1fdb\"},\"headline\":\"Pamplona celebra el viernes la festividad de San Saturnino, con salida de los Gigantes y Cabezudos y procesi\u00f3n y misa en honor al patr\u00f3n de la ciudad\",\"datePublished\":\"2019-11-27T11:35:41+00:00\",\"dateModified\":\"2019-11-27T12:09:33+00:00\",\"mainEntityOfPage\":{\"@id\":\"https:\\\/\\\/www.laguiadepamplona.com\\\/actualidad\\\/pamplona-celebra-el-viernes-la-festividad-de-san-saturnino-con-salida-de-los-gigantes-y-cabezudos-y-procesion-y-misa-en-honor-al-patron-de-la-ciudad\\\/\"},\"wordCount\":1146,\"commentCount\":0,\"publisher\":{\"@id\":\"https:\\\/\\\/www.laguiadepamplona.com\\\/actualidad\\\/#organization\"},\"image\":{\"@id\":\"https:\\\/\\\/www.laguiadepamplona.com\\\/actualidad\\\/pamplona-celebra-el-viernes-la-festividad-de-san-saturnino-con-salida-de-los-gigantes-y-cabezudos-y-procesion-y-misa-en-honor-al-patron-de-la-ciudad\\\/#primaryimage\"},\"thumbnailUrl\":\"https:\\\/\\\/www.laguiadepamplona.com\\\/actualidad\\\/wp-content\\\/uploads\\\/2017\\\/09\\\/gigantes-y-cabezudos.jpg\",\"articleSection\":[\"Ayto Pamplona\"],\"inLanguage\":\"es\",\"potentialAction\":[{\"@type\":\"CommentAction\",\"name\":\"Comment\",\"target\":[\"https:\\\/\\\/www.laguiadepamplona.com\\\/actualidad\\\/pamplona-celebra-el-viernes-la-festividad-de-san-saturnino-con-salida-de-los-gigantes-y-cabezudos-y-procesion-y-misa-en-honor-al-patron-de-la-ciudad\\\/#respond\"]}]},{\"@type\":\"WebPage\",\"@id\":\"https:\\\/\\\/www.laguiadepamplona.com\\\/actualidad\\\/pamplona-celebra-el-viernes-la-festividad-de-san-saturnino-con-salida-de-los-gigantes-y-cabezudos-y-procesion-y-misa-en-honor-al-patron-de-la-ciudad\\\/\",\"url\":\"https:\\\/\\\/www.laguiadepamplona.com\\\/actualidad\\\/pamplona-celebra-el-viernes-la-festividad-de-san-saturnino-con-salida-de-los-gigantes-y-cabezudos-y-procesion-y-misa-en-honor-al-patron-de-la-ciudad\\\/\",\"name\":\"Pamplona celebra el viernes la festividad de San Saturnino, con salida de los Gigantes y Cabezudos y procesi\u00f3n y misa en honor al patr\u00f3n de la ciudad\",\"isPartOf\":{\"@id\":\"https:\\\/\\\/www.laguiadepamplona.com\\\/actualidad\\\/#website\"},\"primaryImageOfPage\":{\"@id\":\"https:\\\/\\\/www.laguiadepamplona.com\\\/actualidad\\\/pamplona-celebra-el-viernes-la-festividad-de-san-saturnino-con-salida-de-los-gigantes-y-cabezudos-y-procesion-y-misa-en-honor-al-patron-de-la-ciudad\\\/#primaryimage\"},\"image\":{\"@id\":\"https:\\\/\\\/www.laguiadepamplona.com\\\/actualidad\\\/pamplona-celebra-el-viernes-la-festividad-de-san-saturnino-con-salida-de-los-gigantes-y-cabezudos-y-procesion-y-misa-en-honor-al-patron-de-la-ciudad\\\/#primaryimage\"},\"thumbnailUrl\":\"https:\\\/\\\/www.laguiadepamplona.com\\\/actualidad\\\/wp-content\\\/uploads\\\/2017\\\/09\\\/gigantes-y-cabezudos.jpg\",\"datePublished\":\"2019-11-27T11:35:41+00:00\",\"dateModified\":\"2019-11-27T12:09:33+00:00\",\"breadcrumb\":{\"@id\":\"https:\\\/\\\/www.laguiadepamplona.com\\\/actualidad\\\/pamplona-celebra-el-viernes-la-festividad-de-san-saturnino-con-salida-de-los-gigantes-y-cabezudos-y-procesion-y-misa-en-honor-al-patron-de-la-ciudad\\\/#breadcrumb\"},\"inLanguage\":\"es\",\"potentialAction\":[{\"@type\":\"ReadAction\",\"target\":[\"https:\\\/\\\/www.laguiadepamplona.com\\\/actualidad\\\/pamplona-celebra-el-viernes-la-festividad-de-san-saturnino-con-salida-de-los-gigantes-y-cabezudos-y-procesion-y-misa-en-honor-al-patron-de-la-ciudad\\\/\"]}]},{\"@type\":\"ImageObject\",\"inLanguage\":\"es\",\"@id\":\"https:\\\/\\\/www.laguiadepamplona.com\\\/actualidad\\\/pamplona-celebra-el-viernes-la-festividad-de-san-saturnino-con-salida-de-los-gigantes-y-cabezudos-y-procesion-y-misa-en-honor-al-patron-de-la-ciudad\\\/#primaryimage\",\"url\":\"https:\\\/\\\/www.laguiadepamplona.com\\\/actualidad\\\/wp-content\\\/uploads\\\/2017\\\/09\\\/gigantes-y-cabezudos.jpg\",\"contentUrl\":\"https:\\\/\\\/www.laguiadepamplona.com\\\/actualidad\\\/wp-content\\\/uploads\\\/2017\\\/09\\\/gigantes-y-cabezudos.jpg\",\"width\":1000,\"height\":667},{\"@type\":\"BreadcrumbList\",\"@id\":\"https:\\\/\\\/www.laguiadepamplona.com\\\/actualidad\\\/pamplona-celebra-el-viernes-la-festividad-de-san-saturnino-con-salida-de-los-gigantes-y-cabezudos-y-procesion-y-misa-en-honor-al-patron-de-la-ciudad\\\/#breadcrumb\",\"itemListElement\":[{\"@type\":\"ListItem\",\"position\":1,\"name\":\"Portada\",\"item\":\"https:\\\/\\\/www.laguiadepamplona.com\\\/actualidad\\\/\"},{\"@type\":\"ListItem\",\"position\":2,\"name\":\"Pamplona celebra el viernes la festividad de San Saturnino, con salida de los Gigantes y Cabezudos y procesi\u00f3n y misa en honor al patr\u00f3n de la ciudad\"}]},{\"@type\":\"WebSite\",\"@id\":\"https:\\\/\\\/www.laguiadepamplona.com\\\/actualidad\\\/#website\",\"url\":\"https:\\\/\\\/www.laguiadepamplona.com\\\/actualidad\\\/\",\"name\":\"La gu\u00eda de Pamplona\",\"description\":\"Noticias de Pamplona\",\"publisher\":{\"@id\":\"https:\\\/\\\/www.laguiadepamplona.com\\\/actualidad\\\/#organization\"},\"potentialAction\":[{\"@type\":\"SearchAction\",\"target\":{\"@type\":\"EntryPoint\",\"urlTemplate\":\"https:\\\/\\\/www.laguiadepamplona.com\\\/actualidad\\\/?s={search_term_string}\"},\"query-input\":{\"@type\":\"PropertyValueSpecification\",\"valueRequired\":true,\"valueName\":\"search_term_string\"}}],\"inLanguage\":\"es\"},{\"@type\":\"Organization\",\"@id\":\"https:\\\/\\\/www.laguiadepamplona.com\\\/actualidad\\\/#organization\",\"name\":\"La Gu\u00eda de Pamplona \\\/ Noticias\",\"url\":\"https:\\\/\\\/www.laguiadepamplona.com\\\/actualidad\\\/\",\"logo\":{\"@type\":\"ImageObject\",\"inLanguage\":\"es\",\"@id\":\"https:\\\/\\\/www.laguiadepamplona.com\\\/actualidad\\\/#\\\/schema\\\/logo\\\/image\\\/\",\"url\":\"https:\\\/\\\/www.laguiadepamplona.com\\\/actualidad\\\/wp-content\\\/uploads\\\/2018\\\/11\\\/logo-laguiadepamplona18-web1.png\",\"contentUrl\":\"https:\\\/\\\/www.laguiadepamplona.com\\\/actualidad\\\/wp-content\\\/uploads\\\/2018\\\/11\\\/logo-laguiadepamplona18-web1.png\",\"width\":600,\"height\":196,\"caption\":\"La Gu\u00eda de Pamplona \\\/ Noticias\"},\"image\":{\"@id\":\"https:\\\/\\\/www.laguiadepamplona.com\\\/actualidad\\\/#\\\/schema\\\/logo\\\/image\\\/\"},\"sameAs\":[\"https:\\\/\\\/www.facebook.com\\\/laguiadepamplonacom-133175176762273\\\/?ref=hl\",\"https:\\\/\\\/x.com\\\/LaGuiadPamplona\",\"https:\\\/\\\/www.instagram.com\\\/la_guia_de_pamplona\\\/\",\"https:\\\/\\\/www.youtube.com\\\/user\\\/laguiadepamplona\"]},{\"@type\":\"Person\",\"@id\":\"https:\\\/\\\/www.laguiadepamplona.com\\\/actualidad\\\/#\\\/schema\\\/person\\\/efe887376f0213d4657c93adc50b1fdb\",\"name\":\"La Gu\u00eda de Pamplona\",\"image\":{\"@type\":\"ImageObject\",\"inLanguage\":\"es\",\"@id\":\"https:\\\/\\\/secure.gravatar.com\\\/avatar\\\/b6992f131dc8d30ab0dff15446e9d346d9dbd95992de0fef795073f5ea83a81c?s=96&d=mm&r=g\",\"url\":\"https:\\\/\\\/secure.gravatar.com\\\/avatar\\\/b6992f131dc8d30ab0dff15446e9d346d9dbd95992de0fef795073f5ea83a81c?s=96&d=mm&r=g\",\"contentUrl\":\"https:\\\/\\\/secure.gravatar.com\\\/avatar\\\/b6992f131dc8d30ab0dff15446e9d346d9dbd95992de0fef795073f5ea83a81c?s=96&d=mm&r=g\",\"caption\":\"La Gu\u00eda de Pamplona\"}}]}<\/script>\n<!-- \/ Yoast SEO plugin. -->","yoast_head_json":{"title":"Pamplona celebra el viernes la festividad de San Saturnino, con salida de los Gigantes y Cabezudos y procesi\u00f3n y misa en honor al patr\u00f3n de la ciudad","robots":{"index":"index","follow":"follow","max-snippet":"max-snippet:-1","max-image-preview":"max-image-preview:large","max-video-preview":"max-video-preview:-1"},"canonical":"https:\/\/www.laguiadepamplona.com\/actualidad\/pamplona-celebra-el-viernes-la-festividad-de-san-saturnino-con-salida-de-los-gigantes-y-cabezudos-y-procesion-y-misa-en-honor-al-patron-de-la-ciudad\/","og_locale":"es_ES","og_type":"article","og_title":"Pamplona celebra el viernes la festividad de San Saturnino, con salida de los Gigantes y Cabezudos y procesi\u00f3n y misa en honor al patr\u00f3n de la ciudad","og_description":"Ya por la tarde, se inaugurar\u00e1 el Bel\u00e9n del zagu\u00e1n de la Casa Consistorial y se encender\u00e1 la iluminaci\u00f3n navide\u00f1a de la ciudad","og_url":"https:\/\/www.laguiadepamplona.com\/actualidad\/pamplona-celebra-el-viernes-la-festividad-de-san-saturnino-con-salida-de-los-gigantes-y-cabezudos-y-procesion-y-misa-en-honor-al-patron-de-la-ciudad\/","og_site_name":"La Gu\u00eda de Pamplona","article_publisher":"https:\/\/www.facebook.com\/laguiadepamplonacom-133175176762273\/?ref=hl","article_published_time":"2019-11-27T11:35:41+00:00","article_modified_time":"2019-11-27T12:09:33+00:00","og_image":[{"width":1000,"height":667,"url":"https:\/\/www.laguiadepamplona.com\/actualidad\/wp-content\/uploads\/2017\/09\/gigantes-y-cabezudos.jpg","type":"image\/jpeg"}],"author":"La Gu\u00eda de Pamplona","twitter_card":"summary_large_image","twitter_creator":"@LaGuiadPamplona","twitter_site":"@LaGuiadPamplona","twitter_misc":{"Escrito por":"La Gu\u00eda de Pamplona","Tiempo de lectura":"6 minutos"},"schema":{"@context":"https:\/\/schema.org","@graph":[{"@type":"Article","@id":"https:\/\/www.laguiadepamplona.com\/actualidad\/pamplona-celebra-el-viernes-la-festividad-de-san-saturnino-con-salida-de-los-gigantes-y-cabezudos-y-procesion-y-misa-en-honor-al-patron-de-la-ciudad\/#article","isPartOf":{"@id":"https:\/\/www.laguiadepamplona.com\/actualidad\/pamplona-celebra-el-viernes-la-festividad-de-san-saturnino-con-salida-de-los-gigantes-y-cabezudos-y-procesion-y-misa-en-honor-al-patron-de-la-ciudad\/"},"author":{"name":"La Gu\u00eda de Pamplona","@id":"https:\/\/www.laguiadepamplona.com\/actualidad\/#\/schema\/person\/efe887376f0213d4657c93adc50b1fdb"},"headline":"Pamplona celebra el viernes la festividad de San Saturnino, con salida de los Gigantes y Cabezudos y procesi\u00f3n y misa en honor al patr\u00f3n de la ciudad","datePublished":"2019-11-27T11:35:41+00:00","dateModified":"2019-11-27T12:09:33+00:00","mainEntityOfPage":{"@id":"https:\/\/www.laguiadepamplona.com\/actualidad\/pamplona-celebra-el-viernes-la-festividad-de-san-saturnino-con-salida-de-los-gigantes-y-cabezudos-y-procesion-y-misa-en-honor-al-patron-de-la-ciudad\/"},"wordCount":1146,"commentCount":0,"publisher":{"@id":"https:\/\/www.laguiadepamplona.com\/actualidad\/#organization"},"image":{"@id":"https:\/\/www.laguiadepamplona.com\/actualidad\/pamplona-celebra-el-viernes-la-festividad-de-san-saturnino-con-salida-de-los-gigantes-y-cabezudos-y-procesion-y-misa-en-honor-al-patron-de-la-ciudad\/#primaryimage"},"thumbnailUrl":"https:\/\/www.laguiadepamplona.com\/actualidad\/wp-content\/uploads\/2017\/09\/gigantes-y-cabezudos.jpg","articleSection":["Ayto Pamplona"],"inLanguage":"es","potentialAction":[{"@type":"CommentAction","name":"Comment","target":["https:\/\/www.laguiadepamplona.com\/actualidad\/pamplona-celebra-el-viernes-la-festividad-de-san-saturnino-con-salida-de-los-gigantes-y-cabezudos-y-procesion-y-misa-en-honor-al-patron-de-la-ciudad\/#respond"]}]},{"@type":"WebPage","@id":"https:\/\/www.laguiadepamplona.com\/actualidad\/pamplona-celebra-el-viernes-la-festividad-de-san-saturnino-con-salida-de-los-gigantes-y-cabezudos-y-procesion-y-misa-en-honor-al-patron-de-la-ciudad\/","url":"https:\/\/www.laguiadepamplona.com\/actualidad\/pamplona-celebra-el-viernes-la-festividad-de-san-saturnino-con-salida-de-los-gigantes-y-cabezudos-y-procesion-y-misa-en-honor-al-patron-de-la-ciudad\/","name":"Pamplona celebra el viernes la festividad de San Saturnino, con salida de los Gigantes y Cabezudos y procesi\u00f3n y misa en honor al patr\u00f3n de la ciudad","isPartOf":{"@id":"https:\/\/www.laguiadepamplona.com\/actualidad\/#website"},"primaryImageOfPage":{"@id":"https:\/\/www.laguiadepamplona.com\/actualidad\/pamplona-celebra-el-viernes-la-festividad-de-san-saturnino-con-salida-de-los-gigantes-y-cabezudos-y-procesion-y-misa-en-honor-al-patron-de-la-ciudad\/#primaryimage"},"image":{"@id":"https:\/\/www.laguiadepamplona.com\/actualidad\/pamplona-celebra-el-viernes-la-festividad-de-san-saturnino-con-salida-de-los-gigantes-y-cabezudos-y-procesion-y-misa-en-honor-al-patron-de-la-ciudad\/#primaryimage"},"thumbnailUrl":"https:\/\/www.laguiadepamplona.com\/actualidad\/wp-content\/uploads\/2017\/09\/gigantes-y-cabezudos.jpg","datePublished":"2019-11-27T11:35:41+00:00","dateModified":"2019-11-27T12:09:33+00:00","breadcrumb":{"@id":"https:\/\/www.laguiadepamplona.com\/actualidad\/pamplona-celebra-el-viernes-la-festividad-de-san-saturnino-con-salida-de-los-gigantes-y-cabezudos-y-procesion-y-misa-en-honor-al-patron-de-la-ciudad\/#breadcrumb"},"inLanguage":"es","potentialAction":[{"@type":"ReadAction","target":["https:\/\/www.laguiadepamplona.com\/actualidad\/pamplona-celebra-el-viernes-la-festividad-de-san-saturnino-con-salida-de-los-gigantes-y-cabezudos-y-procesion-y-misa-en-honor-al-patron-de-la-ciudad\/"]}]},{"@type":"ImageObject","inLanguage":"es","@id":"https:\/\/www.laguiadepamplona.com\/actualidad\/pamplona-celebra-el-viernes-la-festividad-de-san-saturnino-con-salida-de-los-gigantes-y-cabezudos-y-procesion-y-misa-en-honor-al-patron-de-la-ciudad\/#primaryimage","url":"https:\/\/www.laguiadepamplona.com\/actualidad\/wp-content\/uploads\/2017\/09\/gigantes-y-cabezudos.jpg","contentUrl":"https:\/\/www.laguiadepamplona.com\/actualidad\/wp-content\/uploads\/2017\/09\/gigantes-y-cabezudos.jpg","width":1000,"height":667},{"@type":"BreadcrumbList","@id":"https:\/\/www.laguiadepamplona.com\/actualidad\/pamplona-celebra-el-viernes-la-festividad-de-san-saturnino-con-salida-de-los-gigantes-y-cabezudos-y-procesion-y-misa-en-honor-al-patron-de-la-ciudad\/#breadcrumb","itemListElement":[{"@type":"ListItem","position":1,"name":"Portada","item":"https:\/\/www.laguiadepamplona.com\/actualidad\/"},{"@type":"ListItem","position":2,"name":"Pamplona celebra el viernes la festividad de San Saturnino, con salida de los Gigantes y Cabezudos y procesi\u00f3n y misa en honor al patr\u00f3n de la ciudad"}]},{"@type":"WebSite","@id":"https:\/\/www.laguiadepamplona.com\/actualidad\/#website","url":"https:\/\/www.laguiadepamplona.com\/actualidad\/","name":"La gu\u00eda de Pamplona","description":"Noticias de Pamplona","publisher":{"@id":"https:\/\/www.laguiadepamplona.com\/actualidad\/#organization"},"potentialAction":[{"@type":"SearchAction","target":{"@type":"EntryPoint","urlTemplate":"https:\/\/www.laguiadepamplona.com\/actualidad\/?s={search_term_string}"},"query-input":{"@type":"PropertyValueSpecification","valueRequired":true,"valueName":"search_term_string"}}],"inLanguage":"es"},{"@type":"Organization","@id":"https:\/\/www.laguiadepamplona.com\/actualidad\/#organization","name":"La Gu\u00eda de Pamplona \/ Noticias","url":"https:\/\/www.laguiadepamplona.com\/actualidad\/","logo":{"@type":"ImageObject","inLanguage":"es","@id":"https:\/\/www.laguiadepamplona.com\/actualidad\/#\/schema\/logo\/image\/","url":"https:\/\/www.laguiadepamplona.com\/actualidad\/wp-content\/uploads\/2018\/11\/logo-laguiadepamplona18-web1.png","contentUrl":"https:\/\/www.laguiadepamplona.com\/actualidad\/wp-content\/uploads\/2018\/11\/logo-laguiadepamplona18-web1.png","width":600,"height":196,"caption":"La Gu\u00eda de Pamplona \/ Noticias"},"image":{"@id":"https:\/\/www.laguiadepamplona.com\/actualidad\/#\/schema\/logo\/image\/"},"sameAs":["https:\/\/www.facebook.com\/laguiadepamplonacom-133175176762273\/?ref=hl","https:\/\/x.com\/LaGuiadPamplona","https:\/\/www.instagram.com\/la_guia_de_pamplona\/","https:\/\/www.youtube.com\/user\/laguiadepamplona"]},{"@type":"Person","@id":"https:\/\/www.laguiadepamplona.com\/actualidad\/#\/schema\/person\/efe887376f0213d4657c93adc50b1fdb","name":"La Gu\u00eda de Pamplona","image":{"@type":"ImageObject","inLanguage":"es","@id":"https:\/\/secure.gravatar.com\/avatar\/b6992f131dc8d30ab0dff15446e9d346d9dbd95992de0fef795073f5ea83a81c?s=96&d=mm&r=g","url":"https:\/\/secure.gravatar.com\/avatar\/b6992f131dc8d30ab0dff15446e9d346d9dbd95992de0fef795073f5ea83a81c?s=96&d=mm&r=g","contentUrl":"https:\/\/secure.gravatar.com\/avatar\/b6992f131dc8d30ab0dff15446e9d346d9dbd95992de0fef795073f5ea83a81c?s=96&d=mm&r=g","caption":"La Gu\u00eda de Pamplona"}}]}},"post_mailing_queue_ids":[],"_links":{"self":[{"href":"https:\/\/www.laguiadepamplona.com\/actualidad\/wp-json\/wp\/v2\/posts\/26569","targetHints":{"allow":["GET"]}}],"collection":[{"href":"https:\/\/www.laguiadepamplona.com\/actualidad\/wp-json\/wp\/v2\/posts"}],"about":[{"href":"https:\/\/www.laguiadepamplona.com\/actualidad\/wp-json\/wp\/v2\/types\/post"}],"author":[{"embeddable":true,"href":"https:\/\/www.laguiadepamplona.com\/actualidad\/wp-json\/wp\/v2\/users\/1"}],"replies":[{"embeddable":true,"href":"https:\/\/www.laguiadepamplona.com\/actualidad\/wp-json\/wp\/v2\/comments?post=26569"}],"version-history":[{"count":0,"href":"https:\/\/www.laguiadepamplona.com\/actualidad\/wp-json\/wp\/v2\/posts\/26569\/revisions"}],"wp:featuredmedia":[{"embeddable":true,"href":"https:\/\/www.laguiadepamplona.com\/actualidad\/wp-json\/wp\/v2\/media\/14383"}],"wp:attachment":[{"href":"https:\/\/www.laguiadepamplona.com\/actualidad\/wp-json\/wp\/v2\/media?parent=26569"}],"wp:term":[{"taxonomy":"category","embeddable":true,"href":"https:\/\/www.laguiadepamplona.com\/actualidad\/wp-json\/wp\/v2\/categories?post=26569"},{"taxonomy":"post_tag","embeddable":true,"href":"https:\/\/www.laguiadepamplona.com\/actualidad\/wp-json\/wp\/v2\/tags?post=26569"}],"curies":[{"name":"wp","href":"https:\/\/api.w.org\/{rel}","templated":true}]}}