{"id":26542,"date":"2019-11-26T20:13:49","date_gmt":"2019-11-26T18:13:49","guid":{"rendered":"https:\/\/www.laguiadepamplona.es\/actualidad\/?p=26542"},"modified":"2019-11-26T20:14:11","modified_gmt":"2019-11-26T18:14:11","slug":"pamplona-presenta-en-la-feria-ibtm-world-en-barcelona-su-apuesta-por-el-turismo-de-congresos","status":"publish","type":"post","link":"https:\/\/www.laguiadepamplona.com\/actualidad\/pamplona-presenta-en-la-feria-ibtm-world-en-barcelona-su-apuesta-por-el-turismo-de-congresos\/","title":{"rendered":"Pamplona presenta en la feria IBTM World en Barcelona su apuesta por el turismo de congresos"},"content":{"rendered":"<h3>En 2018 Pamplona acogi\u00f3 202 reuniones relacionas con congresos, convenciones o jornadas, en las que participaron m\u00e1s de 36.600 personas<\/h3>\n<p><!--more--><\/p>\n<p>Pamplona particip\u00f3 durante la semana pasada, en la 32\u00aa IBTM World, la feria de turismo de congresos que se celebr\u00f3 en Pamplona del 19 al 21 de noviembre. Se trata de la segunda feria m\u00e1s importante del mundo en este sector, en la que se dieron cita m\u00e1s de 2.800 expositores de m\u00e1s de 150 pa\u00edses y m\u00e1s de 3.500 compradores de 77 pa\u00edses, con la asistencia de miles de profesionales especializados en este turismo MICE (Meetings, Incentives, Congress, Exhibitions\/Events). Pamplona se present\u00f3 como destino de acogida para reuniones y congresos, en una apuesta que se comparte con otros agentes del sector p\u00fablico y privado.<\/p>\n<p><script async src=\"\/\/pagead2.googlesyndication.com\/pagead\/js\/adsbygoogle.js\"><\/script><br \/>\n<!-- Noticias La Guia de Pamplona --><br \/>\n<ins class=\"adsbygoogle\"\nstyle=\"display:block\"\ndata-ad-client=\"ca-pub-6943679897239327\"\ndata-ad-slot=\"7048180777\"\ndata-ad-format=\"auto\"><\/ins><br \/>\n<script>\n(adsbygoogle = window.adsbygoogle || []).push({});\n<\/script><\/p>\n<p>La participaci\u00f3n de Pamplona en enmarc\u00f3 en la Mesa de Turismo MICE Pamplona &amp; Navarra, que se cre\u00f3 en 2013 con la finalidad de aunar esfuerzos y coordinaci\u00f3n para el desarrollo de este tipo de turismo en la ciudad. Para ello, se cuenta con planes anuales, que contemplan actuaciones promocionales de la ciudad y de la Comunidad Foral en territorio nacional e internacional, la asistencia a ferias o la realizaci\u00f3n de estudios de medici\u00f3n del impacto de su actividad. Para la feria se cre\u00f3 un equipo de trabajo compuesto por personal t\u00e9cnico del Servicio de Marketing Tur\u00edstico del Gobierno de Navarra, del \u00e1rea de Comercio y Turismo del Ayuntamiento de Pamplona y del departamento comercial de la empresa p\u00fablica NICDO para atender las visitas previstas. Se atendieron todas aquellas citas seleccionadas, fundamentalmente, con clientes\/compradores de los mercados franc\u00e9s y alem\u00e1n, as\u00ed como otras que fueron surgiendo de grupos, empresas y personas interesadas.<\/p>\n<p>El trabajo desarrollado en la IBTM World de Barcelona y la presencia de Pamplona se ha expuesto esta ma\u00f1ana en la Comisi\u00f3n de Presidencia. Tambi\u00e9n se han aportado datos del informe elaborado por la Mesa de Turismo MICE sobre el impacto del turismo de congresos en Pamplona y Navarra durante 2018, un estudio que se lleva a cabo cada cuatro a\u00f1os y que analiza una serie de indicadores propuestos por Spain Convention Bureau.<\/p>\n<p><script async src=\"\/\/pagead2.googlesyndication.com\/pagead\/js\/adsbygoogle.js\"><\/script><br \/>\n<!-- Noticias La Guia de Pamplona --><br \/>\n<ins class=\"adsbygoogle\"\nstyle=\"display:block\"\ndata-ad-client=\"ca-pub-6943679897239327\"\ndata-ad-slot=\"7048180777\"\ndata-ad-format=\"auto\"><\/ins><br \/>\n<script>\n(adsbygoogle = window.adsbygoogle || []).push({});\n<\/script><\/p>\n<p><strong>Estudio sobre el impacto del turismo de congresos<\/strong><\/p>\n<p>Durante el a\u00f1o pasado, Pamplona acogi\u00f3 202 reuniones vinculadas al turismo MICE, entre congresos, convenciones y jornadas, 79 m\u00e1s que en 2014, \u00faltimo a\u00f1o en el que realiz\u00f3 un estudio de estas caracter\u00edsticas, seg\u00fan los criterios establecidos por Spain Convention Bureau. A ellas asistieron 36.661 personas, 13.631 m\u00e1s que en 2014, lo que se traduce en un incremento del 59,2%. Ese total de personas asistentes gener\u00f3 en 2018 en Pamplona un total de 25.494 pernoctaciones y un gasto directo en la ciudad de 5,8 millones de euros, entre alojamiento, restauraci\u00f3n, transporte interno y otros servicios (parking, compras\u2026), sin incluir la inscripci\u00f3n a los congresos o jornadas, o el transporte hasta Pamplona.<\/p>\n<p>El 48% de este gasto lo llevaron a cabo en establecimientos de hosteler\u00eda, un 27% se destin\u00f3 a alojamiento en establecimientos hoteleros, un 13% a transporte, un 7% del importe qued\u00f3 en comercios de Pamplona y el 5% agrupa un conjunto variado de conceptos. Los datos hacen referencia al gasto directo en Pamplona de la demanda, es decir, de quienes participan en los congresos y reuniones. A ese gasto se suma el propio de la organizaci\u00f3n y celebraci\u00f3n de los eventos, con los consiguientes gastos de alquiler de espacios, medios audiovisuales y gr\u00e1ficos, restauraci\u00f3n, recursos humanos y otras contrataciones. Un gasto directo este que tambi\u00e9n queda en la ciudad, pero que se queda fuera del an\u00e1lisis realizado por Spain Convention Bureau.<\/p>\n<p>Estos datos de gasto se corresponden con los criterios establecidos por Spain Convention Bureau (SCB) en cuanto a caracter\u00edsticas de las reuniones (m\u00ednimo de participantes inscritos y d\u00edas u horas de duraci\u00f3n, para los formatos de congresos, convenciones y jornadas) y a los criterios establecidos por la Asociaci\u00f3n Internacional de Congresos y Convenciones (ICCA) y la Organizaci\u00f3n Mundial del Turismo (OMT) en cuanto al tipo de reuni\u00f3n. Han facilitado sus datos para el estudio las diferentes sedes congresuales, centros de reuniones, auditorios, teatros, espacios singulares y hoteles de la ciudad de Pamplona.<\/p>\n","protected":false},"excerpt":{"rendered":"<p>En 2018 Pamplona acogi\u00f3 202 reuniones relacionas con congresos, convenciones o jornadas, en las que participaron m\u00e1s de 36.600 personas<\/p>\n","protected":false},"author":1,"featured_media":26544,"comment_status":"open","ping_status":"closed","sticky":false,"template":"","format":"standard","meta":{"footnotes":""},"categories":[2],"tags":[],"class_list":["post-26542","post","type-post","status-publish","format-standard","has-post-thumbnail","hentry","category-ayuntamiento-pamplona"],"yoast_head":"<!-- This site is optimized with the Yoast SEO plugin v27.3 - https:\/\/yoast.com\/product\/yoast-seo-wordpress\/ -->\n<title>Pamplona presenta en la feria IBTM World en Barcelona su apuesta por el turismo de congresos<\/title>\n<meta name=\"robots\" content=\"index, follow, max-snippet:-1, max-image-preview:large, max-video-preview:-1\" \/>\n<link rel=\"canonical\" href=\"https:\/\/www.laguiadepamplona.com\/actualidad\/pamplona-presenta-en-la-feria-ibtm-world-en-barcelona-su-apuesta-por-el-turismo-de-congresos\/\" \/>\n<meta property=\"og:locale\" content=\"es_ES\" \/>\n<meta property=\"og:type\" content=\"article\" \/>\n<meta property=\"og:title\" content=\"Pamplona presenta en la feria IBTM World en Barcelona su apuesta por el turismo de congresos\" \/>\n<meta property=\"og:description\" content=\"En 2018 Pamplona acogi\u00f3 202 reuniones relacionas con congresos, convenciones o jornadas, en las que participaron m\u00e1s de 36.600 personas\" \/>\n<meta property=\"og:url\" content=\"https:\/\/www.laguiadepamplona.com\/actualidad\/pamplona-presenta-en-la-feria-ibtm-world-en-barcelona-su-apuesta-por-el-turismo-de-congresos\/\" \/>\n<meta property=\"og:site_name\" content=\"La Gu\u00eda de Pamplona\" \/>\n<meta property=\"article:publisher\" content=\"https:\/\/www.facebook.com\/laguiadepamplonacom-133175176762273\/?ref=hl\" \/>\n<meta property=\"article:published_time\" content=\"2019-11-26T18:13:49+00:00\" \/>\n<meta property=\"article:modified_time\" content=\"2019-11-26T18:14:11+00:00\" \/>\n<meta property=\"og:image\" content=\"https:\/\/www.laguiadepamplona.com\/actualidad\/wp-content\/uploads\/2019\/11\/maxresdefault.jpg\" \/>\n\t<meta property=\"og:image:width\" content=\"1280\" \/>\n\t<meta property=\"og:image:height\" content=\"720\" \/>\n\t<meta property=\"og:image:type\" content=\"image\/jpeg\" \/>\n<meta name=\"author\" content=\"La Gu\u00eda de Pamplona\" \/>\n<meta name=\"twitter:card\" content=\"summary_large_image\" \/>\n<meta name=\"twitter:creator\" content=\"@LaGuiadPamplona\" \/>\n<meta name=\"twitter:site\" content=\"@LaGuiadPamplona\" \/>\n<meta name=\"twitter:label1\" content=\"Escrito por\" \/>\n\t<meta name=\"twitter:data1\" content=\"La Gu\u00eda de Pamplona\" \/>\n\t<meta name=\"twitter:label2\" content=\"Tiempo de lectura\" \/>\n\t<meta name=\"twitter:data2\" content=\"4 minutos\" \/>\n<script type=\"application\/ld+json\" class=\"yoast-schema-graph\">{\"@context\":\"https:\\\/\\\/schema.org\",\"@graph\":[{\"@type\":\"Article\",\"@id\":\"https:\\\/\\\/www.laguiadepamplona.com\\\/actualidad\\\/pamplona-presenta-en-la-feria-ibtm-world-en-barcelona-su-apuesta-por-el-turismo-de-congresos\\\/#article\",\"isPartOf\":{\"@id\":\"https:\\\/\\\/www.laguiadepamplona.com\\\/actualidad\\\/pamplona-presenta-en-la-feria-ibtm-world-en-barcelona-su-apuesta-por-el-turismo-de-congresos\\\/\"},\"author\":{\"name\":\"La Gu\u00eda de Pamplona\",\"@id\":\"https:\\\/\\\/www.laguiadepamplona.com\\\/actualidad\\\/#\\\/schema\\\/person\\\/efe887376f0213d4657c93adc50b1fdb\"},\"headline\":\"Pamplona presenta en la feria IBTM World en Barcelona su apuesta por el turismo de congresos\",\"datePublished\":\"2019-11-26T18:13:49+00:00\",\"dateModified\":\"2019-11-26T18:14:11+00:00\",\"mainEntityOfPage\":{\"@id\":\"https:\\\/\\\/www.laguiadepamplona.com\\\/actualidad\\\/pamplona-presenta-en-la-feria-ibtm-world-en-barcelona-su-apuesta-por-el-turismo-de-congresos\\\/\"},\"wordCount\":716,\"commentCount\":0,\"publisher\":{\"@id\":\"https:\\\/\\\/www.laguiadepamplona.com\\\/actualidad\\\/#organization\"},\"image\":{\"@id\":\"https:\\\/\\\/www.laguiadepamplona.com\\\/actualidad\\\/pamplona-presenta-en-la-feria-ibtm-world-en-barcelona-su-apuesta-por-el-turismo-de-congresos\\\/#primaryimage\"},\"thumbnailUrl\":\"https:\\\/\\\/www.laguiadepamplona.com\\\/actualidad\\\/wp-content\\\/uploads\\\/2019\\\/11\\\/maxresdefault.jpg\",\"articleSection\":[\"Ayto Pamplona\"],\"inLanguage\":\"es\",\"potentialAction\":[{\"@type\":\"CommentAction\",\"name\":\"Comment\",\"target\":[\"https:\\\/\\\/www.laguiadepamplona.com\\\/actualidad\\\/pamplona-presenta-en-la-feria-ibtm-world-en-barcelona-su-apuesta-por-el-turismo-de-congresos\\\/#respond\"]}]},{\"@type\":\"WebPage\",\"@id\":\"https:\\\/\\\/www.laguiadepamplona.com\\\/actualidad\\\/pamplona-presenta-en-la-feria-ibtm-world-en-barcelona-su-apuesta-por-el-turismo-de-congresos\\\/\",\"url\":\"https:\\\/\\\/www.laguiadepamplona.com\\\/actualidad\\\/pamplona-presenta-en-la-feria-ibtm-world-en-barcelona-su-apuesta-por-el-turismo-de-congresos\\\/\",\"name\":\"Pamplona presenta en la feria IBTM World en Barcelona su apuesta por el turismo de congresos\",\"isPartOf\":{\"@id\":\"https:\\\/\\\/www.laguiadepamplona.com\\\/actualidad\\\/#website\"},\"primaryImageOfPage\":{\"@id\":\"https:\\\/\\\/www.laguiadepamplona.com\\\/actualidad\\\/pamplona-presenta-en-la-feria-ibtm-world-en-barcelona-su-apuesta-por-el-turismo-de-congresos\\\/#primaryimage\"},\"image\":{\"@id\":\"https:\\\/\\\/www.laguiadepamplona.com\\\/actualidad\\\/pamplona-presenta-en-la-feria-ibtm-world-en-barcelona-su-apuesta-por-el-turismo-de-congresos\\\/#primaryimage\"},\"thumbnailUrl\":\"https:\\\/\\\/www.laguiadepamplona.com\\\/actualidad\\\/wp-content\\\/uploads\\\/2019\\\/11\\\/maxresdefault.jpg\",\"datePublished\":\"2019-11-26T18:13:49+00:00\",\"dateModified\":\"2019-11-26T18:14:11+00:00\",\"breadcrumb\":{\"@id\":\"https:\\\/\\\/www.laguiadepamplona.com\\\/actualidad\\\/pamplona-presenta-en-la-feria-ibtm-world-en-barcelona-su-apuesta-por-el-turismo-de-congresos\\\/#breadcrumb\"},\"inLanguage\":\"es\",\"potentialAction\":[{\"@type\":\"ReadAction\",\"target\":[\"https:\\\/\\\/www.laguiadepamplona.com\\\/actualidad\\\/pamplona-presenta-en-la-feria-ibtm-world-en-barcelona-su-apuesta-por-el-turismo-de-congresos\\\/\"]}]},{\"@type\":\"ImageObject\",\"inLanguage\":\"es\",\"@id\":\"https:\\\/\\\/www.laguiadepamplona.com\\\/actualidad\\\/pamplona-presenta-en-la-feria-ibtm-world-en-barcelona-su-apuesta-por-el-turismo-de-congresos\\\/#primaryimage\",\"url\":\"https:\\\/\\\/www.laguiadepamplona.com\\\/actualidad\\\/wp-content\\\/uploads\\\/2019\\\/11\\\/maxresdefault.jpg\",\"contentUrl\":\"https:\\\/\\\/www.laguiadepamplona.com\\\/actualidad\\\/wp-content\\\/uploads\\\/2019\\\/11\\\/maxresdefault.jpg\",\"width\":1280,\"height\":720},{\"@type\":\"BreadcrumbList\",\"@id\":\"https:\\\/\\\/www.laguiadepamplona.com\\\/actualidad\\\/pamplona-presenta-en-la-feria-ibtm-world-en-barcelona-su-apuesta-por-el-turismo-de-congresos\\\/#breadcrumb\",\"itemListElement\":[{\"@type\":\"ListItem\",\"position\":1,\"name\":\"Portada\",\"item\":\"https:\\\/\\\/www.laguiadepamplona.com\\\/actualidad\\\/\"},{\"@type\":\"ListItem\",\"position\":2,\"name\":\"Pamplona presenta en la feria IBTM World en Barcelona su apuesta por el turismo de congresos\"}]},{\"@type\":\"WebSite\",\"@id\":\"https:\\\/\\\/www.laguiadepamplona.com\\\/actualidad\\\/#website\",\"url\":\"https:\\\/\\\/www.laguiadepamplona.com\\\/actualidad\\\/\",\"name\":\"La gu\u00eda de Pamplona\",\"description\":\"Noticias de Pamplona\",\"publisher\":{\"@id\":\"https:\\\/\\\/www.laguiadepamplona.com\\\/actualidad\\\/#organization\"},\"potentialAction\":[{\"@type\":\"SearchAction\",\"target\":{\"@type\":\"EntryPoint\",\"urlTemplate\":\"https:\\\/\\\/www.laguiadepamplona.com\\\/actualidad\\\/?s={search_term_string}\"},\"query-input\":{\"@type\":\"PropertyValueSpecification\",\"valueRequired\":true,\"valueName\":\"search_term_string\"}}],\"inLanguage\":\"es\"},{\"@type\":\"Organization\",\"@id\":\"https:\\\/\\\/www.laguiadepamplona.com\\\/actualidad\\\/#organization\",\"name\":\"La Gu\u00eda de Pamplona \\\/ Noticias\",\"url\":\"https:\\\/\\\/www.laguiadepamplona.com\\\/actualidad\\\/\",\"logo\":{\"@type\":\"ImageObject\",\"inLanguage\":\"es\",\"@id\":\"https:\\\/\\\/www.laguiadepamplona.com\\\/actualidad\\\/#\\\/schema\\\/logo\\\/image\\\/\",\"url\":\"https:\\\/\\\/www.laguiadepamplona.com\\\/actualidad\\\/wp-content\\\/uploads\\\/2018\\\/11\\\/logo-laguiadepamplona18-web1.png\",\"contentUrl\":\"https:\\\/\\\/www.laguiadepamplona.com\\\/actualidad\\\/wp-content\\\/uploads\\\/2018\\\/11\\\/logo-laguiadepamplona18-web1.png\",\"width\":600,\"height\":196,\"caption\":\"La Gu\u00eda de Pamplona \\\/ Noticias\"},\"image\":{\"@id\":\"https:\\\/\\\/www.laguiadepamplona.com\\\/actualidad\\\/#\\\/schema\\\/logo\\\/image\\\/\"},\"sameAs\":[\"https:\\\/\\\/www.facebook.com\\\/laguiadepamplonacom-133175176762273\\\/?ref=hl\",\"https:\\\/\\\/x.com\\\/LaGuiadPamplona\",\"https:\\\/\\\/www.instagram.com\\\/la_guia_de_pamplona\\\/\",\"https:\\\/\\\/www.youtube.com\\\/user\\\/laguiadepamplona\"]},{\"@type\":\"Person\",\"@id\":\"https:\\\/\\\/www.laguiadepamplona.com\\\/actualidad\\\/#\\\/schema\\\/person\\\/efe887376f0213d4657c93adc50b1fdb\",\"name\":\"La Gu\u00eda de Pamplona\",\"image\":{\"@type\":\"ImageObject\",\"inLanguage\":\"es\",\"@id\":\"https:\\\/\\\/secure.gravatar.com\\\/avatar\\\/b6992f131dc8d30ab0dff15446e9d346d9dbd95992de0fef795073f5ea83a81c?s=96&d=mm&r=g\",\"url\":\"https:\\\/\\\/secure.gravatar.com\\\/avatar\\\/b6992f131dc8d30ab0dff15446e9d346d9dbd95992de0fef795073f5ea83a81c?s=96&d=mm&r=g\",\"contentUrl\":\"https:\\\/\\\/secure.gravatar.com\\\/avatar\\\/b6992f131dc8d30ab0dff15446e9d346d9dbd95992de0fef795073f5ea83a81c?s=96&d=mm&r=g\",\"caption\":\"La Gu\u00eda de Pamplona\"}}]}<\/script>\n<!-- \/ Yoast SEO plugin. -->","yoast_head_json":{"title":"Pamplona presenta en la feria IBTM World en Barcelona su apuesta por el turismo de congresos","robots":{"index":"index","follow":"follow","max-snippet":"max-snippet:-1","max-image-preview":"max-image-preview:large","max-video-preview":"max-video-preview:-1"},"canonical":"https:\/\/www.laguiadepamplona.com\/actualidad\/pamplona-presenta-en-la-feria-ibtm-world-en-barcelona-su-apuesta-por-el-turismo-de-congresos\/","og_locale":"es_ES","og_type":"article","og_title":"Pamplona presenta en la feria IBTM World en Barcelona su apuesta por el turismo de congresos","og_description":"En 2018 Pamplona acogi\u00f3 202 reuniones relacionas con congresos, convenciones o jornadas, en las que participaron m\u00e1s de 36.600 personas","og_url":"https:\/\/www.laguiadepamplona.com\/actualidad\/pamplona-presenta-en-la-feria-ibtm-world-en-barcelona-su-apuesta-por-el-turismo-de-congresos\/","og_site_name":"La Gu\u00eda de Pamplona","article_publisher":"https:\/\/www.facebook.com\/laguiadepamplonacom-133175176762273\/?ref=hl","article_published_time":"2019-11-26T18:13:49+00:00","article_modified_time":"2019-11-26T18:14:11+00:00","og_image":[{"width":1280,"height":720,"url":"https:\/\/www.laguiadepamplona.com\/actualidad\/wp-content\/uploads\/2019\/11\/maxresdefault.jpg","type":"image\/jpeg"}],"author":"La Gu\u00eda de Pamplona","twitter_card":"summary_large_image","twitter_creator":"@LaGuiadPamplona","twitter_site":"@LaGuiadPamplona","twitter_misc":{"Escrito por":"La Gu\u00eda de Pamplona","Tiempo de lectura":"4 minutos"},"schema":{"@context":"https:\/\/schema.org","@graph":[{"@type":"Article","@id":"https:\/\/www.laguiadepamplona.com\/actualidad\/pamplona-presenta-en-la-feria-ibtm-world-en-barcelona-su-apuesta-por-el-turismo-de-congresos\/#article","isPartOf":{"@id":"https:\/\/www.laguiadepamplona.com\/actualidad\/pamplona-presenta-en-la-feria-ibtm-world-en-barcelona-su-apuesta-por-el-turismo-de-congresos\/"},"author":{"name":"La Gu\u00eda de Pamplona","@id":"https:\/\/www.laguiadepamplona.com\/actualidad\/#\/schema\/person\/efe887376f0213d4657c93adc50b1fdb"},"headline":"Pamplona presenta en la feria IBTM World en Barcelona su apuesta por el turismo de congresos","datePublished":"2019-11-26T18:13:49+00:00","dateModified":"2019-11-26T18:14:11+00:00","mainEntityOfPage":{"@id":"https:\/\/www.laguiadepamplona.com\/actualidad\/pamplona-presenta-en-la-feria-ibtm-world-en-barcelona-su-apuesta-por-el-turismo-de-congresos\/"},"wordCount":716,"commentCount":0,"publisher":{"@id":"https:\/\/www.laguiadepamplona.com\/actualidad\/#organization"},"image":{"@id":"https:\/\/www.laguiadepamplona.com\/actualidad\/pamplona-presenta-en-la-feria-ibtm-world-en-barcelona-su-apuesta-por-el-turismo-de-congresos\/#primaryimage"},"thumbnailUrl":"https:\/\/www.laguiadepamplona.com\/actualidad\/wp-content\/uploads\/2019\/11\/maxresdefault.jpg","articleSection":["Ayto Pamplona"],"inLanguage":"es","potentialAction":[{"@type":"CommentAction","name":"Comment","target":["https:\/\/www.laguiadepamplona.com\/actualidad\/pamplona-presenta-en-la-feria-ibtm-world-en-barcelona-su-apuesta-por-el-turismo-de-congresos\/#respond"]}]},{"@type":"WebPage","@id":"https:\/\/www.laguiadepamplona.com\/actualidad\/pamplona-presenta-en-la-feria-ibtm-world-en-barcelona-su-apuesta-por-el-turismo-de-congresos\/","url":"https:\/\/www.laguiadepamplona.com\/actualidad\/pamplona-presenta-en-la-feria-ibtm-world-en-barcelona-su-apuesta-por-el-turismo-de-congresos\/","name":"Pamplona presenta en la feria IBTM World en Barcelona su apuesta por el turismo de congresos","isPartOf":{"@id":"https:\/\/www.laguiadepamplona.com\/actualidad\/#website"},"primaryImageOfPage":{"@id":"https:\/\/www.laguiadepamplona.com\/actualidad\/pamplona-presenta-en-la-feria-ibtm-world-en-barcelona-su-apuesta-por-el-turismo-de-congresos\/#primaryimage"},"image":{"@id":"https:\/\/www.laguiadepamplona.com\/actualidad\/pamplona-presenta-en-la-feria-ibtm-world-en-barcelona-su-apuesta-por-el-turismo-de-congresos\/#primaryimage"},"thumbnailUrl":"https:\/\/www.laguiadepamplona.com\/actualidad\/wp-content\/uploads\/2019\/11\/maxresdefault.jpg","datePublished":"2019-11-26T18:13:49+00:00","dateModified":"2019-11-26T18:14:11+00:00","breadcrumb":{"@id":"https:\/\/www.laguiadepamplona.com\/actualidad\/pamplona-presenta-en-la-feria-ibtm-world-en-barcelona-su-apuesta-por-el-turismo-de-congresos\/#breadcrumb"},"inLanguage":"es","potentialAction":[{"@type":"ReadAction","target":["https:\/\/www.laguiadepamplona.com\/actualidad\/pamplona-presenta-en-la-feria-ibtm-world-en-barcelona-su-apuesta-por-el-turismo-de-congresos\/"]}]},{"@type":"ImageObject","inLanguage":"es","@id":"https:\/\/www.laguiadepamplona.com\/actualidad\/pamplona-presenta-en-la-feria-ibtm-world-en-barcelona-su-apuesta-por-el-turismo-de-congresos\/#primaryimage","url":"https:\/\/www.laguiadepamplona.com\/actualidad\/wp-content\/uploads\/2019\/11\/maxresdefault.jpg","contentUrl":"https:\/\/www.laguiadepamplona.com\/actualidad\/wp-content\/uploads\/2019\/11\/maxresdefault.jpg","width":1280,"height":720},{"@type":"BreadcrumbList","@id":"https:\/\/www.laguiadepamplona.com\/actualidad\/pamplona-presenta-en-la-feria-ibtm-world-en-barcelona-su-apuesta-por-el-turismo-de-congresos\/#breadcrumb","itemListElement":[{"@type":"ListItem","position":1,"name":"Portada","item":"https:\/\/www.laguiadepamplona.com\/actualidad\/"},{"@type":"ListItem","position":2,"name":"Pamplona presenta en la feria IBTM World en Barcelona su apuesta por el turismo de congresos"}]},{"@type":"WebSite","@id":"https:\/\/www.laguiadepamplona.com\/actualidad\/#website","url":"https:\/\/www.laguiadepamplona.com\/actualidad\/","name":"La gu\u00eda de Pamplona","description":"Noticias de Pamplona","publisher":{"@id":"https:\/\/www.laguiadepamplona.com\/actualidad\/#organization"},"potentialAction":[{"@type":"SearchAction","target":{"@type":"EntryPoint","urlTemplate":"https:\/\/www.laguiadepamplona.com\/actualidad\/?s={search_term_string}"},"query-input":{"@type":"PropertyValueSpecification","valueRequired":true,"valueName":"search_term_string"}}],"inLanguage":"es"},{"@type":"Organization","@id":"https:\/\/www.laguiadepamplona.com\/actualidad\/#organization","name":"La Gu\u00eda de Pamplona \/ Noticias","url":"https:\/\/www.laguiadepamplona.com\/actualidad\/","logo":{"@type":"ImageObject","inLanguage":"es","@id":"https:\/\/www.laguiadepamplona.com\/actualidad\/#\/schema\/logo\/image\/","url":"https:\/\/www.laguiadepamplona.com\/actualidad\/wp-content\/uploads\/2018\/11\/logo-laguiadepamplona18-web1.png","contentUrl":"https:\/\/www.laguiadepamplona.com\/actualidad\/wp-content\/uploads\/2018\/11\/logo-laguiadepamplona18-web1.png","width":600,"height":196,"caption":"La Gu\u00eda de Pamplona \/ Noticias"},"image":{"@id":"https:\/\/www.laguiadepamplona.com\/actualidad\/#\/schema\/logo\/image\/"},"sameAs":["https:\/\/www.facebook.com\/laguiadepamplonacom-133175176762273\/?ref=hl","https:\/\/x.com\/LaGuiadPamplona","https:\/\/www.instagram.com\/la_guia_de_pamplona\/","https:\/\/www.youtube.com\/user\/laguiadepamplona"]},{"@type":"Person","@id":"https:\/\/www.laguiadepamplona.com\/actualidad\/#\/schema\/person\/efe887376f0213d4657c93adc50b1fdb","name":"La Gu\u00eda de Pamplona","image":{"@type":"ImageObject","inLanguage":"es","@id":"https:\/\/secure.gravatar.com\/avatar\/b6992f131dc8d30ab0dff15446e9d346d9dbd95992de0fef795073f5ea83a81c?s=96&d=mm&r=g","url":"https:\/\/secure.gravatar.com\/avatar\/b6992f131dc8d30ab0dff15446e9d346d9dbd95992de0fef795073f5ea83a81c?s=96&d=mm&r=g","contentUrl":"https:\/\/secure.gravatar.com\/avatar\/b6992f131dc8d30ab0dff15446e9d346d9dbd95992de0fef795073f5ea83a81c?s=96&d=mm&r=g","caption":"La Gu\u00eda de Pamplona"}}]}},"post_mailing_queue_ids":[],"_links":{"self":[{"href":"https:\/\/www.laguiadepamplona.com\/actualidad\/wp-json\/wp\/v2\/posts\/26542","targetHints":{"allow":["GET"]}}],"collection":[{"href":"https:\/\/www.laguiadepamplona.com\/actualidad\/wp-json\/wp\/v2\/posts"}],"about":[{"href":"https:\/\/www.laguiadepamplona.com\/actualidad\/wp-json\/wp\/v2\/types\/post"}],"author":[{"embeddable":true,"href":"https:\/\/www.laguiadepamplona.com\/actualidad\/wp-json\/wp\/v2\/users\/1"}],"replies":[{"embeddable":true,"href":"https:\/\/www.laguiadepamplona.com\/actualidad\/wp-json\/wp\/v2\/comments?post=26542"}],"version-history":[{"count":0,"href":"https:\/\/www.laguiadepamplona.com\/actualidad\/wp-json\/wp\/v2\/posts\/26542\/revisions"}],"wp:featuredmedia":[{"embeddable":true,"href":"https:\/\/www.laguiadepamplona.com\/actualidad\/wp-json\/wp\/v2\/media\/26544"}],"wp:attachment":[{"href":"https:\/\/www.laguiadepamplona.com\/actualidad\/wp-json\/wp\/v2\/media?parent=26542"}],"wp:term":[{"taxonomy":"category","embeddable":true,"href":"https:\/\/www.laguiadepamplona.com\/actualidad\/wp-json\/wp\/v2\/categories?post=26542"},{"taxonomy":"post_tag","embeddable":true,"href":"https:\/\/www.laguiadepamplona.com\/actualidad\/wp-json\/wp\/v2\/tags?post=26542"}],"curies":[{"name":"wp","href":"https:\/\/api.w.org\/{rel}","templated":true}]}}