{"id":26525,"date":"2019-11-26T20:03:12","date_gmt":"2019-11-26T18:03:12","guid":{"rendered":"https:\/\/www.laguiadepamplona.es\/actualidad\/?p=26525"},"modified":"2019-11-26T20:03:12","modified_gmt":"2019-11-26T18:03:12","slug":"el-ayuntamiento-oferta-80-plazas-en-campamentos-urbanos-para-facilitar-la-conciliacion-de-la-vida-familiar-y-laboral-durante-las-vacaciones-de-navidad","status":"publish","type":"post","link":"https:\/\/www.laguiadepamplona.com\/actualidad\/el-ayuntamiento-oferta-80-plazas-en-campamentos-urbanos-para-facilitar-la-conciliacion-de-la-vida-familiar-y-laboral-durante-las-vacaciones-de-navidad\/","title":{"rendered":"El Ayuntamiento oferta 80 plazas en campamentos urbanos para facilitar la conciliaci\u00f3n de la vida familiar y laboral durante las vacaciones de Navidad"},"content":{"rendered":"<h3>Hoy se abre el plazo de inscripci\u00f3n para este servicio dirigido a menores de entre 3 y 12 a\u00f1os, que se desarrollar\u00e1 del 23 de diciembre al 3 de enero<\/h3>\n<p><!--more--><\/p>\n<p>El Ayuntamiento de Pamplona ofrece un a\u00f1o m\u00e1s el servicio de atenci\u00f3n infantil durante las vacaciones escolares de Navidad para facilitar la conciliaci\u00f3n de la vida familiar y laboral. Con este objetivo, se ha organizado un campamento urbano en el colegio p\u00fablico V\u00e1zquez de Mella disponible desde el 23 de diciembre hasta el 3 de enero. En total, se ofertan 80 plazas. Las inscripciones, que deben hacerse a trav\u00e9s del tel\u00e9fono 010 de informaci\u00f3n municipal, comienzan hoy martes y terminan el 5 de diciembre.<\/p>\n<p>El campamento est\u00e1 pensado para menores de entre 3 y 12 a\u00f1os. No obstante, esta horquilla se ampl\u00eda hasta los 14 a\u00f1os si se trata de ni\u00f1os y ni\u00f1as con una discapacidad reconocida superior al 33%. Todos ellos podr\u00e1n participar en las distintas actividades dise\u00f1adas por los responsables del campamento, que persiguen la integraci\u00f3n, la convivencia y el entretenimiento de los m\u00e1s peque\u00f1os. Para facilitar la conciliaci\u00f3n, estos talleres se desarrollar\u00e1n en horario de ma\u00f1ana, desde las 7.45 horas hasta las 15.30 horas, los d\u00edas laborables. Se ofrece una flexibilidad tanto en el horario de entrada, que puede ser desde las 7.45 horas hasta las 9.30 horas, como en el de recogida. En este sentido, dependiendo de si se hace uso del servicio de comedor o no, los participantes podr\u00e1n ser recogidos a las 13.30 horas (sin comer), o bien a las 14.30 horas, a las 15 horas o a las 15.30 horas.<\/p>\n<p>Los participantes se organizar\u00e1n por grupos en funci\u00f3n de su edad y las actividades ser\u00e1n impartidas en castellano y en euskera, dependiendo de la demanda. Este campamento se desarrollar\u00e1 por semanas completas. Una ir\u00e1 desde el 23 hasta el 27 de diciembre, excluyendo el d\u00eda 25; y otra desde el 30 de diciembre hasta el 3 de enero, exceptuando el d\u00eda 1. La inscripci\u00f3n habr\u00e1 que hacerla por una o ambas semanas, pero no se admitir\u00e1n inscripciones para d\u00edas sueltos.<\/p>\n<p><script async src=\"\/\/pagead2.googlesyndication.com\/pagead\/js\/adsbygoogle.js\"><\/script><br \/>\n<!-- Noticias La Guia de Pamplona --><br \/>\n<ins class=\"adsbygoogle\"\nstyle=\"display:block\"\ndata-ad-client=\"ca-pub-6943679897239327\"\ndata-ad-slot=\"7048180777\"\ndata-ad-format=\"auto\"><\/ins><br \/>\n<script>\n(adsbygoogle = window.adsbygoogle || []).push({});\n<\/script><\/p>\n<p><strong>Principalmente para empadronados<\/strong><\/p>\n<p>Estas actividades de conciliaci\u00f3n est\u00e1n pensadas principalmente para empadronados en Pamplona. En este sentido es requisito, adem\u00e1s de figurar en el padr\u00f3n municipal, que los padres o responsables del menor trabajen en horario de ma\u00f1ana durante las fechas solicitadas. No obstante, tambi\u00e9n podr\u00e1n solicitar una plaza los menores empadronados en otros municipios cuyos padres o madres trabajen en Pamplona.<\/p>\n<p>El coste del servicio es de 9 euros al d\u00eda, si no se hace uso del servicio de comedor, o de 16 euros diarios en el caso de usar el servicio de comidas. Sin embargo, existe una bonificaci\u00f3n del 10% por cada menor matriculado de una misma familia y, adem\u00e1s, una subvenci\u00f3n en funci\u00f3n de la renta. Esta \u00faltima solo podr\u00e1 solicitarse por los empadronados en Pamplona.<\/p>\n<p>Las inscripciones deber\u00e1n hacerse a trav\u00e9s del tel\u00e9fono 010 de informaci\u00f3n municipal (948420100 si se llama desde fuera de Pamplona o desde un tel\u00e9fono m\u00f3vil) hasta el 5 de diciembre. Las plazas se adjudicar\u00e1n por orden de llamada, hasta completar el aforo. Si se solicita subvenci\u00f3n, la inscripci\u00f3n se confirmar\u00e1 por tel\u00e9fono o por mail. El pago se podr\u00e1 realizar con tarjeta de cr\u00e9dito o mediante ingreso en cuenta bancaria. En el momento de hacer la inscripci\u00f3n se indicar\u00e1n los n\u00fameros de cuenta.<\/p>\n<p><script async src=\"\/\/pagead2.googlesyndication.com\/pagead\/js\/adsbygoogle.js\"><\/script><br \/>\n<!-- Noticias La Guia de Pamplona --><br \/>\n<ins class=\"adsbygoogle\"\nstyle=\"display:block\"\ndata-ad-client=\"ca-pub-6943679897239327\"\ndata-ad-slot=\"7048180777\"\ndata-ad-format=\"auto\"><\/ins><br \/>\n<script>\n(adsbygoogle = window.adsbygoogle || []).push({});\n<\/script><\/p>\n<h3><span style=\"color: #ff0000;\">Servicio de Atenci\u00f3n Infantil durante las vacaciones de NAVIDAD 2019<\/span><\/h3>\n<ul>\n<li><strong>Inscripci\u00f3n<\/strong>: del 26 de noviembre al 5 de diciembre a trav\u00e9s del Tel\u00e9fono de Atenci\u00f3n Ciudadana 010 o 948420100<\/li>\n<li><strong>Para qui\u00e9n<\/strong>: menores de entre 3 y 12 a\u00f1os y hasta 14 a\u00f1os si tienen discapacidad reconocida<\/li>\n<li><strong>Cu\u00e1ndo:<\/strong> del 23 de diciembre al 3 de enero<\/li>\n<li><strong>D\u00f3nde<\/strong>: en el CP V\u00e1zquez de Mella (calle Teobaldos, 13)<\/li>\n<li><strong>Requisitos<\/strong>:\n<ul>\n<li>Prioridad para empadronados en Pamplona con padres o madres que trabajen durante la ma\u00f1ana<\/li>\n<li>Podr\u00e1n optar al servicio menores empadronados en otros municipios cuyos padres o madres trabajen en Pamplona<\/li>\n<\/ul>\n<\/li>\n<li><strong>Horario: <\/strong>\n<ul>\n<li>Entrada: de 7.45 a 9.30 horas<\/li>\n<li>Salida: a las 13.30 horas (sin servicio de comedor); a las 14.30, 15 o 15.30 horas (con comida)<\/li>\n<\/ul>\n<\/li>\n<li><strong>Precio<\/strong>:\n<ul>\n<li>9 euros\/d\u00eda sin servicio de comedor y salida a las 13.30 horas<\/li>\n<li>16 euros\/d\u00eda con servicio de comedor.<\/li>\n<li>En el caso de inscribir a varios\/as menores de una misma familia, existe una bonificaci\u00f3n del 10% por cada uno de ellos\/as.<\/li>\n<li>Cabe solicitar plazas subvencionadas dependiendo del nivel de ingresos<\/li>\n<\/ul>\n<\/li>\n<\/ul>\n","protected":false},"excerpt":{"rendered":"<p>Hoy se abre el plazo de inscripci\u00f3n para este servicio dirigido a menores de entre 3 y 12 a\u00f1os, que se desarrollar\u00e1 del 23 de diciembre al 3 de enero<\/p>\n","protected":false},"author":1,"featured_media":21939,"comment_status":"open","ping_status":"closed","sticky":false,"template":"","format":"standard","meta":{"footnotes":""},"categories":[2],"tags":[],"class_list":["post-26525","post","type-post","status-publish","format-standard","has-post-thumbnail","hentry","category-ayuntamiento-pamplona"],"yoast_head":"<!-- This site is optimized with the Yoast SEO plugin v27.3 - https:\/\/yoast.com\/product\/yoast-seo-wordpress\/ -->\n<title>El Ayuntamiento oferta 80 plazas en campamentos urbanos para facilitar la conciliaci\u00f3n de la vida familiar y laboral durante las vacaciones de Navidad<\/title>\n<meta name=\"robots\" content=\"index, follow, max-snippet:-1, max-image-preview:large, max-video-preview:-1\" \/>\n<link rel=\"canonical\" href=\"https:\/\/www.laguiadepamplona.com\/actualidad\/el-ayuntamiento-oferta-80-plazas-en-campamentos-urbanos-para-facilitar-la-conciliacion-de-la-vida-familiar-y-laboral-durante-las-vacaciones-de-navidad\/\" \/>\n<meta property=\"og:locale\" content=\"es_ES\" \/>\n<meta property=\"og:type\" content=\"article\" \/>\n<meta property=\"og:title\" content=\"El Ayuntamiento oferta 80 plazas en campamentos urbanos para facilitar la conciliaci\u00f3n de la vida familiar y laboral durante las vacaciones de Navidad\" \/>\n<meta property=\"og:description\" content=\"Hoy se abre el plazo de inscripci\u00f3n para este servicio dirigido a menores de entre 3 y 12 a\u00f1os, que se desarrollar\u00e1 del 23 de diciembre al 3 de enero\" \/>\n<meta property=\"og:url\" content=\"https:\/\/www.laguiadepamplona.com\/actualidad\/el-ayuntamiento-oferta-80-plazas-en-campamentos-urbanos-para-facilitar-la-conciliacion-de-la-vida-familiar-y-laboral-durante-las-vacaciones-de-navidad\/\" \/>\n<meta property=\"og:site_name\" content=\"La Gu\u00eda de Pamplona\" \/>\n<meta property=\"article:publisher\" content=\"https:\/\/www.facebook.com\/laguiadepamplonacom-133175176762273\/?ref=hl\" \/>\n<meta property=\"article:published_time\" content=\"2019-11-26T18:03:12+00:00\" \/>\n<meta property=\"og:image\" content=\"https:\/\/www.laguiadepamplona.com\/actualidad\/wp-content\/uploads\/2019\/05\/ayuntamiento-pamplona-laguiadepamplona.jpg\" \/>\n\t<meta property=\"og:image:width\" content=\"1920\" \/>\n\t<meta property=\"og:image:height\" content=\"1100\" \/>\n\t<meta property=\"og:image:type\" content=\"image\/jpeg\" \/>\n<meta name=\"author\" content=\"La Gu\u00eda de Pamplona\" \/>\n<meta name=\"twitter:card\" content=\"summary_large_image\" \/>\n<meta name=\"twitter:creator\" content=\"@LaGuiadPamplona\" \/>\n<meta name=\"twitter:site\" content=\"@LaGuiadPamplona\" \/>\n<meta name=\"twitter:label1\" content=\"Escrito por\" \/>\n\t<meta name=\"twitter:data1\" content=\"La Gu\u00eda de Pamplona\" \/>\n\t<meta name=\"twitter:label2\" content=\"Tiempo de lectura\" \/>\n\t<meta name=\"twitter:data2\" content=\"4 minutos\" \/>\n<script type=\"application\/ld+json\" class=\"yoast-schema-graph\">{\"@context\":\"https:\\\/\\\/schema.org\",\"@graph\":[{\"@type\":\"Article\",\"@id\":\"https:\\\/\\\/www.laguiadepamplona.com\\\/actualidad\\\/el-ayuntamiento-oferta-80-plazas-en-campamentos-urbanos-para-facilitar-la-conciliacion-de-la-vida-familiar-y-laboral-durante-las-vacaciones-de-navidad\\\/#article\",\"isPartOf\":{\"@id\":\"https:\\\/\\\/www.laguiadepamplona.com\\\/actualidad\\\/el-ayuntamiento-oferta-80-plazas-en-campamentos-urbanos-para-facilitar-la-conciliacion-de-la-vida-familiar-y-laboral-durante-las-vacaciones-de-navidad\\\/\"},\"author\":{\"name\":\"La Gu\u00eda de Pamplona\",\"@id\":\"https:\\\/\\\/www.laguiadepamplona.com\\\/actualidad\\\/#\\\/schema\\\/person\\\/efe887376f0213d4657c93adc50b1fdb\"},\"headline\":\"El Ayuntamiento oferta 80 plazas en campamentos urbanos para facilitar la conciliaci\u00f3n de la vida familiar y laboral durante las vacaciones de Navidad\",\"datePublished\":\"2019-11-26T18:03:12+00:00\",\"mainEntityOfPage\":{\"@id\":\"https:\\\/\\\/www.laguiadepamplona.com\\\/actualidad\\\/el-ayuntamiento-oferta-80-plazas-en-campamentos-urbanos-para-facilitar-la-conciliacion-de-la-vida-familiar-y-laboral-durante-las-vacaciones-de-navidad\\\/\"},\"wordCount\":779,\"commentCount\":0,\"publisher\":{\"@id\":\"https:\\\/\\\/www.laguiadepamplona.com\\\/actualidad\\\/#organization\"},\"image\":{\"@id\":\"https:\\\/\\\/www.laguiadepamplona.com\\\/actualidad\\\/el-ayuntamiento-oferta-80-plazas-en-campamentos-urbanos-para-facilitar-la-conciliacion-de-la-vida-familiar-y-laboral-durante-las-vacaciones-de-navidad\\\/#primaryimage\"},\"thumbnailUrl\":\"https:\\\/\\\/www.laguiadepamplona.com\\\/actualidad\\\/wp-content\\\/uploads\\\/2019\\\/05\\\/ayuntamiento-pamplona-laguiadepamplona.jpg\",\"articleSection\":[\"Ayto Pamplona\"],\"inLanguage\":\"es\",\"potentialAction\":[{\"@type\":\"CommentAction\",\"name\":\"Comment\",\"target\":[\"https:\\\/\\\/www.laguiadepamplona.com\\\/actualidad\\\/el-ayuntamiento-oferta-80-plazas-en-campamentos-urbanos-para-facilitar-la-conciliacion-de-la-vida-familiar-y-laboral-durante-las-vacaciones-de-navidad\\\/#respond\"]}]},{\"@type\":\"WebPage\",\"@id\":\"https:\\\/\\\/www.laguiadepamplona.com\\\/actualidad\\\/el-ayuntamiento-oferta-80-plazas-en-campamentos-urbanos-para-facilitar-la-conciliacion-de-la-vida-familiar-y-laboral-durante-las-vacaciones-de-navidad\\\/\",\"url\":\"https:\\\/\\\/www.laguiadepamplona.com\\\/actualidad\\\/el-ayuntamiento-oferta-80-plazas-en-campamentos-urbanos-para-facilitar-la-conciliacion-de-la-vida-familiar-y-laboral-durante-las-vacaciones-de-navidad\\\/\",\"name\":\"El Ayuntamiento oferta 80 plazas en campamentos urbanos para facilitar la conciliaci\u00f3n de la vida familiar y laboral durante las vacaciones de Navidad\",\"isPartOf\":{\"@id\":\"https:\\\/\\\/www.laguiadepamplona.com\\\/actualidad\\\/#website\"},\"primaryImageOfPage\":{\"@id\":\"https:\\\/\\\/www.laguiadepamplona.com\\\/actualidad\\\/el-ayuntamiento-oferta-80-plazas-en-campamentos-urbanos-para-facilitar-la-conciliacion-de-la-vida-familiar-y-laboral-durante-las-vacaciones-de-navidad\\\/#primaryimage\"},\"image\":{\"@id\":\"https:\\\/\\\/www.laguiadepamplona.com\\\/actualidad\\\/el-ayuntamiento-oferta-80-plazas-en-campamentos-urbanos-para-facilitar-la-conciliacion-de-la-vida-familiar-y-laboral-durante-las-vacaciones-de-navidad\\\/#primaryimage\"},\"thumbnailUrl\":\"https:\\\/\\\/www.laguiadepamplona.com\\\/actualidad\\\/wp-content\\\/uploads\\\/2019\\\/05\\\/ayuntamiento-pamplona-laguiadepamplona.jpg\",\"datePublished\":\"2019-11-26T18:03:12+00:00\",\"breadcrumb\":{\"@id\":\"https:\\\/\\\/www.laguiadepamplona.com\\\/actualidad\\\/el-ayuntamiento-oferta-80-plazas-en-campamentos-urbanos-para-facilitar-la-conciliacion-de-la-vida-familiar-y-laboral-durante-las-vacaciones-de-navidad\\\/#breadcrumb\"},\"inLanguage\":\"es\",\"potentialAction\":[{\"@type\":\"ReadAction\",\"target\":[\"https:\\\/\\\/www.laguiadepamplona.com\\\/actualidad\\\/el-ayuntamiento-oferta-80-plazas-en-campamentos-urbanos-para-facilitar-la-conciliacion-de-la-vida-familiar-y-laboral-durante-las-vacaciones-de-navidad\\\/\"]}]},{\"@type\":\"ImageObject\",\"inLanguage\":\"es\",\"@id\":\"https:\\\/\\\/www.laguiadepamplona.com\\\/actualidad\\\/el-ayuntamiento-oferta-80-plazas-en-campamentos-urbanos-para-facilitar-la-conciliacion-de-la-vida-familiar-y-laboral-durante-las-vacaciones-de-navidad\\\/#primaryimage\",\"url\":\"https:\\\/\\\/www.laguiadepamplona.com\\\/actualidad\\\/wp-content\\\/uploads\\\/2019\\\/05\\\/ayuntamiento-pamplona-laguiadepamplona.jpg\",\"contentUrl\":\"https:\\\/\\\/www.laguiadepamplona.com\\\/actualidad\\\/wp-content\\\/uploads\\\/2019\\\/05\\\/ayuntamiento-pamplona-laguiadepamplona.jpg\",\"width\":1920,\"height\":1100},{\"@type\":\"BreadcrumbList\",\"@id\":\"https:\\\/\\\/www.laguiadepamplona.com\\\/actualidad\\\/el-ayuntamiento-oferta-80-plazas-en-campamentos-urbanos-para-facilitar-la-conciliacion-de-la-vida-familiar-y-laboral-durante-las-vacaciones-de-navidad\\\/#breadcrumb\",\"itemListElement\":[{\"@type\":\"ListItem\",\"position\":1,\"name\":\"Portada\",\"item\":\"https:\\\/\\\/www.laguiadepamplona.com\\\/actualidad\\\/\"},{\"@type\":\"ListItem\",\"position\":2,\"name\":\"El Ayuntamiento oferta 80 plazas en campamentos urbanos para facilitar la conciliaci\u00f3n de la vida familiar y laboral durante las vacaciones de Navidad\"}]},{\"@type\":\"WebSite\",\"@id\":\"https:\\\/\\\/www.laguiadepamplona.com\\\/actualidad\\\/#website\",\"url\":\"https:\\\/\\\/www.laguiadepamplona.com\\\/actualidad\\\/\",\"name\":\"La gu\u00eda de Pamplona\",\"description\":\"Noticias de Pamplona\",\"publisher\":{\"@id\":\"https:\\\/\\\/www.laguiadepamplona.com\\\/actualidad\\\/#organization\"},\"potentialAction\":[{\"@type\":\"SearchAction\",\"target\":{\"@type\":\"EntryPoint\",\"urlTemplate\":\"https:\\\/\\\/www.laguiadepamplona.com\\\/actualidad\\\/?s={search_term_string}\"},\"query-input\":{\"@type\":\"PropertyValueSpecification\",\"valueRequired\":true,\"valueName\":\"search_term_string\"}}],\"inLanguage\":\"es\"},{\"@type\":\"Organization\",\"@id\":\"https:\\\/\\\/www.laguiadepamplona.com\\\/actualidad\\\/#organization\",\"name\":\"La Gu\u00eda de Pamplona \\\/ Noticias\",\"url\":\"https:\\\/\\\/www.laguiadepamplona.com\\\/actualidad\\\/\",\"logo\":{\"@type\":\"ImageObject\",\"inLanguage\":\"es\",\"@id\":\"https:\\\/\\\/www.laguiadepamplona.com\\\/actualidad\\\/#\\\/schema\\\/logo\\\/image\\\/\",\"url\":\"https:\\\/\\\/www.laguiadepamplona.com\\\/actualidad\\\/wp-content\\\/uploads\\\/2018\\\/11\\\/logo-laguiadepamplona18-web1.png\",\"contentUrl\":\"https:\\\/\\\/www.laguiadepamplona.com\\\/actualidad\\\/wp-content\\\/uploads\\\/2018\\\/11\\\/logo-laguiadepamplona18-web1.png\",\"width\":600,\"height\":196,\"caption\":\"La Gu\u00eda de Pamplona \\\/ Noticias\"},\"image\":{\"@id\":\"https:\\\/\\\/www.laguiadepamplona.com\\\/actualidad\\\/#\\\/schema\\\/logo\\\/image\\\/\"},\"sameAs\":[\"https:\\\/\\\/www.facebook.com\\\/laguiadepamplonacom-133175176762273\\\/?ref=hl\",\"https:\\\/\\\/x.com\\\/LaGuiadPamplona\",\"https:\\\/\\\/www.instagram.com\\\/la_guia_de_pamplona\\\/\",\"https:\\\/\\\/www.youtube.com\\\/user\\\/laguiadepamplona\"]},{\"@type\":\"Person\",\"@id\":\"https:\\\/\\\/www.laguiadepamplona.com\\\/actualidad\\\/#\\\/schema\\\/person\\\/efe887376f0213d4657c93adc50b1fdb\",\"name\":\"La Gu\u00eda de Pamplona\",\"image\":{\"@type\":\"ImageObject\",\"inLanguage\":\"es\",\"@id\":\"https:\\\/\\\/secure.gravatar.com\\\/avatar\\\/b6992f131dc8d30ab0dff15446e9d346d9dbd95992de0fef795073f5ea83a81c?s=96&d=mm&r=g\",\"url\":\"https:\\\/\\\/secure.gravatar.com\\\/avatar\\\/b6992f131dc8d30ab0dff15446e9d346d9dbd95992de0fef795073f5ea83a81c?s=96&d=mm&r=g\",\"contentUrl\":\"https:\\\/\\\/secure.gravatar.com\\\/avatar\\\/b6992f131dc8d30ab0dff15446e9d346d9dbd95992de0fef795073f5ea83a81c?s=96&d=mm&r=g\",\"caption\":\"La Gu\u00eda de Pamplona\"}}]}<\/script>\n<!-- \/ Yoast SEO plugin. -->","yoast_head_json":{"title":"El Ayuntamiento oferta 80 plazas en campamentos urbanos para facilitar la conciliaci\u00f3n de la vida familiar y laboral durante las vacaciones de Navidad","robots":{"index":"index","follow":"follow","max-snippet":"max-snippet:-1","max-image-preview":"max-image-preview:large","max-video-preview":"max-video-preview:-1"},"canonical":"https:\/\/www.laguiadepamplona.com\/actualidad\/el-ayuntamiento-oferta-80-plazas-en-campamentos-urbanos-para-facilitar-la-conciliacion-de-la-vida-familiar-y-laboral-durante-las-vacaciones-de-navidad\/","og_locale":"es_ES","og_type":"article","og_title":"El Ayuntamiento oferta 80 plazas en campamentos urbanos para facilitar la conciliaci\u00f3n de la vida familiar y laboral durante las vacaciones de Navidad","og_description":"Hoy se abre el plazo de inscripci\u00f3n para este servicio dirigido a menores de entre 3 y 12 a\u00f1os, que se desarrollar\u00e1 del 23 de diciembre al 3 de enero","og_url":"https:\/\/www.laguiadepamplona.com\/actualidad\/el-ayuntamiento-oferta-80-plazas-en-campamentos-urbanos-para-facilitar-la-conciliacion-de-la-vida-familiar-y-laboral-durante-las-vacaciones-de-navidad\/","og_site_name":"La Gu\u00eda de Pamplona","article_publisher":"https:\/\/www.facebook.com\/laguiadepamplonacom-133175176762273\/?ref=hl","article_published_time":"2019-11-26T18:03:12+00:00","og_image":[{"width":1920,"height":1100,"url":"https:\/\/www.laguiadepamplona.com\/actualidad\/wp-content\/uploads\/2019\/05\/ayuntamiento-pamplona-laguiadepamplona.jpg","type":"image\/jpeg"}],"author":"La Gu\u00eda de Pamplona","twitter_card":"summary_large_image","twitter_creator":"@LaGuiadPamplona","twitter_site":"@LaGuiadPamplona","twitter_misc":{"Escrito por":"La Gu\u00eda de Pamplona","Tiempo de lectura":"4 minutos"},"schema":{"@context":"https:\/\/schema.org","@graph":[{"@type":"Article","@id":"https:\/\/www.laguiadepamplona.com\/actualidad\/el-ayuntamiento-oferta-80-plazas-en-campamentos-urbanos-para-facilitar-la-conciliacion-de-la-vida-familiar-y-laboral-durante-las-vacaciones-de-navidad\/#article","isPartOf":{"@id":"https:\/\/www.laguiadepamplona.com\/actualidad\/el-ayuntamiento-oferta-80-plazas-en-campamentos-urbanos-para-facilitar-la-conciliacion-de-la-vida-familiar-y-laboral-durante-las-vacaciones-de-navidad\/"},"author":{"name":"La Gu\u00eda de Pamplona","@id":"https:\/\/www.laguiadepamplona.com\/actualidad\/#\/schema\/person\/efe887376f0213d4657c93adc50b1fdb"},"headline":"El Ayuntamiento oferta 80 plazas en campamentos urbanos para facilitar la conciliaci\u00f3n de la vida familiar y laboral durante las vacaciones de Navidad","datePublished":"2019-11-26T18:03:12+00:00","mainEntityOfPage":{"@id":"https:\/\/www.laguiadepamplona.com\/actualidad\/el-ayuntamiento-oferta-80-plazas-en-campamentos-urbanos-para-facilitar-la-conciliacion-de-la-vida-familiar-y-laboral-durante-las-vacaciones-de-navidad\/"},"wordCount":779,"commentCount":0,"publisher":{"@id":"https:\/\/www.laguiadepamplona.com\/actualidad\/#organization"},"image":{"@id":"https:\/\/www.laguiadepamplona.com\/actualidad\/el-ayuntamiento-oferta-80-plazas-en-campamentos-urbanos-para-facilitar-la-conciliacion-de-la-vida-familiar-y-laboral-durante-las-vacaciones-de-navidad\/#primaryimage"},"thumbnailUrl":"https:\/\/www.laguiadepamplona.com\/actualidad\/wp-content\/uploads\/2019\/05\/ayuntamiento-pamplona-laguiadepamplona.jpg","articleSection":["Ayto Pamplona"],"inLanguage":"es","potentialAction":[{"@type":"CommentAction","name":"Comment","target":["https:\/\/www.laguiadepamplona.com\/actualidad\/el-ayuntamiento-oferta-80-plazas-en-campamentos-urbanos-para-facilitar-la-conciliacion-de-la-vida-familiar-y-laboral-durante-las-vacaciones-de-navidad\/#respond"]}]},{"@type":"WebPage","@id":"https:\/\/www.laguiadepamplona.com\/actualidad\/el-ayuntamiento-oferta-80-plazas-en-campamentos-urbanos-para-facilitar-la-conciliacion-de-la-vida-familiar-y-laboral-durante-las-vacaciones-de-navidad\/","url":"https:\/\/www.laguiadepamplona.com\/actualidad\/el-ayuntamiento-oferta-80-plazas-en-campamentos-urbanos-para-facilitar-la-conciliacion-de-la-vida-familiar-y-laboral-durante-las-vacaciones-de-navidad\/","name":"El Ayuntamiento oferta 80 plazas en campamentos urbanos para facilitar la conciliaci\u00f3n de la vida familiar y laboral durante las vacaciones de Navidad","isPartOf":{"@id":"https:\/\/www.laguiadepamplona.com\/actualidad\/#website"},"primaryImageOfPage":{"@id":"https:\/\/www.laguiadepamplona.com\/actualidad\/el-ayuntamiento-oferta-80-plazas-en-campamentos-urbanos-para-facilitar-la-conciliacion-de-la-vida-familiar-y-laboral-durante-las-vacaciones-de-navidad\/#primaryimage"},"image":{"@id":"https:\/\/www.laguiadepamplona.com\/actualidad\/el-ayuntamiento-oferta-80-plazas-en-campamentos-urbanos-para-facilitar-la-conciliacion-de-la-vida-familiar-y-laboral-durante-las-vacaciones-de-navidad\/#primaryimage"},"thumbnailUrl":"https:\/\/www.laguiadepamplona.com\/actualidad\/wp-content\/uploads\/2019\/05\/ayuntamiento-pamplona-laguiadepamplona.jpg","datePublished":"2019-11-26T18:03:12+00:00","breadcrumb":{"@id":"https:\/\/www.laguiadepamplona.com\/actualidad\/el-ayuntamiento-oferta-80-plazas-en-campamentos-urbanos-para-facilitar-la-conciliacion-de-la-vida-familiar-y-laboral-durante-las-vacaciones-de-navidad\/#breadcrumb"},"inLanguage":"es","potentialAction":[{"@type":"ReadAction","target":["https:\/\/www.laguiadepamplona.com\/actualidad\/el-ayuntamiento-oferta-80-plazas-en-campamentos-urbanos-para-facilitar-la-conciliacion-de-la-vida-familiar-y-laboral-durante-las-vacaciones-de-navidad\/"]}]},{"@type":"ImageObject","inLanguage":"es","@id":"https:\/\/www.laguiadepamplona.com\/actualidad\/el-ayuntamiento-oferta-80-plazas-en-campamentos-urbanos-para-facilitar-la-conciliacion-de-la-vida-familiar-y-laboral-durante-las-vacaciones-de-navidad\/#primaryimage","url":"https:\/\/www.laguiadepamplona.com\/actualidad\/wp-content\/uploads\/2019\/05\/ayuntamiento-pamplona-laguiadepamplona.jpg","contentUrl":"https:\/\/www.laguiadepamplona.com\/actualidad\/wp-content\/uploads\/2019\/05\/ayuntamiento-pamplona-laguiadepamplona.jpg","width":1920,"height":1100},{"@type":"BreadcrumbList","@id":"https:\/\/www.laguiadepamplona.com\/actualidad\/el-ayuntamiento-oferta-80-plazas-en-campamentos-urbanos-para-facilitar-la-conciliacion-de-la-vida-familiar-y-laboral-durante-las-vacaciones-de-navidad\/#breadcrumb","itemListElement":[{"@type":"ListItem","position":1,"name":"Portada","item":"https:\/\/www.laguiadepamplona.com\/actualidad\/"},{"@type":"ListItem","position":2,"name":"El Ayuntamiento oferta 80 plazas en campamentos urbanos para facilitar la conciliaci\u00f3n de la vida familiar y laboral durante las vacaciones de Navidad"}]},{"@type":"WebSite","@id":"https:\/\/www.laguiadepamplona.com\/actualidad\/#website","url":"https:\/\/www.laguiadepamplona.com\/actualidad\/","name":"La gu\u00eda de Pamplona","description":"Noticias de Pamplona","publisher":{"@id":"https:\/\/www.laguiadepamplona.com\/actualidad\/#organization"},"potentialAction":[{"@type":"SearchAction","target":{"@type":"EntryPoint","urlTemplate":"https:\/\/www.laguiadepamplona.com\/actualidad\/?s={search_term_string}"},"query-input":{"@type":"PropertyValueSpecification","valueRequired":true,"valueName":"search_term_string"}}],"inLanguage":"es"},{"@type":"Organization","@id":"https:\/\/www.laguiadepamplona.com\/actualidad\/#organization","name":"La Gu\u00eda de Pamplona \/ Noticias","url":"https:\/\/www.laguiadepamplona.com\/actualidad\/","logo":{"@type":"ImageObject","inLanguage":"es","@id":"https:\/\/www.laguiadepamplona.com\/actualidad\/#\/schema\/logo\/image\/","url":"https:\/\/www.laguiadepamplona.com\/actualidad\/wp-content\/uploads\/2018\/11\/logo-laguiadepamplona18-web1.png","contentUrl":"https:\/\/www.laguiadepamplona.com\/actualidad\/wp-content\/uploads\/2018\/11\/logo-laguiadepamplona18-web1.png","width":600,"height":196,"caption":"La Gu\u00eda de Pamplona \/ Noticias"},"image":{"@id":"https:\/\/www.laguiadepamplona.com\/actualidad\/#\/schema\/logo\/image\/"},"sameAs":["https:\/\/www.facebook.com\/laguiadepamplonacom-133175176762273\/?ref=hl","https:\/\/x.com\/LaGuiadPamplona","https:\/\/www.instagram.com\/la_guia_de_pamplona\/","https:\/\/www.youtube.com\/user\/laguiadepamplona"]},{"@type":"Person","@id":"https:\/\/www.laguiadepamplona.com\/actualidad\/#\/schema\/person\/efe887376f0213d4657c93adc50b1fdb","name":"La Gu\u00eda de Pamplona","image":{"@type":"ImageObject","inLanguage":"es","@id":"https:\/\/secure.gravatar.com\/avatar\/b6992f131dc8d30ab0dff15446e9d346d9dbd95992de0fef795073f5ea83a81c?s=96&d=mm&r=g","url":"https:\/\/secure.gravatar.com\/avatar\/b6992f131dc8d30ab0dff15446e9d346d9dbd95992de0fef795073f5ea83a81c?s=96&d=mm&r=g","contentUrl":"https:\/\/secure.gravatar.com\/avatar\/b6992f131dc8d30ab0dff15446e9d346d9dbd95992de0fef795073f5ea83a81c?s=96&d=mm&r=g","caption":"La Gu\u00eda de Pamplona"}}]}},"post_mailing_queue_ids":[],"_links":{"self":[{"href":"https:\/\/www.laguiadepamplona.com\/actualidad\/wp-json\/wp\/v2\/posts\/26525","targetHints":{"allow":["GET"]}}],"collection":[{"href":"https:\/\/www.laguiadepamplona.com\/actualidad\/wp-json\/wp\/v2\/posts"}],"about":[{"href":"https:\/\/www.laguiadepamplona.com\/actualidad\/wp-json\/wp\/v2\/types\/post"}],"author":[{"embeddable":true,"href":"https:\/\/www.laguiadepamplona.com\/actualidad\/wp-json\/wp\/v2\/users\/1"}],"replies":[{"embeddable":true,"href":"https:\/\/www.laguiadepamplona.com\/actualidad\/wp-json\/wp\/v2\/comments?post=26525"}],"version-history":[{"count":0,"href":"https:\/\/www.laguiadepamplona.com\/actualidad\/wp-json\/wp\/v2\/posts\/26525\/revisions"}],"wp:featuredmedia":[{"embeddable":true,"href":"https:\/\/www.laguiadepamplona.com\/actualidad\/wp-json\/wp\/v2\/media\/21939"}],"wp:attachment":[{"href":"https:\/\/www.laguiadepamplona.com\/actualidad\/wp-json\/wp\/v2\/media?parent=26525"}],"wp:term":[{"taxonomy":"category","embeddable":true,"href":"https:\/\/www.laguiadepamplona.com\/actualidad\/wp-json\/wp\/v2\/categories?post=26525"},{"taxonomy":"post_tag","embeddable":true,"href":"https:\/\/www.laguiadepamplona.com\/actualidad\/wp-json\/wp\/v2\/tags?post=26525"}],"curies":[{"name":"wp","href":"https:\/\/api.w.org\/{rel}","templated":true}]}}