{"id":26521,"date":"2019-11-26T19:57:32","date_gmt":"2019-11-26T17:57:32","guid":{"rendered":"https:\/\/www.laguiadepamplona.es\/actualidad\/?p=26521"},"modified":"2019-11-26T19:57:32","modified_gmt":"2019-11-26T17:57:32","slug":"los-mercados-municipales-de-ensanche-ermitagana-y-santo-domingo-invitan-esta-semana-a-desayunar-a-su-clientela","status":"publish","type":"post","link":"https:\/\/www.laguiadepamplona.com\/actualidad\/los-mercados-municipales-de-ensanche-ermitagana-y-santo-domingo-invitan-esta-semana-a-desayunar-a-su-clientela\/","title":{"rendered":"Los mercados municipales de Ensanche, Ermitaga\u00f1a y Santo Domingo invitan esta semana a desayunar a su clientela"},"content":{"rendered":"<h3>La clientela recibe un vale dependiendo del importe de la compra para la degustaci\u00f3n de un caf\u00e9 y\/o una miniatura a partir de las 11.30 horas<\/h3>\n<p><!--more--><\/p>\n<p>Los mercados municipales de Ensanche, Ermitaga\u00f1a y Santo Domingo est\u00e1n invitando esta semana a desayunar a los clientes que se acercan a sus establecimientos a realizar sus compras. En los tres mercados el procedimiento es que los comerciantes entregan un vale, dependiendo del importe de la compra para la degustaci\u00f3n de un caf\u00e9 y\/o una miniatura. Los desayunos se ofrecen a partir de las 11.30 horas en las cafeter\u00edas de los mercados, hasta agotar las existencias de cada d\u00eda. Con esta actividad se pretende crear ambiente en los tres mercados antes de la llegada de las Navidades acercando a clientela y comerciantes en un marco m\u00e1s distendido como es tomando un caf\u00e9 y una miniatura.<\/p>\n<p><script async src=\"\/\/pagead2.googlesyndication.com\/pagead\/js\/adsbygoogle.js\"><\/script><br \/>\n<!-- Noticias La Guia de Pamplona --><br \/>\n<ins class=\"adsbygoogle\"\nstyle=\"display:block\"\ndata-ad-client=\"ca-pub-6943679897239327\"\ndata-ad-slot=\"7048180777\"\ndata-ad-format=\"auto\"><\/ins><br \/>\n<script>\n(adsbygoogle = window.adsbygoogle || []).push({});\n<\/script><\/p>\n<p>Esta iniciativa, que quiere premiar la fidelizaci\u00f3n, es fruto de la colaboraci\u00f3n que el Ayuntamiento de Pamplona mantiene con los mercados municipales del Ensanche, Ermitaga\u00f1a y Santo Domingo. Al igual que el resto de actividades organizadas a lo largo del a\u00f1o, tratan de promocionar el producto fresco y de calidad que se vende en los mercados, as\u00ed como la atenci\u00f3n personalizada que desde los puestos de venta se realiza al cliente. Se trata, por un lado, de fidelizar a los compradores habituales a la vez que se captan nuevos clientes.<\/p>\n","protected":false},"excerpt":{"rendered":"<p>La clientela recibe un vale dependiendo del importe de la compra para la degustaci\u00f3n de un caf\u00e9 y\/o una miniatura a partir de las 11.30 horas<\/p>\n","protected":false},"author":1,"featured_media":22297,"comment_status":"open","ping_status":"closed","sticky":false,"template":"","format":"standard","meta":{"footnotes":""},"categories":[2],"tags":[],"class_list":["post-26521","post","type-post","status-publish","format-standard","has-post-thumbnail","hentry","category-ayuntamiento-pamplona"],"yoast_head":"<!-- This site is optimized with the Yoast SEO plugin v27.3 - https:\/\/yoast.com\/product\/yoast-seo-wordpress\/ -->\n<title>Los mercados municipales de Ensanche, Ermitaga\u00f1a y Santo Domingo invitan esta semana a desayunar a su clientela<\/title>\n<meta name=\"robots\" content=\"index, follow, max-snippet:-1, max-image-preview:large, max-video-preview:-1\" \/>\n<link rel=\"canonical\" href=\"https:\/\/www.laguiadepamplona.com\/actualidad\/los-mercados-municipales-de-ensanche-ermitagana-y-santo-domingo-invitan-esta-semana-a-desayunar-a-su-clientela\/\" \/>\n<meta property=\"og:locale\" content=\"es_ES\" \/>\n<meta property=\"og:type\" content=\"article\" \/>\n<meta property=\"og:title\" content=\"Los mercados municipales de Ensanche, Ermitaga\u00f1a y Santo Domingo invitan esta semana a desayunar a su clientela\" \/>\n<meta property=\"og:description\" content=\"La clientela recibe un vale dependiendo del importe de la compra para la degustaci\u00f3n de un caf\u00e9 y\/o una miniatura a partir de las 11.30 horas\" \/>\n<meta property=\"og:url\" content=\"https:\/\/www.laguiadepamplona.com\/actualidad\/los-mercados-municipales-de-ensanche-ermitagana-y-santo-domingo-invitan-esta-semana-a-desayunar-a-su-clientela\/\" \/>\n<meta property=\"og:site_name\" content=\"La Gu\u00eda de Pamplona\" \/>\n<meta property=\"article:publisher\" content=\"https:\/\/www.facebook.com\/laguiadepamplonacom-133175176762273\/?ref=hl\" \/>\n<meta property=\"article:published_time\" content=\"2019-11-26T17:57:32+00:00\" \/>\n<meta property=\"og:image\" content=\"https:\/\/www.laguiadepamplona.com\/actualidad\/wp-content\/uploads\/2019\/05\/mercado-santo-domingo.jpg\" \/>\n\t<meta property=\"og:image:width\" content=\"1200\" \/>\n\t<meta property=\"og:image:height\" content=\"684\" \/>\n\t<meta property=\"og:image:type\" content=\"image\/jpeg\" \/>\n<meta name=\"author\" content=\"La Gu\u00eda de Pamplona\" \/>\n<meta name=\"twitter:card\" content=\"summary_large_image\" \/>\n<meta name=\"twitter:creator\" content=\"@LaGuiadPamplona\" \/>\n<meta name=\"twitter:site\" content=\"@LaGuiadPamplona\" \/>\n<meta name=\"twitter:label1\" content=\"Escrito por\" \/>\n\t<meta name=\"twitter:data1\" content=\"La Gu\u00eda de Pamplona\" \/>\n\t<meta name=\"twitter:label2\" content=\"Tiempo de lectura\" \/>\n\t<meta name=\"twitter:data2\" content=\"1 minuto\" \/>\n<script type=\"application\/ld+json\" class=\"yoast-schema-graph\">{\"@context\":\"https:\\\/\\\/schema.org\",\"@graph\":[{\"@type\":\"Article\",\"@id\":\"https:\\\/\\\/www.laguiadepamplona.com\\\/actualidad\\\/los-mercados-municipales-de-ensanche-ermitagana-y-santo-domingo-invitan-esta-semana-a-desayunar-a-su-clientela\\\/#article\",\"isPartOf\":{\"@id\":\"https:\\\/\\\/www.laguiadepamplona.com\\\/actualidad\\\/los-mercados-municipales-de-ensanche-ermitagana-y-santo-domingo-invitan-esta-semana-a-desayunar-a-su-clientela\\\/\"},\"author\":{\"name\":\"La Gu\u00eda de Pamplona\",\"@id\":\"https:\\\/\\\/www.laguiadepamplona.com\\\/actualidad\\\/#\\\/schema\\\/person\\\/efe887376f0213d4657c93adc50b1fdb\"},\"headline\":\"Los mercados municipales de Ensanche, Ermitaga\u00f1a y Santo Domingo invitan esta semana a desayunar a su clientela\",\"datePublished\":\"2019-11-26T17:57:32+00:00\",\"mainEntityOfPage\":{\"@id\":\"https:\\\/\\\/www.laguiadepamplona.com\\\/actualidad\\\/los-mercados-municipales-de-ensanche-ermitagana-y-santo-domingo-invitan-esta-semana-a-desayunar-a-su-clientela\\\/\"},\"wordCount\":261,\"commentCount\":0,\"publisher\":{\"@id\":\"https:\\\/\\\/www.laguiadepamplona.com\\\/actualidad\\\/#organization\"},\"image\":{\"@id\":\"https:\\\/\\\/www.laguiadepamplona.com\\\/actualidad\\\/los-mercados-municipales-de-ensanche-ermitagana-y-santo-domingo-invitan-esta-semana-a-desayunar-a-su-clientela\\\/#primaryimage\"},\"thumbnailUrl\":\"https:\\\/\\\/www.laguiadepamplona.com\\\/actualidad\\\/wp-content\\\/uploads\\\/2019\\\/05\\\/mercado-santo-domingo.jpg\",\"articleSection\":[\"Ayto Pamplona\"],\"inLanguage\":\"es\",\"potentialAction\":[{\"@type\":\"CommentAction\",\"name\":\"Comment\",\"target\":[\"https:\\\/\\\/www.laguiadepamplona.com\\\/actualidad\\\/los-mercados-municipales-de-ensanche-ermitagana-y-santo-domingo-invitan-esta-semana-a-desayunar-a-su-clientela\\\/#respond\"]}]},{\"@type\":\"WebPage\",\"@id\":\"https:\\\/\\\/www.laguiadepamplona.com\\\/actualidad\\\/los-mercados-municipales-de-ensanche-ermitagana-y-santo-domingo-invitan-esta-semana-a-desayunar-a-su-clientela\\\/\",\"url\":\"https:\\\/\\\/www.laguiadepamplona.com\\\/actualidad\\\/los-mercados-municipales-de-ensanche-ermitagana-y-santo-domingo-invitan-esta-semana-a-desayunar-a-su-clientela\\\/\",\"name\":\"Los mercados municipales de Ensanche, Ermitaga\u00f1a y Santo Domingo invitan esta semana a desayunar a su clientela\",\"isPartOf\":{\"@id\":\"https:\\\/\\\/www.laguiadepamplona.com\\\/actualidad\\\/#website\"},\"primaryImageOfPage\":{\"@id\":\"https:\\\/\\\/www.laguiadepamplona.com\\\/actualidad\\\/los-mercados-municipales-de-ensanche-ermitagana-y-santo-domingo-invitan-esta-semana-a-desayunar-a-su-clientela\\\/#primaryimage\"},\"image\":{\"@id\":\"https:\\\/\\\/www.laguiadepamplona.com\\\/actualidad\\\/los-mercados-municipales-de-ensanche-ermitagana-y-santo-domingo-invitan-esta-semana-a-desayunar-a-su-clientela\\\/#primaryimage\"},\"thumbnailUrl\":\"https:\\\/\\\/www.laguiadepamplona.com\\\/actualidad\\\/wp-content\\\/uploads\\\/2019\\\/05\\\/mercado-santo-domingo.jpg\",\"datePublished\":\"2019-11-26T17:57:32+00:00\",\"breadcrumb\":{\"@id\":\"https:\\\/\\\/www.laguiadepamplona.com\\\/actualidad\\\/los-mercados-municipales-de-ensanche-ermitagana-y-santo-domingo-invitan-esta-semana-a-desayunar-a-su-clientela\\\/#breadcrumb\"},\"inLanguage\":\"es\",\"potentialAction\":[{\"@type\":\"ReadAction\",\"target\":[\"https:\\\/\\\/www.laguiadepamplona.com\\\/actualidad\\\/los-mercados-municipales-de-ensanche-ermitagana-y-santo-domingo-invitan-esta-semana-a-desayunar-a-su-clientela\\\/\"]}]},{\"@type\":\"ImageObject\",\"inLanguage\":\"es\",\"@id\":\"https:\\\/\\\/www.laguiadepamplona.com\\\/actualidad\\\/los-mercados-municipales-de-ensanche-ermitagana-y-santo-domingo-invitan-esta-semana-a-desayunar-a-su-clientela\\\/#primaryimage\",\"url\":\"https:\\\/\\\/www.laguiadepamplona.com\\\/actualidad\\\/wp-content\\\/uploads\\\/2019\\\/05\\\/mercado-santo-domingo.jpg\",\"contentUrl\":\"https:\\\/\\\/www.laguiadepamplona.com\\\/actualidad\\\/wp-content\\\/uploads\\\/2019\\\/05\\\/mercado-santo-domingo.jpg\",\"width\":1200,\"height\":684},{\"@type\":\"BreadcrumbList\",\"@id\":\"https:\\\/\\\/www.laguiadepamplona.com\\\/actualidad\\\/los-mercados-municipales-de-ensanche-ermitagana-y-santo-domingo-invitan-esta-semana-a-desayunar-a-su-clientela\\\/#breadcrumb\",\"itemListElement\":[{\"@type\":\"ListItem\",\"position\":1,\"name\":\"Portada\",\"item\":\"https:\\\/\\\/www.laguiadepamplona.com\\\/actualidad\\\/\"},{\"@type\":\"ListItem\",\"position\":2,\"name\":\"Los mercados municipales de Ensanche, Ermitaga\u00f1a y Santo Domingo invitan esta semana a desayunar a su clientela\"}]},{\"@type\":\"WebSite\",\"@id\":\"https:\\\/\\\/www.laguiadepamplona.com\\\/actualidad\\\/#website\",\"url\":\"https:\\\/\\\/www.laguiadepamplona.com\\\/actualidad\\\/\",\"name\":\"La gu\u00eda de Pamplona\",\"description\":\"Noticias de Pamplona\",\"publisher\":{\"@id\":\"https:\\\/\\\/www.laguiadepamplona.com\\\/actualidad\\\/#organization\"},\"potentialAction\":[{\"@type\":\"SearchAction\",\"target\":{\"@type\":\"EntryPoint\",\"urlTemplate\":\"https:\\\/\\\/www.laguiadepamplona.com\\\/actualidad\\\/?s={search_term_string}\"},\"query-input\":{\"@type\":\"PropertyValueSpecification\",\"valueRequired\":true,\"valueName\":\"search_term_string\"}}],\"inLanguage\":\"es\"},{\"@type\":\"Organization\",\"@id\":\"https:\\\/\\\/www.laguiadepamplona.com\\\/actualidad\\\/#organization\",\"name\":\"La Gu\u00eda de Pamplona \\\/ Noticias\",\"url\":\"https:\\\/\\\/www.laguiadepamplona.com\\\/actualidad\\\/\",\"logo\":{\"@type\":\"ImageObject\",\"inLanguage\":\"es\",\"@id\":\"https:\\\/\\\/www.laguiadepamplona.com\\\/actualidad\\\/#\\\/schema\\\/logo\\\/image\\\/\",\"url\":\"https:\\\/\\\/www.laguiadepamplona.com\\\/actualidad\\\/wp-content\\\/uploads\\\/2018\\\/11\\\/logo-laguiadepamplona18-web1.png\",\"contentUrl\":\"https:\\\/\\\/www.laguiadepamplona.com\\\/actualidad\\\/wp-content\\\/uploads\\\/2018\\\/11\\\/logo-laguiadepamplona18-web1.png\",\"width\":600,\"height\":196,\"caption\":\"La Gu\u00eda de Pamplona \\\/ Noticias\"},\"image\":{\"@id\":\"https:\\\/\\\/www.laguiadepamplona.com\\\/actualidad\\\/#\\\/schema\\\/logo\\\/image\\\/\"},\"sameAs\":[\"https:\\\/\\\/www.facebook.com\\\/laguiadepamplonacom-133175176762273\\\/?ref=hl\",\"https:\\\/\\\/x.com\\\/LaGuiadPamplona\",\"https:\\\/\\\/www.instagram.com\\\/la_guia_de_pamplona\\\/\",\"https:\\\/\\\/www.youtube.com\\\/user\\\/laguiadepamplona\"]},{\"@type\":\"Person\",\"@id\":\"https:\\\/\\\/www.laguiadepamplona.com\\\/actualidad\\\/#\\\/schema\\\/person\\\/efe887376f0213d4657c93adc50b1fdb\",\"name\":\"La Gu\u00eda de Pamplona\",\"image\":{\"@type\":\"ImageObject\",\"inLanguage\":\"es\",\"@id\":\"https:\\\/\\\/secure.gravatar.com\\\/avatar\\\/b6992f131dc8d30ab0dff15446e9d346d9dbd95992de0fef795073f5ea83a81c?s=96&d=mm&r=g\",\"url\":\"https:\\\/\\\/secure.gravatar.com\\\/avatar\\\/b6992f131dc8d30ab0dff15446e9d346d9dbd95992de0fef795073f5ea83a81c?s=96&d=mm&r=g\",\"contentUrl\":\"https:\\\/\\\/secure.gravatar.com\\\/avatar\\\/b6992f131dc8d30ab0dff15446e9d346d9dbd95992de0fef795073f5ea83a81c?s=96&d=mm&r=g\",\"caption\":\"La Gu\u00eda de Pamplona\"}}]}<\/script>\n<!-- \/ Yoast SEO plugin. -->","yoast_head_json":{"title":"Los mercados municipales de Ensanche, Ermitaga\u00f1a y Santo Domingo invitan esta semana a desayunar a su clientela","robots":{"index":"index","follow":"follow","max-snippet":"max-snippet:-1","max-image-preview":"max-image-preview:large","max-video-preview":"max-video-preview:-1"},"canonical":"https:\/\/www.laguiadepamplona.com\/actualidad\/los-mercados-municipales-de-ensanche-ermitagana-y-santo-domingo-invitan-esta-semana-a-desayunar-a-su-clientela\/","og_locale":"es_ES","og_type":"article","og_title":"Los mercados municipales de Ensanche, Ermitaga\u00f1a y Santo Domingo invitan esta semana a desayunar a su clientela","og_description":"La clientela recibe un vale dependiendo del importe de la compra para la degustaci\u00f3n de un caf\u00e9 y\/o una miniatura a partir de las 11.30 horas","og_url":"https:\/\/www.laguiadepamplona.com\/actualidad\/los-mercados-municipales-de-ensanche-ermitagana-y-santo-domingo-invitan-esta-semana-a-desayunar-a-su-clientela\/","og_site_name":"La Gu\u00eda de Pamplona","article_publisher":"https:\/\/www.facebook.com\/laguiadepamplonacom-133175176762273\/?ref=hl","article_published_time":"2019-11-26T17:57:32+00:00","og_image":[{"width":1200,"height":684,"url":"https:\/\/www.laguiadepamplona.com\/actualidad\/wp-content\/uploads\/2019\/05\/mercado-santo-domingo.jpg","type":"image\/jpeg"}],"author":"La Gu\u00eda de Pamplona","twitter_card":"summary_large_image","twitter_creator":"@LaGuiadPamplona","twitter_site":"@LaGuiadPamplona","twitter_misc":{"Escrito por":"La Gu\u00eda de Pamplona","Tiempo de lectura":"1 minuto"},"schema":{"@context":"https:\/\/schema.org","@graph":[{"@type":"Article","@id":"https:\/\/www.laguiadepamplona.com\/actualidad\/los-mercados-municipales-de-ensanche-ermitagana-y-santo-domingo-invitan-esta-semana-a-desayunar-a-su-clientela\/#article","isPartOf":{"@id":"https:\/\/www.laguiadepamplona.com\/actualidad\/los-mercados-municipales-de-ensanche-ermitagana-y-santo-domingo-invitan-esta-semana-a-desayunar-a-su-clientela\/"},"author":{"name":"La Gu\u00eda de Pamplona","@id":"https:\/\/www.laguiadepamplona.com\/actualidad\/#\/schema\/person\/efe887376f0213d4657c93adc50b1fdb"},"headline":"Los mercados municipales de Ensanche, Ermitaga\u00f1a y Santo Domingo invitan esta semana a desayunar a su clientela","datePublished":"2019-11-26T17:57:32+00:00","mainEntityOfPage":{"@id":"https:\/\/www.laguiadepamplona.com\/actualidad\/los-mercados-municipales-de-ensanche-ermitagana-y-santo-domingo-invitan-esta-semana-a-desayunar-a-su-clientela\/"},"wordCount":261,"commentCount":0,"publisher":{"@id":"https:\/\/www.laguiadepamplona.com\/actualidad\/#organization"},"image":{"@id":"https:\/\/www.laguiadepamplona.com\/actualidad\/los-mercados-municipales-de-ensanche-ermitagana-y-santo-domingo-invitan-esta-semana-a-desayunar-a-su-clientela\/#primaryimage"},"thumbnailUrl":"https:\/\/www.laguiadepamplona.com\/actualidad\/wp-content\/uploads\/2019\/05\/mercado-santo-domingo.jpg","articleSection":["Ayto Pamplona"],"inLanguage":"es","potentialAction":[{"@type":"CommentAction","name":"Comment","target":["https:\/\/www.laguiadepamplona.com\/actualidad\/los-mercados-municipales-de-ensanche-ermitagana-y-santo-domingo-invitan-esta-semana-a-desayunar-a-su-clientela\/#respond"]}]},{"@type":"WebPage","@id":"https:\/\/www.laguiadepamplona.com\/actualidad\/los-mercados-municipales-de-ensanche-ermitagana-y-santo-domingo-invitan-esta-semana-a-desayunar-a-su-clientela\/","url":"https:\/\/www.laguiadepamplona.com\/actualidad\/los-mercados-municipales-de-ensanche-ermitagana-y-santo-domingo-invitan-esta-semana-a-desayunar-a-su-clientela\/","name":"Los mercados municipales de Ensanche, Ermitaga\u00f1a y Santo Domingo invitan esta semana a desayunar a su clientela","isPartOf":{"@id":"https:\/\/www.laguiadepamplona.com\/actualidad\/#website"},"primaryImageOfPage":{"@id":"https:\/\/www.laguiadepamplona.com\/actualidad\/los-mercados-municipales-de-ensanche-ermitagana-y-santo-domingo-invitan-esta-semana-a-desayunar-a-su-clientela\/#primaryimage"},"image":{"@id":"https:\/\/www.laguiadepamplona.com\/actualidad\/los-mercados-municipales-de-ensanche-ermitagana-y-santo-domingo-invitan-esta-semana-a-desayunar-a-su-clientela\/#primaryimage"},"thumbnailUrl":"https:\/\/www.laguiadepamplona.com\/actualidad\/wp-content\/uploads\/2019\/05\/mercado-santo-domingo.jpg","datePublished":"2019-11-26T17:57:32+00:00","breadcrumb":{"@id":"https:\/\/www.laguiadepamplona.com\/actualidad\/los-mercados-municipales-de-ensanche-ermitagana-y-santo-domingo-invitan-esta-semana-a-desayunar-a-su-clientela\/#breadcrumb"},"inLanguage":"es","potentialAction":[{"@type":"ReadAction","target":["https:\/\/www.laguiadepamplona.com\/actualidad\/los-mercados-municipales-de-ensanche-ermitagana-y-santo-domingo-invitan-esta-semana-a-desayunar-a-su-clientela\/"]}]},{"@type":"ImageObject","inLanguage":"es","@id":"https:\/\/www.laguiadepamplona.com\/actualidad\/los-mercados-municipales-de-ensanche-ermitagana-y-santo-domingo-invitan-esta-semana-a-desayunar-a-su-clientela\/#primaryimage","url":"https:\/\/www.laguiadepamplona.com\/actualidad\/wp-content\/uploads\/2019\/05\/mercado-santo-domingo.jpg","contentUrl":"https:\/\/www.laguiadepamplona.com\/actualidad\/wp-content\/uploads\/2019\/05\/mercado-santo-domingo.jpg","width":1200,"height":684},{"@type":"BreadcrumbList","@id":"https:\/\/www.laguiadepamplona.com\/actualidad\/los-mercados-municipales-de-ensanche-ermitagana-y-santo-domingo-invitan-esta-semana-a-desayunar-a-su-clientela\/#breadcrumb","itemListElement":[{"@type":"ListItem","position":1,"name":"Portada","item":"https:\/\/www.laguiadepamplona.com\/actualidad\/"},{"@type":"ListItem","position":2,"name":"Los mercados municipales de Ensanche, Ermitaga\u00f1a y Santo Domingo invitan esta semana a desayunar a su clientela"}]},{"@type":"WebSite","@id":"https:\/\/www.laguiadepamplona.com\/actualidad\/#website","url":"https:\/\/www.laguiadepamplona.com\/actualidad\/","name":"La gu\u00eda de Pamplona","description":"Noticias de Pamplona","publisher":{"@id":"https:\/\/www.laguiadepamplona.com\/actualidad\/#organization"},"potentialAction":[{"@type":"SearchAction","target":{"@type":"EntryPoint","urlTemplate":"https:\/\/www.laguiadepamplona.com\/actualidad\/?s={search_term_string}"},"query-input":{"@type":"PropertyValueSpecification","valueRequired":true,"valueName":"search_term_string"}}],"inLanguage":"es"},{"@type":"Organization","@id":"https:\/\/www.laguiadepamplona.com\/actualidad\/#organization","name":"La Gu\u00eda de Pamplona \/ Noticias","url":"https:\/\/www.laguiadepamplona.com\/actualidad\/","logo":{"@type":"ImageObject","inLanguage":"es","@id":"https:\/\/www.laguiadepamplona.com\/actualidad\/#\/schema\/logo\/image\/","url":"https:\/\/www.laguiadepamplona.com\/actualidad\/wp-content\/uploads\/2018\/11\/logo-laguiadepamplona18-web1.png","contentUrl":"https:\/\/www.laguiadepamplona.com\/actualidad\/wp-content\/uploads\/2018\/11\/logo-laguiadepamplona18-web1.png","width":600,"height":196,"caption":"La Gu\u00eda de Pamplona \/ Noticias"},"image":{"@id":"https:\/\/www.laguiadepamplona.com\/actualidad\/#\/schema\/logo\/image\/"},"sameAs":["https:\/\/www.facebook.com\/laguiadepamplonacom-133175176762273\/?ref=hl","https:\/\/x.com\/LaGuiadPamplona","https:\/\/www.instagram.com\/la_guia_de_pamplona\/","https:\/\/www.youtube.com\/user\/laguiadepamplona"]},{"@type":"Person","@id":"https:\/\/www.laguiadepamplona.com\/actualidad\/#\/schema\/person\/efe887376f0213d4657c93adc50b1fdb","name":"La Gu\u00eda de Pamplona","image":{"@type":"ImageObject","inLanguage":"es","@id":"https:\/\/secure.gravatar.com\/avatar\/b6992f131dc8d30ab0dff15446e9d346d9dbd95992de0fef795073f5ea83a81c?s=96&d=mm&r=g","url":"https:\/\/secure.gravatar.com\/avatar\/b6992f131dc8d30ab0dff15446e9d346d9dbd95992de0fef795073f5ea83a81c?s=96&d=mm&r=g","contentUrl":"https:\/\/secure.gravatar.com\/avatar\/b6992f131dc8d30ab0dff15446e9d346d9dbd95992de0fef795073f5ea83a81c?s=96&d=mm&r=g","caption":"La Gu\u00eda de Pamplona"}}]}},"post_mailing_queue_ids":[],"_links":{"self":[{"href":"https:\/\/www.laguiadepamplona.com\/actualidad\/wp-json\/wp\/v2\/posts\/26521","targetHints":{"allow":["GET"]}}],"collection":[{"href":"https:\/\/www.laguiadepamplona.com\/actualidad\/wp-json\/wp\/v2\/posts"}],"about":[{"href":"https:\/\/www.laguiadepamplona.com\/actualidad\/wp-json\/wp\/v2\/types\/post"}],"author":[{"embeddable":true,"href":"https:\/\/www.laguiadepamplona.com\/actualidad\/wp-json\/wp\/v2\/users\/1"}],"replies":[{"embeddable":true,"href":"https:\/\/www.laguiadepamplona.com\/actualidad\/wp-json\/wp\/v2\/comments?post=26521"}],"version-history":[{"count":0,"href":"https:\/\/www.laguiadepamplona.com\/actualidad\/wp-json\/wp\/v2\/posts\/26521\/revisions"}],"wp:featuredmedia":[{"embeddable":true,"href":"https:\/\/www.laguiadepamplona.com\/actualidad\/wp-json\/wp\/v2\/media\/22297"}],"wp:attachment":[{"href":"https:\/\/www.laguiadepamplona.com\/actualidad\/wp-json\/wp\/v2\/media?parent=26521"}],"wp:term":[{"taxonomy":"category","embeddable":true,"href":"https:\/\/www.laguiadepamplona.com\/actualidad\/wp-json\/wp\/v2\/categories?post=26521"},{"taxonomy":"post_tag","embeddable":true,"href":"https:\/\/www.laguiadepamplona.com\/actualidad\/wp-json\/wp\/v2\/tags?post=26521"}],"curies":[{"name":"wp","href":"https:\/\/api.w.org\/{rel}","templated":true}]}}