{"id":26516,"date":"2019-11-26T19:53:54","date_gmt":"2019-11-26T17:53:54","guid":{"rendered":"https:\/\/www.laguiadepamplona.es\/actualidad\/?p=26516"},"modified":"2019-11-26T19:53:54","modified_gmt":"2019-11-26T17:53:54","slug":"el-ayuntamiento-y-la-coordinadora-de-ongd-de-navarra-impulsan-una-jornada-para-intercambiar-experiencias-sobre-la-educacion-para-el-desarrollo-en-el-ambito-no-formal","status":"publish","type":"post","link":"https:\/\/www.laguiadepamplona.com\/actualidad\/el-ayuntamiento-y-la-coordinadora-de-ongd-de-navarra-impulsan-una-jornada-para-intercambiar-experiencias-sobre-la-educacion-para-el-desarrollo-en-el-ambito-no-formal\/","title":{"rendered":"El Ayuntamiento y la Coordinadora de ONGD de Navarra impulsan una jornada para intercambiar experiencias sobre la educaci\u00f3n para el desarrollo en el \u00e1mbito no formal"},"content":{"rendered":"<h3>El alcalde de Pamplona ha abierto la jornada en la que se presentan experiencias municipales y de entidades de Valencia, C\u00f3rdoba y Pamplona<\/h3>\n<p><!--more--><\/p>\n<p>El Ayuntamiento de Pamplona y la Coordinadora de ONGD de Navarra (CONGDN) han impulsado una jornada sobre la educaci\u00f3n para el desarrollo en el \u00e1mbito no formal en la que se est\u00e1n intercambiado experiencias del \u00e1mbito municipal y del movimiento asociativo de Valencia, C\u00f3rdoba y Pamplona. El alcalde de Pamplona, Enrique Maya, ha participado hoy en el Palacio del Condestable en la apertura de la jornada y ha explicado que el Consistorio aporta 1.498.882 euros, m\u00e1s del 0\u20197% de su presupuesto, al Programa Municipal de Cooperaci\u00f3n Internacional al Desarrollo. Adem\u00e1s, ha recordado el compromiso municipal para tratar de alcanzar el 0,8 en 2021, para lo que se pondr\u00e1n los m\u00e1ximos esfuerzos. Esta ayuda se estructura principalmente a trav\u00e9s de seis convocatorias anuales de ayudas, entre ellas tres dirigidas a la sensibilizaci\u00f3n y a la educaci\u00f3n de la ciudadan\u00eda. En la apertura tambi\u00e9n ha participado la presidenta de la CONGDN, Celia Pinedo.<\/p>\n<p>La jornada se inscribe en el convenio de colaboraci\u00f3n que vienen firmando de forma ininterrumpida desde hace 19 a\u00f1os el Ayuntamiento de Pamplona y la Coordinadora de ONGD de Navarra que agrupa a 46 entidades. Se ha elegido el tema de educaci\u00f3n para el desarrollo por ser una l\u00ednea de trabajo que se quiere potenciar especialmente en el \u00e1mbito de la educaci\u00f3n no formal, tal y como lo est\u00e1 llevando a cabo el Ayuntamiento de Pamplona y se recoge en el I Plan Director de Cooperaci\u00f3n Internacional para el Desarrollo 2018 -2021. En el \u00e1mbito de la educaci\u00f3n formal s\u00ed se dan iniciativas como la llevada a cabo por la CONGDN y el Gobierno de Navarra a trav\u00e9s del programa \u2018Escuelas Solidarias\u2019.<\/p>\n<p><script async src=\"\/\/pagead2.googlesyndication.com\/pagead\/js\/adsbygoogle.js\"><\/script><br \/>\n<!-- Noticias La Guia de Pamplona --><br \/>\n<ins class=\"adsbygoogle\"\nstyle=\"display:block\"\ndata-ad-client=\"ca-pub-6943679897239327\"\ndata-ad-slot=\"7048180777\"\ndata-ad-format=\"auto\"><\/ins><br \/>\n<script>\n(adsbygoogle = window.adsbygoogle || []).push({});\n<\/script><\/p>\n<p><strong>Iniciativas sobre solidaridad, derechos humanos, paz\u2026<\/strong><\/p>\n<p>En la jornada, con el doble enfoque asociativo y municipal, participan representantes de asociaciones y ONGD que est\u00e1n trabajando en educaci\u00f3n para la ciudadan\u00eda (paz, solidaridad, derechos humanos, etc.) y t\u00e9cnicos municipales del mismo campo. Bajo el t\u00edtulo \u2018Jornada de educaci\u00f3n para el desarrollo no formal: municipios y movimiento asociativo\u2019, se presentar\u00e1 el trabajo realizado en este campo en Valencia, Pamplona y C\u00f3rdoba. Las tres tienen en com\u00fan un amplio recorrido en la materia tanto a nivel municipal como del amplio tejido asociativo.<\/p>\n<p>De Pamplona y Valencia se presenta experiencias de la vertiente municipal y de las asociaciones mientras que en el caso de C\u00f3rdoba participar\u00e1 la Asociaci\u00f3n Educativa Barbiana para dar a conocer el trabajo de educaci\u00f3n para la paz y la solidaridad que viene desarrollando desde 1993.<\/p>\n<p>El Ayuntamiento de Pamplona mostrar\u00e1 el desarrollo del trabajo de los \u00faltimos 20 a\u00f1os en materia de sensibilizaci\u00f3n y educaci\u00f3n para el desarrollo y como experiencia pr\u00e1ctica el Club de Lectura Latitudes, impulsado desde 2018. En el campo asociativo se presentar\u00e1 la experiencia de trabajo que desde hace a\u00f1os lleva a cabo la ONGD Medicus Mundi NAM con grupos de ocio y tiempo libre y cuyo desarrollo para el periodo 2019 -2021 cuenta con la financiaci\u00f3n del Consistorio pamplon\u00e9s.<\/p>\n<p>Valencia tambi\u00e9n presentar\u00e1 tanto las acciones municipales en marcha, principalmente encuadradas en el Plan Municipal de Cooperaci\u00f3n Internacional para el Desarrollo 2019 \u2013 2022 y en la Estrategia para la Ciudadan\u00eda Global en el \u00c1mbito No Formal en la ciudad de Valencia 2019 \u2013 2022, como la iniciativa ciudadana de la Universidad Popular que cuenta con el apoyo del Ayuntamiento de Valencia.<\/p>\n","protected":false},"excerpt":{"rendered":"<p>El alcalde de Pamplona ha abierto la jornada en la que se presentan experiencias municipales y de entidades de Valencia, C\u00f3rdoba y Pamplona<\/p>\n","protected":false},"author":1,"featured_media":26518,"comment_status":"open","ping_status":"closed","sticky":false,"template":"","format":"standard","meta":{"footnotes":""},"categories":[2],"tags":[],"class_list":["post-26516","post","type-post","status-publish","format-standard","has-post-thumbnail","hentry","category-ayuntamiento-pamplona"],"yoast_head":"<!-- This site is optimized with the Yoast SEO plugin v27.3 - https:\/\/yoast.com\/product\/yoast-seo-wordpress\/ -->\n<title>El Ayuntamiento y la Coordinadora de ONGD de Navarra impulsan una jornada para intercambiar experiencias sobre la educaci\u00f3n para el desarrollo en el \u00e1mbito no formal<\/title>\n<meta name=\"robots\" content=\"index, follow, max-snippet:-1, max-image-preview:large, max-video-preview:-1\" \/>\n<link rel=\"canonical\" href=\"https:\/\/www.laguiadepamplona.com\/actualidad\/el-ayuntamiento-y-la-coordinadora-de-ongd-de-navarra-impulsan-una-jornada-para-intercambiar-experiencias-sobre-la-educacion-para-el-desarrollo-en-el-ambito-no-formal\/\" \/>\n<meta property=\"og:locale\" content=\"es_ES\" \/>\n<meta property=\"og:type\" content=\"article\" \/>\n<meta property=\"og:title\" content=\"El Ayuntamiento y la Coordinadora de ONGD de Navarra impulsan una jornada para intercambiar experiencias sobre la educaci\u00f3n para el desarrollo en el \u00e1mbito no formal\" \/>\n<meta property=\"og:description\" content=\"El alcalde de Pamplona ha abierto la jornada en la que se presentan experiencias municipales y de entidades de Valencia, C\u00f3rdoba y Pamplona\" \/>\n<meta property=\"og:url\" content=\"https:\/\/www.laguiadepamplona.com\/actualidad\/el-ayuntamiento-y-la-coordinadora-de-ongd-de-navarra-impulsan-una-jornada-para-intercambiar-experiencias-sobre-la-educacion-para-el-desarrollo-en-el-ambito-no-formal\/\" \/>\n<meta property=\"og:site_name\" content=\"La Gu\u00eda de Pamplona\" \/>\n<meta property=\"article:publisher\" content=\"https:\/\/www.facebook.com\/laguiadepamplonacom-133175176762273\/?ref=hl\" \/>\n<meta property=\"article:published_time\" content=\"2019-11-26T17:53:54+00:00\" \/>\n<meta property=\"og:image\" content=\"https:\/\/www.laguiadepamplona.com\/actualidad\/wp-content\/uploads\/2019\/11\/19.11.26_jornada_cooperacion_educacion_desarrollo.jpg\" \/>\n\t<meta property=\"og:image:width\" content=\"1920\" \/>\n\t<meta property=\"og:image:height\" content=\"1280\" \/>\n\t<meta property=\"og:image:type\" content=\"image\/jpeg\" \/>\n<meta name=\"author\" content=\"La Gu\u00eda de Pamplona\" \/>\n<meta name=\"twitter:card\" content=\"summary_large_image\" \/>\n<meta name=\"twitter:creator\" content=\"@LaGuiadPamplona\" \/>\n<meta name=\"twitter:site\" content=\"@LaGuiadPamplona\" \/>\n<meta name=\"twitter:label1\" content=\"Escrito por\" \/>\n\t<meta name=\"twitter:data1\" content=\"La Gu\u00eda de Pamplona\" \/>\n\t<meta name=\"twitter:label2\" content=\"Tiempo de lectura\" \/>\n\t<meta name=\"twitter:data2\" content=\"3 minutos\" \/>\n<script type=\"application\/ld+json\" class=\"yoast-schema-graph\">{\"@context\":\"https:\\\/\\\/schema.org\",\"@graph\":[{\"@type\":\"Article\",\"@id\":\"https:\\\/\\\/www.laguiadepamplona.com\\\/actualidad\\\/el-ayuntamiento-y-la-coordinadora-de-ongd-de-navarra-impulsan-una-jornada-para-intercambiar-experiencias-sobre-la-educacion-para-el-desarrollo-en-el-ambito-no-formal\\\/#article\",\"isPartOf\":{\"@id\":\"https:\\\/\\\/www.laguiadepamplona.com\\\/actualidad\\\/el-ayuntamiento-y-la-coordinadora-de-ongd-de-navarra-impulsan-una-jornada-para-intercambiar-experiencias-sobre-la-educacion-para-el-desarrollo-en-el-ambito-no-formal\\\/\"},\"author\":{\"name\":\"La Gu\u00eda de Pamplona\",\"@id\":\"https:\\\/\\\/www.laguiadepamplona.com\\\/actualidad\\\/#\\\/schema\\\/person\\\/efe887376f0213d4657c93adc50b1fdb\"},\"headline\":\"El Ayuntamiento y la Coordinadora de ONGD de Navarra impulsan una jornada para intercambiar experiencias sobre la educaci\u00f3n para el desarrollo en el \u00e1mbito no formal\",\"datePublished\":\"2019-11-26T17:53:54+00:00\",\"mainEntityOfPage\":{\"@id\":\"https:\\\/\\\/www.laguiadepamplona.com\\\/actualidad\\\/el-ayuntamiento-y-la-coordinadora-de-ongd-de-navarra-impulsan-una-jornada-para-intercambiar-experiencias-sobre-la-educacion-para-el-desarrollo-en-el-ambito-no-formal\\\/\"},\"wordCount\":625,\"commentCount\":0,\"publisher\":{\"@id\":\"https:\\\/\\\/www.laguiadepamplona.com\\\/actualidad\\\/#organization\"},\"image\":{\"@id\":\"https:\\\/\\\/www.laguiadepamplona.com\\\/actualidad\\\/el-ayuntamiento-y-la-coordinadora-de-ongd-de-navarra-impulsan-una-jornada-para-intercambiar-experiencias-sobre-la-educacion-para-el-desarrollo-en-el-ambito-no-formal\\\/#primaryimage\"},\"thumbnailUrl\":\"https:\\\/\\\/www.laguiadepamplona.com\\\/actualidad\\\/wp-content\\\/uploads\\\/2019\\\/11\\\/19.11.26_jornada_cooperacion_educacion_desarrollo.jpg\",\"articleSection\":[\"Ayto Pamplona\"],\"inLanguage\":\"es\",\"potentialAction\":[{\"@type\":\"CommentAction\",\"name\":\"Comment\",\"target\":[\"https:\\\/\\\/www.laguiadepamplona.com\\\/actualidad\\\/el-ayuntamiento-y-la-coordinadora-de-ongd-de-navarra-impulsan-una-jornada-para-intercambiar-experiencias-sobre-la-educacion-para-el-desarrollo-en-el-ambito-no-formal\\\/#respond\"]}]},{\"@type\":\"WebPage\",\"@id\":\"https:\\\/\\\/www.laguiadepamplona.com\\\/actualidad\\\/el-ayuntamiento-y-la-coordinadora-de-ongd-de-navarra-impulsan-una-jornada-para-intercambiar-experiencias-sobre-la-educacion-para-el-desarrollo-en-el-ambito-no-formal\\\/\",\"url\":\"https:\\\/\\\/www.laguiadepamplona.com\\\/actualidad\\\/el-ayuntamiento-y-la-coordinadora-de-ongd-de-navarra-impulsan-una-jornada-para-intercambiar-experiencias-sobre-la-educacion-para-el-desarrollo-en-el-ambito-no-formal\\\/\",\"name\":\"El Ayuntamiento y la Coordinadora de ONGD de Navarra impulsan una jornada para intercambiar experiencias sobre la educaci\u00f3n para el desarrollo en el \u00e1mbito no formal\",\"isPartOf\":{\"@id\":\"https:\\\/\\\/www.laguiadepamplona.com\\\/actualidad\\\/#website\"},\"primaryImageOfPage\":{\"@id\":\"https:\\\/\\\/www.laguiadepamplona.com\\\/actualidad\\\/el-ayuntamiento-y-la-coordinadora-de-ongd-de-navarra-impulsan-una-jornada-para-intercambiar-experiencias-sobre-la-educacion-para-el-desarrollo-en-el-ambito-no-formal\\\/#primaryimage\"},\"image\":{\"@id\":\"https:\\\/\\\/www.laguiadepamplona.com\\\/actualidad\\\/el-ayuntamiento-y-la-coordinadora-de-ongd-de-navarra-impulsan-una-jornada-para-intercambiar-experiencias-sobre-la-educacion-para-el-desarrollo-en-el-ambito-no-formal\\\/#primaryimage\"},\"thumbnailUrl\":\"https:\\\/\\\/www.laguiadepamplona.com\\\/actualidad\\\/wp-content\\\/uploads\\\/2019\\\/11\\\/19.11.26_jornada_cooperacion_educacion_desarrollo.jpg\",\"datePublished\":\"2019-11-26T17:53:54+00:00\",\"breadcrumb\":{\"@id\":\"https:\\\/\\\/www.laguiadepamplona.com\\\/actualidad\\\/el-ayuntamiento-y-la-coordinadora-de-ongd-de-navarra-impulsan-una-jornada-para-intercambiar-experiencias-sobre-la-educacion-para-el-desarrollo-en-el-ambito-no-formal\\\/#breadcrumb\"},\"inLanguage\":\"es\",\"potentialAction\":[{\"@type\":\"ReadAction\",\"target\":[\"https:\\\/\\\/www.laguiadepamplona.com\\\/actualidad\\\/el-ayuntamiento-y-la-coordinadora-de-ongd-de-navarra-impulsan-una-jornada-para-intercambiar-experiencias-sobre-la-educacion-para-el-desarrollo-en-el-ambito-no-formal\\\/\"]}]},{\"@type\":\"ImageObject\",\"inLanguage\":\"es\",\"@id\":\"https:\\\/\\\/www.laguiadepamplona.com\\\/actualidad\\\/el-ayuntamiento-y-la-coordinadora-de-ongd-de-navarra-impulsan-una-jornada-para-intercambiar-experiencias-sobre-la-educacion-para-el-desarrollo-en-el-ambito-no-formal\\\/#primaryimage\",\"url\":\"https:\\\/\\\/www.laguiadepamplona.com\\\/actualidad\\\/wp-content\\\/uploads\\\/2019\\\/11\\\/19.11.26_jornada_cooperacion_educacion_desarrollo.jpg\",\"contentUrl\":\"https:\\\/\\\/www.laguiadepamplona.com\\\/actualidad\\\/wp-content\\\/uploads\\\/2019\\\/11\\\/19.11.26_jornada_cooperacion_educacion_desarrollo.jpg\",\"width\":1920,\"height\":1280},{\"@type\":\"BreadcrumbList\",\"@id\":\"https:\\\/\\\/www.laguiadepamplona.com\\\/actualidad\\\/el-ayuntamiento-y-la-coordinadora-de-ongd-de-navarra-impulsan-una-jornada-para-intercambiar-experiencias-sobre-la-educacion-para-el-desarrollo-en-el-ambito-no-formal\\\/#breadcrumb\",\"itemListElement\":[{\"@type\":\"ListItem\",\"position\":1,\"name\":\"Portada\",\"item\":\"https:\\\/\\\/www.laguiadepamplona.com\\\/actualidad\\\/\"},{\"@type\":\"ListItem\",\"position\":2,\"name\":\"El Ayuntamiento y la Coordinadora de ONGD de Navarra impulsan una jornada para intercambiar experiencias sobre la educaci\u00f3n para el desarrollo en el \u00e1mbito no formal\"}]},{\"@type\":\"WebSite\",\"@id\":\"https:\\\/\\\/www.laguiadepamplona.com\\\/actualidad\\\/#website\",\"url\":\"https:\\\/\\\/www.laguiadepamplona.com\\\/actualidad\\\/\",\"name\":\"La gu\u00eda de Pamplona\",\"description\":\"Noticias de Pamplona\",\"publisher\":{\"@id\":\"https:\\\/\\\/www.laguiadepamplona.com\\\/actualidad\\\/#organization\"},\"potentialAction\":[{\"@type\":\"SearchAction\",\"target\":{\"@type\":\"EntryPoint\",\"urlTemplate\":\"https:\\\/\\\/www.laguiadepamplona.com\\\/actualidad\\\/?s={search_term_string}\"},\"query-input\":{\"@type\":\"PropertyValueSpecification\",\"valueRequired\":true,\"valueName\":\"search_term_string\"}}],\"inLanguage\":\"es\"},{\"@type\":\"Organization\",\"@id\":\"https:\\\/\\\/www.laguiadepamplona.com\\\/actualidad\\\/#organization\",\"name\":\"La Gu\u00eda de Pamplona \\\/ Noticias\",\"url\":\"https:\\\/\\\/www.laguiadepamplona.com\\\/actualidad\\\/\",\"logo\":{\"@type\":\"ImageObject\",\"inLanguage\":\"es\",\"@id\":\"https:\\\/\\\/www.laguiadepamplona.com\\\/actualidad\\\/#\\\/schema\\\/logo\\\/image\\\/\",\"url\":\"https:\\\/\\\/www.laguiadepamplona.com\\\/actualidad\\\/wp-content\\\/uploads\\\/2018\\\/11\\\/logo-laguiadepamplona18-web1.png\",\"contentUrl\":\"https:\\\/\\\/www.laguiadepamplona.com\\\/actualidad\\\/wp-content\\\/uploads\\\/2018\\\/11\\\/logo-laguiadepamplona18-web1.png\",\"width\":600,\"height\":196,\"caption\":\"La Gu\u00eda de Pamplona \\\/ Noticias\"},\"image\":{\"@id\":\"https:\\\/\\\/www.laguiadepamplona.com\\\/actualidad\\\/#\\\/schema\\\/logo\\\/image\\\/\"},\"sameAs\":[\"https:\\\/\\\/www.facebook.com\\\/laguiadepamplonacom-133175176762273\\\/?ref=hl\",\"https:\\\/\\\/x.com\\\/LaGuiadPamplona\",\"https:\\\/\\\/www.instagram.com\\\/la_guia_de_pamplona\\\/\",\"https:\\\/\\\/www.youtube.com\\\/user\\\/laguiadepamplona\"]},{\"@type\":\"Person\",\"@id\":\"https:\\\/\\\/www.laguiadepamplona.com\\\/actualidad\\\/#\\\/schema\\\/person\\\/efe887376f0213d4657c93adc50b1fdb\",\"name\":\"La Gu\u00eda de Pamplona\",\"image\":{\"@type\":\"ImageObject\",\"inLanguage\":\"es\",\"@id\":\"https:\\\/\\\/secure.gravatar.com\\\/avatar\\\/b6992f131dc8d30ab0dff15446e9d346d9dbd95992de0fef795073f5ea83a81c?s=96&d=mm&r=g\",\"url\":\"https:\\\/\\\/secure.gravatar.com\\\/avatar\\\/b6992f131dc8d30ab0dff15446e9d346d9dbd95992de0fef795073f5ea83a81c?s=96&d=mm&r=g\",\"contentUrl\":\"https:\\\/\\\/secure.gravatar.com\\\/avatar\\\/b6992f131dc8d30ab0dff15446e9d346d9dbd95992de0fef795073f5ea83a81c?s=96&d=mm&r=g\",\"caption\":\"La Gu\u00eda de Pamplona\"}}]}<\/script>\n<!-- \/ Yoast SEO plugin. -->","yoast_head_json":{"title":"El Ayuntamiento y la Coordinadora de ONGD de Navarra impulsan una jornada para intercambiar experiencias sobre la educaci\u00f3n para el desarrollo en el \u00e1mbito no formal","robots":{"index":"index","follow":"follow","max-snippet":"max-snippet:-1","max-image-preview":"max-image-preview:large","max-video-preview":"max-video-preview:-1"},"canonical":"https:\/\/www.laguiadepamplona.com\/actualidad\/el-ayuntamiento-y-la-coordinadora-de-ongd-de-navarra-impulsan-una-jornada-para-intercambiar-experiencias-sobre-la-educacion-para-el-desarrollo-en-el-ambito-no-formal\/","og_locale":"es_ES","og_type":"article","og_title":"El Ayuntamiento y la Coordinadora de ONGD de Navarra impulsan una jornada para intercambiar experiencias sobre la educaci\u00f3n para el desarrollo en el \u00e1mbito no formal","og_description":"El alcalde de Pamplona ha abierto la jornada en la que se presentan experiencias municipales y de entidades de Valencia, C\u00f3rdoba y Pamplona","og_url":"https:\/\/www.laguiadepamplona.com\/actualidad\/el-ayuntamiento-y-la-coordinadora-de-ongd-de-navarra-impulsan-una-jornada-para-intercambiar-experiencias-sobre-la-educacion-para-el-desarrollo-en-el-ambito-no-formal\/","og_site_name":"La Gu\u00eda de Pamplona","article_publisher":"https:\/\/www.facebook.com\/laguiadepamplonacom-133175176762273\/?ref=hl","article_published_time":"2019-11-26T17:53:54+00:00","og_image":[{"width":1920,"height":1280,"url":"https:\/\/www.laguiadepamplona.com\/actualidad\/wp-content\/uploads\/2019\/11\/19.11.26_jornada_cooperacion_educacion_desarrollo.jpg","type":"image\/jpeg"}],"author":"La Gu\u00eda de Pamplona","twitter_card":"summary_large_image","twitter_creator":"@LaGuiadPamplona","twitter_site":"@LaGuiadPamplona","twitter_misc":{"Escrito por":"La Gu\u00eda de Pamplona","Tiempo de lectura":"3 minutos"},"schema":{"@context":"https:\/\/schema.org","@graph":[{"@type":"Article","@id":"https:\/\/www.laguiadepamplona.com\/actualidad\/el-ayuntamiento-y-la-coordinadora-de-ongd-de-navarra-impulsan-una-jornada-para-intercambiar-experiencias-sobre-la-educacion-para-el-desarrollo-en-el-ambito-no-formal\/#article","isPartOf":{"@id":"https:\/\/www.laguiadepamplona.com\/actualidad\/el-ayuntamiento-y-la-coordinadora-de-ongd-de-navarra-impulsan-una-jornada-para-intercambiar-experiencias-sobre-la-educacion-para-el-desarrollo-en-el-ambito-no-formal\/"},"author":{"name":"La Gu\u00eda de Pamplona","@id":"https:\/\/www.laguiadepamplona.com\/actualidad\/#\/schema\/person\/efe887376f0213d4657c93adc50b1fdb"},"headline":"El Ayuntamiento y la Coordinadora de ONGD de Navarra impulsan una jornada para intercambiar experiencias sobre la educaci\u00f3n para el desarrollo en el \u00e1mbito no formal","datePublished":"2019-11-26T17:53:54+00:00","mainEntityOfPage":{"@id":"https:\/\/www.laguiadepamplona.com\/actualidad\/el-ayuntamiento-y-la-coordinadora-de-ongd-de-navarra-impulsan-una-jornada-para-intercambiar-experiencias-sobre-la-educacion-para-el-desarrollo-en-el-ambito-no-formal\/"},"wordCount":625,"commentCount":0,"publisher":{"@id":"https:\/\/www.laguiadepamplona.com\/actualidad\/#organization"},"image":{"@id":"https:\/\/www.laguiadepamplona.com\/actualidad\/el-ayuntamiento-y-la-coordinadora-de-ongd-de-navarra-impulsan-una-jornada-para-intercambiar-experiencias-sobre-la-educacion-para-el-desarrollo-en-el-ambito-no-formal\/#primaryimage"},"thumbnailUrl":"https:\/\/www.laguiadepamplona.com\/actualidad\/wp-content\/uploads\/2019\/11\/19.11.26_jornada_cooperacion_educacion_desarrollo.jpg","articleSection":["Ayto Pamplona"],"inLanguage":"es","potentialAction":[{"@type":"CommentAction","name":"Comment","target":["https:\/\/www.laguiadepamplona.com\/actualidad\/el-ayuntamiento-y-la-coordinadora-de-ongd-de-navarra-impulsan-una-jornada-para-intercambiar-experiencias-sobre-la-educacion-para-el-desarrollo-en-el-ambito-no-formal\/#respond"]}]},{"@type":"WebPage","@id":"https:\/\/www.laguiadepamplona.com\/actualidad\/el-ayuntamiento-y-la-coordinadora-de-ongd-de-navarra-impulsan-una-jornada-para-intercambiar-experiencias-sobre-la-educacion-para-el-desarrollo-en-el-ambito-no-formal\/","url":"https:\/\/www.laguiadepamplona.com\/actualidad\/el-ayuntamiento-y-la-coordinadora-de-ongd-de-navarra-impulsan-una-jornada-para-intercambiar-experiencias-sobre-la-educacion-para-el-desarrollo-en-el-ambito-no-formal\/","name":"El Ayuntamiento y la Coordinadora de ONGD de Navarra impulsan una jornada para intercambiar experiencias sobre la educaci\u00f3n para el desarrollo en el \u00e1mbito no formal","isPartOf":{"@id":"https:\/\/www.laguiadepamplona.com\/actualidad\/#website"},"primaryImageOfPage":{"@id":"https:\/\/www.laguiadepamplona.com\/actualidad\/el-ayuntamiento-y-la-coordinadora-de-ongd-de-navarra-impulsan-una-jornada-para-intercambiar-experiencias-sobre-la-educacion-para-el-desarrollo-en-el-ambito-no-formal\/#primaryimage"},"image":{"@id":"https:\/\/www.laguiadepamplona.com\/actualidad\/el-ayuntamiento-y-la-coordinadora-de-ongd-de-navarra-impulsan-una-jornada-para-intercambiar-experiencias-sobre-la-educacion-para-el-desarrollo-en-el-ambito-no-formal\/#primaryimage"},"thumbnailUrl":"https:\/\/www.laguiadepamplona.com\/actualidad\/wp-content\/uploads\/2019\/11\/19.11.26_jornada_cooperacion_educacion_desarrollo.jpg","datePublished":"2019-11-26T17:53:54+00:00","breadcrumb":{"@id":"https:\/\/www.laguiadepamplona.com\/actualidad\/el-ayuntamiento-y-la-coordinadora-de-ongd-de-navarra-impulsan-una-jornada-para-intercambiar-experiencias-sobre-la-educacion-para-el-desarrollo-en-el-ambito-no-formal\/#breadcrumb"},"inLanguage":"es","potentialAction":[{"@type":"ReadAction","target":["https:\/\/www.laguiadepamplona.com\/actualidad\/el-ayuntamiento-y-la-coordinadora-de-ongd-de-navarra-impulsan-una-jornada-para-intercambiar-experiencias-sobre-la-educacion-para-el-desarrollo-en-el-ambito-no-formal\/"]}]},{"@type":"ImageObject","inLanguage":"es","@id":"https:\/\/www.laguiadepamplona.com\/actualidad\/el-ayuntamiento-y-la-coordinadora-de-ongd-de-navarra-impulsan-una-jornada-para-intercambiar-experiencias-sobre-la-educacion-para-el-desarrollo-en-el-ambito-no-formal\/#primaryimage","url":"https:\/\/www.laguiadepamplona.com\/actualidad\/wp-content\/uploads\/2019\/11\/19.11.26_jornada_cooperacion_educacion_desarrollo.jpg","contentUrl":"https:\/\/www.laguiadepamplona.com\/actualidad\/wp-content\/uploads\/2019\/11\/19.11.26_jornada_cooperacion_educacion_desarrollo.jpg","width":1920,"height":1280},{"@type":"BreadcrumbList","@id":"https:\/\/www.laguiadepamplona.com\/actualidad\/el-ayuntamiento-y-la-coordinadora-de-ongd-de-navarra-impulsan-una-jornada-para-intercambiar-experiencias-sobre-la-educacion-para-el-desarrollo-en-el-ambito-no-formal\/#breadcrumb","itemListElement":[{"@type":"ListItem","position":1,"name":"Portada","item":"https:\/\/www.laguiadepamplona.com\/actualidad\/"},{"@type":"ListItem","position":2,"name":"El Ayuntamiento y la Coordinadora de ONGD de Navarra impulsan una jornada para intercambiar experiencias sobre la educaci\u00f3n para el desarrollo en el \u00e1mbito no formal"}]},{"@type":"WebSite","@id":"https:\/\/www.laguiadepamplona.com\/actualidad\/#website","url":"https:\/\/www.laguiadepamplona.com\/actualidad\/","name":"La gu\u00eda de Pamplona","description":"Noticias de Pamplona","publisher":{"@id":"https:\/\/www.laguiadepamplona.com\/actualidad\/#organization"},"potentialAction":[{"@type":"SearchAction","target":{"@type":"EntryPoint","urlTemplate":"https:\/\/www.laguiadepamplona.com\/actualidad\/?s={search_term_string}"},"query-input":{"@type":"PropertyValueSpecification","valueRequired":true,"valueName":"search_term_string"}}],"inLanguage":"es"},{"@type":"Organization","@id":"https:\/\/www.laguiadepamplona.com\/actualidad\/#organization","name":"La Gu\u00eda de Pamplona \/ Noticias","url":"https:\/\/www.laguiadepamplona.com\/actualidad\/","logo":{"@type":"ImageObject","inLanguage":"es","@id":"https:\/\/www.laguiadepamplona.com\/actualidad\/#\/schema\/logo\/image\/","url":"https:\/\/www.laguiadepamplona.com\/actualidad\/wp-content\/uploads\/2018\/11\/logo-laguiadepamplona18-web1.png","contentUrl":"https:\/\/www.laguiadepamplona.com\/actualidad\/wp-content\/uploads\/2018\/11\/logo-laguiadepamplona18-web1.png","width":600,"height":196,"caption":"La Gu\u00eda de Pamplona \/ Noticias"},"image":{"@id":"https:\/\/www.laguiadepamplona.com\/actualidad\/#\/schema\/logo\/image\/"},"sameAs":["https:\/\/www.facebook.com\/laguiadepamplonacom-133175176762273\/?ref=hl","https:\/\/x.com\/LaGuiadPamplona","https:\/\/www.instagram.com\/la_guia_de_pamplona\/","https:\/\/www.youtube.com\/user\/laguiadepamplona"]},{"@type":"Person","@id":"https:\/\/www.laguiadepamplona.com\/actualidad\/#\/schema\/person\/efe887376f0213d4657c93adc50b1fdb","name":"La Gu\u00eda de Pamplona","image":{"@type":"ImageObject","inLanguage":"es","@id":"https:\/\/secure.gravatar.com\/avatar\/b6992f131dc8d30ab0dff15446e9d346d9dbd95992de0fef795073f5ea83a81c?s=96&d=mm&r=g","url":"https:\/\/secure.gravatar.com\/avatar\/b6992f131dc8d30ab0dff15446e9d346d9dbd95992de0fef795073f5ea83a81c?s=96&d=mm&r=g","contentUrl":"https:\/\/secure.gravatar.com\/avatar\/b6992f131dc8d30ab0dff15446e9d346d9dbd95992de0fef795073f5ea83a81c?s=96&d=mm&r=g","caption":"La Gu\u00eda de Pamplona"}}]}},"post_mailing_queue_ids":[],"_links":{"self":[{"href":"https:\/\/www.laguiadepamplona.com\/actualidad\/wp-json\/wp\/v2\/posts\/26516","targetHints":{"allow":["GET"]}}],"collection":[{"href":"https:\/\/www.laguiadepamplona.com\/actualidad\/wp-json\/wp\/v2\/posts"}],"about":[{"href":"https:\/\/www.laguiadepamplona.com\/actualidad\/wp-json\/wp\/v2\/types\/post"}],"author":[{"embeddable":true,"href":"https:\/\/www.laguiadepamplona.com\/actualidad\/wp-json\/wp\/v2\/users\/1"}],"replies":[{"embeddable":true,"href":"https:\/\/www.laguiadepamplona.com\/actualidad\/wp-json\/wp\/v2\/comments?post=26516"}],"version-history":[{"count":0,"href":"https:\/\/www.laguiadepamplona.com\/actualidad\/wp-json\/wp\/v2\/posts\/26516\/revisions"}],"wp:featuredmedia":[{"embeddable":true,"href":"https:\/\/www.laguiadepamplona.com\/actualidad\/wp-json\/wp\/v2\/media\/26518"}],"wp:attachment":[{"href":"https:\/\/www.laguiadepamplona.com\/actualidad\/wp-json\/wp\/v2\/media?parent=26516"}],"wp:term":[{"taxonomy":"category","embeddable":true,"href":"https:\/\/www.laguiadepamplona.com\/actualidad\/wp-json\/wp\/v2\/categories?post=26516"},{"taxonomy":"post_tag","embeddable":true,"href":"https:\/\/www.laguiadepamplona.com\/actualidad\/wp-json\/wp\/v2\/tags?post=26516"}],"curies":[{"name":"wp","href":"https:\/\/api.w.org\/{rel}","templated":true}]}}