{"id":26512,"date":"2019-11-26T19:42:03","date_gmt":"2019-11-26T17:42:03","guid":{"rendered":"https:\/\/www.laguiadepamplona.es\/actualidad\/?p=26512"},"modified":"2019-11-26T19:42:03","modified_gmt":"2019-11-26T17:42:03","slug":"el-museo-de-educacion-ambiental-presenta-manana-miercoles-una-charla-sobre-la-evolucion-de-las-poblaciones-de-aves-en-navarra-y-su-disminucion","status":"publish","type":"post","link":"https:\/\/www.laguiadepamplona.com\/actualidad\/el-museo-de-educacion-ambiental-presenta-manana-miercoles-una-charla-sobre-la-evolucion-de-las-poblaciones-de-aves-en-navarra-y-su-disminucion\/","title":{"rendered":"El Museo de Educaci\u00f3n Ambiental presenta ma\u00f1ana mi\u00e9rcoles una charla sobre la evoluci\u00f3n de las poblaciones de aves en Navarra y su disminuci\u00f3n"},"content":{"rendered":"<h3>Esta tarde se presenta la exposici\u00f3n \u2018Nidos y p\u00e1jaros\u2019 que puede visitarse hasta el 27 de diciembre<\/h3>\n<p><!--more--><\/p>\n<p>La evoluci\u00f3n de las poblaciones de aves en Navarra y los resultados de los \u00faltimos estudios que muestran su disminuci\u00f3n centrar\u00e1n la charla de ma\u00f1ana mi\u00e9rcoles, 27 de noviembre, en el Museo de Educaci\u00f3n Ambiental (calle Errotazar, s\/n). Durante la sesi\u00f3n se presentar\u00e1n los 20 a\u00f1os de seguimiento del proyecto SACRE de la mano de Juan Ignacio Dean de la Sociedad de ciencias naturales Gorosti. El encuentro comenzar\u00e1 a las siete de la tarde con entrada libre.<\/p>\n<p>La Sociedad de ciencias naturales Gorosti en colaboraci\u00f3n con SEO\/BirdLife viene realizando un seguimiento sistem\u00e1tico de la evoluci\u00f3n de las aves en Navarra. El proyecto se dirige al seguimiento de aves comunes reproductoras de Espa\u00f1a, las aves m\u00e1s frecuentes, lo que permite hacer una extrapolaci\u00f3n a la situaci\u00f3n de los h\u00e1bitats a los que van asociados y por lo tanto ser un buen indicador para el resto de seres vivos. Este proyecto, en el que colaboran la mayor\u00eda de pa\u00edses europeos, se basa en la participaci\u00f3n de personas voluntarias ambientales con alta cualificaci\u00f3n, para las que anualmente se realiza un curso de formaci\u00f3n. Los resultados del \u00faltimo an\u00e1lisis indican que han decrecido las poblaciones en todos los h\u00e1bitats, lo que deber\u00eda invitar a la toma de medidas.<\/p>\n<p><script async src=\"\/\/pagead2.googlesyndication.com\/pagead\/js\/adsbygoogle.js\"><\/script><br \/>\n<!-- Noticias La Guia de Pamplona --><br \/>\n<ins class=\"adsbygoogle\"\nstyle=\"display:block\"\ndata-ad-client=\"ca-pub-6943679897239327\"\ndata-ad-slot=\"7048180777\"\ndata-ad-format=\"auto\"><\/ins><br \/>\n<script>\n(adsbygoogle = window.adsbygoogle || []).push({});\n<\/script><\/p>\n<p>Tambi\u00e9n las aves protagonizan la nueva exposici\u00f3n que hoy presenta el Museo de Educaci\u00f3n Ambiental a las seis y media de la tarde y que puede visitarse hasta el 27 de diciembre. \u2018Nidos y p\u00e1jaros\u2019 combina el dibujo con la forma ya que recoge los dibujos de Ana Villamuza y los nidos de Daniel Lascur\u00e1in. As\u00ed, Ana Villamuza presenta sus ilustraciones de p\u00e1jaros, fruto de la fascinaci\u00f3n y curiosidad que siente por ellos. Cree que el misterio y la belleza son dif\u00edciles de explicar desde la racionalidad humana y que el dibujo recorre un camino m\u00e1s corto a la emoci\u00f3n. Daniel Laskurain presenta una serie de nidos construidos a partir de materiales reutilizados. Estas diminutas arquitecturas para aves, que un d\u00eda pudieron acoger vida, est\u00e1n ahora deshabitadas y son una cruel met\u00e1fora de la situaci\u00f3n en la que se encuentra la naturaleza. El autor ha querido tambi\u00e9n un peque\u00f1o homenaje a quienes trabajan por la conservaci\u00f3n del medio ambiente.<\/p>\n<p>Por \u00faltimo, el jueves el Museo de Educaci\u00f3n Ambiental acoger\u00e1 este jueves de seis a ocho de la tarde un nuevo mercadillo de intercambio de juguetes. La finalidad de estos mercadillos de intercambio de juguetes es el fomento del trueque de objetos, impulsando la reutilizaci\u00f3n, ofreciendo una alternativa al consumo y alargando la vida de los juguetes. De esta manera se empieza a trabajar el concepto de econom\u00eda circular entre los m\u00e1s peque\u00f1os, de una manera cercana y pr\u00e1ctica. Los ni\u00f1os y ni\u00f1as traer\u00e1n juguetes que ya no utilicen y est\u00e9n en buen estado, puede ser cualquier juego, libro, cuento, puzzle&#8230; Esos juguetes podr\u00e1n intercambiarse por otros que hayan tra\u00eddo otras personas. El mercadillo estar\u00e1 supervisado por el equipo de Educaci\u00f3n Ambiental, garantizando que el cambio es equitativo y se hace de forma ordenada.<\/p>\n","protected":false},"excerpt":{"rendered":"<p>Esta tarde se presenta la exposici\u00f3n \u2018Nidos y p\u00e1jaros\u2019 que puede visitarse hasta el 27 de diciembre<\/p>\n","protected":false},"author":1,"featured_media":11071,"comment_status":"open","ping_status":"closed","sticky":false,"template":"","format":"standard","meta":{"footnotes":""},"categories":[2],"tags":[],"class_list":["post-26512","post","type-post","status-publish","format-standard","has-post-thumbnail","hentry","category-ayuntamiento-pamplona"],"yoast_head":"<!-- This site is optimized with the Yoast SEO plugin v27.3 - https:\/\/yoast.com\/product\/yoast-seo-wordpress\/ -->\n<title>El Museo de Educaci\u00f3n Ambiental presenta ma\u00f1ana mi\u00e9rcoles una charla sobre la evoluci\u00f3n de las poblaciones de aves en Navarra y su disminuci\u00f3n<\/title>\n<meta name=\"robots\" content=\"index, follow, max-snippet:-1, max-image-preview:large, max-video-preview:-1\" \/>\n<link rel=\"canonical\" href=\"https:\/\/www.laguiadepamplona.com\/actualidad\/el-museo-de-educacion-ambiental-presenta-manana-miercoles-una-charla-sobre-la-evolucion-de-las-poblaciones-de-aves-en-navarra-y-su-disminucion\/\" \/>\n<meta property=\"og:locale\" content=\"es_ES\" \/>\n<meta property=\"og:type\" content=\"article\" \/>\n<meta property=\"og:title\" content=\"El Museo de Educaci\u00f3n Ambiental presenta ma\u00f1ana mi\u00e9rcoles una charla sobre la evoluci\u00f3n de las poblaciones de aves en Navarra y su disminuci\u00f3n\" \/>\n<meta property=\"og:description\" content=\"Esta tarde se presenta la exposici\u00f3n \u2018Nidos y p\u00e1jaros\u2019 que puede visitarse hasta el 27 de diciembre\" \/>\n<meta property=\"og:url\" content=\"https:\/\/www.laguiadepamplona.com\/actualidad\/el-museo-de-educacion-ambiental-presenta-manana-miercoles-una-charla-sobre-la-evolucion-de-las-poblaciones-de-aves-en-navarra-y-su-disminucion\/\" \/>\n<meta property=\"og:site_name\" content=\"La Gu\u00eda de Pamplona\" \/>\n<meta property=\"article:publisher\" content=\"https:\/\/www.facebook.com\/laguiadepamplonacom-133175176762273\/?ref=hl\" \/>\n<meta property=\"article:published_time\" content=\"2019-11-26T17:42:03+00:00\" \/>\n<meta property=\"og:image\" content=\"https:\/\/www.laguiadepamplona.com\/actualidad\/wp-content\/uploads\/2016\/12\/Museo-Educacion-Ambiental-Pamplona.jpg\" \/>\n\t<meta property=\"og:image:width\" content=\"627\" \/>\n\t<meta property=\"og:image:height\" content=\"352\" \/>\n\t<meta property=\"og:image:type\" content=\"image\/jpeg\" \/>\n<meta name=\"author\" content=\"La Gu\u00eda de Pamplona\" \/>\n<meta name=\"twitter:card\" content=\"summary_large_image\" \/>\n<meta name=\"twitter:creator\" content=\"@LaGuiadPamplona\" \/>\n<meta name=\"twitter:site\" content=\"@LaGuiadPamplona\" \/>\n<meta name=\"twitter:label1\" content=\"Escrito por\" \/>\n\t<meta name=\"twitter:data1\" content=\"La Gu\u00eda de Pamplona\" \/>\n\t<meta name=\"twitter:label2\" content=\"Tiempo de lectura\" \/>\n\t<meta name=\"twitter:data2\" content=\"3 minutos\" \/>\n<script type=\"application\/ld+json\" class=\"yoast-schema-graph\">{\"@context\":\"https:\\\/\\\/schema.org\",\"@graph\":[{\"@type\":\"Article\",\"@id\":\"https:\\\/\\\/www.laguiadepamplona.com\\\/actualidad\\\/el-museo-de-educacion-ambiental-presenta-manana-miercoles-una-charla-sobre-la-evolucion-de-las-poblaciones-de-aves-en-navarra-y-su-disminucion\\\/#article\",\"isPartOf\":{\"@id\":\"https:\\\/\\\/www.laguiadepamplona.com\\\/actualidad\\\/el-museo-de-educacion-ambiental-presenta-manana-miercoles-una-charla-sobre-la-evolucion-de-las-poblaciones-de-aves-en-navarra-y-su-disminucion\\\/\"},\"author\":{\"name\":\"La Gu\u00eda de Pamplona\",\"@id\":\"https:\\\/\\\/www.laguiadepamplona.com\\\/actualidad\\\/#\\\/schema\\\/person\\\/efe887376f0213d4657c93adc50b1fdb\"},\"headline\":\"El Museo de Educaci\u00f3n Ambiental presenta ma\u00f1ana mi\u00e9rcoles una charla sobre la evoluci\u00f3n de las poblaciones de aves en Navarra y su disminuci\u00f3n\",\"datePublished\":\"2019-11-26T17:42:03+00:00\",\"mainEntityOfPage\":{\"@id\":\"https:\\\/\\\/www.laguiadepamplona.com\\\/actualidad\\\/el-museo-de-educacion-ambiental-presenta-manana-miercoles-una-charla-sobre-la-evolucion-de-las-poblaciones-de-aves-en-navarra-y-su-disminucion\\\/\"},\"wordCount\":597,\"commentCount\":0,\"publisher\":{\"@id\":\"https:\\\/\\\/www.laguiadepamplona.com\\\/actualidad\\\/#organization\"},\"image\":{\"@id\":\"https:\\\/\\\/www.laguiadepamplona.com\\\/actualidad\\\/el-museo-de-educacion-ambiental-presenta-manana-miercoles-una-charla-sobre-la-evolucion-de-las-poblaciones-de-aves-en-navarra-y-su-disminucion\\\/#primaryimage\"},\"thumbnailUrl\":\"https:\\\/\\\/www.laguiadepamplona.com\\\/actualidad\\\/wp-content\\\/uploads\\\/2016\\\/12\\\/Museo-Educacion-Ambiental-Pamplona.jpg\",\"articleSection\":[\"Ayto Pamplona\"],\"inLanguage\":\"es\",\"potentialAction\":[{\"@type\":\"CommentAction\",\"name\":\"Comment\",\"target\":[\"https:\\\/\\\/www.laguiadepamplona.com\\\/actualidad\\\/el-museo-de-educacion-ambiental-presenta-manana-miercoles-una-charla-sobre-la-evolucion-de-las-poblaciones-de-aves-en-navarra-y-su-disminucion\\\/#respond\"]}]},{\"@type\":\"WebPage\",\"@id\":\"https:\\\/\\\/www.laguiadepamplona.com\\\/actualidad\\\/el-museo-de-educacion-ambiental-presenta-manana-miercoles-una-charla-sobre-la-evolucion-de-las-poblaciones-de-aves-en-navarra-y-su-disminucion\\\/\",\"url\":\"https:\\\/\\\/www.laguiadepamplona.com\\\/actualidad\\\/el-museo-de-educacion-ambiental-presenta-manana-miercoles-una-charla-sobre-la-evolucion-de-las-poblaciones-de-aves-en-navarra-y-su-disminucion\\\/\",\"name\":\"El Museo de Educaci\u00f3n Ambiental presenta ma\u00f1ana mi\u00e9rcoles una charla sobre la evoluci\u00f3n de las poblaciones de aves en Navarra y su disminuci\u00f3n\",\"isPartOf\":{\"@id\":\"https:\\\/\\\/www.laguiadepamplona.com\\\/actualidad\\\/#website\"},\"primaryImageOfPage\":{\"@id\":\"https:\\\/\\\/www.laguiadepamplona.com\\\/actualidad\\\/el-museo-de-educacion-ambiental-presenta-manana-miercoles-una-charla-sobre-la-evolucion-de-las-poblaciones-de-aves-en-navarra-y-su-disminucion\\\/#primaryimage\"},\"image\":{\"@id\":\"https:\\\/\\\/www.laguiadepamplona.com\\\/actualidad\\\/el-museo-de-educacion-ambiental-presenta-manana-miercoles-una-charla-sobre-la-evolucion-de-las-poblaciones-de-aves-en-navarra-y-su-disminucion\\\/#primaryimage\"},\"thumbnailUrl\":\"https:\\\/\\\/www.laguiadepamplona.com\\\/actualidad\\\/wp-content\\\/uploads\\\/2016\\\/12\\\/Museo-Educacion-Ambiental-Pamplona.jpg\",\"datePublished\":\"2019-11-26T17:42:03+00:00\",\"breadcrumb\":{\"@id\":\"https:\\\/\\\/www.laguiadepamplona.com\\\/actualidad\\\/el-museo-de-educacion-ambiental-presenta-manana-miercoles-una-charla-sobre-la-evolucion-de-las-poblaciones-de-aves-en-navarra-y-su-disminucion\\\/#breadcrumb\"},\"inLanguage\":\"es\",\"potentialAction\":[{\"@type\":\"ReadAction\",\"target\":[\"https:\\\/\\\/www.laguiadepamplona.com\\\/actualidad\\\/el-museo-de-educacion-ambiental-presenta-manana-miercoles-una-charla-sobre-la-evolucion-de-las-poblaciones-de-aves-en-navarra-y-su-disminucion\\\/\"]}]},{\"@type\":\"ImageObject\",\"inLanguage\":\"es\",\"@id\":\"https:\\\/\\\/www.laguiadepamplona.com\\\/actualidad\\\/el-museo-de-educacion-ambiental-presenta-manana-miercoles-una-charla-sobre-la-evolucion-de-las-poblaciones-de-aves-en-navarra-y-su-disminucion\\\/#primaryimage\",\"url\":\"https:\\\/\\\/www.laguiadepamplona.com\\\/actualidad\\\/wp-content\\\/uploads\\\/2016\\\/12\\\/Museo-Educacion-Ambiental-Pamplona.jpg\",\"contentUrl\":\"https:\\\/\\\/www.laguiadepamplona.com\\\/actualidad\\\/wp-content\\\/uploads\\\/2016\\\/12\\\/Museo-Educacion-Ambiental-Pamplona.jpg\",\"width\":627,\"height\":352},{\"@type\":\"BreadcrumbList\",\"@id\":\"https:\\\/\\\/www.laguiadepamplona.com\\\/actualidad\\\/el-museo-de-educacion-ambiental-presenta-manana-miercoles-una-charla-sobre-la-evolucion-de-las-poblaciones-de-aves-en-navarra-y-su-disminucion\\\/#breadcrumb\",\"itemListElement\":[{\"@type\":\"ListItem\",\"position\":1,\"name\":\"Portada\",\"item\":\"https:\\\/\\\/www.laguiadepamplona.com\\\/actualidad\\\/\"},{\"@type\":\"ListItem\",\"position\":2,\"name\":\"El Museo de Educaci\u00f3n Ambiental presenta ma\u00f1ana mi\u00e9rcoles una charla sobre la evoluci\u00f3n de las poblaciones de aves en Navarra y su disminuci\u00f3n\"}]},{\"@type\":\"WebSite\",\"@id\":\"https:\\\/\\\/www.laguiadepamplona.com\\\/actualidad\\\/#website\",\"url\":\"https:\\\/\\\/www.laguiadepamplona.com\\\/actualidad\\\/\",\"name\":\"La gu\u00eda de Pamplona\",\"description\":\"Noticias de Pamplona\",\"publisher\":{\"@id\":\"https:\\\/\\\/www.laguiadepamplona.com\\\/actualidad\\\/#organization\"},\"potentialAction\":[{\"@type\":\"SearchAction\",\"target\":{\"@type\":\"EntryPoint\",\"urlTemplate\":\"https:\\\/\\\/www.laguiadepamplona.com\\\/actualidad\\\/?s={search_term_string}\"},\"query-input\":{\"@type\":\"PropertyValueSpecification\",\"valueRequired\":true,\"valueName\":\"search_term_string\"}}],\"inLanguage\":\"es\"},{\"@type\":\"Organization\",\"@id\":\"https:\\\/\\\/www.laguiadepamplona.com\\\/actualidad\\\/#organization\",\"name\":\"La Gu\u00eda de Pamplona \\\/ Noticias\",\"url\":\"https:\\\/\\\/www.laguiadepamplona.com\\\/actualidad\\\/\",\"logo\":{\"@type\":\"ImageObject\",\"inLanguage\":\"es\",\"@id\":\"https:\\\/\\\/www.laguiadepamplona.com\\\/actualidad\\\/#\\\/schema\\\/logo\\\/image\\\/\",\"url\":\"https:\\\/\\\/www.laguiadepamplona.com\\\/actualidad\\\/wp-content\\\/uploads\\\/2018\\\/11\\\/logo-laguiadepamplona18-web1.png\",\"contentUrl\":\"https:\\\/\\\/www.laguiadepamplona.com\\\/actualidad\\\/wp-content\\\/uploads\\\/2018\\\/11\\\/logo-laguiadepamplona18-web1.png\",\"width\":600,\"height\":196,\"caption\":\"La Gu\u00eda de Pamplona \\\/ Noticias\"},\"image\":{\"@id\":\"https:\\\/\\\/www.laguiadepamplona.com\\\/actualidad\\\/#\\\/schema\\\/logo\\\/image\\\/\"},\"sameAs\":[\"https:\\\/\\\/www.facebook.com\\\/laguiadepamplonacom-133175176762273\\\/?ref=hl\",\"https:\\\/\\\/x.com\\\/LaGuiadPamplona\",\"https:\\\/\\\/www.instagram.com\\\/la_guia_de_pamplona\\\/\",\"https:\\\/\\\/www.youtube.com\\\/user\\\/laguiadepamplona\"]},{\"@type\":\"Person\",\"@id\":\"https:\\\/\\\/www.laguiadepamplona.com\\\/actualidad\\\/#\\\/schema\\\/person\\\/efe887376f0213d4657c93adc50b1fdb\",\"name\":\"La Gu\u00eda de Pamplona\",\"image\":{\"@type\":\"ImageObject\",\"inLanguage\":\"es\",\"@id\":\"https:\\\/\\\/secure.gravatar.com\\\/avatar\\\/b6992f131dc8d30ab0dff15446e9d346d9dbd95992de0fef795073f5ea83a81c?s=96&d=mm&r=g\",\"url\":\"https:\\\/\\\/secure.gravatar.com\\\/avatar\\\/b6992f131dc8d30ab0dff15446e9d346d9dbd95992de0fef795073f5ea83a81c?s=96&d=mm&r=g\",\"contentUrl\":\"https:\\\/\\\/secure.gravatar.com\\\/avatar\\\/b6992f131dc8d30ab0dff15446e9d346d9dbd95992de0fef795073f5ea83a81c?s=96&d=mm&r=g\",\"caption\":\"La Gu\u00eda de Pamplona\"}}]}<\/script>\n<!-- \/ Yoast SEO plugin. -->","yoast_head_json":{"title":"El Museo de Educaci\u00f3n Ambiental presenta ma\u00f1ana mi\u00e9rcoles una charla sobre la evoluci\u00f3n de las poblaciones de aves en Navarra y su disminuci\u00f3n","robots":{"index":"index","follow":"follow","max-snippet":"max-snippet:-1","max-image-preview":"max-image-preview:large","max-video-preview":"max-video-preview:-1"},"canonical":"https:\/\/www.laguiadepamplona.com\/actualidad\/el-museo-de-educacion-ambiental-presenta-manana-miercoles-una-charla-sobre-la-evolucion-de-las-poblaciones-de-aves-en-navarra-y-su-disminucion\/","og_locale":"es_ES","og_type":"article","og_title":"El Museo de Educaci\u00f3n Ambiental presenta ma\u00f1ana mi\u00e9rcoles una charla sobre la evoluci\u00f3n de las poblaciones de aves en Navarra y su disminuci\u00f3n","og_description":"Esta tarde se presenta la exposici\u00f3n \u2018Nidos y p\u00e1jaros\u2019 que puede visitarse hasta el 27 de diciembre","og_url":"https:\/\/www.laguiadepamplona.com\/actualidad\/el-museo-de-educacion-ambiental-presenta-manana-miercoles-una-charla-sobre-la-evolucion-de-las-poblaciones-de-aves-en-navarra-y-su-disminucion\/","og_site_name":"La Gu\u00eda de Pamplona","article_publisher":"https:\/\/www.facebook.com\/laguiadepamplonacom-133175176762273\/?ref=hl","article_published_time":"2019-11-26T17:42:03+00:00","og_image":[{"width":627,"height":352,"url":"https:\/\/www.laguiadepamplona.com\/actualidad\/wp-content\/uploads\/2016\/12\/Museo-Educacion-Ambiental-Pamplona.jpg","type":"image\/jpeg"}],"author":"La Gu\u00eda de Pamplona","twitter_card":"summary_large_image","twitter_creator":"@LaGuiadPamplona","twitter_site":"@LaGuiadPamplona","twitter_misc":{"Escrito por":"La Gu\u00eda de Pamplona","Tiempo de lectura":"3 minutos"},"schema":{"@context":"https:\/\/schema.org","@graph":[{"@type":"Article","@id":"https:\/\/www.laguiadepamplona.com\/actualidad\/el-museo-de-educacion-ambiental-presenta-manana-miercoles-una-charla-sobre-la-evolucion-de-las-poblaciones-de-aves-en-navarra-y-su-disminucion\/#article","isPartOf":{"@id":"https:\/\/www.laguiadepamplona.com\/actualidad\/el-museo-de-educacion-ambiental-presenta-manana-miercoles-una-charla-sobre-la-evolucion-de-las-poblaciones-de-aves-en-navarra-y-su-disminucion\/"},"author":{"name":"La Gu\u00eda de Pamplona","@id":"https:\/\/www.laguiadepamplona.com\/actualidad\/#\/schema\/person\/efe887376f0213d4657c93adc50b1fdb"},"headline":"El Museo de Educaci\u00f3n Ambiental presenta ma\u00f1ana mi\u00e9rcoles una charla sobre la evoluci\u00f3n de las poblaciones de aves en Navarra y su disminuci\u00f3n","datePublished":"2019-11-26T17:42:03+00:00","mainEntityOfPage":{"@id":"https:\/\/www.laguiadepamplona.com\/actualidad\/el-museo-de-educacion-ambiental-presenta-manana-miercoles-una-charla-sobre-la-evolucion-de-las-poblaciones-de-aves-en-navarra-y-su-disminucion\/"},"wordCount":597,"commentCount":0,"publisher":{"@id":"https:\/\/www.laguiadepamplona.com\/actualidad\/#organization"},"image":{"@id":"https:\/\/www.laguiadepamplona.com\/actualidad\/el-museo-de-educacion-ambiental-presenta-manana-miercoles-una-charla-sobre-la-evolucion-de-las-poblaciones-de-aves-en-navarra-y-su-disminucion\/#primaryimage"},"thumbnailUrl":"https:\/\/www.laguiadepamplona.com\/actualidad\/wp-content\/uploads\/2016\/12\/Museo-Educacion-Ambiental-Pamplona.jpg","articleSection":["Ayto Pamplona"],"inLanguage":"es","potentialAction":[{"@type":"CommentAction","name":"Comment","target":["https:\/\/www.laguiadepamplona.com\/actualidad\/el-museo-de-educacion-ambiental-presenta-manana-miercoles-una-charla-sobre-la-evolucion-de-las-poblaciones-de-aves-en-navarra-y-su-disminucion\/#respond"]}]},{"@type":"WebPage","@id":"https:\/\/www.laguiadepamplona.com\/actualidad\/el-museo-de-educacion-ambiental-presenta-manana-miercoles-una-charla-sobre-la-evolucion-de-las-poblaciones-de-aves-en-navarra-y-su-disminucion\/","url":"https:\/\/www.laguiadepamplona.com\/actualidad\/el-museo-de-educacion-ambiental-presenta-manana-miercoles-una-charla-sobre-la-evolucion-de-las-poblaciones-de-aves-en-navarra-y-su-disminucion\/","name":"El Museo de Educaci\u00f3n Ambiental presenta ma\u00f1ana mi\u00e9rcoles una charla sobre la evoluci\u00f3n de las poblaciones de aves en Navarra y su disminuci\u00f3n","isPartOf":{"@id":"https:\/\/www.laguiadepamplona.com\/actualidad\/#website"},"primaryImageOfPage":{"@id":"https:\/\/www.laguiadepamplona.com\/actualidad\/el-museo-de-educacion-ambiental-presenta-manana-miercoles-una-charla-sobre-la-evolucion-de-las-poblaciones-de-aves-en-navarra-y-su-disminucion\/#primaryimage"},"image":{"@id":"https:\/\/www.laguiadepamplona.com\/actualidad\/el-museo-de-educacion-ambiental-presenta-manana-miercoles-una-charla-sobre-la-evolucion-de-las-poblaciones-de-aves-en-navarra-y-su-disminucion\/#primaryimage"},"thumbnailUrl":"https:\/\/www.laguiadepamplona.com\/actualidad\/wp-content\/uploads\/2016\/12\/Museo-Educacion-Ambiental-Pamplona.jpg","datePublished":"2019-11-26T17:42:03+00:00","breadcrumb":{"@id":"https:\/\/www.laguiadepamplona.com\/actualidad\/el-museo-de-educacion-ambiental-presenta-manana-miercoles-una-charla-sobre-la-evolucion-de-las-poblaciones-de-aves-en-navarra-y-su-disminucion\/#breadcrumb"},"inLanguage":"es","potentialAction":[{"@type":"ReadAction","target":["https:\/\/www.laguiadepamplona.com\/actualidad\/el-museo-de-educacion-ambiental-presenta-manana-miercoles-una-charla-sobre-la-evolucion-de-las-poblaciones-de-aves-en-navarra-y-su-disminucion\/"]}]},{"@type":"ImageObject","inLanguage":"es","@id":"https:\/\/www.laguiadepamplona.com\/actualidad\/el-museo-de-educacion-ambiental-presenta-manana-miercoles-una-charla-sobre-la-evolucion-de-las-poblaciones-de-aves-en-navarra-y-su-disminucion\/#primaryimage","url":"https:\/\/www.laguiadepamplona.com\/actualidad\/wp-content\/uploads\/2016\/12\/Museo-Educacion-Ambiental-Pamplona.jpg","contentUrl":"https:\/\/www.laguiadepamplona.com\/actualidad\/wp-content\/uploads\/2016\/12\/Museo-Educacion-Ambiental-Pamplona.jpg","width":627,"height":352},{"@type":"BreadcrumbList","@id":"https:\/\/www.laguiadepamplona.com\/actualidad\/el-museo-de-educacion-ambiental-presenta-manana-miercoles-una-charla-sobre-la-evolucion-de-las-poblaciones-de-aves-en-navarra-y-su-disminucion\/#breadcrumb","itemListElement":[{"@type":"ListItem","position":1,"name":"Portada","item":"https:\/\/www.laguiadepamplona.com\/actualidad\/"},{"@type":"ListItem","position":2,"name":"El Museo de Educaci\u00f3n Ambiental presenta ma\u00f1ana mi\u00e9rcoles una charla sobre la evoluci\u00f3n de las poblaciones de aves en Navarra y su disminuci\u00f3n"}]},{"@type":"WebSite","@id":"https:\/\/www.laguiadepamplona.com\/actualidad\/#website","url":"https:\/\/www.laguiadepamplona.com\/actualidad\/","name":"La gu\u00eda de Pamplona","description":"Noticias de Pamplona","publisher":{"@id":"https:\/\/www.laguiadepamplona.com\/actualidad\/#organization"},"potentialAction":[{"@type":"SearchAction","target":{"@type":"EntryPoint","urlTemplate":"https:\/\/www.laguiadepamplona.com\/actualidad\/?s={search_term_string}"},"query-input":{"@type":"PropertyValueSpecification","valueRequired":true,"valueName":"search_term_string"}}],"inLanguage":"es"},{"@type":"Organization","@id":"https:\/\/www.laguiadepamplona.com\/actualidad\/#organization","name":"La Gu\u00eda de Pamplona \/ Noticias","url":"https:\/\/www.laguiadepamplona.com\/actualidad\/","logo":{"@type":"ImageObject","inLanguage":"es","@id":"https:\/\/www.laguiadepamplona.com\/actualidad\/#\/schema\/logo\/image\/","url":"https:\/\/www.laguiadepamplona.com\/actualidad\/wp-content\/uploads\/2018\/11\/logo-laguiadepamplona18-web1.png","contentUrl":"https:\/\/www.laguiadepamplona.com\/actualidad\/wp-content\/uploads\/2018\/11\/logo-laguiadepamplona18-web1.png","width":600,"height":196,"caption":"La Gu\u00eda de Pamplona \/ Noticias"},"image":{"@id":"https:\/\/www.laguiadepamplona.com\/actualidad\/#\/schema\/logo\/image\/"},"sameAs":["https:\/\/www.facebook.com\/laguiadepamplonacom-133175176762273\/?ref=hl","https:\/\/x.com\/LaGuiadPamplona","https:\/\/www.instagram.com\/la_guia_de_pamplona\/","https:\/\/www.youtube.com\/user\/laguiadepamplona"]},{"@type":"Person","@id":"https:\/\/www.laguiadepamplona.com\/actualidad\/#\/schema\/person\/efe887376f0213d4657c93adc50b1fdb","name":"La Gu\u00eda de Pamplona","image":{"@type":"ImageObject","inLanguage":"es","@id":"https:\/\/secure.gravatar.com\/avatar\/b6992f131dc8d30ab0dff15446e9d346d9dbd95992de0fef795073f5ea83a81c?s=96&d=mm&r=g","url":"https:\/\/secure.gravatar.com\/avatar\/b6992f131dc8d30ab0dff15446e9d346d9dbd95992de0fef795073f5ea83a81c?s=96&d=mm&r=g","contentUrl":"https:\/\/secure.gravatar.com\/avatar\/b6992f131dc8d30ab0dff15446e9d346d9dbd95992de0fef795073f5ea83a81c?s=96&d=mm&r=g","caption":"La Gu\u00eda de Pamplona"}}]}},"post_mailing_queue_ids":[],"_links":{"self":[{"href":"https:\/\/www.laguiadepamplona.com\/actualidad\/wp-json\/wp\/v2\/posts\/26512","targetHints":{"allow":["GET"]}}],"collection":[{"href":"https:\/\/www.laguiadepamplona.com\/actualidad\/wp-json\/wp\/v2\/posts"}],"about":[{"href":"https:\/\/www.laguiadepamplona.com\/actualidad\/wp-json\/wp\/v2\/types\/post"}],"author":[{"embeddable":true,"href":"https:\/\/www.laguiadepamplona.com\/actualidad\/wp-json\/wp\/v2\/users\/1"}],"replies":[{"embeddable":true,"href":"https:\/\/www.laguiadepamplona.com\/actualidad\/wp-json\/wp\/v2\/comments?post=26512"}],"version-history":[{"count":0,"href":"https:\/\/www.laguiadepamplona.com\/actualidad\/wp-json\/wp\/v2\/posts\/26512\/revisions"}],"wp:featuredmedia":[{"embeddable":true,"href":"https:\/\/www.laguiadepamplona.com\/actualidad\/wp-json\/wp\/v2\/media\/11071"}],"wp:attachment":[{"href":"https:\/\/www.laguiadepamplona.com\/actualidad\/wp-json\/wp\/v2\/media?parent=26512"}],"wp:term":[{"taxonomy":"category","embeddable":true,"href":"https:\/\/www.laguiadepamplona.com\/actualidad\/wp-json\/wp\/v2\/categories?post=26512"},{"taxonomy":"post_tag","embeddable":true,"href":"https:\/\/www.laguiadepamplona.com\/actualidad\/wp-json\/wp\/v2\/tags?post=26512"}],"curies":[{"name":"wp","href":"https:\/\/api.w.org\/{rel}","templated":true}]}}