{"id":26506,"date":"2019-11-26T19:39:33","date_gmt":"2019-11-26T17:39:33","guid":{"rendered":"https:\/\/www.laguiadepamplona.es\/actualidad\/?p=26506"},"modified":"2019-11-26T19:40:55","modified_gmt":"2019-11-26T17:40:55","slug":"el-ayuntamiento-realizara-una-convocatoria-publica-abierta-a-la-libre-concurrencia-para-adjudicar-a-asociaciones-y-colectivos-el-uso-de-espacios-en-los-centros-comunitarios","status":"publish","type":"post","link":"https:\/\/www.laguiadepamplona.com\/actualidad\/el-ayuntamiento-realizara-una-convocatoria-publica-abierta-a-la-libre-concurrencia-para-adjudicar-a-asociaciones-y-colectivos-el-uso-de-espacios-en-los-centros-comunitarios\/","title":{"rendered":"El Ayuntamiento realizar\u00e1 una convocatoria p\u00fablica, abierta a la libre concurrencia, para adjudicar a asociaciones y colectivos el uso de espacios en los centros comunitarios"},"content":{"rendered":"<h3>\u2018Zentro. Espacio Colaborativo\u2019 se trasladar\u00e1 el a\u00f1o que viene al Centro Comunitario Plazara desde su actual sede en Condestable<\/h3>\n<p><!--more--><\/p>\n<p>El pasado mes de agosto entr\u00f3 en vigor la Ordenanza reguladora de los Centros Comunitarios. En ella, se establecen las condiciones de acceso y uso de esos centros comunitarios, \u201clocales de titularidad municipal para uso vecinal, abiertos, polivalentes e inclusivos\u201d en diferentes barrios. Al amparo de esa nueva ordenanza, el Ayuntamiento de Pamplona llevar\u00e1 a cabo una convocatoria p\u00fablica, abierta a la libre concurrencia de las asociaciones y colectivos que cumplan los requisitos, para adjudicar el uso de esos espacios en los centros comunitarios.<\/p>\n<p>La concejala delegada de Servicios Sociales, Acci\u00f3n Comunitaria y Deporte, Mar\u00eda Caballero, ha presentado el nuevo procedimiento y los criterios que se han establecido tanto para la convocatoria de ese concurso como para su resoluci\u00f3n. Se trata de abrir un proceso de concesi\u00f3n de licencias de uso como entidad estable de los centros comunitarios de los barrios a la que podr\u00e1n optar las asociaciones y colectivos que lo deseen. Tener esa consideraci\u00f3n de entidad usuaria estable ser\u00e1 requisito indispensable para poder firmar un convenio con el Ayuntamiento como adjudicataria del uso de un centro comunitario.<\/p>\n<p>Los nuevos criterios parten de la premisa de que la cesi\u00f3n de espacios en los centros comunitarios debe hacerse bajo los principios de libre concurrencia, igualdad, publicidad y transparencia. A ellos se une el fomento del tejido asociativo, la participaci\u00f3n ciudadana y la corresponsabilidad en el cuidado de los bienes p\u00fablicos. De ah\u00ed la apuesta por convocatorias p\u00fablicas que garanticen la igualdad de acceso a los recursos p\u00fablicos y las garant\u00edas jur\u00eddicas de las partes. Toda la documentaci\u00f3n y los formularios para solicitar el uso de espacios en los centros comunitarios se publicar\u00e1n en la p\u00e1gina web municipal, <a href=\"http:\/\/www.pamplona.es\" target=\"_blank\" rel=\"noopener noreferrer\">www.pamplona.es<\/a>, y se remitir\u00e1n a las entidades inscritas en el Registro de Asociaciones del Ayuntamiento una vez que se haya abierto la convocatoria.<\/p>\n<p>En los \u00faltimos meses el Ayuntamiento de Pamplona ha mantenido diferentes reuniones con el tejido asociativo en todos los centros comunitarios para informar de los nuevos criterios que se van a implantar a la hora de conceder el uso de espacios. Asimismo, se va a trabajar con las asociaciones, entidades y colectivos en la elaboraci\u00f3n de un reglamento interno con medidas comunes en todos los centros. Se est\u00e1n estudiando tambi\u00e9n nuevos sistemas de acceso a los centros comunitarios para que cada asociaci\u00f3n dependa de s\u00ed misma para entrar en el edificio en el que va a desarrollar su actividad.<\/p>\n<p><script async src=\"\/\/pagead2.googlesyndication.com\/pagead\/js\/adsbygoogle.js\"><\/script><br \/>\n<!-- Noticias La Guia de Pamplona --><br \/>\n<ins class=\"adsbygoogle\"\nstyle=\"display:block\"\ndata-ad-client=\"ca-pub-6943679897239327\"\ndata-ad-slot=\"7048180777\"\ndata-ad-format=\"auto\"><\/ins><br \/>\n<script>\n(adsbygoogle = window.adsbygoogle || []).push({});\n<\/script><\/p>\n<p><strong>Procedimiento de solicitud de uso de un espacio con car\u00e1cter estable<\/strong><\/p>\n<p>El procedimiento comenzar\u00e1 con el anuncio p\u00fablico de la convocatoria en la sede electr\u00f3nica del Ayuntamiento de Pamplona y por cuantos medios se considera oportuno. En ese anuncio de la convocatoria se detallar\u00e1n la ubicaci\u00f3n y superficie de los espacios que se podr\u00e1n ceder en cada uno de los centros p\u00fablicos. Se prev\u00e9 que esta convocatoria puede abrirse a mediados del mes de diciembre, con un plazo aproximado de dos meses para que las entidades interesadas presenten su solicitud. A esa solicitud deber\u00e1n adjuntar el proyecto de actividades que proponen realizar en ese espacio, as\u00ed como la documentaci\u00f3n que se les requiera.<\/p>\n<p>Podr\u00e1n participar en las convocatorias de cesi\u00f3n de espacios las entidades, asociaciones y agrupaciones sin \u00e1nimo de lucro que as\u00ed lo soliciten. Adem\u00e1s, deben recoger en los fines reflejados en sus estatutos aspectos como la promoci\u00f3n de la participaci\u00f3n ciudadana, el desarrollo comunitario o estar dirigidos a mejorar la calidad de vida en el \u00e1mbito vecinal o perseguir fines de inter\u00e9s social que redunden en beneficio de la comunidad; el desarrollo del asociacionismo orientado a la creaci\u00f3n de redes socio-culturales-formativas, informativas, educativas, l\u00fadicas y deportivas dirigidas a dinamizar la vida p\u00fablica, a promover la participaci\u00f3n ciudadana y a impulsar el desarrollo comunitario de los barrios de Pamplona; o la generaci\u00f3n de actividades desde la perspectiva de los intereses concretos y de las necesidades de las personas y colectivos que conviven en los barrios.<\/p>\n<p>Las solicitudes presentadas ser\u00e1n objeto de la valoraci\u00f3n correspondiente. Si se considerara necesario, se podr\u00e1n solicitar informes de car\u00e1cter t\u00e9cnico y\/o social para una valoraci\u00f3n m\u00e1s adecuada de los proyectos. En caso de que exista una concurrencia sobre el mismo espacio, la concesi\u00f3n de licencias obedecer\u00e1 a criterios de uso preferente con el siguiente orden: la adecuaci\u00f3n del espacio a la actividad; la repercusi\u00f3n social de la actividad (p\u00fablico objetivo); el arraigo en el \u00e1mbito de proximidad del barrio; la no existencia de otros espacios donde desarrollar la actividad; y que las actividades que se desarrollen sean abiertas, gratuitas e inclusivas. Por \u00faltimo, en caso de igualdad, se atender\u00e1 al orden de entrada de la solicitud.\u00a0 Considerados todos estos aspectos, la licencia de uso como entidad usuaria estable de un espacio en un centro comunitario municipal la otorgar\u00e1 la concejal\u00eda del \u00c1rea de Servicios Sociales, Acci\u00f3n Comunitaria y Deporte del Ayuntamiento de Pamplona.<\/p>\n<p>Las entidades que resulten adjudicatarias del uso del centro comunitario correspondiente de forma estable firmar\u00e1n entonces un convenio de colaboraci\u00f3n con el Ayuntamiento de Pamplona en el que se recoger\u00e1n las obligaciones y derechos derivados. Para resolver cualquier duda, las entidades que pretendan concurrir a las convocatorias podr\u00e1n contactar con la Unidad de Acci\u00f3n Comunitaria del Ayuntamiento de Pamplona en la calle Zapater\u00eda 40.<\/p>\n<p><script async src=\"\/\/pagead2.googlesyndication.com\/pagead\/js\/adsbygoogle.js\"><\/script><br \/>\n<!-- Noticias La Guia de Pamplona --><br \/>\n<ins class=\"adsbygoogle\"\nstyle=\"display:block\"\ndata-ad-client=\"ca-pub-6943679897239327\"\ndata-ad-slot=\"7048180777\"\ndata-ad-format=\"auto\"><\/ins><br \/>\n<script>\n(adsbygoogle = window.adsbygoogle || []).push({});\n<\/script><\/p>\n<p><strong>Traslado de Zentro al CC Plazara<\/strong><\/p>\n<p>El a\u00f1o que viene est\u00e1 previsto que \u2018Zentro. Espacio Colaborativo\u2019 se traslade desde su actual ubicaci\u00f3n en la segunda planta del Palacio del Condestable al Centro Comunitario Plazara, en el Palacio Red\u00edn y Cruzat, tambi\u00e9n en la calle Mayor. El traslado se realizar\u00e1 de forma paralela a la aprobaci\u00f3n de los futuros convenios firmados con las asociaciones que concurran a la convocatoria p\u00fablica para el uso de esos centros comunitarios.<\/p>\n<p>Zentro se puso en marcha en octubre de 2016, aunque no fue hasta abril de 2017 cuando abri\u00f3 sus puertas en Condestable. Se concibe como un espacio de actividades y servicios dirigidos a la ciudadan\u00eda, asociaciones y colectivos ciudadanos, personal pol\u00edtico y t\u00e9cnico del Ayuntamiento y otras administraciones p\u00fablicas y profesionales del sector socio-comunitario de diferentes \u00e1mbitos (educativo, cultural, sanitario o ambiental). En la actualidad cuenta con estancias diferenciadas, como zona de informaci\u00f3n, biblioteca y centro de documentaci\u00f3n, administraci\u00f3n y asesor\u00eda o salas de reuniones y formaci\u00f3n.<\/p>\n<p>El horario de atenci\u00f3n al p\u00fablico de \u2018Zentro. Espacio Colaborativo\u2019 es de lunes a viernes, de 10 a 14 y de 17 a 21 horas.<\/p>\n<p><script async src=\"\/\/pagead2.googlesyndication.com\/pagead\/js\/adsbygoogle.js\"><\/script><br \/>\n<!-- Noticias La Guia de Pamplona --><br \/>\n<ins class=\"adsbygoogle\"\nstyle=\"display:block\"\ndata-ad-client=\"ca-pub-6943679897239327\"\ndata-ad-slot=\"7048180777\"\ndata-ad-format=\"auto\"><\/ins><br \/>\n<script>\n(adsbygoogle = window.adsbygoogle || []).push({});\n<\/script><\/p>\n<h3><span style=\"color: #ff0000;\">Listado de Centros Comunitarios (CC)<\/span><\/h3>\n<ul>\n<li>Centro Comunitario Arrosad\u00eda\u00a0\u2013 Ilargienea. C\/ Blas de la Serna, 61 bajo<\/li>\n<li>Centros Comunitarios en Rochapea.\n<ul>\n<li>La Carbonilla (Rochapea). Avda. Marcelo Celayeta, 51<\/li>\n<li>C\/ Joaqu\u00edn Beunza, 33<\/li>\n<\/ul>\n<\/li>\n<li>Centros Comunitarios San Jorge\n<ul>\n<li>C\/ Sanduzelai, 11 bajo<\/li>\n<li>C\/ Sanduzelai, 1 bajo \u2013 Chalet de Gridillas \u2013<\/li>\n<li>Centro Karrikagune. C\/ Dr. Labayen, 17<\/li>\n<li>Paseo de Sand\u00faa, 48 &#8211; 50<\/li>\n<\/ul>\n<\/li>\n<li>Centro Comunitario Lezkairu. C\/ Fuente de la Teja E-F (Lezkairu, 1 F bajo)<\/li>\n<li>Centro Comunitario Plazara\u00a0(Casco Antiguo)<\/li>\n<li>Centro Comunitario Salesianas (Txantrea). C\/ Cuenca de Pamplona, 24<\/li>\n<li>Centros Comunitarios Mendillorri.\n<ul>\n<li>Centro comunitario de Mendillorri. C\/ Concejo de Ardanaz, 4<\/li>\n<li>Centro Comunitario Antzara. C\/ Concejo de Sarriguren, s\/n<\/li>\n<\/ul>\n<\/li>\n<li>Centro Comunitario Buztintxuri\n<ul>\n<li>Avda. de Gipuzkoa, Parcela E<\/li>\n<li>Paseo de Santa Luc\u00eda, 60 bajo<\/li>\n<\/ul>\n<\/li>\n<li>Centro Comunitario Etxabakoitz.\u00a0Grupo Urd\u00e1noz 1 y Grupo Urd\u00e1noz 4<\/li>\n<li>Centro Comunitario Ermitaga\u00f1a\n<ul>\n<li>C\/ Ermitaga\u00f1a 30 \u2013 32<\/li>\n<li>C\/ Bartolom\u00e9 de Carranza, 52 bajo<\/li>\n<\/ul>\n<\/li>\n<\/ul>\n","protected":false},"excerpt":{"rendered":"<p>\u2018Zentro. Espacio Colaborativo\u2019 se trasladar\u00e1 el a\u00f1o que viene al Centro Comunitario Plazara desde su actual sede en Condestable<\/p>\n","protected":false},"author":1,"featured_media":17390,"comment_status":"open","ping_status":"closed","sticky":false,"template":"","format":"standard","meta":{"footnotes":""},"categories":[2],"tags":[],"class_list":["post-26506","post","type-post","status-publish","format-standard","has-post-thumbnail","hentry","category-ayuntamiento-pamplona"],"yoast_head":"<!-- This site is optimized with the Yoast SEO plugin v27.3 - https:\/\/yoast.com\/product\/yoast-seo-wordpress\/ -->\n<title>El Ayuntamiento realizar\u00e1 una convocatoria p\u00fablica, abierta a la libre concurrencia, para adjudicar a asociaciones y colectivos el uso de espacios en los centros comunitarios<\/title>\n<meta name=\"robots\" content=\"index, follow, max-snippet:-1, max-image-preview:large, max-video-preview:-1\" \/>\n<link rel=\"canonical\" href=\"https:\/\/www.laguiadepamplona.com\/actualidad\/el-ayuntamiento-realizara-una-convocatoria-publica-abierta-a-la-libre-concurrencia-para-adjudicar-a-asociaciones-y-colectivos-el-uso-de-espacios-en-los-centros-comunitarios\/\" \/>\n<meta property=\"og:locale\" content=\"es_ES\" \/>\n<meta property=\"og:type\" content=\"article\" \/>\n<meta property=\"og:title\" content=\"El Ayuntamiento realizar\u00e1 una convocatoria p\u00fablica, abierta a la libre concurrencia, para adjudicar a asociaciones y colectivos el uso de espacios en los centros comunitarios\" \/>\n<meta property=\"og:description\" content=\"\u2018Zentro. Espacio Colaborativo\u2019 se trasladar\u00e1 el a\u00f1o que viene al Centro Comunitario Plazara desde su actual sede en Condestable\" \/>\n<meta property=\"og:url\" content=\"https:\/\/www.laguiadepamplona.com\/actualidad\/el-ayuntamiento-realizara-una-convocatoria-publica-abierta-a-la-libre-concurrencia-para-adjudicar-a-asociaciones-y-colectivos-el-uso-de-espacios-en-los-centros-comunitarios\/\" \/>\n<meta property=\"og:site_name\" content=\"La Gu\u00eda de Pamplona\" \/>\n<meta property=\"article:publisher\" content=\"https:\/\/www.facebook.com\/laguiadepamplonacom-133175176762273\/?ref=hl\" \/>\n<meta property=\"article:published_time\" content=\"2019-11-26T17:39:33+00:00\" \/>\n<meta property=\"article:modified_time\" content=\"2019-11-26T17:40:55+00:00\" \/>\n<meta property=\"og:image\" content=\"https:\/\/www.laguiadepamplona.com\/actualidad\/wp-content\/uploads\/2018\/05\/palacio-condestable.jpg\" \/>\n\t<meta property=\"og:image:width\" content=\"950\" \/>\n\t<meta property=\"og:image:height\" content=\"634\" \/>\n\t<meta property=\"og:image:type\" content=\"image\/jpeg\" \/>\n<meta name=\"author\" content=\"La Gu\u00eda de Pamplona\" \/>\n<meta name=\"twitter:card\" content=\"summary_large_image\" \/>\n<meta name=\"twitter:creator\" content=\"@LaGuiadPamplona\" \/>\n<meta name=\"twitter:site\" content=\"@LaGuiadPamplona\" \/>\n<meta name=\"twitter:label1\" content=\"Escrito por\" \/>\n\t<meta name=\"twitter:data1\" content=\"La Gu\u00eda de Pamplona\" \/>\n\t<meta name=\"twitter:label2\" content=\"Tiempo de lectura\" \/>\n\t<meta name=\"twitter:data2\" content=\"6 minutos\" \/>\n<script type=\"application\/ld+json\" class=\"yoast-schema-graph\">{\"@context\":\"https:\\\/\\\/schema.org\",\"@graph\":[{\"@type\":\"Article\",\"@id\":\"https:\\\/\\\/www.laguiadepamplona.com\\\/actualidad\\\/el-ayuntamiento-realizara-una-convocatoria-publica-abierta-a-la-libre-concurrencia-para-adjudicar-a-asociaciones-y-colectivos-el-uso-de-espacios-en-los-centros-comunitarios\\\/#article\",\"isPartOf\":{\"@id\":\"https:\\\/\\\/www.laguiadepamplona.com\\\/actualidad\\\/el-ayuntamiento-realizara-una-convocatoria-publica-abierta-a-la-libre-concurrencia-para-adjudicar-a-asociaciones-y-colectivos-el-uso-de-espacios-en-los-centros-comunitarios\\\/\"},\"author\":{\"name\":\"La Gu\u00eda de Pamplona\",\"@id\":\"https:\\\/\\\/www.laguiadepamplona.com\\\/actualidad\\\/#\\\/schema\\\/person\\\/efe887376f0213d4657c93adc50b1fdb\"},\"headline\":\"El Ayuntamiento realizar\u00e1 una convocatoria p\u00fablica, abierta a la libre concurrencia, para adjudicar a asociaciones y colectivos el uso de espacios en los centros comunitarios\",\"datePublished\":\"2019-11-26T17:39:33+00:00\",\"dateModified\":\"2019-11-26T17:40:55+00:00\",\"mainEntityOfPage\":{\"@id\":\"https:\\\/\\\/www.laguiadepamplona.com\\\/actualidad\\\/el-ayuntamiento-realizara-una-convocatoria-publica-abierta-a-la-libre-concurrencia-para-adjudicar-a-asociaciones-y-colectivos-el-uso-de-espacios-en-los-centros-comunitarios\\\/\"},\"wordCount\":1304,\"commentCount\":0,\"publisher\":{\"@id\":\"https:\\\/\\\/www.laguiadepamplona.com\\\/actualidad\\\/#organization\"},\"image\":{\"@id\":\"https:\\\/\\\/www.laguiadepamplona.com\\\/actualidad\\\/el-ayuntamiento-realizara-una-convocatoria-publica-abierta-a-la-libre-concurrencia-para-adjudicar-a-asociaciones-y-colectivos-el-uso-de-espacios-en-los-centros-comunitarios\\\/#primaryimage\"},\"thumbnailUrl\":\"https:\\\/\\\/www.laguiadepamplona.com\\\/actualidad\\\/wp-content\\\/uploads\\\/2018\\\/05\\\/palacio-condestable.jpg\",\"articleSection\":[\"Ayto Pamplona\"],\"inLanguage\":\"es\",\"potentialAction\":[{\"@type\":\"CommentAction\",\"name\":\"Comment\",\"target\":[\"https:\\\/\\\/www.laguiadepamplona.com\\\/actualidad\\\/el-ayuntamiento-realizara-una-convocatoria-publica-abierta-a-la-libre-concurrencia-para-adjudicar-a-asociaciones-y-colectivos-el-uso-de-espacios-en-los-centros-comunitarios\\\/#respond\"]}]},{\"@type\":\"WebPage\",\"@id\":\"https:\\\/\\\/www.laguiadepamplona.com\\\/actualidad\\\/el-ayuntamiento-realizara-una-convocatoria-publica-abierta-a-la-libre-concurrencia-para-adjudicar-a-asociaciones-y-colectivos-el-uso-de-espacios-en-los-centros-comunitarios\\\/\",\"url\":\"https:\\\/\\\/www.laguiadepamplona.com\\\/actualidad\\\/el-ayuntamiento-realizara-una-convocatoria-publica-abierta-a-la-libre-concurrencia-para-adjudicar-a-asociaciones-y-colectivos-el-uso-de-espacios-en-los-centros-comunitarios\\\/\",\"name\":\"El Ayuntamiento realizar\u00e1 una convocatoria p\u00fablica, abierta a la libre concurrencia, para adjudicar a asociaciones y colectivos el uso de espacios en los centros comunitarios\",\"isPartOf\":{\"@id\":\"https:\\\/\\\/www.laguiadepamplona.com\\\/actualidad\\\/#website\"},\"primaryImageOfPage\":{\"@id\":\"https:\\\/\\\/www.laguiadepamplona.com\\\/actualidad\\\/el-ayuntamiento-realizara-una-convocatoria-publica-abierta-a-la-libre-concurrencia-para-adjudicar-a-asociaciones-y-colectivos-el-uso-de-espacios-en-los-centros-comunitarios\\\/#primaryimage\"},\"image\":{\"@id\":\"https:\\\/\\\/www.laguiadepamplona.com\\\/actualidad\\\/el-ayuntamiento-realizara-una-convocatoria-publica-abierta-a-la-libre-concurrencia-para-adjudicar-a-asociaciones-y-colectivos-el-uso-de-espacios-en-los-centros-comunitarios\\\/#primaryimage\"},\"thumbnailUrl\":\"https:\\\/\\\/www.laguiadepamplona.com\\\/actualidad\\\/wp-content\\\/uploads\\\/2018\\\/05\\\/palacio-condestable.jpg\",\"datePublished\":\"2019-11-26T17:39:33+00:00\",\"dateModified\":\"2019-11-26T17:40:55+00:00\",\"breadcrumb\":{\"@id\":\"https:\\\/\\\/www.laguiadepamplona.com\\\/actualidad\\\/el-ayuntamiento-realizara-una-convocatoria-publica-abierta-a-la-libre-concurrencia-para-adjudicar-a-asociaciones-y-colectivos-el-uso-de-espacios-en-los-centros-comunitarios\\\/#breadcrumb\"},\"inLanguage\":\"es\",\"potentialAction\":[{\"@type\":\"ReadAction\",\"target\":[\"https:\\\/\\\/www.laguiadepamplona.com\\\/actualidad\\\/el-ayuntamiento-realizara-una-convocatoria-publica-abierta-a-la-libre-concurrencia-para-adjudicar-a-asociaciones-y-colectivos-el-uso-de-espacios-en-los-centros-comunitarios\\\/\"]}]},{\"@type\":\"ImageObject\",\"inLanguage\":\"es\",\"@id\":\"https:\\\/\\\/www.laguiadepamplona.com\\\/actualidad\\\/el-ayuntamiento-realizara-una-convocatoria-publica-abierta-a-la-libre-concurrencia-para-adjudicar-a-asociaciones-y-colectivos-el-uso-de-espacios-en-los-centros-comunitarios\\\/#primaryimage\",\"url\":\"https:\\\/\\\/www.laguiadepamplona.com\\\/actualidad\\\/wp-content\\\/uploads\\\/2018\\\/05\\\/palacio-condestable.jpg\",\"contentUrl\":\"https:\\\/\\\/www.laguiadepamplona.com\\\/actualidad\\\/wp-content\\\/uploads\\\/2018\\\/05\\\/palacio-condestable.jpg\",\"width\":950,\"height\":634,\"caption\":\"civivox condestable\"},{\"@type\":\"BreadcrumbList\",\"@id\":\"https:\\\/\\\/www.laguiadepamplona.com\\\/actualidad\\\/el-ayuntamiento-realizara-una-convocatoria-publica-abierta-a-la-libre-concurrencia-para-adjudicar-a-asociaciones-y-colectivos-el-uso-de-espacios-en-los-centros-comunitarios\\\/#breadcrumb\",\"itemListElement\":[{\"@type\":\"ListItem\",\"position\":1,\"name\":\"Portada\",\"item\":\"https:\\\/\\\/www.laguiadepamplona.com\\\/actualidad\\\/\"},{\"@type\":\"ListItem\",\"position\":2,\"name\":\"El Ayuntamiento realizar\u00e1 una convocatoria p\u00fablica, abierta a la libre concurrencia, para adjudicar a asociaciones y colectivos el uso de espacios en los centros comunitarios\"}]},{\"@type\":\"WebSite\",\"@id\":\"https:\\\/\\\/www.laguiadepamplona.com\\\/actualidad\\\/#website\",\"url\":\"https:\\\/\\\/www.laguiadepamplona.com\\\/actualidad\\\/\",\"name\":\"La gu\u00eda de Pamplona\",\"description\":\"Noticias de Pamplona\",\"publisher\":{\"@id\":\"https:\\\/\\\/www.laguiadepamplona.com\\\/actualidad\\\/#organization\"},\"potentialAction\":[{\"@type\":\"SearchAction\",\"target\":{\"@type\":\"EntryPoint\",\"urlTemplate\":\"https:\\\/\\\/www.laguiadepamplona.com\\\/actualidad\\\/?s={search_term_string}\"},\"query-input\":{\"@type\":\"PropertyValueSpecification\",\"valueRequired\":true,\"valueName\":\"search_term_string\"}}],\"inLanguage\":\"es\"},{\"@type\":\"Organization\",\"@id\":\"https:\\\/\\\/www.laguiadepamplona.com\\\/actualidad\\\/#organization\",\"name\":\"La Gu\u00eda de Pamplona \\\/ Noticias\",\"url\":\"https:\\\/\\\/www.laguiadepamplona.com\\\/actualidad\\\/\",\"logo\":{\"@type\":\"ImageObject\",\"inLanguage\":\"es\",\"@id\":\"https:\\\/\\\/www.laguiadepamplona.com\\\/actualidad\\\/#\\\/schema\\\/logo\\\/image\\\/\",\"url\":\"https:\\\/\\\/www.laguiadepamplona.com\\\/actualidad\\\/wp-content\\\/uploads\\\/2018\\\/11\\\/logo-laguiadepamplona18-web1.png\",\"contentUrl\":\"https:\\\/\\\/www.laguiadepamplona.com\\\/actualidad\\\/wp-content\\\/uploads\\\/2018\\\/11\\\/logo-laguiadepamplona18-web1.png\",\"width\":600,\"height\":196,\"caption\":\"La Gu\u00eda de Pamplona \\\/ Noticias\"},\"image\":{\"@id\":\"https:\\\/\\\/www.laguiadepamplona.com\\\/actualidad\\\/#\\\/schema\\\/logo\\\/image\\\/\"},\"sameAs\":[\"https:\\\/\\\/www.facebook.com\\\/laguiadepamplonacom-133175176762273\\\/?ref=hl\",\"https:\\\/\\\/x.com\\\/LaGuiadPamplona\",\"https:\\\/\\\/www.instagram.com\\\/la_guia_de_pamplona\\\/\",\"https:\\\/\\\/www.youtube.com\\\/user\\\/laguiadepamplona\"]},{\"@type\":\"Person\",\"@id\":\"https:\\\/\\\/www.laguiadepamplona.com\\\/actualidad\\\/#\\\/schema\\\/person\\\/efe887376f0213d4657c93adc50b1fdb\",\"name\":\"La Gu\u00eda de Pamplona\",\"image\":{\"@type\":\"ImageObject\",\"inLanguage\":\"es\",\"@id\":\"https:\\\/\\\/secure.gravatar.com\\\/avatar\\\/b6992f131dc8d30ab0dff15446e9d346d9dbd95992de0fef795073f5ea83a81c?s=96&d=mm&r=g\",\"url\":\"https:\\\/\\\/secure.gravatar.com\\\/avatar\\\/b6992f131dc8d30ab0dff15446e9d346d9dbd95992de0fef795073f5ea83a81c?s=96&d=mm&r=g\",\"contentUrl\":\"https:\\\/\\\/secure.gravatar.com\\\/avatar\\\/b6992f131dc8d30ab0dff15446e9d346d9dbd95992de0fef795073f5ea83a81c?s=96&d=mm&r=g\",\"caption\":\"La Gu\u00eda de Pamplona\"}}]}<\/script>\n<!-- \/ Yoast SEO plugin. -->","yoast_head_json":{"title":"El Ayuntamiento realizar\u00e1 una convocatoria p\u00fablica, abierta a la libre concurrencia, para adjudicar a asociaciones y colectivos el uso de espacios en los centros comunitarios","robots":{"index":"index","follow":"follow","max-snippet":"max-snippet:-1","max-image-preview":"max-image-preview:large","max-video-preview":"max-video-preview:-1"},"canonical":"https:\/\/www.laguiadepamplona.com\/actualidad\/el-ayuntamiento-realizara-una-convocatoria-publica-abierta-a-la-libre-concurrencia-para-adjudicar-a-asociaciones-y-colectivos-el-uso-de-espacios-en-los-centros-comunitarios\/","og_locale":"es_ES","og_type":"article","og_title":"El Ayuntamiento realizar\u00e1 una convocatoria p\u00fablica, abierta a la libre concurrencia, para adjudicar a asociaciones y colectivos el uso de espacios en los centros comunitarios","og_description":"\u2018Zentro. Espacio Colaborativo\u2019 se trasladar\u00e1 el a\u00f1o que viene al Centro Comunitario Plazara desde su actual sede en Condestable","og_url":"https:\/\/www.laguiadepamplona.com\/actualidad\/el-ayuntamiento-realizara-una-convocatoria-publica-abierta-a-la-libre-concurrencia-para-adjudicar-a-asociaciones-y-colectivos-el-uso-de-espacios-en-los-centros-comunitarios\/","og_site_name":"La Gu\u00eda de Pamplona","article_publisher":"https:\/\/www.facebook.com\/laguiadepamplonacom-133175176762273\/?ref=hl","article_published_time":"2019-11-26T17:39:33+00:00","article_modified_time":"2019-11-26T17:40:55+00:00","og_image":[{"width":950,"height":634,"url":"https:\/\/www.laguiadepamplona.com\/actualidad\/wp-content\/uploads\/2018\/05\/palacio-condestable.jpg","type":"image\/jpeg"}],"author":"La Gu\u00eda de Pamplona","twitter_card":"summary_large_image","twitter_creator":"@LaGuiadPamplona","twitter_site":"@LaGuiadPamplona","twitter_misc":{"Escrito por":"La Gu\u00eda de Pamplona","Tiempo de lectura":"6 minutos"},"schema":{"@context":"https:\/\/schema.org","@graph":[{"@type":"Article","@id":"https:\/\/www.laguiadepamplona.com\/actualidad\/el-ayuntamiento-realizara-una-convocatoria-publica-abierta-a-la-libre-concurrencia-para-adjudicar-a-asociaciones-y-colectivos-el-uso-de-espacios-en-los-centros-comunitarios\/#article","isPartOf":{"@id":"https:\/\/www.laguiadepamplona.com\/actualidad\/el-ayuntamiento-realizara-una-convocatoria-publica-abierta-a-la-libre-concurrencia-para-adjudicar-a-asociaciones-y-colectivos-el-uso-de-espacios-en-los-centros-comunitarios\/"},"author":{"name":"La Gu\u00eda de Pamplona","@id":"https:\/\/www.laguiadepamplona.com\/actualidad\/#\/schema\/person\/efe887376f0213d4657c93adc50b1fdb"},"headline":"El Ayuntamiento realizar\u00e1 una convocatoria p\u00fablica, abierta a la libre concurrencia, para adjudicar a asociaciones y colectivos el uso de espacios en los centros comunitarios","datePublished":"2019-11-26T17:39:33+00:00","dateModified":"2019-11-26T17:40:55+00:00","mainEntityOfPage":{"@id":"https:\/\/www.laguiadepamplona.com\/actualidad\/el-ayuntamiento-realizara-una-convocatoria-publica-abierta-a-la-libre-concurrencia-para-adjudicar-a-asociaciones-y-colectivos-el-uso-de-espacios-en-los-centros-comunitarios\/"},"wordCount":1304,"commentCount":0,"publisher":{"@id":"https:\/\/www.laguiadepamplona.com\/actualidad\/#organization"},"image":{"@id":"https:\/\/www.laguiadepamplona.com\/actualidad\/el-ayuntamiento-realizara-una-convocatoria-publica-abierta-a-la-libre-concurrencia-para-adjudicar-a-asociaciones-y-colectivos-el-uso-de-espacios-en-los-centros-comunitarios\/#primaryimage"},"thumbnailUrl":"https:\/\/www.laguiadepamplona.com\/actualidad\/wp-content\/uploads\/2018\/05\/palacio-condestable.jpg","articleSection":["Ayto Pamplona"],"inLanguage":"es","potentialAction":[{"@type":"CommentAction","name":"Comment","target":["https:\/\/www.laguiadepamplona.com\/actualidad\/el-ayuntamiento-realizara-una-convocatoria-publica-abierta-a-la-libre-concurrencia-para-adjudicar-a-asociaciones-y-colectivos-el-uso-de-espacios-en-los-centros-comunitarios\/#respond"]}]},{"@type":"WebPage","@id":"https:\/\/www.laguiadepamplona.com\/actualidad\/el-ayuntamiento-realizara-una-convocatoria-publica-abierta-a-la-libre-concurrencia-para-adjudicar-a-asociaciones-y-colectivos-el-uso-de-espacios-en-los-centros-comunitarios\/","url":"https:\/\/www.laguiadepamplona.com\/actualidad\/el-ayuntamiento-realizara-una-convocatoria-publica-abierta-a-la-libre-concurrencia-para-adjudicar-a-asociaciones-y-colectivos-el-uso-de-espacios-en-los-centros-comunitarios\/","name":"El Ayuntamiento realizar\u00e1 una convocatoria p\u00fablica, abierta a la libre concurrencia, para adjudicar a asociaciones y colectivos el uso de espacios en los centros comunitarios","isPartOf":{"@id":"https:\/\/www.laguiadepamplona.com\/actualidad\/#website"},"primaryImageOfPage":{"@id":"https:\/\/www.laguiadepamplona.com\/actualidad\/el-ayuntamiento-realizara-una-convocatoria-publica-abierta-a-la-libre-concurrencia-para-adjudicar-a-asociaciones-y-colectivos-el-uso-de-espacios-en-los-centros-comunitarios\/#primaryimage"},"image":{"@id":"https:\/\/www.laguiadepamplona.com\/actualidad\/el-ayuntamiento-realizara-una-convocatoria-publica-abierta-a-la-libre-concurrencia-para-adjudicar-a-asociaciones-y-colectivos-el-uso-de-espacios-en-los-centros-comunitarios\/#primaryimage"},"thumbnailUrl":"https:\/\/www.laguiadepamplona.com\/actualidad\/wp-content\/uploads\/2018\/05\/palacio-condestable.jpg","datePublished":"2019-11-26T17:39:33+00:00","dateModified":"2019-11-26T17:40:55+00:00","breadcrumb":{"@id":"https:\/\/www.laguiadepamplona.com\/actualidad\/el-ayuntamiento-realizara-una-convocatoria-publica-abierta-a-la-libre-concurrencia-para-adjudicar-a-asociaciones-y-colectivos-el-uso-de-espacios-en-los-centros-comunitarios\/#breadcrumb"},"inLanguage":"es","potentialAction":[{"@type":"ReadAction","target":["https:\/\/www.laguiadepamplona.com\/actualidad\/el-ayuntamiento-realizara-una-convocatoria-publica-abierta-a-la-libre-concurrencia-para-adjudicar-a-asociaciones-y-colectivos-el-uso-de-espacios-en-los-centros-comunitarios\/"]}]},{"@type":"ImageObject","inLanguage":"es","@id":"https:\/\/www.laguiadepamplona.com\/actualidad\/el-ayuntamiento-realizara-una-convocatoria-publica-abierta-a-la-libre-concurrencia-para-adjudicar-a-asociaciones-y-colectivos-el-uso-de-espacios-en-los-centros-comunitarios\/#primaryimage","url":"https:\/\/www.laguiadepamplona.com\/actualidad\/wp-content\/uploads\/2018\/05\/palacio-condestable.jpg","contentUrl":"https:\/\/www.laguiadepamplona.com\/actualidad\/wp-content\/uploads\/2018\/05\/palacio-condestable.jpg","width":950,"height":634,"caption":"civivox condestable"},{"@type":"BreadcrumbList","@id":"https:\/\/www.laguiadepamplona.com\/actualidad\/el-ayuntamiento-realizara-una-convocatoria-publica-abierta-a-la-libre-concurrencia-para-adjudicar-a-asociaciones-y-colectivos-el-uso-de-espacios-en-los-centros-comunitarios\/#breadcrumb","itemListElement":[{"@type":"ListItem","position":1,"name":"Portada","item":"https:\/\/www.laguiadepamplona.com\/actualidad\/"},{"@type":"ListItem","position":2,"name":"El Ayuntamiento realizar\u00e1 una convocatoria p\u00fablica, abierta a la libre concurrencia, para adjudicar a asociaciones y colectivos el uso de espacios en los centros comunitarios"}]},{"@type":"WebSite","@id":"https:\/\/www.laguiadepamplona.com\/actualidad\/#website","url":"https:\/\/www.laguiadepamplona.com\/actualidad\/","name":"La gu\u00eda de Pamplona","description":"Noticias de Pamplona","publisher":{"@id":"https:\/\/www.laguiadepamplona.com\/actualidad\/#organization"},"potentialAction":[{"@type":"SearchAction","target":{"@type":"EntryPoint","urlTemplate":"https:\/\/www.laguiadepamplona.com\/actualidad\/?s={search_term_string}"},"query-input":{"@type":"PropertyValueSpecification","valueRequired":true,"valueName":"search_term_string"}}],"inLanguage":"es"},{"@type":"Organization","@id":"https:\/\/www.laguiadepamplona.com\/actualidad\/#organization","name":"La Gu\u00eda de Pamplona \/ Noticias","url":"https:\/\/www.laguiadepamplona.com\/actualidad\/","logo":{"@type":"ImageObject","inLanguage":"es","@id":"https:\/\/www.laguiadepamplona.com\/actualidad\/#\/schema\/logo\/image\/","url":"https:\/\/www.laguiadepamplona.com\/actualidad\/wp-content\/uploads\/2018\/11\/logo-laguiadepamplona18-web1.png","contentUrl":"https:\/\/www.laguiadepamplona.com\/actualidad\/wp-content\/uploads\/2018\/11\/logo-laguiadepamplona18-web1.png","width":600,"height":196,"caption":"La Gu\u00eda de Pamplona \/ Noticias"},"image":{"@id":"https:\/\/www.laguiadepamplona.com\/actualidad\/#\/schema\/logo\/image\/"},"sameAs":["https:\/\/www.facebook.com\/laguiadepamplonacom-133175176762273\/?ref=hl","https:\/\/x.com\/LaGuiadPamplona","https:\/\/www.instagram.com\/la_guia_de_pamplona\/","https:\/\/www.youtube.com\/user\/laguiadepamplona"]},{"@type":"Person","@id":"https:\/\/www.laguiadepamplona.com\/actualidad\/#\/schema\/person\/efe887376f0213d4657c93adc50b1fdb","name":"La Gu\u00eda de Pamplona","image":{"@type":"ImageObject","inLanguage":"es","@id":"https:\/\/secure.gravatar.com\/avatar\/b6992f131dc8d30ab0dff15446e9d346d9dbd95992de0fef795073f5ea83a81c?s=96&d=mm&r=g","url":"https:\/\/secure.gravatar.com\/avatar\/b6992f131dc8d30ab0dff15446e9d346d9dbd95992de0fef795073f5ea83a81c?s=96&d=mm&r=g","contentUrl":"https:\/\/secure.gravatar.com\/avatar\/b6992f131dc8d30ab0dff15446e9d346d9dbd95992de0fef795073f5ea83a81c?s=96&d=mm&r=g","caption":"La Gu\u00eda de Pamplona"}}]}},"post_mailing_queue_ids":[],"_links":{"self":[{"href":"https:\/\/www.laguiadepamplona.com\/actualidad\/wp-json\/wp\/v2\/posts\/26506","targetHints":{"allow":["GET"]}}],"collection":[{"href":"https:\/\/www.laguiadepamplona.com\/actualidad\/wp-json\/wp\/v2\/posts"}],"about":[{"href":"https:\/\/www.laguiadepamplona.com\/actualidad\/wp-json\/wp\/v2\/types\/post"}],"author":[{"embeddable":true,"href":"https:\/\/www.laguiadepamplona.com\/actualidad\/wp-json\/wp\/v2\/users\/1"}],"replies":[{"embeddable":true,"href":"https:\/\/www.laguiadepamplona.com\/actualidad\/wp-json\/wp\/v2\/comments?post=26506"}],"version-history":[{"count":0,"href":"https:\/\/www.laguiadepamplona.com\/actualidad\/wp-json\/wp\/v2\/posts\/26506\/revisions"}],"wp:featuredmedia":[{"embeddable":true,"href":"https:\/\/www.laguiadepamplona.com\/actualidad\/wp-json\/wp\/v2\/media\/17390"}],"wp:attachment":[{"href":"https:\/\/www.laguiadepamplona.com\/actualidad\/wp-json\/wp\/v2\/media?parent=26506"}],"wp:term":[{"taxonomy":"category","embeddable":true,"href":"https:\/\/www.laguiadepamplona.com\/actualidad\/wp-json\/wp\/v2\/categories?post=26506"},{"taxonomy":"post_tag","embeddable":true,"href":"https:\/\/www.laguiadepamplona.com\/actualidad\/wp-json\/wp\/v2\/tags?post=26506"}],"curies":[{"name":"wp","href":"https:\/\/api.w.org\/{rel}","templated":true}]}}