{"id":26494,"date":"2019-11-25T17:01:22","date_gmt":"2019-11-25T15:01:22","guid":{"rendered":"https:\/\/www.laguiadepamplona.es\/actualidad\/?p=26494"},"modified":"2019-11-25T17:01:39","modified_gmt":"2019-11-25T15:01:39","slug":"el-ayuntamiento-de-pamplona-busca-empresa-suministradora-de-plantas-para-sus-mas-de-2-500-m2-de-parterres-en-flor","status":"publish","type":"post","link":"https:\/\/www.laguiadepamplona.com\/actualidad\/el-ayuntamiento-de-pamplona-busca-empresa-suministradora-de-plantas-para-sus-mas-de-2-500-m2-de-parterres-en-flor\/","title":{"rendered":"El Ayuntamiento de Pamplona busca empresa suministradora de plantas para sus m\u00e1s de 2.500 m2 de parterres en flor"},"content":{"rendered":"<h3>Comienza el proceso de licitaci\u00f3n para las 85.000 plantas que se plantan anualmente en los meses de mayo y oto\u00f1o en la ciudad<\/h3>\n<p><!--more--><\/p>\n<p>El Ayuntamiento de Pamplona ha puesto en marcha la licitaci\u00f3n del suministro de planta para los los 2.500 m<sup>2<\/sup> de parterres de flor que est\u00e1n distribuidos por distintas zonas de la ciudad. La Junta de Gobierno Local ha aprobado un precio inicial de 132.919 euros, la mitad de ese importe para el a\u00f1o que vienen y la otra mitad para 2021, con la posibilidad de ampliarse a otros dos a\u00f1os m\u00e1s. La previsi\u00f3n es de plantar 85.000 unidades cada a\u00f1o.<\/p>\n<p><script async src=\"\/\/pagead2.googlesyndication.com\/pagead\/js\/adsbygoogle.js\"><\/script><br \/>\n<!-- Noticias La Guia de Pamplona --><br \/>\n<ins class=\"adsbygoogle\"\nstyle=\"display:block\"\ndata-ad-client=\"ca-pub-6943679897239327\"\ndata-ad-slot=\"7048180777\"\ndata-ad-format=\"auto\"><\/ins><br \/>\n<script>\n(adsbygoogle = window.adsbygoogle || []).push({});\n<\/script><\/p>\n<p>La plantaci\u00f3n se divide en dos campa\u00f1as: verano e invierno, temporadas en las que las plantaciones se realizan en meses de mayo y octubre, respectivamente. Habitualmente hay una diferencia en precio y n\u00famero de ejemplares por temporada, ya que las plantas de la estaci\u00f3n c\u00e1lida tienen un tama\u00f1o final mayor que las invernales, por lo que hay que plantar menos ejemplares por parterre. En concreto, en esta licitaci\u00f3n un 56,2% del importe responde a la planta de verano.<\/p>\n<p>Desde el a\u00f1o 2010 se ha apreciado una tendencia descendente en los \u00edndices de vandalismo sobre estos elementos del espacio urbano, salvando los momentos de acontecimientos multitudinarios como mundiales, encuentros como la Eurocopa o los Sanfermines, por lo que el pliego aprobado prev\u00e9, adem\u00e1s, el suministro de 1.700 plantas cada a\u00f1o al final de las fiestas de San Ferm\u00edn. El expediente incluye en uno de los anexos un listado orientativo de las diversas plantas a suministrar en cada lote, as\u00ed como sus caracter\u00edsticas de color, formato de la maceta en la que se deben presentar, cat\u00e1logos de los que se ha obtenido la informaci\u00f3n y las cantidades estimadas de esas variedades que se pedir\u00edan inicialmente, ya que el Servicio de Jardines podr\u00e1 variar anualmente el n\u00famero de plantas y sus variedades para irse adaptando a los dise\u00f1os de estos elementos urbanos.<\/p>\n<p>El plazo de presentaci\u00f3n de ofertas para las empresas interesadas ser\u00e1 de, al menos, 15 d\u00edas, desde la publicaci\u00f3n oficial del anuncio de licitaci\u00f3n en el Diario Oficial de la Uni\u00f3n Europea (DOUE). En las prescripciones aprobadas hoy se le otorgar\u00e1n el 50% de los puntos a la oferta econ\u00f3mica, un 20% a la reducci\u00f3n de la \u2018Huella de Carbono\u2019 (suministro de proximidad), otro 20% a lo relativo al tama\u00f1o de las plantas y un 10% a la inclusi\u00f3n en la oferta del criterio social, es decir, a la contrataci\u00f3n de personal de colectivos desfavorecidos en caso de que a lo largo del contrato se deba aumentar el personal disponible.<\/p>\n<p><script async src=\"\/\/pagead2.googlesyndication.com\/pagead\/js\/adsbygoogle.js\"><\/script><br \/>\n<!-- Noticias La Guia de Pamplona --><br \/>\n<ins class=\"adsbygoogle\"\nstyle=\"display:block\"\ndata-ad-client=\"ca-pub-6943679897239327\"\ndata-ad-slot=\"7048180777\"\ndata-ad-format=\"auto\"><\/ins><br \/>\n<script>\n(adsbygoogle = window.adsbygoogle || []).push({});\n<\/script><\/p>\n<p><strong>Suministros de mayo y octubre de 2020<\/strong><\/p>\n<p>El a\u00f1o que viene la planta de primavera se suministrar\u00e1 durante la segunda quincena de mayo en un plazo m\u00e1ximo total de 12 d\u00edas, coordinando las entregas con el vivero municipal, as\u00ed como 130 geranios de la variedad elegida ese a\u00f1o, que se suministrar\u00e1n la primera semana de abril. En esa \u00e9poca del a\u00f1o lo previsto es que se planten plantas de flor, culinarias, arom\u00e1ticas o vivaces. Entre ellas panolas, violas, pr\u00edmulas, amapolas, geranios o margaritas.<\/p>\n<p>En oto\u00f1o el suministro se deber\u00e1 producir en la segunda quincena de octubre, tambi\u00e9n en un m\u00e1ximo de 12 d\u00edas y coordinando las entregas. La propuesta del pliego son plantas de \u2018Boca de drag\u00f3n\u2019, antirrinum, violas y pr\u00edmulas, margaritas, noveolvides o \u2018Amapolas de Islandia\u2019.<\/p>\n<p>En ambos casos se entender\u00e1 hecha la entrega del material una vez que este sea examinado por los t\u00e9cnicos municipales y hallado conforme con las caracter\u00edsticas t\u00e9cnicas solicitadas por el Consistorio. Las plantas deber\u00e1n cumplir unas condiciones de calidad general y unas condiciones particulares especificadas, seg\u00fan el tipo de especie a la que pertenezcan. Deber\u00e1n ser absolutamente aut\u00e9nticas, es decir, con identidad y pureza adecuadas a las especies, variedades o series solicitadas.<\/p>\n","protected":false},"excerpt":{"rendered":"<p>Comienza el proceso de licitaci\u00f3n para las 85.000 plantas que se plantan anualmente en los meses de mayo y oto\u00f1o en la ciudad<\/p>\n","protected":false},"author":1,"featured_media":14978,"comment_status":"open","ping_status":"closed","sticky":false,"template":"","format":"standard","meta":{"footnotes":""},"categories":[2],"tags":[],"class_list":["post-26494","post","type-post","status-publish","format-standard","has-post-thumbnail","hentry","category-ayuntamiento-pamplona"],"yoast_head":"<!-- This site is optimized with the Yoast SEO plugin v27.3 - https:\/\/yoast.com\/product\/yoast-seo-wordpress\/ -->\n<title>El Ayuntamiento de Pamplona busca empresa suministradora de plantas para sus m\u00e1s de 2.500 m2 de parterres en flor<\/title>\n<meta name=\"robots\" content=\"index, follow, max-snippet:-1, max-image-preview:large, max-video-preview:-1\" \/>\n<link rel=\"canonical\" href=\"https:\/\/www.laguiadepamplona.com\/actualidad\/el-ayuntamiento-de-pamplona-busca-empresa-suministradora-de-plantas-para-sus-mas-de-2-500-m2-de-parterres-en-flor\/\" \/>\n<meta property=\"og:locale\" content=\"es_ES\" \/>\n<meta property=\"og:type\" content=\"article\" \/>\n<meta property=\"og:title\" content=\"El Ayuntamiento de Pamplona busca empresa suministradora de plantas para sus m\u00e1s de 2.500 m2 de parterres en flor\" \/>\n<meta property=\"og:description\" content=\"Comienza el proceso de licitaci\u00f3n para las 85.000 plantas que se plantan anualmente en los meses de mayo y oto\u00f1o en la ciudad\" \/>\n<meta property=\"og:url\" content=\"https:\/\/www.laguiadepamplona.com\/actualidad\/el-ayuntamiento-de-pamplona-busca-empresa-suministradora-de-plantas-para-sus-mas-de-2-500-m2-de-parterres-en-flor\/\" \/>\n<meta property=\"og:site_name\" content=\"La Gu\u00eda de Pamplona\" \/>\n<meta property=\"article:publisher\" content=\"https:\/\/www.facebook.com\/laguiadepamplonacom-133175176762273\/?ref=hl\" \/>\n<meta property=\"article:published_time\" content=\"2019-11-25T15:01:22+00:00\" \/>\n<meta property=\"article:modified_time\" content=\"2019-11-25T15:01:39+00:00\" \/>\n<meta property=\"og:image\" content=\"https:\/\/www.laguiadepamplona.com\/actualidad\/wp-content\/uploads\/2017\/11\/plantas-flor-huella-carbono2.jpg\" \/>\n\t<meta property=\"og:image:width\" content=\"1000\" \/>\n\t<meta property=\"og:image:height\" content=\"750\" \/>\n\t<meta property=\"og:image:type\" content=\"image\/jpeg\" \/>\n<meta name=\"author\" content=\"La Gu\u00eda de Pamplona\" \/>\n<meta name=\"twitter:card\" content=\"summary_large_image\" \/>\n<meta name=\"twitter:creator\" content=\"@LaGuiadPamplona\" \/>\n<meta name=\"twitter:site\" content=\"@LaGuiadPamplona\" \/>\n<meta name=\"twitter:label1\" content=\"Escrito por\" \/>\n\t<meta name=\"twitter:data1\" content=\"La Gu\u00eda de Pamplona\" \/>\n\t<meta name=\"twitter:label2\" content=\"Tiempo de lectura\" \/>\n\t<meta name=\"twitter:data2\" content=\"3 minutos\" \/>\n<script type=\"application\/ld+json\" class=\"yoast-schema-graph\">{\"@context\":\"https:\\\/\\\/schema.org\",\"@graph\":[{\"@type\":\"Article\",\"@id\":\"https:\\\/\\\/www.laguiadepamplona.com\\\/actualidad\\\/el-ayuntamiento-de-pamplona-busca-empresa-suministradora-de-plantas-para-sus-mas-de-2-500-m2-de-parterres-en-flor\\\/#article\",\"isPartOf\":{\"@id\":\"https:\\\/\\\/www.laguiadepamplona.com\\\/actualidad\\\/el-ayuntamiento-de-pamplona-busca-empresa-suministradora-de-plantas-para-sus-mas-de-2-500-m2-de-parterres-en-flor\\\/\"},\"author\":{\"name\":\"La Gu\u00eda de Pamplona\",\"@id\":\"https:\\\/\\\/www.laguiadepamplona.com\\\/actualidad\\\/#\\\/schema\\\/person\\\/efe887376f0213d4657c93adc50b1fdb\"},\"headline\":\"El Ayuntamiento de Pamplona busca empresa suministradora de plantas para sus m\u00e1s de 2.500 m2 de parterres en flor\",\"datePublished\":\"2019-11-25T15:01:22+00:00\",\"dateModified\":\"2019-11-25T15:01:39+00:00\",\"mainEntityOfPage\":{\"@id\":\"https:\\\/\\\/www.laguiadepamplona.com\\\/actualidad\\\/el-ayuntamiento-de-pamplona-busca-empresa-suministradora-de-plantas-para-sus-mas-de-2-500-m2-de-parterres-en-flor\\\/\"},\"wordCount\":691,\"commentCount\":0,\"publisher\":{\"@id\":\"https:\\\/\\\/www.laguiadepamplona.com\\\/actualidad\\\/#organization\"},\"image\":{\"@id\":\"https:\\\/\\\/www.laguiadepamplona.com\\\/actualidad\\\/el-ayuntamiento-de-pamplona-busca-empresa-suministradora-de-plantas-para-sus-mas-de-2-500-m2-de-parterres-en-flor\\\/#primaryimage\"},\"thumbnailUrl\":\"https:\\\/\\\/www.laguiadepamplona.com\\\/actualidad\\\/wp-content\\\/uploads\\\/2017\\\/11\\\/plantas-flor-huella-carbono2.jpg\",\"articleSection\":[\"Ayto Pamplona\"],\"inLanguage\":\"es\",\"potentialAction\":[{\"@type\":\"CommentAction\",\"name\":\"Comment\",\"target\":[\"https:\\\/\\\/www.laguiadepamplona.com\\\/actualidad\\\/el-ayuntamiento-de-pamplona-busca-empresa-suministradora-de-plantas-para-sus-mas-de-2-500-m2-de-parterres-en-flor\\\/#respond\"]}]},{\"@type\":\"WebPage\",\"@id\":\"https:\\\/\\\/www.laguiadepamplona.com\\\/actualidad\\\/el-ayuntamiento-de-pamplona-busca-empresa-suministradora-de-plantas-para-sus-mas-de-2-500-m2-de-parterres-en-flor\\\/\",\"url\":\"https:\\\/\\\/www.laguiadepamplona.com\\\/actualidad\\\/el-ayuntamiento-de-pamplona-busca-empresa-suministradora-de-plantas-para-sus-mas-de-2-500-m2-de-parterres-en-flor\\\/\",\"name\":\"El Ayuntamiento de Pamplona busca empresa suministradora de plantas para sus m\u00e1s de 2.500 m2 de parterres en flor\",\"isPartOf\":{\"@id\":\"https:\\\/\\\/www.laguiadepamplona.com\\\/actualidad\\\/#website\"},\"primaryImageOfPage\":{\"@id\":\"https:\\\/\\\/www.laguiadepamplona.com\\\/actualidad\\\/el-ayuntamiento-de-pamplona-busca-empresa-suministradora-de-plantas-para-sus-mas-de-2-500-m2-de-parterres-en-flor\\\/#primaryimage\"},\"image\":{\"@id\":\"https:\\\/\\\/www.laguiadepamplona.com\\\/actualidad\\\/el-ayuntamiento-de-pamplona-busca-empresa-suministradora-de-plantas-para-sus-mas-de-2-500-m2-de-parterres-en-flor\\\/#primaryimage\"},\"thumbnailUrl\":\"https:\\\/\\\/www.laguiadepamplona.com\\\/actualidad\\\/wp-content\\\/uploads\\\/2017\\\/11\\\/plantas-flor-huella-carbono2.jpg\",\"datePublished\":\"2019-11-25T15:01:22+00:00\",\"dateModified\":\"2019-11-25T15:01:39+00:00\",\"breadcrumb\":{\"@id\":\"https:\\\/\\\/www.laguiadepamplona.com\\\/actualidad\\\/el-ayuntamiento-de-pamplona-busca-empresa-suministradora-de-plantas-para-sus-mas-de-2-500-m2-de-parterres-en-flor\\\/#breadcrumb\"},\"inLanguage\":\"es\",\"potentialAction\":[{\"@type\":\"ReadAction\",\"target\":[\"https:\\\/\\\/www.laguiadepamplona.com\\\/actualidad\\\/el-ayuntamiento-de-pamplona-busca-empresa-suministradora-de-plantas-para-sus-mas-de-2-500-m2-de-parterres-en-flor\\\/\"]}]},{\"@type\":\"ImageObject\",\"inLanguage\":\"es\",\"@id\":\"https:\\\/\\\/www.laguiadepamplona.com\\\/actualidad\\\/el-ayuntamiento-de-pamplona-busca-empresa-suministradora-de-plantas-para-sus-mas-de-2-500-m2-de-parterres-en-flor\\\/#primaryimage\",\"url\":\"https:\\\/\\\/www.laguiadepamplona.com\\\/actualidad\\\/wp-content\\\/uploads\\\/2017\\\/11\\\/plantas-flor-huella-carbono2.jpg\",\"contentUrl\":\"https:\\\/\\\/www.laguiadepamplona.com\\\/actualidad\\\/wp-content\\\/uploads\\\/2017\\\/11\\\/plantas-flor-huella-carbono2.jpg\",\"width\":1000,\"height\":750},{\"@type\":\"BreadcrumbList\",\"@id\":\"https:\\\/\\\/www.laguiadepamplona.com\\\/actualidad\\\/el-ayuntamiento-de-pamplona-busca-empresa-suministradora-de-plantas-para-sus-mas-de-2-500-m2-de-parterres-en-flor\\\/#breadcrumb\",\"itemListElement\":[{\"@type\":\"ListItem\",\"position\":1,\"name\":\"Portada\",\"item\":\"https:\\\/\\\/www.laguiadepamplona.com\\\/actualidad\\\/\"},{\"@type\":\"ListItem\",\"position\":2,\"name\":\"El Ayuntamiento de Pamplona busca empresa suministradora de plantas para sus m\u00e1s de 2.500 m2 de parterres en flor\"}]},{\"@type\":\"WebSite\",\"@id\":\"https:\\\/\\\/www.laguiadepamplona.com\\\/actualidad\\\/#website\",\"url\":\"https:\\\/\\\/www.laguiadepamplona.com\\\/actualidad\\\/\",\"name\":\"La gu\u00eda de Pamplona\",\"description\":\"Noticias de Pamplona\",\"publisher\":{\"@id\":\"https:\\\/\\\/www.laguiadepamplona.com\\\/actualidad\\\/#organization\"},\"potentialAction\":[{\"@type\":\"SearchAction\",\"target\":{\"@type\":\"EntryPoint\",\"urlTemplate\":\"https:\\\/\\\/www.laguiadepamplona.com\\\/actualidad\\\/?s={search_term_string}\"},\"query-input\":{\"@type\":\"PropertyValueSpecification\",\"valueRequired\":true,\"valueName\":\"search_term_string\"}}],\"inLanguage\":\"es\"},{\"@type\":\"Organization\",\"@id\":\"https:\\\/\\\/www.laguiadepamplona.com\\\/actualidad\\\/#organization\",\"name\":\"La Gu\u00eda de Pamplona \\\/ Noticias\",\"url\":\"https:\\\/\\\/www.laguiadepamplona.com\\\/actualidad\\\/\",\"logo\":{\"@type\":\"ImageObject\",\"inLanguage\":\"es\",\"@id\":\"https:\\\/\\\/www.laguiadepamplona.com\\\/actualidad\\\/#\\\/schema\\\/logo\\\/image\\\/\",\"url\":\"https:\\\/\\\/www.laguiadepamplona.com\\\/actualidad\\\/wp-content\\\/uploads\\\/2018\\\/11\\\/logo-laguiadepamplona18-web1.png\",\"contentUrl\":\"https:\\\/\\\/www.laguiadepamplona.com\\\/actualidad\\\/wp-content\\\/uploads\\\/2018\\\/11\\\/logo-laguiadepamplona18-web1.png\",\"width\":600,\"height\":196,\"caption\":\"La Gu\u00eda de Pamplona \\\/ Noticias\"},\"image\":{\"@id\":\"https:\\\/\\\/www.laguiadepamplona.com\\\/actualidad\\\/#\\\/schema\\\/logo\\\/image\\\/\"},\"sameAs\":[\"https:\\\/\\\/www.facebook.com\\\/laguiadepamplonacom-133175176762273\\\/?ref=hl\",\"https:\\\/\\\/x.com\\\/LaGuiadPamplona\",\"https:\\\/\\\/www.instagram.com\\\/la_guia_de_pamplona\\\/\",\"https:\\\/\\\/www.youtube.com\\\/user\\\/laguiadepamplona\"]},{\"@type\":\"Person\",\"@id\":\"https:\\\/\\\/www.laguiadepamplona.com\\\/actualidad\\\/#\\\/schema\\\/person\\\/efe887376f0213d4657c93adc50b1fdb\",\"name\":\"La Gu\u00eda de Pamplona\",\"image\":{\"@type\":\"ImageObject\",\"inLanguage\":\"es\",\"@id\":\"https:\\\/\\\/secure.gravatar.com\\\/avatar\\\/b6992f131dc8d30ab0dff15446e9d346d9dbd95992de0fef795073f5ea83a81c?s=96&d=mm&r=g\",\"url\":\"https:\\\/\\\/secure.gravatar.com\\\/avatar\\\/b6992f131dc8d30ab0dff15446e9d346d9dbd95992de0fef795073f5ea83a81c?s=96&d=mm&r=g\",\"contentUrl\":\"https:\\\/\\\/secure.gravatar.com\\\/avatar\\\/b6992f131dc8d30ab0dff15446e9d346d9dbd95992de0fef795073f5ea83a81c?s=96&d=mm&r=g\",\"caption\":\"La Gu\u00eda de Pamplona\"}}]}<\/script>\n<!-- \/ Yoast SEO plugin. -->","yoast_head_json":{"title":"El Ayuntamiento de Pamplona busca empresa suministradora de plantas para sus m\u00e1s de 2.500 m2 de parterres en flor","robots":{"index":"index","follow":"follow","max-snippet":"max-snippet:-1","max-image-preview":"max-image-preview:large","max-video-preview":"max-video-preview:-1"},"canonical":"https:\/\/www.laguiadepamplona.com\/actualidad\/el-ayuntamiento-de-pamplona-busca-empresa-suministradora-de-plantas-para-sus-mas-de-2-500-m2-de-parterres-en-flor\/","og_locale":"es_ES","og_type":"article","og_title":"El Ayuntamiento de Pamplona busca empresa suministradora de plantas para sus m\u00e1s de 2.500 m2 de parterres en flor","og_description":"Comienza el proceso de licitaci\u00f3n para las 85.000 plantas que se plantan anualmente en los meses de mayo y oto\u00f1o en la ciudad","og_url":"https:\/\/www.laguiadepamplona.com\/actualidad\/el-ayuntamiento-de-pamplona-busca-empresa-suministradora-de-plantas-para-sus-mas-de-2-500-m2-de-parterres-en-flor\/","og_site_name":"La Gu\u00eda de Pamplona","article_publisher":"https:\/\/www.facebook.com\/laguiadepamplonacom-133175176762273\/?ref=hl","article_published_time":"2019-11-25T15:01:22+00:00","article_modified_time":"2019-11-25T15:01:39+00:00","og_image":[{"width":1000,"height":750,"url":"https:\/\/www.laguiadepamplona.com\/actualidad\/wp-content\/uploads\/2017\/11\/plantas-flor-huella-carbono2.jpg","type":"image\/jpeg"}],"author":"La Gu\u00eda de Pamplona","twitter_card":"summary_large_image","twitter_creator":"@LaGuiadPamplona","twitter_site":"@LaGuiadPamplona","twitter_misc":{"Escrito por":"La Gu\u00eda de Pamplona","Tiempo de lectura":"3 minutos"},"schema":{"@context":"https:\/\/schema.org","@graph":[{"@type":"Article","@id":"https:\/\/www.laguiadepamplona.com\/actualidad\/el-ayuntamiento-de-pamplona-busca-empresa-suministradora-de-plantas-para-sus-mas-de-2-500-m2-de-parterres-en-flor\/#article","isPartOf":{"@id":"https:\/\/www.laguiadepamplona.com\/actualidad\/el-ayuntamiento-de-pamplona-busca-empresa-suministradora-de-plantas-para-sus-mas-de-2-500-m2-de-parterres-en-flor\/"},"author":{"name":"La Gu\u00eda de Pamplona","@id":"https:\/\/www.laguiadepamplona.com\/actualidad\/#\/schema\/person\/efe887376f0213d4657c93adc50b1fdb"},"headline":"El Ayuntamiento de Pamplona busca empresa suministradora de plantas para sus m\u00e1s de 2.500 m2 de parterres en flor","datePublished":"2019-11-25T15:01:22+00:00","dateModified":"2019-11-25T15:01:39+00:00","mainEntityOfPage":{"@id":"https:\/\/www.laguiadepamplona.com\/actualidad\/el-ayuntamiento-de-pamplona-busca-empresa-suministradora-de-plantas-para-sus-mas-de-2-500-m2-de-parterres-en-flor\/"},"wordCount":691,"commentCount":0,"publisher":{"@id":"https:\/\/www.laguiadepamplona.com\/actualidad\/#organization"},"image":{"@id":"https:\/\/www.laguiadepamplona.com\/actualidad\/el-ayuntamiento-de-pamplona-busca-empresa-suministradora-de-plantas-para-sus-mas-de-2-500-m2-de-parterres-en-flor\/#primaryimage"},"thumbnailUrl":"https:\/\/www.laguiadepamplona.com\/actualidad\/wp-content\/uploads\/2017\/11\/plantas-flor-huella-carbono2.jpg","articleSection":["Ayto Pamplona"],"inLanguage":"es","potentialAction":[{"@type":"CommentAction","name":"Comment","target":["https:\/\/www.laguiadepamplona.com\/actualidad\/el-ayuntamiento-de-pamplona-busca-empresa-suministradora-de-plantas-para-sus-mas-de-2-500-m2-de-parterres-en-flor\/#respond"]}]},{"@type":"WebPage","@id":"https:\/\/www.laguiadepamplona.com\/actualidad\/el-ayuntamiento-de-pamplona-busca-empresa-suministradora-de-plantas-para-sus-mas-de-2-500-m2-de-parterres-en-flor\/","url":"https:\/\/www.laguiadepamplona.com\/actualidad\/el-ayuntamiento-de-pamplona-busca-empresa-suministradora-de-plantas-para-sus-mas-de-2-500-m2-de-parterres-en-flor\/","name":"El Ayuntamiento de Pamplona busca empresa suministradora de plantas para sus m\u00e1s de 2.500 m2 de parterres en flor","isPartOf":{"@id":"https:\/\/www.laguiadepamplona.com\/actualidad\/#website"},"primaryImageOfPage":{"@id":"https:\/\/www.laguiadepamplona.com\/actualidad\/el-ayuntamiento-de-pamplona-busca-empresa-suministradora-de-plantas-para-sus-mas-de-2-500-m2-de-parterres-en-flor\/#primaryimage"},"image":{"@id":"https:\/\/www.laguiadepamplona.com\/actualidad\/el-ayuntamiento-de-pamplona-busca-empresa-suministradora-de-plantas-para-sus-mas-de-2-500-m2-de-parterres-en-flor\/#primaryimage"},"thumbnailUrl":"https:\/\/www.laguiadepamplona.com\/actualidad\/wp-content\/uploads\/2017\/11\/plantas-flor-huella-carbono2.jpg","datePublished":"2019-11-25T15:01:22+00:00","dateModified":"2019-11-25T15:01:39+00:00","breadcrumb":{"@id":"https:\/\/www.laguiadepamplona.com\/actualidad\/el-ayuntamiento-de-pamplona-busca-empresa-suministradora-de-plantas-para-sus-mas-de-2-500-m2-de-parterres-en-flor\/#breadcrumb"},"inLanguage":"es","potentialAction":[{"@type":"ReadAction","target":["https:\/\/www.laguiadepamplona.com\/actualidad\/el-ayuntamiento-de-pamplona-busca-empresa-suministradora-de-plantas-para-sus-mas-de-2-500-m2-de-parterres-en-flor\/"]}]},{"@type":"ImageObject","inLanguage":"es","@id":"https:\/\/www.laguiadepamplona.com\/actualidad\/el-ayuntamiento-de-pamplona-busca-empresa-suministradora-de-plantas-para-sus-mas-de-2-500-m2-de-parterres-en-flor\/#primaryimage","url":"https:\/\/www.laguiadepamplona.com\/actualidad\/wp-content\/uploads\/2017\/11\/plantas-flor-huella-carbono2.jpg","contentUrl":"https:\/\/www.laguiadepamplona.com\/actualidad\/wp-content\/uploads\/2017\/11\/plantas-flor-huella-carbono2.jpg","width":1000,"height":750},{"@type":"BreadcrumbList","@id":"https:\/\/www.laguiadepamplona.com\/actualidad\/el-ayuntamiento-de-pamplona-busca-empresa-suministradora-de-plantas-para-sus-mas-de-2-500-m2-de-parterres-en-flor\/#breadcrumb","itemListElement":[{"@type":"ListItem","position":1,"name":"Portada","item":"https:\/\/www.laguiadepamplona.com\/actualidad\/"},{"@type":"ListItem","position":2,"name":"El Ayuntamiento de Pamplona busca empresa suministradora de plantas para sus m\u00e1s de 2.500 m2 de parterres en flor"}]},{"@type":"WebSite","@id":"https:\/\/www.laguiadepamplona.com\/actualidad\/#website","url":"https:\/\/www.laguiadepamplona.com\/actualidad\/","name":"La gu\u00eda de Pamplona","description":"Noticias de Pamplona","publisher":{"@id":"https:\/\/www.laguiadepamplona.com\/actualidad\/#organization"},"potentialAction":[{"@type":"SearchAction","target":{"@type":"EntryPoint","urlTemplate":"https:\/\/www.laguiadepamplona.com\/actualidad\/?s={search_term_string}"},"query-input":{"@type":"PropertyValueSpecification","valueRequired":true,"valueName":"search_term_string"}}],"inLanguage":"es"},{"@type":"Organization","@id":"https:\/\/www.laguiadepamplona.com\/actualidad\/#organization","name":"La Gu\u00eda de Pamplona \/ Noticias","url":"https:\/\/www.laguiadepamplona.com\/actualidad\/","logo":{"@type":"ImageObject","inLanguage":"es","@id":"https:\/\/www.laguiadepamplona.com\/actualidad\/#\/schema\/logo\/image\/","url":"https:\/\/www.laguiadepamplona.com\/actualidad\/wp-content\/uploads\/2018\/11\/logo-laguiadepamplona18-web1.png","contentUrl":"https:\/\/www.laguiadepamplona.com\/actualidad\/wp-content\/uploads\/2018\/11\/logo-laguiadepamplona18-web1.png","width":600,"height":196,"caption":"La Gu\u00eda de Pamplona \/ Noticias"},"image":{"@id":"https:\/\/www.laguiadepamplona.com\/actualidad\/#\/schema\/logo\/image\/"},"sameAs":["https:\/\/www.facebook.com\/laguiadepamplonacom-133175176762273\/?ref=hl","https:\/\/x.com\/LaGuiadPamplona","https:\/\/www.instagram.com\/la_guia_de_pamplona\/","https:\/\/www.youtube.com\/user\/laguiadepamplona"]},{"@type":"Person","@id":"https:\/\/www.laguiadepamplona.com\/actualidad\/#\/schema\/person\/efe887376f0213d4657c93adc50b1fdb","name":"La Gu\u00eda de Pamplona","image":{"@type":"ImageObject","inLanguage":"es","@id":"https:\/\/secure.gravatar.com\/avatar\/b6992f131dc8d30ab0dff15446e9d346d9dbd95992de0fef795073f5ea83a81c?s=96&d=mm&r=g","url":"https:\/\/secure.gravatar.com\/avatar\/b6992f131dc8d30ab0dff15446e9d346d9dbd95992de0fef795073f5ea83a81c?s=96&d=mm&r=g","contentUrl":"https:\/\/secure.gravatar.com\/avatar\/b6992f131dc8d30ab0dff15446e9d346d9dbd95992de0fef795073f5ea83a81c?s=96&d=mm&r=g","caption":"La Gu\u00eda de Pamplona"}}]}},"post_mailing_queue_ids":[],"_links":{"self":[{"href":"https:\/\/www.laguiadepamplona.com\/actualidad\/wp-json\/wp\/v2\/posts\/26494","targetHints":{"allow":["GET"]}}],"collection":[{"href":"https:\/\/www.laguiadepamplona.com\/actualidad\/wp-json\/wp\/v2\/posts"}],"about":[{"href":"https:\/\/www.laguiadepamplona.com\/actualidad\/wp-json\/wp\/v2\/types\/post"}],"author":[{"embeddable":true,"href":"https:\/\/www.laguiadepamplona.com\/actualidad\/wp-json\/wp\/v2\/users\/1"}],"replies":[{"embeddable":true,"href":"https:\/\/www.laguiadepamplona.com\/actualidad\/wp-json\/wp\/v2\/comments?post=26494"}],"version-history":[{"count":0,"href":"https:\/\/www.laguiadepamplona.com\/actualidad\/wp-json\/wp\/v2\/posts\/26494\/revisions"}],"wp:featuredmedia":[{"embeddable":true,"href":"https:\/\/www.laguiadepamplona.com\/actualidad\/wp-json\/wp\/v2\/media\/14978"}],"wp:attachment":[{"href":"https:\/\/www.laguiadepamplona.com\/actualidad\/wp-json\/wp\/v2\/media?parent=26494"}],"wp:term":[{"taxonomy":"category","embeddable":true,"href":"https:\/\/www.laguiadepamplona.com\/actualidad\/wp-json\/wp\/v2\/categories?post=26494"},{"taxonomy":"post_tag","embeddable":true,"href":"https:\/\/www.laguiadepamplona.com\/actualidad\/wp-json\/wp\/v2\/tags?post=26494"}],"curies":[{"name":"wp","href":"https:\/\/api.w.org\/{rel}","templated":true}]}}