{"id":26490,"date":"2019-11-25T17:00:00","date_gmt":"2019-11-25T15:00:00","guid":{"rendered":"https:\/\/www.laguiadepamplona.es\/actualidad\/?p=26490"},"modified":"2019-11-25T17:00:00","modified_gmt":"2019-11-25T15:00:00","slug":"el-consistorio-reformara-el-patio-del-c-p-bernat-etxepare-teniendo-en-cuenta-las-nuevas-estrategias-educativas-para-crear-zona-verde-y-espacios-de-juegos-y-para-relacionarse","status":"publish","type":"post","link":"https:\/\/www.laguiadepamplona.com\/actualidad\/el-consistorio-reformara-el-patio-del-c-p-bernat-etxepare-teniendo-en-cuenta-las-nuevas-estrategias-educativas-para-crear-zona-verde-y-espacios-de-juegos-y-para-relacionarse\/","title":{"rendered":"El Consistorio reformar\u00e1 el patio del C.P. Bernat Etxepare teniendo en cuenta las nuevas estrategias educativas para crear zona verde y espacios de juegos y para relacionarse"},"content":{"rendered":"<h3>La inversi\u00f3n municipal aprobada hoy en la Junta de Gobierno Local asciende a 97.322 euros<\/h3>\n<p><!--more--><\/p>\n<p>El Ayuntamiento de Pamplona va a reformar el patio del C.P. Bernat Etxepare I.P. creando diferentes espacios que se adecuar\u00e1n a las nuevas estrategias educativas. Este centro educativo est\u00e1 ubicado en la calle Mar\u00eda Auxiliadora, 2 del barrio de la Txantrea. La Junta de Gobierno Local ha aprobado en su sesi\u00f3n de hoy el proyecto y el expediente de contrataci\u00f3n de las obras por un importe m\u00e1ximo de 97.322,43 euros. La actuaci\u00f3n est\u00e1 incluida entre las Inversiones Financieramente Sostenibles aprobadas por el Pleno en mayo. El plazo previsto inicialmente para estos trabajos es de dos meses.<\/p>\n<p>El patio actual es resultado de la reforma del colegio en el a\u00f1o 2010, cuando se derribaron dos centros escolares y se unific\u00f3 en uno solo. De buena orientaci\u00f3n Sur, est\u00e1 construido todo \u00e9l en hormig\u00f3n. \u00danicamente cuenta con dos \u00e1rboles, en uno de los extremos, plantados en alcorques de un metro cuadrado. Tiene 3.722,76 m\u00b2 de los que se 1.004,80 m\u00b2 est\u00e1n ocupados por una pista deportiva y el resto, 2.717,96 m\u00b2, quedan al descubierto. El proyecto, elaborado por t\u00e9cnicos municipales, ha dise\u00f1ado la zona m\u00e1s cercana al colegio como espacio de interacci\u00f3n entre el alumnado mediante diferente mobiliario. Transformar\u00e1 la parte sur en un \u00e1mbito m\u00e1s amable, mediante el color de la pista deportiva y la zona verde, las texturas de resinas, y el c\u00e9sped, y las sombras producidas por el arbolado de hoja caduca. De esta forma, el patio dejar\u00e1 de estar infrautilizado por la dureza del piso y el exceso de sol.<\/p>\n<p>Con esta actuaci\u00f3n se quiere transformar un gran espacio abierto en un concepto diferente en el que, por ejemplo, se ha tenido en cuenta la sociabilizaci\u00f3n del alumnado y el incorporar otros usos y no solo los deportivos. B\u00e1sicamente, las nuevas zonas que se crear\u00e1n ser\u00e1n una pista de baloncesto, una gran zona ajardinada, un nuevo acceso desde la plaza Primero de Mayo, un espacio para diferentes juegos l\u00fadicos y un \u00e1mbito de estancia destinado a la relaci\u00f3n social entre el alumnado. El proyecto de urbanizaci\u00f3n se completa con las instalaciones: riego, pluviales y alumbrado.<\/p>\n<p><script async src=\"\/\/pagead2.googlesyndication.com\/pagead\/js\/adsbygoogle.js\"><\/script><br \/>\n<!-- Noticias La Guia de Pamplona --><br \/>\n<ins class=\"adsbygoogle\"\nstyle=\"display:block\"\ndata-ad-client=\"ca-pub-6943679897239327\"\ndata-ad-slot=\"7048180777\"\ndata-ad-format=\"auto\"><\/ins><br \/>\n<script>\n(adsbygoogle = window.adsbygoogle || []).push({});\n<\/script><\/p>\n<p><strong>Nueva zona verde de 480 m\u00b2<\/strong><\/p>\n<p>El patio contar\u00e1 con una nueva zona verde, org\u00e1nica y arbolada con diferentes especies sobre una superficie de 480 m\u00b2. Estar\u00e1 delimitada por medio de un banco-muro de hormig\u00f3n elaborado in situ de 90 metros lineales. Este muro permitir\u00e1 generar la zona ajardinada de un modo org\u00e1nico mediante elevaci\u00f3n del terreno ya que le dotar\u00e1 de mayor capacidad de tierra vegetal al elevar la superficie. Se generar\u00e1 una duna de c\u00e9sped natural. La superficie vegetal se repoblar\u00e1 con \u00e1rboles de diferentes especies, de mayor porte al norte para dar sombra sobre el mobiliario, y de diferentes formaciones, color y tama\u00f1o en el resto, buscando m\u00e1s la concepci\u00f3n de un bosquete que la disposici\u00f3n y el orden de una plaza.<\/p>\n<p>El muro se ha considerado un elemento clave en la modificaci\u00f3n del patio: conforma el espacio vegetal y se adapta a las diferentes alineaciones, permitiendo en todo momento la transici\u00f3n entre espacios. No es continuo en todo su per\u00edmetro, se ve interrumpido en el lado oeste, permitiendo el acceso de m\u00e1quinas cortac\u00e9sped que faciliten su mantenimiento. Asimismo, su geometr\u00eda permite ser utilizado como banco corrido para servir de asiento al alumnado y al profesorado.<\/p>\n<p><script async src=\"\/\/pagead2.googlesyndication.com\/pagead\/js\/adsbygoogle.js\"><\/script><br \/>\n<!-- Noticias La Guia de Pamplona --><br \/>\n<ins class=\"adsbygoogle\"\nstyle=\"display:block\"\ndata-ad-client=\"ca-pub-6943679897239327\"\ndata-ad-slot=\"7048180777\"\ndata-ad-format=\"auto\"><\/ins><br \/>\n<script>\n(adsbygoogle = window.adsbygoogle || []).push({});\n<\/script><\/p>\n<p><strong>Patio m\u00e1s amable con zonas coloreadas y nuevas texturas<\/strong><\/p>\n<p>La superficie marcada como pista polideportiva descubierta se reducir\u00e1 en superficie y quedar\u00e1 en una sola cancha de baloncesto de 475 m\u00b2 que mejorar\u00e1 su pavimento con uno asf\u00e1ltico protegido por resinas de colores que proporcionar\u00e1 color al patio. El proyecto plantea mantener en su mayor parte el pavimento actual, fresando todo el per\u00edmetro de la pista en una anchura de tres metros para posteriormente pavimentar con una capa de aglomerado asf\u00e1ltico.<\/p>\n<p>Por otra parte, se habilitar\u00e1 un acceso desde la plaza Primero de Mayo, y se trabajar\u00e1 la transici\u00f3n entre espacios con un pavimento de hormig\u00f3n pulido coloreado en tres tonalidades basadas en el negro. Adem\u00e1s, se habilitar\u00e1 una nueva zona destinada a diferentes juegos l\u00fadicos mediante un pavimento de caucho continuo coloreado de 150 m\u00b2, que complementar\u00e1 al actual roc\u00f3dromo. Por \u00faltimo, se crear\u00e1 un espacio destinado a la relaci\u00f3n social entre el alumnado en donde se ubicar\u00e1 mobiliario urbano que no tendr\u00e1 referencia a elementos deportivos, dejando esos componentes para zonas como el front\u00f3n, la pista deportiva y el polideportivo.<\/p>\n","protected":false},"excerpt":{"rendered":"<p>La inversi\u00f3n municipal aprobada hoy en la Junta de Gobierno Local asciende a 97.322 euros<\/p>\n","protected":false},"author":1,"featured_media":21939,"comment_status":"open","ping_status":"closed","sticky":false,"template":"","format":"standard","meta":{"footnotes":""},"categories":[2],"tags":[],"class_list":["post-26490","post","type-post","status-publish","format-standard","has-post-thumbnail","hentry","category-ayuntamiento-pamplona"],"yoast_head":"<!-- This site is optimized with the Yoast SEO plugin v27.3 - https:\/\/yoast.com\/product\/yoast-seo-wordpress\/ -->\n<title>El Consistorio reformar\u00e1 el patio del C.P. Bernat Etxepare teniendo en cuenta las nuevas estrategias educativas para crear zona verde y espacios de juegos y para relacionarse<\/title>\n<meta name=\"robots\" content=\"index, follow, max-snippet:-1, max-image-preview:large, max-video-preview:-1\" \/>\n<link rel=\"canonical\" href=\"https:\/\/www.laguiadepamplona.com\/actualidad\/el-consistorio-reformara-el-patio-del-c-p-bernat-etxepare-teniendo-en-cuenta-las-nuevas-estrategias-educativas-para-crear-zona-verde-y-espacios-de-juegos-y-para-relacionarse\/\" \/>\n<meta property=\"og:locale\" content=\"es_ES\" \/>\n<meta property=\"og:type\" content=\"article\" \/>\n<meta property=\"og:title\" content=\"El Consistorio reformar\u00e1 el patio del C.P. Bernat Etxepare teniendo en cuenta las nuevas estrategias educativas para crear zona verde y espacios de juegos y para relacionarse\" \/>\n<meta property=\"og:description\" content=\"La inversi\u00f3n municipal aprobada hoy en la Junta de Gobierno Local asciende a 97.322 euros\" \/>\n<meta property=\"og:url\" content=\"https:\/\/www.laguiadepamplona.com\/actualidad\/el-consistorio-reformara-el-patio-del-c-p-bernat-etxepare-teniendo-en-cuenta-las-nuevas-estrategias-educativas-para-crear-zona-verde-y-espacios-de-juegos-y-para-relacionarse\/\" \/>\n<meta property=\"og:site_name\" content=\"La Gu\u00eda de Pamplona\" \/>\n<meta property=\"article:publisher\" content=\"https:\/\/www.facebook.com\/laguiadepamplonacom-133175176762273\/?ref=hl\" \/>\n<meta property=\"article:published_time\" content=\"2019-11-25T15:00:00+00:00\" \/>\n<meta property=\"og:image\" content=\"https:\/\/www.laguiadepamplona.com\/actualidad\/wp-content\/uploads\/2019\/05\/ayuntamiento-pamplona-laguiadepamplona.jpg\" \/>\n\t<meta property=\"og:image:width\" content=\"1920\" \/>\n\t<meta property=\"og:image:height\" content=\"1100\" \/>\n\t<meta property=\"og:image:type\" content=\"image\/jpeg\" \/>\n<meta name=\"author\" content=\"La Gu\u00eda de Pamplona\" \/>\n<meta name=\"twitter:card\" content=\"summary_large_image\" \/>\n<meta name=\"twitter:creator\" content=\"@LaGuiadPamplona\" \/>\n<meta name=\"twitter:site\" content=\"@LaGuiadPamplona\" \/>\n<meta name=\"twitter:label1\" content=\"Escrito por\" \/>\n\t<meta name=\"twitter:data1\" content=\"La Gu\u00eda de Pamplona\" \/>\n\t<meta name=\"twitter:label2\" content=\"Tiempo de lectura\" \/>\n\t<meta name=\"twitter:data2\" content=\"4 minutos\" \/>\n<script type=\"application\/ld+json\" class=\"yoast-schema-graph\">{\"@context\":\"https:\\\/\\\/schema.org\",\"@graph\":[{\"@type\":\"Article\",\"@id\":\"https:\\\/\\\/www.laguiadepamplona.com\\\/actualidad\\\/el-consistorio-reformara-el-patio-del-c-p-bernat-etxepare-teniendo-en-cuenta-las-nuevas-estrategias-educativas-para-crear-zona-verde-y-espacios-de-juegos-y-para-relacionarse\\\/#article\",\"isPartOf\":{\"@id\":\"https:\\\/\\\/www.laguiadepamplona.com\\\/actualidad\\\/el-consistorio-reformara-el-patio-del-c-p-bernat-etxepare-teniendo-en-cuenta-las-nuevas-estrategias-educativas-para-crear-zona-verde-y-espacios-de-juegos-y-para-relacionarse\\\/\"},\"author\":{\"name\":\"La Gu\u00eda de Pamplona\",\"@id\":\"https:\\\/\\\/www.laguiadepamplona.com\\\/actualidad\\\/#\\\/schema\\\/person\\\/efe887376f0213d4657c93adc50b1fdb\"},\"headline\":\"El Consistorio reformar\u00e1 el patio del C.P. Bernat Etxepare teniendo en cuenta las nuevas estrategias educativas para crear zona verde y espacios de juegos y para relacionarse\",\"datePublished\":\"2019-11-25T15:00:00+00:00\",\"mainEntityOfPage\":{\"@id\":\"https:\\\/\\\/www.laguiadepamplona.com\\\/actualidad\\\/el-consistorio-reformara-el-patio-del-c-p-bernat-etxepare-teniendo-en-cuenta-las-nuevas-estrategias-educativas-para-crear-zona-verde-y-espacios-de-juegos-y-para-relacionarse\\\/\"},\"wordCount\":812,\"commentCount\":0,\"publisher\":{\"@id\":\"https:\\\/\\\/www.laguiadepamplona.com\\\/actualidad\\\/#organization\"},\"image\":{\"@id\":\"https:\\\/\\\/www.laguiadepamplona.com\\\/actualidad\\\/el-consistorio-reformara-el-patio-del-c-p-bernat-etxepare-teniendo-en-cuenta-las-nuevas-estrategias-educativas-para-crear-zona-verde-y-espacios-de-juegos-y-para-relacionarse\\\/#primaryimage\"},\"thumbnailUrl\":\"https:\\\/\\\/www.laguiadepamplona.com\\\/actualidad\\\/wp-content\\\/uploads\\\/2019\\\/05\\\/ayuntamiento-pamplona-laguiadepamplona.jpg\",\"articleSection\":[\"Ayto Pamplona\"],\"inLanguage\":\"es\",\"potentialAction\":[{\"@type\":\"CommentAction\",\"name\":\"Comment\",\"target\":[\"https:\\\/\\\/www.laguiadepamplona.com\\\/actualidad\\\/el-consistorio-reformara-el-patio-del-c-p-bernat-etxepare-teniendo-en-cuenta-las-nuevas-estrategias-educativas-para-crear-zona-verde-y-espacios-de-juegos-y-para-relacionarse\\\/#respond\"]}]},{\"@type\":\"WebPage\",\"@id\":\"https:\\\/\\\/www.laguiadepamplona.com\\\/actualidad\\\/el-consistorio-reformara-el-patio-del-c-p-bernat-etxepare-teniendo-en-cuenta-las-nuevas-estrategias-educativas-para-crear-zona-verde-y-espacios-de-juegos-y-para-relacionarse\\\/\",\"url\":\"https:\\\/\\\/www.laguiadepamplona.com\\\/actualidad\\\/el-consistorio-reformara-el-patio-del-c-p-bernat-etxepare-teniendo-en-cuenta-las-nuevas-estrategias-educativas-para-crear-zona-verde-y-espacios-de-juegos-y-para-relacionarse\\\/\",\"name\":\"El Consistorio reformar\u00e1 el patio del C.P. Bernat Etxepare teniendo en cuenta las nuevas estrategias educativas para crear zona verde y espacios de juegos y para relacionarse\",\"isPartOf\":{\"@id\":\"https:\\\/\\\/www.laguiadepamplona.com\\\/actualidad\\\/#website\"},\"primaryImageOfPage\":{\"@id\":\"https:\\\/\\\/www.laguiadepamplona.com\\\/actualidad\\\/el-consistorio-reformara-el-patio-del-c-p-bernat-etxepare-teniendo-en-cuenta-las-nuevas-estrategias-educativas-para-crear-zona-verde-y-espacios-de-juegos-y-para-relacionarse\\\/#primaryimage\"},\"image\":{\"@id\":\"https:\\\/\\\/www.laguiadepamplona.com\\\/actualidad\\\/el-consistorio-reformara-el-patio-del-c-p-bernat-etxepare-teniendo-en-cuenta-las-nuevas-estrategias-educativas-para-crear-zona-verde-y-espacios-de-juegos-y-para-relacionarse\\\/#primaryimage\"},\"thumbnailUrl\":\"https:\\\/\\\/www.laguiadepamplona.com\\\/actualidad\\\/wp-content\\\/uploads\\\/2019\\\/05\\\/ayuntamiento-pamplona-laguiadepamplona.jpg\",\"datePublished\":\"2019-11-25T15:00:00+00:00\",\"breadcrumb\":{\"@id\":\"https:\\\/\\\/www.laguiadepamplona.com\\\/actualidad\\\/el-consistorio-reformara-el-patio-del-c-p-bernat-etxepare-teniendo-en-cuenta-las-nuevas-estrategias-educativas-para-crear-zona-verde-y-espacios-de-juegos-y-para-relacionarse\\\/#breadcrumb\"},\"inLanguage\":\"es\",\"potentialAction\":[{\"@type\":\"ReadAction\",\"target\":[\"https:\\\/\\\/www.laguiadepamplona.com\\\/actualidad\\\/el-consistorio-reformara-el-patio-del-c-p-bernat-etxepare-teniendo-en-cuenta-las-nuevas-estrategias-educativas-para-crear-zona-verde-y-espacios-de-juegos-y-para-relacionarse\\\/\"]}]},{\"@type\":\"ImageObject\",\"inLanguage\":\"es\",\"@id\":\"https:\\\/\\\/www.laguiadepamplona.com\\\/actualidad\\\/el-consistorio-reformara-el-patio-del-c-p-bernat-etxepare-teniendo-en-cuenta-las-nuevas-estrategias-educativas-para-crear-zona-verde-y-espacios-de-juegos-y-para-relacionarse\\\/#primaryimage\",\"url\":\"https:\\\/\\\/www.laguiadepamplona.com\\\/actualidad\\\/wp-content\\\/uploads\\\/2019\\\/05\\\/ayuntamiento-pamplona-laguiadepamplona.jpg\",\"contentUrl\":\"https:\\\/\\\/www.laguiadepamplona.com\\\/actualidad\\\/wp-content\\\/uploads\\\/2019\\\/05\\\/ayuntamiento-pamplona-laguiadepamplona.jpg\",\"width\":1920,\"height\":1100},{\"@type\":\"BreadcrumbList\",\"@id\":\"https:\\\/\\\/www.laguiadepamplona.com\\\/actualidad\\\/el-consistorio-reformara-el-patio-del-c-p-bernat-etxepare-teniendo-en-cuenta-las-nuevas-estrategias-educativas-para-crear-zona-verde-y-espacios-de-juegos-y-para-relacionarse\\\/#breadcrumb\",\"itemListElement\":[{\"@type\":\"ListItem\",\"position\":1,\"name\":\"Portada\",\"item\":\"https:\\\/\\\/www.laguiadepamplona.com\\\/actualidad\\\/\"},{\"@type\":\"ListItem\",\"position\":2,\"name\":\"El Consistorio reformar\u00e1 el patio del C.P. Bernat Etxepare teniendo en cuenta las nuevas estrategias educativas para crear zona verde y espacios de juegos y para relacionarse\"}]},{\"@type\":\"WebSite\",\"@id\":\"https:\\\/\\\/www.laguiadepamplona.com\\\/actualidad\\\/#website\",\"url\":\"https:\\\/\\\/www.laguiadepamplona.com\\\/actualidad\\\/\",\"name\":\"La gu\u00eda de Pamplona\",\"description\":\"Noticias de Pamplona\",\"publisher\":{\"@id\":\"https:\\\/\\\/www.laguiadepamplona.com\\\/actualidad\\\/#organization\"},\"potentialAction\":[{\"@type\":\"SearchAction\",\"target\":{\"@type\":\"EntryPoint\",\"urlTemplate\":\"https:\\\/\\\/www.laguiadepamplona.com\\\/actualidad\\\/?s={search_term_string}\"},\"query-input\":{\"@type\":\"PropertyValueSpecification\",\"valueRequired\":true,\"valueName\":\"search_term_string\"}}],\"inLanguage\":\"es\"},{\"@type\":\"Organization\",\"@id\":\"https:\\\/\\\/www.laguiadepamplona.com\\\/actualidad\\\/#organization\",\"name\":\"La Gu\u00eda de Pamplona \\\/ Noticias\",\"url\":\"https:\\\/\\\/www.laguiadepamplona.com\\\/actualidad\\\/\",\"logo\":{\"@type\":\"ImageObject\",\"inLanguage\":\"es\",\"@id\":\"https:\\\/\\\/www.laguiadepamplona.com\\\/actualidad\\\/#\\\/schema\\\/logo\\\/image\\\/\",\"url\":\"https:\\\/\\\/www.laguiadepamplona.com\\\/actualidad\\\/wp-content\\\/uploads\\\/2018\\\/11\\\/logo-laguiadepamplona18-web1.png\",\"contentUrl\":\"https:\\\/\\\/www.laguiadepamplona.com\\\/actualidad\\\/wp-content\\\/uploads\\\/2018\\\/11\\\/logo-laguiadepamplona18-web1.png\",\"width\":600,\"height\":196,\"caption\":\"La Gu\u00eda de Pamplona \\\/ Noticias\"},\"image\":{\"@id\":\"https:\\\/\\\/www.laguiadepamplona.com\\\/actualidad\\\/#\\\/schema\\\/logo\\\/image\\\/\"},\"sameAs\":[\"https:\\\/\\\/www.facebook.com\\\/laguiadepamplonacom-133175176762273\\\/?ref=hl\",\"https:\\\/\\\/x.com\\\/LaGuiadPamplona\",\"https:\\\/\\\/www.instagram.com\\\/la_guia_de_pamplona\\\/\",\"https:\\\/\\\/www.youtube.com\\\/user\\\/laguiadepamplona\"]},{\"@type\":\"Person\",\"@id\":\"https:\\\/\\\/www.laguiadepamplona.com\\\/actualidad\\\/#\\\/schema\\\/person\\\/efe887376f0213d4657c93adc50b1fdb\",\"name\":\"La Gu\u00eda de Pamplona\",\"image\":{\"@type\":\"ImageObject\",\"inLanguage\":\"es\",\"@id\":\"https:\\\/\\\/secure.gravatar.com\\\/avatar\\\/b6992f131dc8d30ab0dff15446e9d346d9dbd95992de0fef795073f5ea83a81c?s=96&d=mm&r=g\",\"url\":\"https:\\\/\\\/secure.gravatar.com\\\/avatar\\\/b6992f131dc8d30ab0dff15446e9d346d9dbd95992de0fef795073f5ea83a81c?s=96&d=mm&r=g\",\"contentUrl\":\"https:\\\/\\\/secure.gravatar.com\\\/avatar\\\/b6992f131dc8d30ab0dff15446e9d346d9dbd95992de0fef795073f5ea83a81c?s=96&d=mm&r=g\",\"caption\":\"La Gu\u00eda de Pamplona\"}}]}<\/script>\n<!-- \/ Yoast SEO plugin. -->","yoast_head_json":{"title":"El Consistorio reformar\u00e1 el patio del C.P. Bernat Etxepare teniendo en cuenta las nuevas estrategias educativas para crear zona verde y espacios de juegos y para relacionarse","robots":{"index":"index","follow":"follow","max-snippet":"max-snippet:-1","max-image-preview":"max-image-preview:large","max-video-preview":"max-video-preview:-1"},"canonical":"https:\/\/www.laguiadepamplona.com\/actualidad\/el-consistorio-reformara-el-patio-del-c-p-bernat-etxepare-teniendo-en-cuenta-las-nuevas-estrategias-educativas-para-crear-zona-verde-y-espacios-de-juegos-y-para-relacionarse\/","og_locale":"es_ES","og_type":"article","og_title":"El Consistorio reformar\u00e1 el patio del C.P. Bernat Etxepare teniendo en cuenta las nuevas estrategias educativas para crear zona verde y espacios de juegos y para relacionarse","og_description":"La inversi\u00f3n municipal aprobada hoy en la Junta de Gobierno Local asciende a 97.322 euros","og_url":"https:\/\/www.laguiadepamplona.com\/actualidad\/el-consistorio-reformara-el-patio-del-c-p-bernat-etxepare-teniendo-en-cuenta-las-nuevas-estrategias-educativas-para-crear-zona-verde-y-espacios-de-juegos-y-para-relacionarse\/","og_site_name":"La Gu\u00eda de Pamplona","article_publisher":"https:\/\/www.facebook.com\/laguiadepamplonacom-133175176762273\/?ref=hl","article_published_time":"2019-11-25T15:00:00+00:00","og_image":[{"width":1920,"height":1100,"url":"https:\/\/www.laguiadepamplona.com\/actualidad\/wp-content\/uploads\/2019\/05\/ayuntamiento-pamplona-laguiadepamplona.jpg","type":"image\/jpeg"}],"author":"La Gu\u00eda de Pamplona","twitter_card":"summary_large_image","twitter_creator":"@LaGuiadPamplona","twitter_site":"@LaGuiadPamplona","twitter_misc":{"Escrito por":"La Gu\u00eda de Pamplona","Tiempo de lectura":"4 minutos"},"schema":{"@context":"https:\/\/schema.org","@graph":[{"@type":"Article","@id":"https:\/\/www.laguiadepamplona.com\/actualidad\/el-consistorio-reformara-el-patio-del-c-p-bernat-etxepare-teniendo-en-cuenta-las-nuevas-estrategias-educativas-para-crear-zona-verde-y-espacios-de-juegos-y-para-relacionarse\/#article","isPartOf":{"@id":"https:\/\/www.laguiadepamplona.com\/actualidad\/el-consistorio-reformara-el-patio-del-c-p-bernat-etxepare-teniendo-en-cuenta-las-nuevas-estrategias-educativas-para-crear-zona-verde-y-espacios-de-juegos-y-para-relacionarse\/"},"author":{"name":"La Gu\u00eda de Pamplona","@id":"https:\/\/www.laguiadepamplona.com\/actualidad\/#\/schema\/person\/efe887376f0213d4657c93adc50b1fdb"},"headline":"El Consistorio reformar\u00e1 el patio del C.P. Bernat Etxepare teniendo en cuenta las nuevas estrategias educativas para crear zona verde y espacios de juegos y para relacionarse","datePublished":"2019-11-25T15:00:00+00:00","mainEntityOfPage":{"@id":"https:\/\/www.laguiadepamplona.com\/actualidad\/el-consistorio-reformara-el-patio-del-c-p-bernat-etxepare-teniendo-en-cuenta-las-nuevas-estrategias-educativas-para-crear-zona-verde-y-espacios-de-juegos-y-para-relacionarse\/"},"wordCount":812,"commentCount":0,"publisher":{"@id":"https:\/\/www.laguiadepamplona.com\/actualidad\/#organization"},"image":{"@id":"https:\/\/www.laguiadepamplona.com\/actualidad\/el-consistorio-reformara-el-patio-del-c-p-bernat-etxepare-teniendo-en-cuenta-las-nuevas-estrategias-educativas-para-crear-zona-verde-y-espacios-de-juegos-y-para-relacionarse\/#primaryimage"},"thumbnailUrl":"https:\/\/www.laguiadepamplona.com\/actualidad\/wp-content\/uploads\/2019\/05\/ayuntamiento-pamplona-laguiadepamplona.jpg","articleSection":["Ayto Pamplona"],"inLanguage":"es","potentialAction":[{"@type":"CommentAction","name":"Comment","target":["https:\/\/www.laguiadepamplona.com\/actualidad\/el-consistorio-reformara-el-patio-del-c-p-bernat-etxepare-teniendo-en-cuenta-las-nuevas-estrategias-educativas-para-crear-zona-verde-y-espacios-de-juegos-y-para-relacionarse\/#respond"]}]},{"@type":"WebPage","@id":"https:\/\/www.laguiadepamplona.com\/actualidad\/el-consistorio-reformara-el-patio-del-c-p-bernat-etxepare-teniendo-en-cuenta-las-nuevas-estrategias-educativas-para-crear-zona-verde-y-espacios-de-juegos-y-para-relacionarse\/","url":"https:\/\/www.laguiadepamplona.com\/actualidad\/el-consistorio-reformara-el-patio-del-c-p-bernat-etxepare-teniendo-en-cuenta-las-nuevas-estrategias-educativas-para-crear-zona-verde-y-espacios-de-juegos-y-para-relacionarse\/","name":"El Consistorio reformar\u00e1 el patio del C.P. Bernat Etxepare teniendo en cuenta las nuevas estrategias educativas para crear zona verde y espacios de juegos y para relacionarse","isPartOf":{"@id":"https:\/\/www.laguiadepamplona.com\/actualidad\/#website"},"primaryImageOfPage":{"@id":"https:\/\/www.laguiadepamplona.com\/actualidad\/el-consistorio-reformara-el-patio-del-c-p-bernat-etxepare-teniendo-en-cuenta-las-nuevas-estrategias-educativas-para-crear-zona-verde-y-espacios-de-juegos-y-para-relacionarse\/#primaryimage"},"image":{"@id":"https:\/\/www.laguiadepamplona.com\/actualidad\/el-consistorio-reformara-el-patio-del-c-p-bernat-etxepare-teniendo-en-cuenta-las-nuevas-estrategias-educativas-para-crear-zona-verde-y-espacios-de-juegos-y-para-relacionarse\/#primaryimage"},"thumbnailUrl":"https:\/\/www.laguiadepamplona.com\/actualidad\/wp-content\/uploads\/2019\/05\/ayuntamiento-pamplona-laguiadepamplona.jpg","datePublished":"2019-11-25T15:00:00+00:00","breadcrumb":{"@id":"https:\/\/www.laguiadepamplona.com\/actualidad\/el-consistorio-reformara-el-patio-del-c-p-bernat-etxepare-teniendo-en-cuenta-las-nuevas-estrategias-educativas-para-crear-zona-verde-y-espacios-de-juegos-y-para-relacionarse\/#breadcrumb"},"inLanguage":"es","potentialAction":[{"@type":"ReadAction","target":["https:\/\/www.laguiadepamplona.com\/actualidad\/el-consistorio-reformara-el-patio-del-c-p-bernat-etxepare-teniendo-en-cuenta-las-nuevas-estrategias-educativas-para-crear-zona-verde-y-espacios-de-juegos-y-para-relacionarse\/"]}]},{"@type":"ImageObject","inLanguage":"es","@id":"https:\/\/www.laguiadepamplona.com\/actualidad\/el-consistorio-reformara-el-patio-del-c-p-bernat-etxepare-teniendo-en-cuenta-las-nuevas-estrategias-educativas-para-crear-zona-verde-y-espacios-de-juegos-y-para-relacionarse\/#primaryimage","url":"https:\/\/www.laguiadepamplona.com\/actualidad\/wp-content\/uploads\/2019\/05\/ayuntamiento-pamplona-laguiadepamplona.jpg","contentUrl":"https:\/\/www.laguiadepamplona.com\/actualidad\/wp-content\/uploads\/2019\/05\/ayuntamiento-pamplona-laguiadepamplona.jpg","width":1920,"height":1100},{"@type":"BreadcrumbList","@id":"https:\/\/www.laguiadepamplona.com\/actualidad\/el-consistorio-reformara-el-patio-del-c-p-bernat-etxepare-teniendo-en-cuenta-las-nuevas-estrategias-educativas-para-crear-zona-verde-y-espacios-de-juegos-y-para-relacionarse\/#breadcrumb","itemListElement":[{"@type":"ListItem","position":1,"name":"Portada","item":"https:\/\/www.laguiadepamplona.com\/actualidad\/"},{"@type":"ListItem","position":2,"name":"El Consistorio reformar\u00e1 el patio del C.P. Bernat Etxepare teniendo en cuenta las nuevas estrategias educativas para crear zona verde y espacios de juegos y para relacionarse"}]},{"@type":"WebSite","@id":"https:\/\/www.laguiadepamplona.com\/actualidad\/#website","url":"https:\/\/www.laguiadepamplona.com\/actualidad\/","name":"La gu\u00eda de Pamplona","description":"Noticias de Pamplona","publisher":{"@id":"https:\/\/www.laguiadepamplona.com\/actualidad\/#organization"},"potentialAction":[{"@type":"SearchAction","target":{"@type":"EntryPoint","urlTemplate":"https:\/\/www.laguiadepamplona.com\/actualidad\/?s={search_term_string}"},"query-input":{"@type":"PropertyValueSpecification","valueRequired":true,"valueName":"search_term_string"}}],"inLanguage":"es"},{"@type":"Organization","@id":"https:\/\/www.laguiadepamplona.com\/actualidad\/#organization","name":"La Gu\u00eda de Pamplona \/ Noticias","url":"https:\/\/www.laguiadepamplona.com\/actualidad\/","logo":{"@type":"ImageObject","inLanguage":"es","@id":"https:\/\/www.laguiadepamplona.com\/actualidad\/#\/schema\/logo\/image\/","url":"https:\/\/www.laguiadepamplona.com\/actualidad\/wp-content\/uploads\/2018\/11\/logo-laguiadepamplona18-web1.png","contentUrl":"https:\/\/www.laguiadepamplona.com\/actualidad\/wp-content\/uploads\/2018\/11\/logo-laguiadepamplona18-web1.png","width":600,"height":196,"caption":"La Gu\u00eda de Pamplona \/ Noticias"},"image":{"@id":"https:\/\/www.laguiadepamplona.com\/actualidad\/#\/schema\/logo\/image\/"},"sameAs":["https:\/\/www.facebook.com\/laguiadepamplonacom-133175176762273\/?ref=hl","https:\/\/x.com\/LaGuiadPamplona","https:\/\/www.instagram.com\/la_guia_de_pamplona\/","https:\/\/www.youtube.com\/user\/laguiadepamplona"]},{"@type":"Person","@id":"https:\/\/www.laguiadepamplona.com\/actualidad\/#\/schema\/person\/efe887376f0213d4657c93adc50b1fdb","name":"La Gu\u00eda de Pamplona","image":{"@type":"ImageObject","inLanguage":"es","@id":"https:\/\/secure.gravatar.com\/avatar\/b6992f131dc8d30ab0dff15446e9d346d9dbd95992de0fef795073f5ea83a81c?s=96&d=mm&r=g","url":"https:\/\/secure.gravatar.com\/avatar\/b6992f131dc8d30ab0dff15446e9d346d9dbd95992de0fef795073f5ea83a81c?s=96&d=mm&r=g","contentUrl":"https:\/\/secure.gravatar.com\/avatar\/b6992f131dc8d30ab0dff15446e9d346d9dbd95992de0fef795073f5ea83a81c?s=96&d=mm&r=g","caption":"La Gu\u00eda de Pamplona"}}]}},"post_mailing_queue_ids":[],"_links":{"self":[{"href":"https:\/\/www.laguiadepamplona.com\/actualidad\/wp-json\/wp\/v2\/posts\/26490","targetHints":{"allow":["GET"]}}],"collection":[{"href":"https:\/\/www.laguiadepamplona.com\/actualidad\/wp-json\/wp\/v2\/posts"}],"about":[{"href":"https:\/\/www.laguiadepamplona.com\/actualidad\/wp-json\/wp\/v2\/types\/post"}],"author":[{"embeddable":true,"href":"https:\/\/www.laguiadepamplona.com\/actualidad\/wp-json\/wp\/v2\/users\/1"}],"replies":[{"embeddable":true,"href":"https:\/\/www.laguiadepamplona.com\/actualidad\/wp-json\/wp\/v2\/comments?post=26490"}],"version-history":[{"count":0,"href":"https:\/\/www.laguiadepamplona.com\/actualidad\/wp-json\/wp\/v2\/posts\/26490\/revisions"}],"wp:featuredmedia":[{"embeddable":true,"href":"https:\/\/www.laguiadepamplona.com\/actualidad\/wp-json\/wp\/v2\/media\/21939"}],"wp:attachment":[{"href":"https:\/\/www.laguiadepamplona.com\/actualidad\/wp-json\/wp\/v2\/media?parent=26490"}],"wp:term":[{"taxonomy":"category","embeddable":true,"href":"https:\/\/www.laguiadepamplona.com\/actualidad\/wp-json\/wp\/v2\/categories?post=26490"},{"taxonomy":"post_tag","embeddable":true,"href":"https:\/\/www.laguiadepamplona.com\/actualidad\/wp-json\/wp\/v2\/tags?post=26490"}],"curies":[{"name":"wp","href":"https:\/\/api.w.org\/{rel}","templated":true}]}}