{"id":26482,"date":"2019-11-25T16:57:32","date_gmt":"2019-11-25T14:57:32","guid":{"rendered":"https:\/\/www.laguiadepamplona.es\/actualidad\/?p=26482"},"modified":"2019-11-25T16:57:32","modified_gmt":"2019-11-25T14:57:32","slug":"aprobada-la-licitacion-del-contrato-para-elaborar-y-suministrar-los-servicios-de-comida-para-las-personas-usuarias-del-comedor-municipal-de-la-calle-del-carmen","status":"publish","type":"post","link":"https:\/\/www.laguiadepamplona.com\/actualidad\/aprobada-la-licitacion-del-contrato-para-elaborar-y-suministrar-los-servicios-de-comida-para-las-personas-usuarias-del-comedor-municipal-de-la-calle-del-carmen\/","title":{"rendered":"Aprobada la licitaci\u00f3n del contrato para elaborar y suministrar los servicios de comida para las personas usuarias del comedor municipal de la calle del Carmen"},"content":{"rendered":"<h3>Se contratan de forma general, aunque abierta a la demanda concreta, 100 servicios diarios (50 comidas y 50 cenas), adem\u00e1s de 35 desayunos<\/h3>\n<p><!--more--><\/p>\n<p>La Junta de Gobierno Local ha aprobado la licitaci\u00f3n del contrato de elaboraci\u00f3n y suministro de comida para el comedor municipal de la calle del Carmen, un recurso municipal orientado a personas en situaci\u00f3n de precariedad econ\u00f3mica y con serias dificultades para satisfacer sus necesidades b\u00e1sicas en materia de alimentaci\u00f3n. El contrato cuenta con un presupuesto de 177.463 euros, con vigencia para el a\u00f1o 2020 y opci\u00f3n a tres pr\u00f3rrogas anuales m\u00e1s.<\/p>\n<p>De manera general, se calcula que el n\u00famero de servicios a contratar rondar\u00e1 los 100 diarios (correspondiendo 50 a las comidas y 50 a las cenas), adem\u00e1s de alrededor de 35 desayunos al d\u00eda. Se trata de una cantidad que no est\u00e1 cerrada, sino que cada d\u00eda se encargar\u00e1 el n\u00famero de men\u00fas que el comedor municipal requiera, pudiendo ser un n\u00famero inferior o un n\u00famero mayor cuando los picos de ocupaci\u00f3n as\u00ed lo aconsejaran. El n\u00famero exacto de men\u00fas y sus caracter\u00edsticas se encargar\u00e1n a la adjudicataria la v\u00edspera del d\u00eda del suministro.<\/p>\n<p>El comedor municipal constituye un recurso complementario a la acci\u00f3n profesional de trabajo social en las unidades de barrio y\/o servicios del \u00c1rea de Servicios Sociales, Acci\u00f3n Comunitaria y Deporte, interviniendo en las situaciones de crisis para evitar un empeoramiento o cronificaci\u00f3n de las circunstancias particulares de las personas usuarias. Funciona todo el a\u00f1o, salvo durante las fiestas de San Ferm\u00edn. El contrato pretende atender esas demandas para poder ofertar una men\u00fa equilibrado y adecuado a las necesidades de esta poblaci\u00f3n, permiti\u00e9ndoles al mismo tiempo compartir un espacio diario de convivencia.<\/p>\n<p><script async src=\"\/\/pagead2.googlesyndication.com\/pagead\/js\/adsbygoogle.js\"><\/script><br \/>\n<!-- Noticias La Guia de Pamplona --><br \/>\n<ins class=\"adsbygoogle\"\nstyle=\"display:block\"\ndata-ad-client=\"ca-pub-6943679897239327\"\ndata-ad-slot=\"7048180777\"\ndata-ad-format=\"auto\"><\/ins><br \/>\n<script>\n(adsbygoogle = window.adsbygoogle || []).push({});\n<\/script><\/p>\n<p><strong>Tres servicios diarios<\/strong><\/p>\n<p>El servicio pretende contribuir como instrumento espec\u00edfico paliativo de las situaciones de pobreza end\u00e9mica o coyuntural y bajo autovalimiento, mediante su aplicaci\u00f3n complementaria al resto de prestaciones sociales; paliar aquellas situaciones que puedan provocar o agudizar el desarraigo o la marginaci\u00f3n social; as\u00ed como servir como instrumento de acci\u00f3n profesional y apoyo en los procesos de incorporaci\u00f3n social dise\u00f1ados desde los servicios sociales municipales.<\/p>\n<p>Con car\u00e1cter general este recurso municipal ofrecer\u00e1 sus servicios todos los d\u00edas de la semana. El servicio se articula en tres servicios. La comida y la cena constar\u00e1n de un primer plato, un segundo, postre, pan y caf\u00e9 con leche y az\u00facar. En los casos en que se acuerde que los servicios deban ser consumidos en el domicilio de la persona usuaria, deber\u00e1n venir preparados en envases que re\u00fanan las condiciones higi\u00e9nico-sanitarias adecuadas que no precisen de una preparaci\u00f3n complementaria. El desayuno, por su parte, se recoger\u00e1 por aquellas personas que as\u00ed lo soliciten en el propio comedor y constar\u00e1, al menos, de una pieza de fruta, un producto l\u00e1cteo y pan, una pieza de boller\u00eda o un producto derivado de cereales. Respecto a los l\u00e1cteos a suministrar, se tendr\u00e1 en cuenta la existencia (puntual) de menores que comen la comida suministrada por el comedor municipal. En estos casos la dosis de productos l\u00e1cteos ser\u00e1 de, al menos, un postre l\u00e1cteo al d\u00eda y al menos 250 ml. de leche en el desayuno.<\/p>\n<p><script async src=\"\/\/pagead2.googlesyndication.com\/pagead\/js\/adsbygoogle.js\"><\/script><br \/>\n<!-- Noticias La Guia de Pamplona --><br \/>\n<ins class=\"adsbygoogle\"\nstyle=\"display:block\"\ndata-ad-client=\"ca-pub-6943679897239327\"\ndata-ad-slot=\"7048180777\"\ndata-ad-format=\"auto\"><\/ins><br \/>\n<script>\n(adsbygoogle = window.adsbygoogle || []).push({});\n<\/script><\/p>\n<p><strong>Funciones de la empresa adjudicataria<\/strong><\/p>\n<p>La empresa adjudicataria se encargar\u00e1 de confeccionar los men\u00fas, comprar las materias primas alimentarias, y manipular, elaborar y\/o cocinar los men\u00fas y las dietas especiales en sus instalaciones. Los alimentos elaborados deber\u00e1n prepararse utilizando los sistemas necesarios para su conservaci\u00f3n y mantenimiento de forma id\u00f3nea hasta su consumo por las personas usuarias. La empresa se encargar\u00e1 tambi\u00e9n del transporte de los men\u00fas al comedor municipal.<\/p>\n<p>Los plazos de la licitaci\u00f3n comenzar\u00e1n una vez que se publique el anuncio en el Portal de Contrataci\u00f3n de Navarra. Se valorar\u00e1n las ofertas que se presenten en funci\u00f3n a varios criterios de adjudicaci\u00f3n, tales como la oferta econ\u00f3mica (35 puntos), que comprende el precio unitario por comida, cena y desayuno; el plan de trabajo (50 puntos), que valora aspectos como el contenido cal\u00f3rico y equilibrio de las dietas, la variedad de los alimentos en el men\u00fa o el aporte de frutas frescas y productos l\u00e1cteos; las mejoras propuestas (5 puntos); y el criterio social (10 puntos).<\/p>\n","protected":false},"excerpt":{"rendered":"<p>Se contratan de forma general, aunque abierta a la demanda concreta, 100 servicios diarios (50 comidas y 50 cenas), adem\u00e1s de 35 desayunos<\/p>\n","protected":false},"author":1,"featured_media":11197,"comment_status":"open","ping_status":"closed","sticky":false,"template":"","format":"standard","meta":{"footnotes":""},"categories":[2],"tags":[],"class_list":["post-26482","post","type-post","status-publish","format-standard","has-post-thumbnail","hentry","category-ayuntamiento-pamplona"],"yoast_head":"<!-- This site is optimized with the Yoast SEO plugin v27.3 - https:\/\/yoast.com\/product\/yoast-seo-wordpress\/ -->\n<title>Aprobada la licitaci\u00f3n del contrato para elaborar y suministrar los servicios de comida para las personas usuarias del comedor municipal de la calle del Carmen<\/title>\n<meta name=\"robots\" content=\"index, follow, max-snippet:-1, max-image-preview:large, max-video-preview:-1\" \/>\n<link rel=\"canonical\" href=\"https:\/\/www.laguiadepamplona.com\/actualidad\/aprobada-la-licitacion-del-contrato-para-elaborar-y-suministrar-los-servicios-de-comida-para-las-personas-usuarias-del-comedor-municipal-de-la-calle-del-carmen\/\" \/>\n<meta property=\"og:locale\" content=\"es_ES\" \/>\n<meta property=\"og:type\" content=\"article\" \/>\n<meta property=\"og:title\" content=\"Aprobada la licitaci\u00f3n del contrato para elaborar y suministrar los servicios de comida para las personas usuarias del comedor municipal de la calle del Carmen\" \/>\n<meta property=\"og:description\" content=\"Se contratan de forma general, aunque abierta a la demanda concreta, 100 servicios diarios (50 comidas y 50 cenas), adem\u00e1s de 35 desayunos\" \/>\n<meta property=\"og:url\" content=\"https:\/\/www.laguiadepamplona.com\/actualidad\/aprobada-la-licitacion-del-contrato-para-elaborar-y-suministrar-los-servicios-de-comida-para-las-personas-usuarias-del-comedor-municipal-de-la-calle-del-carmen\/\" \/>\n<meta property=\"og:site_name\" content=\"La Gu\u00eda de Pamplona\" \/>\n<meta property=\"article:publisher\" content=\"https:\/\/www.facebook.com\/laguiadepamplonacom-133175176762273\/?ref=hl\" \/>\n<meta property=\"article:published_time\" content=\"2019-11-25T14:57:32+00:00\" \/>\n<meta property=\"og:image\" content=\"https:\/\/www.laguiadepamplona.com\/actualidad\/wp-content\/uploads\/2016\/12\/16.02.08_comedor_municipal_espacio_actual-2014-1024x683.jpg\" \/>\n\t<meta property=\"og:image:width\" content=\"1024\" \/>\n\t<meta property=\"og:image:height\" content=\"683\" \/>\n\t<meta property=\"og:image:type\" content=\"image\/jpeg\" \/>\n<meta name=\"author\" content=\"La Gu\u00eda de Pamplona\" \/>\n<meta name=\"twitter:card\" content=\"summary_large_image\" \/>\n<meta name=\"twitter:creator\" content=\"@LaGuiadPamplona\" \/>\n<meta name=\"twitter:site\" content=\"@LaGuiadPamplona\" \/>\n<meta name=\"twitter:label1\" content=\"Escrito por\" \/>\n\t<meta name=\"twitter:data1\" content=\"La Gu\u00eda de Pamplona\" \/>\n\t<meta name=\"twitter:label2\" content=\"Tiempo de lectura\" \/>\n\t<meta name=\"twitter:data2\" content=\"4 minutos\" \/>\n<script type=\"application\/ld+json\" class=\"yoast-schema-graph\">{\"@context\":\"https:\\\/\\\/schema.org\",\"@graph\":[{\"@type\":\"Article\",\"@id\":\"https:\\\/\\\/www.laguiadepamplona.com\\\/actualidad\\\/aprobada-la-licitacion-del-contrato-para-elaborar-y-suministrar-los-servicios-de-comida-para-las-personas-usuarias-del-comedor-municipal-de-la-calle-del-carmen\\\/#article\",\"isPartOf\":{\"@id\":\"https:\\\/\\\/www.laguiadepamplona.com\\\/actualidad\\\/aprobada-la-licitacion-del-contrato-para-elaborar-y-suministrar-los-servicios-de-comida-para-las-personas-usuarias-del-comedor-municipal-de-la-calle-del-carmen\\\/\"},\"author\":{\"name\":\"La Gu\u00eda de Pamplona\",\"@id\":\"https:\\\/\\\/www.laguiadepamplona.com\\\/actualidad\\\/#\\\/schema\\\/person\\\/efe887376f0213d4657c93adc50b1fdb\"},\"headline\":\"Aprobada la licitaci\u00f3n del contrato para elaborar y suministrar los servicios de comida para las personas usuarias del comedor municipal de la calle del Carmen\",\"datePublished\":\"2019-11-25T14:57:32+00:00\",\"mainEntityOfPage\":{\"@id\":\"https:\\\/\\\/www.laguiadepamplona.com\\\/actualidad\\\/aprobada-la-licitacion-del-contrato-para-elaborar-y-suministrar-los-servicios-de-comida-para-las-personas-usuarias-del-comedor-municipal-de-la-calle-del-carmen\\\/\"},\"wordCount\":770,\"commentCount\":0,\"publisher\":{\"@id\":\"https:\\\/\\\/www.laguiadepamplona.com\\\/actualidad\\\/#organization\"},\"image\":{\"@id\":\"https:\\\/\\\/www.laguiadepamplona.com\\\/actualidad\\\/aprobada-la-licitacion-del-contrato-para-elaborar-y-suministrar-los-servicios-de-comida-para-las-personas-usuarias-del-comedor-municipal-de-la-calle-del-carmen\\\/#primaryimage\"},\"thumbnailUrl\":\"https:\\\/\\\/www.laguiadepamplona.com\\\/actualidad\\\/wp-content\\\/uploads\\\/2016\\\/12\\\/16.02.08_comedor_municipal_espacio_actual-2014-1024x683.jpg\",\"articleSection\":[\"Ayto Pamplona\"],\"inLanguage\":\"es\",\"potentialAction\":[{\"@type\":\"CommentAction\",\"name\":\"Comment\",\"target\":[\"https:\\\/\\\/www.laguiadepamplona.com\\\/actualidad\\\/aprobada-la-licitacion-del-contrato-para-elaborar-y-suministrar-los-servicios-de-comida-para-las-personas-usuarias-del-comedor-municipal-de-la-calle-del-carmen\\\/#respond\"]}]},{\"@type\":\"WebPage\",\"@id\":\"https:\\\/\\\/www.laguiadepamplona.com\\\/actualidad\\\/aprobada-la-licitacion-del-contrato-para-elaborar-y-suministrar-los-servicios-de-comida-para-las-personas-usuarias-del-comedor-municipal-de-la-calle-del-carmen\\\/\",\"url\":\"https:\\\/\\\/www.laguiadepamplona.com\\\/actualidad\\\/aprobada-la-licitacion-del-contrato-para-elaborar-y-suministrar-los-servicios-de-comida-para-las-personas-usuarias-del-comedor-municipal-de-la-calle-del-carmen\\\/\",\"name\":\"Aprobada la licitaci\u00f3n del contrato para elaborar y suministrar los servicios de comida para las personas usuarias del comedor municipal de la calle del Carmen\",\"isPartOf\":{\"@id\":\"https:\\\/\\\/www.laguiadepamplona.com\\\/actualidad\\\/#website\"},\"primaryImageOfPage\":{\"@id\":\"https:\\\/\\\/www.laguiadepamplona.com\\\/actualidad\\\/aprobada-la-licitacion-del-contrato-para-elaborar-y-suministrar-los-servicios-de-comida-para-las-personas-usuarias-del-comedor-municipal-de-la-calle-del-carmen\\\/#primaryimage\"},\"image\":{\"@id\":\"https:\\\/\\\/www.laguiadepamplona.com\\\/actualidad\\\/aprobada-la-licitacion-del-contrato-para-elaborar-y-suministrar-los-servicios-de-comida-para-las-personas-usuarias-del-comedor-municipal-de-la-calle-del-carmen\\\/#primaryimage\"},\"thumbnailUrl\":\"https:\\\/\\\/www.laguiadepamplona.com\\\/actualidad\\\/wp-content\\\/uploads\\\/2016\\\/12\\\/16.02.08_comedor_municipal_espacio_actual-2014-1024x683.jpg\",\"datePublished\":\"2019-11-25T14:57:32+00:00\",\"breadcrumb\":{\"@id\":\"https:\\\/\\\/www.laguiadepamplona.com\\\/actualidad\\\/aprobada-la-licitacion-del-contrato-para-elaborar-y-suministrar-los-servicios-de-comida-para-las-personas-usuarias-del-comedor-municipal-de-la-calle-del-carmen\\\/#breadcrumb\"},\"inLanguage\":\"es\",\"potentialAction\":[{\"@type\":\"ReadAction\",\"target\":[\"https:\\\/\\\/www.laguiadepamplona.com\\\/actualidad\\\/aprobada-la-licitacion-del-contrato-para-elaborar-y-suministrar-los-servicios-de-comida-para-las-personas-usuarias-del-comedor-municipal-de-la-calle-del-carmen\\\/\"]}]},{\"@type\":\"ImageObject\",\"inLanguage\":\"es\",\"@id\":\"https:\\\/\\\/www.laguiadepamplona.com\\\/actualidad\\\/aprobada-la-licitacion-del-contrato-para-elaborar-y-suministrar-los-servicios-de-comida-para-las-personas-usuarias-del-comedor-municipal-de-la-calle-del-carmen\\\/#primaryimage\",\"url\":\"https:\\\/\\\/www.laguiadepamplona.com\\\/actualidad\\\/wp-content\\\/uploads\\\/2016\\\/12\\\/16.02.08_comedor_municipal_espacio_actual-2014-1024x683.jpg\",\"contentUrl\":\"https:\\\/\\\/www.laguiadepamplona.com\\\/actualidad\\\/wp-content\\\/uploads\\\/2016\\\/12\\\/16.02.08_comedor_municipal_espacio_actual-2014-1024x683.jpg\",\"width\":1024,\"height\":683},{\"@type\":\"BreadcrumbList\",\"@id\":\"https:\\\/\\\/www.laguiadepamplona.com\\\/actualidad\\\/aprobada-la-licitacion-del-contrato-para-elaborar-y-suministrar-los-servicios-de-comida-para-las-personas-usuarias-del-comedor-municipal-de-la-calle-del-carmen\\\/#breadcrumb\",\"itemListElement\":[{\"@type\":\"ListItem\",\"position\":1,\"name\":\"Portada\",\"item\":\"https:\\\/\\\/www.laguiadepamplona.com\\\/actualidad\\\/\"},{\"@type\":\"ListItem\",\"position\":2,\"name\":\"Aprobada la licitaci\u00f3n del contrato para elaborar y suministrar los servicios de comida para las personas usuarias del comedor municipal de la calle del Carmen\"}]},{\"@type\":\"WebSite\",\"@id\":\"https:\\\/\\\/www.laguiadepamplona.com\\\/actualidad\\\/#website\",\"url\":\"https:\\\/\\\/www.laguiadepamplona.com\\\/actualidad\\\/\",\"name\":\"La gu\u00eda de Pamplona\",\"description\":\"Noticias de Pamplona\",\"publisher\":{\"@id\":\"https:\\\/\\\/www.laguiadepamplona.com\\\/actualidad\\\/#organization\"},\"potentialAction\":[{\"@type\":\"SearchAction\",\"target\":{\"@type\":\"EntryPoint\",\"urlTemplate\":\"https:\\\/\\\/www.laguiadepamplona.com\\\/actualidad\\\/?s={search_term_string}\"},\"query-input\":{\"@type\":\"PropertyValueSpecification\",\"valueRequired\":true,\"valueName\":\"search_term_string\"}}],\"inLanguage\":\"es\"},{\"@type\":\"Organization\",\"@id\":\"https:\\\/\\\/www.laguiadepamplona.com\\\/actualidad\\\/#organization\",\"name\":\"La Gu\u00eda de Pamplona \\\/ Noticias\",\"url\":\"https:\\\/\\\/www.laguiadepamplona.com\\\/actualidad\\\/\",\"logo\":{\"@type\":\"ImageObject\",\"inLanguage\":\"es\",\"@id\":\"https:\\\/\\\/www.laguiadepamplona.com\\\/actualidad\\\/#\\\/schema\\\/logo\\\/image\\\/\",\"url\":\"https:\\\/\\\/www.laguiadepamplona.com\\\/actualidad\\\/wp-content\\\/uploads\\\/2018\\\/11\\\/logo-laguiadepamplona18-web1.png\",\"contentUrl\":\"https:\\\/\\\/www.laguiadepamplona.com\\\/actualidad\\\/wp-content\\\/uploads\\\/2018\\\/11\\\/logo-laguiadepamplona18-web1.png\",\"width\":600,\"height\":196,\"caption\":\"La Gu\u00eda de Pamplona \\\/ Noticias\"},\"image\":{\"@id\":\"https:\\\/\\\/www.laguiadepamplona.com\\\/actualidad\\\/#\\\/schema\\\/logo\\\/image\\\/\"},\"sameAs\":[\"https:\\\/\\\/www.facebook.com\\\/laguiadepamplonacom-133175176762273\\\/?ref=hl\",\"https:\\\/\\\/x.com\\\/LaGuiadPamplona\",\"https:\\\/\\\/www.instagram.com\\\/la_guia_de_pamplona\\\/\",\"https:\\\/\\\/www.youtube.com\\\/user\\\/laguiadepamplona\"]},{\"@type\":\"Person\",\"@id\":\"https:\\\/\\\/www.laguiadepamplona.com\\\/actualidad\\\/#\\\/schema\\\/person\\\/efe887376f0213d4657c93adc50b1fdb\",\"name\":\"La Gu\u00eda de Pamplona\",\"image\":{\"@type\":\"ImageObject\",\"inLanguage\":\"es\",\"@id\":\"https:\\\/\\\/secure.gravatar.com\\\/avatar\\\/b6992f131dc8d30ab0dff15446e9d346d9dbd95992de0fef795073f5ea83a81c?s=96&d=mm&r=g\",\"url\":\"https:\\\/\\\/secure.gravatar.com\\\/avatar\\\/b6992f131dc8d30ab0dff15446e9d346d9dbd95992de0fef795073f5ea83a81c?s=96&d=mm&r=g\",\"contentUrl\":\"https:\\\/\\\/secure.gravatar.com\\\/avatar\\\/b6992f131dc8d30ab0dff15446e9d346d9dbd95992de0fef795073f5ea83a81c?s=96&d=mm&r=g\",\"caption\":\"La Gu\u00eda de Pamplona\"}}]}<\/script>\n<!-- \/ Yoast SEO plugin. -->","yoast_head_json":{"title":"Aprobada la licitaci\u00f3n del contrato para elaborar y suministrar los servicios de comida para las personas usuarias del comedor municipal de la calle del Carmen","robots":{"index":"index","follow":"follow","max-snippet":"max-snippet:-1","max-image-preview":"max-image-preview:large","max-video-preview":"max-video-preview:-1"},"canonical":"https:\/\/www.laguiadepamplona.com\/actualidad\/aprobada-la-licitacion-del-contrato-para-elaborar-y-suministrar-los-servicios-de-comida-para-las-personas-usuarias-del-comedor-municipal-de-la-calle-del-carmen\/","og_locale":"es_ES","og_type":"article","og_title":"Aprobada la licitaci\u00f3n del contrato para elaborar y suministrar los servicios de comida para las personas usuarias del comedor municipal de la calle del Carmen","og_description":"Se contratan de forma general, aunque abierta a la demanda concreta, 100 servicios diarios (50 comidas y 50 cenas), adem\u00e1s de 35 desayunos","og_url":"https:\/\/www.laguiadepamplona.com\/actualidad\/aprobada-la-licitacion-del-contrato-para-elaborar-y-suministrar-los-servicios-de-comida-para-las-personas-usuarias-del-comedor-municipal-de-la-calle-del-carmen\/","og_site_name":"La Gu\u00eda de Pamplona","article_publisher":"https:\/\/www.facebook.com\/laguiadepamplonacom-133175176762273\/?ref=hl","article_published_time":"2019-11-25T14:57:32+00:00","og_image":[{"width":1024,"height":683,"url":"https:\/\/www.laguiadepamplona.com\/actualidad\/wp-content\/uploads\/2016\/12\/16.02.08_comedor_municipal_espacio_actual-2014-1024x683.jpg","type":"image\/jpeg"}],"author":"La Gu\u00eda de Pamplona","twitter_card":"summary_large_image","twitter_creator":"@LaGuiadPamplona","twitter_site":"@LaGuiadPamplona","twitter_misc":{"Escrito por":"La Gu\u00eda de Pamplona","Tiempo de lectura":"4 minutos"},"schema":{"@context":"https:\/\/schema.org","@graph":[{"@type":"Article","@id":"https:\/\/www.laguiadepamplona.com\/actualidad\/aprobada-la-licitacion-del-contrato-para-elaborar-y-suministrar-los-servicios-de-comida-para-las-personas-usuarias-del-comedor-municipal-de-la-calle-del-carmen\/#article","isPartOf":{"@id":"https:\/\/www.laguiadepamplona.com\/actualidad\/aprobada-la-licitacion-del-contrato-para-elaborar-y-suministrar-los-servicios-de-comida-para-las-personas-usuarias-del-comedor-municipal-de-la-calle-del-carmen\/"},"author":{"name":"La Gu\u00eda de Pamplona","@id":"https:\/\/www.laguiadepamplona.com\/actualidad\/#\/schema\/person\/efe887376f0213d4657c93adc50b1fdb"},"headline":"Aprobada la licitaci\u00f3n del contrato para elaborar y suministrar los servicios de comida para las personas usuarias del comedor municipal de la calle del Carmen","datePublished":"2019-11-25T14:57:32+00:00","mainEntityOfPage":{"@id":"https:\/\/www.laguiadepamplona.com\/actualidad\/aprobada-la-licitacion-del-contrato-para-elaborar-y-suministrar-los-servicios-de-comida-para-las-personas-usuarias-del-comedor-municipal-de-la-calle-del-carmen\/"},"wordCount":770,"commentCount":0,"publisher":{"@id":"https:\/\/www.laguiadepamplona.com\/actualidad\/#organization"},"image":{"@id":"https:\/\/www.laguiadepamplona.com\/actualidad\/aprobada-la-licitacion-del-contrato-para-elaborar-y-suministrar-los-servicios-de-comida-para-las-personas-usuarias-del-comedor-municipal-de-la-calle-del-carmen\/#primaryimage"},"thumbnailUrl":"https:\/\/www.laguiadepamplona.com\/actualidad\/wp-content\/uploads\/2016\/12\/16.02.08_comedor_municipal_espacio_actual-2014-1024x683.jpg","articleSection":["Ayto Pamplona"],"inLanguage":"es","potentialAction":[{"@type":"CommentAction","name":"Comment","target":["https:\/\/www.laguiadepamplona.com\/actualidad\/aprobada-la-licitacion-del-contrato-para-elaborar-y-suministrar-los-servicios-de-comida-para-las-personas-usuarias-del-comedor-municipal-de-la-calle-del-carmen\/#respond"]}]},{"@type":"WebPage","@id":"https:\/\/www.laguiadepamplona.com\/actualidad\/aprobada-la-licitacion-del-contrato-para-elaborar-y-suministrar-los-servicios-de-comida-para-las-personas-usuarias-del-comedor-municipal-de-la-calle-del-carmen\/","url":"https:\/\/www.laguiadepamplona.com\/actualidad\/aprobada-la-licitacion-del-contrato-para-elaborar-y-suministrar-los-servicios-de-comida-para-las-personas-usuarias-del-comedor-municipal-de-la-calle-del-carmen\/","name":"Aprobada la licitaci\u00f3n del contrato para elaborar y suministrar los servicios de comida para las personas usuarias del comedor municipal de la calle del Carmen","isPartOf":{"@id":"https:\/\/www.laguiadepamplona.com\/actualidad\/#website"},"primaryImageOfPage":{"@id":"https:\/\/www.laguiadepamplona.com\/actualidad\/aprobada-la-licitacion-del-contrato-para-elaborar-y-suministrar-los-servicios-de-comida-para-las-personas-usuarias-del-comedor-municipal-de-la-calle-del-carmen\/#primaryimage"},"image":{"@id":"https:\/\/www.laguiadepamplona.com\/actualidad\/aprobada-la-licitacion-del-contrato-para-elaborar-y-suministrar-los-servicios-de-comida-para-las-personas-usuarias-del-comedor-municipal-de-la-calle-del-carmen\/#primaryimage"},"thumbnailUrl":"https:\/\/www.laguiadepamplona.com\/actualidad\/wp-content\/uploads\/2016\/12\/16.02.08_comedor_municipal_espacio_actual-2014-1024x683.jpg","datePublished":"2019-11-25T14:57:32+00:00","breadcrumb":{"@id":"https:\/\/www.laguiadepamplona.com\/actualidad\/aprobada-la-licitacion-del-contrato-para-elaborar-y-suministrar-los-servicios-de-comida-para-las-personas-usuarias-del-comedor-municipal-de-la-calle-del-carmen\/#breadcrumb"},"inLanguage":"es","potentialAction":[{"@type":"ReadAction","target":["https:\/\/www.laguiadepamplona.com\/actualidad\/aprobada-la-licitacion-del-contrato-para-elaborar-y-suministrar-los-servicios-de-comida-para-las-personas-usuarias-del-comedor-municipal-de-la-calle-del-carmen\/"]}]},{"@type":"ImageObject","inLanguage":"es","@id":"https:\/\/www.laguiadepamplona.com\/actualidad\/aprobada-la-licitacion-del-contrato-para-elaborar-y-suministrar-los-servicios-de-comida-para-las-personas-usuarias-del-comedor-municipal-de-la-calle-del-carmen\/#primaryimage","url":"https:\/\/www.laguiadepamplona.com\/actualidad\/wp-content\/uploads\/2016\/12\/16.02.08_comedor_municipal_espacio_actual-2014-1024x683.jpg","contentUrl":"https:\/\/www.laguiadepamplona.com\/actualidad\/wp-content\/uploads\/2016\/12\/16.02.08_comedor_municipal_espacio_actual-2014-1024x683.jpg","width":1024,"height":683},{"@type":"BreadcrumbList","@id":"https:\/\/www.laguiadepamplona.com\/actualidad\/aprobada-la-licitacion-del-contrato-para-elaborar-y-suministrar-los-servicios-de-comida-para-las-personas-usuarias-del-comedor-municipal-de-la-calle-del-carmen\/#breadcrumb","itemListElement":[{"@type":"ListItem","position":1,"name":"Portada","item":"https:\/\/www.laguiadepamplona.com\/actualidad\/"},{"@type":"ListItem","position":2,"name":"Aprobada la licitaci\u00f3n del contrato para elaborar y suministrar los servicios de comida para las personas usuarias del comedor municipal de la calle del Carmen"}]},{"@type":"WebSite","@id":"https:\/\/www.laguiadepamplona.com\/actualidad\/#website","url":"https:\/\/www.laguiadepamplona.com\/actualidad\/","name":"La gu\u00eda de Pamplona","description":"Noticias de Pamplona","publisher":{"@id":"https:\/\/www.laguiadepamplona.com\/actualidad\/#organization"},"potentialAction":[{"@type":"SearchAction","target":{"@type":"EntryPoint","urlTemplate":"https:\/\/www.laguiadepamplona.com\/actualidad\/?s={search_term_string}"},"query-input":{"@type":"PropertyValueSpecification","valueRequired":true,"valueName":"search_term_string"}}],"inLanguage":"es"},{"@type":"Organization","@id":"https:\/\/www.laguiadepamplona.com\/actualidad\/#organization","name":"La Gu\u00eda de Pamplona \/ Noticias","url":"https:\/\/www.laguiadepamplona.com\/actualidad\/","logo":{"@type":"ImageObject","inLanguage":"es","@id":"https:\/\/www.laguiadepamplona.com\/actualidad\/#\/schema\/logo\/image\/","url":"https:\/\/www.laguiadepamplona.com\/actualidad\/wp-content\/uploads\/2018\/11\/logo-laguiadepamplona18-web1.png","contentUrl":"https:\/\/www.laguiadepamplona.com\/actualidad\/wp-content\/uploads\/2018\/11\/logo-laguiadepamplona18-web1.png","width":600,"height":196,"caption":"La Gu\u00eda de Pamplona \/ Noticias"},"image":{"@id":"https:\/\/www.laguiadepamplona.com\/actualidad\/#\/schema\/logo\/image\/"},"sameAs":["https:\/\/www.facebook.com\/laguiadepamplonacom-133175176762273\/?ref=hl","https:\/\/x.com\/LaGuiadPamplona","https:\/\/www.instagram.com\/la_guia_de_pamplona\/","https:\/\/www.youtube.com\/user\/laguiadepamplona"]},{"@type":"Person","@id":"https:\/\/www.laguiadepamplona.com\/actualidad\/#\/schema\/person\/efe887376f0213d4657c93adc50b1fdb","name":"La Gu\u00eda de Pamplona","image":{"@type":"ImageObject","inLanguage":"es","@id":"https:\/\/secure.gravatar.com\/avatar\/b6992f131dc8d30ab0dff15446e9d346d9dbd95992de0fef795073f5ea83a81c?s=96&d=mm&r=g","url":"https:\/\/secure.gravatar.com\/avatar\/b6992f131dc8d30ab0dff15446e9d346d9dbd95992de0fef795073f5ea83a81c?s=96&d=mm&r=g","contentUrl":"https:\/\/secure.gravatar.com\/avatar\/b6992f131dc8d30ab0dff15446e9d346d9dbd95992de0fef795073f5ea83a81c?s=96&d=mm&r=g","caption":"La Gu\u00eda de Pamplona"}}]}},"post_mailing_queue_ids":[],"_links":{"self":[{"href":"https:\/\/www.laguiadepamplona.com\/actualidad\/wp-json\/wp\/v2\/posts\/26482","targetHints":{"allow":["GET"]}}],"collection":[{"href":"https:\/\/www.laguiadepamplona.com\/actualidad\/wp-json\/wp\/v2\/posts"}],"about":[{"href":"https:\/\/www.laguiadepamplona.com\/actualidad\/wp-json\/wp\/v2\/types\/post"}],"author":[{"embeddable":true,"href":"https:\/\/www.laguiadepamplona.com\/actualidad\/wp-json\/wp\/v2\/users\/1"}],"replies":[{"embeddable":true,"href":"https:\/\/www.laguiadepamplona.com\/actualidad\/wp-json\/wp\/v2\/comments?post=26482"}],"version-history":[{"count":0,"href":"https:\/\/www.laguiadepamplona.com\/actualidad\/wp-json\/wp\/v2\/posts\/26482\/revisions"}],"wp:featuredmedia":[{"embeddable":true,"href":"https:\/\/www.laguiadepamplona.com\/actualidad\/wp-json\/wp\/v2\/media\/11197"}],"wp:attachment":[{"href":"https:\/\/www.laguiadepamplona.com\/actualidad\/wp-json\/wp\/v2\/media?parent=26482"}],"wp:term":[{"taxonomy":"category","embeddable":true,"href":"https:\/\/www.laguiadepamplona.com\/actualidad\/wp-json\/wp\/v2\/categories?post=26482"},{"taxonomy":"post_tag","embeddable":true,"href":"https:\/\/www.laguiadepamplona.com\/actualidad\/wp-json\/wp\/v2\/tags?post=26482"}],"curies":[{"name":"wp","href":"https:\/\/api.w.org\/{rel}","templated":true}]}}