{"id":26468,"date":"2019-11-25T16:52:49","date_gmt":"2019-11-25T14:52:49","guid":{"rendered":"https:\/\/www.laguiadepamplona.es\/actualidad\/?p=26468"},"modified":"2019-11-25T16:53:03","modified_gmt":"2019-11-25T14:53:03","slug":"el-pacto-por-la-persona-mayor-de-san-juan-lleva-este-martes-a-la-biblioteca-yamaguchi-una-charla-sobre-depresion","status":"publish","type":"post","link":"https:\/\/www.laguiadepamplona.com\/actualidad\/el-pacto-por-la-persona-mayor-de-san-juan-lleva-este-martes-a-la-biblioteca-yamaguchi-una-charla-sobre-depresion\/","title":{"rendered":"El Pacto por la Persona Mayor de San Juan lleva este martes a la biblioteca Yamaguchi una charla sobre depresi\u00f3n"},"content":{"rendered":"<h3>La jornada contar\u00e1 con la presencia de profesionales del Colegio de Psicolog\u00eda de Navarra especializados en procesos del envejecimiento<\/h3>\n<p><!--more--><\/p>\n<p>La Biblioteca P\u00fablica de Yamaguchi acoger\u00e1 este martes la charla \u2018Me siento triste; \u00bfser\u00e1 depresi\u00f3n?\u2019, dentro de las acciones organizadas por el Pacto por la Persona Mayor de San Juan. La jornada, que tendr\u00e1 lugar a las 18.30 horas, ser\u00e1 ofrecida por Arantxa Saig\u00f3s y Tania Camino, miembros del grupo de procesos del envejecimiento del Colegio de Psicolog\u00eda de Navarra. La entrada es libre.<\/p>\n<p>El encuentro tratar\u00e1 de aportar claves que ayuden a diferenciar entre la tristeza y la depresi\u00f3n, ya que, aunque pueden tener signos y s\u00edntomas comunes, no son lo mismo. En este sentido, la depresi\u00f3n es un trastorno psicol\u00f3gico, mientras que la tristeza es un estado mental relativamente pasajero. Aprender a diferenciar uno de otro es fundamental para poder obtener la atenci\u00f3n necesaria.<\/p>\n<p>Esta actividad se inscribe dentro de las acciones que lleva a cabo el Pacto por la Persona Mayor del barrio de San Juan, una iniciativa vecinal y asociativa que surgi\u00f3 en marzo de 2018. Un total de 18 colectivos forman parte de este pacto, que busca dise\u00f1ar propuestas conjuntas de salud, participaci\u00f3n y seguridad que repercutan en la poblaci\u00f3n mayor del que a d\u00eda de hoy es el barrio con el \u00edndice m\u00e1s alto de envejecimiento de toda la ciudad.<\/p>\n<p><script async src=\"\/\/pagead2.googlesyndication.com\/pagead\/js\/adsbygoogle.js\"><\/script><br \/>\n<!-- Noticias La Guia de Pamplona --><br \/>\n<ins class=\"adsbygoogle\"\nstyle=\"display:block\"\ndata-ad-client=\"ca-pub-6943679897239327\"\ndata-ad-slot=\"7048180777\"\ndata-ad-format=\"auto\"><\/ins><br \/>\n<script>\n(adsbygoogle = window.adsbygoogle || []).push({});\n<\/script><\/p>\n<p><strong>Los tres pilares del envejecimiento<\/strong><\/p>\n<p>La calidad de vida de las personas mayores depende, fundamentalmente, de la salud, pero tambi\u00e9n tienen una importancia considerable otros dos pilares: la participaci\u00f3n y la seguridad. Es por ello que en el Pacto por la Persona Mayor se han unido organizaciones y colectivos de todas estas \u00e1reas. Agrupaciones y asociaciones deportivas y culturales comparten espacio con comercios, farmacias y servicios sociales y sanitarios con presencia en la zona, adem\u00e1s de Polic\u00eda Municipal y la concejal\u00eda de barrio. Todos ellos se re\u00fanen una vez al mes para analizar las necesidades de los mayores y posibles medidas para darles respuesta de una forma comprometida y coordinada.<\/p>\n<p>Este acuerdo multidisciplinar y multisectorial es un ejemplo de buena pr\u00e1ctica transversal y est\u00e1 dando ya diversos resultados. Entre otras acciones, el Pacto ha elaborado un diagn\u00f3stico de las necesidades de las personas mayores del barrio de San Juan y ha dise\u00f1ado un programa de voluntariado, coordinado por DYA Navarra y C\u00e1ritas. Adem\u00e1s, ha organizado diversas charlas sobre aspectos que preocupan a las personas de m\u00e1s edad. El encuentro de este martes se inscribe dentro de estas actividades.<\/p>\n","protected":false},"excerpt":{"rendered":"<p>La jornada contar\u00e1 con la presencia de profesionales del Colegio de Psicolog\u00eda de Navarra especializados en procesos del envejecimiento<\/p>\n","protected":false},"author":1,"featured_media":11028,"comment_status":"open","ping_status":"closed","sticky":false,"template":"","format":"standard","meta":{"footnotes":""},"categories":[2],"tags":[],"class_list":["post-26468","post","type-post","status-publish","format-standard","has-post-thumbnail","hentry","category-ayuntamiento-pamplona"],"yoast_head":"<!-- This site is optimized with the Yoast SEO plugin v27.3 - https:\/\/yoast.com\/product\/yoast-seo-wordpress\/ -->\n<title>El Pacto por la Persona Mayor de San Juan lleva este martes a la biblioteca Yamaguchi una charla sobre depresi\u00f3n<\/title>\n<meta name=\"robots\" content=\"index, follow, max-snippet:-1, max-image-preview:large, max-video-preview:-1\" \/>\n<link rel=\"canonical\" href=\"https:\/\/www.laguiadepamplona.com\/actualidad\/el-pacto-por-la-persona-mayor-de-san-juan-lleva-este-martes-a-la-biblioteca-yamaguchi-una-charla-sobre-depresion\/\" \/>\n<meta property=\"og:locale\" content=\"es_ES\" \/>\n<meta property=\"og:type\" content=\"article\" \/>\n<meta property=\"og:title\" content=\"El Pacto por la Persona Mayor de San Juan lleva este martes a la biblioteca Yamaguchi una charla sobre depresi\u00f3n\" \/>\n<meta property=\"og:description\" content=\"La jornada contar\u00e1 con la presencia de profesionales del Colegio de Psicolog\u00eda de Navarra especializados en procesos del envejecimiento\" \/>\n<meta property=\"og:url\" content=\"https:\/\/www.laguiadepamplona.com\/actualidad\/el-pacto-por-la-persona-mayor-de-san-juan-lleva-este-martes-a-la-biblioteca-yamaguchi-una-charla-sobre-depresion\/\" \/>\n<meta property=\"og:site_name\" content=\"La Gu\u00eda de Pamplona\" \/>\n<meta property=\"article:publisher\" content=\"https:\/\/www.facebook.com\/laguiadepamplonacom-133175176762273\/?ref=hl\" \/>\n<meta property=\"article:published_time\" content=\"2019-11-25T14:52:49+00:00\" \/>\n<meta property=\"article:modified_time\" content=\"2019-11-25T14:53:03+00:00\" \/>\n<meta property=\"og:image\" content=\"https:\/\/www.laguiadepamplona.com\/actualidad\/wp-content\/uploads\/2016\/12\/jornadas-mayores2.jpg\" \/>\n\t<meta property=\"og:image:width\" content=\"1000\" \/>\n\t<meta property=\"og:image:height\" content=\"668\" \/>\n\t<meta property=\"og:image:type\" content=\"image\/jpeg\" \/>\n<meta name=\"author\" content=\"La Gu\u00eda de Pamplona\" \/>\n<meta name=\"twitter:card\" content=\"summary_large_image\" \/>\n<meta name=\"twitter:creator\" content=\"@LaGuiadPamplona\" \/>\n<meta name=\"twitter:site\" content=\"@LaGuiadPamplona\" \/>\n<meta name=\"twitter:label1\" content=\"Escrito por\" \/>\n\t<meta name=\"twitter:data1\" content=\"La Gu\u00eda de Pamplona\" \/>\n\t<meta name=\"twitter:label2\" content=\"Tiempo de lectura\" \/>\n\t<meta name=\"twitter:data2\" content=\"2 minutos\" \/>\n<script type=\"application\/ld+json\" class=\"yoast-schema-graph\">{\"@context\":\"https:\\\/\\\/schema.org\",\"@graph\":[{\"@type\":\"Article\",\"@id\":\"https:\\\/\\\/www.laguiadepamplona.com\\\/actualidad\\\/el-pacto-por-la-persona-mayor-de-san-juan-lleva-este-martes-a-la-biblioteca-yamaguchi-una-charla-sobre-depresion\\\/#article\",\"isPartOf\":{\"@id\":\"https:\\\/\\\/www.laguiadepamplona.com\\\/actualidad\\\/el-pacto-por-la-persona-mayor-de-san-juan-lleva-este-martes-a-la-biblioteca-yamaguchi-una-charla-sobre-depresion\\\/\"},\"author\":{\"name\":\"La Gu\u00eda de Pamplona\",\"@id\":\"https:\\\/\\\/www.laguiadepamplona.com\\\/actualidad\\\/#\\\/schema\\\/person\\\/efe887376f0213d4657c93adc50b1fdb\"},\"headline\":\"El Pacto por la Persona Mayor de San Juan lleva este martes a la biblioteca Yamaguchi una charla sobre depresi\u00f3n\",\"datePublished\":\"2019-11-25T14:52:49+00:00\",\"dateModified\":\"2019-11-25T14:53:03+00:00\",\"mainEntityOfPage\":{\"@id\":\"https:\\\/\\\/www.laguiadepamplona.com\\\/actualidad\\\/el-pacto-por-la-persona-mayor-de-san-juan-lleva-este-martes-a-la-biblioteca-yamaguchi-una-charla-sobre-depresion\\\/\"},\"wordCount\":458,\"commentCount\":0,\"publisher\":{\"@id\":\"https:\\\/\\\/www.laguiadepamplona.com\\\/actualidad\\\/#organization\"},\"image\":{\"@id\":\"https:\\\/\\\/www.laguiadepamplona.com\\\/actualidad\\\/el-pacto-por-la-persona-mayor-de-san-juan-lleva-este-martes-a-la-biblioteca-yamaguchi-una-charla-sobre-depresion\\\/#primaryimage\"},\"thumbnailUrl\":\"https:\\\/\\\/www.laguiadepamplona.com\\\/actualidad\\\/wp-content\\\/uploads\\\/2016\\\/12\\\/jornadas-mayores2.jpg\",\"articleSection\":[\"Ayto Pamplona\"],\"inLanguage\":\"es\",\"potentialAction\":[{\"@type\":\"CommentAction\",\"name\":\"Comment\",\"target\":[\"https:\\\/\\\/www.laguiadepamplona.com\\\/actualidad\\\/el-pacto-por-la-persona-mayor-de-san-juan-lleva-este-martes-a-la-biblioteca-yamaguchi-una-charla-sobre-depresion\\\/#respond\"]}]},{\"@type\":\"WebPage\",\"@id\":\"https:\\\/\\\/www.laguiadepamplona.com\\\/actualidad\\\/el-pacto-por-la-persona-mayor-de-san-juan-lleva-este-martes-a-la-biblioteca-yamaguchi-una-charla-sobre-depresion\\\/\",\"url\":\"https:\\\/\\\/www.laguiadepamplona.com\\\/actualidad\\\/el-pacto-por-la-persona-mayor-de-san-juan-lleva-este-martes-a-la-biblioteca-yamaguchi-una-charla-sobre-depresion\\\/\",\"name\":\"El Pacto por la Persona Mayor de San Juan lleva este martes a la biblioteca Yamaguchi una charla sobre depresi\u00f3n\",\"isPartOf\":{\"@id\":\"https:\\\/\\\/www.laguiadepamplona.com\\\/actualidad\\\/#website\"},\"primaryImageOfPage\":{\"@id\":\"https:\\\/\\\/www.laguiadepamplona.com\\\/actualidad\\\/el-pacto-por-la-persona-mayor-de-san-juan-lleva-este-martes-a-la-biblioteca-yamaguchi-una-charla-sobre-depresion\\\/#primaryimage\"},\"image\":{\"@id\":\"https:\\\/\\\/www.laguiadepamplona.com\\\/actualidad\\\/el-pacto-por-la-persona-mayor-de-san-juan-lleva-este-martes-a-la-biblioteca-yamaguchi-una-charla-sobre-depresion\\\/#primaryimage\"},\"thumbnailUrl\":\"https:\\\/\\\/www.laguiadepamplona.com\\\/actualidad\\\/wp-content\\\/uploads\\\/2016\\\/12\\\/jornadas-mayores2.jpg\",\"datePublished\":\"2019-11-25T14:52:49+00:00\",\"dateModified\":\"2019-11-25T14:53:03+00:00\",\"breadcrumb\":{\"@id\":\"https:\\\/\\\/www.laguiadepamplona.com\\\/actualidad\\\/el-pacto-por-la-persona-mayor-de-san-juan-lleva-este-martes-a-la-biblioteca-yamaguchi-una-charla-sobre-depresion\\\/#breadcrumb\"},\"inLanguage\":\"es\",\"potentialAction\":[{\"@type\":\"ReadAction\",\"target\":[\"https:\\\/\\\/www.laguiadepamplona.com\\\/actualidad\\\/el-pacto-por-la-persona-mayor-de-san-juan-lleva-este-martes-a-la-biblioteca-yamaguchi-una-charla-sobre-depresion\\\/\"]}]},{\"@type\":\"ImageObject\",\"inLanguage\":\"es\",\"@id\":\"https:\\\/\\\/www.laguiadepamplona.com\\\/actualidad\\\/el-pacto-por-la-persona-mayor-de-san-juan-lleva-este-martes-a-la-biblioteca-yamaguchi-una-charla-sobre-depresion\\\/#primaryimage\",\"url\":\"https:\\\/\\\/www.laguiadepamplona.com\\\/actualidad\\\/wp-content\\\/uploads\\\/2016\\\/12\\\/jornadas-mayores2.jpg\",\"contentUrl\":\"https:\\\/\\\/www.laguiadepamplona.com\\\/actualidad\\\/wp-content\\\/uploads\\\/2016\\\/12\\\/jornadas-mayores2.jpg\",\"width\":1000,\"height\":668},{\"@type\":\"BreadcrumbList\",\"@id\":\"https:\\\/\\\/www.laguiadepamplona.com\\\/actualidad\\\/el-pacto-por-la-persona-mayor-de-san-juan-lleva-este-martes-a-la-biblioteca-yamaguchi-una-charla-sobre-depresion\\\/#breadcrumb\",\"itemListElement\":[{\"@type\":\"ListItem\",\"position\":1,\"name\":\"Portada\",\"item\":\"https:\\\/\\\/www.laguiadepamplona.com\\\/actualidad\\\/\"},{\"@type\":\"ListItem\",\"position\":2,\"name\":\"El Pacto por la Persona Mayor de San Juan lleva este martes a la biblioteca Yamaguchi una charla sobre depresi\u00f3n\"}]},{\"@type\":\"WebSite\",\"@id\":\"https:\\\/\\\/www.laguiadepamplona.com\\\/actualidad\\\/#website\",\"url\":\"https:\\\/\\\/www.laguiadepamplona.com\\\/actualidad\\\/\",\"name\":\"La gu\u00eda de Pamplona\",\"description\":\"Noticias de Pamplona\",\"publisher\":{\"@id\":\"https:\\\/\\\/www.laguiadepamplona.com\\\/actualidad\\\/#organization\"},\"potentialAction\":[{\"@type\":\"SearchAction\",\"target\":{\"@type\":\"EntryPoint\",\"urlTemplate\":\"https:\\\/\\\/www.laguiadepamplona.com\\\/actualidad\\\/?s={search_term_string}\"},\"query-input\":{\"@type\":\"PropertyValueSpecification\",\"valueRequired\":true,\"valueName\":\"search_term_string\"}}],\"inLanguage\":\"es\"},{\"@type\":\"Organization\",\"@id\":\"https:\\\/\\\/www.laguiadepamplona.com\\\/actualidad\\\/#organization\",\"name\":\"La Gu\u00eda de Pamplona \\\/ Noticias\",\"url\":\"https:\\\/\\\/www.laguiadepamplona.com\\\/actualidad\\\/\",\"logo\":{\"@type\":\"ImageObject\",\"inLanguage\":\"es\",\"@id\":\"https:\\\/\\\/www.laguiadepamplona.com\\\/actualidad\\\/#\\\/schema\\\/logo\\\/image\\\/\",\"url\":\"https:\\\/\\\/www.laguiadepamplona.com\\\/actualidad\\\/wp-content\\\/uploads\\\/2018\\\/11\\\/logo-laguiadepamplona18-web1.png\",\"contentUrl\":\"https:\\\/\\\/www.laguiadepamplona.com\\\/actualidad\\\/wp-content\\\/uploads\\\/2018\\\/11\\\/logo-laguiadepamplona18-web1.png\",\"width\":600,\"height\":196,\"caption\":\"La Gu\u00eda de Pamplona \\\/ Noticias\"},\"image\":{\"@id\":\"https:\\\/\\\/www.laguiadepamplona.com\\\/actualidad\\\/#\\\/schema\\\/logo\\\/image\\\/\"},\"sameAs\":[\"https:\\\/\\\/www.facebook.com\\\/laguiadepamplonacom-133175176762273\\\/?ref=hl\",\"https:\\\/\\\/x.com\\\/LaGuiadPamplona\",\"https:\\\/\\\/www.instagram.com\\\/la_guia_de_pamplona\\\/\",\"https:\\\/\\\/www.youtube.com\\\/user\\\/laguiadepamplona\"]},{\"@type\":\"Person\",\"@id\":\"https:\\\/\\\/www.laguiadepamplona.com\\\/actualidad\\\/#\\\/schema\\\/person\\\/efe887376f0213d4657c93adc50b1fdb\",\"name\":\"La Gu\u00eda de Pamplona\",\"image\":{\"@type\":\"ImageObject\",\"inLanguage\":\"es\",\"@id\":\"https:\\\/\\\/secure.gravatar.com\\\/avatar\\\/b6992f131dc8d30ab0dff15446e9d346d9dbd95992de0fef795073f5ea83a81c?s=96&d=mm&r=g\",\"url\":\"https:\\\/\\\/secure.gravatar.com\\\/avatar\\\/b6992f131dc8d30ab0dff15446e9d346d9dbd95992de0fef795073f5ea83a81c?s=96&d=mm&r=g\",\"contentUrl\":\"https:\\\/\\\/secure.gravatar.com\\\/avatar\\\/b6992f131dc8d30ab0dff15446e9d346d9dbd95992de0fef795073f5ea83a81c?s=96&d=mm&r=g\",\"caption\":\"La Gu\u00eda de Pamplona\"}}]}<\/script>\n<!-- \/ Yoast SEO plugin. -->","yoast_head_json":{"title":"El Pacto por la Persona Mayor de San Juan lleva este martes a la biblioteca Yamaguchi una charla sobre depresi\u00f3n","robots":{"index":"index","follow":"follow","max-snippet":"max-snippet:-1","max-image-preview":"max-image-preview:large","max-video-preview":"max-video-preview:-1"},"canonical":"https:\/\/www.laguiadepamplona.com\/actualidad\/el-pacto-por-la-persona-mayor-de-san-juan-lleva-este-martes-a-la-biblioteca-yamaguchi-una-charla-sobre-depresion\/","og_locale":"es_ES","og_type":"article","og_title":"El Pacto por la Persona Mayor de San Juan lleva este martes a la biblioteca Yamaguchi una charla sobre depresi\u00f3n","og_description":"La jornada contar\u00e1 con la presencia de profesionales del Colegio de Psicolog\u00eda de Navarra especializados en procesos del envejecimiento","og_url":"https:\/\/www.laguiadepamplona.com\/actualidad\/el-pacto-por-la-persona-mayor-de-san-juan-lleva-este-martes-a-la-biblioteca-yamaguchi-una-charla-sobre-depresion\/","og_site_name":"La Gu\u00eda de Pamplona","article_publisher":"https:\/\/www.facebook.com\/laguiadepamplonacom-133175176762273\/?ref=hl","article_published_time":"2019-11-25T14:52:49+00:00","article_modified_time":"2019-11-25T14:53:03+00:00","og_image":[{"width":1000,"height":668,"url":"https:\/\/www.laguiadepamplona.com\/actualidad\/wp-content\/uploads\/2016\/12\/jornadas-mayores2.jpg","type":"image\/jpeg"}],"author":"La Gu\u00eda de Pamplona","twitter_card":"summary_large_image","twitter_creator":"@LaGuiadPamplona","twitter_site":"@LaGuiadPamplona","twitter_misc":{"Escrito por":"La Gu\u00eda de Pamplona","Tiempo de lectura":"2 minutos"},"schema":{"@context":"https:\/\/schema.org","@graph":[{"@type":"Article","@id":"https:\/\/www.laguiadepamplona.com\/actualidad\/el-pacto-por-la-persona-mayor-de-san-juan-lleva-este-martes-a-la-biblioteca-yamaguchi-una-charla-sobre-depresion\/#article","isPartOf":{"@id":"https:\/\/www.laguiadepamplona.com\/actualidad\/el-pacto-por-la-persona-mayor-de-san-juan-lleva-este-martes-a-la-biblioteca-yamaguchi-una-charla-sobre-depresion\/"},"author":{"name":"La Gu\u00eda de Pamplona","@id":"https:\/\/www.laguiadepamplona.com\/actualidad\/#\/schema\/person\/efe887376f0213d4657c93adc50b1fdb"},"headline":"El Pacto por la Persona Mayor de San Juan lleva este martes a la biblioteca Yamaguchi una charla sobre depresi\u00f3n","datePublished":"2019-11-25T14:52:49+00:00","dateModified":"2019-11-25T14:53:03+00:00","mainEntityOfPage":{"@id":"https:\/\/www.laguiadepamplona.com\/actualidad\/el-pacto-por-la-persona-mayor-de-san-juan-lleva-este-martes-a-la-biblioteca-yamaguchi-una-charla-sobre-depresion\/"},"wordCount":458,"commentCount":0,"publisher":{"@id":"https:\/\/www.laguiadepamplona.com\/actualidad\/#organization"},"image":{"@id":"https:\/\/www.laguiadepamplona.com\/actualidad\/el-pacto-por-la-persona-mayor-de-san-juan-lleva-este-martes-a-la-biblioteca-yamaguchi-una-charla-sobre-depresion\/#primaryimage"},"thumbnailUrl":"https:\/\/www.laguiadepamplona.com\/actualidad\/wp-content\/uploads\/2016\/12\/jornadas-mayores2.jpg","articleSection":["Ayto Pamplona"],"inLanguage":"es","potentialAction":[{"@type":"CommentAction","name":"Comment","target":["https:\/\/www.laguiadepamplona.com\/actualidad\/el-pacto-por-la-persona-mayor-de-san-juan-lleva-este-martes-a-la-biblioteca-yamaguchi-una-charla-sobre-depresion\/#respond"]}]},{"@type":"WebPage","@id":"https:\/\/www.laguiadepamplona.com\/actualidad\/el-pacto-por-la-persona-mayor-de-san-juan-lleva-este-martes-a-la-biblioteca-yamaguchi-una-charla-sobre-depresion\/","url":"https:\/\/www.laguiadepamplona.com\/actualidad\/el-pacto-por-la-persona-mayor-de-san-juan-lleva-este-martes-a-la-biblioteca-yamaguchi-una-charla-sobre-depresion\/","name":"El Pacto por la Persona Mayor de San Juan lleva este martes a la biblioteca Yamaguchi una charla sobre depresi\u00f3n","isPartOf":{"@id":"https:\/\/www.laguiadepamplona.com\/actualidad\/#website"},"primaryImageOfPage":{"@id":"https:\/\/www.laguiadepamplona.com\/actualidad\/el-pacto-por-la-persona-mayor-de-san-juan-lleva-este-martes-a-la-biblioteca-yamaguchi-una-charla-sobre-depresion\/#primaryimage"},"image":{"@id":"https:\/\/www.laguiadepamplona.com\/actualidad\/el-pacto-por-la-persona-mayor-de-san-juan-lleva-este-martes-a-la-biblioteca-yamaguchi-una-charla-sobre-depresion\/#primaryimage"},"thumbnailUrl":"https:\/\/www.laguiadepamplona.com\/actualidad\/wp-content\/uploads\/2016\/12\/jornadas-mayores2.jpg","datePublished":"2019-11-25T14:52:49+00:00","dateModified":"2019-11-25T14:53:03+00:00","breadcrumb":{"@id":"https:\/\/www.laguiadepamplona.com\/actualidad\/el-pacto-por-la-persona-mayor-de-san-juan-lleva-este-martes-a-la-biblioteca-yamaguchi-una-charla-sobre-depresion\/#breadcrumb"},"inLanguage":"es","potentialAction":[{"@type":"ReadAction","target":["https:\/\/www.laguiadepamplona.com\/actualidad\/el-pacto-por-la-persona-mayor-de-san-juan-lleva-este-martes-a-la-biblioteca-yamaguchi-una-charla-sobre-depresion\/"]}]},{"@type":"ImageObject","inLanguage":"es","@id":"https:\/\/www.laguiadepamplona.com\/actualidad\/el-pacto-por-la-persona-mayor-de-san-juan-lleva-este-martes-a-la-biblioteca-yamaguchi-una-charla-sobre-depresion\/#primaryimage","url":"https:\/\/www.laguiadepamplona.com\/actualidad\/wp-content\/uploads\/2016\/12\/jornadas-mayores2.jpg","contentUrl":"https:\/\/www.laguiadepamplona.com\/actualidad\/wp-content\/uploads\/2016\/12\/jornadas-mayores2.jpg","width":1000,"height":668},{"@type":"BreadcrumbList","@id":"https:\/\/www.laguiadepamplona.com\/actualidad\/el-pacto-por-la-persona-mayor-de-san-juan-lleva-este-martes-a-la-biblioteca-yamaguchi-una-charla-sobre-depresion\/#breadcrumb","itemListElement":[{"@type":"ListItem","position":1,"name":"Portada","item":"https:\/\/www.laguiadepamplona.com\/actualidad\/"},{"@type":"ListItem","position":2,"name":"El Pacto por la Persona Mayor de San Juan lleva este martes a la biblioteca Yamaguchi una charla sobre depresi\u00f3n"}]},{"@type":"WebSite","@id":"https:\/\/www.laguiadepamplona.com\/actualidad\/#website","url":"https:\/\/www.laguiadepamplona.com\/actualidad\/","name":"La gu\u00eda de Pamplona","description":"Noticias de Pamplona","publisher":{"@id":"https:\/\/www.laguiadepamplona.com\/actualidad\/#organization"},"potentialAction":[{"@type":"SearchAction","target":{"@type":"EntryPoint","urlTemplate":"https:\/\/www.laguiadepamplona.com\/actualidad\/?s={search_term_string}"},"query-input":{"@type":"PropertyValueSpecification","valueRequired":true,"valueName":"search_term_string"}}],"inLanguage":"es"},{"@type":"Organization","@id":"https:\/\/www.laguiadepamplona.com\/actualidad\/#organization","name":"La Gu\u00eda de Pamplona \/ Noticias","url":"https:\/\/www.laguiadepamplona.com\/actualidad\/","logo":{"@type":"ImageObject","inLanguage":"es","@id":"https:\/\/www.laguiadepamplona.com\/actualidad\/#\/schema\/logo\/image\/","url":"https:\/\/www.laguiadepamplona.com\/actualidad\/wp-content\/uploads\/2018\/11\/logo-laguiadepamplona18-web1.png","contentUrl":"https:\/\/www.laguiadepamplona.com\/actualidad\/wp-content\/uploads\/2018\/11\/logo-laguiadepamplona18-web1.png","width":600,"height":196,"caption":"La Gu\u00eda de Pamplona \/ Noticias"},"image":{"@id":"https:\/\/www.laguiadepamplona.com\/actualidad\/#\/schema\/logo\/image\/"},"sameAs":["https:\/\/www.facebook.com\/laguiadepamplonacom-133175176762273\/?ref=hl","https:\/\/x.com\/LaGuiadPamplona","https:\/\/www.instagram.com\/la_guia_de_pamplona\/","https:\/\/www.youtube.com\/user\/laguiadepamplona"]},{"@type":"Person","@id":"https:\/\/www.laguiadepamplona.com\/actualidad\/#\/schema\/person\/efe887376f0213d4657c93adc50b1fdb","name":"La Gu\u00eda de Pamplona","image":{"@type":"ImageObject","inLanguage":"es","@id":"https:\/\/secure.gravatar.com\/avatar\/b6992f131dc8d30ab0dff15446e9d346d9dbd95992de0fef795073f5ea83a81c?s=96&d=mm&r=g","url":"https:\/\/secure.gravatar.com\/avatar\/b6992f131dc8d30ab0dff15446e9d346d9dbd95992de0fef795073f5ea83a81c?s=96&d=mm&r=g","contentUrl":"https:\/\/secure.gravatar.com\/avatar\/b6992f131dc8d30ab0dff15446e9d346d9dbd95992de0fef795073f5ea83a81c?s=96&d=mm&r=g","caption":"La Gu\u00eda de Pamplona"}}]}},"post_mailing_queue_ids":[],"_links":{"self":[{"href":"https:\/\/www.laguiadepamplona.com\/actualidad\/wp-json\/wp\/v2\/posts\/26468","targetHints":{"allow":["GET"]}}],"collection":[{"href":"https:\/\/www.laguiadepamplona.com\/actualidad\/wp-json\/wp\/v2\/posts"}],"about":[{"href":"https:\/\/www.laguiadepamplona.com\/actualidad\/wp-json\/wp\/v2\/types\/post"}],"author":[{"embeddable":true,"href":"https:\/\/www.laguiadepamplona.com\/actualidad\/wp-json\/wp\/v2\/users\/1"}],"replies":[{"embeddable":true,"href":"https:\/\/www.laguiadepamplona.com\/actualidad\/wp-json\/wp\/v2\/comments?post=26468"}],"version-history":[{"count":0,"href":"https:\/\/www.laguiadepamplona.com\/actualidad\/wp-json\/wp\/v2\/posts\/26468\/revisions"}],"wp:featuredmedia":[{"embeddable":true,"href":"https:\/\/www.laguiadepamplona.com\/actualidad\/wp-json\/wp\/v2\/media\/11028"}],"wp:attachment":[{"href":"https:\/\/www.laguiadepamplona.com\/actualidad\/wp-json\/wp\/v2\/media?parent=26468"}],"wp:term":[{"taxonomy":"category","embeddable":true,"href":"https:\/\/www.laguiadepamplona.com\/actualidad\/wp-json\/wp\/v2\/categories?post=26468"},{"taxonomy":"post_tag","embeddable":true,"href":"https:\/\/www.laguiadepamplona.com\/actualidad\/wp-json\/wp\/v2\/tags?post=26468"}],"curies":[{"name":"wp","href":"https:\/\/api.w.org\/{rel}","templated":true}]}}