{"id":2582,"date":"2014-08-05T12:23:44","date_gmt":"2014-08-05T12:23:44","guid":{"rendered":"http:\/\/laguiadepamplona.com\/actualidad\/?p=2582"},"modified":"2014-08-05T12:23:44","modified_gmt":"2014-08-05T12:23:44","slug":"vuelve-el-duende-flamenco-y-la-danza-espanola-a-la-ciudadela-con-las-agrupaciones-gitanas-este-jueves-en-homenaje-a-sabicas","status":"publish","type":"post","link":"https:\/\/www.laguiadepamplona.com\/actualidad\/vuelve-el-duende-flamenco-y-la-danza-espanola-a-la-ciudadela-con-las-agrupaciones-gitanas-este-jueves-en-homenaje-a-sabicas\/","title":{"rendered":"Vuelve el duende flamenco y la danza espa\u00f1ola a la Ciudadela con las Agrupaciones Gitanas, este jueves en homenaje a Sabicas"},"content":{"rendered":"<h4>El ciclo \u2018Sabikerando\u2019 consta en esta edici\u00f3n, de tres espect\u00e1culos gratuitos que tendr\u00e1n lugar en agosto, dentro del programa de Ciudadelarte<\/h4>\n<p><a href=\"http:\/\/laguiadepamplona.com\/actualidad\/wp-content\/uploads\/2014\/08\/haciendo_sabicas_2.jpg\"><img loading=\"lazy\" decoding=\"async\" class=\"alignleft size-medium wp-image-2583\" src=\"http:\/\/laguiadepamplona.com\/actualidad\/wp-content\/uploads\/2014\/08\/haciendo_sabicas_2-300x225.jpg\" alt=\"SAMSUNG\" width=\"300\" height=\"225\" \/><\/a>Por tercer a\u00f1o consecutivo \u2018Ciudadelarte\u2019 reserva un espacio de homenaje para el guitarrista pamplon\u00e9s Agust\u00edn Castell\u00f3n Campos \u2018Sabicas\u2019. Bajo el t\u00edtulo de \u2018Sabikerando. Haciendo Sabicas\u2019 tres espect\u00e1culos de flamenco, los pr\u00f3ximos tres jueves de agosto, buscar\u00e1n impulsar a distintas formaciones navarras, arropadas, como todos los a\u00f1os, por un artista de renombre. En esta ocasi\u00f3n ser\u00e1 el catal\u00e1n Juan Rafael Cort\u00e9s Santiago, \u2018Duquende\u2019.<\/p>\n<p>Este primer jueves, d\u00eda 7, el ciclo comenzar\u00e1 con un espect\u00e1culo de flamenco de las \u2018Agrupaciones Gitanas con Sabicas\u2019, cante y baile de distintos palos del flamenco, para todos los gustos: Alegr\u00edas de C\u00e1diz, Buler\u00edas, Sole\u00e1s, Tientos&#8230; Los artifices: Mar\u00eda Legarda y \u00c1ngel Ocray, entre otros artistas. Las siguientes actuaciones de Sabikerando tendr\u00e1n lugar los jueves 14 y 21 de agosto con los espect\u00e1culos de \u2018Orai\u2019 y Juan Rafael Cort\u00e9s Santiago \u2018Duquende\u2019, respectivamente.<\/p>\n<p>Todas las actividades del ciclo comenzar\u00e1n a las 20 horas y durar\u00e1n de 60 a 75 minutos. La entrada es libre, ya que el espect\u00e1culo se desarrollar\u00e1 en escenario al aire libre pr\u00f3ximo a la Sala de Armas. Este ciclo municipal se realiza en coordinaci\u00f3n con la Federaci\u00f3n de Asociaciones Gitanas de Navarra \u2018Gaz Kal\u00f3\u2019. El ciclo, adem\u00e1s ser un tributo al guitarrista pretende es convertir a la Ciudadela en punto de encuentro entre comunidades.<\/p>\n<p>Estos espect\u00e1culos se incluyen en el programa Ciudadelarte, dentro del proyecto de valorizaci\u00f3n tur\u00edstica y cultural de las fortificaciones de Pamplona y Bayona, <em>Fortius<\/em>, que est\u00e1 subvencionado por fondos FEDER. Fortius forma parte del Programa Operativo Territorial Espa\u00f1a-Francia-Andorra (POCTEFA), gestionado a trav\u00e9s de la Comunidad de Trabajo de los Pirineos (CTP).<\/p>\n<p><strong>Agrupaciones gitanas con Sabicas<\/strong><\/p>\n<p>El primer espect\u00e1culo tiene un perfil dual. Por un lado actuar\u00e1 en representaci\u00f3n de la Casa de Andaluc\u00eda de Navarra la bailaora Mar\u00eda Legarda, con la colaboraci\u00f3n de sus alumnas Ana Lafuente y Myriam Velasco, las artistas bailar\u00e1n la m\u00fasica interpretada por los hermanos pamploneses \u2018El Lele\u2019 y Alfonso Jim\u00e9nez. A la guitarra estar\u00e1 Rafael Borja. Lo previsto: alegr\u00edas de C\u00e1diz, Buler\u00edas, Sole\u00e1s, Tientos&#8230;. Tras Legarda comenzar\u00e1 una segunda parte en la que intervendr\u00e1 el cantaor \u00c1ngel Ocray, presentando su segundo disco, acompa\u00f1ado a la guitarra por Jes\u00fas Carbonell y de nuevo el guitarrista Borja.<\/p>\n<p>En los \u00faltimos tres a\u00f1os se ha repetido esta cita de las Agrupaciones Gitanas con Sabicas y es que Sabikerando debe su nombre a la uni\u00f3n de dos t\u00e9rminos: el alias de Agust\u00edn Castell\u00f3n y palabra del Roman\u00e9s: \u2018kerar\u2019, que significa hacer. As\u00ed se pretende el homenaje a Agust\u00edn Castell\u00f3n Campos, \u2018Sabicas\u2019, que naci\u00f3 el 16 de marzo de 1912 en la calle Ma\u00f1ueta de Pamplona y muri\u00f3 en Nueva York el 14 de abril de 1990. M\u00e1s de la mitad de su vida la pas\u00f3 fuera de Espa\u00f1a, primero en M\u00e9xico y luego en Estados Unidos, aunque siempre presumi\u00f3 de sus or\u00edgenes pamploneses. El Ayuntamiento de Pamplona coloc\u00f3 una placa en la calle donde naci\u00f3 y le rinde homenajes a lo largo del a\u00f1o mediante diferentes actividades.<\/p>\n<p><strong>Orai y \u2018Duquende\u2019<\/strong><\/p>\n<p>Los dos siguientes sesiones tendr\u00e1n lugar en el mismo espacio a la misma hora. \u2018Orai\u2019 es una formaci\u00f3n pamplonesa que combina la experiencia y la trayectoria de algunos de sus integrantes, con nuevos valores. Est\u00e1 formada por Juan Mu\u00f1oz \u2018El Jolis\u2019 (voz), el percusionista Keko Galindo, Javi V\u00e1zquez al teclado, los guitarristas Pedro Planillo y Rafael Borja, y la violinista Claudia Oses. La idea de este espect\u00e1culo que tendr\u00e1 lugar el jueves 14 es mostrar una panor\u00e1mica de lo que se est\u00e1 haciendo en flamenco en la ciudad. La mayor parte de los temas son obra de Pedro Planillo, compositor y guitarrista, aunque se escuchar\u00e1n tambi\u00e9n versiones de repertorio o de la m\u00fasica popular flamenca.<\/p>\n<p>El jueves 21, cerrando el ciclo, se podr\u00e1 asistir a la actuaci\u00f3n del artista invitado que no es otro que Juan Rafael Cortes Santiago, \u2018Duquende\u2019. Llega a Pamplona tras la experiencia de haber recibido en este mismo escenario a Javier Conde y a \u2018El Pikulabe\u2019 en anteriores ocasiones. \u2018Duquende\u2019 debut\u00f3 a los ocho a\u00f1os con Camar\u00f3n de la Isla. Proveniente de una familia gitana de Sabadell tiene en su haber seis discos en colaboraci\u00f3n con grandes guitarristas del flamenco como Paco de Luc\u00eda, Tomatito o Raimundo Amador.<\/p>\n<p><strong>\u00a0\u2018sabikerando\u2019. homenaje a sabicas<\/strong><\/p>\n<ul>\n<li><strong>Lugar:<\/strong>Escenario de la Sala de Armas de la Ciudadela<\/li>\n<li><strong>Hora:<\/strong> 20 horas<\/li>\n<li>Entrada libre<\/li>\n<li>Jueves 7 de agosto<\/li>\n<li><strong>Agrupaciones Gitanas por Sabicas <\/strong>(espect\u00e1culo de cante y baile)<\/li>\n<li>Int\u00e9rpretes: Mar\u00eda Legarda, con la colaboraci\u00f3n de sus alumnas Ana Lafuente y Myriam Velasco; \u2018El Lele\u2019, Alfonso Jim\u00e9nez y Rafael Borja. En la segunda intervendr\u00e1 el cantaor \u00c1ngel Ocray, acompa\u00f1ado a la guitarra por Jes\u00fas Carbonell y de nuevo el guitarrista Borja<\/li>\n<li>Jueves 14 de agosto<\/li>\n<li><strong>Orai <\/strong>(m\u00fasica flamenca)<\/li>\n<li>Interpretes: Juan Mu\u00f1oz \u2018El Jolis\u2019 (voz), el percusionista Keko Galindo, Javi V\u00e1zquez al teclado, los guitarristas Pedro Planillo y Rafael Borja, y la violinista Claudia Oses.<\/li>\n<li>Jueves 21 de agosto<\/li>\n<li><strong>Juan Rafael Cort\u00e9s Santiago \u2018Duquende\u2019\u2019<\/strong> (cante flamenco)<\/li>\n<\/ul>\n<p>&nbsp;<\/p>\n","protected":false},"excerpt":{"rendered":"<p>El ciclo \u2018Sabikerando\u2019 consta en esta edici\u00f3n, de tres espect\u00e1culos gratuitos que tendr\u00e1n lugar en agosto, dentro del programa de Ciudadelarte Por tercer a\u00f1o consecutivo \u2018Ciudadelarte\u2019 reserva un espacio de&#8230;<\/p>\n","protected":false},"author":1,"featured_media":2583,"comment_status":"open","ping_status":"open","sticky":false,"template":"","format":"standard","meta":{"footnotes":""},"categories":[2],"tags":[5,2207,6,509,42,2057,2208,2209,2210,2211,258,8,9,2212,2213],"class_list":["post-2582","post","type-post","status-publish","format-standard","has-post-thumbnail","hentry","category-ayuntamiento-pamplona","tag-actualidad","tag-agrupaciones","tag-ayto-pamplona","tag-ayuntamiento-de-pamplona","tag-ciudadela","tag-ciudadelarte","tag-danza-espanola","tag-duende-flamenco","tag-gitanas","tag-haciendo-sabicas","tag-homenaje","tag-noticias","tag-pamplona","tag-sabicas","tag-sabikerando"],"yoast_head":"<!-- This site is optimized with the Yoast SEO plugin v27.5 - https:\/\/yoast.com\/product\/yoast-seo-wordpress\/ -->\n<title>Vuelve el duende flamenco y la danza espa\u00f1ola a la Ciudadela con las Agrupaciones Gitanas, este jueves en homenaje a Sabicas<\/title>\n<meta name=\"robots\" content=\"index, follow, max-snippet:-1, max-image-preview:large, max-video-preview:-1\" \/>\n<link rel=\"canonical\" href=\"https:\/\/www.laguiadepamplona.com\/actualidad\/vuelve-el-duende-flamenco-y-la-danza-espanola-a-la-ciudadela-con-las-agrupaciones-gitanas-este-jueves-en-homenaje-a-sabicas\/\" \/>\n<meta property=\"og:locale\" content=\"es_ES\" \/>\n<meta property=\"og:type\" content=\"article\" \/>\n<meta property=\"og:title\" content=\"Vuelve el duende flamenco y la danza espa\u00f1ola a la Ciudadela con las Agrupaciones Gitanas, este jueves en homenaje a Sabicas\" \/>\n<meta property=\"og:description\" content=\"El ciclo \u2018Sabikerando\u2019 consta en esta edici\u00f3n, de tres espect\u00e1culos gratuitos que tendr\u00e1n lugar en agosto, dentro del programa de Ciudadelarte Por tercer a\u00f1o consecutivo \u2018Ciudadelarte\u2019 reserva un espacio de...\" \/>\n<meta property=\"og:url\" content=\"https:\/\/www.laguiadepamplona.com\/actualidad\/vuelve-el-duende-flamenco-y-la-danza-espanola-a-la-ciudadela-con-las-agrupaciones-gitanas-este-jueves-en-homenaje-a-sabicas\/\" \/>\n<meta property=\"og:site_name\" content=\"La Gu\u00eda de Pamplona\" \/>\n<meta property=\"article:publisher\" content=\"https:\/\/www.facebook.com\/laguiadepamplonacom-133175176762273\/?ref=hl\" \/>\n<meta property=\"article:published_time\" content=\"2014-08-05T12:23:44+00:00\" \/>\n<meta name=\"author\" content=\"La Gu\u00eda de Pamplona\" \/>\n<meta name=\"twitter:card\" content=\"summary_large_image\" \/>\n<meta name=\"twitter:creator\" content=\"@LaGuiadPamplona\" \/>\n<meta name=\"twitter:site\" content=\"@LaGuiadPamplona\" \/>\n<meta name=\"twitter:label1\" content=\"Escrito por\" \/>\n\t<meta name=\"twitter:data1\" content=\"La Gu\u00eda de Pamplona\" \/>\n\t<meta name=\"twitter:label2\" content=\"Tiempo de lectura\" \/>\n\t<meta name=\"twitter:data2\" content=\"5 minutos\" \/>\n<script type=\"application\/ld+json\" class=\"yoast-schema-graph\">{\"@context\":\"https:\\\/\\\/schema.org\",\"@graph\":[{\"@type\":\"Article\",\"@id\":\"https:\\\/\\\/www.laguiadepamplona.com\\\/actualidad\\\/vuelve-el-duende-flamenco-y-la-danza-espanola-a-la-ciudadela-con-las-agrupaciones-gitanas-este-jueves-en-homenaje-a-sabicas\\\/#article\",\"isPartOf\":{\"@id\":\"https:\\\/\\\/www.laguiadepamplona.com\\\/actualidad\\\/vuelve-el-duende-flamenco-y-la-danza-espanola-a-la-ciudadela-con-las-agrupaciones-gitanas-este-jueves-en-homenaje-a-sabicas\\\/\"},\"author\":{\"name\":\"La Gu\u00eda de Pamplona\",\"@id\":\"https:\\\/\\\/www.laguiadepamplona.com\\\/actualidad\\\/#\\\/schema\\\/person\\\/efe887376f0213d4657c93adc50b1fdb\"},\"headline\":\"Vuelve el duende flamenco y la danza espa\u00f1ola a la Ciudadela con las Agrupaciones Gitanas, este jueves en homenaje a Sabicas\",\"datePublished\":\"2014-08-05T12:23:44+00:00\",\"mainEntityOfPage\":{\"@id\":\"https:\\\/\\\/www.laguiadepamplona.com\\\/actualidad\\\/vuelve-el-duende-flamenco-y-la-danza-espanola-a-la-ciudadela-con-las-agrupaciones-gitanas-este-jueves-en-homenaje-a-sabicas\\\/\"},\"wordCount\":929,\"commentCount\":0,\"publisher\":{\"@id\":\"https:\\\/\\\/www.laguiadepamplona.com\\\/actualidad\\\/#organization\"},\"image\":{\"@id\":\"https:\\\/\\\/www.laguiadepamplona.com\\\/actualidad\\\/vuelve-el-duende-flamenco-y-la-danza-espanola-a-la-ciudadela-con-las-agrupaciones-gitanas-este-jueves-en-homenaje-a-sabicas\\\/#primaryimage\"},\"thumbnailUrl\":\"\",\"keywords\":[\"actualidad\",\"agrupaciones\",\"ayto pamplona\",\"Ayuntamiento de Pamplona\",\"ciudadela\",\"ciudadelarte\",\"danza espa\u00f1ola\",\"duende flamenco\",\"gitanas\",\"Haciendo Sabicas\",\"homenaje\",\"noticias\",\"pamplona\",\"sabicas\",\"Sabikerando\"],\"articleSection\":[\"Ayto Pamplona\"],\"inLanguage\":\"es\",\"potentialAction\":[{\"@type\":\"CommentAction\",\"name\":\"Comment\",\"target\":[\"https:\\\/\\\/www.laguiadepamplona.com\\\/actualidad\\\/vuelve-el-duende-flamenco-y-la-danza-espanola-a-la-ciudadela-con-las-agrupaciones-gitanas-este-jueves-en-homenaje-a-sabicas\\\/#respond\"]}]},{\"@type\":\"WebPage\",\"@id\":\"https:\\\/\\\/www.laguiadepamplona.com\\\/actualidad\\\/vuelve-el-duende-flamenco-y-la-danza-espanola-a-la-ciudadela-con-las-agrupaciones-gitanas-este-jueves-en-homenaje-a-sabicas\\\/\",\"url\":\"https:\\\/\\\/www.laguiadepamplona.com\\\/actualidad\\\/vuelve-el-duende-flamenco-y-la-danza-espanola-a-la-ciudadela-con-las-agrupaciones-gitanas-este-jueves-en-homenaje-a-sabicas\\\/\",\"name\":\"Vuelve el duende flamenco y la danza espa\u00f1ola a la Ciudadela con las Agrupaciones Gitanas, este jueves en homenaje a Sabicas\",\"isPartOf\":{\"@id\":\"https:\\\/\\\/www.laguiadepamplona.com\\\/actualidad\\\/#website\"},\"primaryImageOfPage\":{\"@id\":\"https:\\\/\\\/www.laguiadepamplona.com\\\/actualidad\\\/vuelve-el-duende-flamenco-y-la-danza-espanola-a-la-ciudadela-con-las-agrupaciones-gitanas-este-jueves-en-homenaje-a-sabicas\\\/#primaryimage\"},\"image\":{\"@id\":\"https:\\\/\\\/www.laguiadepamplona.com\\\/actualidad\\\/vuelve-el-duende-flamenco-y-la-danza-espanola-a-la-ciudadela-con-las-agrupaciones-gitanas-este-jueves-en-homenaje-a-sabicas\\\/#primaryimage\"},\"thumbnailUrl\":\"\",\"datePublished\":\"2014-08-05T12:23:44+00:00\",\"breadcrumb\":{\"@id\":\"https:\\\/\\\/www.laguiadepamplona.com\\\/actualidad\\\/vuelve-el-duende-flamenco-y-la-danza-espanola-a-la-ciudadela-con-las-agrupaciones-gitanas-este-jueves-en-homenaje-a-sabicas\\\/#breadcrumb\"},\"inLanguage\":\"es\",\"potentialAction\":[{\"@type\":\"ReadAction\",\"target\":[\"https:\\\/\\\/www.laguiadepamplona.com\\\/actualidad\\\/vuelve-el-duende-flamenco-y-la-danza-espanola-a-la-ciudadela-con-las-agrupaciones-gitanas-este-jueves-en-homenaje-a-sabicas\\\/\"]}]},{\"@type\":\"ImageObject\",\"inLanguage\":\"es\",\"@id\":\"https:\\\/\\\/www.laguiadepamplona.com\\\/actualidad\\\/vuelve-el-duende-flamenco-y-la-danza-espanola-a-la-ciudadela-con-las-agrupaciones-gitanas-este-jueves-en-homenaje-a-sabicas\\\/#primaryimage\",\"url\":\"\",\"contentUrl\":\"\"},{\"@type\":\"BreadcrumbList\",\"@id\":\"https:\\\/\\\/www.laguiadepamplona.com\\\/actualidad\\\/vuelve-el-duende-flamenco-y-la-danza-espanola-a-la-ciudadela-con-las-agrupaciones-gitanas-este-jueves-en-homenaje-a-sabicas\\\/#breadcrumb\",\"itemListElement\":[{\"@type\":\"ListItem\",\"position\":1,\"name\":\"Portada\",\"item\":\"https:\\\/\\\/www.laguiadepamplona.com\\\/actualidad\\\/\"},{\"@type\":\"ListItem\",\"position\":2,\"name\":\"Vuelve el duende flamenco y la danza espa\u00f1ola a la Ciudadela con las Agrupaciones Gitanas, este jueves en homenaje a Sabicas\"}]},{\"@type\":\"WebSite\",\"@id\":\"https:\\\/\\\/www.laguiadepamplona.com\\\/actualidad\\\/#website\",\"url\":\"https:\\\/\\\/www.laguiadepamplona.com\\\/actualidad\\\/\",\"name\":\"La gu\u00eda de Pamplona\",\"description\":\"Noticias de Pamplona\",\"publisher\":{\"@id\":\"https:\\\/\\\/www.laguiadepamplona.com\\\/actualidad\\\/#organization\"},\"potentialAction\":[{\"@type\":\"SearchAction\",\"target\":{\"@type\":\"EntryPoint\",\"urlTemplate\":\"https:\\\/\\\/www.laguiadepamplona.com\\\/actualidad\\\/?s={search_term_string}\"},\"query-input\":{\"@type\":\"PropertyValueSpecification\",\"valueRequired\":true,\"valueName\":\"search_term_string\"}}],\"inLanguage\":\"es\"},{\"@type\":\"Organization\",\"@id\":\"https:\\\/\\\/www.laguiadepamplona.com\\\/actualidad\\\/#organization\",\"name\":\"La Gu\u00eda de Pamplona \\\/ Noticias\",\"url\":\"https:\\\/\\\/www.laguiadepamplona.com\\\/actualidad\\\/\",\"logo\":{\"@type\":\"ImageObject\",\"inLanguage\":\"es\",\"@id\":\"https:\\\/\\\/www.laguiadepamplona.com\\\/actualidad\\\/#\\\/schema\\\/logo\\\/image\\\/\",\"url\":\"https:\\\/\\\/www.laguiadepamplona.com\\\/actualidad\\\/wp-content\\\/uploads\\\/2018\\\/11\\\/logo-laguiadepamplona18-web1.png\",\"contentUrl\":\"https:\\\/\\\/www.laguiadepamplona.com\\\/actualidad\\\/wp-content\\\/uploads\\\/2018\\\/11\\\/logo-laguiadepamplona18-web1.png\",\"width\":600,\"height\":196,\"caption\":\"La Gu\u00eda de Pamplona \\\/ Noticias\"},\"image\":{\"@id\":\"https:\\\/\\\/www.laguiadepamplona.com\\\/actualidad\\\/#\\\/schema\\\/logo\\\/image\\\/\"},\"sameAs\":[\"https:\\\/\\\/www.facebook.com\\\/laguiadepamplonacom-133175176762273\\\/?ref=hl\",\"https:\\\/\\\/x.com\\\/LaGuiadPamplona\",\"https:\\\/\\\/www.instagram.com\\\/la_guia_de_pamplona\\\/\",\"https:\\\/\\\/www.youtube.com\\\/user\\\/laguiadepamplona\"]},{\"@type\":\"Person\",\"@id\":\"https:\\\/\\\/www.laguiadepamplona.com\\\/actualidad\\\/#\\\/schema\\\/person\\\/efe887376f0213d4657c93adc50b1fdb\",\"name\":\"La Gu\u00eda de Pamplona\",\"image\":{\"@type\":\"ImageObject\",\"inLanguage\":\"es\",\"@id\":\"https:\\\/\\\/secure.gravatar.com\\\/avatar\\\/b6992f131dc8d30ab0dff15446e9d346d9dbd95992de0fef795073f5ea83a81c?s=96&d=mm&r=g\",\"url\":\"https:\\\/\\\/secure.gravatar.com\\\/avatar\\\/b6992f131dc8d30ab0dff15446e9d346d9dbd95992de0fef795073f5ea83a81c?s=96&d=mm&r=g\",\"contentUrl\":\"https:\\\/\\\/secure.gravatar.com\\\/avatar\\\/b6992f131dc8d30ab0dff15446e9d346d9dbd95992de0fef795073f5ea83a81c?s=96&d=mm&r=g\",\"caption\":\"La Gu\u00eda de Pamplona\"}}]}<\/script>\n<!-- \/ Yoast SEO plugin. -->","yoast_head_json":{"title":"Vuelve el duende flamenco y la danza espa\u00f1ola a la Ciudadela con las Agrupaciones Gitanas, este jueves en homenaje a Sabicas","robots":{"index":"index","follow":"follow","max-snippet":"max-snippet:-1","max-image-preview":"max-image-preview:large","max-video-preview":"max-video-preview:-1"},"canonical":"https:\/\/www.laguiadepamplona.com\/actualidad\/vuelve-el-duende-flamenco-y-la-danza-espanola-a-la-ciudadela-con-las-agrupaciones-gitanas-este-jueves-en-homenaje-a-sabicas\/","og_locale":"es_ES","og_type":"article","og_title":"Vuelve el duende flamenco y la danza espa\u00f1ola a la Ciudadela con las Agrupaciones Gitanas, este jueves en homenaje a Sabicas","og_description":"El ciclo \u2018Sabikerando\u2019 consta en esta edici\u00f3n, de tres espect\u00e1culos gratuitos que tendr\u00e1n lugar en agosto, dentro del programa de Ciudadelarte Por tercer a\u00f1o consecutivo \u2018Ciudadelarte\u2019 reserva un espacio de...","og_url":"https:\/\/www.laguiadepamplona.com\/actualidad\/vuelve-el-duende-flamenco-y-la-danza-espanola-a-la-ciudadela-con-las-agrupaciones-gitanas-este-jueves-en-homenaje-a-sabicas\/","og_site_name":"La Gu\u00eda de Pamplona","article_publisher":"https:\/\/www.facebook.com\/laguiadepamplonacom-133175176762273\/?ref=hl","article_published_time":"2014-08-05T12:23:44+00:00","author":"La Gu\u00eda de Pamplona","twitter_card":"summary_large_image","twitter_creator":"@LaGuiadPamplona","twitter_site":"@LaGuiadPamplona","twitter_misc":{"Escrito por":"La Gu\u00eda de Pamplona","Tiempo de lectura":"5 minutos"},"schema":{"@context":"https:\/\/schema.org","@graph":[{"@type":"Article","@id":"https:\/\/www.laguiadepamplona.com\/actualidad\/vuelve-el-duende-flamenco-y-la-danza-espanola-a-la-ciudadela-con-las-agrupaciones-gitanas-este-jueves-en-homenaje-a-sabicas\/#article","isPartOf":{"@id":"https:\/\/www.laguiadepamplona.com\/actualidad\/vuelve-el-duende-flamenco-y-la-danza-espanola-a-la-ciudadela-con-las-agrupaciones-gitanas-este-jueves-en-homenaje-a-sabicas\/"},"author":{"name":"La Gu\u00eda de Pamplona","@id":"https:\/\/www.laguiadepamplona.com\/actualidad\/#\/schema\/person\/efe887376f0213d4657c93adc50b1fdb"},"headline":"Vuelve el duende flamenco y la danza espa\u00f1ola a la Ciudadela con las Agrupaciones Gitanas, este jueves en homenaje a Sabicas","datePublished":"2014-08-05T12:23:44+00:00","mainEntityOfPage":{"@id":"https:\/\/www.laguiadepamplona.com\/actualidad\/vuelve-el-duende-flamenco-y-la-danza-espanola-a-la-ciudadela-con-las-agrupaciones-gitanas-este-jueves-en-homenaje-a-sabicas\/"},"wordCount":929,"commentCount":0,"publisher":{"@id":"https:\/\/www.laguiadepamplona.com\/actualidad\/#organization"},"image":{"@id":"https:\/\/www.laguiadepamplona.com\/actualidad\/vuelve-el-duende-flamenco-y-la-danza-espanola-a-la-ciudadela-con-las-agrupaciones-gitanas-este-jueves-en-homenaje-a-sabicas\/#primaryimage"},"thumbnailUrl":"","keywords":["actualidad","agrupaciones","ayto pamplona","Ayuntamiento de Pamplona","ciudadela","ciudadelarte","danza espa\u00f1ola","duende flamenco","gitanas","Haciendo Sabicas","homenaje","noticias","pamplona","sabicas","Sabikerando"],"articleSection":["Ayto Pamplona"],"inLanguage":"es","potentialAction":[{"@type":"CommentAction","name":"Comment","target":["https:\/\/www.laguiadepamplona.com\/actualidad\/vuelve-el-duende-flamenco-y-la-danza-espanola-a-la-ciudadela-con-las-agrupaciones-gitanas-este-jueves-en-homenaje-a-sabicas\/#respond"]}]},{"@type":"WebPage","@id":"https:\/\/www.laguiadepamplona.com\/actualidad\/vuelve-el-duende-flamenco-y-la-danza-espanola-a-la-ciudadela-con-las-agrupaciones-gitanas-este-jueves-en-homenaje-a-sabicas\/","url":"https:\/\/www.laguiadepamplona.com\/actualidad\/vuelve-el-duende-flamenco-y-la-danza-espanola-a-la-ciudadela-con-las-agrupaciones-gitanas-este-jueves-en-homenaje-a-sabicas\/","name":"Vuelve el duende flamenco y la danza espa\u00f1ola a la Ciudadela con las Agrupaciones Gitanas, este jueves en homenaje a Sabicas","isPartOf":{"@id":"https:\/\/www.laguiadepamplona.com\/actualidad\/#website"},"primaryImageOfPage":{"@id":"https:\/\/www.laguiadepamplona.com\/actualidad\/vuelve-el-duende-flamenco-y-la-danza-espanola-a-la-ciudadela-con-las-agrupaciones-gitanas-este-jueves-en-homenaje-a-sabicas\/#primaryimage"},"image":{"@id":"https:\/\/www.laguiadepamplona.com\/actualidad\/vuelve-el-duende-flamenco-y-la-danza-espanola-a-la-ciudadela-con-las-agrupaciones-gitanas-este-jueves-en-homenaje-a-sabicas\/#primaryimage"},"thumbnailUrl":"","datePublished":"2014-08-05T12:23:44+00:00","breadcrumb":{"@id":"https:\/\/www.laguiadepamplona.com\/actualidad\/vuelve-el-duende-flamenco-y-la-danza-espanola-a-la-ciudadela-con-las-agrupaciones-gitanas-este-jueves-en-homenaje-a-sabicas\/#breadcrumb"},"inLanguage":"es","potentialAction":[{"@type":"ReadAction","target":["https:\/\/www.laguiadepamplona.com\/actualidad\/vuelve-el-duende-flamenco-y-la-danza-espanola-a-la-ciudadela-con-las-agrupaciones-gitanas-este-jueves-en-homenaje-a-sabicas\/"]}]},{"@type":"ImageObject","inLanguage":"es","@id":"https:\/\/www.laguiadepamplona.com\/actualidad\/vuelve-el-duende-flamenco-y-la-danza-espanola-a-la-ciudadela-con-las-agrupaciones-gitanas-este-jueves-en-homenaje-a-sabicas\/#primaryimage","url":"","contentUrl":""},{"@type":"BreadcrumbList","@id":"https:\/\/www.laguiadepamplona.com\/actualidad\/vuelve-el-duende-flamenco-y-la-danza-espanola-a-la-ciudadela-con-las-agrupaciones-gitanas-este-jueves-en-homenaje-a-sabicas\/#breadcrumb","itemListElement":[{"@type":"ListItem","position":1,"name":"Portada","item":"https:\/\/www.laguiadepamplona.com\/actualidad\/"},{"@type":"ListItem","position":2,"name":"Vuelve el duende flamenco y la danza espa\u00f1ola a la Ciudadela con las Agrupaciones Gitanas, este jueves en homenaje a Sabicas"}]},{"@type":"WebSite","@id":"https:\/\/www.laguiadepamplona.com\/actualidad\/#website","url":"https:\/\/www.laguiadepamplona.com\/actualidad\/","name":"La gu\u00eda de Pamplona","description":"Noticias de Pamplona","publisher":{"@id":"https:\/\/www.laguiadepamplona.com\/actualidad\/#organization"},"potentialAction":[{"@type":"SearchAction","target":{"@type":"EntryPoint","urlTemplate":"https:\/\/www.laguiadepamplona.com\/actualidad\/?s={search_term_string}"},"query-input":{"@type":"PropertyValueSpecification","valueRequired":true,"valueName":"search_term_string"}}],"inLanguage":"es"},{"@type":"Organization","@id":"https:\/\/www.laguiadepamplona.com\/actualidad\/#organization","name":"La Gu\u00eda de Pamplona \/ Noticias","url":"https:\/\/www.laguiadepamplona.com\/actualidad\/","logo":{"@type":"ImageObject","inLanguage":"es","@id":"https:\/\/www.laguiadepamplona.com\/actualidad\/#\/schema\/logo\/image\/","url":"https:\/\/www.laguiadepamplona.com\/actualidad\/wp-content\/uploads\/2018\/11\/logo-laguiadepamplona18-web1.png","contentUrl":"https:\/\/www.laguiadepamplona.com\/actualidad\/wp-content\/uploads\/2018\/11\/logo-laguiadepamplona18-web1.png","width":600,"height":196,"caption":"La Gu\u00eda de Pamplona \/ Noticias"},"image":{"@id":"https:\/\/www.laguiadepamplona.com\/actualidad\/#\/schema\/logo\/image\/"},"sameAs":["https:\/\/www.facebook.com\/laguiadepamplonacom-133175176762273\/?ref=hl","https:\/\/x.com\/LaGuiadPamplona","https:\/\/www.instagram.com\/la_guia_de_pamplona\/","https:\/\/www.youtube.com\/user\/laguiadepamplona"]},{"@type":"Person","@id":"https:\/\/www.laguiadepamplona.com\/actualidad\/#\/schema\/person\/efe887376f0213d4657c93adc50b1fdb","name":"La Gu\u00eda de Pamplona","image":{"@type":"ImageObject","inLanguage":"es","@id":"https:\/\/secure.gravatar.com\/avatar\/b6992f131dc8d30ab0dff15446e9d346d9dbd95992de0fef795073f5ea83a81c?s=96&d=mm&r=g","url":"https:\/\/secure.gravatar.com\/avatar\/b6992f131dc8d30ab0dff15446e9d346d9dbd95992de0fef795073f5ea83a81c?s=96&d=mm&r=g","contentUrl":"https:\/\/secure.gravatar.com\/avatar\/b6992f131dc8d30ab0dff15446e9d346d9dbd95992de0fef795073f5ea83a81c?s=96&d=mm&r=g","caption":"La Gu\u00eda de Pamplona"}}]}},"post_mailing_queue_ids":[],"_links":{"self":[{"href":"https:\/\/www.laguiadepamplona.com\/actualidad\/wp-json\/wp\/v2\/posts\/2582","targetHints":{"allow":["GET"]}}],"collection":[{"href":"https:\/\/www.laguiadepamplona.com\/actualidad\/wp-json\/wp\/v2\/posts"}],"about":[{"href":"https:\/\/www.laguiadepamplona.com\/actualidad\/wp-json\/wp\/v2\/types\/post"}],"author":[{"embeddable":true,"href":"https:\/\/www.laguiadepamplona.com\/actualidad\/wp-json\/wp\/v2\/users\/1"}],"replies":[{"embeddable":true,"href":"https:\/\/www.laguiadepamplona.com\/actualidad\/wp-json\/wp\/v2\/comments?post=2582"}],"version-history":[{"count":0,"href":"https:\/\/www.laguiadepamplona.com\/actualidad\/wp-json\/wp\/v2\/posts\/2582\/revisions"}],"wp:featuredmedia":[{"embeddable":true,"href":"https:\/\/www.laguiadepamplona.com\/actualidad\/wp-json\/"}],"wp:attachment":[{"href":"https:\/\/www.laguiadepamplona.com\/actualidad\/wp-json\/wp\/v2\/media?parent=2582"}],"wp:term":[{"taxonomy":"category","embeddable":true,"href":"https:\/\/www.laguiadepamplona.com\/actualidad\/wp-json\/wp\/v2\/categories?post=2582"},{"taxonomy":"post_tag","embeddable":true,"href":"https:\/\/www.laguiadepamplona.com\/actualidad\/wp-json\/wp\/v2\/tags?post=2582"}],"curies":[{"name":"wp","href":"https:\/\/api.w.org\/{rel}","templated":true}]}}