{"id":2576,"date":"2014-08-05T12:18:03","date_gmt":"2014-08-05T12:18:03","guid":{"rendered":"http:\/\/laguiadepamplona.com\/actualidad\/?p=2576"},"modified":"2014-08-05T12:18:03","modified_gmt":"2014-08-05T12:18:03","slug":"el-ayuntamiento-de-pamplona-realizara-manana-labores-de-bacheo-en-las-calles-cortes-de-navarra-y-monasterio-de-iranzu","status":"publish","type":"post","link":"https:\/\/www.laguiadepamplona.com\/actualidad\/el-ayuntamiento-de-pamplona-realizara-manana-labores-de-bacheo-en-las-calles-cortes-de-navarra-y-monasterio-de-iranzu\/","title":{"rendered":"El Ayuntamiento de Pamplona realizar\u00e1 ma\u00f1ana labores de \u2018bacheo\u2019 en las calles Cortes de Navarra y Monasterio de Iranzu"},"content":{"rendered":"<p><a href=\"http:\/\/laguiadepamplona.com\/actualidad\/wp-content\/uploads\/2014\/08\/bacheo.jpg\"><img loading=\"lazy\" decoding=\"async\" class=\"alignleft size-medium wp-image-2577\" src=\"http:\/\/laguiadepamplona.com\/actualidad\/wp-content\/uploads\/2014\/08\/bacheo-300x225.jpg\" alt=\"bacheo\" width=\"300\" height=\"225\" \/><\/a>Ma\u00f1ana el Ayuntamiento de Pamplona continuar\u00e1 con las obras de bacheo que se est\u00e1n realizando estos d\u00edas en la ciudad. Lo har\u00e1 interviniendo en la calle Cortes de Navarra y en Monasterio de Iranzu, para trasladarse los trabajos el jueves a la calle Concepci\u00f3n Ben\u00edtez, en el carril en sentido Bara\u00f1ain. La Polic\u00eda Municipal se encargar\u00e1 de controlar el tr\u00e1fico en esas zonas dando paso alrternativo u organizando desv\u00edos puntuales.<\/p>\n<p>Esta intervenci\u00f3n es el llamado \u201cbacheado\u201d o reparaci\u00f3n puntual que se realiza desde el Servicio de Obras (\u00c1rea de Conservaci\u00f3n Urbana) desde el que se hace un trabajo de revisi\u00f3n y seguimiento del estado de las v\u00edas de forma diaria, para evitar accidentes y que haya peligro en las calzadas, adem\u00e1s de detectar la necesidad de reparaci\u00f3n antes de que se tenga que hace una intervenci\u00f3n m\u00e1s importante. El pasado a\u00f1o se arreglaron alrededor de 900 baches en la ciudad por este sistema.<\/p>\n<p>Por otra parte Polic\u00eda Municipal avisa de que ma\u00f1ana, para realizar la limpieza de las pasarelas y evitar da\u00f1os en los veh\u00edculos estacionados, se anular\u00e1n alrededor de 20 plazas de aparcamiento en el Camino de Caparroso, a la altura del Club Nataci\u00f3n. Esto est\u00e1 ya se\u00f1alizado para conocimiento de vecinos y socios de la instalaci\u00f3n.<\/p>\n","protected":false},"excerpt":{"rendered":"<p>Ma\u00f1ana el Ayuntamiento de Pamplona continuar\u00e1 con las obras de bacheo que se est\u00e1n realizando estos d\u00edas en la ciudad. Lo har\u00e1 interviniendo en la calle Cortes de Navarra y&#8230;<\/p>\n","protected":false},"author":1,"featured_media":2577,"comment_status":"open","ping_status":"open","sticky":false,"template":"","format":"standard","meta":{"footnotes":""},"categories":[2],"tags":[5,6,509,2199,2200,2201,2202,8,9],"class_list":["post-2576","post","type-post","status-publish","format-standard","has-post-thumbnail","hentry","category-ayuntamiento-pamplona","tag-actualidad","tag-ayto-pamplona","tag-ayuntamiento-de-pamplona","tag-bacheo","tag-calles","tag-cortes-de-navarra","tag-monasterio-iranzu","tag-noticias","tag-pamplona"],"yoast_head":"<!-- This site is optimized with the Yoast SEO plugin v27.5 - https:\/\/yoast.com\/product\/yoast-seo-wordpress\/ -->\n<title>El Ayuntamiento de Pamplona realizar\u00e1 ma\u00f1ana labores de \u2018bacheo\u2019 en las calles Cortes de Navarra y Monasterio de Iranzu<\/title>\n<meta name=\"robots\" content=\"index, follow, max-snippet:-1, max-image-preview:large, max-video-preview:-1\" \/>\n<link rel=\"canonical\" href=\"https:\/\/www.laguiadepamplona.com\/actualidad\/el-ayuntamiento-de-pamplona-realizara-manana-labores-de-bacheo-en-las-calles-cortes-de-navarra-y-monasterio-de-iranzu\/\" \/>\n<meta property=\"og:locale\" content=\"es_ES\" \/>\n<meta property=\"og:type\" content=\"article\" \/>\n<meta property=\"og:title\" content=\"El Ayuntamiento de Pamplona realizar\u00e1 ma\u00f1ana labores de \u2018bacheo\u2019 en las calles Cortes de Navarra y Monasterio de Iranzu\" \/>\n<meta property=\"og:description\" content=\"Ma\u00f1ana el Ayuntamiento de Pamplona continuar\u00e1 con las obras de bacheo que se est\u00e1n realizando estos d\u00edas en la ciudad. Lo har\u00e1 interviniendo en la calle Cortes de Navarra y...\" \/>\n<meta property=\"og:url\" content=\"https:\/\/www.laguiadepamplona.com\/actualidad\/el-ayuntamiento-de-pamplona-realizara-manana-labores-de-bacheo-en-las-calles-cortes-de-navarra-y-monasterio-de-iranzu\/\" \/>\n<meta property=\"og:site_name\" content=\"La Gu\u00eda de Pamplona\" \/>\n<meta property=\"article:publisher\" content=\"https:\/\/www.facebook.com\/laguiadepamplonacom-133175176762273\/?ref=hl\" \/>\n<meta property=\"article:published_time\" content=\"2014-08-05T12:18:03+00:00\" \/>\n<meta name=\"author\" content=\"La Gu\u00eda de Pamplona\" \/>\n<meta name=\"twitter:card\" content=\"summary_large_image\" \/>\n<meta name=\"twitter:creator\" content=\"@LaGuiadPamplona\" \/>\n<meta name=\"twitter:site\" content=\"@LaGuiadPamplona\" \/>\n<meta name=\"twitter:label1\" content=\"Escrito por\" \/>\n\t<meta name=\"twitter:data1\" content=\"La Gu\u00eda de Pamplona\" \/>\n\t<meta name=\"twitter:label2\" content=\"Tiempo de lectura\" \/>\n\t<meta name=\"twitter:data2\" content=\"1 minuto\" \/>\n<script type=\"application\/ld+json\" class=\"yoast-schema-graph\">{\"@context\":\"https:\\\/\\\/schema.org\",\"@graph\":[{\"@type\":\"Article\",\"@id\":\"https:\\\/\\\/www.laguiadepamplona.com\\\/actualidad\\\/el-ayuntamiento-de-pamplona-realizara-manana-labores-de-bacheo-en-las-calles-cortes-de-navarra-y-monasterio-de-iranzu\\\/#article\",\"isPartOf\":{\"@id\":\"https:\\\/\\\/www.laguiadepamplona.com\\\/actualidad\\\/el-ayuntamiento-de-pamplona-realizara-manana-labores-de-bacheo-en-las-calles-cortes-de-navarra-y-monasterio-de-iranzu\\\/\"},\"author\":{\"name\":\"La Gu\u00eda de Pamplona\",\"@id\":\"https:\\\/\\\/www.laguiadepamplona.com\\\/actualidad\\\/#\\\/schema\\\/person\\\/efe887376f0213d4657c93adc50b1fdb\"},\"headline\":\"El Ayuntamiento de Pamplona realizar\u00e1 ma\u00f1ana labores de \u2018bacheo\u2019 en las calles Cortes de Navarra y Monasterio de Iranzu\",\"datePublished\":\"2014-08-05T12:18:03+00:00\",\"mainEntityOfPage\":{\"@id\":\"https:\\\/\\\/www.laguiadepamplona.com\\\/actualidad\\\/el-ayuntamiento-de-pamplona-realizara-manana-labores-de-bacheo-en-las-calles-cortes-de-navarra-y-monasterio-de-iranzu\\\/\"},\"wordCount\":253,\"commentCount\":0,\"publisher\":{\"@id\":\"https:\\\/\\\/www.laguiadepamplona.com\\\/actualidad\\\/#organization\"},\"image\":{\"@id\":\"https:\\\/\\\/www.laguiadepamplona.com\\\/actualidad\\\/el-ayuntamiento-de-pamplona-realizara-manana-labores-de-bacheo-en-las-calles-cortes-de-navarra-y-monasterio-de-iranzu\\\/#primaryimage\"},\"thumbnailUrl\":\"\",\"keywords\":[\"actualidad\",\"ayto pamplona\",\"Ayuntamiento de Pamplona\",\"bacheo\",\"calles\",\"cortes de navarra\",\"monasterio iranzu\",\"noticias\",\"pamplona\"],\"articleSection\":[\"Ayto Pamplona\"],\"inLanguage\":\"es\",\"potentialAction\":[{\"@type\":\"CommentAction\",\"name\":\"Comment\",\"target\":[\"https:\\\/\\\/www.laguiadepamplona.com\\\/actualidad\\\/el-ayuntamiento-de-pamplona-realizara-manana-labores-de-bacheo-en-las-calles-cortes-de-navarra-y-monasterio-de-iranzu\\\/#respond\"]}]},{\"@type\":\"WebPage\",\"@id\":\"https:\\\/\\\/www.laguiadepamplona.com\\\/actualidad\\\/el-ayuntamiento-de-pamplona-realizara-manana-labores-de-bacheo-en-las-calles-cortes-de-navarra-y-monasterio-de-iranzu\\\/\",\"url\":\"https:\\\/\\\/www.laguiadepamplona.com\\\/actualidad\\\/el-ayuntamiento-de-pamplona-realizara-manana-labores-de-bacheo-en-las-calles-cortes-de-navarra-y-monasterio-de-iranzu\\\/\",\"name\":\"El Ayuntamiento de Pamplona realizar\u00e1 ma\u00f1ana labores de \u2018bacheo\u2019 en las calles Cortes de Navarra y Monasterio de Iranzu\",\"isPartOf\":{\"@id\":\"https:\\\/\\\/www.laguiadepamplona.com\\\/actualidad\\\/#website\"},\"primaryImageOfPage\":{\"@id\":\"https:\\\/\\\/www.laguiadepamplona.com\\\/actualidad\\\/el-ayuntamiento-de-pamplona-realizara-manana-labores-de-bacheo-en-las-calles-cortes-de-navarra-y-monasterio-de-iranzu\\\/#primaryimage\"},\"image\":{\"@id\":\"https:\\\/\\\/www.laguiadepamplona.com\\\/actualidad\\\/el-ayuntamiento-de-pamplona-realizara-manana-labores-de-bacheo-en-las-calles-cortes-de-navarra-y-monasterio-de-iranzu\\\/#primaryimage\"},\"thumbnailUrl\":\"\",\"datePublished\":\"2014-08-05T12:18:03+00:00\",\"breadcrumb\":{\"@id\":\"https:\\\/\\\/www.laguiadepamplona.com\\\/actualidad\\\/el-ayuntamiento-de-pamplona-realizara-manana-labores-de-bacheo-en-las-calles-cortes-de-navarra-y-monasterio-de-iranzu\\\/#breadcrumb\"},\"inLanguage\":\"es\",\"potentialAction\":[{\"@type\":\"ReadAction\",\"target\":[\"https:\\\/\\\/www.laguiadepamplona.com\\\/actualidad\\\/el-ayuntamiento-de-pamplona-realizara-manana-labores-de-bacheo-en-las-calles-cortes-de-navarra-y-monasterio-de-iranzu\\\/\"]}]},{\"@type\":\"ImageObject\",\"inLanguage\":\"es\",\"@id\":\"https:\\\/\\\/www.laguiadepamplona.com\\\/actualidad\\\/el-ayuntamiento-de-pamplona-realizara-manana-labores-de-bacheo-en-las-calles-cortes-de-navarra-y-monasterio-de-iranzu\\\/#primaryimage\",\"url\":\"\",\"contentUrl\":\"\"},{\"@type\":\"BreadcrumbList\",\"@id\":\"https:\\\/\\\/www.laguiadepamplona.com\\\/actualidad\\\/el-ayuntamiento-de-pamplona-realizara-manana-labores-de-bacheo-en-las-calles-cortes-de-navarra-y-monasterio-de-iranzu\\\/#breadcrumb\",\"itemListElement\":[{\"@type\":\"ListItem\",\"position\":1,\"name\":\"Portada\",\"item\":\"https:\\\/\\\/www.laguiadepamplona.com\\\/actualidad\\\/\"},{\"@type\":\"ListItem\",\"position\":2,\"name\":\"El Ayuntamiento de Pamplona realizar\u00e1 ma\u00f1ana labores de \u2018bacheo\u2019 en las calles Cortes de Navarra y Monasterio de Iranzu\"}]},{\"@type\":\"WebSite\",\"@id\":\"https:\\\/\\\/www.laguiadepamplona.com\\\/actualidad\\\/#website\",\"url\":\"https:\\\/\\\/www.laguiadepamplona.com\\\/actualidad\\\/\",\"name\":\"La gu\u00eda de Pamplona\",\"description\":\"Noticias de Pamplona\",\"publisher\":{\"@id\":\"https:\\\/\\\/www.laguiadepamplona.com\\\/actualidad\\\/#organization\"},\"potentialAction\":[{\"@type\":\"SearchAction\",\"target\":{\"@type\":\"EntryPoint\",\"urlTemplate\":\"https:\\\/\\\/www.laguiadepamplona.com\\\/actualidad\\\/?s={search_term_string}\"},\"query-input\":{\"@type\":\"PropertyValueSpecification\",\"valueRequired\":true,\"valueName\":\"search_term_string\"}}],\"inLanguage\":\"es\"},{\"@type\":\"Organization\",\"@id\":\"https:\\\/\\\/www.laguiadepamplona.com\\\/actualidad\\\/#organization\",\"name\":\"La Gu\u00eda de Pamplona \\\/ Noticias\",\"url\":\"https:\\\/\\\/www.laguiadepamplona.com\\\/actualidad\\\/\",\"logo\":{\"@type\":\"ImageObject\",\"inLanguage\":\"es\",\"@id\":\"https:\\\/\\\/www.laguiadepamplona.com\\\/actualidad\\\/#\\\/schema\\\/logo\\\/image\\\/\",\"url\":\"https:\\\/\\\/www.laguiadepamplona.com\\\/actualidad\\\/wp-content\\\/uploads\\\/2018\\\/11\\\/logo-laguiadepamplona18-web1.png\",\"contentUrl\":\"https:\\\/\\\/www.laguiadepamplona.com\\\/actualidad\\\/wp-content\\\/uploads\\\/2018\\\/11\\\/logo-laguiadepamplona18-web1.png\",\"width\":600,\"height\":196,\"caption\":\"La Gu\u00eda de Pamplona \\\/ Noticias\"},\"image\":{\"@id\":\"https:\\\/\\\/www.laguiadepamplona.com\\\/actualidad\\\/#\\\/schema\\\/logo\\\/image\\\/\"},\"sameAs\":[\"https:\\\/\\\/www.facebook.com\\\/laguiadepamplonacom-133175176762273\\\/?ref=hl\",\"https:\\\/\\\/x.com\\\/LaGuiadPamplona\",\"https:\\\/\\\/www.instagram.com\\\/la_guia_de_pamplona\\\/\",\"https:\\\/\\\/www.youtube.com\\\/user\\\/laguiadepamplona\"]},{\"@type\":\"Person\",\"@id\":\"https:\\\/\\\/www.laguiadepamplona.com\\\/actualidad\\\/#\\\/schema\\\/person\\\/efe887376f0213d4657c93adc50b1fdb\",\"name\":\"La Gu\u00eda de Pamplona\",\"image\":{\"@type\":\"ImageObject\",\"inLanguage\":\"es\",\"@id\":\"https:\\\/\\\/secure.gravatar.com\\\/avatar\\\/b6992f131dc8d30ab0dff15446e9d346d9dbd95992de0fef795073f5ea83a81c?s=96&d=mm&r=g\",\"url\":\"https:\\\/\\\/secure.gravatar.com\\\/avatar\\\/b6992f131dc8d30ab0dff15446e9d346d9dbd95992de0fef795073f5ea83a81c?s=96&d=mm&r=g\",\"contentUrl\":\"https:\\\/\\\/secure.gravatar.com\\\/avatar\\\/b6992f131dc8d30ab0dff15446e9d346d9dbd95992de0fef795073f5ea83a81c?s=96&d=mm&r=g\",\"caption\":\"La Gu\u00eda de Pamplona\"}}]}<\/script>\n<!-- \/ Yoast SEO plugin. -->","yoast_head_json":{"title":"El Ayuntamiento de Pamplona realizar\u00e1 ma\u00f1ana labores de \u2018bacheo\u2019 en las calles Cortes de Navarra y Monasterio de Iranzu","robots":{"index":"index","follow":"follow","max-snippet":"max-snippet:-1","max-image-preview":"max-image-preview:large","max-video-preview":"max-video-preview:-1"},"canonical":"https:\/\/www.laguiadepamplona.com\/actualidad\/el-ayuntamiento-de-pamplona-realizara-manana-labores-de-bacheo-en-las-calles-cortes-de-navarra-y-monasterio-de-iranzu\/","og_locale":"es_ES","og_type":"article","og_title":"El Ayuntamiento de Pamplona realizar\u00e1 ma\u00f1ana labores de \u2018bacheo\u2019 en las calles Cortes de Navarra y Monasterio de Iranzu","og_description":"Ma\u00f1ana el Ayuntamiento de Pamplona continuar\u00e1 con las obras de bacheo que se est\u00e1n realizando estos d\u00edas en la ciudad. Lo har\u00e1 interviniendo en la calle Cortes de Navarra y...","og_url":"https:\/\/www.laguiadepamplona.com\/actualidad\/el-ayuntamiento-de-pamplona-realizara-manana-labores-de-bacheo-en-las-calles-cortes-de-navarra-y-monasterio-de-iranzu\/","og_site_name":"La Gu\u00eda de Pamplona","article_publisher":"https:\/\/www.facebook.com\/laguiadepamplonacom-133175176762273\/?ref=hl","article_published_time":"2014-08-05T12:18:03+00:00","author":"La Gu\u00eda de Pamplona","twitter_card":"summary_large_image","twitter_creator":"@LaGuiadPamplona","twitter_site":"@LaGuiadPamplona","twitter_misc":{"Escrito por":"La Gu\u00eda de Pamplona","Tiempo de lectura":"1 minuto"},"schema":{"@context":"https:\/\/schema.org","@graph":[{"@type":"Article","@id":"https:\/\/www.laguiadepamplona.com\/actualidad\/el-ayuntamiento-de-pamplona-realizara-manana-labores-de-bacheo-en-las-calles-cortes-de-navarra-y-monasterio-de-iranzu\/#article","isPartOf":{"@id":"https:\/\/www.laguiadepamplona.com\/actualidad\/el-ayuntamiento-de-pamplona-realizara-manana-labores-de-bacheo-en-las-calles-cortes-de-navarra-y-monasterio-de-iranzu\/"},"author":{"name":"La Gu\u00eda de Pamplona","@id":"https:\/\/www.laguiadepamplona.com\/actualidad\/#\/schema\/person\/efe887376f0213d4657c93adc50b1fdb"},"headline":"El Ayuntamiento de Pamplona realizar\u00e1 ma\u00f1ana labores de \u2018bacheo\u2019 en las calles Cortes de Navarra y Monasterio de Iranzu","datePublished":"2014-08-05T12:18:03+00:00","mainEntityOfPage":{"@id":"https:\/\/www.laguiadepamplona.com\/actualidad\/el-ayuntamiento-de-pamplona-realizara-manana-labores-de-bacheo-en-las-calles-cortes-de-navarra-y-monasterio-de-iranzu\/"},"wordCount":253,"commentCount":0,"publisher":{"@id":"https:\/\/www.laguiadepamplona.com\/actualidad\/#organization"},"image":{"@id":"https:\/\/www.laguiadepamplona.com\/actualidad\/el-ayuntamiento-de-pamplona-realizara-manana-labores-de-bacheo-en-las-calles-cortes-de-navarra-y-monasterio-de-iranzu\/#primaryimage"},"thumbnailUrl":"","keywords":["actualidad","ayto pamplona","Ayuntamiento de Pamplona","bacheo","calles","cortes de navarra","monasterio iranzu","noticias","pamplona"],"articleSection":["Ayto Pamplona"],"inLanguage":"es","potentialAction":[{"@type":"CommentAction","name":"Comment","target":["https:\/\/www.laguiadepamplona.com\/actualidad\/el-ayuntamiento-de-pamplona-realizara-manana-labores-de-bacheo-en-las-calles-cortes-de-navarra-y-monasterio-de-iranzu\/#respond"]}]},{"@type":"WebPage","@id":"https:\/\/www.laguiadepamplona.com\/actualidad\/el-ayuntamiento-de-pamplona-realizara-manana-labores-de-bacheo-en-las-calles-cortes-de-navarra-y-monasterio-de-iranzu\/","url":"https:\/\/www.laguiadepamplona.com\/actualidad\/el-ayuntamiento-de-pamplona-realizara-manana-labores-de-bacheo-en-las-calles-cortes-de-navarra-y-monasterio-de-iranzu\/","name":"El Ayuntamiento de Pamplona realizar\u00e1 ma\u00f1ana labores de \u2018bacheo\u2019 en las calles Cortes de Navarra y Monasterio de Iranzu","isPartOf":{"@id":"https:\/\/www.laguiadepamplona.com\/actualidad\/#website"},"primaryImageOfPage":{"@id":"https:\/\/www.laguiadepamplona.com\/actualidad\/el-ayuntamiento-de-pamplona-realizara-manana-labores-de-bacheo-en-las-calles-cortes-de-navarra-y-monasterio-de-iranzu\/#primaryimage"},"image":{"@id":"https:\/\/www.laguiadepamplona.com\/actualidad\/el-ayuntamiento-de-pamplona-realizara-manana-labores-de-bacheo-en-las-calles-cortes-de-navarra-y-monasterio-de-iranzu\/#primaryimage"},"thumbnailUrl":"","datePublished":"2014-08-05T12:18:03+00:00","breadcrumb":{"@id":"https:\/\/www.laguiadepamplona.com\/actualidad\/el-ayuntamiento-de-pamplona-realizara-manana-labores-de-bacheo-en-las-calles-cortes-de-navarra-y-monasterio-de-iranzu\/#breadcrumb"},"inLanguage":"es","potentialAction":[{"@type":"ReadAction","target":["https:\/\/www.laguiadepamplona.com\/actualidad\/el-ayuntamiento-de-pamplona-realizara-manana-labores-de-bacheo-en-las-calles-cortes-de-navarra-y-monasterio-de-iranzu\/"]}]},{"@type":"ImageObject","inLanguage":"es","@id":"https:\/\/www.laguiadepamplona.com\/actualidad\/el-ayuntamiento-de-pamplona-realizara-manana-labores-de-bacheo-en-las-calles-cortes-de-navarra-y-monasterio-de-iranzu\/#primaryimage","url":"","contentUrl":""},{"@type":"BreadcrumbList","@id":"https:\/\/www.laguiadepamplona.com\/actualidad\/el-ayuntamiento-de-pamplona-realizara-manana-labores-de-bacheo-en-las-calles-cortes-de-navarra-y-monasterio-de-iranzu\/#breadcrumb","itemListElement":[{"@type":"ListItem","position":1,"name":"Portada","item":"https:\/\/www.laguiadepamplona.com\/actualidad\/"},{"@type":"ListItem","position":2,"name":"El Ayuntamiento de Pamplona realizar\u00e1 ma\u00f1ana labores de \u2018bacheo\u2019 en las calles Cortes de Navarra y Monasterio de Iranzu"}]},{"@type":"WebSite","@id":"https:\/\/www.laguiadepamplona.com\/actualidad\/#website","url":"https:\/\/www.laguiadepamplona.com\/actualidad\/","name":"La gu\u00eda de Pamplona","description":"Noticias de Pamplona","publisher":{"@id":"https:\/\/www.laguiadepamplona.com\/actualidad\/#organization"},"potentialAction":[{"@type":"SearchAction","target":{"@type":"EntryPoint","urlTemplate":"https:\/\/www.laguiadepamplona.com\/actualidad\/?s={search_term_string}"},"query-input":{"@type":"PropertyValueSpecification","valueRequired":true,"valueName":"search_term_string"}}],"inLanguage":"es"},{"@type":"Organization","@id":"https:\/\/www.laguiadepamplona.com\/actualidad\/#organization","name":"La Gu\u00eda de Pamplona \/ Noticias","url":"https:\/\/www.laguiadepamplona.com\/actualidad\/","logo":{"@type":"ImageObject","inLanguage":"es","@id":"https:\/\/www.laguiadepamplona.com\/actualidad\/#\/schema\/logo\/image\/","url":"https:\/\/www.laguiadepamplona.com\/actualidad\/wp-content\/uploads\/2018\/11\/logo-laguiadepamplona18-web1.png","contentUrl":"https:\/\/www.laguiadepamplona.com\/actualidad\/wp-content\/uploads\/2018\/11\/logo-laguiadepamplona18-web1.png","width":600,"height":196,"caption":"La Gu\u00eda de Pamplona \/ Noticias"},"image":{"@id":"https:\/\/www.laguiadepamplona.com\/actualidad\/#\/schema\/logo\/image\/"},"sameAs":["https:\/\/www.facebook.com\/laguiadepamplonacom-133175176762273\/?ref=hl","https:\/\/x.com\/LaGuiadPamplona","https:\/\/www.instagram.com\/la_guia_de_pamplona\/","https:\/\/www.youtube.com\/user\/laguiadepamplona"]},{"@type":"Person","@id":"https:\/\/www.laguiadepamplona.com\/actualidad\/#\/schema\/person\/efe887376f0213d4657c93adc50b1fdb","name":"La Gu\u00eda de Pamplona","image":{"@type":"ImageObject","inLanguage":"es","@id":"https:\/\/secure.gravatar.com\/avatar\/b6992f131dc8d30ab0dff15446e9d346d9dbd95992de0fef795073f5ea83a81c?s=96&d=mm&r=g","url":"https:\/\/secure.gravatar.com\/avatar\/b6992f131dc8d30ab0dff15446e9d346d9dbd95992de0fef795073f5ea83a81c?s=96&d=mm&r=g","contentUrl":"https:\/\/secure.gravatar.com\/avatar\/b6992f131dc8d30ab0dff15446e9d346d9dbd95992de0fef795073f5ea83a81c?s=96&d=mm&r=g","caption":"La Gu\u00eda de Pamplona"}}]}},"post_mailing_queue_ids":[],"_links":{"self":[{"href":"https:\/\/www.laguiadepamplona.com\/actualidad\/wp-json\/wp\/v2\/posts\/2576","targetHints":{"allow":["GET"]}}],"collection":[{"href":"https:\/\/www.laguiadepamplona.com\/actualidad\/wp-json\/wp\/v2\/posts"}],"about":[{"href":"https:\/\/www.laguiadepamplona.com\/actualidad\/wp-json\/wp\/v2\/types\/post"}],"author":[{"embeddable":true,"href":"https:\/\/www.laguiadepamplona.com\/actualidad\/wp-json\/wp\/v2\/users\/1"}],"replies":[{"embeddable":true,"href":"https:\/\/www.laguiadepamplona.com\/actualidad\/wp-json\/wp\/v2\/comments?post=2576"}],"version-history":[{"count":0,"href":"https:\/\/www.laguiadepamplona.com\/actualidad\/wp-json\/wp\/v2\/posts\/2576\/revisions"}],"wp:featuredmedia":[{"embeddable":true,"href":"https:\/\/www.laguiadepamplona.com\/actualidad\/wp-json\/"}],"wp:attachment":[{"href":"https:\/\/www.laguiadepamplona.com\/actualidad\/wp-json\/wp\/v2\/media?parent=2576"}],"wp:term":[{"taxonomy":"category","embeddable":true,"href":"https:\/\/www.laguiadepamplona.com\/actualidad\/wp-json\/wp\/v2\/categories?post=2576"},{"taxonomy":"post_tag","embeddable":true,"href":"https:\/\/www.laguiadepamplona.com\/actualidad\/wp-json\/wp\/v2\/tags?post=2576"}],"curies":[{"name":"wp","href":"https:\/\/api.w.org\/{rel}","templated":true}]}}