{"id":2574,"date":"2014-08-05T12:16:34","date_gmt":"2014-08-05T12:16:34","guid":{"rendered":"http:\/\/laguiadepamplona.com\/actualidad\/?p=2574"},"modified":"2014-08-05T12:16:34","modified_gmt":"2014-08-05T12:16:34","slug":"aprobado-el-proyecto-de-ordenanza-basica-de-higiene-y-salubridad-que-debera-pasar-por-el-pleno-para-su-aprobacion-inicial","status":"publish","type":"post","link":"https:\/\/www.laguiadepamplona.com\/actualidad\/aprobado-el-proyecto-de-ordenanza-basica-de-higiene-y-salubridad-que-debera-pasar-por-el-pleno-para-su-aprobacion-inicial\/","title":{"rendered":"Aprobado el proyecto de Ordenanza B\u00e1sica de Higiene y Salubridad, que deber\u00e1 pasar por el Pleno para su aprobaci\u00f3n inicial"},"content":{"rendered":"<h4>El texto refunde y actualiza diversas ordenanzas que regulan <span lang=\"ES-TRAD\">las condicionas b\u00e1sicas de higiene y salubridad exigibles en la ciudad<\/span><\/h4>\n<p class=\"Textonota\"><span lang=\"ES-TRAD\"><a href=\"http:\/\/laguiadepamplona.com\/actualidad\/wp-content\/uploads\/2014\/06\/Ayto_Pamplona.jpg\"><img loading=\"lazy\" decoding=\"async\" class=\"alignleft size-medium wp-image-2063\" src=\"http:\/\/laguiadepamplona.com\/actualidad\/wp-content\/uploads\/2014\/06\/Ayto_Pamplona-300x225.jpg\" alt=\"Ayto_Pamplona\" width=\"300\" height=\"225\" \/><\/a>La Junta de Gobierno Local ha aprobado hoy el texto del proyecto Ordenanza B\u00e1sica de Higiene y Salubridad, un texto normativo que refunde y actualiza diversas ordenanzas sanitarias preexistentes y que, para entrar en vigor, deber\u00e1 ser apr<\/span>obado inicialmente por el Pleno en el pr\u00f3ximo periodo de sesiones y pasar por informaci\u00f3n p\u00fablica y alegaciones, antes de su aprobaci\u00f3n definitiva por el m\u00e1ximo \u00f3rgano del Consistorio.<\/p>\n<p class=\"Textonota\">El \u00e1rea encargada de hacer este trabajo ha sido la de Urbanismo, Vivienda y Medio Ambiente, en la idea de que en el articulado del proyecto se recojan todas las condicionas b\u00e1sicas de higiene y salubridad exigibles en la ciudad que no est\u00e9n recogidas ya en otras normas de rango superior a la Ordenanza Municipal.<\/p>\n<p class=\"Textonota\">Seg\u00fan el proyecto la nueva Ordenanza tendr\u00eda siete cap\u00edtulos dedicados a: viviendas y solares; centros docentes; centros deportivos y de ba\u00f1o; almacenes, comercios de bienes usados y de pieles no curtidas; veh\u00edculos de transporte de personas o mercanc\u00edas; otros establecimientos comerciales y el \u00faltimo, relativo a la tipificaci\u00f3n de infracciones. Posee el proyecto una disposici\u00f3n derogatoria que deja sin efecto las ocho ordenanzas en las que se recog\u00eda la regulaci\u00f3n sobre estos aspectos hasta ahora.<\/p>\n<p class=\"Textonota\">\n","protected":false},"excerpt":{"rendered":"<p>El texto refunde y actualiza diversas ordenanzas que regulan las condicionas b\u00e1sicas de higiene y salubridad exigibles en la ciudad La Junta de Gobierno Local ha aprobado hoy el texto&#8230;<\/p>\n","protected":false},"author":1,"featured_media":2063,"comment_status":"open","ping_status":"open","sticky":false,"template":"","format":"standard","meta":{"footnotes":""},"categories":[2],"tags":[5,6,509,8,2197,9,2198],"class_list":["post-2574","post","type-post","status-publish","format-standard","has-post-thumbnail","hentry","category-ayuntamiento-pamplona","tag-actualidad","tag-ayto-pamplona","tag-ayuntamiento-de-pamplona","tag-noticias","tag-ordenanza-basica-de-higiene-y-salubridad","tag-pamplona","tag-pleno"],"yoast_head":"<!-- This site is optimized with the Yoast SEO plugin v27.5 - https:\/\/yoast.com\/product\/yoast-seo-wordpress\/ -->\n<title>Aprobado el proyecto de Ordenanza B\u00e1sica de Higiene y Salubridad, que deber\u00e1 pasar por el Pleno para su aprobaci\u00f3n inicial<\/title>\n<meta name=\"robots\" content=\"index, follow, max-snippet:-1, max-image-preview:large, max-video-preview:-1\" \/>\n<link rel=\"canonical\" href=\"https:\/\/www.laguiadepamplona.com\/actualidad\/aprobado-el-proyecto-de-ordenanza-basica-de-higiene-y-salubridad-que-debera-pasar-por-el-pleno-para-su-aprobacion-inicial\/\" \/>\n<meta property=\"og:locale\" content=\"es_ES\" \/>\n<meta property=\"og:type\" content=\"article\" \/>\n<meta property=\"og:title\" content=\"Aprobado el proyecto de Ordenanza B\u00e1sica de Higiene y Salubridad, que deber\u00e1 pasar por el Pleno para su aprobaci\u00f3n inicial\" \/>\n<meta property=\"og:description\" content=\"El texto refunde y actualiza diversas ordenanzas que regulan las condicionas b\u00e1sicas de higiene y salubridad exigibles en la ciudad La Junta de Gobierno Local ha aprobado hoy el texto...\" \/>\n<meta property=\"og:url\" content=\"https:\/\/www.laguiadepamplona.com\/actualidad\/aprobado-el-proyecto-de-ordenanza-basica-de-higiene-y-salubridad-que-debera-pasar-por-el-pleno-para-su-aprobacion-inicial\/\" \/>\n<meta property=\"og:site_name\" content=\"La Gu\u00eda de Pamplona\" \/>\n<meta property=\"article:publisher\" content=\"https:\/\/www.facebook.com\/laguiadepamplonacom-133175176762273\/?ref=hl\" \/>\n<meta property=\"article:published_time\" content=\"2014-08-05T12:16:34+00:00\" \/>\n<meta name=\"author\" content=\"La Gu\u00eda de Pamplona\" \/>\n<meta name=\"twitter:card\" content=\"summary_large_image\" \/>\n<meta name=\"twitter:creator\" content=\"@LaGuiadPamplona\" \/>\n<meta name=\"twitter:site\" content=\"@LaGuiadPamplona\" \/>\n<meta name=\"twitter:label1\" content=\"Escrito por\" \/>\n\t<meta name=\"twitter:data1\" content=\"La Gu\u00eda de Pamplona\" \/>\n\t<meta name=\"twitter:label2\" content=\"Tiempo de lectura\" \/>\n\t<meta name=\"twitter:data2\" content=\"1 minuto\" \/>\n<script type=\"application\/ld+json\" class=\"yoast-schema-graph\">{\"@context\":\"https:\\\/\\\/schema.org\",\"@graph\":[{\"@type\":\"Article\",\"@id\":\"https:\\\/\\\/www.laguiadepamplona.com\\\/actualidad\\\/aprobado-el-proyecto-de-ordenanza-basica-de-higiene-y-salubridad-que-debera-pasar-por-el-pleno-para-su-aprobacion-inicial\\\/#article\",\"isPartOf\":{\"@id\":\"https:\\\/\\\/www.laguiadepamplona.com\\\/actualidad\\\/aprobado-el-proyecto-de-ordenanza-basica-de-higiene-y-salubridad-que-debera-pasar-por-el-pleno-para-su-aprobacion-inicial\\\/\"},\"author\":{\"name\":\"La Gu\u00eda de Pamplona\",\"@id\":\"https:\\\/\\\/www.laguiadepamplona.com\\\/actualidad\\\/#\\\/schema\\\/person\\\/efe887376f0213d4657c93adc50b1fdb\"},\"headline\":\"Aprobado el proyecto de Ordenanza B\u00e1sica de Higiene y Salubridad, que deber\u00e1 pasar por el Pleno para su aprobaci\u00f3n inicial\",\"datePublished\":\"2014-08-05T12:16:34+00:00\",\"mainEntityOfPage\":{\"@id\":\"https:\\\/\\\/www.laguiadepamplona.com\\\/actualidad\\\/aprobado-el-proyecto-de-ordenanza-basica-de-higiene-y-salubridad-que-debera-pasar-por-el-pleno-para-su-aprobacion-inicial\\\/\"},\"wordCount\":257,\"commentCount\":0,\"publisher\":{\"@id\":\"https:\\\/\\\/www.laguiadepamplona.com\\\/actualidad\\\/#organization\"},\"image\":{\"@id\":\"https:\\\/\\\/www.laguiadepamplona.com\\\/actualidad\\\/aprobado-el-proyecto-de-ordenanza-basica-de-higiene-y-salubridad-que-debera-pasar-por-el-pleno-para-su-aprobacion-inicial\\\/#primaryimage\"},\"thumbnailUrl\":\"\",\"keywords\":[\"actualidad\",\"ayto pamplona\",\"Ayuntamiento de Pamplona\",\"noticias\",\"Ordenanza B\u00e1sica de Higiene y Salubridad\",\"pamplona\",\"pleno\"],\"articleSection\":[\"Ayto Pamplona\"],\"inLanguage\":\"es\",\"potentialAction\":[{\"@type\":\"CommentAction\",\"name\":\"Comment\",\"target\":[\"https:\\\/\\\/www.laguiadepamplona.com\\\/actualidad\\\/aprobado-el-proyecto-de-ordenanza-basica-de-higiene-y-salubridad-que-debera-pasar-por-el-pleno-para-su-aprobacion-inicial\\\/#respond\"]}]},{\"@type\":\"WebPage\",\"@id\":\"https:\\\/\\\/www.laguiadepamplona.com\\\/actualidad\\\/aprobado-el-proyecto-de-ordenanza-basica-de-higiene-y-salubridad-que-debera-pasar-por-el-pleno-para-su-aprobacion-inicial\\\/\",\"url\":\"https:\\\/\\\/www.laguiadepamplona.com\\\/actualidad\\\/aprobado-el-proyecto-de-ordenanza-basica-de-higiene-y-salubridad-que-debera-pasar-por-el-pleno-para-su-aprobacion-inicial\\\/\",\"name\":\"Aprobado el proyecto de Ordenanza B\u00e1sica de Higiene y Salubridad, que deber\u00e1 pasar por el Pleno para su aprobaci\u00f3n inicial\",\"isPartOf\":{\"@id\":\"https:\\\/\\\/www.laguiadepamplona.com\\\/actualidad\\\/#website\"},\"primaryImageOfPage\":{\"@id\":\"https:\\\/\\\/www.laguiadepamplona.com\\\/actualidad\\\/aprobado-el-proyecto-de-ordenanza-basica-de-higiene-y-salubridad-que-debera-pasar-por-el-pleno-para-su-aprobacion-inicial\\\/#primaryimage\"},\"image\":{\"@id\":\"https:\\\/\\\/www.laguiadepamplona.com\\\/actualidad\\\/aprobado-el-proyecto-de-ordenanza-basica-de-higiene-y-salubridad-que-debera-pasar-por-el-pleno-para-su-aprobacion-inicial\\\/#primaryimage\"},\"thumbnailUrl\":\"\",\"datePublished\":\"2014-08-05T12:16:34+00:00\",\"breadcrumb\":{\"@id\":\"https:\\\/\\\/www.laguiadepamplona.com\\\/actualidad\\\/aprobado-el-proyecto-de-ordenanza-basica-de-higiene-y-salubridad-que-debera-pasar-por-el-pleno-para-su-aprobacion-inicial\\\/#breadcrumb\"},\"inLanguage\":\"es\",\"potentialAction\":[{\"@type\":\"ReadAction\",\"target\":[\"https:\\\/\\\/www.laguiadepamplona.com\\\/actualidad\\\/aprobado-el-proyecto-de-ordenanza-basica-de-higiene-y-salubridad-que-debera-pasar-por-el-pleno-para-su-aprobacion-inicial\\\/\"]}]},{\"@type\":\"ImageObject\",\"inLanguage\":\"es\",\"@id\":\"https:\\\/\\\/www.laguiadepamplona.com\\\/actualidad\\\/aprobado-el-proyecto-de-ordenanza-basica-de-higiene-y-salubridad-que-debera-pasar-por-el-pleno-para-su-aprobacion-inicial\\\/#primaryimage\",\"url\":\"\",\"contentUrl\":\"\"},{\"@type\":\"BreadcrumbList\",\"@id\":\"https:\\\/\\\/www.laguiadepamplona.com\\\/actualidad\\\/aprobado-el-proyecto-de-ordenanza-basica-de-higiene-y-salubridad-que-debera-pasar-por-el-pleno-para-su-aprobacion-inicial\\\/#breadcrumb\",\"itemListElement\":[{\"@type\":\"ListItem\",\"position\":1,\"name\":\"Portada\",\"item\":\"https:\\\/\\\/www.laguiadepamplona.com\\\/actualidad\\\/\"},{\"@type\":\"ListItem\",\"position\":2,\"name\":\"Aprobado el proyecto de Ordenanza B\u00e1sica de Higiene y Salubridad, que deber\u00e1 pasar por el Pleno para su aprobaci\u00f3n inicial\"}]},{\"@type\":\"WebSite\",\"@id\":\"https:\\\/\\\/www.laguiadepamplona.com\\\/actualidad\\\/#website\",\"url\":\"https:\\\/\\\/www.laguiadepamplona.com\\\/actualidad\\\/\",\"name\":\"La gu\u00eda de Pamplona\",\"description\":\"Noticias de Pamplona\",\"publisher\":{\"@id\":\"https:\\\/\\\/www.laguiadepamplona.com\\\/actualidad\\\/#organization\"},\"potentialAction\":[{\"@type\":\"SearchAction\",\"target\":{\"@type\":\"EntryPoint\",\"urlTemplate\":\"https:\\\/\\\/www.laguiadepamplona.com\\\/actualidad\\\/?s={search_term_string}\"},\"query-input\":{\"@type\":\"PropertyValueSpecification\",\"valueRequired\":true,\"valueName\":\"search_term_string\"}}],\"inLanguage\":\"es\"},{\"@type\":\"Organization\",\"@id\":\"https:\\\/\\\/www.laguiadepamplona.com\\\/actualidad\\\/#organization\",\"name\":\"La Gu\u00eda de Pamplona \\\/ Noticias\",\"url\":\"https:\\\/\\\/www.laguiadepamplona.com\\\/actualidad\\\/\",\"logo\":{\"@type\":\"ImageObject\",\"inLanguage\":\"es\",\"@id\":\"https:\\\/\\\/www.laguiadepamplona.com\\\/actualidad\\\/#\\\/schema\\\/logo\\\/image\\\/\",\"url\":\"https:\\\/\\\/www.laguiadepamplona.com\\\/actualidad\\\/wp-content\\\/uploads\\\/2018\\\/11\\\/logo-laguiadepamplona18-web1.png\",\"contentUrl\":\"https:\\\/\\\/www.laguiadepamplona.com\\\/actualidad\\\/wp-content\\\/uploads\\\/2018\\\/11\\\/logo-laguiadepamplona18-web1.png\",\"width\":600,\"height\":196,\"caption\":\"La Gu\u00eda de Pamplona \\\/ Noticias\"},\"image\":{\"@id\":\"https:\\\/\\\/www.laguiadepamplona.com\\\/actualidad\\\/#\\\/schema\\\/logo\\\/image\\\/\"},\"sameAs\":[\"https:\\\/\\\/www.facebook.com\\\/laguiadepamplonacom-133175176762273\\\/?ref=hl\",\"https:\\\/\\\/x.com\\\/LaGuiadPamplona\",\"https:\\\/\\\/www.instagram.com\\\/la_guia_de_pamplona\\\/\",\"https:\\\/\\\/www.youtube.com\\\/user\\\/laguiadepamplona\"]},{\"@type\":\"Person\",\"@id\":\"https:\\\/\\\/www.laguiadepamplona.com\\\/actualidad\\\/#\\\/schema\\\/person\\\/efe887376f0213d4657c93adc50b1fdb\",\"name\":\"La Gu\u00eda de Pamplona\",\"image\":{\"@type\":\"ImageObject\",\"inLanguage\":\"es\",\"@id\":\"https:\\\/\\\/secure.gravatar.com\\\/avatar\\\/b6992f131dc8d30ab0dff15446e9d346d9dbd95992de0fef795073f5ea83a81c?s=96&d=mm&r=g\",\"url\":\"https:\\\/\\\/secure.gravatar.com\\\/avatar\\\/b6992f131dc8d30ab0dff15446e9d346d9dbd95992de0fef795073f5ea83a81c?s=96&d=mm&r=g\",\"contentUrl\":\"https:\\\/\\\/secure.gravatar.com\\\/avatar\\\/b6992f131dc8d30ab0dff15446e9d346d9dbd95992de0fef795073f5ea83a81c?s=96&d=mm&r=g\",\"caption\":\"La Gu\u00eda de Pamplona\"}}]}<\/script>\n<!-- \/ Yoast SEO plugin. -->","yoast_head_json":{"title":"Aprobado el proyecto de Ordenanza B\u00e1sica de Higiene y Salubridad, que deber\u00e1 pasar por el Pleno para su aprobaci\u00f3n inicial","robots":{"index":"index","follow":"follow","max-snippet":"max-snippet:-1","max-image-preview":"max-image-preview:large","max-video-preview":"max-video-preview:-1"},"canonical":"https:\/\/www.laguiadepamplona.com\/actualidad\/aprobado-el-proyecto-de-ordenanza-basica-de-higiene-y-salubridad-que-debera-pasar-por-el-pleno-para-su-aprobacion-inicial\/","og_locale":"es_ES","og_type":"article","og_title":"Aprobado el proyecto de Ordenanza B\u00e1sica de Higiene y Salubridad, que deber\u00e1 pasar por el Pleno para su aprobaci\u00f3n inicial","og_description":"El texto refunde y actualiza diversas ordenanzas que regulan las condicionas b\u00e1sicas de higiene y salubridad exigibles en la ciudad La Junta de Gobierno Local ha aprobado hoy el texto...","og_url":"https:\/\/www.laguiadepamplona.com\/actualidad\/aprobado-el-proyecto-de-ordenanza-basica-de-higiene-y-salubridad-que-debera-pasar-por-el-pleno-para-su-aprobacion-inicial\/","og_site_name":"La Gu\u00eda de Pamplona","article_publisher":"https:\/\/www.facebook.com\/laguiadepamplonacom-133175176762273\/?ref=hl","article_published_time":"2014-08-05T12:16:34+00:00","author":"La Gu\u00eda de Pamplona","twitter_card":"summary_large_image","twitter_creator":"@LaGuiadPamplona","twitter_site":"@LaGuiadPamplona","twitter_misc":{"Escrito por":"La Gu\u00eda de Pamplona","Tiempo de lectura":"1 minuto"},"schema":{"@context":"https:\/\/schema.org","@graph":[{"@type":"Article","@id":"https:\/\/www.laguiadepamplona.com\/actualidad\/aprobado-el-proyecto-de-ordenanza-basica-de-higiene-y-salubridad-que-debera-pasar-por-el-pleno-para-su-aprobacion-inicial\/#article","isPartOf":{"@id":"https:\/\/www.laguiadepamplona.com\/actualidad\/aprobado-el-proyecto-de-ordenanza-basica-de-higiene-y-salubridad-que-debera-pasar-por-el-pleno-para-su-aprobacion-inicial\/"},"author":{"name":"La Gu\u00eda de Pamplona","@id":"https:\/\/www.laguiadepamplona.com\/actualidad\/#\/schema\/person\/efe887376f0213d4657c93adc50b1fdb"},"headline":"Aprobado el proyecto de Ordenanza B\u00e1sica de Higiene y Salubridad, que deber\u00e1 pasar por el Pleno para su aprobaci\u00f3n inicial","datePublished":"2014-08-05T12:16:34+00:00","mainEntityOfPage":{"@id":"https:\/\/www.laguiadepamplona.com\/actualidad\/aprobado-el-proyecto-de-ordenanza-basica-de-higiene-y-salubridad-que-debera-pasar-por-el-pleno-para-su-aprobacion-inicial\/"},"wordCount":257,"commentCount":0,"publisher":{"@id":"https:\/\/www.laguiadepamplona.com\/actualidad\/#organization"},"image":{"@id":"https:\/\/www.laguiadepamplona.com\/actualidad\/aprobado-el-proyecto-de-ordenanza-basica-de-higiene-y-salubridad-que-debera-pasar-por-el-pleno-para-su-aprobacion-inicial\/#primaryimage"},"thumbnailUrl":"","keywords":["actualidad","ayto pamplona","Ayuntamiento de Pamplona","noticias","Ordenanza B\u00e1sica de Higiene y Salubridad","pamplona","pleno"],"articleSection":["Ayto Pamplona"],"inLanguage":"es","potentialAction":[{"@type":"CommentAction","name":"Comment","target":["https:\/\/www.laguiadepamplona.com\/actualidad\/aprobado-el-proyecto-de-ordenanza-basica-de-higiene-y-salubridad-que-debera-pasar-por-el-pleno-para-su-aprobacion-inicial\/#respond"]}]},{"@type":"WebPage","@id":"https:\/\/www.laguiadepamplona.com\/actualidad\/aprobado-el-proyecto-de-ordenanza-basica-de-higiene-y-salubridad-que-debera-pasar-por-el-pleno-para-su-aprobacion-inicial\/","url":"https:\/\/www.laguiadepamplona.com\/actualidad\/aprobado-el-proyecto-de-ordenanza-basica-de-higiene-y-salubridad-que-debera-pasar-por-el-pleno-para-su-aprobacion-inicial\/","name":"Aprobado el proyecto de Ordenanza B\u00e1sica de Higiene y Salubridad, que deber\u00e1 pasar por el Pleno para su aprobaci\u00f3n inicial","isPartOf":{"@id":"https:\/\/www.laguiadepamplona.com\/actualidad\/#website"},"primaryImageOfPage":{"@id":"https:\/\/www.laguiadepamplona.com\/actualidad\/aprobado-el-proyecto-de-ordenanza-basica-de-higiene-y-salubridad-que-debera-pasar-por-el-pleno-para-su-aprobacion-inicial\/#primaryimage"},"image":{"@id":"https:\/\/www.laguiadepamplona.com\/actualidad\/aprobado-el-proyecto-de-ordenanza-basica-de-higiene-y-salubridad-que-debera-pasar-por-el-pleno-para-su-aprobacion-inicial\/#primaryimage"},"thumbnailUrl":"","datePublished":"2014-08-05T12:16:34+00:00","breadcrumb":{"@id":"https:\/\/www.laguiadepamplona.com\/actualidad\/aprobado-el-proyecto-de-ordenanza-basica-de-higiene-y-salubridad-que-debera-pasar-por-el-pleno-para-su-aprobacion-inicial\/#breadcrumb"},"inLanguage":"es","potentialAction":[{"@type":"ReadAction","target":["https:\/\/www.laguiadepamplona.com\/actualidad\/aprobado-el-proyecto-de-ordenanza-basica-de-higiene-y-salubridad-que-debera-pasar-por-el-pleno-para-su-aprobacion-inicial\/"]}]},{"@type":"ImageObject","inLanguage":"es","@id":"https:\/\/www.laguiadepamplona.com\/actualidad\/aprobado-el-proyecto-de-ordenanza-basica-de-higiene-y-salubridad-que-debera-pasar-por-el-pleno-para-su-aprobacion-inicial\/#primaryimage","url":"","contentUrl":""},{"@type":"BreadcrumbList","@id":"https:\/\/www.laguiadepamplona.com\/actualidad\/aprobado-el-proyecto-de-ordenanza-basica-de-higiene-y-salubridad-que-debera-pasar-por-el-pleno-para-su-aprobacion-inicial\/#breadcrumb","itemListElement":[{"@type":"ListItem","position":1,"name":"Portada","item":"https:\/\/www.laguiadepamplona.com\/actualidad\/"},{"@type":"ListItem","position":2,"name":"Aprobado el proyecto de Ordenanza B\u00e1sica de Higiene y Salubridad, que deber\u00e1 pasar por el Pleno para su aprobaci\u00f3n inicial"}]},{"@type":"WebSite","@id":"https:\/\/www.laguiadepamplona.com\/actualidad\/#website","url":"https:\/\/www.laguiadepamplona.com\/actualidad\/","name":"La gu\u00eda de Pamplona","description":"Noticias de Pamplona","publisher":{"@id":"https:\/\/www.laguiadepamplona.com\/actualidad\/#organization"},"potentialAction":[{"@type":"SearchAction","target":{"@type":"EntryPoint","urlTemplate":"https:\/\/www.laguiadepamplona.com\/actualidad\/?s={search_term_string}"},"query-input":{"@type":"PropertyValueSpecification","valueRequired":true,"valueName":"search_term_string"}}],"inLanguage":"es"},{"@type":"Organization","@id":"https:\/\/www.laguiadepamplona.com\/actualidad\/#organization","name":"La Gu\u00eda de Pamplona \/ Noticias","url":"https:\/\/www.laguiadepamplona.com\/actualidad\/","logo":{"@type":"ImageObject","inLanguage":"es","@id":"https:\/\/www.laguiadepamplona.com\/actualidad\/#\/schema\/logo\/image\/","url":"https:\/\/www.laguiadepamplona.com\/actualidad\/wp-content\/uploads\/2018\/11\/logo-laguiadepamplona18-web1.png","contentUrl":"https:\/\/www.laguiadepamplona.com\/actualidad\/wp-content\/uploads\/2018\/11\/logo-laguiadepamplona18-web1.png","width":600,"height":196,"caption":"La Gu\u00eda de Pamplona \/ Noticias"},"image":{"@id":"https:\/\/www.laguiadepamplona.com\/actualidad\/#\/schema\/logo\/image\/"},"sameAs":["https:\/\/www.facebook.com\/laguiadepamplonacom-133175176762273\/?ref=hl","https:\/\/x.com\/LaGuiadPamplona","https:\/\/www.instagram.com\/la_guia_de_pamplona\/","https:\/\/www.youtube.com\/user\/laguiadepamplona"]},{"@type":"Person","@id":"https:\/\/www.laguiadepamplona.com\/actualidad\/#\/schema\/person\/efe887376f0213d4657c93adc50b1fdb","name":"La Gu\u00eda de Pamplona","image":{"@type":"ImageObject","inLanguage":"es","@id":"https:\/\/secure.gravatar.com\/avatar\/b6992f131dc8d30ab0dff15446e9d346d9dbd95992de0fef795073f5ea83a81c?s=96&d=mm&r=g","url":"https:\/\/secure.gravatar.com\/avatar\/b6992f131dc8d30ab0dff15446e9d346d9dbd95992de0fef795073f5ea83a81c?s=96&d=mm&r=g","contentUrl":"https:\/\/secure.gravatar.com\/avatar\/b6992f131dc8d30ab0dff15446e9d346d9dbd95992de0fef795073f5ea83a81c?s=96&d=mm&r=g","caption":"La Gu\u00eda de Pamplona"}}]}},"post_mailing_queue_ids":[],"_links":{"self":[{"href":"https:\/\/www.laguiadepamplona.com\/actualidad\/wp-json\/wp\/v2\/posts\/2574","targetHints":{"allow":["GET"]}}],"collection":[{"href":"https:\/\/www.laguiadepamplona.com\/actualidad\/wp-json\/wp\/v2\/posts"}],"about":[{"href":"https:\/\/www.laguiadepamplona.com\/actualidad\/wp-json\/wp\/v2\/types\/post"}],"author":[{"embeddable":true,"href":"https:\/\/www.laguiadepamplona.com\/actualidad\/wp-json\/wp\/v2\/users\/1"}],"replies":[{"embeddable":true,"href":"https:\/\/www.laguiadepamplona.com\/actualidad\/wp-json\/wp\/v2\/comments?post=2574"}],"version-history":[{"count":0,"href":"https:\/\/www.laguiadepamplona.com\/actualidad\/wp-json\/wp\/v2\/posts\/2574\/revisions"}],"wp:featuredmedia":[{"embeddable":true,"href":"https:\/\/www.laguiadepamplona.com\/actualidad\/wp-json\/"}],"wp:attachment":[{"href":"https:\/\/www.laguiadepamplona.com\/actualidad\/wp-json\/wp\/v2\/media?parent=2574"}],"wp:term":[{"taxonomy":"category","embeddable":true,"href":"https:\/\/www.laguiadepamplona.com\/actualidad\/wp-json\/wp\/v2\/categories?post=2574"},{"taxonomy":"post_tag","embeddable":true,"href":"https:\/\/www.laguiadepamplona.com\/actualidad\/wp-json\/wp\/v2\/tags?post=2574"}],"curies":[{"name":"wp","href":"https:\/\/api.w.org\/{rel}","templated":true}]}}