{"id":2547,"date":"2014-08-04T10:45:06","date_gmt":"2014-08-04T10:45:06","guid":{"rendered":"http:\/\/laguiadepamplona.com\/actualidad\/?p=2547"},"modified":"2014-08-04T10:45:06","modified_gmt":"2014-08-04T10:45:06","slug":"el-ayuntamiento-de-pamplona-convoca-pruebas-para-la-contratacion-temporal-de-tecnico-en-laboratorio","status":"publish","type":"post","link":"https:\/\/www.laguiadepamplona.com\/actualidad\/el-ayuntamiento-de-pamplona-convoca-pruebas-para-la-contratacion-temporal-de-tecnico-en-laboratorio\/","title":{"rendered":"El Ayuntamiento de Pamplona convoca pruebas para la contrataci\u00f3n temporal de t\u00e9cnico en laboratorio"},"content":{"rendered":"<h4>Las instancias para participar en el proceso selectivo pueden presentarse hasta el 21 de agosto en cualquier registro municipal<\/h4>\n<p><a href=\"http:\/\/laguiadepamplona.com\/actualidad\/wp-content\/uploads\/2014\/06\/Ayto_Pamplona.jpg\"><img loading=\"lazy\" decoding=\"async\" class=\"alignleft size-medium wp-image-2063\" src=\"http:\/\/laguiadepamplona.com\/actualidad\/wp-content\/uploads\/2014\/06\/Ayto_Pamplona-300x225.jpg\" alt=\"Ayto_Pamplona\" width=\"300\" height=\"225\" \/><\/a>El Ayuntamiento de Pamplona ha convocado pruebas selectivas para la constituci\u00f3n de una relaci\u00f3n de aspirantes al desempe\u00f1o, mediante contrataci\u00f3n temporal, del puesto de trabajo de t\u00e9cnico en laboratorio. Las instancias para participar en el proceso selectivo pueden presentarse hasta el 21 de agosto en cualquier registro municipal o por cualquiera de los medios previstos en la Ley 30\/1992 de R\u00e9gimen Jur\u00eddico de las Administraciones P\u00fablicas y del Procedimiento Administrativo Com\u00fan. Las instancias deber\u00e1n ajustarse al modelo que figura en el Anexo I de la convocatoria y que se facilita en la Oficina de Atenci\u00f3n Presencial (calle Mayor, 2) o se puede descargar en la p\u00e1gina web <a href=\"http:\/\/www.pamplona.es\/\" target=\"_blank\">www.pamplona.es<\/a>. Todos los detalles pueden consultarse en las bases de la convocatoria que han sido publicadas en el Bolet\u00edn Oficial de Navarra n\u00famero 150 de 1 de agosto.<\/p>\n<p>Entre los requisitos para poder participar en el proceso de selecci\u00f3n se encuentran hallarse en posesi\u00f3n del t\u00edtulo de T\u00e9cnico en Laboratorio o equivalente, ser espa\u00f1ol o nacional de un Estado miembro de la Uni\u00f3n Europea, tener cumplidos diecis\u00e9is a\u00f1os, poseer la capacidad f\u00edsica y ps\u00edquica necesarias y no hallarse inhabilitado ni suspendido para el ejercicio de estas funciones.<\/p>\n<p>La selecci\u00f3n se llevar\u00e1 a cabo mediante la realizaci\u00f3n de dos pruebas, una te\u00f3rica y otra pr\u00e1ctica. La te\u00f3rica consistir\u00e1 en la exposici\u00f3n por escrito de un tema de cada una de las dos partes del Anexo II de la convocatoria en el que aparece el temario. Una parte gira sobre qu\u00edmica y otra sobre microbiolog\u00eda. Se elegir\u00e1n al azar dos temas de cada parte para que cada aspirante pueda elegir entre uno de ellos. La prueba se calificar\u00e1 con 30 puntos como m\u00e1ximo, quedando eliminados aquellos aspirantes que no alcancen, al menos, la mitad de la puntuaci\u00f3n. La duraci\u00f3n m\u00e1xima de la prueba ser\u00e1 de dos horas. La prueba pr\u00e1ctica ser\u00e1 sobre manejo de t\u00e9cnicas de laboratorio, de qu\u00edmica y microbiolog\u00eda y tambi\u00e9n se valorar\u00e1 como m\u00e1ximo con 30 puntos, siendo necesario obtener 15 puntos para aprobar.<\/p>\n<p>Temario<\/p>\n<ul>\n<li><strong>Parte 1.\u2013Qu\u00edmica<\/strong><\/li>\n<li>1.1.\u2013An\u00e1lisis gravim\u00e9trico: Fundamentos te\u00f3ricos; operaciones generales. Aplicaciones en el an\u00e1lisis de alimentos.<\/li>\n<li>1.2.\u2013An\u00e1lisis volum\u00e9trico: Fundamentos te\u00f3ricos; operaciones generales. Volumetr\u00edas \u00e1cido-base; elecci\u00f3n del indicador. Aplicaciones en el an\u00e1lisis de aguas y alimentos.<\/li>\n<li>1.3.\u2013An\u00e1lisis volum\u00e9trico: Volumetr\u00edas de precipitaci\u00f3n, volumetr\u00edas de formaci\u00f3n de complejos, volumetr\u00edas redox. Aplicaciones en el an\u00e1lisis de aguas y alimentos.<\/li>\n<li>1.4.\u2013Turbidimetr\u00eda: Fundamentos te\u00f3ricos; Instrumentos; Aplicaciones en el an\u00e1lisis de aguas y alimentos. Refractometr\u00eda: Fundamentos te\u00f3ricos; Instrumentos; Aplicaciones en el an\u00e1lisis de aguas y alimentos.<\/li>\n<li>1.5.\u2013Espectrofotometr\u00eda de absorci\u00f3n UV-Visible: Fundamentos te\u00f3ricos; Instrumentos; Aplicaciones en el an\u00e1lisis de aguas y alimentos.<\/li>\n<li>1.6.\u2013Espectrofotometr\u00eda de absorci\u00f3n at\u00f3mica: Fundamentos te\u00f3ricos; Instrumentos; Aplicaciones en el an\u00e1lisis de aguas y alimentos.<\/li>\n<li>1.7.\u2013Conductimetr\u00eda: Fundamentos te\u00f3ricos. Aplicaciones en el an\u00e1lisis de aguas. Potenciometr\u00eda: Fundamentos te\u00f3ricos. Aplicaciones en el an\u00e1lisis de aguas.<\/li>\n<li>1.8.\u2013Cromatograf\u00eda: Fundamentos te\u00f3ricos. Cromatograf\u00eda en papel, cromatograf\u00eda en capa fina, cromatograf\u00eda en columna. Aplicaciones en el an\u00e1lisis de alimentos.<\/li>\n<li>1.9.\u2013Cromatograf\u00eda de L\u00edquidos de Alta Presi\u00f3n (HPLC): Fundamentos te\u00f3ricos; Instrumentos; Tipos de columna; Tipos de detectores. Aplicaciones en el an\u00e1lisis de aguas y alimentos.<\/li>\n<li>1.10.\u2013Cromatograf\u00eda de Gases: Fundamentos te\u00f3ricos; Instrumentos; Tipos de columna; Tipos de detectores. Aplicaciones en el an\u00e1lisis de aguas y alimentos.<\/li>\n<li><strong>Parte 2.\u2013Microbiolog\u00eda<\/strong><\/li>\n<li>2.1.\u2013Manejo de material y muestras en el laboratorio microbiol\u00f3gico. M\u00e9todos de esterilizaci\u00f3n (calor, filtraci\u00f3n, radiaci\u00f3n); aplicaciones.<\/li>\n<li>2.2.\u2013Preparaci\u00f3n de medios de cultivo. Sistem\u00e1tica a seguir. Medios generales, medios de enriquecimiento, medios selectivos, medios diferenciales. Fundamentos y ejemplos.<\/li>\n<li>2.3.\u2013Recuento de microorganismos en aguas. M\u00e9todo de filtraci\u00f3n por membrana. Cultivo en anaerobiosis.<\/li>\n<li>2.4.\u2013Recuento de microorganismos en alimentos. Preparaci\u00f3n de la muestra. Preparaci\u00f3n de diluciones. Cultivo en anaerobiosis.<\/li>\n<li>2.5.\u2013Aislamiento e identificaci\u00f3n de bacterias. M\u00e9todos de siembra en placa y tubo. Fundamentos generales de la identificaci\u00f3n mediante reacciones bioqu\u00edmicas.<\/li>\n<li>2.6.\u2013Microbiolog\u00eda de las aguas: m\u00e9todos de recuento de aerobios, coliformes y Escherichia Coli.<\/li>\n<li>2.7.\u2013Microbiolog\u00eda de las aguas: m\u00e9todos de recuento de enterococos, Clostridium perfringens y Pseudomonas aeruginosa.<\/li>\n<li>2.8.\u2013Microbiolog\u00eda de los alimentos: m\u00e9todos de recuento de aerobios mes\u00f3filos, enterobacteriaceas, coliformes y Escherichia coli.<\/li>\n<li>2.9.\u2013Microbiolog\u00eda de los alimentos: m\u00e9todos de recuento de Listeria monocytogenes y de Staphylococcus aureus.<\/li>\n<li>2.10.\u2013Microbiolog\u00eda de los alimentos: m\u00e9todos de investigaci\u00f3n de ausencia\/presencia de Listeria monocytogenes y Salmonella sp.<\/li>\n<\/ul>\n<p>&nbsp;<\/p>\n","protected":false},"excerpt":{"rendered":"<p>Las instancias para participar en el proceso selectivo pueden presentarse hasta el 21 de agosto en cualquier registro municipal El Ayuntamiento de Pamplona ha convocado pruebas selectivas para la constituci\u00f3n&#8230;<\/p>\n","protected":false},"author":1,"featured_media":2063,"comment_status":"open","ping_status":"open","sticky":false,"template":"","format":"standard","meta":{"footnotes":""},"categories":[2],"tags":[5,6,2111,2176,8,9,2117,2177,1866],"class_list":["post-2547","post","type-post","status-publish","format-standard","has-post-thumbnail","hentry","category-ayuntamiento-pamplona","tag-actualidad","tag-ayto-pamplona","tag-contratacion","tag-laboratorio","tag-noticias","tag-pamplona","tag-pruebas","tag-tecnico","tag-temporal"],"yoast_head":"<!-- This site is optimized with the Yoast SEO plugin v27.5 - https:\/\/yoast.com\/product\/yoast-seo-wordpress\/ -->\n<title>El Ayuntamiento de Pamplona convoca pruebas para la contrataci\u00f3n temporal de t\u00e9cnico en laboratorio<\/title>\n<meta name=\"robots\" content=\"index, follow, max-snippet:-1, max-image-preview:large, max-video-preview:-1\" \/>\n<link rel=\"canonical\" href=\"https:\/\/www.laguiadepamplona.com\/actualidad\/el-ayuntamiento-de-pamplona-convoca-pruebas-para-la-contratacion-temporal-de-tecnico-en-laboratorio\/\" \/>\n<meta property=\"og:locale\" content=\"es_ES\" \/>\n<meta property=\"og:type\" content=\"article\" \/>\n<meta property=\"og:title\" content=\"El Ayuntamiento de Pamplona convoca pruebas para la contrataci\u00f3n temporal de t\u00e9cnico en laboratorio\" \/>\n<meta property=\"og:description\" content=\"Las instancias para participar en el proceso selectivo pueden presentarse hasta el 21 de agosto en cualquier registro municipal El Ayuntamiento de Pamplona ha convocado pruebas selectivas para la constituci\u00f3n...\" \/>\n<meta property=\"og:url\" content=\"https:\/\/www.laguiadepamplona.com\/actualidad\/el-ayuntamiento-de-pamplona-convoca-pruebas-para-la-contratacion-temporal-de-tecnico-en-laboratorio\/\" \/>\n<meta property=\"og:site_name\" content=\"La Gu\u00eda de Pamplona\" \/>\n<meta property=\"article:publisher\" content=\"https:\/\/www.facebook.com\/laguiadepamplonacom-133175176762273\/?ref=hl\" \/>\n<meta property=\"article:published_time\" content=\"2014-08-04T10:45:06+00:00\" \/>\n<meta name=\"author\" content=\"La Gu\u00eda de Pamplona\" \/>\n<meta name=\"twitter:card\" content=\"summary_large_image\" \/>\n<meta name=\"twitter:creator\" content=\"@LaGuiadPamplona\" \/>\n<meta name=\"twitter:site\" content=\"@LaGuiadPamplona\" \/>\n<meta name=\"twitter:label1\" content=\"Escrito por\" \/>\n\t<meta name=\"twitter:data1\" content=\"La Gu\u00eda de Pamplona\" \/>\n\t<meta name=\"twitter:label2\" content=\"Tiempo de lectura\" \/>\n\t<meta name=\"twitter:data2\" content=\"4 minutos\" \/>\n<script type=\"application\/ld+json\" class=\"yoast-schema-graph\">{\"@context\":\"https:\\\/\\\/schema.org\",\"@graph\":[{\"@type\":\"Article\",\"@id\":\"https:\\\/\\\/www.laguiadepamplona.com\\\/actualidad\\\/el-ayuntamiento-de-pamplona-convoca-pruebas-para-la-contratacion-temporal-de-tecnico-en-laboratorio\\\/#article\",\"isPartOf\":{\"@id\":\"https:\\\/\\\/www.laguiadepamplona.com\\\/actualidad\\\/el-ayuntamiento-de-pamplona-convoca-pruebas-para-la-contratacion-temporal-de-tecnico-en-laboratorio\\\/\"},\"author\":{\"name\":\"La Gu\u00eda de Pamplona\",\"@id\":\"https:\\\/\\\/www.laguiadepamplona.com\\\/actualidad\\\/#\\\/schema\\\/person\\\/efe887376f0213d4657c93adc50b1fdb\"},\"headline\":\"El Ayuntamiento de Pamplona convoca pruebas para la contrataci\u00f3n temporal de t\u00e9cnico en laboratorio\",\"datePublished\":\"2014-08-04T10:45:06+00:00\",\"mainEntityOfPage\":{\"@id\":\"https:\\\/\\\/www.laguiadepamplona.com\\\/actualidad\\\/el-ayuntamiento-de-pamplona-convoca-pruebas-para-la-contratacion-temporal-de-tecnico-en-laboratorio\\\/\"},\"wordCount\":833,\"commentCount\":0,\"publisher\":{\"@id\":\"https:\\\/\\\/www.laguiadepamplona.com\\\/actualidad\\\/#organization\"},\"image\":{\"@id\":\"https:\\\/\\\/www.laguiadepamplona.com\\\/actualidad\\\/el-ayuntamiento-de-pamplona-convoca-pruebas-para-la-contratacion-temporal-de-tecnico-en-laboratorio\\\/#primaryimage\"},\"thumbnailUrl\":\"\",\"keywords\":[\"actualidad\",\"ayto pamplona\",\"contrataci\u00f3n\",\"laboratorio\",\"noticias\",\"pamplona\",\"pruebas\",\"t\u00e9cnico\",\"temporal\"],\"articleSection\":[\"Ayto Pamplona\"],\"inLanguage\":\"es\",\"potentialAction\":[{\"@type\":\"CommentAction\",\"name\":\"Comment\",\"target\":[\"https:\\\/\\\/www.laguiadepamplona.com\\\/actualidad\\\/el-ayuntamiento-de-pamplona-convoca-pruebas-para-la-contratacion-temporal-de-tecnico-en-laboratorio\\\/#respond\"]}]},{\"@type\":\"WebPage\",\"@id\":\"https:\\\/\\\/www.laguiadepamplona.com\\\/actualidad\\\/el-ayuntamiento-de-pamplona-convoca-pruebas-para-la-contratacion-temporal-de-tecnico-en-laboratorio\\\/\",\"url\":\"https:\\\/\\\/www.laguiadepamplona.com\\\/actualidad\\\/el-ayuntamiento-de-pamplona-convoca-pruebas-para-la-contratacion-temporal-de-tecnico-en-laboratorio\\\/\",\"name\":\"El Ayuntamiento de Pamplona convoca pruebas para la contrataci\u00f3n temporal de t\u00e9cnico en laboratorio\",\"isPartOf\":{\"@id\":\"https:\\\/\\\/www.laguiadepamplona.com\\\/actualidad\\\/#website\"},\"primaryImageOfPage\":{\"@id\":\"https:\\\/\\\/www.laguiadepamplona.com\\\/actualidad\\\/el-ayuntamiento-de-pamplona-convoca-pruebas-para-la-contratacion-temporal-de-tecnico-en-laboratorio\\\/#primaryimage\"},\"image\":{\"@id\":\"https:\\\/\\\/www.laguiadepamplona.com\\\/actualidad\\\/el-ayuntamiento-de-pamplona-convoca-pruebas-para-la-contratacion-temporal-de-tecnico-en-laboratorio\\\/#primaryimage\"},\"thumbnailUrl\":\"\",\"datePublished\":\"2014-08-04T10:45:06+00:00\",\"breadcrumb\":{\"@id\":\"https:\\\/\\\/www.laguiadepamplona.com\\\/actualidad\\\/el-ayuntamiento-de-pamplona-convoca-pruebas-para-la-contratacion-temporal-de-tecnico-en-laboratorio\\\/#breadcrumb\"},\"inLanguage\":\"es\",\"potentialAction\":[{\"@type\":\"ReadAction\",\"target\":[\"https:\\\/\\\/www.laguiadepamplona.com\\\/actualidad\\\/el-ayuntamiento-de-pamplona-convoca-pruebas-para-la-contratacion-temporal-de-tecnico-en-laboratorio\\\/\"]}]},{\"@type\":\"ImageObject\",\"inLanguage\":\"es\",\"@id\":\"https:\\\/\\\/www.laguiadepamplona.com\\\/actualidad\\\/el-ayuntamiento-de-pamplona-convoca-pruebas-para-la-contratacion-temporal-de-tecnico-en-laboratorio\\\/#primaryimage\",\"url\":\"\",\"contentUrl\":\"\"},{\"@type\":\"BreadcrumbList\",\"@id\":\"https:\\\/\\\/www.laguiadepamplona.com\\\/actualidad\\\/el-ayuntamiento-de-pamplona-convoca-pruebas-para-la-contratacion-temporal-de-tecnico-en-laboratorio\\\/#breadcrumb\",\"itemListElement\":[{\"@type\":\"ListItem\",\"position\":1,\"name\":\"Portada\",\"item\":\"https:\\\/\\\/www.laguiadepamplona.com\\\/actualidad\\\/\"},{\"@type\":\"ListItem\",\"position\":2,\"name\":\"El Ayuntamiento de Pamplona convoca pruebas para la contrataci\u00f3n temporal de t\u00e9cnico en laboratorio\"}]},{\"@type\":\"WebSite\",\"@id\":\"https:\\\/\\\/www.laguiadepamplona.com\\\/actualidad\\\/#website\",\"url\":\"https:\\\/\\\/www.laguiadepamplona.com\\\/actualidad\\\/\",\"name\":\"La gu\u00eda de Pamplona\",\"description\":\"Noticias de Pamplona\",\"publisher\":{\"@id\":\"https:\\\/\\\/www.laguiadepamplona.com\\\/actualidad\\\/#organization\"},\"potentialAction\":[{\"@type\":\"SearchAction\",\"target\":{\"@type\":\"EntryPoint\",\"urlTemplate\":\"https:\\\/\\\/www.laguiadepamplona.com\\\/actualidad\\\/?s={search_term_string}\"},\"query-input\":{\"@type\":\"PropertyValueSpecification\",\"valueRequired\":true,\"valueName\":\"search_term_string\"}}],\"inLanguage\":\"es\"},{\"@type\":\"Organization\",\"@id\":\"https:\\\/\\\/www.laguiadepamplona.com\\\/actualidad\\\/#organization\",\"name\":\"La Gu\u00eda de Pamplona \\\/ Noticias\",\"url\":\"https:\\\/\\\/www.laguiadepamplona.com\\\/actualidad\\\/\",\"logo\":{\"@type\":\"ImageObject\",\"inLanguage\":\"es\",\"@id\":\"https:\\\/\\\/www.laguiadepamplona.com\\\/actualidad\\\/#\\\/schema\\\/logo\\\/image\\\/\",\"url\":\"https:\\\/\\\/www.laguiadepamplona.com\\\/actualidad\\\/wp-content\\\/uploads\\\/2018\\\/11\\\/logo-laguiadepamplona18-web1.png\",\"contentUrl\":\"https:\\\/\\\/www.laguiadepamplona.com\\\/actualidad\\\/wp-content\\\/uploads\\\/2018\\\/11\\\/logo-laguiadepamplona18-web1.png\",\"width\":600,\"height\":196,\"caption\":\"La Gu\u00eda de Pamplona \\\/ Noticias\"},\"image\":{\"@id\":\"https:\\\/\\\/www.laguiadepamplona.com\\\/actualidad\\\/#\\\/schema\\\/logo\\\/image\\\/\"},\"sameAs\":[\"https:\\\/\\\/www.facebook.com\\\/laguiadepamplonacom-133175176762273\\\/?ref=hl\",\"https:\\\/\\\/x.com\\\/LaGuiadPamplona\",\"https:\\\/\\\/www.instagram.com\\\/la_guia_de_pamplona\\\/\",\"https:\\\/\\\/www.youtube.com\\\/user\\\/laguiadepamplona\"]},{\"@type\":\"Person\",\"@id\":\"https:\\\/\\\/www.laguiadepamplona.com\\\/actualidad\\\/#\\\/schema\\\/person\\\/efe887376f0213d4657c93adc50b1fdb\",\"name\":\"La Gu\u00eda de Pamplona\",\"image\":{\"@type\":\"ImageObject\",\"inLanguage\":\"es\",\"@id\":\"https:\\\/\\\/secure.gravatar.com\\\/avatar\\\/b6992f131dc8d30ab0dff15446e9d346d9dbd95992de0fef795073f5ea83a81c?s=96&d=mm&r=g\",\"url\":\"https:\\\/\\\/secure.gravatar.com\\\/avatar\\\/b6992f131dc8d30ab0dff15446e9d346d9dbd95992de0fef795073f5ea83a81c?s=96&d=mm&r=g\",\"contentUrl\":\"https:\\\/\\\/secure.gravatar.com\\\/avatar\\\/b6992f131dc8d30ab0dff15446e9d346d9dbd95992de0fef795073f5ea83a81c?s=96&d=mm&r=g\",\"caption\":\"La Gu\u00eda de Pamplona\"}}]}<\/script>\n<!-- \/ Yoast SEO plugin. -->","yoast_head_json":{"title":"El Ayuntamiento de Pamplona convoca pruebas para la contrataci\u00f3n temporal de t\u00e9cnico en laboratorio","robots":{"index":"index","follow":"follow","max-snippet":"max-snippet:-1","max-image-preview":"max-image-preview:large","max-video-preview":"max-video-preview:-1"},"canonical":"https:\/\/www.laguiadepamplona.com\/actualidad\/el-ayuntamiento-de-pamplona-convoca-pruebas-para-la-contratacion-temporal-de-tecnico-en-laboratorio\/","og_locale":"es_ES","og_type":"article","og_title":"El Ayuntamiento de Pamplona convoca pruebas para la contrataci\u00f3n temporal de t\u00e9cnico en laboratorio","og_description":"Las instancias para participar en el proceso selectivo pueden presentarse hasta el 21 de agosto en cualquier registro municipal El Ayuntamiento de Pamplona ha convocado pruebas selectivas para la constituci\u00f3n...","og_url":"https:\/\/www.laguiadepamplona.com\/actualidad\/el-ayuntamiento-de-pamplona-convoca-pruebas-para-la-contratacion-temporal-de-tecnico-en-laboratorio\/","og_site_name":"La Gu\u00eda de Pamplona","article_publisher":"https:\/\/www.facebook.com\/laguiadepamplonacom-133175176762273\/?ref=hl","article_published_time":"2014-08-04T10:45:06+00:00","author":"La Gu\u00eda de Pamplona","twitter_card":"summary_large_image","twitter_creator":"@LaGuiadPamplona","twitter_site":"@LaGuiadPamplona","twitter_misc":{"Escrito por":"La Gu\u00eda de Pamplona","Tiempo de lectura":"4 minutos"},"schema":{"@context":"https:\/\/schema.org","@graph":[{"@type":"Article","@id":"https:\/\/www.laguiadepamplona.com\/actualidad\/el-ayuntamiento-de-pamplona-convoca-pruebas-para-la-contratacion-temporal-de-tecnico-en-laboratorio\/#article","isPartOf":{"@id":"https:\/\/www.laguiadepamplona.com\/actualidad\/el-ayuntamiento-de-pamplona-convoca-pruebas-para-la-contratacion-temporal-de-tecnico-en-laboratorio\/"},"author":{"name":"La Gu\u00eda de Pamplona","@id":"https:\/\/www.laguiadepamplona.com\/actualidad\/#\/schema\/person\/efe887376f0213d4657c93adc50b1fdb"},"headline":"El Ayuntamiento de Pamplona convoca pruebas para la contrataci\u00f3n temporal de t\u00e9cnico en laboratorio","datePublished":"2014-08-04T10:45:06+00:00","mainEntityOfPage":{"@id":"https:\/\/www.laguiadepamplona.com\/actualidad\/el-ayuntamiento-de-pamplona-convoca-pruebas-para-la-contratacion-temporal-de-tecnico-en-laboratorio\/"},"wordCount":833,"commentCount":0,"publisher":{"@id":"https:\/\/www.laguiadepamplona.com\/actualidad\/#organization"},"image":{"@id":"https:\/\/www.laguiadepamplona.com\/actualidad\/el-ayuntamiento-de-pamplona-convoca-pruebas-para-la-contratacion-temporal-de-tecnico-en-laboratorio\/#primaryimage"},"thumbnailUrl":"","keywords":["actualidad","ayto pamplona","contrataci\u00f3n","laboratorio","noticias","pamplona","pruebas","t\u00e9cnico","temporal"],"articleSection":["Ayto Pamplona"],"inLanguage":"es","potentialAction":[{"@type":"CommentAction","name":"Comment","target":["https:\/\/www.laguiadepamplona.com\/actualidad\/el-ayuntamiento-de-pamplona-convoca-pruebas-para-la-contratacion-temporal-de-tecnico-en-laboratorio\/#respond"]}]},{"@type":"WebPage","@id":"https:\/\/www.laguiadepamplona.com\/actualidad\/el-ayuntamiento-de-pamplona-convoca-pruebas-para-la-contratacion-temporal-de-tecnico-en-laboratorio\/","url":"https:\/\/www.laguiadepamplona.com\/actualidad\/el-ayuntamiento-de-pamplona-convoca-pruebas-para-la-contratacion-temporal-de-tecnico-en-laboratorio\/","name":"El Ayuntamiento de Pamplona convoca pruebas para la contrataci\u00f3n temporal de t\u00e9cnico en laboratorio","isPartOf":{"@id":"https:\/\/www.laguiadepamplona.com\/actualidad\/#website"},"primaryImageOfPage":{"@id":"https:\/\/www.laguiadepamplona.com\/actualidad\/el-ayuntamiento-de-pamplona-convoca-pruebas-para-la-contratacion-temporal-de-tecnico-en-laboratorio\/#primaryimage"},"image":{"@id":"https:\/\/www.laguiadepamplona.com\/actualidad\/el-ayuntamiento-de-pamplona-convoca-pruebas-para-la-contratacion-temporal-de-tecnico-en-laboratorio\/#primaryimage"},"thumbnailUrl":"","datePublished":"2014-08-04T10:45:06+00:00","breadcrumb":{"@id":"https:\/\/www.laguiadepamplona.com\/actualidad\/el-ayuntamiento-de-pamplona-convoca-pruebas-para-la-contratacion-temporal-de-tecnico-en-laboratorio\/#breadcrumb"},"inLanguage":"es","potentialAction":[{"@type":"ReadAction","target":["https:\/\/www.laguiadepamplona.com\/actualidad\/el-ayuntamiento-de-pamplona-convoca-pruebas-para-la-contratacion-temporal-de-tecnico-en-laboratorio\/"]}]},{"@type":"ImageObject","inLanguage":"es","@id":"https:\/\/www.laguiadepamplona.com\/actualidad\/el-ayuntamiento-de-pamplona-convoca-pruebas-para-la-contratacion-temporal-de-tecnico-en-laboratorio\/#primaryimage","url":"","contentUrl":""},{"@type":"BreadcrumbList","@id":"https:\/\/www.laguiadepamplona.com\/actualidad\/el-ayuntamiento-de-pamplona-convoca-pruebas-para-la-contratacion-temporal-de-tecnico-en-laboratorio\/#breadcrumb","itemListElement":[{"@type":"ListItem","position":1,"name":"Portada","item":"https:\/\/www.laguiadepamplona.com\/actualidad\/"},{"@type":"ListItem","position":2,"name":"El Ayuntamiento de Pamplona convoca pruebas para la contrataci\u00f3n temporal de t\u00e9cnico en laboratorio"}]},{"@type":"WebSite","@id":"https:\/\/www.laguiadepamplona.com\/actualidad\/#website","url":"https:\/\/www.laguiadepamplona.com\/actualidad\/","name":"La gu\u00eda de Pamplona","description":"Noticias de Pamplona","publisher":{"@id":"https:\/\/www.laguiadepamplona.com\/actualidad\/#organization"},"potentialAction":[{"@type":"SearchAction","target":{"@type":"EntryPoint","urlTemplate":"https:\/\/www.laguiadepamplona.com\/actualidad\/?s={search_term_string}"},"query-input":{"@type":"PropertyValueSpecification","valueRequired":true,"valueName":"search_term_string"}}],"inLanguage":"es"},{"@type":"Organization","@id":"https:\/\/www.laguiadepamplona.com\/actualidad\/#organization","name":"La Gu\u00eda de Pamplona \/ Noticias","url":"https:\/\/www.laguiadepamplona.com\/actualidad\/","logo":{"@type":"ImageObject","inLanguage":"es","@id":"https:\/\/www.laguiadepamplona.com\/actualidad\/#\/schema\/logo\/image\/","url":"https:\/\/www.laguiadepamplona.com\/actualidad\/wp-content\/uploads\/2018\/11\/logo-laguiadepamplona18-web1.png","contentUrl":"https:\/\/www.laguiadepamplona.com\/actualidad\/wp-content\/uploads\/2018\/11\/logo-laguiadepamplona18-web1.png","width":600,"height":196,"caption":"La Gu\u00eda de Pamplona \/ Noticias"},"image":{"@id":"https:\/\/www.laguiadepamplona.com\/actualidad\/#\/schema\/logo\/image\/"},"sameAs":["https:\/\/www.facebook.com\/laguiadepamplonacom-133175176762273\/?ref=hl","https:\/\/x.com\/LaGuiadPamplona","https:\/\/www.instagram.com\/la_guia_de_pamplona\/","https:\/\/www.youtube.com\/user\/laguiadepamplona"]},{"@type":"Person","@id":"https:\/\/www.laguiadepamplona.com\/actualidad\/#\/schema\/person\/efe887376f0213d4657c93adc50b1fdb","name":"La Gu\u00eda de Pamplona","image":{"@type":"ImageObject","inLanguage":"es","@id":"https:\/\/secure.gravatar.com\/avatar\/b6992f131dc8d30ab0dff15446e9d346d9dbd95992de0fef795073f5ea83a81c?s=96&d=mm&r=g","url":"https:\/\/secure.gravatar.com\/avatar\/b6992f131dc8d30ab0dff15446e9d346d9dbd95992de0fef795073f5ea83a81c?s=96&d=mm&r=g","contentUrl":"https:\/\/secure.gravatar.com\/avatar\/b6992f131dc8d30ab0dff15446e9d346d9dbd95992de0fef795073f5ea83a81c?s=96&d=mm&r=g","caption":"La Gu\u00eda de Pamplona"}}]}},"post_mailing_queue_ids":[],"_links":{"self":[{"href":"https:\/\/www.laguiadepamplona.com\/actualidad\/wp-json\/wp\/v2\/posts\/2547","targetHints":{"allow":["GET"]}}],"collection":[{"href":"https:\/\/www.laguiadepamplona.com\/actualidad\/wp-json\/wp\/v2\/posts"}],"about":[{"href":"https:\/\/www.laguiadepamplona.com\/actualidad\/wp-json\/wp\/v2\/types\/post"}],"author":[{"embeddable":true,"href":"https:\/\/www.laguiadepamplona.com\/actualidad\/wp-json\/wp\/v2\/users\/1"}],"replies":[{"embeddable":true,"href":"https:\/\/www.laguiadepamplona.com\/actualidad\/wp-json\/wp\/v2\/comments?post=2547"}],"version-history":[{"count":0,"href":"https:\/\/www.laguiadepamplona.com\/actualidad\/wp-json\/wp\/v2\/posts\/2547\/revisions"}],"wp:featuredmedia":[{"embeddable":true,"href":"https:\/\/www.laguiadepamplona.com\/actualidad\/wp-json\/"}],"wp:attachment":[{"href":"https:\/\/www.laguiadepamplona.com\/actualidad\/wp-json\/wp\/v2\/media?parent=2547"}],"wp:term":[{"taxonomy":"category","embeddable":true,"href":"https:\/\/www.laguiadepamplona.com\/actualidad\/wp-json\/wp\/v2\/categories?post=2547"},{"taxonomy":"post_tag","embeddable":true,"href":"https:\/\/www.laguiadepamplona.com\/actualidad\/wp-json\/wp\/v2\/tags?post=2547"}],"curies":[{"name":"wp","href":"https:\/\/api.w.org\/{rel}","templated":true}]}}