{"id":2544,"date":"2014-08-04T10:42:23","date_gmt":"2014-08-04T10:42:23","guid":{"rendered":"http:\/\/laguiadepamplona.com\/actualidad\/?p=2544"},"modified":"2014-08-04T10:42:23","modified_gmt":"2014-08-04T10:42:23","slug":"la-semana-pasada-una-persona-fue-detenida-al-dar-positivo-en-un-control-de-alcoholemia-y-a-otro-conductor-se-le-han-abierto-diligencias-por-conduccion-temeraria","status":"publish","type":"post","link":"https:\/\/www.laguiadepamplona.com\/actualidad\/la-semana-pasada-una-persona-fue-detenida-al-dar-positivo-en-un-control-de-alcoholemia-y-a-otro-conductor-se-le-han-abierto-diligencias-por-conduccion-temeraria\/","title":{"rendered":"La semana pasada una persona fue detenida al dar positivo en un control de alcoholemia y a otro conductor se le han abierto diligencias por conducci\u00f3n temeraria"},"content":{"rendered":"<p><a href=\"http:\/\/laguiadepamplona.com\/actualidad\/wp-content\/uploads\/2014\/07\/policia_municipal_1.jpg\"><img loading=\"lazy\" decoding=\"async\" class=\"alignleft size-medium wp-image-2393\" src=\"http:\/\/laguiadepamplona.com\/actualidad\/wp-content\/uploads\/2014\/07\/policia_municipal_1-300x225.jpg\" alt=\"policia_municipal_1\" width=\"300\" height=\"225\" \/><\/a>La Polic\u00eda Municipal de Pamplona intervino el pasado domingo en dos sucesos vinculados a delitos contra el tr\u00e1fico y la seguridad vial en la ciudad. Una persona fue detenida al dar positivo en un control de alcoholemia con una tasa superior a las previstas para la infracci\u00f3n administrativa. En el otro suceso el conductor fue acusado por la Polic\u00eda Municipal de un presunto delito de conducci\u00f3n temeraria, tras colisionar con su veh\u00edculo contra un \u00e1rbol y volcar en la carretera de la Universidad.<\/p>\n<p class=\"Textonota\">Adem\u00e1s una tercera persona fue denunciada en v\u00eda administrativa el martes por etilometr\u00eda positiva. La diferencia entre la sanci\u00f3n administrativa y la penal est\u00e1 vinculada a la mayor gravedad de la conducta y el superior nivel de alcohol en la conducci\u00f3n en el caso de la segunda.<\/p>\n<p class=\"Textonota\">\n","protected":false},"excerpt":{"rendered":"<p>La Polic\u00eda Municipal de Pamplona intervino el pasado domingo en dos sucesos vinculados a delitos contra el tr\u00e1fico y la seguridad vial en la ciudad. Una persona fue detenida al&#8230;<\/p>\n","protected":false},"author":1,"featured_media":2393,"comment_status":"open","ping_status":"open","sticky":false,"template":"","format":"standard","meta":{"footnotes":""},"categories":[2],"tags":[5,1581,6,509,446,8,9,1444,77,2175],"class_list":["post-2544","post","type-post","status-publish","format-standard","has-post-thumbnail","hentry","category-ayuntamiento-pamplona","tag-actualidad","tag-alcoholemia","tag-ayto-pamplona","tag-ayuntamiento-de-pamplona","tag-detenida","tag-noticias","tag-pamplona","tag-persona","tag-policia-municipal","tag-positivo"],"yoast_head":"<!-- This site is optimized with the Yoast SEO plugin v27.5 - https:\/\/yoast.com\/product\/yoast-seo-wordpress\/ -->\n<title>La semana pasada una persona fue detenida al dar positivo en un control de alcoholemia y a otro conductor se le han abierto diligencias por conducci\u00f3n temeraria<\/title>\n<meta name=\"robots\" content=\"index, follow, max-snippet:-1, max-image-preview:large, max-video-preview:-1\" \/>\n<link rel=\"canonical\" href=\"https:\/\/www.laguiadepamplona.com\/actualidad\/la-semana-pasada-una-persona-fue-detenida-al-dar-positivo-en-un-control-de-alcoholemia-y-a-otro-conductor-se-le-han-abierto-diligencias-por-conduccion-temeraria\/\" \/>\n<meta property=\"og:locale\" content=\"es_ES\" \/>\n<meta property=\"og:type\" content=\"article\" \/>\n<meta property=\"og:title\" content=\"La semana pasada una persona fue detenida al dar positivo en un control de alcoholemia y a otro conductor se le han abierto diligencias por conducci\u00f3n temeraria\" \/>\n<meta property=\"og:description\" content=\"La Polic\u00eda Municipal de Pamplona intervino el pasado domingo en dos sucesos vinculados a delitos contra el tr\u00e1fico y la seguridad vial en la ciudad. Una persona fue detenida al...\" \/>\n<meta property=\"og:url\" content=\"https:\/\/www.laguiadepamplona.com\/actualidad\/la-semana-pasada-una-persona-fue-detenida-al-dar-positivo-en-un-control-de-alcoholemia-y-a-otro-conductor-se-le-han-abierto-diligencias-por-conduccion-temeraria\/\" \/>\n<meta property=\"og:site_name\" content=\"La Gu\u00eda de Pamplona\" \/>\n<meta property=\"article:publisher\" content=\"https:\/\/www.facebook.com\/laguiadepamplonacom-133175176762273\/?ref=hl\" \/>\n<meta property=\"article:published_time\" content=\"2014-08-04T10:42:23+00:00\" \/>\n<meta name=\"author\" content=\"La Gu\u00eda de Pamplona\" \/>\n<meta name=\"twitter:card\" content=\"summary_large_image\" \/>\n<meta name=\"twitter:creator\" content=\"@LaGuiadPamplona\" \/>\n<meta name=\"twitter:site\" content=\"@LaGuiadPamplona\" \/>\n<meta name=\"twitter:label1\" content=\"Escrito por\" \/>\n\t<meta name=\"twitter:data1\" content=\"La Gu\u00eda de Pamplona\" \/>\n\t<meta name=\"twitter:label2\" content=\"Tiempo de lectura\" \/>\n\t<meta name=\"twitter:data2\" content=\"1 minuto\" \/>\n<script type=\"application\/ld+json\" class=\"yoast-schema-graph\">{\"@context\":\"https:\\\/\\\/schema.org\",\"@graph\":[{\"@type\":\"Article\",\"@id\":\"https:\\\/\\\/www.laguiadepamplona.com\\\/actualidad\\\/la-semana-pasada-una-persona-fue-detenida-al-dar-positivo-en-un-control-de-alcoholemia-y-a-otro-conductor-se-le-han-abierto-diligencias-por-conduccion-temeraria\\\/#article\",\"isPartOf\":{\"@id\":\"https:\\\/\\\/www.laguiadepamplona.com\\\/actualidad\\\/la-semana-pasada-una-persona-fue-detenida-al-dar-positivo-en-un-control-de-alcoholemia-y-a-otro-conductor-se-le-han-abierto-diligencias-por-conduccion-temeraria\\\/\"},\"author\":{\"name\":\"La Gu\u00eda de Pamplona\",\"@id\":\"https:\\\/\\\/www.laguiadepamplona.com\\\/actualidad\\\/#\\\/schema\\\/person\\\/efe887376f0213d4657c93adc50b1fdb\"},\"headline\":\"La semana pasada una persona fue detenida al dar positivo en un control de alcoholemia y a otro conductor se le han abierto diligencias por conducci\u00f3n temeraria\",\"datePublished\":\"2014-08-04T10:42:23+00:00\",\"mainEntityOfPage\":{\"@id\":\"https:\\\/\\\/www.laguiadepamplona.com\\\/actualidad\\\/la-semana-pasada-una-persona-fue-detenida-al-dar-positivo-en-un-control-de-alcoholemia-y-a-otro-conductor-se-le-han-abierto-diligencias-por-conduccion-temeraria\\\/\"},\"wordCount\":169,\"commentCount\":0,\"publisher\":{\"@id\":\"https:\\\/\\\/www.laguiadepamplona.com\\\/actualidad\\\/#organization\"},\"image\":{\"@id\":\"https:\\\/\\\/www.laguiadepamplona.com\\\/actualidad\\\/la-semana-pasada-una-persona-fue-detenida-al-dar-positivo-en-un-control-de-alcoholemia-y-a-otro-conductor-se-le-han-abierto-diligencias-por-conduccion-temeraria\\\/#primaryimage\"},\"thumbnailUrl\":\"\",\"keywords\":[\"actualidad\",\"alcoholemia\",\"ayto pamplona\",\"Ayuntamiento de Pamplona\",\"detenida\",\"noticias\",\"pamplona\",\"persona\",\"polic\u00eda municipal\",\"positivo\"],\"articleSection\":[\"Ayto Pamplona\"],\"inLanguage\":\"es\",\"potentialAction\":[{\"@type\":\"CommentAction\",\"name\":\"Comment\",\"target\":[\"https:\\\/\\\/www.laguiadepamplona.com\\\/actualidad\\\/la-semana-pasada-una-persona-fue-detenida-al-dar-positivo-en-un-control-de-alcoholemia-y-a-otro-conductor-se-le-han-abierto-diligencias-por-conduccion-temeraria\\\/#respond\"]}]},{\"@type\":\"WebPage\",\"@id\":\"https:\\\/\\\/www.laguiadepamplona.com\\\/actualidad\\\/la-semana-pasada-una-persona-fue-detenida-al-dar-positivo-en-un-control-de-alcoholemia-y-a-otro-conductor-se-le-han-abierto-diligencias-por-conduccion-temeraria\\\/\",\"url\":\"https:\\\/\\\/www.laguiadepamplona.com\\\/actualidad\\\/la-semana-pasada-una-persona-fue-detenida-al-dar-positivo-en-un-control-de-alcoholemia-y-a-otro-conductor-se-le-han-abierto-diligencias-por-conduccion-temeraria\\\/\",\"name\":\"La semana pasada una persona fue detenida al dar positivo en un control de alcoholemia y a otro conductor se le han abierto diligencias por conducci\u00f3n temeraria\",\"isPartOf\":{\"@id\":\"https:\\\/\\\/www.laguiadepamplona.com\\\/actualidad\\\/#website\"},\"primaryImageOfPage\":{\"@id\":\"https:\\\/\\\/www.laguiadepamplona.com\\\/actualidad\\\/la-semana-pasada-una-persona-fue-detenida-al-dar-positivo-en-un-control-de-alcoholemia-y-a-otro-conductor-se-le-han-abierto-diligencias-por-conduccion-temeraria\\\/#primaryimage\"},\"image\":{\"@id\":\"https:\\\/\\\/www.laguiadepamplona.com\\\/actualidad\\\/la-semana-pasada-una-persona-fue-detenida-al-dar-positivo-en-un-control-de-alcoholemia-y-a-otro-conductor-se-le-han-abierto-diligencias-por-conduccion-temeraria\\\/#primaryimage\"},\"thumbnailUrl\":\"\",\"datePublished\":\"2014-08-04T10:42:23+00:00\",\"breadcrumb\":{\"@id\":\"https:\\\/\\\/www.laguiadepamplona.com\\\/actualidad\\\/la-semana-pasada-una-persona-fue-detenida-al-dar-positivo-en-un-control-de-alcoholemia-y-a-otro-conductor-se-le-han-abierto-diligencias-por-conduccion-temeraria\\\/#breadcrumb\"},\"inLanguage\":\"es\",\"potentialAction\":[{\"@type\":\"ReadAction\",\"target\":[\"https:\\\/\\\/www.laguiadepamplona.com\\\/actualidad\\\/la-semana-pasada-una-persona-fue-detenida-al-dar-positivo-en-un-control-de-alcoholemia-y-a-otro-conductor-se-le-han-abierto-diligencias-por-conduccion-temeraria\\\/\"]}]},{\"@type\":\"ImageObject\",\"inLanguage\":\"es\",\"@id\":\"https:\\\/\\\/www.laguiadepamplona.com\\\/actualidad\\\/la-semana-pasada-una-persona-fue-detenida-al-dar-positivo-en-un-control-de-alcoholemia-y-a-otro-conductor-se-le-han-abierto-diligencias-por-conduccion-temeraria\\\/#primaryimage\",\"url\":\"\",\"contentUrl\":\"\"},{\"@type\":\"BreadcrumbList\",\"@id\":\"https:\\\/\\\/www.laguiadepamplona.com\\\/actualidad\\\/la-semana-pasada-una-persona-fue-detenida-al-dar-positivo-en-un-control-de-alcoholemia-y-a-otro-conductor-se-le-han-abierto-diligencias-por-conduccion-temeraria\\\/#breadcrumb\",\"itemListElement\":[{\"@type\":\"ListItem\",\"position\":1,\"name\":\"Portada\",\"item\":\"https:\\\/\\\/www.laguiadepamplona.com\\\/actualidad\\\/\"},{\"@type\":\"ListItem\",\"position\":2,\"name\":\"La semana pasada una persona fue detenida al dar positivo en un control de alcoholemia y a otro conductor se le han abierto diligencias por conducci\u00f3n temeraria\"}]},{\"@type\":\"WebSite\",\"@id\":\"https:\\\/\\\/www.laguiadepamplona.com\\\/actualidad\\\/#website\",\"url\":\"https:\\\/\\\/www.laguiadepamplona.com\\\/actualidad\\\/\",\"name\":\"La gu\u00eda de Pamplona\",\"description\":\"Noticias de Pamplona\",\"publisher\":{\"@id\":\"https:\\\/\\\/www.laguiadepamplona.com\\\/actualidad\\\/#organization\"},\"potentialAction\":[{\"@type\":\"SearchAction\",\"target\":{\"@type\":\"EntryPoint\",\"urlTemplate\":\"https:\\\/\\\/www.laguiadepamplona.com\\\/actualidad\\\/?s={search_term_string}\"},\"query-input\":{\"@type\":\"PropertyValueSpecification\",\"valueRequired\":true,\"valueName\":\"search_term_string\"}}],\"inLanguage\":\"es\"},{\"@type\":\"Organization\",\"@id\":\"https:\\\/\\\/www.laguiadepamplona.com\\\/actualidad\\\/#organization\",\"name\":\"La Gu\u00eda de Pamplona \\\/ Noticias\",\"url\":\"https:\\\/\\\/www.laguiadepamplona.com\\\/actualidad\\\/\",\"logo\":{\"@type\":\"ImageObject\",\"inLanguage\":\"es\",\"@id\":\"https:\\\/\\\/www.laguiadepamplona.com\\\/actualidad\\\/#\\\/schema\\\/logo\\\/image\\\/\",\"url\":\"https:\\\/\\\/www.laguiadepamplona.com\\\/actualidad\\\/wp-content\\\/uploads\\\/2018\\\/11\\\/logo-laguiadepamplona18-web1.png\",\"contentUrl\":\"https:\\\/\\\/www.laguiadepamplona.com\\\/actualidad\\\/wp-content\\\/uploads\\\/2018\\\/11\\\/logo-laguiadepamplona18-web1.png\",\"width\":600,\"height\":196,\"caption\":\"La Gu\u00eda de Pamplona \\\/ Noticias\"},\"image\":{\"@id\":\"https:\\\/\\\/www.laguiadepamplona.com\\\/actualidad\\\/#\\\/schema\\\/logo\\\/image\\\/\"},\"sameAs\":[\"https:\\\/\\\/www.facebook.com\\\/laguiadepamplonacom-133175176762273\\\/?ref=hl\",\"https:\\\/\\\/x.com\\\/LaGuiadPamplona\",\"https:\\\/\\\/www.instagram.com\\\/la_guia_de_pamplona\\\/\",\"https:\\\/\\\/www.youtube.com\\\/user\\\/laguiadepamplona\"]},{\"@type\":\"Person\",\"@id\":\"https:\\\/\\\/www.laguiadepamplona.com\\\/actualidad\\\/#\\\/schema\\\/person\\\/efe887376f0213d4657c93adc50b1fdb\",\"name\":\"La Gu\u00eda de Pamplona\",\"image\":{\"@type\":\"ImageObject\",\"inLanguage\":\"es\",\"@id\":\"https:\\\/\\\/secure.gravatar.com\\\/avatar\\\/b6992f131dc8d30ab0dff15446e9d346d9dbd95992de0fef795073f5ea83a81c?s=96&d=mm&r=g\",\"url\":\"https:\\\/\\\/secure.gravatar.com\\\/avatar\\\/b6992f131dc8d30ab0dff15446e9d346d9dbd95992de0fef795073f5ea83a81c?s=96&d=mm&r=g\",\"contentUrl\":\"https:\\\/\\\/secure.gravatar.com\\\/avatar\\\/b6992f131dc8d30ab0dff15446e9d346d9dbd95992de0fef795073f5ea83a81c?s=96&d=mm&r=g\",\"caption\":\"La Gu\u00eda de Pamplona\"}}]}<\/script>\n<!-- \/ Yoast SEO plugin. -->","yoast_head_json":{"title":"La semana pasada una persona fue detenida al dar positivo en un control de alcoholemia y a otro conductor se le han abierto diligencias por conducci\u00f3n temeraria","robots":{"index":"index","follow":"follow","max-snippet":"max-snippet:-1","max-image-preview":"max-image-preview:large","max-video-preview":"max-video-preview:-1"},"canonical":"https:\/\/www.laguiadepamplona.com\/actualidad\/la-semana-pasada-una-persona-fue-detenida-al-dar-positivo-en-un-control-de-alcoholemia-y-a-otro-conductor-se-le-han-abierto-diligencias-por-conduccion-temeraria\/","og_locale":"es_ES","og_type":"article","og_title":"La semana pasada una persona fue detenida al dar positivo en un control de alcoholemia y a otro conductor se le han abierto diligencias por conducci\u00f3n temeraria","og_description":"La Polic\u00eda Municipal de Pamplona intervino el pasado domingo en dos sucesos vinculados a delitos contra el tr\u00e1fico y la seguridad vial en la ciudad. Una persona fue detenida al...","og_url":"https:\/\/www.laguiadepamplona.com\/actualidad\/la-semana-pasada-una-persona-fue-detenida-al-dar-positivo-en-un-control-de-alcoholemia-y-a-otro-conductor-se-le-han-abierto-diligencias-por-conduccion-temeraria\/","og_site_name":"La Gu\u00eda de Pamplona","article_publisher":"https:\/\/www.facebook.com\/laguiadepamplonacom-133175176762273\/?ref=hl","article_published_time":"2014-08-04T10:42:23+00:00","author":"La Gu\u00eda de Pamplona","twitter_card":"summary_large_image","twitter_creator":"@LaGuiadPamplona","twitter_site":"@LaGuiadPamplona","twitter_misc":{"Escrito por":"La Gu\u00eda de Pamplona","Tiempo de lectura":"1 minuto"},"schema":{"@context":"https:\/\/schema.org","@graph":[{"@type":"Article","@id":"https:\/\/www.laguiadepamplona.com\/actualidad\/la-semana-pasada-una-persona-fue-detenida-al-dar-positivo-en-un-control-de-alcoholemia-y-a-otro-conductor-se-le-han-abierto-diligencias-por-conduccion-temeraria\/#article","isPartOf":{"@id":"https:\/\/www.laguiadepamplona.com\/actualidad\/la-semana-pasada-una-persona-fue-detenida-al-dar-positivo-en-un-control-de-alcoholemia-y-a-otro-conductor-se-le-han-abierto-diligencias-por-conduccion-temeraria\/"},"author":{"name":"La Gu\u00eda de Pamplona","@id":"https:\/\/www.laguiadepamplona.com\/actualidad\/#\/schema\/person\/efe887376f0213d4657c93adc50b1fdb"},"headline":"La semana pasada una persona fue detenida al dar positivo en un control de alcoholemia y a otro conductor se le han abierto diligencias por conducci\u00f3n temeraria","datePublished":"2014-08-04T10:42:23+00:00","mainEntityOfPage":{"@id":"https:\/\/www.laguiadepamplona.com\/actualidad\/la-semana-pasada-una-persona-fue-detenida-al-dar-positivo-en-un-control-de-alcoholemia-y-a-otro-conductor-se-le-han-abierto-diligencias-por-conduccion-temeraria\/"},"wordCount":169,"commentCount":0,"publisher":{"@id":"https:\/\/www.laguiadepamplona.com\/actualidad\/#organization"},"image":{"@id":"https:\/\/www.laguiadepamplona.com\/actualidad\/la-semana-pasada-una-persona-fue-detenida-al-dar-positivo-en-un-control-de-alcoholemia-y-a-otro-conductor-se-le-han-abierto-diligencias-por-conduccion-temeraria\/#primaryimage"},"thumbnailUrl":"","keywords":["actualidad","alcoholemia","ayto pamplona","Ayuntamiento de Pamplona","detenida","noticias","pamplona","persona","polic\u00eda municipal","positivo"],"articleSection":["Ayto Pamplona"],"inLanguage":"es","potentialAction":[{"@type":"CommentAction","name":"Comment","target":["https:\/\/www.laguiadepamplona.com\/actualidad\/la-semana-pasada-una-persona-fue-detenida-al-dar-positivo-en-un-control-de-alcoholemia-y-a-otro-conductor-se-le-han-abierto-diligencias-por-conduccion-temeraria\/#respond"]}]},{"@type":"WebPage","@id":"https:\/\/www.laguiadepamplona.com\/actualidad\/la-semana-pasada-una-persona-fue-detenida-al-dar-positivo-en-un-control-de-alcoholemia-y-a-otro-conductor-se-le-han-abierto-diligencias-por-conduccion-temeraria\/","url":"https:\/\/www.laguiadepamplona.com\/actualidad\/la-semana-pasada-una-persona-fue-detenida-al-dar-positivo-en-un-control-de-alcoholemia-y-a-otro-conductor-se-le-han-abierto-diligencias-por-conduccion-temeraria\/","name":"La semana pasada una persona fue detenida al dar positivo en un control de alcoholemia y a otro conductor se le han abierto diligencias por conducci\u00f3n temeraria","isPartOf":{"@id":"https:\/\/www.laguiadepamplona.com\/actualidad\/#website"},"primaryImageOfPage":{"@id":"https:\/\/www.laguiadepamplona.com\/actualidad\/la-semana-pasada-una-persona-fue-detenida-al-dar-positivo-en-un-control-de-alcoholemia-y-a-otro-conductor-se-le-han-abierto-diligencias-por-conduccion-temeraria\/#primaryimage"},"image":{"@id":"https:\/\/www.laguiadepamplona.com\/actualidad\/la-semana-pasada-una-persona-fue-detenida-al-dar-positivo-en-un-control-de-alcoholemia-y-a-otro-conductor-se-le-han-abierto-diligencias-por-conduccion-temeraria\/#primaryimage"},"thumbnailUrl":"","datePublished":"2014-08-04T10:42:23+00:00","breadcrumb":{"@id":"https:\/\/www.laguiadepamplona.com\/actualidad\/la-semana-pasada-una-persona-fue-detenida-al-dar-positivo-en-un-control-de-alcoholemia-y-a-otro-conductor-se-le-han-abierto-diligencias-por-conduccion-temeraria\/#breadcrumb"},"inLanguage":"es","potentialAction":[{"@type":"ReadAction","target":["https:\/\/www.laguiadepamplona.com\/actualidad\/la-semana-pasada-una-persona-fue-detenida-al-dar-positivo-en-un-control-de-alcoholemia-y-a-otro-conductor-se-le-han-abierto-diligencias-por-conduccion-temeraria\/"]}]},{"@type":"ImageObject","inLanguage":"es","@id":"https:\/\/www.laguiadepamplona.com\/actualidad\/la-semana-pasada-una-persona-fue-detenida-al-dar-positivo-en-un-control-de-alcoholemia-y-a-otro-conductor-se-le-han-abierto-diligencias-por-conduccion-temeraria\/#primaryimage","url":"","contentUrl":""},{"@type":"BreadcrumbList","@id":"https:\/\/www.laguiadepamplona.com\/actualidad\/la-semana-pasada-una-persona-fue-detenida-al-dar-positivo-en-un-control-de-alcoholemia-y-a-otro-conductor-se-le-han-abierto-diligencias-por-conduccion-temeraria\/#breadcrumb","itemListElement":[{"@type":"ListItem","position":1,"name":"Portada","item":"https:\/\/www.laguiadepamplona.com\/actualidad\/"},{"@type":"ListItem","position":2,"name":"La semana pasada una persona fue detenida al dar positivo en un control de alcoholemia y a otro conductor se le han abierto diligencias por conducci\u00f3n temeraria"}]},{"@type":"WebSite","@id":"https:\/\/www.laguiadepamplona.com\/actualidad\/#website","url":"https:\/\/www.laguiadepamplona.com\/actualidad\/","name":"La gu\u00eda de Pamplona","description":"Noticias de Pamplona","publisher":{"@id":"https:\/\/www.laguiadepamplona.com\/actualidad\/#organization"},"potentialAction":[{"@type":"SearchAction","target":{"@type":"EntryPoint","urlTemplate":"https:\/\/www.laguiadepamplona.com\/actualidad\/?s={search_term_string}"},"query-input":{"@type":"PropertyValueSpecification","valueRequired":true,"valueName":"search_term_string"}}],"inLanguage":"es"},{"@type":"Organization","@id":"https:\/\/www.laguiadepamplona.com\/actualidad\/#organization","name":"La Gu\u00eda de Pamplona \/ Noticias","url":"https:\/\/www.laguiadepamplona.com\/actualidad\/","logo":{"@type":"ImageObject","inLanguage":"es","@id":"https:\/\/www.laguiadepamplona.com\/actualidad\/#\/schema\/logo\/image\/","url":"https:\/\/www.laguiadepamplona.com\/actualidad\/wp-content\/uploads\/2018\/11\/logo-laguiadepamplona18-web1.png","contentUrl":"https:\/\/www.laguiadepamplona.com\/actualidad\/wp-content\/uploads\/2018\/11\/logo-laguiadepamplona18-web1.png","width":600,"height":196,"caption":"La Gu\u00eda de Pamplona \/ Noticias"},"image":{"@id":"https:\/\/www.laguiadepamplona.com\/actualidad\/#\/schema\/logo\/image\/"},"sameAs":["https:\/\/www.facebook.com\/laguiadepamplonacom-133175176762273\/?ref=hl","https:\/\/x.com\/LaGuiadPamplona","https:\/\/www.instagram.com\/la_guia_de_pamplona\/","https:\/\/www.youtube.com\/user\/laguiadepamplona"]},{"@type":"Person","@id":"https:\/\/www.laguiadepamplona.com\/actualidad\/#\/schema\/person\/efe887376f0213d4657c93adc50b1fdb","name":"La Gu\u00eda de Pamplona","image":{"@type":"ImageObject","inLanguage":"es","@id":"https:\/\/secure.gravatar.com\/avatar\/b6992f131dc8d30ab0dff15446e9d346d9dbd95992de0fef795073f5ea83a81c?s=96&d=mm&r=g","url":"https:\/\/secure.gravatar.com\/avatar\/b6992f131dc8d30ab0dff15446e9d346d9dbd95992de0fef795073f5ea83a81c?s=96&d=mm&r=g","contentUrl":"https:\/\/secure.gravatar.com\/avatar\/b6992f131dc8d30ab0dff15446e9d346d9dbd95992de0fef795073f5ea83a81c?s=96&d=mm&r=g","caption":"La Gu\u00eda de Pamplona"}}]}},"post_mailing_queue_ids":[],"_links":{"self":[{"href":"https:\/\/www.laguiadepamplona.com\/actualidad\/wp-json\/wp\/v2\/posts\/2544","targetHints":{"allow":["GET"]}}],"collection":[{"href":"https:\/\/www.laguiadepamplona.com\/actualidad\/wp-json\/wp\/v2\/posts"}],"about":[{"href":"https:\/\/www.laguiadepamplona.com\/actualidad\/wp-json\/wp\/v2\/types\/post"}],"author":[{"embeddable":true,"href":"https:\/\/www.laguiadepamplona.com\/actualidad\/wp-json\/wp\/v2\/users\/1"}],"replies":[{"embeddable":true,"href":"https:\/\/www.laguiadepamplona.com\/actualidad\/wp-json\/wp\/v2\/comments?post=2544"}],"version-history":[{"count":0,"href":"https:\/\/www.laguiadepamplona.com\/actualidad\/wp-json\/wp\/v2\/posts\/2544\/revisions"}],"wp:featuredmedia":[{"embeddable":true,"href":"https:\/\/www.laguiadepamplona.com\/actualidad\/wp-json\/"}],"wp:attachment":[{"href":"https:\/\/www.laguiadepamplona.com\/actualidad\/wp-json\/wp\/v2\/media?parent=2544"}],"wp:term":[{"taxonomy":"category","embeddable":true,"href":"https:\/\/www.laguiadepamplona.com\/actualidad\/wp-json\/wp\/v2\/categories?post=2544"},{"taxonomy":"post_tag","embeddable":true,"href":"https:\/\/www.laguiadepamplona.com\/actualidad\/wp-json\/wp\/v2\/tags?post=2544"}],"curies":[{"name":"wp","href":"https:\/\/api.w.org\/{rel}","templated":true}]}}