{"id":2524,"date":"2014-08-01T11:11:05","date_gmt":"2014-08-01T11:11:05","guid":{"rendered":"http:\/\/laguiadepamplona.com\/actualidad\/?p=2524"},"modified":"2014-08-01T11:11:05","modified_gmt":"2014-08-01T11:11:05","slug":"condestable-acoge-este-mes-una-muestra-de-casi-medio-centenar-de-instantaneas-de-cinco-autores-que-recoge-su-experiencia-en-fotografia-creativa","status":"publish","type":"post","link":"https:\/\/www.laguiadepamplona.com\/actualidad\/condestable-acoge-este-mes-una-muestra-de-casi-medio-centenar-de-instantaneas-de-cinco-autores-que-recoge-su-experiencia-en-fotografia-creativa\/","title":{"rendered":"Condestable acoge este mes una muestra de casi medio centenar de instant\u00e1neas de cinco autores, que recoge su experiencia en fotograf\u00eda creativa"},"content":{"rendered":"<h4>La exposici\u00f3n \u2018In-quietud -&gt; A-sombro\u2019 exhibe voces personales que surgen de un proceso de reflexi\u00f3n grupal y el aprendizaje colaborativo<\/h4>\n<p><a href=\"http:\/\/laguiadepamplona.com\/actualidad\/wp-content\/uploads\/2014\/07\/Palacio_Condestable.jpg\"><img loading=\"lazy\" decoding=\"async\" class=\"alignleft size-medium wp-image-2473\" src=\"http:\/\/laguiadepamplona.com\/actualidad\/wp-content\/uploads\/2014\/07\/Palacio_Condestable-300x225.jpg\" alt=\"\" width=\"300\" height=\"225\" \/><\/a>Civivox Condestable acoge desde este tarde la muestra colectiva de fotograf\u00eda \u2018In-quietud -&gt; A-sombro\u2019, una exposici\u00f3n de los trabajos gestados en el primer semestre de este a\u00f1o por cinco fot\u00f3grafos, con el enfoque de obtener un trabajo personal a trav\u00e9s de la reflexi\u00f3n en grupo. Esta ma\u00f1ana han presentado p\u00fablicamente la muestra el concejal de Educaci\u00f3n y Cultura del Ayuntamiento de Pamplona, Ferm\u00edn Alonso y el fot\u00f3grafo Blas Campos, comisario de la exposici\u00f3n y organizador del taller de fotograf\u00eda creativa Bidari, entorno del que surgen las obras de esta muestra.<\/p>\n<p>Los autores de las instant\u00e1neas son Aitzol De Carlos, \u00c1lvaro Mart\u00ednez, Ana Araujo, Luc\u00eda Lapoza y Ricardo Spilborg. Todos han trabajado dentro del taller bajo la premisa que la voz personal se puede ver potenciada por el proceso de reflexi\u00f3n grupal y el aprendizaje colaborativo de estrategias. De este forma el t\u00edtulo de la muestra hace referencia a la sorpresa que inevitablemente produce el descubrimiento creativo y que genera preguntas a la que cada autor debe contestar.<\/p>\n<p>La muestra, que recoge aproximadamente medio centenar de obras de tama\u00f1os diversos, estar\u00e1 colgada en la primera planta de Civivox Condestable entre el 1 y el 29 de agosto, en horario de lunes a viernes de 9 a 14 horas y de 17 a 21 horas.<\/p>\n<p><strong>Perfiles inquietos e interesados en el aprendizaje<\/strong><\/p>\n<p>Los cinco autores de la muestra que se abre hoy mantienen trayectorias y perfiles diferentes, aunque en un estado permanente de aprendizaje; de hecho casi todos tienen alguna relaci\u00f3n profesional con la docencia en sentido amplio.<\/p>\n<p>Aitzol De Carlos, Pamplona, 1959, es Socio de la A.F.C.N. (Agrupaci\u00f3n Fotogr\u00e1fica y Cinematogr\u00e1fica de Navarra). Comenz\u00f3 en la fotograf\u00eda a los 17 a\u00f1os, momento en el que emprendi\u00f3 un camino autodidacta que califica como \u201cabierto\u201d. Para \u00e9l la fotograf\u00eda es \u201cun camino personal, una experiencia de intuiciones, de colores, de luces y de sombras, un intercambio de energ\u00eda con las personas y el mundo que me rodea\u201d.<\/p>\n<p>\u00c1lvaro Mart\u00ednez (Bilbao, 1956) vive y trabaja en Pamplona desde el a\u00f1o 1981. Pedagogo y soci\u00f3logo, es autodidacta en el campo de la fotograf\u00eda, en el que se inici\u00f3 a los 15 a\u00f1os. Se define como \u201cFot\u00f3grafo accidental\u201d <em>y <\/em>ha transitado del mundo de la fotograf\u00eda anal\u00f3gica (blanco y negro, diapositiva) y el revelado en laboratorio, al m\u00e1s reciente entorno de la fotograf\u00eda digital y el procesado mediante software, en un viaje de acercamiento al complejo mundo de la luz y sus manifestaciones. Quiz\u00e1 por ello est\u00e1 especializado en fotograf\u00eda de paisaje y arquitectura urbana y rural.<\/p>\n<p>Ana Araujo es Maestra de Educaci\u00f3n Infantil y explica que su experiencia con la fotograf\u00eda \u201cest\u00e1 ligada a la documentaci\u00f3n que hago en la escuela, que despu\u00e9s presentamos a las familias<em>\u201d. <\/em>Luc\u00eda Lapoza, tambi\u00e9n de profesi\u00f3n maestra, es socia de la AFCN y declara una \u201crelaci\u00f3n estable con la fotograf\u00eda<em>\u201d.<\/em> Finalmente<em>, <\/em>Ricardo Spilborghs (S\u00e3o Paulo \u2013 Brasil-, 1953), naci\u00f3 en la <em>Rua Pamplona, h<\/em>ijo de madre inmigrante y padre migrante. Licenciado en Ciencias Pol\u00edticas y Sociales se asent\u00f3 en Pamplona en 1992. Es miembro fundador de la asociaci\u00f3n \u2018Alter Nativas iniciativas interculturales\u2019 que trabaja sobre arte y educaci\u00f3n. Fot\u00f3grafo ocasional, sus fotograf\u00edas han sido utilizadas como portadas, de d\u00edpticos o carteles.<\/p>\n<p>&nbsp;<\/p>\n","protected":false},"excerpt":{"rendered":"<p>La exposici\u00f3n \u2018In-quietud -&gt; A-sombro\u2019 exhibe voces personales que surgen de un proceso de reflexi\u00f3n grupal y el aprendizaje colaborativo Civivox Condestable acoge desde este tarde la muestra colectiva de&#8230;<\/p>\n","protected":false},"author":1,"featured_media":2473,"comment_status":"open","ping_status":"open","sticky":false,"template":"","format":"standard","meta":{"footnotes":""},"categories":[2],"tags":[5,1304,6,509,149,2154,24,2155,1011,8,9],"class_list":["post-2524","post","type-post","status-publish","format-standard","has-post-thumbnail","hentry","category-ayuntamiento-pamplona","tag-actualidad","tag-autores","tag-ayto-pamplona","tag-ayuntamiento-de-pamplona","tag-civivox-condestable","tag-creativa","tag-fotografia","tag-instantaneas","tag-muestra","tag-noticias","tag-pamplona"],"yoast_head":"<!-- This site is optimized with the Yoast SEO plugin v27.5 - https:\/\/yoast.com\/product\/yoast-seo-wordpress\/ -->\n<title>Condestable acoge este mes una muestra de casi medio centenar de instant\u00e1neas de cinco autores, que recoge su experiencia en fotograf\u00eda creativa<\/title>\n<meta name=\"robots\" content=\"index, follow, max-snippet:-1, max-image-preview:large, max-video-preview:-1\" \/>\n<link rel=\"canonical\" href=\"https:\/\/www.laguiadepamplona.com\/actualidad\/condestable-acoge-este-mes-una-muestra-de-casi-medio-centenar-de-instantaneas-de-cinco-autores-que-recoge-su-experiencia-en-fotografia-creativa\/\" \/>\n<meta property=\"og:locale\" content=\"es_ES\" \/>\n<meta property=\"og:type\" content=\"article\" \/>\n<meta property=\"og:title\" content=\"Condestable acoge este mes una muestra de casi medio centenar de instant\u00e1neas de cinco autores, que recoge su experiencia en fotograf\u00eda creativa\" \/>\n<meta property=\"og:description\" content=\"La exposici\u00f3n \u2018In-quietud -&gt; A-sombro\u2019 exhibe voces personales que surgen de un proceso de reflexi\u00f3n grupal y el aprendizaje colaborativo Civivox Condestable acoge desde este tarde la muestra colectiva de...\" \/>\n<meta property=\"og:url\" content=\"https:\/\/www.laguiadepamplona.com\/actualidad\/condestable-acoge-este-mes-una-muestra-de-casi-medio-centenar-de-instantaneas-de-cinco-autores-que-recoge-su-experiencia-en-fotografia-creativa\/\" \/>\n<meta property=\"og:site_name\" content=\"La Gu\u00eda de Pamplona\" \/>\n<meta property=\"article:publisher\" content=\"https:\/\/www.facebook.com\/laguiadepamplonacom-133175176762273\/?ref=hl\" \/>\n<meta property=\"article:published_time\" content=\"2014-08-01T11:11:05+00:00\" \/>\n<meta name=\"author\" content=\"La Gu\u00eda de Pamplona\" \/>\n<meta name=\"twitter:card\" content=\"summary_large_image\" \/>\n<meta name=\"twitter:creator\" content=\"@LaGuiadPamplona\" \/>\n<meta name=\"twitter:site\" content=\"@LaGuiadPamplona\" \/>\n<meta name=\"twitter:label1\" content=\"Escrito por\" \/>\n\t<meta name=\"twitter:data1\" content=\"La Gu\u00eda de Pamplona\" \/>\n\t<meta name=\"twitter:label2\" content=\"Tiempo de lectura\" \/>\n\t<meta name=\"twitter:data2\" content=\"3 minutos\" \/>\n<script type=\"application\/ld+json\" class=\"yoast-schema-graph\">{\"@context\":\"https:\\\/\\\/schema.org\",\"@graph\":[{\"@type\":\"Article\",\"@id\":\"https:\\\/\\\/www.laguiadepamplona.com\\\/actualidad\\\/condestable-acoge-este-mes-una-muestra-de-casi-medio-centenar-de-instantaneas-de-cinco-autores-que-recoge-su-experiencia-en-fotografia-creativa\\\/#article\",\"isPartOf\":{\"@id\":\"https:\\\/\\\/www.laguiadepamplona.com\\\/actualidad\\\/condestable-acoge-este-mes-una-muestra-de-casi-medio-centenar-de-instantaneas-de-cinco-autores-que-recoge-su-experiencia-en-fotografia-creativa\\\/\"},\"author\":{\"name\":\"La Gu\u00eda de Pamplona\",\"@id\":\"https:\\\/\\\/www.laguiadepamplona.com\\\/actualidad\\\/#\\\/schema\\\/person\\\/efe887376f0213d4657c93adc50b1fdb\"},\"headline\":\"Condestable acoge este mes una muestra de casi medio centenar de instant\u00e1neas de cinco autores, que recoge su experiencia en fotograf\u00eda creativa\",\"datePublished\":\"2014-08-01T11:11:05+00:00\",\"mainEntityOfPage\":{\"@id\":\"https:\\\/\\\/www.laguiadepamplona.com\\\/actualidad\\\/condestable-acoge-este-mes-una-muestra-de-casi-medio-centenar-de-instantaneas-de-cinco-autores-que-recoge-su-experiencia-en-fotografia-creativa\\\/\"},\"wordCount\":624,\"commentCount\":0,\"publisher\":{\"@id\":\"https:\\\/\\\/www.laguiadepamplona.com\\\/actualidad\\\/#organization\"},\"image\":{\"@id\":\"https:\\\/\\\/www.laguiadepamplona.com\\\/actualidad\\\/condestable-acoge-este-mes-una-muestra-de-casi-medio-centenar-de-instantaneas-de-cinco-autores-que-recoge-su-experiencia-en-fotografia-creativa\\\/#primaryimage\"},\"thumbnailUrl\":\"\",\"keywords\":[\"actualidad\",\"autores\",\"ayto pamplona\",\"Ayuntamiento de Pamplona\",\"civivox condestable\",\"creativa\",\"fotograf\u00eda\",\"instantaneas\",\"muestra\",\"noticias\",\"pamplona\"],\"articleSection\":[\"Ayto Pamplona\"],\"inLanguage\":\"es\",\"potentialAction\":[{\"@type\":\"CommentAction\",\"name\":\"Comment\",\"target\":[\"https:\\\/\\\/www.laguiadepamplona.com\\\/actualidad\\\/condestable-acoge-este-mes-una-muestra-de-casi-medio-centenar-de-instantaneas-de-cinco-autores-que-recoge-su-experiencia-en-fotografia-creativa\\\/#respond\"]}]},{\"@type\":\"WebPage\",\"@id\":\"https:\\\/\\\/www.laguiadepamplona.com\\\/actualidad\\\/condestable-acoge-este-mes-una-muestra-de-casi-medio-centenar-de-instantaneas-de-cinco-autores-que-recoge-su-experiencia-en-fotografia-creativa\\\/\",\"url\":\"https:\\\/\\\/www.laguiadepamplona.com\\\/actualidad\\\/condestable-acoge-este-mes-una-muestra-de-casi-medio-centenar-de-instantaneas-de-cinco-autores-que-recoge-su-experiencia-en-fotografia-creativa\\\/\",\"name\":\"Condestable acoge este mes una muestra de casi medio centenar de instant\u00e1neas de cinco autores, que recoge su experiencia en fotograf\u00eda creativa\",\"isPartOf\":{\"@id\":\"https:\\\/\\\/www.laguiadepamplona.com\\\/actualidad\\\/#website\"},\"primaryImageOfPage\":{\"@id\":\"https:\\\/\\\/www.laguiadepamplona.com\\\/actualidad\\\/condestable-acoge-este-mes-una-muestra-de-casi-medio-centenar-de-instantaneas-de-cinco-autores-que-recoge-su-experiencia-en-fotografia-creativa\\\/#primaryimage\"},\"image\":{\"@id\":\"https:\\\/\\\/www.laguiadepamplona.com\\\/actualidad\\\/condestable-acoge-este-mes-una-muestra-de-casi-medio-centenar-de-instantaneas-de-cinco-autores-que-recoge-su-experiencia-en-fotografia-creativa\\\/#primaryimage\"},\"thumbnailUrl\":\"\",\"datePublished\":\"2014-08-01T11:11:05+00:00\",\"breadcrumb\":{\"@id\":\"https:\\\/\\\/www.laguiadepamplona.com\\\/actualidad\\\/condestable-acoge-este-mes-una-muestra-de-casi-medio-centenar-de-instantaneas-de-cinco-autores-que-recoge-su-experiencia-en-fotografia-creativa\\\/#breadcrumb\"},\"inLanguage\":\"es\",\"potentialAction\":[{\"@type\":\"ReadAction\",\"target\":[\"https:\\\/\\\/www.laguiadepamplona.com\\\/actualidad\\\/condestable-acoge-este-mes-una-muestra-de-casi-medio-centenar-de-instantaneas-de-cinco-autores-que-recoge-su-experiencia-en-fotografia-creativa\\\/\"]}]},{\"@type\":\"ImageObject\",\"inLanguage\":\"es\",\"@id\":\"https:\\\/\\\/www.laguiadepamplona.com\\\/actualidad\\\/condestable-acoge-este-mes-una-muestra-de-casi-medio-centenar-de-instantaneas-de-cinco-autores-que-recoge-su-experiencia-en-fotografia-creativa\\\/#primaryimage\",\"url\":\"\",\"contentUrl\":\"\"},{\"@type\":\"BreadcrumbList\",\"@id\":\"https:\\\/\\\/www.laguiadepamplona.com\\\/actualidad\\\/condestable-acoge-este-mes-una-muestra-de-casi-medio-centenar-de-instantaneas-de-cinco-autores-que-recoge-su-experiencia-en-fotografia-creativa\\\/#breadcrumb\",\"itemListElement\":[{\"@type\":\"ListItem\",\"position\":1,\"name\":\"Portada\",\"item\":\"https:\\\/\\\/www.laguiadepamplona.com\\\/actualidad\\\/\"},{\"@type\":\"ListItem\",\"position\":2,\"name\":\"Condestable acoge este mes una muestra de casi medio centenar de instant\u00e1neas de cinco autores, que recoge su experiencia en fotograf\u00eda creativa\"}]},{\"@type\":\"WebSite\",\"@id\":\"https:\\\/\\\/www.laguiadepamplona.com\\\/actualidad\\\/#website\",\"url\":\"https:\\\/\\\/www.laguiadepamplona.com\\\/actualidad\\\/\",\"name\":\"La gu\u00eda de Pamplona\",\"description\":\"Noticias de Pamplona\",\"publisher\":{\"@id\":\"https:\\\/\\\/www.laguiadepamplona.com\\\/actualidad\\\/#organization\"},\"potentialAction\":[{\"@type\":\"SearchAction\",\"target\":{\"@type\":\"EntryPoint\",\"urlTemplate\":\"https:\\\/\\\/www.laguiadepamplona.com\\\/actualidad\\\/?s={search_term_string}\"},\"query-input\":{\"@type\":\"PropertyValueSpecification\",\"valueRequired\":true,\"valueName\":\"search_term_string\"}}],\"inLanguage\":\"es\"},{\"@type\":\"Organization\",\"@id\":\"https:\\\/\\\/www.laguiadepamplona.com\\\/actualidad\\\/#organization\",\"name\":\"La Gu\u00eda de Pamplona \\\/ Noticias\",\"url\":\"https:\\\/\\\/www.laguiadepamplona.com\\\/actualidad\\\/\",\"logo\":{\"@type\":\"ImageObject\",\"inLanguage\":\"es\",\"@id\":\"https:\\\/\\\/www.laguiadepamplona.com\\\/actualidad\\\/#\\\/schema\\\/logo\\\/image\\\/\",\"url\":\"https:\\\/\\\/www.laguiadepamplona.com\\\/actualidad\\\/wp-content\\\/uploads\\\/2018\\\/11\\\/logo-laguiadepamplona18-web1.png\",\"contentUrl\":\"https:\\\/\\\/www.laguiadepamplona.com\\\/actualidad\\\/wp-content\\\/uploads\\\/2018\\\/11\\\/logo-laguiadepamplona18-web1.png\",\"width\":600,\"height\":196,\"caption\":\"La Gu\u00eda de Pamplona \\\/ Noticias\"},\"image\":{\"@id\":\"https:\\\/\\\/www.laguiadepamplona.com\\\/actualidad\\\/#\\\/schema\\\/logo\\\/image\\\/\"},\"sameAs\":[\"https:\\\/\\\/www.facebook.com\\\/laguiadepamplonacom-133175176762273\\\/?ref=hl\",\"https:\\\/\\\/x.com\\\/LaGuiadPamplona\",\"https:\\\/\\\/www.instagram.com\\\/la_guia_de_pamplona\\\/\",\"https:\\\/\\\/www.youtube.com\\\/user\\\/laguiadepamplona\"]},{\"@type\":\"Person\",\"@id\":\"https:\\\/\\\/www.laguiadepamplona.com\\\/actualidad\\\/#\\\/schema\\\/person\\\/efe887376f0213d4657c93adc50b1fdb\",\"name\":\"La Gu\u00eda de Pamplona\",\"image\":{\"@type\":\"ImageObject\",\"inLanguage\":\"es\",\"@id\":\"https:\\\/\\\/secure.gravatar.com\\\/avatar\\\/b6992f131dc8d30ab0dff15446e9d346d9dbd95992de0fef795073f5ea83a81c?s=96&d=mm&r=g\",\"url\":\"https:\\\/\\\/secure.gravatar.com\\\/avatar\\\/b6992f131dc8d30ab0dff15446e9d346d9dbd95992de0fef795073f5ea83a81c?s=96&d=mm&r=g\",\"contentUrl\":\"https:\\\/\\\/secure.gravatar.com\\\/avatar\\\/b6992f131dc8d30ab0dff15446e9d346d9dbd95992de0fef795073f5ea83a81c?s=96&d=mm&r=g\",\"caption\":\"La Gu\u00eda de Pamplona\"}}]}<\/script>\n<!-- \/ Yoast SEO plugin. -->","yoast_head_json":{"title":"Condestable acoge este mes una muestra de casi medio centenar de instant\u00e1neas de cinco autores, que recoge su experiencia en fotograf\u00eda creativa","robots":{"index":"index","follow":"follow","max-snippet":"max-snippet:-1","max-image-preview":"max-image-preview:large","max-video-preview":"max-video-preview:-1"},"canonical":"https:\/\/www.laguiadepamplona.com\/actualidad\/condestable-acoge-este-mes-una-muestra-de-casi-medio-centenar-de-instantaneas-de-cinco-autores-que-recoge-su-experiencia-en-fotografia-creativa\/","og_locale":"es_ES","og_type":"article","og_title":"Condestable acoge este mes una muestra de casi medio centenar de instant\u00e1neas de cinco autores, que recoge su experiencia en fotograf\u00eda creativa","og_description":"La exposici\u00f3n \u2018In-quietud -&gt; A-sombro\u2019 exhibe voces personales que surgen de un proceso de reflexi\u00f3n grupal y el aprendizaje colaborativo Civivox Condestable acoge desde este tarde la muestra colectiva de...","og_url":"https:\/\/www.laguiadepamplona.com\/actualidad\/condestable-acoge-este-mes-una-muestra-de-casi-medio-centenar-de-instantaneas-de-cinco-autores-que-recoge-su-experiencia-en-fotografia-creativa\/","og_site_name":"La Gu\u00eda de Pamplona","article_publisher":"https:\/\/www.facebook.com\/laguiadepamplonacom-133175176762273\/?ref=hl","article_published_time":"2014-08-01T11:11:05+00:00","author":"La Gu\u00eda de Pamplona","twitter_card":"summary_large_image","twitter_creator":"@LaGuiadPamplona","twitter_site":"@LaGuiadPamplona","twitter_misc":{"Escrito por":"La Gu\u00eda de Pamplona","Tiempo de lectura":"3 minutos"},"schema":{"@context":"https:\/\/schema.org","@graph":[{"@type":"Article","@id":"https:\/\/www.laguiadepamplona.com\/actualidad\/condestable-acoge-este-mes-una-muestra-de-casi-medio-centenar-de-instantaneas-de-cinco-autores-que-recoge-su-experiencia-en-fotografia-creativa\/#article","isPartOf":{"@id":"https:\/\/www.laguiadepamplona.com\/actualidad\/condestable-acoge-este-mes-una-muestra-de-casi-medio-centenar-de-instantaneas-de-cinco-autores-que-recoge-su-experiencia-en-fotografia-creativa\/"},"author":{"name":"La Gu\u00eda de Pamplona","@id":"https:\/\/www.laguiadepamplona.com\/actualidad\/#\/schema\/person\/efe887376f0213d4657c93adc50b1fdb"},"headline":"Condestable acoge este mes una muestra de casi medio centenar de instant\u00e1neas de cinco autores, que recoge su experiencia en fotograf\u00eda creativa","datePublished":"2014-08-01T11:11:05+00:00","mainEntityOfPage":{"@id":"https:\/\/www.laguiadepamplona.com\/actualidad\/condestable-acoge-este-mes-una-muestra-de-casi-medio-centenar-de-instantaneas-de-cinco-autores-que-recoge-su-experiencia-en-fotografia-creativa\/"},"wordCount":624,"commentCount":0,"publisher":{"@id":"https:\/\/www.laguiadepamplona.com\/actualidad\/#organization"},"image":{"@id":"https:\/\/www.laguiadepamplona.com\/actualidad\/condestable-acoge-este-mes-una-muestra-de-casi-medio-centenar-de-instantaneas-de-cinco-autores-que-recoge-su-experiencia-en-fotografia-creativa\/#primaryimage"},"thumbnailUrl":"","keywords":["actualidad","autores","ayto pamplona","Ayuntamiento de Pamplona","civivox condestable","creativa","fotograf\u00eda","instantaneas","muestra","noticias","pamplona"],"articleSection":["Ayto Pamplona"],"inLanguage":"es","potentialAction":[{"@type":"CommentAction","name":"Comment","target":["https:\/\/www.laguiadepamplona.com\/actualidad\/condestable-acoge-este-mes-una-muestra-de-casi-medio-centenar-de-instantaneas-de-cinco-autores-que-recoge-su-experiencia-en-fotografia-creativa\/#respond"]}]},{"@type":"WebPage","@id":"https:\/\/www.laguiadepamplona.com\/actualidad\/condestable-acoge-este-mes-una-muestra-de-casi-medio-centenar-de-instantaneas-de-cinco-autores-que-recoge-su-experiencia-en-fotografia-creativa\/","url":"https:\/\/www.laguiadepamplona.com\/actualidad\/condestable-acoge-este-mes-una-muestra-de-casi-medio-centenar-de-instantaneas-de-cinco-autores-que-recoge-su-experiencia-en-fotografia-creativa\/","name":"Condestable acoge este mes una muestra de casi medio centenar de instant\u00e1neas de cinco autores, que recoge su experiencia en fotograf\u00eda creativa","isPartOf":{"@id":"https:\/\/www.laguiadepamplona.com\/actualidad\/#website"},"primaryImageOfPage":{"@id":"https:\/\/www.laguiadepamplona.com\/actualidad\/condestable-acoge-este-mes-una-muestra-de-casi-medio-centenar-de-instantaneas-de-cinco-autores-que-recoge-su-experiencia-en-fotografia-creativa\/#primaryimage"},"image":{"@id":"https:\/\/www.laguiadepamplona.com\/actualidad\/condestable-acoge-este-mes-una-muestra-de-casi-medio-centenar-de-instantaneas-de-cinco-autores-que-recoge-su-experiencia-en-fotografia-creativa\/#primaryimage"},"thumbnailUrl":"","datePublished":"2014-08-01T11:11:05+00:00","breadcrumb":{"@id":"https:\/\/www.laguiadepamplona.com\/actualidad\/condestable-acoge-este-mes-una-muestra-de-casi-medio-centenar-de-instantaneas-de-cinco-autores-que-recoge-su-experiencia-en-fotografia-creativa\/#breadcrumb"},"inLanguage":"es","potentialAction":[{"@type":"ReadAction","target":["https:\/\/www.laguiadepamplona.com\/actualidad\/condestable-acoge-este-mes-una-muestra-de-casi-medio-centenar-de-instantaneas-de-cinco-autores-que-recoge-su-experiencia-en-fotografia-creativa\/"]}]},{"@type":"ImageObject","inLanguage":"es","@id":"https:\/\/www.laguiadepamplona.com\/actualidad\/condestable-acoge-este-mes-una-muestra-de-casi-medio-centenar-de-instantaneas-de-cinco-autores-que-recoge-su-experiencia-en-fotografia-creativa\/#primaryimage","url":"","contentUrl":""},{"@type":"BreadcrumbList","@id":"https:\/\/www.laguiadepamplona.com\/actualidad\/condestable-acoge-este-mes-una-muestra-de-casi-medio-centenar-de-instantaneas-de-cinco-autores-que-recoge-su-experiencia-en-fotografia-creativa\/#breadcrumb","itemListElement":[{"@type":"ListItem","position":1,"name":"Portada","item":"https:\/\/www.laguiadepamplona.com\/actualidad\/"},{"@type":"ListItem","position":2,"name":"Condestable acoge este mes una muestra de casi medio centenar de instant\u00e1neas de cinco autores, que recoge su experiencia en fotograf\u00eda creativa"}]},{"@type":"WebSite","@id":"https:\/\/www.laguiadepamplona.com\/actualidad\/#website","url":"https:\/\/www.laguiadepamplona.com\/actualidad\/","name":"La gu\u00eda de Pamplona","description":"Noticias de Pamplona","publisher":{"@id":"https:\/\/www.laguiadepamplona.com\/actualidad\/#organization"},"potentialAction":[{"@type":"SearchAction","target":{"@type":"EntryPoint","urlTemplate":"https:\/\/www.laguiadepamplona.com\/actualidad\/?s={search_term_string}"},"query-input":{"@type":"PropertyValueSpecification","valueRequired":true,"valueName":"search_term_string"}}],"inLanguage":"es"},{"@type":"Organization","@id":"https:\/\/www.laguiadepamplona.com\/actualidad\/#organization","name":"La Gu\u00eda de Pamplona \/ Noticias","url":"https:\/\/www.laguiadepamplona.com\/actualidad\/","logo":{"@type":"ImageObject","inLanguage":"es","@id":"https:\/\/www.laguiadepamplona.com\/actualidad\/#\/schema\/logo\/image\/","url":"https:\/\/www.laguiadepamplona.com\/actualidad\/wp-content\/uploads\/2018\/11\/logo-laguiadepamplona18-web1.png","contentUrl":"https:\/\/www.laguiadepamplona.com\/actualidad\/wp-content\/uploads\/2018\/11\/logo-laguiadepamplona18-web1.png","width":600,"height":196,"caption":"La Gu\u00eda de Pamplona \/ Noticias"},"image":{"@id":"https:\/\/www.laguiadepamplona.com\/actualidad\/#\/schema\/logo\/image\/"},"sameAs":["https:\/\/www.facebook.com\/laguiadepamplonacom-133175176762273\/?ref=hl","https:\/\/x.com\/LaGuiadPamplona","https:\/\/www.instagram.com\/la_guia_de_pamplona\/","https:\/\/www.youtube.com\/user\/laguiadepamplona"]},{"@type":"Person","@id":"https:\/\/www.laguiadepamplona.com\/actualidad\/#\/schema\/person\/efe887376f0213d4657c93adc50b1fdb","name":"La Gu\u00eda de Pamplona","image":{"@type":"ImageObject","inLanguage":"es","@id":"https:\/\/secure.gravatar.com\/avatar\/b6992f131dc8d30ab0dff15446e9d346d9dbd95992de0fef795073f5ea83a81c?s=96&d=mm&r=g","url":"https:\/\/secure.gravatar.com\/avatar\/b6992f131dc8d30ab0dff15446e9d346d9dbd95992de0fef795073f5ea83a81c?s=96&d=mm&r=g","contentUrl":"https:\/\/secure.gravatar.com\/avatar\/b6992f131dc8d30ab0dff15446e9d346d9dbd95992de0fef795073f5ea83a81c?s=96&d=mm&r=g","caption":"La Gu\u00eda de Pamplona"}}]}},"post_mailing_queue_ids":[],"_links":{"self":[{"href":"https:\/\/www.laguiadepamplona.com\/actualidad\/wp-json\/wp\/v2\/posts\/2524","targetHints":{"allow":["GET"]}}],"collection":[{"href":"https:\/\/www.laguiadepamplona.com\/actualidad\/wp-json\/wp\/v2\/posts"}],"about":[{"href":"https:\/\/www.laguiadepamplona.com\/actualidad\/wp-json\/wp\/v2\/types\/post"}],"author":[{"embeddable":true,"href":"https:\/\/www.laguiadepamplona.com\/actualidad\/wp-json\/wp\/v2\/users\/1"}],"replies":[{"embeddable":true,"href":"https:\/\/www.laguiadepamplona.com\/actualidad\/wp-json\/wp\/v2\/comments?post=2524"}],"version-history":[{"count":0,"href":"https:\/\/www.laguiadepamplona.com\/actualidad\/wp-json\/wp\/v2\/posts\/2524\/revisions"}],"wp:featuredmedia":[{"embeddable":true,"href":"https:\/\/www.laguiadepamplona.com\/actualidad\/wp-json\/"}],"wp:attachment":[{"href":"https:\/\/www.laguiadepamplona.com\/actualidad\/wp-json\/wp\/v2\/media?parent=2524"}],"wp:term":[{"taxonomy":"category","embeddable":true,"href":"https:\/\/www.laguiadepamplona.com\/actualidad\/wp-json\/wp\/v2\/categories?post=2524"},{"taxonomy":"post_tag","embeddable":true,"href":"https:\/\/www.laguiadepamplona.com\/actualidad\/wp-json\/wp\/v2\/tags?post=2524"}],"curies":[{"name":"wp","href":"https:\/\/api.w.org\/{rel}","templated":true}]}}