{"id":2500,"date":"2014-07-31T11:17:50","date_gmt":"2014-07-31T11:17:50","guid":{"rendered":"http:\/\/laguiadepamplona.com\/actualidad\/?p=2500"},"modified":"2014-07-31T11:17:50","modified_gmt":"2014-07-31T11:17:50","slug":"el-ayuntamiento-de-pamplona-convoca-pruebas-para-la-contratacion-temporal-de-psicologo","status":"publish","type":"post","link":"https:\/\/www.laguiadepamplona.com\/actualidad\/el-ayuntamiento-de-pamplona-convoca-pruebas-para-la-contratacion-temporal-de-psicologo\/","title":{"rendered":"El Ayuntamiento de Pamplona convoca pruebas para la contrataci\u00f3n temporal de psic\u00f3logo"},"content":{"rendered":"<h4>Las instancias para participar en el proceso selectivo pueden presentarse hasta el 20 de agosto en cualquier registro municipal<\/h4>\n<p><a href=\"http:\/\/laguiadepamplona.com\/actualidad\/wp-content\/uploads\/2014\/06\/Ayto_Pamplona.jpg\"><img loading=\"lazy\" decoding=\"async\" class=\"alignleft size-medium wp-image-2063\" src=\"http:\/\/laguiadepamplona.com\/actualidad\/wp-content\/uploads\/2014\/06\/Ayto_Pamplona-300x225.jpg\" alt=\"Ayto_Pamplona\" width=\"300\" height=\"225\" \/><\/a>El Ayuntamiento de Pamplona ha convocado pruebas selectivas para la constituci\u00f3n de una relaci\u00f3n de aspirantes al desempe\u00f1o, mediante contrataci\u00f3n temporal, del puesto de trabajo de psic\u00f3logo. La convocatoria se ha publicado hoy, 31 de julio, en el Bolet\u00edn Oficial de Navarra n\u00famero 149. Las instancias para participar en el proceso selectivo pueden presentarse hasta el 20 de agosto en cualquier registro municipal o por cualquiera de los medios previstos en la Ley 30\/1992 de R\u00e9gimen Jur\u00eddico de las Administraciones P\u00fablicas y del Procedimiento Administrativo Com\u00fan. Las instancias deber\u00e1n ajustarse al modelo que figura en el Anexo I de la convocatoria y que se facilita en la Oficina de Atenci\u00f3n Presencial (calle Mayor, 2) o se puede descargar en la p\u00e1gina web <a href=\"http:\/\/www.pamplona.es\/\" target=\"_blank\">www.pamplona.es<\/a>.<\/p>\n<p>Los interesados en participar deber\u00e1n estar en posesi\u00f3n del t\u00edtulo de Licenciado o Grado en Psicolog\u00eda. Entre los requisitos tambi\u00e9n figuran ser espa\u00f1ol o nacional de un Estado miembro de la Uni\u00f3n Europea, tener cumplidos diecis\u00e9is a\u00f1os, poseer la capacidad f\u00edsica y ps\u00edquica necesarias y no hallarse inhabilitado ni suspendido para el ejercicio de estas funciones.<\/p>\n<p>La selecci\u00f3n se llevar\u00e1 a cabo mediante la realizaci\u00f3n de una prueba que consistir\u00e1 en un cuestionario de 60 preguntas, tipo test, con varias alternativas de respuesta, sobre las materias recogidas en los 20 temas que figuran en el Anexo II de la convocatoria. La prueba selectiva se calificar\u00e1 con un m\u00e1ximo de 60 puntos, quedando eliminados aquellos aspirantes que no alcancen, al menos, 30 puntos.<\/p>\n<p>&nbsp;<\/p>\n<p><strong>Temario<\/strong><\/p>\n<ul>\n<li>1. Ley Org\u00e1nica 1\/2004 de 28 de diciembre, de medidas de protecci\u00f3n integral contra la violencia de g\u00e9nero.<\/li>\n<li>2. Acuerdo interinstitucional para la coordinaci\u00f3n efectiva en la atenci\u00f3n y prevenci\u00f3n de la violencia contra las mujeres. Protocolo de actuaci\u00f3n conjunta. Recursos existentes en la Comunidad Foral de Navarra.<\/li>\n<li>3. Ley Org\u00e1nica 1\/1996 del 15 de enero de protecci\u00f3n jur\u00eddica del menor y de modificaci\u00f3n parcial del C\u00f3digo civil y de la ley de enjuiciamiento civil.<\/li>\n<li>4. El Programa de Incorporaci\u00f3n social. El Programa de atenci\u00f3n a Infancia y Familia y El Servicio de atenci\u00f3n a la mujer (SMAM) en el \u00c1rea de Bienestar Social del Ayuntamiento de Pamplona.<\/li>\n<li>5. Terapia breve. Grupo de Palo Alto.<\/li>\n<li>6. Concepto de violencia contra la mujer. Tipolog\u00eda. Aspectos psicosociales de la violencia contra la mujer. Etiolog\u00eda. Protocolo Com\u00fan para la actuaci\u00f3n sanitaria ante la Violencia de G\u00e9nero 2012. Ministerio de Sanidad, Servicios Sociales e Igualdad.<\/li>\n<li>7. Factores psicosociales y mecanismos psicol\u00f3gicos que explican la permanencia de la mujer en una relaci\u00f3n en la que sufre violencia. Factores que ayudan a la mujer victima a finalizar dicha relaci\u00f3n. Enrique Echebur\u00faa y Paz de Corral; Miguel Lorente Acosta.<\/li>\n<li>8. Consecuencias de la violencia en la mujer. Intervenci\u00f3n psicol\u00f3gica con mujeres que han sufrido violencia. Enrique Echebur\u00faa y Paz de Corral; Miguel Lorente Acosta.<\/li>\n<li>9. Valoraci\u00f3n psicol\u00f3gica del riesgo de violencia en la mujer. Aspectos legales y \u00e9ticos de la violencia contra la mujer. Gu\u00eda de buenas pr\u00e1cticas para la evaluaci\u00f3n psicol\u00f3gica forense del riesgo de violencia contra la mujer en las relaciones de pareja. Colegio Oficial de Psic\u00f3logos de Madrid; Javier Barbero Guti\u00e9rrez; Protocolo Com\u00fan para la actuaci\u00f3n sanitaria ante la Violencia de G\u00e9nero 2012.<\/li>\n<li>10. El efecto de la violencia contra la mujer en los menores. Protocolo Com\u00fan para la actuaci\u00f3n sanitaria ante la Violencia de G\u00e9nero 2012. Enrique Echebur\u00faa y Paz de Corral; Miguel Lorente Acosta.<\/li>\n<li>11. Concepto de Exclusi\u00f3n Social. Factores y dimensiones. M.\u00aa Jos\u00e9 Rubio y Silvina Monteros &#8211; coord, Fundaci\u00f3n Foessa.<\/li>\n<li>12. El Itinerario de Inclusi\u00f3n Social. Elementos a tener en cuenta. El Acuerdo de Incorporaci\u00f3n Social. Luis Vives CES; Bego\u00f1a P\u00e9rez Eransus.<\/li>\n<li>13. El Acompa\u00f1amiento Social como metodolog\u00eda. Bego\u00f1a P\u00e9rez Eransus, Concepci\u00f3n Corera.<\/li>\n<li>14. La Relaci\u00f3n de Ayuda. Fases y momentos. Jos\u00e9 Carlos Bermejo y Ana Mart\u00ednez; Fundaci\u00f3n RAIS.<\/li>\n<li>15. Caracter\u00edsticas e intervenci\u00f3n psicol\u00f3gica con personas en procesos de exclusi\u00f3n. M.\u00aa Jos\u00e9 Rubio y Silvina Monteros &#8211; coord ; Fundaci\u00f3n RAIS; Jos\u00e9 Carlos Bermejo y Ana Mart\u00ednez.<\/li>\n<li>16. Competencias en la Intervenci\u00f3n en situaciones de desprotecci\u00f3n infantil. Manual de Intervenci\u00f3n en situaciones de desprotecci\u00f3n infantil en Comunidad Foral de Navarra.<\/li>\n<li>17. Detecci\u00f3n, notificaci\u00f3n y recepci\u00f3n de casos en desprotecci\u00f3n infantil. Manual de Intervenci\u00f3n en situaciones de desprotecci\u00f3n infantil en Comunidad Foral de Navarra.<\/li>\n<li>18. Gui\u00f3n para la valoraci\u00f3n de las situaciones de maltrato \/ abandono infantil. Criterios de evaluaci\u00f3n de gravedad y riesgo. Manual de Intervenci\u00f3n en situaciones de desprotecci\u00f3n infantil en Comunidad Foral de Navarra.<\/li>\n<li>19. Recursos disponibles para la protecci\u00f3n de la infancia en Navarra. Manual de Intervenci\u00f3n en situaciones de desprotecci\u00f3n infantil en Comunidad Foral de Navarra.<\/li>\n<li>20. Contenido, criterios y puesta en marcha del plan de caso en situaciones de desprotecci\u00f3n infantil. Manual de Intervenci\u00f3n en situaciones de desprotecci\u00f3n infantil en Comunidad Foral de Navarra.<\/li>\n<li>Nota: Ser\u00e1 publicada en la web municipal la informaci\u00f3n relativa al tema n\u00famero 4: \u201cEl Programa de Incorporaci\u00f3n social. El Programa de atenci\u00f3n a Infancia y Familia y El Servicio de Atenci\u00f3n a la Mujer (SMAM) en el \u00c1rea de Bienestar Social del Ayuntamiento de Pamplona\u201d. El resto del temario deber\u00e1 aprovisionarlo el propio aspirante.<\/li>\n<\/ul>\n<p>&nbsp;<\/p>\n","protected":false},"excerpt":{"rendered":"<p>Las instancias para participar en el proceso selectivo pueden presentarse hasta el 20 de agosto en cualquier registro municipal El Ayuntamiento de Pamplona ha convocado pruebas selectivas para la constituci\u00f3n&#8230;<\/p>\n","protected":false},"author":1,"featured_media":2063,"comment_status":"open","ping_status":"open","sticky":false,"template":"","format":"standard","meta":{"footnotes":""},"categories":[2],"tags":[5,6,509,2111,8,9,2117,1427,1866],"class_list":["post-2500","post","type-post","status-publish","format-standard","has-post-thumbnail","hentry","category-ayuntamiento-pamplona","tag-actualidad","tag-ayto-pamplona","tag-ayuntamiento-de-pamplona","tag-contratacion","tag-noticias","tag-pamplona","tag-pruebas","tag-psicologo","tag-temporal"],"yoast_head":"<!-- This site is optimized with the Yoast SEO plugin v27.5 - https:\/\/yoast.com\/product\/yoast-seo-wordpress\/ -->\n<title>El Ayuntamiento de Pamplona convoca pruebas para la contrataci\u00f3n temporal de psic\u00f3logo<\/title>\n<meta name=\"robots\" content=\"index, follow, max-snippet:-1, max-image-preview:large, max-video-preview:-1\" \/>\n<link rel=\"canonical\" href=\"https:\/\/www.laguiadepamplona.com\/actualidad\/el-ayuntamiento-de-pamplona-convoca-pruebas-para-la-contratacion-temporal-de-psicologo\/\" \/>\n<meta property=\"og:locale\" content=\"es_ES\" \/>\n<meta property=\"og:type\" content=\"article\" \/>\n<meta property=\"og:title\" content=\"El Ayuntamiento de Pamplona convoca pruebas para la contrataci\u00f3n temporal de psic\u00f3logo\" \/>\n<meta property=\"og:description\" content=\"Las instancias para participar en el proceso selectivo pueden presentarse hasta el 20 de agosto en cualquier registro municipal El Ayuntamiento de Pamplona ha convocado pruebas selectivas para la constituci\u00f3n...\" \/>\n<meta property=\"og:url\" content=\"https:\/\/www.laguiadepamplona.com\/actualidad\/el-ayuntamiento-de-pamplona-convoca-pruebas-para-la-contratacion-temporal-de-psicologo\/\" \/>\n<meta property=\"og:site_name\" content=\"La Gu\u00eda de Pamplona\" \/>\n<meta property=\"article:publisher\" content=\"https:\/\/www.facebook.com\/laguiadepamplonacom-133175176762273\/?ref=hl\" \/>\n<meta property=\"article:published_time\" content=\"2014-07-31T11:17:50+00:00\" \/>\n<meta name=\"author\" content=\"La Gu\u00eda de Pamplona\" \/>\n<meta name=\"twitter:card\" content=\"summary_large_image\" \/>\n<meta name=\"twitter:creator\" content=\"@LaGuiadPamplona\" \/>\n<meta name=\"twitter:site\" content=\"@LaGuiadPamplona\" \/>\n<meta name=\"twitter:label1\" content=\"Escrito por\" \/>\n\t<meta name=\"twitter:data1\" content=\"La Gu\u00eda de Pamplona\" \/>\n\t<meta name=\"twitter:label2\" content=\"Tiempo de lectura\" \/>\n\t<meta name=\"twitter:data2\" content=\"5 minutos\" \/>\n<script type=\"application\/ld+json\" class=\"yoast-schema-graph\">{\"@context\":\"https:\\\/\\\/schema.org\",\"@graph\":[{\"@type\":\"Article\",\"@id\":\"https:\\\/\\\/www.laguiadepamplona.com\\\/actualidad\\\/el-ayuntamiento-de-pamplona-convoca-pruebas-para-la-contratacion-temporal-de-psicologo\\\/#article\",\"isPartOf\":{\"@id\":\"https:\\\/\\\/www.laguiadepamplona.com\\\/actualidad\\\/el-ayuntamiento-de-pamplona-convoca-pruebas-para-la-contratacion-temporal-de-psicologo\\\/\"},\"author\":{\"name\":\"La Gu\u00eda de Pamplona\",\"@id\":\"https:\\\/\\\/www.laguiadepamplona.com\\\/actualidad\\\/#\\\/schema\\\/person\\\/efe887376f0213d4657c93adc50b1fdb\"},\"headline\":\"El Ayuntamiento de Pamplona convoca pruebas para la contrataci\u00f3n temporal de psic\u00f3logo\",\"datePublished\":\"2014-07-31T11:17:50+00:00\",\"mainEntityOfPage\":{\"@id\":\"https:\\\/\\\/www.laguiadepamplona.com\\\/actualidad\\\/el-ayuntamiento-de-pamplona-convoca-pruebas-para-la-contratacion-temporal-de-psicologo\\\/\"},\"wordCount\":953,\"commentCount\":0,\"publisher\":{\"@id\":\"https:\\\/\\\/www.laguiadepamplona.com\\\/actualidad\\\/#organization\"},\"image\":{\"@id\":\"https:\\\/\\\/www.laguiadepamplona.com\\\/actualidad\\\/el-ayuntamiento-de-pamplona-convoca-pruebas-para-la-contratacion-temporal-de-psicologo\\\/#primaryimage\"},\"thumbnailUrl\":\"\",\"keywords\":[\"actualidad\",\"ayto pamplona\",\"Ayuntamiento de Pamplona\",\"contrataci\u00f3n\",\"noticias\",\"pamplona\",\"pruebas\",\"psic\u00f3logo\",\"temporal\"],\"articleSection\":[\"Ayto Pamplona\"],\"inLanguage\":\"es\",\"potentialAction\":[{\"@type\":\"CommentAction\",\"name\":\"Comment\",\"target\":[\"https:\\\/\\\/www.laguiadepamplona.com\\\/actualidad\\\/el-ayuntamiento-de-pamplona-convoca-pruebas-para-la-contratacion-temporal-de-psicologo\\\/#respond\"]}]},{\"@type\":\"WebPage\",\"@id\":\"https:\\\/\\\/www.laguiadepamplona.com\\\/actualidad\\\/el-ayuntamiento-de-pamplona-convoca-pruebas-para-la-contratacion-temporal-de-psicologo\\\/\",\"url\":\"https:\\\/\\\/www.laguiadepamplona.com\\\/actualidad\\\/el-ayuntamiento-de-pamplona-convoca-pruebas-para-la-contratacion-temporal-de-psicologo\\\/\",\"name\":\"El Ayuntamiento de Pamplona convoca pruebas para la contrataci\u00f3n temporal de psic\u00f3logo\",\"isPartOf\":{\"@id\":\"https:\\\/\\\/www.laguiadepamplona.com\\\/actualidad\\\/#website\"},\"primaryImageOfPage\":{\"@id\":\"https:\\\/\\\/www.laguiadepamplona.com\\\/actualidad\\\/el-ayuntamiento-de-pamplona-convoca-pruebas-para-la-contratacion-temporal-de-psicologo\\\/#primaryimage\"},\"image\":{\"@id\":\"https:\\\/\\\/www.laguiadepamplona.com\\\/actualidad\\\/el-ayuntamiento-de-pamplona-convoca-pruebas-para-la-contratacion-temporal-de-psicologo\\\/#primaryimage\"},\"thumbnailUrl\":\"\",\"datePublished\":\"2014-07-31T11:17:50+00:00\",\"breadcrumb\":{\"@id\":\"https:\\\/\\\/www.laguiadepamplona.com\\\/actualidad\\\/el-ayuntamiento-de-pamplona-convoca-pruebas-para-la-contratacion-temporal-de-psicologo\\\/#breadcrumb\"},\"inLanguage\":\"es\",\"potentialAction\":[{\"@type\":\"ReadAction\",\"target\":[\"https:\\\/\\\/www.laguiadepamplona.com\\\/actualidad\\\/el-ayuntamiento-de-pamplona-convoca-pruebas-para-la-contratacion-temporal-de-psicologo\\\/\"]}]},{\"@type\":\"ImageObject\",\"inLanguage\":\"es\",\"@id\":\"https:\\\/\\\/www.laguiadepamplona.com\\\/actualidad\\\/el-ayuntamiento-de-pamplona-convoca-pruebas-para-la-contratacion-temporal-de-psicologo\\\/#primaryimage\",\"url\":\"\",\"contentUrl\":\"\"},{\"@type\":\"BreadcrumbList\",\"@id\":\"https:\\\/\\\/www.laguiadepamplona.com\\\/actualidad\\\/el-ayuntamiento-de-pamplona-convoca-pruebas-para-la-contratacion-temporal-de-psicologo\\\/#breadcrumb\",\"itemListElement\":[{\"@type\":\"ListItem\",\"position\":1,\"name\":\"Portada\",\"item\":\"https:\\\/\\\/www.laguiadepamplona.com\\\/actualidad\\\/\"},{\"@type\":\"ListItem\",\"position\":2,\"name\":\"El Ayuntamiento de Pamplona convoca pruebas para la contrataci\u00f3n temporal de psic\u00f3logo\"}]},{\"@type\":\"WebSite\",\"@id\":\"https:\\\/\\\/www.laguiadepamplona.com\\\/actualidad\\\/#website\",\"url\":\"https:\\\/\\\/www.laguiadepamplona.com\\\/actualidad\\\/\",\"name\":\"La gu\u00eda de Pamplona\",\"description\":\"Noticias de Pamplona\",\"publisher\":{\"@id\":\"https:\\\/\\\/www.laguiadepamplona.com\\\/actualidad\\\/#organization\"},\"potentialAction\":[{\"@type\":\"SearchAction\",\"target\":{\"@type\":\"EntryPoint\",\"urlTemplate\":\"https:\\\/\\\/www.laguiadepamplona.com\\\/actualidad\\\/?s={search_term_string}\"},\"query-input\":{\"@type\":\"PropertyValueSpecification\",\"valueRequired\":true,\"valueName\":\"search_term_string\"}}],\"inLanguage\":\"es\"},{\"@type\":\"Organization\",\"@id\":\"https:\\\/\\\/www.laguiadepamplona.com\\\/actualidad\\\/#organization\",\"name\":\"La Gu\u00eda de Pamplona \\\/ Noticias\",\"url\":\"https:\\\/\\\/www.laguiadepamplona.com\\\/actualidad\\\/\",\"logo\":{\"@type\":\"ImageObject\",\"inLanguage\":\"es\",\"@id\":\"https:\\\/\\\/www.laguiadepamplona.com\\\/actualidad\\\/#\\\/schema\\\/logo\\\/image\\\/\",\"url\":\"https:\\\/\\\/www.laguiadepamplona.com\\\/actualidad\\\/wp-content\\\/uploads\\\/2018\\\/11\\\/logo-laguiadepamplona18-web1.png\",\"contentUrl\":\"https:\\\/\\\/www.laguiadepamplona.com\\\/actualidad\\\/wp-content\\\/uploads\\\/2018\\\/11\\\/logo-laguiadepamplona18-web1.png\",\"width\":600,\"height\":196,\"caption\":\"La Gu\u00eda de Pamplona \\\/ Noticias\"},\"image\":{\"@id\":\"https:\\\/\\\/www.laguiadepamplona.com\\\/actualidad\\\/#\\\/schema\\\/logo\\\/image\\\/\"},\"sameAs\":[\"https:\\\/\\\/www.facebook.com\\\/laguiadepamplonacom-133175176762273\\\/?ref=hl\",\"https:\\\/\\\/x.com\\\/LaGuiadPamplona\",\"https:\\\/\\\/www.instagram.com\\\/la_guia_de_pamplona\\\/\",\"https:\\\/\\\/www.youtube.com\\\/user\\\/laguiadepamplona\"]},{\"@type\":\"Person\",\"@id\":\"https:\\\/\\\/www.laguiadepamplona.com\\\/actualidad\\\/#\\\/schema\\\/person\\\/efe887376f0213d4657c93adc50b1fdb\",\"name\":\"La Gu\u00eda de Pamplona\",\"image\":{\"@type\":\"ImageObject\",\"inLanguage\":\"es\",\"@id\":\"https:\\\/\\\/secure.gravatar.com\\\/avatar\\\/b6992f131dc8d30ab0dff15446e9d346d9dbd95992de0fef795073f5ea83a81c?s=96&d=mm&r=g\",\"url\":\"https:\\\/\\\/secure.gravatar.com\\\/avatar\\\/b6992f131dc8d30ab0dff15446e9d346d9dbd95992de0fef795073f5ea83a81c?s=96&d=mm&r=g\",\"contentUrl\":\"https:\\\/\\\/secure.gravatar.com\\\/avatar\\\/b6992f131dc8d30ab0dff15446e9d346d9dbd95992de0fef795073f5ea83a81c?s=96&d=mm&r=g\",\"caption\":\"La Gu\u00eda de Pamplona\"}}]}<\/script>\n<!-- \/ Yoast SEO plugin. -->","yoast_head_json":{"title":"El Ayuntamiento de Pamplona convoca pruebas para la contrataci\u00f3n temporal de psic\u00f3logo","robots":{"index":"index","follow":"follow","max-snippet":"max-snippet:-1","max-image-preview":"max-image-preview:large","max-video-preview":"max-video-preview:-1"},"canonical":"https:\/\/www.laguiadepamplona.com\/actualidad\/el-ayuntamiento-de-pamplona-convoca-pruebas-para-la-contratacion-temporal-de-psicologo\/","og_locale":"es_ES","og_type":"article","og_title":"El Ayuntamiento de Pamplona convoca pruebas para la contrataci\u00f3n temporal de psic\u00f3logo","og_description":"Las instancias para participar en el proceso selectivo pueden presentarse hasta el 20 de agosto en cualquier registro municipal El Ayuntamiento de Pamplona ha convocado pruebas selectivas para la constituci\u00f3n...","og_url":"https:\/\/www.laguiadepamplona.com\/actualidad\/el-ayuntamiento-de-pamplona-convoca-pruebas-para-la-contratacion-temporal-de-psicologo\/","og_site_name":"La Gu\u00eda de Pamplona","article_publisher":"https:\/\/www.facebook.com\/laguiadepamplonacom-133175176762273\/?ref=hl","article_published_time":"2014-07-31T11:17:50+00:00","author":"La Gu\u00eda de Pamplona","twitter_card":"summary_large_image","twitter_creator":"@LaGuiadPamplona","twitter_site":"@LaGuiadPamplona","twitter_misc":{"Escrito por":"La Gu\u00eda de Pamplona","Tiempo de lectura":"5 minutos"},"schema":{"@context":"https:\/\/schema.org","@graph":[{"@type":"Article","@id":"https:\/\/www.laguiadepamplona.com\/actualidad\/el-ayuntamiento-de-pamplona-convoca-pruebas-para-la-contratacion-temporal-de-psicologo\/#article","isPartOf":{"@id":"https:\/\/www.laguiadepamplona.com\/actualidad\/el-ayuntamiento-de-pamplona-convoca-pruebas-para-la-contratacion-temporal-de-psicologo\/"},"author":{"name":"La Gu\u00eda de Pamplona","@id":"https:\/\/www.laguiadepamplona.com\/actualidad\/#\/schema\/person\/efe887376f0213d4657c93adc50b1fdb"},"headline":"El Ayuntamiento de Pamplona convoca pruebas para la contrataci\u00f3n temporal de psic\u00f3logo","datePublished":"2014-07-31T11:17:50+00:00","mainEntityOfPage":{"@id":"https:\/\/www.laguiadepamplona.com\/actualidad\/el-ayuntamiento-de-pamplona-convoca-pruebas-para-la-contratacion-temporal-de-psicologo\/"},"wordCount":953,"commentCount":0,"publisher":{"@id":"https:\/\/www.laguiadepamplona.com\/actualidad\/#organization"},"image":{"@id":"https:\/\/www.laguiadepamplona.com\/actualidad\/el-ayuntamiento-de-pamplona-convoca-pruebas-para-la-contratacion-temporal-de-psicologo\/#primaryimage"},"thumbnailUrl":"","keywords":["actualidad","ayto pamplona","Ayuntamiento de Pamplona","contrataci\u00f3n","noticias","pamplona","pruebas","psic\u00f3logo","temporal"],"articleSection":["Ayto Pamplona"],"inLanguage":"es","potentialAction":[{"@type":"CommentAction","name":"Comment","target":["https:\/\/www.laguiadepamplona.com\/actualidad\/el-ayuntamiento-de-pamplona-convoca-pruebas-para-la-contratacion-temporal-de-psicologo\/#respond"]}]},{"@type":"WebPage","@id":"https:\/\/www.laguiadepamplona.com\/actualidad\/el-ayuntamiento-de-pamplona-convoca-pruebas-para-la-contratacion-temporal-de-psicologo\/","url":"https:\/\/www.laguiadepamplona.com\/actualidad\/el-ayuntamiento-de-pamplona-convoca-pruebas-para-la-contratacion-temporal-de-psicologo\/","name":"El Ayuntamiento de Pamplona convoca pruebas para la contrataci\u00f3n temporal de psic\u00f3logo","isPartOf":{"@id":"https:\/\/www.laguiadepamplona.com\/actualidad\/#website"},"primaryImageOfPage":{"@id":"https:\/\/www.laguiadepamplona.com\/actualidad\/el-ayuntamiento-de-pamplona-convoca-pruebas-para-la-contratacion-temporal-de-psicologo\/#primaryimage"},"image":{"@id":"https:\/\/www.laguiadepamplona.com\/actualidad\/el-ayuntamiento-de-pamplona-convoca-pruebas-para-la-contratacion-temporal-de-psicologo\/#primaryimage"},"thumbnailUrl":"","datePublished":"2014-07-31T11:17:50+00:00","breadcrumb":{"@id":"https:\/\/www.laguiadepamplona.com\/actualidad\/el-ayuntamiento-de-pamplona-convoca-pruebas-para-la-contratacion-temporal-de-psicologo\/#breadcrumb"},"inLanguage":"es","potentialAction":[{"@type":"ReadAction","target":["https:\/\/www.laguiadepamplona.com\/actualidad\/el-ayuntamiento-de-pamplona-convoca-pruebas-para-la-contratacion-temporal-de-psicologo\/"]}]},{"@type":"ImageObject","inLanguage":"es","@id":"https:\/\/www.laguiadepamplona.com\/actualidad\/el-ayuntamiento-de-pamplona-convoca-pruebas-para-la-contratacion-temporal-de-psicologo\/#primaryimage","url":"","contentUrl":""},{"@type":"BreadcrumbList","@id":"https:\/\/www.laguiadepamplona.com\/actualidad\/el-ayuntamiento-de-pamplona-convoca-pruebas-para-la-contratacion-temporal-de-psicologo\/#breadcrumb","itemListElement":[{"@type":"ListItem","position":1,"name":"Portada","item":"https:\/\/www.laguiadepamplona.com\/actualidad\/"},{"@type":"ListItem","position":2,"name":"El Ayuntamiento de Pamplona convoca pruebas para la contrataci\u00f3n temporal de psic\u00f3logo"}]},{"@type":"WebSite","@id":"https:\/\/www.laguiadepamplona.com\/actualidad\/#website","url":"https:\/\/www.laguiadepamplona.com\/actualidad\/","name":"La gu\u00eda de Pamplona","description":"Noticias de Pamplona","publisher":{"@id":"https:\/\/www.laguiadepamplona.com\/actualidad\/#organization"},"potentialAction":[{"@type":"SearchAction","target":{"@type":"EntryPoint","urlTemplate":"https:\/\/www.laguiadepamplona.com\/actualidad\/?s={search_term_string}"},"query-input":{"@type":"PropertyValueSpecification","valueRequired":true,"valueName":"search_term_string"}}],"inLanguage":"es"},{"@type":"Organization","@id":"https:\/\/www.laguiadepamplona.com\/actualidad\/#organization","name":"La Gu\u00eda de Pamplona \/ Noticias","url":"https:\/\/www.laguiadepamplona.com\/actualidad\/","logo":{"@type":"ImageObject","inLanguage":"es","@id":"https:\/\/www.laguiadepamplona.com\/actualidad\/#\/schema\/logo\/image\/","url":"https:\/\/www.laguiadepamplona.com\/actualidad\/wp-content\/uploads\/2018\/11\/logo-laguiadepamplona18-web1.png","contentUrl":"https:\/\/www.laguiadepamplona.com\/actualidad\/wp-content\/uploads\/2018\/11\/logo-laguiadepamplona18-web1.png","width":600,"height":196,"caption":"La Gu\u00eda de Pamplona \/ Noticias"},"image":{"@id":"https:\/\/www.laguiadepamplona.com\/actualidad\/#\/schema\/logo\/image\/"},"sameAs":["https:\/\/www.facebook.com\/laguiadepamplonacom-133175176762273\/?ref=hl","https:\/\/x.com\/LaGuiadPamplona","https:\/\/www.instagram.com\/la_guia_de_pamplona\/","https:\/\/www.youtube.com\/user\/laguiadepamplona"]},{"@type":"Person","@id":"https:\/\/www.laguiadepamplona.com\/actualidad\/#\/schema\/person\/efe887376f0213d4657c93adc50b1fdb","name":"La Gu\u00eda de Pamplona","image":{"@type":"ImageObject","inLanguage":"es","@id":"https:\/\/secure.gravatar.com\/avatar\/b6992f131dc8d30ab0dff15446e9d346d9dbd95992de0fef795073f5ea83a81c?s=96&d=mm&r=g","url":"https:\/\/secure.gravatar.com\/avatar\/b6992f131dc8d30ab0dff15446e9d346d9dbd95992de0fef795073f5ea83a81c?s=96&d=mm&r=g","contentUrl":"https:\/\/secure.gravatar.com\/avatar\/b6992f131dc8d30ab0dff15446e9d346d9dbd95992de0fef795073f5ea83a81c?s=96&d=mm&r=g","caption":"La Gu\u00eda de Pamplona"}}]}},"post_mailing_queue_ids":[],"_links":{"self":[{"href":"https:\/\/www.laguiadepamplona.com\/actualidad\/wp-json\/wp\/v2\/posts\/2500","targetHints":{"allow":["GET"]}}],"collection":[{"href":"https:\/\/www.laguiadepamplona.com\/actualidad\/wp-json\/wp\/v2\/posts"}],"about":[{"href":"https:\/\/www.laguiadepamplona.com\/actualidad\/wp-json\/wp\/v2\/types\/post"}],"author":[{"embeddable":true,"href":"https:\/\/www.laguiadepamplona.com\/actualidad\/wp-json\/wp\/v2\/users\/1"}],"replies":[{"embeddable":true,"href":"https:\/\/www.laguiadepamplona.com\/actualidad\/wp-json\/wp\/v2\/comments?post=2500"}],"version-history":[{"count":0,"href":"https:\/\/www.laguiadepamplona.com\/actualidad\/wp-json\/wp\/v2\/posts\/2500\/revisions"}],"wp:featuredmedia":[{"embeddable":true,"href":"https:\/\/www.laguiadepamplona.com\/actualidad\/wp-json\/"}],"wp:attachment":[{"href":"https:\/\/www.laguiadepamplona.com\/actualidad\/wp-json\/wp\/v2\/media?parent=2500"}],"wp:term":[{"taxonomy":"category","embeddable":true,"href":"https:\/\/www.laguiadepamplona.com\/actualidad\/wp-json\/wp\/v2\/categories?post=2500"},{"taxonomy":"post_tag","embeddable":true,"href":"https:\/\/www.laguiadepamplona.com\/actualidad\/wp-json\/wp\/v2\/tags?post=2500"}],"curies":[{"name":"wp","href":"https:\/\/api.w.org\/{rel}","templated":true}]}}