{"id":2497,"date":"2014-07-30T14:42:37","date_gmt":"2014-07-30T14:42:37","guid":{"rendered":"http:\/\/laguiadepamplona.com\/actualidad\/?p=2497"},"modified":"2014-07-30T14:42:37","modified_gmt":"2014-07-30T14:42:37","slug":"el-cuarteto-nebari-ofrece-este-viernes-un-concierto-de-bandas-sonoras-en-la-ciudadela-coincidiendo-con-la-apertura-del-bar-fortius-para-todo-el-mes-agosto","status":"publish","type":"post","link":"https:\/\/www.laguiadepamplona.com\/actualidad\/el-cuarteto-nebari-ofrece-este-viernes-un-concierto-de-bandas-sonoras-en-la-ciudadela-coincidiendo-con-la-apertura-del-bar-fortius-para-todo-el-mes-agosto\/","title":{"rendered":"El Cuarteto Nebari ofrece este viernes un concierto de bandas sonoras en la Ciudadela coincidiendo con la apertura del Bar Fortius para todo el mes agosto"},"content":{"rendered":"<h3>El s\u00e1bado comenzar\u00e1, tambi\u00e9n en Ciudadela, el ciclo de tributos a grandes artistas con un concierto homenaje a The Beatles<\/h3>\n<p><a href=\"http:\/\/laguiadepamplona.com\/actualidad\/wp-content\/uploads\/2014\/07\/bar_ciudadela.jpg\"><img loading=\"lazy\" decoding=\"async\" class=\"alignleft size-medium wp-image-2498\" src=\"http:\/\/laguiadepamplona.com\/actualidad\/wp-content\/uploads\/2014\/07\/bar_ciudadela-300x168.jpg\" alt=\"bar_ciudadela\" width=\"300\" height=\"168\" \/><\/a>El Cuarteto Nebari ofrecer\u00e1 el viernes, 1 de agosto, un concierto en la Ciudadela a las nueve de la noche en el que presentar\u00e1 conocidas bandas sonoras. Esta actuaci\u00f3n coincidir\u00e1 con la apertura al p\u00fablico del Bar Fortius instalado en un m\u00f3dulo cercano a la Sala de Armas y que contar\u00e1 con una terraza junto al escenario de los conciertos. En caso de que la climatolog\u00eda sea adversa, el bar estar\u00e1 abierto y se podr\u00e1n tomar las consumiciones en el interior la Sala de Armas, espacio al que tambi\u00e9n se trasladar\u00e1n los conciertos organizados en la Ciudadela durante todos los d\u00edas del mes de agosto excepto los domingos.<\/p>\n<p>Este cocktail bar atender\u00e1 todos los d\u00edas del mes de agosto de seis de la tarde a una de la ma\u00f1ana. Presentar\u00e1 una oferta gastron\u00f3mica que incluir\u00e1 pinchos elaborados con productos navarros, en su mayor parte \u2018Reyno Gourmet\u2019, y vino Denominaci\u00f3n de Origen Navarra, de la mano de Catering Cock By Carlos Rodr\u00edguez. En su carta se podr\u00e1n encontrarse sugerencias como \u2018croquetas premium del Reyno\u2019, \u2018mini burguer de ternera navarra con queso fundido\u2019, \u2018perrito con queso fundido y crujiente de cebolla deshidratada\u2019, \u2018pimientos de piquillo de Lodosa con aceite de oliva virgen extra\u2019 o \u2018patatas Pamplona style\u2019. Adem\u00e1s, habr\u00e1 aperitivos y combinados.<\/p>\n<p><strong>Conciertos viernes y s\u00e1bados a las nueve de la noche<\/strong><\/p>\n<p>\u2018Nebari de cine\u2019 es el t\u00edtulo del concierto que presentar\u00e1 el viernes el Cuarteto Nebari con una selecci\u00f3n de fragmentos de bandas sonoras de pel\u00edculas de todos los tiempos en la que se incluyen, por ejemplo, \u2018Master&amp;Commander\u2019, \u2018Star Wars\u2019, \u2018La vida es bella\u2019 y \u2018Piratas del Caribe\u2019. El Cuarteto Nebari naci\u00f3 en 2007 y, desde entonces, ha participado en diversos proyectos culturales como los ciclos de conciertos en el Palacio de Navarra, el Festival Via Musicae de Haro, el Fringe Festival Pamplona en Clave de M\u00fasica, el ciclo M\u00fasica en tiempo de oraci\u00f3n, el ciclo J\u00f3venes Int\u00e9rpretes o el Festival Encinart. Asimismo, ha tocado en numerosos conciertos con corales navarras y ha colaborado en grabaciones con grupos de distintos estilos, como Leyenda Urbana, L\u00ednea 2, Mikelote&amp;Pipa, Nadanta Music Group, Wilhem and the Dancing Animals o Reina Republicana.<\/p>\n<p>El s\u00e1bado, tambi\u00e9n a las nueve de la noche, comenzar\u00e1 el ciclo de conciertos \u2018Tributo a..\u2019 en el que se rendir\u00e1 homenaje a conocidos m\u00fasicos y estilos internacionales. El primero girar\u00e1 sobre The Beatles y llegar\u00e1 de la mano de \u2018Andoni Arcilla Tr\u00edo\u2019. Los siguientes s\u00e1bados los protagonistas ser\u00e1n Edith Piaf, Janis Joplin, los espirituales negros y la m\u00fasica mexicana.<\/p>\n<p>Al escenario subir\u00e1n el s\u00e1bado Andoni Arcilla (voz y piano), Kike Arza (contrabajo) y Juanma Urriza (bater\u00eda). El repertorio, formado por 13 canciones, incluye temas llevados intencionadamente a terrenos propios del jazz (\u2018The Fool On The Hill\u2019, \u2018Here There And Everywhere\u2019 y \u2018She&#8217;s Leaving Home\u2019), del swing (\u2018With A Little Help From My Friends\u2019 y \u2018Help!\u2019) y de la bossa nova (\u2018And I Love Her\u2019). Por otra parte, tambi\u00e9n se interpretar\u00e1n algunas de las canciones m\u00e1s conocidas de la banda de Liverpool, entre las que se encuentran las baladas \u2018Yesterday\u2019, \u2018Let It Be\u2019 y \u2018Hey Jude\u2019, completando el programa, con una sonoridad m\u00e1s cercana la pop\/rock con \u2018Eleanor Rigby\u2019 y \u2018Get Back\u2019.<\/p>\n<p><strong>Actividades en la Ciudadela todas las tardes de agosto de lunes a s\u00e1bado<\/strong><\/p>\n<p>Del 1 al 31 de agosto la Ciudadela, en el escenario exterior de la Sala de Armas, acoger\u00e1 actividades de m\u00fasica y danza pr\u00e1cticamente todos los d\u00edas excepto los domingos. De lunes a jueves las actuaciones ser\u00e1n a las 20 horas y los viernes y s\u00e1bados a las 21 horas. Los lunes 18 y 25 de agosto habr\u00e1 actuaciones de danzas del mundo mientras que los martes ser\u00e1 el d\u00eda del jazz con las actuaciones de Jorge Abad\u00edas &amp; I\u00f1aki Rodr\u00edguez Quartet el 5 de agosto, de Alberto Arteta Group el d\u00eda 12, de Tommy Caggiani Therion Project el 19 de agosto, y, para finalizar el ciclo, de Paranojazz el 26 de agosto.<\/p>\n<p>Los mi\u00e9rcoles llegar\u00e1 la m\u00fasica de fusi\u00f3n de la mano de Fresno el 6 de agosto con temas de origen argentino, cubano o portugu\u00e9s; Olivenza el d\u00eda 13 en un concierto con sonidos folk, cool jazz y de fado; Eliseo Parra Tr\u00edo el 20 de agosto recordar\u00e1 las canciones m\u00edticas de su carrera y los temas de sus \u00faltimos trabajos \u2018Contradicci\u00f3n\u2019 y \u2018Canciones tradicionales riojanas\u2019; y Zorongo, el 27 de agosto, presentar\u00e1 un recorrido por composiciones anteriores, estreno de obras in\u00e9ditas y temas de homenaje a Pedro Iturralde, Federico Garc\u00eda Lorca y Paco de Luc\u00eda. Los mi\u00e9rcoles tambi\u00e9n ser\u00e1 el d\u00eda de los musicales con la proyecci\u00f3n de las pel\u00edculas \u2018La era del rock (Rock of Ages)\u2019 el 13, \u2018Los Miserables\u2019 el 20 y \u2018El violinista en el tejado\u2019 el d\u00eda 27.<\/p>\n<p>Los jueves volver\u00e1 el ciclo \u2018Sabikerando. Haciendo Sabicas\u2019 con espect\u00e1culos los d\u00edas 7, 14 y 21 de agosto. El primer d\u00eda de la mano de Agrupaciones gitanas con Sabicas, el d\u00eda 14 con los pamploneses de Orai y el \u00faltimo concierto protagonizado por Juan Rafael Cort\u00e9s Santiago \u2018Duquende\u2019. La m\u00fasica alternativa indie llegar\u00e1 a la Ciudadela los viernes. El 8 de agosto con Inocua, el 15 con Joe la Reina, el 22 con Wilhelm and the dancing animals y el 29 de agosto con Joana Serrat. Los concierto en Ciudadela se completan con el deLos Pilotos, banda formada en 2010 por los componentes de Los Planetas Banin Fraile y Florent Mu\u00f1oz, el jueves 28 de agosto.<\/p>\n<p>&nbsp;<\/p>\n","protected":false},"excerpt":{"rendered":"<p>El s\u00e1bado comenzar\u00e1, tambi\u00e9n en Ciudadela, el ciclo de tributos a grandes artistas con un concierto homenaje a The Beatles El Cuarteto Nebari ofrecer\u00e1 el viernes, 1 de agosto, un&#8230;<\/p>\n","protected":false},"author":1,"featured_media":2498,"comment_status":"open","ping_status":"open","sticky":false,"template":"","format":"standard","meta":{"footnotes":""},"categories":[2],"tags":[5,6,509,2127,2128,42,702,2129,8,9,2130],"class_list":["post-2497","post","type-post","status-publish","format-standard","has-post-thumbnail","hentry","category-ayuntamiento-pamplona","tag-actualidad","tag-ayto-pamplona","tag-ayuntamiento-de-pamplona","tag-bandas","tag-bar-fortius","tag-ciudadela","tag-conciertos","tag-cuarteto-nebari","tag-noticias","tag-pamplona","tag-sonoras"],"yoast_head":"<!-- This site is optimized with the Yoast SEO plugin v27.5 - https:\/\/yoast.com\/product\/yoast-seo-wordpress\/ -->\n<title>El Cuarteto Nebari ofrece este viernes un concierto de bandas sonoras en la Ciudadela coincidiendo con la apertura del Bar Fortius para todo el mes agosto<\/title>\n<meta name=\"robots\" content=\"index, follow, max-snippet:-1, max-image-preview:large, max-video-preview:-1\" \/>\n<link rel=\"canonical\" href=\"https:\/\/www.laguiadepamplona.com\/actualidad\/el-cuarteto-nebari-ofrece-este-viernes-un-concierto-de-bandas-sonoras-en-la-ciudadela-coincidiendo-con-la-apertura-del-bar-fortius-para-todo-el-mes-agosto\/\" \/>\n<meta property=\"og:locale\" content=\"es_ES\" \/>\n<meta property=\"og:type\" content=\"article\" \/>\n<meta property=\"og:title\" content=\"El Cuarteto Nebari ofrece este viernes un concierto de bandas sonoras en la Ciudadela coincidiendo con la apertura del Bar Fortius para todo el mes agosto\" \/>\n<meta property=\"og:description\" content=\"El s\u00e1bado comenzar\u00e1, tambi\u00e9n en Ciudadela, el ciclo de tributos a grandes artistas con un concierto homenaje a The Beatles El Cuarteto Nebari ofrecer\u00e1 el viernes, 1 de agosto, un...\" \/>\n<meta property=\"og:url\" content=\"https:\/\/www.laguiadepamplona.com\/actualidad\/el-cuarteto-nebari-ofrece-este-viernes-un-concierto-de-bandas-sonoras-en-la-ciudadela-coincidiendo-con-la-apertura-del-bar-fortius-para-todo-el-mes-agosto\/\" \/>\n<meta property=\"og:site_name\" content=\"La Gu\u00eda de Pamplona\" \/>\n<meta property=\"article:publisher\" content=\"https:\/\/www.facebook.com\/laguiadepamplonacom-133175176762273\/?ref=hl\" \/>\n<meta property=\"article:published_time\" content=\"2014-07-30T14:42:37+00:00\" \/>\n<meta name=\"author\" content=\"La Gu\u00eda de Pamplona\" \/>\n<meta name=\"twitter:card\" content=\"summary_large_image\" \/>\n<meta name=\"twitter:creator\" content=\"@LaGuiadPamplona\" \/>\n<meta name=\"twitter:site\" content=\"@LaGuiadPamplona\" \/>\n<meta name=\"twitter:label1\" content=\"Escrito por\" \/>\n\t<meta name=\"twitter:data1\" content=\"La Gu\u00eda de Pamplona\" \/>\n\t<meta name=\"twitter:label2\" content=\"Tiempo de lectura\" \/>\n\t<meta name=\"twitter:data2\" content=\"5 minutos\" \/>\n<script type=\"application\/ld+json\" class=\"yoast-schema-graph\">{\"@context\":\"https:\\\/\\\/schema.org\",\"@graph\":[{\"@type\":\"Article\",\"@id\":\"https:\\\/\\\/www.laguiadepamplona.com\\\/actualidad\\\/el-cuarteto-nebari-ofrece-este-viernes-un-concierto-de-bandas-sonoras-en-la-ciudadela-coincidiendo-con-la-apertura-del-bar-fortius-para-todo-el-mes-agosto\\\/#article\",\"isPartOf\":{\"@id\":\"https:\\\/\\\/www.laguiadepamplona.com\\\/actualidad\\\/el-cuarteto-nebari-ofrece-este-viernes-un-concierto-de-bandas-sonoras-en-la-ciudadela-coincidiendo-con-la-apertura-del-bar-fortius-para-todo-el-mes-agosto\\\/\"},\"author\":{\"name\":\"La Gu\u00eda de Pamplona\",\"@id\":\"https:\\\/\\\/www.laguiadepamplona.com\\\/actualidad\\\/#\\\/schema\\\/person\\\/efe887376f0213d4657c93adc50b1fdb\"},\"headline\":\"El Cuarteto Nebari ofrece este viernes un concierto de bandas sonoras en la Ciudadela coincidiendo con la apertura del Bar Fortius para todo el mes agosto\",\"datePublished\":\"2014-07-30T14:42:37+00:00\",\"mainEntityOfPage\":{\"@id\":\"https:\\\/\\\/www.laguiadepamplona.com\\\/actualidad\\\/el-cuarteto-nebari-ofrece-este-viernes-un-concierto-de-bandas-sonoras-en-la-ciudadela-coincidiendo-con-la-apertura-del-bar-fortius-para-todo-el-mes-agosto\\\/\"},\"wordCount\":1001,\"commentCount\":0,\"publisher\":{\"@id\":\"https:\\\/\\\/www.laguiadepamplona.com\\\/actualidad\\\/#organization\"},\"image\":{\"@id\":\"https:\\\/\\\/www.laguiadepamplona.com\\\/actualidad\\\/el-cuarteto-nebari-ofrece-este-viernes-un-concierto-de-bandas-sonoras-en-la-ciudadela-coincidiendo-con-la-apertura-del-bar-fortius-para-todo-el-mes-agosto\\\/#primaryimage\"},\"thumbnailUrl\":\"\",\"keywords\":[\"actualidad\",\"ayto pamplona\",\"Ayuntamiento de Pamplona\",\"bandas\",\"bar fortius\",\"ciudadela\",\"conciertos\",\"cuarteto nebari\",\"noticias\",\"pamplona\",\"sonoras\"],\"articleSection\":[\"Ayto Pamplona\"],\"inLanguage\":\"es\",\"potentialAction\":[{\"@type\":\"CommentAction\",\"name\":\"Comment\",\"target\":[\"https:\\\/\\\/www.laguiadepamplona.com\\\/actualidad\\\/el-cuarteto-nebari-ofrece-este-viernes-un-concierto-de-bandas-sonoras-en-la-ciudadela-coincidiendo-con-la-apertura-del-bar-fortius-para-todo-el-mes-agosto\\\/#respond\"]}]},{\"@type\":\"WebPage\",\"@id\":\"https:\\\/\\\/www.laguiadepamplona.com\\\/actualidad\\\/el-cuarteto-nebari-ofrece-este-viernes-un-concierto-de-bandas-sonoras-en-la-ciudadela-coincidiendo-con-la-apertura-del-bar-fortius-para-todo-el-mes-agosto\\\/\",\"url\":\"https:\\\/\\\/www.laguiadepamplona.com\\\/actualidad\\\/el-cuarteto-nebari-ofrece-este-viernes-un-concierto-de-bandas-sonoras-en-la-ciudadela-coincidiendo-con-la-apertura-del-bar-fortius-para-todo-el-mes-agosto\\\/\",\"name\":\"El Cuarteto Nebari ofrece este viernes un concierto de bandas sonoras en la Ciudadela coincidiendo con la apertura del Bar Fortius para todo el mes agosto\",\"isPartOf\":{\"@id\":\"https:\\\/\\\/www.laguiadepamplona.com\\\/actualidad\\\/#website\"},\"primaryImageOfPage\":{\"@id\":\"https:\\\/\\\/www.laguiadepamplona.com\\\/actualidad\\\/el-cuarteto-nebari-ofrece-este-viernes-un-concierto-de-bandas-sonoras-en-la-ciudadela-coincidiendo-con-la-apertura-del-bar-fortius-para-todo-el-mes-agosto\\\/#primaryimage\"},\"image\":{\"@id\":\"https:\\\/\\\/www.laguiadepamplona.com\\\/actualidad\\\/el-cuarteto-nebari-ofrece-este-viernes-un-concierto-de-bandas-sonoras-en-la-ciudadela-coincidiendo-con-la-apertura-del-bar-fortius-para-todo-el-mes-agosto\\\/#primaryimage\"},\"thumbnailUrl\":\"\",\"datePublished\":\"2014-07-30T14:42:37+00:00\",\"breadcrumb\":{\"@id\":\"https:\\\/\\\/www.laguiadepamplona.com\\\/actualidad\\\/el-cuarteto-nebari-ofrece-este-viernes-un-concierto-de-bandas-sonoras-en-la-ciudadela-coincidiendo-con-la-apertura-del-bar-fortius-para-todo-el-mes-agosto\\\/#breadcrumb\"},\"inLanguage\":\"es\",\"potentialAction\":[{\"@type\":\"ReadAction\",\"target\":[\"https:\\\/\\\/www.laguiadepamplona.com\\\/actualidad\\\/el-cuarteto-nebari-ofrece-este-viernes-un-concierto-de-bandas-sonoras-en-la-ciudadela-coincidiendo-con-la-apertura-del-bar-fortius-para-todo-el-mes-agosto\\\/\"]}]},{\"@type\":\"ImageObject\",\"inLanguage\":\"es\",\"@id\":\"https:\\\/\\\/www.laguiadepamplona.com\\\/actualidad\\\/el-cuarteto-nebari-ofrece-este-viernes-un-concierto-de-bandas-sonoras-en-la-ciudadela-coincidiendo-con-la-apertura-del-bar-fortius-para-todo-el-mes-agosto\\\/#primaryimage\",\"url\":\"\",\"contentUrl\":\"\"},{\"@type\":\"BreadcrumbList\",\"@id\":\"https:\\\/\\\/www.laguiadepamplona.com\\\/actualidad\\\/el-cuarteto-nebari-ofrece-este-viernes-un-concierto-de-bandas-sonoras-en-la-ciudadela-coincidiendo-con-la-apertura-del-bar-fortius-para-todo-el-mes-agosto\\\/#breadcrumb\",\"itemListElement\":[{\"@type\":\"ListItem\",\"position\":1,\"name\":\"Portada\",\"item\":\"https:\\\/\\\/www.laguiadepamplona.com\\\/actualidad\\\/\"},{\"@type\":\"ListItem\",\"position\":2,\"name\":\"El Cuarteto Nebari ofrece este viernes un concierto de bandas sonoras en la Ciudadela coincidiendo con la apertura del Bar Fortius para todo el mes agosto\"}]},{\"@type\":\"WebSite\",\"@id\":\"https:\\\/\\\/www.laguiadepamplona.com\\\/actualidad\\\/#website\",\"url\":\"https:\\\/\\\/www.laguiadepamplona.com\\\/actualidad\\\/\",\"name\":\"La gu\u00eda de Pamplona\",\"description\":\"Noticias de Pamplona\",\"publisher\":{\"@id\":\"https:\\\/\\\/www.laguiadepamplona.com\\\/actualidad\\\/#organization\"},\"potentialAction\":[{\"@type\":\"SearchAction\",\"target\":{\"@type\":\"EntryPoint\",\"urlTemplate\":\"https:\\\/\\\/www.laguiadepamplona.com\\\/actualidad\\\/?s={search_term_string}\"},\"query-input\":{\"@type\":\"PropertyValueSpecification\",\"valueRequired\":true,\"valueName\":\"search_term_string\"}}],\"inLanguage\":\"es\"},{\"@type\":\"Organization\",\"@id\":\"https:\\\/\\\/www.laguiadepamplona.com\\\/actualidad\\\/#organization\",\"name\":\"La Gu\u00eda de Pamplona \\\/ Noticias\",\"url\":\"https:\\\/\\\/www.laguiadepamplona.com\\\/actualidad\\\/\",\"logo\":{\"@type\":\"ImageObject\",\"inLanguage\":\"es\",\"@id\":\"https:\\\/\\\/www.laguiadepamplona.com\\\/actualidad\\\/#\\\/schema\\\/logo\\\/image\\\/\",\"url\":\"https:\\\/\\\/www.laguiadepamplona.com\\\/actualidad\\\/wp-content\\\/uploads\\\/2018\\\/11\\\/logo-laguiadepamplona18-web1.png\",\"contentUrl\":\"https:\\\/\\\/www.laguiadepamplona.com\\\/actualidad\\\/wp-content\\\/uploads\\\/2018\\\/11\\\/logo-laguiadepamplona18-web1.png\",\"width\":600,\"height\":196,\"caption\":\"La Gu\u00eda de Pamplona \\\/ Noticias\"},\"image\":{\"@id\":\"https:\\\/\\\/www.laguiadepamplona.com\\\/actualidad\\\/#\\\/schema\\\/logo\\\/image\\\/\"},\"sameAs\":[\"https:\\\/\\\/www.facebook.com\\\/laguiadepamplonacom-133175176762273\\\/?ref=hl\",\"https:\\\/\\\/x.com\\\/LaGuiadPamplona\",\"https:\\\/\\\/www.instagram.com\\\/la_guia_de_pamplona\\\/\",\"https:\\\/\\\/www.youtube.com\\\/user\\\/laguiadepamplona\"]},{\"@type\":\"Person\",\"@id\":\"https:\\\/\\\/www.laguiadepamplona.com\\\/actualidad\\\/#\\\/schema\\\/person\\\/efe887376f0213d4657c93adc50b1fdb\",\"name\":\"La Gu\u00eda de Pamplona\",\"image\":{\"@type\":\"ImageObject\",\"inLanguage\":\"es\",\"@id\":\"https:\\\/\\\/secure.gravatar.com\\\/avatar\\\/b6992f131dc8d30ab0dff15446e9d346d9dbd95992de0fef795073f5ea83a81c?s=96&d=mm&r=g\",\"url\":\"https:\\\/\\\/secure.gravatar.com\\\/avatar\\\/b6992f131dc8d30ab0dff15446e9d346d9dbd95992de0fef795073f5ea83a81c?s=96&d=mm&r=g\",\"contentUrl\":\"https:\\\/\\\/secure.gravatar.com\\\/avatar\\\/b6992f131dc8d30ab0dff15446e9d346d9dbd95992de0fef795073f5ea83a81c?s=96&d=mm&r=g\",\"caption\":\"La Gu\u00eda de Pamplona\"}}]}<\/script>\n<!-- \/ Yoast SEO plugin. -->","yoast_head_json":{"title":"El Cuarteto Nebari ofrece este viernes un concierto de bandas sonoras en la Ciudadela coincidiendo con la apertura del Bar Fortius para todo el mes agosto","robots":{"index":"index","follow":"follow","max-snippet":"max-snippet:-1","max-image-preview":"max-image-preview:large","max-video-preview":"max-video-preview:-1"},"canonical":"https:\/\/www.laguiadepamplona.com\/actualidad\/el-cuarteto-nebari-ofrece-este-viernes-un-concierto-de-bandas-sonoras-en-la-ciudadela-coincidiendo-con-la-apertura-del-bar-fortius-para-todo-el-mes-agosto\/","og_locale":"es_ES","og_type":"article","og_title":"El Cuarteto Nebari ofrece este viernes un concierto de bandas sonoras en la Ciudadela coincidiendo con la apertura del Bar Fortius para todo el mes agosto","og_description":"El s\u00e1bado comenzar\u00e1, tambi\u00e9n en Ciudadela, el ciclo de tributos a grandes artistas con un concierto homenaje a The Beatles El Cuarteto Nebari ofrecer\u00e1 el viernes, 1 de agosto, un...","og_url":"https:\/\/www.laguiadepamplona.com\/actualidad\/el-cuarteto-nebari-ofrece-este-viernes-un-concierto-de-bandas-sonoras-en-la-ciudadela-coincidiendo-con-la-apertura-del-bar-fortius-para-todo-el-mes-agosto\/","og_site_name":"La Gu\u00eda de Pamplona","article_publisher":"https:\/\/www.facebook.com\/laguiadepamplonacom-133175176762273\/?ref=hl","article_published_time":"2014-07-30T14:42:37+00:00","author":"La Gu\u00eda de Pamplona","twitter_card":"summary_large_image","twitter_creator":"@LaGuiadPamplona","twitter_site":"@LaGuiadPamplona","twitter_misc":{"Escrito por":"La Gu\u00eda de Pamplona","Tiempo de lectura":"5 minutos"},"schema":{"@context":"https:\/\/schema.org","@graph":[{"@type":"Article","@id":"https:\/\/www.laguiadepamplona.com\/actualidad\/el-cuarteto-nebari-ofrece-este-viernes-un-concierto-de-bandas-sonoras-en-la-ciudadela-coincidiendo-con-la-apertura-del-bar-fortius-para-todo-el-mes-agosto\/#article","isPartOf":{"@id":"https:\/\/www.laguiadepamplona.com\/actualidad\/el-cuarteto-nebari-ofrece-este-viernes-un-concierto-de-bandas-sonoras-en-la-ciudadela-coincidiendo-con-la-apertura-del-bar-fortius-para-todo-el-mes-agosto\/"},"author":{"name":"La Gu\u00eda de Pamplona","@id":"https:\/\/www.laguiadepamplona.com\/actualidad\/#\/schema\/person\/efe887376f0213d4657c93adc50b1fdb"},"headline":"El Cuarteto Nebari ofrece este viernes un concierto de bandas sonoras en la Ciudadela coincidiendo con la apertura del Bar Fortius para todo el mes agosto","datePublished":"2014-07-30T14:42:37+00:00","mainEntityOfPage":{"@id":"https:\/\/www.laguiadepamplona.com\/actualidad\/el-cuarteto-nebari-ofrece-este-viernes-un-concierto-de-bandas-sonoras-en-la-ciudadela-coincidiendo-con-la-apertura-del-bar-fortius-para-todo-el-mes-agosto\/"},"wordCount":1001,"commentCount":0,"publisher":{"@id":"https:\/\/www.laguiadepamplona.com\/actualidad\/#organization"},"image":{"@id":"https:\/\/www.laguiadepamplona.com\/actualidad\/el-cuarteto-nebari-ofrece-este-viernes-un-concierto-de-bandas-sonoras-en-la-ciudadela-coincidiendo-con-la-apertura-del-bar-fortius-para-todo-el-mes-agosto\/#primaryimage"},"thumbnailUrl":"","keywords":["actualidad","ayto pamplona","Ayuntamiento de Pamplona","bandas","bar fortius","ciudadela","conciertos","cuarteto nebari","noticias","pamplona","sonoras"],"articleSection":["Ayto Pamplona"],"inLanguage":"es","potentialAction":[{"@type":"CommentAction","name":"Comment","target":["https:\/\/www.laguiadepamplona.com\/actualidad\/el-cuarteto-nebari-ofrece-este-viernes-un-concierto-de-bandas-sonoras-en-la-ciudadela-coincidiendo-con-la-apertura-del-bar-fortius-para-todo-el-mes-agosto\/#respond"]}]},{"@type":"WebPage","@id":"https:\/\/www.laguiadepamplona.com\/actualidad\/el-cuarteto-nebari-ofrece-este-viernes-un-concierto-de-bandas-sonoras-en-la-ciudadela-coincidiendo-con-la-apertura-del-bar-fortius-para-todo-el-mes-agosto\/","url":"https:\/\/www.laguiadepamplona.com\/actualidad\/el-cuarteto-nebari-ofrece-este-viernes-un-concierto-de-bandas-sonoras-en-la-ciudadela-coincidiendo-con-la-apertura-del-bar-fortius-para-todo-el-mes-agosto\/","name":"El Cuarteto Nebari ofrece este viernes un concierto de bandas sonoras en la Ciudadela coincidiendo con la apertura del Bar Fortius para todo el mes agosto","isPartOf":{"@id":"https:\/\/www.laguiadepamplona.com\/actualidad\/#website"},"primaryImageOfPage":{"@id":"https:\/\/www.laguiadepamplona.com\/actualidad\/el-cuarteto-nebari-ofrece-este-viernes-un-concierto-de-bandas-sonoras-en-la-ciudadela-coincidiendo-con-la-apertura-del-bar-fortius-para-todo-el-mes-agosto\/#primaryimage"},"image":{"@id":"https:\/\/www.laguiadepamplona.com\/actualidad\/el-cuarteto-nebari-ofrece-este-viernes-un-concierto-de-bandas-sonoras-en-la-ciudadela-coincidiendo-con-la-apertura-del-bar-fortius-para-todo-el-mes-agosto\/#primaryimage"},"thumbnailUrl":"","datePublished":"2014-07-30T14:42:37+00:00","breadcrumb":{"@id":"https:\/\/www.laguiadepamplona.com\/actualidad\/el-cuarteto-nebari-ofrece-este-viernes-un-concierto-de-bandas-sonoras-en-la-ciudadela-coincidiendo-con-la-apertura-del-bar-fortius-para-todo-el-mes-agosto\/#breadcrumb"},"inLanguage":"es","potentialAction":[{"@type":"ReadAction","target":["https:\/\/www.laguiadepamplona.com\/actualidad\/el-cuarteto-nebari-ofrece-este-viernes-un-concierto-de-bandas-sonoras-en-la-ciudadela-coincidiendo-con-la-apertura-del-bar-fortius-para-todo-el-mes-agosto\/"]}]},{"@type":"ImageObject","inLanguage":"es","@id":"https:\/\/www.laguiadepamplona.com\/actualidad\/el-cuarteto-nebari-ofrece-este-viernes-un-concierto-de-bandas-sonoras-en-la-ciudadela-coincidiendo-con-la-apertura-del-bar-fortius-para-todo-el-mes-agosto\/#primaryimage","url":"","contentUrl":""},{"@type":"BreadcrumbList","@id":"https:\/\/www.laguiadepamplona.com\/actualidad\/el-cuarteto-nebari-ofrece-este-viernes-un-concierto-de-bandas-sonoras-en-la-ciudadela-coincidiendo-con-la-apertura-del-bar-fortius-para-todo-el-mes-agosto\/#breadcrumb","itemListElement":[{"@type":"ListItem","position":1,"name":"Portada","item":"https:\/\/www.laguiadepamplona.com\/actualidad\/"},{"@type":"ListItem","position":2,"name":"El Cuarteto Nebari ofrece este viernes un concierto de bandas sonoras en la Ciudadela coincidiendo con la apertura del Bar Fortius para todo el mes agosto"}]},{"@type":"WebSite","@id":"https:\/\/www.laguiadepamplona.com\/actualidad\/#website","url":"https:\/\/www.laguiadepamplona.com\/actualidad\/","name":"La gu\u00eda de Pamplona","description":"Noticias de Pamplona","publisher":{"@id":"https:\/\/www.laguiadepamplona.com\/actualidad\/#organization"},"potentialAction":[{"@type":"SearchAction","target":{"@type":"EntryPoint","urlTemplate":"https:\/\/www.laguiadepamplona.com\/actualidad\/?s={search_term_string}"},"query-input":{"@type":"PropertyValueSpecification","valueRequired":true,"valueName":"search_term_string"}}],"inLanguage":"es"},{"@type":"Organization","@id":"https:\/\/www.laguiadepamplona.com\/actualidad\/#organization","name":"La Gu\u00eda de Pamplona \/ Noticias","url":"https:\/\/www.laguiadepamplona.com\/actualidad\/","logo":{"@type":"ImageObject","inLanguage":"es","@id":"https:\/\/www.laguiadepamplona.com\/actualidad\/#\/schema\/logo\/image\/","url":"https:\/\/www.laguiadepamplona.com\/actualidad\/wp-content\/uploads\/2018\/11\/logo-laguiadepamplona18-web1.png","contentUrl":"https:\/\/www.laguiadepamplona.com\/actualidad\/wp-content\/uploads\/2018\/11\/logo-laguiadepamplona18-web1.png","width":600,"height":196,"caption":"La Gu\u00eda de Pamplona \/ Noticias"},"image":{"@id":"https:\/\/www.laguiadepamplona.com\/actualidad\/#\/schema\/logo\/image\/"},"sameAs":["https:\/\/www.facebook.com\/laguiadepamplonacom-133175176762273\/?ref=hl","https:\/\/x.com\/LaGuiadPamplona","https:\/\/www.instagram.com\/la_guia_de_pamplona\/","https:\/\/www.youtube.com\/user\/laguiadepamplona"]},{"@type":"Person","@id":"https:\/\/www.laguiadepamplona.com\/actualidad\/#\/schema\/person\/efe887376f0213d4657c93adc50b1fdb","name":"La Gu\u00eda de Pamplona","image":{"@type":"ImageObject","inLanguage":"es","@id":"https:\/\/secure.gravatar.com\/avatar\/b6992f131dc8d30ab0dff15446e9d346d9dbd95992de0fef795073f5ea83a81c?s=96&d=mm&r=g","url":"https:\/\/secure.gravatar.com\/avatar\/b6992f131dc8d30ab0dff15446e9d346d9dbd95992de0fef795073f5ea83a81c?s=96&d=mm&r=g","contentUrl":"https:\/\/secure.gravatar.com\/avatar\/b6992f131dc8d30ab0dff15446e9d346d9dbd95992de0fef795073f5ea83a81c?s=96&d=mm&r=g","caption":"La Gu\u00eda de Pamplona"}}]}},"post_mailing_queue_ids":[],"_links":{"self":[{"href":"https:\/\/www.laguiadepamplona.com\/actualidad\/wp-json\/wp\/v2\/posts\/2497","targetHints":{"allow":["GET"]}}],"collection":[{"href":"https:\/\/www.laguiadepamplona.com\/actualidad\/wp-json\/wp\/v2\/posts"}],"about":[{"href":"https:\/\/www.laguiadepamplona.com\/actualidad\/wp-json\/wp\/v2\/types\/post"}],"author":[{"embeddable":true,"href":"https:\/\/www.laguiadepamplona.com\/actualidad\/wp-json\/wp\/v2\/users\/1"}],"replies":[{"embeddable":true,"href":"https:\/\/www.laguiadepamplona.com\/actualidad\/wp-json\/wp\/v2\/comments?post=2497"}],"version-history":[{"count":0,"href":"https:\/\/www.laguiadepamplona.com\/actualidad\/wp-json\/wp\/v2\/posts\/2497\/revisions"}],"wp:featuredmedia":[{"embeddable":true,"href":"https:\/\/www.laguiadepamplona.com\/actualidad\/wp-json\/"}],"wp:attachment":[{"href":"https:\/\/www.laguiadepamplona.com\/actualidad\/wp-json\/wp\/v2\/media?parent=2497"}],"wp:term":[{"taxonomy":"category","embeddable":true,"href":"https:\/\/www.laguiadepamplona.com\/actualidad\/wp-json\/wp\/v2\/categories?post=2497"},{"taxonomy":"post_tag","embeddable":true,"href":"https:\/\/www.laguiadepamplona.com\/actualidad\/wp-json\/wp\/v2\/tags?post=2497"}],"curies":[{"name":"wp","href":"https:\/\/api.w.org\/{rel}","templated":true}]}}