{"id":24650,"date":"2019-09-25T13:02:05","date_gmt":"2019-09-25T11:02:05","guid":{"rendered":"https:\/\/www.laguiadepamplona.es\/actualidad\/?p=24650"},"modified":"2019-09-25T13:02:20","modified_gmt":"2019-09-25T11:02:20","slug":"concierto-de-la-pamplonesa-salida-de-la-comparsa-de-gigantes-y-cabezudos-y-dianas-por-las-calles-aportaciones-del-ayuntamiento-a-las-fiestas-de-san-fermin-de-aldapa","status":"publish","type":"post","link":"https:\/\/www.laguiadepamplona.com\/actualidad\/concierto-de-la-pamplonesa-salida-de-la-comparsa-de-gigantes-y-cabezudos-y-dianas-por-las-calles-aportaciones-del-ayuntamiento-a-las-fiestas-de-san-fermin-de-aldapa\/","title":{"rendered":"Concierto de La Pamplonesa, salida de la comparsa de Gigantes y Cabezudos y dianas por las calles, aportaciones del Ayuntamiento a las fiestas de San Ferm\u00edn de Aldapa"},"content":{"rendered":"<p><!--more--><\/p>\n<h3>La comparsa saldr\u00e1 el s\u00e1bado por la tarde y el domingo por la ma\u00f1ana; el concierto de La Pamplonesa, el s\u00e1bado a las 19 horas en la Plaza Consistorial<\/h3>\n<p>Este pr\u00f3ximo fin de semana, del viernes 27 al domingo 29, se celebran las fiestas de San Ferm\u00edn de Aldapa. El Ayuntamiento de Pamplona ha organizado varias actividades s\u00e1bado y domingo, abiertas a la participaci\u00f3n de la ciudadan\u00eda. El s\u00e1bado por la tarde actuar\u00e1 La Pamplonesa en la Plaza Consistorial; tambi\u00e9n el s\u00e1bado por la tarde, y el domingo por la ma\u00f1ana, saldr\u00e1 la comparsa de Gigantes y Cabezudos; y ambos d\u00edas, por la ma\u00f1ana, dianas por el Casco Antiguo.<\/p>\n<p>A las 9 horas del s\u00e1bado los gaiteros y txistularis municipales recorrer\u00e1n diferentes calles del Casco Antiguo con su m\u00fasica para amenizar las primeras horas del d\u00eda. Saldr\u00e1n desde la Plaza Consistorial y realizar\u00e1n dos recorridos distintos para volver de nuevo a las puertas del Ayuntamiento. Los gaiteros llevar\u00e1n su m\u00fasica por las calles Nueva, Rinc\u00f3n de la Aduana, Mayor, Eslava, San Francisco y Ansoleaga; los txistularis, por Calceteros, Pozoblanco, Comedias, paseo de Sarasate, San Gregorio, San Miguel, Zapater\u00eda y Pozoblanco. El domingo, tambi\u00e9n a las 9 horas, nueva sesi\u00f3n de dianas con intercambio de recorridos entre gaiteros y txistularis.<\/p>\n<p><script async src=\"\/\/pagead2.googlesyndication.com\/pagead\/js\/adsbygoogle.js\"><\/script><br \/>\n<!-- Noticias La Guia de Pamplona --><br \/>\n<ins class=\"adsbygoogle\"\nstyle=\"display:block\"\ndata-ad-client=\"ca-pub-6943679897239327\"\ndata-ad-slot=\"7048180777\"\ndata-ad-format=\"auto\"><\/ins><br \/>\n<script>\n(adsbygoogle = window.adsbygoogle || []).push({});\n<\/script><\/p>\n<p>El s\u00e1bado por la tarde, a las 17 horas, est\u00e1 prevista la salida de la comparsa de Gigantes y Cabezudos desde la estaci\u00f3n de autobuses. Desde all\u00ed se dirigir\u00e1n al Casco Antiguo por la plaza de la Paz, Yanguas y Miranda, Garc\u00eda Xim\u00e9nez, Roncesvalles, Carlos III y Duque de Ahumada. Ya en el Casco Antiguo, continuar\u00e1n por Estafeta, Tejer\u00eda, San Agust\u00edn, Calderer\u00eda, Curia, plaza de San Jos\u00e9, Red\u00edn, Caballo Blanco, Barquilleros, cuesta de Palacio, Aldapa, cuesta de Palacio, Mercado y Santo Domingo hasta la Plaza Consistorial. Las figuras de la comparsa se guardar\u00e1n en el zagu\u00e1n del Ayuntamiento de Pamplona hasta la ma\u00f1ana del domingo.<\/p>\n<p>La Plaza Consistorial acoger\u00e1 a partir de las 19 horas el ya tradicional concierto de fiestas de San Ferm\u00edn de Aldapa de la banda municipal de m\u00fasica La Pamplonesa. M\u00fasica al aire libre, con la interpretaci\u00f3n de una selecci\u00f3n de obras variadas, que alternar\u00e1n g\u00e9neros como el pasodoble o las marchas, con algunas de las obras m\u00e1s conocidas de sus compositores de cabecera, Manuel Turrillas y Silvano Cervantes, y con otras piezas como la ganadora de la I Concurso de Composici\u00f3n de Pasodobles Maestro Turrillas, organizado por el Ayuntamiento de Pamplona. El concierto estar\u00e1 dirigido por Jes\u00fas Gar\u00edsoain.<\/p>\n<p><script async src=\"\/\/pagead2.googlesyndication.com\/pagead\/js\/adsbygoogle.js\"><\/script><br \/>\n<!-- Noticias La Guia de Pamplona --><br \/>\n<ins class=\"adsbygoogle\"\nstyle=\"display:block\"\ndata-ad-client=\"ca-pub-6943679897239327\"\ndata-ad-slot=\"7048180777\"\ndata-ad-format=\"auto\"><\/ins><br \/>\n<script>\n(adsbygoogle = window.adsbygoogle || []).push({});\n<\/script><\/p>\n<p><strong>Comparsa de Gigantes y Cabezudos y dantzaris municipales, el domingo<\/strong><\/p>\n<p>Tras madrugar con las dianas, el domingo por la ma\u00f1ana volver\u00e1 a salir la comparsa de Gigantes y Cabezudos para participar en la procesi\u00f3n en honor a San Ferm\u00edn de Aldapa. A las 11 horas se abrir\u00e1n las puertas de la Casa Consistorial para la salida de la comparsa, que se dirigir\u00e1 a la bas\u00edlica de los Corazonistas por Zapater\u00eda, plaza del Consejo, Calle Nueva, Plaza Consistorial, Santo Domingo, Mercado, Cuesta de Palacio y Dos de Mayo. Tras participar en la procesi\u00f3n por las calles del antiguo burgo de la Navarrer\u00eda, retornar\u00e1n a la estaci\u00f3n de autobuses. Ese recorrido de vuelta lo llevar\u00e1n a cabo por las calles Carmen, Navarrer\u00eda, Curia, Compa\u00f1\u00eda, Merced, Tejer\u00eda, Estafeta, Duque de Ahumada, Carlos III, Plaza del Castillo, paseo de Sarasate, Alh\u00f3ndiga, Tudela, Garc\u00eda Xim\u00e9nez, Yanguas y Miranda y plaza de la Paz.<\/p>\n<p>A las 11.30 horas, el grupo de danzas municipal realizar\u00e1 en el puente de la Rochapea (Curtidores) el ondeo de la bandera para dirigirse despu\u00e9s en pasacalles por la cuesta de Santo Domingo a la bas\u00edlica de San Ferm\u00edn de Aldapa. All\u00ed bailar\u00e1n en honor al santo y acompa\u00f1ar\u00e1n a la procesi\u00f3n, junto a La Pamplonesa y a la comparsa de Gigantes y Cabezudos.<\/p>\n<p>En torno a las 13.15 horas, el grupo de danzas municipal acudir\u00e1 a la Plaza Consistorial para bailar la Danza de Espadas. Los dantzaris tejen una parrilla de espadas alrededor del cuello del capit\u00e1n (figura conocida como \u2018degollao\u2019). Tejida esa parrilla, el capit\u00e1n es elevado a metro y medio de altura mientras la bandera es ondeada, de nuevo, mirando al Ayuntamiento como se\u00f1al de saludo. Tras ellos, los zagueros vuelven a bailar su zortziko acompa\u00f1daos por el capit\u00e1n y agitan sus espadas en la altura.<\/p>\n","protected":false},"excerpt":{"rendered":"","protected":false},"author":1,"featured_media":14383,"comment_status":"open","ping_status":"closed","sticky":false,"template":"","format":"standard","meta":{"footnotes":""},"categories":[2],"tags":[],"class_list":["post-24650","post","type-post","status-publish","format-standard","has-post-thumbnail","hentry","category-ayuntamiento-pamplona"],"yoast_head":"<!-- This site is optimized with the Yoast SEO plugin v27.3 - https:\/\/yoast.com\/product\/yoast-seo-wordpress\/ -->\n<title>Concierto de La Pamplonesa, salida de la comparsa de Gigantes y Cabezudos y dianas por las calles, aportaciones del Ayuntamiento a las fiestas de San Ferm\u00edn de Aldapa<\/title>\n<meta name=\"robots\" content=\"index, follow, max-snippet:-1, max-image-preview:large, max-video-preview:-1\" \/>\n<link rel=\"canonical\" href=\"https:\/\/www.laguiadepamplona.com\/actualidad\/concierto-de-la-pamplonesa-salida-de-la-comparsa-de-gigantes-y-cabezudos-y-dianas-por-las-calles-aportaciones-del-ayuntamiento-a-las-fiestas-de-san-fermin-de-aldapa\/\" \/>\n<meta property=\"og:locale\" content=\"es_ES\" \/>\n<meta property=\"og:type\" content=\"article\" \/>\n<meta property=\"og:title\" content=\"Concierto de La Pamplonesa, salida de la comparsa de Gigantes y Cabezudos y dianas por las calles, aportaciones del Ayuntamiento a las fiestas de San Ferm\u00edn de Aldapa\" \/>\n<meta property=\"og:url\" content=\"https:\/\/www.laguiadepamplona.com\/actualidad\/concierto-de-la-pamplonesa-salida-de-la-comparsa-de-gigantes-y-cabezudos-y-dianas-por-las-calles-aportaciones-del-ayuntamiento-a-las-fiestas-de-san-fermin-de-aldapa\/\" \/>\n<meta property=\"og:site_name\" content=\"La Gu\u00eda de Pamplona\" \/>\n<meta property=\"article:publisher\" content=\"https:\/\/www.facebook.com\/laguiadepamplonacom-133175176762273\/?ref=hl\" \/>\n<meta property=\"article:published_time\" content=\"2019-09-25T11:02:05+00:00\" \/>\n<meta property=\"article:modified_time\" content=\"2019-09-25T11:02:20+00:00\" \/>\n<meta property=\"og:image\" content=\"https:\/\/www.laguiadepamplona.com\/actualidad\/wp-content\/uploads\/2017\/09\/gigantes-y-cabezudos.jpg\" \/>\n\t<meta property=\"og:image:width\" content=\"1000\" \/>\n\t<meta property=\"og:image:height\" content=\"667\" \/>\n\t<meta property=\"og:image:type\" content=\"image\/jpeg\" \/>\n<meta name=\"author\" content=\"La Gu\u00eda de Pamplona\" \/>\n<meta name=\"twitter:card\" content=\"summary_large_image\" \/>\n<meta name=\"twitter:creator\" content=\"@LaGuiadPamplona\" \/>\n<meta name=\"twitter:site\" content=\"@LaGuiadPamplona\" \/>\n<meta name=\"twitter:label1\" content=\"Escrito por\" \/>\n\t<meta name=\"twitter:data1\" content=\"La Gu\u00eda de Pamplona\" \/>\n\t<meta name=\"twitter:label2\" content=\"Tiempo de lectura\" \/>\n\t<meta name=\"twitter:data2\" content=\"4 minutos\" \/>\n<script type=\"application\/ld+json\" class=\"yoast-schema-graph\">{\"@context\":\"https:\\\/\\\/schema.org\",\"@graph\":[{\"@type\":\"Article\",\"@id\":\"https:\\\/\\\/www.laguiadepamplona.com\\\/actualidad\\\/concierto-de-la-pamplonesa-salida-de-la-comparsa-de-gigantes-y-cabezudos-y-dianas-por-las-calles-aportaciones-del-ayuntamiento-a-las-fiestas-de-san-fermin-de-aldapa\\\/#article\",\"isPartOf\":{\"@id\":\"https:\\\/\\\/www.laguiadepamplona.com\\\/actualidad\\\/concierto-de-la-pamplonesa-salida-de-la-comparsa-de-gigantes-y-cabezudos-y-dianas-por-las-calles-aportaciones-del-ayuntamiento-a-las-fiestas-de-san-fermin-de-aldapa\\\/\"},\"author\":{\"name\":\"La Gu\u00eda de Pamplona\",\"@id\":\"https:\\\/\\\/www.laguiadepamplona.com\\\/actualidad\\\/#\\\/schema\\\/person\\\/efe887376f0213d4657c93adc50b1fdb\"},\"headline\":\"Concierto de La Pamplonesa, salida de la comparsa de Gigantes y Cabezudos y dianas por las calles, aportaciones del Ayuntamiento a las fiestas de San Ferm\u00edn de Aldapa\",\"datePublished\":\"2019-09-25T11:02:05+00:00\",\"dateModified\":\"2019-09-25T11:02:20+00:00\",\"mainEntityOfPage\":{\"@id\":\"https:\\\/\\\/www.laguiadepamplona.com\\\/actualidad\\\/concierto-de-la-pamplonesa-salida-de-la-comparsa-de-gigantes-y-cabezudos-y-dianas-por-las-calles-aportaciones-del-ayuntamiento-a-las-fiestas-de-san-fermin-de-aldapa\\\/\"},\"wordCount\":807,\"commentCount\":0,\"publisher\":{\"@id\":\"https:\\\/\\\/www.laguiadepamplona.com\\\/actualidad\\\/#organization\"},\"image\":{\"@id\":\"https:\\\/\\\/www.laguiadepamplona.com\\\/actualidad\\\/concierto-de-la-pamplonesa-salida-de-la-comparsa-de-gigantes-y-cabezudos-y-dianas-por-las-calles-aportaciones-del-ayuntamiento-a-las-fiestas-de-san-fermin-de-aldapa\\\/#primaryimage\"},\"thumbnailUrl\":\"https:\\\/\\\/www.laguiadepamplona.com\\\/actualidad\\\/wp-content\\\/uploads\\\/2017\\\/09\\\/gigantes-y-cabezudos.jpg\",\"articleSection\":[\"Ayto Pamplona\"],\"inLanguage\":\"es\",\"potentialAction\":[{\"@type\":\"CommentAction\",\"name\":\"Comment\",\"target\":[\"https:\\\/\\\/www.laguiadepamplona.com\\\/actualidad\\\/concierto-de-la-pamplonesa-salida-de-la-comparsa-de-gigantes-y-cabezudos-y-dianas-por-las-calles-aportaciones-del-ayuntamiento-a-las-fiestas-de-san-fermin-de-aldapa\\\/#respond\"]}]},{\"@type\":\"WebPage\",\"@id\":\"https:\\\/\\\/www.laguiadepamplona.com\\\/actualidad\\\/concierto-de-la-pamplonesa-salida-de-la-comparsa-de-gigantes-y-cabezudos-y-dianas-por-las-calles-aportaciones-del-ayuntamiento-a-las-fiestas-de-san-fermin-de-aldapa\\\/\",\"url\":\"https:\\\/\\\/www.laguiadepamplona.com\\\/actualidad\\\/concierto-de-la-pamplonesa-salida-de-la-comparsa-de-gigantes-y-cabezudos-y-dianas-por-las-calles-aportaciones-del-ayuntamiento-a-las-fiestas-de-san-fermin-de-aldapa\\\/\",\"name\":\"Concierto de La Pamplonesa, salida de la comparsa de Gigantes y Cabezudos y dianas por las calles, aportaciones del Ayuntamiento a las fiestas de San Ferm\u00edn de Aldapa\",\"isPartOf\":{\"@id\":\"https:\\\/\\\/www.laguiadepamplona.com\\\/actualidad\\\/#website\"},\"primaryImageOfPage\":{\"@id\":\"https:\\\/\\\/www.laguiadepamplona.com\\\/actualidad\\\/concierto-de-la-pamplonesa-salida-de-la-comparsa-de-gigantes-y-cabezudos-y-dianas-por-las-calles-aportaciones-del-ayuntamiento-a-las-fiestas-de-san-fermin-de-aldapa\\\/#primaryimage\"},\"image\":{\"@id\":\"https:\\\/\\\/www.laguiadepamplona.com\\\/actualidad\\\/concierto-de-la-pamplonesa-salida-de-la-comparsa-de-gigantes-y-cabezudos-y-dianas-por-las-calles-aportaciones-del-ayuntamiento-a-las-fiestas-de-san-fermin-de-aldapa\\\/#primaryimage\"},\"thumbnailUrl\":\"https:\\\/\\\/www.laguiadepamplona.com\\\/actualidad\\\/wp-content\\\/uploads\\\/2017\\\/09\\\/gigantes-y-cabezudos.jpg\",\"datePublished\":\"2019-09-25T11:02:05+00:00\",\"dateModified\":\"2019-09-25T11:02:20+00:00\",\"breadcrumb\":{\"@id\":\"https:\\\/\\\/www.laguiadepamplona.com\\\/actualidad\\\/concierto-de-la-pamplonesa-salida-de-la-comparsa-de-gigantes-y-cabezudos-y-dianas-por-las-calles-aportaciones-del-ayuntamiento-a-las-fiestas-de-san-fermin-de-aldapa\\\/#breadcrumb\"},\"inLanguage\":\"es\",\"potentialAction\":[{\"@type\":\"ReadAction\",\"target\":[\"https:\\\/\\\/www.laguiadepamplona.com\\\/actualidad\\\/concierto-de-la-pamplonesa-salida-de-la-comparsa-de-gigantes-y-cabezudos-y-dianas-por-las-calles-aportaciones-del-ayuntamiento-a-las-fiestas-de-san-fermin-de-aldapa\\\/\"]}]},{\"@type\":\"ImageObject\",\"inLanguage\":\"es\",\"@id\":\"https:\\\/\\\/www.laguiadepamplona.com\\\/actualidad\\\/concierto-de-la-pamplonesa-salida-de-la-comparsa-de-gigantes-y-cabezudos-y-dianas-por-las-calles-aportaciones-del-ayuntamiento-a-las-fiestas-de-san-fermin-de-aldapa\\\/#primaryimage\",\"url\":\"https:\\\/\\\/www.laguiadepamplona.com\\\/actualidad\\\/wp-content\\\/uploads\\\/2017\\\/09\\\/gigantes-y-cabezudos.jpg\",\"contentUrl\":\"https:\\\/\\\/www.laguiadepamplona.com\\\/actualidad\\\/wp-content\\\/uploads\\\/2017\\\/09\\\/gigantes-y-cabezudos.jpg\",\"width\":1000,\"height\":667},{\"@type\":\"BreadcrumbList\",\"@id\":\"https:\\\/\\\/www.laguiadepamplona.com\\\/actualidad\\\/concierto-de-la-pamplonesa-salida-de-la-comparsa-de-gigantes-y-cabezudos-y-dianas-por-las-calles-aportaciones-del-ayuntamiento-a-las-fiestas-de-san-fermin-de-aldapa\\\/#breadcrumb\",\"itemListElement\":[{\"@type\":\"ListItem\",\"position\":1,\"name\":\"Portada\",\"item\":\"https:\\\/\\\/www.laguiadepamplona.com\\\/actualidad\\\/\"},{\"@type\":\"ListItem\",\"position\":2,\"name\":\"Concierto de La Pamplonesa, salida de la comparsa de Gigantes y Cabezudos y dianas por las calles, aportaciones del Ayuntamiento a las fiestas de San Ferm\u00edn de Aldapa\"}]},{\"@type\":\"WebSite\",\"@id\":\"https:\\\/\\\/www.laguiadepamplona.com\\\/actualidad\\\/#website\",\"url\":\"https:\\\/\\\/www.laguiadepamplona.com\\\/actualidad\\\/\",\"name\":\"La gu\u00eda de Pamplona\",\"description\":\"Noticias de Pamplona\",\"publisher\":{\"@id\":\"https:\\\/\\\/www.laguiadepamplona.com\\\/actualidad\\\/#organization\"},\"potentialAction\":[{\"@type\":\"SearchAction\",\"target\":{\"@type\":\"EntryPoint\",\"urlTemplate\":\"https:\\\/\\\/www.laguiadepamplona.com\\\/actualidad\\\/?s={search_term_string}\"},\"query-input\":{\"@type\":\"PropertyValueSpecification\",\"valueRequired\":true,\"valueName\":\"search_term_string\"}}],\"inLanguage\":\"es\"},{\"@type\":\"Organization\",\"@id\":\"https:\\\/\\\/www.laguiadepamplona.com\\\/actualidad\\\/#organization\",\"name\":\"La Gu\u00eda de Pamplona \\\/ Noticias\",\"url\":\"https:\\\/\\\/www.laguiadepamplona.com\\\/actualidad\\\/\",\"logo\":{\"@type\":\"ImageObject\",\"inLanguage\":\"es\",\"@id\":\"https:\\\/\\\/www.laguiadepamplona.com\\\/actualidad\\\/#\\\/schema\\\/logo\\\/image\\\/\",\"url\":\"https:\\\/\\\/www.laguiadepamplona.com\\\/actualidad\\\/wp-content\\\/uploads\\\/2018\\\/11\\\/logo-laguiadepamplona18-web1.png\",\"contentUrl\":\"https:\\\/\\\/www.laguiadepamplona.com\\\/actualidad\\\/wp-content\\\/uploads\\\/2018\\\/11\\\/logo-laguiadepamplona18-web1.png\",\"width\":600,\"height\":196,\"caption\":\"La Gu\u00eda de Pamplona \\\/ Noticias\"},\"image\":{\"@id\":\"https:\\\/\\\/www.laguiadepamplona.com\\\/actualidad\\\/#\\\/schema\\\/logo\\\/image\\\/\"},\"sameAs\":[\"https:\\\/\\\/www.facebook.com\\\/laguiadepamplonacom-133175176762273\\\/?ref=hl\",\"https:\\\/\\\/x.com\\\/LaGuiadPamplona\",\"https:\\\/\\\/www.instagram.com\\\/la_guia_de_pamplona\\\/\",\"https:\\\/\\\/www.youtube.com\\\/user\\\/laguiadepamplona\"]},{\"@type\":\"Person\",\"@id\":\"https:\\\/\\\/www.laguiadepamplona.com\\\/actualidad\\\/#\\\/schema\\\/person\\\/efe887376f0213d4657c93adc50b1fdb\",\"name\":\"La Gu\u00eda de Pamplona\",\"image\":{\"@type\":\"ImageObject\",\"inLanguage\":\"es\",\"@id\":\"https:\\\/\\\/secure.gravatar.com\\\/avatar\\\/b6992f131dc8d30ab0dff15446e9d346d9dbd95992de0fef795073f5ea83a81c?s=96&d=mm&r=g\",\"url\":\"https:\\\/\\\/secure.gravatar.com\\\/avatar\\\/b6992f131dc8d30ab0dff15446e9d346d9dbd95992de0fef795073f5ea83a81c?s=96&d=mm&r=g\",\"contentUrl\":\"https:\\\/\\\/secure.gravatar.com\\\/avatar\\\/b6992f131dc8d30ab0dff15446e9d346d9dbd95992de0fef795073f5ea83a81c?s=96&d=mm&r=g\",\"caption\":\"La Gu\u00eda de Pamplona\"}}]}<\/script>\n<!-- \/ Yoast SEO plugin. -->","yoast_head_json":{"title":"Concierto de La Pamplonesa, salida de la comparsa de Gigantes y Cabezudos y dianas por las calles, aportaciones del Ayuntamiento a las fiestas de San Ferm\u00edn de Aldapa","robots":{"index":"index","follow":"follow","max-snippet":"max-snippet:-1","max-image-preview":"max-image-preview:large","max-video-preview":"max-video-preview:-1"},"canonical":"https:\/\/www.laguiadepamplona.com\/actualidad\/concierto-de-la-pamplonesa-salida-de-la-comparsa-de-gigantes-y-cabezudos-y-dianas-por-las-calles-aportaciones-del-ayuntamiento-a-las-fiestas-de-san-fermin-de-aldapa\/","og_locale":"es_ES","og_type":"article","og_title":"Concierto de La Pamplonesa, salida de la comparsa de Gigantes y Cabezudos y dianas por las calles, aportaciones del Ayuntamiento a las fiestas de San Ferm\u00edn de Aldapa","og_url":"https:\/\/www.laguiadepamplona.com\/actualidad\/concierto-de-la-pamplonesa-salida-de-la-comparsa-de-gigantes-y-cabezudos-y-dianas-por-las-calles-aportaciones-del-ayuntamiento-a-las-fiestas-de-san-fermin-de-aldapa\/","og_site_name":"La Gu\u00eda de Pamplona","article_publisher":"https:\/\/www.facebook.com\/laguiadepamplonacom-133175176762273\/?ref=hl","article_published_time":"2019-09-25T11:02:05+00:00","article_modified_time":"2019-09-25T11:02:20+00:00","og_image":[{"width":1000,"height":667,"url":"https:\/\/www.laguiadepamplona.com\/actualidad\/wp-content\/uploads\/2017\/09\/gigantes-y-cabezudos.jpg","type":"image\/jpeg"}],"author":"La Gu\u00eda de Pamplona","twitter_card":"summary_large_image","twitter_creator":"@LaGuiadPamplona","twitter_site":"@LaGuiadPamplona","twitter_misc":{"Escrito por":"La Gu\u00eda de Pamplona","Tiempo de lectura":"4 minutos"},"schema":{"@context":"https:\/\/schema.org","@graph":[{"@type":"Article","@id":"https:\/\/www.laguiadepamplona.com\/actualidad\/concierto-de-la-pamplonesa-salida-de-la-comparsa-de-gigantes-y-cabezudos-y-dianas-por-las-calles-aportaciones-del-ayuntamiento-a-las-fiestas-de-san-fermin-de-aldapa\/#article","isPartOf":{"@id":"https:\/\/www.laguiadepamplona.com\/actualidad\/concierto-de-la-pamplonesa-salida-de-la-comparsa-de-gigantes-y-cabezudos-y-dianas-por-las-calles-aportaciones-del-ayuntamiento-a-las-fiestas-de-san-fermin-de-aldapa\/"},"author":{"name":"La Gu\u00eda de Pamplona","@id":"https:\/\/www.laguiadepamplona.com\/actualidad\/#\/schema\/person\/efe887376f0213d4657c93adc50b1fdb"},"headline":"Concierto de La Pamplonesa, salida de la comparsa de Gigantes y Cabezudos y dianas por las calles, aportaciones del Ayuntamiento a las fiestas de San Ferm\u00edn de Aldapa","datePublished":"2019-09-25T11:02:05+00:00","dateModified":"2019-09-25T11:02:20+00:00","mainEntityOfPage":{"@id":"https:\/\/www.laguiadepamplona.com\/actualidad\/concierto-de-la-pamplonesa-salida-de-la-comparsa-de-gigantes-y-cabezudos-y-dianas-por-las-calles-aportaciones-del-ayuntamiento-a-las-fiestas-de-san-fermin-de-aldapa\/"},"wordCount":807,"commentCount":0,"publisher":{"@id":"https:\/\/www.laguiadepamplona.com\/actualidad\/#organization"},"image":{"@id":"https:\/\/www.laguiadepamplona.com\/actualidad\/concierto-de-la-pamplonesa-salida-de-la-comparsa-de-gigantes-y-cabezudos-y-dianas-por-las-calles-aportaciones-del-ayuntamiento-a-las-fiestas-de-san-fermin-de-aldapa\/#primaryimage"},"thumbnailUrl":"https:\/\/www.laguiadepamplona.com\/actualidad\/wp-content\/uploads\/2017\/09\/gigantes-y-cabezudos.jpg","articleSection":["Ayto Pamplona"],"inLanguage":"es","potentialAction":[{"@type":"CommentAction","name":"Comment","target":["https:\/\/www.laguiadepamplona.com\/actualidad\/concierto-de-la-pamplonesa-salida-de-la-comparsa-de-gigantes-y-cabezudos-y-dianas-por-las-calles-aportaciones-del-ayuntamiento-a-las-fiestas-de-san-fermin-de-aldapa\/#respond"]}]},{"@type":"WebPage","@id":"https:\/\/www.laguiadepamplona.com\/actualidad\/concierto-de-la-pamplonesa-salida-de-la-comparsa-de-gigantes-y-cabezudos-y-dianas-por-las-calles-aportaciones-del-ayuntamiento-a-las-fiestas-de-san-fermin-de-aldapa\/","url":"https:\/\/www.laguiadepamplona.com\/actualidad\/concierto-de-la-pamplonesa-salida-de-la-comparsa-de-gigantes-y-cabezudos-y-dianas-por-las-calles-aportaciones-del-ayuntamiento-a-las-fiestas-de-san-fermin-de-aldapa\/","name":"Concierto de La Pamplonesa, salida de la comparsa de Gigantes y Cabezudos y dianas por las calles, aportaciones del Ayuntamiento a las fiestas de San Ferm\u00edn de Aldapa","isPartOf":{"@id":"https:\/\/www.laguiadepamplona.com\/actualidad\/#website"},"primaryImageOfPage":{"@id":"https:\/\/www.laguiadepamplona.com\/actualidad\/concierto-de-la-pamplonesa-salida-de-la-comparsa-de-gigantes-y-cabezudos-y-dianas-por-las-calles-aportaciones-del-ayuntamiento-a-las-fiestas-de-san-fermin-de-aldapa\/#primaryimage"},"image":{"@id":"https:\/\/www.laguiadepamplona.com\/actualidad\/concierto-de-la-pamplonesa-salida-de-la-comparsa-de-gigantes-y-cabezudos-y-dianas-por-las-calles-aportaciones-del-ayuntamiento-a-las-fiestas-de-san-fermin-de-aldapa\/#primaryimage"},"thumbnailUrl":"https:\/\/www.laguiadepamplona.com\/actualidad\/wp-content\/uploads\/2017\/09\/gigantes-y-cabezudos.jpg","datePublished":"2019-09-25T11:02:05+00:00","dateModified":"2019-09-25T11:02:20+00:00","breadcrumb":{"@id":"https:\/\/www.laguiadepamplona.com\/actualidad\/concierto-de-la-pamplonesa-salida-de-la-comparsa-de-gigantes-y-cabezudos-y-dianas-por-las-calles-aportaciones-del-ayuntamiento-a-las-fiestas-de-san-fermin-de-aldapa\/#breadcrumb"},"inLanguage":"es","potentialAction":[{"@type":"ReadAction","target":["https:\/\/www.laguiadepamplona.com\/actualidad\/concierto-de-la-pamplonesa-salida-de-la-comparsa-de-gigantes-y-cabezudos-y-dianas-por-las-calles-aportaciones-del-ayuntamiento-a-las-fiestas-de-san-fermin-de-aldapa\/"]}]},{"@type":"ImageObject","inLanguage":"es","@id":"https:\/\/www.laguiadepamplona.com\/actualidad\/concierto-de-la-pamplonesa-salida-de-la-comparsa-de-gigantes-y-cabezudos-y-dianas-por-las-calles-aportaciones-del-ayuntamiento-a-las-fiestas-de-san-fermin-de-aldapa\/#primaryimage","url":"https:\/\/www.laguiadepamplona.com\/actualidad\/wp-content\/uploads\/2017\/09\/gigantes-y-cabezudos.jpg","contentUrl":"https:\/\/www.laguiadepamplona.com\/actualidad\/wp-content\/uploads\/2017\/09\/gigantes-y-cabezudos.jpg","width":1000,"height":667},{"@type":"BreadcrumbList","@id":"https:\/\/www.laguiadepamplona.com\/actualidad\/concierto-de-la-pamplonesa-salida-de-la-comparsa-de-gigantes-y-cabezudos-y-dianas-por-las-calles-aportaciones-del-ayuntamiento-a-las-fiestas-de-san-fermin-de-aldapa\/#breadcrumb","itemListElement":[{"@type":"ListItem","position":1,"name":"Portada","item":"https:\/\/www.laguiadepamplona.com\/actualidad\/"},{"@type":"ListItem","position":2,"name":"Concierto de La Pamplonesa, salida de la comparsa de Gigantes y Cabezudos y dianas por las calles, aportaciones del Ayuntamiento a las fiestas de San Ferm\u00edn de Aldapa"}]},{"@type":"WebSite","@id":"https:\/\/www.laguiadepamplona.com\/actualidad\/#website","url":"https:\/\/www.laguiadepamplona.com\/actualidad\/","name":"La gu\u00eda de Pamplona","description":"Noticias de Pamplona","publisher":{"@id":"https:\/\/www.laguiadepamplona.com\/actualidad\/#organization"},"potentialAction":[{"@type":"SearchAction","target":{"@type":"EntryPoint","urlTemplate":"https:\/\/www.laguiadepamplona.com\/actualidad\/?s={search_term_string}"},"query-input":{"@type":"PropertyValueSpecification","valueRequired":true,"valueName":"search_term_string"}}],"inLanguage":"es"},{"@type":"Organization","@id":"https:\/\/www.laguiadepamplona.com\/actualidad\/#organization","name":"La Gu\u00eda de Pamplona \/ Noticias","url":"https:\/\/www.laguiadepamplona.com\/actualidad\/","logo":{"@type":"ImageObject","inLanguage":"es","@id":"https:\/\/www.laguiadepamplona.com\/actualidad\/#\/schema\/logo\/image\/","url":"https:\/\/www.laguiadepamplona.com\/actualidad\/wp-content\/uploads\/2018\/11\/logo-laguiadepamplona18-web1.png","contentUrl":"https:\/\/www.laguiadepamplona.com\/actualidad\/wp-content\/uploads\/2018\/11\/logo-laguiadepamplona18-web1.png","width":600,"height":196,"caption":"La Gu\u00eda de Pamplona \/ Noticias"},"image":{"@id":"https:\/\/www.laguiadepamplona.com\/actualidad\/#\/schema\/logo\/image\/"},"sameAs":["https:\/\/www.facebook.com\/laguiadepamplonacom-133175176762273\/?ref=hl","https:\/\/x.com\/LaGuiadPamplona","https:\/\/www.instagram.com\/la_guia_de_pamplona\/","https:\/\/www.youtube.com\/user\/laguiadepamplona"]},{"@type":"Person","@id":"https:\/\/www.laguiadepamplona.com\/actualidad\/#\/schema\/person\/efe887376f0213d4657c93adc50b1fdb","name":"La Gu\u00eda de Pamplona","image":{"@type":"ImageObject","inLanguage":"es","@id":"https:\/\/secure.gravatar.com\/avatar\/b6992f131dc8d30ab0dff15446e9d346d9dbd95992de0fef795073f5ea83a81c?s=96&d=mm&r=g","url":"https:\/\/secure.gravatar.com\/avatar\/b6992f131dc8d30ab0dff15446e9d346d9dbd95992de0fef795073f5ea83a81c?s=96&d=mm&r=g","contentUrl":"https:\/\/secure.gravatar.com\/avatar\/b6992f131dc8d30ab0dff15446e9d346d9dbd95992de0fef795073f5ea83a81c?s=96&d=mm&r=g","caption":"La Gu\u00eda de Pamplona"}}]}},"post_mailing_queue_ids":[],"_links":{"self":[{"href":"https:\/\/www.laguiadepamplona.com\/actualidad\/wp-json\/wp\/v2\/posts\/24650","targetHints":{"allow":["GET"]}}],"collection":[{"href":"https:\/\/www.laguiadepamplona.com\/actualidad\/wp-json\/wp\/v2\/posts"}],"about":[{"href":"https:\/\/www.laguiadepamplona.com\/actualidad\/wp-json\/wp\/v2\/types\/post"}],"author":[{"embeddable":true,"href":"https:\/\/www.laguiadepamplona.com\/actualidad\/wp-json\/wp\/v2\/users\/1"}],"replies":[{"embeddable":true,"href":"https:\/\/www.laguiadepamplona.com\/actualidad\/wp-json\/wp\/v2\/comments?post=24650"}],"version-history":[{"count":0,"href":"https:\/\/www.laguiadepamplona.com\/actualidad\/wp-json\/wp\/v2\/posts\/24650\/revisions"}],"wp:featuredmedia":[{"embeddable":true,"href":"https:\/\/www.laguiadepamplona.com\/actualidad\/wp-json\/wp\/v2\/media\/14383"}],"wp:attachment":[{"href":"https:\/\/www.laguiadepamplona.com\/actualidad\/wp-json\/wp\/v2\/media?parent=24650"}],"wp:term":[{"taxonomy":"category","embeddable":true,"href":"https:\/\/www.laguiadepamplona.com\/actualidad\/wp-json\/wp\/v2\/categories?post=24650"},{"taxonomy":"post_tag","embeddable":true,"href":"https:\/\/www.laguiadepamplona.com\/actualidad\/wp-json\/wp\/v2\/tags?post=24650"}],"curies":[{"name":"wp","href":"https:\/\/api.w.org\/{rel}","templated":true}]}}