{"id":24639,"date":"2019-09-24T15:38:05","date_gmt":"2019-09-24T13:38:05","guid":{"rendered":"https:\/\/www.laguiadepamplona.es\/actualidad\/?p=24639"},"modified":"2019-09-24T15:38:18","modified_gmt":"2019-09-24T13:38:18","slug":"gerencia-de-urbanismo-estudiara-el-visto-bueno-a-la-primera-fase-de-las-obras-de-urbanizacion-realizadas-junto-a-la-avenida-de-pamplona","status":"publish","type":"post","link":"https:\/\/www.laguiadepamplona.com\/actualidad\/gerencia-de-urbanismo-estudiara-el-visto-bueno-a-la-primera-fase-de-las-obras-de-urbanizacion-realizadas-junto-a-la-avenida-de-pamplona\/","title":{"rendered":"Gerencia de Urbanismo estudiar\u00e1 el visto bueno a la primera fase de las obras de urbanizaci\u00f3n realizadas junto a la avenida de Pamplona"},"content":{"rendered":"<p><!--more--><\/p>\n<h3>La segunda fase de las obras, que ya ha comenzado, prolongar\u00e1 el paseo actual paralelo a la avenida de Pamplona<\/h3>\n<p>El Consejo de Gerencia de Urbanismo estudiar\u00e1 ma\u00f1ana mi\u00e9rcoles el visto bueno a la primera fase de las obras de urbanizaci\u00f3n del \u00e1mbito de la avenida de Pamplona del Sector-1 perteneciente al \u00e1rea de reparto ARS-5 de la U.I. XX (Etxabakoitz). Los trabajos, impulsados por la Junta de Compensaci\u00f3n del \u00c1rea de Reparto ARS-5 de la U.I. XX, han sido realizados por Construcciones y Excavaciones Erriberri S.L. Una vez concedido este visto bueno, podr\u00e1n comenzar a concederse las licencias de obra para la construcci\u00f3n de las viviendas libres y de protecci\u00f3n ah\u00ed previstas, que ir\u00e1n acompa\u00f1adas de un equipamiento, una zona verde y un mirador. Adem\u00e1s, con los trabajos de esta primera fase se ha ampliado el vial y se han creado zonas de aparcamiento en bater\u00eda.<\/p>\n<p>En estos momentos ya han comenzado los trabajos de la segunda fase de las obras, que permitir\u00e1n prolongar el paseo existente paralelo a la avenida de Pamplona en el que tiene su parada el ascensor del Grupo Urd\u00e1noz. Este paseo cuenta con un muro de hormig\u00f3n en la ladera que cae hacia el Grupo Urd\u00e1noz y el r\u00edo Elorz. El \u00e1mbito de esta segunda fase abarca el espacio comprendido entre el muro que contiene el paseo y las parcelas edificables. Una vez finalizada quedar\u00e1 pendiente de urbanizar la tercera fase, correspondiente a las \u201ctapas de garaje\u201d que se desarrollar\u00e1n a la vez que la construcci\u00f3n de los edificios. Una vez terminados los edificios y esta \u00faltima fase, se podr\u00e1n conceder las licencias de primera utilizaci\u00f3n.<\/p>\n<p><script async src=\"\/\/pagead2.googlesyndication.com\/pagead\/js\/adsbygoogle.js\"><\/script><br \/>\n<!-- Noticias La Guia de Pamplona --><br \/>\n<ins class=\"adsbygoogle\"\nstyle=\"display:block\"\ndata-ad-client=\"ca-pub-6943679897239327\"\ndata-ad-slot=\"7048180777\"\ndata-ad-format=\"auto\"><\/ins><br \/>\n<script>\n(adsbygoogle = window.adsbygoogle || []).push({});\n<\/script><\/p>\n<p><strong>Parcelas municipales para viviendas, un parque y un equipamiento<\/strong><\/p>\n<p>La S-1 pertenece al \u00e1rea de reparto ARS-5 de la U.I. XX (Etxabakoitz), que tiene, seg\u00fan la reparcelaci\u00f3n, 54.336,23 m<sup>2 <\/sup>y que tambi\u00e9n comprende la SGA., el espacio m\u00e1s cercano al Grupo Urd\u00e1noz de 24.197,76 m<sup>2<\/sup>. El Ayuntamiento aport\u00f3 a la reparcelaci\u00f3n varias parcelas de camino, terrenos r\u00fasticos y urbanos y viales y pas\u00f3 a ser propietario, en la zona colindante con la avenida de Pamplona, del total de la parcela C.1 de 928 m<sup>2<\/sup> para vivienda de protecci\u00f3n oficial, y de la parcela B.5 de 736 m<sup>2<\/sup> para vivienda libre. Adem\u00e1s, qued\u00f3 de propiedad municipal como zonas dotacionales o libres de uso de dominio p\u00fablico todo el espacio cercano al Grupo Urd\u00e1noz en el que est\u00e1 previsto un parque y un equipamiento.<\/p>\n<p>La zona comprendida en la S.1 alcanza los 28.729,09 m<sup>2<\/sup> de superficie. El proyecto de urbanizaci\u00f3n llevado a cabo ha ampliado el vial con espacio para aparcamiento de veh\u00edculos en bater\u00eda y se han creado once parcelas, distribuidas en dos grupos. En la parte m\u00e1s cercana a la calle Remiro de Go\u00f1i se sit\u00faa la parcela de propiedad municipal que tendr\u00e1 bajo m\u00e1s seis alturas y \u00e1tico y que estar\u00e1 destinada a vivienda de protecci\u00f3n oficial. A continuaci\u00f3n, se sit\u00faan otras cinco parcelas de viviendas libres y tras un espacio libre de paso las otras cinco parcelas. Los edificios colindantes con la avenida de Pamplona tendr\u00e1n seis alturas m\u00e1s \u00e1tico mientras que los que se construyan hacia el interior ser\u00e1n de cuatro alturas y \u00e1tico. Asimismo, hay dise\u00f1ada una parcela cercana a Remiro de Go\u00f1i de uso dotacional, una plaza, espacios verdes y un mirador.<\/p>\n","protected":false},"excerpt":{"rendered":"","protected":false},"author":1,"featured_media":21939,"comment_status":"open","ping_status":"closed","sticky":false,"template":"","format":"standard","meta":{"footnotes":""},"categories":[2],"tags":[],"class_list":["post-24639","post","type-post","status-publish","format-standard","has-post-thumbnail","hentry","category-ayuntamiento-pamplona"],"yoast_head":"<!-- This site is optimized with the Yoast SEO plugin v27.3 - https:\/\/yoast.com\/product\/yoast-seo-wordpress\/ -->\n<title>Gerencia de Urbanismo estudiar\u00e1 el visto bueno a la primera fase de las obras de urbanizaci\u00f3n realizadas junto a la avenida de Pamplona<\/title>\n<meta name=\"robots\" content=\"index, follow, max-snippet:-1, max-image-preview:large, max-video-preview:-1\" \/>\n<link rel=\"canonical\" href=\"https:\/\/www.laguiadepamplona.com\/actualidad\/gerencia-de-urbanismo-estudiara-el-visto-bueno-a-la-primera-fase-de-las-obras-de-urbanizacion-realizadas-junto-a-la-avenida-de-pamplona\/\" \/>\n<meta property=\"og:locale\" content=\"es_ES\" \/>\n<meta property=\"og:type\" content=\"article\" \/>\n<meta property=\"og:title\" content=\"Gerencia de Urbanismo estudiar\u00e1 el visto bueno a la primera fase de las obras de urbanizaci\u00f3n realizadas junto a la avenida de Pamplona\" \/>\n<meta property=\"og:url\" content=\"https:\/\/www.laguiadepamplona.com\/actualidad\/gerencia-de-urbanismo-estudiara-el-visto-bueno-a-la-primera-fase-de-las-obras-de-urbanizacion-realizadas-junto-a-la-avenida-de-pamplona\/\" \/>\n<meta property=\"og:site_name\" content=\"La Gu\u00eda de Pamplona\" \/>\n<meta property=\"article:publisher\" content=\"https:\/\/www.facebook.com\/laguiadepamplonacom-133175176762273\/?ref=hl\" \/>\n<meta property=\"article:published_time\" content=\"2019-09-24T13:38:05+00:00\" \/>\n<meta property=\"article:modified_time\" content=\"2019-09-24T13:38:18+00:00\" \/>\n<meta property=\"og:image\" content=\"https:\/\/www.laguiadepamplona.com\/actualidad\/wp-content\/uploads\/2019\/05\/ayuntamiento-pamplona-laguiadepamplona.jpg\" \/>\n\t<meta property=\"og:image:width\" content=\"1920\" \/>\n\t<meta property=\"og:image:height\" content=\"1100\" \/>\n\t<meta property=\"og:image:type\" content=\"image\/jpeg\" \/>\n<meta name=\"author\" content=\"La Gu\u00eda de Pamplona\" \/>\n<meta name=\"twitter:card\" content=\"summary_large_image\" \/>\n<meta name=\"twitter:creator\" content=\"@LaGuiadPamplona\" \/>\n<meta name=\"twitter:site\" content=\"@LaGuiadPamplona\" \/>\n<meta name=\"twitter:label1\" content=\"Escrito por\" \/>\n\t<meta name=\"twitter:data1\" content=\"La Gu\u00eda de Pamplona\" \/>\n\t<meta name=\"twitter:label2\" content=\"Tiempo de lectura\" \/>\n\t<meta name=\"twitter:data2\" content=\"3 minutos\" \/>\n<script type=\"application\/ld+json\" class=\"yoast-schema-graph\">{\"@context\":\"https:\\\/\\\/schema.org\",\"@graph\":[{\"@type\":\"Article\",\"@id\":\"https:\\\/\\\/www.laguiadepamplona.com\\\/actualidad\\\/gerencia-de-urbanismo-estudiara-el-visto-bueno-a-la-primera-fase-de-las-obras-de-urbanizacion-realizadas-junto-a-la-avenida-de-pamplona\\\/#article\",\"isPartOf\":{\"@id\":\"https:\\\/\\\/www.laguiadepamplona.com\\\/actualidad\\\/gerencia-de-urbanismo-estudiara-el-visto-bueno-a-la-primera-fase-de-las-obras-de-urbanizacion-realizadas-junto-a-la-avenida-de-pamplona\\\/\"},\"author\":{\"name\":\"La Gu\u00eda de Pamplona\",\"@id\":\"https:\\\/\\\/www.laguiadepamplona.com\\\/actualidad\\\/#\\\/schema\\\/person\\\/efe887376f0213d4657c93adc50b1fdb\"},\"headline\":\"Gerencia de Urbanismo estudiar\u00e1 el visto bueno a la primera fase de las obras de urbanizaci\u00f3n realizadas junto a la avenida de Pamplona\",\"datePublished\":\"2019-09-24T13:38:05+00:00\",\"dateModified\":\"2019-09-24T13:38:18+00:00\",\"mainEntityOfPage\":{\"@id\":\"https:\\\/\\\/www.laguiadepamplona.com\\\/actualidad\\\/gerencia-de-urbanismo-estudiara-el-visto-bueno-a-la-primera-fase-de-las-obras-de-urbanizacion-realizadas-junto-a-la-avenida-de-pamplona\\\/\"},\"wordCount\":618,\"commentCount\":0,\"publisher\":{\"@id\":\"https:\\\/\\\/www.laguiadepamplona.com\\\/actualidad\\\/#organization\"},\"image\":{\"@id\":\"https:\\\/\\\/www.laguiadepamplona.com\\\/actualidad\\\/gerencia-de-urbanismo-estudiara-el-visto-bueno-a-la-primera-fase-de-las-obras-de-urbanizacion-realizadas-junto-a-la-avenida-de-pamplona\\\/#primaryimage\"},\"thumbnailUrl\":\"https:\\\/\\\/www.laguiadepamplona.com\\\/actualidad\\\/wp-content\\\/uploads\\\/2019\\\/05\\\/ayuntamiento-pamplona-laguiadepamplona.jpg\",\"articleSection\":[\"Ayto Pamplona\"],\"inLanguage\":\"es\",\"potentialAction\":[{\"@type\":\"CommentAction\",\"name\":\"Comment\",\"target\":[\"https:\\\/\\\/www.laguiadepamplona.com\\\/actualidad\\\/gerencia-de-urbanismo-estudiara-el-visto-bueno-a-la-primera-fase-de-las-obras-de-urbanizacion-realizadas-junto-a-la-avenida-de-pamplona\\\/#respond\"]}]},{\"@type\":\"WebPage\",\"@id\":\"https:\\\/\\\/www.laguiadepamplona.com\\\/actualidad\\\/gerencia-de-urbanismo-estudiara-el-visto-bueno-a-la-primera-fase-de-las-obras-de-urbanizacion-realizadas-junto-a-la-avenida-de-pamplona\\\/\",\"url\":\"https:\\\/\\\/www.laguiadepamplona.com\\\/actualidad\\\/gerencia-de-urbanismo-estudiara-el-visto-bueno-a-la-primera-fase-de-las-obras-de-urbanizacion-realizadas-junto-a-la-avenida-de-pamplona\\\/\",\"name\":\"Gerencia de Urbanismo estudiar\u00e1 el visto bueno a la primera fase de las obras de urbanizaci\u00f3n realizadas junto a la avenida de Pamplona\",\"isPartOf\":{\"@id\":\"https:\\\/\\\/www.laguiadepamplona.com\\\/actualidad\\\/#website\"},\"primaryImageOfPage\":{\"@id\":\"https:\\\/\\\/www.laguiadepamplona.com\\\/actualidad\\\/gerencia-de-urbanismo-estudiara-el-visto-bueno-a-la-primera-fase-de-las-obras-de-urbanizacion-realizadas-junto-a-la-avenida-de-pamplona\\\/#primaryimage\"},\"image\":{\"@id\":\"https:\\\/\\\/www.laguiadepamplona.com\\\/actualidad\\\/gerencia-de-urbanismo-estudiara-el-visto-bueno-a-la-primera-fase-de-las-obras-de-urbanizacion-realizadas-junto-a-la-avenida-de-pamplona\\\/#primaryimage\"},\"thumbnailUrl\":\"https:\\\/\\\/www.laguiadepamplona.com\\\/actualidad\\\/wp-content\\\/uploads\\\/2019\\\/05\\\/ayuntamiento-pamplona-laguiadepamplona.jpg\",\"datePublished\":\"2019-09-24T13:38:05+00:00\",\"dateModified\":\"2019-09-24T13:38:18+00:00\",\"breadcrumb\":{\"@id\":\"https:\\\/\\\/www.laguiadepamplona.com\\\/actualidad\\\/gerencia-de-urbanismo-estudiara-el-visto-bueno-a-la-primera-fase-de-las-obras-de-urbanizacion-realizadas-junto-a-la-avenida-de-pamplona\\\/#breadcrumb\"},\"inLanguage\":\"es\",\"potentialAction\":[{\"@type\":\"ReadAction\",\"target\":[\"https:\\\/\\\/www.laguiadepamplona.com\\\/actualidad\\\/gerencia-de-urbanismo-estudiara-el-visto-bueno-a-la-primera-fase-de-las-obras-de-urbanizacion-realizadas-junto-a-la-avenida-de-pamplona\\\/\"]}]},{\"@type\":\"ImageObject\",\"inLanguage\":\"es\",\"@id\":\"https:\\\/\\\/www.laguiadepamplona.com\\\/actualidad\\\/gerencia-de-urbanismo-estudiara-el-visto-bueno-a-la-primera-fase-de-las-obras-de-urbanizacion-realizadas-junto-a-la-avenida-de-pamplona\\\/#primaryimage\",\"url\":\"https:\\\/\\\/www.laguiadepamplona.com\\\/actualidad\\\/wp-content\\\/uploads\\\/2019\\\/05\\\/ayuntamiento-pamplona-laguiadepamplona.jpg\",\"contentUrl\":\"https:\\\/\\\/www.laguiadepamplona.com\\\/actualidad\\\/wp-content\\\/uploads\\\/2019\\\/05\\\/ayuntamiento-pamplona-laguiadepamplona.jpg\",\"width\":1920,\"height\":1100},{\"@type\":\"BreadcrumbList\",\"@id\":\"https:\\\/\\\/www.laguiadepamplona.com\\\/actualidad\\\/gerencia-de-urbanismo-estudiara-el-visto-bueno-a-la-primera-fase-de-las-obras-de-urbanizacion-realizadas-junto-a-la-avenida-de-pamplona\\\/#breadcrumb\",\"itemListElement\":[{\"@type\":\"ListItem\",\"position\":1,\"name\":\"Portada\",\"item\":\"https:\\\/\\\/www.laguiadepamplona.com\\\/actualidad\\\/\"},{\"@type\":\"ListItem\",\"position\":2,\"name\":\"Gerencia de Urbanismo estudiar\u00e1 el visto bueno a la primera fase de las obras de urbanizaci\u00f3n realizadas junto a la avenida de Pamplona\"}]},{\"@type\":\"WebSite\",\"@id\":\"https:\\\/\\\/www.laguiadepamplona.com\\\/actualidad\\\/#website\",\"url\":\"https:\\\/\\\/www.laguiadepamplona.com\\\/actualidad\\\/\",\"name\":\"La gu\u00eda de Pamplona\",\"description\":\"Noticias de Pamplona\",\"publisher\":{\"@id\":\"https:\\\/\\\/www.laguiadepamplona.com\\\/actualidad\\\/#organization\"},\"potentialAction\":[{\"@type\":\"SearchAction\",\"target\":{\"@type\":\"EntryPoint\",\"urlTemplate\":\"https:\\\/\\\/www.laguiadepamplona.com\\\/actualidad\\\/?s={search_term_string}\"},\"query-input\":{\"@type\":\"PropertyValueSpecification\",\"valueRequired\":true,\"valueName\":\"search_term_string\"}}],\"inLanguage\":\"es\"},{\"@type\":\"Organization\",\"@id\":\"https:\\\/\\\/www.laguiadepamplona.com\\\/actualidad\\\/#organization\",\"name\":\"La Gu\u00eda de Pamplona \\\/ Noticias\",\"url\":\"https:\\\/\\\/www.laguiadepamplona.com\\\/actualidad\\\/\",\"logo\":{\"@type\":\"ImageObject\",\"inLanguage\":\"es\",\"@id\":\"https:\\\/\\\/www.laguiadepamplona.com\\\/actualidad\\\/#\\\/schema\\\/logo\\\/image\\\/\",\"url\":\"https:\\\/\\\/www.laguiadepamplona.com\\\/actualidad\\\/wp-content\\\/uploads\\\/2018\\\/11\\\/logo-laguiadepamplona18-web1.png\",\"contentUrl\":\"https:\\\/\\\/www.laguiadepamplona.com\\\/actualidad\\\/wp-content\\\/uploads\\\/2018\\\/11\\\/logo-laguiadepamplona18-web1.png\",\"width\":600,\"height\":196,\"caption\":\"La Gu\u00eda de Pamplona \\\/ Noticias\"},\"image\":{\"@id\":\"https:\\\/\\\/www.laguiadepamplona.com\\\/actualidad\\\/#\\\/schema\\\/logo\\\/image\\\/\"},\"sameAs\":[\"https:\\\/\\\/www.facebook.com\\\/laguiadepamplonacom-133175176762273\\\/?ref=hl\",\"https:\\\/\\\/x.com\\\/LaGuiadPamplona\",\"https:\\\/\\\/www.instagram.com\\\/la_guia_de_pamplona\\\/\",\"https:\\\/\\\/www.youtube.com\\\/user\\\/laguiadepamplona\"]},{\"@type\":\"Person\",\"@id\":\"https:\\\/\\\/www.laguiadepamplona.com\\\/actualidad\\\/#\\\/schema\\\/person\\\/efe887376f0213d4657c93adc50b1fdb\",\"name\":\"La Gu\u00eda de Pamplona\",\"image\":{\"@type\":\"ImageObject\",\"inLanguage\":\"es\",\"@id\":\"https:\\\/\\\/secure.gravatar.com\\\/avatar\\\/b6992f131dc8d30ab0dff15446e9d346d9dbd95992de0fef795073f5ea83a81c?s=96&d=mm&r=g\",\"url\":\"https:\\\/\\\/secure.gravatar.com\\\/avatar\\\/b6992f131dc8d30ab0dff15446e9d346d9dbd95992de0fef795073f5ea83a81c?s=96&d=mm&r=g\",\"contentUrl\":\"https:\\\/\\\/secure.gravatar.com\\\/avatar\\\/b6992f131dc8d30ab0dff15446e9d346d9dbd95992de0fef795073f5ea83a81c?s=96&d=mm&r=g\",\"caption\":\"La Gu\u00eda de Pamplona\"}}]}<\/script>\n<!-- \/ Yoast SEO plugin. -->","yoast_head_json":{"title":"Gerencia de Urbanismo estudiar\u00e1 el visto bueno a la primera fase de las obras de urbanizaci\u00f3n realizadas junto a la avenida de Pamplona","robots":{"index":"index","follow":"follow","max-snippet":"max-snippet:-1","max-image-preview":"max-image-preview:large","max-video-preview":"max-video-preview:-1"},"canonical":"https:\/\/www.laguiadepamplona.com\/actualidad\/gerencia-de-urbanismo-estudiara-el-visto-bueno-a-la-primera-fase-de-las-obras-de-urbanizacion-realizadas-junto-a-la-avenida-de-pamplona\/","og_locale":"es_ES","og_type":"article","og_title":"Gerencia de Urbanismo estudiar\u00e1 el visto bueno a la primera fase de las obras de urbanizaci\u00f3n realizadas junto a la avenida de Pamplona","og_url":"https:\/\/www.laguiadepamplona.com\/actualidad\/gerencia-de-urbanismo-estudiara-el-visto-bueno-a-la-primera-fase-de-las-obras-de-urbanizacion-realizadas-junto-a-la-avenida-de-pamplona\/","og_site_name":"La Gu\u00eda de Pamplona","article_publisher":"https:\/\/www.facebook.com\/laguiadepamplonacom-133175176762273\/?ref=hl","article_published_time":"2019-09-24T13:38:05+00:00","article_modified_time":"2019-09-24T13:38:18+00:00","og_image":[{"width":1920,"height":1100,"url":"https:\/\/www.laguiadepamplona.com\/actualidad\/wp-content\/uploads\/2019\/05\/ayuntamiento-pamplona-laguiadepamplona.jpg","type":"image\/jpeg"}],"author":"La Gu\u00eda de Pamplona","twitter_card":"summary_large_image","twitter_creator":"@LaGuiadPamplona","twitter_site":"@LaGuiadPamplona","twitter_misc":{"Escrito por":"La Gu\u00eda de Pamplona","Tiempo de lectura":"3 minutos"},"schema":{"@context":"https:\/\/schema.org","@graph":[{"@type":"Article","@id":"https:\/\/www.laguiadepamplona.com\/actualidad\/gerencia-de-urbanismo-estudiara-el-visto-bueno-a-la-primera-fase-de-las-obras-de-urbanizacion-realizadas-junto-a-la-avenida-de-pamplona\/#article","isPartOf":{"@id":"https:\/\/www.laguiadepamplona.com\/actualidad\/gerencia-de-urbanismo-estudiara-el-visto-bueno-a-la-primera-fase-de-las-obras-de-urbanizacion-realizadas-junto-a-la-avenida-de-pamplona\/"},"author":{"name":"La Gu\u00eda de Pamplona","@id":"https:\/\/www.laguiadepamplona.com\/actualidad\/#\/schema\/person\/efe887376f0213d4657c93adc50b1fdb"},"headline":"Gerencia de Urbanismo estudiar\u00e1 el visto bueno a la primera fase de las obras de urbanizaci\u00f3n realizadas junto a la avenida de Pamplona","datePublished":"2019-09-24T13:38:05+00:00","dateModified":"2019-09-24T13:38:18+00:00","mainEntityOfPage":{"@id":"https:\/\/www.laguiadepamplona.com\/actualidad\/gerencia-de-urbanismo-estudiara-el-visto-bueno-a-la-primera-fase-de-las-obras-de-urbanizacion-realizadas-junto-a-la-avenida-de-pamplona\/"},"wordCount":618,"commentCount":0,"publisher":{"@id":"https:\/\/www.laguiadepamplona.com\/actualidad\/#organization"},"image":{"@id":"https:\/\/www.laguiadepamplona.com\/actualidad\/gerencia-de-urbanismo-estudiara-el-visto-bueno-a-la-primera-fase-de-las-obras-de-urbanizacion-realizadas-junto-a-la-avenida-de-pamplona\/#primaryimage"},"thumbnailUrl":"https:\/\/www.laguiadepamplona.com\/actualidad\/wp-content\/uploads\/2019\/05\/ayuntamiento-pamplona-laguiadepamplona.jpg","articleSection":["Ayto Pamplona"],"inLanguage":"es","potentialAction":[{"@type":"CommentAction","name":"Comment","target":["https:\/\/www.laguiadepamplona.com\/actualidad\/gerencia-de-urbanismo-estudiara-el-visto-bueno-a-la-primera-fase-de-las-obras-de-urbanizacion-realizadas-junto-a-la-avenida-de-pamplona\/#respond"]}]},{"@type":"WebPage","@id":"https:\/\/www.laguiadepamplona.com\/actualidad\/gerencia-de-urbanismo-estudiara-el-visto-bueno-a-la-primera-fase-de-las-obras-de-urbanizacion-realizadas-junto-a-la-avenida-de-pamplona\/","url":"https:\/\/www.laguiadepamplona.com\/actualidad\/gerencia-de-urbanismo-estudiara-el-visto-bueno-a-la-primera-fase-de-las-obras-de-urbanizacion-realizadas-junto-a-la-avenida-de-pamplona\/","name":"Gerencia de Urbanismo estudiar\u00e1 el visto bueno a la primera fase de las obras de urbanizaci\u00f3n realizadas junto a la avenida de Pamplona","isPartOf":{"@id":"https:\/\/www.laguiadepamplona.com\/actualidad\/#website"},"primaryImageOfPage":{"@id":"https:\/\/www.laguiadepamplona.com\/actualidad\/gerencia-de-urbanismo-estudiara-el-visto-bueno-a-la-primera-fase-de-las-obras-de-urbanizacion-realizadas-junto-a-la-avenida-de-pamplona\/#primaryimage"},"image":{"@id":"https:\/\/www.laguiadepamplona.com\/actualidad\/gerencia-de-urbanismo-estudiara-el-visto-bueno-a-la-primera-fase-de-las-obras-de-urbanizacion-realizadas-junto-a-la-avenida-de-pamplona\/#primaryimage"},"thumbnailUrl":"https:\/\/www.laguiadepamplona.com\/actualidad\/wp-content\/uploads\/2019\/05\/ayuntamiento-pamplona-laguiadepamplona.jpg","datePublished":"2019-09-24T13:38:05+00:00","dateModified":"2019-09-24T13:38:18+00:00","breadcrumb":{"@id":"https:\/\/www.laguiadepamplona.com\/actualidad\/gerencia-de-urbanismo-estudiara-el-visto-bueno-a-la-primera-fase-de-las-obras-de-urbanizacion-realizadas-junto-a-la-avenida-de-pamplona\/#breadcrumb"},"inLanguage":"es","potentialAction":[{"@type":"ReadAction","target":["https:\/\/www.laguiadepamplona.com\/actualidad\/gerencia-de-urbanismo-estudiara-el-visto-bueno-a-la-primera-fase-de-las-obras-de-urbanizacion-realizadas-junto-a-la-avenida-de-pamplona\/"]}]},{"@type":"ImageObject","inLanguage":"es","@id":"https:\/\/www.laguiadepamplona.com\/actualidad\/gerencia-de-urbanismo-estudiara-el-visto-bueno-a-la-primera-fase-de-las-obras-de-urbanizacion-realizadas-junto-a-la-avenida-de-pamplona\/#primaryimage","url":"https:\/\/www.laguiadepamplona.com\/actualidad\/wp-content\/uploads\/2019\/05\/ayuntamiento-pamplona-laguiadepamplona.jpg","contentUrl":"https:\/\/www.laguiadepamplona.com\/actualidad\/wp-content\/uploads\/2019\/05\/ayuntamiento-pamplona-laguiadepamplona.jpg","width":1920,"height":1100},{"@type":"BreadcrumbList","@id":"https:\/\/www.laguiadepamplona.com\/actualidad\/gerencia-de-urbanismo-estudiara-el-visto-bueno-a-la-primera-fase-de-las-obras-de-urbanizacion-realizadas-junto-a-la-avenida-de-pamplona\/#breadcrumb","itemListElement":[{"@type":"ListItem","position":1,"name":"Portada","item":"https:\/\/www.laguiadepamplona.com\/actualidad\/"},{"@type":"ListItem","position":2,"name":"Gerencia de Urbanismo estudiar\u00e1 el visto bueno a la primera fase de las obras de urbanizaci\u00f3n realizadas junto a la avenida de Pamplona"}]},{"@type":"WebSite","@id":"https:\/\/www.laguiadepamplona.com\/actualidad\/#website","url":"https:\/\/www.laguiadepamplona.com\/actualidad\/","name":"La gu\u00eda de Pamplona","description":"Noticias de Pamplona","publisher":{"@id":"https:\/\/www.laguiadepamplona.com\/actualidad\/#organization"},"potentialAction":[{"@type":"SearchAction","target":{"@type":"EntryPoint","urlTemplate":"https:\/\/www.laguiadepamplona.com\/actualidad\/?s={search_term_string}"},"query-input":{"@type":"PropertyValueSpecification","valueRequired":true,"valueName":"search_term_string"}}],"inLanguage":"es"},{"@type":"Organization","@id":"https:\/\/www.laguiadepamplona.com\/actualidad\/#organization","name":"La Gu\u00eda de Pamplona \/ Noticias","url":"https:\/\/www.laguiadepamplona.com\/actualidad\/","logo":{"@type":"ImageObject","inLanguage":"es","@id":"https:\/\/www.laguiadepamplona.com\/actualidad\/#\/schema\/logo\/image\/","url":"https:\/\/www.laguiadepamplona.com\/actualidad\/wp-content\/uploads\/2018\/11\/logo-laguiadepamplona18-web1.png","contentUrl":"https:\/\/www.laguiadepamplona.com\/actualidad\/wp-content\/uploads\/2018\/11\/logo-laguiadepamplona18-web1.png","width":600,"height":196,"caption":"La Gu\u00eda de Pamplona \/ Noticias"},"image":{"@id":"https:\/\/www.laguiadepamplona.com\/actualidad\/#\/schema\/logo\/image\/"},"sameAs":["https:\/\/www.facebook.com\/laguiadepamplonacom-133175176762273\/?ref=hl","https:\/\/x.com\/LaGuiadPamplona","https:\/\/www.instagram.com\/la_guia_de_pamplona\/","https:\/\/www.youtube.com\/user\/laguiadepamplona"]},{"@type":"Person","@id":"https:\/\/www.laguiadepamplona.com\/actualidad\/#\/schema\/person\/efe887376f0213d4657c93adc50b1fdb","name":"La Gu\u00eda de Pamplona","image":{"@type":"ImageObject","inLanguage":"es","@id":"https:\/\/secure.gravatar.com\/avatar\/b6992f131dc8d30ab0dff15446e9d346d9dbd95992de0fef795073f5ea83a81c?s=96&d=mm&r=g","url":"https:\/\/secure.gravatar.com\/avatar\/b6992f131dc8d30ab0dff15446e9d346d9dbd95992de0fef795073f5ea83a81c?s=96&d=mm&r=g","contentUrl":"https:\/\/secure.gravatar.com\/avatar\/b6992f131dc8d30ab0dff15446e9d346d9dbd95992de0fef795073f5ea83a81c?s=96&d=mm&r=g","caption":"La Gu\u00eda de Pamplona"}}]}},"post_mailing_queue_ids":[],"_links":{"self":[{"href":"https:\/\/www.laguiadepamplona.com\/actualidad\/wp-json\/wp\/v2\/posts\/24639","targetHints":{"allow":["GET"]}}],"collection":[{"href":"https:\/\/www.laguiadepamplona.com\/actualidad\/wp-json\/wp\/v2\/posts"}],"about":[{"href":"https:\/\/www.laguiadepamplona.com\/actualidad\/wp-json\/wp\/v2\/types\/post"}],"author":[{"embeddable":true,"href":"https:\/\/www.laguiadepamplona.com\/actualidad\/wp-json\/wp\/v2\/users\/1"}],"replies":[{"embeddable":true,"href":"https:\/\/www.laguiadepamplona.com\/actualidad\/wp-json\/wp\/v2\/comments?post=24639"}],"version-history":[{"count":0,"href":"https:\/\/www.laguiadepamplona.com\/actualidad\/wp-json\/wp\/v2\/posts\/24639\/revisions"}],"wp:featuredmedia":[{"embeddable":true,"href":"https:\/\/www.laguiadepamplona.com\/actualidad\/wp-json\/wp\/v2\/media\/21939"}],"wp:attachment":[{"href":"https:\/\/www.laguiadepamplona.com\/actualidad\/wp-json\/wp\/v2\/media?parent=24639"}],"wp:term":[{"taxonomy":"category","embeddable":true,"href":"https:\/\/www.laguiadepamplona.com\/actualidad\/wp-json\/wp\/v2\/categories?post=24639"},{"taxonomy":"post_tag","embeddable":true,"href":"https:\/\/www.laguiadepamplona.com\/actualidad\/wp-json\/wp\/v2\/tags?post=24639"}],"curies":[{"name":"wp","href":"https:\/\/api.w.org\/{rel}","templated":true}]}}