{"id":24628,"date":"2019-09-24T15:35:12","date_gmt":"2019-09-24T13:35:12","guid":{"rendered":"https:\/\/www.laguiadepamplona.es\/actualidad\/?p=24628"},"modified":"2019-09-24T15:35:28","modified_gmt":"2019-09-24T13:35:28","slug":"el-proximo-19-de-octubre-echa-a-andar-una-nueva-edicion-de-la-liga-municipal-de-futbol-sala-escolar-para-menores-de-entre-8-y-11-anos","status":"publish","type":"post","link":"https:\/\/www.laguiadepamplona.com\/actualidad\/el-proximo-19-de-octubre-echa-a-andar-una-nueva-edicion-de-la-liga-municipal-de-futbol-sala-escolar-para-menores-de-entre-8-y-11-anos\/","title":{"rendered":"El pr\u00f3ximo 19 de octubre echa a andar una nueva edici\u00f3n de la Liga Municipal de F\u00fatbol Sala Escolar para menores de entre 8 y 11 a\u00f1os"},"content":{"rendered":"<p><!--more--><\/p>\n<h3>Los equipos, de un m\u00ednimo de 5 jugadores, podr\u00e1n inscribirse hasta el 10 de octubre de forma online o hasta el 8 de octubre, si lo hacen presencialmente<\/h3>\n<p>Con el inicio del curso, vuelve la Liga Municipal de F\u00fatbol Sala Escolar, una propuesta del Ayuntamiento de Pamplona para promover el deporte, el trabajo en el equipo y la igualdad, que este a\u00f1o celebra su vig\u00e9simo s\u00e9ptima edici\u00f3n. Este hecho demuestra el gran arraigo que este programa deportivo tiene entre colegios, clubes deportivos y asociaciones. Ser\u00e1 el pr\u00f3ximo 19 de octubre cuando arranque la liga, que se estructura en dos vueltas a lo largo de todo el curso escolar. La mayor\u00eda de los partidos se celebrar\u00e1n en s\u00e1bado para favorecer la conciliaci\u00f3n familiar.<\/p>\n<p>Los equipos tienen de plazo hasta el 10 de octubre para formalizar la inscripci\u00f3n, si optan por presentar la documentaci\u00f3n a trav\u00e9s de internet, en la web <a href=\"http:\/\/www.gesportsl.es\" target=\"_blank\" rel=\"noopener noreferrer\">www.gesportsl.es<\/a>. Para quienes prefieran realizar la inscripci\u00f3n de forma presencial, el plazo termina el 8 de octubre. En este caso, deber\u00e1n acudir a las oficinas que Gesport tiene decidas dentro de las instalaciones de Osasuna en Tajonar.<\/p>\n<p>Podr\u00e1n inscribirse todos aquellos equipos que cuenten con un m\u00ednimo de cinco jugadores de entre 8 y 11 a\u00f1os, tanto chicos como chicas o mixto, y en los que la mayor\u00eda de los jugadores sean empadronados en Pamplona. La cuota de inscripci\u00f3n ser\u00e1 de 70 euros por equipo y no habr\u00e1 obligaci\u00f3n de federarse.<\/p>\n<p>El a\u00f1o pasado se inscribieron un total de 1.386 escolares, que se integraron en 125 equipos provenientes de colegios, ikastolas, asociaciones y clubes deportivos.<\/p>\n<p><script async src=\"\/\/pagead2.googlesyndication.com\/pagead\/js\/adsbygoogle.js\"><\/script><br \/>\n<!-- Noticias La Guia de Pamplona --><br \/>\n<ins class=\"adsbygoogle\"\nstyle=\"display:block\"\ndata-ad-client=\"ca-pub-6943679897239327\"\ndata-ad-slot=\"7048180777\"\ndata-ad-format=\"auto\"><\/ins><br \/>\n<script>\n(adsbygoogle = window.adsbygoogle || []).push({});\n<\/script><\/p>\n<p><strong>Deporte y valores<\/strong><\/p>\n<p>Esta liga municipal no pretende ser una competici\u00f3n sino un torneo recreativo, en el que lo importante no es conseguir m\u00e1s puntos sino inculcar en los menores una serie de valores relacionados con la participaci\u00f3n, la inclusi\u00f3n y la coeducaci\u00f3n. En este sentido, el torneo se sustenta en varios principios. Por un lado, para promover la participaci\u00f3n, es obligatorio que todos los ni\u00f1os y ni\u00f1as que asistan a los partidos jueguen, al menos, un tiempo completo y seguido, que son de 10 \u00f3 12 minutos. Adem\u00e1s, se eliminar\u00e1n los resultados reales de los partidos, de forma que, al procesar el balance de cada encuentro, s\u00f3lo se computar\u00e1 1-0 a favor del equipo ganador o bien 0-0 en caso de empate. Por \u00faltimo, no se establecer\u00e1n eliminatorias para la consecuci\u00f3n de t\u00edtulos. Todos los participantes recibir\u00e1n, al final de la liga, el mismo trofeo independientemente de su clasificaci\u00f3n.<\/p>\n<p>El Ayuntamiento propicia en este torneo la participaci\u00f3n de personas con discapacidad y tambi\u00e9n la participaci\u00f3n femenina, de forma que la existencia de equipos mixtos e integradores ayuden a fomentar la igualdad y la coeducaci\u00f3n y prevenir las situaciones de acoso por raz\u00f3n de sexo o discapacidad.<\/p>\n<p>&nbsp;<\/p>\n","protected":false},"excerpt":{"rendered":"","protected":false},"author":1,"featured_media":14354,"comment_status":"open","ping_status":"closed","sticky":false,"template":"","format":"standard","meta":{"footnotes":""},"categories":[2],"tags":[],"class_list":["post-24628","post","type-post","status-publish","format-standard","has-post-thumbnail","hentry","category-ayuntamiento-pamplona"],"yoast_head":"<!-- This site is optimized with the Yoast SEO plugin v27.3 - https:\/\/yoast.com\/product\/yoast-seo-wordpress\/ -->\n<title>El pr\u00f3ximo 19 de octubre echa a andar una nueva edici\u00f3n de la Liga Municipal de F\u00fatbol Sala Escolar para menores de entre 8 y 11 a\u00f1os<\/title>\n<meta name=\"robots\" content=\"index, follow, max-snippet:-1, max-image-preview:large, max-video-preview:-1\" \/>\n<link rel=\"canonical\" href=\"https:\/\/www.laguiadepamplona.com\/actualidad\/el-proximo-19-de-octubre-echa-a-andar-una-nueva-edicion-de-la-liga-municipal-de-futbol-sala-escolar-para-menores-de-entre-8-y-11-anos\/\" \/>\n<meta property=\"og:locale\" content=\"es_ES\" \/>\n<meta property=\"og:type\" content=\"article\" \/>\n<meta property=\"og:title\" content=\"El pr\u00f3ximo 19 de octubre echa a andar una nueva edici\u00f3n de la Liga Municipal de F\u00fatbol Sala Escolar para menores de entre 8 y 11 a\u00f1os\" \/>\n<meta property=\"og:url\" content=\"https:\/\/www.laguiadepamplona.com\/actualidad\/el-proximo-19-de-octubre-echa-a-andar-una-nueva-edicion-de-la-liga-municipal-de-futbol-sala-escolar-para-menores-de-entre-8-y-11-anos\/\" \/>\n<meta property=\"og:site_name\" content=\"La Gu\u00eda de Pamplona\" \/>\n<meta property=\"article:publisher\" content=\"https:\/\/www.facebook.com\/laguiadepamplonacom-133175176762273\/?ref=hl\" \/>\n<meta property=\"article:published_time\" content=\"2019-09-24T13:35:12+00:00\" \/>\n<meta property=\"article:modified_time\" content=\"2019-09-24T13:35:28+00:00\" \/>\n<meta property=\"og:image\" content=\"https:\/\/www.laguiadepamplona.com\/actualidad\/wp-content\/uploads\/2017\/09\/futbol_sala_infantil.jpg\" \/>\n\t<meta property=\"og:image:width\" content=\"1000\" \/>\n\t<meta property=\"og:image:height\" content=\"481\" \/>\n\t<meta property=\"og:image:type\" content=\"image\/jpeg\" \/>\n<meta name=\"author\" content=\"La Gu\u00eda de Pamplona\" \/>\n<meta name=\"twitter:card\" content=\"summary_large_image\" \/>\n<meta name=\"twitter:creator\" content=\"@LaGuiadPamplona\" \/>\n<meta name=\"twitter:site\" content=\"@LaGuiadPamplona\" \/>\n<meta name=\"twitter:label1\" content=\"Escrito por\" \/>\n\t<meta name=\"twitter:data1\" content=\"La Gu\u00eda de Pamplona\" \/>\n\t<meta name=\"twitter:label2\" content=\"Tiempo de lectura\" \/>\n\t<meta name=\"twitter:data2\" content=\"2 minutos\" \/>\n<script type=\"application\/ld+json\" class=\"yoast-schema-graph\">{\"@context\":\"https:\\\/\\\/schema.org\",\"@graph\":[{\"@type\":\"Article\",\"@id\":\"https:\\\/\\\/www.laguiadepamplona.com\\\/actualidad\\\/el-proximo-19-de-octubre-echa-a-andar-una-nueva-edicion-de-la-liga-municipal-de-futbol-sala-escolar-para-menores-de-entre-8-y-11-anos\\\/#article\",\"isPartOf\":{\"@id\":\"https:\\\/\\\/www.laguiadepamplona.com\\\/actualidad\\\/el-proximo-19-de-octubre-echa-a-andar-una-nueva-edicion-de-la-liga-municipal-de-futbol-sala-escolar-para-menores-de-entre-8-y-11-anos\\\/\"},\"author\":{\"name\":\"La Gu\u00eda de Pamplona\",\"@id\":\"https:\\\/\\\/www.laguiadepamplona.com\\\/actualidad\\\/#\\\/schema\\\/person\\\/efe887376f0213d4657c93adc50b1fdb\"},\"headline\":\"El pr\u00f3ximo 19 de octubre echa a andar una nueva edici\u00f3n de la Liga Municipal de F\u00fatbol Sala Escolar para menores de entre 8 y 11 a\u00f1os\",\"datePublished\":\"2019-09-24T13:35:12+00:00\",\"dateModified\":\"2019-09-24T13:35:28+00:00\",\"mainEntityOfPage\":{\"@id\":\"https:\\\/\\\/www.laguiadepamplona.com\\\/actualidad\\\/el-proximo-19-de-octubre-echa-a-andar-una-nueva-edicion-de-la-liga-municipal-de-futbol-sala-escolar-para-menores-de-entre-8-y-11-anos\\\/\"},\"wordCount\":523,\"commentCount\":0,\"publisher\":{\"@id\":\"https:\\\/\\\/www.laguiadepamplona.com\\\/actualidad\\\/#organization\"},\"image\":{\"@id\":\"https:\\\/\\\/www.laguiadepamplona.com\\\/actualidad\\\/el-proximo-19-de-octubre-echa-a-andar-una-nueva-edicion-de-la-liga-municipal-de-futbol-sala-escolar-para-menores-de-entre-8-y-11-anos\\\/#primaryimage\"},\"thumbnailUrl\":\"https:\\\/\\\/www.laguiadepamplona.com\\\/actualidad\\\/wp-content\\\/uploads\\\/2017\\\/09\\\/futbol_sala_infantil.jpg\",\"articleSection\":[\"Ayto Pamplona\"],\"inLanguage\":\"es\",\"potentialAction\":[{\"@type\":\"CommentAction\",\"name\":\"Comment\",\"target\":[\"https:\\\/\\\/www.laguiadepamplona.com\\\/actualidad\\\/el-proximo-19-de-octubre-echa-a-andar-una-nueva-edicion-de-la-liga-municipal-de-futbol-sala-escolar-para-menores-de-entre-8-y-11-anos\\\/#respond\"]}]},{\"@type\":\"WebPage\",\"@id\":\"https:\\\/\\\/www.laguiadepamplona.com\\\/actualidad\\\/el-proximo-19-de-octubre-echa-a-andar-una-nueva-edicion-de-la-liga-municipal-de-futbol-sala-escolar-para-menores-de-entre-8-y-11-anos\\\/\",\"url\":\"https:\\\/\\\/www.laguiadepamplona.com\\\/actualidad\\\/el-proximo-19-de-octubre-echa-a-andar-una-nueva-edicion-de-la-liga-municipal-de-futbol-sala-escolar-para-menores-de-entre-8-y-11-anos\\\/\",\"name\":\"El pr\u00f3ximo 19 de octubre echa a andar una nueva edici\u00f3n de la Liga Municipal de F\u00fatbol Sala Escolar para menores de entre 8 y 11 a\u00f1os\",\"isPartOf\":{\"@id\":\"https:\\\/\\\/www.laguiadepamplona.com\\\/actualidad\\\/#website\"},\"primaryImageOfPage\":{\"@id\":\"https:\\\/\\\/www.laguiadepamplona.com\\\/actualidad\\\/el-proximo-19-de-octubre-echa-a-andar-una-nueva-edicion-de-la-liga-municipal-de-futbol-sala-escolar-para-menores-de-entre-8-y-11-anos\\\/#primaryimage\"},\"image\":{\"@id\":\"https:\\\/\\\/www.laguiadepamplona.com\\\/actualidad\\\/el-proximo-19-de-octubre-echa-a-andar-una-nueva-edicion-de-la-liga-municipal-de-futbol-sala-escolar-para-menores-de-entre-8-y-11-anos\\\/#primaryimage\"},\"thumbnailUrl\":\"https:\\\/\\\/www.laguiadepamplona.com\\\/actualidad\\\/wp-content\\\/uploads\\\/2017\\\/09\\\/futbol_sala_infantil.jpg\",\"datePublished\":\"2019-09-24T13:35:12+00:00\",\"dateModified\":\"2019-09-24T13:35:28+00:00\",\"breadcrumb\":{\"@id\":\"https:\\\/\\\/www.laguiadepamplona.com\\\/actualidad\\\/el-proximo-19-de-octubre-echa-a-andar-una-nueva-edicion-de-la-liga-municipal-de-futbol-sala-escolar-para-menores-de-entre-8-y-11-anos\\\/#breadcrumb\"},\"inLanguage\":\"es\",\"potentialAction\":[{\"@type\":\"ReadAction\",\"target\":[\"https:\\\/\\\/www.laguiadepamplona.com\\\/actualidad\\\/el-proximo-19-de-octubre-echa-a-andar-una-nueva-edicion-de-la-liga-municipal-de-futbol-sala-escolar-para-menores-de-entre-8-y-11-anos\\\/\"]}]},{\"@type\":\"ImageObject\",\"inLanguage\":\"es\",\"@id\":\"https:\\\/\\\/www.laguiadepamplona.com\\\/actualidad\\\/el-proximo-19-de-octubre-echa-a-andar-una-nueva-edicion-de-la-liga-municipal-de-futbol-sala-escolar-para-menores-de-entre-8-y-11-anos\\\/#primaryimage\",\"url\":\"https:\\\/\\\/www.laguiadepamplona.com\\\/actualidad\\\/wp-content\\\/uploads\\\/2017\\\/09\\\/futbol_sala_infantil.jpg\",\"contentUrl\":\"https:\\\/\\\/www.laguiadepamplona.com\\\/actualidad\\\/wp-content\\\/uploads\\\/2017\\\/09\\\/futbol_sala_infantil.jpg\",\"width\":1000,\"height\":481},{\"@type\":\"BreadcrumbList\",\"@id\":\"https:\\\/\\\/www.laguiadepamplona.com\\\/actualidad\\\/el-proximo-19-de-octubre-echa-a-andar-una-nueva-edicion-de-la-liga-municipal-de-futbol-sala-escolar-para-menores-de-entre-8-y-11-anos\\\/#breadcrumb\",\"itemListElement\":[{\"@type\":\"ListItem\",\"position\":1,\"name\":\"Portada\",\"item\":\"https:\\\/\\\/www.laguiadepamplona.com\\\/actualidad\\\/\"},{\"@type\":\"ListItem\",\"position\":2,\"name\":\"El pr\u00f3ximo 19 de octubre echa a andar una nueva edici\u00f3n de la Liga Municipal de F\u00fatbol Sala Escolar para menores de entre 8 y 11 a\u00f1os\"}]},{\"@type\":\"WebSite\",\"@id\":\"https:\\\/\\\/www.laguiadepamplona.com\\\/actualidad\\\/#website\",\"url\":\"https:\\\/\\\/www.laguiadepamplona.com\\\/actualidad\\\/\",\"name\":\"La gu\u00eda de Pamplona\",\"description\":\"Noticias de Pamplona\",\"publisher\":{\"@id\":\"https:\\\/\\\/www.laguiadepamplona.com\\\/actualidad\\\/#organization\"},\"potentialAction\":[{\"@type\":\"SearchAction\",\"target\":{\"@type\":\"EntryPoint\",\"urlTemplate\":\"https:\\\/\\\/www.laguiadepamplona.com\\\/actualidad\\\/?s={search_term_string}\"},\"query-input\":{\"@type\":\"PropertyValueSpecification\",\"valueRequired\":true,\"valueName\":\"search_term_string\"}}],\"inLanguage\":\"es\"},{\"@type\":\"Organization\",\"@id\":\"https:\\\/\\\/www.laguiadepamplona.com\\\/actualidad\\\/#organization\",\"name\":\"La Gu\u00eda de Pamplona \\\/ Noticias\",\"url\":\"https:\\\/\\\/www.laguiadepamplona.com\\\/actualidad\\\/\",\"logo\":{\"@type\":\"ImageObject\",\"inLanguage\":\"es\",\"@id\":\"https:\\\/\\\/www.laguiadepamplona.com\\\/actualidad\\\/#\\\/schema\\\/logo\\\/image\\\/\",\"url\":\"https:\\\/\\\/www.laguiadepamplona.com\\\/actualidad\\\/wp-content\\\/uploads\\\/2018\\\/11\\\/logo-laguiadepamplona18-web1.png\",\"contentUrl\":\"https:\\\/\\\/www.laguiadepamplona.com\\\/actualidad\\\/wp-content\\\/uploads\\\/2018\\\/11\\\/logo-laguiadepamplona18-web1.png\",\"width\":600,\"height\":196,\"caption\":\"La Gu\u00eda de Pamplona \\\/ Noticias\"},\"image\":{\"@id\":\"https:\\\/\\\/www.laguiadepamplona.com\\\/actualidad\\\/#\\\/schema\\\/logo\\\/image\\\/\"},\"sameAs\":[\"https:\\\/\\\/www.facebook.com\\\/laguiadepamplonacom-133175176762273\\\/?ref=hl\",\"https:\\\/\\\/x.com\\\/LaGuiadPamplona\",\"https:\\\/\\\/www.instagram.com\\\/la_guia_de_pamplona\\\/\",\"https:\\\/\\\/www.youtube.com\\\/user\\\/laguiadepamplona\"]},{\"@type\":\"Person\",\"@id\":\"https:\\\/\\\/www.laguiadepamplona.com\\\/actualidad\\\/#\\\/schema\\\/person\\\/efe887376f0213d4657c93adc50b1fdb\",\"name\":\"La Gu\u00eda de Pamplona\",\"image\":{\"@type\":\"ImageObject\",\"inLanguage\":\"es\",\"@id\":\"https:\\\/\\\/secure.gravatar.com\\\/avatar\\\/b6992f131dc8d30ab0dff15446e9d346d9dbd95992de0fef795073f5ea83a81c?s=96&d=mm&r=g\",\"url\":\"https:\\\/\\\/secure.gravatar.com\\\/avatar\\\/b6992f131dc8d30ab0dff15446e9d346d9dbd95992de0fef795073f5ea83a81c?s=96&d=mm&r=g\",\"contentUrl\":\"https:\\\/\\\/secure.gravatar.com\\\/avatar\\\/b6992f131dc8d30ab0dff15446e9d346d9dbd95992de0fef795073f5ea83a81c?s=96&d=mm&r=g\",\"caption\":\"La Gu\u00eda de Pamplona\"}}]}<\/script>\n<!-- \/ Yoast SEO plugin. -->","yoast_head_json":{"title":"El pr\u00f3ximo 19 de octubre echa a andar una nueva edici\u00f3n de la Liga Municipal de F\u00fatbol Sala Escolar para menores de entre 8 y 11 a\u00f1os","robots":{"index":"index","follow":"follow","max-snippet":"max-snippet:-1","max-image-preview":"max-image-preview:large","max-video-preview":"max-video-preview:-1"},"canonical":"https:\/\/www.laguiadepamplona.com\/actualidad\/el-proximo-19-de-octubre-echa-a-andar-una-nueva-edicion-de-la-liga-municipal-de-futbol-sala-escolar-para-menores-de-entre-8-y-11-anos\/","og_locale":"es_ES","og_type":"article","og_title":"El pr\u00f3ximo 19 de octubre echa a andar una nueva edici\u00f3n de la Liga Municipal de F\u00fatbol Sala Escolar para menores de entre 8 y 11 a\u00f1os","og_url":"https:\/\/www.laguiadepamplona.com\/actualidad\/el-proximo-19-de-octubre-echa-a-andar-una-nueva-edicion-de-la-liga-municipal-de-futbol-sala-escolar-para-menores-de-entre-8-y-11-anos\/","og_site_name":"La Gu\u00eda de Pamplona","article_publisher":"https:\/\/www.facebook.com\/laguiadepamplonacom-133175176762273\/?ref=hl","article_published_time":"2019-09-24T13:35:12+00:00","article_modified_time":"2019-09-24T13:35:28+00:00","og_image":[{"width":1000,"height":481,"url":"https:\/\/www.laguiadepamplona.com\/actualidad\/wp-content\/uploads\/2017\/09\/futbol_sala_infantil.jpg","type":"image\/jpeg"}],"author":"La Gu\u00eda de Pamplona","twitter_card":"summary_large_image","twitter_creator":"@LaGuiadPamplona","twitter_site":"@LaGuiadPamplona","twitter_misc":{"Escrito por":"La Gu\u00eda de Pamplona","Tiempo de lectura":"2 minutos"},"schema":{"@context":"https:\/\/schema.org","@graph":[{"@type":"Article","@id":"https:\/\/www.laguiadepamplona.com\/actualidad\/el-proximo-19-de-octubre-echa-a-andar-una-nueva-edicion-de-la-liga-municipal-de-futbol-sala-escolar-para-menores-de-entre-8-y-11-anos\/#article","isPartOf":{"@id":"https:\/\/www.laguiadepamplona.com\/actualidad\/el-proximo-19-de-octubre-echa-a-andar-una-nueva-edicion-de-la-liga-municipal-de-futbol-sala-escolar-para-menores-de-entre-8-y-11-anos\/"},"author":{"name":"La Gu\u00eda de Pamplona","@id":"https:\/\/www.laguiadepamplona.com\/actualidad\/#\/schema\/person\/efe887376f0213d4657c93adc50b1fdb"},"headline":"El pr\u00f3ximo 19 de octubre echa a andar una nueva edici\u00f3n de la Liga Municipal de F\u00fatbol Sala Escolar para menores de entre 8 y 11 a\u00f1os","datePublished":"2019-09-24T13:35:12+00:00","dateModified":"2019-09-24T13:35:28+00:00","mainEntityOfPage":{"@id":"https:\/\/www.laguiadepamplona.com\/actualidad\/el-proximo-19-de-octubre-echa-a-andar-una-nueva-edicion-de-la-liga-municipal-de-futbol-sala-escolar-para-menores-de-entre-8-y-11-anos\/"},"wordCount":523,"commentCount":0,"publisher":{"@id":"https:\/\/www.laguiadepamplona.com\/actualidad\/#organization"},"image":{"@id":"https:\/\/www.laguiadepamplona.com\/actualidad\/el-proximo-19-de-octubre-echa-a-andar-una-nueva-edicion-de-la-liga-municipal-de-futbol-sala-escolar-para-menores-de-entre-8-y-11-anos\/#primaryimage"},"thumbnailUrl":"https:\/\/www.laguiadepamplona.com\/actualidad\/wp-content\/uploads\/2017\/09\/futbol_sala_infantil.jpg","articleSection":["Ayto Pamplona"],"inLanguage":"es","potentialAction":[{"@type":"CommentAction","name":"Comment","target":["https:\/\/www.laguiadepamplona.com\/actualidad\/el-proximo-19-de-octubre-echa-a-andar-una-nueva-edicion-de-la-liga-municipal-de-futbol-sala-escolar-para-menores-de-entre-8-y-11-anos\/#respond"]}]},{"@type":"WebPage","@id":"https:\/\/www.laguiadepamplona.com\/actualidad\/el-proximo-19-de-octubre-echa-a-andar-una-nueva-edicion-de-la-liga-municipal-de-futbol-sala-escolar-para-menores-de-entre-8-y-11-anos\/","url":"https:\/\/www.laguiadepamplona.com\/actualidad\/el-proximo-19-de-octubre-echa-a-andar-una-nueva-edicion-de-la-liga-municipal-de-futbol-sala-escolar-para-menores-de-entre-8-y-11-anos\/","name":"El pr\u00f3ximo 19 de octubre echa a andar una nueva edici\u00f3n de la Liga Municipal de F\u00fatbol Sala Escolar para menores de entre 8 y 11 a\u00f1os","isPartOf":{"@id":"https:\/\/www.laguiadepamplona.com\/actualidad\/#website"},"primaryImageOfPage":{"@id":"https:\/\/www.laguiadepamplona.com\/actualidad\/el-proximo-19-de-octubre-echa-a-andar-una-nueva-edicion-de-la-liga-municipal-de-futbol-sala-escolar-para-menores-de-entre-8-y-11-anos\/#primaryimage"},"image":{"@id":"https:\/\/www.laguiadepamplona.com\/actualidad\/el-proximo-19-de-octubre-echa-a-andar-una-nueva-edicion-de-la-liga-municipal-de-futbol-sala-escolar-para-menores-de-entre-8-y-11-anos\/#primaryimage"},"thumbnailUrl":"https:\/\/www.laguiadepamplona.com\/actualidad\/wp-content\/uploads\/2017\/09\/futbol_sala_infantil.jpg","datePublished":"2019-09-24T13:35:12+00:00","dateModified":"2019-09-24T13:35:28+00:00","breadcrumb":{"@id":"https:\/\/www.laguiadepamplona.com\/actualidad\/el-proximo-19-de-octubre-echa-a-andar-una-nueva-edicion-de-la-liga-municipal-de-futbol-sala-escolar-para-menores-de-entre-8-y-11-anos\/#breadcrumb"},"inLanguage":"es","potentialAction":[{"@type":"ReadAction","target":["https:\/\/www.laguiadepamplona.com\/actualidad\/el-proximo-19-de-octubre-echa-a-andar-una-nueva-edicion-de-la-liga-municipal-de-futbol-sala-escolar-para-menores-de-entre-8-y-11-anos\/"]}]},{"@type":"ImageObject","inLanguage":"es","@id":"https:\/\/www.laguiadepamplona.com\/actualidad\/el-proximo-19-de-octubre-echa-a-andar-una-nueva-edicion-de-la-liga-municipal-de-futbol-sala-escolar-para-menores-de-entre-8-y-11-anos\/#primaryimage","url":"https:\/\/www.laguiadepamplona.com\/actualidad\/wp-content\/uploads\/2017\/09\/futbol_sala_infantil.jpg","contentUrl":"https:\/\/www.laguiadepamplona.com\/actualidad\/wp-content\/uploads\/2017\/09\/futbol_sala_infantil.jpg","width":1000,"height":481},{"@type":"BreadcrumbList","@id":"https:\/\/www.laguiadepamplona.com\/actualidad\/el-proximo-19-de-octubre-echa-a-andar-una-nueva-edicion-de-la-liga-municipal-de-futbol-sala-escolar-para-menores-de-entre-8-y-11-anos\/#breadcrumb","itemListElement":[{"@type":"ListItem","position":1,"name":"Portada","item":"https:\/\/www.laguiadepamplona.com\/actualidad\/"},{"@type":"ListItem","position":2,"name":"El pr\u00f3ximo 19 de octubre echa a andar una nueva edici\u00f3n de la Liga Municipal de F\u00fatbol Sala Escolar para menores de entre 8 y 11 a\u00f1os"}]},{"@type":"WebSite","@id":"https:\/\/www.laguiadepamplona.com\/actualidad\/#website","url":"https:\/\/www.laguiadepamplona.com\/actualidad\/","name":"La gu\u00eda de Pamplona","description":"Noticias de Pamplona","publisher":{"@id":"https:\/\/www.laguiadepamplona.com\/actualidad\/#organization"},"potentialAction":[{"@type":"SearchAction","target":{"@type":"EntryPoint","urlTemplate":"https:\/\/www.laguiadepamplona.com\/actualidad\/?s={search_term_string}"},"query-input":{"@type":"PropertyValueSpecification","valueRequired":true,"valueName":"search_term_string"}}],"inLanguage":"es"},{"@type":"Organization","@id":"https:\/\/www.laguiadepamplona.com\/actualidad\/#organization","name":"La Gu\u00eda de Pamplona \/ Noticias","url":"https:\/\/www.laguiadepamplona.com\/actualidad\/","logo":{"@type":"ImageObject","inLanguage":"es","@id":"https:\/\/www.laguiadepamplona.com\/actualidad\/#\/schema\/logo\/image\/","url":"https:\/\/www.laguiadepamplona.com\/actualidad\/wp-content\/uploads\/2018\/11\/logo-laguiadepamplona18-web1.png","contentUrl":"https:\/\/www.laguiadepamplona.com\/actualidad\/wp-content\/uploads\/2018\/11\/logo-laguiadepamplona18-web1.png","width":600,"height":196,"caption":"La Gu\u00eda de Pamplona \/ Noticias"},"image":{"@id":"https:\/\/www.laguiadepamplona.com\/actualidad\/#\/schema\/logo\/image\/"},"sameAs":["https:\/\/www.facebook.com\/laguiadepamplonacom-133175176762273\/?ref=hl","https:\/\/x.com\/LaGuiadPamplona","https:\/\/www.instagram.com\/la_guia_de_pamplona\/","https:\/\/www.youtube.com\/user\/laguiadepamplona"]},{"@type":"Person","@id":"https:\/\/www.laguiadepamplona.com\/actualidad\/#\/schema\/person\/efe887376f0213d4657c93adc50b1fdb","name":"La Gu\u00eda de Pamplona","image":{"@type":"ImageObject","inLanguage":"es","@id":"https:\/\/secure.gravatar.com\/avatar\/b6992f131dc8d30ab0dff15446e9d346d9dbd95992de0fef795073f5ea83a81c?s=96&d=mm&r=g","url":"https:\/\/secure.gravatar.com\/avatar\/b6992f131dc8d30ab0dff15446e9d346d9dbd95992de0fef795073f5ea83a81c?s=96&d=mm&r=g","contentUrl":"https:\/\/secure.gravatar.com\/avatar\/b6992f131dc8d30ab0dff15446e9d346d9dbd95992de0fef795073f5ea83a81c?s=96&d=mm&r=g","caption":"La Gu\u00eda de Pamplona"}}]}},"post_mailing_queue_ids":[],"_links":{"self":[{"href":"https:\/\/www.laguiadepamplona.com\/actualidad\/wp-json\/wp\/v2\/posts\/24628","targetHints":{"allow":["GET"]}}],"collection":[{"href":"https:\/\/www.laguiadepamplona.com\/actualidad\/wp-json\/wp\/v2\/posts"}],"about":[{"href":"https:\/\/www.laguiadepamplona.com\/actualidad\/wp-json\/wp\/v2\/types\/post"}],"author":[{"embeddable":true,"href":"https:\/\/www.laguiadepamplona.com\/actualidad\/wp-json\/wp\/v2\/users\/1"}],"replies":[{"embeddable":true,"href":"https:\/\/www.laguiadepamplona.com\/actualidad\/wp-json\/wp\/v2\/comments?post=24628"}],"version-history":[{"count":0,"href":"https:\/\/www.laguiadepamplona.com\/actualidad\/wp-json\/wp\/v2\/posts\/24628\/revisions"}],"wp:featuredmedia":[{"embeddable":true,"href":"https:\/\/www.laguiadepamplona.com\/actualidad\/wp-json\/wp\/v2\/media\/14354"}],"wp:attachment":[{"href":"https:\/\/www.laguiadepamplona.com\/actualidad\/wp-json\/wp\/v2\/media?parent=24628"}],"wp:term":[{"taxonomy":"category","embeddable":true,"href":"https:\/\/www.laguiadepamplona.com\/actualidad\/wp-json\/wp\/v2\/categories?post=24628"},{"taxonomy":"post_tag","embeddable":true,"href":"https:\/\/www.laguiadepamplona.com\/actualidad\/wp-json\/wp\/v2\/tags?post=24628"}],"curies":[{"name":"wp","href":"https:\/\/api.w.org\/{rel}","templated":true}]}}