{"id":24623,"date":"2019-09-24T15:34:12","date_gmt":"2019-09-24T13:34:12","guid":{"rendered":"https:\/\/www.laguiadepamplona.es\/actualidad\/?p=24623"},"modified":"2019-09-24T15:34:25","modified_gmt":"2019-09-24T13:34:25","slug":"aprobada-una-declaracion-para-ratificar-la-adhesion-del-ayuntamiento-de-pamplona-al-pacto-de-milan-pacto-de-politicas-alimentarias-urbanas","status":"publish","type":"post","link":"https:\/\/www.laguiadepamplona.com\/actualidad\/aprobada-una-declaracion-para-ratificar-la-adhesion-del-ayuntamiento-de-pamplona-al-pacto-de-milan-pacto-de-politicas-alimentarias-urbanas\/","title":{"rendered":"Aprobada una declaraci\u00f3n para ratificar la adhesi\u00f3n del Ayuntamiento de Pamplona al Pacto de Mil\u00e1n \u2013 Pacto de Pol\u00edticas Alimentarias Urbanas"},"content":{"rendered":"<p><!--more--><\/p>\n<p>La Comisi\u00f3n de Presidencia ha aprobado esta ma\u00f1ana una declaraci\u00f3n presentada por el grupo municipal de EH Bildu sobre la adhesi\u00f3n de Pamplona al Pacto de Mil\u00e1n sobre pol\u00edticas alimentarias urbanas. En el primer punto, se ha acordado \u201cratificar la adhesi\u00f3n con fecha de febrero de 2016 por parte del Ayuntamiento de Pamplona \/ Iru\u00f1a al Pacto de Mil\u00e1n \u2013 Pacto de Pol\u00edticas Alimentarias Urbanas\u201d.<\/p>\n<p><script async src=\"\/\/pagead2.googlesyndication.com\/pagead\/js\/adsbygoogle.js\"><\/script><br \/>\n<!-- Noticias La Guia de Pamplona --><br \/>\n<ins class=\"adsbygoogle\"\nstyle=\"display:block\"\ndata-ad-client=\"ca-pub-6943679897239327\"\ndata-ad-slot=\"7048180777\"\ndata-ad-format=\"auto\"><\/ins><br \/>\n<script>\n(adsbygoogle = window.adsbygoogle || []).push({});\n<\/script><\/p>\n<p>En un segundo punto, la declaraci\u00f3n acuerda \u201crepresentar de forma oficial a Pamplona \/ Iru\u00f1a en el pr\u00f3ximo encuentro de ciudades firmantes del pacto el pr\u00f3ximo 7 y 9 de octubre en la ciudad francesa de Montpellier\u201d.<\/p>\n<p>La declaraci\u00f3n se ha aprobado con 6 votos a favor (EH Bildu, PSN y Geroa Bai) y 5 votos en contra (Navarra Suma).<\/p>\n","protected":false},"excerpt":{"rendered":"","protected":false},"author":1,"featured_media":21939,"comment_status":"open","ping_status":"closed","sticky":false,"template":"","format":"standard","meta":{"footnotes":""},"categories":[2],"tags":[],"class_list":["post-24623","post","type-post","status-publish","format-standard","has-post-thumbnail","hentry","category-ayuntamiento-pamplona"],"yoast_head":"<!-- This site is optimized with the Yoast SEO plugin v27.3 - https:\/\/yoast.com\/product\/yoast-seo-wordpress\/ -->\n<title>Aprobada una declaraci\u00f3n para ratificar la adhesi\u00f3n del Ayuntamiento de Pamplona al Pacto de Mil\u00e1n \u2013 Pacto de Pol\u00edticas Alimentarias Urbanas<\/title>\n<meta name=\"robots\" content=\"index, follow, max-snippet:-1, max-image-preview:large, max-video-preview:-1\" \/>\n<link rel=\"canonical\" href=\"https:\/\/www.laguiadepamplona.com\/actualidad\/aprobada-una-declaracion-para-ratificar-la-adhesion-del-ayuntamiento-de-pamplona-al-pacto-de-milan-pacto-de-politicas-alimentarias-urbanas\/\" \/>\n<meta property=\"og:locale\" content=\"es_ES\" \/>\n<meta property=\"og:type\" content=\"article\" \/>\n<meta property=\"og:title\" content=\"Aprobada una declaraci\u00f3n para ratificar la adhesi\u00f3n del Ayuntamiento de Pamplona al Pacto de Mil\u00e1n \u2013 Pacto de Pol\u00edticas Alimentarias Urbanas\" \/>\n<meta property=\"og:url\" content=\"https:\/\/www.laguiadepamplona.com\/actualidad\/aprobada-una-declaracion-para-ratificar-la-adhesion-del-ayuntamiento-de-pamplona-al-pacto-de-milan-pacto-de-politicas-alimentarias-urbanas\/\" \/>\n<meta property=\"og:site_name\" content=\"La Gu\u00eda de Pamplona\" \/>\n<meta property=\"article:publisher\" content=\"https:\/\/www.facebook.com\/laguiadepamplonacom-133175176762273\/?ref=hl\" \/>\n<meta property=\"article:published_time\" content=\"2019-09-24T13:34:12+00:00\" \/>\n<meta property=\"article:modified_time\" content=\"2019-09-24T13:34:25+00:00\" \/>\n<meta property=\"og:image\" content=\"https:\/\/www.laguiadepamplona.com\/actualidad\/wp-content\/uploads\/2019\/05\/ayuntamiento-pamplona-laguiadepamplona.jpg\" \/>\n\t<meta property=\"og:image:width\" content=\"1920\" \/>\n\t<meta property=\"og:image:height\" content=\"1100\" \/>\n\t<meta property=\"og:image:type\" content=\"image\/jpeg\" \/>\n<meta name=\"author\" content=\"La Gu\u00eda de Pamplona\" \/>\n<meta name=\"twitter:card\" content=\"summary_large_image\" \/>\n<meta name=\"twitter:creator\" content=\"@LaGuiadPamplona\" \/>\n<meta name=\"twitter:site\" content=\"@LaGuiadPamplona\" \/>\n<meta name=\"twitter:label1\" content=\"Escrito por\" \/>\n\t<meta name=\"twitter:data1\" content=\"La Gu\u00eda de Pamplona\" \/>\n\t<meta name=\"twitter:label2\" content=\"Tiempo de lectura\" \/>\n\t<meta name=\"twitter:data2\" content=\"1 minuto\" \/>\n<script type=\"application\/ld+json\" class=\"yoast-schema-graph\">{\"@context\":\"https:\\\/\\\/schema.org\",\"@graph\":[{\"@type\":\"Article\",\"@id\":\"https:\\\/\\\/www.laguiadepamplona.com\\\/actualidad\\\/aprobada-una-declaracion-para-ratificar-la-adhesion-del-ayuntamiento-de-pamplona-al-pacto-de-milan-pacto-de-politicas-alimentarias-urbanas\\\/#article\",\"isPartOf\":{\"@id\":\"https:\\\/\\\/www.laguiadepamplona.com\\\/actualidad\\\/aprobada-una-declaracion-para-ratificar-la-adhesion-del-ayuntamiento-de-pamplona-al-pacto-de-milan-pacto-de-politicas-alimentarias-urbanas\\\/\"},\"author\":{\"name\":\"La Gu\u00eda de Pamplona\",\"@id\":\"https:\\\/\\\/www.laguiadepamplona.com\\\/actualidad\\\/#\\\/schema\\\/person\\\/efe887376f0213d4657c93adc50b1fdb\"},\"headline\":\"Aprobada una declaraci\u00f3n para ratificar la adhesi\u00f3n del Ayuntamiento de Pamplona al Pacto de Mil\u00e1n \u2013 Pacto de Pol\u00edticas Alimentarias Urbanas\",\"datePublished\":\"2019-09-24T13:34:12+00:00\",\"dateModified\":\"2019-09-24T13:34:25+00:00\",\"mainEntityOfPage\":{\"@id\":\"https:\\\/\\\/www.laguiadepamplona.com\\\/actualidad\\\/aprobada-una-declaracion-para-ratificar-la-adhesion-del-ayuntamiento-de-pamplona-al-pacto-de-milan-pacto-de-politicas-alimentarias-urbanas\\\/\"},\"wordCount\":156,\"commentCount\":0,\"publisher\":{\"@id\":\"https:\\\/\\\/www.laguiadepamplona.com\\\/actualidad\\\/#organization\"},\"image\":{\"@id\":\"https:\\\/\\\/www.laguiadepamplona.com\\\/actualidad\\\/aprobada-una-declaracion-para-ratificar-la-adhesion-del-ayuntamiento-de-pamplona-al-pacto-de-milan-pacto-de-politicas-alimentarias-urbanas\\\/#primaryimage\"},\"thumbnailUrl\":\"https:\\\/\\\/www.laguiadepamplona.com\\\/actualidad\\\/wp-content\\\/uploads\\\/2019\\\/05\\\/ayuntamiento-pamplona-laguiadepamplona.jpg\",\"articleSection\":[\"Ayto Pamplona\"],\"inLanguage\":\"es\",\"potentialAction\":[{\"@type\":\"CommentAction\",\"name\":\"Comment\",\"target\":[\"https:\\\/\\\/www.laguiadepamplona.com\\\/actualidad\\\/aprobada-una-declaracion-para-ratificar-la-adhesion-del-ayuntamiento-de-pamplona-al-pacto-de-milan-pacto-de-politicas-alimentarias-urbanas\\\/#respond\"]}]},{\"@type\":\"WebPage\",\"@id\":\"https:\\\/\\\/www.laguiadepamplona.com\\\/actualidad\\\/aprobada-una-declaracion-para-ratificar-la-adhesion-del-ayuntamiento-de-pamplona-al-pacto-de-milan-pacto-de-politicas-alimentarias-urbanas\\\/\",\"url\":\"https:\\\/\\\/www.laguiadepamplona.com\\\/actualidad\\\/aprobada-una-declaracion-para-ratificar-la-adhesion-del-ayuntamiento-de-pamplona-al-pacto-de-milan-pacto-de-politicas-alimentarias-urbanas\\\/\",\"name\":\"Aprobada una declaraci\u00f3n para ratificar la adhesi\u00f3n del Ayuntamiento de Pamplona al Pacto de Mil\u00e1n \u2013 Pacto de Pol\u00edticas Alimentarias Urbanas\",\"isPartOf\":{\"@id\":\"https:\\\/\\\/www.laguiadepamplona.com\\\/actualidad\\\/#website\"},\"primaryImageOfPage\":{\"@id\":\"https:\\\/\\\/www.laguiadepamplona.com\\\/actualidad\\\/aprobada-una-declaracion-para-ratificar-la-adhesion-del-ayuntamiento-de-pamplona-al-pacto-de-milan-pacto-de-politicas-alimentarias-urbanas\\\/#primaryimage\"},\"image\":{\"@id\":\"https:\\\/\\\/www.laguiadepamplona.com\\\/actualidad\\\/aprobada-una-declaracion-para-ratificar-la-adhesion-del-ayuntamiento-de-pamplona-al-pacto-de-milan-pacto-de-politicas-alimentarias-urbanas\\\/#primaryimage\"},\"thumbnailUrl\":\"https:\\\/\\\/www.laguiadepamplona.com\\\/actualidad\\\/wp-content\\\/uploads\\\/2019\\\/05\\\/ayuntamiento-pamplona-laguiadepamplona.jpg\",\"datePublished\":\"2019-09-24T13:34:12+00:00\",\"dateModified\":\"2019-09-24T13:34:25+00:00\",\"breadcrumb\":{\"@id\":\"https:\\\/\\\/www.laguiadepamplona.com\\\/actualidad\\\/aprobada-una-declaracion-para-ratificar-la-adhesion-del-ayuntamiento-de-pamplona-al-pacto-de-milan-pacto-de-politicas-alimentarias-urbanas\\\/#breadcrumb\"},\"inLanguage\":\"es\",\"potentialAction\":[{\"@type\":\"ReadAction\",\"target\":[\"https:\\\/\\\/www.laguiadepamplona.com\\\/actualidad\\\/aprobada-una-declaracion-para-ratificar-la-adhesion-del-ayuntamiento-de-pamplona-al-pacto-de-milan-pacto-de-politicas-alimentarias-urbanas\\\/\"]}]},{\"@type\":\"ImageObject\",\"inLanguage\":\"es\",\"@id\":\"https:\\\/\\\/www.laguiadepamplona.com\\\/actualidad\\\/aprobada-una-declaracion-para-ratificar-la-adhesion-del-ayuntamiento-de-pamplona-al-pacto-de-milan-pacto-de-politicas-alimentarias-urbanas\\\/#primaryimage\",\"url\":\"https:\\\/\\\/www.laguiadepamplona.com\\\/actualidad\\\/wp-content\\\/uploads\\\/2019\\\/05\\\/ayuntamiento-pamplona-laguiadepamplona.jpg\",\"contentUrl\":\"https:\\\/\\\/www.laguiadepamplona.com\\\/actualidad\\\/wp-content\\\/uploads\\\/2019\\\/05\\\/ayuntamiento-pamplona-laguiadepamplona.jpg\",\"width\":1920,\"height\":1100},{\"@type\":\"BreadcrumbList\",\"@id\":\"https:\\\/\\\/www.laguiadepamplona.com\\\/actualidad\\\/aprobada-una-declaracion-para-ratificar-la-adhesion-del-ayuntamiento-de-pamplona-al-pacto-de-milan-pacto-de-politicas-alimentarias-urbanas\\\/#breadcrumb\",\"itemListElement\":[{\"@type\":\"ListItem\",\"position\":1,\"name\":\"Portada\",\"item\":\"https:\\\/\\\/www.laguiadepamplona.com\\\/actualidad\\\/\"},{\"@type\":\"ListItem\",\"position\":2,\"name\":\"Aprobada una declaraci\u00f3n para ratificar la adhesi\u00f3n del Ayuntamiento de Pamplona al Pacto de Mil\u00e1n \u2013 Pacto de Pol\u00edticas Alimentarias Urbanas\"}]},{\"@type\":\"WebSite\",\"@id\":\"https:\\\/\\\/www.laguiadepamplona.com\\\/actualidad\\\/#website\",\"url\":\"https:\\\/\\\/www.laguiadepamplona.com\\\/actualidad\\\/\",\"name\":\"La gu\u00eda de Pamplona\",\"description\":\"Noticias de Pamplona\",\"publisher\":{\"@id\":\"https:\\\/\\\/www.laguiadepamplona.com\\\/actualidad\\\/#organization\"},\"potentialAction\":[{\"@type\":\"SearchAction\",\"target\":{\"@type\":\"EntryPoint\",\"urlTemplate\":\"https:\\\/\\\/www.laguiadepamplona.com\\\/actualidad\\\/?s={search_term_string}\"},\"query-input\":{\"@type\":\"PropertyValueSpecification\",\"valueRequired\":true,\"valueName\":\"search_term_string\"}}],\"inLanguage\":\"es\"},{\"@type\":\"Organization\",\"@id\":\"https:\\\/\\\/www.laguiadepamplona.com\\\/actualidad\\\/#organization\",\"name\":\"La Gu\u00eda de Pamplona \\\/ Noticias\",\"url\":\"https:\\\/\\\/www.laguiadepamplona.com\\\/actualidad\\\/\",\"logo\":{\"@type\":\"ImageObject\",\"inLanguage\":\"es\",\"@id\":\"https:\\\/\\\/www.laguiadepamplona.com\\\/actualidad\\\/#\\\/schema\\\/logo\\\/image\\\/\",\"url\":\"https:\\\/\\\/www.laguiadepamplona.com\\\/actualidad\\\/wp-content\\\/uploads\\\/2018\\\/11\\\/logo-laguiadepamplona18-web1.png\",\"contentUrl\":\"https:\\\/\\\/www.laguiadepamplona.com\\\/actualidad\\\/wp-content\\\/uploads\\\/2018\\\/11\\\/logo-laguiadepamplona18-web1.png\",\"width\":600,\"height\":196,\"caption\":\"La Gu\u00eda de Pamplona \\\/ Noticias\"},\"image\":{\"@id\":\"https:\\\/\\\/www.laguiadepamplona.com\\\/actualidad\\\/#\\\/schema\\\/logo\\\/image\\\/\"},\"sameAs\":[\"https:\\\/\\\/www.facebook.com\\\/laguiadepamplonacom-133175176762273\\\/?ref=hl\",\"https:\\\/\\\/x.com\\\/LaGuiadPamplona\",\"https:\\\/\\\/www.instagram.com\\\/la_guia_de_pamplona\\\/\",\"https:\\\/\\\/www.youtube.com\\\/user\\\/laguiadepamplona\"]},{\"@type\":\"Person\",\"@id\":\"https:\\\/\\\/www.laguiadepamplona.com\\\/actualidad\\\/#\\\/schema\\\/person\\\/efe887376f0213d4657c93adc50b1fdb\",\"name\":\"La Gu\u00eda de Pamplona\",\"image\":{\"@type\":\"ImageObject\",\"inLanguage\":\"es\",\"@id\":\"https:\\\/\\\/secure.gravatar.com\\\/avatar\\\/b6992f131dc8d30ab0dff15446e9d346d9dbd95992de0fef795073f5ea83a81c?s=96&d=mm&r=g\",\"url\":\"https:\\\/\\\/secure.gravatar.com\\\/avatar\\\/b6992f131dc8d30ab0dff15446e9d346d9dbd95992de0fef795073f5ea83a81c?s=96&d=mm&r=g\",\"contentUrl\":\"https:\\\/\\\/secure.gravatar.com\\\/avatar\\\/b6992f131dc8d30ab0dff15446e9d346d9dbd95992de0fef795073f5ea83a81c?s=96&d=mm&r=g\",\"caption\":\"La Gu\u00eda de Pamplona\"}}]}<\/script>\n<!-- \/ Yoast SEO plugin. -->","yoast_head_json":{"title":"Aprobada una declaraci\u00f3n para ratificar la adhesi\u00f3n del Ayuntamiento de Pamplona al Pacto de Mil\u00e1n \u2013 Pacto de Pol\u00edticas Alimentarias Urbanas","robots":{"index":"index","follow":"follow","max-snippet":"max-snippet:-1","max-image-preview":"max-image-preview:large","max-video-preview":"max-video-preview:-1"},"canonical":"https:\/\/www.laguiadepamplona.com\/actualidad\/aprobada-una-declaracion-para-ratificar-la-adhesion-del-ayuntamiento-de-pamplona-al-pacto-de-milan-pacto-de-politicas-alimentarias-urbanas\/","og_locale":"es_ES","og_type":"article","og_title":"Aprobada una declaraci\u00f3n para ratificar la adhesi\u00f3n del Ayuntamiento de Pamplona al Pacto de Mil\u00e1n \u2013 Pacto de Pol\u00edticas Alimentarias Urbanas","og_url":"https:\/\/www.laguiadepamplona.com\/actualidad\/aprobada-una-declaracion-para-ratificar-la-adhesion-del-ayuntamiento-de-pamplona-al-pacto-de-milan-pacto-de-politicas-alimentarias-urbanas\/","og_site_name":"La Gu\u00eda de Pamplona","article_publisher":"https:\/\/www.facebook.com\/laguiadepamplonacom-133175176762273\/?ref=hl","article_published_time":"2019-09-24T13:34:12+00:00","article_modified_time":"2019-09-24T13:34:25+00:00","og_image":[{"width":1920,"height":1100,"url":"https:\/\/www.laguiadepamplona.com\/actualidad\/wp-content\/uploads\/2019\/05\/ayuntamiento-pamplona-laguiadepamplona.jpg","type":"image\/jpeg"}],"author":"La Gu\u00eda de Pamplona","twitter_card":"summary_large_image","twitter_creator":"@LaGuiadPamplona","twitter_site":"@LaGuiadPamplona","twitter_misc":{"Escrito por":"La Gu\u00eda de Pamplona","Tiempo de lectura":"1 minuto"},"schema":{"@context":"https:\/\/schema.org","@graph":[{"@type":"Article","@id":"https:\/\/www.laguiadepamplona.com\/actualidad\/aprobada-una-declaracion-para-ratificar-la-adhesion-del-ayuntamiento-de-pamplona-al-pacto-de-milan-pacto-de-politicas-alimentarias-urbanas\/#article","isPartOf":{"@id":"https:\/\/www.laguiadepamplona.com\/actualidad\/aprobada-una-declaracion-para-ratificar-la-adhesion-del-ayuntamiento-de-pamplona-al-pacto-de-milan-pacto-de-politicas-alimentarias-urbanas\/"},"author":{"name":"La Gu\u00eda de Pamplona","@id":"https:\/\/www.laguiadepamplona.com\/actualidad\/#\/schema\/person\/efe887376f0213d4657c93adc50b1fdb"},"headline":"Aprobada una declaraci\u00f3n para ratificar la adhesi\u00f3n del Ayuntamiento de Pamplona al Pacto de Mil\u00e1n \u2013 Pacto de Pol\u00edticas Alimentarias Urbanas","datePublished":"2019-09-24T13:34:12+00:00","dateModified":"2019-09-24T13:34:25+00:00","mainEntityOfPage":{"@id":"https:\/\/www.laguiadepamplona.com\/actualidad\/aprobada-una-declaracion-para-ratificar-la-adhesion-del-ayuntamiento-de-pamplona-al-pacto-de-milan-pacto-de-politicas-alimentarias-urbanas\/"},"wordCount":156,"commentCount":0,"publisher":{"@id":"https:\/\/www.laguiadepamplona.com\/actualidad\/#organization"},"image":{"@id":"https:\/\/www.laguiadepamplona.com\/actualidad\/aprobada-una-declaracion-para-ratificar-la-adhesion-del-ayuntamiento-de-pamplona-al-pacto-de-milan-pacto-de-politicas-alimentarias-urbanas\/#primaryimage"},"thumbnailUrl":"https:\/\/www.laguiadepamplona.com\/actualidad\/wp-content\/uploads\/2019\/05\/ayuntamiento-pamplona-laguiadepamplona.jpg","articleSection":["Ayto Pamplona"],"inLanguage":"es","potentialAction":[{"@type":"CommentAction","name":"Comment","target":["https:\/\/www.laguiadepamplona.com\/actualidad\/aprobada-una-declaracion-para-ratificar-la-adhesion-del-ayuntamiento-de-pamplona-al-pacto-de-milan-pacto-de-politicas-alimentarias-urbanas\/#respond"]}]},{"@type":"WebPage","@id":"https:\/\/www.laguiadepamplona.com\/actualidad\/aprobada-una-declaracion-para-ratificar-la-adhesion-del-ayuntamiento-de-pamplona-al-pacto-de-milan-pacto-de-politicas-alimentarias-urbanas\/","url":"https:\/\/www.laguiadepamplona.com\/actualidad\/aprobada-una-declaracion-para-ratificar-la-adhesion-del-ayuntamiento-de-pamplona-al-pacto-de-milan-pacto-de-politicas-alimentarias-urbanas\/","name":"Aprobada una declaraci\u00f3n para ratificar la adhesi\u00f3n del Ayuntamiento de Pamplona al Pacto de Mil\u00e1n \u2013 Pacto de Pol\u00edticas Alimentarias Urbanas","isPartOf":{"@id":"https:\/\/www.laguiadepamplona.com\/actualidad\/#website"},"primaryImageOfPage":{"@id":"https:\/\/www.laguiadepamplona.com\/actualidad\/aprobada-una-declaracion-para-ratificar-la-adhesion-del-ayuntamiento-de-pamplona-al-pacto-de-milan-pacto-de-politicas-alimentarias-urbanas\/#primaryimage"},"image":{"@id":"https:\/\/www.laguiadepamplona.com\/actualidad\/aprobada-una-declaracion-para-ratificar-la-adhesion-del-ayuntamiento-de-pamplona-al-pacto-de-milan-pacto-de-politicas-alimentarias-urbanas\/#primaryimage"},"thumbnailUrl":"https:\/\/www.laguiadepamplona.com\/actualidad\/wp-content\/uploads\/2019\/05\/ayuntamiento-pamplona-laguiadepamplona.jpg","datePublished":"2019-09-24T13:34:12+00:00","dateModified":"2019-09-24T13:34:25+00:00","breadcrumb":{"@id":"https:\/\/www.laguiadepamplona.com\/actualidad\/aprobada-una-declaracion-para-ratificar-la-adhesion-del-ayuntamiento-de-pamplona-al-pacto-de-milan-pacto-de-politicas-alimentarias-urbanas\/#breadcrumb"},"inLanguage":"es","potentialAction":[{"@type":"ReadAction","target":["https:\/\/www.laguiadepamplona.com\/actualidad\/aprobada-una-declaracion-para-ratificar-la-adhesion-del-ayuntamiento-de-pamplona-al-pacto-de-milan-pacto-de-politicas-alimentarias-urbanas\/"]}]},{"@type":"ImageObject","inLanguage":"es","@id":"https:\/\/www.laguiadepamplona.com\/actualidad\/aprobada-una-declaracion-para-ratificar-la-adhesion-del-ayuntamiento-de-pamplona-al-pacto-de-milan-pacto-de-politicas-alimentarias-urbanas\/#primaryimage","url":"https:\/\/www.laguiadepamplona.com\/actualidad\/wp-content\/uploads\/2019\/05\/ayuntamiento-pamplona-laguiadepamplona.jpg","contentUrl":"https:\/\/www.laguiadepamplona.com\/actualidad\/wp-content\/uploads\/2019\/05\/ayuntamiento-pamplona-laguiadepamplona.jpg","width":1920,"height":1100},{"@type":"BreadcrumbList","@id":"https:\/\/www.laguiadepamplona.com\/actualidad\/aprobada-una-declaracion-para-ratificar-la-adhesion-del-ayuntamiento-de-pamplona-al-pacto-de-milan-pacto-de-politicas-alimentarias-urbanas\/#breadcrumb","itemListElement":[{"@type":"ListItem","position":1,"name":"Portada","item":"https:\/\/www.laguiadepamplona.com\/actualidad\/"},{"@type":"ListItem","position":2,"name":"Aprobada una declaraci\u00f3n para ratificar la adhesi\u00f3n del Ayuntamiento de Pamplona al Pacto de Mil\u00e1n \u2013 Pacto de Pol\u00edticas Alimentarias Urbanas"}]},{"@type":"WebSite","@id":"https:\/\/www.laguiadepamplona.com\/actualidad\/#website","url":"https:\/\/www.laguiadepamplona.com\/actualidad\/","name":"La gu\u00eda de Pamplona","description":"Noticias de Pamplona","publisher":{"@id":"https:\/\/www.laguiadepamplona.com\/actualidad\/#organization"},"potentialAction":[{"@type":"SearchAction","target":{"@type":"EntryPoint","urlTemplate":"https:\/\/www.laguiadepamplona.com\/actualidad\/?s={search_term_string}"},"query-input":{"@type":"PropertyValueSpecification","valueRequired":true,"valueName":"search_term_string"}}],"inLanguage":"es"},{"@type":"Organization","@id":"https:\/\/www.laguiadepamplona.com\/actualidad\/#organization","name":"La Gu\u00eda de Pamplona \/ Noticias","url":"https:\/\/www.laguiadepamplona.com\/actualidad\/","logo":{"@type":"ImageObject","inLanguage":"es","@id":"https:\/\/www.laguiadepamplona.com\/actualidad\/#\/schema\/logo\/image\/","url":"https:\/\/www.laguiadepamplona.com\/actualidad\/wp-content\/uploads\/2018\/11\/logo-laguiadepamplona18-web1.png","contentUrl":"https:\/\/www.laguiadepamplona.com\/actualidad\/wp-content\/uploads\/2018\/11\/logo-laguiadepamplona18-web1.png","width":600,"height":196,"caption":"La Gu\u00eda de Pamplona \/ Noticias"},"image":{"@id":"https:\/\/www.laguiadepamplona.com\/actualidad\/#\/schema\/logo\/image\/"},"sameAs":["https:\/\/www.facebook.com\/laguiadepamplonacom-133175176762273\/?ref=hl","https:\/\/x.com\/LaGuiadPamplona","https:\/\/www.instagram.com\/la_guia_de_pamplona\/","https:\/\/www.youtube.com\/user\/laguiadepamplona"]},{"@type":"Person","@id":"https:\/\/www.laguiadepamplona.com\/actualidad\/#\/schema\/person\/efe887376f0213d4657c93adc50b1fdb","name":"La Gu\u00eda de Pamplona","image":{"@type":"ImageObject","inLanguage":"es","@id":"https:\/\/secure.gravatar.com\/avatar\/b6992f131dc8d30ab0dff15446e9d346d9dbd95992de0fef795073f5ea83a81c?s=96&d=mm&r=g","url":"https:\/\/secure.gravatar.com\/avatar\/b6992f131dc8d30ab0dff15446e9d346d9dbd95992de0fef795073f5ea83a81c?s=96&d=mm&r=g","contentUrl":"https:\/\/secure.gravatar.com\/avatar\/b6992f131dc8d30ab0dff15446e9d346d9dbd95992de0fef795073f5ea83a81c?s=96&d=mm&r=g","caption":"La Gu\u00eda de Pamplona"}}]}},"post_mailing_queue_ids":[],"_links":{"self":[{"href":"https:\/\/www.laguiadepamplona.com\/actualidad\/wp-json\/wp\/v2\/posts\/24623","targetHints":{"allow":["GET"]}}],"collection":[{"href":"https:\/\/www.laguiadepamplona.com\/actualidad\/wp-json\/wp\/v2\/posts"}],"about":[{"href":"https:\/\/www.laguiadepamplona.com\/actualidad\/wp-json\/wp\/v2\/types\/post"}],"author":[{"embeddable":true,"href":"https:\/\/www.laguiadepamplona.com\/actualidad\/wp-json\/wp\/v2\/users\/1"}],"replies":[{"embeddable":true,"href":"https:\/\/www.laguiadepamplona.com\/actualidad\/wp-json\/wp\/v2\/comments?post=24623"}],"version-history":[{"count":0,"href":"https:\/\/www.laguiadepamplona.com\/actualidad\/wp-json\/wp\/v2\/posts\/24623\/revisions"}],"wp:featuredmedia":[{"embeddable":true,"href":"https:\/\/www.laguiadepamplona.com\/actualidad\/wp-json\/wp\/v2\/media\/21939"}],"wp:attachment":[{"href":"https:\/\/www.laguiadepamplona.com\/actualidad\/wp-json\/wp\/v2\/media?parent=24623"}],"wp:term":[{"taxonomy":"category","embeddable":true,"href":"https:\/\/www.laguiadepamplona.com\/actualidad\/wp-json\/wp\/v2\/categories?post=24623"},{"taxonomy":"post_tag","embeddable":true,"href":"https:\/\/www.laguiadepamplona.com\/actualidad\/wp-json\/wp\/v2\/tags?post=24623"}],"curies":[{"name":"wp","href":"https:\/\/api.w.org\/{rel}","templated":true}]}}