{"id":24618,"date":"2019-09-24T15:33:14","date_gmt":"2019-09-24T13:33:14","guid":{"rendered":"https:\/\/www.laguiadepamplona.es\/actualidad\/?p=24618"},"modified":"2019-09-24T15:33:25","modified_gmt":"2019-09-24T13:33:25","slug":"a-lo-largo-del-mes-de-septiembre-los-distintos-servicios-y-recursos-municipales-han-ido-recuperando-sus-horarios-de-invierno","status":"publish","type":"post","link":"https:\/\/www.laguiadepamplona.com\/actualidad\/a-lo-largo-del-mes-de-septiembre-los-distintos-servicios-y-recursos-municipales-han-ido-recuperando-sus-horarios-de-invierno\/","title":{"rendered":"A lo largo del mes de septiembre los distintos servicios y recursos municipales han ido recuperando sus horarios de invierno"},"content":{"rendered":"<p><!--more--><\/p>\n<p>Con el mes de septiembre han recuperado sus horarios de invierno distintos servicios del Ayuntamiento de Pamplona. El Museo de Educaci\u00f3n Ambiental del Ayuntamiento de Pamplona (calle Errotazar s\/n) abre desde la semana pasada sus puertas de martes a jueves de 10 a 13 horas y de 18 a 20 horas, y los viernes es accesible al p\u00fablico de 10 a 13 horas.<\/p>\n<p>Los civivox tambi\u00e9n han comenzado este mes con sus horarios habituales. Condestable (Mayor, 2) abre de lunes a viernes de 8 a 22 horas y los s\u00e1bados y domingos de 9 a 14 y de 17 a 22 horas. Los otros seis Civivox, de lunes a s\u00e1bado de 9 a 14 y de 17 a 22 horas. Los Civivox Iturrama, Mendillorri y San Jorge abrir\u00e1n tambi\u00e9n los domingos, pero en funci\u00f3n de la programaci\u00f3n que vayan a acoger esos d\u00edas festivos.<\/p>\n<p><script async src=\"\/\/pagead2.googlesyndication.com\/pagead\/js\/adsbygoogle.js\"><\/script><br \/>\n<!-- Noticias La Guia de Pamplona --><br \/>\n<ins class=\"adsbygoogle\"\nstyle=\"display:block\"\ndata-ad-client=\"ca-pub-6943679897239327\"\ndata-ad-slot=\"7048180777\"\ndata-ad-format=\"auto\"><\/ins><br \/>\n<script>\n(adsbygoogle = window.adsbygoogle || []).push({});\n<\/script><\/p>\n<p>Por su parte la Casa de la Juventud (calle Sang\u00fcesa, 30) es un servicio que abre de lunes a domingo. Durante la semana laborable abre de 9 a 14 horas y de 17 a 22 horas, los s\u00e1bados de 10 a 14 y de 17 a 21 horas y los domingos de 10 a 14 horas. Asimismo, el centro municipal dedicado a la igualdad y centrado en el binomio nuevas tecnolog\u00edas y mujeres Ematic (calle Compa\u00f1\u00eda 29) est\u00e1 disponible para la ciudadan\u00eda con sus ordenadores de acceso libre y sus salas de reuniones y formaci\u00f3n en horario de lunes a viernes de 10 a 13.30 horas y de 16 a 19.30 horas, y los s\u00e1bados de 10 a 13 horas.<\/p>\n<p>Tambi\u00e9n vuelve a su horario de invierno Harrotu (calle San Gregorio, 28), el centro de Informaci\u00f3n y Atenci\u00f3n a la Diversidad Sexual y de G\u00e9nero del Ayuntamiento de Pamplona. Trabaja de lunes a viernes de 9.30 a 13.30 horas y de 16 a 20 horas.<\/p>\n<p>A principios de mes retom\u00f3 su horario habitual de atenci\u00f3n al p\u00fablico Zentro, Espacio Colaborativo (segunda planta del Palacio del Condestable en la calle Mayor, 2). Su horario invernal es de lunes a viernes de 9 a 14 horas y de 17 a 20 horas. Tambi\u00e9n las bibliotecas p\u00fablicas est\u00e1n ya con su funcionamiento habitual de los meses de invierno. As\u00ed, las de Etxabakoitz, Txantrea, Milagrosa, Iturrama, San Francisco, San Jorge, San Pedro y Yamaguchi abrir\u00e1n de lunes a viernes de 14 a 20 horas y a la Biblioteca P\u00fablica de San Francisco se podr\u00e1 acudir de lunes a viernes de 8.30 a 20.30 horas.<\/p>\n","protected":false},"excerpt":{"rendered":"","protected":false},"author":1,"featured_media":17390,"comment_status":"open","ping_status":"closed","sticky":false,"template":"","format":"standard","meta":{"footnotes":""},"categories":[2],"tags":[],"class_list":["post-24618","post","type-post","status-publish","format-standard","has-post-thumbnail","hentry","category-ayuntamiento-pamplona"],"yoast_head":"<!-- This site is optimized with the Yoast SEO plugin v27.3 - https:\/\/yoast.com\/product\/yoast-seo-wordpress\/ -->\n<title>A lo largo del mes de septiembre los distintos servicios y recursos municipales han ido recuperando sus horarios de invierno<\/title>\n<meta name=\"robots\" content=\"index, follow, max-snippet:-1, max-image-preview:large, max-video-preview:-1\" \/>\n<link rel=\"canonical\" href=\"https:\/\/www.laguiadepamplona.com\/actualidad\/a-lo-largo-del-mes-de-septiembre-los-distintos-servicios-y-recursos-municipales-han-ido-recuperando-sus-horarios-de-invierno\/\" \/>\n<meta property=\"og:locale\" content=\"es_ES\" \/>\n<meta property=\"og:type\" content=\"article\" \/>\n<meta property=\"og:title\" content=\"A lo largo del mes de septiembre los distintos servicios y recursos municipales han ido recuperando sus horarios de invierno\" \/>\n<meta property=\"og:url\" content=\"https:\/\/www.laguiadepamplona.com\/actualidad\/a-lo-largo-del-mes-de-septiembre-los-distintos-servicios-y-recursos-municipales-han-ido-recuperando-sus-horarios-de-invierno\/\" \/>\n<meta property=\"og:site_name\" content=\"La Gu\u00eda de Pamplona\" \/>\n<meta property=\"article:publisher\" content=\"https:\/\/www.facebook.com\/laguiadepamplonacom-133175176762273\/?ref=hl\" \/>\n<meta property=\"article:published_time\" content=\"2019-09-24T13:33:14+00:00\" \/>\n<meta property=\"article:modified_time\" content=\"2019-09-24T13:33:25+00:00\" \/>\n<meta property=\"og:image\" content=\"https:\/\/www.laguiadepamplona.com\/actualidad\/wp-content\/uploads\/2018\/05\/palacio-condestable.jpg\" \/>\n\t<meta property=\"og:image:width\" content=\"950\" \/>\n\t<meta property=\"og:image:height\" content=\"634\" \/>\n\t<meta property=\"og:image:type\" content=\"image\/jpeg\" \/>\n<meta name=\"author\" content=\"La Gu\u00eda de Pamplona\" \/>\n<meta name=\"twitter:card\" content=\"summary_large_image\" \/>\n<meta name=\"twitter:creator\" content=\"@LaGuiadPamplona\" \/>\n<meta name=\"twitter:site\" content=\"@LaGuiadPamplona\" \/>\n<meta name=\"twitter:label1\" content=\"Escrito por\" \/>\n\t<meta name=\"twitter:data1\" content=\"La Gu\u00eda de Pamplona\" \/>\n\t<meta name=\"twitter:label2\" content=\"Tiempo de lectura\" \/>\n\t<meta name=\"twitter:data2\" content=\"2 minutos\" \/>\n<script type=\"application\/ld+json\" class=\"yoast-schema-graph\">{\"@context\":\"https:\\\/\\\/schema.org\",\"@graph\":[{\"@type\":\"Article\",\"@id\":\"https:\\\/\\\/www.laguiadepamplona.com\\\/actualidad\\\/a-lo-largo-del-mes-de-septiembre-los-distintos-servicios-y-recursos-municipales-han-ido-recuperando-sus-horarios-de-invierno\\\/#article\",\"isPartOf\":{\"@id\":\"https:\\\/\\\/www.laguiadepamplona.com\\\/actualidad\\\/a-lo-largo-del-mes-de-septiembre-los-distintos-servicios-y-recursos-municipales-han-ido-recuperando-sus-horarios-de-invierno\\\/\"},\"author\":{\"name\":\"La Gu\u00eda de Pamplona\",\"@id\":\"https:\\\/\\\/www.laguiadepamplona.com\\\/actualidad\\\/#\\\/schema\\\/person\\\/efe887376f0213d4657c93adc50b1fdb\"},\"headline\":\"A lo largo del mes de septiembre los distintos servicios y recursos municipales han ido recuperando sus horarios de invierno\",\"datePublished\":\"2019-09-24T13:33:14+00:00\",\"dateModified\":\"2019-09-24T13:33:25+00:00\",\"mainEntityOfPage\":{\"@id\":\"https:\\\/\\\/www.laguiadepamplona.com\\\/actualidad\\\/a-lo-largo-del-mes-de-septiembre-los-distintos-servicios-y-recursos-municipales-han-ido-recuperando-sus-horarios-de-invierno\\\/\"},\"wordCount\":414,\"commentCount\":0,\"publisher\":{\"@id\":\"https:\\\/\\\/www.laguiadepamplona.com\\\/actualidad\\\/#organization\"},\"image\":{\"@id\":\"https:\\\/\\\/www.laguiadepamplona.com\\\/actualidad\\\/a-lo-largo-del-mes-de-septiembre-los-distintos-servicios-y-recursos-municipales-han-ido-recuperando-sus-horarios-de-invierno\\\/#primaryimage\"},\"thumbnailUrl\":\"https:\\\/\\\/www.laguiadepamplona.com\\\/actualidad\\\/wp-content\\\/uploads\\\/2018\\\/05\\\/palacio-condestable.jpg\",\"articleSection\":[\"Ayto Pamplona\"],\"inLanguage\":\"es\",\"potentialAction\":[{\"@type\":\"CommentAction\",\"name\":\"Comment\",\"target\":[\"https:\\\/\\\/www.laguiadepamplona.com\\\/actualidad\\\/a-lo-largo-del-mes-de-septiembre-los-distintos-servicios-y-recursos-municipales-han-ido-recuperando-sus-horarios-de-invierno\\\/#respond\"]}]},{\"@type\":\"WebPage\",\"@id\":\"https:\\\/\\\/www.laguiadepamplona.com\\\/actualidad\\\/a-lo-largo-del-mes-de-septiembre-los-distintos-servicios-y-recursos-municipales-han-ido-recuperando-sus-horarios-de-invierno\\\/\",\"url\":\"https:\\\/\\\/www.laguiadepamplona.com\\\/actualidad\\\/a-lo-largo-del-mes-de-septiembre-los-distintos-servicios-y-recursos-municipales-han-ido-recuperando-sus-horarios-de-invierno\\\/\",\"name\":\"A lo largo del mes de septiembre los distintos servicios y recursos municipales han ido recuperando sus horarios de invierno\",\"isPartOf\":{\"@id\":\"https:\\\/\\\/www.laguiadepamplona.com\\\/actualidad\\\/#website\"},\"primaryImageOfPage\":{\"@id\":\"https:\\\/\\\/www.laguiadepamplona.com\\\/actualidad\\\/a-lo-largo-del-mes-de-septiembre-los-distintos-servicios-y-recursos-municipales-han-ido-recuperando-sus-horarios-de-invierno\\\/#primaryimage\"},\"image\":{\"@id\":\"https:\\\/\\\/www.laguiadepamplona.com\\\/actualidad\\\/a-lo-largo-del-mes-de-septiembre-los-distintos-servicios-y-recursos-municipales-han-ido-recuperando-sus-horarios-de-invierno\\\/#primaryimage\"},\"thumbnailUrl\":\"https:\\\/\\\/www.laguiadepamplona.com\\\/actualidad\\\/wp-content\\\/uploads\\\/2018\\\/05\\\/palacio-condestable.jpg\",\"datePublished\":\"2019-09-24T13:33:14+00:00\",\"dateModified\":\"2019-09-24T13:33:25+00:00\",\"breadcrumb\":{\"@id\":\"https:\\\/\\\/www.laguiadepamplona.com\\\/actualidad\\\/a-lo-largo-del-mes-de-septiembre-los-distintos-servicios-y-recursos-municipales-han-ido-recuperando-sus-horarios-de-invierno\\\/#breadcrumb\"},\"inLanguage\":\"es\",\"potentialAction\":[{\"@type\":\"ReadAction\",\"target\":[\"https:\\\/\\\/www.laguiadepamplona.com\\\/actualidad\\\/a-lo-largo-del-mes-de-septiembre-los-distintos-servicios-y-recursos-municipales-han-ido-recuperando-sus-horarios-de-invierno\\\/\"]}]},{\"@type\":\"ImageObject\",\"inLanguage\":\"es\",\"@id\":\"https:\\\/\\\/www.laguiadepamplona.com\\\/actualidad\\\/a-lo-largo-del-mes-de-septiembre-los-distintos-servicios-y-recursos-municipales-han-ido-recuperando-sus-horarios-de-invierno\\\/#primaryimage\",\"url\":\"https:\\\/\\\/www.laguiadepamplona.com\\\/actualidad\\\/wp-content\\\/uploads\\\/2018\\\/05\\\/palacio-condestable.jpg\",\"contentUrl\":\"https:\\\/\\\/www.laguiadepamplona.com\\\/actualidad\\\/wp-content\\\/uploads\\\/2018\\\/05\\\/palacio-condestable.jpg\",\"width\":950,\"height\":634,\"caption\":\"civivox condestable\"},{\"@type\":\"BreadcrumbList\",\"@id\":\"https:\\\/\\\/www.laguiadepamplona.com\\\/actualidad\\\/a-lo-largo-del-mes-de-septiembre-los-distintos-servicios-y-recursos-municipales-han-ido-recuperando-sus-horarios-de-invierno\\\/#breadcrumb\",\"itemListElement\":[{\"@type\":\"ListItem\",\"position\":1,\"name\":\"Portada\",\"item\":\"https:\\\/\\\/www.laguiadepamplona.com\\\/actualidad\\\/\"},{\"@type\":\"ListItem\",\"position\":2,\"name\":\"A lo largo del mes de septiembre los distintos servicios y recursos municipales han ido recuperando sus horarios de invierno\"}]},{\"@type\":\"WebSite\",\"@id\":\"https:\\\/\\\/www.laguiadepamplona.com\\\/actualidad\\\/#website\",\"url\":\"https:\\\/\\\/www.laguiadepamplona.com\\\/actualidad\\\/\",\"name\":\"La gu\u00eda de Pamplona\",\"description\":\"Noticias de Pamplona\",\"publisher\":{\"@id\":\"https:\\\/\\\/www.laguiadepamplona.com\\\/actualidad\\\/#organization\"},\"potentialAction\":[{\"@type\":\"SearchAction\",\"target\":{\"@type\":\"EntryPoint\",\"urlTemplate\":\"https:\\\/\\\/www.laguiadepamplona.com\\\/actualidad\\\/?s={search_term_string}\"},\"query-input\":{\"@type\":\"PropertyValueSpecification\",\"valueRequired\":true,\"valueName\":\"search_term_string\"}}],\"inLanguage\":\"es\"},{\"@type\":\"Organization\",\"@id\":\"https:\\\/\\\/www.laguiadepamplona.com\\\/actualidad\\\/#organization\",\"name\":\"La Gu\u00eda de Pamplona \\\/ Noticias\",\"url\":\"https:\\\/\\\/www.laguiadepamplona.com\\\/actualidad\\\/\",\"logo\":{\"@type\":\"ImageObject\",\"inLanguage\":\"es\",\"@id\":\"https:\\\/\\\/www.laguiadepamplona.com\\\/actualidad\\\/#\\\/schema\\\/logo\\\/image\\\/\",\"url\":\"https:\\\/\\\/www.laguiadepamplona.com\\\/actualidad\\\/wp-content\\\/uploads\\\/2018\\\/11\\\/logo-laguiadepamplona18-web1.png\",\"contentUrl\":\"https:\\\/\\\/www.laguiadepamplona.com\\\/actualidad\\\/wp-content\\\/uploads\\\/2018\\\/11\\\/logo-laguiadepamplona18-web1.png\",\"width\":600,\"height\":196,\"caption\":\"La Gu\u00eda de Pamplona \\\/ Noticias\"},\"image\":{\"@id\":\"https:\\\/\\\/www.laguiadepamplona.com\\\/actualidad\\\/#\\\/schema\\\/logo\\\/image\\\/\"},\"sameAs\":[\"https:\\\/\\\/www.facebook.com\\\/laguiadepamplonacom-133175176762273\\\/?ref=hl\",\"https:\\\/\\\/x.com\\\/LaGuiadPamplona\",\"https:\\\/\\\/www.instagram.com\\\/la_guia_de_pamplona\\\/\",\"https:\\\/\\\/www.youtube.com\\\/user\\\/laguiadepamplona\"]},{\"@type\":\"Person\",\"@id\":\"https:\\\/\\\/www.laguiadepamplona.com\\\/actualidad\\\/#\\\/schema\\\/person\\\/efe887376f0213d4657c93adc50b1fdb\",\"name\":\"La Gu\u00eda de Pamplona\",\"image\":{\"@type\":\"ImageObject\",\"inLanguage\":\"es\",\"@id\":\"https:\\\/\\\/secure.gravatar.com\\\/avatar\\\/b6992f131dc8d30ab0dff15446e9d346d9dbd95992de0fef795073f5ea83a81c?s=96&d=mm&r=g\",\"url\":\"https:\\\/\\\/secure.gravatar.com\\\/avatar\\\/b6992f131dc8d30ab0dff15446e9d346d9dbd95992de0fef795073f5ea83a81c?s=96&d=mm&r=g\",\"contentUrl\":\"https:\\\/\\\/secure.gravatar.com\\\/avatar\\\/b6992f131dc8d30ab0dff15446e9d346d9dbd95992de0fef795073f5ea83a81c?s=96&d=mm&r=g\",\"caption\":\"La Gu\u00eda de Pamplona\"}}]}<\/script>\n<!-- \/ Yoast SEO plugin. -->","yoast_head_json":{"title":"A lo largo del mes de septiembre los distintos servicios y recursos municipales han ido recuperando sus horarios de invierno","robots":{"index":"index","follow":"follow","max-snippet":"max-snippet:-1","max-image-preview":"max-image-preview:large","max-video-preview":"max-video-preview:-1"},"canonical":"https:\/\/www.laguiadepamplona.com\/actualidad\/a-lo-largo-del-mes-de-septiembre-los-distintos-servicios-y-recursos-municipales-han-ido-recuperando-sus-horarios-de-invierno\/","og_locale":"es_ES","og_type":"article","og_title":"A lo largo del mes de septiembre los distintos servicios y recursos municipales han ido recuperando sus horarios de invierno","og_url":"https:\/\/www.laguiadepamplona.com\/actualidad\/a-lo-largo-del-mes-de-septiembre-los-distintos-servicios-y-recursos-municipales-han-ido-recuperando-sus-horarios-de-invierno\/","og_site_name":"La Gu\u00eda de Pamplona","article_publisher":"https:\/\/www.facebook.com\/laguiadepamplonacom-133175176762273\/?ref=hl","article_published_time":"2019-09-24T13:33:14+00:00","article_modified_time":"2019-09-24T13:33:25+00:00","og_image":[{"width":950,"height":634,"url":"https:\/\/www.laguiadepamplona.com\/actualidad\/wp-content\/uploads\/2018\/05\/palacio-condestable.jpg","type":"image\/jpeg"}],"author":"La Gu\u00eda de Pamplona","twitter_card":"summary_large_image","twitter_creator":"@LaGuiadPamplona","twitter_site":"@LaGuiadPamplona","twitter_misc":{"Escrito por":"La Gu\u00eda de Pamplona","Tiempo de lectura":"2 minutos"},"schema":{"@context":"https:\/\/schema.org","@graph":[{"@type":"Article","@id":"https:\/\/www.laguiadepamplona.com\/actualidad\/a-lo-largo-del-mes-de-septiembre-los-distintos-servicios-y-recursos-municipales-han-ido-recuperando-sus-horarios-de-invierno\/#article","isPartOf":{"@id":"https:\/\/www.laguiadepamplona.com\/actualidad\/a-lo-largo-del-mes-de-septiembre-los-distintos-servicios-y-recursos-municipales-han-ido-recuperando-sus-horarios-de-invierno\/"},"author":{"name":"La Gu\u00eda de Pamplona","@id":"https:\/\/www.laguiadepamplona.com\/actualidad\/#\/schema\/person\/efe887376f0213d4657c93adc50b1fdb"},"headline":"A lo largo del mes de septiembre los distintos servicios y recursos municipales han ido recuperando sus horarios de invierno","datePublished":"2019-09-24T13:33:14+00:00","dateModified":"2019-09-24T13:33:25+00:00","mainEntityOfPage":{"@id":"https:\/\/www.laguiadepamplona.com\/actualidad\/a-lo-largo-del-mes-de-septiembre-los-distintos-servicios-y-recursos-municipales-han-ido-recuperando-sus-horarios-de-invierno\/"},"wordCount":414,"commentCount":0,"publisher":{"@id":"https:\/\/www.laguiadepamplona.com\/actualidad\/#organization"},"image":{"@id":"https:\/\/www.laguiadepamplona.com\/actualidad\/a-lo-largo-del-mes-de-septiembre-los-distintos-servicios-y-recursos-municipales-han-ido-recuperando-sus-horarios-de-invierno\/#primaryimage"},"thumbnailUrl":"https:\/\/www.laguiadepamplona.com\/actualidad\/wp-content\/uploads\/2018\/05\/palacio-condestable.jpg","articleSection":["Ayto Pamplona"],"inLanguage":"es","potentialAction":[{"@type":"CommentAction","name":"Comment","target":["https:\/\/www.laguiadepamplona.com\/actualidad\/a-lo-largo-del-mes-de-septiembre-los-distintos-servicios-y-recursos-municipales-han-ido-recuperando-sus-horarios-de-invierno\/#respond"]}]},{"@type":"WebPage","@id":"https:\/\/www.laguiadepamplona.com\/actualidad\/a-lo-largo-del-mes-de-septiembre-los-distintos-servicios-y-recursos-municipales-han-ido-recuperando-sus-horarios-de-invierno\/","url":"https:\/\/www.laguiadepamplona.com\/actualidad\/a-lo-largo-del-mes-de-septiembre-los-distintos-servicios-y-recursos-municipales-han-ido-recuperando-sus-horarios-de-invierno\/","name":"A lo largo del mes de septiembre los distintos servicios y recursos municipales han ido recuperando sus horarios de invierno","isPartOf":{"@id":"https:\/\/www.laguiadepamplona.com\/actualidad\/#website"},"primaryImageOfPage":{"@id":"https:\/\/www.laguiadepamplona.com\/actualidad\/a-lo-largo-del-mes-de-septiembre-los-distintos-servicios-y-recursos-municipales-han-ido-recuperando-sus-horarios-de-invierno\/#primaryimage"},"image":{"@id":"https:\/\/www.laguiadepamplona.com\/actualidad\/a-lo-largo-del-mes-de-septiembre-los-distintos-servicios-y-recursos-municipales-han-ido-recuperando-sus-horarios-de-invierno\/#primaryimage"},"thumbnailUrl":"https:\/\/www.laguiadepamplona.com\/actualidad\/wp-content\/uploads\/2018\/05\/palacio-condestable.jpg","datePublished":"2019-09-24T13:33:14+00:00","dateModified":"2019-09-24T13:33:25+00:00","breadcrumb":{"@id":"https:\/\/www.laguiadepamplona.com\/actualidad\/a-lo-largo-del-mes-de-septiembre-los-distintos-servicios-y-recursos-municipales-han-ido-recuperando-sus-horarios-de-invierno\/#breadcrumb"},"inLanguage":"es","potentialAction":[{"@type":"ReadAction","target":["https:\/\/www.laguiadepamplona.com\/actualidad\/a-lo-largo-del-mes-de-septiembre-los-distintos-servicios-y-recursos-municipales-han-ido-recuperando-sus-horarios-de-invierno\/"]}]},{"@type":"ImageObject","inLanguage":"es","@id":"https:\/\/www.laguiadepamplona.com\/actualidad\/a-lo-largo-del-mes-de-septiembre-los-distintos-servicios-y-recursos-municipales-han-ido-recuperando-sus-horarios-de-invierno\/#primaryimage","url":"https:\/\/www.laguiadepamplona.com\/actualidad\/wp-content\/uploads\/2018\/05\/palacio-condestable.jpg","contentUrl":"https:\/\/www.laguiadepamplona.com\/actualidad\/wp-content\/uploads\/2018\/05\/palacio-condestable.jpg","width":950,"height":634,"caption":"civivox condestable"},{"@type":"BreadcrumbList","@id":"https:\/\/www.laguiadepamplona.com\/actualidad\/a-lo-largo-del-mes-de-septiembre-los-distintos-servicios-y-recursos-municipales-han-ido-recuperando-sus-horarios-de-invierno\/#breadcrumb","itemListElement":[{"@type":"ListItem","position":1,"name":"Portada","item":"https:\/\/www.laguiadepamplona.com\/actualidad\/"},{"@type":"ListItem","position":2,"name":"A lo largo del mes de septiembre los distintos servicios y recursos municipales han ido recuperando sus horarios de invierno"}]},{"@type":"WebSite","@id":"https:\/\/www.laguiadepamplona.com\/actualidad\/#website","url":"https:\/\/www.laguiadepamplona.com\/actualidad\/","name":"La gu\u00eda de Pamplona","description":"Noticias de Pamplona","publisher":{"@id":"https:\/\/www.laguiadepamplona.com\/actualidad\/#organization"},"potentialAction":[{"@type":"SearchAction","target":{"@type":"EntryPoint","urlTemplate":"https:\/\/www.laguiadepamplona.com\/actualidad\/?s={search_term_string}"},"query-input":{"@type":"PropertyValueSpecification","valueRequired":true,"valueName":"search_term_string"}}],"inLanguage":"es"},{"@type":"Organization","@id":"https:\/\/www.laguiadepamplona.com\/actualidad\/#organization","name":"La Gu\u00eda de Pamplona \/ Noticias","url":"https:\/\/www.laguiadepamplona.com\/actualidad\/","logo":{"@type":"ImageObject","inLanguage":"es","@id":"https:\/\/www.laguiadepamplona.com\/actualidad\/#\/schema\/logo\/image\/","url":"https:\/\/www.laguiadepamplona.com\/actualidad\/wp-content\/uploads\/2018\/11\/logo-laguiadepamplona18-web1.png","contentUrl":"https:\/\/www.laguiadepamplona.com\/actualidad\/wp-content\/uploads\/2018\/11\/logo-laguiadepamplona18-web1.png","width":600,"height":196,"caption":"La Gu\u00eda de Pamplona \/ Noticias"},"image":{"@id":"https:\/\/www.laguiadepamplona.com\/actualidad\/#\/schema\/logo\/image\/"},"sameAs":["https:\/\/www.facebook.com\/laguiadepamplonacom-133175176762273\/?ref=hl","https:\/\/x.com\/LaGuiadPamplona","https:\/\/www.instagram.com\/la_guia_de_pamplona\/","https:\/\/www.youtube.com\/user\/laguiadepamplona"]},{"@type":"Person","@id":"https:\/\/www.laguiadepamplona.com\/actualidad\/#\/schema\/person\/efe887376f0213d4657c93adc50b1fdb","name":"La Gu\u00eda de Pamplona","image":{"@type":"ImageObject","inLanguage":"es","@id":"https:\/\/secure.gravatar.com\/avatar\/b6992f131dc8d30ab0dff15446e9d346d9dbd95992de0fef795073f5ea83a81c?s=96&d=mm&r=g","url":"https:\/\/secure.gravatar.com\/avatar\/b6992f131dc8d30ab0dff15446e9d346d9dbd95992de0fef795073f5ea83a81c?s=96&d=mm&r=g","contentUrl":"https:\/\/secure.gravatar.com\/avatar\/b6992f131dc8d30ab0dff15446e9d346d9dbd95992de0fef795073f5ea83a81c?s=96&d=mm&r=g","caption":"La Gu\u00eda de Pamplona"}}]}},"post_mailing_queue_ids":[],"_links":{"self":[{"href":"https:\/\/www.laguiadepamplona.com\/actualidad\/wp-json\/wp\/v2\/posts\/24618","targetHints":{"allow":["GET"]}}],"collection":[{"href":"https:\/\/www.laguiadepamplona.com\/actualidad\/wp-json\/wp\/v2\/posts"}],"about":[{"href":"https:\/\/www.laguiadepamplona.com\/actualidad\/wp-json\/wp\/v2\/types\/post"}],"author":[{"embeddable":true,"href":"https:\/\/www.laguiadepamplona.com\/actualidad\/wp-json\/wp\/v2\/users\/1"}],"replies":[{"embeddable":true,"href":"https:\/\/www.laguiadepamplona.com\/actualidad\/wp-json\/wp\/v2\/comments?post=24618"}],"version-history":[{"count":0,"href":"https:\/\/www.laguiadepamplona.com\/actualidad\/wp-json\/wp\/v2\/posts\/24618\/revisions"}],"wp:featuredmedia":[{"embeddable":true,"href":"https:\/\/www.laguiadepamplona.com\/actualidad\/wp-json\/wp\/v2\/media\/17390"}],"wp:attachment":[{"href":"https:\/\/www.laguiadepamplona.com\/actualidad\/wp-json\/wp\/v2\/media?parent=24618"}],"wp:term":[{"taxonomy":"category","embeddable":true,"href":"https:\/\/www.laguiadepamplona.com\/actualidad\/wp-json\/wp\/v2\/categories?post=24618"},{"taxonomy":"post_tag","embeddable":true,"href":"https:\/\/www.laguiadepamplona.com\/actualidad\/wp-json\/wp\/v2\/tags?post=24618"}],"curies":[{"name":"wp","href":"https:\/\/api.w.org\/{rel}","templated":true}]}}